{"id":539378,"date":"2024-12-13T12:21:02","date_gmt":"2024-12-13T11:21:02","guid":{"rendered":"https:\/\/dicodusport.fr\/blog\/?p=539378&#038;preview=true&#038;preview_id=539378"},"modified":"2024-12-13T19:08:53","modified_gmt":"2024-12-13T18:08:53","slug":"mathieu-van-der-poel-son-programme-de-cyclo-cross-devoile","status":"publish","type":"post","link":"https:\/\/dicodusport.fr\/blog\/mathieu-van-der-poel-son-programme-de-cyclo-cross-devoile\/","title":{"rendered":"Mathieu van der Poel : Son programme de cyclo-cross d\u00e9voil\u00e9"},"content":{"rendered":"<h4 style=\"text-align: justify;\"><i>CYCLO-CROSS &#8211; Champion du monde en titre, Mathieu van der Poel a d\u00e9voil\u00e9 son calendrier de l&rsquo;hiver 2024-2025. Le N\u00e9erlandais disputera 11 \u00e9preuves, dont les championnats du monde de Li\u00e9vin.<\/i><\/h4>\n<ul style=\"text-align: justify;\">\n<li style=\"text-align: justify;\"><strong>\u00c0 ce sujet &#8211;\u00a0<a href=\"https:\/\/dicodusport.fr\/blog\/calendrier-et-resultats-coupe-du-monde-cyclo-cross-2024-2025\/\">Calendrier et r\u00e9sultats de la Coupe du monde de Cyclo-cross 2024<\/a><\/strong><\/li>\n<\/ul>\n<p style=\"text-align: justify;\">La semaine derni\u00e8re, <strong>Wout Van Aert<\/strong> avait \u00e9t\u00e9 le premier des deux \u00e9pouvantails \u00e0 officialiser son calendrier hivernal. Le Belge prendra ainsi part \u00e0 six courses. On attendait donc de savoir quel serait le programme choisi par son \u00e9ternel rival, <strong>Mathieu van der Poel<\/strong>. La r\u00e9ponse est arriv\u00e9e ce vendredi, et les fans de cyclo-cross peuvent se r\u00e9jouir : le champion du monde en titre n&rsquo;a pas l&rsquo;intention de ch\u00f4mer.<\/p>\n<ul style=\"text-align: justify;\">\n<li style=\"text-align: justify;\"><strong>\u00c0 ce sujet \u2013 <a href=\"https:\/\/dicodusport.fr\/blog\/classement-general-hommes-coupe-du-monde-de-cyclo-cross-2024-2025\/\">Classement g\u00e9n\u00e9ral hommes Coupe du monde de cyclo-cross 2024-2025<\/a><\/strong><\/li>\n<\/ul>\n<p style=\"text-align: justify;\">Ce dernier effectuera son retour \u00e0 la comp\u00e9tition juste avant No\u00ebl, lors de la manche de coupe du monde de <strong>Zonhoven<\/strong>, en Belgique. Durant quarante jours, il va multiplier les courses (11 en tout), en particulier en Belgique, pour mener jusqu&rsquo;\u00e0 l&rsquo;objectif principal : les <strong>championnats du monde de Li\u00e9vin<\/strong> (2 f\u00e9vrier). Double tenant du titre, van der Poel, vise une septi\u00e8me couronne dans le nord de la France. Par ailleurs, il effectuera un autre passage dans l&rsquo;hexagone \u00e0 l&rsquo;occasion de la coupe du monde de <strong>Besan\u00e7on<\/strong> (29 d\u00e9cembre).<\/p>\n<h2 style=\"text-align: justify;\">Le programme de Mathieu van der Poel en cyclo-cross<\/h2>\n<p style=\"text-align: justify;\">\u2705 Zonhoven (22\/12)<br \/>\n\u2705 Mol (23\/12)<br \/>\n\u2705 Gavere (26\/12)<br \/>\n\u2705 Loenhout (27\/12)<br \/>\n\u2705 Besan\u00e7on (29\/12)<br \/>\n\u2705 Baal (1\/1)<br \/>\n\u2705 Koksijde (3\/1)<br \/>\n\u2705 Dendermonde (5\/1)<br \/>\n\u2705 Maasmechelen (25\/1)<br \/>\n\u2705 Hoogerheide (26\/1)<br \/>\n\u2705 Mondiaux \u00e0 Li\u00e9vin (2\/2)<\/p>\n<blockquote class=\"twitter-tweet\">\n<p dir=\"ltr\" lang=\"fr\">Mathieu van der Poel participera \u00e0 11 cyclo-cross cet hiver et d\u00e9fendra son titre de champion du monde \u00e0 Li\u00e9vin (France), o\u00f9 il aura l\u2019occasion d\u2019\u00eatre sacr\u00e9 pour la 7e fois ! Le N\u00e9erlandais reprendra le 22 d\u00e9cembre et sera en confrontation avec Wout Van Aert \u00e0 4 reprises. <a href=\"https:\/\/t.co\/7d7oO9OFcV\">pic.twitter.com\/7d7oO9OFcV<\/a><\/p>\n<p>\u2014 Le Gruppetto (@LeGruppetto) <a href=\"https:\/\/twitter.com\/LeGruppetto\/status\/1867525624388284519?ref_src=twsrc%5Etfw\">December 13, 2024<\/a><\/p><\/blockquote>\n<p><script async src=\"https:\/\/platform.twitter.com\/widgets.js\" charset=\"utf-8\"><\/script><\/p>\n","protected":false},"excerpt":{"rendered":"<p>CYCLO-CROSS &#8211; Champion du monde en titre, Mathieu van der Poel a d\u00e9voil\u00e9 son calendrier de l&rsquo;hiver 2024-2025. Le N\u00e9erlandais disputera 11 \u00e9preuves, dont les championnats du monde de Li\u00e9vin.<\/p>\n","protected":false},"author":55,"featured_media":539382,"comment_status":"open","ping_status":"closed","sticky":false,"template":"","format":"standard","meta":{"_acf_changed":false,"_daextam_enable_autolinks":"1","footnotes":""},"categories":[9611],"tags":[16878,1530,6666,6597],"class_list":["post-539378","post","type-post","status-publish","format-standard","has-post-thumbnail","hentry","category-cyclo-cross","tag-breve","tag-coupe-du-monde","tag-cyclo-cross","tag-mathieu-van-der-poel"],"acf":[],"yoast_head":"<!-- This site is optimized with the Yoast SEO Premium plugin v26.7 (Yoast SEO v26.7) - https:\/\/yoast.com\/wordpress\/plugins\/seo\/ -->\n<title>Mathieu van der Poel : Son programme de cyclo-cross d\u00e9voil\u00e9<\/title>\n<meta name=\"description\" content=\"CYCLO-CROSS - Le calendrier de l&#039;hiver de Mathieu van der Poel a \u00e9t\u00e9 d\u00e9voil\u00e9, avec notamment les championnats du monde ne France.\" \/>\n<meta name=\"robots\" content=\"index, follow, max-snippet:-1, max-image-preview:large, max-video-preview:-1\" \/>\n<link rel=\"canonical\" href=\"https:\/\/dicodusport.fr\/blog\/mathieu-van-der-poel-son-programme-de-cyclo-cross-devoile\/\" \/>\n<meta property=\"og:locale\" content=\"fr_FR\" \/>\n<meta property=\"og:type\" content=\"article\" \/>\n<meta property=\"og:title\" content=\"Mathieu van der Poel : Son programme de cyclo-cross d\u00e9voil\u00e9\" \/>\n<meta property=\"og:description\" content=\"CYCLO-CROSS - Le calendrier de l&#039;hiver de Mathieu van der Poel a \u00e9t\u00e9 d\u00e9voil\u00e9, avec notamment les championnats du monde ne France.\" \/>\n<meta property=\"og:url\" content=\"https:\/\/dicodusport.fr\/blog\/mathieu-van-der-poel-son-programme-de-cyclo-cross-devoile\/\" \/>\n<meta property=\"og:site_name\" content=\"Dicodusport\" \/>\n<meta property=\"article:publisher\" content=\"https:\/\/www.facebook.com\/dicodusport\" \/>\n<meta property=\"article:published_time\" content=\"2024-12-13T11:21:02+00:00\" \/>\n<meta property=\"article:modified_time\" content=\"2024-12-13T18:08:53+00:00\" \/>\n<meta property=\"og:image\" content=\"https:\/\/dicodusport.fr\/blog\/wp-content\/uploads\/2024\/12\/VDP.png\" \/>\n\t<meta property=\"og:image:width\" content=\"1200\" \/>\n\t<meta property=\"og:image:height\" content=\"674\" \/>\n\t<meta property=\"og:image:type\" content=\"image\/png\" \/>\n<meta name=\"author\" content=\"Maxime Cazenave\" \/>\n<meta name=\"twitter:card\" content=\"summary_large_image\" \/>\n<meta name=\"twitter:title\" content=\"Mathieu van der Poel : Son programme de cyclo-cross d\u00e9voil\u00e9\" \/>\n<meta name=\"twitter:creator\" content=\"@https:\/\/twitter.com\/Maxime_Caze\" \/>\n<meta name=\"twitter:site\" content=\"@dicodusport\" \/>\n<script type=\"application\/ld+json\" class=\"yoast-schema-graph\">{\"@context\":\"https:\/\/schema.org\",\"@graph\":[{\"@type\":\"NewsArticle\",\"@id\":\"https:\/\/dicodusport.fr\/blog\/mathieu-van-der-poel-son-programme-de-cyclo-cross-devoile\/#article\",\"isPartOf\":{\"@id\":\"https:\/\/dicodusport.fr\/blog\/mathieu-van-der-poel-son-programme-de-cyclo-cross-devoile\/\"},\"author\":{\"name\":\"Maxime Cazenave\",\"@id\":\"https:\/\/dicodusport.fr\/blog\/#\/schema\/person\/37def232098a7a5cbab3974a3690abb0\"},\"headline\":\"Mathieu van der Poel : Son programme de cyclo-cross d\u00e9voil\u00e9\",\"datePublished\":\"2024-12-13T11:21:02+00:00\",\"dateModified\":\"2024-12-13T18:08:53+00:00\",\"mainEntityOfPage\":{\"@id\":\"https:\/\/dicodusport.fr\/blog\/mathieu-van-der-poel-son-programme-de-cyclo-cross-devoile\/\"},\"wordCount\":318,\"commentCount\":0,\"publisher\":{\"@id\":\"https:\/\/dicodusport.fr\/blog\/#organization\"},\"image\":{\"@id\":\"https:\/\/dicodusport.fr\/blog\/mathieu-van-der-poel-son-programme-de-cyclo-cross-devoile\/#primaryimage\"},\"thumbnailUrl\":\"https:\/\/dicodusport.fr\/blog\/wp-content\/uploads\/2024\/12\/VDP.png\",\"keywords\":[\"br\u00e8ve\",\"Coupe du monde\",\"Cyclo-cross\",\"Mathieu van der Poel\"],\"articleSection\":[\"Cyclo-cross\"],\"inLanguage\":\"fr-FR\",\"potentialAction\":[{\"@type\":\"CommentAction\",\"name\":\"Comment\",\"target\":[\"https:\/\/dicodusport.fr\/blog\/mathieu-van-der-poel-son-programme-de-cyclo-cross-devoile\/#respond\"]}],\"copyrightYear\":\"2024\",\"copyrightHolder\":{\"@id\":\"https:\/\/dicodusport.fr\/blog\/#organization\"}},{\"@type\":\"WebPage\",\"@id\":\"https:\/\/dicodusport.fr\/blog\/mathieu-van-der-poel-son-programme-de-cyclo-cross-devoile\/\",\"url\":\"https:\/\/dicodusport.fr\/blog\/mathieu-van-der-poel-son-programme-de-cyclo-cross-devoile\/\",\"name\":\"Mathieu van der Poel : Son programme de cyclo-cross d\u00e9voil\u00e9\",\"isPartOf\":{\"@id\":\"https:\/\/dicodusport.fr\/blog\/#website\"},\"primaryImageOfPage\":{\"@id\":\"https:\/\/dicodusport.fr\/blog\/mathieu-van-der-poel-son-programme-de-cyclo-cross-devoile\/#primaryimage\"},\"image\":{\"@id\":\"https:\/\/dicodusport.fr\/blog\/mathieu-van-der-poel-son-programme-de-cyclo-cross-devoile\/#primaryimage\"},\"thumbnailUrl\":\"https:\/\/dicodusport.fr\/blog\/wp-content\/uploads\/2024\/12\/VDP.png\",\"datePublished\":\"2024-12-13T11:21:02+00:00\",\"dateModified\":\"2024-12-13T18:08:53+00:00\",\"description\":\"CYCLO-CROSS - Le calendrier de l'hiver de Mathieu van der Poel a \u00e9t\u00e9 d\u00e9voil\u00e9, avec notamment les championnats du monde ne France.\",\"breadcrumb\":{\"@id\":\"https:\/\/dicodusport.fr\/blog\/mathieu-van-der-poel-son-programme-de-cyclo-cross-devoile\/#breadcrumb\"},\"inLanguage\":\"fr-FR\",\"potentialAction\":[{\"@type\":\"ReadAction\",\"target\":[\"https:\/\/dicodusport.fr\/blog\/mathieu-van-der-poel-son-programme-de-cyclo-cross-devoile\/\"]}]},{\"@type\":\"ImageObject\",\"inLanguage\":\"fr-FR\",\"@id\":\"https:\/\/dicodusport.fr\/blog\/mathieu-van-der-poel-son-programme-de-cyclo-cross-devoile\/#primaryimage\",\"url\":\"https:\/\/dicodusport.fr\/blog\/wp-content\/uploads\/2024\/12\/VDP.png\",\"contentUrl\":\"https:\/\/dicodusport.fr\/blog\/wp-content\/uploads\/2024\/12\/VDP.png\",\"width\":1200,\"height\":674,\"caption\":\"Cyclo-cross Maasmechelen 2025 Mathieu van der Poel domine Wout Van Aert\"},{\"@type\":\"BreadcrumbList\",\"@id\":\"https:\/\/dicodusport.fr\/blog\/mathieu-van-der-poel-son-programme-de-cyclo-cross-devoile\/#breadcrumb\",\"itemListElement\":[{\"@type\":\"ListItem\",\"position\":1,\"name\":\"Accueil\",\"item\":\"https:\/\/dicodusport.fr\/blog\/\"},{\"@type\":\"ListItem\",\"position\":2,\"name\":\"Mathieu van der Poel : Son programme de cyclo-cross d\u00e9voil\u00e9\"}]},{\"@type\":\"WebSite\",\"@id\":\"https:\/\/dicodusport.fr\/blog\/#website\",\"url\":\"https:\/\/dicodusport.fr\/blog\/\",\"name\":\"Dicodusport\",\"description\":\"L&#039;encyclop\u00e9die de l&#039;actualit\u00e9 sportive\",\"publisher\":{\"@id\":\"https:\/\/dicodusport.fr\/blog\/#organization\"},\"potentialAction\":[{\"@type\":\"SearchAction\",\"target\":{\"@type\":\"EntryPoint\",\"urlTemplate\":\"https:\/\/dicodusport.fr\/blog\/?s={search_term_string}\"},\"query-input\":{\"@type\":\"PropertyValueSpecification\",\"valueRequired\":true,\"valueName\":\"search_term_string\"}}],\"inLanguage\":\"fr-FR\"},{\"@type\":\"NewsMediaOrganization\",\"@id\":\"https:\/\/dicodusport.fr\/blog\/#organization\",\"name\":\"Dicodusport\",\"url\":\"https:\/\/dicodusport.fr\/blog\/\",\"logo\":{\"@type\":\"ImageObject\",\"inLanguage\":\"fr-FR\",\"@id\":\"https:\/\/dicodusport.fr\/blog\/#\/schema\/logo\/image\/\",\"url\":\"https:\/\/dicodusport.fr\/blog\/wp-content\/uploads\/2020\/06\/cropped-LOGO-DICODUSPORT-2020-SANS-FOND-SANS-TEXTE.png\",\"contentUrl\":\"https:\/\/dicodusport.fr\/blog\/wp-content\/uploads\/2020\/06\/cropped-LOGO-DICODUSPORT-2020-SANS-FOND-SANS-TEXTE.png\",\"width\":512,\"height\":512,\"caption\":\"Dicodusport\"},\"image\":{\"@id\":\"https:\/\/dicodusport.fr\/blog\/#\/schema\/logo\/image\/\"},\"sameAs\":[\"https:\/\/www.facebook.com\/dicodusport\",\"https:\/\/x.com\/dicodusport\",\"https:\/\/www.instagram.com\/dicodusport\/\",\"https:\/\/www.youtube.com\/channel\/UC7V2KZ5sd3htJivAbA4ZG3w\"],\"description\":\"Dicodusport est l'encyclop\u00e9die de l'actualit\u00e9 sportive.\",\"email\":\"bonjour@dicodusport.fr\",\"legalName\":\"DICODUSPORT\",\"foundingDate\":\"2018-01-14\",\"vatID\":\"FR71834470973\",\"taxID\":\"83447097300043\",\"numberOfEmployees\":{\"@type\":\"QuantitativeValue\",\"minValue\":\"1\",\"maxValue\":\"10\"}},{\"@type\":\"Person\",\"@id\":\"https:\/\/dicodusport.fr\/blog\/#\/schema\/person\/37def232098a7a5cbab3974a3690abb0\",\"name\":\"Maxime Cazenave\",\"image\":{\"@type\":\"ImageObject\",\"inLanguage\":\"fr-FR\",\"@id\":\"https:\/\/dicodusport.fr\/blog\/#\/schema\/person\/image\/\",\"url\":\"https:\/\/dicodusport.fr\/blog\/wp-content\/uploads\/2021\/05\/Maxime-Cazenave-150x150.jpg\",\"contentUrl\":\"https:\/\/dicodusport.fr\/blog\/wp-content\/uploads\/2021\/05\/Maxime-Cazenave-150x150.jpg\",\"caption\":\"Maxime Cazenave\"},\"description\":\"Journaliste\/R\u00e9dacteur depuis 2012 - Berc\u00e9 par l\u2019amour des Girondins de Bordeaux, les \u00e9checs de Christophe Moreau sur le Tour de France sous l'\u00e8re Lance Armstrong et le fade-away l\u00e9tal de Dirk Nowitzki, ma passion d\u00e9vorante pour le sport a toujours \u00e9t\u00e9 un pan incontournable de ma vie. Transmettre ma passion \u00e0 l\u2019\u00e9crit a \u00e9t\u00e9 une transition naturelle. Suiveur assidu de basket et de hockey sur glace, je garde toujours un peu de place pour suivre le cyclisme, le football et le maximum de performances fran\u00e7aises.\",\"sameAs\":[\"https:\/\/x.com\/https:\/\/twitter.com\/Maxime_Caze\"],\"url\":\"https:\/\/dicodusport.fr\/blog\/author\/maximec\/\"}]}<\/script>\n<!-- \/ Yoast SEO Premium plugin. -->","yoast_head_json":{"title":"Mathieu van der Poel : Son programme de cyclo-cross d\u00e9voil\u00e9","description":"CYCLO-CROSS - Le calendrier de l'hiver de Mathieu van der Poel a \u00e9t\u00e9 d\u00e9voil\u00e9, avec notamment les championnats du monde ne France.","robots":{"index":"index","follow":"follow","max-snippet":"max-snippet:-1","max-image-preview":"max-image-preview:large","max-video-preview":"max-video-preview:-1"},"canonical":"https:\/\/dicodusport.fr\/blog\/mathieu-van-der-poel-son-programme-de-cyclo-cross-devoile\/","og_locale":"fr_FR","og_type":"article","og_title":"Mathieu van der Poel : Son programme de cyclo-cross d\u00e9voil\u00e9","og_description":"CYCLO-CROSS - Le calendrier de l'hiver de Mathieu van der Poel a \u00e9t\u00e9 d\u00e9voil\u00e9, avec notamment les championnats du monde ne France.","og_url":"https:\/\/dicodusport.fr\/blog\/mathieu-van-der-poel-son-programme-de-cyclo-cross-devoile\/","og_site_name":"Dicodusport","article_publisher":"https:\/\/www.facebook.com\/dicodusport","article_published_time":"2024-12-13T11:21:02+00:00","article_modified_time":"2024-12-13T18:08:53+00:00","og_image":[{"width":1200,"height":674,"url":"https:\/\/dicodusport.fr\/blog\/wp-content\/uploads\/2024\/12\/VDP.png","type":"image\/png"}],"author":"Maxime Cazenave","twitter_card":"summary_large_image","twitter_title":"Mathieu van der Poel : Son programme de cyclo-cross d\u00e9voil\u00e9","twitter_creator":"@https:\/\/twitter.com\/Maxime_Caze","twitter_site":"@dicodusport","schema":{"@context":"https:\/\/schema.org","@graph":[{"@type":"NewsArticle","@id":"https:\/\/dicodusport.fr\/blog\/mathieu-van-der-poel-son-programme-de-cyclo-cross-devoile\/#article","isPartOf":{"@id":"https:\/\/dicodusport.fr\/blog\/mathieu-van-der-poel-son-programme-de-cyclo-cross-devoile\/"},"author":{"name":"Maxime Cazenave","@id":"https:\/\/dicodusport.fr\/blog\/#\/schema\/person\/37def232098a7a5cbab3974a3690abb0"},"headline":"Mathieu van der Poel : Son programme de cyclo-cross d\u00e9voil\u00e9","datePublished":"2024-12-13T11:21:02+00:00","dateModified":"2024-12-13T18:08:53+00:00","mainEntityOfPage":{"@id":"https:\/\/dicodusport.fr\/blog\/mathieu-van-der-poel-son-programme-de-cyclo-cross-devoile\/"},"wordCount":318,"commentCount":0,"publisher":{"@id":"https:\/\/dicodusport.fr\/blog\/#organization"},"image":{"@id":"https:\/\/dicodusport.fr\/blog\/mathieu-van-der-poel-son-programme-de-cyclo-cross-devoile\/#primaryimage"},"thumbnailUrl":"https:\/\/dicodusport.fr\/blog\/wp-content\/uploads\/2024\/12\/VDP.png","keywords":["br\u00e8ve","Coupe du monde","Cyclo-cross","Mathieu van der Poel"],"articleSection":["Cyclo-cross"],"inLanguage":"fr-FR","potentialAction":[{"@type":"CommentAction","name":"Comment","target":["https:\/\/dicodusport.fr\/blog\/mathieu-van-der-poel-son-programme-de-cyclo-cross-devoile\/#respond"]}],"copyrightYear":"2024","copyrightHolder":{"@id":"https:\/\/dicodusport.fr\/blog\/#organization"}},{"@type":"WebPage","@id":"https:\/\/dicodusport.fr\/blog\/mathieu-van-der-poel-son-programme-de-cyclo-cross-devoile\/","url":"https:\/\/dicodusport.fr\/blog\/mathieu-van-der-poel-son-programme-de-cyclo-cross-devoile\/","name":"Mathieu van der Poel : Son programme de cyclo-cross d\u00e9voil\u00e9","isPartOf":{"@id":"https:\/\/dicodusport.fr\/blog\/#website"},"primaryImageOfPage":{"@id":"https:\/\/dicodusport.fr\/blog\/mathieu-van-der-poel-son-programme-de-cyclo-cross-devoile\/#primaryimage"},"image":{"@id":"https:\/\/dicodusport.fr\/blog\/mathieu-van-der-poel-son-programme-de-cyclo-cross-devoile\/#primaryimage"},"thumbnailUrl":"https:\/\/dicodusport.fr\/blog\/wp-content\/uploads\/2024\/12\/VDP.png","datePublished":"2024-12-13T11:21:02+00:00","dateModified":"2024-12-13T18:08:53+00:00","description":"CYCLO-CROSS - Le calendrier de l'hiver de Mathieu van der Poel a \u00e9t\u00e9 d\u00e9voil\u00e9, avec notamment les championnats du monde ne France.","breadcrumb":{"@id":"https:\/\/dicodusport.fr\/blog\/mathieu-van-der-poel-son-programme-de-cyclo-cross-devoile\/#breadcrumb"},"inLanguage":"fr-FR","potentialAction":[{"@type":"ReadAction","target":["https:\/\/dicodusport.fr\/blog\/mathieu-van-der-poel-son-programme-de-cyclo-cross-devoile\/"]}]},{"@type":"ImageObject","inLanguage":"fr-FR","@id":"https:\/\/dicodusport.fr\/blog\/mathieu-van-der-poel-son-programme-de-cyclo-cross-devoile\/#primaryimage","url":"https:\/\/dicodusport.fr\/blog\/wp-content\/uploads\/2024\/12\/VDP.png","contentUrl":"https:\/\/dicodusport.fr\/blog\/wp-content\/uploads\/2024\/12\/VDP.png","width":1200,"height":674,"caption":"Cyclo-cross Maasmechelen 2025 Mathieu van der Poel domine Wout Van Aert"},{"@type":"BreadcrumbList","@id":"https:\/\/dicodusport.fr\/blog\/mathieu-van-der-poel-son-programme-de-cyclo-cross-devoile\/#breadcrumb","itemListElement":[{"@type":"ListItem","position":1,"name":"Accueil","item":"https:\/\/dicodusport.fr\/blog\/"},{"@type":"ListItem","position":2,"name":"Mathieu van der Poel : Son programme de cyclo-cross d\u00e9voil\u00e9"}]},{"@type":"WebSite","@id":"https:\/\/dicodusport.fr\/blog\/#website","url":"https:\/\/dicodusport.fr\/blog\/","name":"Dicodusport","description":"L&#039;encyclop\u00e9die de l&#039;actualit\u00e9 sportive","publisher":{"@id":"https:\/\/dicodusport.fr\/blog\/#organization"},"potentialAction":[{"@type":"SearchAction","target":{"@type":"EntryPoint","urlTemplate":"https:\/\/dicodusport.fr\/blog\/?s={search_term_string}"},"query-input":{"@type":"PropertyValueSpecification","valueRequired":true,"valueName":"search_term_string"}}],"inLanguage":"fr-FR"},{"@type":"NewsMediaOrganization","@id":"https:\/\/dicodusport.fr\/blog\/#organization","name":"Dicodusport","url":"https:\/\/dicodusport.fr\/blog\/","logo":{"@type":"ImageObject","inLanguage":"fr-FR","@id":"https:\/\/dicodusport.fr\/blog\/#\/schema\/logo\/image\/","url":"https:\/\/dicodusport.fr\/blog\/wp-content\/uploads\/2020\/06\/cropped-LOGO-DICODUSPORT-2020-SANS-FOND-SANS-TEXTE.png","contentUrl":"https:\/\/dicodusport.fr\/blog\/wp-content\/uploads\/2020\/06\/cropped-LOGO-DICODUSPORT-2020-SANS-FOND-SANS-TEXTE.png","width":512,"height":512,"caption":"Dicodusport"},"image":{"@id":"https:\/\/dicodusport.fr\/blog\/#\/schema\/logo\/image\/"},"sameAs":["https:\/\/www.facebook.com\/dicodusport","https:\/\/x.com\/dicodusport","https:\/\/www.instagram.com\/dicodusport\/","https:\/\/www.youtube.com\/channel\/UC7V2KZ5sd3htJivAbA4ZG3w"],"description":"Dicodusport est l'encyclop\u00e9die de l'actualit\u00e9 sportive.","email":"bonjour@dicodusport.fr","legalName":"DICODUSPORT","foundingDate":"2018-01-14","vatID":"FR71834470973","taxID":"83447097300043","numberOfEmployees":{"@type":"QuantitativeValue","minValue":"1","maxValue":"10"}},{"@type":"Person","@id":"https:\/\/dicodusport.fr\/blog\/#\/schema\/person\/37def232098a7a5cbab3974a3690abb0","name":"Maxime Cazenave","image":{"@type":"ImageObject","inLanguage":"fr-FR","@id":"https:\/\/dicodusport.fr\/blog\/#\/schema\/person\/image\/","url":"https:\/\/dicodusport.fr\/blog\/wp-content\/uploads\/2021\/05\/Maxime-Cazenave-150x150.jpg","contentUrl":"https:\/\/dicodusport.fr\/blog\/wp-content\/uploads\/2021\/05\/Maxime-Cazenave-150x150.jpg","caption":"Maxime Cazenave"},"description":"Journaliste\/R\u00e9dacteur depuis 2012 - Berc\u00e9 par l\u2019amour des Girondins de Bordeaux, les \u00e9checs de Christophe Moreau sur le Tour de France sous l'\u00e8re Lance Armstrong et le fade-away l\u00e9tal de Dirk Nowitzki, ma passion d\u00e9vorante pour le sport a toujours \u00e9t\u00e9 un pan incontournable de ma vie. Transmettre ma passion \u00e0 l\u2019\u00e9crit a \u00e9t\u00e9 une transition naturelle. Suiveur assidu de basket et de hockey sur glace, je garde toujours un peu de place pour suivre le cyclisme, le football et le maximum de performances fran\u00e7aises.","sameAs":["https:\/\/x.com\/https:\/\/twitter.com\/Maxime_Caze"],"url":"https:\/\/dicodusport.fr\/blog\/author\/maximec\/"}]}},"_links":{"self":[{"href":"https:\/\/dicodusport.fr\/blog\/wp-json\/wp\/v2\/posts\/539378","targetHints":{"allow":["GET"]}}],"collection":[{"href":"https:\/\/dicodusport.fr\/blog\/wp-json\/wp\/v2\/posts"}],"about":[{"href":"https:\/\/dicodusport.fr\/blog\/wp-json\/wp\/v2\/types\/post"}],"author":[{"embeddable":true,"href":"https:\/\/dicodusport.fr\/blog\/wp-json\/wp\/v2\/users\/55"}],"replies":[{"embeddable":true,"href":"https:\/\/dicodusport.fr\/blog\/wp-json\/wp\/v2\/comments?post=539378"}],"version-history":[{"count":5,"href":"https:\/\/dicodusport.fr\/blog\/wp-json\/wp\/v2\/posts\/539378\/revisions"}],"predecessor-version":[{"id":539531,"href":"https:\/\/dicodusport.fr\/blog\/wp-json\/wp\/v2\/posts\/539378\/revisions\/539531"}],"wp:featuredmedia":[{"embeddable":true,"href":"https:\/\/dicodusport.fr\/blog\/wp-json\/wp\/v2\/media\/539382"}],"wp:attachment":[{"href":"https:\/\/dicodusport.fr\/blog\/wp-json\/wp\/v2\/media?parent=539378"}],"wp:term":[{"taxonomy":"category","embeddable":true,"href":"https:\/\/dicodusport.fr\/blog\/wp-json\/wp\/v2\/categories?post=539378"},{"taxonomy":"post_tag","embeddable":true,"href":"https:\/\/dicodusport.fr\/blog\/wp-json\/wp\/v2\/tags?post=539378"}],"curies":[{"name":"wp","href":"https:\/\/api.w.org\/{rel}","templated":true}]}}