{"id":539416,"date":"2024-12-13T14:27:26","date_gmt":"2024-12-13T13:27:26","guid":{"rendered":"https:\/\/dicodusport.fr\/blog\/?p=539416&#038;preview=true&#038;preview_id=539416"},"modified":"2024-12-13T14:27:26","modified_gmt":"2024-12-13T13:27:26","slug":"skicross-val-thorens-adam-kappacher-et-alex-fiva-vainqueurs-ex-aequo-terence-tchiknavorian-quatrieme","status":"publish","type":"post","link":"https:\/\/dicodusport.fr\/blog\/skicross-val-thorens-adam-kappacher-et-alex-fiva-vainqueurs-ex-aequo-terence-tchiknavorian-quatrieme\/","title":{"rendered":"Skicross Val Thorens : Adam Kappacher et Alex Fiva vainqueurs ex aequo, Terence Tchiknavorian quatri\u00e8me"},"content":{"rendered":"<h4 style=\"text-align: justify;\"><em>COUPE DE MONDE DE SKICROSS 2024\/2025 &#8211; Lors de la seconde manche de skicross \u00e0 Val Thorens, le Suisse Alex Fiva et l&rsquo;Autrichien Adam Kappacher se partagent les lauriers. Le Fran\u00e7ais Terence Tchiknavorian termine au pied du podium.<\/em><\/h4>\n<p style=\"text-align: justify;\">Beaucoup de vent \u00e0 2300m d&rsquo;altitude aujourd&rsquo;hui ont oblig\u00e9 les organisateurs \u00e0 revoir leur copie. Ainsi, ils ont d\u00fb raccourcir le parcours initialement pr\u00e9vu. Cela n&rsquo;a pas emp\u00each\u00e9 nos cinq Fran\u00e7ais engag\u00e9s de passer les qualifications, contrairement au vainqueur de la veille, l&rsquo;Italien <strong>Simone Deromedis<\/strong>, sorti d\u00e8s les huiti\u00e8mes de finale.<\/p>\n<p style=\"text-align: justify;\">Ensuite, en quart de finale, <strong>Terence Tchiknavorian<\/strong> se qualifie en compagnie du vainqueur du gros globe sortant, l&rsquo;Allemand <strong>Florian Wilsmann<\/strong>, \u00e0 l&rsquo;inverse de <strong>Romain Mari<\/strong>. Malgr\u00e9 un mauvais d\u00e9part, <strong>Youri Duplessis Kergomard<\/strong> le rejoignait en demi-finale \u00e0 l&rsquo;issue d&rsquo;un troisi\u00e8me quart de finale disput\u00e9 o\u00f9 il a effectu\u00e9 deux d\u00e9passements. Enfin, <strong>Alexis Jay<\/strong> et <strong>Melvin Tchiknavorian<\/strong>, victime d&rsquo;une sortie de piste, s&rsquo;arr\u00eataient \u00e0 ce stade \u00e9galement.<\/p>\n<div class=\"vlp-link-container vlp-layout-article\"><a href=\"https:\/\/dicodusport.fr\/blog\/skicross-val-thorens-simone-deromedis-remporte-la-premiere-etape-de-la-saison\/\" class=\"vlp-link\" title=\"Skicross Val Thorens : Simone Deromedis remporte la premi\u00e8re \u00e9tape de la saison\"><\/a><div class=\"vlp-layout-zone-side\"><div class=\"vlp-block-4 vlp-link-image\"><img loading=\"lazy\" decoding=\"async\" style=\"max-width: 792px;\" width=\"792\" height=\"445\" src=\"https:\/\/dicodusport.fr\/blog\/wp-content\/uploads\/2024\/12\/Deromedis.png\" class=\"attachment-800x445 size-800x445\" alt=\"Skicross Val Thorens : Simone Deromedis remporte la premi\u00e8re \u00e9tape de la saison\" srcset=\"https:\/\/dicodusport.fr\/blog\/wp-content\/uploads\/2024\/12\/Deromedis.png 1200w, https:\/\/dicodusport.fr\/blog\/wp-content\/uploads\/2024\/12\/Deromedis-300x169.png 300w, https:\/\/dicodusport.fr\/blog\/wp-content\/uploads\/2024\/12\/Deromedis-1024x575.png 1024w, https:\/\/dicodusport.fr\/blog\/wp-content\/uploads\/2024\/12\/Deromedis-768x431.png 768w\" sizes=\"auto, (max-width: 792px) 100vw, 792px\" \/><\/div><\/div><div class=\"vlp-layout-zone-main\"><div class=\"vlp-block-0 vlp-link-title\">Skicross Val Thorens : Simone Deromedis remporte la premi\u00e8re \u00e9tape de la saison<\/div><div class=\"vlp-block-1 vlp-link-summary\">SKICROSS VAL THORENS 2024\/2025 \u2013 Simone Deromedis s'est offert la premi\u00e8re manche de la saison \u00e0 Val Thorens, ce jeudi. L'Italien devance Florian Wilmsmann et Kevin Drury, qui compl\u00e8tent le podium. C\u00f4t\u00e9 Fran\u00e7ais, seul Melvin Tchiknavorian est parvenu \u00e0 se d\u00e9marquer en allant chercher une belle 6e place.<\/div><div class=\"vlp-block-2 vlp-link-button\">Lire l'article<\/div><div class=\"vlp-block-3 vlp-link-url\">dicodusport.fr<\/div><\/div><\/div>\n<h2 style=\"text-align: justify;\">Vainqueurs ex aequo, un fait unique<\/h2>\n<p style=\"text-align: justify;\">Au stade des demi-finales, <strong>Terence Tchiknavorian<\/strong> profitait de l&rsquo;accrochage entre Wilsmann et l&rsquo;Am\u00e9ricain <strong>Tyler Wallasch<\/strong> pour se hisser en finale. Dans la seconde, en revance, <strong>Youri Duplessis Kergomard<\/strong> abandonnait toute ambition sur chute \u00e9galement.<\/p>\n<p style=\"text-align: justify;\">Dans la grande finale, l&rsquo;Avignonnais n&rsquo;a malheureusement pas pu s&rsquo;exprimer face \u00e0 des adversaires plus rapides, m\u00eame s&rsquo;il a fait illusion un temps pour la troisi\u00e8me place face au Canadien <strong>Drury<\/strong>. Devant, un sc\u00e9nario unique se jouait puisque l&rsquo;Autrichien <strong>Adam Kappacher<\/strong> et le Suisse <strong>Alex Fiva<\/strong> coupaient la ligne dans le m\u00eame temps. Apr\u00e8s \u00e9tude de la photo-finish, les organisateurs pla\u00e7aient les deux skieurs ex aequo et tous deux vainqueurs.<\/p>\n","protected":false},"excerpt":{"rendered":"<p>Adam Kappacher et Alex Fiva vainqueurs ex aequo, Terence Tchiknavorian quatri\u00e8me<\/p>\n","protected":false},"author":92,"featured_media":539431,"comment_status":"open","ping_status":"closed","sticky":false,"template":"","format":"standard","meta":{"_acf_changed":false,"_daextam_enable_autolinks":"1","footnotes":""},"categories":[9217],"tags":[32415,16878,2947,20815,3127],"class_list":["post-539416","post","type-post","status-publish","format-standard","has-post-thumbnail","hentry","category-ski","tag-actu","tag-breve","tag-skicross","tag-terence-tchiknavorian","tag-val-thorens"],"acf":[],"yoast_head":"<!-- This site is optimized with the Yoast SEO Premium plugin v26.7 (Yoast SEO v26.7) - https:\/\/yoast.com\/wordpress\/plugins\/seo\/ -->\n<title>Skicross Val Thorens : Adam Kappacher et Alex Fiva vainqueurs ex aequo, Terence Tchiknavorian quatri\u00e8me<\/title>\n<meta name=\"description\" content=\"COUPE DE MONDE DE SKICROSS 2024\/2025 - A Val Thorens, le Suisse Alex Fiva et l&#039;Autrichien Adam Kappacher se partagent les lauriers.\" \/>\n<meta name=\"robots\" content=\"index, follow, max-snippet:-1, max-image-preview:large, max-video-preview:-1\" \/>\n<link rel=\"canonical\" href=\"https:\/\/dicodusport.fr\/blog\/skicross-val-thorens-adam-kappacher-et-alex-fiva-vainqueurs-ex-aequo-terence-tchiknavorian-quatrieme\/\" \/>\n<meta property=\"og:locale\" content=\"fr_FR\" \/>\n<meta property=\"og:type\" content=\"article\" \/>\n<meta property=\"og:title\" content=\"Skicross Val Thorens : Adam Kappacher et Alex Fiva vainqueurs ex aequo, Terence Tchiknavorian quatri\u00e8me\" \/>\n<meta property=\"og:description\" content=\"COUPE DE MONDE DE SKICROSS 2024\/2025 - A Val Thorens, le Suisse Alex Fiva et l&#039;Autrichien Adam Kappacher se partagent les lauriers.\" \/>\n<meta property=\"og:url\" content=\"https:\/\/dicodusport.fr\/blog\/skicross-val-thorens-adam-kappacher-et-alex-fiva-vainqueurs-ex-aequo-terence-tchiknavorian-quatrieme\/\" \/>\n<meta property=\"og:site_name\" content=\"Dicodusport\" \/>\n<meta property=\"article:publisher\" content=\"https:\/\/www.facebook.com\/dicodusport\" \/>\n<meta property=\"article:published_time\" content=\"2024-12-13T13:27:26+00:00\" \/>\n<meta property=\"og:image\" content=\"https:\/\/dicodusport.fr\/blog\/wp-content\/uploads\/2024\/12\/Skicross-Val-Thorens-Adam-Kappacher-et-Alex-Fiva-vainqueurs-ex-aequo-Terence-Tchiknavorian-quatrieme.png\" \/>\n\t<meta property=\"og:image:width\" content=\"1200\" \/>\n\t<meta property=\"og:image:height\" content=\"674\" \/>\n\t<meta property=\"og:image:type\" content=\"image\/png\" \/>\n<meta name=\"author\" content=\"Olivier Dobiezynski\" \/>\n<meta name=\"twitter:card\" content=\"summary_large_image\" \/>\n<meta name=\"twitter:title\" content=\"Skicross Val Thorens : Adam Kappacher et Alex Fiva vainqueurs ex aequo, Terence Tchiknavorian quatri\u00e8me\" \/>\n<meta name=\"twitter:creator\" content=\"@https:\/\/x.com\/Olivier_Matros\" \/>\n<meta name=\"twitter:site\" content=\"@dicodusport\" \/>\n<script type=\"application\/ld+json\" class=\"yoast-schema-graph\">{\"@context\":\"https:\/\/schema.org\",\"@graph\":[{\"@type\":\"NewsArticle\",\"@id\":\"https:\/\/dicodusport.fr\/blog\/skicross-val-thorens-adam-kappacher-et-alex-fiva-vainqueurs-ex-aequo-terence-tchiknavorian-quatrieme\/#article\",\"isPartOf\":{\"@id\":\"https:\/\/dicodusport.fr\/blog\/skicross-val-thorens-adam-kappacher-et-alex-fiva-vainqueurs-ex-aequo-terence-tchiknavorian-quatrieme\/\"},\"author\":{\"name\":\"Olivier Dobiezynski\",\"@id\":\"https:\/\/dicodusport.fr\/blog\/#\/schema\/person\/fe500246414ca17ddf0c0312d7a792cc\"},\"headline\":\"Skicross Val Thorens : Adam Kappacher et Alex Fiva vainqueurs ex aequo, Terence Tchiknavorian quatri\u00e8me\",\"datePublished\":\"2024-12-13T13:27:26+00:00\",\"mainEntityOfPage\":{\"@id\":\"https:\/\/dicodusport.fr\/blog\/skicross-val-thorens-adam-kappacher-et-alex-fiva-vainqueurs-ex-aequo-terence-tchiknavorian-quatrieme\/\"},\"wordCount\":406,\"commentCount\":0,\"publisher\":{\"@id\":\"https:\/\/dicodusport.fr\/blog\/#organization\"},\"image\":{\"@id\":\"https:\/\/dicodusport.fr\/blog\/skicross-val-thorens-adam-kappacher-et-alex-fiva-vainqueurs-ex-aequo-terence-tchiknavorian-quatrieme\/#primaryimage\"},\"thumbnailUrl\":\"https:\/\/dicodusport.fr\/blog\/wp-content\/uploads\/2024\/12\/Skicross-Val-Thorens-Adam-Kappacher-et-Alex-Fiva-vainqueurs-ex-aequo-Terence-Tchiknavorian-quatrieme.png\",\"keywords\":[\"actu\",\"br\u00e8ve\",\"skicross\",\"Terence Tchiknavorian\",\"Val Thorens\"],\"articleSection\":[\"Ski\"],\"inLanguage\":\"fr-FR\",\"potentialAction\":[{\"@type\":\"CommentAction\",\"name\":\"Comment\",\"target\":[\"https:\/\/dicodusport.fr\/blog\/skicross-val-thorens-adam-kappacher-et-alex-fiva-vainqueurs-ex-aequo-terence-tchiknavorian-quatrieme\/#respond\"]}],\"copyrightYear\":\"2024\",\"copyrightHolder\":{\"@id\":\"https:\/\/dicodusport.fr\/blog\/#organization\"}},{\"@type\":\"WebPage\",\"@id\":\"https:\/\/dicodusport.fr\/blog\/skicross-val-thorens-adam-kappacher-et-alex-fiva-vainqueurs-ex-aequo-terence-tchiknavorian-quatrieme\/\",\"url\":\"https:\/\/dicodusport.fr\/blog\/skicross-val-thorens-adam-kappacher-et-alex-fiva-vainqueurs-ex-aequo-terence-tchiknavorian-quatrieme\/\",\"name\":\"Skicross Val Thorens : Adam Kappacher et Alex Fiva vainqueurs ex aequo, Terence Tchiknavorian quatri\u00e8me\",\"isPartOf\":{\"@id\":\"https:\/\/dicodusport.fr\/blog\/#website\"},\"primaryImageOfPage\":{\"@id\":\"https:\/\/dicodusport.fr\/blog\/skicross-val-thorens-adam-kappacher-et-alex-fiva-vainqueurs-ex-aequo-terence-tchiknavorian-quatrieme\/#primaryimage\"},\"image\":{\"@id\":\"https:\/\/dicodusport.fr\/blog\/skicross-val-thorens-adam-kappacher-et-alex-fiva-vainqueurs-ex-aequo-terence-tchiknavorian-quatrieme\/#primaryimage\"},\"thumbnailUrl\":\"https:\/\/dicodusport.fr\/blog\/wp-content\/uploads\/2024\/12\/Skicross-Val-Thorens-Adam-Kappacher-et-Alex-Fiva-vainqueurs-ex-aequo-Terence-Tchiknavorian-quatrieme.png\",\"datePublished\":\"2024-12-13T13:27:26+00:00\",\"description\":\"COUPE DE MONDE DE SKICROSS 2024\/2025 - A Val Thorens, le Suisse Alex Fiva et l'Autrichien Adam Kappacher se partagent les lauriers.\",\"breadcrumb\":{\"@id\":\"https:\/\/dicodusport.fr\/blog\/skicross-val-thorens-adam-kappacher-et-alex-fiva-vainqueurs-ex-aequo-terence-tchiknavorian-quatrieme\/#breadcrumb\"},\"inLanguage\":\"fr-FR\",\"potentialAction\":[{\"@type\":\"ReadAction\",\"target\":[\"https:\/\/dicodusport.fr\/blog\/skicross-val-thorens-adam-kappacher-et-alex-fiva-vainqueurs-ex-aequo-terence-tchiknavorian-quatrieme\/\"]}]},{\"@type\":\"ImageObject\",\"inLanguage\":\"fr-FR\",\"@id\":\"https:\/\/dicodusport.fr\/blog\/skicross-val-thorens-adam-kappacher-et-alex-fiva-vainqueurs-ex-aequo-terence-tchiknavorian-quatrieme\/#primaryimage\",\"url\":\"https:\/\/dicodusport.fr\/blog\/wp-content\/uploads\/2024\/12\/Skicross-Val-Thorens-Adam-Kappacher-et-Alex-Fiva-vainqueurs-ex-aequo-Terence-Tchiknavorian-quatrieme.png\",\"contentUrl\":\"https:\/\/dicodusport.fr\/blog\/wp-content\/uploads\/2024\/12\/Skicross-Val-Thorens-Adam-Kappacher-et-Alex-Fiva-vainqueurs-ex-aequo-Terence-Tchiknavorian-quatrieme.png\",\"width\":1200,\"height\":674,\"caption\":\"Skicross Val Thorens Adam Kappacher et Alex Fiva vainqueurs ex aequo, Terence Tchiknavorian quatri\u00e8me\"},{\"@type\":\"BreadcrumbList\",\"@id\":\"https:\/\/dicodusport.fr\/blog\/skicross-val-thorens-adam-kappacher-et-alex-fiva-vainqueurs-ex-aequo-terence-tchiknavorian-quatrieme\/#breadcrumb\",\"itemListElement\":[{\"@type\":\"ListItem\",\"position\":1,\"name\":\"Accueil\",\"item\":\"https:\/\/dicodusport.fr\/blog\/\"},{\"@type\":\"ListItem\",\"position\":2,\"name\":\"Skicross Val Thorens : Adam Kappacher et Alex Fiva vainqueurs ex aequo, Terence Tchiknavorian quatri\u00e8me\"}]},{\"@type\":\"WebSite\",\"@id\":\"https:\/\/dicodusport.fr\/blog\/#website\",\"url\":\"https:\/\/dicodusport.fr\/blog\/\",\"name\":\"Dicodusport\",\"description\":\"L&#039;encyclop\u00e9die de l&#039;actualit\u00e9 sportive\",\"publisher\":{\"@id\":\"https:\/\/dicodusport.fr\/blog\/#organization\"},\"potentialAction\":[{\"@type\":\"SearchAction\",\"target\":{\"@type\":\"EntryPoint\",\"urlTemplate\":\"https:\/\/dicodusport.fr\/blog\/?s={search_term_string}\"},\"query-input\":{\"@type\":\"PropertyValueSpecification\",\"valueRequired\":true,\"valueName\":\"search_term_string\"}}],\"inLanguage\":\"fr-FR\"},{\"@type\":\"NewsMediaOrganization\",\"@id\":\"https:\/\/dicodusport.fr\/blog\/#organization\",\"name\":\"Dicodusport\",\"url\":\"https:\/\/dicodusport.fr\/blog\/\",\"logo\":{\"@type\":\"ImageObject\",\"inLanguage\":\"fr-FR\",\"@id\":\"https:\/\/dicodusport.fr\/blog\/#\/schema\/logo\/image\/\",\"url\":\"https:\/\/dicodusport.fr\/blog\/wp-content\/uploads\/2020\/06\/cropped-LOGO-DICODUSPORT-2020-SANS-FOND-SANS-TEXTE.png\",\"contentUrl\":\"https:\/\/dicodusport.fr\/blog\/wp-content\/uploads\/2020\/06\/cropped-LOGO-DICODUSPORT-2020-SANS-FOND-SANS-TEXTE.png\",\"width\":512,\"height\":512,\"caption\":\"Dicodusport\"},\"image\":{\"@id\":\"https:\/\/dicodusport.fr\/blog\/#\/schema\/logo\/image\/\"},\"sameAs\":[\"https:\/\/www.facebook.com\/dicodusport\",\"https:\/\/x.com\/dicodusport\",\"https:\/\/www.instagram.com\/dicodusport\/\",\"https:\/\/www.youtube.com\/channel\/UC7V2KZ5sd3htJivAbA4ZG3w\"],\"description\":\"Dicodusport est l'encyclop\u00e9die de l'actualit\u00e9 sportive.\",\"email\":\"bonjour@dicodusport.fr\",\"legalName\":\"DICODUSPORT\",\"foundingDate\":\"2018-01-14\",\"vatID\":\"FR71834470973\",\"taxID\":\"83447097300043\",\"numberOfEmployees\":{\"@type\":\"QuantitativeValue\",\"minValue\":\"1\",\"maxValue\":\"10\"}},{\"@type\":\"Person\",\"@id\":\"https:\/\/dicodusport.fr\/blog\/#\/schema\/person\/fe500246414ca17ddf0c0312d7a792cc\",\"name\":\"Olivier Dobiezynski\",\"image\":{\"@type\":\"ImageObject\",\"inLanguage\":\"fr-FR\",\"@id\":\"https:\/\/dicodusport.fr\/blog\/#\/schema\/person\/image\/\",\"url\":\"https:\/\/dicodusport.fr\/blog\/wp-content\/uploads\/2024\/09\/5be8fe8d-9962-4f1e-ad06-d6f9dee30e6d-150x150.jpg\",\"contentUrl\":\"https:\/\/dicodusport.fr\/blog\/wp-content\/uploads\/2024\/09\/5be8fe8d-9962-4f1e-ad06-d6f9dee30e6d-150x150.jpg\",\"caption\":\"Olivier Dobiezynski\"},\"description\":\"Depuis le milieu des ann\u00e9es 90, la passion du cyclisme m'anime. Mes h\u00e9ros s'appellent Luc Leblanc, Piotr Ugrumov, Paolo Savoldelli, Peter Sagan et bien \u00e9videmment Romain Bardet. R\u00e9dacteur depuis 2023, je suis ici pour partager cet amour de la Petite Reine. Vous pourrez me lire \u00e9galement sur du trail, du ski de fond et tout autre sujet susceptible d'\u00e9veiller ma curiosit\u00e9 sportive.\",\"sameAs\":[\"https:\/\/x.com\/https:\/\/x.com\/Olivier_Matros\"],\"url\":\"https:\/\/dicodusport.fr\/blog\/author\/olivier-gh\/\"}]}<\/script>\n<!-- \/ Yoast SEO Premium plugin. -->","yoast_head_json":{"title":"Skicross Val Thorens : Adam Kappacher et Alex Fiva vainqueurs ex aequo, Terence Tchiknavorian quatri\u00e8me","description":"COUPE DE MONDE DE SKICROSS 2024\/2025 - A Val Thorens, le Suisse Alex Fiva et l'Autrichien Adam Kappacher se partagent les lauriers.","robots":{"index":"index","follow":"follow","max-snippet":"max-snippet:-1","max-image-preview":"max-image-preview:large","max-video-preview":"max-video-preview:-1"},"canonical":"https:\/\/dicodusport.fr\/blog\/skicross-val-thorens-adam-kappacher-et-alex-fiva-vainqueurs-ex-aequo-terence-tchiknavorian-quatrieme\/","og_locale":"fr_FR","og_type":"article","og_title":"Skicross Val Thorens : Adam Kappacher et Alex Fiva vainqueurs ex aequo, Terence Tchiknavorian quatri\u00e8me","og_description":"COUPE DE MONDE DE SKICROSS 2024\/2025 - A Val Thorens, le Suisse Alex Fiva et l'Autrichien Adam Kappacher se partagent les lauriers.","og_url":"https:\/\/dicodusport.fr\/blog\/skicross-val-thorens-adam-kappacher-et-alex-fiva-vainqueurs-ex-aequo-terence-tchiknavorian-quatrieme\/","og_site_name":"Dicodusport","article_publisher":"https:\/\/www.facebook.com\/dicodusport","article_published_time":"2024-12-13T13:27:26+00:00","og_image":[{"width":1200,"height":674,"url":"https:\/\/dicodusport.fr\/blog\/wp-content\/uploads\/2024\/12\/Skicross-Val-Thorens-Adam-Kappacher-et-Alex-Fiva-vainqueurs-ex-aequo-Terence-Tchiknavorian-quatrieme.png","type":"image\/png"}],"author":"Olivier Dobiezynski","twitter_card":"summary_large_image","twitter_title":"Skicross Val Thorens : Adam Kappacher et Alex Fiva vainqueurs ex aequo, Terence Tchiknavorian quatri\u00e8me","twitter_creator":"@https:\/\/x.com\/Olivier_Matros","twitter_site":"@dicodusport","schema":{"@context":"https:\/\/schema.org","@graph":[{"@type":"NewsArticle","@id":"https:\/\/dicodusport.fr\/blog\/skicross-val-thorens-adam-kappacher-et-alex-fiva-vainqueurs-ex-aequo-terence-tchiknavorian-quatrieme\/#article","isPartOf":{"@id":"https:\/\/dicodusport.fr\/blog\/skicross-val-thorens-adam-kappacher-et-alex-fiva-vainqueurs-ex-aequo-terence-tchiknavorian-quatrieme\/"},"author":{"name":"Olivier Dobiezynski","@id":"https:\/\/dicodusport.fr\/blog\/#\/schema\/person\/fe500246414ca17ddf0c0312d7a792cc"},"headline":"Skicross Val Thorens : Adam Kappacher et Alex Fiva vainqueurs ex aequo, Terence Tchiknavorian quatri\u00e8me","datePublished":"2024-12-13T13:27:26+00:00","mainEntityOfPage":{"@id":"https:\/\/dicodusport.fr\/blog\/skicross-val-thorens-adam-kappacher-et-alex-fiva-vainqueurs-ex-aequo-terence-tchiknavorian-quatrieme\/"},"wordCount":406,"commentCount":0,"publisher":{"@id":"https:\/\/dicodusport.fr\/blog\/#organization"},"image":{"@id":"https:\/\/dicodusport.fr\/blog\/skicross-val-thorens-adam-kappacher-et-alex-fiva-vainqueurs-ex-aequo-terence-tchiknavorian-quatrieme\/#primaryimage"},"thumbnailUrl":"https:\/\/dicodusport.fr\/blog\/wp-content\/uploads\/2024\/12\/Skicross-Val-Thorens-Adam-Kappacher-et-Alex-Fiva-vainqueurs-ex-aequo-Terence-Tchiknavorian-quatrieme.png","keywords":["actu","br\u00e8ve","skicross","Terence Tchiknavorian","Val Thorens"],"articleSection":["Ski"],"inLanguage":"fr-FR","potentialAction":[{"@type":"CommentAction","name":"Comment","target":["https:\/\/dicodusport.fr\/blog\/skicross-val-thorens-adam-kappacher-et-alex-fiva-vainqueurs-ex-aequo-terence-tchiknavorian-quatrieme\/#respond"]}],"copyrightYear":"2024","copyrightHolder":{"@id":"https:\/\/dicodusport.fr\/blog\/#organization"}},{"@type":"WebPage","@id":"https:\/\/dicodusport.fr\/blog\/skicross-val-thorens-adam-kappacher-et-alex-fiva-vainqueurs-ex-aequo-terence-tchiknavorian-quatrieme\/","url":"https:\/\/dicodusport.fr\/blog\/skicross-val-thorens-adam-kappacher-et-alex-fiva-vainqueurs-ex-aequo-terence-tchiknavorian-quatrieme\/","name":"Skicross Val Thorens : Adam Kappacher et Alex Fiva vainqueurs ex aequo, Terence Tchiknavorian quatri\u00e8me","isPartOf":{"@id":"https:\/\/dicodusport.fr\/blog\/#website"},"primaryImageOfPage":{"@id":"https:\/\/dicodusport.fr\/blog\/skicross-val-thorens-adam-kappacher-et-alex-fiva-vainqueurs-ex-aequo-terence-tchiknavorian-quatrieme\/#primaryimage"},"image":{"@id":"https:\/\/dicodusport.fr\/blog\/skicross-val-thorens-adam-kappacher-et-alex-fiva-vainqueurs-ex-aequo-terence-tchiknavorian-quatrieme\/#primaryimage"},"thumbnailUrl":"https:\/\/dicodusport.fr\/blog\/wp-content\/uploads\/2024\/12\/Skicross-Val-Thorens-Adam-Kappacher-et-Alex-Fiva-vainqueurs-ex-aequo-Terence-Tchiknavorian-quatrieme.png","datePublished":"2024-12-13T13:27:26+00:00","description":"COUPE DE MONDE DE SKICROSS 2024\/2025 - A Val Thorens, le Suisse Alex Fiva et l'Autrichien Adam Kappacher se partagent les lauriers.","breadcrumb":{"@id":"https:\/\/dicodusport.fr\/blog\/skicross-val-thorens-adam-kappacher-et-alex-fiva-vainqueurs-ex-aequo-terence-tchiknavorian-quatrieme\/#breadcrumb"},"inLanguage":"fr-FR","potentialAction":[{"@type":"ReadAction","target":["https:\/\/dicodusport.fr\/blog\/skicross-val-thorens-adam-kappacher-et-alex-fiva-vainqueurs-ex-aequo-terence-tchiknavorian-quatrieme\/"]}]},{"@type":"ImageObject","inLanguage":"fr-FR","@id":"https:\/\/dicodusport.fr\/blog\/skicross-val-thorens-adam-kappacher-et-alex-fiva-vainqueurs-ex-aequo-terence-tchiknavorian-quatrieme\/#primaryimage","url":"https:\/\/dicodusport.fr\/blog\/wp-content\/uploads\/2024\/12\/Skicross-Val-Thorens-Adam-Kappacher-et-Alex-Fiva-vainqueurs-ex-aequo-Terence-Tchiknavorian-quatrieme.png","contentUrl":"https:\/\/dicodusport.fr\/blog\/wp-content\/uploads\/2024\/12\/Skicross-Val-Thorens-Adam-Kappacher-et-Alex-Fiva-vainqueurs-ex-aequo-Terence-Tchiknavorian-quatrieme.png","width":1200,"height":674,"caption":"Skicross Val Thorens Adam Kappacher et Alex Fiva vainqueurs ex aequo, Terence Tchiknavorian quatri\u00e8me"},{"@type":"BreadcrumbList","@id":"https:\/\/dicodusport.fr\/blog\/skicross-val-thorens-adam-kappacher-et-alex-fiva-vainqueurs-ex-aequo-terence-tchiknavorian-quatrieme\/#breadcrumb","itemListElement":[{"@type":"ListItem","position":1,"name":"Accueil","item":"https:\/\/dicodusport.fr\/blog\/"},{"@type":"ListItem","position":2,"name":"Skicross Val Thorens : Adam Kappacher et Alex Fiva vainqueurs ex aequo, Terence Tchiknavorian quatri\u00e8me"}]},{"@type":"WebSite","@id":"https:\/\/dicodusport.fr\/blog\/#website","url":"https:\/\/dicodusport.fr\/blog\/","name":"Dicodusport","description":"L&#039;encyclop\u00e9die de l&#039;actualit\u00e9 sportive","publisher":{"@id":"https:\/\/dicodusport.fr\/blog\/#organization"},"potentialAction":[{"@type":"SearchAction","target":{"@type":"EntryPoint","urlTemplate":"https:\/\/dicodusport.fr\/blog\/?s={search_term_string}"},"query-input":{"@type":"PropertyValueSpecification","valueRequired":true,"valueName":"search_term_string"}}],"inLanguage":"fr-FR"},{"@type":"NewsMediaOrganization","@id":"https:\/\/dicodusport.fr\/blog\/#organization","name":"Dicodusport","url":"https:\/\/dicodusport.fr\/blog\/","logo":{"@type":"ImageObject","inLanguage":"fr-FR","@id":"https:\/\/dicodusport.fr\/blog\/#\/schema\/logo\/image\/","url":"https:\/\/dicodusport.fr\/blog\/wp-content\/uploads\/2020\/06\/cropped-LOGO-DICODUSPORT-2020-SANS-FOND-SANS-TEXTE.png","contentUrl":"https:\/\/dicodusport.fr\/blog\/wp-content\/uploads\/2020\/06\/cropped-LOGO-DICODUSPORT-2020-SANS-FOND-SANS-TEXTE.png","width":512,"height":512,"caption":"Dicodusport"},"image":{"@id":"https:\/\/dicodusport.fr\/blog\/#\/schema\/logo\/image\/"},"sameAs":["https:\/\/www.facebook.com\/dicodusport","https:\/\/x.com\/dicodusport","https:\/\/www.instagram.com\/dicodusport\/","https:\/\/www.youtube.com\/channel\/UC7V2KZ5sd3htJivAbA4ZG3w"],"description":"Dicodusport est l'encyclop\u00e9die de l'actualit\u00e9 sportive.","email":"bonjour@dicodusport.fr","legalName":"DICODUSPORT","foundingDate":"2018-01-14","vatID":"FR71834470973","taxID":"83447097300043","numberOfEmployees":{"@type":"QuantitativeValue","minValue":"1","maxValue":"10"}},{"@type":"Person","@id":"https:\/\/dicodusport.fr\/blog\/#\/schema\/person\/fe500246414ca17ddf0c0312d7a792cc","name":"Olivier Dobiezynski","image":{"@type":"ImageObject","inLanguage":"fr-FR","@id":"https:\/\/dicodusport.fr\/blog\/#\/schema\/person\/image\/","url":"https:\/\/dicodusport.fr\/blog\/wp-content\/uploads\/2024\/09\/5be8fe8d-9962-4f1e-ad06-d6f9dee30e6d-150x150.jpg","contentUrl":"https:\/\/dicodusport.fr\/blog\/wp-content\/uploads\/2024\/09\/5be8fe8d-9962-4f1e-ad06-d6f9dee30e6d-150x150.jpg","caption":"Olivier Dobiezynski"},"description":"Depuis le milieu des ann\u00e9es 90, la passion du cyclisme m'anime. Mes h\u00e9ros s'appellent Luc Leblanc, Piotr Ugrumov, Paolo Savoldelli, Peter Sagan et bien \u00e9videmment Romain Bardet. R\u00e9dacteur depuis 2023, je suis ici pour partager cet amour de la Petite Reine. Vous pourrez me lire \u00e9galement sur du trail, du ski de fond et tout autre sujet susceptible d'\u00e9veiller ma curiosit\u00e9 sportive.","sameAs":["https:\/\/x.com\/https:\/\/x.com\/Olivier_Matros"],"url":"https:\/\/dicodusport.fr\/blog\/author\/olivier-gh\/"}]}},"_links":{"self":[{"href":"https:\/\/dicodusport.fr\/blog\/wp-json\/wp\/v2\/posts\/539416","targetHints":{"allow":["GET"]}}],"collection":[{"href":"https:\/\/dicodusport.fr\/blog\/wp-json\/wp\/v2\/posts"}],"about":[{"href":"https:\/\/dicodusport.fr\/blog\/wp-json\/wp\/v2\/types\/post"}],"author":[{"embeddable":true,"href":"https:\/\/dicodusport.fr\/blog\/wp-json\/wp\/v2\/users\/92"}],"replies":[{"embeddable":true,"href":"https:\/\/dicodusport.fr\/blog\/wp-json\/wp\/v2\/comments?post=539416"}],"version-history":[{"count":2,"href":"https:\/\/dicodusport.fr\/blog\/wp-json\/wp\/v2\/posts\/539416\/revisions"}],"predecessor-version":[{"id":539432,"href":"https:\/\/dicodusport.fr\/blog\/wp-json\/wp\/v2\/posts\/539416\/revisions\/539432"}],"wp:featuredmedia":[{"embeddable":true,"href":"https:\/\/dicodusport.fr\/blog\/wp-json\/wp\/v2\/media\/539431"}],"wp:attachment":[{"href":"https:\/\/dicodusport.fr\/blog\/wp-json\/wp\/v2\/media?parent=539416"}],"wp:term":[{"taxonomy":"category","embeddable":true,"href":"https:\/\/dicodusport.fr\/blog\/wp-json\/wp\/v2\/categories?post=539416"},{"taxonomy":"post_tag","embeddable":true,"href":"https:\/\/dicodusport.fr\/blog\/wp-json\/wp\/v2\/tags?post=539416"}],"curies":[{"name":"wp","href":"https:\/\/api.w.org\/{rel}","templated":true}]}}