{"id":539774,"date":"2024-12-14T15:51:59","date_gmt":"2024-12-14T14:51:59","guid":{"rendered":"https:\/\/dicodusport.fr\/blog\/?p=539774&#038;preview=true&#038;preview_id=539774"},"modified":"2025-04-03T14:25:23","modified_gmt":"2025-04-03T12:25:23","slug":"coupe-du-monde-ski-alpinisme-emily-harrop-lance-sa-saison-par-une-victoire-a-courchevel","status":"publish","type":"post","link":"https:\/\/dicodusport.fr\/blog\/coupe-du-monde-ski-alpinisme-emily-harrop-lance-sa-saison-par-une-victoire-a-courchevel\/","title":{"rendered":"Coupe du monde Ski Alpinisme : Emily Harrop lance sa saison par une victoire \u00e0 Courchevel"},"content":{"rendered":"<p style=\"text-align: justify;\" align=\"justify\"><em><a style=\"font-weight: bold;\" href=\"https:\/\/dicodusport.fr\/blog\/?s=ski+alpinisme\">SKI ALPINISME<\/a><b> &#8211; La saison 2024\/2025 d\u00e9bute en fanfare pour Emily Harrop. La vainqueure du dernier gros globe de cristal a remport\u00e9 la premi\u00e8re \u00e9preuve de l&rsquo;hiver, le sprint disput\u00e9 \u00e0 Courchevel. Pour couronner le tout, Margot Ravinel et Thibault Anselmet se sont \u00e9galement hiss\u00e9s sur les podiums du jour.<\/b><\/em><\/p>\n<p style=\"text-align: justify;\" align=\"justify\">\u00c0 l&rsquo;instar du <a href=\"https:\/\/dicodusport.fr\/blog\/?s=skicross+val+thorens\">skicross disput\u00e9 \u00e0 Val Thorens<\/a> en milieu de semaine, la <strong>Coupe du monde de ski alpinisme<\/strong> effectuait sa rentr\u00e9e dans l&rsquo;hexagone. En attendant la <em>vertical race<\/em> pr\u00e9vue dimanche, <strong>Courchevel<\/strong> accueillait le premier <strong>sprint<\/strong> de la saison. Pour l&rsquo;occasion, les yeux se sont naturellement tourn\u00e9s vers les <a href=\"https:\/\/dicodusport.fr\/blog\/coupe-du-monde-ski-alpinisme-emily-harrop-et-thibault-anselmet-securisent-le-gain-du-gros-globe\/\">deux vainqueurs des derniers gros globes de cristal<\/a>, <strong>Emily Harrop <\/strong>et <strong>Thibault Anselmet<\/strong>. \u00c0 domicile, les deux patrons du circuit avaient \u00e0 c\u0153ur d&rsquo;entamer leur saison en beaut\u00e9.<\/p>\n<h2 align=\"justify\">Emily Harrop d\u00e9j\u00e0 dominante, Anselmet et Ravinel sur la bo\u00eete<\/h2>\n<p style=\"text-align: justify;\" align=\"justify\">Mission accomplie pour Harrop. Une semaine apr\u00e8s sa victoire sur les championnats de France dans la m\u00eame \u00e9preuve, la Tricolore a assum\u00e9 son statut sans trembler. Comme \u00e0 son habitude, elle a fait \u00e9talage de sa sup\u00e9riorit\u00e9 en se hissant sereinement en finale, avant de dominer ses rivales avec une avance confortable. 2e, <strong>Marianne Fatton<\/strong> a ainsi \u00e9chou\u00e9 \u00e0 pr\u00e8s de 11 secondes ! Anselmet se contentera lui d&rsquo;une place sur le podium. Seul Fran\u00e7ais \u00e0 avoir d\u00e9croch\u00e9 sa place en finale, il a \u00e9t\u00e9 surpass\u00e9 par l&rsquo;Espagnol <strong>Oriol Cardona Coll<\/strong>, et le Suisse <strong>Arno Lietha<\/strong>.<\/p>\n<p style=\"text-align: justify;\">Il ne s&rsquo;agit d&rsquo;ailleurs pas des seules satisfactions tricolores puisque deux autres superbes r\u00e9sultats ont marqu\u00e9 la journ\u00e9e. Sur l&rsquo;\u00e9preuve f\u00e9minine, Harrop \u00e9tait accompagn\u00e9 par deux compatriotes, <strong>C\u00e9lia Perillat-Pessey <\/strong>et <strong>Margot Ravinel<\/strong>. Si la premi\u00e8re a pris la derni\u00e8re place (6e), la seconde a en revanche r\u00e9alis\u00e9 une superbe journ\u00e9e pour accrocher la 3e place. Tout sauf anecdotique puisqu&rsquo;il s&rsquo;agit de son premier podium obtenu individuellement depuis janvier 2022. Enfin, <strong>Bazil Ducouret<\/strong> s&rsquo;est illustr\u00e9 en obtenant son meilleur r\u00e9sultat lors d&rsquo;une manche de coupe du monde, en atteignant le 7e rang.<\/p>\n<p style=\"text-align: justify;\">Une victoire pour un total de trois podiums en seulement deux courses, les athl\u00e8tes tricolores reprennent sur le m\u00eame rythme \u00e9lev\u00e9 que la saison pr\u00e9c\u00e9dente ! Rendez-vous ce dimanche pour la suite du weekend \u00e0 Courchevel, avec la <strong>vertical race<\/strong>.<\/p>\n<blockquote class=\"twitter-tweet\">\n<p dir=\"ltr\" lang=\"fr\">Emily Harrop remporte la coupe du monde de ski alpinisme sprint chez elle \u00e0 Courchevel. Margot Ravinel sur le podium \u00e0 la 3e place. Et la suisse Marianne Faton 2e. <a href=\"https:\/\/t.co\/HoZwNLj9CE\">pic.twitter.com\/HoZwNLj9CE<\/a><\/p>\n<p>\u2014 8 Mont-Blanc (@8montblanc) <a href=\"https:\/\/twitter.com\/8montblanc\/status\/1867912543869530232?ref_src=twsrc%5Etfw\">December 14, 2024<\/a><\/p><\/blockquote>\n<p><script async src=\"https:\/\/platform.twitter.com\/widgets.js\" charset=\"utf-8\"><\/script><\/p>\n","protected":false},"excerpt":{"rendered":"<p>SKI ALPINISME &#8211; La saison 2024\/2025 d\u00e9bute en fanfare pour Emily Harrop. La vainqueure du dernier gros globe de cristal a remport\u00e9 la premi\u00e8re \u00e9preuve de l&rsquo;hiver, le sprint disput\u00e9 \u00e0 Courchevel. Pour couronner le tout, Margot Ravinel et Thibault Anselmet se sont \u00e9galement hiss\u00e9s sur les podiums du jour.<\/p>\n","protected":false},"author":55,"featured_media":539799,"comment_status":"open","ping_status":"closed","sticky":false,"template":"","format":"standard","meta":{"_acf_changed":false,"_daextam_enable_autolinks":"1","footnotes":""},"categories":[45757],"tags":[16878,37201,13007,22884,4230,30136],"class_list":["post-539774","post","type-post","status-publish","format-standard","has-post-thumbnail","hentry","category-ski-alpinisme","tag-breve","tag-coupe-du-monde-ski-alpinisme","tag-courchevel","tag-emily-harrop","tag-ski-alpinisme","tag-thibault-anselmet"],"acf":[],"yoast_head":"<!-- This site is optimized with the Yoast SEO Premium plugin v26.7 (Yoast SEO v26.7) - https:\/\/yoast.com\/wordpress\/plugins\/seo\/ -->\n<title>Coupe du monde Ski Alpinisme : Emily Harrop lance sa saison par une victoire \u00e0 Courchevel<\/title>\n<meta name=\"description\" content=\"COUPE DU MONDE SKI ALPINISME - Emily Harrop a lanc\u00e9 sa saison par une victoire en remportant le sprint de Courchevel.\" \/>\n<meta name=\"robots\" content=\"index, follow, max-snippet:-1, max-image-preview:large, max-video-preview:-1\" \/>\n<link rel=\"canonical\" href=\"https:\/\/dicodusport.fr\/blog\/coupe-du-monde-ski-alpinisme-emily-harrop-lance-sa-saison-par-une-victoire-a-courchevel\/\" \/>\n<meta property=\"og:locale\" content=\"fr_FR\" \/>\n<meta property=\"og:type\" content=\"article\" \/>\n<meta property=\"og:title\" content=\"Coupe du monde Ski Alpinisme : Emily Harrop lance sa saison par une victoire \u00e0 Courchevel\" \/>\n<meta property=\"og:description\" content=\"COUPE DU MONDE SKI ALPINISME - Emily Harrop a lanc\u00e9 sa saison par une victoire en remportant le sprint de Courchevel.\" \/>\n<meta property=\"og:url\" content=\"https:\/\/dicodusport.fr\/blog\/coupe-du-monde-ski-alpinisme-emily-harrop-lance-sa-saison-par-une-victoire-a-courchevel\/\" \/>\n<meta property=\"og:site_name\" content=\"Dicodusport\" \/>\n<meta property=\"article:publisher\" content=\"https:\/\/www.facebook.com\/dicodusport\" \/>\n<meta property=\"article:published_time\" content=\"2024-12-14T14:51:59+00:00\" \/>\n<meta property=\"article:modified_time\" content=\"2025-04-03T12:25:23+00:00\" \/>\n<meta property=\"og:image\" content=\"https:\/\/dicodusport.fr\/blog\/wp-content\/uploads\/2024\/12\/Harrop.png\" \/>\n\t<meta property=\"og:image:width\" content=\"1200\" \/>\n\t<meta property=\"og:image:height\" content=\"674\" \/>\n\t<meta property=\"og:image:type\" content=\"image\/png\" \/>\n<meta name=\"author\" content=\"Maxime Cazenave\" \/>\n<meta name=\"twitter:card\" content=\"summary_large_image\" \/>\n<meta name=\"twitter:title\" content=\"Coupe du monde Ski Alpinisme : Emily Harrop lance sa saison par une victoire \u00e0 Courchevel\" \/>\n<meta name=\"twitter:creator\" content=\"@https:\/\/twitter.com\/Maxime_Caze\" \/>\n<meta name=\"twitter:site\" content=\"@dicodusport\" \/>\n<script type=\"application\/ld+json\" class=\"yoast-schema-graph\">{\"@context\":\"https:\/\/schema.org\",\"@graph\":[{\"@type\":\"NewsArticle\",\"@id\":\"https:\/\/dicodusport.fr\/blog\/coupe-du-monde-ski-alpinisme-emily-harrop-lance-sa-saison-par-une-victoire-a-courchevel\/#article\",\"isPartOf\":{\"@id\":\"https:\/\/dicodusport.fr\/blog\/coupe-du-monde-ski-alpinisme-emily-harrop-lance-sa-saison-par-une-victoire-a-courchevel\/\"},\"author\":{\"name\":\"Maxime Cazenave\",\"@id\":\"https:\/\/dicodusport.fr\/blog\/#\/schema\/person\/37def232098a7a5cbab3974a3690abb0\"},\"headline\":\"Coupe du monde Ski Alpinisme : Emily Harrop lance sa saison par une victoire \u00e0 Courchevel\",\"datePublished\":\"2024-12-14T14:51:59+00:00\",\"dateModified\":\"2025-04-03T12:25:23+00:00\",\"mainEntityOfPage\":{\"@id\":\"https:\/\/dicodusport.fr\/blog\/coupe-du-monde-ski-alpinisme-emily-harrop-lance-sa-saison-par-une-victoire-a-courchevel\/\"},\"wordCount\":442,\"commentCount\":0,\"publisher\":{\"@id\":\"https:\/\/dicodusport.fr\/blog\/#organization\"},\"image\":{\"@id\":\"https:\/\/dicodusport.fr\/blog\/coupe-du-monde-ski-alpinisme-emily-harrop-lance-sa-saison-par-une-victoire-a-courchevel\/#primaryimage\"},\"thumbnailUrl\":\"https:\/\/dicodusport.fr\/blog\/wp-content\/uploads\/2024\/12\/Harrop.png\",\"keywords\":[\"br\u00e8ve\",\"Coupe du monde ski alpinisme\",\"Courchevel\",\"Emily Harrop\",\"Ski alpinisme\",\"Thibault Anselmet\"],\"articleSection\":[\"Ski alpinisme\"],\"inLanguage\":\"fr-FR\",\"potentialAction\":[{\"@type\":\"CommentAction\",\"name\":\"Comment\",\"target\":[\"https:\/\/dicodusport.fr\/blog\/coupe-du-monde-ski-alpinisme-emily-harrop-lance-sa-saison-par-une-victoire-a-courchevel\/#respond\"]}],\"copyrightYear\":\"2024\",\"copyrightHolder\":{\"@id\":\"https:\/\/dicodusport.fr\/blog\/#organization\"}},{\"@type\":\"WebPage\",\"@id\":\"https:\/\/dicodusport.fr\/blog\/coupe-du-monde-ski-alpinisme-emily-harrop-lance-sa-saison-par-une-victoire-a-courchevel\/\",\"url\":\"https:\/\/dicodusport.fr\/blog\/coupe-du-monde-ski-alpinisme-emily-harrop-lance-sa-saison-par-une-victoire-a-courchevel\/\",\"name\":\"Coupe du monde Ski Alpinisme : Emily Harrop lance sa saison par une victoire \u00e0 Courchevel\",\"isPartOf\":{\"@id\":\"https:\/\/dicodusport.fr\/blog\/#website\"},\"primaryImageOfPage\":{\"@id\":\"https:\/\/dicodusport.fr\/blog\/coupe-du-monde-ski-alpinisme-emily-harrop-lance-sa-saison-par-une-victoire-a-courchevel\/#primaryimage\"},\"image\":{\"@id\":\"https:\/\/dicodusport.fr\/blog\/coupe-du-monde-ski-alpinisme-emily-harrop-lance-sa-saison-par-une-victoire-a-courchevel\/#primaryimage\"},\"thumbnailUrl\":\"https:\/\/dicodusport.fr\/blog\/wp-content\/uploads\/2024\/12\/Harrop.png\",\"datePublished\":\"2024-12-14T14:51:59+00:00\",\"dateModified\":\"2025-04-03T12:25:23+00:00\",\"description\":\"COUPE DU MONDE SKI ALPINISME - Emily Harrop a lanc\u00e9 sa saison par une victoire en remportant le sprint de Courchevel.\",\"breadcrumb\":{\"@id\":\"https:\/\/dicodusport.fr\/blog\/coupe-du-monde-ski-alpinisme-emily-harrop-lance-sa-saison-par-une-victoire-a-courchevel\/#breadcrumb\"},\"inLanguage\":\"fr-FR\",\"potentialAction\":[{\"@type\":\"ReadAction\",\"target\":[\"https:\/\/dicodusport.fr\/blog\/coupe-du-monde-ski-alpinisme-emily-harrop-lance-sa-saison-par-une-victoire-a-courchevel\/\"]}]},{\"@type\":\"ImageObject\",\"inLanguage\":\"fr-FR\",\"@id\":\"https:\/\/dicodusport.fr\/blog\/coupe-du-monde-ski-alpinisme-emily-harrop-lance-sa-saison-par-une-victoire-a-courchevel\/#primaryimage\",\"url\":\"https:\/\/dicodusport.fr\/blog\/wp-content\/uploads\/2024\/12\/Harrop.png\",\"contentUrl\":\"https:\/\/dicodusport.fr\/blog\/wp-content\/uploads\/2024\/12\/Harrop.png\",\"width\":1200,\"height\":674,\"caption\":\"Coupe du monde Ski Alpinisme : Emily Harrop lance sa saison par une victoire \u00e0 Courchevel\"},{\"@type\":\"BreadcrumbList\",\"@id\":\"https:\/\/dicodusport.fr\/blog\/coupe-du-monde-ski-alpinisme-emily-harrop-lance-sa-saison-par-une-victoire-a-courchevel\/#breadcrumb\",\"itemListElement\":[{\"@type\":\"ListItem\",\"position\":1,\"name\":\"Accueil\",\"item\":\"https:\/\/dicodusport.fr\/blog\/\"},{\"@type\":\"ListItem\",\"position\":2,\"name\":\"Coupe du monde Ski Alpinisme : Emily Harrop lance sa saison par une victoire \u00e0 Courchevel\"}]},{\"@type\":\"WebSite\",\"@id\":\"https:\/\/dicodusport.fr\/blog\/#website\",\"url\":\"https:\/\/dicodusport.fr\/blog\/\",\"name\":\"Dicodusport\",\"description\":\"L&#039;encyclop\u00e9die de l&#039;actualit\u00e9 sportive\",\"publisher\":{\"@id\":\"https:\/\/dicodusport.fr\/blog\/#organization\"},\"potentialAction\":[{\"@type\":\"SearchAction\",\"target\":{\"@type\":\"EntryPoint\",\"urlTemplate\":\"https:\/\/dicodusport.fr\/blog\/?s={search_term_string}\"},\"query-input\":{\"@type\":\"PropertyValueSpecification\",\"valueRequired\":true,\"valueName\":\"search_term_string\"}}],\"inLanguage\":\"fr-FR\"},{\"@type\":\"NewsMediaOrganization\",\"@id\":\"https:\/\/dicodusport.fr\/blog\/#organization\",\"name\":\"Dicodusport\",\"url\":\"https:\/\/dicodusport.fr\/blog\/\",\"logo\":{\"@type\":\"ImageObject\",\"inLanguage\":\"fr-FR\",\"@id\":\"https:\/\/dicodusport.fr\/blog\/#\/schema\/logo\/image\/\",\"url\":\"https:\/\/dicodusport.fr\/blog\/wp-content\/uploads\/2020\/06\/cropped-LOGO-DICODUSPORT-2020-SANS-FOND-SANS-TEXTE.png\",\"contentUrl\":\"https:\/\/dicodusport.fr\/blog\/wp-content\/uploads\/2020\/06\/cropped-LOGO-DICODUSPORT-2020-SANS-FOND-SANS-TEXTE.png\",\"width\":512,\"height\":512,\"caption\":\"Dicodusport\"},\"image\":{\"@id\":\"https:\/\/dicodusport.fr\/blog\/#\/schema\/logo\/image\/\"},\"sameAs\":[\"https:\/\/www.facebook.com\/dicodusport\",\"https:\/\/x.com\/dicodusport\",\"https:\/\/www.instagram.com\/dicodusport\/\",\"https:\/\/www.youtube.com\/channel\/UC7V2KZ5sd3htJivAbA4ZG3w\"],\"description\":\"Dicodusport est l'encyclop\u00e9die de l'actualit\u00e9 sportive.\",\"email\":\"bonjour@dicodusport.fr\",\"legalName\":\"DICODUSPORT\",\"foundingDate\":\"2018-01-14\",\"vatID\":\"FR71834470973\",\"taxID\":\"83447097300043\",\"numberOfEmployees\":{\"@type\":\"QuantitativeValue\",\"minValue\":\"1\",\"maxValue\":\"10\"}},{\"@type\":\"Person\",\"@id\":\"https:\/\/dicodusport.fr\/blog\/#\/schema\/person\/37def232098a7a5cbab3974a3690abb0\",\"name\":\"Maxime Cazenave\",\"image\":{\"@type\":\"ImageObject\",\"inLanguage\":\"fr-FR\",\"@id\":\"https:\/\/dicodusport.fr\/blog\/#\/schema\/person\/image\/\",\"url\":\"https:\/\/dicodusport.fr\/blog\/wp-content\/uploads\/2021\/05\/Maxime-Cazenave-150x150.jpg\",\"contentUrl\":\"https:\/\/dicodusport.fr\/blog\/wp-content\/uploads\/2021\/05\/Maxime-Cazenave-150x150.jpg\",\"caption\":\"Maxime Cazenave\"},\"description\":\"Journaliste\/R\u00e9dacteur depuis 2012 - Berc\u00e9 par l\u2019amour des Girondins de Bordeaux, les \u00e9checs de Christophe Moreau sur le Tour de France sous l'\u00e8re Lance Armstrong et le fade-away l\u00e9tal de Dirk Nowitzki, ma passion d\u00e9vorante pour le sport a toujours \u00e9t\u00e9 un pan incontournable de ma vie. Transmettre ma passion \u00e0 l\u2019\u00e9crit a \u00e9t\u00e9 une transition naturelle. Suiveur assidu de basket et de hockey sur glace, je garde toujours un peu de place pour suivre le cyclisme, le football et le maximum de performances fran\u00e7aises.\",\"sameAs\":[\"https:\/\/x.com\/https:\/\/twitter.com\/Maxime_Caze\"],\"url\":\"https:\/\/dicodusport.fr\/blog\/author\/maximec\/\"}]}<\/script>\n<!-- \/ Yoast SEO Premium plugin. -->","yoast_head_json":{"title":"Coupe du monde Ski Alpinisme : Emily Harrop lance sa saison par une victoire \u00e0 Courchevel","description":"COUPE DU MONDE SKI ALPINISME - Emily Harrop a lanc\u00e9 sa saison par une victoire en remportant le sprint de Courchevel.","robots":{"index":"index","follow":"follow","max-snippet":"max-snippet:-1","max-image-preview":"max-image-preview:large","max-video-preview":"max-video-preview:-1"},"canonical":"https:\/\/dicodusport.fr\/blog\/coupe-du-monde-ski-alpinisme-emily-harrop-lance-sa-saison-par-une-victoire-a-courchevel\/","og_locale":"fr_FR","og_type":"article","og_title":"Coupe du monde Ski Alpinisme : Emily Harrop lance sa saison par une victoire \u00e0 Courchevel","og_description":"COUPE DU MONDE SKI ALPINISME - Emily Harrop a lanc\u00e9 sa saison par une victoire en remportant le sprint de Courchevel.","og_url":"https:\/\/dicodusport.fr\/blog\/coupe-du-monde-ski-alpinisme-emily-harrop-lance-sa-saison-par-une-victoire-a-courchevel\/","og_site_name":"Dicodusport","article_publisher":"https:\/\/www.facebook.com\/dicodusport","article_published_time":"2024-12-14T14:51:59+00:00","article_modified_time":"2025-04-03T12:25:23+00:00","og_image":[{"width":1200,"height":674,"url":"https:\/\/dicodusport.fr\/blog\/wp-content\/uploads\/2024\/12\/Harrop.png","type":"image\/png"}],"author":"Maxime Cazenave","twitter_card":"summary_large_image","twitter_title":"Coupe du monde Ski Alpinisme : Emily Harrop lance sa saison par une victoire \u00e0 Courchevel","twitter_creator":"@https:\/\/twitter.com\/Maxime_Caze","twitter_site":"@dicodusport","schema":{"@context":"https:\/\/schema.org","@graph":[{"@type":"NewsArticle","@id":"https:\/\/dicodusport.fr\/blog\/coupe-du-monde-ski-alpinisme-emily-harrop-lance-sa-saison-par-une-victoire-a-courchevel\/#article","isPartOf":{"@id":"https:\/\/dicodusport.fr\/blog\/coupe-du-monde-ski-alpinisme-emily-harrop-lance-sa-saison-par-une-victoire-a-courchevel\/"},"author":{"name":"Maxime Cazenave","@id":"https:\/\/dicodusport.fr\/blog\/#\/schema\/person\/37def232098a7a5cbab3974a3690abb0"},"headline":"Coupe du monde Ski Alpinisme : Emily Harrop lance sa saison par une victoire \u00e0 Courchevel","datePublished":"2024-12-14T14:51:59+00:00","dateModified":"2025-04-03T12:25:23+00:00","mainEntityOfPage":{"@id":"https:\/\/dicodusport.fr\/blog\/coupe-du-monde-ski-alpinisme-emily-harrop-lance-sa-saison-par-une-victoire-a-courchevel\/"},"wordCount":442,"commentCount":0,"publisher":{"@id":"https:\/\/dicodusport.fr\/blog\/#organization"},"image":{"@id":"https:\/\/dicodusport.fr\/blog\/coupe-du-monde-ski-alpinisme-emily-harrop-lance-sa-saison-par-une-victoire-a-courchevel\/#primaryimage"},"thumbnailUrl":"https:\/\/dicodusport.fr\/blog\/wp-content\/uploads\/2024\/12\/Harrop.png","keywords":["br\u00e8ve","Coupe du monde ski alpinisme","Courchevel","Emily Harrop","Ski alpinisme","Thibault Anselmet"],"articleSection":["Ski alpinisme"],"inLanguage":"fr-FR","potentialAction":[{"@type":"CommentAction","name":"Comment","target":["https:\/\/dicodusport.fr\/blog\/coupe-du-monde-ski-alpinisme-emily-harrop-lance-sa-saison-par-une-victoire-a-courchevel\/#respond"]}],"copyrightYear":"2024","copyrightHolder":{"@id":"https:\/\/dicodusport.fr\/blog\/#organization"}},{"@type":"WebPage","@id":"https:\/\/dicodusport.fr\/blog\/coupe-du-monde-ski-alpinisme-emily-harrop-lance-sa-saison-par-une-victoire-a-courchevel\/","url":"https:\/\/dicodusport.fr\/blog\/coupe-du-monde-ski-alpinisme-emily-harrop-lance-sa-saison-par-une-victoire-a-courchevel\/","name":"Coupe du monde Ski Alpinisme : Emily Harrop lance sa saison par une victoire \u00e0 Courchevel","isPartOf":{"@id":"https:\/\/dicodusport.fr\/blog\/#website"},"primaryImageOfPage":{"@id":"https:\/\/dicodusport.fr\/blog\/coupe-du-monde-ski-alpinisme-emily-harrop-lance-sa-saison-par-une-victoire-a-courchevel\/#primaryimage"},"image":{"@id":"https:\/\/dicodusport.fr\/blog\/coupe-du-monde-ski-alpinisme-emily-harrop-lance-sa-saison-par-une-victoire-a-courchevel\/#primaryimage"},"thumbnailUrl":"https:\/\/dicodusport.fr\/blog\/wp-content\/uploads\/2024\/12\/Harrop.png","datePublished":"2024-12-14T14:51:59+00:00","dateModified":"2025-04-03T12:25:23+00:00","description":"COUPE DU MONDE SKI ALPINISME - Emily Harrop a lanc\u00e9 sa saison par une victoire en remportant le sprint de Courchevel.","breadcrumb":{"@id":"https:\/\/dicodusport.fr\/blog\/coupe-du-monde-ski-alpinisme-emily-harrop-lance-sa-saison-par-une-victoire-a-courchevel\/#breadcrumb"},"inLanguage":"fr-FR","potentialAction":[{"@type":"ReadAction","target":["https:\/\/dicodusport.fr\/blog\/coupe-du-monde-ski-alpinisme-emily-harrop-lance-sa-saison-par-une-victoire-a-courchevel\/"]}]},{"@type":"ImageObject","inLanguage":"fr-FR","@id":"https:\/\/dicodusport.fr\/blog\/coupe-du-monde-ski-alpinisme-emily-harrop-lance-sa-saison-par-une-victoire-a-courchevel\/#primaryimage","url":"https:\/\/dicodusport.fr\/blog\/wp-content\/uploads\/2024\/12\/Harrop.png","contentUrl":"https:\/\/dicodusport.fr\/blog\/wp-content\/uploads\/2024\/12\/Harrop.png","width":1200,"height":674,"caption":"Coupe du monde Ski Alpinisme : Emily Harrop lance sa saison par une victoire \u00e0 Courchevel"},{"@type":"BreadcrumbList","@id":"https:\/\/dicodusport.fr\/blog\/coupe-du-monde-ski-alpinisme-emily-harrop-lance-sa-saison-par-une-victoire-a-courchevel\/#breadcrumb","itemListElement":[{"@type":"ListItem","position":1,"name":"Accueil","item":"https:\/\/dicodusport.fr\/blog\/"},{"@type":"ListItem","position":2,"name":"Coupe du monde Ski Alpinisme : Emily Harrop lance sa saison par une victoire \u00e0 Courchevel"}]},{"@type":"WebSite","@id":"https:\/\/dicodusport.fr\/blog\/#website","url":"https:\/\/dicodusport.fr\/blog\/","name":"Dicodusport","description":"L&#039;encyclop\u00e9die de l&#039;actualit\u00e9 sportive","publisher":{"@id":"https:\/\/dicodusport.fr\/blog\/#organization"},"potentialAction":[{"@type":"SearchAction","target":{"@type":"EntryPoint","urlTemplate":"https:\/\/dicodusport.fr\/blog\/?s={search_term_string}"},"query-input":{"@type":"PropertyValueSpecification","valueRequired":true,"valueName":"search_term_string"}}],"inLanguage":"fr-FR"},{"@type":"NewsMediaOrganization","@id":"https:\/\/dicodusport.fr\/blog\/#organization","name":"Dicodusport","url":"https:\/\/dicodusport.fr\/blog\/","logo":{"@type":"ImageObject","inLanguage":"fr-FR","@id":"https:\/\/dicodusport.fr\/blog\/#\/schema\/logo\/image\/","url":"https:\/\/dicodusport.fr\/blog\/wp-content\/uploads\/2020\/06\/cropped-LOGO-DICODUSPORT-2020-SANS-FOND-SANS-TEXTE.png","contentUrl":"https:\/\/dicodusport.fr\/blog\/wp-content\/uploads\/2020\/06\/cropped-LOGO-DICODUSPORT-2020-SANS-FOND-SANS-TEXTE.png","width":512,"height":512,"caption":"Dicodusport"},"image":{"@id":"https:\/\/dicodusport.fr\/blog\/#\/schema\/logo\/image\/"},"sameAs":["https:\/\/www.facebook.com\/dicodusport","https:\/\/x.com\/dicodusport","https:\/\/www.instagram.com\/dicodusport\/","https:\/\/www.youtube.com\/channel\/UC7V2KZ5sd3htJivAbA4ZG3w"],"description":"Dicodusport est l'encyclop\u00e9die de l'actualit\u00e9 sportive.","email":"bonjour@dicodusport.fr","legalName":"DICODUSPORT","foundingDate":"2018-01-14","vatID":"FR71834470973","taxID":"83447097300043","numberOfEmployees":{"@type":"QuantitativeValue","minValue":"1","maxValue":"10"}},{"@type":"Person","@id":"https:\/\/dicodusport.fr\/blog\/#\/schema\/person\/37def232098a7a5cbab3974a3690abb0","name":"Maxime Cazenave","image":{"@type":"ImageObject","inLanguage":"fr-FR","@id":"https:\/\/dicodusport.fr\/blog\/#\/schema\/person\/image\/","url":"https:\/\/dicodusport.fr\/blog\/wp-content\/uploads\/2021\/05\/Maxime-Cazenave-150x150.jpg","contentUrl":"https:\/\/dicodusport.fr\/blog\/wp-content\/uploads\/2021\/05\/Maxime-Cazenave-150x150.jpg","caption":"Maxime Cazenave"},"description":"Journaliste\/R\u00e9dacteur depuis 2012 - Berc\u00e9 par l\u2019amour des Girondins de Bordeaux, les \u00e9checs de Christophe Moreau sur le Tour de France sous l'\u00e8re Lance Armstrong et le fade-away l\u00e9tal de Dirk Nowitzki, ma passion d\u00e9vorante pour le sport a toujours \u00e9t\u00e9 un pan incontournable de ma vie. Transmettre ma passion \u00e0 l\u2019\u00e9crit a \u00e9t\u00e9 une transition naturelle. Suiveur assidu de basket et de hockey sur glace, je garde toujours un peu de place pour suivre le cyclisme, le football et le maximum de performances fran\u00e7aises.","sameAs":["https:\/\/x.com\/https:\/\/twitter.com\/Maxime_Caze"],"url":"https:\/\/dicodusport.fr\/blog\/author\/maximec\/"}]}},"_links":{"self":[{"href":"https:\/\/dicodusport.fr\/blog\/wp-json\/wp\/v2\/posts\/539774","targetHints":{"allow":["GET"]}}],"collection":[{"href":"https:\/\/dicodusport.fr\/blog\/wp-json\/wp\/v2\/posts"}],"about":[{"href":"https:\/\/dicodusport.fr\/blog\/wp-json\/wp\/v2\/types\/post"}],"author":[{"embeddable":true,"href":"https:\/\/dicodusport.fr\/blog\/wp-json\/wp\/v2\/users\/55"}],"replies":[{"embeddable":true,"href":"https:\/\/dicodusport.fr\/blog\/wp-json\/wp\/v2\/comments?post=539774"}],"version-history":[{"count":4,"href":"https:\/\/dicodusport.fr\/blog\/wp-json\/wp\/v2\/posts\/539774\/revisions"}],"predecessor-version":[{"id":539804,"href":"https:\/\/dicodusport.fr\/blog\/wp-json\/wp\/v2\/posts\/539774\/revisions\/539804"}],"wp:featuredmedia":[{"embeddable":true,"href":"https:\/\/dicodusport.fr\/blog\/wp-json\/wp\/v2\/media\/539799"}],"wp:attachment":[{"href":"https:\/\/dicodusport.fr\/blog\/wp-json\/wp\/v2\/media?parent=539774"}],"wp:term":[{"taxonomy":"category","embeddable":true,"href":"https:\/\/dicodusport.fr\/blog\/wp-json\/wp\/v2\/categories?post=539774"},{"taxonomy":"post_tag","embeddable":true,"href":"https:\/\/dicodusport.fr\/blog\/wp-json\/wp\/v2\/tags?post=539774"}],"curies":[{"name":"wp","href":"https:\/\/api.w.org\/{rel}","templated":true}]}}