{"id":54000,"date":"2019-11-27T13:56:58","date_gmt":"2019-11-27T12:56:58","guid":{"rendered":"http:\/\/dicodusport.fr\/blog\/?p=54000&#038;preview=true&#038;preview_id=54000"},"modified":"2019-11-27T13:56:58","modified_gmt":"2019-11-27T12:56:58","slug":"moussa-dembele-changer-dimension-ol","status":"publish","type":"post","link":"https:\/\/dicodusport.fr\/blog\/moussa-dembele-changer-dimension-ol\/","title":{"rendered":"Moussa Demb\u00e9l\u00e9 va changer de dimension avec l&rsquo;OL"},"content":{"rendered":"<p style=\"text-align: justify;\"><em><strong>Buteur reconnu en \u00c9cosse malgr\u00e9 son jeune \u00e2ge, Moussa Demb\u00e9l\u00e9 est en train de changer de dimension \u00e0 l&rsquo;Olympique Lyonnais pour sa deuxi\u00e8me saison dans la capitale des Gaules.<\/strong><\/em><\/p>\n<p style=\"text-align: justify;\">Arriv\u00e9 \u00e0 l&rsquo;<strong>OL<\/strong> \u00e0 l&rsquo;\u00e9t\u00e9 2018 en provenance du <strong>Celtic Glasgow<\/strong>, la premi\u00e8re saison de <a href=\"https:\/\/www.transfermarkt.fr\/moussa-dembele\/profil\/spieler\/229004\" target=\"_blank\" rel=\"noopener\"><strong>Moussa Demb\u00e9l\u00e9<\/strong><\/a> en <strong>Ligue 1<\/strong> aura \u00e9t\u00e9 int\u00e9ressante malgr\u00e9 un temps de jeu parfois limit\u00e9, <strong>Bruno G\u00e9n\u00e9sio<\/strong> pr\u00e9f\u00e9rant parfois d&rsquo;autres options. 33 matchs jou\u00e9s en championnat tout de m\u00eame la saison pass\u00e9e, mais avec seulement\u00a0 21 titularisations et un peu plus de 60 minutes sur le terrain, en moyenne : il a inscrit <strong>15 buts et d\u00e9livr\u00e9 5 passes d\u00e9cisives<\/strong>. Si son adaptation a parfois sembl\u00e9 compliqu\u00e9e, son but de <strong>la victoire dans le derby face \u00e0 Saint-\u00c9tienne en janvier 2019<\/strong> a d\u00e9finitivement permis \u00e0 l&rsquo;avant-centre de 23 ans de gagner sa place sur le terrain, et dans le c\u0153ur des Lyonnais.<\/p>\n<p style=\"text-align: justify;\">En ce d\u00e9but d\u2019exercice 2019-2020, <strong>le natif de Pontoise a trouv\u00e9 le chemin des filets \u00e0 10 reprises en 13 matchs, dont 12 titularisations<\/strong>. Cela continue de lui donner confiance, avec un but toutes les 106 minutes contre seulement une r\u00e9alisation toutes les 134 minutes lors de la saison 2018-2019. Au-del\u00e0 de son efficacit\u00e9 devant la cage, <strong>Moussa Demb\u00e9l\u00e9<\/strong> est un attaquant qui p\u00e8se sur les d\u00e9fenses, par sa puissance mais aussi par sa facult\u00e9 \u00e0 jouer dos au but pour conserver le ballon.<\/p>\n<blockquote class=\"twitter-tweet\">\n<p dir=\"ltr\" lang=\"fr\">\u00c0 seulement 23 ans, 4 mois et 11 jours, Moussa <a href=\"https:\/\/twitter.com\/hashtag\/Demb%C3%A9l%C3%A9?src=hash&amp;ref_src=twsrc%5Etfw\">#Demb\u00e9l\u00e9<\/a> affiche un temps de passage impressionnant &#x2935;&#xfe0f;<\/p>\n<p>&#x1f4af;buts en pro :<br \/>\nK. <a href=\"https:\/\/twitter.com\/hashtag\/Benzema?src=hash&amp;ref_src=twsrc%5Etfw\">#Benzema<\/a> : 23 ans, 2 mois et 3 jours<br \/>\nA. <a href=\"https:\/\/twitter.com\/hashtag\/Lacazette?src=hash&amp;ref_src=twsrc%5Etfw\">#Lacazette<\/a> : 25 ans, 5 mois et 1 jour<br \/>\nS. <a href=\"https:\/\/twitter.com\/hashtag\/Anderson?src=hash&amp;ref_src=twsrc%5Etfw\">#Anderson<\/a> : 26 ans, 1 mois et 16 jours<br \/>\nL. <a href=\"https:\/\/twitter.com\/hashtag\/Lopez?src=hash&amp;ref_src=twsrc%5Etfw\">#Lopez<\/a> : 26 ans, 9 mois, 4 jours <a href=\"https:\/\/t.co\/nIyTtohkKV\">pic.twitter.com\/nIyTtohkKV<\/a><\/p>\n<p>\u2014 Social Gones (@SocialGones) <a href=\"https:\/\/twitter.com\/SocialGones\/status\/1198417185938522116?ref_src=twsrc%5Etfw\">November 24, 2019<\/a><\/p><\/blockquote>\n<p><script async src=\"https:\/\/platform.twitter.com\/widgets.js\" charset=\"utf-8\"><\/script><\/p>\n<h2 style=\"text-align: justify;\">La Ligue des Champions pour changer de dimension et viser les Bleus<\/h2>\n<p style=\"text-align: justify;\">S&rsquo;il a maintenant pris ses marques dans le championnat fran\u00e7ais, il doit confirmer sur la sc\u00e8ne europ\u00e9enne. Sur ses dix premiers matchs de <strong>Ligue des Champions<\/strong>, il a, seulement, marqu\u00e9 un but la saison pass\u00e9e, 0 en\u00a0quatre sorties pour le moment dans l&rsquo;\u00e9dition 2019-2020. Et c&rsquo;est bien dans la comp\u00e9tition reine que le buteur de l&rsquo;<strong>Olympique Lyonnais<\/strong> doit s&rsquo;affirmer pour franchir un palier avec son club, pour viser ensuite l&rsquo;\u00e9quipe de France.<\/p>\n<p style=\"text-align: justify;\">\u00c0 l&rsquo;heure o\u00f9 le temps de jeu d&rsquo;<strong>Olivier Giroud<\/strong> pose probl\u00e8me et avec les prestations peu convaincantes de <strong>Wissam Ben Yedder<\/strong>, une place devrait \u00eatre rapidement \u00e0 prendre \u00e0 la pointe de l&rsquo;attaque des Bleus. Pour convaincre le s\u00e9lectionneur tricolore, la <strong>Champions League<\/strong> sera s\u00fbrement le juge de paix.<\/p>\n<p style=\"text-align: justify;\"><strong><em>Dicodusport<br \/>\n<a href=\"https:\/\/www.facebook.com\/dicodusport\/\" target=\"_blank\" rel=\"noopener\"><img loading=\"lazy\" decoding=\"async\" class=\"alignnone wp-image-2909\" src=\"http:\/\/dicodusport.fr\/blog\/wp-content\/uploads\/2017\/07\/logo-facebook-150x150.png\" alt=\"\" width=\"40\" height=\"40\" \/><\/a><a href=\"https:\/\/twitter.com\/dicodusport\" target=\"_blank\" rel=\"noopener\"><img loading=\"lazy\" decoding=\"async\" class=\"alignnone wp-image-2908\" src=\"http:\/\/dicodusport.fr\/blog\/wp-content\/uploads\/2017\/07\/logo-twitter-150x150.png\" alt=\"\" width=\"39\" height=\"39\" \/><\/a><\/em><\/strong><\/p>\n","protected":false},"excerpt":{"rendered":"<p>Buteur reconnu en \u00c9cosse malgr\u00e9 son jeune \u00e2ge, Moussa Demb\u00e9l\u00e9 est en train de changer de dimension \u00e0 l&rsquo;Olympique Lyonnais pour sa deuxi\u00e8me saison dans la capitale des Gaules.<\/p>\n","protected":false},"author":1,"featured_media":54024,"comment_status":"open","ping_status":"closed","sticky":false,"template":"","format":"standard","meta":{"_acf_changed":false,"_daextam_enable_autolinks":"","footnotes":""},"categories":[2301],"tags":[5184,75,449,8360,1145],"class_list":["post-54000","post","type-post","status-publish","format-standard","has-post-thumbnail","hentry","category-football","tag-dembele","tag-football","tag-lyon","tag-moussa-dembele","tag-ol"],"acf":[],"yoast_head":"<!-- This site is optimized with the Yoast SEO Premium plugin v26.7 (Yoast SEO v26.7) - https:\/\/yoast.com\/wordpress\/plugins\/seo\/ -->\n<title>Moussa Demb\u00e9l\u00e9 va changer de dimension avec l&#039;OL<\/title>\n<meta name=\"description\" content=\"Buteur reconnu en \u00c9cosse malgr\u00e9 son jeune \u00e2ge, Moussa Demb\u00e9l\u00e9 est en train de changer de dimension \u00e0 l&#039;Olympique Lyonnais.\" \/>\n<meta name=\"robots\" content=\"index, follow, max-snippet:-1, max-image-preview:large, max-video-preview:-1\" \/>\n<link rel=\"canonical\" href=\"https:\/\/dicodusport.fr\/blog\/moussa-dembele-changer-dimension-ol\/\" \/>\n<meta property=\"og:locale\" content=\"fr_FR\" \/>\n<meta property=\"og:type\" content=\"article\" \/>\n<meta property=\"og:title\" content=\"Moussa Demb\u00e9l\u00e9 va changer de dimension avec l&#039;OL\" \/>\n<meta property=\"og:description\" content=\"Buteur reconnu en \u00c9cosse malgr\u00e9 son jeune \u00e2ge, Moussa Demb\u00e9l\u00e9 est en train de changer de dimension \u00e0 l&#039;Olympique Lyonnais.\" \/>\n<meta property=\"og:url\" content=\"https:\/\/dicodusport.fr\/blog\/moussa-dembele-changer-dimension-ol\/\" \/>\n<meta property=\"og:site_name\" content=\"Dicodusport\" \/>\n<meta property=\"article:publisher\" content=\"https:\/\/www.facebook.com\/dicodusport\" \/>\n<meta property=\"article:author\" content=\"https:\/\/www.facebook.com\/dicodusport\" \/>\n<meta property=\"article:published_time\" content=\"2019-11-27T12:56:58+00:00\" \/>\n<meta property=\"og:image\" content=\"https:\/\/dicodusport.fr\/blog\/wp-content\/uploads\/2019\/11\/Moussa-Demb\u00e9l\u00e9-va-changer-de-dimension-avec-lOL.png\" \/>\n\t<meta property=\"og:image:width\" content=\"800\" \/>\n\t<meta property=\"og:image:height\" content=\"445\" \/>\n\t<meta property=\"og:image:type\" content=\"image\/png\" \/>\n<meta name=\"author\" content=\"Nicolas Jacquemard\" \/>\n<meta name=\"twitter:card\" content=\"summary_large_image\" \/>\n<meta name=\"twitter:title\" content=\"Moussa Demb\u00e9l\u00e9 va changer de dimension avec l&#039;OL\" \/>\n<meta name=\"twitter:creator\" content=\"@https:\/\/twitter.com\/Nico_Jacquemard\" \/>\n<meta name=\"twitter:site\" content=\"@dicodusport\" \/>\n<script type=\"application\/ld+json\" class=\"yoast-schema-graph\">{\"@context\":\"https:\/\/schema.org\",\"@graph\":[{\"@type\":\"NewsArticle\",\"@id\":\"https:\/\/dicodusport.fr\/blog\/moussa-dembele-changer-dimension-ol\/#article\",\"isPartOf\":{\"@id\":\"https:\/\/dicodusport.fr\/blog\/moussa-dembele-changer-dimension-ol\/\"},\"author\":{\"name\":\"Nicolas Jacquemard\",\"@id\":\"https:\/\/dicodusport.fr\/blog\/#\/schema\/person\/55dcb50ad410894e431ed812bbb70191\"},\"headline\":\"Moussa Demb\u00e9l\u00e9 va changer de dimension avec l&rsquo;OL\",\"datePublished\":\"2019-11-27T12:56:58+00:00\",\"mainEntityOfPage\":{\"@id\":\"https:\/\/dicodusport.fr\/blog\/moussa-dembele-changer-dimension-ol\/\"},\"wordCount\":449,\"commentCount\":0,\"publisher\":{\"@id\":\"https:\/\/dicodusport.fr\/blog\/#organization\"},\"image\":{\"@id\":\"https:\/\/dicodusport.fr\/blog\/moussa-dembele-changer-dimension-ol\/#primaryimage\"},\"thumbnailUrl\":\"https:\/\/dicodusport.fr\/blog\/wp-content\/uploads\/2019\/11\/Moussa-Demb\u00e9l\u00e9-va-changer-de-dimension-avec-lOL.png\",\"keywords\":[\"Demb\u00e9l\u00e9\",\"Football\",\"Lyon\",\"Moussa Demb\u00e9l\u00e9\",\"OL\"],\"articleSection\":[\"Football\"],\"inLanguage\":\"fr-FR\",\"potentialAction\":[{\"@type\":\"CommentAction\",\"name\":\"Comment\",\"target\":[\"https:\/\/dicodusport.fr\/blog\/moussa-dembele-changer-dimension-ol\/#respond\"]}],\"copyrightYear\":\"2019\",\"copyrightHolder\":{\"@id\":\"https:\/\/dicodusport.fr\/blog\/#organization\"}},{\"@type\":\"WebPage\",\"@id\":\"https:\/\/dicodusport.fr\/blog\/moussa-dembele-changer-dimension-ol\/\",\"url\":\"https:\/\/dicodusport.fr\/blog\/moussa-dembele-changer-dimension-ol\/\",\"name\":\"Moussa Demb\u00e9l\u00e9 va changer de dimension avec l'OL\",\"isPartOf\":{\"@id\":\"https:\/\/dicodusport.fr\/blog\/#website\"},\"primaryImageOfPage\":{\"@id\":\"https:\/\/dicodusport.fr\/blog\/moussa-dembele-changer-dimension-ol\/#primaryimage\"},\"image\":{\"@id\":\"https:\/\/dicodusport.fr\/blog\/moussa-dembele-changer-dimension-ol\/#primaryimage\"},\"thumbnailUrl\":\"https:\/\/dicodusport.fr\/blog\/wp-content\/uploads\/2019\/11\/Moussa-Demb\u00e9l\u00e9-va-changer-de-dimension-avec-lOL.png\",\"datePublished\":\"2019-11-27T12:56:58+00:00\",\"description\":\"Buteur reconnu en \u00c9cosse malgr\u00e9 son jeune \u00e2ge, Moussa Demb\u00e9l\u00e9 est en train de changer de dimension \u00e0 l'Olympique Lyonnais.\",\"breadcrumb\":{\"@id\":\"https:\/\/dicodusport.fr\/blog\/moussa-dembele-changer-dimension-ol\/#breadcrumb\"},\"inLanguage\":\"fr-FR\",\"potentialAction\":[{\"@type\":\"ReadAction\",\"target\":[\"https:\/\/dicodusport.fr\/blog\/moussa-dembele-changer-dimension-ol\/\"]}]},{\"@type\":\"ImageObject\",\"inLanguage\":\"fr-FR\",\"@id\":\"https:\/\/dicodusport.fr\/blog\/moussa-dembele-changer-dimension-ol\/#primaryimage\",\"url\":\"https:\/\/dicodusport.fr\/blog\/wp-content\/uploads\/2019\/11\/Moussa-Demb\u00e9l\u00e9-va-changer-de-dimension-avec-lOL.png\",\"contentUrl\":\"https:\/\/dicodusport.fr\/blog\/wp-content\/uploads\/2019\/11\/Moussa-Demb\u00e9l\u00e9-va-changer-de-dimension-avec-lOL.png\",\"width\":800,\"height\":445,\"caption\":\"Moussa Demb\u00e9l\u00e9 va changer de dimension avec l'OL\"},{\"@type\":\"BreadcrumbList\",\"@id\":\"https:\/\/dicodusport.fr\/blog\/moussa-dembele-changer-dimension-ol\/#breadcrumb\",\"itemListElement\":[{\"@type\":\"ListItem\",\"position\":1,\"name\":\"Accueil\",\"item\":\"https:\/\/dicodusport.fr\/blog\/\"},{\"@type\":\"ListItem\",\"position\":2,\"name\":\"Moussa Demb\u00e9l\u00e9 va changer de dimension avec l&rsquo;OL\"}]},{\"@type\":\"WebSite\",\"@id\":\"https:\/\/dicodusport.fr\/blog\/#website\",\"url\":\"https:\/\/dicodusport.fr\/blog\/\",\"name\":\"Dicodusport\",\"description\":\"L&#039;encyclop\u00e9die de l&#039;actualit\u00e9 sportive\",\"publisher\":{\"@id\":\"https:\/\/dicodusport.fr\/blog\/#organization\"},\"potentialAction\":[{\"@type\":\"SearchAction\",\"target\":{\"@type\":\"EntryPoint\",\"urlTemplate\":\"https:\/\/dicodusport.fr\/blog\/?s={search_term_string}\"},\"query-input\":{\"@type\":\"PropertyValueSpecification\",\"valueRequired\":true,\"valueName\":\"search_term_string\"}}],\"inLanguage\":\"fr-FR\"},{\"@type\":\"NewsMediaOrganization\",\"@id\":\"https:\/\/dicodusport.fr\/blog\/#organization\",\"name\":\"Dicodusport\",\"url\":\"https:\/\/dicodusport.fr\/blog\/\",\"logo\":{\"@type\":\"ImageObject\",\"inLanguage\":\"fr-FR\",\"@id\":\"https:\/\/dicodusport.fr\/blog\/#\/schema\/logo\/image\/\",\"url\":\"https:\/\/dicodusport.fr\/blog\/wp-content\/uploads\/2020\/06\/cropped-LOGO-DICODUSPORT-2020-SANS-FOND-SANS-TEXTE.png\",\"contentUrl\":\"https:\/\/dicodusport.fr\/blog\/wp-content\/uploads\/2020\/06\/cropped-LOGO-DICODUSPORT-2020-SANS-FOND-SANS-TEXTE.png\",\"width\":512,\"height\":512,\"caption\":\"Dicodusport\"},\"image\":{\"@id\":\"https:\/\/dicodusport.fr\/blog\/#\/schema\/logo\/image\/\"},\"sameAs\":[\"https:\/\/www.facebook.com\/dicodusport\",\"https:\/\/x.com\/dicodusport\",\"https:\/\/www.instagram.com\/dicodusport\/\",\"https:\/\/www.youtube.com\/channel\/UC7V2KZ5sd3htJivAbA4ZG3w\"],\"description\":\"Dicodusport est l'encyclop\u00e9die de l'actualit\u00e9 sportive.\",\"email\":\"bonjour@dicodusport.fr\",\"legalName\":\"DICODUSPORT\",\"foundingDate\":\"2018-01-14\",\"vatID\":\"FR71834470973\",\"taxID\":\"83447097300043\",\"numberOfEmployees\":{\"@type\":\"QuantitativeValue\",\"minValue\":\"1\",\"maxValue\":\"10\"}},{\"@type\":\"Person\",\"@id\":\"https:\/\/dicodusport.fr\/blog\/#\/schema\/person\/55dcb50ad410894e431ed812bbb70191\",\"name\":\"Nicolas Jacquemard\",\"image\":{\"@type\":\"ImageObject\",\"inLanguage\":\"fr-FR\",\"@id\":\"https:\/\/dicodusport.fr\/blog\/#\/schema\/person\/image\/\",\"url\":\"https:\/\/dicodusport.fr\/blog\/wp-content\/uploads\/2021\/05\/Nicolas-Jacquemard-150x150.jpeg\",\"contentUrl\":\"https:\/\/dicodusport.fr\/blog\/wp-content\/uploads\/2021\/05\/Nicolas-Jacquemard-150x150.jpeg\",\"caption\":\"Nicolas Jacquemard\"},\"description\":\"Passionn\u00e9 de sport et entrepreneur depuis mes 18 ans, la cr\u00e9ation de Dicodusport m'a sembl\u00e9 \u00e9vidente pour participer \u00e0 la m\u00e9diatisation d'un plus grand nombre de sports. Le chemin est long mais avec une \u00e9quipe des plus motiv\u00e9es et les Jeux Olympiques de Paris 2024 en point de mire, nous y arriverons ! Journaliste dans le monde du sport depuis plus de 5 ans, je traite aussi bien de football, de rugby, de biathlon que de cyclisme.\",\"sameAs\":[\"https:\/\/www.facebook.com\/dicodusport\",\"https:\/\/x.com\/https:\/\/twitter.com\/Nico_Jacquemard\"],\"url\":\"https:\/\/dicodusport.fr\/blog\/author\/dicodusport\/\"}]}<\/script>\n<!-- \/ Yoast SEO Premium plugin. -->","yoast_head_json":{"title":"Moussa Demb\u00e9l\u00e9 va changer de dimension avec l'OL","description":"Buteur reconnu en \u00c9cosse malgr\u00e9 son jeune \u00e2ge, Moussa Demb\u00e9l\u00e9 est en train de changer de dimension \u00e0 l'Olympique Lyonnais.","robots":{"index":"index","follow":"follow","max-snippet":"max-snippet:-1","max-image-preview":"max-image-preview:large","max-video-preview":"max-video-preview:-1"},"canonical":"https:\/\/dicodusport.fr\/blog\/moussa-dembele-changer-dimension-ol\/","og_locale":"fr_FR","og_type":"article","og_title":"Moussa Demb\u00e9l\u00e9 va changer de dimension avec l'OL","og_description":"Buteur reconnu en \u00c9cosse malgr\u00e9 son jeune \u00e2ge, Moussa Demb\u00e9l\u00e9 est en train de changer de dimension \u00e0 l'Olympique Lyonnais.","og_url":"https:\/\/dicodusport.fr\/blog\/moussa-dembele-changer-dimension-ol\/","og_site_name":"Dicodusport","article_publisher":"https:\/\/www.facebook.com\/dicodusport","article_author":"https:\/\/www.facebook.com\/dicodusport","article_published_time":"2019-11-27T12:56:58+00:00","og_image":[{"width":800,"height":445,"url":"https:\/\/dicodusport.fr\/blog\/wp-content\/uploads\/2019\/11\/Moussa-Demb\u00e9l\u00e9-va-changer-de-dimension-avec-lOL.png","type":"image\/png"}],"author":"Nicolas Jacquemard","twitter_card":"summary_large_image","twitter_title":"Moussa Demb\u00e9l\u00e9 va changer de dimension avec l'OL","twitter_creator":"@https:\/\/twitter.com\/Nico_Jacquemard","twitter_site":"@dicodusport","schema":{"@context":"https:\/\/schema.org","@graph":[{"@type":"NewsArticle","@id":"https:\/\/dicodusport.fr\/blog\/moussa-dembele-changer-dimension-ol\/#article","isPartOf":{"@id":"https:\/\/dicodusport.fr\/blog\/moussa-dembele-changer-dimension-ol\/"},"author":{"name":"Nicolas Jacquemard","@id":"https:\/\/dicodusport.fr\/blog\/#\/schema\/person\/55dcb50ad410894e431ed812bbb70191"},"headline":"Moussa Demb\u00e9l\u00e9 va changer de dimension avec l&rsquo;OL","datePublished":"2019-11-27T12:56:58+00:00","mainEntityOfPage":{"@id":"https:\/\/dicodusport.fr\/blog\/moussa-dembele-changer-dimension-ol\/"},"wordCount":449,"commentCount":0,"publisher":{"@id":"https:\/\/dicodusport.fr\/blog\/#organization"},"image":{"@id":"https:\/\/dicodusport.fr\/blog\/moussa-dembele-changer-dimension-ol\/#primaryimage"},"thumbnailUrl":"https:\/\/dicodusport.fr\/blog\/wp-content\/uploads\/2019\/11\/Moussa-Demb\u00e9l\u00e9-va-changer-de-dimension-avec-lOL.png","keywords":["Demb\u00e9l\u00e9","Football","Lyon","Moussa Demb\u00e9l\u00e9","OL"],"articleSection":["Football"],"inLanguage":"fr-FR","potentialAction":[{"@type":"CommentAction","name":"Comment","target":["https:\/\/dicodusport.fr\/blog\/moussa-dembele-changer-dimension-ol\/#respond"]}],"copyrightYear":"2019","copyrightHolder":{"@id":"https:\/\/dicodusport.fr\/blog\/#organization"}},{"@type":"WebPage","@id":"https:\/\/dicodusport.fr\/blog\/moussa-dembele-changer-dimension-ol\/","url":"https:\/\/dicodusport.fr\/blog\/moussa-dembele-changer-dimension-ol\/","name":"Moussa Demb\u00e9l\u00e9 va changer de dimension avec l'OL","isPartOf":{"@id":"https:\/\/dicodusport.fr\/blog\/#website"},"primaryImageOfPage":{"@id":"https:\/\/dicodusport.fr\/blog\/moussa-dembele-changer-dimension-ol\/#primaryimage"},"image":{"@id":"https:\/\/dicodusport.fr\/blog\/moussa-dembele-changer-dimension-ol\/#primaryimage"},"thumbnailUrl":"https:\/\/dicodusport.fr\/blog\/wp-content\/uploads\/2019\/11\/Moussa-Demb\u00e9l\u00e9-va-changer-de-dimension-avec-lOL.png","datePublished":"2019-11-27T12:56:58+00:00","description":"Buteur reconnu en \u00c9cosse malgr\u00e9 son jeune \u00e2ge, Moussa Demb\u00e9l\u00e9 est en train de changer de dimension \u00e0 l'Olympique Lyonnais.","breadcrumb":{"@id":"https:\/\/dicodusport.fr\/blog\/moussa-dembele-changer-dimension-ol\/#breadcrumb"},"inLanguage":"fr-FR","potentialAction":[{"@type":"ReadAction","target":["https:\/\/dicodusport.fr\/blog\/moussa-dembele-changer-dimension-ol\/"]}]},{"@type":"ImageObject","inLanguage":"fr-FR","@id":"https:\/\/dicodusport.fr\/blog\/moussa-dembele-changer-dimension-ol\/#primaryimage","url":"https:\/\/dicodusport.fr\/blog\/wp-content\/uploads\/2019\/11\/Moussa-Demb\u00e9l\u00e9-va-changer-de-dimension-avec-lOL.png","contentUrl":"https:\/\/dicodusport.fr\/blog\/wp-content\/uploads\/2019\/11\/Moussa-Demb\u00e9l\u00e9-va-changer-de-dimension-avec-lOL.png","width":800,"height":445,"caption":"Moussa Demb\u00e9l\u00e9 va changer de dimension avec l'OL"},{"@type":"BreadcrumbList","@id":"https:\/\/dicodusport.fr\/blog\/moussa-dembele-changer-dimension-ol\/#breadcrumb","itemListElement":[{"@type":"ListItem","position":1,"name":"Accueil","item":"https:\/\/dicodusport.fr\/blog\/"},{"@type":"ListItem","position":2,"name":"Moussa Demb\u00e9l\u00e9 va changer de dimension avec l&rsquo;OL"}]},{"@type":"WebSite","@id":"https:\/\/dicodusport.fr\/blog\/#website","url":"https:\/\/dicodusport.fr\/blog\/","name":"Dicodusport","description":"L&#039;encyclop\u00e9die de l&#039;actualit\u00e9 sportive","publisher":{"@id":"https:\/\/dicodusport.fr\/blog\/#organization"},"potentialAction":[{"@type":"SearchAction","target":{"@type":"EntryPoint","urlTemplate":"https:\/\/dicodusport.fr\/blog\/?s={search_term_string}"},"query-input":{"@type":"PropertyValueSpecification","valueRequired":true,"valueName":"search_term_string"}}],"inLanguage":"fr-FR"},{"@type":"NewsMediaOrganization","@id":"https:\/\/dicodusport.fr\/blog\/#organization","name":"Dicodusport","url":"https:\/\/dicodusport.fr\/blog\/","logo":{"@type":"ImageObject","inLanguage":"fr-FR","@id":"https:\/\/dicodusport.fr\/blog\/#\/schema\/logo\/image\/","url":"https:\/\/dicodusport.fr\/blog\/wp-content\/uploads\/2020\/06\/cropped-LOGO-DICODUSPORT-2020-SANS-FOND-SANS-TEXTE.png","contentUrl":"https:\/\/dicodusport.fr\/blog\/wp-content\/uploads\/2020\/06\/cropped-LOGO-DICODUSPORT-2020-SANS-FOND-SANS-TEXTE.png","width":512,"height":512,"caption":"Dicodusport"},"image":{"@id":"https:\/\/dicodusport.fr\/blog\/#\/schema\/logo\/image\/"},"sameAs":["https:\/\/www.facebook.com\/dicodusport","https:\/\/x.com\/dicodusport","https:\/\/www.instagram.com\/dicodusport\/","https:\/\/www.youtube.com\/channel\/UC7V2KZ5sd3htJivAbA4ZG3w"],"description":"Dicodusport est l'encyclop\u00e9die de l'actualit\u00e9 sportive.","email":"bonjour@dicodusport.fr","legalName":"DICODUSPORT","foundingDate":"2018-01-14","vatID":"FR71834470973","taxID":"83447097300043","numberOfEmployees":{"@type":"QuantitativeValue","minValue":"1","maxValue":"10"}},{"@type":"Person","@id":"https:\/\/dicodusport.fr\/blog\/#\/schema\/person\/55dcb50ad410894e431ed812bbb70191","name":"Nicolas Jacquemard","image":{"@type":"ImageObject","inLanguage":"fr-FR","@id":"https:\/\/dicodusport.fr\/blog\/#\/schema\/person\/image\/","url":"https:\/\/dicodusport.fr\/blog\/wp-content\/uploads\/2021\/05\/Nicolas-Jacquemard-150x150.jpeg","contentUrl":"https:\/\/dicodusport.fr\/blog\/wp-content\/uploads\/2021\/05\/Nicolas-Jacquemard-150x150.jpeg","caption":"Nicolas Jacquemard"},"description":"Passionn\u00e9 de sport et entrepreneur depuis mes 18 ans, la cr\u00e9ation de Dicodusport m'a sembl\u00e9 \u00e9vidente pour participer \u00e0 la m\u00e9diatisation d'un plus grand nombre de sports. Le chemin est long mais avec une \u00e9quipe des plus motiv\u00e9es et les Jeux Olympiques de Paris 2024 en point de mire, nous y arriverons ! Journaliste dans le monde du sport depuis plus de 5 ans, je traite aussi bien de football, de rugby, de biathlon que de cyclisme.","sameAs":["https:\/\/www.facebook.com\/dicodusport","https:\/\/x.com\/https:\/\/twitter.com\/Nico_Jacquemard"],"url":"https:\/\/dicodusport.fr\/blog\/author\/dicodusport\/"}]}},"_links":{"self":[{"href":"https:\/\/dicodusport.fr\/blog\/wp-json\/wp\/v2\/posts\/54000","targetHints":{"allow":["GET"]}}],"collection":[{"href":"https:\/\/dicodusport.fr\/blog\/wp-json\/wp\/v2\/posts"}],"about":[{"href":"https:\/\/dicodusport.fr\/blog\/wp-json\/wp\/v2\/types\/post"}],"author":[{"embeddable":true,"href":"https:\/\/dicodusport.fr\/blog\/wp-json\/wp\/v2\/users\/1"}],"replies":[{"embeddable":true,"href":"https:\/\/dicodusport.fr\/blog\/wp-json\/wp\/v2\/comments?post=54000"}],"version-history":[{"count":0,"href":"https:\/\/dicodusport.fr\/blog\/wp-json\/wp\/v2\/posts\/54000\/revisions"}],"wp:featuredmedia":[{"embeddable":true,"href":"https:\/\/dicodusport.fr\/blog\/wp-json\/wp\/v2\/media\/54024"}],"wp:attachment":[{"href":"https:\/\/dicodusport.fr\/blog\/wp-json\/wp\/v2\/media?parent=54000"}],"wp:term":[{"taxonomy":"category","embeddable":true,"href":"https:\/\/dicodusport.fr\/blog\/wp-json\/wp\/v2\/categories?post=54000"},{"taxonomy":"post_tag","embeddable":true,"href":"https:\/\/dicodusport.fr\/blog\/wp-json\/wp\/v2\/tags?post=54000"}],"curies":[{"name":"wp","href":"https:\/\/api.w.org\/{rel}","templated":true}]}}