{"id":540101,"date":"2024-12-15T14:23:16","date_gmt":"2024-12-15T13:23:16","guid":{"rendered":"https:\/\/dicodusport.fr\/blog\/?p=540101&#038;preview=true&#038;preview_id=540101"},"modified":"2025-04-03T14:25:22","modified_gmt":"2025-04-03T12:25:22","slug":"coupe-du-monde-ski-alpinisme-axelle-gachet-mollaret-domine-la-vertical-race-emily-harrop-2e","status":"publish","type":"post","link":"https:\/\/dicodusport.fr\/blog\/coupe-du-monde-ski-alpinisme-axelle-gachet-mollaret-domine-la-vertical-race-emily-harrop-2e\/","title":{"rendered":"Ski Alpinisme Courchevel : Axelle Gachet-Mollaret domine la vertical race, Emily Harrop 2e"},"content":{"rendered":"<p style=\"text-align: justify;\" align=\"justify\"><em><a style=\"font-weight: bold;\" href=\"https:\/\/dicodusport.fr\/blog\/?s=ski+alpinisme\">SKI ALPINISME<\/a><b> &#8211; Nouvelle journ\u00e9e de comp\u00e9tition et nouvelle victoire pour le clan tricolore \u00e0 Courchevel. Sur la vertical race, Axelle Gachet-Mollaret s&rsquo;est montr\u00e9e souveraine pour l&#8217;emporter devant sa compatriote, Emily Harrop. En terminant 3e de l&rsquo;\u00e9preuve masculine, Xavier Gachet ajoute un troisi\u00e8me podium \u00e0 la r\u00e9colte.<\/b><\/em><\/p>\n<p align=\"justify\">Le <strong>ski alpinisme<\/strong> f\u00e9minin fran\u00e7ais aura connu des d\u00e9buts en fanfare pour le premier weekend de coupe du monde disput\u00e9 \u00e0 <strong>Courchevel<\/strong>. \u00c0 domicile, les Bleues n&rsquo;auront laiss\u00e9 que des miettes \u00e0 la concurrence. Samedi, <a href=\"https:\/\/dicodusport.fr\/blog\/coupe-du-monde-ski-alpinisme-emily-harrop-lance-sa-saison-par-une-victoire-a-courchevel\/\">Emily Harrop avait remport\u00e9 le sprint<\/a> tandis que Margot Ravinel avait accroch\u00e9 la 3e position. Ce dimanche, la v<strong>ertical race<\/strong> a de nouveau \u00e9t\u00e9 le th\u00e9\u00e2tre d&rsquo;une razzia tricolore.<\/p>\n<h2 style=\"text-align: justify;\" align=\"justify\">Axelle Gachet-Mollaret et Emily Harrop au top<\/h2>\n<p align=\"justify\">Couronn\u00e9e championne de France de la discipline la semaine derni\u00e8re, <strong>Axelle Gachet-Mollaret<\/strong> a fait honneur \u00e0 son statut en raflant la mise. Partie sur un gros rythme, elle a creus\u00e9 l&rsquo;\u00e9cart dans les 200 premiers m\u00e8tres, avant de maintenir une cadence suffisante pour s&rsquo;imposer avec 13 secondes d&rsquo;avance sur <strong>Emily Harrop<\/strong>. Favorite \u00e0 sa propre succession pour le gros globe de cristal, la Tricolore prend d\u00e9j\u00e0 les commandes du g\u00e9n\u00e9ral avec ses deux grosses performances. L&rsquo;Autrichienne <strong>Sarah Dreier<\/strong> compl\u00e8te le podium, \u00e0 27 secondes du temps de Gachet-Mollaret. Autre tricolore en vue ce weekend, <strong>Margot Ravinel<\/strong> d\u00e9croche une 7e place tout sauf anecdotique puisqu&rsquo;elle lui permet de se positionner au 2e rang du classement g\u00e9n\u00e9ral.<\/p>\n<blockquote class=\"twitter-tweet\">\n<p dir=\"ltr\" lang=\"en\">TOP 3 Vertical race Women<\/p>\n<p>\ud83e\udd47 Axelle Gachet Mollaret &#8211; 25:30\u20190<br \/>\n\ud83e\udd48 Emily Harrop &#8211; 25:42\u20199<br \/>\n\ud83e\udd49 Sarah Dreier &#8211; 25:57\u20195<a href=\"https:\/\/twitter.com\/hashtag\/ISMFWorldCup?src=hash&amp;ref_src=twsrc%5Etfw\">#ISMFWorldCup<\/a> <a href=\"https:\/\/twitter.com\/hashtag\/SkiMountaineering?src=hash&amp;ref_src=twsrc%5Etfw\">#SkiMountaineering<\/a> <a href=\"https:\/\/twitter.com\/hashtag\/Courchevel?src=hash&amp;ref_src=twsrc%5Etfw\">#Courchevel<\/a> <a href=\"https:\/\/twitter.com\/hashtag\/VerticalRace?src=hash&amp;ref_src=twsrc%5Etfw\">#VerticalRace<\/a> <a href=\"https:\/\/t.co\/Yq3ETwE65b\">pic.twitter.com\/Yq3ETwE65b<\/a><\/p>\n<p>\u2014 ISMF Skimo (@ISMFSkimo) <a href=\"https:\/\/twitter.com\/ISMFSkimo\/status\/1868270322795069616?ref_src=twsrc%5Etfw\">December 15, 2024<\/a><\/p><\/blockquote>\n<p><script async src=\"https:\/\/platform.twitter.com\/widgets.js\" charset=\"utf-8\"><\/script><\/p>\n<h2 style=\"text-align: justify;\" align=\"justify\">R\u00e9mi Bonnet sur une autre plan\u00e8te, Xavier Gachet accroche le podium<\/h2>\n<p align=\"justify\">C\u00f4t\u00e9 masculin, l&rsquo;\u00e9pouvantail de la sp\u00e9cialit\u00e9 a repris sa marche en avant. Large vainqueur du petit globe l&rsquo;an dernier, <strong>R\u00e9mi Bonnet<\/strong> a de nouveau fait \u00e9talage de sa sup\u00e9riorit\u00e9 totale en creusant un \u00e9cart stratosph\u00e9rique avec le reste de la concurrence. En claquant un chrono impressionnant sous les 20 minutes, il a rel\u00e9gu\u00e9 son dauphin \u00e0 pr\u00e8s de deux minutes (1:50) ! 2e, <strong>Aur\u00e9lien Gay<\/strong> valide un doubl\u00e9 suisse, mais les Bleus ne sont pas en reste puisque <strong>Xavier Gachet<\/strong> a accroch\u00e9 la derni\u00e8re place sur le podium. Pour \u00e0 peine une seconde il devance son compatriote <strong>Paul Jay<\/strong>, qui \u00e9choue au pied de la bo\u00eete. <strong>G\u00e9d\u00e9on Pochat Cottilloux<\/strong> s&rsquo;est lui positionn\u00e9 dans le Top 10 (10e), tandis que <strong>Thibault Anselmet<\/strong> a \u00e9t\u00e9 plus en retrait (16e) apr\u00e8s son podium sur le sprint.<\/p>\n<p align=\"justify\">Le clan tricolore quitte donc Courchevel avec 50% des victoires et des podiums en jeu en poche ! Suite \u00e0 une pause de pr\u00e8s d&rsquo;un mois dans le calendrier, la coupe du monde reprendra ses droits \u00e0 partir du 10 janvier, avec un weekend charg\u00e9 \u00e0 <strong>Shahdag<\/strong> (sprint, vertical race et individuel).<\/p>\n","protected":false},"excerpt":{"rendered":"<p>SKI ALPINISME &#8211; Nouvelle journ\u00e9e de comp\u00e9tition et nouvelle victoire pour le clan tricolore \u00e0 Courchevel. Sur la Vertical race, Axelle Gachet-Mollaret s&rsquo;est montr\u00e9e souveraine pour l&#8217;emporter devant sa compatriote, Emily Harrop. En terminant 3e de l&rsquo;\u00e9preuve masculine, Xavier Gachet ajoute un troisi\u00e8me podium \u00e0 la r\u00e9colte.<\/p>\n","protected":false},"author":55,"featured_media":540147,"comment_status":"open","ping_status":"closed","sticky":false,"template":"","format":"standard","meta":{"_acf_changed":false,"_daextam_enable_autolinks":"1","footnotes":""},"categories":[45757],"tags":[22883,16878,37201,13007,22884,4230,30136,37994],"class_list":["post-540101","post","type-post","status-publish","format-standard","has-post-thumbnail","hentry","category-ski-alpinisme","tag-axelle-gachet-mollaret","tag-breve","tag-coupe-du-monde-ski-alpinisme","tag-courchevel","tag-emily-harrop","tag-ski-alpinisme","tag-thibault-anselmet","tag-xavier-gachet"],"acf":[],"yoast_head":"<!-- This site is optimized with the Yoast SEO Premium plugin v26.7 (Yoast SEO v26.7) - https:\/\/yoast.com\/wordpress\/plugins\/seo\/ -->\n<title>Ski Alpinisme Courchevel : Axelle Gachet-Mollaret domine la vertical race, Emily Harrop 2e<\/title>\n<meta name=\"description\" content=\"COUPE DU MONDE SKI ALPINISME - Axelle Gachet-Mollaret a remport\u00e9 la vertical race de Courchevel devant Emily Harrop.\" \/>\n<meta name=\"robots\" content=\"index, follow, max-snippet:-1, max-image-preview:large, max-video-preview:-1\" \/>\n<link rel=\"canonical\" href=\"https:\/\/dicodusport.fr\/blog\/coupe-du-monde-ski-alpinisme-axelle-gachet-mollaret-domine-la-vertical-race-emily-harrop-2e\/\" \/>\n<meta property=\"og:locale\" content=\"fr_FR\" \/>\n<meta property=\"og:type\" content=\"article\" \/>\n<meta property=\"og:title\" content=\"Ski Alpinisme Courchevel : Axelle Gachet-Mollaret domine la vertical race, Emily Harrop 2e\" \/>\n<meta property=\"og:description\" content=\"COUPE DU MONDE SKI ALPINISME - Axelle Gachet-Mollaret a remport\u00e9 la vertical race de Courchevel devant Emily Harrop.\" \/>\n<meta property=\"og:url\" content=\"https:\/\/dicodusport.fr\/blog\/coupe-du-monde-ski-alpinisme-axelle-gachet-mollaret-domine-la-vertical-race-emily-harrop-2e\/\" \/>\n<meta property=\"og:site_name\" content=\"Dicodusport\" \/>\n<meta property=\"article:publisher\" content=\"https:\/\/www.facebook.com\/dicodusport\" \/>\n<meta property=\"article:published_time\" content=\"2024-12-15T13:23:16+00:00\" \/>\n<meta property=\"article:modified_time\" content=\"2025-04-03T12:25:22+00:00\" \/>\n<meta property=\"og:image\" content=\"https:\/\/dicodusport.fr\/blog\/wp-content\/uploads\/2024\/12\/axelle.png\" \/>\n\t<meta property=\"og:image:width\" content=\"1200\" \/>\n\t<meta property=\"og:image:height\" content=\"674\" \/>\n\t<meta property=\"og:image:type\" content=\"image\/png\" \/>\n<meta name=\"author\" content=\"Maxime Cazenave\" \/>\n<meta name=\"twitter:card\" content=\"summary_large_image\" \/>\n<meta name=\"twitter:title\" content=\"Ski Alpinisme Courchevel : Axelle Gachet-Mollaret domine la vertical race, Emily Harrop 2e\" \/>\n<meta name=\"twitter:creator\" content=\"@https:\/\/twitter.com\/Maxime_Caze\" \/>\n<meta name=\"twitter:site\" content=\"@dicodusport\" \/>\n<script type=\"application\/ld+json\" class=\"yoast-schema-graph\">{\"@context\":\"https:\/\/schema.org\",\"@graph\":[{\"@type\":\"NewsArticle\",\"@id\":\"https:\/\/dicodusport.fr\/blog\/coupe-du-monde-ski-alpinisme-axelle-gachet-mollaret-domine-la-vertical-race-emily-harrop-2e\/#article\",\"isPartOf\":{\"@id\":\"https:\/\/dicodusport.fr\/blog\/coupe-du-monde-ski-alpinisme-axelle-gachet-mollaret-domine-la-vertical-race-emily-harrop-2e\/\"},\"author\":{\"name\":\"Maxime Cazenave\",\"@id\":\"https:\/\/dicodusport.fr\/blog\/#\/schema\/person\/37def232098a7a5cbab3974a3690abb0\"},\"headline\":\"Ski Alpinisme Courchevel : Axelle Gachet-Mollaret domine la vertical race, Emily Harrop 2e\",\"datePublished\":\"2024-12-15T13:23:16+00:00\",\"dateModified\":\"2025-04-03T12:25:22+00:00\",\"mainEntityOfPage\":{\"@id\":\"https:\/\/dicodusport.fr\/blog\/coupe-du-monde-ski-alpinisme-axelle-gachet-mollaret-domine-la-vertical-race-emily-harrop-2e\/\"},\"wordCount\":495,\"commentCount\":0,\"publisher\":{\"@id\":\"https:\/\/dicodusport.fr\/blog\/#organization\"},\"image\":{\"@id\":\"https:\/\/dicodusport.fr\/blog\/coupe-du-monde-ski-alpinisme-axelle-gachet-mollaret-domine-la-vertical-race-emily-harrop-2e\/#primaryimage\"},\"thumbnailUrl\":\"https:\/\/dicodusport.fr\/blog\/wp-content\/uploads\/2024\/12\/axelle.png\",\"keywords\":[\"Axelle Gachet-Mollaret\",\"br\u00e8ve\",\"Coupe du monde ski alpinisme\",\"Courchevel\",\"Emily Harrop\",\"Ski alpinisme\",\"Thibault Anselmet\",\"Xavier Gachet\"],\"articleSection\":[\"Ski alpinisme\"],\"inLanguage\":\"fr-FR\",\"potentialAction\":[{\"@type\":\"CommentAction\",\"name\":\"Comment\",\"target\":[\"https:\/\/dicodusport.fr\/blog\/coupe-du-monde-ski-alpinisme-axelle-gachet-mollaret-domine-la-vertical-race-emily-harrop-2e\/#respond\"]}],\"copyrightYear\":\"2024\",\"copyrightHolder\":{\"@id\":\"https:\/\/dicodusport.fr\/blog\/#organization\"}},{\"@type\":\"WebPage\",\"@id\":\"https:\/\/dicodusport.fr\/blog\/coupe-du-monde-ski-alpinisme-axelle-gachet-mollaret-domine-la-vertical-race-emily-harrop-2e\/\",\"url\":\"https:\/\/dicodusport.fr\/blog\/coupe-du-monde-ski-alpinisme-axelle-gachet-mollaret-domine-la-vertical-race-emily-harrop-2e\/\",\"name\":\"Ski Alpinisme Courchevel : Axelle Gachet-Mollaret domine la vertical race, Emily Harrop 2e\",\"isPartOf\":{\"@id\":\"https:\/\/dicodusport.fr\/blog\/#website\"},\"primaryImageOfPage\":{\"@id\":\"https:\/\/dicodusport.fr\/blog\/coupe-du-monde-ski-alpinisme-axelle-gachet-mollaret-domine-la-vertical-race-emily-harrop-2e\/#primaryimage\"},\"image\":{\"@id\":\"https:\/\/dicodusport.fr\/blog\/coupe-du-monde-ski-alpinisme-axelle-gachet-mollaret-domine-la-vertical-race-emily-harrop-2e\/#primaryimage\"},\"thumbnailUrl\":\"https:\/\/dicodusport.fr\/blog\/wp-content\/uploads\/2024\/12\/axelle.png\",\"datePublished\":\"2024-12-15T13:23:16+00:00\",\"dateModified\":\"2025-04-03T12:25:22+00:00\",\"description\":\"COUPE DU MONDE SKI ALPINISME - Axelle Gachet-Mollaret a remport\u00e9 la vertical race de Courchevel devant Emily Harrop.\",\"breadcrumb\":{\"@id\":\"https:\/\/dicodusport.fr\/blog\/coupe-du-monde-ski-alpinisme-axelle-gachet-mollaret-domine-la-vertical-race-emily-harrop-2e\/#breadcrumb\"},\"inLanguage\":\"fr-FR\",\"potentialAction\":[{\"@type\":\"ReadAction\",\"target\":[\"https:\/\/dicodusport.fr\/blog\/coupe-du-monde-ski-alpinisme-axelle-gachet-mollaret-domine-la-vertical-race-emily-harrop-2e\/\"]}]},{\"@type\":\"ImageObject\",\"inLanguage\":\"fr-FR\",\"@id\":\"https:\/\/dicodusport.fr\/blog\/coupe-du-monde-ski-alpinisme-axelle-gachet-mollaret-domine-la-vertical-race-emily-harrop-2e\/#primaryimage\",\"url\":\"https:\/\/dicodusport.fr\/blog\/wp-content\/uploads\/2024\/12\/axelle.png\",\"contentUrl\":\"https:\/\/dicodusport.fr\/blog\/wp-content\/uploads\/2024\/12\/axelle.png\",\"width\":1200,\"height\":674,\"caption\":\"Coupe du monde Ski Alpinisme : Axelle Gachet-Mollaret domine la vertical race, Emily Harrop 2e\"},{\"@type\":\"BreadcrumbList\",\"@id\":\"https:\/\/dicodusport.fr\/blog\/coupe-du-monde-ski-alpinisme-axelle-gachet-mollaret-domine-la-vertical-race-emily-harrop-2e\/#breadcrumb\",\"itemListElement\":[{\"@type\":\"ListItem\",\"position\":1,\"name\":\"Accueil\",\"item\":\"https:\/\/dicodusport.fr\/blog\/\"},{\"@type\":\"ListItem\",\"position\":2,\"name\":\"Ski Alpinisme Courchevel : Axelle Gachet-Mollaret domine la vertical race, Emily Harrop 2e\"}]},{\"@type\":\"WebSite\",\"@id\":\"https:\/\/dicodusport.fr\/blog\/#website\",\"url\":\"https:\/\/dicodusport.fr\/blog\/\",\"name\":\"Dicodusport\",\"description\":\"L&#039;encyclop\u00e9die de l&#039;actualit\u00e9 sportive\",\"publisher\":{\"@id\":\"https:\/\/dicodusport.fr\/blog\/#organization\"},\"potentialAction\":[{\"@type\":\"SearchAction\",\"target\":{\"@type\":\"EntryPoint\",\"urlTemplate\":\"https:\/\/dicodusport.fr\/blog\/?s={search_term_string}\"},\"query-input\":{\"@type\":\"PropertyValueSpecification\",\"valueRequired\":true,\"valueName\":\"search_term_string\"}}],\"inLanguage\":\"fr-FR\"},{\"@type\":\"NewsMediaOrganization\",\"@id\":\"https:\/\/dicodusport.fr\/blog\/#organization\",\"name\":\"Dicodusport\",\"url\":\"https:\/\/dicodusport.fr\/blog\/\",\"logo\":{\"@type\":\"ImageObject\",\"inLanguage\":\"fr-FR\",\"@id\":\"https:\/\/dicodusport.fr\/blog\/#\/schema\/logo\/image\/\",\"url\":\"https:\/\/dicodusport.fr\/blog\/wp-content\/uploads\/2020\/06\/cropped-LOGO-DICODUSPORT-2020-SANS-FOND-SANS-TEXTE.png\",\"contentUrl\":\"https:\/\/dicodusport.fr\/blog\/wp-content\/uploads\/2020\/06\/cropped-LOGO-DICODUSPORT-2020-SANS-FOND-SANS-TEXTE.png\",\"width\":512,\"height\":512,\"caption\":\"Dicodusport\"},\"image\":{\"@id\":\"https:\/\/dicodusport.fr\/blog\/#\/schema\/logo\/image\/\"},\"sameAs\":[\"https:\/\/www.facebook.com\/dicodusport\",\"https:\/\/x.com\/dicodusport\",\"https:\/\/www.instagram.com\/dicodusport\/\",\"https:\/\/www.youtube.com\/channel\/UC7V2KZ5sd3htJivAbA4ZG3w\"],\"description\":\"Dicodusport est l'encyclop\u00e9die de l'actualit\u00e9 sportive.\",\"email\":\"bonjour@dicodusport.fr\",\"legalName\":\"DICODUSPORT\",\"foundingDate\":\"2018-01-14\",\"vatID\":\"FR71834470973\",\"taxID\":\"83447097300043\",\"numberOfEmployees\":{\"@type\":\"QuantitativeValue\",\"minValue\":\"1\",\"maxValue\":\"10\"}},{\"@type\":\"Person\",\"@id\":\"https:\/\/dicodusport.fr\/blog\/#\/schema\/person\/37def232098a7a5cbab3974a3690abb0\",\"name\":\"Maxime Cazenave\",\"image\":{\"@type\":\"ImageObject\",\"inLanguage\":\"fr-FR\",\"@id\":\"https:\/\/dicodusport.fr\/blog\/#\/schema\/person\/image\/\",\"url\":\"https:\/\/dicodusport.fr\/blog\/wp-content\/uploads\/2021\/05\/Maxime-Cazenave-150x150.jpg\",\"contentUrl\":\"https:\/\/dicodusport.fr\/blog\/wp-content\/uploads\/2021\/05\/Maxime-Cazenave-150x150.jpg\",\"caption\":\"Maxime Cazenave\"},\"description\":\"Journaliste\/R\u00e9dacteur depuis 2012 - Berc\u00e9 par l\u2019amour des Girondins de Bordeaux, les \u00e9checs de Christophe Moreau sur le Tour de France sous l'\u00e8re Lance Armstrong et le fade-away l\u00e9tal de Dirk Nowitzki, ma passion d\u00e9vorante pour le sport a toujours \u00e9t\u00e9 un pan incontournable de ma vie. Transmettre ma passion \u00e0 l\u2019\u00e9crit a \u00e9t\u00e9 une transition naturelle. Suiveur assidu de basket et de hockey sur glace, je garde toujours un peu de place pour suivre le cyclisme, le football et le maximum de performances fran\u00e7aises.\",\"sameAs\":[\"https:\/\/x.com\/https:\/\/twitter.com\/Maxime_Caze\"],\"url\":\"https:\/\/dicodusport.fr\/blog\/author\/maximec\/\"}]}<\/script>\n<!-- \/ Yoast SEO Premium plugin. -->","yoast_head_json":{"title":"Ski Alpinisme Courchevel : Axelle Gachet-Mollaret domine la vertical race, Emily Harrop 2e","description":"COUPE DU MONDE SKI ALPINISME - Axelle Gachet-Mollaret a remport\u00e9 la vertical race de Courchevel devant Emily Harrop.","robots":{"index":"index","follow":"follow","max-snippet":"max-snippet:-1","max-image-preview":"max-image-preview:large","max-video-preview":"max-video-preview:-1"},"canonical":"https:\/\/dicodusport.fr\/blog\/coupe-du-monde-ski-alpinisme-axelle-gachet-mollaret-domine-la-vertical-race-emily-harrop-2e\/","og_locale":"fr_FR","og_type":"article","og_title":"Ski Alpinisme Courchevel : Axelle Gachet-Mollaret domine la vertical race, Emily Harrop 2e","og_description":"COUPE DU MONDE SKI ALPINISME - Axelle Gachet-Mollaret a remport\u00e9 la vertical race de Courchevel devant Emily Harrop.","og_url":"https:\/\/dicodusport.fr\/blog\/coupe-du-monde-ski-alpinisme-axelle-gachet-mollaret-domine-la-vertical-race-emily-harrop-2e\/","og_site_name":"Dicodusport","article_publisher":"https:\/\/www.facebook.com\/dicodusport","article_published_time":"2024-12-15T13:23:16+00:00","article_modified_time":"2025-04-03T12:25:22+00:00","og_image":[{"width":1200,"height":674,"url":"https:\/\/dicodusport.fr\/blog\/wp-content\/uploads\/2024\/12\/axelle.png","type":"image\/png"}],"author":"Maxime Cazenave","twitter_card":"summary_large_image","twitter_title":"Ski Alpinisme Courchevel : Axelle Gachet-Mollaret domine la vertical race, Emily Harrop 2e","twitter_creator":"@https:\/\/twitter.com\/Maxime_Caze","twitter_site":"@dicodusport","schema":{"@context":"https:\/\/schema.org","@graph":[{"@type":"NewsArticle","@id":"https:\/\/dicodusport.fr\/blog\/coupe-du-monde-ski-alpinisme-axelle-gachet-mollaret-domine-la-vertical-race-emily-harrop-2e\/#article","isPartOf":{"@id":"https:\/\/dicodusport.fr\/blog\/coupe-du-monde-ski-alpinisme-axelle-gachet-mollaret-domine-la-vertical-race-emily-harrop-2e\/"},"author":{"name":"Maxime Cazenave","@id":"https:\/\/dicodusport.fr\/blog\/#\/schema\/person\/37def232098a7a5cbab3974a3690abb0"},"headline":"Ski Alpinisme Courchevel : Axelle Gachet-Mollaret domine la vertical race, Emily Harrop 2e","datePublished":"2024-12-15T13:23:16+00:00","dateModified":"2025-04-03T12:25:22+00:00","mainEntityOfPage":{"@id":"https:\/\/dicodusport.fr\/blog\/coupe-du-monde-ski-alpinisme-axelle-gachet-mollaret-domine-la-vertical-race-emily-harrop-2e\/"},"wordCount":495,"commentCount":0,"publisher":{"@id":"https:\/\/dicodusport.fr\/blog\/#organization"},"image":{"@id":"https:\/\/dicodusport.fr\/blog\/coupe-du-monde-ski-alpinisme-axelle-gachet-mollaret-domine-la-vertical-race-emily-harrop-2e\/#primaryimage"},"thumbnailUrl":"https:\/\/dicodusport.fr\/blog\/wp-content\/uploads\/2024\/12\/axelle.png","keywords":["Axelle Gachet-Mollaret","br\u00e8ve","Coupe du monde ski alpinisme","Courchevel","Emily Harrop","Ski alpinisme","Thibault Anselmet","Xavier Gachet"],"articleSection":["Ski alpinisme"],"inLanguage":"fr-FR","potentialAction":[{"@type":"CommentAction","name":"Comment","target":["https:\/\/dicodusport.fr\/blog\/coupe-du-monde-ski-alpinisme-axelle-gachet-mollaret-domine-la-vertical-race-emily-harrop-2e\/#respond"]}],"copyrightYear":"2024","copyrightHolder":{"@id":"https:\/\/dicodusport.fr\/blog\/#organization"}},{"@type":"WebPage","@id":"https:\/\/dicodusport.fr\/blog\/coupe-du-monde-ski-alpinisme-axelle-gachet-mollaret-domine-la-vertical-race-emily-harrop-2e\/","url":"https:\/\/dicodusport.fr\/blog\/coupe-du-monde-ski-alpinisme-axelle-gachet-mollaret-domine-la-vertical-race-emily-harrop-2e\/","name":"Ski Alpinisme Courchevel : Axelle Gachet-Mollaret domine la vertical race, Emily Harrop 2e","isPartOf":{"@id":"https:\/\/dicodusport.fr\/blog\/#website"},"primaryImageOfPage":{"@id":"https:\/\/dicodusport.fr\/blog\/coupe-du-monde-ski-alpinisme-axelle-gachet-mollaret-domine-la-vertical-race-emily-harrop-2e\/#primaryimage"},"image":{"@id":"https:\/\/dicodusport.fr\/blog\/coupe-du-monde-ski-alpinisme-axelle-gachet-mollaret-domine-la-vertical-race-emily-harrop-2e\/#primaryimage"},"thumbnailUrl":"https:\/\/dicodusport.fr\/blog\/wp-content\/uploads\/2024\/12\/axelle.png","datePublished":"2024-12-15T13:23:16+00:00","dateModified":"2025-04-03T12:25:22+00:00","description":"COUPE DU MONDE SKI ALPINISME - Axelle Gachet-Mollaret a remport\u00e9 la vertical race de Courchevel devant Emily Harrop.","breadcrumb":{"@id":"https:\/\/dicodusport.fr\/blog\/coupe-du-monde-ski-alpinisme-axelle-gachet-mollaret-domine-la-vertical-race-emily-harrop-2e\/#breadcrumb"},"inLanguage":"fr-FR","potentialAction":[{"@type":"ReadAction","target":["https:\/\/dicodusport.fr\/blog\/coupe-du-monde-ski-alpinisme-axelle-gachet-mollaret-domine-la-vertical-race-emily-harrop-2e\/"]}]},{"@type":"ImageObject","inLanguage":"fr-FR","@id":"https:\/\/dicodusport.fr\/blog\/coupe-du-monde-ski-alpinisme-axelle-gachet-mollaret-domine-la-vertical-race-emily-harrop-2e\/#primaryimage","url":"https:\/\/dicodusport.fr\/blog\/wp-content\/uploads\/2024\/12\/axelle.png","contentUrl":"https:\/\/dicodusport.fr\/blog\/wp-content\/uploads\/2024\/12\/axelle.png","width":1200,"height":674,"caption":"Coupe du monde Ski Alpinisme : Axelle Gachet-Mollaret domine la vertical race, Emily Harrop 2e"},{"@type":"BreadcrumbList","@id":"https:\/\/dicodusport.fr\/blog\/coupe-du-monde-ski-alpinisme-axelle-gachet-mollaret-domine-la-vertical-race-emily-harrop-2e\/#breadcrumb","itemListElement":[{"@type":"ListItem","position":1,"name":"Accueil","item":"https:\/\/dicodusport.fr\/blog\/"},{"@type":"ListItem","position":2,"name":"Ski Alpinisme Courchevel : Axelle Gachet-Mollaret domine la vertical race, Emily Harrop 2e"}]},{"@type":"WebSite","@id":"https:\/\/dicodusport.fr\/blog\/#website","url":"https:\/\/dicodusport.fr\/blog\/","name":"Dicodusport","description":"L&#039;encyclop\u00e9die de l&#039;actualit\u00e9 sportive","publisher":{"@id":"https:\/\/dicodusport.fr\/blog\/#organization"},"potentialAction":[{"@type":"SearchAction","target":{"@type":"EntryPoint","urlTemplate":"https:\/\/dicodusport.fr\/blog\/?s={search_term_string}"},"query-input":{"@type":"PropertyValueSpecification","valueRequired":true,"valueName":"search_term_string"}}],"inLanguage":"fr-FR"},{"@type":"NewsMediaOrganization","@id":"https:\/\/dicodusport.fr\/blog\/#organization","name":"Dicodusport","url":"https:\/\/dicodusport.fr\/blog\/","logo":{"@type":"ImageObject","inLanguage":"fr-FR","@id":"https:\/\/dicodusport.fr\/blog\/#\/schema\/logo\/image\/","url":"https:\/\/dicodusport.fr\/blog\/wp-content\/uploads\/2020\/06\/cropped-LOGO-DICODUSPORT-2020-SANS-FOND-SANS-TEXTE.png","contentUrl":"https:\/\/dicodusport.fr\/blog\/wp-content\/uploads\/2020\/06\/cropped-LOGO-DICODUSPORT-2020-SANS-FOND-SANS-TEXTE.png","width":512,"height":512,"caption":"Dicodusport"},"image":{"@id":"https:\/\/dicodusport.fr\/blog\/#\/schema\/logo\/image\/"},"sameAs":["https:\/\/www.facebook.com\/dicodusport","https:\/\/x.com\/dicodusport","https:\/\/www.instagram.com\/dicodusport\/","https:\/\/www.youtube.com\/channel\/UC7V2KZ5sd3htJivAbA4ZG3w"],"description":"Dicodusport est l'encyclop\u00e9die de l'actualit\u00e9 sportive.","email":"bonjour@dicodusport.fr","legalName":"DICODUSPORT","foundingDate":"2018-01-14","vatID":"FR71834470973","taxID":"83447097300043","numberOfEmployees":{"@type":"QuantitativeValue","minValue":"1","maxValue":"10"}},{"@type":"Person","@id":"https:\/\/dicodusport.fr\/blog\/#\/schema\/person\/37def232098a7a5cbab3974a3690abb0","name":"Maxime Cazenave","image":{"@type":"ImageObject","inLanguage":"fr-FR","@id":"https:\/\/dicodusport.fr\/blog\/#\/schema\/person\/image\/","url":"https:\/\/dicodusport.fr\/blog\/wp-content\/uploads\/2021\/05\/Maxime-Cazenave-150x150.jpg","contentUrl":"https:\/\/dicodusport.fr\/blog\/wp-content\/uploads\/2021\/05\/Maxime-Cazenave-150x150.jpg","caption":"Maxime Cazenave"},"description":"Journaliste\/R\u00e9dacteur depuis 2012 - Berc\u00e9 par l\u2019amour des Girondins de Bordeaux, les \u00e9checs de Christophe Moreau sur le Tour de France sous l'\u00e8re Lance Armstrong et le fade-away l\u00e9tal de Dirk Nowitzki, ma passion d\u00e9vorante pour le sport a toujours \u00e9t\u00e9 un pan incontournable de ma vie. Transmettre ma passion \u00e0 l\u2019\u00e9crit a \u00e9t\u00e9 une transition naturelle. Suiveur assidu de basket et de hockey sur glace, je garde toujours un peu de place pour suivre le cyclisme, le football et le maximum de performances fran\u00e7aises.","sameAs":["https:\/\/x.com\/https:\/\/twitter.com\/Maxime_Caze"],"url":"https:\/\/dicodusport.fr\/blog\/author\/maximec\/"}]}},"_links":{"self":[{"href":"https:\/\/dicodusport.fr\/blog\/wp-json\/wp\/v2\/posts\/540101","targetHints":{"allow":["GET"]}}],"collection":[{"href":"https:\/\/dicodusport.fr\/blog\/wp-json\/wp\/v2\/posts"}],"about":[{"href":"https:\/\/dicodusport.fr\/blog\/wp-json\/wp\/v2\/types\/post"}],"author":[{"embeddable":true,"href":"https:\/\/dicodusport.fr\/blog\/wp-json\/wp\/v2\/users\/55"}],"replies":[{"embeddable":true,"href":"https:\/\/dicodusport.fr\/blog\/wp-json\/wp\/v2\/comments?post=540101"}],"version-history":[{"count":5,"href":"https:\/\/dicodusport.fr\/blog\/wp-json\/wp\/v2\/posts\/540101\/revisions"}],"predecessor-version":[{"id":540173,"href":"https:\/\/dicodusport.fr\/blog\/wp-json\/wp\/v2\/posts\/540101\/revisions\/540173"}],"wp:featuredmedia":[{"embeddable":true,"href":"https:\/\/dicodusport.fr\/blog\/wp-json\/wp\/v2\/media\/540147"}],"wp:attachment":[{"href":"https:\/\/dicodusport.fr\/blog\/wp-json\/wp\/v2\/media?parent=540101"}],"wp:term":[{"taxonomy":"category","embeddable":true,"href":"https:\/\/dicodusport.fr\/blog\/wp-json\/wp\/v2\/categories?post=540101"},{"taxonomy":"post_tag","embeddable":true,"href":"https:\/\/dicodusport.fr\/blog\/wp-json\/wp\/v2\/tags?post=540101"}],"curies":[{"name":"wp","href":"https:\/\/api.w.org\/{rel}","templated":true}]}}