{"id":540150,"date":"2024-12-15T14:34:43","date_gmt":"2024-12-15T13:34:43","guid":{"rendered":"https:\/\/dicodusport.fr\/blog\/?p=540150&#038;preview=true&#038;preview_id=540150"},"modified":"2024-12-15T14:57:53","modified_gmt":"2024-12-15T13:57:53","slug":"cyclo-cross-namur-2024-ceylin-alvarado-recidive-en-wallonie","status":"publish","type":"post","link":"https:\/\/dicodusport.fr\/blog\/cyclo-cross-namur-2024-ceylin-alvarado-recidive-en-wallonie\/","title":{"rendered":"Cyclo-cross Namur 2024 : Ceylin Alvarado r\u00e9cidive en Wallonie"},"content":{"rendered":"<h4 style=\"text-align: justify;\"><i>COUPE DU MONDE DE CYCLO-CROSS 2024-2025 \u2013 Apr\u00e8s avoir men\u00e9 une grande partie de la course, la N\u00e9erlandaise Ceylin Alvarado garde une poign\u00e9e de secondes sur sa compatriote Lucinda Brand pour s&rsquo;imposer \u00e0 Namur.<\/i><\/h4>\n<ul>\n<li style=\"text-align: justify;\"><strong>\u00c0 ce sujet &#8211; <a href=\"https:\/\/dicodusport.fr\/blog\/cyclo-cross-namur-2024-classement-course-femmes\/\">Cyclo-cross Namur 2024 \u2013 Classement course femmes<\/a><\/strong><\/li>\n<\/ul>\n<p style=\"text-align: justify;\">Elle \u00e9tait apparue un peu en-dedans depuis la reprise. Cette fois-ci, <strong>Ceylin Alvarado<\/strong> semble avoir retrouv\u00e9 une forme \u00e9tincelante en Wallonie cet apr\u00e8s-midi. Sur l&rsquo;exigeant circuit de Namur, elle a su conserver son bien et enlever au passage son sixi\u00e8me succ\u00e8s en Coupe du Monde.<\/p>\n<blockquote class=\"twitter-tweet\">\n<p dir=\"ltr\" lang=\"en\">A big W after a strong performance for Alvarado! \ud83e\udd47 <a href=\"https:\/\/twitter.com\/hashtag\/CXWorldCup?src=hash&amp;ref_src=twsrc%5Etfw\">#CXWorldCup<\/a> <a href=\"https:\/\/t.co\/qMkpvyZn6r\">pic.twitter.com\/qMkpvyZn6r<\/a><\/p>\n<p>\u2014 UCI Cyclo-cross World Cup (@UCIcyclocrossWC) <a href=\"https:\/\/twitter.com\/UCIcyclocrossWC\/status\/1868291007974088848?ref_src=twsrc%5Etfw\">December 15, 2024<\/a><\/p><\/blockquote>\n<p><script async src=\"https:\/\/platform.twitter.com\/widgets.js\" charset=\"utf-8\"><\/script><\/p>\n<h2 style=\"text-align: justify;\">La malchance de Fem van Empel<\/h2>\n<p style=\"text-align: justify;\">D&rsquo;abord, sur le d\u00e9part r\u00e9put\u00e9 technique de Namur, la Luxembourgeoise <strong>Marie Schreiber<\/strong> ne perdait pas ses habitudes en prenant le meilleur sur ses concurrentes. Puis, la favorite <strong>Fem van Empel<\/strong> subissait deux accrochages lors du premier tour et tombait sans gravit\u00e9. La N\u00e9erlandaise touchait le sol une troisi\u00e8me fois un peu plus tard et repartait p\u00e9niblement avec un d\u00e9bours d&rsquo;1:30 sur la t\u00eate. \u00c0 l&rsquo;inverse, la Hongroise <strong>Blanka Vas<\/strong> rejoignait <strong>Schreiber<\/strong> puis la d\u00e9posait lors du second tour pour prendre les commandes de la course. Derri\u00e8re, ce sont deux autres N\u00e9erlandaises <strong>Ceylin Alvarado<\/strong> et <strong>Puck Pieterse<\/strong> qui se retrouvaient en poursuite de la Magyare. La premi\u00e8re nomm\u00e9e portait son acc\u00e9l\u00e9ration \u00e0 mi-course et s&#8217;emparait du lead \u00e0 son tour, d\u00e9finitivement.<\/p>\n<ul>\n<li style=\"text-align: justify;\"><strong>\u00c0 ce sujet \u2013\u00a0<a href=\"https:\/\/dicodusport.fr\/blog\/classement-general-femmes-coupe-du-monde-de-cyclo-cross-2024-2025\/\">Le classement g\u00e9n\u00e9ral femmes de la Coupe du monde de cyclo-cross<\/a><\/strong><\/li>\n<\/ul>\n<h2 style=\"text-align: justify;\">Une N\u00e9erlandaise peut en cacher une autre<\/h2>\n<p style=\"text-align: justify;\">Derri\u00e8re, <strong>Pieterse<\/strong> et <strong>Vas<\/strong> se livraient un beau duel tandis qu&rsquo;<strong>Alvarado<\/strong> faisait petit \u00e0 petit le trou en t\u00eate de course. C&rsquo;\u00e9tait sans compter le retour en fanfare d&rsquo;une autre \u00ab\u00a0orange\u00a0\u00bb <strong>Lucinda Brand<\/strong> qui a d&rsquo;abord mis le duo sous pression en les d\u00e9posant dans l&rsquo;avant-dernier tour. Enfin, elle a tout donn\u00e9 pour revenir sur une <strong>Alvarado<\/strong> \u00e9mouss\u00e9e en fin de cross, mais a finalement \u00e9chou\u00e9 \u00e0 quelques encablures de sa compatriote, qui voyait l\u00e0 ses efforts r\u00e9compens\u00e9s. Au final, nous assistons \u00e0 un nouveau tripl\u00e9 n\u00e9erlandais puisque <strong>Puck Pieterse<\/strong> s&#8217;empare de la troisi\u00e8me place pour sa course de reprise. Quant \u00e0 <strong>Fem van Empel<\/strong>, elle ne pouvait remonter mieux que septi\u00e8me sur la ligne d&rsquo;arriv\u00e9e.<\/p>\n<ul style=\"text-align: justify;\">\n<li style=\"text-align: justify;\"><strong>\u00c0 ce sujet \u2013\u00a0<a href=\"https:\/\/dicodusport.fr\/blog\/calendrier-et-resultats-coupe-du-monde-cyclo-cross-2024-2025\/\">Calendrier et r\u00e9sultats Coupe du monde Cyclo-cross 2024-2025<\/a><\/strong><\/li>\n<\/ul>\n","protected":false},"excerpt":{"rendered":"<p>Ceylin Alvarado r\u00e9cidive en Wallonie <\/p>\n","protected":false},"author":92,"featured_media":540158,"comment_status":"open","ping_status":"closed","sticky":false,"template":"","format":"standard","meta":{"_acf_changed":false,"_daextam_enable_autolinks":"1","footnotes":""},"categories":[9611],"tags":[32415,16878,6666,13074,37233,17032],"class_list":["post-540150","post","type-post","status-publish","format-standard","has-post-thumbnail","hentry","category-cyclo-cross","tag-actu","tag-breve","tag-cyclo-cross","tag-cyclo-cross-namur","tag-fem-van-empel","tag-lucinda-brand"],"acf":[],"yoast_head":"<!-- This site is optimized with the Yoast SEO Premium plugin v26.7 (Yoast SEO v26.7) - https:\/\/yoast.com\/wordpress\/plugins\/seo\/ -->\n<title>Cyclo-cross Namur 2024 : Ceylin Alvarado r\u00e9cidive en Wallonie<\/title>\n<meta name=\"description\" content=\"COUPE DU MONDE DE CYCLO-CROSS 2024-2025 - Apr\u00e8s avoir men\u00e9 une grande partie de la course, la Hollandaise Ceylin Alvarado s&#039;impose \u00e0 Namur.\" \/>\n<meta name=\"robots\" content=\"index, follow, max-snippet:-1, max-image-preview:large, max-video-preview:-1\" \/>\n<link rel=\"canonical\" href=\"https:\/\/dicodusport.fr\/blog\/cyclo-cross-namur-2024-ceylin-alvarado-recidive-en-wallonie\/\" \/>\n<meta property=\"og:locale\" content=\"fr_FR\" \/>\n<meta property=\"og:type\" content=\"article\" \/>\n<meta property=\"og:title\" content=\"Cyclo-cross Namur 2024 : Ceylin Alvarado r\u00e9cidive en Wallonie\" \/>\n<meta property=\"og:description\" content=\"COUPE DU MONDE DE CYCLO-CROSS 2024-2025 - Apr\u00e8s avoir men\u00e9 une grande partie de la course, la Hollandaise Ceylin Alvarado s&#039;impose \u00e0 Namur.\" \/>\n<meta property=\"og:url\" content=\"https:\/\/dicodusport.fr\/blog\/cyclo-cross-namur-2024-ceylin-alvarado-recidive-en-wallonie\/\" \/>\n<meta property=\"og:site_name\" content=\"Dicodusport\" \/>\n<meta property=\"article:publisher\" content=\"https:\/\/www.facebook.com\/dicodusport\" \/>\n<meta property=\"article:published_time\" content=\"2024-12-15T13:34:43+00:00\" \/>\n<meta property=\"article:modified_time\" content=\"2024-12-15T13:57:53+00:00\" \/>\n<meta property=\"og:image\" content=\"https:\/\/dicodusport.fr\/blog\/wp-content\/uploads\/2024\/12\/Cyclo-cross-Namur-2024-Ceylin-Alvarado-recidive-en-Wallonie-.png\" \/>\n\t<meta property=\"og:image:width\" content=\"1200\" \/>\n\t<meta property=\"og:image:height\" content=\"674\" \/>\n\t<meta property=\"og:image:type\" content=\"image\/png\" \/>\n<meta name=\"author\" content=\"Olivier Dobiezynski\" \/>\n<meta name=\"twitter:card\" content=\"summary_large_image\" \/>\n<meta name=\"twitter:title\" content=\"Cyclo-cross Namur 2024 : Ceylin Alvarado r\u00e9cidive en Wallonie\" \/>\n<meta name=\"twitter:creator\" content=\"@https:\/\/x.com\/Olivier_Matros\" \/>\n<meta name=\"twitter:site\" content=\"@dicodusport\" \/>\n<script type=\"application\/ld+json\" class=\"yoast-schema-graph\">{\"@context\":\"https:\/\/schema.org\",\"@graph\":[{\"@type\":\"NewsArticle\",\"@id\":\"https:\/\/dicodusport.fr\/blog\/cyclo-cross-namur-2024-ceylin-alvarado-recidive-en-wallonie\/#article\",\"isPartOf\":{\"@id\":\"https:\/\/dicodusport.fr\/blog\/cyclo-cross-namur-2024-ceylin-alvarado-recidive-en-wallonie\/\"},\"author\":{\"name\":\"Olivier Dobiezynski\",\"@id\":\"https:\/\/dicodusport.fr\/blog\/#\/schema\/person\/fe500246414ca17ddf0c0312d7a792cc\"},\"headline\":\"Cyclo-cross Namur 2024 : Ceylin Alvarado r\u00e9cidive en Wallonie\",\"datePublished\":\"2024-12-15T13:34:43+00:00\",\"dateModified\":\"2024-12-15T13:57:53+00:00\",\"mainEntityOfPage\":{\"@id\":\"https:\/\/dicodusport.fr\/blog\/cyclo-cross-namur-2024-ceylin-alvarado-recidive-en-wallonie\/\"},\"wordCount\":426,\"commentCount\":0,\"publisher\":{\"@id\":\"https:\/\/dicodusport.fr\/blog\/#organization\"},\"image\":{\"@id\":\"https:\/\/dicodusport.fr\/blog\/cyclo-cross-namur-2024-ceylin-alvarado-recidive-en-wallonie\/#primaryimage\"},\"thumbnailUrl\":\"https:\/\/dicodusport.fr\/blog\/wp-content\/uploads\/2024\/12\/Cyclo-cross-Namur-2024-Ceylin-Alvarado-recidive-en-Wallonie-.png\",\"keywords\":[\"actu\",\"br\u00e8ve\",\"Cyclo-cross\",\"Cyclo-cross Namur\",\"Fem Van Empel\",\"Lucinda Brand\"],\"articleSection\":[\"Cyclo-cross\"],\"inLanguage\":\"fr-FR\",\"potentialAction\":[{\"@type\":\"CommentAction\",\"name\":\"Comment\",\"target\":[\"https:\/\/dicodusport.fr\/blog\/cyclo-cross-namur-2024-ceylin-alvarado-recidive-en-wallonie\/#respond\"]}],\"copyrightYear\":\"2024\",\"copyrightHolder\":{\"@id\":\"https:\/\/dicodusport.fr\/blog\/#organization\"}},{\"@type\":\"WebPage\",\"@id\":\"https:\/\/dicodusport.fr\/blog\/cyclo-cross-namur-2024-ceylin-alvarado-recidive-en-wallonie\/\",\"url\":\"https:\/\/dicodusport.fr\/blog\/cyclo-cross-namur-2024-ceylin-alvarado-recidive-en-wallonie\/\",\"name\":\"Cyclo-cross Namur 2024 : Ceylin Alvarado r\u00e9cidive en Wallonie\",\"isPartOf\":{\"@id\":\"https:\/\/dicodusport.fr\/blog\/#website\"},\"primaryImageOfPage\":{\"@id\":\"https:\/\/dicodusport.fr\/blog\/cyclo-cross-namur-2024-ceylin-alvarado-recidive-en-wallonie\/#primaryimage\"},\"image\":{\"@id\":\"https:\/\/dicodusport.fr\/blog\/cyclo-cross-namur-2024-ceylin-alvarado-recidive-en-wallonie\/#primaryimage\"},\"thumbnailUrl\":\"https:\/\/dicodusport.fr\/blog\/wp-content\/uploads\/2024\/12\/Cyclo-cross-Namur-2024-Ceylin-Alvarado-recidive-en-Wallonie-.png\",\"datePublished\":\"2024-12-15T13:34:43+00:00\",\"dateModified\":\"2024-12-15T13:57:53+00:00\",\"description\":\"COUPE DU MONDE DE CYCLO-CROSS 2024-2025 - Apr\u00e8s avoir men\u00e9 une grande partie de la course, la Hollandaise Ceylin Alvarado s'impose \u00e0 Namur.\",\"breadcrumb\":{\"@id\":\"https:\/\/dicodusport.fr\/blog\/cyclo-cross-namur-2024-ceylin-alvarado-recidive-en-wallonie\/#breadcrumb\"},\"inLanguage\":\"fr-FR\",\"potentialAction\":[{\"@type\":\"ReadAction\",\"target\":[\"https:\/\/dicodusport.fr\/blog\/cyclo-cross-namur-2024-ceylin-alvarado-recidive-en-wallonie\/\"]}]},{\"@type\":\"ImageObject\",\"inLanguage\":\"fr-FR\",\"@id\":\"https:\/\/dicodusport.fr\/blog\/cyclo-cross-namur-2024-ceylin-alvarado-recidive-en-wallonie\/#primaryimage\",\"url\":\"https:\/\/dicodusport.fr\/blog\/wp-content\/uploads\/2024\/12\/Cyclo-cross-Namur-2024-Ceylin-Alvarado-recidive-en-Wallonie-.png\",\"contentUrl\":\"https:\/\/dicodusport.fr\/blog\/wp-content\/uploads\/2024\/12\/Cyclo-cross-Namur-2024-Ceylin-Alvarado-recidive-en-Wallonie-.png\",\"width\":1200,\"height\":674,\"caption\":\"Cyclo-cross Namur 2024 Ceylin Alvarado r\u00e9cidive en Wallonie\"},{\"@type\":\"BreadcrumbList\",\"@id\":\"https:\/\/dicodusport.fr\/blog\/cyclo-cross-namur-2024-ceylin-alvarado-recidive-en-wallonie\/#breadcrumb\",\"itemListElement\":[{\"@type\":\"ListItem\",\"position\":1,\"name\":\"Accueil\",\"item\":\"https:\/\/dicodusport.fr\/blog\/\"},{\"@type\":\"ListItem\",\"position\":2,\"name\":\"Cyclo-cross Namur 2024 : Ceylin Alvarado r\u00e9cidive en Wallonie\"}]},{\"@type\":\"WebSite\",\"@id\":\"https:\/\/dicodusport.fr\/blog\/#website\",\"url\":\"https:\/\/dicodusport.fr\/blog\/\",\"name\":\"Dicodusport\",\"description\":\"L&#039;encyclop\u00e9die de l&#039;actualit\u00e9 sportive\",\"publisher\":{\"@id\":\"https:\/\/dicodusport.fr\/blog\/#organization\"},\"potentialAction\":[{\"@type\":\"SearchAction\",\"target\":{\"@type\":\"EntryPoint\",\"urlTemplate\":\"https:\/\/dicodusport.fr\/blog\/?s={search_term_string}\"},\"query-input\":{\"@type\":\"PropertyValueSpecification\",\"valueRequired\":true,\"valueName\":\"search_term_string\"}}],\"inLanguage\":\"fr-FR\"},{\"@type\":\"NewsMediaOrganization\",\"@id\":\"https:\/\/dicodusport.fr\/blog\/#organization\",\"name\":\"Dicodusport\",\"url\":\"https:\/\/dicodusport.fr\/blog\/\",\"logo\":{\"@type\":\"ImageObject\",\"inLanguage\":\"fr-FR\",\"@id\":\"https:\/\/dicodusport.fr\/blog\/#\/schema\/logo\/image\/\",\"url\":\"https:\/\/dicodusport.fr\/blog\/wp-content\/uploads\/2020\/06\/cropped-LOGO-DICODUSPORT-2020-SANS-FOND-SANS-TEXTE.png\",\"contentUrl\":\"https:\/\/dicodusport.fr\/blog\/wp-content\/uploads\/2020\/06\/cropped-LOGO-DICODUSPORT-2020-SANS-FOND-SANS-TEXTE.png\",\"width\":512,\"height\":512,\"caption\":\"Dicodusport\"},\"image\":{\"@id\":\"https:\/\/dicodusport.fr\/blog\/#\/schema\/logo\/image\/\"},\"sameAs\":[\"https:\/\/www.facebook.com\/dicodusport\",\"https:\/\/x.com\/dicodusport\",\"https:\/\/www.instagram.com\/dicodusport\/\",\"https:\/\/www.youtube.com\/channel\/UC7V2KZ5sd3htJivAbA4ZG3w\"],\"description\":\"Dicodusport est l'encyclop\u00e9die de l'actualit\u00e9 sportive.\",\"email\":\"bonjour@dicodusport.fr\",\"legalName\":\"DICODUSPORT\",\"foundingDate\":\"2018-01-14\",\"vatID\":\"FR71834470973\",\"taxID\":\"83447097300043\",\"numberOfEmployees\":{\"@type\":\"QuantitativeValue\",\"minValue\":\"1\",\"maxValue\":\"10\"}},{\"@type\":\"Person\",\"@id\":\"https:\/\/dicodusport.fr\/blog\/#\/schema\/person\/fe500246414ca17ddf0c0312d7a792cc\",\"name\":\"Olivier Dobiezynski\",\"image\":{\"@type\":\"ImageObject\",\"inLanguage\":\"fr-FR\",\"@id\":\"https:\/\/dicodusport.fr\/blog\/#\/schema\/person\/image\/\",\"url\":\"https:\/\/dicodusport.fr\/blog\/wp-content\/uploads\/2024\/09\/5be8fe8d-9962-4f1e-ad06-d6f9dee30e6d-150x150.jpg\",\"contentUrl\":\"https:\/\/dicodusport.fr\/blog\/wp-content\/uploads\/2024\/09\/5be8fe8d-9962-4f1e-ad06-d6f9dee30e6d-150x150.jpg\",\"caption\":\"Olivier Dobiezynski\"},\"description\":\"Depuis le milieu des ann\u00e9es 90, la passion du cyclisme m'anime. Mes h\u00e9ros s'appellent Luc Leblanc, Piotr Ugrumov, Paolo Savoldelli, Peter Sagan et bien \u00e9videmment Romain Bardet. R\u00e9dacteur depuis 2023, je suis ici pour partager cet amour de la Petite Reine. Vous pourrez me lire \u00e9galement sur du trail, du ski de fond et tout autre sujet susceptible d'\u00e9veiller ma curiosit\u00e9 sportive.\",\"sameAs\":[\"https:\/\/x.com\/https:\/\/x.com\/Olivier_Matros\"],\"url\":\"https:\/\/dicodusport.fr\/blog\/author\/olivier-gh\/\"}]}<\/script>\n<!-- \/ Yoast SEO Premium plugin. -->","yoast_head_json":{"title":"Cyclo-cross Namur 2024 : Ceylin Alvarado r\u00e9cidive en Wallonie","description":"COUPE DU MONDE DE CYCLO-CROSS 2024-2025 - Apr\u00e8s avoir men\u00e9 une grande partie de la course, la Hollandaise Ceylin Alvarado s'impose \u00e0 Namur.","robots":{"index":"index","follow":"follow","max-snippet":"max-snippet:-1","max-image-preview":"max-image-preview:large","max-video-preview":"max-video-preview:-1"},"canonical":"https:\/\/dicodusport.fr\/blog\/cyclo-cross-namur-2024-ceylin-alvarado-recidive-en-wallonie\/","og_locale":"fr_FR","og_type":"article","og_title":"Cyclo-cross Namur 2024 : Ceylin Alvarado r\u00e9cidive en Wallonie","og_description":"COUPE DU MONDE DE CYCLO-CROSS 2024-2025 - Apr\u00e8s avoir men\u00e9 une grande partie de la course, la Hollandaise Ceylin Alvarado s'impose \u00e0 Namur.","og_url":"https:\/\/dicodusport.fr\/blog\/cyclo-cross-namur-2024-ceylin-alvarado-recidive-en-wallonie\/","og_site_name":"Dicodusport","article_publisher":"https:\/\/www.facebook.com\/dicodusport","article_published_time":"2024-12-15T13:34:43+00:00","article_modified_time":"2024-12-15T13:57:53+00:00","og_image":[{"width":1200,"height":674,"url":"https:\/\/dicodusport.fr\/blog\/wp-content\/uploads\/2024\/12\/Cyclo-cross-Namur-2024-Ceylin-Alvarado-recidive-en-Wallonie-.png","type":"image\/png"}],"author":"Olivier Dobiezynski","twitter_card":"summary_large_image","twitter_title":"Cyclo-cross Namur 2024 : Ceylin Alvarado r\u00e9cidive en Wallonie","twitter_creator":"@https:\/\/x.com\/Olivier_Matros","twitter_site":"@dicodusport","schema":{"@context":"https:\/\/schema.org","@graph":[{"@type":"NewsArticle","@id":"https:\/\/dicodusport.fr\/blog\/cyclo-cross-namur-2024-ceylin-alvarado-recidive-en-wallonie\/#article","isPartOf":{"@id":"https:\/\/dicodusport.fr\/blog\/cyclo-cross-namur-2024-ceylin-alvarado-recidive-en-wallonie\/"},"author":{"name":"Olivier Dobiezynski","@id":"https:\/\/dicodusport.fr\/blog\/#\/schema\/person\/fe500246414ca17ddf0c0312d7a792cc"},"headline":"Cyclo-cross Namur 2024 : Ceylin Alvarado r\u00e9cidive en Wallonie","datePublished":"2024-12-15T13:34:43+00:00","dateModified":"2024-12-15T13:57:53+00:00","mainEntityOfPage":{"@id":"https:\/\/dicodusport.fr\/blog\/cyclo-cross-namur-2024-ceylin-alvarado-recidive-en-wallonie\/"},"wordCount":426,"commentCount":0,"publisher":{"@id":"https:\/\/dicodusport.fr\/blog\/#organization"},"image":{"@id":"https:\/\/dicodusport.fr\/blog\/cyclo-cross-namur-2024-ceylin-alvarado-recidive-en-wallonie\/#primaryimage"},"thumbnailUrl":"https:\/\/dicodusport.fr\/blog\/wp-content\/uploads\/2024\/12\/Cyclo-cross-Namur-2024-Ceylin-Alvarado-recidive-en-Wallonie-.png","keywords":["actu","br\u00e8ve","Cyclo-cross","Cyclo-cross Namur","Fem Van Empel","Lucinda Brand"],"articleSection":["Cyclo-cross"],"inLanguage":"fr-FR","potentialAction":[{"@type":"CommentAction","name":"Comment","target":["https:\/\/dicodusport.fr\/blog\/cyclo-cross-namur-2024-ceylin-alvarado-recidive-en-wallonie\/#respond"]}],"copyrightYear":"2024","copyrightHolder":{"@id":"https:\/\/dicodusport.fr\/blog\/#organization"}},{"@type":"WebPage","@id":"https:\/\/dicodusport.fr\/blog\/cyclo-cross-namur-2024-ceylin-alvarado-recidive-en-wallonie\/","url":"https:\/\/dicodusport.fr\/blog\/cyclo-cross-namur-2024-ceylin-alvarado-recidive-en-wallonie\/","name":"Cyclo-cross Namur 2024 : Ceylin Alvarado r\u00e9cidive en Wallonie","isPartOf":{"@id":"https:\/\/dicodusport.fr\/blog\/#website"},"primaryImageOfPage":{"@id":"https:\/\/dicodusport.fr\/blog\/cyclo-cross-namur-2024-ceylin-alvarado-recidive-en-wallonie\/#primaryimage"},"image":{"@id":"https:\/\/dicodusport.fr\/blog\/cyclo-cross-namur-2024-ceylin-alvarado-recidive-en-wallonie\/#primaryimage"},"thumbnailUrl":"https:\/\/dicodusport.fr\/blog\/wp-content\/uploads\/2024\/12\/Cyclo-cross-Namur-2024-Ceylin-Alvarado-recidive-en-Wallonie-.png","datePublished":"2024-12-15T13:34:43+00:00","dateModified":"2024-12-15T13:57:53+00:00","description":"COUPE DU MONDE DE CYCLO-CROSS 2024-2025 - Apr\u00e8s avoir men\u00e9 une grande partie de la course, la Hollandaise Ceylin Alvarado s'impose \u00e0 Namur.","breadcrumb":{"@id":"https:\/\/dicodusport.fr\/blog\/cyclo-cross-namur-2024-ceylin-alvarado-recidive-en-wallonie\/#breadcrumb"},"inLanguage":"fr-FR","potentialAction":[{"@type":"ReadAction","target":["https:\/\/dicodusport.fr\/blog\/cyclo-cross-namur-2024-ceylin-alvarado-recidive-en-wallonie\/"]}]},{"@type":"ImageObject","inLanguage":"fr-FR","@id":"https:\/\/dicodusport.fr\/blog\/cyclo-cross-namur-2024-ceylin-alvarado-recidive-en-wallonie\/#primaryimage","url":"https:\/\/dicodusport.fr\/blog\/wp-content\/uploads\/2024\/12\/Cyclo-cross-Namur-2024-Ceylin-Alvarado-recidive-en-Wallonie-.png","contentUrl":"https:\/\/dicodusport.fr\/blog\/wp-content\/uploads\/2024\/12\/Cyclo-cross-Namur-2024-Ceylin-Alvarado-recidive-en-Wallonie-.png","width":1200,"height":674,"caption":"Cyclo-cross Namur 2024 Ceylin Alvarado r\u00e9cidive en Wallonie"},{"@type":"BreadcrumbList","@id":"https:\/\/dicodusport.fr\/blog\/cyclo-cross-namur-2024-ceylin-alvarado-recidive-en-wallonie\/#breadcrumb","itemListElement":[{"@type":"ListItem","position":1,"name":"Accueil","item":"https:\/\/dicodusport.fr\/blog\/"},{"@type":"ListItem","position":2,"name":"Cyclo-cross Namur 2024 : Ceylin Alvarado r\u00e9cidive en Wallonie"}]},{"@type":"WebSite","@id":"https:\/\/dicodusport.fr\/blog\/#website","url":"https:\/\/dicodusport.fr\/blog\/","name":"Dicodusport","description":"L&#039;encyclop\u00e9die de l&#039;actualit\u00e9 sportive","publisher":{"@id":"https:\/\/dicodusport.fr\/blog\/#organization"},"potentialAction":[{"@type":"SearchAction","target":{"@type":"EntryPoint","urlTemplate":"https:\/\/dicodusport.fr\/blog\/?s={search_term_string}"},"query-input":{"@type":"PropertyValueSpecification","valueRequired":true,"valueName":"search_term_string"}}],"inLanguage":"fr-FR"},{"@type":"NewsMediaOrganization","@id":"https:\/\/dicodusport.fr\/blog\/#organization","name":"Dicodusport","url":"https:\/\/dicodusport.fr\/blog\/","logo":{"@type":"ImageObject","inLanguage":"fr-FR","@id":"https:\/\/dicodusport.fr\/blog\/#\/schema\/logo\/image\/","url":"https:\/\/dicodusport.fr\/blog\/wp-content\/uploads\/2020\/06\/cropped-LOGO-DICODUSPORT-2020-SANS-FOND-SANS-TEXTE.png","contentUrl":"https:\/\/dicodusport.fr\/blog\/wp-content\/uploads\/2020\/06\/cropped-LOGO-DICODUSPORT-2020-SANS-FOND-SANS-TEXTE.png","width":512,"height":512,"caption":"Dicodusport"},"image":{"@id":"https:\/\/dicodusport.fr\/blog\/#\/schema\/logo\/image\/"},"sameAs":["https:\/\/www.facebook.com\/dicodusport","https:\/\/x.com\/dicodusport","https:\/\/www.instagram.com\/dicodusport\/","https:\/\/www.youtube.com\/channel\/UC7V2KZ5sd3htJivAbA4ZG3w"],"description":"Dicodusport est l'encyclop\u00e9die de l'actualit\u00e9 sportive.","email":"bonjour@dicodusport.fr","legalName":"DICODUSPORT","foundingDate":"2018-01-14","vatID":"FR71834470973","taxID":"83447097300043","numberOfEmployees":{"@type":"QuantitativeValue","minValue":"1","maxValue":"10"}},{"@type":"Person","@id":"https:\/\/dicodusport.fr\/blog\/#\/schema\/person\/fe500246414ca17ddf0c0312d7a792cc","name":"Olivier Dobiezynski","image":{"@type":"ImageObject","inLanguage":"fr-FR","@id":"https:\/\/dicodusport.fr\/blog\/#\/schema\/person\/image\/","url":"https:\/\/dicodusport.fr\/blog\/wp-content\/uploads\/2024\/09\/5be8fe8d-9962-4f1e-ad06-d6f9dee30e6d-150x150.jpg","contentUrl":"https:\/\/dicodusport.fr\/blog\/wp-content\/uploads\/2024\/09\/5be8fe8d-9962-4f1e-ad06-d6f9dee30e6d-150x150.jpg","caption":"Olivier Dobiezynski"},"description":"Depuis le milieu des ann\u00e9es 90, la passion du cyclisme m'anime. Mes h\u00e9ros s'appellent Luc Leblanc, Piotr Ugrumov, Paolo Savoldelli, Peter Sagan et bien \u00e9videmment Romain Bardet. R\u00e9dacteur depuis 2023, je suis ici pour partager cet amour de la Petite Reine. Vous pourrez me lire \u00e9galement sur du trail, du ski de fond et tout autre sujet susceptible d'\u00e9veiller ma curiosit\u00e9 sportive.","sameAs":["https:\/\/x.com\/https:\/\/x.com\/Olivier_Matros"],"url":"https:\/\/dicodusport.fr\/blog\/author\/olivier-gh\/"}]}},"_links":{"self":[{"href":"https:\/\/dicodusport.fr\/blog\/wp-json\/wp\/v2\/posts\/540150","targetHints":{"allow":["GET"]}}],"collection":[{"href":"https:\/\/dicodusport.fr\/blog\/wp-json\/wp\/v2\/posts"}],"about":[{"href":"https:\/\/dicodusport.fr\/blog\/wp-json\/wp\/v2\/types\/post"}],"author":[{"embeddable":true,"href":"https:\/\/dicodusport.fr\/blog\/wp-json\/wp\/v2\/users\/92"}],"replies":[{"embeddable":true,"href":"https:\/\/dicodusport.fr\/blog\/wp-json\/wp\/v2\/comments?post=540150"}],"version-history":[{"count":5,"href":"https:\/\/dicodusport.fr\/blog\/wp-json\/wp\/v2\/posts\/540150\/revisions"}],"predecessor-version":[{"id":540168,"href":"https:\/\/dicodusport.fr\/blog\/wp-json\/wp\/v2\/posts\/540150\/revisions\/540168"}],"wp:featuredmedia":[{"embeddable":true,"href":"https:\/\/dicodusport.fr\/blog\/wp-json\/wp\/v2\/media\/540158"}],"wp:attachment":[{"href":"https:\/\/dicodusport.fr\/blog\/wp-json\/wp\/v2\/media?parent=540150"}],"wp:term":[{"taxonomy":"category","embeddable":true,"href":"https:\/\/dicodusport.fr\/blog\/wp-json\/wp\/v2\/categories?post=540150"},{"taxonomy":"post_tag","embeddable":true,"href":"https:\/\/dicodusport.fr\/blog\/wp-json\/wp\/v2\/tags?post=540150"}],"curies":[{"name":"wp","href":"https:\/\/api.w.org\/{rel}","templated":true}]}}