{"id":540429,"date":"2024-12-16T13:15:25","date_gmt":"2024-12-16T12:15:25","guid":{"rendered":"https:\/\/dicodusport.fr\/blog\/?p=540429&#038;preview=true&#038;preview_id=540429"},"modified":"2025-07-09T18:38:22","modified_gmt":"2025-07-09T16:38:22","slug":"biathlon-le-grand-bornand-2024-la-selection-francaise","status":"publish","type":"post","link":"https:\/\/dicodusport.fr\/blog\/biathlon-le-grand-bornand-2024-la-selection-francaise\/","title":{"rendered":"Biathlon Le Grand-Bornand 2024 : La s\u00e9lection fran\u00e7aise"},"content":{"rendered":"<h4 style=\"text-align: justify;\"><em>BIATHLON 2024-2025 &#8211; Le staff tricolore a d\u00e9voil\u00e9 ce lundi les biathl\u00e8tes qui iront au Grand Bornand, pour la troisi\u00e8me \u00e9tape de Coupe du monde. Il n&rsquo;y aura pas de Gilonne Guigonnat qui redescend en IBU CUP<\/em><\/h4>\n<ul>\n<li style=\"text-align: justify;\"><strong>\u00c0 ce sujet &#8211; <a href=\"https:\/\/dicodusport.fr\/blog\/biathlon-coupe-du-monde-2024-2025-le-calendrier-complet\/\">Coupe du monde Biathlon 2024-2025 \u2013 Le calendrier complet<\/a><\/strong><\/li>\n<\/ul>\n<p style=\"text-align: justify;\"><strong>Gilonne Guigonnat<\/strong> est donc la grande perdante de ce d\u00e9but de semaine. On le savait, avec le passage de sept \u00e0 six quotas pour l&rsquo;\u00e9quipe de France f\u00e9minine de biathlon, une athl\u00e8te serait sacrifi\u00e9e sous l&rsquo;autel du niveau tr\u00e8s \u00e9lev\u00e9 des tricolores, depuis le d\u00e9but de la saison. Et la cadette de la fratrie <strong>Guigonnat<\/strong> en a \u00e9t\u00e9 la victime et ne participera pas \u00e0 la manche de Coupe du monde \u00e0 domicile, du c\u00f4t\u00e9 du Grand Bornand. Elle redescend en IBU Cup. <strong>Sophie Chauveau<\/strong>, deuxi\u00e8me du sprint \u00e0 Hochfilzen et membre du relais qui a pris la deuxi\u00e8me place, reste dans le groupe Coupe du monde. Elle a su rassurer les entra\u00eeneurs, apr\u00e8s un d\u00e9but de saison compliqu\u00e9.<\/p>\n<div class=\"vlp-link-container vlp-layout-article\"><a href=\"https:\/\/dicodusport.fr\/blog\/sprint-femmes-hochfilzen-franziska-preuss-emporte-devant-sophie-chauveau\/\" class=\"vlp-link\" title=\"Sprint femmes Hochfilzen : Sophie Chauveau deuxi\u00e8me derri\u00e8re Franziska Preuss\"><\/a><div class=\"vlp-layout-zone-side\"><div class=\"vlp-block-4 vlp-link-image\"><img loading=\"lazy\" decoding=\"async\" style=\"max-width: 792px;\" width=\"792\" height=\"445\" src=\"https:\/\/dicodusport.fr\/blog\/wp-content\/uploads\/2024\/12\/Sprint-femmes-Hochfilzen-Sophie-Chauveau-deuxieme-derriere-Franziska-Preuss-1.png\" class=\"attachment-800x445 size-800x445\" alt=\"Sprint femmes Hochfilzen Sophie Chauveau deuxi\u00e8me derri\u00e8re Franziska Preuss (1)\" srcset=\"https:\/\/dicodusport.fr\/blog\/wp-content\/uploads\/2024\/12\/Sprint-femmes-Hochfilzen-Sophie-Chauveau-deuxieme-derriere-Franziska-Preuss-1.png 1200w, https:\/\/dicodusport.fr\/blog\/wp-content\/uploads\/2024\/12\/Sprint-femmes-Hochfilzen-Sophie-Chauveau-deuxieme-derriere-Franziska-Preuss-1-300x169.png 300w, https:\/\/dicodusport.fr\/blog\/wp-content\/uploads\/2024\/12\/Sprint-femmes-Hochfilzen-Sophie-Chauveau-deuxieme-derriere-Franziska-Preuss-1-1024x575.png 1024w, https:\/\/dicodusport.fr\/blog\/wp-content\/uploads\/2024\/12\/Sprint-femmes-Hochfilzen-Sophie-Chauveau-deuxieme-derriere-Franziska-Preuss-1-768x431.png 768w\" sizes=\"auto, (max-width: 792px) 100vw, 792px\" \/><\/div><\/div><div class=\"vlp-layout-zone-main\"><div class=\"vlp-block-0 vlp-link-title\">Sprint femmes Hochfilzen : Sophie Chauveau deuxi\u00e8me derri\u00e8re Franziska Preuss<\/div><div class=\"vlp-block-1 vlp-link-summary\">Sophie Chauveau deuxi\u00e8me derri\u00e8re Franziska Preuss<\/div><div class=\"vlp-block-2 vlp-link-button\">Lire l'article<\/div><div class=\"vlp-block-3 vlp-link-url\">dicodusport.fr<\/div><\/div><\/div>\n<p style=\"text-align: justify;\">Hormis cela, la composition reste inchang\u00e9e chez les femmes, avec les jeunes <strong>Jeanne Richard<\/strong> et<strong> Oc\u00e9ane Michelon<\/strong> qui sont encore dans le groupe Coupe du monde. Comme chez les hommes, avec une composition inchang\u00e9e. Un groupe fort d&rsquo;une grosse confiance, avec de belles courses chez les hommes comme chez les femmes, Les Fran\u00e7ais vont aborder la manche de Coupe du monde au Grand-Bornand 2024, avec \u00e9norm\u00e9ment d&rsquo;ambitions. Pour esp\u00e9rer acqu\u00e9rir une victoire qui leur avait \u00e9chapp\u00e9 en 2022, date du dernier passage en France. Premi\u00e8re course d\u00e8s jeudi, avec le sprint hommes \u00e0 14h20.<\/p>\n<blockquote class=\"twitter-tweet\">\n<p dir=\"ltr\" lang=\"fr\">\ud835\uddd4\ud835\uddfb\ud835\uddfb\ud835\uddf2\ud835\uddf0\ud835\ude06 \ud835\udddf\ud835\uddf2 \ud835\uddda\ud835\uddff\ud835\uddee\ud835\uddfb\ud835\uddf1-\ud835\uddd5\ud835\uddfc\ud835\uddff\ud835\uddfb\ud835\uddee\ud835\uddfb\ud835\uddf1\ud83c\uddeb\ud83c\uddf7 \ud83d\udd1c<\/p>\n<p>La s\u00e9lection tricolore pour l&rsquo;\u00e9tape fran\u00e7aise de la coupe du monde de biathlon !<\/p>\n<p>\ud83c\uddeb\ud83c\uddf7\u27a1\ufe0f<a href=\"https:\/\/t.co\/jgM8eTVn9o\">https:\/\/t.co\/jgM8eTVn9o<\/a><a href=\"https:\/\/twitter.com\/BiathlonALGB?ref_src=twsrc%5Etfw\">@BiathlonALGB<\/a> <a href=\"https:\/\/twitter.com\/mongrandbo?ref_src=twsrc%5Etfw\">@mongrandbo<\/a> <a href=\"https:\/\/t.co\/42rGJPE6YL\">pic.twitter.com\/42rGJPE6YL<\/a><\/p>\n<p>\u2014 FFS &#8211; F\u00e9d\u00e9ration Fran\u00e7aise de Ski (@FedFranceSki) <a href=\"https:\/\/twitter.com\/FedFranceSki\/status\/1868606687017566560?ref_src=twsrc%5Etfw\">December 16, 2024<\/a><\/p><\/blockquote>\n<p><script async src=\"https:\/\/platform.twitter.com\/widgets.js\" charset=\"utf-8\"><\/script><\/p>\n<h2 style=\"text-align: justify;\">La s\u00e9lection fran\u00e7aise au Grand-Bornand<\/h2>\n<p style=\"text-align: justify;\"><span style=\"text-decoration: underline;\">Femmes<\/span> : Justine Braisaz-Bouchet, Sophie Chauveau, Lou Jeanmonnot, Oc\u00e9ane Michelon, Jeanne Richard, Julia Simon.<\/p>\n<p style=\"text-align: justify;\"><span style=\"text-decoration: underline;\">Hommes<\/span> : \u00c9milien Claude, Fabien Claude, Quentin Fillon Maillet, \u00c9milien Jacquelin, Antonin Guigonnat, \u00c9ric Perrot.<\/p>\n<ul>\n<li style=\"text-align: justify;\"><strong>\u00c0 ce sujet &#8211; <a href=\"https:\/\/dicodusport.fr\/blog\/biathlon-le-grand-bornand-2024-programme-horaires-et-resultats\/\">Biathlon Le Grand-Bornand 2024 &#8211; Programme, horaires et r\u00e9sultats<\/a><\/strong><\/li>\n<\/ul>\n","protected":false},"excerpt":{"rendered":"<p>BIATHLON 2024-2025 &#8211; Le staff tricolore a d\u00e9voil\u00e9 ce lundi les biathl\u00e8tes qui iront au Grand-Bornand, pour la troisi\u00e8me \u00e9tape de Coupe du monde.<\/p>\n","protected":false},"author":83,"featured_media":540432,"comment_status":"open","ping_status":"closed","sticky":false,"template":"","format":"standard","meta":{"_acf_changed":false,"_daextam_enable_autolinks":"1","footnotes":""},"categories":[47040],"tags":[2427,2902,16878,14832,199,30009],"class_list":["post-540429","post","type-post","status-publish","format-standard","has-post-thumbnail","hentry","category-coupe-du-monde-de-biathlon","tag-biathlon","tag-biathlon-grand-bornand","tag-breve","tag-emilien-claude","tag-equipe-de-france","tag-gilonne-guigonnat"],"acf":[],"yoast_head":"<!-- This site is optimized with the Yoast SEO Premium plugin v26.7 (Yoast SEO v26.7) - https:\/\/yoast.com\/wordpress\/plugins\/seo\/ -->\n<title>Biathlon Le Grand-Bornand 2024 : La s\u00e9lection fran\u00e7aise<\/title>\n<meta name=\"description\" content=\"BIATHLON 2024-2025 - Le staff tricolore a d\u00e9voil\u00e9 ce lundi les biathl\u00e8tes qui iront au Grand-Bornand, pour la troisi\u00e8me \u00e9tape de Coupe du monde.\" \/>\n<meta name=\"robots\" content=\"index, follow, max-snippet:-1, max-image-preview:large, max-video-preview:-1\" \/>\n<link rel=\"canonical\" href=\"https:\/\/dicodusport.fr\/blog\/biathlon-le-grand-bornand-2024-la-selection-francaise\/\" \/>\n<meta property=\"og:locale\" content=\"fr_FR\" \/>\n<meta property=\"og:type\" content=\"article\" \/>\n<meta property=\"og:title\" content=\"Biathlon Le Grand-Bornand 2024 : La s\u00e9lection fran\u00e7aise\" \/>\n<meta property=\"og:description\" content=\"BIATHLON 2024-2025 - Le staff tricolore a d\u00e9voil\u00e9 ce lundi les biathl\u00e8tes qui iront au Grand-Bornand, pour la troisi\u00e8me \u00e9tape de Coupe du monde.\" \/>\n<meta property=\"og:url\" content=\"https:\/\/dicodusport.fr\/blog\/biathlon-le-grand-bornand-2024-la-selection-francaise\/\" \/>\n<meta property=\"og:site_name\" content=\"Dicodusport\" \/>\n<meta property=\"article:publisher\" content=\"https:\/\/www.facebook.com\/dicodusport\" \/>\n<meta property=\"article:published_time\" content=\"2024-12-16T12:15:25+00:00\" \/>\n<meta property=\"article:modified_time\" content=\"2025-07-09T16:38:22+00:00\" \/>\n<meta property=\"og:image\" content=\"https:\/\/dicodusport.fr\/blog\/wp-content\/uploads\/2024\/12\/Biathlon-Le-Grand-Bornand-2024-La-selection-francaise.png\" \/>\n\t<meta property=\"og:image:width\" content=\"1200\" \/>\n\t<meta property=\"og:image:height\" content=\"674\" \/>\n\t<meta property=\"og:image:type\" content=\"image\/png\" \/>\n<meta name=\"author\" content=\"Etienne Goursaud\" \/>\n<meta name=\"twitter:card\" content=\"summary_large_image\" \/>\n<meta name=\"twitter:title\" content=\"Biathlon Le Grand-Bornand 2024 : La s\u00e9lection fran\u00e7aise\" \/>\n<meta name=\"twitter:creator\" content=\"@dicodusport\" \/>\n<meta name=\"twitter:site\" content=\"@dicodusport\" \/>\n<script type=\"application\/ld+json\" class=\"yoast-schema-graph\">{\"@context\":\"https:\/\/schema.org\",\"@graph\":[{\"@type\":\"NewsArticle\",\"@id\":\"https:\/\/dicodusport.fr\/blog\/biathlon-le-grand-bornand-2024-la-selection-francaise\/#article\",\"isPartOf\":{\"@id\":\"https:\/\/dicodusport.fr\/blog\/biathlon-le-grand-bornand-2024-la-selection-francaise\/\"},\"author\":{\"name\":\"Etienne Goursaud\",\"@id\":\"https:\/\/dicodusport.fr\/blog\/#\/schema\/person\/d603dd7da31fb2b46c82b9835a77ec13\"},\"headline\":\"Biathlon Le Grand-Bornand 2024 : La s\u00e9lection fran\u00e7aise\",\"datePublished\":\"2024-12-16T12:15:25+00:00\",\"dateModified\":\"2025-07-09T16:38:22+00:00\",\"mainEntityOfPage\":{\"@id\":\"https:\/\/dicodusport.fr\/blog\/biathlon-le-grand-bornand-2024-la-selection-francaise\/\"},\"wordCount\":454,\"commentCount\":0,\"publisher\":{\"@id\":\"https:\/\/dicodusport.fr\/blog\/#organization\"},\"image\":{\"@id\":\"https:\/\/dicodusport.fr\/blog\/biathlon-le-grand-bornand-2024-la-selection-francaise\/#primaryimage\"},\"thumbnailUrl\":\"https:\/\/dicodusport.fr\/blog\/wp-content\/uploads\/2024\/12\/Biathlon-Le-Grand-Bornand-2024-La-selection-francaise.png\",\"keywords\":[\"Biathlon\",\"Biathlon Grand Bornand\",\"br\u00e8ve\",\"Emilien Claude\",\"\u00c9quipe de France\",\"Gilonne Guigonnat\"],\"articleSection\":[\"Coupe du monde de biathlon\"],\"inLanguage\":\"fr-FR\",\"potentialAction\":[{\"@type\":\"CommentAction\",\"name\":\"Comment\",\"target\":[\"https:\/\/dicodusport.fr\/blog\/biathlon-le-grand-bornand-2024-la-selection-francaise\/#respond\"]}],\"copyrightYear\":\"2024\",\"copyrightHolder\":{\"@id\":\"https:\/\/dicodusport.fr\/blog\/#organization\"}},{\"@type\":\"WebPage\",\"@id\":\"https:\/\/dicodusport.fr\/blog\/biathlon-le-grand-bornand-2024-la-selection-francaise\/\",\"url\":\"https:\/\/dicodusport.fr\/blog\/biathlon-le-grand-bornand-2024-la-selection-francaise\/\",\"name\":\"Biathlon Le Grand-Bornand 2024 : La s\u00e9lection fran\u00e7aise\",\"isPartOf\":{\"@id\":\"https:\/\/dicodusport.fr\/blog\/#website\"},\"primaryImageOfPage\":{\"@id\":\"https:\/\/dicodusport.fr\/blog\/biathlon-le-grand-bornand-2024-la-selection-francaise\/#primaryimage\"},\"image\":{\"@id\":\"https:\/\/dicodusport.fr\/blog\/biathlon-le-grand-bornand-2024-la-selection-francaise\/#primaryimage\"},\"thumbnailUrl\":\"https:\/\/dicodusport.fr\/blog\/wp-content\/uploads\/2024\/12\/Biathlon-Le-Grand-Bornand-2024-La-selection-francaise.png\",\"datePublished\":\"2024-12-16T12:15:25+00:00\",\"dateModified\":\"2025-07-09T16:38:22+00:00\",\"description\":\"BIATHLON 2024-2025 - Le staff tricolore a d\u00e9voil\u00e9 ce lundi les biathl\u00e8tes qui iront au Grand-Bornand, pour la troisi\u00e8me \u00e9tape de Coupe du monde.\",\"breadcrumb\":{\"@id\":\"https:\/\/dicodusport.fr\/blog\/biathlon-le-grand-bornand-2024-la-selection-francaise\/#breadcrumb\"},\"inLanguage\":\"fr-FR\",\"potentialAction\":[{\"@type\":\"ReadAction\",\"target\":[\"https:\/\/dicodusport.fr\/blog\/biathlon-le-grand-bornand-2024-la-selection-francaise\/\"]}]},{\"@type\":\"ImageObject\",\"inLanguage\":\"fr-FR\",\"@id\":\"https:\/\/dicodusport.fr\/blog\/biathlon-le-grand-bornand-2024-la-selection-francaise\/#primaryimage\",\"url\":\"https:\/\/dicodusport.fr\/blog\/wp-content\/uploads\/2024\/12\/Biathlon-Le-Grand-Bornand-2024-La-selection-francaise.png\",\"contentUrl\":\"https:\/\/dicodusport.fr\/blog\/wp-content\/uploads\/2024\/12\/Biathlon-Le-Grand-Bornand-2024-La-selection-francaise.png\",\"width\":1200,\"height\":674},{\"@type\":\"BreadcrumbList\",\"@id\":\"https:\/\/dicodusport.fr\/blog\/biathlon-le-grand-bornand-2024-la-selection-francaise\/#breadcrumb\",\"itemListElement\":[{\"@type\":\"ListItem\",\"position\":1,\"name\":\"Accueil\",\"item\":\"https:\/\/dicodusport.fr\/blog\/\"},{\"@type\":\"ListItem\",\"position\":2,\"name\":\"Biathlon Le Grand-Bornand 2024 : La s\u00e9lection fran\u00e7aise\"}]},{\"@type\":\"WebSite\",\"@id\":\"https:\/\/dicodusport.fr\/blog\/#website\",\"url\":\"https:\/\/dicodusport.fr\/blog\/\",\"name\":\"Dicodusport\",\"description\":\"L&#039;encyclop\u00e9die de l&#039;actualit\u00e9 sportive\",\"publisher\":{\"@id\":\"https:\/\/dicodusport.fr\/blog\/#organization\"},\"potentialAction\":[{\"@type\":\"SearchAction\",\"target\":{\"@type\":\"EntryPoint\",\"urlTemplate\":\"https:\/\/dicodusport.fr\/blog\/?s={search_term_string}\"},\"query-input\":{\"@type\":\"PropertyValueSpecification\",\"valueRequired\":true,\"valueName\":\"search_term_string\"}}],\"inLanguage\":\"fr-FR\"},{\"@type\":\"NewsMediaOrganization\",\"@id\":\"https:\/\/dicodusport.fr\/blog\/#organization\",\"name\":\"Dicodusport\",\"url\":\"https:\/\/dicodusport.fr\/blog\/\",\"logo\":{\"@type\":\"ImageObject\",\"inLanguage\":\"fr-FR\",\"@id\":\"https:\/\/dicodusport.fr\/blog\/#\/schema\/logo\/image\/\",\"url\":\"https:\/\/dicodusport.fr\/blog\/wp-content\/uploads\/2020\/06\/cropped-LOGO-DICODUSPORT-2020-SANS-FOND-SANS-TEXTE.png\",\"contentUrl\":\"https:\/\/dicodusport.fr\/blog\/wp-content\/uploads\/2020\/06\/cropped-LOGO-DICODUSPORT-2020-SANS-FOND-SANS-TEXTE.png\",\"width\":512,\"height\":512,\"caption\":\"Dicodusport\"},\"image\":{\"@id\":\"https:\/\/dicodusport.fr\/blog\/#\/schema\/logo\/image\/\"},\"sameAs\":[\"https:\/\/www.facebook.com\/dicodusport\",\"https:\/\/x.com\/dicodusport\",\"https:\/\/www.instagram.com\/dicodusport\/\",\"https:\/\/www.youtube.com\/channel\/UC7V2KZ5sd3htJivAbA4ZG3w\"],\"description\":\"Dicodusport est l'encyclop\u00e9die de l'actualit\u00e9 sportive.\",\"email\":\"bonjour@dicodusport.fr\",\"legalName\":\"DICODUSPORT\",\"foundingDate\":\"2018-01-14\",\"vatID\":\"FR71834470973\",\"taxID\":\"83447097300043\",\"numberOfEmployees\":{\"@type\":\"QuantitativeValue\",\"minValue\":\"1\",\"maxValue\":\"10\"}},{\"@type\":\"Person\",\"@id\":\"https:\/\/dicodusport.fr\/blog\/#\/schema\/person\/d603dd7da31fb2b46c82b9835a77ec13\",\"name\":\"Etienne Goursaud\",\"image\":{\"@type\":\"ImageObject\",\"inLanguage\":\"fr-FR\",\"@id\":\"https:\/\/dicodusport.fr\/blog\/#\/schema\/person\/image\/\",\"url\":\"https:\/\/dicodusport.fr\/blog\/wp-content\/uploads\/2023\/12\/410122264_10231602061736049_5565839791558026645_n-150x150.jpg\",\"contentUrl\":\"https:\/\/dicodusport.fr\/blog\/wp-content\/uploads\/2023\/12\/410122264_10231602061736049_5565839791558026645_n-150x150.jpg\",\"caption\":\"Etienne Goursaud\"},\"description\":\"Journaliste et amoureux de sport. Ancien footballeur reconverti athl\u00e8te quand ses muscles le laissent tranquille. \u00c9lev\u00e9 \u00e0 la sauce des exploits de Thomas Voeckler en 2004, du dernier essai de l\u00e9gende de Eunice Barber \u00e0 la longueur lors des championnats du monde d'athl\u00e9tisme de 2003 mais aussi Zidane, Omeyer et Titou Lamaison.\",\"url\":\"https:\/\/dicodusport.fr\/blog\/author\/etienne-goursaud\/\"}]}<\/script>\n<!-- \/ Yoast SEO Premium plugin. -->","yoast_head_json":{"title":"Biathlon Le Grand-Bornand 2024 : La s\u00e9lection fran\u00e7aise","description":"BIATHLON 2024-2025 - Le staff tricolore a d\u00e9voil\u00e9 ce lundi les biathl\u00e8tes qui iront au Grand-Bornand, pour la troisi\u00e8me \u00e9tape de Coupe du monde.","robots":{"index":"index","follow":"follow","max-snippet":"max-snippet:-1","max-image-preview":"max-image-preview:large","max-video-preview":"max-video-preview:-1"},"canonical":"https:\/\/dicodusport.fr\/blog\/biathlon-le-grand-bornand-2024-la-selection-francaise\/","og_locale":"fr_FR","og_type":"article","og_title":"Biathlon Le Grand-Bornand 2024 : La s\u00e9lection fran\u00e7aise","og_description":"BIATHLON 2024-2025 - Le staff tricolore a d\u00e9voil\u00e9 ce lundi les biathl\u00e8tes qui iront au Grand-Bornand, pour la troisi\u00e8me \u00e9tape de Coupe du monde.","og_url":"https:\/\/dicodusport.fr\/blog\/biathlon-le-grand-bornand-2024-la-selection-francaise\/","og_site_name":"Dicodusport","article_publisher":"https:\/\/www.facebook.com\/dicodusport","article_published_time":"2024-12-16T12:15:25+00:00","article_modified_time":"2025-07-09T16:38:22+00:00","og_image":[{"width":1200,"height":674,"url":"https:\/\/dicodusport.fr\/blog\/wp-content\/uploads\/2024\/12\/Biathlon-Le-Grand-Bornand-2024-La-selection-francaise.png","type":"image\/png"}],"author":"Etienne Goursaud","twitter_card":"summary_large_image","twitter_title":"Biathlon Le Grand-Bornand 2024 : La s\u00e9lection fran\u00e7aise","twitter_creator":"@dicodusport","twitter_site":"@dicodusport","schema":{"@context":"https:\/\/schema.org","@graph":[{"@type":"NewsArticle","@id":"https:\/\/dicodusport.fr\/blog\/biathlon-le-grand-bornand-2024-la-selection-francaise\/#article","isPartOf":{"@id":"https:\/\/dicodusport.fr\/blog\/biathlon-le-grand-bornand-2024-la-selection-francaise\/"},"author":{"name":"Etienne Goursaud","@id":"https:\/\/dicodusport.fr\/blog\/#\/schema\/person\/d603dd7da31fb2b46c82b9835a77ec13"},"headline":"Biathlon Le Grand-Bornand 2024 : La s\u00e9lection fran\u00e7aise","datePublished":"2024-12-16T12:15:25+00:00","dateModified":"2025-07-09T16:38:22+00:00","mainEntityOfPage":{"@id":"https:\/\/dicodusport.fr\/blog\/biathlon-le-grand-bornand-2024-la-selection-francaise\/"},"wordCount":454,"commentCount":0,"publisher":{"@id":"https:\/\/dicodusport.fr\/blog\/#organization"},"image":{"@id":"https:\/\/dicodusport.fr\/blog\/biathlon-le-grand-bornand-2024-la-selection-francaise\/#primaryimage"},"thumbnailUrl":"https:\/\/dicodusport.fr\/blog\/wp-content\/uploads\/2024\/12\/Biathlon-Le-Grand-Bornand-2024-La-selection-francaise.png","keywords":["Biathlon","Biathlon Grand Bornand","br\u00e8ve","Emilien Claude","\u00c9quipe de France","Gilonne Guigonnat"],"articleSection":["Coupe du monde de biathlon"],"inLanguage":"fr-FR","potentialAction":[{"@type":"CommentAction","name":"Comment","target":["https:\/\/dicodusport.fr\/blog\/biathlon-le-grand-bornand-2024-la-selection-francaise\/#respond"]}],"copyrightYear":"2024","copyrightHolder":{"@id":"https:\/\/dicodusport.fr\/blog\/#organization"}},{"@type":"WebPage","@id":"https:\/\/dicodusport.fr\/blog\/biathlon-le-grand-bornand-2024-la-selection-francaise\/","url":"https:\/\/dicodusport.fr\/blog\/biathlon-le-grand-bornand-2024-la-selection-francaise\/","name":"Biathlon Le Grand-Bornand 2024 : La s\u00e9lection fran\u00e7aise","isPartOf":{"@id":"https:\/\/dicodusport.fr\/blog\/#website"},"primaryImageOfPage":{"@id":"https:\/\/dicodusport.fr\/blog\/biathlon-le-grand-bornand-2024-la-selection-francaise\/#primaryimage"},"image":{"@id":"https:\/\/dicodusport.fr\/blog\/biathlon-le-grand-bornand-2024-la-selection-francaise\/#primaryimage"},"thumbnailUrl":"https:\/\/dicodusport.fr\/blog\/wp-content\/uploads\/2024\/12\/Biathlon-Le-Grand-Bornand-2024-La-selection-francaise.png","datePublished":"2024-12-16T12:15:25+00:00","dateModified":"2025-07-09T16:38:22+00:00","description":"BIATHLON 2024-2025 - Le staff tricolore a d\u00e9voil\u00e9 ce lundi les biathl\u00e8tes qui iront au Grand-Bornand, pour la troisi\u00e8me \u00e9tape de Coupe du monde.","breadcrumb":{"@id":"https:\/\/dicodusport.fr\/blog\/biathlon-le-grand-bornand-2024-la-selection-francaise\/#breadcrumb"},"inLanguage":"fr-FR","potentialAction":[{"@type":"ReadAction","target":["https:\/\/dicodusport.fr\/blog\/biathlon-le-grand-bornand-2024-la-selection-francaise\/"]}]},{"@type":"ImageObject","inLanguage":"fr-FR","@id":"https:\/\/dicodusport.fr\/blog\/biathlon-le-grand-bornand-2024-la-selection-francaise\/#primaryimage","url":"https:\/\/dicodusport.fr\/blog\/wp-content\/uploads\/2024\/12\/Biathlon-Le-Grand-Bornand-2024-La-selection-francaise.png","contentUrl":"https:\/\/dicodusport.fr\/blog\/wp-content\/uploads\/2024\/12\/Biathlon-Le-Grand-Bornand-2024-La-selection-francaise.png","width":1200,"height":674},{"@type":"BreadcrumbList","@id":"https:\/\/dicodusport.fr\/blog\/biathlon-le-grand-bornand-2024-la-selection-francaise\/#breadcrumb","itemListElement":[{"@type":"ListItem","position":1,"name":"Accueil","item":"https:\/\/dicodusport.fr\/blog\/"},{"@type":"ListItem","position":2,"name":"Biathlon Le Grand-Bornand 2024 : La s\u00e9lection fran\u00e7aise"}]},{"@type":"WebSite","@id":"https:\/\/dicodusport.fr\/blog\/#website","url":"https:\/\/dicodusport.fr\/blog\/","name":"Dicodusport","description":"L&#039;encyclop\u00e9die de l&#039;actualit\u00e9 sportive","publisher":{"@id":"https:\/\/dicodusport.fr\/blog\/#organization"},"potentialAction":[{"@type":"SearchAction","target":{"@type":"EntryPoint","urlTemplate":"https:\/\/dicodusport.fr\/blog\/?s={search_term_string}"},"query-input":{"@type":"PropertyValueSpecification","valueRequired":true,"valueName":"search_term_string"}}],"inLanguage":"fr-FR"},{"@type":"NewsMediaOrganization","@id":"https:\/\/dicodusport.fr\/blog\/#organization","name":"Dicodusport","url":"https:\/\/dicodusport.fr\/blog\/","logo":{"@type":"ImageObject","inLanguage":"fr-FR","@id":"https:\/\/dicodusport.fr\/blog\/#\/schema\/logo\/image\/","url":"https:\/\/dicodusport.fr\/blog\/wp-content\/uploads\/2020\/06\/cropped-LOGO-DICODUSPORT-2020-SANS-FOND-SANS-TEXTE.png","contentUrl":"https:\/\/dicodusport.fr\/blog\/wp-content\/uploads\/2020\/06\/cropped-LOGO-DICODUSPORT-2020-SANS-FOND-SANS-TEXTE.png","width":512,"height":512,"caption":"Dicodusport"},"image":{"@id":"https:\/\/dicodusport.fr\/blog\/#\/schema\/logo\/image\/"},"sameAs":["https:\/\/www.facebook.com\/dicodusport","https:\/\/x.com\/dicodusport","https:\/\/www.instagram.com\/dicodusport\/","https:\/\/www.youtube.com\/channel\/UC7V2KZ5sd3htJivAbA4ZG3w"],"description":"Dicodusport est l'encyclop\u00e9die de l'actualit\u00e9 sportive.","email":"bonjour@dicodusport.fr","legalName":"DICODUSPORT","foundingDate":"2018-01-14","vatID":"FR71834470973","taxID":"83447097300043","numberOfEmployees":{"@type":"QuantitativeValue","minValue":"1","maxValue":"10"}},{"@type":"Person","@id":"https:\/\/dicodusport.fr\/blog\/#\/schema\/person\/d603dd7da31fb2b46c82b9835a77ec13","name":"Etienne Goursaud","image":{"@type":"ImageObject","inLanguage":"fr-FR","@id":"https:\/\/dicodusport.fr\/blog\/#\/schema\/person\/image\/","url":"https:\/\/dicodusport.fr\/blog\/wp-content\/uploads\/2023\/12\/410122264_10231602061736049_5565839791558026645_n-150x150.jpg","contentUrl":"https:\/\/dicodusport.fr\/blog\/wp-content\/uploads\/2023\/12\/410122264_10231602061736049_5565839791558026645_n-150x150.jpg","caption":"Etienne Goursaud"},"description":"Journaliste et amoureux de sport. Ancien footballeur reconverti athl\u00e8te quand ses muscles le laissent tranquille. \u00c9lev\u00e9 \u00e0 la sauce des exploits de Thomas Voeckler en 2004, du dernier essai de l\u00e9gende de Eunice Barber \u00e0 la longueur lors des championnats du monde d'athl\u00e9tisme de 2003 mais aussi Zidane, Omeyer et Titou Lamaison.","url":"https:\/\/dicodusport.fr\/blog\/author\/etienne-goursaud\/"}]}},"_links":{"self":[{"href":"https:\/\/dicodusport.fr\/blog\/wp-json\/wp\/v2\/posts\/540429","targetHints":{"allow":["GET"]}}],"collection":[{"href":"https:\/\/dicodusport.fr\/blog\/wp-json\/wp\/v2\/posts"}],"about":[{"href":"https:\/\/dicodusport.fr\/blog\/wp-json\/wp\/v2\/types\/post"}],"author":[{"embeddable":true,"href":"https:\/\/dicodusport.fr\/blog\/wp-json\/wp\/v2\/users\/83"}],"replies":[{"embeddable":true,"href":"https:\/\/dicodusport.fr\/blog\/wp-json\/wp\/v2\/comments?post=540429"}],"version-history":[{"count":4,"href":"https:\/\/dicodusport.fr\/blog\/wp-json\/wp\/v2\/posts\/540429\/revisions"}],"predecessor-version":[{"id":540552,"href":"https:\/\/dicodusport.fr\/blog\/wp-json\/wp\/v2\/posts\/540429\/revisions\/540552"}],"wp:featuredmedia":[{"embeddable":true,"href":"https:\/\/dicodusport.fr\/blog\/wp-json\/wp\/v2\/media\/540432"}],"wp:attachment":[{"href":"https:\/\/dicodusport.fr\/blog\/wp-json\/wp\/v2\/media?parent=540429"}],"wp:term":[{"taxonomy":"category","embeddable":true,"href":"https:\/\/dicodusport.fr\/blog\/wp-json\/wp\/v2\/categories?post=540429"},{"taxonomy":"post_tag","embeddable":true,"href":"https:\/\/dicodusport.fr\/blog\/wp-json\/wp\/v2\/tags?post=540429"}],"curies":[{"name":"wp","href":"https:\/\/api.w.org\/{rel}","templated":true}]}}