{"id":540508,"date":"2024-12-17T12:06:12","date_gmt":"2024-12-17T11:06:12","guid":{"rendered":"https:\/\/dicodusport.fr\/blog\/?p=540508&#038;preview=true&#038;preview_id=540508"},"modified":"2024-12-17T12:20:16","modified_gmt":"2024-12-17T11:20:16","slug":"paris-nice-2025-le-parcours-devoile","status":"publish","type":"post","link":"https:\/\/dicodusport.fr\/blog\/paris-nice-2025-le-parcours-devoile\/","title":{"rendered":"Paris-Nice 2025 : Le parcours d\u00e9voil\u00e9"},"content":{"rendered":"<h4 style=\"text-align: justify;\"><em>CYCLISME SUR ROUTE &#8211; Le parcours de Paris-Nice 2025 vient d&rsquo;\u00eatre d\u00e9voil\u00e9. Un contre-la-montre par \u00e9quipes, trois \u00e9tapes pour sprinteurs et un week-end montagneux autour de Nice attendent les coureurs.<\/em><\/h4>\n<p style=\"text-align: justify;\">Le parcours de l\u2019\u00e9dition 2025 de Paris-Nice a \u00e9t\u00e9 d\u00e9voil\u00e9 ce mardi matin. Il partira le 9 mars du Perray-en-Yvelines pour arriver le 16 mars sur la Promenade des Anglais, \u00e0 Nice. La saison pass\u00e9e, <a href=\"https:\/\/dicodusport.fr\/blog\/paris-nice-2024-le-general-pour-matteo-jorgenson-la-derniere-etape-pour-remco-evenepoel\/\"><strong>Matteo Jorgenson<\/strong> avait triomph\u00e9<\/a> dans une bagarre contre <strong>Remco Evenepoel<\/strong>. Ce dernier, grand favori au d\u00e9part, s\u2019\u00e9tait un peu manqu\u00e9 tactiquement et avait finalement fini derri\u00e8re l\u2019Am\u00e9ricain sur la Promenade des Anglais. Cette saison, il ne pourra \u00e9videmment pas \u00eatre au rendez-vous \u00e0 cause de sa <a href=\"https:\/\/dicodusport.fr\/blog\/cyclisme-apres-sa-chute-remco-evenepoel-souffre-dune-fracture-de-la-clavicule\/\">grave chute \u00e0 l\u2019entra\u00eenement<\/a>.<\/p>\n<h2 style=\"text-align: justify;\">Le circuit Magny-Cours d\u00e9part du contre-la-montre par \u00e9quipes de Paris-Nice 2025<\/h2>\n<p style=\"text-align: justify;\">Le programme de l&rsquo;\u00e9dition 2025 de <strong>Paris-Nice<\/strong> sera copieux pour les coureurs. 3 \u00e9tapes pour les sprinteurs, deux pour les baroudeurs, un contre-la-montre par \u00e9quipes et la montagne en guise de dessert. Le contre-la-montre par \u00e9quipes partira du circuit <strong>Nevers &#8211; Magny Cours<\/strong> et se terminera dans le chef-lieu de la Ni\u00e8vre avec la c\u00f4te de la Pisserotte (1 km, \u00e0 5,4 % et un passage \u00e0 11 %).<\/p>\n<p style=\"text-align: justify;\">La station d&rsquo;<strong>Auron<\/strong> aura de nouveau les honneurs de la 7e \u00e9tape. L&rsquo;an dernier, en raison des conditions m\u00e9t\u00e9orologiques, la fin de l&rsquo;\u00e9tape avait \u00e9t\u00e9 rabot\u00e9e et jug\u00e9e \u00e0 La Madone d&rsquo;Utelle. L&rsquo;ascension du <strong>Col de la Colmiane<\/strong> (1.500 m) et l&rsquo;arriv\u00e9e \u00e0 <strong>Auron<\/strong> (1.600 m apr\u00e8s une mont\u00e9e de 7,3 km \u00e0 7,2 %) qui avaient \u00e9t\u00e9 ray\u00e9es du programme seront, sauf \u00e9v\u00e9nement contraire, de la partie.<\/p>\n<p style=\"text-align: justify;\">Le dernier jour, avant l&rsquo;arriv\u00e9e sur la Promenade des Anglais, le peloton escaladera encore trois cols de premi\u00e8re cat\u00e9gorie : le <strong>Col de la Porte<\/strong> (7km, 7,2 %), la <strong>C\u00f4te de la Peille<\/strong> (6,5 km \u00e0 6,9) et le <strong>Col des Quatre Chemins<\/strong> (3,6 km \u00e0 8,8 % et des passages \u00e0 16%. C\u2019est l\u00e0, que l\u2019an dernier, Matteo Jorgenson avait forg\u00e9 son succ\u00e8s. D\u00e9fendra-t-il son titre ?<\/p>\n<h2>Paris-Nice 2025 &#8211; Carte du parcours et liste des \u00e9tapes<\/h2>\n<div id=\"attachment_540515\" style=\"width: 1930px\" class=\"wp-caption aligncenter\"><a href=\"https:\/\/dicodusport.fr\/blog\/wp-content\/uploads\/2024\/12\/Parcours-et-etapes-de-Paris-Nice-2025.jpg\"><img loading=\"lazy\" decoding=\"async\" aria-describedby=\"caption-attachment-540515\" class=\"size-full wp-image-540515\" src=\"https:\/\/dicodusport.fr\/blog\/wp-content\/uploads\/2024\/12\/Parcours-et-etapes-de-Paris-Nice-2025.jpg\" alt=\"Parcours et \u00e9tapes de Paris-Nice 2025\" width=\"1920\" height=\"1091\" srcset=\"https:\/\/dicodusport.fr\/blog\/wp-content\/uploads\/2024\/12\/Parcours-et-etapes-de-Paris-Nice-2025.jpg 1920w, https:\/\/dicodusport.fr\/blog\/wp-content\/uploads\/2024\/12\/Parcours-et-etapes-de-Paris-Nice-2025-300x170.jpg 300w, https:\/\/dicodusport.fr\/blog\/wp-content\/uploads\/2024\/12\/Parcours-et-etapes-de-Paris-Nice-2025-1024x582.jpg 1024w, https:\/\/dicodusport.fr\/blog\/wp-content\/uploads\/2024\/12\/Parcours-et-etapes-de-Paris-Nice-2025-768x436.jpg 768w, https:\/\/dicodusport.fr\/blog\/wp-content\/uploads\/2024\/12\/Parcours-et-etapes-de-Paris-Nice-2025-1536x873.jpg 1536w\" sizes=\"auto, (max-width: 1920px) 100vw, 1920px\" \/><\/a><p id=\"caption-attachment-540515\" class=\"wp-caption-text\">Parcours et \u00e9tapes de Paris-Nice 2025 &#8211; Via ASO<\/p><\/div>\n","protected":false},"excerpt":{"rendered":"<p>Le parcours d\u00e9voil\u00e9<\/p>\n","protected":false},"author":88,"featured_media":540517,"comment_status":"open","ping_status":"closed","sticky":false,"template":"","format":"standard","meta":{"_acf_changed":false,"_daextam_enable_autolinks":"1","footnotes":""},"categories":[46994],"tags":[16878,30969,8420],"class_list":["post-540508","post","type-post","status-publish","format-standard","has-post-thumbnail","hentry","category-cyclisme-sur-route","tag-breve","tag-matteo-jorgenson","tag-remco-evenepoel"],"acf":[],"yoast_head":"<!-- This site is optimized with the Yoast SEO Premium plugin v26.7 (Yoast SEO v26.7) - https:\/\/yoast.com\/wordpress\/plugins\/seo\/ -->\n<title>Paris-Nice 2025 : Le parcours d\u00e9voil\u00e9<\/title>\n<meta name=\"description\" content=\"CYCLISME - Le parcours de Paris-Nice 2025 vient d&#039;\u00eatre d\u00e9voil\u00e9. Un contre-la-montre par \u00e9quipes, trois \u00e9tapes pour sprinteurs et un week-end montagneux autour de Nice attendent les coureurs.\" \/>\n<meta name=\"robots\" content=\"index, follow, max-snippet:-1, max-image-preview:large, max-video-preview:-1\" \/>\n<link rel=\"canonical\" href=\"https:\/\/dicodusport.fr\/blog\/paris-nice-2025-le-parcours-devoile\/\" \/>\n<meta property=\"og:locale\" content=\"fr_FR\" \/>\n<meta property=\"og:type\" content=\"article\" \/>\n<meta property=\"og:title\" content=\"Paris-Nice 2025 : Le parcours d\u00e9voil\u00e9\" \/>\n<meta property=\"og:description\" content=\"CYCLISME - Le parcours de Paris-Nice 2025 vient d&#039;\u00eatre d\u00e9voil\u00e9. Un contre-la-montre par \u00e9quipes, trois \u00e9tapes pour sprinteurs et un week-end montagneux autour de Nice attendent les coureurs.\" \/>\n<meta property=\"og:url\" content=\"https:\/\/dicodusport.fr\/blog\/paris-nice-2025-le-parcours-devoile\/\" \/>\n<meta property=\"og:site_name\" content=\"Dicodusport\" \/>\n<meta property=\"article:publisher\" content=\"https:\/\/www.facebook.com\/dicodusport\" \/>\n<meta property=\"article:published_time\" content=\"2024-12-17T11:06:12+00:00\" \/>\n<meta property=\"article:modified_time\" content=\"2024-12-17T11:20:16+00:00\" \/>\n<meta property=\"og:image\" content=\"https:\/\/dicodusport.fr\/blog\/wp-content\/uploads\/2024\/12\/Paris-Nice-2025-Le-parcours-devoile.png\" \/>\n\t<meta property=\"og:image:width\" content=\"1200\" \/>\n\t<meta property=\"og:image:height\" content=\"674\" \/>\n\t<meta property=\"og:image:type\" content=\"image\/png\" \/>\n<meta name=\"author\" content=\"Paul Lalevee\" \/>\n<meta name=\"twitter:card\" content=\"summary_large_image\" \/>\n<meta name=\"twitter:title\" content=\"Paris-Nice 2025 : Le parcours d\u00e9voil\u00e9\" \/>\n<meta name=\"twitter:creator\" content=\"@dicodusport\" \/>\n<meta name=\"twitter:site\" content=\"@dicodusport\" \/>\n<script type=\"application\/ld+json\" class=\"yoast-schema-graph\">{\"@context\":\"https:\/\/schema.org\",\"@graph\":[{\"@type\":\"NewsArticle\",\"@id\":\"https:\/\/dicodusport.fr\/blog\/paris-nice-2025-le-parcours-devoile\/#article\",\"isPartOf\":{\"@id\":\"https:\/\/dicodusport.fr\/blog\/paris-nice-2025-le-parcours-devoile\/\"},\"author\":{\"name\":\"Paul Lalevee\",\"@id\":\"https:\/\/dicodusport.fr\/blog\/#\/schema\/person\/1eaa63dfac40b5e5c47f03a71920c1cd\"},\"headline\":\"Paris-Nice 2025 : Le parcours d\u00e9voil\u00e9\",\"datePublished\":\"2024-12-17T11:06:12+00:00\",\"dateModified\":\"2024-12-17T11:20:16+00:00\",\"mainEntityOfPage\":{\"@id\":\"https:\/\/dicodusport.fr\/blog\/paris-nice-2025-le-parcours-devoile\/\"},\"wordCount\":362,\"commentCount\":0,\"publisher\":{\"@id\":\"https:\/\/dicodusport.fr\/blog\/#organization\"},\"image\":{\"@id\":\"https:\/\/dicodusport.fr\/blog\/paris-nice-2025-le-parcours-devoile\/#primaryimage\"},\"thumbnailUrl\":\"https:\/\/dicodusport.fr\/blog\/wp-content\/uploads\/2024\/12\/Paris-Nice-2025-Le-parcours-devoile.png\",\"keywords\":[\"br\u00e8ve\",\"Matteo Jorgenson\",\"Remco Evenepoel\"],\"articleSection\":[\"Cyclisme sur route\"],\"inLanguage\":\"fr-FR\",\"potentialAction\":[{\"@type\":\"CommentAction\",\"name\":\"Comment\",\"target\":[\"https:\/\/dicodusport.fr\/blog\/paris-nice-2025-le-parcours-devoile\/#respond\"]}],\"copyrightYear\":\"2024\",\"copyrightHolder\":{\"@id\":\"https:\/\/dicodusport.fr\/blog\/#organization\"}},{\"@type\":\"WebPage\",\"@id\":\"https:\/\/dicodusport.fr\/blog\/paris-nice-2025-le-parcours-devoile\/\",\"url\":\"https:\/\/dicodusport.fr\/blog\/paris-nice-2025-le-parcours-devoile\/\",\"name\":\"Paris-Nice 2025 : Le parcours d\u00e9voil\u00e9\",\"isPartOf\":{\"@id\":\"https:\/\/dicodusport.fr\/blog\/#website\"},\"primaryImageOfPage\":{\"@id\":\"https:\/\/dicodusport.fr\/blog\/paris-nice-2025-le-parcours-devoile\/#primaryimage\"},\"image\":{\"@id\":\"https:\/\/dicodusport.fr\/blog\/paris-nice-2025-le-parcours-devoile\/#primaryimage\"},\"thumbnailUrl\":\"https:\/\/dicodusport.fr\/blog\/wp-content\/uploads\/2024\/12\/Paris-Nice-2025-Le-parcours-devoile.png\",\"datePublished\":\"2024-12-17T11:06:12+00:00\",\"dateModified\":\"2024-12-17T11:20:16+00:00\",\"description\":\"CYCLISME - Le parcours de Paris-Nice 2025 vient d'\u00eatre d\u00e9voil\u00e9. Un contre-la-montre par \u00e9quipes, trois \u00e9tapes pour sprinteurs et un week-end montagneux autour de Nice attendent les coureurs.\",\"breadcrumb\":{\"@id\":\"https:\/\/dicodusport.fr\/blog\/paris-nice-2025-le-parcours-devoile\/#breadcrumb\"},\"inLanguage\":\"fr-FR\",\"potentialAction\":[{\"@type\":\"ReadAction\",\"target\":[\"https:\/\/dicodusport.fr\/blog\/paris-nice-2025-le-parcours-devoile\/\"]}]},{\"@type\":\"ImageObject\",\"inLanguage\":\"fr-FR\",\"@id\":\"https:\/\/dicodusport.fr\/blog\/paris-nice-2025-le-parcours-devoile\/#primaryimage\",\"url\":\"https:\/\/dicodusport.fr\/blog\/wp-content\/uploads\/2024\/12\/Paris-Nice-2025-Le-parcours-devoile.png\",\"contentUrl\":\"https:\/\/dicodusport.fr\/blog\/wp-content\/uploads\/2024\/12\/Paris-Nice-2025-Le-parcours-devoile.png\",\"width\":1200,\"height\":674,\"caption\":\"Paris-Nice 2025 Le parcours d\u00e9voil\u00e9\"},{\"@type\":\"BreadcrumbList\",\"@id\":\"https:\/\/dicodusport.fr\/blog\/paris-nice-2025-le-parcours-devoile\/#breadcrumb\",\"itemListElement\":[{\"@type\":\"ListItem\",\"position\":1,\"name\":\"Accueil\",\"item\":\"https:\/\/dicodusport.fr\/blog\/\"},{\"@type\":\"ListItem\",\"position\":2,\"name\":\"Paris-Nice 2025 : Le parcours d\u00e9voil\u00e9\"}]},{\"@type\":\"WebSite\",\"@id\":\"https:\/\/dicodusport.fr\/blog\/#website\",\"url\":\"https:\/\/dicodusport.fr\/blog\/\",\"name\":\"Dicodusport\",\"description\":\"L&#039;encyclop\u00e9die de l&#039;actualit\u00e9 sportive\",\"publisher\":{\"@id\":\"https:\/\/dicodusport.fr\/blog\/#organization\"},\"potentialAction\":[{\"@type\":\"SearchAction\",\"target\":{\"@type\":\"EntryPoint\",\"urlTemplate\":\"https:\/\/dicodusport.fr\/blog\/?s={search_term_string}\"},\"query-input\":{\"@type\":\"PropertyValueSpecification\",\"valueRequired\":true,\"valueName\":\"search_term_string\"}}],\"inLanguage\":\"fr-FR\"},{\"@type\":\"NewsMediaOrganization\",\"@id\":\"https:\/\/dicodusport.fr\/blog\/#organization\",\"name\":\"Dicodusport\",\"url\":\"https:\/\/dicodusport.fr\/blog\/\",\"logo\":{\"@type\":\"ImageObject\",\"inLanguage\":\"fr-FR\",\"@id\":\"https:\/\/dicodusport.fr\/blog\/#\/schema\/logo\/image\/\",\"url\":\"https:\/\/dicodusport.fr\/blog\/wp-content\/uploads\/2020\/06\/cropped-LOGO-DICODUSPORT-2020-SANS-FOND-SANS-TEXTE.png\",\"contentUrl\":\"https:\/\/dicodusport.fr\/blog\/wp-content\/uploads\/2020\/06\/cropped-LOGO-DICODUSPORT-2020-SANS-FOND-SANS-TEXTE.png\",\"width\":512,\"height\":512,\"caption\":\"Dicodusport\"},\"image\":{\"@id\":\"https:\/\/dicodusport.fr\/blog\/#\/schema\/logo\/image\/\"},\"sameAs\":[\"https:\/\/www.facebook.com\/dicodusport\",\"https:\/\/x.com\/dicodusport\",\"https:\/\/www.instagram.com\/dicodusport\/\",\"https:\/\/www.youtube.com\/channel\/UC7V2KZ5sd3htJivAbA4ZG3w\"],\"description\":\"Dicodusport est l'encyclop\u00e9die de l'actualit\u00e9 sportive.\",\"email\":\"bonjour@dicodusport.fr\",\"legalName\":\"DICODUSPORT\",\"foundingDate\":\"2018-01-14\",\"vatID\":\"FR71834470973\",\"taxID\":\"83447097300043\",\"numberOfEmployees\":{\"@type\":\"QuantitativeValue\",\"minValue\":\"1\",\"maxValue\":\"10\"}},{\"@type\":\"Person\",\"@id\":\"https:\/\/dicodusport.fr\/blog\/#\/schema\/person\/1eaa63dfac40b5e5c47f03a71920c1cd\",\"name\":\"Paul Lalevee\",\"image\":{\"@type\":\"ImageObject\",\"inLanguage\":\"fr-FR\",\"@id\":\"https:\/\/dicodusport.fr\/blog\/#\/schema\/person\/image\/\",\"url\":\"https:\/\/dicodusport.fr\/blog\/wp-content\/uploads\/2023\/10\/291154246_1690604071293245_3118259335115946499_n-150x150.jpg\",\"contentUrl\":\"https:\/\/dicodusport.fr\/blog\/wp-content\/uploads\/2023\/10\/291154246_1690604071293245_3118259335115946499_n-150x150.jpg\",\"caption\":\"Paul Lalevee\"},\"description\":\"La bulle Disney pendant le Covid, le Tour 2019, la Coupe du monde 2018. Ces trois \u00e9v\u00e9nements majeurs sont ancr\u00e9s dans ma t\u00eate de fan de sport, n\u00e9gativement ou positivement. Passionn\u00e9 de sport depuis l'enfance, j'ai d\u00e9cid\u00e9 de mettre ma passion de l'\u00e9criture au service de cette premi\u00e8re passion.\",\"url\":\"https:\/\/dicodusport.fr\/blog\/author\/paul-lalevee\/\"}]}<\/script>\n<!-- \/ Yoast SEO Premium plugin. -->","yoast_head_json":{"title":"Paris-Nice 2025 : Le parcours d\u00e9voil\u00e9","description":"CYCLISME - Le parcours de Paris-Nice 2025 vient d'\u00eatre d\u00e9voil\u00e9. Un contre-la-montre par \u00e9quipes, trois \u00e9tapes pour sprinteurs et un week-end montagneux autour de Nice attendent les coureurs.","robots":{"index":"index","follow":"follow","max-snippet":"max-snippet:-1","max-image-preview":"max-image-preview:large","max-video-preview":"max-video-preview:-1"},"canonical":"https:\/\/dicodusport.fr\/blog\/paris-nice-2025-le-parcours-devoile\/","og_locale":"fr_FR","og_type":"article","og_title":"Paris-Nice 2025 : Le parcours d\u00e9voil\u00e9","og_description":"CYCLISME - Le parcours de Paris-Nice 2025 vient d'\u00eatre d\u00e9voil\u00e9. Un contre-la-montre par \u00e9quipes, trois \u00e9tapes pour sprinteurs et un week-end montagneux autour de Nice attendent les coureurs.","og_url":"https:\/\/dicodusport.fr\/blog\/paris-nice-2025-le-parcours-devoile\/","og_site_name":"Dicodusport","article_publisher":"https:\/\/www.facebook.com\/dicodusport","article_published_time":"2024-12-17T11:06:12+00:00","article_modified_time":"2024-12-17T11:20:16+00:00","og_image":[{"width":1200,"height":674,"url":"https:\/\/dicodusport.fr\/blog\/wp-content\/uploads\/2024\/12\/Paris-Nice-2025-Le-parcours-devoile.png","type":"image\/png"}],"author":"Paul Lalevee","twitter_card":"summary_large_image","twitter_title":"Paris-Nice 2025 : Le parcours d\u00e9voil\u00e9","twitter_creator":"@dicodusport","twitter_site":"@dicodusport","schema":{"@context":"https:\/\/schema.org","@graph":[{"@type":"NewsArticle","@id":"https:\/\/dicodusport.fr\/blog\/paris-nice-2025-le-parcours-devoile\/#article","isPartOf":{"@id":"https:\/\/dicodusport.fr\/blog\/paris-nice-2025-le-parcours-devoile\/"},"author":{"name":"Paul Lalevee","@id":"https:\/\/dicodusport.fr\/blog\/#\/schema\/person\/1eaa63dfac40b5e5c47f03a71920c1cd"},"headline":"Paris-Nice 2025 : Le parcours d\u00e9voil\u00e9","datePublished":"2024-12-17T11:06:12+00:00","dateModified":"2024-12-17T11:20:16+00:00","mainEntityOfPage":{"@id":"https:\/\/dicodusport.fr\/blog\/paris-nice-2025-le-parcours-devoile\/"},"wordCount":362,"commentCount":0,"publisher":{"@id":"https:\/\/dicodusport.fr\/blog\/#organization"},"image":{"@id":"https:\/\/dicodusport.fr\/blog\/paris-nice-2025-le-parcours-devoile\/#primaryimage"},"thumbnailUrl":"https:\/\/dicodusport.fr\/blog\/wp-content\/uploads\/2024\/12\/Paris-Nice-2025-Le-parcours-devoile.png","keywords":["br\u00e8ve","Matteo Jorgenson","Remco Evenepoel"],"articleSection":["Cyclisme sur route"],"inLanguage":"fr-FR","potentialAction":[{"@type":"CommentAction","name":"Comment","target":["https:\/\/dicodusport.fr\/blog\/paris-nice-2025-le-parcours-devoile\/#respond"]}],"copyrightYear":"2024","copyrightHolder":{"@id":"https:\/\/dicodusport.fr\/blog\/#organization"}},{"@type":"WebPage","@id":"https:\/\/dicodusport.fr\/blog\/paris-nice-2025-le-parcours-devoile\/","url":"https:\/\/dicodusport.fr\/blog\/paris-nice-2025-le-parcours-devoile\/","name":"Paris-Nice 2025 : Le parcours d\u00e9voil\u00e9","isPartOf":{"@id":"https:\/\/dicodusport.fr\/blog\/#website"},"primaryImageOfPage":{"@id":"https:\/\/dicodusport.fr\/blog\/paris-nice-2025-le-parcours-devoile\/#primaryimage"},"image":{"@id":"https:\/\/dicodusport.fr\/blog\/paris-nice-2025-le-parcours-devoile\/#primaryimage"},"thumbnailUrl":"https:\/\/dicodusport.fr\/blog\/wp-content\/uploads\/2024\/12\/Paris-Nice-2025-Le-parcours-devoile.png","datePublished":"2024-12-17T11:06:12+00:00","dateModified":"2024-12-17T11:20:16+00:00","description":"CYCLISME - Le parcours de Paris-Nice 2025 vient d'\u00eatre d\u00e9voil\u00e9. Un contre-la-montre par \u00e9quipes, trois \u00e9tapes pour sprinteurs et un week-end montagneux autour de Nice attendent les coureurs.","breadcrumb":{"@id":"https:\/\/dicodusport.fr\/blog\/paris-nice-2025-le-parcours-devoile\/#breadcrumb"},"inLanguage":"fr-FR","potentialAction":[{"@type":"ReadAction","target":["https:\/\/dicodusport.fr\/blog\/paris-nice-2025-le-parcours-devoile\/"]}]},{"@type":"ImageObject","inLanguage":"fr-FR","@id":"https:\/\/dicodusport.fr\/blog\/paris-nice-2025-le-parcours-devoile\/#primaryimage","url":"https:\/\/dicodusport.fr\/blog\/wp-content\/uploads\/2024\/12\/Paris-Nice-2025-Le-parcours-devoile.png","contentUrl":"https:\/\/dicodusport.fr\/blog\/wp-content\/uploads\/2024\/12\/Paris-Nice-2025-Le-parcours-devoile.png","width":1200,"height":674,"caption":"Paris-Nice 2025 Le parcours d\u00e9voil\u00e9"},{"@type":"BreadcrumbList","@id":"https:\/\/dicodusport.fr\/blog\/paris-nice-2025-le-parcours-devoile\/#breadcrumb","itemListElement":[{"@type":"ListItem","position":1,"name":"Accueil","item":"https:\/\/dicodusport.fr\/blog\/"},{"@type":"ListItem","position":2,"name":"Paris-Nice 2025 : Le parcours d\u00e9voil\u00e9"}]},{"@type":"WebSite","@id":"https:\/\/dicodusport.fr\/blog\/#website","url":"https:\/\/dicodusport.fr\/blog\/","name":"Dicodusport","description":"L&#039;encyclop\u00e9die de l&#039;actualit\u00e9 sportive","publisher":{"@id":"https:\/\/dicodusport.fr\/blog\/#organization"},"potentialAction":[{"@type":"SearchAction","target":{"@type":"EntryPoint","urlTemplate":"https:\/\/dicodusport.fr\/blog\/?s={search_term_string}"},"query-input":{"@type":"PropertyValueSpecification","valueRequired":true,"valueName":"search_term_string"}}],"inLanguage":"fr-FR"},{"@type":"NewsMediaOrganization","@id":"https:\/\/dicodusport.fr\/blog\/#organization","name":"Dicodusport","url":"https:\/\/dicodusport.fr\/blog\/","logo":{"@type":"ImageObject","inLanguage":"fr-FR","@id":"https:\/\/dicodusport.fr\/blog\/#\/schema\/logo\/image\/","url":"https:\/\/dicodusport.fr\/blog\/wp-content\/uploads\/2020\/06\/cropped-LOGO-DICODUSPORT-2020-SANS-FOND-SANS-TEXTE.png","contentUrl":"https:\/\/dicodusport.fr\/blog\/wp-content\/uploads\/2020\/06\/cropped-LOGO-DICODUSPORT-2020-SANS-FOND-SANS-TEXTE.png","width":512,"height":512,"caption":"Dicodusport"},"image":{"@id":"https:\/\/dicodusport.fr\/blog\/#\/schema\/logo\/image\/"},"sameAs":["https:\/\/www.facebook.com\/dicodusport","https:\/\/x.com\/dicodusport","https:\/\/www.instagram.com\/dicodusport\/","https:\/\/www.youtube.com\/channel\/UC7V2KZ5sd3htJivAbA4ZG3w"],"description":"Dicodusport est l'encyclop\u00e9die de l'actualit\u00e9 sportive.","email":"bonjour@dicodusport.fr","legalName":"DICODUSPORT","foundingDate":"2018-01-14","vatID":"FR71834470973","taxID":"83447097300043","numberOfEmployees":{"@type":"QuantitativeValue","minValue":"1","maxValue":"10"}},{"@type":"Person","@id":"https:\/\/dicodusport.fr\/blog\/#\/schema\/person\/1eaa63dfac40b5e5c47f03a71920c1cd","name":"Paul Lalevee","image":{"@type":"ImageObject","inLanguage":"fr-FR","@id":"https:\/\/dicodusport.fr\/blog\/#\/schema\/person\/image\/","url":"https:\/\/dicodusport.fr\/blog\/wp-content\/uploads\/2023\/10\/291154246_1690604071293245_3118259335115946499_n-150x150.jpg","contentUrl":"https:\/\/dicodusport.fr\/blog\/wp-content\/uploads\/2023\/10\/291154246_1690604071293245_3118259335115946499_n-150x150.jpg","caption":"Paul Lalevee"},"description":"La bulle Disney pendant le Covid, le Tour 2019, la Coupe du monde 2018. Ces trois \u00e9v\u00e9nements majeurs sont ancr\u00e9s dans ma t\u00eate de fan de sport, n\u00e9gativement ou positivement. Passionn\u00e9 de sport depuis l'enfance, j'ai d\u00e9cid\u00e9 de mettre ma passion de l'\u00e9criture au service de cette premi\u00e8re passion.","url":"https:\/\/dicodusport.fr\/blog\/author\/paul-lalevee\/"}]}},"_links":{"self":[{"href":"https:\/\/dicodusport.fr\/blog\/wp-json\/wp\/v2\/posts\/540508","targetHints":{"allow":["GET"]}}],"collection":[{"href":"https:\/\/dicodusport.fr\/blog\/wp-json\/wp\/v2\/posts"}],"about":[{"href":"https:\/\/dicodusport.fr\/blog\/wp-json\/wp\/v2\/types\/post"}],"author":[{"embeddable":true,"href":"https:\/\/dicodusport.fr\/blog\/wp-json\/wp\/v2\/users\/88"}],"replies":[{"embeddable":true,"href":"https:\/\/dicodusport.fr\/blog\/wp-json\/wp\/v2\/comments?post=540508"}],"version-history":[{"count":5,"href":"https:\/\/dicodusport.fr\/blog\/wp-json\/wp\/v2\/posts\/540508\/revisions"}],"predecessor-version":[{"id":540519,"href":"https:\/\/dicodusport.fr\/blog\/wp-json\/wp\/v2\/posts\/540508\/revisions\/540519"}],"wp:featuredmedia":[{"embeddable":true,"href":"https:\/\/dicodusport.fr\/blog\/wp-json\/wp\/v2\/media\/540517"}],"wp:attachment":[{"href":"https:\/\/dicodusport.fr\/blog\/wp-json\/wp\/v2\/media?parent=540508"}],"wp:term":[{"taxonomy":"category","embeddable":true,"href":"https:\/\/dicodusport.fr\/blog\/wp-json\/wp\/v2\/categories?post=540508"},{"taxonomy":"post_tag","embeddable":true,"href":"https:\/\/dicodusport.fr\/blog\/wp-json\/wp\/v2\/tags?post=540508"}],"curies":[{"name":"wp","href":"https:\/\/api.w.org\/{rel}","templated":true}]}}