{"id":540607,"date":"2024-12-17T21:15:06","date_gmt":"2024-12-17T20:15:06","guid":{"rendered":"https:\/\/dicodusport.fr\/blog\/?p=540607&#038;preview=true&#038;preview_id=540607"},"modified":"2024-12-17T21:15:06","modified_gmt":"2024-12-17T20:15:06","slug":"skicross-arosa-marielle-berger-sabbatel-au-pied-du-podium-marielle-thompson-confirme","status":"publish","type":"post","link":"https:\/\/dicodusport.fr\/blog\/skicross-arosa-marielle-berger-sabbatel-au-pied-du-podium-marielle-thompson-confirme\/","title":{"rendered":"Skicross Arosa : Marielle Berger Sabbatel au pied du podium, Marielle Thompson confirme"},"content":{"rendered":"<h4 style=\"text-align: justify;\"><em>COUPE DE MONDE DE SKICROSS 2024\/2025 &#8211; Enfin entr\u00e9e en finale, Marielle Berger Sabbatel n&rsquo;a cependant pas r\u00e9ussi \u00e0 se hisser sur le podium d&rsquo;une course remport\u00e9e par Marielle Thompson.\u00a0<\/em><\/h4>\n<p style=\"text-align: justify;\">\u00c9preuve atypique de la saison, Arosa est disput\u00e9 sur un format sprint, et en nocturne : tout pour le spectacle. Mais visiblement, ce format n&rsquo;a pas vraiment plus aux Bleus engag\u00e9s. Hommes et femmes confondus, c&rsquo;\u00e9tait la soupe \u00e0 la grimace : tous les Tricolores engag\u00e9s ont chut\u00e9 avant le stade des demi-finales. Tous ? Non, une irr\u00e9ductible performeuse a tenu son rang &#8211; avec de la r\u00e9ussite cependant : <strong>Marielle Berger Sabbatel<\/strong>.<\/p>\n<h2 style=\"text-align: justify;\">La m\u00e9daille en chocolat<\/h2>\n<p style=\"text-align: justify;\">En effet, la lourde chute de <strong>Fanny Smith<\/strong> en demi-finale, qui est all\u00e9e au tapis avec <strong>Saskja Lack<\/strong>, lui a permis de terminer les mains sur les hanches pour enfin entrer en finale, ce qu&rsquo;elle n&rsquo;avait pas r\u00e9ussi \u00e0 faire lors des deux manches inaugurales de Val-Thorens. Face \u00e0 elle, trois Canadiennes, et que du lourd : <strong>India Sherret, Marielle Thompson<\/strong>, toutes deux laur\u00e9ates en France la semaine pass\u00e9e, et <strong>Hannah Schmidt<\/strong>, qui l&rsquo;avait emport\u00e9 ici-m\u00eame l&rsquo;an dernier.<\/p>\n<p style=\"text-align: justify;\">Le d\u00e9part s&rsquo;annon\u00e7ait capital, mais la Fran\u00e7aise ne le n\u00e9gociait pas de la meilleure des mani\u00e8res. N\u00e9anmoins, elle parvenait \u00e0 trouver de la vitesse et de l&rsquo;aspiration, avant une faute de r\u00e9ception qui lui co\u00fbtait non pas la victoire, car <strong>Marielle Thompson<\/strong> \u00e9tait intouchable, mais le podium, car elle \u00e9chouait tout proche de <strong>Hannah Schmidt<\/strong>. La photo finish lui \u00e9tait d\u00e9favorable, la m\u00e9daille en chocolat pour <strong>Marielle Berger Sabbatel<\/strong>, qui a toutefois progress\u00e9 par rapport au d\u00e9but de saison. Le podium ne devrait pas tarder \u00e0 tomber.<\/p>\n","protected":false},"excerpt":{"rendered":"<p>COUPE DE MONDE DE SKICROSS 2024\/2025 &#8211; Enfin entr\u00e9e en finale, Marielle Berger Sabbatel n&rsquo;a cependant pas r\u00e9ussi \u00e0 se hisser sur le podium d&rsquo;une course remport\u00e9e par Marielle Thompson.\u00a0<\/p>\n","protected":false},"author":59,"featured_media":540608,"comment_status":"open","ping_status":"closed","sticky":false,"template":"","format":"standard","meta":{"_acf_changed":false,"_daextam_enable_autolinks":"1","footnotes":""},"categories":[9217],"tags":[32415,16878,13800,2947,3127],"class_list":["post-540607","post","type-post","status-publish","format-standard","has-post-thumbnail","hentry","category-ski","tag-actu","tag-breve","tag-marielle-berger-sabbatel","tag-skicross","tag-val-thorens"],"acf":[],"yoast_head":"<!-- This site is optimized with the Yoast SEO Premium plugin v26.7 (Yoast SEO v26.7) - https:\/\/yoast.com\/wordpress\/plugins\/seo\/ -->\n<title>Skicross Arosa : Marielle Berger Sabbatel au pied du podium, Marielle Thompson confirme<\/title>\n<meta name=\"description\" content=\"COUPE DE MONDE DE SKICROSS 2024\/2025 - Marielle Berger Sabbatel n&#039;a pas r\u00e9ussi \u00e0 se hisser sur le podium d&#039;une course remport\u00e9e par Marielle Thompson.\u00a0\" \/>\n<meta name=\"robots\" content=\"index, follow, max-snippet:-1, max-image-preview:large, max-video-preview:-1\" \/>\n<link rel=\"canonical\" href=\"https:\/\/dicodusport.fr\/blog\/skicross-arosa-marielle-berger-sabbatel-au-pied-du-podium-marielle-thompson-confirme\/\" \/>\n<meta property=\"og:locale\" content=\"fr_FR\" \/>\n<meta property=\"og:type\" content=\"article\" \/>\n<meta property=\"og:title\" content=\"Skicross Arosa : Marielle Berger Sabbatel au pied du podium, Marielle Thompson confirme\" \/>\n<meta property=\"og:description\" content=\"COUPE DE MONDE DE SKICROSS 2024\/2025 - Marielle Berger Sabbatel n&#039;a pas r\u00e9ussi \u00e0 se hisser sur le podium d&#039;une course remport\u00e9e par Marielle Thompson.\u00a0\" \/>\n<meta property=\"og:url\" content=\"https:\/\/dicodusport.fr\/blog\/skicross-arosa-marielle-berger-sabbatel-au-pied-du-podium-marielle-thompson-confirme\/\" \/>\n<meta property=\"og:site_name\" content=\"Dicodusport\" \/>\n<meta property=\"article:publisher\" content=\"https:\/\/www.facebook.com\/dicodusport\" \/>\n<meta property=\"article:author\" content=\"https:\/\/www.facebook.com\/sebastien.gente\/\" \/>\n<meta property=\"article:published_time\" content=\"2024-12-17T20:15:06+00:00\" \/>\n<meta property=\"og:image\" content=\"https:\/\/dicodusport.fr\/blog\/wp-content\/uploads\/2024\/12\/Skicross-Arosa-Marielle-Berger-Sabbatel-au-pied-du-podium-Marielle-Thompson-confirme.png\" \/>\n\t<meta property=\"og:image:width\" content=\"1200\" \/>\n\t<meta property=\"og:image:height\" content=\"674\" \/>\n\t<meta property=\"og:image:type\" content=\"image\/png\" \/>\n<meta name=\"author\" content=\"S\u00e9bastien Gente\" \/>\n<meta name=\"twitter:card\" content=\"summary_large_image\" \/>\n<meta name=\"twitter:title\" content=\"Skicross Arosa : Marielle Berger Sabbatel au pied du podium, Marielle Thompson confirme\" \/>\n<meta name=\"twitter:creator\" content=\"@https:\/\/twitter.com\/globulo24\" \/>\n<meta name=\"twitter:site\" content=\"@dicodusport\" \/>\n<script type=\"application\/ld+json\" class=\"yoast-schema-graph\">{\"@context\":\"https:\/\/schema.org\",\"@graph\":[{\"@type\":\"NewsArticle\",\"@id\":\"https:\/\/dicodusport.fr\/blog\/skicross-arosa-marielle-berger-sabbatel-au-pied-du-podium-marielle-thompson-confirme\/#article\",\"isPartOf\":{\"@id\":\"https:\/\/dicodusport.fr\/blog\/skicross-arosa-marielle-berger-sabbatel-au-pied-du-podium-marielle-thompson-confirme\/\"},\"author\":{\"name\":\"S\u00e9bastien Gente\",\"@id\":\"https:\/\/dicodusport.fr\/blog\/#\/schema\/person\/627966a6cde45dbd8c5e36ac85d783da\"},\"headline\":\"Skicross Arosa : Marielle Berger Sabbatel au pied du podium, Marielle Thompson confirme\",\"datePublished\":\"2024-12-17T20:15:06+00:00\",\"mainEntityOfPage\":{\"@id\":\"https:\/\/dicodusport.fr\/blog\/skicross-arosa-marielle-berger-sabbatel-au-pied-du-podium-marielle-thompson-confirme\/\"},\"wordCount\":306,\"commentCount\":0,\"publisher\":{\"@id\":\"https:\/\/dicodusport.fr\/blog\/#organization\"},\"image\":{\"@id\":\"https:\/\/dicodusport.fr\/blog\/skicross-arosa-marielle-berger-sabbatel-au-pied-du-podium-marielle-thompson-confirme\/#primaryimage\"},\"thumbnailUrl\":\"https:\/\/dicodusport.fr\/blog\/wp-content\/uploads\/2024\/12\/Skicross-Arosa-Marielle-Berger-Sabbatel-au-pied-du-podium-Marielle-Thompson-confirme.png\",\"keywords\":[\"actu\",\"br\u00e8ve\",\"Marielle Berger Sabbatel\",\"skicross\",\"Val Thorens\"],\"articleSection\":[\"Ski\"],\"inLanguage\":\"fr-FR\",\"potentialAction\":[{\"@type\":\"CommentAction\",\"name\":\"Comment\",\"target\":[\"https:\/\/dicodusport.fr\/blog\/skicross-arosa-marielle-berger-sabbatel-au-pied-du-podium-marielle-thompson-confirme\/#respond\"]}],\"copyrightYear\":\"2024\",\"copyrightHolder\":{\"@id\":\"https:\/\/dicodusport.fr\/blog\/#organization\"}},{\"@type\":\"WebPage\",\"@id\":\"https:\/\/dicodusport.fr\/blog\/skicross-arosa-marielle-berger-sabbatel-au-pied-du-podium-marielle-thompson-confirme\/\",\"url\":\"https:\/\/dicodusport.fr\/blog\/skicross-arosa-marielle-berger-sabbatel-au-pied-du-podium-marielle-thompson-confirme\/\",\"name\":\"Skicross Arosa : Marielle Berger Sabbatel au pied du podium, Marielle Thompson confirme\",\"isPartOf\":{\"@id\":\"https:\/\/dicodusport.fr\/blog\/#website\"},\"primaryImageOfPage\":{\"@id\":\"https:\/\/dicodusport.fr\/blog\/skicross-arosa-marielle-berger-sabbatel-au-pied-du-podium-marielle-thompson-confirme\/#primaryimage\"},\"image\":{\"@id\":\"https:\/\/dicodusport.fr\/blog\/skicross-arosa-marielle-berger-sabbatel-au-pied-du-podium-marielle-thompson-confirme\/#primaryimage\"},\"thumbnailUrl\":\"https:\/\/dicodusport.fr\/blog\/wp-content\/uploads\/2024\/12\/Skicross-Arosa-Marielle-Berger-Sabbatel-au-pied-du-podium-Marielle-Thompson-confirme.png\",\"datePublished\":\"2024-12-17T20:15:06+00:00\",\"description\":\"COUPE DE MONDE DE SKICROSS 2024\/2025 - Marielle Berger Sabbatel n'a pas r\u00e9ussi \u00e0 se hisser sur le podium d'une course remport\u00e9e par Marielle Thompson.\u00a0\",\"breadcrumb\":{\"@id\":\"https:\/\/dicodusport.fr\/blog\/skicross-arosa-marielle-berger-sabbatel-au-pied-du-podium-marielle-thompson-confirme\/#breadcrumb\"},\"inLanguage\":\"fr-FR\",\"potentialAction\":[{\"@type\":\"ReadAction\",\"target\":[\"https:\/\/dicodusport.fr\/blog\/skicross-arosa-marielle-berger-sabbatel-au-pied-du-podium-marielle-thompson-confirme\/\"]}]},{\"@type\":\"ImageObject\",\"inLanguage\":\"fr-FR\",\"@id\":\"https:\/\/dicodusport.fr\/blog\/skicross-arosa-marielle-berger-sabbatel-au-pied-du-podium-marielle-thompson-confirme\/#primaryimage\",\"url\":\"https:\/\/dicodusport.fr\/blog\/wp-content\/uploads\/2024\/12\/Skicross-Arosa-Marielle-Berger-Sabbatel-au-pied-du-podium-Marielle-Thompson-confirme.png\",\"contentUrl\":\"https:\/\/dicodusport.fr\/blog\/wp-content\/uploads\/2024\/12\/Skicross-Arosa-Marielle-Berger-Sabbatel-au-pied-du-podium-Marielle-Thompson-confirme.png\",\"width\":1200,\"height\":674,\"caption\":\"Skicross Arosa Marielle Berger Sabbatel au pied du podium, Marielle Thompson confirme\"},{\"@type\":\"BreadcrumbList\",\"@id\":\"https:\/\/dicodusport.fr\/blog\/skicross-arosa-marielle-berger-sabbatel-au-pied-du-podium-marielle-thompson-confirme\/#breadcrumb\",\"itemListElement\":[{\"@type\":\"ListItem\",\"position\":1,\"name\":\"Accueil\",\"item\":\"https:\/\/dicodusport.fr\/blog\/\"},{\"@type\":\"ListItem\",\"position\":2,\"name\":\"Skicross Arosa : Marielle Berger Sabbatel au pied du podium, Marielle Thompson confirme\"}]},{\"@type\":\"WebSite\",\"@id\":\"https:\/\/dicodusport.fr\/blog\/#website\",\"url\":\"https:\/\/dicodusport.fr\/blog\/\",\"name\":\"Dicodusport\",\"description\":\"L&#039;encyclop\u00e9die de l&#039;actualit\u00e9 sportive\",\"publisher\":{\"@id\":\"https:\/\/dicodusport.fr\/blog\/#organization\"},\"potentialAction\":[{\"@type\":\"SearchAction\",\"target\":{\"@type\":\"EntryPoint\",\"urlTemplate\":\"https:\/\/dicodusport.fr\/blog\/?s={search_term_string}\"},\"query-input\":{\"@type\":\"PropertyValueSpecification\",\"valueRequired\":true,\"valueName\":\"search_term_string\"}}],\"inLanguage\":\"fr-FR\"},{\"@type\":\"NewsMediaOrganization\",\"@id\":\"https:\/\/dicodusport.fr\/blog\/#organization\",\"name\":\"Dicodusport\",\"url\":\"https:\/\/dicodusport.fr\/blog\/\",\"logo\":{\"@type\":\"ImageObject\",\"inLanguage\":\"fr-FR\",\"@id\":\"https:\/\/dicodusport.fr\/blog\/#\/schema\/logo\/image\/\",\"url\":\"https:\/\/dicodusport.fr\/blog\/wp-content\/uploads\/2020\/06\/cropped-LOGO-DICODUSPORT-2020-SANS-FOND-SANS-TEXTE.png\",\"contentUrl\":\"https:\/\/dicodusport.fr\/blog\/wp-content\/uploads\/2020\/06\/cropped-LOGO-DICODUSPORT-2020-SANS-FOND-SANS-TEXTE.png\",\"width\":512,\"height\":512,\"caption\":\"Dicodusport\"},\"image\":{\"@id\":\"https:\/\/dicodusport.fr\/blog\/#\/schema\/logo\/image\/\"},\"sameAs\":[\"https:\/\/www.facebook.com\/dicodusport\",\"https:\/\/x.com\/dicodusport\",\"https:\/\/www.instagram.com\/dicodusport\/\",\"https:\/\/www.youtube.com\/channel\/UC7V2KZ5sd3htJivAbA4ZG3w\"],\"description\":\"Dicodusport est l'encyclop\u00e9die de l'actualit\u00e9 sportive.\",\"email\":\"bonjour@dicodusport.fr\",\"legalName\":\"DICODUSPORT\",\"foundingDate\":\"2018-01-14\",\"vatID\":\"FR71834470973\",\"taxID\":\"83447097300043\",\"numberOfEmployees\":{\"@type\":\"QuantitativeValue\",\"minValue\":\"1\",\"maxValue\":\"10\"}},{\"@type\":\"Person\",\"@id\":\"https:\/\/dicodusport.fr\/blog\/#\/schema\/person\/627966a6cde45dbd8c5e36ac85d783da\",\"name\":\"S\u00e9bastien Gente\",\"image\":{\"@type\":\"ImageObject\",\"inLanguage\":\"fr-FR\",\"@id\":\"https:\/\/dicodusport.fr\/blog\/#\/schema\/person\/image\/\",\"url\":\"https:\/\/dicodusport.fr\/blog\/wp-content\/uploads\/2021\/09\/1510990_10205810251400683_4124423575079401707_n-150x150.jpg\",\"contentUrl\":\"https:\/\/dicodusport.fr\/blog\/wp-content\/uploads\/2021\/09\/1510990_10205810251400683_4124423575079401707_n-150x150.jpg\",\"caption\":\"S\u00e9bastien Gente\"},\"description\":\"John Stockton, Gianni Bugno, Zinedine Zidane, Steffi Graf, Frode Andresen, St\u00e9phane Stoecklin, Davis Kamoga, Primoz Peterka, Werner Schlager et Aur\u00e9lien Rougerie. Point commun entre ces sportifs? Ils m'ont fait r\u00eaver et ont berc\u00e9 mon adolescence. Je suis un fondu de sports et j'essaie de retranscrire ma passion \u00e0 travers mes articles. Originaire du P\u00e9rigord, ma passion pour les Girondins, les Jaunards et les Jazzmen transpire dans mes \u00e9crits. \u00c0 Dicodusport depuis 2021, je d\u00e9niche les sports m\u00e9connus dans lesquels la France brille, et il y en a !\",\"sameAs\":[\"https:\/\/www.facebook.com\/sebastien.gente\/\",\"https:\/\/www.instagram.com\/sebgente\/\",\"https:\/\/www.linkedin.com\/in\/sbastien-gente-a29583169\/\",\"https:\/\/x.com\/https:\/\/twitter.com\/globulo24\",\"SebastienGente\"],\"worksFor\":\"S\u00e9bastien GENTE\",\"url\":\"https:\/\/dicodusport.fr\/blog\/author\/sebastiengente\/\"}]}<\/script>\n<!-- \/ Yoast SEO Premium plugin. -->","yoast_head_json":{"title":"Skicross Arosa : Marielle Berger Sabbatel au pied du podium, Marielle Thompson confirme","description":"COUPE DE MONDE DE SKICROSS 2024\/2025 - Marielle Berger Sabbatel n'a pas r\u00e9ussi \u00e0 se hisser sur le podium d'une course remport\u00e9e par Marielle Thompson.\u00a0","robots":{"index":"index","follow":"follow","max-snippet":"max-snippet:-1","max-image-preview":"max-image-preview:large","max-video-preview":"max-video-preview:-1"},"canonical":"https:\/\/dicodusport.fr\/blog\/skicross-arosa-marielle-berger-sabbatel-au-pied-du-podium-marielle-thompson-confirme\/","og_locale":"fr_FR","og_type":"article","og_title":"Skicross Arosa : Marielle Berger Sabbatel au pied du podium, Marielle Thompson confirme","og_description":"COUPE DE MONDE DE SKICROSS 2024\/2025 - Marielle Berger Sabbatel n'a pas r\u00e9ussi \u00e0 se hisser sur le podium d'une course remport\u00e9e par Marielle Thompson.\u00a0","og_url":"https:\/\/dicodusport.fr\/blog\/skicross-arosa-marielle-berger-sabbatel-au-pied-du-podium-marielle-thompson-confirme\/","og_site_name":"Dicodusport","article_publisher":"https:\/\/www.facebook.com\/dicodusport","article_author":"https:\/\/www.facebook.com\/sebastien.gente\/","article_published_time":"2024-12-17T20:15:06+00:00","og_image":[{"width":1200,"height":674,"url":"https:\/\/dicodusport.fr\/blog\/wp-content\/uploads\/2024\/12\/Skicross-Arosa-Marielle-Berger-Sabbatel-au-pied-du-podium-Marielle-Thompson-confirme.png","type":"image\/png"}],"author":"S\u00e9bastien Gente","twitter_card":"summary_large_image","twitter_title":"Skicross Arosa : Marielle Berger Sabbatel au pied du podium, Marielle Thompson confirme","twitter_creator":"@https:\/\/twitter.com\/globulo24","twitter_site":"@dicodusport","schema":{"@context":"https:\/\/schema.org","@graph":[{"@type":"NewsArticle","@id":"https:\/\/dicodusport.fr\/blog\/skicross-arosa-marielle-berger-sabbatel-au-pied-du-podium-marielle-thompson-confirme\/#article","isPartOf":{"@id":"https:\/\/dicodusport.fr\/blog\/skicross-arosa-marielle-berger-sabbatel-au-pied-du-podium-marielle-thompson-confirme\/"},"author":{"name":"S\u00e9bastien Gente","@id":"https:\/\/dicodusport.fr\/blog\/#\/schema\/person\/627966a6cde45dbd8c5e36ac85d783da"},"headline":"Skicross Arosa : Marielle Berger Sabbatel au pied du podium, Marielle Thompson confirme","datePublished":"2024-12-17T20:15:06+00:00","mainEntityOfPage":{"@id":"https:\/\/dicodusport.fr\/blog\/skicross-arosa-marielle-berger-sabbatel-au-pied-du-podium-marielle-thompson-confirme\/"},"wordCount":306,"commentCount":0,"publisher":{"@id":"https:\/\/dicodusport.fr\/blog\/#organization"},"image":{"@id":"https:\/\/dicodusport.fr\/blog\/skicross-arosa-marielle-berger-sabbatel-au-pied-du-podium-marielle-thompson-confirme\/#primaryimage"},"thumbnailUrl":"https:\/\/dicodusport.fr\/blog\/wp-content\/uploads\/2024\/12\/Skicross-Arosa-Marielle-Berger-Sabbatel-au-pied-du-podium-Marielle-Thompson-confirme.png","keywords":["actu","br\u00e8ve","Marielle Berger Sabbatel","skicross","Val Thorens"],"articleSection":["Ski"],"inLanguage":"fr-FR","potentialAction":[{"@type":"CommentAction","name":"Comment","target":["https:\/\/dicodusport.fr\/blog\/skicross-arosa-marielle-berger-sabbatel-au-pied-du-podium-marielle-thompson-confirme\/#respond"]}],"copyrightYear":"2024","copyrightHolder":{"@id":"https:\/\/dicodusport.fr\/blog\/#organization"}},{"@type":"WebPage","@id":"https:\/\/dicodusport.fr\/blog\/skicross-arosa-marielle-berger-sabbatel-au-pied-du-podium-marielle-thompson-confirme\/","url":"https:\/\/dicodusport.fr\/blog\/skicross-arosa-marielle-berger-sabbatel-au-pied-du-podium-marielle-thompson-confirme\/","name":"Skicross Arosa : Marielle Berger Sabbatel au pied du podium, Marielle Thompson confirme","isPartOf":{"@id":"https:\/\/dicodusport.fr\/blog\/#website"},"primaryImageOfPage":{"@id":"https:\/\/dicodusport.fr\/blog\/skicross-arosa-marielle-berger-sabbatel-au-pied-du-podium-marielle-thompson-confirme\/#primaryimage"},"image":{"@id":"https:\/\/dicodusport.fr\/blog\/skicross-arosa-marielle-berger-sabbatel-au-pied-du-podium-marielle-thompson-confirme\/#primaryimage"},"thumbnailUrl":"https:\/\/dicodusport.fr\/blog\/wp-content\/uploads\/2024\/12\/Skicross-Arosa-Marielle-Berger-Sabbatel-au-pied-du-podium-Marielle-Thompson-confirme.png","datePublished":"2024-12-17T20:15:06+00:00","description":"COUPE DE MONDE DE SKICROSS 2024\/2025 - Marielle Berger Sabbatel n'a pas r\u00e9ussi \u00e0 se hisser sur le podium d'une course remport\u00e9e par Marielle Thompson.\u00a0","breadcrumb":{"@id":"https:\/\/dicodusport.fr\/blog\/skicross-arosa-marielle-berger-sabbatel-au-pied-du-podium-marielle-thompson-confirme\/#breadcrumb"},"inLanguage":"fr-FR","potentialAction":[{"@type":"ReadAction","target":["https:\/\/dicodusport.fr\/blog\/skicross-arosa-marielle-berger-sabbatel-au-pied-du-podium-marielle-thompson-confirme\/"]}]},{"@type":"ImageObject","inLanguage":"fr-FR","@id":"https:\/\/dicodusport.fr\/blog\/skicross-arosa-marielle-berger-sabbatel-au-pied-du-podium-marielle-thompson-confirme\/#primaryimage","url":"https:\/\/dicodusport.fr\/blog\/wp-content\/uploads\/2024\/12\/Skicross-Arosa-Marielle-Berger-Sabbatel-au-pied-du-podium-Marielle-Thompson-confirme.png","contentUrl":"https:\/\/dicodusport.fr\/blog\/wp-content\/uploads\/2024\/12\/Skicross-Arosa-Marielle-Berger-Sabbatel-au-pied-du-podium-Marielle-Thompson-confirme.png","width":1200,"height":674,"caption":"Skicross Arosa Marielle Berger Sabbatel au pied du podium, Marielle Thompson confirme"},{"@type":"BreadcrumbList","@id":"https:\/\/dicodusport.fr\/blog\/skicross-arosa-marielle-berger-sabbatel-au-pied-du-podium-marielle-thompson-confirme\/#breadcrumb","itemListElement":[{"@type":"ListItem","position":1,"name":"Accueil","item":"https:\/\/dicodusport.fr\/blog\/"},{"@type":"ListItem","position":2,"name":"Skicross Arosa : Marielle Berger Sabbatel au pied du podium, Marielle Thompson confirme"}]},{"@type":"WebSite","@id":"https:\/\/dicodusport.fr\/blog\/#website","url":"https:\/\/dicodusport.fr\/blog\/","name":"Dicodusport","description":"L&#039;encyclop\u00e9die de l&#039;actualit\u00e9 sportive","publisher":{"@id":"https:\/\/dicodusport.fr\/blog\/#organization"},"potentialAction":[{"@type":"SearchAction","target":{"@type":"EntryPoint","urlTemplate":"https:\/\/dicodusport.fr\/blog\/?s={search_term_string}"},"query-input":{"@type":"PropertyValueSpecification","valueRequired":true,"valueName":"search_term_string"}}],"inLanguage":"fr-FR"},{"@type":"NewsMediaOrganization","@id":"https:\/\/dicodusport.fr\/blog\/#organization","name":"Dicodusport","url":"https:\/\/dicodusport.fr\/blog\/","logo":{"@type":"ImageObject","inLanguage":"fr-FR","@id":"https:\/\/dicodusport.fr\/blog\/#\/schema\/logo\/image\/","url":"https:\/\/dicodusport.fr\/blog\/wp-content\/uploads\/2020\/06\/cropped-LOGO-DICODUSPORT-2020-SANS-FOND-SANS-TEXTE.png","contentUrl":"https:\/\/dicodusport.fr\/blog\/wp-content\/uploads\/2020\/06\/cropped-LOGO-DICODUSPORT-2020-SANS-FOND-SANS-TEXTE.png","width":512,"height":512,"caption":"Dicodusport"},"image":{"@id":"https:\/\/dicodusport.fr\/blog\/#\/schema\/logo\/image\/"},"sameAs":["https:\/\/www.facebook.com\/dicodusport","https:\/\/x.com\/dicodusport","https:\/\/www.instagram.com\/dicodusport\/","https:\/\/www.youtube.com\/channel\/UC7V2KZ5sd3htJivAbA4ZG3w"],"description":"Dicodusport est l'encyclop\u00e9die de l'actualit\u00e9 sportive.","email":"bonjour@dicodusport.fr","legalName":"DICODUSPORT","foundingDate":"2018-01-14","vatID":"FR71834470973","taxID":"83447097300043","numberOfEmployees":{"@type":"QuantitativeValue","minValue":"1","maxValue":"10"}},{"@type":"Person","@id":"https:\/\/dicodusport.fr\/blog\/#\/schema\/person\/627966a6cde45dbd8c5e36ac85d783da","name":"S\u00e9bastien Gente","image":{"@type":"ImageObject","inLanguage":"fr-FR","@id":"https:\/\/dicodusport.fr\/blog\/#\/schema\/person\/image\/","url":"https:\/\/dicodusport.fr\/blog\/wp-content\/uploads\/2021\/09\/1510990_10205810251400683_4124423575079401707_n-150x150.jpg","contentUrl":"https:\/\/dicodusport.fr\/blog\/wp-content\/uploads\/2021\/09\/1510990_10205810251400683_4124423575079401707_n-150x150.jpg","caption":"S\u00e9bastien Gente"},"description":"John Stockton, Gianni Bugno, Zinedine Zidane, Steffi Graf, Frode Andresen, St\u00e9phane Stoecklin, Davis Kamoga, Primoz Peterka, Werner Schlager et Aur\u00e9lien Rougerie. Point commun entre ces sportifs? Ils m'ont fait r\u00eaver et ont berc\u00e9 mon adolescence. Je suis un fondu de sports et j'essaie de retranscrire ma passion \u00e0 travers mes articles. Originaire du P\u00e9rigord, ma passion pour les Girondins, les Jaunards et les Jazzmen transpire dans mes \u00e9crits. \u00c0 Dicodusport depuis 2021, je d\u00e9niche les sports m\u00e9connus dans lesquels la France brille, et il y en a !","sameAs":["https:\/\/www.facebook.com\/sebastien.gente\/","https:\/\/www.instagram.com\/sebgente\/","https:\/\/www.linkedin.com\/in\/sbastien-gente-a29583169\/","https:\/\/x.com\/https:\/\/twitter.com\/globulo24","SebastienGente"],"worksFor":"S\u00e9bastien GENTE","url":"https:\/\/dicodusport.fr\/blog\/author\/sebastiengente\/"}]}},"_links":{"self":[{"href":"https:\/\/dicodusport.fr\/blog\/wp-json\/wp\/v2\/posts\/540607","targetHints":{"allow":["GET"]}}],"collection":[{"href":"https:\/\/dicodusport.fr\/blog\/wp-json\/wp\/v2\/posts"}],"about":[{"href":"https:\/\/dicodusport.fr\/blog\/wp-json\/wp\/v2\/types\/post"}],"author":[{"embeddable":true,"href":"https:\/\/dicodusport.fr\/blog\/wp-json\/wp\/v2\/users\/59"}],"replies":[{"embeddable":true,"href":"https:\/\/dicodusport.fr\/blog\/wp-json\/wp\/v2\/comments?post=540607"}],"version-history":[{"count":1,"href":"https:\/\/dicodusport.fr\/blog\/wp-json\/wp\/v2\/posts\/540607\/revisions"}],"predecessor-version":[{"id":540609,"href":"https:\/\/dicodusport.fr\/blog\/wp-json\/wp\/v2\/posts\/540607\/revisions\/540609"}],"wp:featuredmedia":[{"embeddable":true,"href":"https:\/\/dicodusport.fr\/blog\/wp-json\/wp\/v2\/media\/540608"}],"wp:attachment":[{"href":"https:\/\/dicodusport.fr\/blog\/wp-json\/wp\/v2\/media?parent=540607"}],"wp:term":[{"taxonomy":"category","embeddable":true,"href":"https:\/\/dicodusport.fr\/blog\/wp-json\/wp\/v2\/categories?post=540607"},{"taxonomy":"post_tag","embeddable":true,"href":"https:\/\/dicodusport.fr\/blog\/wp-json\/wp\/v2\/tags?post=540607"}],"curies":[{"name":"wp","href":"https:\/\/api.w.org\/{rel}","templated":true}]}}