{"id":54068,"date":"2019-11-28T16:27:22","date_gmt":"2019-11-28T15:27:22","guid":{"rendered":"http:\/\/dicodusport.fr\/blog\/?p=54068"},"modified":"2019-11-28T16:57:31","modified_gmt":"2019-11-28T15:57:31","slug":"claude-puel-a-redonne-couleur-verts","status":"publish","type":"post","link":"https:\/\/dicodusport.fr\/blog\/claude-puel-a-redonne-couleur-verts\/","title":{"rendered":"Claude Puel a redonn\u00e9 de la couleur aux Verts"},"content":{"rendered":"<p style=\"text-align: justify;\"><em><strong>Apr\u00e8s son passage de qualit\u00e9 en Premier League (Southampton et Leicester), <a href=\"https:\/\/www.transfermarkt.fr\/claude-puel\/profil\/trainer\/1240\" target=\"_blank\" rel=\"noopener\">Claude Puel<\/a> s\u2019est vu confier la mission d\u00e9but octobre de redresser un ASSE en souffrance. Depuis l\u2019arriv\u00e9e du technicien fran\u00e7ais, les choses vont mieux dans le Forez. Ce soir, Saint-Etienne re\u00e7oit La Gantoise dans un match tr\u00e8s important pour la qualification au prochain tour de l\u2019Europa League.<\/strong><\/em><\/p>\n<h2 style=\"text-align: justify;\">D\u00e9fense \u00e0 5 et r\u00e9ussite<\/h2>\n<p style=\"text-align: justify;\">Le passage de <strong>Ghislain Printant<\/strong> apr\u00e8s la bonne saison de <strong>Jean-Louis Gasset<\/strong> ne restera pas dans les m\u00e9moires des supporters de <strong>Saint-Etienne<\/strong>. Rapidement, les Verts se retrouvent en championnat et en <strong>Europa League<\/strong> en difficult\u00e9. L\u2019id\u00e9e d\u2019un nouveau coach dans le Forez fait rapidement son chemin et le 4 octobre 2019, <strong>Claude Puel<\/strong> prend les commandes de l\u2019<strong>AS Saint-Etienne<\/strong>. Destin ou non, cette semaine est la semaine du match le plus attendu par les supporters de <strong>Saint-Etienne<\/strong>, la r\u00e9ception de <strong>Lyon<\/strong>. \u00c0 ce moment l\u00e0, <strong>Saint-Etienne<\/strong> est dernier de <strong>Ligue 1 Conforama<\/strong>.<\/p>\n<p style=\"text-align: justify;\">Presque 2 mois apr\u00e8s, il y a eu un effet <strong>Puel<\/strong>. 4 victoires et 2 nuls en championnat, <strong>Saint-Etienne<\/strong> est 5<sup>\u00e8me\u00a0<\/sup>avec 22 points, \u00e0 3 points du 2<sup>\u00e8me<\/sup>.\u00a0 Depuis sa prise de pouvoir, <strong>Claude Puel<\/strong> n\u2019a toujours pas perdu un match avec son nouveau club toutes comp\u00e9titions confondues. Un choix qui porte pour l\u2019instant ses fruits mais attention <strong>Saint-Etienne<\/strong> doit rester en alerte.<\/p>\n<blockquote class=\"twitter-tweet\">\n<p dir=\"ltr\" lang=\"fr\">&#x1f4ac; En conf&rsquo; de presse, coach <a href=\"https:\/\/twitter.com\/hashtag\/Puel?src=hash&amp;ref_src=twsrc%5Etfw\">#Puel<\/a> a soulign\u00e9 l&rsquo;engagement de ses joueurs: \u00ab\u00a0Il n&rsquo;y a pas un match o\u00f9 je suis rest\u00e9 sur ma faim par rapport \u00e0 l&rsquo;investissement et \u00e0 tout ce qu&rsquo;on a essay\u00e9 d&rsquo;entreprendre !\u00a0\u00bb<br \/>\n&#x26bd;&#xfe0f; <a href=\"https:\/\/twitter.com\/hashtag\/ASSEGNT?src=hash&amp;ref_src=twsrc%5Etfw\">#ASSEGNT<\/a><br \/>\n&#x1f3c6; <a href=\"https:\/\/twitter.com\/EuropaLeague?ref_src=twsrc%5Etfw\">@EuropaLeague<\/a> <a href=\"https:\/\/t.co\/avfoPFFHm0\">pic.twitter.com\/avfoPFFHm0<\/a><\/p>\n<p>\u2014 AS Saint-\u00c9tienne (@ASSEofficiel) <a href=\"https:\/\/twitter.com\/ASSEofficiel\/status\/1199728654743416832?ref_src=twsrc%5Etfw\">November 27, 2019<\/a><\/p><\/blockquote>\n<p><script async src=\"https:\/\/platform.twitter.com\/widgets.js\" charset=\"utf-8\"><\/script><\/p>\n<h2 style=\"text-align: justify;\">Un nouveau souffle pour les Verts<\/h2>\n<p style=\"text-align: justify;\">Alors comment <strong>Claude Puel<\/strong> a rem\u00e9di\u00e9 pour remettre en ordre le bateau Vert\u00a0? D\u00e9j\u00e0, il a insuffl\u00e9 un climat de confiance au sein de l\u2019\u00e9quipe, en permettant aux joueurs majeurs d\u2019\u00e9voluer dans un sch\u00e9ma qui leur correspondait. Une d\u00e9fense \u00e0 5 qui met en confiance la p\u00e9pite <strong>William Saliba<\/strong>, rassure le cadre <strong>Lo\u00efc Perrin<\/strong>, lib\u00e8re le leader de l\u2019attaque <strong>Denis Bouanga<\/strong>\u2026 C\u2019est avant tout une solidit\u00e9 d\u00e9fensive qui a \u00e9t\u00e9 recherch\u00e9e par <strong>Puel<\/strong> depuis son arriv\u00e9e. Pour preuve, les r\u00e9sultats des Verts sont souvent serr\u00e9s et se sont jou\u00e9s parfois dans les arr\u00eats de jeu. Nous avons pu l\u2019observer ce week-end face \u00e0 <strong>Montpellier<\/strong>, lorsque deux \u00e9quipes d\u00e9fendent, le match devient terne et peut se jouer sur un d\u00e9tail. Pour l\u2019instant, ce sera la marque de fabrique du <strong>Saint-Etienne<\/strong> version <strong>Puel<\/strong>.<\/p>\n<p style=\"text-align: justify;\">Dans le vestiaire, le coach <strong>Puel<\/strong> semble tr\u00e8s appr\u00e9ci\u00e9\u00a0: \u00ab\u00a0<em>C\u2019est un entra\u00eeneur qui est exigeant. Il aime bien quand c\u2019est bien carr\u00e9, bien fait. Parfois, il va \u00eatre vraiment exigeant sur des petits d\u00e9tails, mais ce sont ces petits d\u00e9tails qui font la diff\u00e9rence sur un match. Tactiquement, il nous demande de faire les bons d\u00e9placements, de jouer simple, d\u2019essayer de ne pas trop perdre le ballon parce que j\u2019\u00e9volue au milieu de terrain et c\u2019est un poste o\u00f9 il faut \u00e9viter les pertes de balle. Et apr\u00e8s, d\u2019essayer d\u2019apporter offensivement, d\u2019\u00eatre pr\u00e9sent dans la surface\u00a0\u00bb.<\/em>\u00a0a confi\u00e9\u00a0<strong>Zaydou Youssouf<\/strong>\u00a0\u00e0 l\u2019occasion d\u2019un entretien accord\u00e9 \u00e0<em>\u00a0beIN SPORTS.<\/em><\/p>\n<p style=\"text-align: justify;\">Ce soir \u00e0 <strong>Goeffroy-Guichard<\/strong>, <strong>Saint-Etienne<\/strong> joue une rencontre importante dans la suite de sa saison. Une victoire relancerait les Verts en direction de la qualification pour le prochain tour de la <strong>C3<\/strong>.<\/p>\n<div id=\"attachment_54072\" style=\"width: 660px\" class=\"wp-caption aligncenter\"><img loading=\"lazy\" decoding=\"async\" aria-describedby=\"caption-attachment-54072\" class=\"size-full wp-image-54072\" src=\"http:\/\/dicodusport.fr\/blog\/wp-content\/uploads\/2019\/11\/asse.jpg\" alt=\"\" width=\"650\" height=\"433\" srcset=\"https:\/\/dicodusport.fr\/blog\/wp-content\/uploads\/2019\/11\/asse.jpg 650w, https:\/\/dicodusport.fr\/blog\/wp-content\/uploads\/2019\/11\/asse-300x200.jpg 300w\" sizes=\"auto, (max-width: 650px) 100vw, 650px\" \/><p id=\"caption-attachment-54072\" class=\"wp-caption-text\">Saint-Etienne est \u00e0 un tournant de sa saison ce soir en C3 &#8211; AFP<\/p><\/div>\n<p><em><strong>Romain Delanis<br \/>\n<\/strong><\/em><em><strong><a href=\"https:\/\/twitter.com\/RDelanis\" target=\"_blank\" rel=\"noopener noreferrer\"><img loading=\"lazy\" decoding=\"async\" class=\"alignnone wp-image-2908\" src=\"http:\/\/dicodusport.fr\/blog\/wp-content\/uploads\/2017\/07\/logo-twitter-150x150.png\" alt=\"\" width=\"39\" height=\"39\" \/><\/a><\/strong><\/em><\/p>\n","protected":false},"excerpt":{"rendered":"<p>Apr\u00e8s son passage de qualit\u00e9 en Premier League, Claude Puel s\u2019est vu confier la mission d\u00e9but octobre de redresser un Saint-Etienne en souffrance.<\/p>\n","protected":false},"author":14,"featured_media":54100,"comment_status":"open","ping_status":"closed","sticky":false,"template":"","format":"standard","meta":{"_acf_changed":false,"_daextam_enable_autolinks":"","footnotes":""},"categories":[2301],"tags":[2871,3437,3829,75],"class_list":["post-54068","post","type-post","status-publish","format-standard","has-post-thumbnail","hentry","category-football","tag-as-saint-etienne","tag-claude-puel","tag-europa-league","tag-football"],"acf":[],"yoast_head":"<!-- This site is optimized with the Yoast SEO Premium plugin v26.7 (Yoast SEO v26.7) - https:\/\/yoast.com\/wordpress\/plugins\/seo\/ -->\n<title>Claude Puel a redonn\u00e9 de la couleur aux Verts<\/title>\n<meta name=\"description\" content=\"Apr\u00e8s son passage de qualit\u00e9 en Premier League, Claude Puel s\u2019est vu confier la mission d\u00e9but octobre de redresser un Saint-Etienne en souffrance.\" \/>\n<meta name=\"robots\" content=\"index, follow, max-snippet:-1, max-image-preview:large, max-video-preview:-1\" \/>\n<link rel=\"canonical\" href=\"https:\/\/dicodusport.fr\/blog\/claude-puel-a-redonne-couleur-verts\/\" \/>\n<meta property=\"og:locale\" content=\"fr_FR\" \/>\n<meta property=\"og:type\" content=\"article\" \/>\n<meta property=\"og:title\" content=\"Claude Puel a redonn\u00e9 de la couleur aux Verts\" \/>\n<meta property=\"og:description\" content=\"Apr\u00e8s son passage de qualit\u00e9 en Premier League, Claude Puel s\u2019est vu confier la mission d\u00e9but octobre de redresser un Saint-Etienne en souffrance.\" \/>\n<meta property=\"og:url\" content=\"https:\/\/dicodusport.fr\/blog\/claude-puel-a-redonne-couleur-verts\/\" \/>\n<meta property=\"og:site_name\" content=\"Dicodusport\" \/>\n<meta property=\"article:publisher\" content=\"https:\/\/www.facebook.com\/dicodusport\" \/>\n<meta property=\"article:published_time\" content=\"2019-11-28T15:27:22+00:00\" \/>\n<meta property=\"article:modified_time\" content=\"2019-11-28T15:57:31+00:00\" \/>\n<meta property=\"og:image\" content=\"https:\/\/dicodusport.fr\/blog\/wp-content\/uploads\/2019\/11\/Claude-Puel-a-redonn\u00e9-de-la-couleur-aux-Verts.png\" \/>\n\t<meta property=\"og:image:width\" content=\"800\" \/>\n\t<meta property=\"og:image:height\" content=\"445\" \/>\n\t<meta property=\"og:image:type\" content=\"image\/png\" \/>\n<meta name=\"author\" content=\"Romain Delanis\" \/>\n<meta name=\"twitter:card\" content=\"summary_large_image\" \/>\n<meta name=\"twitter:title\" content=\"Claude Puel a redonn\u00e9 de la couleur aux Verts\" \/>\n<meta name=\"twitter:creator\" content=\"@https:\/\/twitter.com\/RDelanis\" \/>\n<meta name=\"twitter:site\" content=\"@dicodusport\" \/>\n<script type=\"application\/ld+json\" class=\"yoast-schema-graph\">{\"@context\":\"https:\/\/schema.org\",\"@graph\":[{\"@type\":\"NewsArticle\",\"@id\":\"https:\/\/dicodusport.fr\/blog\/claude-puel-a-redonne-couleur-verts\/#article\",\"isPartOf\":{\"@id\":\"https:\/\/dicodusport.fr\/blog\/claude-puel-a-redonne-couleur-verts\/\"},\"author\":{\"name\":\"Romain Delanis\",\"@id\":\"https:\/\/dicodusport.fr\/blog\/#\/schema\/person\/8c78730a59f8a1e617f7a19026ebc14a\"},\"headline\":\"Claude Puel a redonn\u00e9 de la couleur aux Verts\",\"datePublished\":\"2019-11-28T15:27:22+00:00\",\"dateModified\":\"2019-11-28T15:57:31+00:00\",\"mainEntityOfPage\":{\"@id\":\"https:\/\/dicodusport.fr\/blog\/claude-puel-a-redonne-couleur-verts\/\"},\"wordCount\":633,\"commentCount\":0,\"publisher\":{\"@id\":\"https:\/\/dicodusport.fr\/blog\/#organization\"},\"image\":{\"@id\":\"https:\/\/dicodusport.fr\/blog\/claude-puel-a-redonne-couleur-verts\/#primaryimage\"},\"thumbnailUrl\":\"https:\/\/dicodusport.fr\/blog\/wp-content\/uploads\/2019\/11\/Claude-Puel-a-redonn\u00e9-de-la-couleur-aux-Verts.png\",\"keywords\":[\"AS Saint-Etienne\",\"claude puel\",\"Europa League\",\"Football\"],\"articleSection\":[\"Football\"],\"inLanguage\":\"fr-FR\",\"potentialAction\":[{\"@type\":\"CommentAction\",\"name\":\"Comment\",\"target\":[\"https:\/\/dicodusport.fr\/blog\/claude-puel-a-redonne-couleur-verts\/#respond\"]}],\"copyrightYear\":\"2019\",\"copyrightHolder\":{\"@id\":\"https:\/\/dicodusport.fr\/blog\/#organization\"}},{\"@type\":\"WebPage\",\"@id\":\"https:\/\/dicodusport.fr\/blog\/claude-puel-a-redonne-couleur-verts\/\",\"url\":\"https:\/\/dicodusport.fr\/blog\/claude-puel-a-redonne-couleur-verts\/\",\"name\":\"Claude Puel a redonn\u00e9 de la couleur aux Verts\",\"isPartOf\":{\"@id\":\"https:\/\/dicodusport.fr\/blog\/#website\"},\"primaryImageOfPage\":{\"@id\":\"https:\/\/dicodusport.fr\/blog\/claude-puel-a-redonne-couleur-verts\/#primaryimage\"},\"image\":{\"@id\":\"https:\/\/dicodusport.fr\/blog\/claude-puel-a-redonne-couleur-verts\/#primaryimage\"},\"thumbnailUrl\":\"https:\/\/dicodusport.fr\/blog\/wp-content\/uploads\/2019\/11\/Claude-Puel-a-redonn\u00e9-de-la-couleur-aux-Verts.png\",\"datePublished\":\"2019-11-28T15:27:22+00:00\",\"dateModified\":\"2019-11-28T15:57:31+00:00\",\"description\":\"Apr\u00e8s son passage de qualit\u00e9 en Premier League, Claude Puel s\u2019est vu confier la mission d\u00e9but octobre de redresser un Saint-Etienne en souffrance.\",\"breadcrumb\":{\"@id\":\"https:\/\/dicodusport.fr\/blog\/claude-puel-a-redonne-couleur-verts\/#breadcrumb\"},\"inLanguage\":\"fr-FR\",\"potentialAction\":[{\"@type\":\"ReadAction\",\"target\":[\"https:\/\/dicodusport.fr\/blog\/claude-puel-a-redonne-couleur-verts\/\"]}]},{\"@type\":\"ImageObject\",\"inLanguage\":\"fr-FR\",\"@id\":\"https:\/\/dicodusport.fr\/blog\/claude-puel-a-redonne-couleur-verts\/#primaryimage\",\"url\":\"https:\/\/dicodusport.fr\/blog\/wp-content\/uploads\/2019\/11\/Claude-Puel-a-redonn\u00e9-de-la-couleur-aux-Verts.png\",\"contentUrl\":\"https:\/\/dicodusport.fr\/blog\/wp-content\/uploads\/2019\/11\/Claude-Puel-a-redonn\u00e9-de-la-couleur-aux-Verts.png\",\"width\":800,\"height\":445,\"caption\":\"Claude Puel a redonn\u00e9 de la couleur aux Verts\"},{\"@type\":\"BreadcrumbList\",\"@id\":\"https:\/\/dicodusport.fr\/blog\/claude-puel-a-redonne-couleur-verts\/#breadcrumb\",\"itemListElement\":[{\"@type\":\"ListItem\",\"position\":1,\"name\":\"Accueil\",\"item\":\"https:\/\/dicodusport.fr\/blog\/\"},{\"@type\":\"ListItem\",\"position\":2,\"name\":\"Claude Puel a redonn\u00e9 de la couleur aux Verts\"}]},{\"@type\":\"WebSite\",\"@id\":\"https:\/\/dicodusport.fr\/blog\/#website\",\"url\":\"https:\/\/dicodusport.fr\/blog\/\",\"name\":\"Dicodusport\",\"description\":\"L&#039;encyclop\u00e9die de l&#039;actualit\u00e9 sportive\",\"publisher\":{\"@id\":\"https:\/\/dicodusport.fr\/blog\/#organization\"},\"potentialAction\":[{\"@type\":\"SearchAction\",\"target\":{\"@type\":\"EntryPoint\",\"urlTemplate\":\"https:\/\/dicodusport.fr\/blog\/?s={search_term_string}\"},\"query-input\":{\"@type\":\"PropertyValueSpecification\",\"valueRequired\":true,\"valueName\":\"search_term_string\"}}],\"inLanguage\":\"fr-FR\"},{\"@type\":\"NewsMediaOrganization\",\"@id\":\"https:\/\/dicodusport.fr\/blog\/#organization\",\"name\":\"Dicodusport\",\"url\":\"https:\/\/dicodusport.fr\/blog\/\",\"logo\":{\"@type\":\"ImageObject\",\"inLanguage\":\"fr-FR\",\"@id\":\"https:\/\/dicodusport.fr\/blog\/#\/schema\/logo\/image\/\",\"url\":\"https:\/\/dicodusport.fr\/blog\/wp-content\/uploads\/2020\/06\/cropped-LOGO-DICODUSPORT-2020-SANS-FOND-SANS-TEXTE.png\",\"contentUrl\":\"https:\/\/dicodusport.fr\/blog\/wp-content\/uploads\/2020\/06\/cropped-LOGO-DICODUSPORT-2020-SANS-FOND-SANS-TEXTE.png\",\"width\":512,\"height\":512,\"caption\":\"Dicodusport\"},\"image\":{\"@id\":\"https:\/\/dicodusport.fr\/blog\/#\/schema\/logo\/image\/\"},\"sameAs\":[\"https:\/\/www.facebook.com\/dicodusport\",\"https:\/\/x.com\/dicodusport\",\"https:\/\/www.instagram.com\/dicodusport\/\",\"https:\/\/www.youtube.com\/channel\/UC7V2KZ5sd3htJivAbA4ZG3w\"],\"description\":\"Dicodusport est l'encyclop\u00e9die de l'actualit\u00e9 sportive.\",\"email\":\"bonjour@dicodusport.fr\",\"legalName\":\"DICODUSPORT\",\"foundingDate\":\"2018-01-14\",\"vatID\":\"FR71834470973\",\"taxID\":\"83447097300043\",\"numberOfEmployees\":{\"@type\":\"QuantitativeValue\",\"minValue\":\"1\",\"maxValue\":\"10\"}},{\"@type\":\"Person\",\"@id\":\"https:\/\/dicodusport.fr\/blog\/#\/schema\/person\/8c78730a59f8a1e617f7a19026ebc14a\",\"name\":\"Romain Delanis\",\"image\":{\"@type\":\"ImageObject\",\"inLanguage\":\"fr-FR\",\"@id\":\"https:\/\/dicodusport.fr\/blog\/#\/schema\/person\/image\/\",\"url\":\"https:\/\/dicodusport.fr\/blog\/wp-content\/uploads\/2021\/05\/Romain-Delanis-150x150.jpg\",\"contentUrl\":\"https:\/\/dicodusport.fr\/blog\/wp-content\/uploads\/2021\/05\/Romain-Delanis-150x150.jpg\",\"caption\":\"Romain Delanis\"},\"description\":\"Journaliste\/R\u00e9dacteur depuis novembre 2015 - Capable de passer un samedi apr\u00e8s-midi devant la Ligue 2 puis le biathlon sans oublier la finale de l\u2019ATP Rotterdam, j\u2019aime aussi mettre mon r\u00e9veil pour me faire un Pistons\/Bulls qui rappelle de bons souvenirs. Tout cela, j\u2019ai choisi il y a maintenant quelques temps de vous le raconter avec Dicodusport, pour vous faire vivre ma passion parfois inconsid\u00e9r\u00e9e pour le sport en g\u00e9n\u00e9ral (mais surtout le foot faut se l\u2019avouer).\",\"sameAs\":[\"https:\/\/x.com\/https:\/\/twitter.com\/RDelanis\"],\"url\":\"https:\/\/dicodusport.fr\/blog\/author\/romain\/\"}]}<\/script>\n<!-- \/ Yoast SEO Premium plugin. -->","yoast_head_json":{"title":"Claude Puel a redonn\u00e9 de la couleur aux Verts","description":"Apr\u00e8s son passage de qualit\u00e9 en Premier League, Claude Puel s\u2019est vu confier la mission d\u00e9but octobre de redresser un Saint-Etienne en souffrance.","robots":{"index":"index","follow":"follow","max-snippet":"max-snippet:-1","max-image-preview":"max-image-preview:large","max-video-preview":"max-video-preview:-1"},"canonical":"https:\/\/dicodusport.fr\/blog\/claude-puel-a-redonne-couleur-verts\/","og_locale":"fr_FR","og_type":"article","og_title":"Claude Puel a redonn\u00e9 de la couleur aux Verts","og_description":"Apr\u00e8s son passage de qualit\u00e9 en Premier League, Claude Puel s\u2019est vu confier la mission d\u00e9but octobre de redresser un Saint-Etienne en souffrance.","og_url":"https:\/\/dicodusport.fr\/blog\/claude-puel-a-redonne-couleur-verts\/","og_site_name":"Dicodusport","article_publisher":"https:\/\/www.facebook.com\/dicodusport","article_published_time":"2019-11-28T15:27:22+00:00","article_modified_time":"2019-11-28T15:57:31+00:00","og_image":[{"width":800,"height":445,"url":"https:\/\/dicodusport.fr\/blog\/wp-content\/uploads\/2019\/11\/Claude-Puel-a-redonn\u00e9-de-la-couleur-aux-Verts.png","type":"image\/png"}],"author":"Romain Delanis","twitter_card":"summary_large_image","twitter_title":"Claude Puel a redonn\u00e9 de la couleur aux Verts","twitter_creator":"@https:\/\/twitter.com\/RDelanis","twitter_site":"@dicodusport","schema":{"@context":"https:\/\/schema.org","@graph":[{"@type":"NewsArticle","@id":"https:\/\/dicodusport.fr\/blog\/claude-puel-a-redonne-couleur-verts\/#article","isPartOf":{"@id":"https:\/\/dicodusport.fr\/blog\/claude-puel-a-redonne-couleur-verts\/"},"author":{"name":"Romain Delanis","@id":"https:\/\/dicodusport.fr\/blog\/#\/schema\/person\/8c78730a59f8a1e617f7a19026ebc14a"},"headline":"Claude Puel a redonn\u00e9 de la couleur aux Verts","datePublished":"2019-11-28T15:27:22+00:00","dateModified":"2019-11-28T15:57:31+00:00","mainEntityOfPage":{"@id":"https:\/\/dicodusport.fr\/blog\/claude-puel-a-redonne-couleur-verts\/"},"wordCount":633,"commentCount":0,"publisher":{"@id":"https:\/\/dicodusport.fr\/blog\/#organization"},"image":{"@id":"https:\/\/dicodusport.fr\/blog\/claude-puel-a-redonne-couleur-verts\/#primaryimage"},"thumbnailUrl":"https:\/\/dicodusport.fr\/blog\/wp-content\/uploads\/2019\/11\/Claude-Puel-a-redonn\u00e9-de-la-couleur-aux-Verts.png","keywords":["AS Saint-Etienne","claude puel","Europa League","Football"],"articleSection":["Football"],"inLanguage":"fr-FR","potentialAction":[{"@type":"CommentAction","name":"Comment","target":["https:\/\/dicodusport.fr\/blog\/claude-puel-a-redonne-couleur-verts\/#respond"]}],"copyrightYear":"2019","copyrightHolder":{"@id":"https:\/\/dicodusport.fr\/blog\/#organization"}},{"@type":"WebPage","@id":"https:\/\/dicodusport.fr\/blog\/claude-puel-a-redonne-couleur-verts\/","url":"https:\/\/dicodusport.fr\/blog\/claude-puel-a-redonne-couleur-verts\/","name":"Claude Puel a redonn\u00e9 de la couleur aux Verts","isPartOf":{"@id":"https:\/\/dicodusport.fr\/blog\/#website"},"primaryImageOfPage":{"@id":"https:\/\/dicodusport.fr\/blog\/claude-puel-a-redonne-couleur-verts\/#primaryimage"},"image":{"@id":"https:\/\/dicodusport.fr\/blog\/claude-puel-a-redonne-couleur-verts\/#primaryimage"},"thumbnailUrl":"https:\/\/dicodusport.fr\/blog\/wp-content\/uploads\/2019\/11\/Claude-Puel-a-redonn\u00e9-de-la-couleur-aux-Verts.png","datePublished":"2019-11-28T15:27:22+00:00","dateModified":"2019-11-28T15:57:31+00:00","description":"Apr\u00e8s son passage de qualit\u00e9 en Premier League, Claude Puel s\u2019est vu confier la mission d\u00e9but octobre de redresser un Saint-Etienne en souffrance.","breadcrumb":{"@id":"https:\/\/dicodusport.fr\/blog\/claude-puel-a-redonne-couleur-verts\/#breadcrumb"},"inLanguage":"fr-FR","potentialAction":[{"@type":"ReadAction","target":["https:\/\/dicodusport.fr\/blog\/claude-puel-a-redonne-couleur-verts\/"]}]},{"@type":"ImageObject","inLanguage":"fr-FR","@id":"https:\/\/dicodusport.fr\/blog\/claude-puel-a-redonne-couleur-verts\/#primaryimage","url":"https:\/\/dicodusport.fr\/blog\/wp-content\/uploads\/2019\/11\/Claude-Puel-a-redonn\u00e9-de-la-couleur-aux-Verts.png","contentUrl":"https:\/\/dicodusport.fr\/blog\/wp-content\/uploads\/2019\/11\/Claude-Puel-a-redonn\u00e9-de-la-couleur-aux-Verts.png","width":800,"height":445,"caption":"Claude Puel a redonn\u00e9 de la couleur aux Verts"},{"@type":"BreadcrumbList","@id":"https:\/\/dicodusport.fr\/blog\/claude-puel-a-redonne-couleur-verts\/#breadcrumb","itemListElement":[{"@type":"ListItem","position":1,"name":"Accueil","item":"https:\/\/dicodusport.fr\/blog\/"},{"@type":"ListItem","position":2,"name":"Claude Puel a redonn\u00e9 de la couleur aux Verts"}]},{"@type":"WebSite","@id":"https:\/\/dicodusport.fr\/blog\/#website","url":"https:\/\/dicodusport.fr\/blog\/","name":"Dicodusport","description":"L&#039;encyclop\u00e9die de l&#039;actualit\u00e9 sportive","publisher":{"@id":"https:\/\/dicodusport.fr\/blog\/#organization"},"potentialAction":[{"@type":"SearchAction","target":{"@type":"EntryPoint","urlTemplate":"https:\/\/dicodusport.fr\/blog\/?s={search_term_string}"},"query-input":{"@type":"PropertyValueSpecification","valueRequired":true,"valueName":"search_term_string"}}],"inLanguage":"fr-FR"},{"@type":"NewsMediaOrganization","@id":"https:\/\/dicodusport.fr\/blog\/#organization","name":"Dicodusport","url":"https:\/\/dicodusport.fr\/blog\/","logo":{"@type":"ImageObject","inLanguage":"fr-FR","@id":"https:\/\/dicodusport.fr\/blog\/#\/schema\/logo\/image\/","url":"https:\/\/dicodusport.fr\/blog\/wp-content\/uploads\/2020\/06\/cropped-LOGO-DICODUSPORT-2020-SANS-FOND-SANS-TEXTE.png","contentUrl":"https:\/\/dicodusport.fr\/blog\/wp-content\/uploads\/2020\/06\/cropped-LOGO-DICODUSPORT-2020-SANS-FOND-SANS-TEXTE.png","width":512,"height":512,"caption":"Dicodusport"},"image":{"@id":"https:\/\/dicodusport.fr\/blog\/#\/schema\/logo\/image\/"},"sameAs":["https:\/\/www.facebook.com\/dicodusport","https:\/\/x.com\/dicodusport","https:\/\/www.instagram.com\/dicodusport\/","https:\/\/www.youtube.com\/channel\/UC7V2KZ5sd3htJivAbA4ZG3w"],"description":"Dicodusport est l'encyclop\u00e9die de l'actualit\u00e9 sportive.","email":"bonjour@dicodusport.fr","legalName":"DICODUSPORT","foundingDate":"2018-01-14","vatID":"FR71834470973","taxID":"83447097300043","numberOfEmployees":{"@type":"QuantitativeValue","minValue":"1","maxValue":"10"}},{"@type":"Person","@id":"https:\/\/dicodusport.fr\/blog\/#\/schema\/person\/8c78730a59f8a1e617f7a19026ebc14a","name":"Romain Delanis","image":{"@type":"ImageObject","inLanguage":"fr-FR","@id":"https:\/\/dicodusport.fr\/blog\/#\/schema\/person\/image\/","url":"https:\/\/dicodusport.fr\/blog\/wp-content\/uploads\/2021\/05\/Romain-Delanis-150x150.jpg","contentUrl":"https:\/\/dicodusport.fr\/blog\/wp-content\/uploads\/2021\/05\/Romain-Delanis-150x150.jpg","caption":"Romain Delanis"},"description":"Journaliste\/R\u00e9dacteur depuis novembre 2015 - Capable de passer un samedi apr\u00e8s-midi devant la Ligue 2 puis le biathlon sans oublier la finale de l\u2019ATP Rotterdam, j\u2019aime aussi mettre mon r\u00e9veil pour me faire un Pistons\/Bulls qui rappelle de bons souvenirs. Tout cela, j\u2019ai choisi il y a maintenant quelques temps de vous le raconter avec Dicodusport, pour vous faire vivre ma passion parfois inconsid\u00e9r\u00e9e pour le sport en g\u00e9n\u00e9ral (mais surtout le foot faut se l\u2019avouer).","sameAs":["https:\/\/x.com\/https:\/\/twitter.com\/RDelanis"],"url":"https:\/\/dicodusport.fr\/blog\/author\/romain\/"}]}},"_links":{"self":[{"href":"https:\/\/dicodusport.fr\/blog\/wp-json\/wp\/v2\/posts\/54068","targetHints":{"allow":["GET"]}}],"collection":[{"href":"https:\/\/dicodusport.fr\/blog\/wp-json\/wp\/v2\/posts"}],"about":[{"href":"https:\/\/dicodusport.fr\/blog\/wp-json\/wp\/v2\/types\/post"}],"author":[{"embeddable":true,"href":"https:\/\/dicodusport.fr\/blog\/wp-json\/wp\/v2\/users\/14"}],"replies":[{"embeddable":true,"href":"https:\/\/dicodusport.fr\/blog\/wp-json\/wp\/v2\/comments?post=54068"}],"version-history":[{"count":0,"href":"https:\/\/dicodusport.fr\/blog\/wp-json\/wp\/v2\/posts\/54068\/revisions"}],"wp:featuredmedia":[{"embeddable":true,"href":"https:\/\/dicodusport.fr\/blog\/wp-json\/wp\/v2\/media\/54100"}],"wp:attachment":[{"href":"https:\/\/dicodusport.fr\/blog\/wp-json\/wp\/v2\/media?parent=54068"}],"wp:term":[{"taxonomy":"category","embeddable":true,"href":"https:\/\/dicodusport.fr\/blog\/wp-json\/wp\/v2\/categories?post=54068"},{"taxonomy":"post_tag","embeddable":true,"href":"https:\/\/dicodusport.fr\/blog\/wp-json\/wp\/v2\/tags?post=54068"}],"curies":[{"name":"wp","href":"https:\/\/api.w.org\/{rel}","templated":true}]}}