{"id":540721,"date":"2024-12-18T14:54:36","date_gmt":"2024-12-18T13:54:36","guid":{"rendered":"https:\/\/dicodusport.fr\/blog\/?p=540721&#038;preview=true&#038;preview_id=540721"},"modified":"2025-07-09T18:38:20","modified_gmt":"2025-07-09T16:38:20","slug":"ibu-junior-cup-goms-amandine-mengin-et-leo-carlier-poursuivent-la-moisson-tricolore-sur-le-relais-simple-mixte","status":"publish","type":"post","link":"https:\/\/dicodusport.fr\/blog\/ibu-junior-cup-goms-amandine-mengin-et-leo-carlier-poursuivent-la-moisson-tricolore-sur-le-relais-simple-mixte\/","title":{"rendered":"IBU Junior Cup Goms : Amandine Mengin et L\u00e9o Carlier poursuivent la moisson tricolore sur le relais simple mixte"},"content":{"rendered":"<h4 style=\"text-align: justify;\"><em>IBU JUNIOR CUP 2024\/2025 &#8211; Les Bleus continuent de performer sur le circuit junior. Amandine Mengin et L\u00e9o Carlier se sont impos\u00e9s sur le relais simple mixte, apportant ainsi une troisi\u00e8me victoire \u00e0 l\u2019\u00e9quipe de France. L&rsquo;Autriche et la Pologne compl\u00e8te le podium.<\/em><\/h4>\n<ul style=\"text-align: justify;\">\n<li><strong>\u00c0 ce sujet &#8211; <a href=\"https:\/\/dicodusport.fr\/blog\/actualites\/biathlon\/\">Toute l&rsquo;actualit\u00e9 du biathlon<\/a><\/strong><\/li>\n<\/ul>\n<p style=\"text-align: justify;\">Jamais deux sans trois, l\u2019\u00e9quipe de France accroche un troisi\u00e8me succ\u00e8s en ce d\u00e9but de saison. Apr\u00e8s <a href=\"https:\/\/dicodusport.fr\/blog\/ibu-junior-cup-ridnaun-violette-bony-s-impose-sur-le-sprint-amandine\/\">Violette Bony sur le sprint d\u2019ouverture<\/a> puis leurs homologues du relais mixte ce matin, <strong>Amandine Mengin<\/strong> et <strong>L\u00e9o Carlier<\/strong> se sont impos\u00e9s sur le relais simple mixte.<\/p>\n<div class=\"vlp-link-container vlp-layout-article\"><a href=\"https:\/\/dicodusport.fr\/blog\/ibu-junior-cup-goms-le-relais-mixte-tricolore-simpose-en-suisse\/\" class=\"vlp-link\" title=\"IBU Junior Cup Goms : Le relais mixte tricolore s&#039;impose en Suisse\"><\/a><div class=\"vlp-layout-zone-side\"><div class=\"vlp-block-4 vlp-link-image\"><img loading=\"lazy\" decoding=\"async\" style=\"max-width: 792px;\" width=\"792\" height=\"445\" src=\"https:\/\/dicodusport.fr\/blog\/wp-content\/uploads\/2024\/12\/IBU-Junior-Cup-Goms-Le-relais-mixte-tricolore-simpose-en-Suisse.png\" class=\"attachment-800x445 size-800x445\" alt=\"IBU Junior Cup Goms Le relais mixte tricolore s&#039;impose en Suisse\" srcset=\"https:\/\/dicodusport.fr\/blog\/wp-content\/uploads\/2024\/12\/IBU-Junior-Cup-Goms-Le-relais-mixte-tricolore-simpose-en-Suisse.png 1200w, https:\/\/dicodusport.fr\/blog\/wp-content\/uploads\/2024\/12\/IBU-Junior-Cup-Goms-Le-relais-mixte-tricolore-simpose-en-Suisse-300x169.png 300w, https:\/\/dicodusport.fr\/blog\/wp-content\/uploads\/2024\/12\/IBU-Junior-Cup-Goms-Le-relais-mixte-tricolore-simpose-en-Suisse-1024x575.png 1024w, https:\/\/dicodusport.fr\/blog\/wp-content\/uploads\/2024\/12\/IBU-Junior-Cup-Goms-Le-relais-mixte-tricolore-simpose-en-Suisse-768x431.png 768w\" sizes=\"auto, (max-width: 792px) 100vw, 792px\" \/><\/div><\/div><div class=\"vlp-layout-zone-main\"><div class=\"vlp-block-0 vlp-link-title\">IBU Junior Cup Goms : Le relais mixte tricolore s'impose en Suisse<\/div><div class=\"vlp-block-1 vlp-link-summary\">IBU JUNIOR CUP 2024\/2025 - Le relais mixte fran\u00e7ais s'est impos\u00e9 avec autorit\u00e9 sur le relais mixte disput\u00e9 \u00e0 Goms, ce mercredi. Rapides sur les skis, et solides sur le pas de tir, Violette Bony, Guillaume Poirot, Ian Martinet et Lou Anne Dupont Ballet Baz n'ont laiss\u00e9 aucune chance \u00e0 leurs rivaux.<\/div><div class=\"vlp-block-2 vlp-link-button\">Lire l'article<\/div><div class=\"vlp-block-3 vlp-link-url\">dicodusport.fr<\/div><\/div><\/div>\n<p style=\"text-align: justify;\">D\u00e9j\u00e0 sur la bo\u00eete \u00e0 Ridnaud aux c\u00f4t\u00e9s de sa compatriote, <strong>Amandine Mengin<\/strong> a une nouvelle fois fait parler sa puissance sur les skis. Apr\u00e8s avoir domin\u00e9 ses concurrentes lors de son premier relais, elle a ensuite \u00e9vit\u00e9 de peu le tour de p\u00e9nalit\u00e9 sur la derni\u00e8re salve de tir. Intenable cependant sur la piste, elle a lanc\u00e9 <strong>L\u00e9o Carlier<\/strong> avec un peu plus de dix secondes d\u2019avance sur son plus proche poursuivant, <strong>Fabian Suchodolski<\/strong>.<\/p>\n<p style=\"text-align: justify;\">Au contact du Polonais et de l\u2019Autrichien <strong>Thomas Marchl<\/strong> lors de sa premi\u00e8re prise de t\u00e9moin, L\u00e9o Carlier a parfaitement surf\u00e9 sur l\u2019avance de sa partenaire lors de la seconde. Imp\u00e9rial derri\u00e8re la carabine sur les deux derniers exercices, il a \u00e9galement profit\u00e9 de quelques erreurs adverses pour s\u2019\u00e9chapper et terminer la course en solitaire. Les Bleus devancent de plus de 30 secondes la Pologne, deuxi\u00e8me, et apportent une troisi\u00e8me victoire \u00e0 la France en ce d\u00e9but de saison. L\u2019Autriche monte sur la troisi\u00e8me marche.<\/p>\n<blockquote class=\"twitter-tweet\">\n<p dir=\"ltr\" lang=\"fr\">\ud83c\uddeb\ud83c\uddf7\ud83c\udfc5 Nouvelle victoire pour l\u2019\u00e9quipe de France Junior aujourd\u2019hui sur le relais mixte simple de Goms \ud83c\udde8\ud83c\udded<\/p>\n<p>Amandine Mengin<br \/>\nL\u00e9o Carlier<\/p>\n<p>C\u2019est donc un doubl\u00e9 Relais Mixte \/ Relais Mixte simple \ud83e\udee1\ud83e\udee1<a href=\"https:\/\/twitter.com\/hashtag\/Biathlon?src=hash&amp;ref_src=twsrc%5Etfw\">#Biathlon<\/a> <a href=\"https:\/\/t.co\/OjF4rKOyz3\">pic.twitter.com\/OjF4rKOyz3<\/a><\/p>\n<p>\u2014 Biathlon_FRA\ud83c\udfbf (@Biathlon_FRA) <a href=\"https:\/\/twitter.com\/Biathlon_FRA\/status\/1869377397281464321?ref_src=twsrc%5Etfw\">December 18, 2024<\/a><\/p><\/blockquote>\n<p><script async src=\"https:\/\/platform.twitter.com\/widgets.js\" charset=\"utf-8\"><\/script><\/p>\n","protected":false},"excerpt":{"rendered":"<p>IBU JUNIOR CUP 2024\/2025 &#8211; Amandine Mengin et L\u00e9o Carlier se sont impos\u00e9s sur le relais simple mixte, apportant un 3\u00e8me succ\u00e8s \u00e0 la France.<\/p>\n","protected":false},"author":18,"featured_media":540772,"comment_status":"open","ping_status":"closed","sticky":false,"template":"","format":"standard","meta":{"_acf_changed":false,"_daextam_enable_autolinks":"1","footnotes":""},"categories":[2426],"tags":[43462,2427,16878,43459],"class_list":["post-540721","post","type-post","status-publish","format-standard","has-post-thumbnail","hentry","category-biathlon","tag-amandine-mengin","tag-biathlon","tag-breve","tag-ibu-junior-cup"],"acf":[],"yoast_head":"<!-- This site is optimized with the Yoast SEO Premium plugin v26.7 (Yoast SEO v26.7) - https:\/\/yoast.com\/wordpress\/plugins\/seo\/ -->\n<title>IBU Junior Cup Goms : Amandine Mengin et L\u00e9o Carlier poursuivent la moisson tricolore sur le relais simple mixte<\/title>\n<meta name=\"description\" content=\"IBU JUNIOR CUP 2024\/2025 - Amandine Mengin et L\u00e9o Carlier se sont impos\u00e9s sur le relais simple mixte, apportant un 3\u00e8me succ\u00e8s \u00e0 la France.\" \/>\n<meta name=\"robots\" content=\"index, follow, max-snippet:-1, max-image-preview:large, max-video-preview:-1\" \/>\n<link rel=\"canonical\" href=\"https:\/\/dicodusport.fr\/blog\/ibu-junior-cup-goms-amandine-mengin-et-leo-carlier-poursuivent-la-moisson-tricolore-sur-le-relais-simple-mixte\/\" \/>\n<meta property=\"og:locale\" content=\"fr_FR\" \/>\n<meta property=\"og:type\" content=\"article\" \/>\n<meta property=\"og:title\" content=\"IBU Junior Cup Goms : Amandine Mengin et L\u00e9o Carlier poursuivent la moisson tricolore sur le relais simple mixte\" \/>\n<meta property=\"og:description\" content=\"IBU JUNIOR CUP 2024\/2025 - Amandine Mengin et L\u00e9o Carlier se sont impos\u00e9s sur le relais simple mixte, apportant un 3\u00e8me succ\u00e8s \u00e0 la France.\" \/>\n<meta property=\"og:url\" content=\"https:\/\/dicodusport.fr\/blog\/ibu-junior-cup-goms-amandine-mengin-et-leo-carlier-poursuivent-la-moisson-tricolore-sur-le-relais-simple-mixte\/\" \/>\n<meta property=\"og:site_name\" content=\"Dicodusport\" \/>\n<meta property=\"article:publisher\" content=\"https:\/\/www.facebook.com\/dicodusport\" \/>\n<meta property=\"article:author\" content=\"https:\/\/www.facebook.com\/soocube\" \/>\n<meta property=\"article:published_time\" content=\"2024-12-18T13:54:36+00:00\" \/>\n<meta property=\"article:modified_time\" content=\"2025-07-09T16:38:20+00:00\" \/>\n<meta property=\"og:image\" content=\"https:\/\/dicodusport.fr\/blog\/wp-content\/uploads\/2024\/12\/IBU-Junior-Cup-Goms-Amandine-Mengin-et-Leo-Carlier-poursuivent-la-moisson-tricolore-sur-le-relais-simple-mixte-1.png\" \/>\n\t<meta property=\"og:image:width\" content=\"1200\" \/>\n\t<meta property=\"og:image:height\" content=\"674\" \/>\n\t<meta property=\"og:image:type\" content=\"image\/png\" \/>\n<meta name=\"author\" content=\"Sophie Clapier\" \/>\n<meta name=\"twitter:card\" content=\"summary_large_image\" \/>\n<meta name=\"twitter:title\" content=\"IBU Junior Cup Goms : Amandine Mengin et L\u00e9o Carlier poursuivent la moisson tricolore sur le relais simple mixte\" \/>\n<meta name=\"twitter:creator\" content=\"@https:\/\/twitter.com\/soocube\" \/>\n<meta name=\"twitter:site\" content=\"@dicodusport\" \/>\n<script type=\"application\/ld+json\" class=\"yoast-schema-graph\">{\"@context\":\"https:\/\/schema.org\",\"@graph\":[{\"@type\":\"NewsArticle\",\"@id\":\"https:\/\/dicodusport.fr\/blog\/ibu-junior-cup-goms-amandine-mengin-et-leo-carlier-poursuivent-la-moisson-tricolore-sur-le-relais-simple-mixte\/#article\",\"isPartOf\":{\"@id\":\"https:\/\/dicodusport.fr\/blog\/ibu-junior-cup-goms-amandine-mengin-et-leo-carlier-poursuivent-la-moisson-tricolore-sur-le-relais-simple-mixte\/\"},\"author\":{\"name\":\"Sophie Clapier\",\"@id\":\"https:\/\/dicodusport.fr\/blog\/#\/schema\/person\/416c975648aca9da8839bdfe333a21c9\"},\"headline\":\"IBU Junior Cup Goms : Amandine Mengin et L\u00e9o Carlier poursuivent la moisson tricolore sur le relais simple mixte\",\"datePublished\":\"2024-12-18T13:54:36+00:00\",\"dateModified\":\"2025-07-09T16:38:20+00:00\",\"mainEntityOfPage\":{\"@id\":\"https:\/\/dicodusport.fr\/blog\/ibu-junior-cup-goms-amandine-mengin-et-leo-carlier-poursuivent-la-moisson-tricolore-sur-le-relais-simple-mixte\/\"},\"wordCount\":463,\"commentCount\":0,\"publisher\":{\"@id\":\"https:\/\/dicodusport.fr\/blog\/#organization\"},\"image\":{\"@id\":\"https:\/\/dicodusport.fr\/blog\/ibu-junior-cup-goms-amandine-mengin-et-leo-carlier-poursuivent-la-moisson-tricolore-sur-le-relais-simple-mixte\/#primaryimage\"},\"thumbnailUrl\":\"https:\/\/dicodusport.fr\/blog\/wp-content\/uploads\/2024\/12\/IBU-Junior-Cup-Goms-Amandine-Mengin-et-Leo-Carlier-poursuivent-la-moisson-tricolore-sur-le-relais-simple-mixte-1.png\",\"keywords\":[\"Amandine Mengin\",\"Biathlon\",\"br\u00e8ve\",\"IBU Junior Cup\"],\"articleSection\":[\"Biathlon\"],\"inLanguage\":\"fr-FR\",\"potentialAction\":[{\"@type\":\"CommentAction\",\"name\":\"Comment\",\"target\":[\"https:\/\/dicodusport.fr\/blog\/ibu-junior-cup-goms-amandine-mengin-et-leo-carlier-poursuivent-la-moisson-tricolore-sur-le-relais-simple-mixte\/#respond\"]}],\"copyrightYear\":\"2024\",\"copyrightHolder\":{\"@id\":\"https:\/\/dicodusport.fr\/blog\/#organization\"}},{\"@type\":\"WebPage\",\"@id\":\"https:\/\/dicodusport.fr\/blog\/ibu-junior-cup-goms-amandine-mengin-et-leo-carlier-poursuivent-la-moisson-tricolore-sur-le-relais-simple-mixte\/\",\"url\":\"https:\/\/dicodusport.fr\/blog\/ibu-junior-cup-goms-amandine-mengin-et-leo-carlier-poursuivent-la-moisson-tricolore-sur-le-relais-simple-mixte\/\",\"name\":\"IBU Junior Cup Goms : Amandine Mengin et L\u00e9o Carlier poursuivent la moisson tricolore sur le relais simple mixte\",\"isPartOf\":{\"@id\":\"https:\/\/dicodusport.fr\/blog\/#website\"},\"primaryImageOfPage\":{\"@id\":\"https:\/\/dicodusport.fr\/blog\/ibu-junior-cup-goms-amandine-mengin-et-leo-carlier-poursuivent-la-moisson-tricolore-sur-le-relais-simple-mixte\/#primaryimage\"},\"image\":{\"@id\":\"https:\/\/dicodusport.fr\/blog\/ibu-junior-cup-goms-amandine-mengin-et-leo-carlier-poursuivent-la-moisson-tricolore-sur-le-relais-simple-mixte\/#primaryimage\"},\"thumbnailUrl\":\"https:\/\/dicodusport.fr\/blog\/wp-content\/uploads\/2024\/12\/IBU-Junior-Cup-Goms-Amandine-Mengin-et-Leo-Carlier-poursuivent-la-moisson-tricolore-sur-le-relais-simple-mixte-1.png\",\"datePublished\":\"2024-12-18T13:54:36+00:00\",\"dateModified\":\"2025-07-09T16:38:20+00:00\",\"description\":\"IBU JUNIOR CUP 2024\/2025 - Amandine Mengin et L\u00e9o Carlier se sont impos\u00e9s sur le relais simple mixte, apportant un 3\u00e8me succ\u00e8s \u00e0 la France.\",\"breadcrumb\":{\"@id\":\"https:\/\/dicodusport.fr\/blog\/ibu-junior-cup-goms-amandine-mengin-et-leo-carlier-poursuivent-la-moisson-tricolore-sur-le-relais-simple-mixte\/#breadcrumb\"},\"inLanguage\":\"fr-FR\",\"potentialAction\":[{\"@type\":\"ReadAction\",\"target\":[\"https:\/\/dicodusport.fr\/blog\/ibu-junior-cup-goms-amandine-mengin-et-leo-carlier-poursuivent-la-moisson-tricolore-sur-le-relais-simple-mixte\/\"]}]},{\"@type\":\"ImageObject\",\"inLanguage\":\"fr-FR\",\"@id\":\"https:\/\/dicodusport.fr\/blog\/ibu-junior-cup-goms-amandine-mengin-et-leo-carlier-poursuivent-la-moisson-tricolore-sur-le-relais-simple-mixte\/#primaryimage\",\"url\":\"https:\/\/dicodusport.fr\/blog\/wp-content\/uploads\/2024\/12\/IBU-Junior-Cup-Goms-Amandine-Mengin-et-Leo-Carlier-poursuivent-la-moisson-tricolore-sur-le-relais-simple-mixte-1.png\",\"contentUrl\":\"https:\/\/dicodusport.fr\/blog\/wp-content\/uploads\/2024\/12\/IBU-Junior-Cup-Goms-Amandine-Mengin-et-Leo-Carlier-poursuivent-la-moisson-tricolore-sur-le-relais-simple-mixte-1.png\",\"width\":1200,\"height\":674,\"caption\":\"IBU Junior Cup Goms Amandine Mengin et L\u00e9o Carlier poursuivent la moisson tricolore sur le relais simple mixte (1)\"},{\"@type\":\"BreadcrumbList\",\"@id\":\"https:\/\/dicodusport.fr\/blog\/ibu-junior-cup-goms-amandine-mengin-et-leo-carlier-poursuivent-la-moisson-tricolore-sur-le-relais-simple-mixte\/#breadcrumb\",\"itemListElement\":[{\"@type\":\"ListItem\",\"position\":1,\"name\":\"Accueil\",\"item\":\"https:\/\/dicodusport.fr\/blog\/\"},{\"@type\":\"ListItem\",\"position\":2,\"name\":\"IBU Junior Cup Goms : Amandine Mengin et L\u00e9o Carlier poursuivent la moisson tricolore sur le relais simple mixte\"}]},{\"@type\":\"WebSite\",\"@id\":\"https:\/\/dicodusport.fr\/blog\/#website\",\"url\":\"https:\/\/dicodusport.fr\/blog\/\",\"name\":\"Dicodusport\",\"description\":\"L&#039;encyclop\u00e9die de l&#039;actualit\u00e9 sportive\",\"publisher\":{\"@id\":\"https:\/\/dicodusport.fr\/blog\/#organization\"},\"potentialAction\":[{\"@type\":\"SearchAction\",\"target\":{\"@type\":\"EntryPoint\",\"urlTemplate\":\"https:\/\/dicodusport.fr\/blog\/?s={search_term_string}\"},\"query-input\":{\"@type\":\"PropertyValueSpecification\",\"valueRequired\":true,\"valueName\":\"search_term_string\"}}],\"inLanguage\":\"fr-FR\"},{\"@type\":\"NewsMediaOrganization\",\"@id\":\"https:\/\/dicodusport.fr\/blog\/#organization\",\"name\":\"Dicodusport\",\"url\":\"https:\/\/dicodusport.fr\/blog\/\",\"logo\":{\"@type\":\"ImageObject\",\"inLanguage\":\"fr-FR\",\"@id\":\"https:\/\/dicodusport.fr\/blog\/#\/schema\/logo\/image\/\",\"url\":\"https:\/\/dicodusport.fr\/blog\/wp-content\/uploads\/2020\/06\/cropped-LOGO-DICODUSPORT-2020-SANS-FOND-SANS-TEXTE.png\",\"contentUrl\":\"https:\/\/dicodusport.fr\/blog\/wp-content\/uploads\/2020\/06\/cropped-LOGO-DICODUSPORT-2020-SANS-FOND-SANS-TEXTE.png\",\"width\":512,\"height\":512,\"caption\":\"Dicodusport\"},\"image\":{\"@id\":\"https:\/\/dicodusport.fr\/blog\/#\/schema\/logo\/image\/\"},\"sameAs\":[\"https:\/\/www.facebook.com\/dicodusport\",\"https:\/\/x.com\/dicodusport\",\"https:\/\/www.instagram.com\/dicodusport\/\",\"https:\/\/www.youtube.com\/channel\/UC7V2KZ5sd3htJivAbA4ZG3w\"],\"description\":\"Dicodusport est l'encyclop\u00e9die de l'actualit\u00e9 sportive.\",\"email\":\"bonjour@dicodusport.fr\",\"legalName\":\"DICODUSPORT\",\"foundingDate\":\"2018-01-14\",\"vatID\":\"FR71834470973\",\"taxID\":\"83447097300043\",\"numberOfEmployees\":{\"@type\":\"QuantitativeValue\",\"minValue\":\"1\",\"maxValue\":\"10\"}},{\"@type\":\"Person\",\"@id\":\"https:\/\/dicodusport.fr\/blog\/#\/schema\/person\/416c975648aca9da8839bdfe333a21c9\",\"name\":\"Sophie Clapier\",\"image\":{\"@type\":\"ImageObject\",\"inLanguage\":\"fr-FR\",\"@id\":\"https:\/\/dicodusport.fr\/blog\/#\/schema\/person\/image\/\",\"url\":\"https:\/\/dicodusport.fr\/blog\/wp-content\/uploads\/2021\/05\/Sophie-Clapier-150x150.jpg\",\"contentUrl\":\"https:\/\/dicodusport.fr\/blog\/wp-content\/uploads\/2021\/05\/Sophie-Clapier-150x150.jpg\",\"caption\":\"Sophie Clapier\"},\"description\":\"Journaliste\/r\u00e9dactrice depuis janvier 2016 - Passionn\u00e9e de sport depuis toujours, j\u2019en ai pratiqu\u00e9 quelques-uns. Judo, football, handball ou encore tennis, je n\u2019ai jamais pu me mettre d\u2019accord sur un en particulier. Mais \u00e7a, c\u2019\u00e9tait avant de d\u00e9couvrir le basket, devenu mon sport de pr\u00e9dilection. Les actions NBA, le All-Star Week-end, la fureur des Game 7 pendant les playoffs ou mieux, lors des Finals, this is why we play. Team Spurs T.P, je m\u2019accroche encore \u00e0 Gregg Popovich (don\u2019t leave !). Team chef Curry, je souhaite qu\u2019il finisse aux Warriors (staaaay !). Non, il n\u2019y a pas qu\u2019eux, des petits nouveaux -et des petites nouvelles \u00e9videmment- arrivent chaque jour dans toutes les disciplines et cr\u00e9ent de nouveaux exploits. Alors pour les grands \u00e9v\u00e9nements et comp\u00e9titions internationales, vive les pulsations 240\/minutes et le d\u00e9fibrillateur pas loin, et allez les Bleu(e)s ! C\u2019est s\u00fbr, j\u2019aurai plus vu ma vie sur un terrain de sport, mais \u00e0 d\u00e9faut d\u2019en faire en haut niveau, je le partage avec vous.\",\"sameAs\":[\"https:\/\/www.facebook.com\/soocube\",\"https:\/\/x.com\/https:\/\/twitter.com\/soocube\",\"admin\"],\"url\":\"https:\/\/dicodusport.fr\/blog\/author\/sophie\/\"}]}<\/script>\n<!-- \/ Yoast SEO Premium plugin. -->","yoast_head_json":{"title":"IBU Junior Cup Goms : Amandine Mengin et L\u00e9o Carlier poursuivent la moisson tricolore sur le relais simple mixte","description":"IBU JUNIOR CUP 2024\/2025 - Amandine Mengin et L\u00e9o Carlier se sont impos\u00e9s sur le relais simple mixte, apportant un 3\u00e8me succ\u00e8s \u00e0 la France.","robots":{"index":"index","follow":"follow","max-snippet":"max-snippet:-1","max-image-preview":"max-image-preview:large","max-video-preview":"max-video-preview:-1"},"canonical":"https:\/\/dicodusport.fr\/blog\/ibu-junior-cup-goms-amandine-mengin-et-leo-carlier-poursuivent-la-moisson-tricolore-sur-le-relais-simple-mixte\/","og_locale":"fr_FR","og_type":"article","og_title":"IBU Junior Cup Goms : Amandine Mengin et L\u00e9o Carlier poursuivent la moisson tricolore sur le relais simple mixte","og_description":"IBU JUNIOR CUP 2024\/2025 - Amandine Mengin et L\u00e9o Carlier se sont impos\u00e9s sur le relais simple mixte, apportant un 3\u00e8me succ\u00e8s \u00e0 la France.","og_url":"https:\/\/dicodusport.fr\/blog\/ibu-junior-cup-goms-amandine-mengin-et-leo-carlier-poursuivent-la-moisson-tricolore-sur-le-relais-simple-mixte\/","og_site_name":"Dicodusport","article_publisher":"https:\/\/www.facebook.com\/dicodusport","article_author":"https:\/\/www.facebook.com\/soocube","article_published_time":"2024-12-18T13:54:36+00:00","article_modified_time":"2025-07-09T16:38:20+00:00","og_image":[{"width":1200,"height":674,"url":"https:\/\/dicodusport.fr\/blog\/wp-content\/uploads\/2024\/12\/IBU-Junior-Cup-Goms-Amandine-Mengin-et-Leo-Carlier-poursuivent-la-moisson-tricolore-sur-le-relais-simple-mixte-1.png","type":"image\/png"}],"author":"Sophie Clapier","twitter_card":"summary_large_image","twitter_title":"IBU Junior Cup Goms : Amandine Mengin et L\u00e9o Carlier poursuivent la moisson tricolore sur le relais simple mixte","twitter_creator":"@https:\/\/twitter.com\/soocube","twitter_site":"@dicodusport","schema":{"@context":"https:\/\/schema.org","@graph":[{"@type":"NewsArticle","@id":"https:\/\/dicodusport.fr\/blog\/ibu-junior-cup-goms-amandine-mengin-et-leo-carlier-poursuivent-la-moisson-tricolore-sur-le-relais-simple-mixte\/#article","isPartOf":{"@id":"https:\/\/dicodusport.fr\/blog\/ibu-junior-cup-goms-amandine-mengin-et-leo-carlier-poursuivent-la-moisson-tricolore-sur-le-relais-simple-mixte\/"},"author":{"name":"Sophie Clapier","@id":"https:\/\/dicodusport.fr\/blog\/#\/schema\/person\/416c975648aca9da8839bdfe333a21c9"},"headline":"IBU Junior Cup Goms : Amandine Mengin et L\u00e9o Carlier poursuivent la moisson tricolore sur le relais simple mixte","datePublished":"2024-12-18T13:54:36+00:00","dateModified":"2025-07-09T16:38:20+00:00","mainEntityOfPage":{"@id":"https:\/\/dicodusport.fr\/blog\/ibu-junior-cup-goms-amandine-mengin-et-leo-carlier-poursuivent-la-moisson-tricolore-sur-le-relais-simple-mixte\/"},"wordCount":463,"commentCount":0,"publisher":{"@id":"https:\/\/dicodusport.fr\/blog\/#organization"},"image":{"@id":"https:\/\/dicodusport.fr\/blog\/ibu-junior-cup-goms-amandine-mengin-et-leo-carlier-poursuivent-la-moisson-tricolore-sur-le-relais-simple-mixte\/#primaryimage"},"thumbnailUrl":"https:\/\/dicodusport.fr\/blog\/wp-content\/uploads\/2024\/12\/IBU-Junior-Cup-Goms-Amandine-Mengin-et-Leo-Carlier-poursuivent-la-moisson-tricolore-sur-le-relais-simple-mixte-1.png","keywords":["Amandine Mengin","Biathlon","br\u00e8ve","IBU Junior Cup"],"articleSection":["Biathlon"],"inLanguage":"fr-FR","potentialAction":[{"@type":"CommentAction","name":"Comment","target":["https:\/\/dicodusport.fr\/blog\/ibu-junior-cup-goms-amandine-mengin-et-leo-carlier-poursuivent-la-moisson-tricolore-sur-le-relais-simple-mixte\/#respond"]}],"copyrightYear":"2024","copyrightHolder":{"@id":"https:\/\/dicodusport.fr\/blog\/#organization"}},{"@type":"WebPage","@id":"https:\/\/dicodusport.fr\/blog\/ibu-junior-cup-goms-amandine-mengin-et-leo-carlier-poursuivent-la-moisson-tricolore-sur-le-relais-simple-mixte\/","url":"https:\/\/dicodusport.fr\/blog\/ibu-junior-cup-goms-amandine-mengin-et-leo-carlier-poursuivent-la-moisson-tricolore-sur-le-relais-simple-mixte\/","name":"IBU Junior Cup Goms : Amandine Mengin et L\u00e9o Carlier poursuivent la moisson tricolore sur le relais simple mixte","isPartOf":{"@id":"https:\/\/dicodusport.fr\/blog\/#website"},"primaryImageOfPage":{"@id":"https:\/\/dicodusport.fr\/blog\/ibu-junior-cup-goms-amandine-mengin-et-leo-carlier-poursuivent-la-moisson-tricolore-sur-le-relais-simple-mixte\/#primaryimage"},"image":{"@id":"https:\/\/dicodusport.fr\/blog\/ibu-junior-cup-goms-amandine-mengin-et-leo-carlier-poursuivent-la-moisson-tricolore-sur-le-relais-simple-mixte\/#primaryimage"},"thumbnailUrl":"https:\/\/dicodusport.fr\/blog\/wp-content\/uploads\/2024\/12\/IBU-Junior-Cup-Goms-Amandine-Mengin-et-Leo-Carlier-poursuivent-la-moisson-tricolore-sur-le-relais-simple-mixte-1.png","datePublished":"2024-12-18T13:54:36+00:00","dateModified":"2025-07-09T16:38:20+00:00","description":"IBU JUNIOR CUP 2024\/2025 - Amandine Mengin et L\u00e9o Carlier se sont impos\u00e9s sur le relais simple mixte, apportant un 3\u00e8me succ\u00e8s \u00e0 la France.","breadcrumb":{"@id":"https:\/\/dicodusport.fr\/blog\/ibu-junior-cup-goms-amandine-mengin-et-leo-carlier-poursuivent-la-moisson-tricolore-sur-le-relais-simple-mixte\/#breadcrumb"},"inLanguage":"fr-FR","potentialAction":[{"@type":"ReadAction","target":["https:\/\/dicodusport.fr\/blog\/ibu-junior-cup-goms-amandine-mengin-et-leo-carlier-poursuivent-la-moisson-tricolore-sur-le-relais-simple-mixte\/"]}]},{"@type":"ImageObject","inLanguage":"fr-FR","@id":"https:\/\/dicodusport.fr\/blog\/ibu-junior-cup-goms-amandine-mengin-et-leo-carlier-poursuivent-la-moisson-tricolore-sur-le-relais-simple-mixte\/#primaryimage","url":"https:\/\/dicodusport.fr\/blog\/wp-content\/uploads\/2024\/12\/IBU-Junior-Cup-Goms-Amandine-Mengin-et-Leo-Carlier-poursuivent-la-moisson-tricolore-sur-le-relais-simple-mixte-1.png","contentUrl":"https:\/\/dicodusport.fr\/blog\/wp-content\/uploads\/2024\/12\/IBU-Junior-Cup-Goms-Amandine-Mengin-et-Leo-Carlier-poursuivent-la-moisson-tricolore-sur-le-relais-simple-mixte-1.png","width":1200,"height":674,"caption":"IBU Junior Cup Goms Amandine Mengin et L\u00e9o Carlier poursuivent la moisson tricolore sur le relais simple mixte (1)"},{"@type":"BreadcrumbList","@id":"https:\/\/dicodusport.fr\/blog\/ibu-junior-cup-goms-amandine-mengin-et-leo-carlier-poursuivent-la-moisson-tricolore-sur-le-relais-simple-mixte\/#breadcrumb","itemListElement":[{"@type":"ListItem","position":1,"name":"Accueil","item":"https:\/\/dicodusport.fr\/blog\/"},{"@type":"ListItem","position":2,"name":"IBU Junior Cup Goms : Amandine Mengin et L\u00e9o Carlier poursuivent la moisson tricolore sur le relais simple mixte"}]},{"@type":"WebSite","@id":"https:\/\/dicodusport.fr\/blog\/#website","url":"https:\/\/dicodusport.fr\/blog\/","name":"Dicodusport","description":"L&#039;encyclop\u00e9die de l&#039;actualit\u00e9 sportive","publisher":{"@id":"https:\/\/dicodusport.fr\/blog\/#organization"},"potentialAction":[{"@type":"SearchAction","target":{"@type":"EntryPoint","urlTemplate":"https:\/\/dicodusport.fr\/blog\/?s={search_term_string}"},"query-input":{"@type":"PropertyValueSpecification","valueRequired":true,"valueName":"search_term_string"}}],"inLanguage":"fr-FR"},{"@type":"NewsMediaOrganization","@id":"https:\/\/dicodusport.fr\/blog\/#organization","name":"Dicodusport","url":"https:\/\/dicodusport.fr\/blog\/","logo":{"@type":"ImageObject","inLanguage":"fr-FR","@id":"https:\/\/dicodusport.fr\/blog\/#\/schema\/logo\/image\/","url":"https:\/\/dicodusport.fr\/blog\/wp-content\/uploads\/2020\/06\/cropped-LOGO-DICODUSPORT-2020-SANS-FOND-SANS-TEXTE.png","contentUrl":"https:\/\/dicodusport.fr\/blog\/wp-content\/uploads\/2020\/06\/cropped-LOGO-DICODUSPORT-2020-SANS-FOND-SANS-TEXTE.png","width":512,"height":512,"caption":"Dicodusport"},"image":{"@id":"https:\/\/dicodusport.fr\/blog\/#\/schema\/logo\/image\/"},"sameAs":["https:\/\/www.facebook.com\/dicodusport","https:\/\/x.com\/dicodusport","https:\/\/www.instagram.com\/dicodusport\/","https:\/\/www.youtube.com\/channel\/UC7V2KZ5sd3htJivAbA4ZG3w"],"description":"Dicodusport est l'encyclop\u00e9die de l'actualit\u00e9 sportive.","email":"bonjour@dicodusport.fr","legalName":"DICODUSPORT","foundingDate":"2018-01-14","vatID":"FR71834470973","taxID":"83447097300043","numberOfEmployees":{"@type":"QuantitativeValue","minValue":"1","maxValue":"10"}},{"@type":"Person","@id":"https:\/\/dicodusport.fr\/blog\/#\/schema\/person\/416c975648aca9da8839bdfe333a21c9","name":"Sophie Clapier","image":{"@type":"ImageObject","inLanguage":"fr-FR","@id":"https:\/\/dicodusport.fr\/blog\/#\/schema\/person\/image\/","url":"https:\/\/dicodusport.fr\/blog\/wp-content\/uploads\/2021\/05\/Sophie-Clapier-150x150.jpg","contentUrl":"https:\/\/dicodusport.fr\/blog\/wp-content\/uploads\/2021\/05\/Sophie-Clapier-150x150.jpg","caption":"Sophie Clapier"},"description":"Journaliste\/r\u00e9dactrice depuis janvier 2016 - Passionn\u00e9e de sport depuis toujours, j\u2019en ai pratiqu\u00e9 quelques-uns. Judo, football, handball ou encore tennis, je n\u2019ai jamais pu me mettre d\u2019accord sur un en particulier. Mais \u00e7a, c\u2019\u00e9tait avant de d\u00e9couvrir le basket, devenu mon sport de pr\u00e9dilection. Les actions NBA, le All-Star Week-end, la fureur des Game 7 pendant les playoffs ou mieux, lors des Finals, this is why we play. Team Spurs T.P, je m\u2019accroche encore \u00e0 Gregg Popovich (don\u2019t leave !). Team chef Curry, je souhaite qu\u2019il finisse aux Warriors (staaaay !). Non, il n\u2019y a pas qu\u2019eux, des petits nouveaux -et des petites nouvelles \u00e9videmment- arrivent chaque jour dans toutes les disciplines et cr\u00e9ent de nouveaux exploits. Alors pour les grands \u00e9v\u00e9nements et comp\u00e9titions internationales, vive les pulsations 240\/minutes et le d\u00e9fibrillateur pas loin, et allez les Bleu(e)s ! C\u2019est s\u00fbr, j\u2019aurai plus vu ma vie sur un terrain de sport, mais \u00e0 d\u00e9faut d\u2019en faire en haut niveau, je le partage avec vous.","sameAs":["https:\/\/www.facebook.com\/soocube","https:\/\/x.com\/https:\/\/twitter.com\/soocube","admin"],"url":"https:\/\/dicodusport.fr\/blog\/author\/sophie\/"}]}},"_links":{"self":[{"href":"https:\/\/dicodusport.fr\/blog\/wp-json\/wp\/v2\/posts\/540721","targetHints":{"allow":["GET"]}}],"collection":[{"href":"https:\/\/dicodusport.fr\/blog\/wp-json\/wp\/v2\/posts"}],"about":[{"href":"https:\/\/dicodusport.fr\/blog\/wp-json\/wp\/v2\/types\/post"}],"author":[{"embeddable":true,"href":"https:\/\/dicodusport.fr\/blog\/wp-json\/wp\/v2\/users\/18"}],"replies":[{"embeddable":true,"href":"https:\/\/dicodusport.fr\/blog\/wp-json\/wp\/v2\/comments?post=540721"}],"version-history":[{"count":3,"href":"https:\/\/dicodusport.fr\/blog\/wp-json\/wp\/v2\/posts\/540721\/revisions"}],"predecessor-version":[{"id":540773,"href":"https:\/\/dicodusport.fr\/blog\/wp-json\/wp\/v2\/posts\/540721\/revisions\/540773"}],"wp:featuredmedia":[{"embeddable":true,"href":"https:\/\/dicodusport.fr\/blog\/wp-json\/wp\/v2\/media\/540772"}],"wp:attachment":[{"href":"https:\/\/dicodusport.fr\/blog\/wp-json\/wp\/v2\/media?parent=540721"}],"wp:term":[{"taxonomy":"category","embeddable":true,"href":"https:\/\/dicodusport.fr\/blog\/wp-json\/wp\/v2\/categories?post=540721"},{"taxonomy":"post_tag","embeddable":true,"href":"https:\/\/dicodusport.fr\/blog\/wp-json\/wp\/v2\/tags?post=540721"}],"curies":[{"name":"wp","href":"https:\/\/api.w.org\/{rel}","templated":true}]}}