{"id":540916,"date":"2024-12-19T15:17:38","date_gmt":"2024-12-19T14:17:38","guid":{"rendered":"https:\/\/dicodusport.fr\/blog\/?p=540916&#038;preview=true&#038;preview_id=540916"},"modified":"2025-07-09T18:38:16","modified_gmt":"2025-07-09T16:38:16","slug":"ibu-cup-obertilliach-gilonne-guigonnat-et-paula-botet-grimpent-sur-le-podium-du-sprint","status":"publish","type":"post","link":"https:\/\/dicodusport.fr\/blog\/ibu-cup-obertilliach-gilonne-guigonnat-et-paula-botet-grimpent-sur-le-podium-du-sprint\/","title":{"rendered":"IBU Cup Obertilliach : Gilonne Guigonnat et Paula Botet grimpent sur le podium du sprint"},"content":{"rendered":"<h4 style=\"text-align: justify;\"><em>IBU CUP 2024\/2025 &#8211; Les Bleues poursuivent leur razzia de podium sur le circuit. Si le sprint d&rsquo;Obertilliach a souri \u00e0 l&rsquo;Italienne Ilaria Scattolo, Gilonne Guigonnat et Paula Botet ont compl\u00e9t\u00e9 le podium de l&rsquo;\u00e9preuve, ce jeudi. Collectivement, les Fran\u00e7aises ont r\u00e9alis\u00e9 un impressionnant tir group\u00e9 en trustant six des treize premi\u00e8res places !\u00a0<\/em><\/h4>\n<p style=\"text-align: justify;\">Contrainte de redescendre en<strong> IBU Cup<\/strong> apr\u00e8s avoir disput\u00e9 les deux premi\u00e8res \u00e9tapes de <a href=\"https:\/\/dicodusport.fr\/blog\/biathlon-coupe-du-monde-2024-2025-le-calendrier-complet\/\">Coupe du monde<\/a>, <a href=\"https:\/\/dicodusport.fr\/blog\/biathlon-gilonne-guigonnat-rendez-vous-pris\/\"><strong>Gilonne Guigonnat<\/strong><\/a> a fait les frais de la r\u00e9duction du quota de places attribu\u00e9 pour le restant de la saison. Mais cela ne l&rsquo;a pas emp\u00each\u00e9e de s&rsquo;illustrer sur le circuit d&rsquo;<strong>Obertilliach<\/strong>.<\/p>\n<h2 style=\"text-align: justify;\">Gilonne Guigonnat et Paula Botet passent proche de la victoire<\/h2>\n<p style=\"text-align: justify;\">Dans la lign\u00e9e du d\u00e9but de saison rayonnant de la dense \u00e9quipe align\u00e9e, la biathl\u00e8te de 26 ans a r\u00e9alis\u00e9 une course quasi parfaite sur le <strong>sprint<\/strong>, avec le dossard 12 dans le dos. Avec le troisi\u00e8me temps de ski du jour, elle avait la victoire dans les jambes, mais une balle laiss\u00e9e sur le deuxi\u00e8me pas de tir lui sera fatale. Quelques minutes plus tard, c&rsquo;est l&rsquo;Italienne <strong>Ilaria Scattolo<\/strong> qui en a profit\u00e9 en r\u00e9alisant un 10\/10, pour terminer avec seulement cinq secondes d&rsquo;avance sur la Fran\u00e7aise.<\/p>\n<p style=\"text-align: justify;\"><strong>Paula Botet<\/strong> aurait \u00e9galement pu pr\u00e9tendre \u00e0 la victoire si ses sempiternels probl\u00e8mes \u00e0 la carabine ne l&rsquo;avaient pas min\u00e9e. Malgr\u00e9 un insuffisant 8\/10, elle a pu compenser en surfant sur sa vitesse sur les skis, puisqu&rsquo;elle a \u00e9t\u00e9 la plus rapide en collant plus d&rsquo;une dizaine de secondes \u00e0 toutes ses rivales. Elle \u00e9choue ainsi \u00e0 14 secondes de Scattolo, et d\u00e9croche d\u00e9j\u00e0 son cinqui\u00e8me podium de l&rsquo;hiver avec cette 3e place, une dizaine de jours apr\u00e8s sa double bo\u00eete \u00e0 Geilo.<\/p>\n<div class=\"vlp-link-container vlp-layout-article\"><a href=\"https:\/\/dicodusport.fr\/blog\/ibu-cup-geilo-chloe-chevalier-et-paula-botet-sur-le-podium-de-la-poursuite\/\" class=\"vlp-link\" title=\"IBU Cup Geilo : Chlo\u00e9 Chevalier et Paula Botet sur le podium de la poursuite\"><\/a><div class=\"vlp-layout-zone-side\"><div class=\"vlp-block-4 vlp-link-image\"><img loading=\"lazy\" decoding=\"async\" style=\"max-width: 792px;\" width=\"792\" height=\"445\" src=\"https:\/\/dicodusport.fr\/blog\/wp-content\/uploads\/2024\/12\/IBU-Cup-Geilo-Chloe-Chevalier-et-Paula-Botet-sur-le-podium-de-la-poursuite-1.png\" class=\"attachment-800x445 size-800x445\" alt=\"IBU Cup Geilo Chlo\u00e9 Chevalier et Paula Botet sur le podium de la poursuite\" srcset=\"https:\/\/dicodusport.fr\/blog\/wp-content\/uploads\/2024\/12\/IBU-Cup-Geilo-Chloe-Chevalier-et-Paula-Botet-sur-le-podium-de-la-poursuite-1.png 1200w, https:\/\/dicodusport.fr\/blog\/wp-content\/uploads\/2024\/12\/IBU-Cup-Geilo-Chloe-Chevalier-et-Paula-Botet-sur-le-podium-de-la-poursuite-1-300x169.png 300w, https:\/\/dicodusport.fr\/blog\/wp-content\/uploads\/2024\/12\/IBU-Cup-Geilo-Chloe-Chevalier-et-Paula-Botet-sur-le-podium-de-la-poursuite-1-1024x575.png 1024w, https:\/\/dicodusport.fr\/blog\/wp-content\/uploads\/2024\/12\/IBU-Cup-Geilo-Chloe-Chevalier-et-Paula-Botet-sur-le-podium-de-la-poursuite-1-768x431.png 768w\" sizes=\"auto, (max-width: 792px) 100vw, 792px\" \/><\/div><\/div><div class=\"vlp-layout-zone-main\"><div class=\"vlp-block-0 vlp-link-title\">IBU Cup Geilo : Chlo\u00e9 Chevalier et Paula Botet sur le podium de la poursuite<\/div><div class=\"vlp-block-1 vlp-link-summary\">IBU CUP 2024\/2025 - Derri\u00e8re une Marlene Fichtner imp\u00e9riale au tir, Chlo\u00e9 Chevalier monte sur la deuxi\u00e8me marche du podium devant Paula Botet.<\/div><div class=\"vlp-block-2 vlp-link-button\">Lire l'article<\/div><div class=\"vlp-block-3 vlp-link-url\">dicodusport.fr<\/div><\/div><\/div>\n<p style=\"text-align: justify;\">En dehors de ces podiums, les quatre autres tricolores engag\u00e9es aujourd&rsquo;hui ont \u00e9t\u00e9 au rendez-vous sur les skis puisque cinq des meilleurs temps de skis sont \u00e0 mettre \u00e0 l&rsquo;actif des Bleues. Ainsi, malgr\u00e9 plusieurs fautes au tir, <strong>Camille Bened<\/strong> prend une place dans le Top 5 (5e), tandis que <strong>Chlo\u00e9 Chevalier<\/strong> (11e), <strong>Fany Bertrand<\/strong> (12e) et <strong>Voldiya Galmace Paulin<\/strong> (13e) \u00e9chouent aux portes du Top 10 ! D\u00e8s demain, les Tricolores tenteront de poursuivre dans la m\u00eame lign\u00e9e \u00e0 l&rsquo;occasion de la mass start 60.<\/p>\n","protected":false},"excerpt":{"rendered":"<p>IBU CUP 2024\/2025 &#8211; Les Bleues poursuivent leur razzia de podium sur le circuit. Si le sprint d&rsquo;Obertilliach a souri \u00e0 l&rsquo;Italienne Ilaria Scattolo, Gilonne Guigonnat et Paula Botet ont compl\u00e9t\u00e9 le podium de l&rsquo;\u00e9preuve, ce jeudi. Collectivement, les Fran\u00e7aises ont r\u00e9alis\u00e9 un impressionnant tir group\u00e9 en trustant six des treize premi\u00e8res places !\u00a0<\/p>\n","protected":false},"author":55,"featured_media":540989,"comment_status":"open","ping_status":"closed","sticky":false,"template":"","format":"standard","meta":{"_acf_changed":false,"_daextam_enable_autolinks":"1","footnotes":""},"categories":[2426],"tags":[2427,16878,30009,2696,15103,20988],"class_list":["post-540916","post","type-post","status-publish","format-standard","has-post-thumbnail","hentry","category-biathlon","tag-biathlon","tag-breve","tag-gilonne-guigonnat","tag-ibu-cup","tag-ibu-cup-obertilliach","tag-paula-botet"],"acf":[],"yoast_head":"<!-- This site is optimized with the Yoast SEO Premium plugin v26.7 (Yoast SEO v26.7) - https:\/\/yoast.com\/wordpress\/plugins\/seo\/ -->\n<title>IBU Cup Obertilliach : Gilonne Guigonnat et Paula Botet grimpent sur le podium du sprint<\/title>\n<meta name=\"description\" content=\"IBU CUP 2024\/2025 - Gilonne Guigonnat (2e) et Paula Botet (3e) se sont hiss\u00e9es sur le podium du sprint d&#039;Obertilliach.\" \/>\n<meta name=\"robots\" content=\"index, follow, max-snippet:-1, max-image-preview:large, max-video-preview:-1\" \/>\n<link rel=\"canonical\" href=\"https:\/\/dicodusport.fr\/blog\/ibu-cup-obertilliach-gilonne-guigonnat-et-paula-botet-grimpent-sur-le-podium-du-sprint\/\" \/>\n<meta property=\"og:locale\" content=\"fr_FR\" \/>\n<meta property=\"og:type\" content=\"article\" \/>\n<meta property=\"og:title\" content=\"IBU Cup Obertilliach : Gilonne Guigonnat et Paula Botet grimpent sur le podium du sprint\" \/>\n<meta property=\"og:description\" content=\"IBU CUP 2024\/2025 - Gilonne Guigonnat (2e) et Paula Botet (3e) se sont hiss\u00e9es sur le podium du sprint d&#039;Obertilliach.\" \/>\n<meta property=\"og:url\" content=\"https:\/\/dicodusport.fr\/blog\/ibu-cup-obertilliach-gilonne-guigonnat-et-paula-botet-grimpent-sur-le-podium-du-sprint\/\" \/>\n<meta property=\"og:site_name\" content=\"Dicodusport\" \/>\n<meta property=\"article:publisher\" content=\"https:\/\/www.facebook.com\/dicodusport\" \/>\n<meta property=\"article:published_time\" content=\"2024-12-19T14:17:38+00:00\" \/>\n<meta property=\"article:modified_time\" content=\"2025-07-09T16:38:16+00:00\" \/>\n<meta property=\"og:image\" content=\"https:\/\/dicodusport.fr\/blog\/wp-content\/uploads\/2024\/12\/IBU-Cup-Obertilliach-Gilonne-Guigonnat-et-Paula-Botet-grimpent-sur-le-podium-du-sprint.png\" \/>\n\t<meta property=\"og:image:width\" content=\"1200\" \/>\n\t<meta property=\"og:image:height\" content=\"674\" \/>\n\t<meta property=\"og:image:type\" content=\"image\/png\" \/>\n<meta name=\"author\" content=\"Maxime Cazenave\" \/>\n<meta name=\"twitter:card\" content=\"summary_large_image\" \/>\n<meta name=\"twitter:title\" content=\"IBU Cup Obertilliach : Gilonne Guigonnat et Paula Botet grimpent sur le podium du sprint\" \/>\n<meta name=\"twitter:creator\" content=\"@https:\/\/twitter.com\/Maxime_Caze\" \/>\n<meta name=\"twitter:site\" content=\"@dicodusport\" \/>\n<script type=\"application\/ld+json\" class=\"yoast-schema-graph\">{\"@context\":\"https:\/\/schema.org\",\"@graph\":[{\"@type\":\"NewsArticle\",\"@id\":\"https:\/\/dicodusport.fr\/blog\/ibu-cup-obertilliach-gilonne-guigonnat-et-paula-botet-grimpent-sur-le-podium-du-sprint\/#article\",\"isPartOf\":{\"@id\":\"https:\/\/dicodusport.fr\/blog\/ibu-cup-obertilliach-gilonne-guigonnat-et-paula-botet-grimpent-sur-le-podium-du-sprint\/\"},\"author\":{\"name\":\"Maxime Cazenave\",\"@id\":\"https:\/\/dicodusport.fr\/blog\/#\/schema\/person\/37def232098a7a5cbab3974a3690abb0\"},\"headline\":\"IBU Cup Obertilliach : Gilonne Guigonnat et Paula Botet grimpent sur le podium du sprint\",\"datePublished\":\"2024-12-19T14:17:38+00:00\",\"dateModified\":\"2025-07-09T16:38:16+00:00\",\"mainEntityOfPage\":{\"@id\":\"https:\/\/dicodusport.fr\/blog\/ibu-cup-obertilliach-gilonne-guigonnat-et-paula-botet-grimpent-sur-le-podium-du-sprint\/\"},\"wordCount\":496,\"commentCount\":0,\"publisher\":{\"@id\":\"https:\/\/dicodusport.fr\/blog\/#organization\"},\"image\":{\"@id\":\"https:\/\/dicodusport.fr\/blog\/ibu-cup-obertilliach-gilonne-guigonnat-et-paula-botet-grimpent-sur-le-podium-du-sprint\/#primaryimage\"},\"thumbnailUrl\":\"https:\/\/dicodusport.fr\/blog\/wp-content\/uploads\/2024\/12\/IBU-Cup-Obertilliach-Gilonne-Guigonnat-et-Paula-Botet-grimpent-sur-le-podium-du-sprint.png\",\"keywords\":[\"Biathlon\",\"br\u00e8ve\",\"Gilonne Guigonnat\",\"IBU Cup\",\"IBU Cup Obertilliach\",\"Paula Botet\"],\"articleSection\":[\"Biathlon\"],\"inLanguage\":\"fr-FR\",\"potentialAction\":[{\"@type\":\"CommentAction\",\"name\":\"Comment\",\"target\":[\"https:\/\/dicodusport.fr\/blog\/ibu-cup-obertilliach-gilonne-guigonnat-et-paula-botet-grimpent-sur-le-podium-du-sprint\/#respond\"]}],\"copyrightYear\":\"2024\",\"copyrightHolder\":{\"@id\":\"https:\/\/dicodusport.fr\/blog\/#organization\"}},{\"@type\":\"WebPage\",\"@id\":\"https:\/\/dicodusport.fr\/blog\/ibu-cup-obertilliach-gilonne-guigonnat-et-paula-botet-grimpent-sur-le-podium-du-sprint\/\",\"url\":\"https:\/\/dicodusport.fr\/blog\/ibu-cup-obertilliach-gilonne-guigonnat-et-paula-botet-grimpent-sur-le-podium-du-sprint\/\",\"name\":\"IBU Cup Obertilliach : Gilonne Guigonnat et Paula Botet grimpent sur le podium du sprint\",\"isPartOf\":{\"@id\":\"https:\/\/dicodusport.fr\/blog\/#website\"},\"primaryImageOfPage\":{\"@id\":\"https:\/\/dicodusport.fr\/blog\/ibu-cup-obertilliach-gilonne-guigonnat-et-paula-botet-grimpent-sur-le-podium-du-sprint\/#primaryimage\"},\"image\":{\"@id\":\"https:\/\/dicodusport.fr\/blog\/ibu-cup-obertilliach-gilonne-guigonnat-et-paula-botet-grimpent-sur-le-podium-du-sprint\/#primaryimage\"},\"thumbnailUrl\":\"https:\/\/dicodusport.fr\/blog\/wp-content\/uploads\/2024\/12\/IBU-Cup-Obertilliach-Gilonne-Guigonnat-et-Paula-Botet-grimpent-sur-le-podium-du-sprint.png\",\"datePublished\":\"2024-12-19T14:17:38+00:00\",\"dateModified\":\"2025-07-09T16:38:16+00:00\",\"description\":\"IBU CUP 2024\/2025 - Gilonne Guigonnat (2e) et Paula Botet (3e) se sont hiss\u00e9es sur le podium du sprint d'Obertilliach.\",\"breadcrumb\":{\"@id\":\"https:\/\/dicodusport.fr\/blog\/ibu-cup-obertilliach-gilonne-guigonnat-et-paula-botet-grimpent-sur-le-podium-du-sprint\/#breadcrumb\"},\"inLanguage\":\"fr-FR\",\"potentialAction\":[{\"@type\":\"ReadAction\",\"target\":[\"https:\/\/dicodusport.fr\/blog\/ibu-cup-obertilliach-gilonne-guigonnat-et-paula-botet-grimpent-sur-le-podium-du-sprint\/\"]}]},{\"@type\":\"ImageObject\",\"inLanguage\":\"fr-FR\",\"@id\":\"https:\/\/dicodusport.fr\/blog\/ibu-cup-obertilliach-gilonne-guigonnat-et-paula-botet-grimpent-sur-le-podium-du-sprint\/#primaryimage\",\"url\":\"https:\/\/dicodusport.fr\/blog\/wp-content\/uploads\/2024\/12\/IBU-Cup-Obertilliach-Gilonne-Guigonnat-et-Paula-Botet-grimpent-sur-le-podium-du-sprint.png\",\"contentUrl\":\"https:\/\/dicodusport.fr\/blog\/wp-content\/uploads\/2024\/12\/IBU-Cup-Obertilliach-Gilonne-Guigonnat-et-Paula-Botet-grimpent-sur-le-podium-du-sprint.png\",\"width\":1200,\"height\":674,\"caption\":\"IBU Cup Obertilliach Gilonne Guigonnat et Paula Botet grimpent sur le podium du sprint\"},{\"@type\":\"BreadcrumbList\",\"@id\":\"https:\/\/dicodusport.fr\/blog\/ibu-cup-obertilliach-gilonne-guigonnat-et-paula-botet-grimpent-sur-le-podium-du-sprint\/#breadcrumb\",\"itemListElement\":[{\"@type\":\"ListItem\",\"position\":1,\"name\":\"Accueil\",\"item\":\"https:\/\/dicodusport.fr\/blog\/\"},{\"@type\":\"ListItem\",\"position\":2,\"name\":\"IBU Cup Obertilliach : Gilonne Guigonnat et Paula Botet grimpent sur le podium du sprint\"}]},{\"@type\":\"WebSite\",\"@id\":\"https:\/\/dicodusport.fr\/blog\/#website\",\"url\":\"https:\/\/dicodusport.fr\/blog\/\",\"name\":\"Dicodusport\",\"description\":\"L&#039;encyclop\u00e9die de l&#039;actualit\u00e9 sportive\",\"publisher\":{\"@id\":\"https:\/\/dicodusport.fr\/blog\/#organization\"},\"potentialAction\":[{\"@type\":\"SearchAction\",\"target\":{\"@type\":\"EntryPoint\",\"urlTemplate\":\"https:\/\/dicodusport.fr\/blog\/?s={search_term_string}\"},\"query-input\":{\"@type\":\"PropertyValueSpecification\",\"valueRequired\":true,\"valueName\":\"search_term_string\"}}],\"inLanguage\":\"fr-FR\"},{\"@type\":\"NewsMediaOrganization\",\"@id\":\"https:\/\/dicodusport.fr\/blog\/#organization\",\"name\":\"Dicodusport\",\"url\":\"https:\/\/dicodusport.fr\/blog\/\",\"logo\":{\"@type\":\"ImageObject\",\"inLanguage\":\"fr-FR\",\"@id\":\"https:\/\/dicodusport.fr\/blog\/#\/schema\/logo\/image\/\",\"url\":\"https:\/\/dicodusport.fr\/blog\/wp-content\/uploads\/2020\/06\/cropped-LOGO-DICODUSPORT-2020-SANS-FOND-SANS-TEXTE.png\",\"contentUrl\":\"https:\/\/dicodusport.fr\/blog\/wp-content\/uploads\/2020\/06\/cropped-LOGO-DICODUSPORT-2020-SANS-FOND-SANS-TEXTE.png\",\"width\":512,\"height\":512,\"caption\":\"Dicodusport\"},\"image\":{\"@id\":\"https:\/\/dicodusport.fr\/blog\/#\/schema\/logo\/image\/\"},\"sameAs\":[\"https:\/\/www.facebook.com\/dicodusport\",\"https:\/\/x.com\/dicodusport\",\"https:\/\/www.instagram.com\/dicodusport\/\",\"https:\/\/www.youtube.com\/channel\/UC7V2KZ5sd3htJivAbA4ZG3w\"],\"description\":\"Dicodusport est l'encyclop\u00e9die de l'actualit\u00e9 sportive.\",\"email\":\"bonjour@dicodusport.fr\",\"legalName\":\"DICODUSPORT\",\"foundingDate\":\"2018-01-14\",\"vatID\":\"FR71834470973\",\"taxID\":\"83447097300043\",\"numberOfEmployees\":{\"@type\":\"QuantitativeValue\",\"minValue\":\"1\",\"maxValue\":\"10\"}},{\"@type\":\"Person\",\"@id\":\"https:\/\/dicodusport.fr\/blog\/#\/schema\/person\/37def232098a7a5cbab3974a3690abb0\",\"name\":\"Maxime Cazenave\",\"image\":{\"@type\":\"ImageObject\",\"inLanguage\":\"fr-FR\",\"@id\":\"https:\/\/dicodusport.fr\/blog\/#\/schema\/person\/image\/\",\"url\":\"https:\/\/dicodusport.fr\/blog\/wp-content\/uploads\/2021\/05\/Maxime-Cazenave-150x150.jpg\",\"contentUrl\":\"https:\/\/dicodusport.fr\/blog\/wp-content\/uploads\/2021\/05\/Maxime-Cazenave-150x150.jpg\",\"caption\":\"Maxime Cazenave\"},\"description\":\"Journaliste\/R\u00e9dacteur depuis 2012 - Berc\u00e9 par l\u2019amour des Girondins de Bordeaux, les \u00e9checs de Christophe Moreau sur le Tour de France sous l'\u00e8re Lance Armstrong et le fade-away l\u00e9tal de Dirk Nowitzki, ma passion d\u00e9vorante pour le sport a toujours \u00e9t\u00e9 un pan incontournable de ma vie. Transmettre ma passion \u00e0 l\u2019\u00e9crit a \u00e9t\u00e9 une transition naturelle. Suiveur assidu de basket et de hockey sur glace, je garde toujours un peu de place pour suivre le cyclisme, le football et le maximum de performances fran\u00e7aises.\",\"sameAs\":[\"https:\/\/x.com\/https:\/\/twitter.com\/Maxime_Caze\"],\"url\":\"https:\/\/dicodusport.fr\/blog\/author\/maximec\/\"}]}<\/script>\n<!-- \/ Yoast SEO Premium plugin. -->","yoast_head_json":{"title":"IBU Cup Obertilliach : Gilonne Guigonnat et Paula Botet grimpent sur le podium du sprint","description":"IBU CUP 2024\/2025 - Gilonne Guigonnat (2e) et Paula Botet (3e) se sont hiss\u00e9es sur le podium du sprint d'Obertilliach.","robots":{"index":"index","follow":"follow","max-snippet":"max-snippet:-1","max-image-preview":"max-image-preview:large","max-video-preview":"max-video-preview:-1"},"canonical":"https:\/\/dicodusport.fr\/blog\/ibu-cup-obertilliach-gilonne-guigonnat-et-paula-botet-grimpent-sur-le-podium-du-sprint\/","og_locale":"fr_FR","og_type":"article","og_title":"IBU Cup Obertilliach : Gilonne Guigonnat et Paula Botet grimpent sur le podium du sprint","og_description":"IBU CUP 2024\/2025 - Gilonne Guigonnat (2e) et Paula Botet (3e) se sont hiss\u00e9es sur le podium du sprint d'Obertilliach.","og_url":"https:\/\/dicodusport.fr\/blog\/ibu-cup-obertilliach-gilonne-guigonnat-et-paula-botet-grimpent-sur-le-podium-du-sprint\/","og_site_name":"Dicodusport","article_publisher":"https:\/\/www.facebook.com\/dicodusport","article_published_time":"2024-12-19T14:17:38+00:00","article_modified_time":"2025-07-09T16:38:16+00:00","og_image":[{"width":1200,"height":674,"url":"https:\/\/dicodusport.fr\/blog\/wp-content\/uploads\/2024\/12\/IBU-Cup-Obertilliach-Gilonne-Guigonnat-et-Paula-Botet-grimpent-sur-le-podium-du-sprint.png","type":"image\/png"}],"author":"Maxime Cazenave","twitter_card":"summary_large_image","twitter_title":"IBU Cup Obertilliach : Gilonne Guigonnat et Paula Botet grimpent sur le podium du sprint","twitter_creator":"@https:\/\/twitter.com\/Maxime_Caze","twitter_site":"@dicodusport","schema":{"@context":"https:\/\/schema.org","@graph":[{"@type":"NewsArticle","@id":"https:\/\/dicodusport.fr\/blog\/ibu-cup-obertilliach-gilonne-guigonnat-et-paula-botet-grimpent-sur-le-podium-du-sprint\/#article","isPartOf":{"@id":"https:\/\/dicodusport.fr\/blog\/ibu-cup-obertilliach-gilonne-guigonnat-et-paula-botet-grimpent-sur-le-podium-du-sprint\/"},"author":{"name":"Maxime Cazenave","@id":"https:\/\/dicodusport.fr\/blog\/#\/schema\/person\/37def232098a7a5cbab3974a3690abb0"},"headline":"IBU Cup Obertilliach : Gilonne Guigonnat et Paula Botet grimpent sur le podium du sprint","datePublished":"2024-12-19T14:17:38+00:00","dateModified":"2025-07-09T16:38:16+00:00","mainEntityOfPage":{"@id":"https:\/\/dicodusport.fr\/blog\/ibu-cup-obertilliach-gilonne-guigonnat-et-paula-botet-grimpent-sur-le-podium-du-sprint\/"},"wordCount":496,"commentCount":0,"publisher":{"@id":"https:\/\/dicodusport.fr\/blog\/#organization"},"image":{"@id":"https:\/\/dicodusport.fr\/blog\/ibu-cup-obertilliach-gilonne-guigonnat-et-paula-botet-grimpent-sur-le-podium-du-sprint\/#primaryimage"},"thumbnailUrl":"https:\/\/dicodusport.fr\/blog\/wp-content\/uploads\/2024\/12\/IBU-Cup-Obertilliach-Gilonne-Guigonnat-et-Paula-Botet-grimpent-sur-le-podium-du-sprint.png","keywords":["Biathlon","br\u00e8ve","Gilonne Guigonnat","IBU Cup","IBU Cup Obertilliach","Paula Botet"],"articleSection":["Biathlon"],"inLanguage":"fr-FR","potentialAction":[{"@type":"CommentAction","name":"Comment","target":["https:\/\/dicodusport.fr\/blog\/ibu-cup-obertilliach-gilonne-guigonnat-et-paula-botet-grimpent-sur-le-podium-du-sprint\/#respond"]}],"copyrightYear":"2024","copyrightHolder":{"@id":"https:\/\/dicodusport.fr\/blog\/#organization"}},{"@type":"WebPage","@id":"https:\/\/dicodusport.fr\/blog\/ibu-cup-obertilliach-gilonne-guigonnat-et-paula-botet-grimpent-sur-le-podium-du-sprint\/","url":"https:\/\/dicodusport.fr\/blog\/ibu-cup-obertilliach-gilonne-guigonnat-et-paula-botet-grimpent-sur-le-podium-du-sprint\/","name":"IBU Cup Obertilliach : Gilonne Guigonnat et Paula Botet grimpent sur le podium du sprint","isPartOf":{"@id":"https:\/\/dicodusport.fr\/blog\/#website"},"primaryImageOfPage":{"@id":"https:\/\/dicodusport.fr\/blog\/ibu-cup-obertilliach-gilonne-guigonnat-et-paula-botet-grimpent-sur-le-podium-du-sprint\/#primaryimage"},"image":{"@id":"https:\/\/dicodusport.fr\/blog\/ibu-cup-obertilliach-gilonne-guigonnat-et-paula-botet-grimpent-sur-le-podium-du-sprint\/#primaryimage"},"thumbnailUrl":"https:\/\/dicodusport.fr\/blog\/wp-content\/uploads\/2024\/12\/IBU-Cup-Obertilliach-Gilonne-Guigonnat-et-Paula-Botet-grimpent-sur-le-podium-du-sprint.png","datePublished":"2024-12-19T14:17:38+00:00","dateModified":"2025-07-09T16:38:16+00:00","description":"IBU CUP 2024\/2025 - Gilonne Guigonnat (2e) et Paula Botet (3e) se sont hiss\u00e9es sur le podium du sprint d'Obertilliach.","breadcrumb":{"@id":"https:\/\/dicodusport.fr\/blog\/ibu-cup-obertilliach-gilonne-guigonnat-et-paula-botet-grimpent-sur-le-podium-du-sprint\/#breadcrumb"},"inLanguage":"fr-FR","potentialAction":[{"@type":"ReadAction","target":["https:\/\/dicodusport.fr\/blog\/ibu-cup-obertilliach-gilonne-guigonnat-et-paula-botet-grimpent-sur-le-podium-du-sprint\/"]}]},{"@type":"ImageObject","inLanguage":"fr-FR","@id":"https:\/\/dicodusport.fr\/blog\/ibu-cup-obertilliach-gilonne-guigonnat-et-paula-botet-grimpent-sur-le-podium-du-sprint\/#primaryimage","url":"https:\/\/dicodusport.fr\/blog\/wp-content\/uploads\/2024\/12\/IBU-Cup-Obertilliach-Gilonne-Guigonnat-et-Paula-Botet-grimpent-sur-le-podium-du-sprint.png","contentUrl":"https:\/\/dicodusport.fr\/blog\/wp-content\/uploads\/2024\/12\/IBU-Cup-Obertilliach-Gilonne-Guigonnat-et-Paula-Botet-grimpent-sur-le-podium-du-sprint.png","width":1200,"height":674,"caption":"IBU Cup Obertilliach Gilonne Guigonnat et Paula Botet grimpent sur le podium du sprint"},{"@type":"BreadcrumbList","@id":"https:\/\/dicodusport.fr\/blog\/ibu-cup-obertilliach-gilonne-guigonnat-et-paula-botet-grimpent-sur-le-podium-du-sprint\/#breadcrumb","itemListElement":[{"@type":"ListItem","position":1,"name":"Accueil","item":"https:\/\/dicodusport.fr\/blog\/"},{"@type":"ListItem","position":2,"name":"IBU Cup Obertilliach : Gilonne Guigonnat et Paula Botet grimpent sur le podium du sprint"}]},{"@type":"WebSite","@id":"https:\/\/dicodusport.fr\/blog\/#website","url":"https:\/\/dicodusport.fr\/blog\/","name":"Dicodusport","description":"L&#039;encyclop\u00e9die de l&#039;actualit\u00e9 sportive","publisher":{"@id":"https:\/\/dicodusport.fr\/blog\/#organization"},"potentialAction":[{"@type":"SearchAction","target":{"@type":"EntryPoint","urlTemplate":"https:\/\/dicodusport.fr\/blog\/?s={search_term_string}"},"query-input":{"@type":"PropertyValueSpecification","valueRequired":true,"valueName":"search_term_string"}}],"inLanguage":"fr-FR"},{"@type":"NewsMediaOrganization","@id":"https:\/\/dicodusport.fr\/blog\/#organization","name":"Dicodusport","url":"https:\/\/dicodusport.fr\/blog\/","logo":{"@type":"ImageObject","inLanguage":"fr-FR","@id":"https:\/\/dicodusport.fr\/blog\/#\/schema\/logo\/image\/","url":"https:\/\/dicodusport.fr\/blog\/wp-content\/uploads\/2020\/06\/cropped-LOGO-DICODUSPORT-2020-SANS-FOND-SANS-TEXTE.png","contentUrl":"https:\/\/dicodusport.fr\/blog\/wp-content\/uploads\/2020\/06\/cropped-LOGO-DICODUSPORT-2020-SANS-FOND-SANS-TEXTE.png","width":512,"height":512,"caption":"Dicodusport"},"image":{"@id":"https:\/\/dicodusport.fr\/blog\/#\/schema\/logo\/image\/"},"sameAs":["https:\/\/www.facebook.com\/dicodusport","https:\/\/x.com\/dicodusport","https:\/\/www.instagram.com\/dicodusport\/","https:\/\/www.youtube.com\/channel\/UC7V2KZ5sd3htJivAbA4ZG3w"],"description":"Dicodusport est l'encyclop\u00e9die de l'actualit\u00e9 sportive.","email":"bonjour@dicodusport.fr","legalName":"DICODUSPORT","foundingDate":"2018-01-14","vatID":"FR71834470973","taxID":"83447097300043","numberOfEmployees":{"@type":"QuantitativeValue","minValue":"1","maxValue":"10"}},{"@type":"Person","@id":"https:\/\/dicodusport.fr\/blog\/#\/schema\/person\/37def232098a7a5cbab3974a3690abb0","name":"Maxime Cazenave","image":{"@type":"ImageObject","inLanguage":"fr-FR","@id":"https:\/\/dicodusport.fr\/blog\/#\/schema\/person\/image\/","url":"https:\/\/dicodusport.fr\/blog\/wp-content\/uploads\/2021\/05\/Maxime-Cazenave-150x150.jpg","contentUrl":"https:\/\/dicodusport.fr\/blog\/wp-content\/uploads\/2021\/05\/Maxime-Cazenave-150x150.jpg","caption":"Maxime Cazenave"},"description":"Journaliste\/R\u00e9dacteur depuis 2012 - Berc\u00e9 par l\u2019amour des Girondins de Bordeaux, les \u00e9checs de Christophe Moreau sur le Tour de France sous l'\u00e8re Lance Armstrong et le fade-away l\u00e9tal de Dirk Nowitzki, ma passion d\u00e9vorante pour le sport a toujours \u00e9t\u00e9 un pan incontournable de ma vie. Transmettre ma passion \u00e0 l\u2019\u00e9crit a \u00e9t\u00e9 une transition naturelle. Suiveur assidu de basket et de hockey sur glace, je garde toujours un peu de place pour suivre le cyclisme, le football et le maximum de performances fran\u00e7aises.","sameAs":["https:\/\/x.com\/https:\/\/twitter.com\/Maxime_Caze"],"url":"https:\/\/dicodusport.fr\/blog\/author\/maximec\/"}]}},"_links":{"self":[{"href":"https:\/\/dicodusport.fr\/blog\/wp-json\/wp\/v2\/posts\/540916","targetHints":{"allow":["GET"]}}],"collection":[{"href":"https:\/\/dicodusport.fr\/blog\/wp-json\/wp\/v2\/posts"}],"about":[{"href":"https:\/\/dicodusport.fr\/blog\/wp-json\/wp\/v2\/types\/post"}],"author":[{"embeddable":true,"href":"https:\/\/dicodusport.fr\/blog\/wp-json\/wp\/v2\/users\/55"}],"replies":[{"embeddable":true,"href":"https:\/\/dicodusport.fr\/blog\/wp-json\/wp\/v2\/comments?post=540916"}],"version-history":[{"count":5,"href":"https:\/\/dicodusport.fr\/blog\/wp-json\/wp\/v2\/posts\/540916\/revisions"}],"predecessor-version":[{"id":540958,"href":"https:\/\/dicodusport.fr\/blog\/wp-json\/wp\/v2\/posts\/540916\/revisions\/540958"}],"wp:featuredmedia":[{"embeddable":true,"href":"https:\/\/dicodusport.fr\/blog\/wp-json\/wp\/v2\/media\/540989"}],"wp:attachment":[{"href":"https:\/\/dicodusport.fr\/blog\/wp-json\/wp\/v2\/media?parent=540916"}],"wp:term":[{"taxonomy":"category","embeddable":true,"href":"https:\/\/dicodusport.fr\/blog\/wp-json\/wp\/v2\/categories?post=540916"},{"taxonomy":"post_tag","embeddable":true,"href":"https:\/\/dicodusport.fr\/blog\/wp-json\/wp\/v2\/tags?post=540916"}],"curies":[{"name":"wp","href":"https:\/\/api.w.org\/{rel}","templated":true}]}}