{"id":541123,"date":"2024-12-20T12:30:45","date_gmt":"2024-12-20T11:30:45","guid":{"rendered":"https:\/\/dicodusport.fr\/blog\/?p=541123&#038;preview=true&#038;preview_id=541123"},"modified":"2024-12-20T13:28:04","modified_gmt":"2024-12-20T12:28:04","slug":"para-ski-de-fond-vuokatti-anthony-chalencon-deuxieme-de-la-mass-start","status":"publish","type":"post","link":"https:\/\/dicodusport.fr\/blog\/para-ski-de-fond-vuokatti-anthony-chalencon-deuxieme-de-la-mass-start\/","title":{"rendered":"Para ski de fond Vuokatti : Anthony Chalen\u00e7on deuxi\u00e8me de la mass start"},"content":{"rendered":"<h4 style=\"text-align: justify;\"><em>COUPE DU MONDE DE PARA SKI DE FOND 2024\/2025 &#8211; \u00c0 l&rsquo;occasion de la mass start en Finlande, Anthony Chalen\u00e7on a pris la deuxi\u00e8me place de sa cat\u00e9gorie.<\/em><\/h4>\n<p style=\"text-align: justify;\">Deuxi\u00e8me podium de la saison pour <strong>Anthony Chalen\u00e7on<\/strong>. Hier, le champion paralympique 2018 et vice-champion paralympique \u00e0 P\u00e9kin avait pris une belle 5\u00e8me place lors de l&rsquo;individuel, une semaine apr\u00e8s avoir pris la troisi\u00e8me sur le sprint d&rsquo;ouverture. En ce vendredi, le Fran\u00e7ais a coll\u00e9 au train <strong>Zebastian Modin<\/strong> lors du premier tour avant de se faire peu \u00e0 peu distancer par le Su\u00e9dois qui s&rsquo;imposera en solitaire.<\/p>\n<p style=\"text-align: justify;\">Conservant un long moment une bonne minute d&rsquo;avance sur ses plus proches poursuivant, la fin de course a \u00e9t\u00e9 plus compliqu\u00e9e pour Anthony Chalen\u00e7on (guid\u00e9 par <strong>Florent Michelon<\/strong>). Ce dernier est n\u00e9anmoins parvenu \u00e0 contenir les retours de <strong>Inkki Inola<\/strong> (31:53.2) et <strong>Yu Shuang<\/strong> (31:54.4), pour conserver la deuxi\u00e8me position dans la cat\u00e9gorie des d\u00e9ficients visuels (31:51.3). Le Finlandais a de son c\u00f4t\u00e9 pris la troisi\u00e8me place devant le Chinois.<\/p>\n<p>Dans la cat\u00e9gorie debout, apr\u00e8s <a href=\"https:\/\/dicodusport.fr\/blog\/para-ski-de-fond-vuokatti-benjamin-daviet-soffre-son-premier-podium-de-la-saison\/\">une deuxi\u00e8me place sur le sprint classqique<\/a>, <strong>Benjamin Daviet<\/strong> a quant \u00e0 lui termin\u00e9 en 15\u00e8me position d&rsquo;une course gagn\u00e9e par <strong>Chenyang Wang<\/strong> devant son compatriote <strong>Xiaobin Liu<\/strong>.<\/p>\n","protected":false},"excerpt":{"rendered":"<p>COUPE DU MONDE DE PARA SKI DE FOND 2024\/2025 &#8211; \u00c0 l&rsquo;occasion de la mass start en Finlande, Anthony Chalen\u00e7on a pris la deuxi\u00e8me place.<\/p>\n","protected":false},"author":18,"featured_media":541130,"comment_status":"open","ping_status":"closed","sticky":false,"template":"","format":"standard","meta":{"_acf_changed":false,"_daextam_enable_autolinks":"1","footnotes":""},"categories":[5753,9217],"tags":[4187,16878,2945,22161],"class_list":["post-541123","post","type-post","status-publish","format-standard","has-post-thumbnail","hentry","category-handisport","category-ski","tag-anthony-chalencon","tag-breve","tag-mass-start","tag-para-ski-de-fond"],"acf":[],"yoast_head":"<!-- This site is optimized with the Yoast SEO Premium plugin v26.7 (Yoast SEO v26.7) - https:\/\/yoast.com\/wordpress\/plugins\/seo\/ -->\n<title>Para ski de fond Vuokatti : Anthony Chalen\u00e7on deuxi\u00e8me de la mass start<\/title>\n<meta name=\"description\" content=\"COUPE DU MONDE DE PARA SKI DE FOND 2024\/2025 - \u00c0 l&#039;occasion de la mass start en Finlande, Anthony Chalen\u00e7on a pris la deuxi\u00e8me place.\" \/>\n<meta name=\"robots\" content=\"index, follow, max-snippet:-1, max-image-preview:large, max-video-preview:-1\" \/>\n<link rel=\"canonical\" href=\"https:\/\/dicodusport.fr\/blog\/para-ski-de-fond-vuokatti-anthony-chalencon-deuxieme-de-la-mass-start\/\" \/>\n<meta property=\"og:locale\" content=\"fr_FR\" \/>\n<meta property=\"og:type\" content=\"article\" \/>\n<meta property=\"og:title\" content=\"Para ski de fond Vuokatti : Anthony Chalen\u00e7on deuxi\u00e8me de la mass start\" \/>\n<meta property=\"og:description\" content=\"COUPE DU MONDE DE PARA SKI DE FOND 2024\/2025 - \u00c0 l&#039;occasion de la mass start en Finlande, Anthony Chalen\u00e7on a pris la deuxi\u00e8me place.\" \/>\n<meta property=\"og:url\" content=\"https:\/\/dicodusport.fr\/blog\/para-ski-de-fond-vuokatti-anthony-chalencon-deuxieme-de-la-mass-start\/\" \/>\n<meta property=\"og:site_name\" content=\"Dicodusport\" \/>\n<meta property=\"article:publisher\" content=\"https:\/\/www.facebook.com\/dicodusport\" \/>\n<meta property=\"article:author\" content=\"https:\/\/www.facebook.com\/soocube\" \/>\n<meta property=\"article:published_time\" content=\"2024-12-20T11:30:45+00:00\" \/>\n<meta property=\"article:modified_time\" content=\"2024-12-20T12:28:04+00:00\" \/>\n<meta property=\"og:image\" content=\"https:\/\/dicodusport.fr\/blog\/wp-content\/uploads\/2024\/12\/Para-ski-de-fond-Vuokatti-Anthony-Chalencon-deuxieme-de-la-mass-start.png\" \/>\n\t<meta property=\"og:image:width\" content=\"1200\" \/>\n\t<meta property=\"og:image:height\" content=\"674\" \/>\n\t<meta property=\"og:image:type\" content=\"image\/png\" \/>\n<meta name=\"author\" content=\"Sophie Clapier\" \/>\n<meta name=\"twitter:card\" content=\"summary_large_image\" \/>\n<meta name=\"twitter:title\" content=\"Para ski de fond Vuokatti : Anthony Chalen\u00e7on deuxi\u00e8me de la mass start\" \/>\n<meta name=\"twitter:creator\" content=\"@https:\/\/twitter.com\/soocube\" \/>\n<meta name=\"twitter:site\" content=\"@dicodusport\" \/>\n<script type=\"application\/ld+json\" class=\"yoast-schema-graph\">{\"@context\":\"https:\/\/schema.org\",\"@graph\":[{\"@type\":\"NewsArticle\",\"@id\":\"https:\/\/dicodusport.fr\/blog\/para-ski-de-fond-vuokatti-anthony-chalencon-deuxieme-de-la-mass-start\/#article\",\"isPartOf\":{\"@id\":\"https:\/\/dicodusport.fr\/blog\/para-ski-de-fond-vuokatti-anthony-chalencon-deuxieme-de-la-mass-start\/\"},\"author\":{\"name\":\"Sophie Clapier\",\"@id\":\"https:\/\/dicodusport.fr\/blog\/#\/schema\/person\/416c975648aca9da8839bdfe333a21c9\"},\"headline\":\"Para ski de fond Vuokatti : Anthony Chalen\u00e7on deuxi\u00e8me de la mass start\",\"datePublished\":\"2024-12-20T11:30:45+00:00\",\"dateModified\":\"2024-12-20T12:28:04+00:00\",\"mainEntityOfPage\":{\"@id\":\"https:\/\/dicodusport.fr\/blog\/para-ski-de-fond-vuokatti-anthony-chalencon-deuxieme-de-la-mass-start\/\"},\"wordCount\":231,\"commentCount\":0,\"publisher\":{\"@id\":\"https:\/\/dicodusport.fr\/blog\/#organization\"},\"image\":{\"@id\":\"https:\/\/dicodusport.fr\/blog\/para-ski-de-fond-vuokatti-anthony-chalencon-deuxieme-de-la-mass-start\/#primaryimage\"},\"thumbnailUrl\":\"https:\/\/dicodusport.fr\/blog\/wp-content\/uploads\/2024\/12\/Para-ski-de-fond-Vuokatti-Anthony-Chalencon-deuxieme-de-la-mass-start.png\",\"keywords\":[\"Anthony Chalen\u00e7on\",\"br\u00e8ve\",\"Mass start\",\"Para ski de fond\"],\"articleSection\":[\"Handisport\",\"Ski\"],\"inLanguage\":\"fr-FR\",\"potentialAction\":[{\"@type\":\"CommentAction\",\"name\":\"Comment\",\"target\":[\"https:\/\/dicodusport.fr\/blog\/para-ski-de-fond-vuokatti-anthony-chalencon-deuxieme-de-la-mass-start\/#respond\"]}],\"copyrightYear\":\"2024\",\"copyrightHolder\":{\"@id\":\"https:\/\/dicodusport.fr\/blog\/#organization\"}},{\"@type\":\"WebPage\",\"@id\":\"https:\/\/dicodusport.fr\/blog\/para-ski-de-fond-vuokatti-anthony-chalencon-deuxieme-de-la-mass-start\/\",\"url\":\"https:\/\/dicodusport.fr\/blog\/para-ski-de-fond-vuokatti-anthony-chalencon-deuxieme-de-la-mass-start\/\",\"name\":\"Para ski de fond Vuokatti : Anthony Chalen\u00e7on deuxi\u00e8me de la mass start\",\"isPartOf\":{\"@id\":\"https:\/\/dicodusport.fr\/blog\/#website\"},\"primaryImageOfPage\":{\"@id\":\"https:\/\/dicodusport.fr\/blog\/para-ski-de-fond-vuokatti-anthony-chalencon-deuxieme-de-la-mass-start\/#primaryimage\"},\"image\":{\"@id\":\"https:\/\/dicodusport.fr\/blog\/para-ski-de-fond-vuokatti-anthony-chalencon-deuxieme-de-la-mass-start\/#primaryimage\"},\"thumbnailUrl\":\"https:\/\/dicodusport.fr\/blog\/wp-content\/uploads\/2024\/12\/Para-ski-de-fond-Vuokatti-Anthony-Chalencon-deuxieme-de-la-mass-start.png\",\"datePublished\":\"2024-12-20T11:30:45+00:00\",\"dateModified\":\"2024-12-20T12:28:04+00:00\",\"description\":\"COUPE DU MONDE DE PARA SKI DE FOND 2024\/2025 - \u00c0 l'occasion de la mass start en Finlande, Anthony Chalen\u00e7on a pris la deuxi\u00e8me place.\",\"breadcrumb\":{\"@id\":\"https:\/\/dicodusport.fr\/blog\/para-ski-de-fond-vuokatti-anthony-chalencon-deuxieme-de-la-mass-start\/#breadcrumb\"},\"inLanguage\":\"fr-FR\",\"potentialAction\":[{\"@type\":\"ReadAction\",\"target\":[\"https:\/\/dicodusport.fr\/blog\/para-ski-de-fond-vuokatti-anthony-chalencon-deuxieme-de-la-mass-start\/\"]}]},{\"@type\":\"ImageObject\",\"inLanguage\":\"fr-FR\",\"@id\":\"https:\/\/dicodusport.fr\/blog\/para-ski-de-fond-vuokatti-anthony-chalencon-deuxieme-de-la-mass-start\/#primaryimage\",\"url\":\"https:\/\/dicodusport.fr\/blog\/wp-content\/uploads\/2024\/12\/Para-ski-de-fond-Vuokatti-Anthony-Chalencon-deuxieme-de-la-mass-start.png\",\"contentUrl\":\"https:\/\/dicodusport.fr\/blog\/wp-content\/uploads\/2024\/12\/Para-ski-de-fond-Vuokatti-Anthony-Chalencon-deuxieme-de-la-mass-start.png\",\"width\":1200,\"height\":674,\"caption\":\"Para ski de fond Vuokatti Anthony Chalen\u00e7on deuxi\u00e8me de la mass start\"},{\"@type\":\"BreadcrumbList\",\"@id\":\"https:\/\/dicodusport.fr\/blog\/para-ski-de-fond-vuokatti-anthony-chalencon-deuxieme-de-la-mass-start\/#breadcrumb\",\"itemListElement\":[{\"@type\":\"ListItem\",\"position\":1,\"name\":\"Accueil\",\"item\":\"https:\/\/dicodusport.fr\/blog\/\"},{\"@type\":\"ListItem\",\"position\":2,\"name\":\"Para ski de fond Vuokatti : Anthony Chalen\u00e7on deuxi\u00e8me de la mass start\"}]},{\"@type\":\"WebSite\",\"@id\":\"https:\/\/dicodusport.fr\/blog\/#website\",\"url\":\"https:\/\/dicodusport.fr\/blog\/\",\"name\":\"Dicodusport\",\"description\":\"L&#039;encyclop\u00e9die de l&#039;actualit\u00e9 sportive\",\"publisher\":{\"@id\":\"https:\/\/dicodusport.fr\/blog\/#organization\"},\"potentialAction\":[{\"@type\":\"SearchAction\",\"target\":{\"@type\":\"EntryPoint\",\"urlTemplate\":\"https:\/\/dicodusport.fr\/blog\/?s={search_term_string}\"},\"query-input\":{\"@type\":\"PropertyValueSpecification\",\"valueRequired\":true,\"valueName\":\"search_term_string\"}}],\"inLanguage\":\"fr-FR\"},{\"@type\":\"NewsMediaOrganization\",\"@id\":\"https:\/\/dicodusport.fr\/blog\/#organization\",\"name\":\"Dicodusport\",\"url\":\"https:\/\/dicodusport.fr\/blog\/\",\"logo\":{\"@type\":\"ImageObject\",\"inLanguage\":\"fr-FR\",\"@id\":\"https:\/\/dicodusport.fr\/blog\/#\/schema\/logo\/image\/\",\"url\":\"https:\/\/dicodusport.fr\/blog\/wp-content\/uploads\/2020\/06\/cropped-LOGO-DICODUSPORT-2020-SANS-FOND-SANS-TEXTE.png\",\"contentUrl\":\"https:\/\/dicodusport.fr\/blog\/wp-content\/uploads\/2020\/06\/cropped-LOGO-DICODUSPORT-2020-SANS-FOND-SANS-TEXTE.png\",\"width\":512,\"height\":512,\"caption\":\"Dicodusport\"},\"image\":{\"@id\":\"https:\/\/dicodusport.fr\/blog\/#\/schema\/logo\/image\/\"},\"sameAs\":[\"https:\/\/www.facebook.com\/dicodusport\",\"https:\/\/x.com\/dicodusport\",\"https:\/\/www.instagram.com\/dicodusport\/\",\"https:\/\/www.youtube.com\/channel\/UC7V2KZ5sd3htJivAbA4ZG3w\"],\"description\":\"Dicodusport est l'encyclop\u00e9die de l'actualit\u00e9 sportive.\",\"email\":\"bonjour@dicodusport.fr\",\"legalName\":\"DICODUSPORT\",\"foundingDate\":\"2018-01-14\",\"vatID\":\"FR71834470973\",\"taxID\":\"83447097300043\",\"numberOfEmployees\":{\"@type\":\"QuantitativeValue\",\"minValue\":\"1\",\"maxValue\":\"10\"}},{\"@type\":\"Person\",\"@id\":\"https:\/\/dicodusport.fr\/blog\/#\/schema\/person\/416c975648aca9da8839bdfe333a21c9\",\"name\":\"Sophie Clapier\",\"image\":{\"@type\":\"ImageObject\",\"inLanguage\":\"fr-FR\",\"@id\":\"https:\/\/dicodusport.fr\/blog\/#\/schema\/person\/image\/\",\"url\":\"https:\/\/dicodusport.fr\/blog\/wp-content\/uploads\/2021\/05\/Sophie-Clapier-150x150.jpg\",\"contentUrl\":\"https:\/\/dicodusport.fr\/blog\/wp-content\/uploads\/2021\/05\/Sophie-Clapier-150x150.jpg\",\"caption\":\"Sophie Clapier\"},\"description\":\"Journaliste\/r\u00e9dactrice depuis janvier 2016 - Passionn\u00e9e de sport depuis toujours, j\u2019en ai pratiqu\u00e9 quelques-uns. Judo, football, handball ou encore tennis, je n\u2019ai jamais pu me mettre d\u2019accord sur un en particulier. Mais \u00e7a, c\u2019\u00e9tait avant de d\u00e9couvrir le basket, devenu mon sport de pr\u00e9dilection. Les actions NBA, le All-Star Week-end, la fureur des Game 7 pendant les playoffs ou mieux, lors des Finals, this is why we play. Team Spurs T.P, je m\u2019accroche encore \u00e0 Gregg Popovich (don\u2019t leave !). Team chef Curry, je souhaite qu\u2019il finisse aux Warriors (staaaay !). Non, il n\u2019y a pas qu\u2019eux, des petits nouveaux -et des petites nouvelles \u00e9videmment- arrivent chaque jour dans toutes les disciplines et cr\u00e9ent de nouveaux exploits. Alors pour les grands \u00e9v\u00e9nements et comp\u00e9titions internationales, vive les pulsations 240\/minutes et le d\u00e9fibrillateur pas loin, et allez les Bleu(e)s ! C\u2019est s\u00fbr, j\u2019aurai plus vu ma vie sur un terrain de sport, mais \u00e0 d\u00e9faut d\u2019en faire en haut niveau, je le partage avec vous.\",\"sameAs\":[\"https:\/\/www.facebook.com\/soocube\",\"https:\/\/x.com\/https:\/\/twitter.com\/soocube\",\"admin\"],\"url\":\"https:\/\/dicodusport.fr\/blog\/author\/sophie\/\"}]}<\/script>\n<!-- \/ Yoast SEO Premium plugin. -->","yoast_head_json":{"title":"Para ski de fond Vuokatti : Anthony Chalen\u00e7on deuxi\u00e8me de la mass start","description":"COUPE DU MONDE DE PARA SKI DE FOND 2024\/2025 - \u00c0 l'occasion de la mass start en Finlande, Anthony Chalen\u00e7on a pris la deuxi\u00e8me place.","robots":{"index":"index","follow":"follow","max-snippet":"max-snippet:-1","max-image-preview":"max-image-preview:large","max-video-preview":"max-video-preview:-1"},"canonical":"https:\/\/dicodusport.fr\/blog\/para-ski-de-fond-vuokatti-anthony-chalencon-deuxieme-de-la-mass-start\/","og_locale":"fr_FR","og_type":"article","og_title":"Para ski de fond Vuokatti : Anthony Chalen\u00e7on deuxi\u00e8me de la mass start","og_description":"COUPE DU MONDE DE PARA SKI DE FOND 2024\/2025 - \u00c0 l'occasion de la mass start en Finlande, Anthony Chalen\u00e7on a pris la deuxi\u00e8me place.","og_url":"https:\/\/dicodusport.fr\/blog\/para-ski-de-fond-vuokatti-anthony-chalencon-deuxieme-de-la-mass-start\/","og_site_name":"Dicodusport","article_publisher":"https:\/\/www.facebook.com\/dicodusport","article_author":"https:\/\/www.facebook.com\/soocube","article_published_time":"2024-12-20T11:30:45+00:00","article_modified_time":"2024-12-20T12:28:04+00:00","og_image":[{"width":1200,"height":674,"url":"https:\/\/dicodusport.fr\/blog\/wp-content\/uploads\/2024\/12\/Para-ski-de-fond-Vuokatti-Anthony-Chalencon-deuxieme-de-la-mass-start.png","type":"image\/png"}],"author":"Sophie Clapier","twitter_card":"summary_large_image","twitter_title":"Para ski de fond Vuokatti : Anthony Chalen\u00e7on deuxi\u00e8me de la mass start","twitter_creator":"@https:\/\/twitter.com\/soocube","twitter_site":"@dicodusport","schema":{"@context":"https:\/\/schema.org","@graph":[{"@type":"NewsArticle","@id":"https:\/\/dicodusport.fr\/blog\/para-ski-de-fond-vuokatti-anthony-chalencon-deuxieme-de-la-mass-start\/#article","isPartOf":{"@id":"https:\/\/dicodusport.fr\/blog\/para-ski-de-fond-vuokatti-anthony-chalencon-deuxieme-de-la-mass-start\/"},"author":{"name":"Sophie Clapier","@id":"https:\/\/dicodusport.fr\/blog\/#\/schema\/person\/416c975648aca9da8839bdfe333a21c9"},"headline":"Para ski de fond Vuokatti : Anthony Chalen\u00e7on deuxi\u00e8me de la mass start","datePublished":"2024-12-20T11:30:45+00:00","dateModified":"2024-12-20T12:28:04+00:00","mainEntityOfPage":{"@id":"https:\/\/dicodusport.fr\/blog\/para-ski-de-fond-vuokatti-anthony-chalencon-deuxieme-de-la-mass-start\/"},"wordCount":231,"commentCount":0,"publisher":{"@id":"https:\/\/dicodusport.fr\/blog\/#organization"},"image":{"@id":"https:\/\/dicodusport.fr\/blog\/para-ski-de-fond-vuokatti-anthony-chalencon-deuxieme-de-la-mass-start\/#primaryimage"},"thumbnailUrl":"https:\/\/dicodusport.fr\/blog\/wp-content\/uploads\/2024\/12\/Para-ski-de-fond-Vuokatti-Anthony-Chalencon-deuxieme-de-la-mass-start.png","keywords":["Anthony Chalen\u00e7on","br\u00e8ve","Mass start","Para ski de fond"],"articleSection":["Handisport","Ski"],"inLanguage":"fr-FR","potentialAction":[{"@type":"CommentAction","name":"Comment","target":["https:\/\/dicodusport.fr\/blog\/para-ski-de-fond-vuokatti-anthony-chalencon-deuxieme-de-la-mass-start\/#respond"]}],"copyrightYear":"2024","copyrightHolder":{"@id":"https:\/\/dicodusport.fr\/blog\/#organization"}},{"@type":"WebPage","@id":"https:\/\/dicodusport.fr\/blog\/para-ski-de-fond-vuokatti-anthony-chalencon-deuxieme-de-la-mass-start\/","url":"https:\/\/dicodusport.fr\/blog\/para-ski-de-fond-vuokatti-anthony-chalencon-deuxieme-de-la-mass-start\/","name":"Para ski de fond Vuokatti : Anthony Chalen\u00e7on deuxi\u00e8me de la mass start","isPartOf":{"@id":"https:\/\/dicodusport.fr\/blog\/#website"},"primaryImageOfPage":{"@id":"https:\/\/dicodusport.fr\/blog\/para-ski-de-fond-vuokatti-anthony-chalencon-deuxieme-de-la-mass-start\/#primaryimage"},"image":{"@id":"https:\/\/dicodusport.fr\/blog\/para-ski-de-fond-vuokatti-anthony-chalencon-deuxieme-de-la-mass-start\/#primaryimage"},"thumbnailUrl":"https:\/\/dicodusport.fr\/blog\/wp-content\/uploads\/2024\/12\/Para-ski-de-fond-Vuokatti-Anthony-Chalencon-deuxieme-de-la-mass-start.png","datePublished":"2024-12-20T11:30:45+00:00","dateModified":"2024-12-20T12:28:04+00:00","description":"COUPE DU MONDE DE PARA SKI DE FOND 2024\/2025 - \u00c0 l'occasion de la mass start en Finlande, Anthony Chalen\u00e7on a pris la deuxi\u00e8me place.","breadcrumb":{"@id":"https:\/\/dicodusport.fr\/blog\/para-ski-de-fond-vuokatti-anthony-chalencon-deuxieme-de-la-mass-start\/#breadcrumb"},"inLanguage":"fr-FR","potentialAction":[{"@type":"ReadAction","target":["https:\/\/dicodusport.fr\/blog\/para-ski-de-fond-vuokatti-anthony-chalencon-deuxieme-de-la-mass-start\/"]}]},{"@type":"ImageObject","inLanguage":"fr-FR","@id":"https:\/\/dicodusport.fr\/blog\/para-ski-de-fond-vuokatti-anthony-chalencon-deuxieme-de-la-mass-start\/#primaryimage","url":"https:\/\/dicodusport.fr\/blog\/wp-content\/uploads\/2024\/12\/Para-ski-de-fond-Vuokatti-Anthony-Chalencon-deuxieme-de-la-mass-start.png","contentUrl":"https:\/\/dicodusport.fr\/blog\/wp-content\/uploads\/2024\/12\/Para-ski-de-fond-Vuokatti-Anthony-Chalencon-deuxieme-de-la-mass-start.png","width":1200,"height":674,"caption":"Para ski de fond Vuokatti Anthony Chalen\u00e7on deuxi\u00e8me de la mass start"},{"@type":"BreadcrumbList","@id":"https:\/\/dicodusport.fr\/blog\/para-ski-de-fond-vuokatti-anthony-chalencon-deuxieme-de-la-mass-start\/#breadcrumb","itemListElement":[{"@type":"ListItem","position":1,"name":"Accueil","item":"https:\/\/dicodusport.fr\/blog\/"},{"@type":"ListItem","position":2,"name":"Para ski de fond Vuokatti : Anthony Chalen\u00e7on deuxi\u00e8me de la mass start"}]},{"@type":"WebSite","@id":"https:\/\/dicodusport.fr\/blog\/#website","url":"https:\/\/dicodusport.fr\/blog\/","name":"Dicodusport","description":"L&#039;encyclop\u00e9die de l&#039;actualit\u00e9 sportive","publisher":{"@id":"https:\/\/dicodusport.fr\/blog\/#organization"},"potentialAction":[{"@type":"SearchAction","target":{"@type":"EntryPoint","urlTemplate":"https:\/\/dicodusport.fr\/blog\/?s={search_term_string}"},"query-input":{"@type":"PropertyValueSpecification","valueRequired":true,"valueName":"search_term_string"}}],"inLanguage":"fr-FR"},{"@type":"NewsMediaOrganization","@id":"https:\/\/dicodusport.fr\/blog\/#organization","name":"Dicodusport","url":"https:\/\/dicodusport.fr\/blog\/","logo":{"@type":"ImageObject","inLanguage":"fr-FR","@id":"https:\/\/dicodusport.fr\/blog\/#\/schema\/logo\/image\/","url":"https:\/\/dicodusport.fr\/blog\/wp-content\/uploads\/2020\/06\/cropped-LOGO-DICODUSPORT-2020-SANS-FOND-SANS-TEXTE.png","contentUrl":"https:\/\/dicodusport.fr\/blog\/wp-content\/uploads\/2020\/06\/cropped-LOGO-DICODUSPORT-2020-SANS-FOND-SANS-TEXTE.png","width":512,"height":512,"caption":"Dicodusport"},"image":{"@id":"https:\/\/dicodusport.fr\/blog\/#\/schema\/logo\/image\/"},"sameAs":["https:\/\/www.facebook.com\/dicodusport","https:\/\/x.com\/dicodusport","https:\/\/www.instagram.com\/dicodusport\/","https:\/\/www.youtube.com\/channel\/UC7V2KZ5sd3htJivAbA4ZG3w"],"description":"Dicodusport est l'encyclop\u00e9die de l'actualit\u00e9 sportive.","email":"bonjour@dicodusport.fr","legalName":"DICODUSPORT","foundingDate":"2018-01-14","vatID":"FR71834470973","taxID":"83447097300043","numberOfEmployees":{"@type":"QuantitativeValue","minValue":"1","maxValue":"10"}},{"@type":"Person","@id":"https:\/\/dicodusport.fr\/blog\/#\/schema\/person\/416c975648aca9da8839bdfe333a21c9","name":"Sophie Clapier","image":{"@type":"ImageObject","inLanguage":"fr-FR","@id":"https:\/\/dicodusport.fr\/blog\/#\/schema\/person\/image\/","url":"https:\/\/dicodusport.fr\/blog\/wp-content\/uploads\/2021\/05\/Sophie-Clapier-150x150.jpg","contentUrl":"https:\/\/dicodusport.fr\/blog\/wp-content\/uploads\/2021\/05\/Sophie-Clapier-150x150.jpg","caption":"Sophie Clapier"},"description":"Journaliste\/r\u00e9dactrice depuis janvier 2016 - Passionn\u00e9e de sport depuis toujours, j\u2019en ai pratiqu\u00e9 quelques-uns. Judo, football, handball ou encore tennis, je n\u2019ai jamais pu me mettre d\u2019accord sur un en particulier. Mais \u00e7a, c\u2019\u00e9tait avant de d\u00e9couvrir le basket, devenu mon sport de pr\u00e9dilection. Les actions NBA, le All-Star Week-end, la fureur des Game 7 pendant les playoffs ou mieux, lors des Finals, this is why we play. Team Spurs T.P, je m\u2019accroche encore \u00e0 Gregg Popovich (don\u2019t leave !). Team chef Curry, je souhaite qu\u2019il finisse aux Warriors (staaaay !). Non, il n\u2019y a pas qu\u2019eux, des petits nouveaux -et des petites nouvelles \u00e9videmment- arrivent chaque jour dans toutes les disciplines et cr\u00e9ent de nouveaux exploits. Alors pour les grands \u00e9v\u00e9nements et comp\u00e9titions internationales, vive les pulsations 240\/minutes et le d\u00e9fibrillateur pas loin, et allez les Bleu(e)s ! C\u2019est s\u00fbr, j\u2019aurai plus vu ma vie sur un terrain de sport, mais \u00e0 d\u00e9faut d\u2019en faire en haut niveau, je le partage avec vous.","sameAs":["https:\/\/www.facebook.com\/soocube","https:\/\/x.com\/https:\/\/twitter.com\/soocube","admin"],"url":"https:\/\/dicodusport.fr\/blog\/author\/sophie\/"}]}},"_links":{"self":[{"href":"https:\/\/dicodusport.fr\/blog\/wp-json\/wp\/v2\/posts\/541123","targetHints":{"allow":["GET"]}}],"collection":[{"href":"https:\/\/dicodusport.fr\/blog\/wp-json\/wp\/v2\/posts"}],"about":[{"href":"https:\/\/dicodusport.fr\/blog\/wp-json\/wp\/v2\/types\/post"}],"author":[{"embeddable":true,"href":"https:\/\/dicodusport.fr\/blog\/wp-json\/wp\/v2\/users\/18"}],"replies":[{"embeddable":true,"href":"https:\/\/dicodusport.fr\/blog\/wp-json\/wp\/v2\/comments?post=541123"}],"version-history":[{"count":4,"href":"https:\/\/dicodusport.fr\/blog\/wp-json\/wp\/v2\/posts\/541123\/revisions"}],"predecessor-version":[{"id":541135,"href":"https:\/\/dicodusport.fr\/blog\/wp-json\/wp\/v2\/posts\/541123\/revisions\/541135"}],"wp:featuredmedia":[{"embeddable":true,"href":"https:\/\/dicodusport.fr\/blog\/wp-json\/wp\/v2\/media\/541130"}],"wp:attachment":[{"href":"https:\/\/dicodusport.fr\/blog\/wp-json\/wp\/v2\/media?parent=541123"}],"wp:term":[{"taxonomy":"category","embeddable":true,"href":"https:\/\/dicodusport.fr\/blog\/wp-json\/wp\/v2\/categories?post=541123"},{"taxonomy":"post_tag","embeddable":true,"href":"https:\/\/dicodusport.fr\/blog\/wp-json\/wp\/v2\/tags?post=541123"}],"curies":[{"name":"wp","href":"https:\/\/api.w.org\/{rel}","templated":true}]}}