{"id":541152,"date":"2024-12-20T13:53:52","date_gmt":"2024-12-20T12:53:52","guid":{"rendered":"https:\/\/dicodusport.fr\/blog\/?p=541152&#038;preview=true&#038;preview_id=541152"},"modified":"2024-12-20T14:14:20","modified_gmt":"2024-12-20T13:14:20","slug":"skicross-innichen-youri-duplessis-kergomard-deuxieme-marielle-berger-sabbatel-troisieme","status":"publish","type":"post","link":"https:\/\/dicodusport.fr\/blog\/skicross-innichen-youri-duplessis-kergomard-deuxieme-marielle-berger-sabbatel-troisieme\/","title":{"rendered":"Skicross Innichen : Youri Duplessis Kergomard deuxi\u00e8me, Marielle Berger Sabbatel troisi\u00e8me"},"content":{"rendered":"<h4 style=\"text-align: justify;\"><em>COUPE DE MONDE DE SKICROSS 2024\/2025 &#8211; Les Fran\u00e7ais ont brill\u00e9 \u00e0 Innichen lors de la quatri\u00e8me manche de la Coupe du monde. Youri Duplessis Kergomard, second, et Marielle Berger Sabbatel, troisi\u00e8me, lancent leur saison.<\/em><\/h4>\n<p style=\"text-align: justify;\">Belle performance globale des Tricolores aujourd&rsquo;hui sur la piste italienne d&rsquo;Innichen. Nos Bleus ont sembl\u00e9 retrouver quelques couleurs apr\u00e8s un d\u00e9but de saison compliqu\u00e9 aussi bien chez les Hommes que chez les Femmes.<\/p>\n<h2 style=\"text-align: justify;\">Le retour de Marielle Berger Sabbatel<\/h2>\n<p style=\"text-align: justify;\">D&rsquo;abord, dans le tableau f\u00e9minin, <a href=\"https:\/\/dicodusport.fr\/blog\/skicross-arosa-marielle-berger-sabbatel-au-pied-du-podium-marielle-thompson-confirme\/\"><strong>Marielle Berger Sabbatel<\/strong><\/a> a renou\u00e9 avec les joies du podium en prenant la troisi\u00e8me place en finale derri\u00e8re l&rsquo;intouchable Allemande <strong>Daniela Maier<\/strong>, qui signe ici sa deuxi\u00e8me victoire en Coupe du monde apr\u00e8s Val Thorens en 2023 et la Suissesse <strong>Talina Gantebein<\/strong>. La Canadienne <strong>India Sherret<\/strong> a rapidement \u00e9t\u00e9 mis hors-jeu \u00e0 cause d&rsquo;une erreur technique sur le haut du parcours. La Savoyarde, auteure de 15 podiums en 16 manches la saison derni\u00e8re, a \u00e9galement profit\u00e9 des absences en finale de grands noms, telles que <strong>Sandra\u00a0Naeslund<\/strong> et <strong>Marielle Thompson<\/strong>, qui reste n\u00e9anmoins leader au Classement G\u00e9n\u00e9ral. \u00c0 noter la huiti\u00e8me place de la jeune <strong>Myl\u00e8ne Ballet Baz<\/strong> qui a enchain\u00e9 une seconde demi-finale de suite.<\/p>\n<blockquote class=\"twitter-tweet\">\n<p dir=\"ltr\" lang=\"fr\">Marielle Berger Sabbatel d\u00e9croche la troisi\u00e8me place de la finale en Coupe du monde de skicross \u00e0 Innichen ! <a href=\"https:\/\/twitter.com\/hashtag\/lequipeSKI?src=hash&amp;ref_src=twsrc%5Etfw\">#lequipeSKI<\/a> <a href=\"https:\/\/t.co\/TnkbPrddjs\">pic.twitter.com\/TnkbPrddjs<\/a><\/p>\n<p>\u2014 la chaine L&rsquo;\u00c9quipe (@lachainelequipe) <a href=\"https:\/\/twitter.com\/lachainelequipe\/status\/1870088522658422981?ref_src=twsrc%5Etfw\">December 20, 2024<\/a><\/p><\/blockquote>\n<p><script async src=\"https:\/\/platform.twitter.com\/widgets.js\" charset=\"utf-8\"><\/script><\/p>\n<h2 style=\"text-align: justify;\">Duplessis Kergomard prend rendez-vous<\/h2>\n<p style=\"text-align: justify;\">Toujours explosif dans sa fa\u00e7on de skier, <strong>Youri Duplessis Kergomard<\/strong> a comme \u00e0 son habitude jouer des coudes pour se hisser en finale, notamment en quarts de finale de mani\u00e8re explosive. Mais cela a bien voulu sourire au Tricolore aujourd&rsquo;hui puisqu&rsquo;il s&#8217;empare d&rsquo;une belle deuxi\u00e8me place en finale, seulement battu par l&rsquo;imbattable Allemand <strong>Florian Wilmsmann<\/strong>. L&rsquo;Autrichien <strong>Johannes Aujesky<\/strong> compl\u00e8te le podium du jour. Le Suisse <strong>Alex Fiva<\/strong> s&rsquo;est quant \u00e0 lui rat\u00e9, la faute \u00e0 une mauvaise trajectoire. <strong>Wilmsmann<\/strong> prend la t\u00eate du classement g\u00e9n\u00e9ral de la Coupe du Monde, <strong>Simone Deromedis<\/strong> se contentant de la neuvi\u00e8me place.<\/p>\n<blockquote class=\"twitter-tweet\">\n<p dir=\"ltr\" lang=\"fr\">La deuxi\u00e8me place pour Youri Duplessis Kergomard \u00e0 Innichen en Coupe du monde de skicross ! <a href=\"https:\/\/twitter.com\/hashtag\/lequipeSKI?src=hash&amp;ref_src=twsrc%5Etfw\">#lequipeSKI<\/a> <a href=\"https:\/\/t.co\/g6Agc0crvg\">pic.twitter.com\/g6Agc0crvg<\/a><\/p>\n<p>\u2014 la chaine L&rsquo;\u00c9quipe (@lachainelequipe) <a href=\"https:\/\/twitter.com\/lachainelequipe\/status\/1870088962682864014?ref_src=twsrc%5Etfw\">December 20, 2024<\/a><\/p><\/blockquote>\n<p><script async src=\"https:\/\/platform.twitter.com\/widgets.js\" charset=\"utf-8\"><\/script><\/p>\n<p>&nbsp;<\/p>\n","protected":false},"excerpt":{"rendered":"<p>COUPE DE MONDE DE SKICROSS 2024\/2025 &#8211; Les Fran\u00e7ais ont brill\u00e9 \u00e0 Innichen lors de la quatri\u00e8me manche de la Coupe du monde.<\/p>\n","protected":false},"author":92,"featured_media":541174,"comment_status":"open","ping_status":"closed","sticky":false,"template":"","format":"standard","meta":{"_acf_changed":false,"_daextam_enable_autolinks":"1","footnotes":""},"categories":[9217],"tags":[32415,16878,13800,2947,28420],"class_list":["post-541152","post","type-post","status-publish","format-standard","has-post-thumbnail","hentry","category-ski","tag-actu","tag-breve","tag-marielle-berger-sabbatel","tag-skicross","tag-youri-duplessis-kergomard"],"acf":[],"yoast_head":"<!-- This site is optimized with the Yoast SEO Premium plugin v26.7 (Yoast SEO v26.7) - https:\/\/yoast.com\/wordpress\/plugins\/seo\/ -->\n<title>Skicross Innichen : Youri Duplessis Kergomard deuxi\u00e8me, Marielle Berger Sabbatel troisi\u00e8me<\/title>\n<meta name=\"description\" content=\"COUPE DE MONDE DE SKICROSS 2024\/2025 - Les Fran\u00e7ais ont brill\u00e9 \u00e0 Innichen lors de la quatri\u00e8me manche de la Coupe du monde.\" \/>\n<meta name=\"robots\" content=\"index, follow, max-snippet:-1, max-image-preview:large, max-video-preview:-1\" \/>\n<link rel=\"canonical\" href=\"https:\/\/dicodusport.fr\/blog\/skicross-innichen-youri-duplessis-kergomard-deuxieme-marielle-berger-sabbatel-troisieme\/\" \/>\n<meta property=\"og:locale\" content=\"fr_FR\" \/>\n<meta property=\"og:type\" content=\"article\" \/>\n<meta property=\"og:title\" content=\"Skicross Innichen : Youri Duplessis Kergomard deuxi\u00e8me, Marielle Berger Sabbatel troisi\u00e8me\" \/>\n<meta property=\"og:description\" content=\"COUPE DE MONDE DE SKICROSS 2024\/2025 - Les Fran\u00e7ais ont brill\u00e9 \u00e0 Innichen lors de la quatri\u00e8me manche de la Coupe du monde.\" \/>\n<meta property=\"og:url\" content=\"https:\/\/dicodusport.fr\/blog\/skicross-innichen-youri-duplessis-kergomard-deuxieme-marielle-berger-sabbatel-troisieme\/\" \/>\n<meta property=\"og:site_name\" content=\"Dicodusport\" \/>\n<meta property=\"article:publisher\" content=\"https:\/\/www.facebook.com\/dicodusport\" \/>\n<meta property=\"article:published_time\" content=\"2024-12-20T12:53:52+00:00\" \/>\n<meta property=\"article:modified_time\" content=\"2024-12-20T13:14:20+00:00\" \/>\n<meta property=\"og:image\" content=\"https:\/\/dicodusport.fr\/blog\/wp-content\/uploads\/2024\/12\/Skicross-Innichen-Youri-Duplessis-Kergomard-deuxieme-Marielle-Berger-Sabbatel-troisieme.png\" \/>\n\t<meta property=\"og:image:width\" content=\"1200\" \/>\n\t<meta property=\"og:image:height\" content=\"674\" \/>\n\t<meta property=\"og:image:type\" content=\"image\/png\" \/>\n<meta name=\"author\" content=\"Olivier Dobiezynski\" \/>\n<meta name=\"twitter:card\" content=\"summary_large_image\" \/>\n<meta name=\"twitter:title\" content=\"Skicross Innichen : Youri Duplessis Kergomard deuxi\u00e8me, Marielle Berger Sabbatel troisi\u00e8me\" \/>\n<meta name=\"twitter:creator\" content=\"@https:\/\/x.com\/Olivier_Matros\" \/>\n<meta name=\"twitter:site\" content=\"@dicodusport\" \/>\n<script type=\"application\/ld+json\" class=\"yoast-schema-graph\">{\"@context\":\"https:\/\/schema.org\",\"@graph\":[{\"@type\":\"NewsArticle\",\"@id\":\"https:\/\/dicodusport.fr\/blog\/skicross-innichen-youri-duplessis-kergomard-deuxieme-marielle-berger-sabbatel-troisieme\/#article\",\"isPartOf\":{\"@id\":\"https:\/\/dicodusport.fr\/blog\/skicross-innichen-youri-duplessis-kergomard-deuxieme-marielle-berger-sabbatel-troisieme\/\"},\"author\":{\"name\":\"Olivier Dobiezynski\",\"@id\":\"https:\/\/dicodusport.fr\/blog\/#\/schema\/person\/fe500246414ca17ddf0c0312d7a792cc\"},\"headline\":\"Skicross Innichen : Youri Duplessis Kergomard deuxi\u00e8me, Marielle Berger Sabbatel troisi\u00e8me\",\"datePublished\":\"2024-12-20T12:53:52+00:00\",\"dateModified\":\"2024-12-20T13:14:20+00:00\",\"mainEntityOfPage\":{\"@id\":\"https:\/\/dicodusport.fr\/blog\/skicross-innichen-youri-duplessis-kergomard-deuxieme-marielle-berger-sabbatel-troisieme\/\"},\"wordCount\":394,\"commentCount\":0,\"publisher\":{\"@id\":\"https:\/\/dicodusport.fr\/blog\/#organization\"},\"image\":{\"@id\":\"https:\/\/dicodusport.fr\/blog\/skicross-innichen-youri-duplessis-kergomard-deuxieme-marielle-berger-sabbatel-troisieme\/#primaryimage\"},\"thumbnailUrl\":\"https:\/\/dicodusport.fr\/blog\/wp-content\/uploads\/2024\/12\/Skicross-Innichen-Youri-Duplessis-Kergomard-deuxieme-Marielle-Berger-Sabbatel-troisieme.png\",\"keywords\":[\"actu\",\"br\u00e8ve\",\"Marielle Berger Sabbatel\",\"skicross\",\"Youri Duplessis-Kergomard\"],\"articleSection\":[\"Ski\"],\"inLanguage\":\"fr-FR\",\"potentialAction\":[{\"@type\":\"CommentAction\",\"name\":\"Comment\",\"target\":[\"https:\/\/dicodusport.fr\/blog\/skicross-innichen-youri-duplessis-kergomard-deuxieme-marielle-berger-sabbatel-troisieme\/#respond\"]}],\"copyrightYear\":\"2024\",\"copyrightHolder\":{\"@id\":\"https:\/\/dicodusport.fr\/blog\/#organization\"}},{\"@type\":\"WebPage\",\"@id\":\"https:\/\/dicodusport.fr\/blog\/skicross-innichen-youri-duplessis-kergomard-deuxieme-marielle-berger-sabbatel-troisieme\/\",\"url\":\"https:\/\/dicodusport.fr\/blog\/skicross-innichen-youri-duplessis-kergomard-deuxieme-marielle-berger-sabbatel-troisieme\/\",\"name\":\"Skicross Innichen : Youri Duplessis Kergomard deuxi\u00e8me, Marielle Berger Sabbatel troisi\u00e8me\",\"isPartOf\":{\"@id\":\"https:\/\/dicodusport.fr\/blog\/#website\"},\"primaryImageOfPage\":{\"@id\":\"https:\/\/dicodusport.fr\/blog\/skicross-innichen-youri-duplessis-kergomard-deuxieme-marielle-berger-sabbatel-troisieme\/#primaryimage\"},\"image\":{\"@id\":\"https:\/\/dicodusport.fr\/blog\/skicross-innichen-youri-duplessis-kergomard-deuxieme-marielle-berger-sabbatel-troisieme\/#primaryimage\"},\"thumbnailUrl\":\"https:\/\/dicodusport.fr\/blog\/wp-content\/uploads\/2024\/12\/Skicross-Innichen-Youri-Duplessis-Kergomard-deuxieme-Marielle-Berger-Sabbatel-troisieme.png\",\"datePublished\":\"2024-12-20T12:53:52+00:00\",\"dateModified\":\"2024-12-20T13:14:20+00:00\",\"description\":\"COUPE DE MONDE DE SKICROSS 2024\/2025 - Les Fran\u00e7ais ont brill\u00e9 \u00e0 Innichen lors de la quatri\u00e8me manche de la Coupe du monde.\",\"breadcrumb\":{\"@id\":\"https:\/\/dicodusport.fr\/blog\/skicross-innichen-youri-duplessis-kergomard-deuxieme-marielle-berger-sabbatel-troisieme\/#breadcrumb\"},\"inLanguage\":\"fr-FR\",\"potentialAction\":[{\"@type\":\"ReadAction\",\"target\":[\"https:\/\/dicodusport.fr\/blog\/skicross-innichen-youri-duplessis-kergomard-deuxieme-marielle-berger-sabbatel-troisieme\/\"]}]},{\"@type\":\"ImageObject\",\"inLanguage\":\"fr-FR\",\"@id\":\"https:\/\/dicodusport.fr\/blog\/skicross-innichen-youri-duplessis-kergomard-deuxieme-marielle-berger-sabbatel-troisieme\/#primaryimage\",\"url\":\"https:\/\/dicodusport.fr\/blog\/wp-content\/uploads\/2024\/12\/Skicross-Innichen-Youri-Duplessis-Kergomard-deuxieme-Marielle-Berger-Sabbatel-troisieme.png\",\"contentUrl\":\"https:\/\/dicodusport.fr\/blog\/wp-content\/uploads\/2024\/12\/Skicross-Innichen-Youri-Duplessis-Kergomard-deuxieme-Marielle-Berger-Sabbatel-troisieme.png\",\"width\":1200,\"height\":674,\"caption\":\"Skicross Innichen Youri Duplessis Kergomard deuxi\u00e8me, Marielle Berger Sabbatel troisi\u00e8me\"},{\"@type\":\"BreadcrumbList\",\"@id\":\"https:\/\/dicodusport.fr\/blog\/skicross-innichen-youri-duplessis-kergomard-deuxieme-marielle-berger-sabbatel-troisieme\/#breadcrumb\",\"itemListElement\":[{\"@type\":\"ListItem\",\"position\":1,\"name\":\"Accueil\",\"item\":\"https:\/\/dicodusport.fr\/blog\/\"},{\"@type\":\"ListItem\",\"position\":2,\"name\":\"Skicross Innichen : Youri Duplessis Kergomard deuxi\u00e8me, Marielle Berger Sabbatel troisi\u00e8me\"}]},{\"@type\":\"WebSite\",\"@id\":\"https:\/\/dicodusport.fr\/blog\/#website\",\"url\":\"https:\/\/dicodusport.fr\/blog\/\",\"name\":\"Dicodusport\",\"description\":\"L&#039;encyclop\u00e9die de l&#039;actualit\u00e9 sportive\",\"publisher\":{\"@id\":\"https:\/\/dicodusport.fr\/blog\/#organization\"},\"potentialAction\":[{\"@type\":\"SearchAction\",\"target\":{\"@type\":\"EntryPoint\",\"urlTemplate\":\"https:\/\/dicodusport.fr\/blog\/?s={search_term_string}\"},\"query-input\":{\"@type\":\"PropertyValueSpecification\",\"valueRequired\":true,\"valueName\":\"search_term_string\"}}],\"inLanguage\":\"fr-FR\"},{\"@type\":\"NewsMediaOrganization\",\"@id\":\"https:\/\/dicodusport.fr\/blog\/#organization\",\"name\":\"Dicodusport\",\"url\":\"https:\/\/dicodusport.fr\/blog\/\",\"logo\":{\"@type\":\"ImageObject\",\"inLanguage\":\"fr-FR\",\"@id\":\"https:\/\/dicodusport.fr\/blog\/#\/schema\/logo\/image\/\",\"url\":\"https:\/\/dicodusport.fr\/blog\/wp-content\/uploads\/2020\/06\/cropped-LOGO-DICODUSPORT-2020-SANS-FOND-SANS-TEXTE.png\",\"contentUrl\":\"https:\/\/dicodusport.fr\/blog\/wp-content\/uploads\/2020\/06\/cropped-LOGO-DICODUSPORT-2020-SANS-FOND-SANS-TEXTE.png\",\"width\":512,\"height\":512,\"caption\":\"Dicodusport\"},\"image\":{\"@id\":\"https:\/\/dicodusport.fr\/blog\/#\/schema\/logo\/image\/\"},\"sameAs\":[\"https:\/\/www.facebook.com\/dicodusport\",\"https:\/\/x.com\/dicodusport\",\"https:\/\/www.instagram.com\/dicodusport\/\",\"https:\/\/www.youtube.com\/channel\/UC7V2KZ5sd3htJivAbA4ZG3w\"],\"description\":\"Dicodusport est l'encyclop\u00e9die de l'actualit\u00e9 sportive.\",\"email\":\"bonjour@dicodusport.fr\",\"legalName\":\"DICODUSPORT\",\"foundingDate\":\"2018-01-14\",\"vatID\":\"FR71834470973\",\"taxID\":\"83447097300043\",\"numberOfEmployees\":{\"@type\":\"QuantitativeValue\",\"minValue\":\"1\",\"maxValue\":\"10\"}},{\"@type\":\"Person\",\"@id\":\"https:\/\/dicodusport.fr\/blog\/#\/schema\/person\/fe500246414ca17ddf0c0312d7a792cc\",\"name\":\"Olivier Dobiezynski\",\"image\":{\"@type\":\"ImageObject\",\"inLanguage\":\"fr-FR\",\"@id\":\"https:\/\/dicodusport.fr\/blog\/#\/schema\/person\/image\/\",\"url\":\"https:\/\/dicodusport.fr\/blog\/wp-content\/uploads\/2024\/09\/5be8fe8d-9962-4f1e-ad06-d6f9dee30e6d-150x150.jpg\",\"contentUrl\":\"https:\/\/dicodusport.fr\/blog\/wp-content\/uploads\/2024\/09\/5be8fe8d-9962-4f1e-ad06-d6f9dee30e6d-150x150.jpg\",\"caption\":\"Olivier Dobiezynski\"},\"description\":\"Depuis le milieu des ann\u00e9es 90, la passion du cyclisme m'anime. Mes h\u00e9ros s'appellent Luc Leblanc, Piotr Ugrumov, Paolo Savoldelli, Peter Sagan et bien \u00e9videmment Romain Bardet. R\u00e9dacteur depuis 2023, je suis ici pour partager cet amour de la Petite Reine. Vous pourrez me lire \u00e9galement sur du trail, du ski de fond et tout autre sujet susceptible d'\u00e9veiller ma curiosit\u00e9 sportive.\",\"sameAs\":[\"https:\/\/x.com\/https:\/\/x.com\/Olivier_Matros\"],\"url\":\"https:\/\/dicodusport.fr\/blog\/author\/olivier-gh\/\"}]}<\/script>\n<!-- \/ Yoast SEO Premium plugin. -->","yoast_head_json":{"title":"Skicross Innichen : Youri Duplessis Kergomard deuxi\u00e8me, Marielle Berger Sabbatel troisi\u00e8me","description":"COUPE DE MONDE DE SKICROSS 2024\/2025 - Les Fran\u00e7ais ont brill\u00e9 \u00e0 Innichen lors de la quatri\u00e8me manche de la Coupe du monde.","robots":{"index":"index","follow":"follow","max-snippet":"max-snippet:-1","max-image-preview":"max-image-preview:large","max-video-preview":"max-video-preview:-1"},"canonical":"https:\/\/dicodusport.fr\/blog\/skicross-innichen-youri-duplessis-kergomard-deuxieme-marielle-berger-sabbatel-troisieme\/","og_locale":"fr_FR","og_type":"article","og_title":"Skicross Innichen : Youri Duplessis Kergomard deuxi\u00e8me, Marielle Berger Sabbatel troisi\u00e8me","og_description":"COUPE DE MONDE DE SKICROSS 2024\/2025 - Les Fran\u00e7ais ont brill\u00e9 \u00e0 Innichen lors de la quatri\u00e8me manche de la Coupe du monde.","og_url":"https:\/\/dicodusport.fr\/blog\/skicross-innichen-youri-duplessis-kergomard-deuxieme-marielle-berger-sabbatel-troisieme\/","og_site_name":"Dicodusport","article_publisher":"https:\/\/www.facebook.com\/dicodusport","article_published_time":"2024-12-20T12:53:52+00:00","article_modified_time":"2024-12-20T13:14:20+00:00","og_image":[{"width":1200,"height":674,"url":"https:\/\/dicodusport.fr\/blog\/wp-content\/uploads\/2024\/12\/Skicross-Innichen-Youri-Duplessis-Kergomard-deuxieme-Marielle-Berger-Sabbatel-troisieme.png","type":"image\/png"}],"author":"Olivier Dobiezynski","twitter_card":"summary_large_image","twitter_title":"Skicross Innichen : Youri Duplessis Kergomard deuxi\u00e8me, Marielle Berger Sabbatel troisi\u00e8me","twitter_creator":"@https:\/\/x.com\/Olivier_Matros","twitter_site":"@dicodusport","schema":{"@context":"https:\/\/schema.org","@graph":[{"@type":"NewsArticle","@id":"https:\/\/dicodusport.fr\/blog\/skicross-innichen-youri-duplessis-kergomard-deuxieme-marielle-berger-sabbatel-troisieme\/#article","isPartOf":{"@id":"https:\/\/dicodusport.fr\/blog\/skicross-innichen-youri-duplessis-kergomard-deuxieme-marielle-berger-sabbatel-troisieme\/"},"author":{"name":"Olivier Dobiezynski","@id":"https:\/\/dicodusport.fr\/blog\/#\/schema\/person\/fe500246414ca17ddf0c0312d7a792cc"},"headline":"Skicross Innichen : Youri Duplessis Kergomard deuxi\u00e8me, Marielle Berger Sabbatel troisi\u00e8me","datePublished":"2024-12-20T12:53:52+00:00","dateModified":"2024-12-20T13:14:20+00:00","mainEntityOfPage":{"@id":"https:\/\/dicodusport.fr\/blog\/skicross-innichen-youri-duplessis-kergomard-deuxieme-marielle-berger-sabbatel-troisieme\/"},"wordCount":394,"commentCount":0,"publisher":{"@id":"https:\/\/dicodusport.fr\/blog\/#organization"},"image":{"@id":"https:\/\/dicodusport.fr\/blog\/skicross-innichen-youri-duplessis-kergomard-deuxieme-marielle-berger-sabbatel-troisieme\/#primaryimage"},"thumbnailUrl":"https:\/\/dicodusport.fr\/blog\/wp-content\/uploads\/2024\/12\/Skicross-Innichen-Youri-Duplessis-Kergomard-deuxieme-Marielle-Berger-Sabbatel-troisieme.png","keywords":["actu","br\u00e8ve","Marielle Berger Sabbatel","skicross","Youri Duplessis-Kergomard"],"articleSection":["Ski"],"inLanguage":"fr-FR","potentialAction":[{"@type":"CommentAction","name":"Comment","target":["https:\/\/dicodusport.fr\/blog\/skicross-innichen-youri-duplessis-kergomard-deuxieme-marielle-berger-sabbatel-troisieme\/#respond"]}],"copyrightYear":"2024","copyrightHolder":{"@id":"https:\/\/dicodusport.fr\/blog\/#organization"}},{"@type":"WebPage","@id":"https:\/\/dicodusport.fr\/blog\/skicross-innichen-youri-duplessis-kergomard-deuxieme-marielle-berger-sabbatel-troisieme\/","url":"https:\/\/dicodusport.fr\/blog\/skicross-innichen-youri-duplessis-kergomard-deuxieme-marielle-berger-sabbatel-troisieme\/","name":"Skicross Innichen : Youri Duplessis Kergomard deuxi\u00e8me, Marielle Berger Sabbatel troisi\u00e8me","isPartOf":{"@id":"https:\/\/dicodusport.fr\/blog\/#website"},"primaryImageOfPage":{"@id":"https:\/\/dicodusport.fr\/blog\/skicross-innichen-youri-duplessis-kergomard-deuxieme-marielle-berger-sabbatel-troisieme\/#primaryimage"},"image":{"@id":"https:\/\/dicodusport.fr\/blog\/skicross-innichen-youri-duplessis-kergomard-deuxieme-marielle-berger-sabbatel-troisieme\/#primaryimage"},"thumbnailUrl":"https:\/\/dicodusport.fr\/blog\/wp-content\/uploads\/2024\/12\/Skicross-Innichen-Youri-Duplessis-Kergomard-deuxieme-Marielle-Berger-Sabbatel-troisieme.png","datePublished":"2024-12-20T12:53:52+00:00","dateModified":"2024-12-20T13:14:20+00:00","description":"COUPE DE MONDE DE SKICROSS 2024\/2025 - Les Fran\u00e7ais ont brill\u00e9 \u00e0 Innichen lors de la quatri\u00e8me manche de la Coupe du monde.","breadcrumb":{"@id":"https:\/\/dicodusport.fr\/blog\/skicross-innichen-youri-duplessis-kergomard-deuxieme-marielle-berger-sabbatel-troisieme\/#breadcrumb"},"inLanguage":"fr-FR","potentialAction":[{"@type":"ReadAction","target":["https:\/\/dicodusport.fr\/blog\/skicross-innichen-youri-duplessis-kergomard-deuxieme-marielle-berger-sabbatel-troisieme\/"]}]},{"@type":"ImageObject","inLanguage":"fr-FR","@id":"https:\/\/dicodusport.fr\/blog\/skicross-innichen-youri-duplessis-kergomard-deuxieme-marielle-berger-sabbatel-troisieme\/#primaryimage","url":"https:\/\/dicodusport.fr\/blog\/wp-content\/uploads\/2024\/12\/Skicross-Innichen-Youri-Duplessis-Kergomard-deuxieme-Marielle-Berger-Sabbatel-troisieme.png","contentUrl":"https:\/\/dicodusport.fr\/blog\/wp-content\/uploads\/2024\/12\/Skicross-Innichen-Youri-Duplessis-Kergomard-deuxieme-Marielle-Berger-Sabbatel-troisieme.png","width":1200,"height":674,"caption":"Skicross Innichen Youri Duplessis Kergomard deuxi\u00e8me, Marielle Berger Sabbatel troisi\u00e8me"},{"@type":"BreadcrumbList","@id":"https:\/\/dicodusport.fr\/blog\/skicross-innichen-youri-duplessis-kergomard-deuxieme-marielle-berger-sabbatel-troisieme\/#breadcrumb","itemListElement":[{"@type":"ListItem","position":1,"name":"Accueil","item":"https:\/\/dicodusport.fr\/blog\/"},{"@type":"ListItem","position":2,"name":"Skicross Innichen : Youri Duplessis Kergomard deuxi\u00e8me, Marielle Berger Sabbatel troisi\u00e8me"}]},{"@type":"WebSite","@id":"https:\/\/dicodusport.fr\/blog\/#website","url":"https:\/\/dicodusport.fr\/blog\/","name":"Dicodusport","description":"L&#039;encyclop\u00e9die de l&#039;actualit\u00e9 sportive","publisher":{"@id":"https:\/\/dicodusport.fr\/blog\/#organization"},"potentialAction":[{"@type":"SearchAction","target":{"@type":"EntryPoint","urlTemplate":"https:\/\/dicodusport.fr\/blog\/?s={search_term_string}"},"query-input":{"@type":"PropertyValueSpecification","valueRequired":true,"valueName":"search_term_string"}}],"inLanguage":"fr-FR"},{"@type":"NewsMediaOrganization","@id":"https:\/\/dicodusport.fr\/blog\/#organization","name":"Dicodusport","url":"https:\/\/dicodusport.fr\/blog\/","logo":{"@type":"ImageObject","inLanguage":"fr-FR","@id":"https:\/\/dicodusport.fr\/blog\/#\/schema\/logo\/image\/","url":"https:\/\/dicodusport.fr\/blog\/wp-content\/uploads\/2020\/06\/cropped-LOGO-DICODUSPORT-2020-SANS-FOND-SANS-TEXTE.png","contentUrl":"https:\/\/dicodusport.fr\/blog\/wp-content\/uploads\/2020\/06\/cropped-LOGO-DICODUSPORT-2020-SANS-FOND-SANS-TEXTE.png","width":512,"height":512,"caption":"Dicodusport"},"image":{"@id":"https:\/\/dicodusport.fr\/blog\/#\/schema\/logo\/image\/"},"sameAs":["https:\/\/www.facebook.com\/dicodusport","https:\/\/x.com\/dicodusport","https:\/\/www.instagram.com\/dicodusport\/","https:\/\/www.youtube.com\/channel\/UC7V2KZ5sd3htJivAbA4ZG3w"],"description":"Dicodusport est l'encyclop\u00e9die de l'actualit\u00e9 sportive.","email":"bonjour@dicodusport.fr","legalName":"DICODUSPORT","foundingDate":"2018-01-14","vatID":"FR71834470973","taxID":"83447097300043","numberOfEmployees":{"@type":"QuantitativeValue","minValue":"1","maxValue":"10"}},{"@type":"Person","@id":"https:\/\/dicodusport.fr\/blog\/#\/schema\/person\/fe500246414ca17ddf0c0312d7a792cc","name":"Olivier Dobiezynski","image":{"@type":"ImageObject","inLanguage":"fr-FR","@id":"https:\/\/dicodusport.fr\/blog\/#\/schema\/person\/image\/","url":"https:\/\/dicodusport.fr\/blog\/wp-content\/uploads\/2024\/09\/5be8fe8d-9962-4f1e-ad06-d6f9dee30e6d-150x150.jpg","contentUrl":"https:\/\/dicodusport.fr\/blog\/wp-content\/uploads\/2024\/09\/5be8fe8d-9962-4f1e-ad06-d6f9dee30e6d-150x150.jpg","caption":"Olivier Dobiezynski"},"description":"Depuis le milieu des ann\u00e9es 90, la passion du cyclisme m'anime. Mes h\u00e9ros s'appellent Luc Leblanc, Piotr Ugrumov, Paolo Savoldelli, Peter Sagan et bien \u00e9videmment Romain Bardet. R\u00e9dacteur depuis 2023, je suis ici pour partager cet amour de la Petite Reine. Vous pourrez me lire \u00e9galement sur du trail, du ski de fond et tout autre sujet susceptible d'\u00e9veiller ma curiosit\u00e9 sportive.","sameAs":["https:\/\/x.com\/https:\/\/x.com\/Olivier_Matros"],"url":"https:\/\/dicodusport.fr\/blog\/author\/olivier-gh\/"}]}},"_links":{"self":[{"href":"https:\/\/dicodusport.fr\/blog\/wp-json\/wp\/v2\/posts\/541152","targetHints":{"allow":["GET"]}}],"collection":[{"href":"https:\/\/dicodusport.fr\/blog\/wp-json\/wp\/v2\/posts"}],"about":[{"href":"https:\/\/dicodusport.fr\/blog\/wp-json\/wp\/v2\/types\/post"}],"author":[{"embeddable":true,"href":"https:\/\/dicodusport.fr\/blog\/wp-json\/wp\/v2\/users\/92"}],"replies":[{"embeddable":true,"href":"https:\/\/dicodusport.fr\/blog\/wp-json\/wp\/v2\/comments?post=541152"}],"version-history":[{"count":5,"href":"https:\/\/dicodusport.fr\/blog\/wp-json\/wp\/v2\/posts\/541152\/revisions"}],"predecessor-version":[{"id":541182,"href":"https:\/\/dicodusport.fr\/blog\/wp-json\/wp\/v2\/posts\/541152\/revisions\/541182"}],"wp:featuredmedia":[{"embeddable":true,"href":"https:\/\/dicodusport.fr\/blog\/wp-json\/wp\/v2\/media\/541174"}],"wp:attachment":[{"href":"https:\/\/dicodusport.fr\/blog\/wp-json\/wp\/v2\/media?parent=541152"}],"wp:term":[{"taxonomy":"category","embeddable":true,"href":"https:\/\/dicodusport.fr\/blog\/wp-json\/wp\/v2\/categories?post=541152"},{"taxonomy":"post_tag","embeddable":true,"href":"https:\/\/dicodusport.fr\/blog\/wp-json\/wp\/v2\/tags?post=541152"}],"curies":[{"name":"wp","href":"https:\/\/api.w.org\/{rel}","templated":true}]}}