{"id":541213,"date":"2024-12-20T15:52:35","date_gmt":"2024-12-20T14:52:35","guid":{"rendered":"https:\/\/dicodusport.fr\/blog\/?p=541213&#038;preview=true&#038;preview_id=541213"},"modified":"2024-12-20T16:52:14","modified_gmt":"2024-12-20T15:52:14","slug":"para-ski-alpin-courchevel-arthur-bauchet-imperial-sur-le-deuxieme-geant-jordan-broisin-troisieme","status":"publish","type":"post","link":"https:\/\/dicodusport.fr\/blog\/para-ski-alpin-courchevel-arthur-bauchet-imperial-sur-le-deuxieme-geant-jordan-broisin-troisieme\/","title":{"rendered":"Para ski alpin Courchevel : Arthur Bauchet imp\u00e9rial sur le deuxi\u00e8me G\u00e9ant, Jordan Broisin troisi\u00e8me"},"content":{"rendered":"<h4 style=\"text-align: justify;\"><em>COUPE DU MONDE DE PARA SKI ALPIN 2024\/2025 &#8211; Plus rien n&rsquo;arr\u00eate Arthur Bauchet, de nouveau dominateur pour ce deuxi\u00e8me G\u00e9ant de cette \u00e9tape \u00e0 Courchevel. Il n&rsquo;est pas seul Tricolore sur le podium, puisque Jordan Broisin s&#8217;empare de la troisi\u00e8me place.<\/em><\/h4>\n<p style=\"text-align: justify;\">Ce n&rsquo;est plus une surprise, mais <strong>Arthur Bauchet<\/strong> a mis une nouvelle fois tout le monde d&rsquo;accord sur le trac\u00e9 fran\u00e7ais. Alors qu&rsquo;il se mettait aux commandes de ce G\u00e9ant apr\u00e8s la premi\u00e8re descente en passant sous la barre des 50 secondes, pas moins de trois Fran\u00e7ais int\u00e9graient le top 5. Seul <strong>Robin Cuche<\/strong> se pla\u00e7ait dans le lot, deuxi\u00e8me devant <strong>Oscar Burnham<\/strong>,<strong> Jules Segers<\/strong> et <strong>Jordan Broisin<\/strong>. Avec le troisi\u00e8me meilleur temps de la seconde manche, <strong><span class=\"rider-name\">Aaron Lindstroem<\/span><\/strong><span class=\"rider-name\"> se faufilait parmi l&rsquo;\u00e9quipe de France. Mais ce sera insuffisant pour monter sur le podium pour le Su\u00e9dois.\u00a0<\/span><\/p>\n<p style=\"text-align: justify;\">Avec de la marge, <strong>Arthur Bauchet<\/strong> validait son 101<sup>\u00e8me<\/sup> podium en Coupe du monde, le Suisse conservait quant \u00e0 lui la deuxi\u00e8me place (+1.81). Et de ce combat franco-fran\u00e7ais, c&rsquo;est finalement <strong>Jordan Broisin<\/strong> qui s&rsquo;en est sorti le mieux lors du second run, faisant ainsi basculer <strong>Jules Segers<\/strong> au pied du podium. <strong>Oscar Burnham<\/strong> termine 6<sup>\u00e8me<\/sup> dans ce tir group\u00e9 bleu-blanc-rouge.<\/p>\n<div class=\"vlp-link-container vlp-layout-article\"><a href=\"https:\/\/dicodusport.fr\/blog\/para-ski-alpin-courchevel-arthur-bauchet-et-jules-segers-offrent-un-double-au-clan-tricolore-sur-le-geant\/\" class=\"vlp-link\" title=\"Para ski alpin Courchevel : Arthur Bauchet et Jules Segers offrent un doubl\u00e9 au clan tricolore sur le G\u00e9ant\"><\/a><div class=\"vlp-layout-zone-side\"><div class=\"vlp-block-4 vlp-link-image\"><img loading=\"lazy\" decoding=\"async\" style=\"max-width: 792px;\" width=\"792\" height=\"445\" src=\"https:\/\/dicodusport.fr\/blog\/wp-content\/uploads\/2024\/12\/Bauchet-2.png\" class=\"attachment-800x445 size-800x445\" alt=\"Para ski alpin Courchevel : Arthur Bauchet et Jules Segers offrent un doubl\u00e9 au clan tricolore sur le G\u00e9ant\" srcset=\"https:\/\/dicodusport.fr\/blog\/wp-content\/uploads\/2024\/12\/Bauchet-2.png 1200w, https:\/\/dicodusport.fr\/blog\/wp-content\/uploads\/2024\/12\/Bauchet-2-300x169.png 300w, https:\/\/dicodusport.fr\/blog\/wp-content\/uploads\/2024\/12\/Bauchet-2-1024x575.png 1024w, https:\/\/dicodusport.fr\/blog\/wp-content\/uploads\/2024\/12\/Bauchet-2-768x431.png 768w\" sizes=\"auto, (max-width: 792px) 100vw, 792px\" \/><\/div><\/div><div class=\"vlp-layout-zone-main\"><div class=\"vlp-block-0 vlp-link-title\">Para ski alpin Courchevel : Arthur Bauchet et Jules Segers offrent un doubl\u00e9 au clan tricolore sur le G\u00e9ant<\/div><div class=\"vlp-block-1 vlp-link-summary\">COUPE DU MONDE DE PARA SKI ALPIN 2024\/2025 - Apr\u00e8s avoir \u00e9t\u00e9 souverain sur les slaloms de Tignes, Arthur Bauchet a poursuivi sa razzia en terres tricolores en remportant le premier G\u00e9ant de Courchevel. 2e de la m\u00eame \u00e9preuve, Jules Segers permet aux Bleus de r\u00e9aliser leur premier doubl\u00e9 de la saison.<\/div><div class=\"vlp-block-2 vlp-link-button\">Lire l'article<\/div><div class=\"vlp-block-3 vlp-link-url\">dicodusport.fr<\/div><\/div><\/div>\n","protected":false},"excerpt":{"rendered":"<p>COUPE DU MONDE DE PARA SKI ALPIN 2024\/2025 &#8211; Plus rien n&rsquo;arr\u00eate Arthur Bauchet, de nouveau dominateur pour ce deuxi\u00e8me G\u00e9ant de cette \u00e9tape fran\u00e7aise. Il n&rsquo;est pas seul tricolore sur le podium, puisque Jordan Broisin s&#8217;empare de la troisi\u00e8me place.<\/p>\n","protected":false},"author":18,"featured_media":540909,"comment_status":"open","ping_status":"closed","sticky":false,"template":"","format":"standard","meta":{"_acf_changed":false,"_daextam_enable_autolinks":"1","footnotes":""},"categories":[5753,9217],"tags":[4004,16878,13007,22149],"class_list":["post-541213","post","type-post","status-publish","format-standard","has-post-thumbnail","hentry","category-handisport","category-ski","tag-arthur-bauchet","tag-breve","tag-courchevel","tag-para-ski-alpin"],"acf":[],"yoast_head":"<!-- This site is optimized with the Yoast SEO Premium plugin v26.7 (Yoast SEO v26.7) - https:\/\/yoast.com\/wordpress\/plugins\/seo\/ -->\n<title>Para ski alpin Courchevel : Arthur Bauchet imp\u00e9rial sur le deuxi\u00e8me G\u00e9ant, Jordan Broisin troisi\u00e8me<\/title>\n<meta name=\"description\" content=\"COUPE DU MONDE DE PARA SKI ALPIN 2024\/2025 - Arthur Bauchet remporte le deuxi\u00e8me G\u00e9ant, Jordan Broisin termine troisi\u00e8me.\" \/>\n<meta name=\"robots\" content=\"index, follow, max-snippet:-1, max-image-preview:large, max-video-preview:-1\" \/>\n<link rel=\"canonical\" href=\"https:\/\/dicodusport.fr\/blog\/para-ski-alpin-courchevel-arthur-bauchet-imperial-sur-le-deuxieme-geant-jordan-broisin-troisieme\/\" \/>\n<meta property=\"og:locale\" content=\"fr_FR\" \/>\n<meta property=\"og:type\" content=\"article\" \/>\n<meta property=\"og:title\" content=\"Para ski alpin Courchevel : Arthur Bauchet imp\u00e9rial sur le deuxi\u00e8me G\u00e9ant, Jordan Broisin troisi\u00e8me\" \/>\n<meta property=\"og:description\" content=\"COUPE DU MONDE DE PARA SKI ALPIN 2024\/2025 - Arthur Bauchet remporte le deuxi\u00e8me G\u00e9ant, Jordan Broisin termine troisi\u00e8me.\" \/>\n<meta property=\"og:url\" content=\"https:\/\/dicodusport.fr\/blog\/para-ski-alpin-courchevel-arthur-bauchet-imperial-sur-le-deuxieme-geant-jordan-broisin-troisieme\/\" \/>\n<meta property=\"og:site_name\" content=\"Dicodusport\" \/>\n<meta property=\"article:publisher\" content=\"https:\/\/www.facebook.com\/dicodusport\" \/>\n<meta property=\"article:author\" content=\"https:\/\/www.facebook.com\/soocube\" \/>\n<meta property=\"article:published_time\" content=\"2024-12-20T14:52:35+00:00\" \/>\n<meta property=\"article:modified_time\" content=\"2024-12-20T15:52:14+00:00\" \/>\n<meta property=\"og:image\" content=\"https:\/\/dicodusport.fr\/blog\/wp-content\/uploads\/2024\/12\/Bauchet-2.png\" \/>\n\t<meta property=\"og:image:width\" content=\"1200\" \/>\n\t<meta property=\"og:image:height\" content=\"674\" \/>\n\t<meta property=\"og:image:type\" content=\"image\/png\" \/>\n<meta name=\"author\" content=\"Sophie Clapier\" \/>\n<meta name=\"twitter:card\" content=\"summary_large_image\" \/>\n<meta name=\"twitter:title\" content=\"Para ski alpin Courchevel : Arthur Bauchet imp\u00e9rial sur le deuxi\u00e8me G\u00e9ant, Jordan Broisin troisi\u00e8me\" \/>\n<meta name=\"twitter:creator\" content=\"@https:\/\/twitter.com\/soocube\" \/>\n<meta name=\"twitter:site\" content=\"@dicodusport\" \/>\n<script type=\"application\/ld+json\" class=\"yoast-schema-graph\">{\"@context\":\"https:\/\/schema.org\",\"@graph\":[{\"@type\":\"NewsArticle\",\"@id\":\"https:\/\/dicodusport.fr\/blog\/para-ski-alpin-courchevel-arthur-bauchet-imperial-sur-le-deuxieme-geant-jordan-broisin-troisieme\/#article\",\"isPartOf\":{\"@id\":\"https:\/\/dicodusport.fr\/blog\/para-ski-alpin-courchevel-arthur-bauchet-imperial-sur-le-deuxieme-geant-jordan-broisin-troisieme\/\"},\"author\":{\"name\":\"Sophie Clapier\",\"@id\":\"https:\/\/dicodusport.fr\/blog\/#\/schema\/person\/416c975648aca9da8839bdfe333a21c9\"},\"headline\":\"Para ski alpin Courchevel : Arthur Bauchet imp\u00e9rial sur le deuxi\u00e8me G\u00e9ant, Jordan Broisin troisi\u00e8me\",\"datePublished\":\"2024-12-20T14:52:35+00:00\",\"dateModified\":\"2024-12-20T15:52:14+00:00\",\"mainEntityOfPage\":{\"@id\":\"https:\/\/dicodusport.fr\/blog\/para-ski-alpin-courchevel-arthur-bauchet-imperial-sur-le-deuxieme-geant-jordan-broisin-troisieme\/\"},\"wordCount\":338,\"commentCount\":0,\"publisher\":{\"@id\":\"https:\/\/dicodusport.fr\/blog\/#organization\"},\"image\":{\"@id\":\"https:\/\/dicodusport.fr\/blog\/para-ski-alpin-courchevel-arthur-bauchet-imperial-sur-le-deuxieme-geant-jordan-broisin-troisieme\/#primaryimage\"},\"thumbnailUrl\":\"https:\/\/dicodusport.fr\/blog\/wp-content\/uploads\/2024\/12\/Bauchet-2.png\",\"keywords\":[\"Arthur Bauchet\",\"br\u00e8ve\",\"Courchevel\",\"Para ski alpin\"],\"articleSection\":[\"Handisport\",\"Ski\"],\"inLanguage\":\"fr-FR\",\"potentialAction\":[{\"@type\":\"CommentAction\",\"name\":\"Comment\",\"target\":[\"https:\/\/dicodusport.fr\/blog\/para-ski-alpin-courchevel-arthur-bauchet-imperial-sur-le-deuxieme-geant-jordan-broisin-troisieme\/#respond\"]}],\"copyrightYear\":\"2024\",\"copyrightHolder\":{\"@id\":\"https:\/\/dicodusport.fr\/blog\/#organization\"}},{\"@type\":\"WebPage\",\"@id\":\"https:\/\/dicodusport.fr\/blog\/para-ski-alpin-courchevel-arthur-bauchet-imperial-sur-le-deuxieme-geant-jordan-broisin-troisieme\/\",\"url\":\"https:\/\/dicodusport.fr\/blog\/para-ski-alpin-courchevel-arthur-bauchet-imperial-sur-le-deuxieme-geant-jordan-broisin-troisieme\/\",\"name\":\"Para ski alpin Courchevel : Arthur Bauchet imp\u00e9rial sur le deuxi\u00e8me G\u00e9ant, Jordan Broisin troisi\u00e8me\",\"isPartOf\":{\"@id\":\"https:\/\/dicodusport.fr\/blog\/#website\"},\"primaryImageOfPage\":{\"@id\":\"https:\/\/dicodusport.fr\/blog\/para-ski-alpin-courchevel-arthur-bauchet-imperial-sur-le-deuxieme-geant-jordan-broisin-troisieme\/#primaryimage\"},\"image\":{\"@id\":\"https:\/\/dicodusport.fr\/blog\/para-ski-alpin-courchevel-arthur-bauchet-imperial-sur-le-deuxieme-geant-jordan-broisin-troisieme\/#primaryimage\"},\"thumbnailUrl\":\"https:\/\/dicodusport.fr\/blog\/wp-content\/uploads\/2024\/12\/Bauchet-2.png\",\"datePublished\":\"2024-12-20T14:52:35+00:00\",\"dateModified\":\"2024-12-20T15:52:14+00:00\",\"description\":\"COUPE DU MONDE DE PARA SKI ALPIN 2024\/2025 - Arthur Bauchet remporte le deuxi\u00e8me G\u00e9ant, Jordan Broisin termine troisi\u00e8me.\",\"breadcrumb\":{\"@id\":\"https:\/\/dicodusport.fr\/blog\/para-ski-alpin-courchevel-arthur-bauchet-imperial-sur-le-deuxieme-geant-jordan-broisin-troisieme\/#breadcrumb\"},\"inLanguage\":\"fr-FR\",\"potentialAction\":[{\"@type\":\"ReadAction\",\"target\":[\"https:\/\/dicodusport.fr\/blog\/para-ski-alpin-courchevel-arthur-bauchet-imperial-sur-le-deuxieme-geant-jordan-broisin-troisieme\/\"]}]},{\"@type\":\"ImageObject\",\"inLanguage\":\"fr-FR\",\"@id\":\"https:\/\/dicodusport.fr\/blog\/para-ski-alpin-courchevel-arthur-bauchet-imperial-sur-le-deuxieme-geant-jordan-broisin-troisieme\/#primaryimage\",\"url\":\"https:\/\/dicodusport.fr\/blog\/wp-content\/uploads\/2024\/12\/Bauchet-2.png\",\"contentUrl\":\"https:\/\/dicodusport.fr\/blog\/wp-content\/uploads\/2024\/12\/Bauchet-2.png\",\"width\":1200,\"height\":674,\"caption\":\"Para ski alpin Courchevel : Arthur Bauchet et Jules Segers offrent un doubl\u00e9 au clan tricolore sur le G\u00e9ant\"},{\"@type\":\"BreadcrumbList\",\"@id\":\"https:\/\/dicodusport.fr\/blog\/para-ski-alpin-courchevel-arthur-bauchet-imperial-sur-le-deuxieme-geant-jordan-broisin-troisieme\/#breadcrumb\",\"itemListElement\":[{\"@type\":\"ListItem\",\"position\":1,\"name\":\"Accueil\",\"item\":\"https:\/\/dicodusport.fr\/blog\/\"},{\"@type\":\"ListItem\",\"position\":2,\"name\":\"Para ski alpin Courchevel : Arthur Bauchet imp\u00e9rial sur le deuxi\u00e8me G\u00e9ant, Jordan Broisin troisi\u00e8me\"}]},{\"@type\":\"WebSite\",\"@id\":\"https:\/\/dicodusport.fr\/blog\/#website\",\"url\":\"https:\/\/dicodusport.fr\/blog\/\",\"name\":\"Dicodusport\",\"description\":\"L&#039;encyclop\u00e9die de l&#039;actualit\u00e9 sportive\",\"publisher\":{\"@id\":\"https:\/\/dicodusport.fr\/blog\/#organization\"},\"potentialAction\":[{\"@type\":\"SearchAction\",\"target\":{\"@type\":\"EntryPoint\",\"urlTemplate\":\"https:\/\/dicodusport.fr\/blog\/?s={search_term_string}\"},\"query-input\":{\"@type\":\"PropertyValueSpecification\",\"valueRequired\":true,\"valueName\":\"search_term_string\"}}],\"inLanguage\":\"fr-FR\"},{\"@type\":\"NewsMediaOrganization\",\"@id\":\"https:\/\/dicodusport.fr\/blog\/#organization\",\"name\":\"Dicodusport\",\"url\":\"https:\/\/dicodusport.fr\/blog\/\",\"logo\":{\"@type\":\"ImageObject\",\"inLanguage\":\"fr-FR\",\"@id\":\"https:\/\/dicodusport.fr\/blog\/#\/schema\/logo\/image\/\",\"url\":\"https:\/\/dicodusport.fr\/blog\/wp-content\/uploads\/2020\/06\/cropped-LOGO-DICODUSPORT-2020-SANS-FOND-SANS-TEXTE.png\",\"contentUrl\":\"https:\/\/dicodusport.fr\/blog\/wp-content\/uploads\/2020\/06\/cropped-LOGO-DICODUSPORT-2020-SANS-FOND-SANS-TEXTE.png\",\"width\":512,\"height\":512,\"caption\":\"Dicodusport\"},\"image\":{\"@id\":\"https:\/\/dicodusport.fr\/blog\/#\/schema\/logo\/image\/\"},\"sameAs\":[\"https:\/\/www.facebook.com\/dicodusport\",\"https:\/\/x.com\/dicodusport\",\"https:\/\/www.instagram.com\/dicodusport\/\",\"https:\/\/www.youtube.com\/channel\/UC7V2KZ5sd3htJivAbA4ZG3w\"],\"description\":\"Dicodusport est l'encyclop\u00e9die de l'actualit\u00e9 sportive.\",\"email\":\"bonjour@dicodusport.fr\",\"legalName\":\"DICODUSPORT\",\"foundingDate\":\"2018-01-14\",\"vatID\":\"FR71834470973\",\"taxID\":\"83447097300043\",\"numberOfEmployees\":{\"@type\":\"QuantitativeValue\",\"minValue\":\"1\",\"maxValue\":\"10\"}},{\"@type\":\"Person\",\"@id\":\"https:\/\/dicodusport.fr\/blog\/#\/schema\/person\/416c975648aca9da8839bdfe333a21c9\",\"name\":\"Sophie Clapier\",\"image\":{\"@type\":\"ImageObject\",\"inLanguage\":\"fr-FR\",\"@id\":\"https:\/\/dicodusport.fr\/blog\/#\/schema\/person\/image\/\",\"url\":\"https:\/\/dicodusport.fr\/blog\/wp-content\/uploads\/2021\/05\/Sophie-Clapier-150x150.jpg\",\"contentUrl\":\"https:\/\/dicodusport.fr\/blog\/wp-content\/uploads\/2021\/05\/Sophie-Clapier-150x150.jpg\",\"caption\":\"Sophie Clapier\"},\"description\":\"Journaliste\/r\u00e9dactrice depuis janvier 2016 - Passionn\u00e9e de sport depuis toujours, j\u2019en ai pratiqu\u00e9 quelques-uns. Judo, football, handball ou encore tennis, je n\u2019ai jamais pu me mettre d\u2019accord sur un en particulier. Mais \u00e7a, c\u2019\u00e9tait avant de d\u00e9couvrir le basket, devenu mon sport de pr\u00e9dilection. Les actions NBA, le All-Star Week-end, la fureur des Game 7 pendant les playoffs ou mieux, lors des Finals, this is why we play. Team Spurs T.P, je m\u2019accroche encore \u00e0 Gregg Popovich (don\u2019t leave !). Team chef Curry, je souhaite qu\u2019il finisse aux Warriors (staaaay !). Non, il n\u2019y a pas qu\u2019eux, des petits nouveaux -et des petites nouvelles \u00e9videmment- arrivent chaque jour dans toutes les disciplines et cr\u00e9ent de nouveaux exploits. Alors pour les grands \u00e9v\u00e9nements et comp\u00e9titions internationales, vive les pulsations 240\/minutes et le d\u00e9fibrillateur pas loin, et allez les Bleu(e)s ! C\u2019est s\u00fbr, j\u2019aurai plus vu ma vie sur un terrain de sport, mais \u00e0 d\u00e9faut d\u2019en faire en haut niveau, je le partage avec vous.\",\"sameAs\":[\"https:\/\/www.facebook.com\/soocube\",\"https:\/\/x.com\/https:\/\/twitter.com\/soocube\",\"admin\"],\"url\":\"https:\/\/dicodusport.fr\/blog\/author\/sophie\/\"}]}<\/script>\n<!-- \/ Yoast SEO Premium plugin. -->","yoast_head_json":{"title":"Para ski alpin Courchevel : Arthur Bauchet imp\u00e9rial sur le deuxi\u00e8me G\u00e9ant, Jordan Broisin troisi\u00e8me","description":"COUPE DU MONDE DE PARA SKI ALPIN 2024\/2025 - Arthur Bauchet remporte le deuxi\u00e8me G\u00e9ant, Jordan Broisin termine troisi\u00e8me.","robots":{"index":"index","follow":"follow","max-snippet":"max-snippet:-1","max-image-preview":"max-image-preview:large","max-video-preview":"max-video-preview:-1"},"canonical":"https:\/\/dicodusport.fr\/blog\/para-ski-alpin-courchevel-arthur-bauchet-imperial-sur-le-deuxieme-geant-jordan-broisin-troisieme\/","og_locale":"fr_FR","og_type":"article","og_title":"Para ski alpin Courchevel : Arthur Bauchet imp\u00e9rial sur le deuxi\u00e8me G\u00e9ant, Jordan Broisin troisi\u00e8me","og_description":"COUPE DU MONDE DE PARA SKI ALPIN 2024\/2025 - Arthur Bauchet remporte le deuxi\u00e8me G\u00e9ant, Jordan Broisin termine troisi\u00e8me.","og_url":"https:\/\/dicodusport.fr\/blog\/para-ski-alpin-courchevel-arthur-bauchet-imperial-sur-le-deuxieme-geant-jordan-broisin-troisieme\/","og_site_name":"Dicodusport","article_publisher":"https:\/\/www.facebook.com\/dicodusport","article_author":"https:\/\/www.facebook.com\/soocube","article_published_time":"2024-12-20T14:52:35+00:00","article_modified_time":"2024-12-20T15:52:14+00:00","og_image":[{"width":1200,"height":674,"url":"https:\/\/dicodusport.fr\/blog\/wp-content\/uploads\/2024\/12\/Bauchet-2.png","type":"image\/png"}],"author":"Sophie Clapier","twitter_card":"summary_large_image","twitter_title":"Para ski alpin Courchevel : Arthur Bauchet imp\u00e9rial sur le deuxi\u00e8me G\u00e9ant, Jordan Broisin troisi\u00e8me","twitter_creator":"@https:\/\/twitter.com\/soocube","twitter_site":"@dicodusport","schema":{"@context":"https:\/\/schema.org","@graph":[{"@type":"NewsArticle","@id":"https:\/\/dicodusport.fr\/blog\/para-ski-alpin-courchevel-arthur-bauchet-imperial-sur-le-deuxieme-geant-jordan-broisin-troisieme\/#article","isPartOf":{"@id":"https:\/\/dicodusport.fr\/blog\/para-ski-alpin-courchevel-arthur-bauchet-imperial-sur-le-deuxieme-geant-jordan-broisin-troisieme\/"},"author":{"name":"Sophie Clapier","@id":"https:\/\/dicodusport.fr\/blog\/#\/schema\/person\/416c975648aca9da8839bdfe333a21c9"},"headline":"Para ski alpin Courchevel : Arthur Bauchet imp\u00e9rial sur le deuxi\u00e8me G\u00e9ant, Jordan Broisin troisi\u00e8me","datePublished":"2024-12-20T14:52:35+00:00","dateModified":"2024-12-20T15:52:14+00:00","mainEntityOfPage":{"@id":"https:\/\/dicodusport.fr\/blog\/para-ski-alpin-courchevel-arthur-bauchet-imperial-sur-le-deuxieme-geant-jordan-broisin-troisieme\/"},"wordCount":338,"commentCount":0,"publisher":{"@id":"https:\/\/dicodusport.fr\/blog\/#organization"},"image":{"@id":"https:\/\/dicodusport.fr\/blog\/para-ski-alpin-courchevel-arthur-bauchet-imperial-sur-le-deuxieme-geant-jordan-broisin-troisieme\/#primaryimage"},"thumbnailUrl":"https:\/\/dicodusport.fr\/blog\/wp-content\/uploads\/2024\/12\/Bauchet-2.png","keywords":["Arthur Bauchet","br\u00e8ve","Courchevel","Para ski alpin"],"articleSection":["Handisport","Ski"],"inLanguage":"fr-FR","potentialAction":[{"@type":"CommentAction","name":"Comment","target":["https:\/\/dicodusport.fr\/blog\/para-ski-alpin-courchevel-arthur-bauchet-imperial-sur-le-deuxieme-geant-jordan-broisin-troisieme\/#respond"]}],"copyrightYear":"2024","copyrightHolder":{"@id":"https:\/\/dicodusport.fr\/blog\/#organization"}},{"@type":"WebPage","@id":"https:\/\/dicodusport.fr\/blog\/para-ski-alpin-courchevel-arthur-bauchet-imperial-sur-le-deuxieme-geant-jordan-broisin-troisieme\/","url":"https:\/\/dicodusport.fr\/blog\/para-ski-alpin-courchevel-arthur-bauchet-imperial-sur-le-deuxieme-geant-jordan-broisin-troisieme\/","name":"Para ski alpin Courchevel : Arthur Bauchet imp\u00e9rial sur le deuxi\u00e8me G\u00e9ant, Jordan Broisin troisi\u00e8me","isPartOf":{"@id":"https:\/\/dicodusport.fr\/blog\/#website"},"primaryImageOfPage":{"@id":"https:\/\/dicodusport.fr\/blog\/para-ski-alpin-courchevel-arthur-bauchet-imperial-sur-le-deuxieme-geant-jordan-broisin-troisieme\/#primaryimage"},"image":{"@id":"https:\/\/dicodusport.fr\/blog\/para-ski-alpin-courchevel-arthur-bauchet-imperial-sur-le-deuxieme-geant-jordan-broisin-troisieme\/#primaryimage"},"thumbnailUrl":"https:\/\/dicodusport.fr\/blog\/wp-content\/uploads\/2024\/12\/Bauchet-2.png","datePublished":"2024-12-20T14:52:35+00:00","dateModified":"2024-12-20T15:52:14+00:00","description":"COUPE DU MONDE DE PARA SKI ALPIN 2024\/2025 - Arthur Bauchet remporte le deuxi\u00e8me G\u00e9ant, Jordan Broisin termine troisi\u00e8me.","breadcrumb":{"@id":"https:\/\/dicodusport.fr\/blog\/para-ski-alpin-courchevel-arthur-bauchet-imperial-sur-le-deuxieme-geant-jordan-broisin-troisieme\/#breadcrumb"},"inLanguage":"fr-FR","potentialAction":[{"@type":"ReadAction","target":["https:\/\/dicodusport.fr\/blog\/para-ski-alpin-courchevel-arthur-bauchet-imperial-sur-le-deuxieme-geant-jordan-broisin-troisieme\/"]}]},{"@type":"ImageObject","inLanguage":"fr-FR","@id":"https:\/\/dicodusport.fr\/blog\/para-ski-alpin-courchevel-arthur-bauchet-imperial-sur-le-deuxieme-geant-jordan-broisin-troisieme\/#primaryimage","url":"https:\/\/dicodusport.fr\/blog\/wp-content\/uploads\/2024\/12\/Bauchet-2.png","contentUrl":"https:\/\/dicodusport.fr\/blog\/wp-content\/uploads\/2024\/12\/Bauchet-2.png","width":1200,"height":674,"caption":"Para ski alpin Courchevel : Arthur Bauchet et Jules Segers offrent un doubl\u00e9 au clan tricolore sur le G\u00e9ant"},{"@type":"BreadcrumbList","@id":"https:\/\/dicodusport.fr\/blog\/para-ski-alpin-courchevel-arthur-bauchet-imperial-sur-le-deuxieme-geant-jordan-broisin-troisieme\/#breadcrumb","itemListElement":[{"@type":"ListItem","position":1,"name":"Accueil","item":"https:\/\/dicodusport.fr\/blog\/"},{"@type":"ListItem","position":2,"name":"Para ski alpin Courchevel : Arthur Bauchet imp\u00e9rial sur le deuxi\u00e8me G\u00e9ant, Jordan Broisin troisi\u00e8me"}]},{"@type":"WebSite","@id":"https:\/\/dicodusport.fr\/blog\/#website","url":"https:\/\/dicodusport.fr\/blog\/","name":"Dicodusport","description":"L&#039;encyclop\u00e9die de l&#039;actualit\u00e9 sportive","publisher":{"@id":"https:\/\/dicodusport.fr\/blog\/#organization"},"potentialAction":[{"@type":"SearchAction","target":{"@type":"EntryPoint","urlTemplate":"https:\/\/dicodusport.fr\/blog\/?s={search_term_string}"},"query-input":{"@type":"PropertyValueSpecification","valueRequired":true,"valueName":"search_term_string"}}],"inLanguage":"fr-FR"},{"@type":"NewsMediaOrganization","@id":"https:\/\/dicodusport.fr\/blog\/#organization","name":"Dicodusport","url":"https:\/\/dicodusport.fr\/blog\/","logo":{"@type":"ImageObject","inLanguage":"fr-FR","@id":"https:\/\/dicodusport.fr\/blog\/#\/schema\/logo\/image\/","url":"https:\/\/dicodusport.fr\/blog\/wp-content\/uploads\/2020\/06\/cropped-LOGO-DICODUSPORT-2020-SANS-FOND-SANS-TEXTE.png","contentUrl":"https:\/\/dicodusport.fr\/blog\/wp-content\/uploads\/2020\/06\/cropped-LOGO-DICODUSPORT-2020-SANS-FOND-SANS-TEXTE.png","width":512,"height":512,"caption":"Dicodusport"},"image":{"@id":"https:\/\/dicodusport.fr\/blog\/#\/schema\/logo\/image\/"},"sameAs":["https:\/\/www.facebook.com\/dicodusport","https:\/\/x.com\/dicodusport","https:\/\/www.instagram.com\/dicodusport\/","https:\/\/www.youtube.com\/channel\/UC7V2KZ5sd3htJivAbA4ZG3w"],"description":"Dicodusport est l'encyclop\u00e9die de l'actualit\u00e9 sportive.","email":"bonjour@dicodusport.fr","legalName":"DICODUSPORT","foundingDate":"2018-01-14","vatID":"FR71834470973","taxID":"83447097300043","numberOfEmployees":{"@type":"QuantitativeValue","minValue":"1","maxValue":"10"}},{"@type":"Person","@id":"https:\/\/dicodusport.fr\/blog\/#\/schema\/person\/416c975648aca9da8839bdfe333a21c9","name":"Sophie Clapier","image":{"@type":"ImageObject","inLanguage":"fr-FR","@id":"https:\/\/dicodusport.fr\/blog\/#\/schema\/person\/image\/","url":"https:\/\/dicodusport.fr\/blog\/wp-content\/uploads\/2021\/05\/Sophie-Clapier-150x150.jpg","contentUrl":"https:\/\/dicodusport.fr\/blog\/wp-content\/uploads\/2021\/05\/Sophie-Clapier-150x150.jpg","caption":"Sophie Clapier"},"description":"Journaliste\/r\u00e9dactrice depuis janvier 2016 - Passionn\u00e9e de sport depuis toujours, j\u2019en ai pratiqu\u00e9 quelques-uns. Judo, football, handball ou encore tennis, je n\u2019ai jamais pu me mettre d\u2019accord sur un en particulier. Mais \u00e7a, c\u2019\u00e9tait avant de d\u00e9couvrir le basket, devenu mon sport de pr\u00e9dilection. Les actions NBA, le All-Star Week-end, la fureur des Game 7 pendant les playoffs ou mieux, lors des Finals, this is why we play. Team Spurs T.P, je m\u2019accroche encore \u00e0 Gregg Popovich (don\u2019t leave !). Team chef Curry, je souhaite qu\u2019il finisse aux Warriors (staaaay !). Non, il n\u2019y a pas qu\u2019eux, des petits nouveaux -et des petites nouvelles \u00e9videmment- arrivent chaque jour dans toutes les disciplines et cr\u00e9ent de nouveaux exploits. Alors pour les grands \u00e9v\u00e9nements et comp\u00e9titions internationales, vive les pulsations 240\/minutes et le d\u00e9fibrillateur pas loin, et allez les Bleu(e)s ! C\u2019est s\u00fbr, j\u2019aurai plus vu ma vie sur un terrain de sport, mais \u00e0 d\u00e9faut d\u2019en faire en haut niveau, je le partage avec vous.","sameAs":["https:\/\/www.facebook.com\/soocube","https:\/\/x.com\/https:\/\/twitter.com\/soocube","admin"],"url":"https:\/\/dicodusport.fr\/blog\/author\/sophie\/"}]}},"_links":{"self":[{"href":"https:\/\/dicodusport.fr\/blog\/wp-json\/wp\/v2\/posts\/541213","targetHints":{"allow":["GET"]}}],"collection":[{"href":"https:\/\/dicodusport.fr\/blog\/wp-json\/wp\/v2\/posts"}],"about":[{"href":"https:\/\/dicodusport.fr\/blog\/wp-json\/wp\/v2\/types\/post"}],"author":[{"embeddable":true,"href":"https:\/\/dicodusport.fr\/blog\/wp-json\/wp\/v2\/users\/18"}],"replies":[{"embeddable":true,"href":"https:\/\/dicodusport.fr\/blog\/wp-json\/wp\/v2\/comments?post=541213"}],"version-history":[{"count":5,"href":"https:\/\/dicodusport.fr\/blog\/wp-json\/wp\/v2\/posts\/541213\/revisions"}],"predecessor-version":[{"id":541252,"href":"https:\/\/dicodusport.fr\/blog\/wp-json\/wp\/v2\/posts\/541213\/revisions\/541252"}],"wp:featuredmedia":[{"embeddable":true,"href":"https:\/\/dicodusport.fr\/blog\/wp-json\/wp\/v2\/media\/540909"}],"wp:attachment":[{"href":"https:\/\/dicodusport.fr\/blog\/wp-json\/wp\/v2\/media?parent=541213"}],"wp:term":[{"taxonomy":"category","embeddable":true,"href":"https:\/\/dicodusport.fr\/blog\/wp-json\/wp\/v2\/categories?post=541213"},{"taxonomy":"post_tag","embeddable":true,"href":"https:\/\/dicodusport.fr\/blog\/wp-json\/wp\/v2\/tags?post=541213"}],"curies":[{"name":"wp","href":"https:\/\/api.w.org\/{rel}","templated":true}]}}