{"id":541442,"date":"2024-12-21T13:09:16","date_gmt":"2024-12-21T12:09:16","guid":{"rendered":"https:\/\/dicodusport.fr\/blog\/?p=541442&#038;preview=true&#038;preview_id=541442"},"modified":"2024-12-21T13:44:11","modified_gmt":"2024-12-21T12:44:11","slug":"descente-hommes-val-gardena-2024-marco-odermatt-en-patron-d-un-double-suisse","status":"publish","type":"post","link":"https:\/\/dicodusport.fr\/blog\/descente-hommes-val-gardena-2024-marco-odermatt-en-patron-d-un-double-suisse\/","title":{"rendered":"Descente hommes Val Gardena 2024 : Marco Odermatt en patron d&rsquo;un doubl\u00e9 suisse"},"content":{"rendered":"<h4 style=\"text-align: justify;\"><em>COUPE DU MONDE DE SKI ALPIN 2024-2025 &#8211; Troisi\u00e8me du Super G la veille, Marco Odermatt a mis tout le monde d\u2019accord sur la descente de Val Gardena. Le Suisse s\u2019impose devant son compatriote Franjo Von Allmen, et Rayan Cochran-Siegle. Nils All\u00e8gre, premier Fran\u00e7ais, termine 4<sup>\u00e8me<\/sup> \u00e0 un centi\u00e8me de l\u2019Am\u00e9ricain.<\/em><\/h4>\n<ul style=\"text-align: justify;\">\n<li style=\"text-align: justify;\"><strong>\u00c0 ce sujet &#8211; <a href=\"https:\/\/dicodusport.fr\/blog\/calendrier-et-resultats-coupe-du-monde-ski-alpin-2024-2025\/\">Calendrier et r\u00e9sultats Coupe du monde Ski alpin 2024-2025<\/a><\/strong><\/li>\n<li style=\"text-align: justify;\"><strong>\u00c0 ce sujet &#8211; <a href=\"https:\/\/dicodusport.fr\/blog\/coupe-du-monde-ski-alpin-classement-general-gros-globe-hommes\/\">Coupe du monde Ski alpin \u2013 Classement g\u00e9n\u00e9ral gros globe hommes<\/a><\/strong><\/li>\n<\/ul>\n<p style=\"text-align: justify;\">C\u2019\u00e9tait un nouveau jour pour les Bleus pour cette descente de Val Gardena, une opportunit\u00e9 pour oublier quelque peu le Super G de la veille, en demi-teinte pour l\u2019\u00e9quipe de France. <strong>Cyprien Sarrazin<\/strong> notamment, dans l\u2019incapacit\u00e9 de terminer la course, avait une revanche \u00e0 prendre. Tout comme le Suisse <strong>Marco Odermatt<\/strong>, pas rassasi\u00e9 d\u2019une troisi\u00e8me place. \u00c7a tombe bien, les deux hommes partaient respectivement 15<sup>\u00e8me<\/sup> et 14<sup>\u00e8me<\/sup> dossard.<\/p>\n<div class=\"vlp-link-container vlp-layout-article\"><a href=\"https:\/\/dicodusport.fr\/blog\/super-g-val-gardena-2024-mattia-casse-la-baraque\/\" class=\"vlp-link\" title=\"Super-G Val Gardena 2024 : Mattia Casse la baraque\"><\/a><div class=\"vlp-layout-zone-side\"><div class=\"vlp-block-4 vlp-link-image\"><img loading=\"lazy\" decoding=\"async\" style=\"max-width: 792px;\" width=\"792\" height=\"445\" src=\"https:\/\/dicodusport.fr\/blog\/wp-content\/uploads\/2024\/12\/Super-G-Val-Gardena-2024-Mattia-Casse-la-baraque-1.png\" class=\"attachment-800x445 size-800x445\" alt=\"Super-G Val Gardena 2024 Mattia Casse la baraque\" srcset=\"https:\/\/dicodusport.fr\/blog\/wp-content\/uploads\/2024\/12\/Super-G-Val-Gardena-2024-Mattia-Casse-la-baraque-1.png 1200w, https:\/\/dicodusport.fr\/blog\/wp-content\/uploads\/2024\/12\/Super-G-Val-Gardena-2024-Mattia-Casse-la-baraque-1-300x169.png 300w, https:\/\/dicodusport.fr\/blog\/wp-content\/uploads\/2024\/12\/Super-G-Val-Gardena-2024-Mattia-Casse-la-baraque-1-1024x575.png 1024w, https:\/\/dicodusport.fr\/blog\/wp-content\/uploads\/2024\/12\/Super-G-Val-Gardena-2024-Mattia-Casse-la-baraque-1-768x431.png 768w\" sizes=\"auto, (max-width: 792px) 100vw, 792px\" \/><\/div><\/div><div class=\"vlp-layout-zone-main\"><div class=\"vlp-block-0 vlp-link-title\">Super-G Val Gardena 2024 : Mattia Casse la baraque<\/div><div class=\"vlp-block-1 vlp-link-summary\">COUPE DU MONDE DE SKI ALPIN 2024-2025 - Mattia Casse a remport\u00e9 le deuxi\u00e8me Super G de la saison sur la piste Saslong, \u00e0 Val Gardena, dans le S\u00fcdtirol italien, vendredi.\u00a0<\/div><div class=\"vlp-block-2 vlp-link-button\">Lire l'article<\/div><div class=\"vlp-block-3 vlp-link-url\">dicodusport.fr<\/div><\/div><\/div>\n<h2 style=\"text-align: justify;\">Une partie technique qui fait des d\u00e9g\u00e2ts<\/h2>\n<p style=\"text-align: justify;\">Premier \u00e0 s\u2019\u00e9lancer sur la piste italienne, Miha Hrobat a ouvert le bal avant le passage, d\u00e9j\u00e0, de deux Fran\u00e7ais et a fix\u00e9 le temps r\u00e9f\u00e9rence \u00e0 2\u00a0:04.00. <strong>Matthieu Bailet<\/strong>, chahut\u00e9 sur la grosse portion technique, a perdu un temps pr\u00e9cieux et n\u2019a pu am\u00e9liorer le temps du Slov\u00e8ne (+2.29). Blaise <strong>Giezendanner<\/strong>, en revanche, allait au plus court. Mais lui aussi a \u00e9t\u00e9 malmen\u00e9 \u00e0 la r\u00e9ception d\u2019un saut et n\u2019a finalement pas pu finir la descente. <strong>Franjo Von Allmen<\/strong> a ensuite attaqu\u00e9 pleine balle, comptant pr\u00e8s d\u2019une seconde d\u2019avance sur le leader sur le haut du trac\u00e9 avant de c\u00e9der quelques dixi\u00e8mes. Sans cons\u00e9quence pour le Suisse qui s\u2019est provisoirement install\u00e9 en t\u00eate du classement (2\u00a0:03.55).<\/p>\n<blockquote class=\"twitter-tweet\">\n<p dir=\"ltr\" lang=\"fr\">[Jour de descente] Quel run de Nils All\u00e8gre !<br \/>\n2e provisoire \u00e0 2 centi\u00e8mes du Suisse Von Allmen <a href=\"https:\/\/t.co\/JC5PIrhbed\">pic.twitter.com\/JC5PIrhbed<\/a><\/p>\n<p>\u2014 Top Ski News \u26f7 (@Top_Ski_News) <a href=\"https:\/\/twitter.com\/Top_Ski_News\/status\/1870425318848180445?ref_src=twsrc%5Etfw\">December 21, 2024<\/a><\/p><\/blockquote>\n<p><script async src=\"https:\/\/platform.twitter.com\/widgets.js\" charset=\"utf-8\"><\/script><\/p>\n<p style=\"text-align: justify;\">Un d\u00e9part canon pour Van Allmen que ni ses compatriotes <strong>Justin Murisier<\/strong> et <strong>Alexis Monney<\/strong>, ni le Canadien <strong>James Crawford<\/strong> n\u2019ont r\u00e9ussi \u00e0 imiter. Le premier \u00e0 challenger le Suisse a \u00e9t\u00e9 <strong>Nils All\u00e8gre<\/strong>. Le Fran\u00e7ais n\u2019a pas sign\u00e9 le meilleur d\u00e9part non plus, mais a pris de plus en plus de vitesse. Grapillant son retard sur le Suisse, il \u00e9choue \u00e0 deux petits centi\u00e8mes de celui-ci. Les Am\u00e9ricains faisaient ensuite le spectacle, <strong>Ryan Cochran-Siegle<\/strong> s\u2019infiltrant entre Van Allmen et All\u00e8gre. Le top 3 regroupait alors les trois hommes en deux centi\u00e8mes, fou ! Mais All\u00e8gre restera au pied du podium, pour un centi\u00e8me donc, apr\u00e8s le passage du ma\u00eetre.<\/p>\n<h2 style=\"text-align: justify;\">Marco Odermatt en patron sur la descente de Val Gardena<\/h2>\n<p style=\"text-align: justify;\">Limiter la casse sur le haut pour d\u00e9rouler ensuite, c\u2019est ce qu\u2019a parfaitement fait <strong>Marco Odermatt<\/strong> pour s&rsquo;imposer pour la premi\u00e8re fois de sa carri\u00e8re sur cette descente de Val Gardena. Il a ainsi r\u00e9cup\u00e9r\u00e9 9 dixi\u00e8mes entre le quatri\u00e8me et cinqui\u00e8me interm\u00e9diaire pour prendre sa revanche sur <strong>Mattia Casse<\/strong>, \u00e0 qui il en a manqu\u00e9 un peu aujourd\u2019hui. Une victoire que le Suisse conservera haut la main, <strong>Cyprien Sarrazin<\/strong> ayant \u00e9galement \u00e9t\u00e9 pris \u00e0 d\u00e9faut sur les premi\u00e8res sections. <strong>Stefan Rogentin<\/strong> a momentan\u00e9ment offert aux Helv\u00e8tes un tripl\u00e9, mais a consid\u00e9rablement lev\u00e9 le pied avant la partie technique et a recul\u00e9 \u00e0 la 8<sup>\u00e8me<\/sup> place provisoire.<\/p>\n<blockquote class=\"twitter-tweet\">\n<p dir=\"ltr\" lang=\"fr\">Ce n&rsquo;est pas le week-end de Cyprien Sarrazin&#8230; Le Fran\u00e7ais est 8e provisoire de la descente de Val Gardena, \u00e0 plus d&rsquo;une seconde de Marco Odermatt.<\/p>\n<p>Suivez le d\u00e9nouement de la course sur Eurosport <a href=\"https:\/\/twitter.com\/hashtag\/ChaletClub?src=hash&amp;ref_src=twsrc%5Etfw\">#ChaletClub<\/a> <a href=\"https:\/\/t.co\/084wEsMAE2\">https:\/\/t.co\/084wEsMAE2<\/a> <a href=\"https:\/\/t.co\/juf47a8F2c\">pic.twitter.com\/juf47a8F2c<\/a><\/p>\n<p>\u2014 Eurosport France (@Eurosport_FR) <a href=\"https:\/\/twitter.com\/Eurosport_FR\/status\/1870430117039665427?ref_src=twsrc%5Etfw\">December 21, 2024<\/a><\/p><\/blockquote>\n<p><script async src=\"https:\/\/platform.twitter.com\/widgets.js\" charset=\"utf-8\"><\/script><\/p>\n<p style=\"text-align: justify;\">Une section qui aura mis \u00e0 mal bien des skieurs aujourd\u2019hui, \u00e0 l\u2019image de <strong>Jared Goldberg<\/strong> ou <strong>Romed Baumann<\/strong> pourtant dans le coup pour un podium jusque-l\u00e0, et de <strong>Lars Roesti<\/strong>, qui jouait alors la victoire. <strong>Adrien Th\u00e9aux <\/strong>a bien mieux g\u00e9r\u00e9 ces mouvements de terrain. Agressif sur cette descente, il a provisoirement pris la 11<sup>\u00e8me<\/sup> place avant que tout ne s\u2019acc\u00e9l\u00e8re sur le haut du parcours pour les dossards suivants, et de reculer de quelques places.<\/p>\n<ul style=\"list-style-type: disc;\">\n<li style=\"text-align: justify;\"><strong>\u00c0 lire aussi &#8211; <a href=\"https:\/\/dicodusport.fr\/blog\/classement-descente-hommes-val-gardena-2024\/\">Le classement de la descente hommes Val Gardena 2024<\/a><\/strong><\/li>\n<\/ul>\n","protected":false},"excerpt":{"rendered":"<p>COUPE DU MONDE DE SKI ALPIN 2024-2025 &#8211; Troisi\u00e8me du Super-G la veille, Marco Odermatt a mis tout le monde d\u2019accord sur la descente de Val Gardena. Le Suisse s\u2019impose devant son compatriote Franjo Von Allmen, et Rayan Cochran-Siegle. Nils All\u00e8gre, premier Fran\u00e7ais, termine 4\u00e8me \u00e0 un centi\u00e8me de l\u2019Am\u00e9ricain.<\/p>\n","protected":false},"author":18,"featured_media":541542,"comment_status":"open","ping_status":"closed","sticky":false,"template":"","format":"standard","meta":{"_acf_changed":false,"_daextam_enable_autolinks":"1","footnotes":""},"categories":[47084],"tags":[16878,15042,2233],"class_list":["post-541442","post","type-post","status-publish","format-standard","has-post-thumbnail","hentry","category-coupe-du-monde-ski-alpin","tag-breve","tag-marco-odermatt","tag-ski-alpin"],"acf":[],"yoast_head":"<!-- This site is optimized with the Yoast SEO Premium plugin v26.7 (Yoast SEO v26.7) - https:\/\/yoast.com\/wordpress\/plugins\/seo\/ -->\n<title>Descente hommes Val Gardena 2024 : Marco Odermatt en patron d&#039;un doubl\u00e9 suisse<\/title>\n<meta name=\"description\" content=\"COUPE DU MONDE DE SKI ALPIN 2024-2025 - Troisi\u00e8me du Super G la veille, Marco Odermatt s\u2019impose devant son compatriote Franjo Von Allmen.\" \/>\n<meta name=\"robots\" content=\"index, follow, max-snippet:-1, max-image-preview:large, max-video-preview:-1\" \/>\n<link rel=\"canonical\" href=\"https:\/\/dicodusport.fr\/blog\/descente-hommes-val-gardena-2024-marco-odermatt-en-patron-d-un-double-suisse\/\" \/>\n<meta property=\"og:locale\" content=\"fr_FR\" \/>\n<meta property=\"og:type\" content=\"article\" \/>\n<meta property=\"og:title\" content=\"Descente hommes Val Gardena 2024 : Marco Odermatt en patron d&#039;un doubl\u00e9 suisse\" \/>\n<meta property=\"og:description\" content=\"COUPE DU MONDE DE SKI ALPIN 2024-2025 - Troisi\u00e8me du Super G la veille, Marco Odermatt s\u2019impose devant son compatriote Franjo Von Allmen.\" \/>\n<meta property=\"og:url\" content=\"https:\/\/dicodusport.fr\/blog\/descente-hommes-val-gardena-2024-marco-odermatt-en-patron-d-un-double-suisse\/\" \/>\n<meta property=\"og:site_name\" content=\"Dicodusport\" \/>\n<meta property=\"article:publisher\" content=\"https:\/\/www.facebook.com\/dicodusport\" \/>\n<meta property=\"article:author\" content=\"https:\/\/www.facebook.com\/soocube\" \/>\n<meta property=\"article:published_time\" content=\"2024-12-21T12:09:16+00:00\" \/>\n<meta property=\"article:modified_time\" content=\"2024-12-21T12:44:11+00:00\" \/>\n<meta property=\"og:image\" content=\"https:\/\/dicodusport.fr\/blog\/wp-content\/uploads\/2024\/12\/Descente-hommes-Val-Gardena-2024-Marco-Odermatt-en-patron-dun-double-suisse-1.png\" \/>\n\t<meta property=\"og:image:width\" content=\"1200\" \/>\n\t<meta property=\"og:image:height\" content=\"674\" \/>\n\t<meta property=\"og:image:type\" content=\"image\/png\" \/>\n<meta name=\"author\" content=\"Sophie Clapier\" \/>\n<meta name=\"twitter:card\" content=\"summary_large_image\" \/>\n<meta name=\"twitter:title\" content=\"Descente hommes Val Gardena 2024 : Marco Odermatt en patron d&#039;un doubl\u00e9 suisse\" \/>\n<meta name=\"twitter:creator\" content=\"@https:\/\/twitter.com\/soocube\" \/>\n<meta name=\"twitter:site\" content=\"@dicodusport\" \/>\n<script type=\"application\/ld+json\" class=\"yoast-schema-graph\">{\"@context\":\"https:\/\/schema.org\",\"@graph\":[{\"@type\":\"NewsArticle\",\"@id\":\"https:\/\/dicodusport.fr\/blog\/descente-hommes-val-gardena-2024-marco-odermatt-en-patron-d-un-double-suisse\/#article\",\"isPartOf\":{\"@id\":\"https:\/\/dicodusport.fr\/blog\/descente-hommes-val-gardena-2024-marco-odermatt-en-patron-d-un-double-suisse\/\"},\"author\":{\"name\":\"Sophie Clapier\",\"@id\":\"https:\/\/dicodusport.fr\/blog\/#\/schema\/person\/416c975648aca9da8839bdfe333a21c9\"},\"headline\":\"Descente hommes Val Gardena 2024 : Marco Odermatt en patron d&rsquo;un doubl\u00e9 suisse\",\"datePublished\":\"2024-12-21T12:09:16+00:00\",\"dateModified\":\"2024-12-21T12:44:11+00:00\",\"mainEntityOfPage\":{\"@id\":\"https:\/\/dicodusport.fr\/blog\/descente-hommes-val-gardena-2024-marco-odermatt-en-patron-d-un-double-suisse\/\"},\"wordCount\":805,\"commentCount\":0,\"publisher\":{\"@id\":\"https:\/\/dicodusport.fr\/blog\/#organization\"},\"image\":{\"@id\":\"https:\/\/dicodusport.fr\/blog\/descente-hommes-val-gardena-2024-marco-odermatt-en-patron-d-un-double-suisse\/#primaryimage\"},\"thumbnailUrl\":\"https:\/\/dicodusport.fr\/blog\/wp-content\/uploads\/2024\/12\/Descente-hommes-Val-Gardena-2024-Marco-Odermatt-en-patron-dun-double-suisse-1.png\",\"keywords\":[\"br\u00e8ve\",\"Marco Odermatt\",\"Ski alpin\"],\"articleSection\":[\"Coupe du monde de ski alpin\"],\"inLanguage\":\"fr-FR\",\"potentialAction\":[{\"@type\":\"CommentAction\",\"name\":\"Comment\",\"target\":[\"https:\/\/dicodusport.fr\/blog\/descente-hommes-val-gardena-2024-marco-odermatt-en-patron-d-un-double-suisse\/#respond\"]}],\"copyrightYear\":\"2024\",\"copyrightHolder\":{\"@id\":\"https:\/\/dicodusport.fr\/blog\/#organization\"}},{\"@type\":\"WebPage\",\"@id\":\"https:\/\/dicodusport.fr\/blog\/descente-hommes-val-gardena-2024-marco-odermatt-en-patron-d-un-double-suisse\/\",\"url\":\"https:\/\/dicodusport.fr\/blog\/descente-hommes-val-gardena-2024-marco-odermatt-en-patron-d-un-double-suisse\/\",\"name\":\"Descente hommes Val Gardena 2024 : Marco Odermatt en patron d'un doubl\u00e9 suisse\",\"isPartOf\":{\"@id\":\"https:\/\/dicodusport.fr\/blog\/#website\"},\"primaryImageOfPage\":{\"@id\":\"https:\/\/dicodusport.fr\/blog\/descente-hommes-val-gardena-2024-marco-odermatt-en-patron-d-un-double-suisse\/#primaryimage\"},\"image\":{\"@id\":\"https:\/\/dicodusport.fr\/blog\/descente-hommes-val-gardena-2024-marco-odermatt-en-patron-d-un-double-suisse\/#primaryimage\"},\"thumbnailUrl\":\"https:\/\/dicodusport.fr\/blog\/wp-content\/uploads\/2024\/12\/Descente-hommes-Val-Gardena-2024-Marco-Odermatt-en-patron-dun-double-suisse-1.png\",\"datePublished\":\"2024-12-21T12:09:16+00:00\",\"dateModified\":\"2024-12-21T12:44:11+00:00\",\"description\":\"COUPE DU MONDE DE SKI ALPIN 2024-2025 - Troisi\u00e8me du Super G la veille, Marco Odermatt s\u2019impose devant son compatriote Franjo Von Allmen.\",\"breadcrumb\":{\"@id\":\"https:\/\/dicodusport.fr\/blog\/descente-hommes-val-gardena-2024-marco-odermatt-en-patron-d-un-double-suisse\/#breadcrumb\"},\"inLanguage\":\"fr-FR\",\"potentialAction\":[{\"@type\":\"ReadAction\",\"target\":[\"https:\/\/dicodusport.fr\/blog\/descente-hommes-val-gardena-2024-marco-odermatt-en-patron-d-un-double-suisse\/\"]}]},{\"@type\":\"ImageObject\",\"inLanguage\":\"fr-FR\",\"@id\":\"https:\/\/dicodusport.fr\/blog\/descente-hommes-val-gardena-2024-marco-odermatt-en-patron-d-un-double-suisse\/#primaryimage\",\"url\":\"https:\/\/dicodusport.fr\/blog\/wp-content\/uploads\/2024\/12\/Descente-hommes-Val-Gardena-2024-Marco-Odermatt-en-patron-dun-double-suisse-1.png\",\"contentUrl\":\"https:\/\/dicodusport.fr\/blog\/wp-content\/uploads\/2024\/12\/Descente-hommes-Val-Gardena-2024-Marco-Odermatt-en-patron-dun-double-suisse-1.png\",\"width\":1200,\"height\":674,\"caption\":\"Descente hommes Val Gardena 2024 Marco Odermatt en patron d'un doubl\u00e9 suisse\"},{\"@type\":\"BreadcrumbList\",\"@id\":\"https:\/\/dicodusport.fr\/blog\/descente-hommes-val-gardena-2024-marco-odermatt-en-patron-d-un-double-suisse\/#breadcrumb\",\"itemListElement\":[{\"@type\":\"ListItem\",\"position\":1,\"name\":\"Accueil\",\"item\":\"https:\/\/dicodusport.fr\/blog\/\"},{\"@type\":\"ListItem\",\"position\":2,\"name\":\"Descente hommes Val Gardena 2024 : Marco Odermatt en patron d&#8217;un doubl\u00e9 suisse\"}]},{\"@type\":\"WebSite\",\"@id\":\"https:\/\/dicodusport.fr\/blog\/#website\",\"url\":\"https:\/\/dicodusport.fr\/blog\/\",\"name\":\"Dicodusport\",\"description\":\"L&#039;encyclop\u00e9die de l&#039;actualit\u00e9 sportive\",\"publisher\":{\"@id\":\"https:\/\/dicodusport.fr\/blog\/#organization\"},\"potentialAction\":[{\"@type\":\"SearchAction\",\"target\":{\"@type\":\"EntryPoint\",\"urlTemplate\":\"https:\/\/dicodusport.fr\/blog\/?s={search_term_string}\"},\"query-input\":{\"@type\":\"PropertyValueSpecification\",\"valueRequired\":true,\"valueName\":\"search_term_string\"}}],\"inLanguage\":\"fr-FR\"},{\"@type\":\"NewsMediaOrganization\",\"@id\":\"https:\/\/dicodusport.fr\/blog\/#organization\",\"name\":\"Dicodusport\",\"url\":\"https:\/\/dicodusport.fr\/blog\/\",\"logo\":{\"@type\":\"ImageObject\",\"inLanguage\":\"fr-FR\",\"@id\":\"https:\/\/dicodusport.fr\/blog\/#\/schema\/logo\/image\/\",\"url\":\"https:\/\/dicodusport.fr\/blog\/wp-content\/uploads\/2020\/06\/cropped-LOGO-DICODUSPORT-2020-SANS-FOND-SANS-TEXTE.png\",\"contentUrl\":\"https:\/\/dicodusport.fr\/blog\/wp-content\/uploads\/2020\/06\/cropped-LOGO-DICODUSPORT-2020-SANS-FOND-SANS-TEXTE.png\",\"width\":512,\"height\":512,\"caption\":\"Dicodusport\"},\"image\":{\"@id\":\"https:\/\/dicodusport.fr\/blog\/#\/schema\/logo\/image\/\"},\"sameAs\":[\"https:\/\/www.facebook.com\/dicodusport\",\"https:\/\/x.com\/dicodusport\",\"https:\/\/www.instagram.com\/dicodusport\/\",\"https:\/\/www.youtube.com\/channel\/UC7V2KZ5sd3htJivAbA4ZG3w\"],\"description\":\"Dicodusport est l'encyclop\u00e9die de l'actualit\u00e9 sportive.\",\"email\":\"bonjour@dicodusport.fr\",\"legalName\":\"DICODUSPORT\",\"foundingDate\":\"2018-01-14\",\"vatID\":\"FR71834470973\",\"taxID\":\"83447097300043\",\"numberOfEmployees\":{\"@type\":\"QuantitativeValue\",\"minValue\":\"1\",\"maxValue\":\"10\"}},{\"@type\":\"Person\",\"@id\":\"https:\/\/dicodusport.fr\/blog\/#\/schema\/person\/416c975648aca9da8839bdfe333a21c9\",\"name\":\"Sophie Clapier\",\"image\":{\"@type\":\"ImageObject\",\"inLanguage\":\"fr-FR\",\"@id\":\"https:\/\/dicodusport.fr\/blog\/#\/schema\/person\/image\/\",\"url\":\"https:\/\/dicodusport.fr\/blog\/wp-content\/uploads\/2021\/05\/Sophie-Clapier-150x150.jpg\",\"contentUrl\":\"https:\/\/dicodusport.fr\/blog\/wp-content\/uploads\/2021\/05\/Sophie-Clapier-150x150.jpg\",\"caption\":\"Sophie Clapier\"},\"description\":\"Journaliste\/r\u00e9dactrice depuis janvier 2016 - Passionn\u00e9e de sport depuis toujours, j\u2019en ai pratiqu\u00e9 quelques-uns. Judo, football, handball ou encore tennis, je n\u2019ai jamais pu me mettre d\u2019accord sur un en particulier. Mais \u00e7a, c\u2019\u00e9tait avant de d\u00e9couvrir le basket, devenu mon sport de pr\u00e9dilection. Les actions NBA, le All-Star Week-end, la fureur des Game 7 pendant les playoffs ou mieux, lors des Finals, this is why we play. Team Spurs T.P, je m\u2019accroche encore \u00e0 Gregg Popovich (don\u2019t leave !). Team chef Curry, je souhaite qu\u2019il finisse aux Warriors (staaaay !). Non, il n\u2019y a pas qu\u2019eux, des petits nouveaux -et des petites nouvelles \u00e9videmment- arrivent chaque jour dans toutes les disciplines et cr\u00e9ent de nouveaux exploits. Alors pour les grands \u00e9v\u00e9nements et comp\u00e9titions internationales, vive les pulsations 240\/minutes et le d\u00e9fibrillateur pas loin, et allez les Bleu(e)s ! C\u2019est s\u00fbr, j\u2019aurai plus vu ma vie sur un terrain de sport, mais \u00e0 d\u00e9faut d\u2019en faire en haut niveau, je le partage avec vous.\",\"sameAs\":[\"https:\/\/www.facebook.com\/soocube\",\"https:\/\/x.com\/https:\/\/twitter.com\/soocube\",\"admin\"],\"url\":\"https:\/\/dicodusport.fr\/blog\/author\/sophie\/\"}]}<\/script>\n<!-- \/ Yoast SEO Premium plugin. -->","yoast_head_json":{"title":"Descente hommes Val Gardena 2024 : Marco Odermatt en patron d'un doubl\u00e9 suisse","description":"COUPE DU MONDE DE SKI ALPIN 2024-2025 - Troisi\u00e8me du Super G la veille, Marco Odermatt s\u2019impose devant son compatriote Franjo Von Allmen.","robots":{"index":"index","follow":"follow","max-snippet":"max-snippet:-1","max-image-preview":"max-image-preview:large","max-video-preview":"max-video-preview:-1"},"canonical":"https:\/\/dicodusport.fr\/blog\/descente-hommes-val-gardena-2024-marco-odermatt-en-patron-d-un-double-suisse\/","og_locale":"fr_FR","og_type":"article","og_title":"Descente hommes Val Gardena 2024 : Marco Odermatt en patron d'un doubl\u00e9 suisse","og_description":"COUPE DU MONDE DE SKI ALPIN 2024-2025 - Troisi\u00e8me du Super G la veille, Marco Odermatt s\u2019impose devant son compatriote Franjo Von Allmen.","og_url":"https:\/\/dicodusport.fr\/blog\/descente-hommes-val-gardena-2024-marco-odermatt-en-patron-d-un-double-suisse\/","og_site_name":"Dicodusport","article_publisher":"https:\/\/www.facebook.com\/dicodusport","article_author":"https:\/\/www.facebook.com\/soocube","article_published_time":"2024-12-21T12:09:16+00:00","article_modified_time":"2024-12-21T12:44:11+00:00","og_image":[{"width":1200,"height":674,"url":"https:\/\/dicodusport.fr\/blog\/wp-content\/uploads\/2024\/12\/Descente-hommes-Val-Gardena-2024-Marco-Odermatt-en-patron-dun-double-suisse-1.png","type":"image\/png"}],"author":"Sophie Clapier","twitter_card":"summary_large_image","twitter_title":"Descente hommes Val Gardena 2024 : Marco Odermatt en patron d'un doubl\u00e9 suisse","twitter_creator":"@https:\/\/twitter.com\/soocube","twitter_site":"@dicodusport","schema":{"@context":"https:\/\/schema.org","@graph":[{"@type":"NewsArticle","@id":"https:\/\/dicodusport.fr\/blog\/descente-hommes-val-gardena-2024-marco-odermatt-en-patron-d-un-double-suisse\/#article","isPartOf":{"@id":"https:\/\/dicodusport.fr\/blog\/descente-hommes-val-gardena-2024-marco-odermatt-en-patron-d-un-double-suisse\/"},"author":{"name":"Sophie Clapier","@id":"https:\/\/dicodusport.fr\/blog\/#\/schema\/person\/416c975648aca9da8839bdfe333a21c9"},"headline":"Descente hommes Val Gardena 2024 : Marco Odermatt en patron d&rsquo;un doubl\u00e9 suisse","datePublished":"2024-12-21T12:09:16+00:00","dateModified":"2024-12-21T12:44:11+00:00","mainEntityOfPage":{"@id":"https:\/\/dicodusport.fr\/blog\/descente-hommes-val-gardena-2024-marco-odermatt-en-patron-d-un-double-suisse\/"},"wordCount":805,"commentCount":0,"publisher":{"@id":"https:\/\/dicodusport.fr\/blog\/#organization"},"image":{"@id":"https:\/\/dicodusport.fr\/blog\/descente-hommes-val-gardena-2024-marco-odermatt-en-patron-d-un-double-suisse\/#primaryimage"},"thumbnailUrl":"https:\/\/dicodusport.fr\/blog\/wp-content\/uploads\/2024\/12\/Descente-hommes-Val-Gardena-2024-Marco-Odermatt-en-patron-dun-double-suisse-1.png","keywords":["br\u00e8ve","Marco Odermatt","Ski alpin"],"articleSection":["Coupe du monde de ski alpin"],"inLanguage":"fr-FR","potentialAction":[{"@type":"CommentAction","name":"Comment","target":["https:\/\/dicodusport.fr\/blog\/descente-hommes-val-gardena-2024-marco-odermatt-en-patron-d-un-double-suisse\/#respond"]}],"copyrightYear":"2024","copyrightHolder":{"@id":"https:\/\/dicodusport.fr\/blog\/#organization"}},{"@type":"WebPage","@id":"https:\/\/dicodusport.fr\/blog\/descente-hommes-val-gardena-2024-marco-odermatt-en-patron-d-un-double-suisse\/","url":"https:\/\/dicodusport.fr\/blog\/descente-hommes-val-gardena-2024-marco-odermatt-en-patron-d-un-double-suisse\/","name":"Descente hommes Val Gardena 2024 : Marco Odermatt en patron d'un doubl\u00e9 suisse","isPartOf":{"@id":"https:\/\/dicodusport.fr\/blog\/#website"},"primaryImageOfPage":{"@id":"https:\/\/dicodusport.fr\/blog\/descente-hommes-val-gardena-2024-marco-odermatt-en-patron-d-un-double-suisse\/#primaryimage"},"image":{"@id":"https:\/\/dicodusport.fr\/blog\/descente-hommes-val-gardena-2024-marco-odermatt-en-patron-d-un-double-suisse\/#primaryimage"},"thumbnailUrl":"https:\/\/dicodusport.fr\/blog\/wp-content\/uploads\/2024\/12\/Descente-hommes-Val-Gardena-2024-Marco-Odermatt-en-patron-dun-double-suisse-1.png","datePublished":"2024-12-21T12:09:16+00:00","dateModified":"2024-12-21T12:44:11+00:00","description":"COUPE DU MONDE DE SKI ALPIN 2024-2025 - Troisi\u00e8me du Super G la veille, Marco Odermatt s\u2019impose devant son compatriote Franjo Von Allmen.","breadcrumb":{"@id":"https:\/\/dicodusport.fr\/blog\/descente-hommes-val-gardena-2024-marco-odermatt-en-patron-d-un-double-suisse\/#breadcrumb"},"inLanguage":"fr-FR","potentialAction":[{"@type":"ReadAction","target":["https:\/\/dicodusport.fr\/blog\/descente-hommes-val-gardena-2024-marco-odermatt-en-patron-d-un-double-suisse\/"]}]},{"@type":"ImageObject","inLanguage":"fr-FR","@id":"https:\/\/dicodusport.fr\/blog\/descente-hommes-val-gardena-2024-marco-odermatt-en-patron-d-un-double-suisse\/#primaryimage","url":"https:\/\/dicodusport.fr\/blog\/wp-content\/uploads\/2024\/12\/Descente-hommes-Val-Gardena-2024-Marco-Odermatt-en-patron-dun-double-suisse-1.png","contentUrl":"https:\/\/dicodusport.fr\/blog\/wp-content\/uploads\/2024\/12\/Descente-hommes-Val-Gardena-2024-Marco-Odermatt-en-patron-dun-double-suisse-1.png","width":1200,"height":674,"caption":"Descente hommes Val Gardena 2024 Marco Odermatt en patron d'un doubl\u00e9 suisse"},{"@type":"BreadcrumbList","@id":"https:\/\/dicodusport.fr\/blog\/descente-hommes-val-gardena-2024-marco-odermatt-en-patron-d-un-double-suisse\/#breadcrumb","itemListElement":[{"@type":"ListItem","position":1,"name":"Accueil","item":"https:\/\/dicodusport.fr\/blog\/"},{"@type":"ListItem","position":2,"name":"Descente hommes Val Gardena 2024 : Marco Odermatt en patron d&#8217;un doubl\u00e9 suisse"}]},{"@type":"WebSite","@id":"https:\/\/dicodusport.fr\/blog\/#website","url":"https:\/\/dicodusport.fr\/blog\/","name":"Dicodusport","description":"L&#039;encyclop\u00e9die de l&#039;actualit\u00e9 sportive","publisher":{"@id":"https:\/\/dicodusport.fr\/blog\/#organization"},"potentialAction":[{"@type":"SearchAction","target":{"@type":"EntryPoint","urlTemplate":"https:\/\/dicodusport.fr\/blog\/?s={search_term_string}"},"query-input":{"@type":"PropertyValueSpecification","valueRequired":true,"valueName":"search_term_string"}}],"inLanguage":"fr-FR"},{"@type":"NewsMediaOrganization","@id":"https:\/\/dicodusport.fr\/blog\/#organization","name":"Dicodusport","url":"https:\/\/dicodusport.fr\/blog\/","logo":{"@type":"ImageObject","inLanguage":"fr-FR","@id":"https:\/\/dicodusport.fr\/blog\/#\/schema\/logo\/image\/","url":"https:\/\/dicodusport.fr\/blog\/wp-content\/uploads\/2020\/06\/cropped-LOGO-DICODUSPORT-2020-SANS-FOND-SANS-TEXTE.png","contentUrl":"https:\/\/dicodusport.fr\/blog\/wp-content\/uploads\/2020\/06\/cropped-LOGO-DICODUSPORT-2020-SANS-FOND-SANS-TEXTE.png","width":512,"height":512,"caption":"Dicodusport"},"image":{"@id":"https:\/\/dicodusport.fr\/blog\/#\/schema\/logo\/image\/"},"sameAs":["https:\/\/www.facebook.com\/dicodusport","https:\/\/x.com\/dicodusport","https:\/\/www.instagram.com\/dicodusport\/","https:\/\/www.youtube.com\/channel\/UC7V2KZ5sd3htJivAbA4ZG3w"],"description":"Dicodusport est l'encyclop\u00e9die de l'actualit\u00e9 sportive.","email":"bonjour@dicodusport.fr","legalName":"DICODUSPORT","foundingDate":"2018-01-14","vatID":"FR71834470973","taxID":"83447097300043","numberOfEmployees":{"@type":"QuantitativeValue","minValue":"1","maxValue":"10"}},{"@type":"Person","@id":"https:\/\/dicodusport.fr\/blog\/#\/schema\/person\/416c975648aca9da8839bdfe333a21c9","name":"Sophie Clapier","image":{"@type":"ImageObject","inLanguage":"fr-FR","@id":"https:\/\/dicodusport.fr\/blog\/#\/schema\/person\/image\/","url":"https:\/\/dicodusport.fr\/blog\/wp-content\/uploads\/2021\/05\/Sophie-Clapier-150x150.jpg","contentUrl":"https:\/\/dicodusport.fr\/blog\/wp-content\/uploads\/2021\/05\/Sophie-Clapier-150x150.jpg","caption":"Sophie Clapier"},"description":"Journaliste\/r\u00e9dactrice depuis janvier 2016 - Passionn\u00e9e de sport depuis toujours, j\u2019en ai pratiqu\u00e9 quelques-uns. Judo, football, handball ou encore tennis, je n\u2019ai jamais pu me mettre d\u2019accord sur un en particulier. Mais \u00e7a, c\u2019\u00e9tait avant de d\u00e9couvrir le basket, devenu mon sport de pr\u00e9dilection. Les actions NBA, le All-Star Week-end, la fureur des Game 7 pendant les playoffs ou mieux, lors des Finals, this is why we play. Team Spurs T.P, je m\u2019accroche encore \u00e0 Gregg Popovich (don\u2019t leave !). Team chef Curry, je souhaite qu\u2019il finisse aux Warriors (staaaay !). Non, il n\u2019y a pas qu\u2019eux, des petits nouveaux -et des petites nouvelles \u00e9videmment- arrivent chaque jour dans toutes les disciplines et cr\u00e9ent de nouveaux exploits. Alors pour les grands \u00e9v\u00e9nements et comp\u00e9titions internationales, vive les pulsations 240\/minutes et le d\u00e9fibrillateur pas loin, et allez les Bleu(e)s ! C\u2019est s\u00fbr, j\u2019aurai plus vu ma vie sur un terrain de sport, mais \u00e0 d\u00e9faut d\u2019en faire en haut niveau, je le partage avec vous.","sameAs":["https:\/\/www.facebook.com\/soocube","https:\/\/x.com\/https:\/\/twitter.com\/soocube","admin"],"url":"https:\/\/dicodusport.fr\/blog\/author\/sophie\/"}]}},"_links":{"self":[{"href":"https:\/\/dicodusport.fr\/blog\/wp-json\/wp\/v2\/posts\/541442","targetHints":{"allow":["GET"]}}],"collection":[{"href":"https:\/\/dicodusport.fr\/blog\/wp-json\/wp\/v2\/posts"}],"about":[{"href":"https:\/\/dicodusport.fr\/blog\/wp-json\/wp\/v2\/types\/post"}],"author":[{"embeddable":true,"href":"https:\/\/dicodusport.fr\/blog\/wp-json\/wp\/v2\/users\/18"}],"replies":[{"embeddable":true,"href":"https:\/\/dicodusport.fr\/blog\/wp-json\/wp\/v2\/comments?post=541442"}],"version-history":[{"count":5,"href":"https:\/\/dicodusport.fr\/blog\/wp-json\/wp\/v2\/posts\/541442\/revisions"}],"predecessor-version":[{"id":541543,"href":"https:\/\/dicodusport.fr\/blog\/wp-json\/wp\/v2\/posts\/541442\/revisions\/541543"}],"wp:featuredmedia":[{"embeddable":true,"href":"https:\/\/dicodusport.fr\/blog\/wp-json\/wp\/v2\/media\/541542"}],"wp:attachment":[{"href":"https:\/\/dicodusport.fr\/blog\/wp-json\/wp\/v2\/media?parent=541442"}],"wp:term":[{"taxonomy":"category","embeddable":true,"href":"https:\/\/dicodusport.fr\/blog\/wp-json\/wp\/v2\/categories?post=541442"},{"taxonomy":"post_tag","embeddable":true,"href":"https:\/\/dicodusport.fr\/blog\/wp-json\/wp\/v2\/tags?post=541442"}],"curies":[{"name":"wp","href":"https:\/\/api.w.org\/{rel}","templated":true}]}}