{"id":541611,"date":"2024-12-21T15:52:51","date_gmt":"2024-12-21T14:52:51","guid":{"rendered":"https:\/\/dicodusport.fr\/blog\/?p=541611&#038;preview=true&#038;preview_id=541611"},"modified":"2024-12-21T15:57:56","modified_gmt":"2024-12-21T14:57:56","slug":"transferts-le-stade-toulousain-a-tranche-pour-lavenir-dugo-mola","status":"publish","type":"post","link":"https:\/\/dicodusport.fr\/blog\/transferts-le-stade-toulousain-a-tranche-pour-lavenir-dugo-mola\/","title":{"rendered":"Transferts : Le Stade Toulousain a tranch\u00e9 pour l&rsquo;avenir d&rsquo;Ugo Mola"},"content":{"rendered":"<h4 style=\"text-align: justify;\"><em>TRANSFERTS RUGBY &#8211; Selon <a href=\"https:\/\/www.lefigaro.fr\/sports\/rugby\/top-14\/top-14-ugo-mola-va-prolonger-au-stade-toulousain-20241221\">Le Figaro<\/a>, le Stade Toulousain va prolonger son manager Ugo Mola (51 ans) jusqu&rsquo;en juin 2031.<\/em><\/h4>\n<p style=\"text-align: justify;\">Le <a href=\"https:\/\/dicodusport.fr\/blog\/transferts-stade-toulousain-2025-arrivees-departs-et-prolongations\/\"><strong>Stade<\/strong> <strong>Toulousain<\/strong><\/a> r\u00e9alise un d\u00e9but de saison exceptionnelle apr\u00e8s avoir remport\u00e9 les deux comp\u00e9titions disput\u00e9es lors du dernier exercice, le <strong>Top 14<\/strong> et la<strong> Champions Cup<\/strong>. Mais les Toulousains ne sont pas rassasi\u00e9s, au contraire, et ont d&rsquo;ailleurs bien entam\u00e9 leur mercato pour la saison prochaine avec les signatures des Rochelais <strong>George-Henri<\/strong> <strong>Colombe<\/strong> (26 ans, pilier droit) et <strong>Teddy<\/strong> <strong>Thomas <\/strong>(31 ans, ailier\/centre).<\/p>\n<ul style=\"text-align: justify;\">\n<li style=\"text-align: justify;\"><b>\u00c0 ce sujet &#8211; <a href=\"https:\/\/dicodusport.fr\/blog\/transferts-rugby-matias-moroni-selestino-ravutaumada-toulon-les-infos-du-vendredi-20-decembre\/\" target=\"_blank\" rel=\"noopener\">Transferts Rugby : Matias Moroni, Selestino Ravutaumada, Toulon, les infos du vendredi 20 d\u00e9cembre<\/a><\/b><\/li>\n<\/ul>\n<h2 style=\"text-align: justify;\">Ugo Mola va prolonger<\/h2>\n<p style=\"text-align: justify;\">En parall\u00e8le, <strong>Ugo<\/strong> <strong>Mola <\/strong>(51 ans), consid\u00e9r\u00e9 comme un des grands artisans du succ\u00e8s du club toulousain, est lui li\u00e9 aux <em>Rouge et Noir<\/em> jusqu&rsquo;en juin 2027. Depuis quelques semaines, des discussions existent entre Didier Lacroix et son manager pour une prolongation de contrat. Selon nos confr\u00e8res du <em>Figaro<\/em>, un accord aurait m\u00eame \u00e9t\u00e9 trouv\u00e9 pour quatre saisons suppl\u00e9mentaires.<\/p>\n<p style=\"text-align: justify;\"><strong>Ugo<\/strong> <strong>Mola<\/strong> sera donc li\u00e9 au <strong>Stade<\/strong> <strong>Toulousain<\/strong> jusqu&rsquo;en juin 2031, soit pour six saisons en plus de celle en cours. Mais une clause devrait \u00eatre ajout\u00e9e \u00e0 ce nouveau bail. Cette derni\u00e8re permettrait \u00e0 <strong>Ugo<\/strong> <strong>Mola<\/strong> de quitter <strong>Toulouse<\/strong> en juin 2027, si le poste de s\u00e9lectionneur du <strong>XV de France<\/strong> lui \u00e9tait propos\u00e9. Affaire \u00e0 suivre.<\/p>\n<h2 style=\"text-align: justify;\">\u00c0 ce sujet<\/h2>\n<div class=\"vlp-link-container vlp-layout-article\"><a href=\"https:\/\/dicodusport.fr\/blog\/transferts-racing-92-laurent-travers-va-bien-signer-a-laviron-bayonnais\/\" class=\"vlp-link\" title=\"Transferts Racing 92 : Laurent Travers va bien signer \u00e0 l&#039;Aviron Bayonnais\"><\/a><div class=\"vlp-layout-zone-side\"><div class=\"vlp-block-4 vlp-link-image\"><img loading=\"lazy\" decoding=\"async\" style=\"max-width: 792px;\" width=\"792\" height=\"445\" src=\"https:\/\/dicodusport.fr\/blog\/wp-content\/uploads\/2024\/12\/Transferts-Racing-92-Laurent-Travers-va-bien-signer-a-lAviron-Bayonnais.png\" class=\"attachment-800x445 size-800x445\" alt=\"\" srcset=\"https:\/\/dicodusport.fr\/blog\/wp-content\/uploads\/2024\/12\/Transferts-Racing-92-Laurent-Travers-va-bien-signer-a-lAviron-Bayonnais.png 1200w, https:\/\/dicodusport.fr\/blog\/wp-content\/uploads\/2024\/12\/Transferts-Racing-92-Laurent-Travers-va-bien-signer-a-lAviron-Bayonnais-300x169.png 300w, https:\/\/dicodusport.fr\/blog\/wp-content\/uploads\/2024\/12\/Transferts-Racing-92-Laurent-Travers-va-bien-signer-a-lAviron-Bayonnais-1024x575.png 1024w, https:\/\/dicodusport.fr\/blog\/wp-content\/uploads\/2024\/12\/Transferts-Racing-92-Laurent-Travers-va-bien-signer-a-lAviron-Bayonnais-768x431.png 768w\" sizes=\"auto, (max-width: 792px) 100vw, 792px\" \/><\/div><\/div><div class=\"vlp-layout-zone-main\"><div class=\"vlp-block-0 vlp-link-title\">Transferts Racing 92 : Laurent Travers va bien signer \u00e0 l'Aviron Bayonnais<\/div><div class=\"vlp-block-1 vlp-link-summary\">TRANSFERTS RUGBY - Selon Sud-Ouest, Laurent Travers va bien rejoindre l'Aviron Bayonnais en qualit\u00e9 de directeur du rugby.<\/div><div class=\"vlp-block-2 vlp-link-button\">Lire l'article<\/div><div class=\"vlp-block-3 vlp-link-url\">dicodusport.fr<\/div><\/div><\/div>\n","protected":false},"excerpt":{"rendered":"<p>TRANSFERTS RUGBY &#8211; Selon Le Figaro, le Stade Toulousain va prolonger son manager Ugo Mola jusqu&rsquo;en juin 2031.<\/p>\n","protected":false},"author":1,"featured_media":541615,"comment_status":"open","ping_status":"closed","sticky":false,"template":"","format":"standard","meta":{"_acf_changed":false,"_daextam_enable_autolinks":"1","footnotes":""},"categories":[9129,47050],"tags":[32415,16878,4008,29105,4272],"class_list":["post-541611","post","type-post","status-publish","format-standard","has-post-thumbnail","hentry","category-rugby-a-xv","category-top-14","tag-actu","tag-breve","tag-stade-toulousain","tag-transferts-rugby","tag-ugo-mola"],"acf":[],"yoast_head":"<!-- This site is optimized with the Yoast SEO Premium plugin v26.7 (Yoast SEO v26.7) - https:\/\/yoast.com\/wordpress\/plugins\/seo\/ -->\n<title>Transferts : Le Stade Toulousain a tranch\u00e9 pour l&#039;avenir d&#039;Ugo Mola<\/title>\n<meta name=\"description\" content=\"TRANSFERTS RUGBY - Selon Le Figaro, le Stade Toulousain va prolonger son manager Ugo Mola jusqu&#039;en juin 2031.\" \/>\n<meta name=\"robots\" content=\"index, follow, max-snippet:-1, max-image-preview:large, max-video-preview:-1\" \/>\n<link rel=\"canonical\" href=\"https:\/\/dicodusport.fr\/blog\/transferts-le-stade-toulousain-a-tranche-pour-lavenir-dugo-mola\/\" \/>\n<meta property=\"og:locale\" content=\"fr_FR\" \/>\n<meta property=\"og:type\" content=\"article\" \/>\n<meta property=\"og:title\" content=\"Transferts : Le Stade Toulousain a tranch\u00e9 pour l&#039;avenir d&#039;Ugo Mola\" \/>\n<meta property=\"og:description\" content=\"TRANSFERTS RUGBY - Selon Le Figaro, le Stade Toulousain va prolonger son manager Ugo Mola jusqu&#039;en juin 2031.\" \/>\n<meta property=\"og:url\" content=\"https:\/\/dicodusport.fr\/blog\/transferts-le-stade-toulousain-a-tranche-pour-lavenir-dugo-mola\/\" \/>\n<meta property=\"og:site_name\" content=\"Dicodusport\" \/>\n<meta property=\"article:publisher\" content=\"https:\/\/www.facebook.com\/dicodusport\" \/>\n<meta property=\"article:author\" content=\"https:\/\/www.facebook.com\/dicodusport\" \/>\n<meta property=\"article:published_time\" content=\"2024-12-21T14:52:51+00:00\" \/>\n<meta property=\"article:modified_time\" content=\"2024-12-21T14:57:56+00:00\" \/>\n<meta property=\"og:image\" content=\"https:\/\/dicodusport.fr\/blog\/wp-content\/uploads\/2024\/12\/Transferts-Le-Stade-Toulousain-a-tranche-pour-lavenir-dUgo-Mola.png\" \/>\n\t<meta property=\"og:image:width\" content=\"1200\" \/>\n\t<meta property=\"og:image:height\" content=\"674\" \/>\n\t<meta property=\"og:image:type\" content=\"image\/png\" \/>\n<meta name=\"author\" content=\"Nicolas Jacquemard\" \/>\n<meta name=\"twitter:card\" content=\"summary_large_image\" \/>\n<meta name=\"twitter:title\" content=\"Transferts : Le Stade Toulousain a tranch\u00e9 pour l&#039;avenir d&#039;Ugo Mola\" \/>\n<meta name=\"twitter:creator\" content=\"@https:\/\/twitter.com\/Nico_Jacquemard\" \/>\n<meta name=\"twitter:site\" content=\"@dicodusport\" \/>\n<script type=\"application\/ld+json\" class=\"yoast-schema-graph\">{\"@context\":\"https:\/\/schema.org\",\"@graph\":[{\"@type\":\"NewsArticle\",\"@id\":\"https:\/\/dicodusport.fr\/blog\/transferts-le-stade-toulousain-a-tranche-pour-lavenir-dugo-mola\/#article\",\"isPartOf\":{\"@id\":\"https:\/\/dicodusport.fr\/blog\/transferts-le-stade-toulousain-a-tranche-pour-lavenir-dugo-mola\/\"},\"author\":{\"name\":\"Nicolas Jacquemard\",\"@id\":\"https:\/\/dicodusport.fr\/blog\/#\/schema\/person\/55dcb50ad410894e431ed812bbb70191\"},\"headline\":\"Transferts : Le Stade Toulousain a tranch\u00e9 pour l&rsquo;avenir d&rsquo;Ugo Mola\",\"datePublished\":\"2024-12-21T14:52:51+00:00\",\"dateModified\":\"2024-12-21T14:57:56+00:00\",\"mainEntityOfPage\":{\"@id\":\"https:\/\/dicodusport.fr\/blog\/transferts-le-stade-toulousain-a-tranche-pour-lavenir-dugo-mola\/\"},\"wordCount\":332,\"commentCount\":0,\"publisher\":{\"@id\":\"https:\/\/dicodusport.fr\/blog\/#organization\"},\"image\":{\"@id\":\"https:\/\/dicodusport.fr\/blog\/transferts-le-stade-toulousain-a-tranche-pour-lavenir-dugo-mola\/#primaryimage\"},\"thumbnailUrl\":\"https:\/\/dicodusport.fr\/blog\/wp-content\/uploads\/2024\/12\/Transferts-Le-Stade-Toulousain-a-tranche-pour-lavenir-dUgo-Mola.png\",\"keywords\":[\"actu\",\"br\u00e8ve\",\"Stade Toulousain\",\"Transferts rugby\",\"Ugo Mola\"],\"articleSection\":[\"Rugby \u00e0 XV\",\"Top 14\"],\"inLanguage\":\"fr-FR\",\"potentialAction\":[{\"@type\":\"CommentAction\",\"name\":\"Comment\",\"target\":[\"https:\/\/dicodusport.fr\/blog\/transferts-le-stade-toulousain-a-tranche-pour-lavenir-dugo-mola\/#respond\"]}],\"copyrightYear\":\"2024\",\"copyrightHolder\":{\"@id\":\"https:\/\/dicodusport.fr\/blog\/#organization\"}},{\"@type\":\"WebPage\",\"@id\":\"https:\/\/dicodusport.fr\/blog\/transferts-le-stade-toulousain-a-tranche-pour-lavenir-dugo-mola\/\",\"url\":\"https:\/\/dicodusport.fr\/blog\/transferts-le-stade-toulousain-a-tranche-pour-lavenir-dugo-mola\/\",\"name\":\"Transferts : Le Stade Toulousain a tranch\u00e9 pour l'avenir d'Ugo Mola\",\"isPartOf\":{\"@id\":\"https:\/\/dicodusport.fr\/blog\/#website\"},\"primaryImageOfPage\":{\"@id\":\"https:\/\/dicodusport.fr\/blog\/transferts-le-stade-toulousain-a-tranche-pour-lavenir-dugo-mola\/#primaryimage\"},\"image\":{\"@id\":\"https:\/\/dicodusport.fr\/blog\/transferts-le-stade-toulousain-a-tranche-pour-lavenir-dugo-mola\/#primaryimage\"},\"thumbnailUrl\":\"https:\/\/dicodusport.fr\/blog\/wp-content\/uploads\/2024\/12\/Transferts-Le-Stade-Toulousain-a-tranche-pour-lavenir-dUgo-Mola.png\",\"datePublished\":\"2024-12-21T14:52:51+00:00\",\"dateModified\":\"2024-12-21T14:57:56+00:00\",\"description\":\"TRANSFERTS RUGBY - Selon Le Figaro, le Stade Toulousain va prolonger son manager Ugo Mola jusqu'en juin 2031.\",\"breadcrumb\":{\"@id\":\"https:\/\/dicodusport.fr\/blog\/transferts-le-stade-toulousain-a-tranche-pour-lavenir-dugo-mola\/#breadcrumb\"},\"inLanguage\":\"fr-FR\",\"potentialAction\":[{\"@type\":\"ReadAction\",\"target\":[\"https:\/\/dicodusport.fr\/blog\/transferts-le-stade-toulousain-a-tranche-pour-lavenir-dugo-mola\/\"]}]},{\"@type\":\"ImageObject\",\"inLanguage\":\"fr-FR\",\"@id\":\"https:\/\/dicodusport.fr\/blog\/transferts-le-stade-toulousain-a-tranche-pour-lavenir-dugo-mola\/#primaryimage\",\"url\":\"https:\/\/dicodusport.fr\/blog\/wp-content\/uploads\/2024\/12\/Transferts-Le-Stade-Toulousain-a-tranche-pour-lavenir-dUgo-Mola.png\",\"contentUrl\":\"https:\/\/dicodusport.fr\/blog\/wp-content\/uploads\/2024\/12\/Transferts-Le-Stade-Toulousain-a-tranche-pour-lavenir-dUgo-Mola.png\",\"width\":1200,\"height\":674},{\"@type\":\"BreadcrumbList\",\"@id\":\"https:\/\/dicodusport.fr\/blog\/transferts-le-stade-toulousain-a-tranche-pour-lavenir-dugo-mola\/#breadcrumb\",\"itemListElement\":[{\"@type\":\"ListItem\",\"position\":1,\"name\":\"Accueil\",\"item\":\"https:\/\/dicodusport.fr\/blog\/\"},{\"@type\":\"ListItem\",\"position\":2,\"name\":\"Transferts : Le Stade Toulousain a tranch\u00e9 pour l&#8217;avenir d&#8217;Ugo Mola\"}]},{\"@type\":\"WebSite\",\"@id\":\"https:\/\/dicodusport.fr\/blog\/#website\",\"url\":\"https:\/\/dicodusport.fr\/blog\/\",\"name\":\"Dicodusport\",\"description\":\"L&#039;encyclop\u00e9die de l&#039;actualit\u00e9 sportive\",\"publisher\":{\"@id\":\"https:\/\/dicodusport.fr\/blog\/#organization\"},\"potentialAction\":[{\"@type\":\"SearchAction\",\"target\":{\"@type\":\"EntryPoint\",\"urlTemplate\":\"https:\/\/dicodusport.fr\/blog\/?s={search_term_string}\"},\"query-input\":{\"@type\":\"PropertyValueSpecification\",\"valueRequired\":true,\"valueName\":\"search_term_string\"}}],\"inLanguage\":\"fr-FR\"},{\"@type\":\"NewsMediaOrganization\",\"@id\":\"https:\/\/dicodusport.fr\/blog\/#organization\",\"name\":\"Dicodusport\",\"url\":\"https:\/\/dicodusport.fr\/blog\/\",\"logo\":{\"@type\":\"ImageObject\",\"inLanguage\":\"fr-FR\",\"@id\":\"https:\/\/dicodusport.fr\/blog\/#\/schema\/logo\/image\/\",\"url\":\"https:\/\/dicodusport.fr\/blog\/wp-content\/uploads\/2020\/06\/cropped-LOGO-DICODUSPORT-2020-SANS-FOND-SANS-TEXTE.png\",\"contentUrl\":\"https:\/\/dicodusport.fr\/blog\/wp-content\/uploads\/2020\/06\/cropped-LOGO-DICODUSPORT-2020-SANS-FOND-SANS-TEXTE.png\",\"width\":512,\"height\":512,\"caption\":\"Dicodusport\"},\"image\":{\"@id\":\"https:\/\/dicodusport.fr\/blog\/#\/schema\/logo\/image\/\"},\"sameAs\":[\"https:\/\/www.facebook.com\/dicodusport\",\"https:\/\/x.com\/dicodusport\",\"https:\/\/www.instagram.com\/dicodusport\/\",\"https:\/\/www.youtube.com\/channel\/UC7V2KZ5sd3htJivAbA4ZG3w\"],\"description\":\"Dicodusport est l'encyclop\u00e9die de l'actualit\u00e9 sportive.\",\"email\":\"bonjour@dicodusport.fr\",\"legalName\":\"DICODUSPORT\",\"foundingDate\":\"2018-01-14\",\"vatID\":\"FR71834470973\",\"taxID\":\"83447097300043\",\"numberOfEmployees\":{\"@type\":\"QuantitativeValue\",\"minValue\":\"1\",\"maxValue\":\"10\"}},{\"@type\":\"Person\",\"@id\":\"https:\/\/dicodusport.fr\/blog\/#\/schema\/person\/55dcb50ad410894e431ed812bbb70191\",\"name\":\"Nicolas Jacquemard\",\"image\":{\"@type\":\"ImageObject\",\"inLanguage\":\"fr-FR\",\"@id\":\"https:\/\/dicodusport.fr\/blog\/#\/schema\/person\/image\/\",\"url\":\"https:\/\/dicodusport.fr\/blog\/wp-content\/uploads\/2021\/05\/Nicolas-Jacquemard-150x150.jpeg\",\"contentUrl\":\"https:\/\/dicodusport.fr\/blog\/wp-content\/uploads\/2021\/05\/Nicolas-Jacquemard-150x150.jpeg\",\"caption\":\"Nicolas Jacquemard\"},\"description\":\"Passionn\u00e9 de sport et entrepreneur depuis mes 18 ans, la cr\u00e9ation de Dicodusport m'a sembl\u00e9 \u00e9vidente pour participer \u00e0 la m\u00e9diatisation d'un plus grand nombre de sports. Le chemin est long mais avec une \u00e9quipe des plus motiv\u00e9es et les Jeux Olympiques de Paris 2024 en point de mire, nous y arriverons ! Journaliste dans le monde du sport depuis plus de 5 ans, je traite aussi bien de football, de rugby, de biathlon que de cyclisme.\",\"sameAs\":[\"https:\/\/www.facebook.com\/dicodusport\",\"https:\/\/x.com\/https:\/\/twitter.com\/Nico_Jacquemard\"],\"url\":\"https:\/\/dicodusport.fr\/blog\/author\/dicodusport\/\"}]}<\/script>\n<!-- \/ Yoast SEO Premium plugin. -->","yoast_head_json":{"title":"Transferts : Le Stade Toulousain a tranch\u00e9 pour l'avenir d'Ugo Mola","description":"TRANSFERTS RUGBY - Selon Le Figaro, le Stade Toulousain va prolonger son manager Ugo Mola jusqu'en juin 2031.","robots":{"index":"index","follow":"follow","max-snippet":"max-snippet:-1","max-image-preview":"max-image-preview:large","max-video-preview":"max-video-preview:-1"},"canonical":"https:\/\/dicodusport.fr\/blog\/transferts-le-stade-toulousain-a-tranche-pour-lavenir-dugo-mola\/","og_locale":"fr_FR","og_type":"article","og_title":"Transferts : Le Stade Toulousain a tranch\u00e9 pour l'avenir d'Ugo Mola","og_description":"TRANSFERTS RUGBY - Selon Le Figaro, le Stade Toulousain va prolonger son manager Ugo Mola jusqu'en juin 2031.","og_url":"https:\/\/dicodusport.fr\/blog\/transferts-le-stade-toulousain-a-tranche-pour-lavenir-dugo-mola\/","og_site_name":"Dicodusport","article_publisher":"https:\/\/www.facebook.com\/dicodusport","article_author":"https:\/\/www.facebook.com\/dicodusport","article_published_time":"2024-12-21T14:52:51+00:00","article_modified_time":"2024-12-21T14:57:56+00:00","og_image":[{"width":1200,"height":674,"url":"https:\/\/dicodusport.fr\/blog\/wp-content\/uploads\/2024\/12\/Transferts-Le-Stade-Toulousain-a-tranche-pour-lavenir-dUgo-Mola.png","type":"image\/png"}],"author":"Nicolas Jacquemard","twitter_card":"summary_large_image","twitter_title":"Transferts : Le Stade Toulousain a tranch\u00e9 pour l'avenir d'Ugo Mola","twitter_creator":"@https:\/\/twitter.com\/Nico_Jacquemard","twitter_site":"@dicodusport","schema":{"@context":"https:\/\/schema.org","@graph":[{"@type":"NewsArticle","@id":"https:\/\/dicodusport.fr\/blog\/transferts-le-stade-toulousain-a-tranche-pour-lavenir-dugo-mola\/#article","isPartOf":{"@id":"https:\/\/dicodusport.fr\/blog\/transferts-le-stade-toulousain-a-tranche-pour-lavenir-dugo-mola\/"},"author":{"name":"Nicolas Jacquemard","@id":"https:\/\/dicodusport.fr\/blog\/#\/schema\/person\/55dcb50ad410894e431ed812bbb70191"},"headline":"Transferts : Le Stade Toulousain a tranch\u00e9 pour l&rsquo;avenir d&rsquo;Ugo Mola","datePublished":"2024-12-21T14:52:51+00:00","dateModified":"2024-12-21T14:57:56+00:00","mainEntityOfPage":{"@id":"https:\/\/dicodusport.fr\/blog\/transferts-le-stade-toulousain-a-tranche-pour-lavenir-dugo-mola\/"},"wordCount":332,"commentCount":0,"publisher":{"@id":"https:\/\/dicodusport.fr\/blog\/#organization"},"image":{"@id":"https:\/\/dicodusport.fr\/blog\/transferts-le-stade-toulousain-a-tranche-pour-lavenir-dugo-mola\/#primaryimage"},"thumbnailUrl":"https:\/\/dicodusport.fr\/blog\/wp-content\/uploads\/2024\/12\/Transferts-Le-Stade-Toulousain-a-tranche-pour-lavenir-dUgo-Mola.png","keywords":["actu","br\u00e8ve","Stade Toulousain","Transferts rugby","Ugo Mola"],"articleSection":["Rugby \u00e0 XV","Top 14"],"inLanguage":"fr-FR","potentialAction":[{"@type":"CommentAction","name":"Comment","target":["https:\/\/dicodusport.fr\/blog\/transferts-le-stade-toulousain-a-tranche-pour-lavenir-dugo-mola\/#respond"]}],"copyrightYear":"2024","copyrightHolder":{"@id":"https:\/\/dicodusport.fr\/blog\/#organization"}},{"@type":"WebPage","@id":"https:\/\/dicodusport.fr\/blog\/transferts-le-stade-toulousain-a-tranche-pour-lavenir-dugo-mola\/","url":"https:\/\/dicodusport.fr\/blog\/transferts-le-stade-toulousain-a-tranche-pour-lavenir-dugo-mola\/","name":"Transferts : Le Stade Toulousain a tranch\u00e9 pour l'avenir d'Ugo Mola","isPartOf":{"@id":"https:\/\/dicodusport.fr\/blog\/#website"},"primaryImageOfPage":{"@id":"https:\/\/dicodusport.fr\/blog\/transferts-le-stade-toulousain-a-tranche-pour-lavenir-dugo-mola\/#primaryimage"},"image":{"@id":"https:\/\/dicodusport.fr\/blog\/transferts-le-stade-toulousain-a-tranche-pour-lavenir-dugo-mola\/#primaryimage"},"thumbnailUrl":"https:\/\/dicodusport.fr\/blog\/wp-content\/uploads\/2024\/12\/Transferts-Le-Stade-Toulousain-a-tranche-pour-lavenir-dUgo-Mola.png","datePublished":"2024-12-21T14:52:51+00:00","dateModified":"2024-12-21T14:57:56+00:00","description":"TRANSFERTS RUGBY - Selon Le Figaro, le Stade Toulousain va prolonger son manager Ugo Mola jusqu'en juin 2031.","breadcrumb":{"@id":"https:\/\/dicodusport.fr\/blog\/transferts-le-stade-toulousain-a-tranche-pour-lavenir-dugo-mola\/#breadcrumb"},"inLanguage":"fr-FR","potentialAction":[{"@type":"ReadAction","target":["https:\/\/dicodusport.fr\/blog\/transferts-le-stade-toulousain-a-tranche-pour-lavenir-dugo-mola\/"]}]},{"@type":"ImageObject","inLanguage":"fr-FR","@id":"https:\/\/dicodusport.fr\/blog\/transferts-le-stade-toulousain-a-tranche-pour-lavenir-dugo-mola\/#primaryimage","url":"https:\/\/dicodusport.fr\/blog\/wp-content\/uploads\/2024\/12\/Transferts-Le-Stade-Toulousain-a-tranche-pour-lavenir-dUgo-Mola.png","contentUrl":"https:\/\/dicodusport.fr\/blog\/wp-content\/uploads\/2024\/12\/Transferts-Le-Stade-Toulousain-a-tranche-pour-lavenir-dUgo-Mola.png","width":1200,"height":674},{"@type":"BreadcrumbList","@id":"https:\/\/dicodusport.fr\/blog\/transferts-le-stade-toulousain-a-tranche-pour-lavenir-dugo-mola\/#breadcrumb","itemListElement":[{"@type":"ListItem","position":1,"name":"Accueil","item":"https:\/\/dicodusport.fr\/blog\/"},{"@type":"ListItem","position":2,"name":"Transferts : Le Stade Toulousain a tranch\u00e9 pour l&#8217;avenir d&#8217;Ugo Mola"}]},{"@type":"WebSite","@id":"https:\/\/dicodusport.fr\/blog\/#website","url":"https:\/\/dicodusport.fr\/blog\/","name":"Dicodusport","description":"L&#039;encyclop\u00e9die de l&#039;actualit\u00e9 sportive","publisher":{"@id":"https:\/\/dicodusport.fr\/blog\/#organization"},"potentialAction":[{"@type":"SearchAction","target":{"@type":"EntryPoint","urlTemplate":"https:\/\/dicodusport.fr\/blog\/?s={search_term_string}"},"query-input":{"@type":"PropertyValueSpecification","valueRequired":true,"valueName":"search_term_string"}}],"inLanguage":"fr-FR"},{"@type":"NewsMediaOrganization","@id":"https:\/\/dicodusport.fr\/blog\/#organization","name":"Dicodusport","url":"https:\/\/dicodusport.fr\/blog\/","logo":{"@type":"ImageObject","inLanguage":"fr-FR","@id":"https:\/\/dicodusport.fr\/blog\/#\/schema\/logo\/image\/","url":"https:\/\/dicodusport.fr\/blog\/wp-content\/uploads\/2020\/06\/cropped-LOGO-DICODUSPORT-2020-SANS-FOND-SANS-TEXTE.png","contentUrl":"https:\/\/dicodusport.fr\/blog\/wp-content\/uploads\/2020\/06\/cropped-LOGO-DICODUSPORT-2020-SANS-FOND-SANS-TEXTE.png","width":512,"height":512,"caption":"Dicodusport"},"image":{"@id":"https:\/\/dicodusport.fr\/blog\/#\/schema\/logo\/image\/"},"sameAs":["https:\/\/www.facebook.com\/dicodusport","https:\/\/x.com\/dicodusport","https:\/\/www.instagram.com\/dicodusport\/","https:\/\/www.youtube.com\/channel\/UC7V2KZ5sd3htJivAbA4ZG3w"],"description":"Dicodusport est l'encyclop\u00e9die de l'actualit\u00e9 sportive.","email":"bonjour@dicodusport.fr","legalName":"DICODUSPORT","foundingDate":"2018-01-14","vatID":"FR71834470973","taxID":"83447097300043","numberOfEmployees":{"@type":"QuantitativeValue","minValue":"1","maxValue":"10"}},{"@type":"Person","@id":"https:\/\/dicodusport.fr\/blog\/#\/schema\/person\/55dcb50ad410894e431ed812bbb70191","name":"Nicolas Jacquemard","image":{"@type":"ImageObject","inLanguage":"fr-FR","@id":"https:\/\/dicodusport.fr\/blog\/#\/schema\/person\/image\/","url":"https:\/\/dicodusport.fr\/blog\/wp-content\/uploads\/2021\/05\/Nicolas-Jacquemard-150x150.jpeg","contentUrl":"https:\/\/dicodusport.fr\/blog\/wp-content\/uploads\/2021\/05\/Nicolas-Jacquemard-150x150.jpeg","caption":"Nicolas Jacquemard"},"description":"Passionn\u00e9 de sport et entrepreneur depuis mes 18 ans, la cr\u00e9ation de Dicodusport m'a sembl\u00e9 \u00e9vidente pour participer \u00e0 la m\u00e9diatisation d'un plus grand nombre de sports. Le chemin est long mais avec une \u00e9quipe des plus motiv\u00e9es et les Jeux Olympiques de Paris 2024 en point de mire, nous y arriverons ! Journaliste dans le monde du sport depuis plus de 5 ans, je traite aussi bien de football, de rugby, de biathlon que de cyclisme.","sameAs":["https:\/\/www.facebook.com\/dicodusport","https:\/\/x.com\/https:\/\/twitter.com\/Nico_Jacquemard"],"url":"https:\/\/dicodusport.fr\/blog\/author\/dicodusport\/"}]}},"_links":{"self":[{"href":"https:\/\/dicodusport.fr\/blog\/wp-json\/wp\/v2\/posts\/541611","targetHints":{"allow":["GET"]}}],"collection":[{"href":"https:\/\/dicodusport.fr\/blog\/wp-json\/wp\/v2\/posts"}],"about":[{"href":"https:\/\/dicodusport.fr\/blog\/wp-json\/wp\/v2\/types\/post"}],"author":[{"embeddable":true,"href":"https:\/\/dicodusport.fr\/blog\/wp-json\/wp\/v2\/users\/1"}],"replies":[{"embeddable":true,"href":"https:\/\/dicodusport.fr\/blog\/wp-json\/wp\/v2\/comments?post=541611"}],"version-history":[{"count":2,"href":"https:\/\/dicodusport.fr\/blog\/wp-json\/wp\/v2\/posts\/541611\/revisions"}],"predecessor-version":[{"id":541619,"href":"https:\/\/dicodusport.fr\/blog\/wp-json\/wp\/v2\/posts\/541611\/revisions\/541619"}],"wp:featuredmedia":[{"embeddable":true,"href":"https:\/\/dicodusport.fr\/blog\/wp-json\/wp\/v2\/media\/541615"}],"wp:attachment":[{"href":"https:\/\/dicodusport.fr\/blog\/wp-json\/wp\/v2\/media?parent=541611"}],"wp:term":[{"taxonomy":"category","embeddable":true,"href":"https:\/\/dicodusport.fr\/blog\/wp-json\/wp\/v2\/categories?post=541611"},{"taxonomy":"post_tag","embeddable":true,"href":"https:\/\/dicodusport.fr\/blog\/wp-json\/wp\/v2\/tags?post=541611"}],"curies":[{"name":"wp","href":"https:\/\/api.w.org\/{rel}","templated":true}]}}