{"id":541776,"date":"2024-12-22T11:55:25","date_gmt":"2024-12-22T10:55:25","guid":{"rendered":"https:\/\/dicodusport.fr\/blog\/?p=541776&#038;preview=true&#038;preview_id=541776"},"modified":"2025-07-09T18:37:53","modified_gmt":"2025-07-09T16:37:53","slug":"ibu-cup-obertilliach-les-bleus-sur-le-podium-du-premier-relais-de-la-saison","status":"publish","type":"post","link":"https:\/\/dicodusport.fr\/blog\/ibu-cup-obertilliach-les-bleus-sur-le-podium-du-premier-relais-de-la-saison\/","title":{"rendered":"IBU Cup Obertilliach : Les Bleus sur le podium du premier relais mixte de la saison"},"content":{"rendered":"<h4 style=\"text-align: justify;\"><em>IBU CUP 2024\/2025 &#8211; Encore un podium pour l\u2019\u00e9quipe de France. Ga\u00ebtan Paturel, Oscar Lombardot, Chlo\u00e9 Chevalier et Paula Botet montent sur la troisi\u00e8me marche du premier relais de la saison, remport\u00e9 par la Norv\u00e8ge devant l&rsquo;Allemagne.<\/em><\/h4>\n<p style=\"text-align: justify;\">Si ce n&rsquo;est du c\u00f4t\u00e9 des hommes, il existe peu de podiums sur lesquels les Bleus ne sont pas encore mont\u00e9s en ce d\u00e9but de saison. Preuve en est encore aujourd\u2019hui avec la place d\u00e9croch\u00e9e sur le relais mixte par <strong>Ga\u00ebtan Paturel<\/strong>, <strong>Oscar Lombardot<\/strong>, <strong>Chlo\u00e9 Chevalier<\/strong> et <strong>Paula Botet<\/strong>, le premier relais de la saison.<\/p>\n<h2>Nouveau podium tricolore en IBU Cup pour l&rsquo;\u00e9quipe de France<\/h2>\n<p style=\"text-align: justify;\">Avec la lourde tache de lancer l\u2019\u00e9quipe de France, <strong>Ga\u00ebtan Paturel<\/strong> a quelque peu trembl\u00e9 derri\u00e8re la carabine, mais pas de quoi \u00e9teindre les espoirs des Bleus. Malgr\u00e9 3 pioches sur l\u2019ensemble des dix tirs, sa glisse lui a permis de s\u2019accrocher \u00e0 la troisi\u00e8me position derri\u00e8re l\u2019Allemagne et la Norv\u00e8ge, confortablement install\u00e9es en t\u00eate de course avec un vingtaine de secondes d\u2019avance sur la France. Le relais de <strong>David Zobel<\/strong>, <strong>Johan-Olav Botn<\/strong> et <strong>Oscar Lombardot<\/strong> n\u2019a pas modifi\u00e9 le podium provisoire mais les \u00e9carts se sont davantage creus\u00e9s avec les poursuivants. Si l\u2019Allemand et le Norv\u00e9gien bataillaient fort pour la victoire, la France \u00e9tait distanc\u00e9e de 40 secondes du duo de leaders, en gardant n\u00e9anmoins une belle marge sur l\u2019Italie, 4<sup>\u00e8me<\/sup> avant le lancement des femmes.<\/p>\n<p style=\"text-align: justify;\">Mais si <strong>Chlo\u00e9 Chevalier<\/strong> a tenu un moment \u00e0 distance <strong>Linda Zingerle<\/strong>, comptant plus de 30 secondes d\u2019avance \u00e0 l\u2019arriv\u00e9e sur le debout, elle a perdu un temps monstre sur le pas de tir. Avec deux pioches \u00e9galement, la Fran\u00e7aise a vu l\u2019Italienne repartir \u00e0 ses c\u00f4t\u00e9s, ou presque (+4 secondes). L\u2019\u00e9quipe de France poss\u00e9dait n\u00e9anmoins une meilleure finisseuse que les Transalpins en la personne de <strong>Paula Botet<\/strong>, <a href=\"https:\/\/dicodusport.fr\/blog\/ibu-cup-obertilliach-paula-botet-et-camille-bened-s-illustrent-sur-la-mass-start-60\/\">\u00e9tincelante depuis le d\u00e9but de saison<\/a>. Alors que l\u2019Allemagne et la Norv\u00e8ge continuaient de lutter pour la premi\u00e8re place, la Fran\u00e7aise distan\u00e7ait <strong>Ilaria Scattolo<\/strong> sur la piste, assurant le podium aux Bleus malgr\u00e9 une faute sur l\u2019ultime exercice. Et c\u2019est finalement <strong>Femsteinevik<\/strong> qui a d\u00e9pos\u00e9 <strong>Schneider<\/strong> dans la derni\u00e8re boucle pour offrir la victoire \u00e0 la Norv\u00e8ge devant l\u2019Allemagne.<\/p>\n<blockquote class=\"twitter-tweet\">\n<p dir=\"ltr\" lang=\"en\">IBU Cup Obertilliach<br \/>\nMixed Relay:<br \/>\n\ud83e\udd47Norway<br \/>\n\ud83e\udd48Germany<br \/>\n\ud83e\udd49France<a href=\"https:\/\/twitter.com\/hashtag\/biathlon?src=hash&amp;ref_src=twsrc%5Etfw\">#biathlon<\/a><\/p>\n<p>\u2014 Biathlon23 (@biathlon23) <a href=\"https:\/\/twitter.com\/biathlon23\/status\/1870786408299860168?ref_src=twsrc%5Etfw\">December 22, 2024<\/a><\/p><\/blockquote>\n<p><script async src=\"https:\/\/platform.twitter.com\/widgets.js\" charset=\"utf-8\"><\/script><\/p>\n","protected":false},"excerpt":{"rendered":"<p>IBU CUP 2024\/2025 &#8211; Encore un podium pour l\u2019\u00e9quipe de France. Ga\u00ebtan Paturel, Oscar Lombardot, Chlo\u00e9 Chevalier et Paula Botet montent sur la troisi\u00e8me marche du premier relais de la saison, remport\u00e9 par la Norv\u00e8ge devant l&rsquo;Allemagne.<\/p>\n","protected":false},"author":18,"featured_media":541900,"comment_status":"open","ping_status":"closed","sticky":false,"template":"","format":"standard","meta":{"_acf_changed":false,"_daextam_enable_autolinks":"1","footnotes":""},"categories":[2426],"tags":[2427,16878,2696,15103,22724,20988,3877],"class_list":["post-541776","post","type-post","status-publish","format-standard","has-post-thumbnail","hentry","category-biathlon","tag-biathlon","tag-breve","tag-ibu-cup","tag-ibu-cup-obertilliach","tag-oscar-lombardot","tag-paula-botet","tag-relais-mixte"],"acf":[],"yoast_head":"<!-- This site is optimized with the Yoast SEO Premium plugin v26.7 (Yoast SEO v26.7) - https:\/\/yoast.com\/wordpress\/plugins\/seo\/ -->\n<title>IBU Cup Obertilliach : Les Bleus sur le podium du premier relais mixte de la saison<\/title>\n<meta name=\"description\" content=\"IBU CUP 2024\/2025 - Ga\u00ebtan Paturel, Oscar Lombardot, Chlo\u00e9 Chevalier et Paula Botet montent sur la troisi\u00e8me marche du relais mixte.\" \/>\n<meta name=\"robots\" content=\"index, follow, max-snippet:-1, max-image-preview:large, max-video-preview:-1\" \/>\n<link rel=\"canonical\" href=\"https:\/\/dicodusport.fr\/blog\/ibu-cup-obertilliach-les-bleus-sur-le-podium-du-premier-relais-de-la-saison\/\" \/>\n<meta property=\"og:locale\" content=\"fr_FR\" \/>\n<meta property=\"og:type\" content=\"article\" \/>\n<meta property=\"og:title\" content=\"IBU Cup Obertilliach : Les Bleus sur le podium du premier relais mixte de la saison\" \/>\n<meta property=\"og:description\" content=\"IBU CUP 2024\/2025 - Ga\u00ebtan Paturel, Oscar Lombardot, Chlo\u00e9 Chevalier et Paula Botet montent sur la troisi\u00e8me marche du relais mixte.\" \/>\n<meta property=\"og:url\" content=\"https:\/\/dicodusport.fr\/blog\/ibu-cup-obertilliach-les-bleus-sur-le-podium-du-premier-relais-de-la-saison\/\" \/>\n<meta property=\"og:site_name\" content=\"Dicodusport\" \/>\n<meta property=\"article:publisher\" content=\"https:\/\/www.facebook.com\/dicodusport\" \/>\n<meta property=\"article:author\" content=\"https:\/\/www.facebook.com\/soocube\" \/>\n<meta property=\"article:published_time\" content=\"2024-12-22T10:55:25+00:00\" \/>\n<meta property=\"article:modified_time\" content=\"2025-07-09T16:37:53+00:00\" \/>\n<meta property=\"og:image\" content=\"https:\/\/dicodusport.fr\/blog\/wp-content\/uploads\/2024\/12\/IBU-Cup-Obertilliach-Les-Bleus-sur-le-podium-du-premier-relais-mixte-de-la-saison.png\" \/>\n\t<meta property=\"og:image:width\" content=\"1200\" \/>\n\t<meta property=\"og:image:height\" content=\"674\" \/>\n\t<meta property=\"og:image:type\" content=\"image\/png\" \/>\n<meta name=\"author\" content=\"Sophie Clapier\" \/>\n<meta name=\"twitter:card\" content=\"summary_large_image\" \/>\n<meta name=\"twitter:title\" content=\"IBU Cup Obertilliach : Les Bleus sur le podium du premier relais mixte de la saison\" \/>\n<meta name=\"twitter:creator\" content=\"@https:\/\/twitter.com\/soocube\" \/>\n<meta name=\"twitter:site\" content=\"@dicodusport\" \/>\n<script type=\"application\/ld+json\" class=\"yoast-schema-graph\">{\"@context\":\"https:\/\/schema.org\",\"@graph\":[{\"@type\":\"NewsArticle\",\"@id\":\"https:\/\/dicodusport.fr\/blog\/ibu-cup-obertilliach-les-bleus-sur-le-podium-du-premier-relais-de-la-saison\/#article\",\"isPartOf\":{\"@id\":\"https:\/\/dicodusport.fr\/blog\/ibu-cup-obertilliach-les-bleus-sur-le-podium-du-premier-relais-de-la-saison\/\"},\"author\":{\"name\":\"Sophie Clapier\",\"@id\":\"https:\/\/dicodusport.fr\/blog\/#\/schema\/person\/416c975648aca9da8839bdfe333a21c9\"},\"headline\":\"IBU Cup Obertilliach : Les Bleus sur le podium du premier relais mixte de la saison\",\"datePublished\":\"2024-12-22T10:55:25+00:00\",\"dateModified\":\"2025-07-09T16:37:53+00:00\",\"mainEntityOfPage\":{\"@id\":\"https:\/\/dicodusport.fr\/blog\/ibu-cup-obertilliach-les-bleus-sur-le-podium-du-premier-relais-de-la-saison\/\"},\"wordCount\":428,\"commentCount\":0,\"publisher\":{\"@id\":\"https:\/\/dicodusport.fr\/blog\/#organization\"},\"image\":{\"@id\":\"https:\/\/dicodusport.fr\/blog\/ibu-cup-obertilliach-les-bleus-sur-le-podium-du-premier-relais-de-la-saison\/#primaryimage\"},\"thumbnailUrl\":\"https:\/\/dicodusport.fr\/blog\/wp-content\/uploads\/2024\/12\/IBU-Cup-Obertilliach-Les-Bleus-sur-le-podium-du-premier-relais-mixte-de-la-saison.png\",\"keywords\":[\"Biathlon\",\"br\u00e8ve\",\"IBU Cup\",\"IBU Cup Obertilliach\",\"Oscar Lombardot\",\"Paula Botet\",\"Relais Mixte\"],\"articleSection\":[\"Biathlon\"],\"inLanguage\":\"fr-FR\",\"potentialAction\":[{\"@type\":\"CommentAction\",\"name\":\"Comment\",\"target\":[\"https:\/\/dicodusport.fr\/blog\/ibu-cup-obertilliach-les-bleus-sur-le-podium-du-premier-relais-de-la-saison\/#respond\"]}],\"copyrightYear\":\"2024\",\"copyrightHolder\":{\"@id\":\"https:\/\/dicodusport.fr\/blog\/#organization\"}},{\"@type\":\"WebPage\",\"@id\":\"https:\/\/dicodusport.fr\/blog\/ibu-cup-obertilliach-les-bleus-sur-le-podium-du-premier-relais-de-la-saison\/\",\"url\":\"https:\/\/dicodusport.fr\/blog\/ibu-cup-obertilliach-les-bleus-sur-le-podium-du-premier-relais-de-la-saison\/\",\"name\":\"IBU Cup Obertilliach : Les Bleus sur le podium du premier relais mixte de la saison\",\"isPartOf\":{\"@id\":\"https:\/\/dicodusport.fr\/blog\/#website\"},\"primaryImageOfPage\":{\"@id\":\"https:\/\/dicodusport.fr\/blog\/ibu-cup-obertilliach-les-bleus-sur-le-podium-du-premier-relais-de-la-saison\/#primaryimage\"},\"image\":{\"@id\":\"https:\/\/dicodusport.fr\/blog\/ibu-cup-obertilliach-les-bleus-sur-le-podium-du-premier-relais-de-la-saison\/#primaryimage\"},\"thumbnailUrl\":\"https:\/\/dicodusport.fr\/blog\/wp-content\/uploads\/2024\/12\/IBU-Cup-Obertilliach-Les-Bleus-sur-le-podium-du-premier-relais-mixte-de-la-saison.png\",\"datePublished\":\"2024-12-22T10:55:25+00:00\",\"dateModified\":\"2025-07-09T16:37:53+00:00\",\"description\":\"IBU CUP 2024\/2025 - Ga\u00ebtan Paturel, Oscar Lombardot, Chlo\u00e9 Chevalier et Paula Botet montent sur la troisi\u00e8me marche du relais mixte.\",\"breadcrumb\":{\"@id\":\"https:\/\/dicodusport.fr\/blog\/ibu-cup-obertilliach-les-bleus-sur-le-podium-du-premier-relais-de-la-saison\/#breadcrumb\"},\"inLanguage\":\"fr-FR\",\"potentialAction\":[{\"@type\":\"ReadAction\",\"target\":[\"https:\/\/dicodusport.fr\/blog\/ibu-cup-obertilliach-les-bleus-sur-le-podium-du-premier-relais-de-la-saison\/\"]}]},{\"@type\":\"ImageObject\",\"inLanguage\":\"fr-FR\",\"@id\":\"https:\/\/dicodusport.fr\/blog\/ibu-cup-obertilliach-les-bleus-sur-le-podium-du-premier-relais-de-la-saison\/#primaryimage\",\"url\":\"https:\/\/dicodusport.fr\/blog\/wp-content\/uploads\/2024\/12\/IBU-Cup-Obertilliach-Les-Bleus-sur-le-podium-du-premier-relais-mixte-de-la-saison.png\",\"contentUrl\":\"https:\/\/dicodusport.fr\/blog\/wp-content\/uploads\/2024\/12\/IBU-Cup-Obertilliach-Les-Bleus-sur-le-podium-du-premier-relais-mixte-de-la-saison.png\",\"width\":1200,\"height\":674,\"caption\":\"IBU Cup Obertilliach Les Bleus sur le podium du premier relais mixte de la saison\"},{\"@type\":\"BreadcrumbList\",\"@id\":\"https:\/\/dicodusport.fr\/blog\/ibu-cup-obertilliach-les-bleus-sur-le-podium-du-premier-relais-de-la-saison\/#breadcrumb\",\"itemListElement\":[{\"@type\":\"ListItem\",\"position\":1,\"name\":\"Accueil\",\"item\":\"https:\/\/dicodusport.fr\/blog\/\"},{\"@type\":\"ListItem\",\"position\":2,\"name\":\"IBU Cup Obertilliach : Les Bleus sur le podium du premier relais mixte de la saison\"}]},{\"@type\":\"WebSite\",\"@id\":\"https:\/\/dicodusport.fr\/blog\/#website\",\"url\":\"https:\/\/dicodusport.fr\/blog\/\",\"name\":\"Dicodusport\",\"description\":\"L&#039;encyclop\u00e9die de l&#039;actualit\u00e9 sportive\",\"publisher\":{\"@id\":\"https:\/\/dicodusport.fr\/blog\/#organization\"},\"potentialAction\":[{\"@type\":\"SearchAction\",\"target\":{\"@type\":\"EntryPoint\",\"urlTemplate\":\"https:\/\/dicodusport.fr\/blog\/?s={search_term_string}\"},\"query-input\":{\"@type\":\"PropertyValueSpecification\",\"valueRequired\":true,\"valueName\":\"search_term_string\"}}],\"inLanguage\":\"fr-FR\"},{\"@type\":\"NewsMediaOrganization\",\"@id\":\"https:\/\/dicodusport.fr\/blog\/#organization\",\"name\":\"Dicodusport\",\"url\":\"https:\/\/dicodusport.fr\/blog\/\",\"logo\":{\"@type\":\"ImageObject\",\"inLanguage\":\"fr-FR\",\"@id\":\"https:\/\/dicodusport.fr\/blog\/#\/schema\/logo\/image\/\",\"url\":\"https:\/\/dicodusport.fr\/blog\/wp-content\/uploads\/2020\/06\/cropped-LOGO-DICODUSPORT-2020-SANS-FOND-SANS-TEXTE.png\",\"contentUrl\":\"https:\/\/dicodusport.fr\/blog\/wp-content\/uploads\/2020\/06\/cropped-LOGO-DICODUSPORT-2020-SANS-FOND-SANS-TEXTE.png\",\"width\":512,\"height\":512,\"caption\":\"Dicodusport\"},\"image\":{\"@id\":\"https:\/\/dicodusport.fr\/blog\/#\/schema\/logo\/image\/\"},\"sameAs\":[\"https:\/\/www.facebook.com\/dicodusport\",\"https:\/\/x.com\/dicodusport\",\"https:\/\/www.instagram.com\/dicodusport\/\",\"https:\/\/www.youtube.com\/channel\/UC7V2KZ5sd3htJivAbA4ZG3w\"],\"description\":\"Dicodusport est l'encyclop\u00e9die de l'actualit\u00e9 sportive.\",\"email\":\"bonjour@dicodusport.fr\",\"legalName\":\"DICODUSPORT\",\"foundingDate\":\"2018-01-14\",\"vatID\":\"FR71834470973\",\"taxID\":\"83447097300043\",\"numberOfEmployees\":{\"@type\":\"QuantitativeValue\",\"minValue\":\"1\",\"maxValue\":\"10\"}},{\"@type\":\"Person\",\"@id\":\"https:\/\/dicodusport.fr\/blog\/#\/schema\/person\/416c975648aca9da8839bdfe333a21c9\",\"name\":\"Sophie Clapier\",\"image\":{\"@type\":\"ImageObject\",\"inLanguage\":\"fr-FR\",\"@id\":\"https:\/\/dicodusport.fr\/blog\/#\/schema\/person\/image\/\",\"url\":\"https:\/\/dicodusport.fr\/blog\/wp-content\/uploads\/2021\/05\/Sophie-Clapier-150x150.jpg\",\"contentUrl\":\"https:\/\/dicodusport.fr\/blog\/wp-content\/uploads\/2021\/05\/Sophie-Clapier-150x150.jpg\",\"caption\":\"Sophie Clapier\"},\"description\":\"Journaliste\/r\u00e9dactrice depuis janvier 2016 - Passionn\u00e9e de sport depuis toujours, j\u2019en ai pratiqu\u00e9 quelques-uns. Judo, football, handball ou encore tennis, je n\u2019ai jamais pu me mettre d\u2019accord sur un en particulier. Mais \u00e7a, c\u2019\u00e9tait avant de d\u00e9couvrir le basket, devenu mon sport de pr\u00e9dilection. Les actions NBA, le All-Star Week-end, la fureur des Game 7 pendant les playoffs ou mieux, lors des Finals, this is why we play. Team Spurs T.P, je m\u2019accroche encore \u00e0 Gregg Popovich (don\u2019t leave !). Team chef Curry, je souhaite qu\u2019il finisse aux Warriors (staaaay !). Non, il n\u2019y a pas qu\u2019eux, des petits nouveaux -et des petites nouvelles \u00e9videmment- arrivent chaque jour dans toutes les disciplines et cr\u00e9ent de nouveaux exploits. Alors pour les grands \u00e9v\u00e9nements et comp\u00e9titions internationales, vive les pulsations 240\/minutes et le d\u00e9fibrillateur pas loin, et allez les Bleu(e)s ! C\u2019est s\u00fbr, j\u2019aurai plus vu ma vie sur un terrain de sport, mais \u00e0 d\u00e9faut d\u2019en faire en haut niveau, je le partage avec vous.\",\"sameAs\":[\"https:\/\/www.facebook.com\/soocube\",\"https:\/\/x.com\/https:\/\/twitter.com\/soocube\",\"admin\"],\"url\":\"https:\/\/dicodusport.fr\/blog\/author\/sophie\/\"}]}<\/script>\n<!-- \/ Yoast SEO Premium plugin. -->","yoast_head_json":{"title":"IBU Cup Obertilliach : Les Bleus sur le podium du premier relais mixte de la saison","description":"IBU CUP 2024\/2025 - Ga\u00ebtan Paturel, Oscar Lombardot, Chlo\u00e9 Chevalier et Paula Botet montent sur la troisi\u00e8me marche du relais mixte.","robots":{"index":"index","follow":"follow","max-snippet":"max-snippet:-1","max-image-preview":"max-image-preview:large","max-video-preview":"max-video-preview:-1"},"canonical":"https:\/\/dicodusport.fr\/blog\/ibu-cup-obertilliach-les-bleus-sur-le-podium-du-premier-relais-de-la-saison\/","og_locale":"fr_FR","og_type":"article","og_title":"IBU Cup Obertilliach : Les Bleus sur le podium du premier relais mixte de la saison","og_description":"IBU CUP 2024\/2025 - Ga\u00ebtan Paturel, Oscar Lombardot, Chlo\u00e9 Chevalier et Paula Botet montent sur la troisi\u00e8me marche du relais mixte.","og_url":"https:\/\/dicodusport.fr\/blog\/ibu-cup-obertilliach-les-bleus-sur-le-podium-du-premier-relais-de-la-saison\/","og_site_name":"Dicodusport","article_publisher":"https:\/\/www.facebook.com\/dicodusport","article_author":"https:\/\/www.facebook.com\/soocube","article_published_time":"2024-12-22T10:55:25+00:00","article_modified_time":"2025-07-09T16:37:53+00:00","og_image":[{"width":1200,"height":674,"url":"https:\/\/dicodusport.fr\/blog\/wp-content\/uploads\/2024\/12\/IBU-Cup-Obertilliach-Les-Bleus-sur-le-podium-du-premier-relais-mixte-de-la-saison.png","type":"image\/png"}],"author":"Sophie Clapier","twitter_card":"summary_large_image","twitter_title":"IBU Cup Obertilliach : Les Bleus sur le podium du premier relais mixte de la saison","twitter_creator":"@https:\/\/twitter.com\/soocube","twitter_site":"@dicodusport","schema":{"@context":"https:\/\/schema.org","@graph":[{"@type":"NewsArticle","@id":"https:\/\/dicodusport.fr\/blog\/ibu-cup-obertilliach-les-bleus-sur-le-podium-du-premier-relais-de-la-saison\/#article","isPartOf":{"@id":"https:\/\/dicodusport.fr\/blog\/ibu-cup-obertilliach-les-bleus-sur-le-podium-du-premier-relais-de-la-saison\/"},"author":{"name":"Sophie Clapier","@id":"https:\/\/dicodusport.fr\/blog\/#\/schema\/person\/416c975648aca9da8839bdfe333a21c9"},"headline":"IBU Cup Obertilliach : Les Bleus sur le podium du premier relais mixte de la saison","datePublished":"2024-12-22T10:55:25+00:00","dateModified":"2025-07-09T16:37:53+00:00","mainEntityOfPage":{"@id":"https:\/\/dicodusport.fr\/blog\/ibu-cup-obertilliach-les-bleus-sur-le-podium-du-premier-relais-de-la-saison\/"},"wordCount":428,"commentCount":0,"publisher":{"@id":"https:\/\/dicodusport.fr\/blog\/#organization"},"image":{"@id":"https:\/\/dicodusport.fr\/blog\/ibu-cup-obertilliach-les-bleus-sur-le-podium-du-premier-relais-de-la-saison\/#primaryimage"},"thumbnailUrl":"https:\/\/dicodusport.fr\/blog\/wp-content\/uploads\/2024\/12\/IBU-Cup-Obertilliach-Les-Bleus-sur-le-podium-du-premier-relais-mixte-de-la-saison.png","keywords":["Biathlon","br\u00e8ve","IBU Cup","IBU Cup Obertilliach","Oscar Lombardot","Paula Botet","Relais Mixte"],"articleSection":["Biathlon"],"inLanguage":"fr-FR","potentialAction":[{"@type":"CommentAction","name":"Comment","target":["https:\/\/dicodusport.fr\/blog\/ibu-cup-obertilliach-les-bleus-sur-le-podium-du-premier-relais-de-la-saison\/#respond"]}],"copyrightYear":"2024","copyrightHolder":{"@id":"https:\/\/dicodusport.fr\/blog\/#organization"}},{"@type":"WebPage","@id":"https:\/\/dicodusport.fr\/blog\/ibu-cup-obertilliach-les-bleus-sur-le-podium-du-premier-relais-de-la-saison\/","url":"https:\/\/dicodusport.fr\/blog\/ibu-cup-obertilliach-les-bleus-sur-le-podium-du-premier-relais-de-la-saison\/","name":"IBU Cup Obertilliach : Les Bleus sur le podium du premier relais mixte de la saison","isPartOf":{"@id":"https:\/\/dicodusport.fr\/blog\/#website"},"primaryImageOfPage":{"@id":"https:\/\/dicodusport.fr\/blog\/ibu-cup-obertilliach-les-bleus-sur-le-podium-du-premier-relais-de-la-saison\/#primaryimage"},"image":{"@id":"https:\/\/dicodusport.fr\/blog\/ibu-cup-obertilliach-les-bleus-sur-le-podium-du-premier-relais-de-la-saison\/#primaryimage"},"thumbnailUrl":"https:\/\/dicodusport.fr\/blog\/wp-content\/uploads\/2024\/12\/IBU-Cup-Obertilliach-Les-Bleus-sur-le-podium-du-premier-relais-mixte-de-la-saison.png","datePublished":"2024-12-22T10:55:25+00:00","dateModified":"2025-07-09T16:37:53+00:00","description":"IBU CUP 2024\/2025 - Ga\u00ebtan Paturel, Oscar Lombardot, Chlo\u00e9 Chevalier et Paula Botet montent sur la troisi\u00e8me marche du relais mixte.","breadcrumb":{"@id":"https:\/\/dicodusport.fr\/blog\/ibu-cup-obertilliach-les-bleus-sur-le-podium-du-premier-relais-de-la-saison\/#breadcrumb"},"inLanguage":"fr-FR","potentialAction":[{"@type":"ReadAction","target":["https:\/\/dicodusport.fr\/blog\/ibu-cup-obertilliach-les-bleus-sur-le-podium-du-premier-relais-de-la-saison\/"]}]},{"@type":"ImageObject","inLanguage":"fr-FR","@id":"https:\/\/dicodusport.fr\/blog\/ibu-cup-obertilliach-les-bleus-sur-le-podium-du-premier-relais-de-la-saison\/#primaryimage","url":"https:\/\/dicodusport.fr\/blog\/wp-content\/uploads\/2024\/12\/IBU-Cup-Obertilliach-Les-Bleus-sur-le-podium-du-premier-relais-mixte-de-la-saison.png","contentUrl":"https:\/\/dicodusport.fr\/blog\/wp-content\/uploads\/2024\/12\/IBU-Cup-Obertilliach-Les-Bleus-sur-le-podium-du-premier-relais-mixte-de-la-saison.png","width":1200,"height":674,"caption":"IBU Cup Obertilliach Les Bleus sur le podium du premier relais mixte de la saison"},{"@type":"BreadcrumbList","@id":"https:\/\/dicodusport.fr\/blog\/ibu-cup-obertilliach-les-bleus-sur-le-podium-du-premier-relais-de-la-saison\/#breadcrumb","itemListElement":[{"@type":"ListItem","position":1,"name":"Accueil","item":"https:\/\/dicodusport.fr\/blog\/"},{"@type":"ListItem","position":2,"name":"IBU Cup Obertilliach : Les Bleus sur le podium du premier relais mixte de la saison"}]},{"@type":"WebSite","@id":"https:\/\/dicodusport.fr\/blog\/#website","url":"https:\/\/dicodusport.fr\/blog\/","name":"Dicodusport","description":"L&#039;encyclop\u00e9die de l&#039;actualit\u00e9 sportive","publisher":{"@id":"https:\/\/dicodusport.fr\/blog\/#organization"},"potentialAction":[{"@type":"SearchAction","target":{"@type":"EntryPoint","urlTemplate":"https:\/\/dicodusport.fr\/blog\/?s={search_term_string}"},"query-input":{"@type":"PropertyValueSpecification","valueRequired":true,"valueName":"search_term_string"}}],"inLanguage":"fr-FR"},{"@type":"NewsMediaOrganization","@id":"https:\/\/dicodusport.fr\/blog\/#organization","name":"Dicodusport","url":"https:\/\/dicodusport.fr\/blog\/","logo":{"@type":"ImageObject","inLanguage":"fr-FR","@id":"https:\/\/dicodusport.fr\/blog\/#\/schema\/logo\/image\/","url":"https:\/\/dicodusport.fr\/blog\/wp-content\/uploads\/2020\/06\/cropped-LOGO-DICODUSPORT-2020-SANS-FOND-SANS-TEXTE.png","contentUrl":"https:\/\/dicodusport.fr\/blog\/wp-content\/uploads\/2020\/06\/cropped-LOGO-DICODUSPORT-2020-SANS-FOND-SANS-TEXTE.png","width":512,"height":512,"caption":"Dicodusport"},"image":{"@id":"https:\/\/dicodusport.fr\/blog\/#\/schema\/logo\/image\/"},"sameAs":["https:\/\/www.facebook.com\/dicodusport","https:\/\/x.com\/dicodusport","https:\/\/www.instagram.com\/dicodusport\/","https:\/\/www.youtube.com\/channel\/UC7V2KZ5sd3htJivAbA4ZG3w"],"description":"Dicodusport est l'encyclop\u00e9die de l'actualit\u00e9 sportive.","email":"bonjour@dicodusport.fr","legalName":"DICODUSPORT","foundingDate":"2018-01-14","vatID":"FR71834470973","taxID":"83447097300043","numberOfEmployees":{"@type":"QuantitativeValue","minValue":"1","maxValue":"10"}},{"@type":"Person","@id":"https:\/\/dicodusport.fr\/blog\/#\/schema\/person\/416c975648aca9da8839bdfe333a21c9","name":"Sophie Clapier","image":{"@type":"ImageObject","inLanguage":"fr-FR","@id":"https:\/\/dicodusport.fr\/blog\/#\/schema\/person\/image\/","url":"https:\/\/dicodusport.fr\/blog\/wp-content\/uploads\/2021\/05\/Sophie-Clapier-150x150.jpg","contentUrl":"https:\/\/dicodusport.fr\/blog\/wp-content\/uploads\/2021\/05\/Sophie-Clapier-150x150.jpg","caption":"Sophie Clapier"},"description":"Journaliste\/r\u00e9dactrice depuis janvier 2016 - Passionn\u00e9e de sport depuis toujours, j\u2019en ai pratiqu\u00e9 quelques-uns. Judo, football, handball ou encore tennis, je n\u2019ai jamais pu me mettre d\u2019accord sur un en particulier. Mais \u00e7a, c\u2019\u00e9tait avant de d\u00e9couvrir le basket, devenu mon sport de pr\u00e9dilection. Les actions NBA, le All-Star Week-end, la fureur des Game 7 pendant les playoffs ou mieux, lors des Finals, this is why we play. Team Spurs T.P, je m\u2019accroche encore \u00e0 Gregg Popovich (don\u2019t leave !). Team chef Curry, je souhaite qu\u2019il finisse aux Warriors (staaaay !). Non, il n\u2019y a pas qu\u2019eux, des petits nouveaux -et des petites nouvelles \u00e9videmment- arrivent chaque jour dans toutes les disciplines et cr\u00e9ent de nouveaux exploits. Alors pour les grands \u00e9v\u00e9nements et comp\u00e9titions internationales, vive les pulsations 240\/minutes et le d\u00e9fibrillateur pas loin, et allez les Bleu(e)s ! C\u2019est s\u00fbr, j\u2019aurai plus vu ma vie sur un terrain de sport, mais \u00e0 d\u00e9faut d\u2019en faire en haut niveau, je le partage avec vous.","sameAs":["https:\/\/www.facebook.com\/soocube","https:\/\/x.com\/https:\/\/twitter.com\/soocube","admin"],"url":"https:\/\/dicodusport.fr\/blog\/author\/sophie\/"}]}},"_links":{"self":[{"href":"https:\/\/dicodusport.fr\/blog\/wp-json\/wp\/v2\/posts\/541776","targetHints":{"allow":["GET"]}}],"collection":[{"href":"https:\/\/dicodusport.fr\/blog\/wp-json\/wp\/v2\/posts"}],"about":[{"href":"https:\/\/dicodusport.fr\/blog\/wp-json\/wp\/v2\/types\/post"}],"author":[{"embeddable":true,"href":"https:\/\/dicodusport.fr\/blog\/wp-json\/wp\/v2\/users\/18"}],"replies":[{"embeddable":true,"href":"https:\/\/dicodusport.fr\/blog\/wp-json\/wp\/v2\/comments?post=541776"}],"version-history":[{"count":5,"href":"https:\/\/dicodusport.fr\/blog\/wp-json\/wp\/v2\/posts\/541776\/revisions"}],"predecessor-version":[{"id":541901,"href":"https:\/\/dicodusport.fr\/blog\/wp-json\/wp\/v2\/posts\/541776\/revisions\/541901"}],"wp:featuredmedia":[{"embeddable":true,"href":"https:\/\/dicodusport.fr\/blog\/wp-json\/wp\/v2\/media\/541900"}],"wp:attachment":[{"href":"https:\/\/dicodusport.fr\/blog\/wp-json\/wp\/v2\/media?parent=541776"}],"wp:term":[{"taxonomy":"category","embeddable":true,"href":"https:\/\/dicodusport.fr\/blog\/wp-json\/wp\/v2\/categories?post=541776"},{"taxonomy":"post_tag","embeddable":true,"href":"https:\/\/dicodusport.fr\/blog\/wp-json\/wp\/v2\/tags?post=541776"}],"curies":[{"name":"wp","href":"https:\/\/api.w.org\/{rel}","templated":true}]}}