{"id":542211,"date":"2024-12-25T17:16:04","date_gmt":"2024-12-25T16:16:04","guid":{"rendered":"https:\/\/dicodusport.fr\/blog\/?p=542211&#038;preview=true&#038;preview_id=542211"},"modified":"2024-12-25T17:43:06","modified_gmt":"2024-12-25T16:43:06","slug":"cyclisme-pascal-herve-est-mort","status":"publish","type":"post","link":"https:\/\/dicodusport.fr\/blog\/cyclisme-pascal-herve-est-mort\/","title":{"rendered":"Cyclisme : Pascal Herv\u00e9 est mort"},"content":{"rendered":"<h4 style=\"text-align: justify;\"><em>CYCLISME SUR ROUTE &#8211; Triste nouvelle en ce jour de No\u00ebl. L&rsquo;ancien cycliste professionnel, Pascal Herv\u00e9, est d\u00e9c\u00e9d\u00e9 \u00e0 l&rsquo;\u00e2ge de 60 ans, a-t-on appris ce mercredi apr\u00e8s-midi.<\/em><\/h4>\n<ul>\n<li style=\"text-align: justify;\"><strong>\u00c0 ce sujet &#8211; <a href=\"https:\/\/dicodusport.fr\/blog\/actualites\/cyclisme\/\">L&rsquo;actualit\u00e9 du cyclisme<\/a><\/strong><\/li>\n<\/ul>\n<p style=\"text-align: justify;\">Ce fut l&rsquo;un des grands champions fran\u00e7ais des ann\u00e9es 90 en cyclisme sur route. Ce mercredi, <strong><a href=\"https:\/\/dicodusport.fr\/blog\/laurent-brochard-champion-du-monde-de-gravel-en-italie\/\">Laurent Brochard<\/a><\/strong>, champion du monde en 1997, a annonc\u00e9 sur ses r\u00e9seaux sociaux le d\u00e9c\u00e8s de <strong>Pascal Herv\u00e9<\/strong>, \u00e0 l&rsquo;\u00e2ge de 60 ans. <em>\u00ab Pascal, mon pote, je suis tellement boulevers\u00e9. Tu es parti la nuit de No\u00ebl mon ami, tu es tellement rock\u2019n\u2019roll jusqu\u2019\u00e0 la fin\u2026 Je garde en moi tellement de souvenirs, de bons moments, et de projets \u00e0 venir [\u2026] Je n\u2019ai pas les mots. Tu as toujours \u00e9t\u00e9 l\u00e0, toujours un mot m\u00eame dans les moments difficiles. Je t\u2019aime et je t\u2019embrasse mon ami, on se reverra, tu vas me manquer \u00bb<\/em>, a \u00e9crit le Manceau.<\/p>\n<blockquote class=\"twitter-tweet\">\n<p dir=\"ltr\" lang=\"fr\">L&rsquo;UNCP La grande famille du cyclisme est en deuil. C&rsquo;est avec une profonde tristesse que nous apprenons le d\u00e9c\u00e8s de Pascal Herv\u00e9. Pascal \u00e9tait une figure embl\u00e9matique et une voix incontournable de notre sport.<br \/>\nNos pens\u00e9es vont \u00e0 sa famille. Sinc\u00e8res condol\u00e9ances \u00e0 ses proches. <a href=\"https:\/\/t.co\/Vuo4Is3OeV\">pic.twitter.com\/Vuo4Is3OeV<\/a><\/p>\n<p>\u2014 UNCP (@ContactUncp) <a href=\"https:\/\/twitter.com\/ContactUncp\/status\/1871935937456046496?ref_src=twsrc%5Etfw\">December 25, 2024<\/a><\/p><\/blockquote>\n<p><script async src=\"https:\/\/platform.twitter.com\/widgets.js\" charset=\"utf-8\"><\/script><\/p>\n<h2 style=\"text-align: justify;\">Pascal Herv\u00e9, lieutenant de Richard Virenque, mais pas seulement<\/h2>\n<p style=\"text-align: justify;\">N\u00e9 \u00e0 Tours, <strong>Pascal Herv\u00e9<\/strong> a effectu\u00e9 ses d\u00e9buts professionnels sur le tard en 1994, \u00e0 l&rsquo;\u00e2ge de 29 ans, dans l&rsquo;une des formations phares de l&rsquo;\u00e9poque, <strong>Festina<\/strong>. Il fut alors co\u00e9quipier et lieutenant de <strong>Richard Virenque<\/strong> et <strong>Laurent Brochard <\/strong>et membre de la structure tricolore jusqu&rsquo;en 1999. Impliqu\u00e9 dans l&rsquo;affaire de dopage touchant l&rsquo;\u00e9quipe fran\u00e7aise en 1998, il fut suspendu deux mois. Il mettra fin \u00e0 sa carri\u00e8re en 2001, apr\u00e8s un contr\u00f4le anti-dopage positif sur le Tour d&rsquo;Italie, alors qu&rsquo;il \u00e9voluait sous les couleurs de l&rsquo;\u00e9quipe <strong>Alexia Alluminio<\/strong>.<\/p>\n<p style=\"text-align: justify;\">Au cours de sa carri\u00e8re, <strong>Pascal Herv\u00e9<\/strong> aura remport\u00e9 des succ\u00e8s de prestige, dont la <strong>6\u00e8me \u00e9tape du Tour d&rsquo;Italie 1996<\/strong>. Porteur du maillot rose la m\u00eame ann\u00e9e, il glana, l&rsquo;ann\u00e9e suivante, le <strong>Grand Prix de Plouay<\/strong>, avant de devenir, en 1999, vice-champion de France de la course en ligne.<\/p>\n<p style=\"text-align: justify;\">Exil\u00e9 au Canada, <strong>Pascal Herv\u00e9<\/strong> s&rsquo;\u00e9tait reconverti dans le milieu du cyclisme. Il dirige alors un centre d&rsquo;entra\u00eenement et un laboratoire d&rsquo;\u00e9valuation de la condition physique. Entre 2015 et 2017, il occupe le r\u00f4le de directeur sportif de l&rsquo;\u00e9quipe canadienne <strong>Garneau-Qu\u00e9becor<\/strong>. En septembre dernier, le Tourangeau avait subi une op\u00e9ration d&rsquo;une tumeur canc\u00e9reuse \u00e0 l&rsquo;estomac. Toute l&rsquo;\u00e9quipe de <strong>Dicodusport<\/strong> adresse ses plus sinc\u00e8res condol\u00e9ances \u00e0 sa famille ainsi qu&rsquo;\u00e0 ses proches.<\/p>\n","protected":false},"excerpt":{"rendered":"<p>Pascal Herv\u00e9 est mort<\/p>\n","protected":false},"author":4,"featured_media":542213,"comment_status":"open","ping_status":"closed","sticky":false,"template":"","format":"standard","meta":{"_acf_changed":false,"_daextam_enable_autolinks":"1","footnotes":""},"categories":[12712,2307],"tags":[32415,16878,8716,574],"class_list":["post-542211","post","type-post","status-publish","format-standard","has-post-thumbnail","hentry","category-carnet-noir","category-cyclisme","tag-actu","tag-breve","tag-carnet-noir","tag-cyclisme"],"acf":[],"yoast_head":"<!-- This site is optimized with the Yoast SEO Premium plugin v26.7 (Yoast SEO v26.7) - https:\/\/yoast.com\/wordpress\/plugins\/seo\/ -->\n<title>Cyclisme : Pascal Herv\u00e9 est mort<\/title>\n<meta name=\"description\" content=\"CYCLISME SUR ROUTE - Triste nouvelle en ce jour de No\u00ebl. L&#039;ancien cycliste professionnel, Pascal Herv\u00e9, est d\u00e9c\u00e9d\u00e9 \u00e0 l&#039;\u00e2ge de 60 ans, a-t-on appris ce mercredi apr\u00e8s-midi.\" \/>\n<meta name=\"robots\" content=\"index, follow, max-snippet:-1, max-image-preview:large, max-video-preview:-1\" \/>\n<link rel=\"canonical\" href=\"https:\/\/dicodusport.fr\/blog\/cyclisme-pascal-herve-est-mort\/\" \/>\n<meta property=\"og:locale\" content=\"fr_FR\" \/>\n<meta property=\"og:type\" content=\"article\" \/>\n<meta property=\"og:title\" content=\"Cyclisme : Pascal Herv\u00e9 est mort\" \/>\n<meta property=\"og:description\" content=\"CYCLISME SUR ROUTE - Triste nouvelle en ce jour de No\u00ebl. L&#039;ancien cycliste professionnel, Pascal Herv\u00e9, est d\u00e9c\u00e9d\u00e9 \u00e0 l&#039;\u00e2ge de 60 ans, a-t-on appris ce mercredi apr\u00e8s-midi.\" \/>\n<meta property=\"og:url\" content=\"https:\/\/dicodusport.fr\/blog\/cyclisme-pascal-herve-est-mort\/\" \/>\n<meta property=\"og:site_name\" content=\"Dicodusport\" \/>\n<meta property=\"article:publisher\" content=\"https:\/\/www.facebook.com\/dicodusport\" \/>\n<meta property=\"article:author\" content=\"https:\/\/www.facebook.com\/florent.ostermann\" \/>\n<meta property=\"article:published_time\" content=\"2024-12-25T16:16:04+00:00\" \/>\n<meta property=\"article:modified_time\" content=\"2024-12-25T16:43:06+00:00\" \/>\n<meta property=\"og:image\" content=\"https:\/\/dicodusport.fr\/blog\/wp-content\/uploads\/2024\/12\/Cyclisme-Pascal-Herve-est-mort.png\" \/>\n\t<meta property=\"og:image:width\" content=\"1200\" \/>\n\t<meta property=\"og:image:height\" content=\"674\" \/>\n\t<meta property=\"og:image:type\" content=\"image\/png\" \/>\n<meta name=\"author\" content=\"Flo Ostermann\" \/>\n<meta name=\"twitter:card\" content=\"summary_large_image\" \/>\n<meta name=\"twitter:title\" content=\"Cyclisme : Pascal Herv\u00e9 est mort\" \/>\n<meta name=\"twitter:creator\" content=\"@https:\/\/twitter.com\/FlOstermann\" \/>\n<meta name=\"twitter:site\" content=\"@dicodusport\" \/>\n<script type=\"application\/ld+json\" class=\"yoast-schema-graph\">{\"@context\":\"https:\/\/schema.org\",\"@graph\":[{\"@type\":\"NewsArticle\",\"@id\":\"https:\/\/dicodusport.fr\/blog\/cyclisme-pascal-herve-est-mort\/#article\",\"isPartOf\":{\"@id\":\"https:\/\/dicodusport.fr\/blog\/cyclisme-pascal-herve-est-mort\/\"},\"author\":{\"name\":\"Flo Ostermann\",\"@id\":\"https:\/\/dicodusport.fr\/blog\/#\/schema\/person\/cb02af4c173ce4a653b55e9baf388d4a\"},\"headline\":\"Cyclisme : Pascal Herv\u00e9 est mort\",\"datePublished\":\"2024-12-25T16:16:04+00:00\",\"dateModified\":\"2024-12-25T16:43:06+00:00\",\"mainEntityOfPage\":{\"@id\":\"https:\/\/dicodusport.fr\/blog\/cyclisme-pascal-herve-est-mort\/\"},\"wordCount\":468,\"commentCount\":0,\"publisher\":{\"@id\":\"https:\/\/dicodusport.fr\/blog\/#organization\"},\"image\":{\"@id\":\"https:\/\/dicodusport.fr\/blog\/cyclisme-pascal-herve-est-mort\/#primaryimage\"},\"thumbnailUrl\":\"https:\/\/dicodusport.fr\/blog\/wp-content\/uploads\/2024\/12\/Cyclisme-Pascal-Herve-est-mort.png\",\"keywords\":[\"actu\",\"br\u00e8ve\",\"Carnet noir\",\"Cyclisme\"],\"articleSection\":[\"Carnet noir\",\"Cyclisme\"],\"inLanguage\":\"fr-FR\",\"potentialAction\":[{\"@type\":\"CommentAction\",\"name\":\"Comment\",\"target\":[\"https:\/\/dicodusport.fr\/blog\/cyclisme-pascal-herve-est-mort\/#respond\"]}],\"copyrightYear\":\"2024\",\"copyrightHolder\":{\"@id\":\"https:\/\/dicodusport.fr\/blog\/#organization\"}},{\"@type\":\"WebPage\",\"@id\":\"https:\/\/dicodusport.fr\/blog\/cyclisme-pascal-herve-est-mort\/\",\"url\":\"https:\/\/dicodusport.fr\/blog\/cyclisme-pascal-herve-est-mort\/\",\"name\":\"Cyclisme : Pascal Herv\u00e9 est mort\",\"isPartOf\":{\"@id\":\"https:\/\/dicodusport.fr\/blog\/#website\"},\"primaryImageOfPage\":{\"@id\":\"https:\/\/dicodusport.fr\/blog\/cyclisme-pascal-herve-est-mort\/#primaryimage\"},\"image\":{\"@id\":\"https:\/\/dicodusport.fr\/blog\/cyclisme-pascal-herve-est-mort\/#primaryimage\"},\"thumbnailUrl\":\"https:\/\/dicodusport.fr\/blog\/wp-content\/uploads\/2024\/12\/Cyclisme-Pascal-Herve-est-mort.png\",\"datePublished\":\"2024-12-25T16:16:04+00:00\",\"dateModified\":\"2024-12-25T16:43:06+00:00\",\"description\":\"CYCLISME SUR ROUTE - Triste nouvelle en ce jour de No\u00ebl. L'ancien cycliste professionnel, Pascal Herv\u00e9, est d\u00e9c\u00e9d\u00e9 \u00e0 l'\u00e2ge de 60 ans, a-t-on appris ce mercredi apr\u00e8s-midi.\",\"breadcrumb\":{\"@id\":\"https:\/\/dicodusport.fr\/blog\/cyclisme-pascal-herve-est-mort\/#breadcrumb\"},\"inLanguage\":\"fr-FR\",\"potentialAction\":[{\"@type\":\"ReadAction\",\"target\":[\"https:\/\/dicodusport.fr\/blog\/cyclisme-pascal-herve-est-mort\/\"]}]},{\"@type\":\"ImageObject\",\"inLanguage\":\"fr-FR\",\"@id\":\"https:\/\/dicodusport.fr\/blog\/cyclisme-pascal-herve-est-mort\/#primaryimage\",\"url\":\"https:\/\/dicodusport.fr\/blog\/wp-content\/uploads\/2024\/12\/Cyclisme-Pascal-Herve-est-mort.png\",\"contentUrl\":\"https:\/\/dicodusport.fr\/blog\/wp-content\/uploads\/2024\/12\/Cyclisme-Pascal-Herve-est-mort.png\",\"width\":1200,\"height\":674,\"caption\":\"Cyclisme Pascal Herv\u00e9 est mort\"},{\"@type\":\"BreadcrumbList\",\"@id\":\"https:\/\/dicodusport.fr\/blog\/cyclisme-pascal-herve-est-mort\/#breadcrumb\",\"itemListElement\":[{\"@type\":\"ListItem\",\"position\":1,\"name\":\"Accueil\",\"item\":\"https:\/\/dicodusport.fr\/blog\/\"},{\"@type\":\"ListItem\",\"position\":2,\"name\":\"Cyclisme : Pascal Herv\u00e9 est mort\"}]},{\"@type\":\"WebSite\",\"@id\":\"https:\/\/dicodusport.fr\/blog\/#website\",\"url\":\"https:\/\/dicodusport.fr\/blog\/\",\"name\":\"Dicodusport\",\"description\":\"L&#039;encyclop\u00e9die de l&#039;actualit\u00e9 sportive\",\"publisher\":{\"@id\":\"https:\/\/dicodusport.fr\/blog\/#organization\"},\"potentialAction\":[{\"@type\":\"SearchAction\",\"target\":{\"@type\":\"EntryPoint\",\"urlTemplate\":\"https:\/\/dicodusport.fr\/blog\/?s={search_term_string}\"},\"query-input\":{\"@type\":\"PropertyValueSpecification\",\"valueRequired\":true,\"valueName\":\"search_term_string\"}}],\"inLanguage\":\"fr-FR\"},{\"@type\":\"NewsMediaOrganization\",\"@id\":\"https:\/\/dicodusport.fr\/blog\/#organization\",\"name\":\"Dicodusport\",\"url\":\"https:\/\/dicodusport.fr\/blog\/\",\"logo\":{\"@type\":\"ImageObject\",\"inLanguage\":\"fr-FR\",\"@id\":\"https:\/\/dicodusport.fr\/blog\/#\/schema\/logo\/image\/\",\"url\":\"https:\/\/dicodusport.fr\/blog\/wp-content\/uploads\/2020\/06\/cropped-LOGO-DICODUSPORT-2020-SANS-FOND-SANS-TEXTE.png\",\"contentUrl\":\"https:\/\/dicodusport.fr\/blog\/wp-content\/uploads\/2020\/06\/cropped-LOGO-DICODUSPORT-2020-SANS-FOND-SANS-TEXTE.png\",\"width\":512,\"height\":512,\"caption\":\"Dicodusport\"},\"image\":{\"@id\":\"https:\/\/dicodusport.fr\/blog\/#\/schema\/logo\/image\/\"},\"sameAs\":[\"https:\/\/www.facebook.com\/dicodusport\",\"https:\/\/x.com\/dicodusport\",\"https:\/\/www.instagram.com\/dicodusport\/\",\"https:\/\/www.youtube.com\/channel\/UC7V2KZ5sd3htJivAbA4ZG3w\"],\"description\":\"Dicodusport est l'encyclop\u00e9die de l'actualit\u00e9 sportive.\",\"email\":\"bonjour@dicodusport.fr\",\"legalName\":\"DICODUSPORT\",\"foundingDate\":\"2018-01-14\",\"vatID\":\"FR71834470973\",\"taxID\":\"83447097300043\",\"numberOfEmployees\":{\"@type\":\"QuantitativeValue\",\"minValue\":\"1\",\"maxValue\":\"10\"}},{\"@type\":\"Person\",\"@id\":\"https:\/\/dicodusport.fr\/blog\/#\/schema\/person\/cb02af4c173ce4a653b55e9baf388d4a\",\"name\":\"Flo Ostermann\",\"image\":{\"@type\":\"ImageObject\",\"inLanguage\":\"fr-FR\",\"@id\":\"https:\/\/dicodusport.fr\/blog\/#\/schema\/person\/image\/\",\"url\":\"https:\/\/dicodusport.fr\/blog\/wp-content\/uploads\/2021\/05\/Flo-Ostermann-150x150.jpg\",\"contentUrl\":\"https:\/\/dicodusport.fr\/blog\/wp-content\/uploads\/2021\/05\/Flo-Ostermann-150x150.jpg\",\"caption\":\"Flo Ostermann\"},\"description\":\"Journaliste\/R\u00e9dacteur depuis septembre 2015 - Mes premiers souvenirs dans le sport ? Les envol\u00e9es du Stade Toulousain et les duels Villeneuve-Schumacher et H\u00e4kkinen-Schumacher \u00e0 la fin des ann\u00e9es 90, la Coupe du monde de football en 1998, l\u2019exploit du XV de France face aux All Blacks en 1999, mais aussi Richard C\u0153ur de Lion qui vole sur les montagnes du Tour de France. Bien parti pour devenir professeur d\u2019EPS, les \u00e9v\u00e9nements de la vie (et la flemme d\u2019animer des s\u00e9ances de 3x500 m\u00e8tres toute ma vie) m\u2019ont conduit \u00e0 revoir mes plans. Me voil\u00e0 depuis fin 2017 sur Dicodusport, m\u00e9dia gr\u00e2ce (et pour) lequel je partage ma passion : le sport dans tous ses \u00e9tats. Le tout accompagn\u00e9 par les fous furieux et folles furieuses cit\u00e9s sur cette page !\",\"sameAs\":[\"https:\/\/www.facebook.com\/florent.ostermann\",\"https:\/\/x.com\/https:\/\/twitter.com\/FlOstermann\",\"admin\"],\"url\":\"https:\/\/dicodusport.fr\/blog\/author\/flo\/\"}]}<\/script>\n<!-- \/ Yoast SEO Premium plugin. -->","yoast_head_json":{"title":"Cyclisme : Pascal Herv\u00e9 est mort","description":"CYCLISME SUR ROUTE - Triste nouvelle en ce jour de No\u00ebl. L'ancien cycliste professionnel, Pascal Herv\u00e9, est d\u00e9c\u00e9d\u00e9 \u00e0 l'\u00e2ge de 60 ans, a-t-on appris ce mercredi apr\u00e8s-midi.","robots":{"index":"index","follow":"follow","max-snippet":"max-snippet:-1","max-image-preview":"max-image-preview:large","max-video-preview":"max-video-preview:-1"},"canonical":"https:\/\/dicodusport.fr\/blog\/cyclisme-pascal-herve-est-mort\/","og_locale":"fr_FR","og_type":"article","og_title":"Cyclisme : Pascal Herv\u00e9 est mort","og_description":"CYCLISME SUR ROUTE - Triste nouvelle en ce jour de No\u00ebl. L'ancien cycliste professionnel, Pascal Herv\u00e9, est d\u00e9c\u00e9d\u00e9 \u00e0 l'\u00e2ge de 60 ans, a-t-on appris ce mercredi apr\u00e8s-midi.","og_url":"https:\/\/dicodusport.fr\/blog\/cyclisme-pascal-herve-est-mort\/","og_site_name":"Dicodusport","article_publisher":"https:\/\/www.facebook.com\/dicodusport","article_author":"https:\/\/www.facebook.com\/florent.ostermann","article_published_time":"2024-12-25T16:16:04+00:00","article_modified_time":"2024-12-25T16:43:06+00:00","og_image":[{"width":1200,"height":674,"url":"https:\/\/dicodusport.fr\/blog\/wp-content\/uploads\/2024\/12\/Cyclisme-Pascal-Herve-est-mort.png","type":"image\/png"}],"author":"Flo Ostermann","twitter_card":"summary_large_image","twitter_title":"Cyclisme : Pascal Herv\u00e9 est mort","twitter_creator":"@https:\/\/twitter.com\/FlOstermann","twitter_site":"@dicodusport","schema":{"@context":"https:\/\/schema.org","@graph":[{"@type":"NewsArticle","@id":"https:\/\/dicodusport.fr\/blog\/cyclisme-pascal-herve-est-mort\/#article","isPartOf":{"@id":"https:\/\/dicodusport.fr\/blog\/cyclisme-pascal-herve-est-mort\/"},"author":{"name":"Flo Ostermann","@id":"https:\/\/dicodusport.fr\/blog\/#\/schema\/person\/cb02af4c173ce4a653b55e9baf388d4a"},"headline":"Cyclisme : Pascal Herv\u00e9 est mort","datePublished":"2024-12-25T16:16:04+00:00","dateModified":"2024-12-25T16:43:06+00:00","mainEntityOfPage":{"@id":"https:\/\/dicodusport.fr\/blog\/cyclisme-pascal-herve-est-mort\/"},"wordCount":468,"commentCount":0,"publisher":{"@id":"https:\/\/dicodusport.fr\/blog\/#organization"},"image":{"@id":"https:\/\/dicodusport.fr\/blog\/cyclisme-pascal-herve-est-mort\/#primaryimage"},"thumbnailUrl":"https:\/\/dicodusport.fr\/blog\/wp-content\/uploads\/2024\/12\/Cyclisme-Pascal-Herve-est-mort.png","keywords":["actu","br\u00e8ve","Carnet noir","Cyclisme"],"articleSection":["Carnet noir","Cyclisme"],"inLanguage":"fr-FR","potentialAction":[{"@type":"CommentAction","name":"Comment","target":["https:\/\/dicodusport.fr\/blog\/cyclisme-pascal-herve-est-mort\/#respond"]}],"copyrightYear":"2024","copyrightHolder":{"@id":"https:\/\/dicodusport.fr\/blog\/#organization"}},{"@type":"WebPage","@id":"https:\/\/dicodusport.fr\/blog\/cyclisme-pascal-herve-est-mort\/","url":"https:\/\/dicodusport.fr\/blog\/cyclisme-pascal-herve-est-mort\/","name":"Cyclisme : Pascal Herv\u00e9 est mort","isPartOf":{"@id":"https:\/\/dicodusport.fr\/blog\/#website"},"primaryImageOfPage":{"@id":"https:\/\/dicodusport.fr\/blog\/cyclisme-pascal-herve-est-mort\/#primaryimage"},"image":{"@id":"https:\/\/dicodusport.fr\/blog\/cyclisme-pascal-herve-est-mort\/#primaryimage"},"thumbnailUrl":"https:\/\/dicodusport.fr\/blog\/wp-content\/uploads\/2024\/12\/Cyclisme-Pascal-Herve-est-mort.png","datePublished":"2024-12-25T16:16:04+00:00","dateModified":"2024-12-25T16:43:06+00:00","description":"CYCLISME SUR ROUTE - Triste nouvelle en ce jour de No\u00ebl. L'ancien cycliste professionnel, Pascal Herv\u00e9, est d\u00e9c\u00e9d\u00e9 \u00e0 l'\u00e2ge de 60 ans, a-t-on appris ce mercredi apr\u00e8s-midi.","breadcrumb":{"@id":"https:\/\/dicodusport.fr\/blog\/cyclisme-pascal-herve-est-mort\/#breadcrumb"},"inLanguage":"fr-FR","potentialAction":[{"@type":"ReadAction","target":["https:\/\/dicodusport.fr\/blog\/cyclisme-pascal-herve-est-mort\/"]}]},{"@type":"ImageObject","inLanguage":"fr-FR","@id":"https:\/\/dicodusport.fr\/blog\/cyclisme-pascal-herve-est-mort\/#primaryimage","url":"https:\/\/dicodusport.fr\/blog\/wp-content\/uploads\/2024\/12\/Cyclisme-Pascal-Herve-est-mort.png","contentUrl":"https:\/\/dicodusport.fr\/blog\/wp-content\/uploads\/2024\/12\/Cyclisme-Pascal-Herve-est-mort.png","width":1200,"height":674,"caption":"Cyclisme Pascal Herv\u00e9 est mort"},{"@type":"BreadcrumbList","@id":"https:\/\/dicodusport.fr\/blog\/cyclisme-pascal-herve-est-mort\/#breadcrumb","itemListElement":[{"@type":"ListItem","position":1,"name":"Accueil","item":"https:\/\/dicodusport.fr\/blog\/"},{"@type":"ListItem","position":2,"name":"Cyclisme : Pascal Herv\u00e9 est mort"}]},{"@type":"WebSite","@id":"https:\/\/dicodusport.fr\/blog\/#website","url":"https:\/\/dicodusport.fr\/blog\/","name":"Dicodusport","description":"L&#039;encyclop\u00e9die de l&#039;actualit\u00e9 sportive","publisher":{"@id":"https:\/\/dicodusport.fr\/blog\/#organization"},"potentialAction":[{"@type":"SearchAction","target":{"@type":"EntryPoint","urlTemplate":"https:\/\/dicodusport.fr\/blog\/?s={search_term_string}"},"query-input":{"@type":"PropertyValueSpecification","valueRequired":true,"valueName":"search_term_string"}}],"inLanguage":"fr-FR"},{"@type":"NewsMediaOrganization","@id":"https:\/\/dicodusport.fr\/blog\/#organization","name":"Dicodusport","url":"https:\/\/dicodusport.fr\/blog\/","logo":{"@type":"ImageObject","inLanguage":"fr-FR","@id":"https:\/\/dicodusport.fr\/blog\/#\/schema\/logo\/image\/","url":"https:\/\/dicodusport.fr\/blog\/wp-content\/uploads\/2020\/06\/cropped-LOGO-DICODUSPORT-2020-SANS-FOND-SANS-TEXTE.png","contentUrl":"https:\/\/dicodusport.fr\/blog\/wp-content\/uploads\/2020\/06\/cropped-LOGO-DICODUSPORT-2020-SANS-FOND-SANS-TEXTE.png","width":512,"height":512,"caption":"Dicodusport"},"image":{"@id":"https:\/\/dicodusport.fr\/blog\/#\/schema\/logo\/image\/"},"sameAs":["https:\/\/www.facebook.com\/dicodusport","https:\/\/x.com\/dicodusport","https:\/\/www.instagram.com\/dicodusport\/","https:\/\/www.youtube.com\/channel\/UC7V2KZ5sd3htJivAbA4ZG3w"],"description":"Dicodusport est l'encyclop\u00e9die de l'actualit\u00e9 sportive.","email":"bonjour@dicodusport.fr","legalName":"DICODUSPORT","foundingDate":"2018-01-14","vatID":"FR71834470973","taxID":"83447097300043","numberOfEmployees":{"@type":"QuantitativeValue","minValue":"1","maxValue":"10"}},{"@type":"Person","@id":"https:\/\/dicodusport.fr\/blog\/#\/schema\/person\/cb02af4c173ce4a653b55e9baf388d4a","name":"Flo Ostermann","image":{"@type":"ImageObject","inLanguage":"fr-FR","@id":"https:\/\/dicodusport.fr\/blog\/#\/schema\/person\/image\/","url":"https:\/\/dicodusport.fr\/blog\/wp-content\/uploads\/2021\/05\/Flo-Ostermann-150x150.jpg","contentUrl":"https:\/\/dicodusport.fr\/blog\/wp-content\/uploads\/2021\/05\/Flo-Ostermann-150x150.jpg","caption":"Flo Ostermann"},"description":"Journaliste\/R\u00e9dacteur depuis septembre 2015 - Mes premiers souvenirs dans le sport ? Les envol\u00e9es du Stade Toulousain et les duels Villeneuve-Schumacher et H\u00e4kkinen-Schumacher \u00e0 la fin des ann\u00e9es 90, la Coupe du monde de football en 1998, l\u2019exploit du XV de France face aux All Blacks en 1999, mais aussi Richard C\u0153ur de Lion qui vole sur les montagnes du Tour de France. Bien parti pour devenir professeur d\u2019EPS, les \u00e9v\u00e9nements de la vie (et la flemme d\u2019animer des s\u00e9ances de 3x500 m\u00e8tres toute ma vie) m\u2019ont conduit \u00e0 revoir mes plans. Me voil\u00e0 depuis fin 2017 sur Dicodusport, m\u00e9dia gr\u00e2ce (et pour) lequel je partage ma passion : le sport dans tous ses \u00e9tats. Le tout accompagn\u00e9 par les fous furieux et folles furieuses cit\u00e9s sur cette page !","sameAs":["https:\/\/www.facebook.com\/florent.ostermann","https:\/\/x.com\/https:\/\/twitter.com\/FlOstermann","admin"],"url":"https:\/\/dicodusport.fr\/blog\/author\/flo\/"}]}},"_links":{"self":[{"href":"https:\/\/dicodusport.fr\/blog\/wp-json\/wp\/v2\/posts\/542211","targetHints":{"allow":["GET"]}}],"collection":[{"href":"https:\/\/dicodusport.fr\/blog\/wp-json\/wp\/v2\/posts"}],"about":[{"href":"https:\/\/dicodusport.fr\/blog\/wp-json\/wp\/v2\/types\/post"}],"author":[{"embeddable":true,"href":"https:\/\/dicodusport.fr\/blog\/wp-json\/wp\/v2\/users\/4"}],"replies":[{"embeddable":true,"href":"https:\/\/dicodusport.fr\/blog\/wp-json\/wp\/v2\/comments?post=542211"}],"version-history":[{"count":5,"href":"https:\/\/dicodusport.fr\/blog\/wp-json\/wp\/v2\/posts\/542211\/revisions"}],"predecessor-version":[{"id":542219,"href":"https:\/\/dicodusport.fr\/blog\/wp-json\/wp\/v2\/posts\/542211\/revisions\/542219"}],"wp:featuredmedia":[{"embeddable":true,"href":"https:\/\/dicodusport.fr\/blog\/wp-json\/wp\/v2\/media\/542213"}],"wp:attachment":[{"href":"https:\/\/dicodusport.fr\/blog\/wp-json\/wp\/v2\/media?parent=542211"}],"wp:term":[{"taxonomy":"category","embeddable":true,"href":"https:\/\/dicodusport.fr\/blog\/wp-json\/wp\/v2\/categories?post=542211"},{"taxonomy":"post_tag","embeddable":true,"href":"https:\/\/dicodusport.fr\/blog\/wp-json\/wp\/v2\/tags?post=542211"}],"curies":[{"name":"wp","href":"https:\/\/api.w.org\/{rel}","templated":true}]}}