{"id":542285,"date":"2024-12-26T12:21:00","date_gmt":"2024-12-26T11:21:00","guid":{"rendered":"https:\/\/dicodusport.fr\/blog\/?p=542285&#038;preview=true&#038;preview_id=542285"},"modified":"2024-12-26T12:21:00","modified_gmt":"2024-12-26T11:21:00","slug":"football-paul-georges-ntep-arrete-sa-carriere-a-32-ans","status":"publish","type":"post","link":"https:\/\/dicodusport.fr\/blog\/football-paul-georges-ntep-arrete-sa-carriere-a-32-ans\/","title":{"rendered":"Football : Paul-Georges Ntep arr\u00eate sa carri\u00e8re \u00e0 32 ans"},"content":{"rendered":"<h4 style=\"text-align: justify;\"><em>FOOTBALL LIGUE 1 &#8211; L&rsquo;ancien ailier du Stade Rennais, de Saint-Etienne ou encore de l&rsquo;AJ Auxerre Paul-Georges Ntep a annonc\u00e9 la fin de sa carri\u00e8re professionnelle ce 26 d\u00e9cembre. Il \u00e9tait sans club depuis mars dernier, et une exp\u00e9rience au Vietnam.\u00a0<\/em><\/h4>\n<p style=\"text-align: justify;\">A 32 ans, il sonne le glas de sa carri\u00e8re. <strong>Paul-Georges Ntep<\/strong> a d\u00e9cid\u00e9 de raccrocher d\u00e9finitivement les crampons. Sans club depuis mars 2024 et une exp\u00e9rience exotique au <strong><a href=\"https:\/\/dicodusport.fr\/blog\/mercato-paul-georges-ntep-va-signer-au-vietnam\/\">Ho Chi Minh City FC<\/a><\/strong> (Vietnam), l&rsquo;ancien ailier virevoltant a annonc\u00e9 \u00e0 <em>France Bleu Armorique<\/em> l&rsquo;arr\u00eat de sa carri\u00e8re professionnelle.\u00a0Le Franco-Camerounais \u00e9tait g\u00ean\u00e9 par les blessures depuis plusieurs saisons. Pourtant, il avait connu un d\u00e9but de carri\u00e8re fulgurant.<\/p>\n<p style=\"text-align: justify;\">Ses 3 ann\u00e9es au <strong>Stade Rennais<\/strong> auront \u00ab\u00a0<em>peut-\u00eatre<\/em>\u00a0\u00bb \u00e9t\u00e9 \u00ab\u00a0<em>les trois plus belles ann\u00e9es de ma vie<\/em>\u00ab\u00a0, confie-t-il. Une p\u00e9riode qui verra <strong>Paul-Georges Ntep<\/strong> porter le maillot de l&rsquo;\u00e9quipe de France \u00e0 deux reprises (en 2015), avant d&rsquo;opter pour la s\u00e9lection camerounaise. Form\u00e9 \u00e0 l&rsquo;<strong>AJ Auxerre<\/strong>, il rejoint ensuite Rennes. 3 ans plus tard, il s&rsquo;envole pour l&rsquo;Allemagne, et <strong>Wolfsburg<\/strong>. Il sera alors pr\u00eat\u00e9 \u00e0 l\u2019<strong>ASSE<\/strong> (pr\u00eat) et \u00e0 <strong>Kayserispor<\/strong> (pr\u00eat). Ce sera ensuite <strong>Guingamp<\/strong> et <strong>Boavista<\/strong>. Avant de partir \u00e0 l\u2019aventure au Vietnam \u00e0 H\u00f4 Chi Minh City FC, pour sa derni\u00e8re exp\u00e9rience. Il ne participe qu&rsquo;\u00e0 10 rencontres, le temps d&rsquo;inscrire un but.<\/p>\n<blockquote class=\"twitter-tweet\">\n<p dir=\"ltr\" lang=\"fr\">L&rsquo;ancien Rouge et Noir Paul-Georges Ntep arr\u00eate sa carri\u00e8re : \u00ab\u00a0Rennes, peut-\u00eatre les trois plus belles ann\u00e9es de ma vie\u00a0\u00bb <a href=\"https:\/\/twitter.com\/hashtag\/SRFC?src=hash&amp;ref_src=twsrc%5Etfw\">#SRFC<\/a> <a href=\"https:\/\/t.co\/Gv9NCy7MRD\">https:\/\/t.co\/Gv9NCy7MRD<\/a><\/p>\n<p>\u2014 Fran\u00e7ois Rauzy (@RauzyFrancois) <a href=\"https:\/\/twitter.com\/RauzyFrancois\/status\/1872223378335223979?ref_src=twsrc%5Etfw\">December 26, 2024<\/a><\/p><\/blockquote>\n<p><script async src=\"https:\/\/platform.twitter.com\/widgets.js\" charset=\"utf-8\"><\/script><\/p>\n<p style=\"text-align: justify;\">Aujourd&rsquo;hui, <strong>Paul-Georges Ntep<\/strong> d\u00e9clare \u00eatre pass\u00e9 totalement \u00e0 autre chose.<\/p>\n<blockquote>\n<p style=\"text-align: justify;\">Ma carri\u00e8re, pour moi, c\u2019est fini. Je suis pass\u00e9 \u00e0 autre chose dans ma t\u00eate et j\u2019ai d\u2019autres projets. J\u2019ai appr\u00e9ci\u00e9 ce que j\u2019ai v\u00e9cu, j\u2019ai appr\u00e9ci\u00e9 le Vietnam. Mais pour moi, le football aujourd\u2019hui c\u2019est juste des bons souvenirs mais c\u2019est fini. J\u2019ai des projets entrepreneuriaux, ce sont des projets de d\u00e9veloppement personnel et ouvrir des soci\u00e9t\u00e9s, faire des choses concr\u00e8tes.<\/p>\n<\/blockquote>\n","protected":false},"excerpt":{"rendered":"<p>FOOTBALL LIGUE 1 &#8211; L&rsquo;ancien ailier du Stade Rennais, de Saint-Etienne ou encore de l&rsquo;AJ Auxerre Paul-Georges Ntep a annonc\u00e9 la fin de sa carri\u00e8re professionnelle ce 26 d\u00e9cembre. Il \u00e9tait sans club depuis mars dernier, et une exp\u00e9rience au Vietnam.\u00a0<\/p>\n","protected":false},"author":88,"featured_media":542289,"comment_status":"open","ping_status":"closed","sticky":false,"template":"","format":"standard","meta":{"_acf_changed":false,"_daextam_enable_autolinks":"1","footnotes":""},"categories":[2301],"tags":[16878,75,1554,18514],"class_list":["post-542285","post","type-post","status-publish","format-standard","has-post-thumbnail","hentry","category-football","tag-breve","tag-football","tag-ligue-1","tag-stade-rennais-fc"],"acf":[],"yoast_head":"<!-- This site is optimized with the Yoast SEO Premium plugin v26.7 (Yoast SEO v26.7) - https:\/\/yoast.com\/wordpress\/plugins\/seo\/ -->\n<title>Football : Paul-Georges Ntep arr\u00eate sa carri\u00e8re \u00e0 32 ans<\/title>\n<meta name=\"description\" content=\"FOOTBALL LIGUE 1 - L&#039;ancien ailier du Stade Rennais Paul-Georges Ntep a annonc\u00e9 la fin de sa carri\u00e8re professionnelle ce 26 d\u00e9cembre.\" \/>\n<meta name=\"robots\" content=\"index, follow, max-snippet:-1, max-image-preview:large, max-video-preview:-1\" \/>\n<link rel=\"canonical\" href=\"https:\/\/dicodusport.fr\/blog\/football-paul-georges-ntep-arrete-sa-carriere-a-32-ans\/\" \/>\n<meta property=\"og:locale\" content=\"fr_FR\" \/>\n<meta property=\"og:type\" content=\"article\" \/>\n<meta property=\"og:title\" content=\"Football : Paul-Georges Ntep arr\u00eate sa carri\u00e8re \u00e0 32 ans\" \/>\n<meta property=\"og:description\" content=\"FOOTBALL LIGUE 1 - L&#039;ancien ailier du Stade Rennais Paul-Georges Ntep a annonc\u00e9 la fin de sa carri\u00e8re professionnelle ce 26 d\u00e9cembre.\" \/>\n<meta property=\"og:url\" content=\"https:\/\/dicodusport.fr\/blog\/football-paul-georges-ntep-arrete-sa-carriere-a-32-ans\/\" \/>\n<meta property=\"og:site_name\" content=\"Dicodusport\" \/>\n<meta property=\"article:publisher\" content=\"https:\/\/www.facebook.com\/dicodusport\" \/>\n<meta property=\"article:published_time\" content=\"2024-12-26T11:21:00+00:00\" \/>\n<meta property=\"og:image\" content=\"https:\/\/dicodusport.fr\/blog\/wp-content\/uploads\/2024\/12\/Football-Paul-Georges-Ntep-arrete-sa-carriere-a-32-ans.png\" \/>\n\t<meta property=\"og:image:width\" content=\"1200\" \/>\n\t<meta property=\"og:image:height\" content=\"674\" \/>\n\t<meta property=\"og:image:type\" content=\"image\/png\" \/>\n<meta name=\"author\" content=\"Paul Lalevee\" \/>\n<meta name=\"twitter:card\" content=\"summary_large_image\" \/>\n<meta name=\"twitter:title\" content=\"Football : Paul-Georges Ntep arr\u00eate sa carri\u00e8re \u00e0 32 ans\" \/>\n<meta name=\"twitter:creator\" content=\"@dicodusport\" \/>\n<meta name=\"twitter:site\" content=\"@dicodusport\" \/>\n<script type=\"application\/ld+json\" class=\"yoast-schema-graph\">{\"@context\":\"https:\/\/schema.org\",\"@graph\":[{\"@type\":\"NewsArticle\",\"@id\":\"https:\/\/dicodusport.fr\/blog\/football-paul-georges-ntep-arrete-sa-carriere-a-32-ans\/#article\",\"isPartOf\":{\"@id\":\"https:\/\/dicodusport.fr\/blog\/football-paul-georges-ntep-arrete-sa-carriere-a-32-ans\/\"},\"author\":{\"name\":\"Paul Lalevee\",\"@id\":\"https:\/\/dicodusport.fr\/blog\/#\/schema\/person\/1eaa63dfac40b5e5c47f03a71920c1cd\"},\"headline\":\"Football : Paul-Georges Ntep arr\u00eate sa carri\u00e8re \u00e0 32 ans\",\"datePublished\":\"2024-12-26T11:21:00+00:00\",\"mainEntityOfPage\":{\"@id\":\"https:\/\/dicodusport.fr\/blog\/football-paul-georges-ntep-arrete-sa-carriere-a-32-ans\/\"},\"wordCount\":369,\"commentCount\":0,\"publisher\":{\"@id\":\"https:\/\/dicodusport.fr\/blog\/#organization\"},\"image\":{\"@id\":\"https:\/\/dicodusport.fr\/blog\/football-paul-georges-ntep-arrete-sa-carriere-a-32-ans\/#primaryimage\"},\"thumbnailUrl\":\"https:\/\/dicodusport.fr\/blog\/wp-content\/uploads\/2024\/12\/Football-Paul-Georges-Ntep-arrete-sa-carriere-a-32-ans.png\",\"keywords\":[\"br\u00e8ve\",\"Football\",\"Ligue 1\",\"Stade Rennais FC\"],\"articleSection\":[\"Football\"],\"inLanguage\":\"fr-FR\",\"potentialAction\":[{\"@type\":\"CommentAction\",\"name\":\"Comment\",\"target\":[\"https:\/\/dicodusport.fr\/blog\/football-paul-georges-ntep-arrete-sa-carriere-a-32-ans\/#respond\"]}],\"copyrightYear\":\"2024\",\"copyrightHolder\":{\"@id\":\"https:\/\/dicodusport.fr\/blog\/#organization\"}},{\"@type\":\"WebPage\",\"@id\":\"https:\/\/dicodusport.fr\/blog\/football-paul-georges-ntep-arrete-sa-carriere-a-32-ans\/\",\"url\":\"https:\/\/dicodusport.fr\/blog\/football-paul-georges-ntep-arrete-sa-carriere-a-32-ans\/\",\"name\":\"Football : Paul-Georges Ntep arr\u00eate sa carri\u00e8re \u00e0 32 ans\",\"isPartOf\":{\"@id\":\"https:\/\/dicodusport.fr\/blog\/#website\"},\"primaryImageOfPage\":{\"@id\":\"https:\/\/dicodusport.fr\/blog\/football-paul-georges-ntep-arrete-sa-carriere-a-32-ans\/#primaryimage\"},\"image\":{\"@id\":\"https:\/\/dicodusport.fr\/blog\/football-paul-georges-ntep-arrete-sa-carriere-a-32-ans\/#primaryimage\"},\"thumbnailUrl\":\"https:\/\/dicodusport.fr\/blog\/wp-content\/uploads\/2024\/12\/Football-Paul-Georges-Ntep-arrete-sa-carriere-a-32-ans.png\",\"datePublished\":\"2024-12-26T11:21:00+00:00\",\"description\":\"FOOTBALL LIGUE 1 - L'ancien ailier du Stade Rennais Paul-Georges Ntep a annonc\u00e9 la fin de sa carri\u00e8re professionnelle ce 26 d\u00e9cembre.\",\"breadcrumb\":{\"@id\":\"https:\/\/dicodusport.fr\/blog\/football-paul-georges-ntep-arrete-sa-carriere-a-32-ans\/#breadcrumb\"},\"inLanguage\":\"fr-FR\",\"potentialAction\":[{\"@type\":\"ReadAction\",\"target\":[\"https:\/\/dicodusport.fr\/blog\/football-paul-georges-ntep-arrete-sa-carriere-a-32-ans\/\"]}]},{\"@type\":\"ImageObject\",\"inLanguage\":\"fr-FR\",\"@id\":\"https:\/\/dicodusport.fr\/blog\/football-paul-georges-ntep-arrete-sa-carriere-a-32-ans\/#primaryimage\",\"url\":\"https:\/\/dicodusport.fr\/blog\/wp-content\/uploads\/2024\/12\/Football-Paul-Georges-Ntep-arrete-sa-carriere-a-32-ans.png\",\"contentUrl\":\"https:\/\/dicodusport.fr\/blog\/wp-content\/uploads\/2024\/12\/Football-Paul-Georges-Ntep-arrete-sa-carriere-a-32-ans.png\",\"width\":1200,\"height\":674,\"caption\":\"Football Paul-Georges Ntep arr\u00eate sa carri\u00e8re \u00e0 32 ans\"},{\"@type\":\"BreadcrumbList\",\"@id\":\"https:\/\/dicodusport.fr\/blog\/football-paul-georges-ntep-arrete-sa-carriere-a-32-ans\/#breadcrumb\",\"itemListElement\":[{\"@type\":\"ListItem\",\"position\":1,\"name\":\"Accueil\",\"item\":\"https:\/\/dicodusport.fr\/blog\/\"},{\"@type\":\"ListItem\",\"position\":2,\"name\":\"Football : Paul-Georges Ntep arr\u00eate sa carri\u00e8re \u00e0 32 ans\"}]},{\"@type\":\"WebSite\",\"@id\":\"https:\/\/dicodusport.fr\/blog\/#website\",\"url\":\"https:\/\/dicodusport.fr\/blog\/\",\"name\":\"Dicodusport\",\"description\":\"L&#039;encyclop\u00e9die de l&#039;actualit\u00e9 sportive\",\"publisher\":{\"@id\":\"https:\/\/dicodusport.fr\/blog\/#organization\"},\"potentialAction\":[{\"@type\":\"SearchAction\",\"target\":{\"@type\":\"EntryPoint\",\"urlTemplate\":\"https:\/\/dicodusport.fr\/blog\/?s={search_term_string}\"},\"query-input\":{\"@type\":\"PropertyValueSpecification\",\"valueRequired\":true,\"valueName\":\"search_term_string\"}}],\"inLanguage\":\"fr-FR\"},{\"@type\":\"NewsMediaOrganization\",\"@id\":\"https:\/\/dicodusport.fr\/blog\/#organization\",\"name\":\"Dicodusport\",\"url\":\"https:\/\/dicodusport.fr\/blog\/\",\"logo\":{\"@type\":\"ImageObject\",\"inLanguage\":\"fr-FR\",\"@id\":\"https:\/\/dicodusport.fr\/blog\/#\/schema\/logo\/image\/\",\"url\":\"https:\/\/dicodusport.fr\/blog\/wp-content\/uploads\/2020\/06\/cropped-LOGO-DICODUSPORT-2020-SANS-FOND-SANS-TEXTE.png\",\"contentUrl\":\"https:\/\/dicodusport.fr\/blog\/wp-content\/uploads\/2020\/06\/cropped-LOGO-DICODUSPORT-2020-SANS-FOND-SANS-TEXTE.png\",\"width\":512,\"height\":512,\"caption\":\"Dicodusport\"},\"image\":{\"@id\":\"https:\/\/dicodusport.fr\/blog\/#\/schema\/logo\/image\/\"},\"sameAs\":[\"https:\/\/www.facebook.com\/dicodusport\",\"https:\/\/x.com\/dicodusport\",\"https:\/\/www.instagram.com\/dicodusport\/\",\"https:\/\/www.youtube.com\/channel\/UC7V2KZ5sd3htJivAbA4ZG3w\"],\"description\":\"Dicodusport est l'encyclop\u00e9die de l'actualit\u00e9 sportive.\",\"email\":\"bonjour@dicodusport.fr\",\"legalName\":\"DICODUSPORT\",\"foundingDate\":\"2018-01-14\",\"vatID\":\"FR71834470973\",\"taxID\":\"83447097300043\",\"numberOfEmployees\":{\"@type\":\"QuantitativeValue\",\"minValue\":\"1\",\"maxValue\":\"10\"}},{\"@type\":\"Person\",\"@id\":\"https:\/\/dicodusport.fr\/blog\/#\/schema\/person\/1eaa63dfac40b5e5c47f03a71920c1cd\",\"name\":\"Paul Lalevee\",\"image\":{\"@type\":\"ImageObject\",\"inLanguage\":\"fr-FR\",\"@id\":\"https:\/\/dicodusport.fr\/blog\/#\/schema\/person\/image\/\",\"url\":\"https:\/\/dicodusport.fr\/blog\/wp-content\/uploads\/2023\/10\/291154246_1690604071293245_3118259335115946499_n-150x150.jpg\",\"contentUrl\":\"https:\/\/dicodusport.fr\/blog\/wp-content\/uploads\/2023\/10\/291154246_1690604071293245_3118259335115946499_n-150x150.jpg\",\"caption\":\"Paul Lalevee\"},\"description\":\"La bulle Disney pendant le Covid, le Tour 2019, la Coupe du monde 2018. Ces trois \u00e9v\u00e9nements majeurs sont ancr\u00e9s dans ma t\u00eate de fan de sport, n\u00e9gativement ou positivement. Passionn\u00e9 de sport depuis l'enfance, j'ai d\u00e9cid\u00e9 de mettre ma passion de l'\u00e9criture au service de cette premi\u00e8re passion.\",\"url\":\"https:\/\/dicodusport.fr\/blog\/author\/paul-lalevee\/\"}]}<\/script>\n<!-- \/ Yoast SEO Premium plugin. -->","yoast_head_json":{"title":"Football : Paul-Georges Ntep arr\u00eate sa carri\u00e8re \u00e0 32 ans","description":"FOOTBALL LIGUE 1 - L'ancien ailier du Stade Rennais Paul-Georges Ntep a annonc\u00e9 la fin de sa carri\u00e8re professionnelle ce 26 d\u00e9cembre.","robots":{"index":"index","follow":"follow","max-snippet":"max-snippet:-1","max-image-preview":"max-image-preview:large","max-video-preview":"max-video-preview:-1"},"canonical":"https:\/\/dicodusport.fr\/blog\/football-paul-georges-ntep-arrete-sa-carriere-a-32-ans\/","og_locale":"fr_FR","og_type":"article","og_title":"Football : Paul-Georges Ntep arr\u00eate sa carri\u00e8re \u00e0 32 ans","og_description":"FOOTBALL LIGUE 1 - L'ancien ailier du Stade Rennais Paul-Georges Ntep a annonc\u00e9 la fin de sa carri\u00e8re professionnelle ce 26 d\u00e9cembre.","og_url":"https:\/\/dicodusport.fr\/blog\/football-paul-georges-ntep-arrete-sa-carriere-a-32-ans\/","og_site_name":"Dicodusport","article_publisher":"https:\/\/www.facebook.com\/dicodusport","article_published_time":"2024-12-26T11:21:00+00:00","og_image":[{"width":1200,"height":674,"url":"https:\/\/dicodusport.fr\/blog\/wp-content\/uploads\/2024\/12\/Football-Paul-Georges-Ntep-arrete-sa-carriere-a-32-ans.png","type":"image\/png"}],"author":"Paul Lalevee","twitter_card":"summary_large_image","twitter_title":"Football : Paul-Georges Ntep arr\u00eate sa carri\u00e8re \u00e0 32 ans","twitter_creator":"@dicodusport","twitter_site":"@dicodusport","schema":{"@context":"https:\/\/schema.org","@graph":[{"@type":"NewsArticle","@id":"https:\/\/dicodusport.fr\/blog\/football-paul-georges-ntep-arrete-sa-carriere-a-32-ans\/#article","isPartOf":{"@id":"https:\/\/dicodusport.fr\/blog\/football-paul-georges-ntep-arrete-sa-carriere-a-32-ans\/"},"author":{"name":"Paul Lalevee","@id":"https:\/\/dicodusport.fr\/blog\/#\/schema\/person\/1eaa63dfac40b5e5c47f03a71920c1cd"},"headline":"Football : Paul-Georges Ntep arr\u00eate sa carri\u00e8re \u00e0 32 ans","datePublished":"2024-12-26T11:21:00+00:00","mainEntityOfPage":{"@id":"https:\/\/dicodusport.fr\/blog\/football-paul-georges-ntep-arrete-sa-carriere-a-32-ans\/"},"wordCount":369,"commentCount":0,"publisher":{"@id":"https:\/\/dicodusport.fr\/blog\/#organization"},"image":{"@id":"https:\/\/dicodusport.fr\/blog\/football-paul-georges-ntep-arrete-sa-carriere-a-32-ans\/#primaryimage"},"thumbnailUrl":"https:\/\/dicodusport.fr\/blog\/wp-content\/uploads\/2024\/12\/Football-Paul-Georges-Ntep-arrete-sa-carriere-a-32-ans.png","keywords":["br\u00e8ve","Football","Ligue 1","Stade Rennais FC"],"articleSection":["Football"],"inLanguage":"fr-FR","potentialAction":[{"@type":"CommentAction","name":"Comment","target":["https:\/\/dicodusport.fr\/blog\/football-paul-georges-ntep-arrete-sa-carriere-a-32-ans\/#respond"]}],"copyrightYear":"2024","copyrightHolder":{"@id":"https:\/\/dicodusport.fr\/blog\/#organization"}},{"@type":"WebPage","@id":"https:\/\/dicodusport.fr\/blog\/football-paul-georges-ntep-arrete-sa-carriere-a-32-ans\/","url":"https:\/\/dicodusport.fr\/blog\/football-paul-georges-ntep-arrete-sa-carriere-a-32-ans\/","name":"Football : Paul-Georges Ntep arr\u00eate sa carri\u00e8re \u00e0 32 ans","isPartOf":{"@id":"https:\/\/dicodusport.fr\/blog\/#website"},"primaryImageOfPage":{"@id":"https:\/\/dicodusport.fr\/blog\/football-paul-georges-ntep-arrete-sa-carriere-a-32-ans\/#primaryimage"},"image":{"@id":"https:\/\/dicodusport.fr\/blog\/football-paul-georges-ntep-arrete-sa-carriere-a-32-ans\/#primaryimage"},"thumbnailUrl":"https:\/\/dicodusport.fr\/blog\/wp-content\/uploads\/2024\/12\/Football-Paul-Georges-Ntep-arrete-sa-carriere-a-32-ans.png","datePublished":"2024-12-26T11:21:00+00:00","description":"FOOTBALL LIGUE 1 - L'ancien ailier du Stade Rennais Paul-Georges Ntep a annonc\u00e9 la fin de sa carri\u00e8re professionnelle ce 26 d\u00e9cembre.","breadcrumb":{"@id":"https:\/\/dicodusport.fr\/blog\/football-paul-georges-ntep-arrete-sa-carriere-a-32-ans\/#breadcrumb"},"inLanguage":"fr-FR","potentialAction":[{"@type":"ReadAction","target":["https:\/\/dicodusport.fr\/blog\/football-paul-georges-ntep-arrete-sa-carriere-a-32-ans\/"]}]},{"@type":"ImageObject","inLanguage":"fr-FR","@id":"https:\/\/dicodusport.fr\/blog\/football-paul-georges-ntep-arrete-sa-carriere-a-32-ans\/#primaryimage","url":"https:\/\/dicodusport.fr\/blog\/wp-content\/uploads\/2024\/12\/Football-Paul-Georges-Ntep-arrete-sa-carriere-a-32-ans.png","contentUrl":"https:\/\/dicodusport.fr\/blog\/wp-content\/uploads\/2024\/12\/Football-Paul-Georges-Ntep-arrete-sa-carriere-a-32-ans.png","width":1200,"height":674,"caption":"Football Paul-Georges Ntep arr\u00eate sa carri\u00e8re \u00e0 32 ans"},{"@type":"BreadcrumbList","@id":"https:\/\/dicodusport.fr\/blog\/football-paul-georges-ntep-arrete-sa-carriere-a-32-ans\/#breadcrumb","itemListElement":[{"@type":"ListItem","position":1,"name":"Accueil","item":"https:\/\/dicodusport.fr\/blog\/"},{"@type":"ListItem","position":2,"name":"Football : Paul-Georges Ntep arr\u00eate sa carri\u00e8re \u00e0 32 ans"}]},{"@type":"WebSite","@id":"https:\/\/dicodusport.fr\/blog\/#website","url":"https:\/\/dicodusport.fr\/blog\/","name":"Dicodusport","description":"L&#039;encyclop\u00e9die de l&#039;actualit\u00e9 sportive","publisher":{"@id":"https:\/\/dicodusport.fr\/blog\/#organization"},"potentialAction":[{"@type":"SearchAction","target":{"@type":"EntryPoint","urlTemplate":"https:\/\/dicodusport.fr\/blog\/?s={search_term_string}"},"query-input":{"@type":"PropertyValueSpecification","valueRequired":true,"valueName":"search_term_string"}}],"inLanguage":"fr-FR"},{"@type":"NewsMediaOrganization","@id":"https:\/\/dicodusport.fr\/blog\/#organization","name":"Dicodusport","url":"https:\/\/dicodusport.fr\/blog\/","logo":{"@type":"ImageObject","inLanguage":"fr-FR","@id":"https:\/\/dicodusport.fr\/blog\/#\/schema\/logo\/image\/","url":"https:\/\/dicodusport.fr\/blog\/wp-content\/uploads\/2020\/06\/cropped-LOGO-DICODUSPORT-2020-SANS-FOND-SANS-TEXTE.png","contentUrl":"https:\/\/dicodusport.fr\/blog\/wp-content\/uploads\/2020\/06\/cropped-LOGO-DICODUSPORT-2020-SANS-FOND-SANS-TEXTE.png","width":512,"height":512,"caption":"Dicodusport"},"image":{"@id":"https:\/\/dicodusport.fr\/blog\/#\/schema\/logo\/image\/"},"sameAs":["https:\/\/www.facebook.com\/dicodusport","https:\/\/x.com\/dicodusport","https:\/\/www.instagram.com\/dicodusport\/","https:\/\/www.youtube.com\/channel\/UC7V2KZ5sd3htJivAbA4ZG3w"],"description":"Dicodusport est l'encyclop\u00e9die de l'actualit\u00e9 sportive.","email":"bonjour@dicodusport.fr","legalName":"DICODUSPORT","foundingDate":"2018-01-14","vatID":"FR71834470973","taxID":"83447097300043","numberOfEmployees":{"@type":"QuantitativeValue","minValue":"1","maxValue":"10"}},{"@type":"Person","@id":"https:\/\/dicodusport.fr\/blog\/#\/schema\/person\/1eaa63dfac40b5e5c47f03a71920c1cd","name":"Paul Lalevee","image":{"@type":"ImageObject","inLanguage":"fr-FR","@id":"https:\/\/dicodusport.fr\/blog\/#\/schema\/person\/image\/","url":"https:\/\/dicodusport.fr\/blog\/wp-content\/uploads\/2023\/10\/291154246_1690604071293245_3118259335115946499_n-150x150.jpg","contentUrl":"https:\/\/dicodusport.fr\/blog\/wp-content\/uploads\/2023\/10\/291154246_1690604071293245_3118259335115946499_n-150x150.jpg","caption":"Paul Lalevee"},"description":"La bulle Disney pendant le Covid, le Tour 2019, la Coupe du monde 2018. Ces trois \u00e9v\u00e9nements majeurs sont ancr\u00e9s dans ma t\u00eate de fan de sport, n\u00e9gativement ou positivement. Passionn\u00e9 de sport depuis l'enfance, j'ai d\u00e9cid\u00e9 de mettre ma passion de l'\u00e9criture au service de cette premi\u00e8re passion.","url":"https:\/\/dicodusport.fr\/blog\/author\/paul-lalevee\/"}]}},"_links":{"self":[{"href":"https:\/\/dicodusport.fr\/blog\/wp-json\/wp\/v2\/posts\/542285","targetHints":{"allow":["GET"]}}],"collection":[{"href":"https:\/\/dicodusport.fr\/blog\/wp-json\/wp\/v2\/posts"}],"about":[{"href":"https:\/\/dicodusport.fr\/blog\/wp-json\/wp\/v2\/types\/post"}],"author":[{"embeddable":true,"href":"https:\/\/dicodusport.fr\/blog\/wp-json\/wp\/v2\/users\/88"}],"replies":[{"embeddable":true,"href":"https:\/\/dicodusport.fr\/blog\/wp-json\/wp\/v2\/comments?post=542285"}],"version-history":[{"count":3,"href":"https:\/\/dicodusport.fr\/blog\/wp-json\/wp\/v2\/posts\/542285\/revisions"}],"predecessor-version":[{"id":542290,"href":"https:\/\/dicodusport.fr\/blog\/wp-json\/wp\/v2\/posts\/542285\/revisions\/542290"}],"wp:featuredmedia":[{"embeddable":true,"href":"https:\/\/dicodusport.fr\/blog\/wp-json\/wp\/v2\/media\/542289"}],"wp:attachment":[{"href":"https:\/\/dicodusport.fr\/blog\/wp-json\/wp\/v2\/media?parent=542285"}],"wp:term":[{"taxonomy":"category","embeddable":true,"href":"https:\/\/dicodusport.fr\/blog\/wp-json\/wp\/v2\/categories?post=542285"},{"taxonomy":"post_tag","embeddable":true,"href":"https:\/\/dicodusport.fr\/blog\/wp-json\/wp\/v2\/tags?post=542285"}],"curies":[{"name":"wp","href":"https:\/\/api.w.org\/{rel}","templated":true}]}}