{"id":542440,"date":"2024-12-27T16:02:16","date_gmt":"2024-12-27T15:02:16","guid":{"rendered":"https:\/\/dicodusport.fr\/blog\/?p=542440&#038;preview=true&#038;preview_id=542440"},"modified":"2024-12-27T16:10:33","modified_gmt":"2024-12-27T15:10:33","slug":"exact-cross-loenhout-mathieu-van-der-poel-maitrise-les-debats","status":"publish","type":"post","link":"https:\/\/dicodusport.fr\/blog\/exact-cross-loenhout-mathieu-van-der-poel-maitrise-les-debats\/","title":{"rendered":"Exact Cross Loenhout : Mathieu van der Poel ma\u00eetrise les d\u00e9bats"},"content":{"rendered":"<h4 style=\"text-align: justify;\"><em>EXACT CROSS LOENHOUT &#8211; Cadre de la premi\u00e8re confrontation entre les deux meilleurs ennemis, Mathieu van der Poel et Wout Van Aert, le cross de Loenhout a tourn\u00e9 court et le N\u00e9erlandais a survol\u00e9 la course. Victoire de Marion Norbert Riberolle chez les dames.<\/em><\/h4>\n<p style=\"text-align: justify;\"><strong>Mathieu van der Poel<\/strong> est bien trop fort cet hiver et aucun concurrent ne peut contester sa domination sur les cyclo-cross qu&rsquo;il dispute. Aujourd&rsquo;hui, du c\u00f4t\u00e9 de Loenhout, on croyait en quelques noms pour le challenger mais il n&rsquo;en a rien \u00e9t\u00e9. Le N\u00e9erlandais s&rsquo;est envol\u00e9 au premier tour pour ne jamais \u00eatre revu.<\/p>\n<blockquote class=\"twitter-tweet\">\n<p dir=\"ltr\" lang=\"en\">FOUR WINS IN A ROW \ud83d\udd25<\/p>\n<p>Mathieu van der Poel makes it four in a row as Wout van Aert finishes fourth on his return to racing at Exact Cross Loenhout \ud83d\udc4f <a href=\"https:\/\/t.co\/Coj4uOYnzd\">pic.twitter.com\/Coj4uOYnzd<\/a><\/p>\n<p>\u2014 Eurosport (@eurosport) <a href=\"https:\/\/twitter.com\/eurosport\/status\/1872660083991036160?ref_src=twsrc%5Etfw\">December 27, 2024<\/a><\/p><\/blockquote>\n<p style=\"text-align: justify;\"><script async src=\"https:\/\/platform.twitter.com\/widgets.js\" charset=\"utf-8\"><\/script><\/p>\n<h2 style=\"text-align: justify;\">Wout Van Aert logiquement trop juste<\/h2>\n<p style=\"text-align: justify;\">L&rsquo;Exact Cross a servi de cadre \u00e0 beaucoup de routards venus se faire plaisir ou monter en condition. Citons <strong>Tim Merlier<\/strong>, <strong>Gianni Vermeersch<\/strong> ou encore <strong>Jenno Berckmoes<\/strong>. Et bien entendu <strong>Wout Van Aert<\/strong>, venu faire sa rentr\u00e9e des classes, repouss\u00e9e \u00e0 cause d&rsquo;un \u00e9tat maladif. Autant dire que le Belge de la Visma Lease a Bike n&rsquo;\u00e9tait pas en condition suffisante pour titiller la puissance de <strong>Mathieu van der Poel<\/strong>, tr\u00e8s vite d\u00e9tach\u00e9 dans cette course. De plus, il a commis une ou deux erreurs fatales \u00e0 ce niveau, \u00e0 l&rsquo;image de sa glissade \u00e0 pied lors du second tour.<\/p>\n<p style=\"text-align: justify;\">Finalement, c&rsquo;est un sp\u00e9cialiste de la discipline qui nous a apport\u00e9 un semblant de suspense en la personne de <strong>Laurens Sweeck<\/strong>, tr\u00e8s en jambes et qui a un temps effectu\u00e9 la jonction. Cependant, le Belge a \u00e9t\u00e9 rejoint dans le final par <strong>Van Aert<\/strong> et un <strong>Thibau Nys<\/strong> tr\u00e8s en forme. Beaucoup de rebondissements ont anim\u00e9 le dernier tour avec notamment une glissade sans cons\u00e9quence de <strong>van der Poel<\/strong>, et une ultime chute de <strong>Van Aert<\/strong> qui a condamn\u00e9 ses chances de podium. <strong>Nys<\/strong> r\u00e9glait finalement assez facilement <strong>Sweeck<\/strong> pour les accessits, <strong>Van Aert<\/strong> \u00e9chouant \u00e0 la quatri\u00e8me place. Ce dernier pourra se consoler avec une rentr\u00e9e que l&rsquo;on peut juger plut\u00f4t satisfaisante.<\/p>\n<h2 style=\"text-align: justify;\">Norbert Riberolle en profite<\/h2>\n<p style=\"text-align: justify;\">En l&rsquo;absence des ogresses de la discipline telles que <strong>Fem van Empel<\/strong>, <strong>Lucinda Brand<\/strong> ou encore <strong>Marie Schreiber<\/strong>, la course f\u00e9minine s&rsquo;annon\u00e7ait plus ouverte. N\u00e9anmoins, on notait deux grandes favorites qui se sont d\u00e9tach\u00e9es naturellement \u00e0 mi-course, les Belges <strong>Sanne Cant<\/strong> et <strong>Marion Norbert Riberolle<\/strong>. Les deux coureuses de la Crelan &#8211; Corendon ont livr\u00e9 une belle bataille qui a tourn\u00e9 \u00e0 l&rsquo;avantage de la cadette. <strong>Norbert Riberolle<\/strong>, 25 ans, est apparue en gestion, sans fausse note, l\u00e0 o\u00f9 l&rsquo;exp\u00e9riment\u00e9e <strong>Cant<\/strong> a laiss\u00e9 beaucoup de forces en route et a surtout touch\u00e9 la terre, ce qui a permis \u00e0 la native de Troyes de s&rsquo;envoler d\u00e9finitivement. La Britannique <strong>Imogen Wolff<\/strong>, 18 ans et Espoir 1, accrochait un peu plus loin un joli podium.<\/p>\n","protected":false},"excerpt":{"rendered":"<p>EXACT CROSS LOENHOUT &#8211; Cadre de la premi\u00e8re confrontation entre les deux meilleurs ennemis, Mathieu van der Poel et Wout Van Aert, le cross de Loenhout a tourn\u00e9 court et le N\u00e9erlandais a survol\u00e9 la course. Victoire de Marion Norbert Riberolle chez les dames.<\/p>\n","protected":false},"author":92,"featured_media":542449,"comment_status":"open","ping_status":"closed","sticky":false,"template":"","format":"standard","meta":{"_acf_changed":false,"_daextam_enable_autolinks":"1","footnotes":""},"categories":[9611],"tags":[16878,6666,6597,8091],"class_list":["post-542440","post","type-post","status-publish","format-standard","has-post-thumbnail","hentry","category-cyclo-cross","tag-breve","tag-cyclo-cross","tag-mathieu-van-der-poel","tag-wout-van-aert"],"acf":[],"yoast_head":"<!-- This site is optimized with the Yoast SEO Premium plugin v26.7 (Yoast SEO v26.7) - https:\/\/yoast.com\/wordpress\/plugins\/seo\/ -->\n<title>Exact Cross Loenhout : Mathieu van der Poel ma\u00eetrise les d\u00e9bats<\/title>\n<meta name=\"description\" content=\"EXACT CROSS LOENHOUT - Le duel entre Mathieu van der Poel et Wout Van Aert a tourn\u00e9 court et le N\u00e9erlandais a survol\u00e9 la course.\" \/>\n<meta name=\"robots\" content=\"index, follow, max-snippet:-1, max-image-preview:large, max-video-preview:-1\" \/>\n<link rel=\"canonical\" href=\"https:\/\/dicodusport.fr\/blog\/exact-cross-loenhout-mathieu-van-der-poel-maitrise-les-debats\/\" \/>\n<meta property=\"og:locale\" content=\"fr_FR\" \/>\n<meta property=\"og:type\" content=\"article\" \/>\n<meta property=\"og:title\" content=\"Exact Cross Loenhout : Mathieu van der Poel ma\u00eetrise les d\u00e9bats\" \/>\n<meta property=\"og:description\" content=\"EXACT CROSS LOENHOUT - Le duel entre Mathieu van der Poel et Wout Van Aert a tourn\u00e9 court et le N\u00e9erlandais a survol\u00e9 la course.\" \/>\n<meta property=\"og:url\" content=\"https:\/\/dicodusport.fr\/blog\/exact-cross-loenhout-mathieu-van-der-poel-maitrise-les-debats\/\" \/>\n<meta property=\"og:site_name\" content=\"Dicodusport\" \/>\n<meta property=\"article:publisher\" content=\"https:\/\/www.facebook.com\/dicodusport\" \/>\n<meta property=\"article:published_time\" content=\"2024-12-27T15:02:16+00:00\" \/>\n<meta property=\"article:modified_time\" content=\"2024-12-27T15:10:33+00:00\" \/>\n<meta property=\"og:image\" content=\"https:\/\/dicodusport.fr\/blog\/wp-content\/uploads\/2024\/12\/Exact-Cross-Loenhout-Mathieu-van-der-Poel-maitrise-les-debats.png\" \/>\n\t<meta property=\"og:image:width\" content=\"1200\" \/>\n\t<meta property=\"og:image:height\" content=\"674\" \/>\n\t<meta property=\"og:image:type\" content=\"image\/png\" \/>\n<meta name=\"author\" content=\"Olivier Dobiezynski\" \/>\n<meta name=\"twitter:card\" content=\"summary_large_image\" \/>\n<meta name=\"twitter:title\" content=\"Exact Cross Loenhout : Mathieu van der Poel ma\u00eetrise les d\u00e9bats\" \/>\n<meta name=\"twitter:creator\" content=\"@https:\/\/x.com\/Olivier_Matros\" \/>\n<meta name=\"twitter:site\" content=\"@dicodusport\" \/>\n<script type=\"application\/ld+json\" class=\"yoast-schema-graph\">{\"@context\":\"https:\/\/schema.org\",\"@graph\":[{\"@type\":\"NewsArticle\",\"@id\":\"https:\/\/dicodusport.fr\/blog\/exact-cross-loenhout-mathieu-van-der-poel-maitrise-les-debats\/#article\",\"isPartOf\":{\"@id\":\"https:\/\/dicodusport.fr\/blog\/exact-cross-loenhout-mathieu-van-der-poel-maitrise-les-debats\/\"},\"author\":{\"name\":\"Olivier Dobiezynski\",\"@id\":\"https:\/\/dicodusport.fr\/blog\/#\/schema\/person\/fe500246414ca17ddf0c0312d7a792cc\"},\"headline\":\"Exact Cross Loenhout : Mathieu van der Poel ma\u00eetrise les d\u00e9bats\",\"datePublished\":\"2024-12-27T15:02:16+00:00\",\"dateModified\":\"2024-12-27T15:10:33+00:00\",\"mainEntityOfPage\":{\"@id\":\"https:\/\/dicodusport.fr\/blog\/exact-cross-loenhout-mathieu-van-der-poel-maitrise-les-debats\/\"},\"wordCount\":521,\"commentCount\":0,\"publisher\":{\"@id\":\"https:\/\/dicodusport.fr\/blog\/#organization\"},\"image\":{\"@id\":\"https:\/\/dicodusport.fr\/blog\/exact-cross-loenhout-mathieu-van-der-poel-maitrise-les-debats\/#primaryimage\"},\"thumbnailUrl\":\"https:\/\/dicodusport.fr\/blog\/wp-content\/uploads\/2024\/12\/Exact-Cross-Loenhout-Mathieu-van-der-Poel-maitrise-les-debats.png\",\"keywords\":[\"br\u00e8ve\",\"Cyclo-cross\",\"Mathieu van der Poel\",\"Wout Van Aert\"],\"articleSection\":[\"Cyclo-cross\"],\"inLanguage\":\"fr-FR\",\"potentialAction\":[{\"@type\":\"CommentAction\",\"name\":\"Comment\",\"target\":[\"https:\/\/dicodusport.fr\/blog\/exact-cross-loenhout-mathieu-van-der-poel-maitrise-les-debats\/#respond\"]}],\"copyrightYear\":\"2024\",\"copyrightHolder\":{\"@id\":\"https:\/\/dicodusport.fr\/blog\/#organization\"}},{\"@type\":\"WebPage\",\"@id\":\"https:\/\/dicodusport.fr\/blog\/exact-cross-loenhout-mathieu-van-der-poel-maitrise-les-debats\/\",\"url\":\"https:\/\/dicodusport.fr\/blog\/exact-cross-loenhout-mathieu-van-der-poel-maitrise-les-debats\/\",\"name\":\"Exact Cross Loenhout : Mathieu van der Poel ma\u00eetrise les d\u00e9bats\",\"isPartOf\":{\"@id\":\"https:\/\/dicodusport.fr\/blog\/#website\"},\"primaryImageOfPage\":{\"@id\":\"https:\/\/dicodusport.fr\/blog\/exact-cross-loenhout-mathieu-van-der-poel-maitrise-les-debats\/#primaryimage\"},\"image\":{\"@id\":\"https:\/\/dicodusport.fr\/blog\/exact-cross-loenhout-mathieu-van-der-poel-maitrise-les-debats\/#primaryimage\"},\"thumbnailUrl\":\"https:\/\/dicodusport.fr\/blog\/wp-content\/uploads\/2024\/12\/Exact-Cross-Loenhout-Mathieu-van-der-Poel-maitrise-les-debats.png\",\"datePublished\":\"2024-12-27T15:02:16+00:00\",\"dateModified\":\"2024-12-27T15:10:33+00:00\",\"description\":\"EXACT CROSS LOENHOUT - Le duel entre Mathieu van der Poel et Wout Van Aert a tourn\u00e9 court et le N\u00e9erlandais a survol\u00e9 la course.\",\"breadcrumb\":{\"@id\":\"https:\/\/dicodusport.fr\/blog\/exact-cross-loenhout-mathieu-van-der-poel-maitrise-les-debats\/#breadcrumb\"},\"inLanguage\":\"fr-FR\",\"potentialAction\":[{\"@type\":\"ReadAction\",\"target\":[\"https:\/\/dicodusport.fr\/blog\/exact-cross-loenhout-mathieu-van-der-poel-maitrise-les-debats\/\"]}]},{\"@type\":\"ImageObject\",\"inLanguage\":\"fr-FR\",\"@id\":\"https:\/\/dicodusport.fr\/blog\/exact-cross-loenhout-mathieu-van-der-poel-maitrise-les-debats\/#primaryimage\",\"url\":\"https:\/\/dicodusport.fr\/blog\/wp-content\/uploads\/2024\/12\/Exact-Cross-Loenhout-Mathieu-van-der-Poel-maitrise-les-debats.png\",\"contentUrl\":\"https:\/\/dicodusport.fr\/blog\/wp-content\/uploads\/2024\/12\/Exact-Cross-Loenhout-Mathieu-van-der-Poel-maitrise-les-debats.png\",\"width\":1200,\"height\":674,\"caption\":\"Exact Cross Loenhout Mathieu van der Poel ma\u00eetrise les d\u00e9bats\"},{\"@type\":\"BreadcrumbList\",\"@id\":\"https:\/\/dicodusport.fr\/blog\/exact-cross-loenhout-mathieu-van-der-poel-maitrise-les-debats\/#breadcrumb\",\"itemListElement\":[{\"@type\":\"ListItem\",\"position\":1,\"name\":\"Accueil\",\"item\":\"https:\/\/dicodusport.fr\/blog\/\"},{\"@type\":\"ListItem\",\"position\":2,\"name\":\"Exact Cross Loenhout : Mathieu van der Poel ma\u00eetrise les d\u00e9bats\"}]},{\"@type\":\"WebSite\",\"@id\":\"https:\/\/dicodusport.fr\/blog\/#website\",\"url\":\"https:\/\/dicodusport.fr\/blog\/\",\"name\":\"Dicodusport\",\"description\":\"L&#039;encyclop\u00e9die de l&#039;actualit\u00e9 sportive\",\"publisher\":{\"@id\":\"https:\/\/dicodusport.fr\/blog\/#organization\"},\"potentialAction\":[{\"@type\":\"SearchAction\",\"target\":{\"@type\":\"EntryPoint\",\"urlTemplate\":\"https:\/\/dicodusport.fr\/blog\/?s={search_term_string}\"},\"query-input\":{\"@type\":\"PropertyValueSpecification\",\"valueRequired\":true,\"valueName\":\"search_term_string\"}}],\"inLanguage\":\"fr-FR\"},{\"@type\":\"NewsMediaOrganization\",\"@id\":\"https:\/\/dicodusport.fr\/blog\/#organization\",\"name\":\"Dicodusport\",\"url\":\"https:\/\/dicodusport.fr\/blog\/\",\"logo\":{\"@type\":\"ImageObject\",\"inLanguage\":\"fr-FR\",\"@id\":\"https:\/\/dicodusport.fr\/blog\/#\/schema\/logo\/image\/\",\"url\":\"https:\/\/dicodusport.fr\/blog\/wp-content\/uploads\/2020\/06\/cropped-LOGO-DICODUSPORT-2020-SANS-FOND-SANS-TEXTE.png\",\"contentUrl\":\"https:\/\/dicodusport.fr\/blog\/wp-content\/uploads\/2020\/06\/cropped-LOGO-DICODUSPORT-2020-SANS-FOND-SANS-TEXTE.png\",\"width\":512,\"height\":512,\"caption\":\"Dicodusport\"},\"image\":{\"@id\":\"https:\/\/dicodusport.fr\/blog\/#\/schema\/logo\/image\/\"},\"sameAs\":[\"https:\/\/www.facebook.com\/dicodusport\",\"https:\/\/x.com\/dicodusport\",\"https:\/\/www.instagram.com\/dicodusport\/\",\"https:\/\/www.youtube.com\/channel\/UC7V2KZ5sd3htJivAbA4ZG3w\"],\"description\":\"Dicodusport est l'encyclop\u00e9die de l'actualit\u00e9 sportive.\",\"email\":\"bonjour@dicodusport.fr\",\"legalName\":\"DICODUSPORT\",\"foundingDate\":\"2018-01-14\",\"vatID\":\"FR71834470973\",\"taxID\":\"83447097300043\",\"numberOfEmployees\":{\"@type\":\"QuantitativeValue\",\"minValue\":\"1\",\"maxValue\":\"10\"}},{\"@type\":\"Person\",\"@id\":\"https:\/\/dicodusport.fr\/blog\/#\/schema\/person\/fe500246414ca17ddf0c0312d7a792cc\",\"name\":\"Olivier Dobiezynski\",\"image\":{\"@type\":\"ImageObject\",\"inLanguage\":\"fr-FR\",\"@id\":\"https:\/\/dicodusport.fr\/blog\/#\/schema\/person\/image\/\",\"url\":\"https:\/\/dicodusport.fr\/blog\/wp-content\/uploads\/2024\/09\/5be8fe8d-9962-4f1e-ad06-d6f9dee30e6d-150x150.jpg\",\"contentUrl\":\"https:\/\/dicodusport.fr\/blog\/wp-content\/uploads\/2024\/09\/5be8fe8d-9962-4f1e-ad06-d6f9dee30e6d-150x150.jpg\",\"caption\":\"Olivier Dobiezynski\"},\"description\":\"Depuis le milieu des ann\u00e9es 90, la passion du cyclisme m'anime. Mes h\u00e9ros s'appellent Luc Leblanc, Piotr Ugrumov, Paolo Savoldelli, Peter Sagan et bien \u00e9videmment Romain Bardet. R\u00e9dacteur depuis 2023, je suis ici pour partager cet amour de la Petite Reine. Vous pourrez me lire \u00e9galement sur du trail, du ski de fond et tout autre sujet susceptible d'\u00e9veiller ma curiosit\u00e9 sportive.\",\"sameAs\":[\"https:\/\/x.com\/https:\/\/x.com\/Olivier_Matros\"],\"url\":\"https:\/\/dicodusport.fr\/blog\/author\/olivier-gh\/\"}]}<\/script>\n<!-- \/ Yoast SEO Premium plugin. -->","yoast_head_json":{"title":"Exact Cross Loenhout : Mathieu van der Poel ma\u00eetrise les d\u00e9bats","description":"EXACT CROSS LOENHOUT - Le duel entre Mathieu van der Poel et Wout Van Aert a tourn\u00e9 court et le N\u00e9erlandais a survol\u00e9 la course.","robots":{"index":"index","follow":"follow","max-snippet":"max-snippet:-1","max-image-preview":"max-image-preview:large","max-video-preview":"max-video-preview:-1"},"canonical":"https:\/\/dicodusport.fr\/blog\/exact-cross-loenhout-mathieu-van-der-poel-maitrise-les-debats\/","og_locale":"fr_FR","og_type":"article","og_title":"Exact Cross Loenhout : Mathieu van der Poel ma\u00eetrise les d\u00e9bats","og_description":"EXACT CROSS LOENHOUT - Le duel entre Mathieu van der Poel et Wout Van Aert a tourn\u00e9 court et le N\u00e9erlandais a survol\u00e9 la course.","og_url":"https:\/\/dicodusport.fr\/blog\/exact-cross-loenhout-mathieu-van-der-poel-maitrise-les-debats\/","og_site_name":"Dicodusport","article_publisher":"https:\/\/www.facebook.com\/dicodusport","article_published_time":"2024-12-27T15:02:16+00:00","article_modified_time":"2024-12-27T15:10:33+00:00","og_image":[{"width":1200,"height":674,"url":"https:\/\/dicodusport.fr\/blog\/wp-content\/uploads\/2024\/12\/Exact-Cross-Loenhout-Mathieu-van-der-Poel-maitrise-les-debats.png","type":"image\/png"}],"author":"Olivier Dobiezynski","twitter_card":"summary_large_image","twitter_title":"Exact Cross Loenhout : Mathieu van der Poel ma\u00eetrise les d\u00e9bats","twitter_creator":"@https:\/\/x.com\/Olivier_Matros","twitter_site":"@dicodusport","schema":{"@context":"https:\/\/schema.org","@graph":[{"@type":"NewsArticle","@id":"https:\/\/dicodusport.fr\/blog\/exact-cross-loenhout-mathieu-van-der-poel-maitrise-les-debats\/#article","isPartOf":{"@id":"https:\/\/dicodusport.fr\/blog\/exact-cross-loenhout-mathieu-van-der-poel-maitrise-les-debats\/"},"author":{"name":"Olivier Dobiezynski","@id":"https:\/\/dicodusport.fr\/blog\/#\/schema\/person\/fe500246414ca17ddf0c0312d7a792cc"},"headline":"Exact Cross Loenhout : Mathieu van der Poel ma\u00eetrise les d\u00e9bats","datePublished":"2024-12-27T15:02:16+00:00","dateModified":"2024-12-27T15:10:33+00:00","mainEntityOfPage":{"@id":"https:\/\/dicodusport.fr\/blog\/exact-cross-loenhout-mathieu-van-der-poel-maitrise-les-debats\/"},"wordCount":521,"commentCount":0,"publisher":{"@id":"https:\/\/dicodusport.fr\/blog\/#organization"},"image":{"@id":"https:\/\/dicodusport.fr\/blog\/exact-cross-loenhout-mathieu-van-der-poel-maitrise-les-debats\/#primaryimage"},"thumbnailUrl":"https:\/\/dicodusport.fr\/blog\/wp-content\/uploads\/2024\/12\/Exact-Cross-Loenhout-Mathieu-van-der-Poel-maitrise-les-debats.png","keywords":["br\u00e8ve","Cyclo-cross","Mathieu van der Poel","Wout Van Aert"],"articleSection":["Cyclo-cross"],"inLanguage":"fr-FR","potentialAction":[{"@type":"CommentAction","name":"Comment","target":["https:\/\/dicodusport.fr\/blog\/exact-cross-loenhout-mathieu-van-der-poel-maitrise-les-debats\/#respond"]}],"copyrightYear":"2024","copyrightHolder":{"@id":"https:\/\/dicodusport.fr\/blog\/#organization"}},{"@type":"WebPage","@id":"https:\/\/dicodusport.fr\/blog\/exact-cross-loenhout-mathieu-van-der-poel-maitrise-les-debats\/","url":"https:\/\/dicodusport.fr\/blog\/exact-cross-loenhout-mathieu-van-der-poel-maitrise-les-debats\/","name":"Exact Cross Loenhout : Mathieu van der Poel ma\u00eetrise les d\u00e9bats","isPartOf":{"@id":"https:\/\/dicodusport.fr\/blog\/#website"},"primaryImageOfPage":{"@id":"https:\/\/dicodusport.fr\/blog\/exact-cross-loenhout-mathieu-van-der-poel-maitrise-les-debats\/#primaryimage"},"image":{"@id":"https:\/\/dicodusport.fr\/blog\/exact-cross-loenhout-mathieu-van-der-poel-maitrise-les-debats\/#primaryimage"},"thumbnailUrl":"https:\/\/dicodusport.fr\/blog\/wp-content\/uploads\/2024\/12\/Exact-Cross-Loenhout-Mathieu-van-der-Poel-maitrise-les-debats.png","datePublished":"2024-12-27T15:02:16+00:00","dateModified":"2024-12-27T15:10:33+00:00","description":"EXACT CROSS LOENHOUT - Le duel entre Mathieu van der Poel et Wout Van Aert a tourn\u00e9 court et le N\u00e9erlandais a survol\u00e9 la course.","breadcrumb":{"@id":"https:\/\/dicodusport.fr\/blog\/exact-cross-loenhout-mathieu-van-der-poel-maitrise-les-debats\/#breadcrumb"},"inLanguage":"fr-FR","potentialAction":[{"@type":"ReadAction","target":["https:\/\/dicodusport.fr\/blog\/exact-cross-loenhout-mathieu-van-der-poel-maitrise-les-debats\/"]}]},{"@type":"ImageObject","inLanguage":"fr-FR","@id":"https:\/\/dicodusport.fr\/blog\/exact-cross-loenhout-mathieu-van-der-poel-maitrise-les-debats\/#primaryimage","url":"https:\/\/dicodusport.fr\/blog\/wp-content\/uploads\/2024\/12\/Exact-Cross-Loenhout-Mathieu-van-der-Poel-maitrise-les-debats.png","contentUrl":"https:\/\/dicodusport.fr\/blog\/wp-content\/uploads\/2024\/12\/Exact-Cross-Loenhout-Mathieu-van-der-Poel-maitrise-les-debats.png","width":1200,"height":674,"caption":"Exact Cross Loenhout Mathieu van der Poel ma\u00eetrise les d\u00e9bats"},{"@type":"BreadcrumbList","@id":"https:\/\/dicodusport.fr\/blog\/exact-cross-loenhout-mathieu-van-der-poel-maitrise-les-debats\/#breadcrumb","itemListElement":[{"@type":"ListItem","position":1,"name":"Accueil","item":"https:\/\/dicodusport.fr\/blog\/"},{"@type":"ListItem","position":2,"name":"Exact Cross Loenhout : Mathieu van der Poel ma\u00eetrise les d\u00e9bats"}]},{"@type":"WebSite","@id":"https:\/\/dicodusport.fr\/blog\/#website","url":"https:\/\/dicodusport.fr\/blog\/","name":"Dicodusport","description":"L&#039;encyclop\u00e9die de l&#039;actualit\u00e9 sportive","publisher":{"@id":"https:\/\/dicodusport.fr\/blog\/#organization"},"potentialAction":[{"@type":"SearchAction","target":{"@type":"EntryPoint","urlTemplate":"https:\/\/dicodusport.fr\/blog\/?s={search_term_string}"},"query-input":{"@type":"PropertyValueSpecification","valueRequired":true,"valueName":"search_term_string"}}],"inLanguage":"fr-FR"},{"@type":"NewsMediaOrganization","@id":"https:\/\/dicodusport.fr\/blog\/#organization","name":"Dicodusport","url":"https:\/\/dicodusport.fr\/blog\/","logo":{"@type":"ImageObject","inLanguage":"fr-FR","@id":"https:\/\/dicodusport.fr\/blog\/#\/schema\/logo\/image\/","url":"https:\/\/dicodusport.fr\/blog\/wp-content\/uploads\/2020\/06\/cropped-LOGO-DICODUSPORT-2020-SANS-FOND-SANS-TEXTE.png","contentUrl":"https:\/\/dicodusport.fr\/blog\/wp-content\/uploads\/2020\/06\/cropped-LOGO-DICODUSPORT-2020-SANS-FOND-SANS-TEXTE.png","width":512,"height":512,"caption":"Dicodusport"},"image":{"@id":"https:\/\/dicodusport.fr\/blog\/#\/schema\/logo\/image\/"},"sameAs":["https:\/\/www.facebook.com\/dicodusport","https:\/\/x.com\/dicodusport","https:\/\/www.instagram.com\/dicodusport\/","https:\/\/www.youtube.com\/channel\/UC7V2KZ5sd3htJivAbA4ZG3w"],"description":"Dicodusport est l'encyclop\u00e9die de l'actualit\u00e9 sportive.","email":"bonjour@dicodusport.fr","legalName":"DICODUSPORT","foundingDate":"2018-01-14","vatID":"FR71834470973","taxID":"83447097300043","numberOfEmployees":{"@type":"QuantitativeValue","minValue":"1","maxValue":"10"}},{"@type":"Person","@id":"https:\/\/dicodusport.fr\/blog\/#\/schema\/person\/fe500246414ca17ddf0c0312d7a792cc","name":"Olivier Dobiezynski","image":{"@type":"ImageObject","inLanguage":"fr-FR","@id":"https:\/\/dicodusport.fr\/blog\/#\/schema\/person\/image\/","url":"https:\/\/dicodusport.fr\/blog\/wp-content\/uploads\/2024\/09\/5be8fe8d-9962-4f1e-ad06-d6f9dee30e6d-150x150.jpg","contentUrl":"https:\/\/dicodusport.fr\/blog\/wp-content\/uploads\/2024\/09\/5be8fe8d-9962-4f1e-ad06-d6f9dee30e6d-150x150.jpg","caption":"Olivier Dobiezynski"},"description":"Depuis le milieu des ann\u00e9es 90, la passion du cyclisme m'anime. Mes h\u00e9ros s'appellent Luc Leblanc, Piotr Ugrumov, Paolo Savoldelli, Peter Sagan et bien \u00e9videmment Romain Bardet. R\u00e9dacteur depuis 2023, je suis ici pour partager cet amour de la Petite Reine. Vous pourrez me lire \u00e9galement sur du trail, du ski de fond et tout autre sujet susceptible d'\u00e9veiller ma curiosit\u00e9 sportive.","sameAs":["https:\/\/x.com\/https:\/\/x.com\/Olivier_Matros"],"url":"https:\/\/dicodusport.fr\/blog\/author\/olivier-gh\/"}]}},"_links":{"self":[{"href":"https:\/\/dicodusport.fr\/blog\/wp-json\/wp\/v2\/posts\/542440","targetHints":{"allow":["GET"]}}],"collection":[{"href":"https:\/\/dicodusport.fr\/blog\/wp-json\/wp\/v2\/posts"}],"about":[{"href":"https:\/\/dicodusport.fr\/blog\/wp-json\/wp\/v2\/types\/post"}],"author":[{"embeddable":true,"href":"https:\/\/dicodusport.fr\/blog\/wp-json\/wp\/v2\/users\/92"}],"replies":[{"embeddable":true,"href":"https:\/\/dicodusport.fr\/blog\/wp-json\/wp\/v2\/comments?post=542440"}],"version-history":[{"count":4,"href":"https:\/\/dicodusport.fr\/blog\/wp-json\/wp\/v2\/posts\/542440\/revisions"}],"predecessor-version":[{"id":542452,"href":"https:\/\/dicodusport.fr\/blog\/wp-json\/wp\/v2\/posts\/542440\/revisions\/542452"}],"wp:featuredmedia":[{"embeddable":true,"href":"https:\/\/dicodusport.fr\/blog\/wp-json\/wp\/v2\/media\/542449"}],"wp:attachment":[{"href":"https:\/\/dicodusport.fr\/blog\/wp-json\/wp\/v2\/media?parent=542440"}],"wp:term":[{"taxonomy":"category","embeddable":true,"href":"https:\/\/dicodusport.fr\/blog\/wp-json\/wp\/v2\/categories?post=542440"},{"taxonomy":"post_tag","embeddable":true,"href":"https:\/\/dicodusport.fr\/blog\/wp-json\/wp\/v2\/tags?post=542440"}],"curies":[{"name":"wp","href":"https:\/\/api.w.org\/{rel}","templated":true}]}}