{"id":542544,"date":"2024-12-28T10:07:34","date_gmt":"2024-12-28T09:07:34","guid":{"rendered":"https:\/\/dicodusport.fr\/blog\/?p=542544&#038;preview=true&#038;preview_id=542544"},"modified":"2024-12-28T10:51:38","modified_gmt":"2024-12-28T09:51:38","slug":"transferts-seko-fofana-devrait-faire-son-retour-en-ligue-1","status":"publish","type":"post","link":"https:\/\/dicodusport.fr\/blog\/transferts-seko-fofana-devrait-faire-son-retour-en-ligue-1\/","title":{"rendered":"Transferts : Seko Fofana devrait faire son retour en Ligue 1"},"content":{"rendered":"<h4 style=\"text-align: justify;\"><em>LIGUE 1 2024\/2025 &#8211; Un an et demi apr\u00e8s son d\u00e9part de Lens, Seko Fofana est en route pour revenir dans le Championnat de France. Selon plusieurs m\u00e9dias, il devrait rejoindre Rennes, qui tente de se mettre d&rsquo;accord avec Al-Nassr.<\/em><\/h4>\n<p style=\"text-align: justify;\">La saison 2022\/2023 du RC Lens avait \u00e9t\u00e9 extraordinaire. Les Sang et Or ont termin\u00e9 deuxi\u00e8mes de Ligue 1, \u00e0 un petit point du PSG, en pratiquant un football enthousiasmant avec des joueurs pourtant m\u00e9connus du championnat. Parmi eux, leur capitaine, <strong>Seko Fofana<\/strong>, auteur d&rsquo;une saison pleine, et fer de lance de son \u00e9quipe.<\/p>\n<ul>\n<li><strong>\u00c0 ce sujet &#8211; <a href=\"https:\/\/dicodusport.fr\/blog\/classement-ligue-1-2024-2025\/\">Le classement de Ligue 1 2024\/2025<\/a><\/strong><\/li>\n<\/ul>\n<h2 style=\"text-align: justify;\">Direction la Bretagne pour Seko Fofana ?<\/h2>\n<p style=\"text-align: justify;\">Mais l&rsquo;international ivoirien avait quitt\u00e9 le club dans la foul\u00e9e pour tenter l&rsquo;aventure en Arabie Saoudite, \u00e0 <strong>Al-Nassr<\/strong>, aux c\u00f4t\u00e9s d&rsquo;un certain <strong>Cristiano Ronaldo<\/strong>. La vague de d\u00e9parts dans cette r\u00e9gion avait emport\u00e9 le capitaine, mais l&rsquo;aventure a tourn\u00e9 court. Rapidement lass\u00e9, il a \u00e9t\u00e9 pr\u00eat\u00e9 \u00e0 Al-Ettifaq o\u00f9 il \u00e9volue actuellement, mais son nom a souvent \u00e9t\u00e9 murmur\u00e9 pour un retour en Europe.<\/p>\n<blockquote class=\"twitter-tweet\">\n<p dir=\"ltr\" lang=\"fr\">\ud83d\udea8 Info RMC Sport &#8211; Seko Fofana est d&rsquo;accord pour rejoindre Rennes, qui n\u00e9gocie avec son club d&rsquo;Al-Ettifaq.<a href=\"https:\/\/twitter.com\/FabriceHawkins?ref_src=twsrc%5Etfw\">@FabriceHawkins<\/a><a href=\"https:\/\/t.co\/9D5mmxDeJm\">https:\/\/t.co\/9D5mmxDeJm<\/a> <a href=\"https:\/\/t.co\/F9iCvb0hKu\">pic.twitter.com\/F9iCvb0hKu<\/a><\/p>\n<p>\u2014 RMC Sport (@RMCsport) <a href=\"https:\/\/twitter.com\/RMCsport\/status\/1872927203098583217?ref_src=twsrc%5Etfw\">December 28, 2024<\/a><\/p><\/blockquote>\n<p style=\"text-align: justify;\"><script async src=\"https:\/\/platform.twitter.com\/widgets.js\" charset=\"utf-8\"><\/script><br \/>\nEt visiblement, il va retrouver la France.<strong> Santi Aouna<\/strong> a annonc\u00e9 que le Stade Rennais souhaitait s&rsquo;attacher ses services, et selon RMC Sport, le joueur a donn\u00e9 son accord pour atterrir en Bretagne. Reste aux clubs \u00e0 se mettre d&rsquo;accord. <strong>Selon Lo\u00efc Tanzi<\/strong>, Al-Ettifaq voulait conserver <strong>Seko Fofana<\/strong>, mais c&rsquo;est toujours Al-Nassr qui d\u00e9tient le contrat du joueur, et n\u00e9gocie avec Rennes. On pourrait donc assister au come back d&rsquo;un des joueurs marquants du RC Lens, qui retrouverait <strong>Arnaud Pouille<\/strong>, ancien directeur g\u00e9n\u00e9ral du club nordiste, et d\u00e9sormais pr\u00e9sident du Stade Rennais. Sans doute tout sauf un hasard&#8230;<\/p>\n<blockquote class=\"twitter-tweet\">\n<p dir=\"ltr\" lang=\"fr\">Al Ettifaq aurait aim\u00e9 pouvoir garder Fofana mais Al Nassr (connexion Fienga &#8211; Massara) a n\u00e9goci\u00e9 directement avec Rennes. <a href=\"https:\/\/twitter.com\/hashtag\/Mercato?src=hash&amp;ref_src=twsrc%5Etfw\">#Mercato<\/a> <a href=\"https:\/\/t.co\/ofteEpi0lV\">https:\/\/t.co\/ofteEpi0lV<\/a><\/p>\n<p>\u2014 Lo\u00efc Tanzi (@Tanziloic) <a href=\"https:\/\/twitter.com\/Tanziloic\/status\/1872928516741959916?ref_src=twsrc%5Etfw\">December 28, 2024<\/a><\/p><\/blockquote>\n<p style=\"text-align: justify;\"><script async src=\"https:\/\/platform.twitter.com\/widgets.js\" charset=\"utf-8\"><\/script><\/p>\n","protected":false},"excerpt":{"rendered":"<p>LIGUE 1 2024\/2025 &#8211; Un an et demi apr\u00e8s son d\u00e9part de Lens, Seko Fofana est en route pour revenir dans le Championnat de France. Selon plusieurs m\u00e9dias, il devrait rejoindre Rennes, qui tente de se mettre d&rsquo;accord avec Al-Nassr.<\/p>\n","protected":false},"author":59,"featured_media":542551,"comment_status":"open","ping_status":"closed","sticky":false,"template":"","format":"standard","meta":{"_acf_changed":false,"_daextam_enable_autolinks":"1","footnotes":""},"categories":[2301],"tags":[32415,16878,75,14093,19607],"class_list":["post-542544","post","type-post","status-publish","format-standard","has-post-thumbnail","hentry","category-football","tag-actu","tag-breve","tag-football","tag-mercato-football","tag-seko-fofana"],"acf":[],"yoast_head":"<!-- This site is optimized with the Yoast SEO Premium plugin v26.7 (Yoast SEO v26.7) - https:\/\/yoast.com\/wordpress\/plugins\/seo\/ -->\n<title>Transferts : Seko Fofana devrait faire son retour en Ligue 1<\/title>\n<meta name=\"description\" content=\"LIGUE 1 2024\/2025 - Un an et demi apr\u00e8s son d\u00e9part de Lens, Seko Fofana est en route pour revenir dans le Championnat de France.\" \/>\n<meta name=\"robots\" content=\"index, follow, max-snippet:-1, max-image-preview:large, max-video-preview:-1\" \/>\n<link rel=\"canonical\" href=\"https:\/\/dicodusport.fr\/blog\/transferts-seko-fofana-devrait-faire-son-retour-en-ligue-1\/\" \/>\n<meta property=\"og:locale\" content=\"fr_FR\" \/>\n<meta property=\"og:type\" content=\"article\" \/>\n<meta property=\"og:title\" content=\"Transferts : Seko Fofana devrait faire son retour en Ligue 1\" \/>\n<meta property=\"og:description\" content=\"LIGUE 1 2024\/2025 - Un an et demi apr\u00e8s son d\u00e9part de Lens, Seko Fofana est en route pour revenir dans le Championnat de France.\" \/>\n<meta property=\"og:url\" content=\"https:\/\/dicodusport.fr\/blog\/transferts-seko-fofana-devrait-faire-son-retour-en-ligue-1\/\" \/>\n<meta property=\"og:site_name\" content=\"Dicodusport\" \/>\n<meta property=\"article:publisher\" content=\"https:\/\/www.facebook.com\/dicodusport\" \/>\n<meta property=\"article:author\" content=\"https:\/\/www.facebook.com\/sebastien.gente\/\" \/>\n<meta property=\"article:published_time\" content=\"2024-12-28T09:07:34+00:00\" \/>\n<meta property=\"article:modified_time\" content=\"2024-12-28T09:51:38+00:00\" \/>\n<meta property=\"og:image\" content=\"https:\/\/dicodusport.fr\/blog\/wp-content\/uploads\/2024\/12\/Transferts-Seko-Fofana-devrait-faire-son-retour-en-Ligue-1.png\" \/>\n\t<meta property=\"og:image:width\" content=\"1200\" \/>\n\t<meta property=\"og:image:height\" content=\"674\" \/>\n\t<meta property=\"og:image:type\" content=\"image\/png\" \/>\n<meta name=\"author\" content=\"S\u00e9bastien Gente\" \/>\n<meta name=\"twitter:card\" content=\"summary_large_image\" \/>\n<meta name=\"twitter:title\" content=\"Transferts : Seko Fofana devrait faire son retour en Ligue 1\" \/>\n<meta name=\"twitter:creator\" content=\"@https:\/\/twitter.com\/globulo24\" \/>\n<meta name=\"twitter:site\" content=\"@dicodusport\" \/>\n<script type=\"application\/ld+json\" class=\"yoast-schema-graph\">{\"@context\":\"https:\/\/schema.org\",\"@graph\":[{\"@type\":\"NewsArticle\",\"@id\":\"https:\/\/dicodusport.fr\/blog\/transferts-seko-fofana-devrait-faire-son-retour-en-ligue-1\/#article\",\"isPartOf\":{\"@id\":\"https:\/\/dicodusport.fr\/blog\/transferts-seko-fofana-devrait-faire-son-retour-en-ligue-1\/\"},\"author\":{\"name\":\"S\u00e9bastien Gente\",\"@id\":\"https:\/\/dicodusport.fr\/blog\/#\/schema\/person\/627966a6cde45dbd8c5e36ac85d783da\"},\"headline\":\"Transferts : Seko Fofana devrait faire son retour en Ligue 1\",\"datePublished\":\"2024-12-28T09:07:34+00:00\",\"dateModified\":\"2024-12-28T09:51:38+00:00\",\"mainEntityOfPage\":{\"@id\":\"https:\/\/dicodusport.fr\/blog\/transferts-seko-fofana-devrait-faire-son-retour-en-ligue-1\/\"},\"wordCount\":365,\"commentCount\":0,\"publisher\":{\"@id\":\"https:\/\/dicodusport.fr\/blog\/#organization\"},\"image\":{\"@id\":\"https:\/\/dicodusport.fr\/blog\/transferts-seko-fofana-devrait-faire-son-retour-en-ligue-1\/#primaryimage\"},\"thumbnailUrl\":\"https:\/\/dicodusport.fr\/blog\/wp-content\/uploads\/2024\/12\/Transferts-Seko-Fofana-devrait-faire-son-retour-en-Ligue-1.png\",\"keywords\":[\"actu\",\"br\u00e8ve\",\"Football\",\"Mercato football\",\"Seko Fofana\"],\"articleSection\":[\"Football\"],\"inLanguage\":\"fr-FR\",\"potentialAction\":[{\"@type\":\"CommentAction\",\"name\":\"Comment\",\"target\":[\"https:\/\/dicodusport.fr\/blog\/transferts-seko-fofana-devrait-faire-son-retour-en-ligue-1\/#respond\"]}],\"copyrightYear\":\"2024\",\"copyrightHolder\":{\"@id\":\"https:\/\/dicodusport.fr\/blog\/#organization\"}},{\"@type\":\"WebPage\",\"@id\":\"https:\/\/dicodusport.fr\/blog\/transferts-seko-fofana-devrait-faire-son-retour-en-ligue-1\/\",\"url\":\"https:\/\/dicodusport.fr\/blog\/transferts-seko-fofana-devrait-faire-son-retour-en-ligue-1\/\",\"name\":\"Transferts : Seko Fofana devrait faire son retour en Ligue 1\",\"isPartOf\":{\"@id\":\"https:\/\/dicodusport.fr\/blog\/#website\"},\"primaryImageOfPage\":{\"@id\":\"https:\/\/dicodusport.fr\/blog\/transferts-seko-fofana-devrait-faire-son-retour-en-ligue-1\/#primaryimage\"},\"image\":{\"@id\":\"https:\/\/dicodusport.fr\/blog\/transferts-seko-fofana-devrait-faire-son-retour-en-ligue-1\/#primaryimage\"},\"thumbnailUrl\":\"https:\/\/dicodusport.fr\/blog\/wp-content\/uploads\/2024\/12\/Transferts-Seko-Fofana-devrait-faire-son-retour-en-Ligue-1.png\",\"datePublished\":\"2024-12-28T09:07:34+00:00\",\"dateModified\":\"2024-12-28T09:51:38+00:00\",\"description\":\"LIGUE 1 2024\/2025 - Un an et demi apr\u00e8s son d\u00e9part de Lens, Seko Fofana est en route pour revenir dans le Championnat de France.\",\"breadcrumb\":{\"@id\":\"https:\/\/dicodusport.fr\/blog\/transferts-seko-fofana-devrait-faire-son-retour-en-ligue-1\/#breadcrumb\"},\"inLanguage\":\"fr-FR\",\"potentialAction\":[{\"@type\":\"ReadAction\",\"target\":[\"https:\/\/dicodusport.fr\/blog\/transferts-seko-fofana-devrait-faire-son-retour-en-ligue-1\/\"]}]},{\"@type\":\"ImageObject\",\"inLanguage\":\"fr-FR\",\"@id\":\"https:\/\/dicodusport.fr\/blog\/transferts-seko-fofana-devrait-faire-son-retour-en-ligue-1\/#primaryimage\",\"url\":\"https:\/\/dicodusport.fr\/blog\/wp-content\/uploads\/2024\/12\/Transferts-Seko-Fofana-devrait-faire-son-retour-en-Ligue-1.png\",\"contentUrl\":\"https:\/\/dicodusport.fr\/blog\/wp-content\/uploads\/2024\/12\/Transferts-Seko-Fofana-devrait-faire-son-retour-en-Ligue-1.png\",\"width\":1200,\"height\":674,\"caption\":\"Transferts Seko Fofana devrait faire son retour en Ligue 1\"},{\"@type\":\"BreadcrumbList\",\"@id\":\"https:\/\/dicodusport.fr\/blog\/transferts-seko-fofana-devrait-faire-son-retour-en-ligue-1\/#breadcrumb\",\"itemListElement\":[{\"@type\":\"ListItem\",\"position\":1,\"name\":\"Accueil\",\"item\":\"https:\/\/dicodusport.fr\/blog\/\"},{\"@type\":\"ListItem\",\"position\":2,\"name\":\"Transferts : Seko Fofana devrait faire son retour en Ligue 1\"}]},{\"@type\":\"WebSite\",\"@id\":\"https:\/\/dicodusport.fr\/blog\/#website\",\"url\":\"https:\/\/dicodusport.fr\/blog\/\",\"name\":\"Dicodusport\",\"description\":\"L&#039;encyclop\u00e9die de l&#039;actualit\u00e9 sportive\",\"publisher\":{\"@id\":\"https:\/\/dicodusport.fr\/blog\/#organization\"},\"potentialAction\":[{\"@type\":\"SearchAction\",\"target\":{\"@type\":\"EntryPoint\",\"urlTemplate\":\"https:\/\/dicodusport.fr\/blog\/?s={search_term_string}\"},\"query-input\":{\"@type\":\"PropertyValueSpecification\",\"valueRequired\":true,\"valueName\":\"search_term_string\"}}],\"inLanguage\":\"fr-FR\"},{\"@type\":\"NewsMediaOrganization\",\"@id\":\"https:\/\/dicodusport.fr\/blog\/#organization\",\"name\":\"Dicodusport\",\"url\":\"https:\/\/dicodusport.fr\/blog\/\",\"logo\":{\"@type\":\"ImageObject\",\"inLanguage\":\"fr-FR\",\"@id\":\"https:\/\/dicodusport.fr\/blog\/#\/schema\/logo\/image\/\",\"url\":\"https:\/\/dicodusport.fr\/blog\/wp-content\/uploads\/2020\/06\/cropped-LOGO-DICODUSPORT-2020-SANS-FOND-SANS-TEXTE.png\",\"contentUrl\":\"https:\/\/dicodusport.fr\/blog\/wp-content\/uploads\/2020\/06\/cropped-LOGO-DICODUSPORT-2020-SANS-FOND-SANS-TEXTE.png\",\"width\":512,\"height\":512,\"caption\":\"Dicodusport\"},\"image\":{\"@id\":\"https:\/\/dicodusport.fr\/blog\/#\/schema\/logo\/image\/\"},\"sameAs\":[\"https:\/\/www.facebook.com\/dicodusport\",\"https:\/\/x.com\/dicodusport\",\"https:\/\/www.instagram.com\/dicodusport\/\",\"https:\/\/www.youtube.com\/channel\/UC7V2KZ5sd3htJivAbA4ZG3w\"],\"description\":\"Dicodusport est l'encyclop\u00e9die de l'actualit\u00e9 sportive.\",\"email\":\"bonjour@dicodusport.fr\",\"legalName\":\"DICODUSPORT\",\"foundingDate\":\"2018-01-14\",\"vatID\":\"FR71834470973\",\"taxID\":\"83447097300043\",\"numberOfEmployees\":{\"@type\":\"QuantitativeValue\",\"minValue\":\"1\",\"maxValue\":\"10\"}},{\"@type\":\"Person\",\"@id\":\"https:\/\/dicodusport.fr\/blog\/#\/schema\/person\/627966a6cde45dbd8c5e36ac85d783da\",\"name\":\"S\u00e9bastien Gente\",\"image\":{\"@type\":\"ImageObject\",\"inLanguage\":\"fr-FR\",\"@id\":\"https:\/\/dicodusport.fr\/blog\/#\/schema\/person\/image\/\",\"url\":\"https:\/\/dicodusport.fr\/blog\/wp-content\/uploads\/2021\/09\/1510990_10205810251400683_4124423575079401707_n-150x150.jpg\",\"contentUrl\":\"https:\/\/dicodusport.fr\/blog\/wp-content\/uploads\/2021\/09\/1510990_10205810251400683_4124423575079401707_n-150x150.jpg\",\"caption\":\"S\u00e9bastien Gente\"},\"description\":\"John Stockton, Gianni Bugno, Zinedine Zidane, Steffi Graf, Frode Andresen, St\u00e9phane Stoecklin, Davis Kamoga, Primoz Peterka, Werner Schlager et Aur\u00e9lien Rougerie. Point commun entre ces sportifs? Ils m'ont fait r\u00eaver et ont berc\u00e9 mon adolescence. Je suis un fondu de sports et j'essaie de retranscrire ma passion \u00e0 travers mes articles. Originaire du P\u00e9rigord, ma passion pour les Girondins, les Jaunards et les Jazzmen transpire dans mes \u00e9crits. \u00c0 Dicodusport depuis 2021, je d\u00e9niche les sports m\u00e9connus dans lesquels la France brille, et il y en a !\",\"sameAs\":[\"https:\/\/www.facebook.com\/sebastien.gente\/\",\"https:\/\/www.instagram.com\/sebgente\/\",\"https:\/\/www.linkedin.com\/in\/sbastien-gente-a29583169\/\",\"https:\/\/x.com\/https:\/\/twitter.com\/globulo24\",\"SebastienGente\"],\"worksFor\":\"S\u00e9bastien GENTE\",\"url\":\"https:\/\/dicodusport.fr\/blog\/author\/sebastiengente\/\"}]}<\/script>\n<!-- \/ Yoast SEO Premium plugin. -->","yoast_head_json":{"title":"Transferts : Seko Fofana devrait faire son retour en Ligue 1","description":"LIGUE 1 2024\/2025 - Un an et demi apr\u00e8s son d\u00e9part de Lens, Seko Fofana est en route pour revenir dans le Championnat de France.","robots":{"index":"index","follow":"follow","max-snippet":"max-snippet:-1","max-image-preview":"max-image-preview:large","max-video-preview":"max-video-preview:-1"},"canonical":"https:\/\/dicodusport.fr\/blog\/transferts-seko-fofana-devrait-faire-son-retour-en-ligue-1\/","og_locale":"fr_FR","og_type":"article","og_title":"Transferts : Seko Fofana devrait faire son retour en Ligue 1","og_description":"LIGUE 1 2024\/2025 - Un an et demi apr\u00e8s son d\u00e9part de Lens, Seko Fofana est en route pour revenir dans le Championnat de France.","og_url":"https:\/\/dicodusport.fr\/blog\/transferts-seko-fofana-devrait-faire-son-retour-en-ligue-1\/","og_site_name":"Dicodusport","article_publisher":"https:\/\/www.facebook.com\/dicodusport","article_author":"https:\/\/www.facebook.com\/sebastien.gente\/","article_published_time":"2024-12-28T09:07:34+00:00","article_modified_time":"2024-12-28T09:51:38+00:00","og_image":[{"width":1200,"height":674,"url":"https:\/\/dicodusport.fr\/blog\/wp-content\/uploads\/2024\/12\/Transferts-Seko-Fofana-devrait-faire-son-retour-en-Ligue-1.png","type":"image\/png"}],"author":"S\u00e9bastien Gente","twitter_card":"summary_large_image","twitter_title":"Transferts : Seko Fofana devrait faire son retour en Ligue 1","twitter_creator":"@https:\/\/twitter.com\/globulo24","twitter_site":"@dicodusport","schema":{"@context":"https:\/\/schema.org","@graph":[{"@type":"NewsArticle","@id":"https:\/\/dicodusport.fr\/blog\/transferts-seko-fofana-devrait-faire-son-retour-en-ligue-1\/#article","isPartOf":{"@id":"https:\/\/dicodusport.fr\/blog\/transferts-seko-fofana-devrait-faire-son-retour-en-ligue-1\/"},"author":{"name":"S\u00e9bastien Gente","@id":"https:\/\/dicodusport.fr\/blog\/#\/schema\/person\/627966a6cde45dbd8c5e36ac85d783da"},"headline":"Transferts : Seko Fofana devrait faire son retour en Ligue 1","datePublished":"2024-12-28T09:07:34+00:00","dateModified":"2024-12-28T09:51:38+00:00","mainEntityOfPage":{"@id":"https:\/\/dicodusport.fr\/blog\/transferts-seko-fofana-devrait-faire-son-retour-en-ligue-1\/"},"wordCount":365,"commentCount":0,"publisher":{"@id":"https:\/\/dicodusport.fr\/blog\/#organization"},"image":{"@id":"https:\/\/dicodusport.fr\/blog\/transferts-seko-fofana-devrait-faire-son-retour-en-ligue-1\/#primaryimage"},"thumbnailUrl":"https:\/\/dicodusport.fr\/blog\/wp-content\/uploads\/2024\/12\/Transferts-Seko-Fofana-devrait-faire-son-retour-en-Ligue-1.png","keywords":["actu","br\u00e8ve","Football","Mercato football","Seko Fofana"],"articleSection":["Football"],"inLanguage":"fr-FR","potentialAction":[{"@type":"CommentAction","name":"Comment","target":["https:\/\/dicodusport.fr\/blog\/transferts-seko-fofana-devrait-faire-son-retour-en-ligue-1\/#respond"]}],"copyrightYear":"2024","copyrightHolder":{"@id":"https:\/\/dicodusport.fr\/blog\/#organization"}},{"@type":"WebPage","@id":"https:\/\/dicodusport.fr\/blog\/transferts-seko-fofana-devrait-faire-son-retour-en-ligue-1\/","url":"https:\/\/dicodusport.fr\/blog\/transferts-seko-fofana-devrait-faire-son-retour-en-ligue-1\/","name":"Transferts : Seko Fofana devrait faire son retour en Ligue 1","isPartOf":{"@id":"https:\/\/dicodusport.fr\/blog\/#website"},"primaryImageOfPage":{"@id":"https:\/\/dicodusport.fr\/blog\/transferts-seko-fofana-devrait-faire-son-retour-en-ligue-1\/#primaryimage"},"image":{"@id":"https:\/\/dicodusport.fr\/blog\/transferts-seko-fofana-devrait-faire-son-retour-en-ligue-1\/#primaryimage"},"thumbnailUrl":"https:\/\/dicodusport.fr\/blog\/wp-content\/uploads\/2024\/12\/Transferts-Seko-Fofana-devrait-faire-son-retour-en-Ligue-1.png","datePublished":"2024-12-28T09:07:34+00:00","dateModified":"2024-12-28T09:51:38+00:00","description":"LIGUE 1 2024\/2025 - Un an et demi apr\u00e8s son d\u00e9part de Lens, Seko Fofana est en route pour revenir dans le Championnat de France.","breadcrumb":{"@id":"https:\/\/dicodusport.fr\/blog\/transferts-seko-fofana-devrait-faire-son-retour-en-ligue-1\/#breadcrumb"},"inLanguage":"fr-FR","potentialAction":[{"@type":"ReadAction","target":["https:\/\/dicodusport.fr\/blog\/transferts-seko-fofana-devrait-faire-son-retour-en-ligue-1\/"]}]},{"@type":"ImageObject","inLanguage":"fr-FR","@id":"https:\/\/dicodusport.fr\/blog\/transferts-seko-fofana-devrait-faire-son-retour-en-ligue-1\/#primaryimage","url":"https:\/\/dicodusport.fr\/blog\/wp-content\/uploads\/2024\/12\/Transferts-Seko-Fofana-devrait-faire-son-retour-en-Ligue-1.png","contentUrl":"https:\/\/dicodusport.fr\/blog\/wp-content\/uploads\/2024\/12\/Transferts-Seko-Fofana-devrait-faire-son-retour-en-Ligue-1.png","width":1200,"height":674,"caption":"Transferts Seko Fofana devrait faire son retour en Ligue 1"},{"@type":"BreadcrumbList","@id":"https:\/\/dicodusport.fr\/blog\/transferts-seko-fofana-devrait-faire-son-retour-en-ligue-1\/#breadcrumb","itemListElement":[{"@type":"ListItem","position":1,"name":"Accueil","item":"https:\/\/dicodusport.fr\/blog\/"},{"@type":"ListItem","position":2,"name":"Transferts : Seko Fofana devrait faire son retour en Ligue 1"}]},{"@type":"WebSite","@id":"https:\/\/dicodusport.fr\/blog\/#website","url":"https:\/\/dicodusport.fr\/blog\/","name":"Dicodusport","description":"L&#039;encyclop\u00e9die de l&#039;actualit\u00e9 sportive","publisher":{"@id":"https:\/\/dicodusport.fr\/blog\/#organization"},"potentialAction":[{"@type":"SearchAction","target":{"@type":"EntryPoint","urlTemplate":"https:\/\/dicodusport.fr\/blog\/?s={search_term_string}"},"query-input":{"@type":"PropertyValueSpecification","valueRequired":true,"valueName":"search_term_string"}}],"inLanguage":"fr-FR"},{"@type":"NewsMediaOrganization","@id":"https:\/\/dicodusport.fr\/blog\/#organization","name":"Dicodusport","url":"https:\/\/dicodusport.fr\/blog\/","logo":{"@type":"ImageObject","inLanguage":"fr-FR","@id":"https:\/\/dicodusport.fr\/blog\/#\/schema\/logo\/image\/","url":"https:\/\/dicodusport.fr\/blog\/wp-content\/uploads\/2020\/06\/cropped-LOGO-DICODUSPORT-2020-SANS-FOND-SANS-TEXTE.png","contentUrl":"https:\/\/dicodusport.fr\/blog\/wp-content\/uploads\/2020\/06\/cropped-LOGO-DICODUSPORT-2020-SANS-FOND-SANS-TEXTE.png","width":512,"height":512,"caption":"Dicodusport"},"image":{"@id":"https:\/\/dicodusport.fr\/blog\/#\/schema\/logo\/image\/"},"sameAs":["https:\/\/www.facebook.com\/dicodusport","https:\/\/x.com\/dicodusport","https:\/\/www.instagram.com\/dicodusport\/","https:\/\/www.youtube.com\/channel\/UC7V2KZ5sd3htJivAbA4ZG3w"],"description":"Dicodusport est l'encyclop\u00e9die de l'actualit\u00e9 sportive.","email":"bonjour@dicodusport.fr","legalName":"DICODUSPORT","foundingDate":"2018-01-14","vatID":"FR71834470973","taxID":"83447097300043","numberOfEmployees":{"@type":"QuantitativeValue","minValue":"1","maxValue":"10"}},{"@type":"Person","@id":"https:\/\/dicodusport.fr\/blog\/#\/schema\/person\/627966a6cde45dbd8c5e36ac85d783da","name":"S\u00e9bastien Gente","image":{"@type":"ImageObject","inLanguage":"fr-FR","@id":"https:\/\/dicodusport.fr\/blog\/#\/schema\/person\/image\/","url":"https:\/\/dicodusport.fr\/blog\/wp-content\/uploads\/2021\/09\/1510990_10205810251400683_4124423575079401707_n-150x150.jpg","contentUrl":"https:\/\/dicodusport.fr\/blog\/wp-content\/uploads\/2021\/09\/1510990_10205810251400683_4124423575079401707_n-150x150.jpg","caption":"S\u00e9bastien Gente"},"description":"John Stockton, Gianni Bugno, Zinedine Zidane, Steffi Graf, Frode Andresen, St\u00e9phane Stoecklin, Davis Kamoga, Primoz Peterka, Werner Schlager et Aur\u00e9lien Rougerie. Point commun entre ces sportifs? Ils m'ont fait r\u00eaver et ont berc\u00e9 mon adolescence. Je suis un fondu de sports et j'essaie de retranscrire ma passion \u00e0 travers mes articles. Originaire du P\u00e9rigord, ma passion pour les Girondins, les Jaunards et les Jazzmen transpire dans mes \u00e9crits. \u00c0 Dicodusport depuis 2021, je d\u00e9niche les sports m\u00e9connus dans lesquels la France brille, et il y en a !","sameAs":["https:\/\/www.facebook.com\/sebastien.gente\/","https:\/\/www.instagram.com\/sebgente\/","https:\/\/www.linkedin.com\/in\/sbastien-gente-a29583169\/","https:\/\/x.com\/https:\/\/twitter.com\/globulo24","SebastienGente"],"worksFor":"S\u00e9bastien GENTE","url":"https:\/\/dicodusport.fr\/blog\/author\/sebastiengente\/"}]}},"_links":{"self":[{"href":"https:\/\/dicodusport.fr\/blog\/wp-json\/wp\/v2\/posts\/542544","targetHints":{"allow":["GET"]}}],"collection":[{"href":"https:\/\/dicodusport.fr\/blog\/wp-json\/wp\/v2\/posts"}],"about":[{"href":"https:\/\/dicodusport.fr\/blog\/wp-json\/wp\/v2\/types\/post"}],"author":[{"embeddable":true,"href":"https:\/\/dicodusport.fr\/blog\/wp-json\/wp\/v2\/users\/59"}],"replies":[{"embeddable":true,"href":"https:\/\/dicodusport.fr\/blog\/wp-json\/wp\/v2\/comments?post=542544"}],"version-history":[{"count":1,"href":"https:\/\/dicodusport.fr\/blog\/wp-json\/wp\/v2\/posts\/542544\/revisions"}],"predecessor-version":[{"id":542550,"href":"https:\/\/dicodusport.fr\/blog\/wp-json\/wp\/v2\/posts\/542544\/revisions\/542550"}],"wp:featuredmedia":[{"embeddable":true,"href":"https:\/\/dicodusport.fr\/blog\/wp-json\/wp\/v2\/media\/542551"}],"wp:attachment":[{"href":"https:\/\/dicodusport.fr\/blog\/wp-json\/wp\/v2\/media?parent=542544"}],"wp:term":[{"taxonomy":"category","embeddable":true,"href":"https:\/\/dicodusport.fr\/blog\/wp-json\/wp\/v2\/categories?post=542544"},{"taxonomy":"post_tag","embeddable":true,"href":"https:\/\/dicodusport.fr\/blog\/wp-json\/wp\/v2\/tags?post=542544"}],"curies":[{"name":"wp","href":"https:\/\/api.w.org\/{rel}","templated":true}]}}