{"id":542817,"date":"2024-12-29T13:05:07","date_gmt":"2024-12-29T12:05:07","guid":{"rendered":"https:\/\/dicodusport.fr\/blog\/?p=542817&#038;preview=true&#038;preview_id=542817"},"modified":"2024-12-29T14:01:35","modified_gmt":"2024-12-29T13:01:35","slug":"super-g-hommes-bormio-2024-fredrik-moeller-ouvre-son-compteur-de-victoires-en-italie","status":"publish","type":"post","link":"https:\/\/dicodusport.fr\/blog\/super-g-hommes-bormio-2024-fredrik-moeller-ouvre-son-compteur-de-victoires-en-italie\/","title":{"rendered":"Super-G hommes Bormio 2024 : Fredrik Moeller ouvre son compteur de victoires en Italie"},"content":{"rendered":"<h4 style=\"text-align: justify;\"><em>COUPE DU MONDE DE SKI ALPIN 2024-2025 &#8211; Fredrik Moeller a remport\u00e9 la derni\u00e8re victoire de l&rsquo;ann\u00e9e 2024 sur le Super-G de Bormio. Le Norv\u00e9gien a su dompter la piste italienne pour d\u00e9crocher son tout premier succ\u00e8s en carri\u00e8re, devant Vincent Kriechmayr et le surprenant Alexis Monney. Les Fran\u00e7ais Nils All\u00e8gre et Florian Loriot terminent eux dans le Top 10.<\/em><\/h4>\n<ul style=\"text-align: justify;\">\n<li style=\"text-align: justify;\"><strong>\u00c0 ce sujet &#8211; <a href=\"https:\/\/dicodusport.fr\/blog\/calendrier-et-resultats-coupe-du-monde-ski-alpin-2024-2025\/\">Calendrier et r\u00e9sultats Coupe du monde Ski alpin 2024-2025<\/a><\/strong><\/li>\n<\/ul>\n<p style=\"text-align: justify;\">Au lendemain du <a href=\"https:\/\/dicodusport.fr\/blog\/descente-hommes-bormio-2024-alexis-monney-simpose-en-dejouant-les-pronostics\/\">succ\u00e8s d&rsquo;Alexis Monney sur la descente<\/a>, il \u00e9tait temps de passer au deuxi\u00e8me temps fort du weekend italien \u00e0 <strong>Bormio<\/strong>. Apr\u00e8s les victoires de <a href=\"https:\/\/dicodusport.fr\/blog\/super-g-hommes-beaver-creek-2024-cyprien-sarrazin-prend-une-magnifique-2eme-place-derriere-marco-odermatt\/\">Marco Odermatt \u00e0 Beaver Creek<\/a> et <a href=\"https:\/\/dicodusport.fr\/blog\/super-g-val-gardena-2024-mattia-casse-la-baraque\/\">Mattia Casse \u00e0 Val Gardena<\/a>, la piste italienne proposait le troisi\u00e8me Super-G de la saison. Super-G au sein duquel manquait \u00e0 l&rsquo;appel <strong>Cyprien Sarrazin<\/strong>, lui qui a lourdement chut\u00e9 \u00e0 l&rsquo;entra\u00eenement en fin de semaine. Mais aussi <strong>Alexis Pinturault<\/strong>, qui souffre d&rsquo;un virus frappant l&rsquo;int\u00e9gralit\u00e9 de l&rsquo;\u00c9quipe de France.<\/p>\n<h2>Fredrik Moeller d\u00e9tonne, Marco Odermatt \u00e9ject\u00e9 du podium<\/h2>\n<ul style=\"text-align: justify;\">\n<li style=\"text-align: justify;\"><strong>\u00c0 lire aussi &#8211; <a href=\"https:\/\/dicodusport.fr\/blog\/classement-super-g-hommes-bormio-2024\/\">Classement Super-G hommes Bormio 2024<\/a><\/strong><\/li>\n<\/ul>\n<p style=\"text-align: justify;\">Sur une piste pi\u00e9geuse, le ton va \u00eatre donn\u00e9 imm\u00e9diatement. Premier \u00e0 s&rsquo;\u00e9lancer,<strong> Gino Caviezel<\/strong> s&#8217;empale dans une porte avant de subir une lourde chute. Durement touch\u00e9 \u00e0 la jambe droite, le Suisse est alors \u00e9vacu\u00e9 en h\u00e9licopt\u00e8re apr\u00e8s avoir \u00e9t\u00e9 pris en charge durant une vingtaine de minutes. <strong>Daniel Hemetsberger<\/strong> a la lourde t\u00e2che de prendre la rel\u00e8ve au d\u00e9part. L&rsquo;Autrichien va faire preuve d&rsquo;une belle ma\u00eetrise pour rallier la ligne sous les 1:30. Mais son engagement n&rsquo;a pas \u00e9t\u00e9 suffisant, et permet \u00e0 <strong>Fredrik Moeller<\/strong> de prendre les commandes avec une marque bien plus int\u00e9ressante (1:29&rsquo;22). Le jeune Norv\u00e9gien s&rsquo;est montr\u00e9 chirurgical, tout en r\u00e9alisant un finish \u00e9poustouflant.<\/p>\n<p style=\"text-align: justify;\">Son chrono va prendre de l&rsquo;\u00e9paisseur au fil des minutes. <strong>Vincent Kriechmayr<\/strong> va notamment s&rsquo;y casser les dents pour deux dixi\u00e8mes, tout comme <strong>Stefan Rogentin<\/strong> (+0&rsquo;42), avant que <strong>Marco Odermatt<\/strong> ne parte, dossard 10 au dos. Double tenant en titre du Super-G de Bormio, le Suisse r\u00e9alise un d\u00e9part extr\u00eamement compliqu\u00e9, et se fait balader dans certaines courbes. Ces difficult\u00e9s vont finalement se traduire au chrono puisqu&rsquo;il est imm\u00e9diatement \u00e9ject\u00e9 du podium. Derri\u00e8re, personne ne parviendra \u00e0 ne serait-ce que s&rsquo;approcher de Moeller, except\u00e9 l&rsquo;\u00e9tonnant <strong>Alexis Monney<\/strong>.<\/p>\n<blockquote class=\"twitter-tweet\">\n<p dir=\"ltr\" lang=\"fr\">\u274c Pas de podium pour Odermatt, le Suisse signe le 4e temps (+ 0\u00a0\u00bb45) provisoire, quelle surprise ! \ud83e\udd2f<a href=\"https:\/\/twitter.com\/hashtag\/ChaletClub?src=hash&amp;ref_src=twsrc%5Etfw\">#ChaletClub<\/a> <a href=\"https:\/\/t.co\/yUNK5T9DRF\">pic.twitter.com\/yUNK5T9DRF<\/a><\/p>\n<p>\u2014 Eurosport France (@Eurosport_FR) <a href=\"https:\/\/twitter.com\/Eurosport_FR\/status\/1873326381121085628?ref_src=twsrc%5Etfw\">December 29, 2024<\/a><\/p><\/blockquote>\n<p><script async src=\"https:\/\/platform.twitter.com\/widgets.js\" charset=\"utf-8\"><\/script><\/p>\n<h2>Moeller et Monney, la nouvelle vague<\/h2>\n<p style=\"text-align: justify;\">Auteur d&rsquo;un final canon, le vainqueur de la descente surprend une nouvelle fois son monde en \u00e9jectant son compatriote Rogentin du podium ! Il signe un deuxi\u00e8me podium successif, et compl\u00e8te la bo\u00eete, juste derri\u00e8re <strong>Vincent Kriechmayr<\/strong>. La Suisse r\u00e9alise un v\u00e9ritable tir group\u00e9 puisque <strong>Stefan Rogentin<\/strong> (4e), <strong>Marco Odermatt<\/strong> (5e) et <strong>Franjo Von Allmen<\/strong> (6e). D\u00e9j\u00e0 performant sur les deux premiers Super-G de la saison (deux fois 4e), <strong>Fredrik Moeller<\/strong> a franchi un cap suppl\u00e9mentaire dans sa fulgurante progression pour rafler la <strong>premi\u00e8re victoire de sa carri\u00e8re<\/strong>, \u00e0 24 ans ! Une magnifique performance pour un gar\u00e7on qui n&rsquo;\u00e9tait encore jamais grimp\u00e9 sur un podium de coupe du monde, et ne compte qu&rsquo;une petite dizaine de d\u00e9parts \u00e0 son actif.<\/p>\n<ul>\n<li><strong>\u00c0 ce sujet &#8211; <a href=\"https:\/\/dicodusport.fr\/blog\/coupe-du-monde-ski-alpin-classement-general-gros-globe-hommes\/\">Coupe du monde Ski alpin \u2013 Classement g\u00e9n\u00e9ral gros globe hommes<\/a><\/strong><\/li>\n<\/ul>\n<h2>Nils Allegre au rendez-vous, Florian Loriot se surpasse<\/h2>\n<p style=\"text-align: justify;\">C\u00f4t\u00e9 Fran\u00e7ais, <strong>Nils Allegre<\/strong> repr\u00e9sentait la meilleure chance tricolore, et cela s&rsquo;est traduit au classement. Tr\u00e8s agressif, il va faire preuve de propret\u00e9, malgr\u00e9 un final plus d\u00e9licat. Avec un chrono sous les 1:30 (1:29&rsquo;96), il rafle finalement une belle<strong> 8e place<\/strong>, qui lui permet de signer un septi\u00e8me Top 10 cons\u00e9cutif en coupe du monde. Mais il n&rsquo;est pas le seul \u00e0 avoir brill\u00e9. Trois semaines apr\u00e8s avoir sign\u00e9 son meilleur r\u00e9sultat sur le Super-G de Beaver Creek (13e), <strong>Florian Loriot<\/strong> a am\u00e9lior\u00e9 sa marque en se positionnant juste derri\u00e8re son compatriote, en <strong>9e position<\/strong> ! Plus en retrait, <strong>Blaise Giezendanner (17e) et<\/strong>\u00a0<strong>Adrien Th\u00e9aux<\/strong> <strong>(26e)<\/strong> terminent dans les points. Ce qui n&rsquo;est pas le cas de <strong>Nils Alphand<\/strong> (36e), <strong>L\u00e9o Ducros<\/strong> (40e) et <strong>Matthieu Bailet<\/strong> (abandon).<\/p>\n<blockquote class=\"twitter-tweet\">\n<p dir=\"ltr\" lang=\"fr\">Florian Loriot 8e \u00e0 9 dixi\u00e8mes ! Il nous fait un d\u00e9but de saison fantastique apr\u00e8s avoir gagn\u00e9 le classement Coupe d&rsquo;Europe l&rsquo;an pass\u00e9. G\u00e9nial <a href=\"https:\/\/twitter.com\/hashtag\/fisalpine?src=hash&amp;ref_src=twsrc%5Etfw\">#fisalpine<\/a><\/p>\n<p>\u2014 Pierre Gorce (@pierregorce12) <a href=\"https:\/\/twitter.com\/pierregorce12\/status\/1873333499077472343?ref_src=twsrc%5Etfw\">December 29, 2024<\/a><\/p><\/blockquote>\n<p><script async src=\"https:\/\/platform.twitter.com\/widgets.js\" charset=\"utf-8\"><\/script><\/p>\n","protected":false},"excerpt":{"rendered":"<p>COUPE DU MONDE DE SKI ALPIN 2024-2025 &#8211; Fredrik Moeller a remport\u00e9 la derni\u00e8re victoire de l&rsquo;ann\u00e9e 2024 sur le Super-G de Bormio. Le Norv\u00e9gien a su dompter la piste italienne pour d\u00e9crocher son tout premier succ\u00e8s en carri\u00e8re, devant Vincent Kriechmayr et Stefan Rogentin. Les Fran\u00e7ais Nils All\u00e8gre et Florian Loriot terminent eux dans le Top 10.<\/p>\n","protected":false},"author":55,"featured_media":542849,"comment_status":"open","ping_status":"closed","sticky":false,"template":"","format":"standard","meta":{"_acf_changed":false,"_daextam_enable_autolinks":"1","footnotes":""},"categories":[47084],"tags":[32415,16878,2233,24],"class_list":["post-542817","post","type-post","status-publish","format-standard","has-post-thumbnail","hentry","category-coupe-du-monde-ski-alpin","tag-actu","tag-breve","tag-ski-alpin","tag-sport"],"acf":[],"yoast_head":"<!-- This site is optimized with the Yoast SEO Premium plugin v26.7 (Yoast SEO v26.7) - https:\/\/yoast.com\/wordpress\/plugins\/seo\/ -->\n<title>Super-G hommes Bormio 2024 : Fredrik Moeller ouvre son compteur de victoires en Italie<\/title>\n<meta name=\"description\" content=\"COUPE DU MONDE DE SKI ALPIN 2024-2025 - Fredrik Moeller a remport\u00e9 le Super-G de Bormio, et signe sa premi\u00e8re victoire en carri\u00e8re.\" \/>\n<meta name=\"robots\" content=\"index, follow, max-snippet:-1, max-image-preview:large, max-video-preview:-1\" \/>\n<link rel=\"canonical\" href=\"https:\/\/dicodusport.fr\/blog\/super-g-hommes-bormio-2024-fredrik-moeller-ouvre-son-compteur-de-victoires-en-italie\/\" \/>\n<meta property=\"og:locale\" content=\"fr_FR\" \/>\n<meta property=\"og:type\" content=\"article\" \/>\n<meta property=\"og:title\" content=\"Super-G hommes Bormio 2024 : Fredrik Moeller ouvre son compteur de victoires en Italie\" \/>\n<meta property=\"og:description\" content=\"COUPE DU MONDE DE SKI ALPIN 2024-2025 - Fredrik Moeller a remport\u00e9 le Super-G de Bormio, et signe sa premi\u00e8re victoire en carri\u00e8re.\" \/>\n<meta property=\"og:url\" content=\"https:\/\/dicodusport.fr\/blog\/super-g-hommes-bormio-2024-fredrik-moeller-ouvre-son-compteur-de-victoires-en-italie\/\" \/>\n<meta property=\"og:site_name\" content=\"Dicodusport\" \/>\n<meta property=\"article:publisher\" content=\"https:\/\/www.facebook.com\/dicodusport\" \/>\n<meta property=\"article:published_time\" content=\"2024-12-29T12:05:07+00:00\" \/>\n<meta property=\"article:modified_time\" content=\"2024-12-29T13:01:35+00:00\" \/>\n<meta property=\"og:image\" content=\"https:\/\/dicodusport.fr\/blog\/wp-content\/uploads\/2024\/12\/Moeller-1.png\" \/>\n\t<meta property=\"og:image:width\" content=\"1200\" \/>\n\t<meta property=\"og:image:height\" content=\"674\" \/>\n\t<meta property=\"og:image:type\" content=\"image\/png\" \/>\n<meta name=\"author\" content=\"Maxime Cazenave\" \/>\n<meta name=\"twitter:card\" content=\"summary_large_image\" \/>\n<meta name=\"twitter:title\" content=\"Super-G hommes Bormio 2024 : Fredrik Moeller ouvre son compteur de victoires en Italie\" \/>\n<meta name=\"twitter:creator\" content=\"@https:\/\/twitter.com\/Maxime_Caze\" \/>\n<meta name=\"twitter:site\" content=\"@dicodusport\" \/>\n<script type=\"application\/ld+json\" class=\"yoast-schema-graph\">{\"@context\":\"https:\/\/schema.org\",\"@graph\":[{\"@type\":\"NewsArticle\",\"@id\":\"https:\/\/dicodusport.fr\/blog\/super-g-hommes-bormio-2024-fredrik-moeller-ouvre-son-compteur-de-victoires-en-italie\/#article\",\"isPartOf\":{\"@id\":\"https:\/\/dicodusport.fr\/blog\/super-g-hommes-bormio-2024-fredrik-moeller-ouvre-son-compteur-de-victoires-en-italie\/\"},\"author\":{\"name\":\"Maxime Cazenave\",\"@id\":\"https:\/\/dicodusport.fr\/blog\/#\/schema\/person\/37def232098a7a5cbab3974a3690abb0\"},\"headline\":\"Super-G hommes Bormio 2024 : Fredrik Moeller ouvre son compteur de victoires en Italie\",\"datePublished\":\"2024-12-29T12:05:07+00:00\",\"dateModified\":\"2024-12-29T13:01:35+00:00\",\"mainEntityOfPage\":{\"@id\":\"https:\/\/dicodusport.fr\/blog\/super-g-hommes-bormio-2024-fredrik-moeller-ouvre-son-compteur-de-victoires-en-italie\/\"},\"wordCount\":774,\"commentCount\":0,\"publisher\":{\"@id\":\"https:\/\/dicodusport.fr\/blog\/#organization\"},\"image\":{\"@id\":\"https:\/\/dicodusport.fr\/blog\/super-g-hommes-bormio-2024-fredrik-moeller-ouvre-son-compteur-de-victoires-en-italie\/#primaryimage\"},\"thumbnailUrl\":\"https:\/\/dicodusport.fr\/blog\/wp-content\/uploads\/2024\/12\/Moeller-1.png\",\"keywords\":[\"actu\",\"br\u00e8ve\",\"Ski alpin\",\"sport\"],\"articleSection\":[\"Coupe du monde de ski alpin\"],\"inLanguage\":\"fr-FR\",\"potentialAction\":[{\"@type\":\"CommentAction\",\"name\":\"Comment\",\"target\":[\"https:\/\/dicodusport.fr\/blog\/super-g-hommes-bormio-2024-fredrik-moeller-ouvre-son-compteur-de-victoires-en-italie\/#respond\"]}],\"copyrightYear\":\"2024\",\"copyrightHolder\":{\"@id\":\"https:\/\/dicodusport.fr\/blog\/#organization\"}},{\"@type\":\"WebPage\",\"@id\":\"https:\/\/dicodusport.fr\/blog\/super-g-hommes-bormio-2024-fredrik-moeller-ouvre-son-compteur-de-victoires-en-italie\/\",\"url\":\"https:\/\/dicodusport.fr\/blog\/super-g-hommes-bormio-2024-fredrik-moeller-ouvre-son-compteur-de-victoires-en-italie\/\",\"name\":\"Super-G hommes Bormio 2024 : Fredrik Moeller ouvre son compteur de victoires en Italie\",\"isPartOf\":{\"@id\":\"https:\/\/dicodusport.fr\/blog\/#website\"},\"primaryImageOfPage\":{\"@id\":\"https:\/\/dicodusport.fr\/blog\/super-g-hommes-bormio-2024-fredrik-moeller-ouvre-son-compteur-de-victoires-en-italie\/#primaryimage\"},\"image\":{\"@id\":\"https:\/\/dicodusport.fr\/blog\/super-g-hommes-bormio-2024-fredrik-moeller-ouvre-son-compteur-de-victoires-en-italie\/#primaryimage\"},\"thumbnailUrl\":\"https:\/\/dicodusport.fr\/blog\/wp-content\/uploads\/2024\/12\/Moeller-1.png\",\"datePublished\":\"2024-12-29T12:05:07+00:00\",\"dateModified\":\"2024-12-29T13:01:35+00:00\",\"description\":\"COUPE DU MONDE DE SKI ALPIN 2024-2025 - Fredrik Moeller a remport\u00e9 le Super-G de Bormio, et signe sa premi\u00e8re victoire en carri\u00e8re.\",\"breadcrumb\":{\"@id\":\"https:\/\/dicodusport.fr\/blog\/super-g-hommes-bormio-2024-fredrik-moeller-ouvre-son-compteur-de-victoires-en-italie\/#breadcrumb\"},\"inLanguage\":\"fr-FR\",\"potentialAction\":[{\"@type\":\"ReadAction\",\"target\":[\"https:\/\/dicodusport.fr\/blog\/super-g-hommes-bormio-2024-fredrik-moeller-ouvre-son-compteur-de-victoires-en-italie\/\"]}]},{\"@type\":\"ImageObject\",\"inLanguage\":\"fr-FR\",\"@id\":\"https:\/\/dicodusport.fr\/blog\/super-g-hommes-bormio-2024-fredrik-moeller-ouvre-son-compteur-de-victoires-en-italie\/#primaryimage\",\"url\":\"https:\/\/dicodusport.fr\/blog\/wp-content\/uploads\/2024\/12\/Moeller-1.png\",\"contentUrl\":\"https:\/\/dicodusport.fr\/blog\/wp-content\/uploads\/2024\/12\/Moeller-1.png\",\"width\":1200,\"height\":674,\"caption\":\"Super-G hommes Bormio 2024 : Fredrik Moeller ouvre son compteur de victoires en Italie\"},{\"@type\":\"BreadcrumbList\",\"@id\":\"https:\/\/dicodusport.fr\/blog\/super-g-hommes-bormio-2024-fredrik-moeller-ouvre-son-compteur-de-victoires-en-italie\/#breadcrumb\",\"itemListElement\":[{\"@type\":\"ListItem\",\"position\":1,\"name\":\"Accueil\",\"item\":\"https:\/\/dicodusport.fr\/blog\/\"},{\"@type\":\"ListItem\",\"position\":2,\"name\":\"Super-G hommes Bormio 2024 : Fredrik Moeller ouvre son compteur de victoires en Italie\"}]},{\"@type\":\"WebSite\",\"@id\":\"https:\/\/dicodusport.fr\/blog\/#website\",\"url\":\"https:\/\/dicodusport.fr\/blog\/\",\"name\":\"Dicodusport\",\"description\":\"L&#039;encyclop\u00e9die de l&#039;actualit\u00e9 sportive\",\"publisher\":{\"@id\":\"https:\/\/dicodusport.fr\/blog\/#organization\"},\"potentialAction\":[{\"@type\":\"SearchAction\",\"target\":{\"@type\":\"EntryPoint\",\"urlTemplate\":\"https:\/\/dicodusport.fr\/blog\/?s={search_term_string}\"},\"query-input\":{\"@type\":\"PropertyValueSpecification\",\"valueRequired\":true,\"valueName\":\"search_term_string\"}}],\"inLanguage\":\"fr-FR\"},{\"@type\":\"NewsMediaOrganization\",\"@id\":\"https:\/\/dicodusport.fr\/blog\/#organization\",\"name\":\"Dicodusport\",\"url\":\"https:\/\/dicodusport.fr\/blog\/\",\"logo\":{\"@type\":\"ImageObject\",\"inLanguage\":\"fr-FR\",\"@id\":\"https:\/\/dicodusport.fr\/blog\/#\/schema\/logo\/image\/\",\"url\":\"https:\/\/dicodusport.fr\/blog\/wp-content\/uploads\/2020\/06\/cropped-LOGO-DICODUSPORT-2020-SANS-FOND-SANS-TEXTE.png\",\"contentUrl\":\"https:\/\/dicodusport.fr\/blog\/wp-content\/uploads\/2020\/06\/cropped-LOGO-DICODUSPORT-2020-SANS-FOND-SANS-TEXTE.png\",\"width\":512,\"height\":512,\"caption\":\"Dicodusport\"},\"image\":{\"@id\":\"https:\/\/dicodusport.fr\/blog\/#\/schema\/logo\/image\/\"},\"sameAs\":[\"https:\/\/www.facebook.com\/dicodusport\",\"https:\/\/x.com\/dicodusport\",\"https:\/\/www.instagram.com\/dicodusport\/\",\"https:\/\/www.youtube.com\/channel\/UC7V2KZ5sd3htJivAbA4ZG3w\"],\"description\":\"Dicodusport est l'encyclop\u00e9die de l'actualit\u00e9 sportive.\",\"email\":\"bonjour@dicodusport.fr\",\"legalName\":\"DICODUSPORT\",\"foundingDate\":\"2018-01-14\",\"vatID\":\"FR71834470973\",\"taxID\":\"83447097300043\",\"numberOfEmployees\":{\"@type\":\"QuantitativeValue\",\"minValue\":\"1\",\"maxValue\":\"10\"}},{\"@type\":\"Person\",\"@id\":\"https:\/\/dicodusport.fr\/blog\/#\/schema\/person\/37def232098a7a5cbab3974a3690abb0\",\"name\":\"Maxime Cazenave\",\"image\":{\"@type\":\"ImageObject\",\"inLanguage\":\"fr-FR\",\"@id\":\"https:\/\/dicodusport.fr\/blog\/#\/schema\/person\/image\/\",\"url\":\"https:\/\/dicodusport.fr\/blog\/wp-content\/uploads\/2021\/05\/Maxime-Cazenave-150x150.jpg\",\"contentUrl\":\"https:\/\/dicodusport.fr\/blog\/wp-content\/uploads\/2021\/05\/Maxime-Cazenave-150x150.jpg\",\"caption\":\"Maxime Cazenave\"},\"description\":\"Journaliste\/R\u00e9dacteur depuis 2012 - Berc\u00e9 par l\u2019amour des Girondins de Bordeaux, les \u00e9checs de Christophe Moreau sur le Tour de France sous l'\u00e8re Lance Armstrong et le fade-away l\u00e9tal de Dirk Nowitzki, ma passion d\u00e9vorante pour le sport a toujours \u00e9t\u00e9 un pan incontournable de ma vie. Transmettre ma passion \u00e0 l\u2019\u00e9crit a \u00e9t\u00e9 une transition naturelle. Suiveur assidu de basket et de hockey sur glace, je garde toujours un peu de place pour suivre le cyclisme, le football et le maximum de performances fran\u00e7aises.\",\"sameAs\":[\"https:\/\/x.com\/https:\/\/twitter.com\/Maxime_Caze\"],\"url\":\"https:\/\/dicodusport.fr\/blog\/author\/maximec\/\"}]}<\/script>\n<!-- \/ Yoast SEO Premium plugin. -->","yoast_head_json":{"title":"Super-G hommes Bormio 2024 : Fredrik Moeller ouvre son compteur de victoires en Italie","description":"COUPE DU MONDE DE SKI ALPIN 2024-2025 - Fredrik Moeller a remport\u00e9 le Super-G de Bormio, et signe sa premi\u00e8re victoire en carri\u00e8re.","robots":{"index":"index","follow":"follow","max-snippet":"max-snippet:-1","max-image-preview":"max-image-preview:large","max-video-preview":"max-video-preview:-1"},"canonical":"https:\/\/dicodusport.fr\/blog\/super-g-hommes-bormio-2024-fredrik-moeller-ouvre-son-compteur-de-victoires-en-italie\/","og_locale":"fr_FR","og_type":"article","og_title":"Super-G hommes Bormio 2024 : Fredrik Moeller ouvre son compteur de victoires en Italie","og_description":"COUPE DU MONDE DE SKI ALPIN 2024-2025 - Fredrik Moeller a remport\u00e9 le Super-G de Bormio, et signe sa premi\u00e8re victoire en carri\u00e8re.","og_url":"https:\/\/dicodusport.fr\/blog\/super-g-hommes-bormio-2024-fredrik-moeller-ouvre-son-compteur-de-victoires-en-italie\/","og_site_name":"Dicodusport","article_publisher":"https:\/\/www.facebook.com\/dicodusport","article_published_time":"2024-12-29T12:05:07+00:00","article_modified_time":"2024-12-29T13:01:35+00:00","og_image":[{"width":1200,"height":674,"url":"https:\/\/dicodusport.fr\/blog\/wp-content\/uploads\/2024\/12\/Moeller-1.png","type":"image\/png"}],"author":"Maxime Cazenave","twitter_card":"summary_large_image","twitter_title":"Super-G hommes Bormio 2024 : Fredrik Moeller ouvre son compteur de victoires en Italie","twitter_creator":"@https:\/\/twitter.com\/Maxime_Caze","twitter_site":"@dicodusport","schema":{"@context":"https:\/\/schema.org","@graph":[{"@type":"NewsArticle","@id":"https:\/\/dicodusport.fr\/blog\/super-g-hommes-bormio-2024-fredrik-moeller-ouvre-son-compteur-de-victoires-en-italie\/#article","isPartOf":{"@id":"https:\/\/dicodusport.fr\/blog\/super-g-hommes-bormio-2024-fredrik-moeller-ouvre-son-compteur-de-victoires-en-italie\/"},"author":{"name":"Maxime Cazenave","@id":"https:\/\/dicodusport.fr\/blog\/#\/schema\/person\/37def232098a7a5cbab3974a3690abb0"},"headline":"Super-G hommes Bormio 2024 : Fredrik Moeller ouvre son compteur de victoires en Italie","datePublished":"2024-12-29T12:05:07+00:00","dateModified":"2024-12-29T13:01:35+00:00","mainEntityOfPage":{"@id":"https:\/\/dicodusport.fr\/blog\/super-g-hommes-bormio-2024-fredrik-moeller-ouvre-son-compteur-de-victoires-en-italie\/"},"wordCount":774,"commentCount":0,"publisher":{"@id":"https:\/\/dicodusport.fr\/blog\/#organization"},"image":{"@id":"https:\/\/dicodusport.fr\/blog\/super-g-hommes-bormio-2024-fredrik-moeller-ouvre-son-compteur-de-victoires-en-italie\/#primaryimage"},"thumbnailUrl":"https:\/\/dicodusport.fr\/blog\/wp-content\/uploads\/2024\/12\/Moeller-1.png","keywords":["actu","br\u00e8ve","Ski alpin","sport"],"articleSection":["Coupe du monde de ski alpin"],"inLanguage":"fr-FR","potentialAction":[{"@type":"CommentAction","name":"Comment","target":["https:\/\/dicodusport.fr\/blog\/super-g-hommes-bormio-2024-fredrik-moeller-ouvre-son-compteur-de-victoires-en-italie\/#respond"]}],"copyrightYear":"2024","copyrightHolder":{"@id":"https:\/\/dicodusport.fr\/blog\/#organization"}},{"@type":"WebPage","@id":"https:\/\/dicodusport.fr\/blog\/super-g-hommes-bormio-2024-fredrik-moeller-ouvre-son-compteur-de-victoires-en-italie\/","url":"https:\/\/dicodusport.fr\/blog\/super-g-hommes-bormio-2024-fredrik-moeller-ouvre-son-compteur-de-victoires-en-italie\/","name":"Super-G hommes Bormio 2024 : Fredrik Moeller ouvre son compteur de victoires en Italie","isPartOf":{"@id":"https:\/\/dicodusport.fr\/blog\/#website"},"primaryImageOfPage":{"@id":"https:\/\/dicodusport.fr\/blog\/super-g-hommes-bormio-2024-fredrik-moeller-ouvre-son-compteur-de-victoires-en-italie\/#primaryimage"},"image":{"@id":"https:\/\/dicodusport.fr\/blog\/super-g-hommes-bormio-2024-fredrik-moeller-ouvre-son-compteur-de-victoires-en-italie\/#primaryimage"},"thumbnailUrl":"https:\/\/dicodusport.fr\/blog\/wp-content\/uploads\/2024\/12\/Moeller-1.png","datePublished":"2024-12-29T12:05:07+00:00","dateModified":"2024-12-29T13:01:35+00:00","description":"COUPE DU MONDE DE SKI ALPIN 2024-2025 - Fredrik Moeller a remport\u00e9 le Super-G de Bormio, et signe sa premi\u00e8re victoire en carri\u00e8re.","breadcrumb":{"@id":"https:\/\/dicodusport.fr\/blog\/super-g-hommes-bormio-2024-fredrik-moeller-ouvre-son-compteur-de-victoires-en-italie\/#breadcrumb"},"inLanguage":"fr-FR","potentialAction":[{"@type":"ReadAction","target":["https:\/\/dicodusport.fr\/blog\/super-g-hommes-bormio-2024-fredrik-moeller-ouvre-son-compteur-de-victoires-en-italie\/"]}]},{"@type":"ImageObject","inLanguage":"fr-FR","@id":"https:\/\/dicodusport.fr\/blog\/super-g-hommes-bormio-2024-fredrik-moeller-ouvre-son-compteur-de-victoires-en-italie\/#primaryimage","url":"https:\/\/dicodusport.fr\/blog\/wp-content\/uploads\/2024\/12\/Moeller-1.png","contentUrl":"https:\/\/dicodusport.fr\/blog\/wp-content\/uploads\/2024\/12\/Moeller-1.png","width":1200,"height":674,"caption":"Super-G hommes Bormio 2024 : Fredrik Moeller ouvre son compteur de victoires en Italie"},{"@type":"BreadcrumbList","@id":"https:\/\/dicodusport.fr\/blog\/super-g-hommes-bormio-2024-fredrik-moeller-ouvre-son-compteur-de-victoires-en-italie\/#breadcrumb","itemListElement":[{"@type":"ListItem","position":1,"name":"Accueil","item":"https:\/\/dicodusport.fr\/blog\/"},{"@type":"ListItem","position":2,"name":"Super-G hommes Bormio 2024 : Fredrik Moeller ouvre son compteur de victoires en Italie"}]},{"@type":"WebSite","@id":"https:\/\/dicodusport.fr\/blog\/#website","url":"https:\/\/dicodusport.fr\/blog\/","name":"Dicodusport","description":"L&#039;encyclop\u00e9die de l&#039;actualit\u00e9 sportive","publisher":{"@id":"https:\/\/dicodusport.fr\/blog\/#organization"},"potentialAction":[{"@type":"SearchAction","target":{"@type":"EntryPoint","urlTemplate":"https:\/\/dicodusport.fr\/blog\/?s={search_term_string}"},"query-input":{"@type":"PropertyValueSpecification","valueRequired":true,"valueName":"search_term_string"}}],"inLanguage":"fr-FR"},{"@type":"NewsMediaOrganization","@id":"https:\/\/dicodusport.fr\/blog\/#organization","name":"Dicodusport","url":"https:\/\/dicodusport.fr\/blog\/","logo":{"@type":"ImageObject","inLanguage":"fr-FR","@id":"https:\/\/dicodusport.fr\/blog\/#\/schema\/logo\/image\/","url":"https:\/\/dicodusport.fr\/blog\/wp-content\/uploads\/2020\/06\/cropped-LOGO-DICODUSPORT-2020-SANS-FOND-SANS-TEXTE.png","contentUrl":"https:\/\/dicodusport.fr\/blog\/wp-content\/uploads\/2020\/06\/cropped-LOGO-DICODUSPORT-2020-SANS-FOND-SANS-TEXTE.png","width":512,"height":512,"caption":"Dicodusport"},"image":{"@id":"https:\/\/dicodusport.fr\/blog\/#\/schema\/logo\/image\/"},"sameAs":["https:\/\/www.facebook.com\/dicodusport","https:\/\/x.com\/dicodusport","https:\/\/www.instagram.com\/dicodusport\/","https:\/\/www.youtube.com\/channel\/UC7V2KZ5sd3htJivAbA4ZG3w"],"description":"Dicodusport est l'encyclop\u00e9die de l'actualit\u00e9 sportive.","email":"bonjour@dicodusport.fr","legalName":"DICODUSPORT","foundingDate":"2018-01-14","vatID":"FR71834470973","taxID":"83447097300043","numberOfEmployees":{"@type":"QuantitativeValue","minValue":"1","maxValue":"10"}},{"@type":"Person","@id":"https:\/\/dicodusport.fr\/blog\/#\/schema\/person\/37def232098a7a5cbab3974a3690abb0","name":"Maxime Cazenave","image":{"@type":"ImageObject","inLanguage":"fr-FR","@id":"https:\/\/dicodusport.fr\/blog\/#\/schema\/person\/image\/","url":"https:\/\/dicodusport.fr\/blog\/wp-content\/uploads\/2021\/05\/Maxime-Cazenave-150x150.jpg","contentUrl":"https:\/\/dicodusport.fr\/blog\/wp-content\/uploads\/2021\/05\/Maxime-Cazenave-150x150.jpg","caption":"Maxime Cazenave"},"description":"Journaliste\/R\u00e9dacteur depuis 2012 - Berc\u00e9 par l\u2019amour des Girondins de Bordeaux, les \u00e9checs de Christophe Moreau sur le Tour de France sous l'\u00e8re Lance Armstrong et le fade-away l\u00e9tal de Dirk Nowitzki, ma passion d\u00e9vorante pour le sport a toujours \u00e9t\u00e9 un pan incontournable de ma vie. Transmettre ma passion \u00e0 l\u2019\u00e9crit a \u00e9t\u00e9 une transition naturelle. Suiveur assidu de basket et de hockey sur glace, je garde toujours un peu de place pour suivre le cyclisme, le football et le maximum de performances fran\u00e7aises.","sameAs":["https:\/\/x.com\/https:\/\/twitter.com\/Maxime_Caze"],"url":"https:\/\/dicodusport.fr\/blog\/author\/maximec\/"}]}},"_links":{"self":[{"href":"https:\/\/dicodusport.fr\/blog\/wp-json\/wp\/v2\/posts\/542817","targetHints":{"allow":["GET"]}}],"collection":[{"href":"https:\/\/dicodusport.fr\/blog\/wp-json\/wp\/v2\/posts"}],"about":[{"href":"https:\/\/dicodusport.fr\/blog\/wp-json\/wp\/v2\/types\/post"}],"author":[{"embeddable":true,"href":"https:\/\/dicodusport.fr\/blog\/wp-json\/wp\/v2\/users\/55"}],"replies":[{"embeddable":true,"href":"https:\/\/dicodusport.fr\/blog\/wp-json\/wp\/v2\/comments?post=542817"}],"version-history":[{"count":6,"href":"https:\/\/dicodusport.fr\/blog\/wp-json\/wp\/v2\/posts\/542817\/revisions"}],"predecessor-version":[{"id":542850,"href":"https:\/\/dicodusport.fr\/blog\/wp-json\/wp\/v2\/posts\/542817\/revisions\/542850"}],"wp:featuredmedia":[{"embeddable":true,"href":"https:\/\/dicodusport.fr\/blog\/wp-json\/wp\/v2\/media\/542849"}],"wp:attachment":[{"href":"https:\/\/dicodusport.fr\/blog\/wp-json\/wp\/v2\/media?parent=542817"}],"wp:term":[{"taxonomy":"category","embeddable":true,"href":"https:\/\/dicodusport.fr\/blog\/wp-json\/wp\/v2\/categories?post=542817"},{"taxonomy":"post_tag","embeddable":true,"href":"https:\/\/dicodusport.fr\/blog\/wp-json\/wp\/v2\/tags?post=542817"}],"curies":[{"name":"wp","href":"https:\/\/api.w.org\/{rel}","templated":true}]}}