{"id":542967,"date":"2024-12-30T08:24:17","date_gmt":"2024-12-30T07:24:17","guid":{"rendered":"https:\/\/dicodusport.fr\/blog\/?p=542967&#038;preview=true&#038;preview_id=542967"},"modified":"2024-12-30T08:30:22","modified_gmt":"2024-12-30T07:30:22","slug":"vendee-globe-2024-le-classement-lundi-30-decembre-a-8h","status":"publish","type":"post","link":"https:\/\/dicodusport.fr\/blog\/vendee-globe-2024-le-classement-lundi-30-decembre-a-8h\/","title":{"rendered":"Vend\u00e9e Globe 2024 : Le classement lundi 30 d\u00e9cembre \u00e0 8h"},"content":{"rendered":"<h4 style=\"text-align: justify;\"><em><strong>VEND\u00c9E GLOBE 2024 &#8211; <span style=\"text-align: justify;\">\u00a0Charlie Dalin (MACIF Sant\u00e9 Pr\u00e9voyance) est de nouveau dans le sillage de <\/span><\/strong><\/em><em><strong><span style=\"text-align: justify;\">Yoann Richomme (Paprec Ark\u00e9a) au pointage de 7 heures ce 30\u00a0 d\u00e9cembre.<\/span><\/strong><\/em><\/h4>\n<ul style=\"text-align: justify;\">\n<li><strong>\u00c0 ce sujet &#8211; <a href=\"https:\/\/dicodusport.fr\/blog\/classement-du-vendee-globe-2024-en-direct\/\" target=\"_blank\" rel=\"noopener\">Classement Vend\u00e9e Globe 2024 en direct<\/a><\/strong><\/li>\n<\/ul>\n<p style=\"text-align: justify;\">Il y a un peu plus de 24 heures, <strong>Yoann<\/strong> <strong>Richomme<\/strong> (Paprec Ark\u00e9a)\u00a0semblait \u00eatre en train de faire le break sur <strong>Charlie<\/strong> <strong>Dalin<\/strong> (MACIF Sant\u00e9 Pr\u00e9voyance) et avait plus de 150 miles nautiques d&rsquo;avance. Mais le skipper MACIF ne l\u00e2che rien, bien au contraire, et continue de tout donner pour \u00e9viter de refaire deuxi\u00e8me une fois de plus, apr\u00e8s 2020.<\/p>\n<p style=\"text-align: justify;\"><strong>Yoann<\/strong> <strong>Richomme<\/strong> (Paprec Ark\u00e9a) est toujours leader, mais n&rsquo;a plus que six miles nautiques d&rsquo;avance sur son poursuivant ce lundi matin. Le suspense est donc de nouveau \u00e0 son comble alors que dans le m\u00eame temps, <strong>S\u00e9bastien<\/strong> <strong>Simon<\/strong> (Groupe Dubreuil) a repris du terrain et pointe \u00e0 un peu plus de 300 miles nautiques des deux premiers.<\/p>\n<p style=\"text-align: justify;\"><strong>Thomas<\/strong> <strong>Ruyant<\/strong> (Vulnerable) est toujours quatri\u00e8me alors que <strong>Paul Meilhat<\/strong> (Biotherm) a r\u00e9alis\u00e9 le joli coup de la nuit en prenant la cinqui\u00e8me place de la course. Il a doubl\u00e9 <strong>J\u00e9r\u00e9mie<\/strong> <strong>Beyou<\/strong> (Charal) et <strong>Nicolas<\/strong> <strong>Lunven<\/strong> (Holcim &#8211; PRC) mais les \u00e9carts restent tr\u00e8s faibles entre les trois marins.<\/p>\n<ul style=\"text-align: justify;\">\n<li style=\"text-align: justify;\"><strong>\u00c0 ce sujet &#8211; <a title=\"Vend\u00e9e Globe 2024 : Les principaux favoris et outsiders\" href=\"https:\/\/dicodusport.fr\/blog\/vendee-globe-2024-les-principaux-favoris-et-outsiders\/\" target=\"_blank\" rel=\"noopener\">Vend\u00e9e Globe 2024 : Les principaux favoris et outsiders<\/a><\/strong><\/li>\n<\/ul>\n<h2 style=\"text-align: justify;\">Vend\u00e9e Globe 2024 &#8211; Le classement le 30 d\u00e9cembre \u00e0 7 heures<\/h2>\n<p style=\"text-align: justify;\"><strong><span class=\"su-label su-label-type-important\">MISE \u00c0 JOUR LE 30\/12\/2024 \u00c0 7H00<\/span><\/strong><\/p>\n<p style=\"text-align: justify;\"><div class=\"su-table su-table-alternate\">\n<table style=\"width: 1000px;border-collapse: collapse\" border=\"1\">\n<tbody>\n<tr style=\"height: 24px\">\n<td style=\"border-color: #ebebeb;height: 24px;width: 80px;text-align: center;vertical-align: middle\"><span style=\"font-size: 14px\">\ud83e\udd47<\/span><\/td>\n<td style=\"border-color: #ebebeb;height: 24px;text-align: center;vertical-align: middle;width: 600px\"><span style=\"font-size: 0.9em\"><strong>SKIPPERS \/ BATEAUX<\/strong><\/span><\/td>\n<td style=\"border-color: #ebebeb;height: 24px;text-align: center;vertical-align: middle;width: 320px\"><span style=\"font-size: 0.9em\"><strong>DIS. \u00c0 L&rsquo;ARRIV\u00c9E \/ \u00c9CART<\/strong><\/span><\/td>\n<\/tr>\n<tr>\n<td style=\"border-color: #ebebeb;text-align: center;width: 80px;vertical-align: middle\"><strong><span class=\"su-label su-label-type-warning\">1.<\/span><\/strong><\/td>\n<td style=\"border-color: #ebebeb;text-align: center;vertical-align: middle;width: 600px\"><span style=\"font-size: 0.9em\"><strong>\ud83c\uddeb\ud83c\uddf7 YOANN RICHOMME<br \/>\n<\/strong><span style=\"font-size: 0.8em\">PAPREC ARK\u00c9A<\/span><\/span><\/td>\n<td style=\"border-color: #ebebeb;text-align: center;vertical-align: middle;width: 320px\"><span style=\"font-size: 0.9em\"><strong>4905.18 nm<\/strong><\/span><\/td>\n<\/tr>\n<tr>\n<td style=\"border-color: #ebebeb;text-align: center;width: 80px;vertical-align: middle\"><span style=\"font-size: 0.9em\">2.<\/span><\/td>\n<td style=\"border-color: #ebebeb;text-align: center;vertical-align: middle;width: 600px\"><span style=\"font-size: 0.9em\"><strong>\ud83c\uddeb\ud83c\uddf7 CHARLIE DALIN<br \/>\n<\/strong><span style=\"font-size: 0.8em\">MACIF SANT\u00c9 PR\u00c9VOYANCE<\/span><\/span><\/td>\n<td style=\"border-color: #ebebeb;text-align: center;vertical-align: middle;width: 320px\"><span style=\"font-size: 0.9em\"><strong>\u00e0 6.07<\/strong><\/span><span style=\"font-size: 0.9em\"><strong>\u00a0nm<\/strong><\/span><\/td>\n<\/tr>\n<tr>\n<td style=\"border-color: #ebebeb;text-align: center;width: 80px;vertical-align: middle\"><span style=\"font-size: 0.9em\">3.<\/span><\/td>\n<td style=\"border-color: #ebebeb;text-align: center;vertical-align: middle;width: 600px\"><span style=\"font-size: 0.9em\"><strong>\ud83c\uddeb\ud83c\uddf7 S\u00c9BASTIEN SIMON<br \/>\n<\/strong><span style=\"font-size: 0.8em\">GROUPE DUBREUIL<\/span><\/span><\/td>\n<td style=\"border-color: #ebebeb;text-align: center;vertical-align: middle;width: 320px\"><span style=\"font-size: 0.9em\"><strong>\u00e0 319.14<\/strong><\/span><span style=\"font-size: 0.9em\"><strong>\u00a0nm<\/strong><\/span><\/td>\n<\/tr>\n<tr>\n<td style=\"border-color: #ebebeb;text-align: center;width: 80px;vertical-align: middle\"><span style=\"font-size: 0.9em\">4.<\/span><\/td>\n<td style=\"border-color: #ebebeb;text-align: center;vertical-align: middle;width: 600px\"><span style=\"font-size: 0.9em\"><strong>\ud83c\uddeb\ud83c\uddf7 THOMAS RUYANT<br \/>\n<\/strong><span style=\"font-size: 0.8em\">VULNERABLE<\/span><\/span><\/td>\n<td style=\"border-color: #ebebeb;text-align: center;vertical-align: middle;width: 320px\"><span style=\"font-size: 0.9em\"><strong>\u00e0 1447.24<\/strong><\/span><span style=\"font-size: 0.9em\"><strong>\u00a0<\/strong><\/span><span style=\"font-size: 0.9em\"><strong>nm<\/strong><\/span><\/td>\n<\/tr>\n<tr>\n<td style=\"border-color: #ebebeb;text-align: center;width: 80px;vertical-align: middle\"><span style=\"font-size: 0.9em\">5.<\/span><\/td>\n<td style=\"border-color: #ebebeb;text-align: center;vertical-align: middle;width: 600px\"><span style=\"font-size: 0.9em\"><strong>\ud83c\uddeb\ud83c\uddf7 PAUL MEILHAT<br \/>\n<\/strong><span style=\"font-size: 0.8em\">BIOTHERM<\/span><\/span><\/td>\n<td style=\"border-color: #ebebeb;text-align: center;vertical-align: middle;width: 320px\"><span style=\"font-size: 0.9em\"><strong>\u00e0 1724.49 nm<\/strong><\/span><\/td>\n<\/tr>\n<tr>\n<td style=\"border-color: #ebebeb;text-align: center;width: 80px;vertical-align: middle\"><span style=\"font-size: 0.9em\">6.<\/span><\/td>\n<td style=\"border-color: #ebebeb;text-align: center;vertical-align: middle;width: 600px\"><span style=\"font-size: 0.9em\"><strong>\ud83c\uddeb\ud83c\uddf7 J\u00c9R\u00c9MIE BEYOU<br \/>\n<\/strong><span style=\"font-size: 0.8em\">CHARAL<\/span><\/span><\/td>\n<td style=\"border-color: #ebebeb;text-align: center;vertical-align: middle;width: 320px\"><span style=\"font-size: 0.9em\"><strong>\u00e0 1734.88<\/strong><\/span><span style=\"font-size: 0.9em\"><strong>\u00a0nm<\/strong><\/span><\/td>\n<\/tr>\n<tr>\n<td style=\"border-color: #ebebeb;text-align: center;width: 80px;vertical-align: middle\"><span style=\"font-size: 0.9em\">7.<\/span><\/td>\n<td style=\"border-color: #ebebeb;text-align: center;vertical-align: middle;width: 600px\"><span style=\"font-size: 0.9em\"><strong>\ud83c\uddeb\ud83c\uddf7 NICOLAS LUNVEN<br \/>\n<\/strong><span style=\"font-size: 0.8em\">HOLCIM &#8211; PRB<\/span><\/span><\/td>\n<td style=\"border-color: #ebebeb;text-align: center;vertical-align: middle;width: 320px\"><span style=\"font-size: 0.9em\"><strong>\u00e0 1736.49 nm<\/strong><\/span><\/td>\n<\/tr>\n<tr>\n<td style=\"border-color: #ebebeb;text-align: center;width: 80px;vertical-align: middle\"><span style=\"font-size: 0.9em\">8.<\/span><\/td>\n<td style=\"border-color: #ebebeb;text-align: center;vertical-align: middle;width: 600px\"><span style=\"font-size: 0.9em\"><strong>\ud83c\udde9\ud83c\uddea BORIS HERRMANN<br \/>\n<\/strong><span style=\"font-size: 0.8em\">MALIZIA &#8211; SEAEXPLORER<\/span><\/span><\/td>\n<td style=\"border-color: #ebebeb;text-align: center;vertical-align: middle;width: 320px\"><span style=\"font-size: 0.9em\"><strong>\u00e0 1738.44 nm<\/strong><\/span><\/td>\n<\/tr>\n<tr>\n<td style=\"border-color: #ebebeb;text-align: center;width: 80px;vertical-align: middle\"><span style=\"font-size: 0.9em\">9.<\/span><\/td>\n<td style=\"border-color: #ebebeb;text-align: center;vertical-align: middle;width: 600px\"><span style=\"font-size: 0.9em\"><strong>\ud83c\uddec\ud83c\udde7 SAM GOODCHILD<br \/>\n<\/strong><span style=\"font-size: 0.8em\">VULNERABLE<\/span><\/span><\/td>\n<td style=\"border-color: #ebebeb;text-align: center;vertical-align: middle;width: 320px\"><span style=\"font-size: 0.9em\"><strong>\u00e0 1743.72 <\/strong><\/span><span style=\"font-size: 0.9em\"><strong>nm<\/strong><\/span><\/td>\n<\/tr>\n<tr>\n<td style=\"border-color: #ebebeb;text-align: center;width: 80px;vertical-align: middle\"><span style=\"font-size: 0.9em\">10.<\/span><\/td>\n<td style=\"border-color: #ebebeb;text-align: center;vertical-align: middle;width: 600px\"><span style=\"font-size: 0.9em\"><strong>\ud83c\udde8\ud83c\udded JUSTINE METTRAUX<br \/>\n<\/strong><span style=\"font-size: 0.8em\">TEAMWORK-TEAM SNEF<\/span><\/span><\/td>\n<td style=\"border-color: #ebebeb;text-align: center;vertical-align: middle;width: 320px\"><span style=\"font-size: 0.9em\"><strong>\u00e0 1796.45 <\/strong><\/span><span style=\"font-size: 0.9em\"><strong>nm<\/strong><\/span><\/td>\n<\/tr>\n<\/tbody>\n<\/table>\n<p style=\"text-align: justify\"><\/div>\n","protected":false},"excerpt":{"rendered":"<p>VEND\u00c9E GLOBE 2024 &#8211; Yoann Richomme (Paprec Ark\u00e9a) garde les commandes du Vend\u00e9e Globe mais Charlie Dalin (MACIF Sant\u00e9 Pr\u00e9voyance) s&rsquo;accroche.<\/p>\n","protected":false},"author":1,"featured_media":534440,"comment_status":"open","ping_status":"closed","sticky":false,"template":"","format":"standard","meta":{"_acf_changed":false,"_daextam_enable_autolinks":"1","footnotes":""},"categories":[9184],"tags":[32415,16878,3094,526],"class_list":["post-542967","post","type-post","status-publish","format-standard","has-post-thumbnail","hentry","category-voile","tag-actu","tag-breve","tag-vendee-globe","tag-voile"],"acf":[],"yoast_head":"<!-- This site is optimized with the Yoast SEO Premium plugin v26.7 (Yoast SEO v26.7) - https:\/\/yoast.com\/wordpress\/plugins\/seo\/ -->\n<title>Vend\u00e9e Globe 2024 : Le classement lundi 30 d\u00e9cembre \u00e0 8h<\/title>\n<meta name=\"description\" content=\"VEND\u00c9E GLOBE 2024 - Yoann Richomme (Paprec Ark\u00e9a) garde les commandes du Vend\u00e9e Globe mais Charlie Dalin (MACIF Sant\u00e9 Pr\u00e9voyance) s&#039;accroche.\" \/>\n<meta name=\"robots\" content=\"index, follow, max-snippet:-1, max-image-preview:large, max-video-preview:-1\" \/>\n<link rel=\"canonical\" href=\"https:\/\/dicodusport.fr\/blog\/vendee-globe-2024-le-classement-lundi-30-decembre-a-8h\/\" \/>\n<meta property=\"og:locale\" content=\"fr_FR\" \/>\n<meta property=\"og:type\" content=\"article\" \/>\n<meta property=\"og:title\" content=\"Vend\u00e9e Globe 2024 : Le classement lundi 30 d\u00e9cembre \u00e0 8h\" \/>\n<meta property=\"og:description\" content=\"VEND\u00c9E GLOBE 2024 - Yoann Richomme (Paprec Ark\u00e9a) garde les commandes du Vend\u00e9e Globe mais Charlie Dalin (MACIF Sant\u00e9 Pr\u00e9voyance) s&#039;accroche.\" \/>\n<meta property=\"og:url\" content=\"https:\/\/dicodusport.fr\/blog\/vendee-globe-2024-le-classement-lundi-30-decembre-a-8h\/\" \/>\n<meta property=\"og:site_name\" content=\"Dicodusport\" \/>\n<meta property=\"article:publisher\" content=\"https:\/\/www.facebook.com\/dicodusport\" \/>\n<meta property=\"article:author\" content=\"https:\/\/www.facebook.com\/dicodusport\" \/>\n<meta property=\"article:published_time\" content=\"2024-12-30T07:24:17+00:00\" \/>\n<meta property=\"article:modified_time\" content=\"2024-12-30T07:30:22+00:00\" \/>\n<meta property=\"og:image\" content=\"https:\/\/dicodusport.fr\/blog\/wp-content\/uploads\/2024\/11\/Vendee-Globe-2024-Le-classement-ce-vendredi-22-novembre-a-15h.png\" \/>\n\t<meta property=\"og:image:width\" content=\"1200\" \/>\n\t<meta property=\"og:image:height\" content=\"674\" \/>\n\t<meta property=\"og:image:type\" content=\"image\/png\" \/>\n<meta name=\"author\" content=\"Nicolas Jacquemard\" \/>\n<meta name=\"twitter:card\" content=\"summary_large_image\" \/>\n<meta name=\"twitter:title\" content=\"Vend\u00e9e Globe 2024 : Le classement lundi 30 d\u00e9cembre \u00e0 8h\" \/>\n<meta name=\"twitter:creator\" content=\"@https:\/\/twitter.com\/Nico_Jacquemard\" \/>\n<meta name=\"twitter:site\" content=\"@dicodusport\" \/>\n<script type=\"application\/ld+json\" class=\"yoast-schema-graph\">{\"@context\":\"https:\/\/schema.org\",\"@graph\":[{\"@type\":\"NewsArticle\",\"@id\":\"https:\/\/dicodusport.fr\/blog\/vendee-globe-2024-le-classement-lundi-30-decembre-a-8h\/#article\",\"isPartOf\":{\"@id\":\"https:\/\/dicodusport.fr\/blog\/vendee-globe-2024-le-classement-lundi-30-decembre-a-8h\/\"},\"author\":{\"name\":\"Nicolas Jacquemard\",\"@id\":\"https:\/\/dicodusport.fr\/blog\/#\/schema\/person\/55dcb50ad410894e431ed812bbb70191\"},\"headline\":\"Vend\u00e9e Globe 2024 : Le classement lundi 30 d\u00e9cembre \u00e0 8h\",\"datePublished\":\"2024-12-30T07:24:17+00:00\",\"dateModified\":\"2024-12-30T07:30:22+00:00\",\"mainEntityOfPage\":{\"@id\":\"https:\/\/dicodusport.fr\/blog\/vendee-globe-2024-le-classement-lundi-30-decembre-a-8h\/\"},\"wordCount\":327,\"commentCount\":0,\"publisher\":{\"@id\":\"https:\/\/dicodusport.fr\/blog\/#organization\"},\"image\":{\"@id\":\"https:\/\/dicodusport.fr\/blog\/vendee-globe-2024-le-classement-lundi-30-decembre-a-8h\/#primaryimage\"},\"thumbnailUrl\":\"https:\/\/dicodusport.fr\/blog\/wp-content\/uploads\/2024\/11\/Vendee-Globe-2024-Le-classement-ce-vendredi-22-novembre-a-15h.png\",\"keywords\":[\"actu\",\"br\u00e8ve\",\"Vend\u00e9e Globe\",\"Voile\"],\"articleSection\":[\"Voile\"],\"inLanguage\":\"fr-FR\",\"potentialAction\":[{\"@type\":\"CommentAction\",\"name\":\"Comment\",\"target\":[\"https:\/\/dicodusport.fr\/blog\/vendee-globe-2024-le-classement-lundi-30-decembre-a-8h\/#respond\"]}],\"copyrightYear\":\"2024\",\"copyrightHolder\":{\"@id\":\"https:\/\/dicodusport.fr\/blog\/#organization\"}},{\"@type\":\"WebPage\",\"@id\":\"https:\/\/dicodusport.fr\/blog\/vendee-globe-2024-le-classement-lundi-30-decembre-a-8h\/\",\"url\":\"https:\/\/dicodusport.fr\/blog\/vendee-globe-2024-le-classement-lundi-30-decembre-a-8h\/\",\"name\":\"Vend\u00e9e Globe 2024 : Le classement lundi 30 d\u00e9cembre \u00e0 8h\",\"isPartOf\":{\"@id\":\"https:\/\/dicodusport.fr\/blog\/#website\"},\"primaryImageOfPage\":{\"@id\":\"https:\/\/dicodusport.fr\/blog\/vendee-globe-2024-le-classement-lundi-30-decembre-a-8h\/#primaryimage\"},\"image\":{\"@id\":\"https:\/\/dicodusport.fr\/blog\/vendee-globe-2024-le-classement-lundi-30-decembre-a-8h\/#primaryimage\"},\"thumbnailUrl\":\"https:\/\/dicodusport.fr\/blog\/wp-content\/uploads\/2024\/11\/Vendee-Globe-2024-Le-classement-ce-vendredi-22-novembre-a-15h.png\",\"datePublished\":\"2024-12-30T07:24:17+00:00\",\"dateModified\":\"2024-12-30T07:30:22+00:00\",\"description\":\"VEND\u00c9E GLOBE 2024 - Yoann Richomme (Paprec Ark\u00e9a) garde les commandes du Vend\u00e9e Globe mais Charlie Dalin (MACIF Sant\u00e9 Pr\u00e9voyance) s'accroche.\",\"breadcrumb\":{\"@id\":\"https:\/\/dicodusport.fr\/blog\/vendee-globe-2024-le-classement-lundi-30-decembre-a-8h\/#breadcrumb\"},\"inLanguage\":\"fr-FR\",\"potentialAction\":[{\"@type\":\"ReadAction\",\"target\":[\"https:\/\/dicodusport.fr\/blog\/vendee-globe-2024-le-classement-lundi-30-decembre-a-8h\/\"]}]},{\"@type\":\"ImageObject\",\"inLanguage\":\"fr-FR\",\"@id\":\"https:\/\/dicodusport.fr\/blog\/vendee-globe-2024-le-classement-lundi-30-decembre-a-8h\/#primaryimage\",\"url\":\"https:\/\/dicodusport.fr\/blog\/wp-content\/uploads\/2024\/11\/Vendee-Globe-2024-Le-classement-ce-vendredi-22-novembre-a-15h.png\",\"contentUrl\":\"https:\/\/dicodusport.fr\/blog\/wp-content\/uploads\/2024\/11\/Vendee-Globe-2024-Le-classement-ce-vendredi-22-novembre-a-15h.png\",\"width\":1200,\"height\":674},{\"@type\":\"BreadcrumbList\",\"@id\":\"https:\/\/dicodusport.fr\/blog\/vendee-globe-2024-le-classement-lundi-30-decembre-a-8h\/#breadcrumb\",\"itemListElement\":[{\"@type\":\"ListItem\",\"position\":1,\"name\":\"Accueil\",\"item\":\"https:\/\/dicodusport.fr\/blog\/\"},{\"@type\":\"ListItem\",\"position\":2,\"name\":\"Vend\u00e9e Globe 2024 : Le classement lundi 30 d\u00e9cembre \u00e0 8h\"}]},{\"@type\":\"WebSite\",\"@id\":\"https:\/\/dicodusport.fr\/blog\/#website\",\"url\":\"https:\/\/dicodusport.fr\/blog\/\",\"name\":\"Dicodusport\",\"description\":\"L&#039;encyclop\u00e9die de l&#039;actualit\u00e9 sportive\",\"publisher\":{\"@id\":\"https:\/\/dicodusport.fr\/blog\/#organization\"},\"potentialAction\":[{\"@type\":\"SearchAction\",\"target\":{\"@type\":\"EntryPoint\",\"urlTemplate\":\"https:\/\/dicodusport.fr\/blog\/?s={search_term_string}\"},\"query-input\":{\"@type\":\"PropertyValueSpecification\",\"valueRequired\":true,\"valueName\":\"search_term_string\"}}],\"inLanguage\":\"fr-FR\"},{\"@type\":\"NewsMediaOrganization\",\"@id\":\"https:\/\/dicodusport.fr\/blog\/#organization\",\"name\":\"Dicodusport\",\"url\":\"https:\/\/dicodusport.fr\/blog\/\",\"logo\":{\"@type\":\"ImageObject\",\"inLanguage\":\"fr-FR\",\"@id\":\"https:\/\/dicodusport.fr\/blog\/#\/schema\/logo\/image\/\",\"url\":\"https:\/\/dicodusport.fr\/blog\/wp-content\/uploads\/2020\/06\/cropped-LOGO-DICODUSPORT-2020-SANS-FOND-SANS-TEXTE.png\",\"contentUrl\":\"https:\/\/dicodusport.fr\/blog\/wp-content\/uploads\/2020\/06\/cropped-LOGO-DICODUSPORT-2020-SANS-FOND-SANS-TEXTE.png\",\"width\":512,\"height\":512,\"caption\":\"Dicodusport\"},\"image\":{\"@id\":\"https:\/\/dicodusport.fr\/blog\/#\/schema\/logo\/image\/\"},\"sameAs\":[\"https:\/\/www.facebook.com\/dicodusport\",\"https:\/\/x.com\/dicodusport\",\"https:\/\/www.instagram.com\/dicodusport\/\",\"https:\/\/www.youtube.com\/channel\/UC7V2KZ5sd3htJivAbA4ZG3w\"],\"description\":\"Dicodusport est l'encyclop\u00e9die de l'actualit\u00e9 sportive.\",\"email\":\"bonjour@dicodusport.fr\",\"legalName\":\"DICODUSPORT\",\"foundingDate\":\"2018-01-14\",\"vatID\":\"FR71834470973\",\"taxID\":\"83447097300043\",\"numberOfEmployees\":{\"@type\":\"QuantitativeValue\",\"minValue\":\"1\",\"maxValue\":\"10\"}},{\"@type\":\"Person\",\"@id\":\"https:\/\/dicodusport.fr\/blog\/#\/schema\/person\/55dcb50ad410894e431ed812bbb70191\",\"name\":\"Nicolas Jacquemard\",\"image\":{\"@type\":\"ImageObject\",\"inLanguage\":\"fr-FR\",\"@id\":\"https:\/\/dicodusport.fr\/blog\/#\/schema\/person\/image\/\",\"url\":\"https:\/\/dicodusport.fr\/blog\/wp-content\/uploads\/2021\/05\/Nicolas-Jacquemard-150x150.jpeg\",\"contentUrl\":\"https:\/\/dicodusport.fr\/blog\/wp-content\/uploads\/2021\/05\/Nicolas-Jacquemard-150x150.jpeg\",\"caption\":\"Nicolas Jacquemard\"},\"description\":\"Passionn\u00e9 de sport et entrepreneur depuis mes 18 ans, la cr\u00e9ation de Dicodusport m'a sembl\u00e9 \u00e9vidente pour participer \u00e0 la m\u00e9diatisation d'un plus grand nombre de sports. Le chemin est long mais avec une \u00e9quipe des plus motiv\u00e9es et les Jeux Olympiques de Paris 2024 en point de mire, nous y arriverons ! Journaliste dans le monde du sport depuis plus de 5 ans, je traite aussi bien de football, de rugby, de biathlon que de cyclisme.\",\"sameAs\":[\"https:\/\/www.facebook.com\/dicodusport\",\"https:\/\/x.com\/https:\/\/twitter.com\/Nico_Jacquemard\"],\"url\":\"https:\/\/dicodusport.fr\/blog\/author\/dicodusport\/\"}]}<\/script>\n<!-- \/ Yoast SEO Premium plugin. -->","yoast_head_json":{"title":"Vend\u00e9e Globe 2024 : Le classement lundi 30 d\u00e9cembre \u00e0 8h","description":"VEND\u00c9E GLOBE 2024 - Yoann Richomme (Paprec Ark\u00e9a) garde les commandes du Vend\u00e9e Globe mais Charlie Dalin (MACIF Sant\u00e9 Pr\u00e9voyance) s'accroche.","robots":{"index":"index","follow":"follow","max-snippet":"max-snippet:-1","max-image-preview":"max-image-preview:large","max-video-preview":"max-video-preview:-1"},"canonical":"https:\/\/dicodusport.fr\/blog\/vendee-globe-2024-le-classement-lundi-30-decembre-a-8h\/","og_locale":"fr_FR","og_type":"article","og_title":"Vend\u00e9e Globe 2024 : Le classement lundi 30 d\u00e9cembre \u00e0 8h","og_description":"VEND\u00c9E GLOBE 2024 - Yoann Richomme (Paprec Ark\u00e9a) garde les commandes du Vend\u00e9e Globe mais Charlie Dalin (MACIF Sant\u00e9 Pr\u00e9voyance) s'accroche.","og_url":"https:\/\/dicodusport.fr\/blog\/vendee-globe-2024-le-classement-lundi-30-decembre-a-8h\/","og_site_name":"Dicodusport","article_publisher":"https:\/\/www.facebook.com\/dicodusport","article_author":"https:\/\/www.facebook.com\/dicodusport","article_published_time":"2024-12-30T07:24:17+00:00","article_modified_time":"2024-12-30T07:30:22+00:00","og_image":[{"width":1200,"height":674,"url":"https:\/\/dicodusport.fr\/blog\/wp-content\/uploads\/2024\/11\/Vendee-Globe-2024-Le-classement-ce-vendredi-22-novembre-a-15h.png","type":"image\/png"}],"author":"Nicolas Jacquemard","twitter_card":"summary_large_image","twitter_title":"Vend\u00e9e Globe 2024 : Le classement lundi 30 d\u00e9cembre \u00e0 8h","twitter_creator":"@https:\/\/twitter.com\/Nico_Jacquemard","twitter_site":"@dicodusport","schema":{"@context":"https:\/\/schema.org","@graph":[{"@type":"NewsArticle","@id":"https:\/\/dicodusport.fr\/blog\/vendee-globe-2024-le-classement-lundi-30-decembre-a-8h\/#article","isPartOf":{"@id":"https:\/\/dicodusport.fr\/blog\/vendee-globe-2024-le-classement-lundi-30-decembre-a-8h\/"},"author":{"name":"Nicolas Jacquemard","@id":"https:\/\/dicodusport.fr\/blog\/#\/schema\/person\/55dcb50ad410894e431ed812bbb70191"},"headline":"Vend\u00e9e Globe 2024 : Le classement lundi 30 d\u00e9cembre \u00e0 8h","datePublished":"2024-12-30T07:24:17+00:00","dateModified":"2024-12-30T07:30:22+00:00","mainEntityOfPage":{"@id":"https:\/\/dicodusport.fr\/blog\/vendee-globe-2024-le-classement-lundi-30-decembre-a-8h\/"},"wordCount":327,"commentCount":0,"publisher":{"@id":"https:\/\/dicodusport.fr\/blog\/#organization"},"image":{"@id":"https:\/\/dicodusport.fr\/blog\/vendee-globe-2024-le-classement-lundi-30-decembre-a-8h\/#primaryimage"},"thumbnailUrl":"https:\/\/dicodusport.fr\/blog\/wp-content\/uploads\/2024\/11\/Vendee-Globe-2024-Le-classement-ce-vendredi-22-novembre-a-15h.png","keywords":["actu","br\u00e8ve","Vend\u00e9e Globe","Voile"],"articleSection":["Voile"],"inLanguage":"fr-FR","potentialAction":[{"@type":"CommentAction","name":"Comment","target":["https:\/\/dicodusport.fr\/blog\/vendee-globe-2024-le-classement-lundi-30-decembre-a-8h\/#respond"]}],"copyrightYear":"2024","copyrightHolder":{"@id":"https:\/\/dicodusport.fr\/blog\/#organization"}},{"@type":"WebPage","@id":"https:\/\/dicodusport.fr\/blog\/vendee-globe-2024-le-classement-lundi-30-decembre-a-8h\/","url":"https:\/\/dicodusport.fr\/blog\/vendee-globe-2024-le-classement-lundi-30-decembre-a-8h\/","name":"Vend\u00e9e Globe 2024 : Le classement lundi 30 d\u00e9cembre \u00e0 8h","isPartOf":{"@id":"https:\/\/dicodusport.fr\/blog\/#website"},"primaryImageOfPage":{"@id":"https:\/\/dicodusport.fr\/blog\/vendee-globe-2024-le-classement-lundi-30-decembre-a-8h\/#primaryimage"},"image":{"@id":"https:\/\/dicodusport.fr\/blog\/vendee-globe-2024-le-classement-lundi-30-decembre-a-8h\/#primaryimage"},"thumbnailUrl":"https:\/\/dicodusport.fr\/blog\/wp-content\/uploads\/2024\/11\/Vendee-Globe-2024-Le-classement-ce-vendredi-22-novembre-a-15h.png","datePublished":"2024-12-30T07:24:17+00:00","dateModified":"2024-12-30T07:30:22+00:00","description":"VEND\u00c9E GLOBE 2024 - Yoann Richomme (Paprec Ark\u00e9a) garde les commandes du Vend\u00e9e Globe mais Charlie Dalin (MACIF Sant\u00e9 Pr\u00e9voyance) s'accroche.","breadcrumb":{"@id":"https:\/\/dicodusport.fr\/blog\/vendee-globe-2024-le-classement-lundi-30-decembre-a-8h\/#breadcrumb"},"inLanguage":"fr-FR","potentialAction":[{"@type":"ReadAction","target":["https:\/\/dicodusport.fr\/blog\/vendee-globe-2024-le-classement-lundi-30-decembre-a-8h\/"]}]},{"@type":"ImageObject","inLanguage":"fr-FR","@id":"https:\/\/dicodusport.fr\/blog\/vendee-globe-2024-le-classement-lundi-30-decembre-a-8h\/#primaryimage","url":"https:\/\/dicodusport.fr\/blog\/wp-content\/uploads\/2024\/11\/Vendee-Globe-2024-Le-classement-ce-vendredi-22-novembre-a-15h.png","contentUrl":"https:\/\/dicodusport.fr\/blog\/wp-content\/uploads\/2024\/11\/Vendee-Globe-2024-Le-classement-ce-vendredi-22-novembre-a-15h.png","width":1200,"height":674},{"@type":"BreadcrumbList","@id":"https:\/\/dicodusport.fr\/blog\/vendee-globe-2024-le-classement-lundi-30-decembre-a-8h\/#breadcrumb","itemListElement":[{"@type":"ListItem","position":1,"name":"Accueil","item":"https:\/\/dicodusport.fr\/blog\/"},{"@type":"ListItem","position":2,"name":"Vend\u00e9e Globe 2024 : Le classement lundi 30 d\u00e9cembre \u00e0 8h"}]},{"@type":"WebSite","@id":"https:\/\/dicodusport.fr\/blog\/#website","url":"https:\/\/dicodusport.fr\/blog\/","name":"Dicodusport","description":"L&#039;encyclop\u00e9die de l&#039;actualit\u00e9 sportive","publisher":{"@id":"https:\/\/dicodusport.fr\/blog\/#organization"},"potentialAction":[{"@type":"SearchAction","target":{"@type":"EntryPoint","urlTemplate":"https:\/\/dicodusport.fr\/blog\/?s={search_term_string}"},"query-input":{"@type":"PropertyValueSpecification","valueRequired":true,"valueName":"search_term_string"}}],"inLanguage":"fr-FR"},{"@type":"NewsMediaOrganization","@id":"https:\/\/dicodusport.fr\/blog\/#organization","name":"Dicodusport","url":"https:\/\/dicodusport.fr\/blog\/","logo":{"@type":"ImageObject","inLanguage":"fr-FR","@id":"https:\/\/dicodusport.fr\/blog\/#\/schema\/logo\/image\/","url":"https:\/\/dicodusport.fr\/blog\/wp-content\/uploads\/2020\/06\/cropped-LOGO-DICODUSPORT-2020-SANS-FOND-SANS-TEXTE.png","contentUrl":"https:\/\/dicodusport.fr\/blog\/wp-content\/uploads\/2020\/06\/cropped-LOGO-DICODUSPORT-2020-SANS-FOND-SANS-TEXTE.png","width":512,"height":512,"caption":"Dicodusport"},"image":{"@id":"https:\/\/dicodusport.fr\/blog\/#\/schema\/logo\/image\/"},"sameAs":["https:\/\/www.facebook.com\/dicodusport","https:\/\/x.com\/dicodusport","https:\/\/www.instagram.com\/dicodusport\/","https:\/\/www.youtube.com\/channel\/UC7V2KZ5sd3htJivAbA4ZG3w"],"description":"Dicodusport est l'encyclop\u00e9die de l'actualit\u00e9 sportive.","email":"bonjour@dicodusport.fr","legalName":"DICODUSPORT","foundingDate":"2018-01-14","vatID":"FR71834470973","taxID":"83447097300043","numberOfEmployees":{"@type":"QuantitativeValue","minValue":"1","maxValue":"10"}},{"@type":"Person","@id":"https:\/\/dicodusport.fr\/blog\/#\/schema\/person\/55dcb50ad410894e431ed812bbb70191","name":"Nicolas Jacquemard","image":{"@type":"ImageObject","inLanguage":"fr-FR","@id":"https:\/\/dicodusport.fr\/blog\/#\/schema\/person\/image\/","url":"https:\/\/dicodusport.fr\/blog\/wp-content\/uploads\/2021\/05\/Nicolas-Jacquemard-150x150.jpeg","contentUrl":"https:\/\/dicodusport.fr\/blog\/wp-content\/uploads\/2021\/05\/Nicolas-Jacquemard-150x150.jpeg","caption":"Nicolas Jacquemard"},"description":"Passionn\u00e9 de sport et entrepreneur depuis mes 18 ans, la cr\u00e9ation de Dicodusport m'a sembl\u00e9 \u00e9vidente pour participer \u00e0 la m\u00e9diatisation d'un plus grand nombre de sports. Le chemin est long mais avec une \u00e9quipe des plus motiv\u00e9es et les Jeux Olympiques de Paris 2024 en point de mire, nous y arriverons ! Journaliste dans le monde du sport depuis plus de 5 ans, je traite aussi bien de football, de rugby, de biathlon que de cyclisme.","sameAs":["https:\/\/www.facebook.com\/dicodusport","https:\/\/x.com\/https:\/\/twitter.com\/Nico_Jacquemard"],"url":"https:\/\/dicodusport.fr\/blog\/author\/dicodusport\/"}]}},"_links":{"self":[{"href":"https:\/\/dicodusport.fr\/blog\/wp-json\/wp\/v2\/posts\/542967","targetHints":{"allow":["GET"]}}],"collection":[{"href":"https:\/\/dicodusport.fr\/blog\/wp-json\/wp\/v2\/posts"}],"about":[{"href":"https:\/\/dicodusport.fr\/blog\/wp-json\/wp\/v2\/types\/post"}],"author":[{"embeddable":true,"href":"https:\/\/dicodusport.fr\/blog\/wp-json\/wp\/v2\/users\/1"}],"replies":[{"embeddable":true,"href":"https:\/\/dicodusport.fr\/blog\/wp-json\/wp\/v2\/comments?post=542967"}],"version-history":[{"count":2,"href":"https:\/\/dicodusport.fr\/blog\/wp-json\/wp\/v2\/posts\/542967\/revisions"}],"predecessor-version":[{"id":542972,"href":"https:\/\/dicodusport.fr\/blog\/wp-json\/wp\/v2\/posts\/542967\/revisions\/542972"}],"wp:featuredmedia":[{"embeddable":true,"href":"https:\/\/dicodusport.fr\/blog\/wp-json\/wp\/v2\/media\/534440"}],"wp:attachment":[{"href":"https:\/\/dicodusport.fr\/blog\/wp-json\/wp\/v2\/media?parent=542967"}],"wp:term":[{"taxonomy":"category","embeddable":true,"href":"https:\/\/dicodusport.fr\/blog\/wp-json\/wp\/v2\/categories?post=542967"},{"taxonomy":"post_tag","embeddable":true,"href":"https:\/\/dicodusport.fr\/blog\/wp-json\/wp\/v2\/tags?post=542967"}],"curies":[{"name":"wp","href":"https:\/\/api.w.org\/{rel}","templated":true}]}}