{"id":543054,"date":"2024-12-30T17:35:44","date_gmt":"2024-12-30T16:35:44","guid":{"rendered":"https:\/\/dicodusport.fr\/blog\/?p=543054&#038;preview=true&#038;preview_id=543054"},"modified":"2024-12-30T17:55:36","modified_gmt":"2024-12-30T16:55:36","slug":"transferts-lyon-lens-veut-signer-gift-orban","status":"publish","type":"post","link":"https:\/\/dicodusport.fr\/blog\/transferts-lyon-lens-veut-signer-gift-orban\/","title":{"rendered":"Transferts Lyon : Lens veut signer Gift Orban"},"content":{"rendered":"<h4 style=\"text-align: justify;\"><em>LIGUE 1 2024\/2025 &#8211; Selon <a href=\"https:\/\/www.lequipe.fr\/Football\/Actualites\/Mercato-lens-fait-une-offre-pour-l-attaquant-lyonnais-gift-orban\/1529320\">L&rsquo;\u00c9quipe<\/a>, le RC Lens a transmis une offre \u00e0 l&rsquo;Olympique Lyonnais pour recruter Gift Orban (22 ans).<\/em><\/h4>\n<p style=\"text-align: justify;\">L&rsquo;<strong>Olympique Lyonnais<\/strong> doit vendre des joueurs cet hiver pour entrer ans les clous au niveau de la DNCG et \u00e9viter une r\u00e9trogradation. <strong>Anthony<\/strong> <strong>Lopes<\/strong>, qui ne joue plus depuis le d\u00e9but de la saison et l&rsquo;av\u00e8nement de <strong>Lucas<\/strong> <strong>Perri<\/strong>, est sur le d\u00e9part. Il devrait rebondir au <strong>FC<\/strong> <strong>Nantes<\/strong>, mais\u00a0d&rsquo;autres joueurs devraient quitter le navire.<\/p>\n<ul style=\"text-align: justify;\">\n<li><strong>\u00c0 ce sujet &#8211; <a href=\"https:\/\/dicodusport.fr\/blog\/transferts-psg-un-international-colombien-en-approche-randal-kolo-muani-sur-le-depart\/\">Transferts PSG : Un international colombien en approche, Randal Kolo Muani sur le d\u00e9part<\/a><\/strong><\/li>\n<\/ul>\n<h2 style=\"text-align: justify;\">Gift Orban \u00e0 Lens ?<\/h2>\n<p style=\"text-align: justify;\">Autre pr\u00e9tendant au d\u00e9part, le Nig\u00e9rian <strong>Gift<\/strong> <strong>Orban<\/strong>, qui est arriv\u00e9 il y a un an dans le <strong>Rh\u00f4ne<\/strong>. L&rsquo;attaquant n&rsquo;a jamais r\u00e9ussi \u00e0 s&rsquo;imposer \u00e0 la pointe de l&rsquo;attaque et poss\u00e8de encore une belle cote sur le march\u00e9. R\u00e9cemment, <strong>Hoffenheim<\/strong> a transmis une offre de 10 millions d&rsquo;euros \u00e0 Lyon, mais c&rsquo;est un peu moins que les 12 millions r\u00e9clam\u00e9s.<\/p>\n<ul style=\"text-align: justify;\">\n<li><strong>\u00c0 ce sujet &#8211;\u00a0<a href=\"https:\/\/dicodusport.fr\/blog\/classement-ligue-1-2024-2025\/\">Le classement de Ligue 1 2024\/2025<\/a><\/strong><\/li>\n<\/ul>\n<p style=\"text-align: justify;\">Le <strong>RC Lens<\/strong> a aussi transmis une offre pour recruter <strong>Gift<\/strong> <strong>Orban<\/strong>, mais\u00a0le montant de cette premi\u00e8re approche serait loin des demandes lyonnaises. Les <em>Sang et Or<\/em> vont donc devoir revoir leur copie s&rsquo;ils veulent finaliser le dossier. Le Nig\u00e9rian ne devrait plus \u00eatre \u00e0 l&rsquo;Olympique Lyonnais la saison prochaine mais sa destination reste incertaine.<\/p>\n","protected":false},"excerpt":{"rendered":"<p>LIGUE 1 2024\/2025 &#8211; Selon L&rsquo;\u00c9quipe, le RC Lens a transmis une offre \u00e0 l&rsquo;Olympique Lyonnais pour recruter Gift Orban (22 ans).<\/p>\n","protected":false},"author":1,"featured_media":543058,"comment_status":"open","ping_status":"closed","sticky":false,"template":"","format":"standard","meta":{"_acf_changed":false,"_daextam_enable_autolinks":"1","footnotes":""},"categories":[2301,47045],"tags":[32415,16878,75,14093,1146,43686],"class_list":["post-543054","post","type-post","status-publish","format-standard","has-post-thumbnail","hentry","category-football","category-ligue-1","tag-actu","tag-breve","tag-football","tag-mercato-football","tag-olympique-lyonnais","tag-transferts-ol"],"acf":[],"yoast_head":"<!-- This site is optimized with the Yoast SEO Premium plugin v26.7 (Yoast SEO v26.7) - https:\/\/yoast.com\/wordpress\/plugins\/seo\/ -->\n<title>Transferts Lyon : Lens veut signer Gift Orban<\/title>\n<meta name=\"description\" content=\"LIGUE 1 2024\/2025 - Selon L&#039;\u00c9quipe, le RC Lens a transmis une offre \u00e0 l&#039;Olympique Lyonnais pour recruter Gift Orban (22 ans).\" \/>\n<meta name=\"robots\" content=\"index, follow, max-snippet:-1, max-image-preview:large, max-video-preview:-1\" \/>\n<link rel=\"canonical\" href=\"https:\/\/dicodusport.fr\/blog\/transferts-lyon-lens-veut-signer-gift-orban\/\" \/>\n<meta property=\"og:locale\" content=\"fr_FR\" \/>\n<meta property=\"og:type\" content=\"article\" \/>\n<meta property=\"og:title\" content=\"Transferts Lyon : Lens veut signer Gift Orban\" \/>\n<meta property=\"og:description\" content=\"LIGUE 1 2024\/2025 - Selon L&#039;\u00c9quipe, le RC Lens a transmis une offre \u00e0 l&#039;Olympique Lyonnais pour recruter Gift Orban (22 ans).\" \/>\n<meta property=\"og:url\" content=\"https:\/\/dicodusport.fr\/blog\/transferts-lyon-lens-veut-signer-gift-orban\/\" \/>\n<meta property=\"og:site_name\" content=\"Dicodusport\" \/>\n<meta property=\"article:publisher\" content=\"https:\/\/www.facebook.com\/dicodusport\" \/>\n<meta property=\"article:author\" content=\"https:\/\/www.facebook.com\/dicodusport\" \/>\n<meta property=\"article:published_time\" content=\"2024-12-30T16:35:44+00:00\" \/>\n<meta property=\"article:modified_time\" content=\"2024-12-30T16:55:36+00:00\" \/>\n<meta property=\"og:image\" content=\"https:\/\/dicodusport.fr\/blog\/wp-content\/uploads\/2024\/12\/Transferts-Lyon-Lens-veut-signer-Gift-Orban.png\" \/>\n\t<meta property=\"og:image:width\" content=\"1200\" \/>\n\t<meta property=\"og:image:height\" content=\"674\" \/>\n\t<meta property=\"og:image:type\" content=\"image\/png\" \/>\n<meta name=\"author\" content=\"Nicolas Jacquemard\" \/>\n<meta name=\"twitter:card\" content=\"summary_large_image\" \/>\n<meta name=\"twitter:title\" content=\"Transferts Lyon : Lens veut signer Gift Orban\" \/>\n<meta name=\"twitter:creator\" content=\"@https:\/\/twitter.com\/Nico_Jacquemard\" \/>\n<meta name=\"twitter:site\" content=\"@dicodusport\" \/>\n<script type=\"application\/ld+json\" class=\"yoast-schema-graph\">{\"@context\":\"https:\/\/schema.org\",\"@graph\":[{\"@type\":\"NewsArticle\",\"@id\":\"https:\/\/dicodusport.fr\/blog\/transferts-lyon-lens-veut-signer-gift-orban\/#article\",\"isPartOf\":{\"@id\":\"https:\/\/dicodusport.fr\/blog\/transferts-lyon-lens-veut-signer-gift-orban\/\"},\"author\":{\"name\":\"Nicolas Jacquemard\",\"@id\":\"https:\/\/dicodusport.fr\/blog\/#\/schema\/person\/55dcb50ad410894e431ed812bbb70191\"},\"headline\":\"Transferts Lyon : Lens veut signer Gift Orban\",\"datePublished\":\"2024-12-30T16:35:44+00:00\",\"dateModified\":\"2024-12-30T16:55:36+00:00\",\"mainEntityOfPage\":{\"@id\":\"https:\/\/dicodusport.fr\/blog\/transferts-lyon-lens-veut-signer-gift-orban\/\"},\"wordCount\":247,\"commentCount\":0,\"publisher\":{\"@id\":\"https:\/\/dicodusport.fr\/blog\/#organization\"},\"image\":{\"@id\":\"https:\/\/dicodusport.fr\/blog\/transferts-lyon-lens-veut-signer-gift-orban\/#primaryimage\"},\"thumbnailUrl\":\"https:\/\/dicodusport.fr\/blog\/wp-content\/uploads\/2024\/12\/Transferts-Lyon-Lens-veut-signer-Gift-Orban.png\",\"keywords\":[\"actu\",\"br\u00e8ve\",\"Football\",\"Mercato football\",\"Olympique lyonnais\",\"Transferts OL\"],\"articleSection\":[\"Football\",\"Ligue 1\"],\"inLanguage\":\"fr-FR\",\"potentialAction\":[{\"@type\":\"CommentAction\",\"name\":\"Comment\",\"target\":[\"https:\/\/dicodusport.fr\/blog\/transferts-lyon-lens-veut-signer-gift-orban\/#respond\"]}],\"copyrightYear\":\"2024\",\"copyrightHolder\":{\"@id\":\"https:\/\/dicodusport.fr\/blog\/#organization\"}},{\"@type\":\"WebPage\",\"@id\":\"https:\/\/dicodusport.fr\/blog\/transferts-lyon-lens-veut-signer-gift-orban\/\",\"url\":\"https:\/\/dicodusport.fr\/blog\/transferts-lyon-lens-veut-signer-gift-orban\/\",\"name\":\"Transferts Lyon : Lens veut signer Gift Orban\",\"isPartOf\":{\"@id\":\"https:\/\/dicodusport.fr\/blog\/#website\"},\"primaryImageOfPage\":{\"@id\":\"https:\/\/dicodusport.fr\/blog\/transferts-lyon-lens-veut-signer-gift-orban\/#primaryimage\"},\"image\":{\"@id\":\"https:\/\/dicodusport.fr\/blog\/transferts-lyon-lens-veut-signer-gift-orban\/#primaryimage\"},\"thumbnailUrl\":\"https:\/\/dicodusport.fr\/blog\/wp-content\/uploads\/2024\/12\/Transferts-Lyon-Lens-veut-signer-Gift-Orban.png\",\"datePublished\":\"2024-12-30T16:35:44+00:00\",\"dateModified\":\"2024-12-30T16:55:36+00:00\",\"description\":\"LIGUE 1 2024\/2025 - Selon L'\u00c9quipe, le RC Lens a transmis une offre \u00e0 l'Olympique Lyonnais pour recruter Gift Orban (22 ans).\",\"breadcrumb\":{\"@id\":\"https:\/\/dicodusport.fr\/blog\/transferts-lyon-lens-veut-signer-gift-orban\/#breadcrumb\"},\"inLanguage\":\"fr-FR\",\"potentialAction\":[{\"@type\":\"ReadAction\",\"target\":[\"https:\/\/dicodusport.fr\/blog\/transferts-lyon-lens-veut-signer-gift-orban\/\"]}]},{\"@type\":\"ImageObject\",\"inLanguage\":\"fr-FR\",\"@id\":\"https:\/\/dicodusport.fr\/blog\/transferts-lyon-lens-veut-signer-gift-orban\/#primaryimage\",\"url\":\"https:\/\/dicodusport.fr\/blog\/wp-content\/uploads\/2024\/12\/Transferts-Lyon-Lens-veut-signer-Gift-Orban.png\",\"contentUrl\":\"https:\/\/dicodusport.fr\/blog\/wp-content\/uploads\/2024\/12\/Transferts-Lyon-Lens-veut-signer-Gift-Orban.png\",\"width\":1200,\"height\":674},{\"@type\":\"BreadcrumbList\",\"@id\":\"https:\/\/dicodusport.fr\/blog\/transferts-lyon-lens-veut-signer-gift-orban\/#breadcrumb\",\"itemListElement\":[{\"@type\":\"ListItem\",\"position\":1,\"name\":\"Accueil\",\"item\":\"https:\/\/dicodusport.fr\/blog\/\"},{\"@type\":\"ListItem\",\"position\":2,\"name\":\"Transferts Lyon : Lens veut signer Gift Orban\"}]},{\"@type\":\"WebSite\",\"@id\":\"https:\/\/dicodusport.fr\/blog\/#website\",\"url\":\"https:\/\/dicodusport.fr\/blog\/\",\"name\":\"Dicodusport\",\"description\":\"L&#039;encyclop\u00e9die de l&#039;actualit\u00e9 sportive\",\"publisher\":{\"@id\":\"https:\/\/dicodusport.fr\/blog\/#organization\"},\"potentialAction\":[{\"@type\":\"SearchAction\",\"target\":{\"@type\":\"EntryPoint\",\"urlTemplate\":\"https:\/\/dicodusport.fr\/blog\/?s={search_term_string}\"},\"query-input\":{\"@type\":\"PropertyValueSpecification\",\"valueRequired\":true,\"valueName\":\"search_term_string\"}}],\"inLanguage\":\"fr-FR\"},{\"@type\":\"NewsMediaOrganization\",\"@id\":\"https:\/\/dicodusport.fr\/blog\/#organization\",\"name\":\"Dicodusport\",\"url\":\"https:\/\/dicodusport.fr\/blog\/\",\"logo\":{\"@type\":\"ImageObject\",\"inLanguage\":\"fr-FR\",\"@id\":\"https:\/\/dicodusport.fr\/blog\/#\/schema\/logo\/image\/\",\"url\":\"https:\/\/dicodusport.fr\/blog\/wp-content\/uploads\/2020\/06\/cropped-LOGO-DICODUSPORT-2020-SANS-FOND-SANS-TEXTE.png\",\"contentUrl\":\"https:\/\/dicodusport.fr\/blog\/wp-content\/uploads\/2020\/06\/cropped-LOGO-DICODUSPORT-2020-SANS-FOND-SANS-TEXTE.png\",\"width\":512,\"height\":512,\"caption\":\"Dicodusport\"},\"image\":{\"@id\":\"https:\/\/dicodusport.fr\/blog\/#\/schema\/logo\/image\/\"},\"sameAs\":[\"https:\/\/www.facebook.com\/dicodusport\",\"https:\/\/x.com\/dicodusport\",\"https:\/\/www.instagram.com\/dicodusport\/\",\"https:\/\/www.youtube.com\/channel\/UC7V2KZ5sd3htJivAbA4ZG3w\"],\"description\":\"Dicodusport est l'encyclop\u00e9die de l'actualit\u00e9 sportive.\",\"email\":\"bonjour@dicodusport.fr\",\"legalName\":\"DICODUSPORT\",\"foundingDate\":\"2018-01-14\",\"vatID\":\"FR71834470973\",\"taxID\":\"83447097300043\",\"numberOfEmployees\":{\"@type\":\"QuantitativeValue\",\"minValue\":\"1\",\"maxValue\":\"10\"}},{\"@type\":\"Person\",\"@id\":\"https:\/\/dicodusport.fr\/blog\/#\/schema\/person\/55dcb50ad410894e431ed812bbb70191\",\"name\":\"Nicolas Jacquemard\",\"image\":{\"@type\":\"ImageObject\",\"inLanguage\":\"fr-FR\",\"@id\":\"https:\/\/dicodusport.fr\/blog\/#\/schema\/person\/image\/\",\"url\":\"https:\/\/dicodusport.fr\/blog\/wp-content\/uploads\/2021\/05\/Nicolas-Jacquemard-150x150.jpeg\",\"contentUrl\":\"https:\/\/dicodusport.fr\/blog\/wp-content\/uploads\/2021\/05\/Nicolas-Jacquemard-150x150.jpeg\",\"caption\":\"Nicolas Jacquemard\"},\"description\":\"Passionn\u00e9 de sport et entrepreneur depuis mes 18 ans, la cr\u00e9ation de Dicodusport m'a sembl\u00e9 \u00e9vidente pour participer \u00e0 la m\u00e9diatisation d'un plus grand nombre de sports. Le chemin est long mais avec une \u00e9quipe des plus motiv\u00e9es et les Jeux Olympiques de Paris 2024 en point de mire, nous y arriverons ! Journaliste dans le monde du sport depuis plus de 5 ans, je traite aussi bien de football, de rugby, de biathlon que de cyclisme.\",\"sameAs\":[\"https:\/\/www.facebook.com\/dicodusport\",\"https:\/\/x.com\/https:\/\/twitter.com\/Nico_Jacquemard\"],\"url\":\"https:\/\/dicodusport.fr\/blog\/author\/dicodusport\/\"}]}<\/script>\n<!-- \/ Yoast SEO Premium plugin. -->","yoast_head_json":{"title":"Transferts Lyon : Lens veut signer Gift Orban","description":"LIGUE 1 2024\/2025 - Selon L'\u00c9quipe, le RC Lens a transmis une offre \u00e0 l'Olympique Lyonnais pour recruter Gift Orban (22 ans).","robots":{"index":"index","follow":"follow","max-snippet":"max-snippet:-1","max-image-preview":"max-image-preview:large","max-video-preview":"max-video-preview:-1"},"canonical":"https:\/\/dicodusport.fr\/blog\/transferts-lyon-lens-veut-signer-gift-orban\/","og_locale":"fr_FR","og_type":"article","og_title":"Transferts Lyon : Lens veut signer Gift Orban","og_description":"LIGUE 1 2024\/2025 - Selon L'\u00c9quipe, le RC Lens a transmis une offre \u00e0 l'Olympique Lyonnais pour recruter Gift Orban (22 ans).","og_url":"https:\/\/dicodusport.fr\/blog\/transferts-lyon-lens-veut-signer-gift-orban\/","og_site_name":"Dicodusport","article_publisher":"https:\/\/www.facebook.com\/dicodusport","article_author":"https:\/\/www.facebook.com\/dicodusport","article_published_time":"2024-12-30T16:35:44+00:00","article_modified_time":"2024-12-30T16:55:36+00:00","og_image":[{"width":1200,"height":674,"url":"https:\/\/dicodusport.fr\/blog\/wp-content\/uploads\/2024\/12\/Transferts-Lyon-Lens-veut-signer-Gift-Orban.png","type":"image\/png"}],"author":"Nicolas Jacquemard","twitter_card":"summary_large_image","twitter_title":"Transferts Lyon : Lens veut signer Gift Orban","twitter_creator":"@https:\/\/twitter.com\/Nico_Jacquemard","twitter_site":"@dicodusport","schema":{"@context":"https:\/\/schema.org","@graph":[{"@type":"NewsArticle","@id":"https:\/\/dicodusport.fr\/blog\/transferts-lyon-lens-veut-signer-gift-orban\/#article","isPartOf":{"@id":"https:\/\/dicodusport.fr\/blog\/transferts-lyon-lens-veut-signer-gift-orban\/"},"author":{"name":"Nicolas Jacquemard","@id":"https:\/\/dicodusport.fr\/blog\/#\/schema\/person\/55dcb50ad410894e431ed812bbb70191"},"headline":"Transferts Lyon : Lens veut signer Gift Orban","datePublished":"2024-12-30T16:35:44+00:00","dateModified":"2024-12-30T16:55:36+00:00","mainEntityOfPage":{"@id":"https:\/\/dicodusport.fr\/blog\/transferts-lyon-lens-veut-signer-gift-orban\/"},"wordCount":247,"commentCount":0,"publisher":{"@id":"https:\/\/dicodusport.fr\/blog\/#organization"},"image":{"@id":"https:\/\/dicodusport.fr\/blog\/transferts-lyon-lens-veut-signer-gift-orban\/#primaryimage"},"thumbnailUrl":"https:\/\/dicodusport.fr\/blog\/wp-content\/uploads\/2024\/12\/Transferts-Lyon-Lens-veut-signer-Gift-Orban.png","keywords":["actu","br\u00e8ve","Football","Mercato football","Olympique lyonnais","Transferts OL"],"articleSection":["Football","Ligue 1"],"inLanguage":"fr-FR","potentialAction":[{"@type":"CommentAction","name":"Comment","target":["https:\/\/dicodusport.fr\/blog\/transferts-lyon-lens-veut-signer-gift-orban\/#respond"]}],"copyrightYear":"2024","copyrightHolder":{"@id":"https:\/\/dicodusport.fr\/blog\/#organization"}},{"@type":"WebPage","@id":"https:\/\/dicodusport.fr\/blog\/transferts-lyon-lens-veut-signer-gift-orban\/","url":"https:\/\/dicodusport.fr\/blog\/transferts-lyon-lens-veut-signer-gift-orban\/","name":"Transferts Lyon : Lens veut signer Gift Orban","isPartOf":{"@id":"https:\/\/dicodusport.fr\/blog\/#website"},"primaryImageOfPage":{"@id":"https:\/\/dicodusport.fr\/blog\/transferts-lyon-lens-veut-signer-gift-orban\/#primaryimage"},"image":{"@id":"https:\/\/dicodusport.fr\/blog\/transferts-lyon-lens-veut-signer-gift-orban\/#primaryimage"},"thumbnailUrl":"https:\/\/dicodusport.fr\/blog\/wp-content\/uploads\/2024\/12\/Transferts-Lyon-Lens-veut-signer-Gift-Orban.png","datePublished":"2024-12-30T16:35:44+00:00","dateModified":"2024-12-30T16:55:36+00:00","description":"LIGUE 1 2024\/2025 - Selon L'\u00c9quipe, le RC Lens a transmis une offre \u00e0 l'Olympique Lyonnais pour recruter Gift Orban (22 ans).","breadcrumb":{"@id":"https:\/\/dicodusport.fr\/blog\/transferts-lyon-lens-veut-signer-gift-orban\/#breadcrumb"},"inLanguage":"fr-FR","potentialAction":[{"@type":"ReadAction","target":["https:\/\/dicodusport.fr\/blog\/transferts-lyon-lens-veut-signer-gift-orban\/"]}]},{"@type":"ImageObject","inLanguage":"fr-FR","@id":"https:\/\/dicodusport.fr\/blog\/transferts-lyon-lens-veut-signer-gift-orban\/#primaryimage","url":"https:\/\/dicodusport.fr\/blog\/wp-content\/uploads\/2024\/12\/Transferts-Lyon-Lens-veut-signer-Gift-Orban.png","contentUrl":"https:\/\/dicodusport.fr\/blog\/wp-content\/uploads\/2024\/12\/Transferts-Lyon-Lens-veut-signer-Gift-Orban.png","width":1200,"height":674},{"@type":"BreadcrumbList","@id":"https:\/\/dicodusport.fr\/blog\/transferts-lyon-lens-veut-signer-gift-orban\/#breadcrumb","itemListElement":[{"@type":"ListItem","position":1,"name":"Accueil","item":"https:\/\/dicodusport.fr\/blog\/"},{"@type":"ListItem","position":2,"name":"Transferts Lyon : Lens veut signer Gift Orban"}]},{"@type":"WebSite","@id":"https:\/\/dicodusport.fr\/blog\/#website","url":"https:\/\/dicodusport.fr\/blog\/","name":"Dicodusport","description":"L&#039;encyclop\u00e9die de l&#039;actualit\u00e9 sportive","publisher":{"@id":"https:\/\/dicodusport.fr\/blog\/#organization"},"potentialAction":[{"@type":"SearchAction","target":{"@type":"EntryPoint","urlTemplate":"https:\/\/dicodusport.fr\/blog\/?s={search_term_string}"},"query-input":{"@type":"PropertyValueSpecification","valueRequired":true,"valueName":"search_term_string"}}],"inLanguage":"fr-FR"},{"@type":"NewsMediaOrganization","@id":"https:\/\/dicodusport.fr\/blog\/#organization","name":"Dicodusport","url":"https:\/\/dicodusport.fr\/blog\/","logo":{"@type":"ImageObject","inLanguage":"fr-FR","@id":"https:\/\/dicodusport.fr\/blog\/#\/schema\/logo\/image\/","url":"https:\/\/dicodusport.fr\/blog\/wp-content\/uploads\/2020\/06\/cropped-LOGO-DICODUSPORT-2020-SANS-FOND-SANS-TEXTE.png","contentUrl":"https:\/\/dicodusport.fr\/blog\/wp-content\/uploads\/2020\/06\/cropped-LOGO-DICODUSPORT-2020-SANS-FOND-SANS-TEXTE.png","width":512,"height":512,"caption":"Dicodusport"},"image":{"@id":"https:\/\/dicodusport.fr\/blog\/#\/schema\/logo\/image\/"},"sameAs":["https:\/\/www.facebook.com\/dicodusport","https:\/\/x.com\/dicodusport","https:\/\/www.instagram.com\/dicodusport\/","https:\/\/www.youtube.com\/channel\/UC7V2KZ5sd3htJivAbA4ZG3w"],"description":"Dicodusport est l'encyclop\u00e9die de l'actualit\u00e9 sportive.","email":"bonjour@dicodusport.fr","legalName":"DICODUSPORT","foundingDate":"2018-01-14","vatID":"FR71834470973","taxID":"83447097300043","numberOfEmployees":{"@type":"QuantitativeValue","minValue":"1","maxValue":"10"}},{"@type":"Person","@id":"https:\/\/dicodusport.fr\/blog\/#\/schema\/person\/55dcb50ad410894e431ed812bbb70191","name":"Nicolas Jacquemard","image":{"@type":"ImageObject","inLanguage":"fr-FR","@id":"https:\/\/dicodusport.fr\/blog\/#\/schema\/person\/image\/","url":"https:\/\/dicodusport.fr\/blog\/wp-content\/uploads\/2021\/05\/Nicolas-Jacquemard-150x150.jpeg","contentUrl":"https:\/\/dicodusport.fr\/blog\/wp-content\/uploads\/2021\/05\/Nicolas-Jacquemard-150x150.jpeg","caption":"Nicolas Jacquemard"},"description":"Passionn\u00e9 de sport et entrepreneur depuis mes 18 ans, la cr\u00e9ation de Dicodusport m'a sembl\u00e9 \u00e9vidente pour participer \u00e0 la m\u00e9diatisation d'un plus grand nombre de sports. Le chemin est long mais avec une \u00e9quipe des plus motiv\u00e9es et les Jeux Olympiques de Paris 2024 en point de mire, nous y arriverons ! Journaliste dans le monde du sport depuis plus de 5 ans, je traite aussi bien de football, de rugby, de biathlon que de cyclisme.","sameAs":["https:\/\/www.facebook.com\/dicodusport","https:\/\/x.com\/https:\/\/twitter.com\/Nico_Jacquemard"],"url":"https:\/\/dicodusport.fr\/blog\/author\/dicodusport\/"}]}},"_links":{"self":[{"href":"https:\/\/dicodusport.fr\/blog\/wp-json\/wp\/v2\/posts\/543054","targetHints":{"allow":["GET"]}}],"collection":[{"href":"https:\/\/dicodusport.fr\/blog\/wp-json\/wp\/v2\/posts"}],"about":[{"href":"https:\/\/dicodusport.fr\/blog\/wp-json\/wp\/v2\/types\/post"}],"author":[{"embeddable":true,"href":"https:\/\/dicodusport.fr\/blog\/wp-json\/wp\/v2\/users\/1"}],"replies":[{"embeddable":true,"href":"https:\/\/dicodusport.fr\/blog\/wp-json\/wp\/v2\/comments?post=543054"}],"version-history":[{"count":3,"href":"https:\/\/dicodusport.fr\/blog\/wp-json\/wp\/v2\/posts\/543054\/revisions"}],"predecessor-version":[{"id":543066,"href":"https:\/\/dicodusport.fr\/blog\/wp-json\/wp\/v2\/posts\/543054\/revisions\/543066"}],"wp:featuredmedia":[{"embeddable":true,"href":"https:\/\/dicodusport.fr\/blog\/wp-json\/wp\/v2\/media\/543058"}],"wp:attachment":[{"href":"https:\/\/dicodusport.fr\/blog\/wp-json\/wp\/v2\/media?parent=543054"}],"wp:term":[{"taxonomy":"category","embeddable":true,"href":"https:\/\/dicodusport.fr\/blog\/wp-json\/wp\/v2\/categories?post=543054"},{"taxonomy":"post_tag","embeddable":true,"href":"https:\/\/dicodusport.fr\/blog\/wp-json\/wp\/v2\/tags?post=543054"}],"curies":[{"name":"wp","href":"https:\/\/api.w.org\/{rel}","templated":true}]}}