{"id":543180,"date":"2025-01-02T10:00:32","date_gmt":"2025-01-02T09:00:32","guid":{"rendered":"https:\/\/dicodusport.fr\/blog\/?p=543180&#038;preview=true&#038;preview_id=543180"},"modified":"2025-11-20T18:15:20","modified_gmt":"2025-11-20T17:15:20","slug":"le-calendrier-2025-des-principaux-evenements-sportifs-organises-en-france","status":"publish","type":"post","link":"https:\/\/dicodusport.fr\/blog\/le-calendrier-2025-des-principaux-evenements-sportifs-organises-en-france\/","title":{"rendered":"Le calendrier 2025 des principaux \u00e9v\u00e8nements sportifs organis\u00e9s en France"},"content":{"rendered":"<h4 style=\"text-align: justify;\"><em>MULTISPORTS &#8211; Retrouvez le calendrier des principaux \u00e9v\u00e8nements sportifs organis\u00e9s en France en 2025, entre Championnats du monde et d&rsquo;Europe, manches de Coupe du monde, et diverses comp\u00e9titions bien ancr\u00e9es dans le paysage.<\/em><\/h4>\n<h2 style=\"text-align: justify;\">Escrime : Challenge Mazars de fleuret<\/h2>\n<p style=\"text-align: justify;\"><strong>Date : du 10 au 12 janvier \/ Lieu : Stade Pierre de Coubertin, 82 avenue Georges Lafont 75016 Paris<\/strong><\/p>\n<p style=\"text-align: justify;\">Manche traditionnelle de la Coupe du monde d&rsquo;escrime, le Challenge Mazars relance la saison apr\u00e8s les f\u00eates. Dernier vainqueur fran\u00e7ais en individuel en 2014, <strong>Enzo Lefort<\/strong> sera pr\u00e9sent et chef de file de la d\u00e9l\u00e9gation tricolore.<\/p>\n<h2 style=\"text-align: justify;\">NBA : San Antonio Spurs vs Indiana Pacers<\/h2>\n<p style=\"text-align: justify;\"><strong>Date : 23 et 25 janvier \/ Lieu : Accor Arena, 8 Boulevard de Bercy, 75012 Paris<\/strong><\/p>\n<p style=\"text-align: justify;\">Pour la quatri\u00e8me fois, la NBA d\u00e9barque \u00e0 Paris non pas pour un, mais pour deux matchs de saison r\u00e9guli\u00e8re. Avec cette fois les Spurs de <strong>Victor Wembanyama<\/strong> face aux Pacers, finalistes de la Conf\u00e9rence Est la saison derni\u00e8re. Incontournable.<\/p>\n<h2 style=\"text-align: justify;\">Karat\u00e9 : Premier League<\/h2>\n<p style=\"text-align: justify;\"><strong>Date : du 24 au 26 janvier \/ Lieu : Stade Pierre de Coubertin, 82 avenue Georges Lafont 75016 Paris<\/strong><\/p>\n<p style=\"text-align: justify;\">Deux semaines plus tard au m\u00eame endroit, la Premier League , comp\u00e9tition principale du karat\u00e9 apr\u00e8s les Mondiaux, et dont le coup d&rsquo;envoi est traditionnellement donn\u00e9 dans la capitale. L&rsquo;occasion de voir <a href=\"https:\/\/dicodusport.fr\/blog\/championnats-du-monde-karate-2023-steven-da-costa-arrache-une-troisieme-couronne-mondiale\/\"><strong>Steven Da Costa<\/strong><\/a> et <a href=\"https:\/\/dicodusport.fr\/blog\/championnats-du-monde-karate-2023-mehdi-filali-sur-le-toit-du-monde-en-kumite-84kg\/\"><strong>Mehdi Filali<\/strong><\/a> quelques mois avant qu&rsquo;ils ne remettent leur titre mondial en jeu.<\/p>\n<h2 style=\"text-align: justify;\">Judo : Grand Slam de Paris<\/h2>\n<p style=\"text-align: justify;\"><strong>Date : du 1er au 2 f\u00e9vrier \/ Lieu : Accor Arena, 8 Boulevard de Bercy, 75012 Paris<\/strong><\/p>\n<p style=\"text-align: justify;\">Comme tous les ans, le Grand Slam de Paris est le premier grand rendez-vous de l&rsquo;ann\u00e9e judo. Apr\u00e8s des Jeux Olympiques r\u00e9ussis, les Bleus seront attendus. Si la liste des engag\u00e9s n&rsquo;est pas encore connue, on esp\u00e8re voir <strong>Teddy Riner<\/strong>,<strong> Clarisse Agbegnenou<\/strong> et tous les meilleurs tricolores sur les tatamis.<\/p>\n<h2 style=\"text-align: justify;\">Snow Bike : Championnats du monde<\/h2>\n<p style=\"text-align: justify;\"><strong>Date : 8 f\u00e9vrier \/ Lieu : stade du Linga, 353 Route de Pr\u00e9 la Joux, 74390 Ch\u00e2tel<\/strong><\/p>\n<p style=\"text-align: justify;\">Curieuse discipline que le Snow Bike, litt\u00e9ralement du VTT sur la neige sous forme de courses comme pour le ski alpin. Mais une discipline o\u00f9 les Fran\u00e7ais sont brillants, <a href=\"https:\/\/dicodusport.fr\/blog\/uci-snow-bike-pierre-thevenard-decroche-un-deuxieme-titre-mondial-such-et-tupin-en-argent\/\"><strong>Pierre Th\u00e9venard<\/strong><\/a> et <a href=\"https:\/\/dicodusport.fr\/blog\/uci-snow-bike-morgane-such-devient-la-premiere-championne-du-monde-de-lhistoire-du-super-g\/\"><strong>Morgane Such<\/strong><\/a> \u00e9tant champions du monde en titre, et hautement spectaculaire.<\/p>\n<h2 style=\"text-align: justify;\">Natation artistique : Coupe du monde<\/h2>\n<p style=\"text-align: justify;\"><strong>Date : du 28 f\u00e9vrier au 2 mars \/ Lieu : Piscine Georges Vallerey, 148 avenue Gambetta 75020 Paris<\/strong><\/p>\n<p style=\"text-align: justify;\">La Coupe du monde de natation artistique d\u00e9butera en France cette ann\u00e9e. La France sera men\u00e9e par <strong>Eve Planeix<\/strong>, et cette \u00e9quipe, qui a termin\u00e9 quatri\u00e8me des Jeux Olympiques, sera \u00e0 suivre de pr\u00e8s.<\/p>\n<h2 style=\"text-align: justify;\">T\u00e9l\u00e9mark : Championnats du monde<\/h2>\n<p style=\"text-align: justify;\"><strong>Date : du 19 au 23 mars \/ Lieu : 604 Route des Moranches, 74170 Les Contamines-Montjoie<\/strong><\/p>\n<p style=\"text-align: justify;\">Ce n&rsquo;est pas le sport d&rsquo;hiver le plus connu, et ce n&rsquo;est pas une discipline olympique. Mais le t\u00e9l\u00e9mark pr\u00e9sente un certain classicisme et donne l&rsquo;occasion de d\u00e9couvrir un nouveau sport, avec en plus des Fran\u00e7ais au top dans cette discipline.<\/p>\n<h2 style=\"text-align: justify;\">Moto : Grand Prix de France<\/h2>\n<p style=\"text-align: justify;\"><strong>Date : du 9 au 11 mai \/ Lieu : Circuit Bugatti, 72000 Le Mans<\/strong><\/p>\n<p style=\"text-align: justify;\">De plus en plus pris\u00e9es, les comp\u00e9titions de MotoGP, Moto 2 et Moto 3 feront comme tous les ans escale au Mans pour la sixi\u00e8me manche du Championnat du monde. L&rsquo;occasion de soutenir <strong>Fabio Quartararo<\/strong> et <strong>Johann Zarco<\/strong> dans une ambiance extraordinaire.<\/p>\n<h2 style=\"text-align: justify;\">Cano\u00eb-kayak slalom : Championnats d&rsquo;Europe<\/h2>\n<p style=\"text-align: justify;\"><strong>Date : du 14 au 18 mai \/ Lieu : Stade Nautique Olympique, Route de Torcy 77360 Vaires-sur-Marne<\/strong><\/p>\n<p style=\"text-align: justify;\">L\u00e0 o\u00f9 les \u00e9preuves olympiques ont eu lieu, ce sera cette fois le tour des Championnats d&rsquo;Europe. Le champion olympique<a href=\"https:\/\/dicodusport.fr\/blog\/canoe-kayak-jo-2024-nicolas-gestin-sur-le-toit-de-l-olympe-en-c1\/\"><strong> Nicolas Gestin<\/strong><\/a>, les m\u00e9daill\u00e9s <a href=\"https:\/\/dicodusport.fr\/blog\/canoe-kayak-jo-2024-angele-hug-vice-championne-olympique\/\"><strong>Ang\u00e8le Hug<\/strong><\/a> et <a href=\"https:\/\/dicodusport.fr\/blog\/canoe-kayak-jo-2024-titouan-castryck-en-argent-en-k1-slalom\/\"><strong>Titouan Castryck<\/strong><\/a>, et tous les Bleus seront l\u00e0 pour faire une razzia \u00e0 domicile.<\/p>\n<h2 style=\"text-align: justify;\">Escrime : Challenge Monal d&rsquo;\u00e9p\u00e9e<\/h2>\n<p style=\"text-align: justify;\"><strong>Date : du 23 au 24 mai \/ Lieu : Gymnase Pierre Brossolette 94100 Saint-Maur-des-Foss\u00e9s<\/strong><\/p>\n<p style=\"text-align: justify;\">Fin des \u00e9preuves de Coupe du monde en escrime avec le traditionnel Challenge Monal, et les \u00e9p\u00e9istes hommes seront \u00e0 l&rsquo;honneur. En 2022, <a href=\"https:\/\/dicodusport.fr\/blog\/challenge-monal-2022-nelson-lopez-pourtier-simpose-en-finale\/\"><strong>Nelson Lopez Pourtier<\/strong><\/a> avait \u00e9t\u00e9 un vainqueur surprise, le dernier Fran\u00e7ais en date \u00e0 s&rsquo;imposer. Trois ans plus tard, aura-t-il un successeur ?<\/p>\n<h2 style=\"text-align: justify;\">Tennis : Internationaux de France<\/h2>\n<p style=\"text-align: justify;\"><strong>Date : du 19 mai au 8 juin \/ Lieu : Roland-Garros, 75016 Paris<\/strong><\/p>\n<p style=\"text-align: justify;\">Comme tous les ans, l&rsquo;un des quatre tournois du Grand Chelem aura lieu en France, sur la terre battue de Roland-Garros. Un rendez-vous incontournable pour les amateurs de la petite balle jaune.<\/p>\n<h2 style=\"text-align: justify;\">BMX Freestyle : Coupe du monde<\/h2>\n<p style=\"text-align: justify;\"><strong>Date : du 28 mai au 1er juin \/ Lieu : Berges du Lez 34000 Montpellier<\/strong><\/p>\n<p style=\"text-align: justify;\">Il n&rsquo;y a pas que Paris. Montpellier a son lot d&rsquo;\u00e9v\u00e8nements, notamment cette manche de la Coupe du monde de BMX Freestyle qui permettra \u00e0 un certain<strong> Anthony Jeanjean<\/strong> de briller \u00e0 domicile.<\/p>\n<h2 style=\"text-align: justify;\">VTT Descente &#8211; VTT Enduro : Coupe du monde<\/h2>\n<p style=\"text-align: justify;\"><strong>Date : du 30 mai au 1er juin \/ Lieu : Loudenvielle &#8211; Peyragudes<\/strong><\/p>\n<p style=\"text-align: justify;\">Deux disciplines du VTT dans lesquelles les Fran\u00e7ais brillent particuli\u00e8rement, entre <a href=\"https:\/\/dicodusport.fr\/blog\/vtt-descente-benoit-coulanges-lemporte-a-loudenvielle-loic-bruni-rafle-de-nouveau-le-general\/\"><strong>Lo\u00efc Bruni<\/strong><\/a>, multiple vainqueur de la Coupe du monde,<a href=\"https:\/\/dicodusport.fr\/blog\/mondiaux-vtt-2024-loris-vergier-champion-du-monde-en-descente-devant-benoit-coulanges\/\"><strong> Loris Vergier<\/strong><\/a>, champion du monde de Descente, <strong>Beno\u00eet Coulanges, Marine Cabirou, Myriam Nicole<\/strong>, ou encore <strong>Isabeau Courdurier<\/strong> et <strong>Morgane Charre<\/strong>, qui font partie du gratin de l&rsquo;Enduro. Spectacle garanti.<\/p>\n<h2 style=\"text-align: justify;\">Auto : 24 Heures du Mans<\/h2>\n<p style=\"text-align: justify;\"><strong>Date : du 11 au 15 juin \/ Lieu : Circuit Bugatti, 72000 Le Mans<\/strong><\/p>\n<p style=\"text-align: justify;\">La plus grande course d&rsquo;endurance automobile du monde f\u00eatera sa 93e \u00e9dition, avec en bonus, le retour dans la cat\u00e9gorie hypercar de constructeurs historiques tels que \u00a0Aston Martin, Alpine, BMW, Cadillac, Ferrari, Peugeot, Porsche et Toyota. \u00c0 ne pas manquer.<\/p>\n<h2 style=\"text-align: justify;\">BMX Racing : Coupe du monde (2 manches)<\/h2>\n<p style=\"text-align: justify;\"><strong>Date : du 14 au 15 juin \/ Lieu : 22 Avenue de la Camargue 84260 Sarrians<\/strong><\/p>\n<p style=\"text-align: justify;\">Direction le Vaucluse pour l&rsquo;ouverture de la Coupe du monde de BMX Racing. Deux jours, deux courses pour retrouver <strong>Joris Daudet, Sylvain Andr\u00e9<\/strong> et <strong>Romain Mahieu<\/strong>, qui avaient r\u00e9alis\u00e9 <a href=\"https:\/\/dicodusport.fr\/blog\/bmx-racing-jo-2024-triple-historique-des-francais-joris-daudet-en-or\/\">un inoubliable tripl\u00e9<\/a> lors des Jeux Olympiques dans une discipline toujours hautement spectaculaire.<\/p>\n<h2 style=\"text-align: justify;\">Para triathlon : Championnats d&rsquo;Europe<\/h2>\n<p style=\"text-align: justify;\"><strong>Date : 15 juin \/ Lieu : 14 Rue de Tr\u00e9pillot 25000 Besan\u00e7on<\/strong><\/p>\n<p style=\"text-align: justify;\">Vous avez vibr\u00e9 devant les titres paralympiques de<a href=\"https:\/\/dicodusport.fr\/blog\/triathlon-jeux-paralympiques-2024-jules-ribstein-imperial-pour-se-parer-d-or-en-pts2\/\"><strong> Jules Ribstein<\/strong><\/a> et <a href=\"https:\/\/dicodusport.fr\/blog\/triathlon-jeux-paralympiques-2024-alexis-hanquinquant-en-or-en-pts4\/\"><strong>Alexis Hanquinquant<\/strong><\/a> ? Tous les meilleurs para triathl\u00e8tes fran\u00e7ais et europ\u00e9ens seront dans le Doubs. L&rsquo;occasion peut-\u00eatre d&rsquo;une nouvelle razzia pour l&rsquo;\u00e9quipe de France.<\/p>\n<h2 style=\"text-align: justify;\">Athl\u00e9tisme : Diamond League<\/h2>\n<p style=\"text-align: justify;\"><strong>Date : 20 juin \/ Lieu : Stade Charl\u00e9ty, 99 Boulevard Kellerman, 75013 Paris<\/strong><\/p>\n<p style=\"text-align: justify;\">Paris a de nouveau droit \u00e0 sa place sur le calendrier du prestigieux circuit mondial d&rsquo;athl\u00e9tisme. Au vu du programme, on pourrait retrouver la m\u00e9daill\u00e9e olympique <strong><a href=\"https:\/\/dicodusport.fr\/blog\/athletisme-jo-2024-cyrena-samba-mayela-en-argent-sur-le-100-m-haies\/\">Cyr\u00e9na Samba-Mayela<\/a>, Alice Finot, Gabriel Tual<\/strong> ou <strong>Sasha Zhoya<\/strong>, de quoi passer une belle journ\u00e9e au rythme des performances fran\u00e7aises.<\/p>\n<h2 style=\"text-align: justify;\">Cyclisme sur route : Tour de France<\/h2>\n<p style=\"text-align: justify;\"><strong>Date : du 5 au 27 juillet \/ Lieu : partout en France<\/strong><\/p>\n<p style=\"text-align: justify;\">Comme tous les ans, l&rsquo;Hexagone accueillera la plus grande course cycliste au monde. <a href=\"https:\/\/dicodusport.fr\/blog\/tour-de-france-2024-general-et-six-etapes-succes-total-pour-tadej-pogacar\/\"><strong>Tadej Pogacar<\/strong><\/a> est le tenant du titre, et l&rsquo;on se demande qui de <strong>Jonas Vingegaard, Remco Evenepoel<\/strong> et <strong>Primoz Roglic<\/strong> viendra le d\u00e9fier. Sans oublier les Fran\u00e7ais, toujours avides de victoires d&rsquo;\u00e9tape.<\/p>\n<div class=\"vlp-link-container vlp-layout-article\"><a href=\"https:\/\/dicodusport.fr\/blog\/tour-de-france-2025-le-parcours-complet-dans-le-detail\/\" class=\"vlp-link\" title=\"Tour de France 2025 : Le parcours complet dans le d\u00e9tail\"><\/a><div class=\"vlp-layout-zone-side\"><div class=\"vlp-block-4 vlp-link-image\"><img loading=\"lazy\" decoding=\"async\" style=\"max-width: 792px;\" width=\"792\" height=\"445\" src=\"https:\/\/dicodusport.fr\/blog\/wp-content\/uploads\/2024\/10\/Tour-de-France-2025-Le-parcours-complet-dans-le-detail.png\" class=\"attachment-800x445 size-800x445\" alt=\"Tour de France 2025 : Le parcours complet dans le d\u00e9tail\" srcset=\"https:\/\/dicodusport.fr\/blog\/wp-content\/uploads\/2024\/10\/Tour-de-France-2025-Le-parcours-complet-dans-le-detail.png 1200w, https:\/\/dicodusport.fr\/blog\/wp-content\/uploads\/2024\/10\/Tour-de-France-2025-Le-parcours-complet-dans-le-detail-300x169.png 300w, https:\/\/dicodusport.fr\/blog\/wp-content\/uploads\/2024\/10\/Tour-de-France-2025-Le-parcours-complet-dans-le-detail-1024x575.png 1024w, https:\/\/dicodusport.fr\/blog\/wp-content\/uploads\/2024\/10\/Tour-de-France-2025-Le-parcours-complet-dans-le-detail-768x431.png 768w\" sizes=\"auto, (max-width: 792px) 100vw, 792px\" \/><\/div><\/div><div class=\"vlp-layout-zone-main\"><div class=\"vlp-block-0 vlp-link-title\">Tour de France 2025 : Le parcours complet dans le d\u00e9tail<\/div><div class=\"vlp-block-1 vlp-link-summary\">Le parcours complet dans le d\u00e9tail du Tour de France 2025<\/div><div class=\"vlp-block-2 vlp-link-button\">Lire l'article<\/div><div class=\"vlp-block-3 vlp-link-url\">dicodusport.fr<\/div><\/div><\/div>\n<h2 style=\"text-align: justify;\">Voile : Championnats du monde de Nacra 15<\/h2>\n<p style=\"text-align: justify;\"><strong>Date : du 5 au 12 juillet \/ Lieu : port de La Rochelle<\/strong><\/p>\n<p style=\"text-align: justify;\">Le Nacra 15 n&rsquo;est pas un bateau olympique, mais l&rsquo;an dernier, <strong>C\u00f4me Vic-Molinero<\/strong> et <strong>Fatima Tia<\/strong> ont d\u00e9croch\u00e9 une m\u00e9daille d&rsquo;argent mondiale. \u00c0 domicile, ils viseront l&rsquo;or dans un des plus beaux ports de France.<\/p>\n<h2 style=\"text-align: justify;\">Escalade : Coupe du monde (difficult\u00e9 + vitesse)<\/h2>\n<p style=\"text-align: justify;\"><strong>Date : du 11 au 13 juillet \/ Lieu : 99 Avenue de la Plage 74400 Chamonix &#8211; Mont-Blanc<\/strong><\/p>\n<p style=\"text-align: justify;\">Certes, ce ne sont pas les disciplines o\u00f9 les Bleus sont les plus \u00e0 l&rsquo;aise, le bloc ayant fourni les meilleurs r\u00e9sultats tricolores r\u00e9cemment, mais les grandes stars de la discipline comme <strong>Adam Ondra<\/strong> ou <strong>Janja Garnbret<\/strong> seront pr\u00e9sents, et \u00e7a vaut le coup d&rsquo;\u0153il dans un cadre exceptionnel.<\/p>\n<h2 style=\"text-align: justify;\">Tir sportif : Championnats d&rsquo;Europe\u00a025m \/ 50m \/ 300m \/ Shotgun \/ RT<\/h2>\n<p style=\"text-align: justify;\"><strong>Date : du 23 juillet au 7 ao\u00fbt \/ Lieu : Centre National de Tir, 127 rue Albert Buccialli, D925, 36130 D\u00e9ols<\/strong><\/p>\n<p style=\"text-align: justify;\">Apr\u00e8s les \u00e9preuves de tir sportif des Jeux Olympiques, le Centre National de Tir pr\u00e8s de Ch\u00e2teauroux va accueillir les Championnats d&rsquo;Europe. Une belle occasion de red\u00e9couvrir cette discipline et d&rsquo;encourager <a href=\"https:\/\/dicodusport.fr\/blog\/tir-jo-2024-largent-pour-camille-jedrzejewski-sur-le-tir-au-pistolet-a-25-m\/\"><strong>Camille Jedrzejewski<\/strong><\/a> et tous les meilleurs Fran\u00e7ais.<\/p>\n<h2 style=\"text-align: justify;\">Cyclisme sur route : Tour de France femmes<\/h2>\n<p style=\"text-align: justify;\"><strong>Date : du 26 juillet au 3 ao\u00fbt \/ Lieu : partout en France<\/strong><\/p>\n<p style=\"text-align: justify;\">\u00c0 la veille de l&rsquo;arriv\u00e9e du Tour de France, la version f\u00e9minine s&rsquo;\u00e9lancera de Vannes. Comme l&rsquo;an pass\u00e9, on peut s&rsquo;attendre \u00e0 une magnifique bagarre entre <a href=\"https:\/\/dicodusport.fr\/blog\/tour-de-france-femmes-2024-lalpe-dhuez-pour-demi-vollering-katarzyna-niewiadoma-conserve-son-maillot-jaune\/\"><strong>Katarzyna Niewiadoma<\/strong><\/a>, tenante du titre, et <a href=\"https:\/\/dicodusport.fr\/blog\/transferts-cyclisme-demi-vollering-sengage-officiellement-chez-fdj-suez\/\"><strong>Demi Vollering<\/strong><\/a>, d\u00e9sormais sous les couleurs de la FDJ &#8211; Suez. Mais le public fran\u00e7ais n&rsquo;aura sans doute d&rsquo;yeux que pour <strong>Pauline Ferrand-Pr\u00e9vot<\/strong>, qui fera son grand retour sur route cette saison.<\/p>\n<h2 style=\"text-align: justify;\">Surf : Tahiti Pro<\/h2>\n<p style=\"text-align: justify;\"><strong>Date : du 7 au 16 ao\u00fbt \/ Lieu : Spot de Teahupo&rsquo;o, Tahiti<\/strong><\/p>\n<p style=\"text-align: justify;\">C&rsquo;est un des rendez-vous de la saison de surf, et c&rsquo;est l\u00e0 qu&rsquo;ont eu lieu les Jeux Olympiques. Entre <a href=\"https:\/\/dicodusport.fr\/blog\/surf-vahine-fierro-remporte-une-victoire-historique-au-tahiti-pro\/\"><strong>Vahine Fierro<\/strong><\/a>, tenante du titre, le champion olympique <strong><a href=\"https:\/\/dicodusport.fr\/blog\/surf-jo-2024-kauli-vaast-champion-olympique-johanne-defay-en-bronze-a-teahupoo\/\">Kauli Vaast<\/a>, Johanne Defay<\/strong> ou<strong> Joan Duru<\/strong>, les Bleus devraient encore briller \u00e0 domicile.<\/p>\n<h2 style=\"text-align: justify;\">Squash : Championnats d&rsquo;Europe individuels<\/h2>\n<p style=\"text-align: justify;\"><strong>Date : du 20 au 23 ao\u00fbt \/ Lieu : 12 avenue Fran\u00e7ois Mitterand 28000 Chartres<\/strong><\/p>\n<p style=\"text-align: justify;\">Le squash fran\u00e7ais fait partie du gratin europ\u00e9en (et mondial) depuis une vingtaine d&rsquo;ann\u00e9es. Pour preuve,<a href=\"https:\/\/dicodusport.fr\/blog\/squash-victor-crouin-de-nouveau-sacre-champion-deurope-melissa-alves-battue-en-finale\/\"><strong> Victor Crouin<\/strong><\/a> est double champion d&rsquo;Europe en titre, alors que <strong>M\u00e9lissa Alves<\/strong> s&rsquo;est hiss\u00e9e en finale l&rsquo;an dernier. Les Bleus seront parmi les favoris \u00e0 domicile, l&rsquo;occasion de d\u00e9couvrir ce sport qui sera olympique \u00e0 Los Angeles.<\/p>\n<h2 style=\"text-align: justify;\">VTT Cross-Country &#8211; VTT Descente &#8211; VTT Enduro : Coupe du monde<\/h2>\n<p style=\"text-align: justify;\"><strong>Date : du 21 au 31 ao\u00fbt \/ Lieu : Les Portes du Soleil 74390 Ch\u00e2tel<\/strong><\/p>\n<p style=\"text-align: justify;\">Rebelote apr\u00e8s la manche pyr\u00e9n\u00e9enne de juin, sauf qu&rsquo;en plus de la Descente et de l&rsquo;Enduro, les \u00e9preuves de cross-country seront au programme. Plus de <strong>Pauline Ferrand-Pr\u00e9vot<\/strong>, revenue sur la route, mais avec <strong>Loana Lecomte<\/strong> et le vice-champion olympique <a href=\"https:\/\/dicodusport.fr\/blog\/vtt-jo-2024-victor-koretzky-en-argent-sur-le-xco-tom-pidcock-conserve-son-titre-olympique\/\"><strong>Victor Koretzky<\/strong><\/a>, les Bleus devraient briller dans les Alpes.<\/p>\n<h2 style=\"text-align: justify;\">Badminton : Championnats du monde individuels<\/h2>\n<p style=\"text-align: justify;\"><strong>Date : du 25 au 31 ao\u00fbt \/ Lieu : Adidas Arena, 56 Boulevard Ney, 75018 Paris<\/strong><\/p>\n<p style=\"text-align: justify;\">Au m\u00eame endroit que pour les Jeux Olympiques, les Mondiaux de badminton seront un moment fort du sport en France en 2025. Les paires championnes d&rsquo;Europe <a href=\"https:\/\/dicodusport.fr\/blog\/badminton-margot-lambert-et-anne-tran-sacrees-championnes-deurope-du-double-dames\/\"><strong>Margot Lambert &#8211; Anne Tran<\/strong><\/a> et <a href=\"https:\/\/dicodusport.fr\/blog\/badminton-thom-gicquel-et-delphine-delrue-sont-champions-deurope-du-double-mixte\/\"><strong>Delphine Delrue &#8211; Thom Gicquel<\/strong><\/a> seront de la partie, et chez les hommes, entre <strong>Alex Lanier, Toma Junior Popov<\/strong> et <strong>Christo Popov<\/strong>, il y aura des Bleus \u00e0 soutenir.<\/p>\n<h2 style=\"text-align: justify;\">Padel : Paris Major<\/h2>\n<p style=\"text-align: justify;\"><strong>Date : du 8 au 14 septembre \/ Lieu : Roland-Garros, 75016 Paris<\/strong><\/p>\n<p style=\"text-align: justify;\">Un des quatre plus grands tournois de la saison de padel. Un Majeur qui rencontre toujours un grand succ\u00e8s dans le cadre magnifique de Roland-Garros, pour un sport toujours en pleine expansion. Beau spectacle en perspective.<\/p>\n<h2 style=\"text-align: justify;\">Gymnastique artistique : Internationaux de France<\/h2>\n<p style=\"text-align: justify;\"><strong>Date : du 13 au 14 septembre \/ Lieu : Accor Arena, 8 Boulevard de Bercy, 75012 Paris<\/strong><\/p>\n<p style=\"text-align: justify;\">Un grand moment de la saison de gymnastique. Les meilleurs sp\u00e9cialistes mondiaux viendront en France pour deux jours de comp\u00e9tition et des victoires toujours prestigieuses \u00e0 accrocher \u00e0 un palmar\u00e8s.<\/p>\n<h2 style=\"text-align: justify;\">Cyclisme sur route : Championnats d&rsquo;Europe<\/h2>\n<p style=\"text-align: justify;\"><strong>Date : du 1er au 5 octobre \/ Lieu : arriv\u00e9e \u00e0 Guilherand-Granges (26000 Valence)<\/strong><\/p>\n<p style=\"text-align: justify;\">Pour la troisi\u00e8me fois, la France va accueillir les Championnats d&rsquo;Europe sur les terres o\u00f9 se disputent habituellement la Faun-Ard\u00e8che Classic et la Faun-Dr\u00f4me Classic en f\u00e9vrier. L&rsquo;occasion d&rsquo;une belle explication pour savoir qui succ\u00e8dera \u00e0 <strong>Tim Merlier<\/strong> au palmar\u00e8s. Vainqueur en 2022, <a href=\"https:\/\/dicodusport.fr\/blog\/cyclisme-championnats-deurope-2023-christophe-laporte-champion-deurope\/\"><strong>Christophe Laporte<\/strong><\/a> reste pour l&rsquo;instant l&rsquo;unique Fran\u00e7ais champion d&rsquo;Europe.<\/p>\n<h2 style=\"text-align: justify;\">Trampoline &#8211; Tumbling : Coupe du monde<\/h2>\n<p style=\"text-align: justify;\"><strong>Date : du 3 au 5 octobre \/ Lieu : Azur Arena, 250 rue \u00c9mile Hugues, 06600 Antibes<\/strong><\/p>\n<p style=\"text-align: justify;\">La Coupe du monde de trampoline et de tumbling fera elle aussi \u00e9tape en France. <strong>Pierre Gouzou<\/strong> et <strong>L\u00e9a Labrousse<\/strong>, pr\u00e9sents aux Jeux Olympiques, devraient mener la d\u00e9l\u00e9gation fran\u00e7aise en trampoline, alors qu&rsquo;en tumbling,<a href=\"https:\/\/dicodusport.fr\/blog\/tumbling-candy-briere-vetillard-championne-du-monde-en-individuel\/\"><strong> Candy Bri\u00e8re-Vetillard<\/strong><\/a>, championne du monde 2023, sera \u00e0 suivre.<\/p>\n<h2 style=\"text-align: justify;\">Gravel : Championnats du monde<\/h2>\n<p style=\"text-align: justify;\"><strong>Date : du 17 au 18 octobre \/ Lieu : arriv\u00e9e \u00e0 Nice<\/strong><\/p>\n<p style=\"text-align: justify;\">Discipline d\u00e9riv\u00e9e du VTT, le Gravel gagne de plus en plus d&rsquo;adeptes, et de nombreux coureurs professionnels s&rsquo;y frottent au moment des Mondiaux. Le public esp\u00e8rera sans doute voir le tenant du titre, un certain <a href=\"https:\/\/dicodusport.fr\/blog\/mondiaux-gravel-2024-mathieu-van-der-poel-sacre-dans-les-flandres\/\"><strong>Mathieu van der Poel<\/strong><\/a>.<\/p>\n<h2 style=\"text-align: justify;\">Tennis : Rolex Paris Masters<\/h2>\n<p style=\"text-align: justify;\"><strong>Date : du 25 octobre au 2 novembre \/ Lieu : La D\u00e9fense Arena, 99 Jardin de l&rsquo;Arche, 92000 Nanterre<\/strong><\/p>\n<p style=\"text-align: justify;\">Cette fois, c&rsquo;est officiel, le Rolex Paris Masters a quitt\u00e9 Bercy et posera pour la premi\u00e8re fois ses valises \u00e0 La D\u00e9fense Arena. Une belle occasion de voir ce que ce donnera ce prestigieux tournoi dans cette nouvelle ar\u00e8ne.<\/p>\n<h2 style=\"text-align: justify;\">Tennis de table : WTT Champions de Montpellier<\/h2>\n<p style=\"text-align: justify;\"><strong>Date : du 28 octobre au 2 novembre \/ Lieu : Sud de France Arena, Route de la Foire 34470 P\u00e9rols<\/strong><\/p>\n<p style=\"text-align: justify;\">La premi\u00e8re \u00e9dition du WTT Champions de Montpellier a \u00e9t\u00e9 un \u00e9norme succ\u00e8s populaire, avec des tribunes pleines \u00e0 craquer, et sportif, avec le sacre historique de <a href=\"https:\/\/dicodusport.fr\/blog\/wtt-montpellier-felix-lebrun-ecrit-lhistoire-avec-son-sacre-a-domicile\/\"><strong>F\u00e9lix Lebrun<\/strong><\/a>. Tout est r\u00e9uni pour qu&rsquo;il en soit de m\u00eame cette saison.<\/p>\n","protected":false},"excerpt":{"rendered":"<p>MULTISPORTS &#8211; Retrouvez le calendrier des principaux \u00e9v\u00e8nements sportifs organis\u00e9s en France en 2025, entre Championnats du monde et d&rsquo;Europe, manches de Coupe du monde, et diverses comp\u00e9titions bien ancr\u00e9es dans le paysage.<\/p>\n","protected":false},"author":59,"featured_media":543229,"comment_status":"open","ping_status":"closed","sticky":false,"template":"","format":"standard","meta":{"_acf_changed":false,"_daextam_enable_autolinks":"1","footnotes":""},"categories":[2316],"tags":[16878,2472,24],"class_list":["post-543180","post","type-post","status-publish","format-standard","has-post-thumbnail","hentry","category-tous-les-sports","tag-breve","tag-multisports","tag-sport"],"acf":[],"yoast_head":"<!-- This site is optimized with the Yoast SEO Premium plugin v26.7 (Yoast SEO v26.7) - https:\/\/yoast.com\/wordpress\/plugins\/seo\/ -->\n<title>Le calendrier 2025 des principaux \u00e9v\u00e8nements sportifs organis\u00e9s en France<\/title>\n<meta name=\"description\" content=\"MULTISPORTS - Retrouvez le calendrier des principaux \u00e9v\u00e8nements sportifs organis\u00e9s en France en 2025.\" \/>\n<meta name=\"robots\" content=\"index, follow, max-snippet:-1, max-image-preview:large, max-video-preview:-1\" \/>\n<link rel=\"canonical\" href=\"https:\/\/dicodusport.fr\/blog\/le-calendrier-2025-des-principaux-evenements-sportifs-organises-en-france\/\" \/>\n<meta property=\"og:locale\" content=\"fr_FR\" \/>\n<meta property=\"og:type\" content=\"article\" \/>\n<meta property=\"og:title\" content=\"Le calendrier 2025 des principaux \u00e9v\u00e8nements sportifs organis\u00e9s en France\" \/>\n<meta property=\"og:description\" content=\"MULTISPORTS - Retrouvez le calendrier des principaux \u00e9v\u00e8nements sportifs organis\u00e9s en France en 2025.\" \/>\n<meta property=\"og:url\" content=\"https:\/\/dicodusport.fr\/blog\/le-calendrier-2025-des-principaux-evenements-sportifs-organises-en-france\/\" \/>\n<meta property=\"og:site_name\" content=\"Dicodusport\" \/>\n<meta property=\"article:publisher\" content=\"https:\/\/www.facebook.com\/dicodusport\" \/>\n<meta property=\"article:author\" content=\"https:\/\/www.facebook.com\/sebastien.gente\/\" \/>\n<meta property=\"article:published_time\" content=\"2025-01-02T09:00:32+00:00\" \/>\n<meta property=\"article:modified_time\" content=\"2025-11-20T17:15:20+00:00\" \/>\n<meta property=\"og:image\" content=\"https:\/\/dicodusport.fr\/blog\/wp-content\/uploads\/2025\/01\/Le-calendrier-2025-des-principaux-evenements-sportifs-organises-en-France.png\" \/>\n\t<meta property=\"og:image:width\" content=\"1200\" \/>\n\t<meta property=\"og:image:height\" content=\"674\" \/>\n\t<meta property=\"og:image:type\" content=\"image\/png\" \/>\n<meta name=\"author\" content=\"S\u00e9bastien Gente\" \/>\n<meta name=\"twitter:card\" content=\"summary_large_image\" \/>\n<meta name=\"twitter:title\" content=\"Le calendrier 2025 des principaux \u00e9v\u00e8nements sportifs organis\u00e9s en France\" \/>\n<meta name=\"twitter:creator\" content=\"@https:\/\/twitter.com\/globulo24\" \/>\n<meta name=\"twitter:site\" content=\"@dicodusport\" \/>\n<script type=\"application\/ld+json\" class=\"yoast-schema-graph\">{\"@context\":\"https:\/\/schema.org\",\"@graph\":[{\"@type\":\"NewsArticle\",\"@id\":\"https:\/\/dicodusport.fr\/blog\/le-calendrier-2025-des-principaux-evenements-sportifs-organises-en-france\/#article\",\"isPartOf\":{\"@id\":\"https:\/\/dicodusport.fr\/blog\/le-calendrier-2025-des-principaux-evenements-sportifs-organises-en-france\/\"},\"author\":{\"name\":\"S\u00e9bastien Gente\",\"@id\":\"https:\/\/dicodusport.fr\/blog\/#\/schema\/person\/627966a6cde45dbd8c5e36ac85d783da\"},\"headline\":\"Le calendrier 2025 des principaux \u00e9v\u00e8nements sportifs organis\u00e9s en France\",\"datePublished\":\"2025-01-02T09:00:32+00:00\",\"dateModified\":\"2025-11-20T17:15:20+00:00\",\"mainEntityOfPage\":{\"@id\":\"https:\/\/dicodusport.fr\/blog\/le-calendrier-2025-des-principaux-evenements-sportifs-organises-en-france\/\"},\"wordCount\":2210,\"commentCount\":0,\"publisher\":{\"@id\":\"https:\/\/dicodusport.fr\/blog\/#organization\"},\"image\":{\"@id\":\"https:\/\/dicodusport.fr\/blog\/le-calendrier-2025-des-principaux-evenements-sportifs-organises-en-france\/#primaryimage\"},\"thumbnailUrl\":\"https:\/\/dicodusport.fr\/blog\/wp-content\/uploads\/2025\/01\/Le-calendrier-2025-des-principaux-evenements-sportifs-organises-en-France.png\",\"keywords\":[\"br\u00e8ve\",\"Multisports\",\"sport\"],\"articleSection\":[\"Sports\"],\"inLanguage\":\"fr-FR\",\"potentialAction\":[{\"@type\":\"CommentAction\",\"name\":\"Comment\",\"target\":[\"https:\/\/dicodusport.fr\/blog\/le-calendrier-2025-des-principaux-evenements-sportifs-organises-en-france\/#respond\"]}],\"copyrightYear\":\"2025\",\"copyrightHolder\":{\"@id\":\"https:\/\/dicodusport.fr\/blog\/#organization\"}},{\"@type\":\"WebPage\",\"@id\":\"https:\/\/dicodusport.fr\/blog\/le-calendrier-2025-des-principaux-evenements-sportifs-organises-en-france\/\",\"url\":\"https:\/\/dicodusport.fr\/blog\/le-calendrier-2025-des-principaux-evenements-sportifs-organises-en-france\/\",\"name\":\"Le calendrier 2025 des principaux \u00e9v\u00e8nements sportifs organis\u00e9s en France\",\"isPartOf\":{\"@id\":\"https:\/\/dicodusport.fr\/blog\/#website\"},\"primaryImageOfPage\":{\"@id\":\"https:\/\/dicodusport.fr\/blog\/le-calendrier-2025-des-principaux-evenements-sportifs-organises-en-france\/#primaryimage\"},\"image\":{\"@id\":\"https:\/\/dicodusport.fr\/blog\/le-calendrier-2025-des-principaux-evenements-sportifs-organises-en-france\/#primaryimage\"},\"thumbnailUrl\":\"https:\/\/dicodusport.fr\/blog\/wp-content\/uploads\/2025\/01\/Le-calendrier-2025-des-principaux-evenements-sportifs-organises-en-France.png\",\"datePublished\":\"2025-01-02T09:00:32+00:00\",\"dateModified\":\"2025-11-20T17:15:20+00:00\",\"description\":\"MULTISPORTS - Retrouvez le calendrier des principaux \u00e9v\u00e8nements sportifs organis\u00e9s en France en 2025.\",\"breadcrumb\":{\"@id\":\"https:\/\/dicodusport.fr\/blog\/le-calendrier-2025-des-principaux-evenements-sportifs-organises-en-france\/#breadcrumb\"},\"inLanguage\":\"fr-FR\",\"potentialAction\":[{\"@type\":\"ReadAction\",\"target\":[\"https:\/\/dicodusport.fr\/blog\/le-calendrier-2025-des-principaux-evenements-sportifs-organises-en-france\/\"]}]},{\"@type\":\"ImageObject\",\"inLanguage\":\"fr-FR\",\"@id\":\"https:\/\/dicodusport.fr\/blog\/le-calendrier-2025-des-principaux-evenements-sportifs-organises-en-france\/#primaryimage\",\"url\":\"https:\/\/dicodusport.fr\/blog\/wp-content\/uploads\/2025\/01\/Le-calendrier-2025-des-principaux-evenements-sportifs-organises-en-France.png\",\"contentUrl\":\"https:\/\/dicodusport.fr\/blog\/wp-content\/uploads\/2025\/01\/Le-calendrier-2025-des-principaux-evenements-sportifs-organises-en-France.png\",\"width\":1200,\"height\":674,\"caption\":\"Le calendrier 2025 des principaux \u00e9v\u00e8nements sportifs organis\u00e9s en France\"},{\"@type\":\"BreadcrumbList\",\"@id\":\"https:\/\/dicodusport.fr\/blog\/le-calendrier-2025-des-principaux-evenements-sportifs-organises-en-france\/#breadcrumb\",\"itemListElement\":[{\"@type\":\"ListItem\",\"position\":1,\"name\":\"Accueil\",\"item\":\"https:\/\/dicodusport.fr\/blog\/\"},{\"@type\":\"ListItem\",\"position\":2,\"name\":\"Le calendrier 2025 des principaux \u00e9v\u00e8nements sportifs organis\u00e9s en France\"}]},{\"@type\":\"WebSite\",\"@id\":\"https:\/\/dicodusport.fr\/blog\/#website\",\"url\":\"https:\/\/dicodusport.fr\/blog\/\",\"name\":\"Dicodusport\",\"description\":\"L&#039;encyclop\u00e9die de l&#039;actualit\u00e9 sportive\",\"publisher\":{\"@id\":\"https:\/\/dicodusport.fr\/blog\/#organization\"},\"potentialAction\":[{\"@type\":\"SearchAction\",\"target\":{\"@type\":\"EntryPoint\",\"urlTemplate\":\"https:\/\/dicodusport.fr\/blog\/?s={search_term_string}\"},\"query-input\":{\"@type\":\"PropertyValueSpecification\",\"valueRequired\":true,\"valueName\":\"search_term_string\"}}],\"inLanguage\":\"fr-FR\"},{\"@type\":\"NewsMediaOrganization\",\"@id\":\"https:\/\/dicodusport.fr\/blog\/#organization\",\"name\":\"Dicodusport\",\"url\":\"https:\/\/dicodusport.fr\/blog\/\",\"logo\":{\"@type\":\"ImageObject\",\"inLanguage\":\"fr-FR\",\"@id\":\"https:\/\/dicodusport.fr\/blog\/#\/schema\/logo\/image\/\",\"url\":\"https:\/\/dicodusport.fr\/blog\/wp-content\/uploads\/2020\/06\/cropped-LOGO-DICODUSPORT-2020-SANS-FOND-SANS-TEXTE.png\",\"contentUrl\":\"https:\/\/dicodusport.fr\/blog\/wp-content\/uploads\/2020\/06\/cropped-LOGO-DICODUSPORT-2020-SANS-FOND-SANS-TEXTE.png\",\"width\":512,\"height\":512,\"caption\":\"Dicodusport\"},\"image\":{\"@id\":\"https:\/\/dicodusport.fr\/blog\/#\/schema\/logo\/image\/\"},\"sameAs\":[\"https:\/\/www.facebook.com\/dicodusport\",\"https:\/\/x.com\/dicodusport\",\"https:\/\/www.instagram.com\/dicodusport\/\",\"https:\/\/www.youtube.com\/channel\/UC7V2KZ5sd3htJivAbA4ZG3w\"],\"description\":\"Dicodusport est l'encyclop\u00e9die de l'actualit\u00e9 sportive.\",\"email\":\"bonjour@dicodusport.fr\",\"legalName\":\"DICODUSPORT\",\"foundingDate\":\"2018-01-14\",\"vatID\":\"FR71834470973\",\"taxID\":\"83447097300043\",\"numberOfEmployees\":{\"@type\":\"QuantitativeValue\",\"minValue\":\"1\",\"maxValue\":\"10\"}},{\"@type\":\"Person\",\"@id\":\"https:\/\/dicodusport.fr\/blog\/#\/schema\/person\/627966a6cde45dbd8c5e36ac85d783da\",\"name\":\"S\u00e9bastien Gente\",\"image\":{\"@type\":\"ImageObject\",\"inLanguage\":\"fr-FR\",\"@id\":\"https:\/\/dicodusport.fr\/blog\/#\/schema\/person\/image\/\",\"url\":\"https:\/\/dicodusport.fr\/blog\/wp-content\/uploads\/2021\/09\/1510990_10205810251400683_4124423575079401707_n-150x150.jpg\",\"contentUrl\":\"https:\/\/dicodusport.fr\/blog\/wp-content\/uploads\/2021\/09\/1510990_10205810251400683_4124423575079401707_n-150x150.jpg\",\"caption\":\"S\u00e9bastien Gente\"},\"description\":\"John Stockton, Gianni Bugno, Zinedine Zidane, Steffi Graf, Frode Andresen, St\u00e9phane Stoecklin, Davis Kamoga, Primoz Peterka, Werner Schlager et Aur\u00e9lien Rougerie. Point commun entre ces sportifs? Ils m'ont fait r\u00eaver et ont berc\u00e9 mon adolescence. Je suis un fondu de sports et j'essaie de retranscrire ma passion \u00e0 travers mes articles. Originaire du P\u00e9rigord, ma passion pour les Girondins, les Jaunards et les Jazzmen transpire dans mes \u00e9crits. \u00c0 Dicodusport depuis 2021, je d\u00e9niche les sports m\u00e9connus dans lesquels la France brille, et il y en a !\",\"sameAs\":[\"https:\/\/www.facebook.com\/sebastien.gente\/\",\"https:\/\/www.instagram.com\/sebgente\/\",\"https:\/\/www.linkedin.com\/in\/sbastien-gente-a29583169\/\",\"https:\/\/x.com\/https:\/\/twitter.com\/globulo24\",\"SebastienGente\"],\"worksFor\":\"S\u00e9bastien GENTE\",\"url\":\"https:\/\/dicodusport.fr\/blog\/author\/sebastiengente\/\"}]}<\/script>\n<!-- \/ Yoast SEO Premium plugin. -->","yoast_head_json":{"title":"Le calendrier 2025 des principaux \u00e9v\u00e8nements sportifs organis\u00e9s en France","description":"MULTISPORTS - Retrouvez le calendrier des principaux \u00e9v\u00e8nements sportifs organis\u00e9s en France en 2025.","robots":{"index":"index","follow":"follow","max-snippet":"max-snippet:-1","max-image-preview":"max-image-preview:large","max-video-preview":"max-video-preview:-1"},"canonical":"https:\/\/dicodusport.fr\/blog\/le-calendrier-2025-des-principaux-evenements-sportifs-organises-en-france\/","og_locale":"fr_FR","og_type":"article","og_title":"Le calendrier 2025 des principaux \u00e9v\u00e8nements sportifs organis\u00e9s en France","og_description":"MULTISPORTS - Retrouvez le calendrier des principaux \u00e9v\u00e8nements sportifs organis\u00e9s en France en 2025.","og_url":"https:\/\/dicodusport.fr\/blog\/le-calendrier-2025-des-principaux-evenements-sportifs-organises-en-france\/","og_site_name":"Dicodusport","article_publisher":"https:\/\/www.facebook.com\/dicodusport","article_author":"https:\/\/www.facebook.com\/sebastien.gente\/","article_published_time":"2025-01-02T09:00:32+00:00","article_modified_time":"2025-11-20T17:15:20+00:00","og_image":[{"width":1200,"height":674,"url":"https:\/\/dicodusport.fr\/blog\/wp-content\/uploads\/2025\/01\/Le-calendrier-2025-des-principaux-evenements-sportifs-organises-en-France.png","type":"image\/png"}],"author":"S\u00e9bastien Gente","twitter_card":"summary_large_image","twitter_title":"Le calendrier 2025 des principaux \u00e9v\u00e8nements sportifs organis\u00e9s en France","twitter_creator":"@https:\/\/twitter.com\/globulo24","twitter_site":"@dicodusport","schema":{"@context":"https:\/\/schema.org","@graph":[{"@type":"NewsArticle","@id":"https:\/\/dicodusport.fr\/blog\/le-calendrier-2025-des-principaux-evenements-sportifs-organises-en-france\/#article","isPartOf":{"@id":"https:\/\/dicodusport.fr\/blog\/le-calendrier-2025-des-principaux-evenements-sportifs-organises-en-france\/"},"author":{"name":"S\u00e9bastien Gente","@id":"https:\/\/dicodusport.fr\/blog\/#\/schema\/person\/627966a6cde45dbd8c5e36ac85d783da"},"headline":"Le calendrier 2025 des principaux \u00e9v\u00e8nements sportifs organis\u00e9s en France","datePublished":"2025-01-02T09:00:32+00:00","dateModified":"2025-11-20T17:15:20+00:00","mainEntityOfPage":{"@id":"https:\/\/dicodusport.fr\/blog\/le-calendrier-2025-des-principaux-evenements-sportifs-organises-en-france\/"},"wordCount":2210,"commentCount":0,"publisher":{"@id":"https:\/\/dicodusport.fr\/blog\/#organization"},"image":{"@id":"https:\/\/dicodusport.fr\/blog\/le-calendrier-2025-des-principaux-evenements-sportifs-organises-en-france\/#primaryimage"},"thumbnailUrl":"https:\/\/dicodusport.fr\/blog\/wp-content\/uploads\/2025\/01\/Le-calendrier-2025-des-principaux-evenements-sportifs-organises-en-France.png","keywords":["br\u00e8ve","Multisports","sport"],"articleSection":["Sports"],"inLanguage":"fr-FR","potentialAction":[{"@type":"CommentAction","name":"Comment","target":["https:\/\/dicodusport.fr\/blog\/le-calendrier-2025-des-principaux-evenements-sportifs-organises-en-france\/#respond"]}],"copyrightYear":"2025","copyrightHolder":{"@id":"https:\/\/dicodusport.fr\/blog\/#organization"}},{"@type":"WebPage","@id":"https:\/\/dicodusport.fr\/blog\/le-calendrier-2025-des-principaux-evenements-sportifs-organises-en-france\/","url":"https:\/\/dicodusport.fr\/blog\/le-calendrier-2025-des-principaux-evenements-sportifs-organises-en-france\/","name":"Le calendrier 2025 des principaux \u00e9v\u00e8nements sportifs organis\u00e9s en France","isPartOf":{"@id":"https:\/\/dicodusport.fr\/blog\/#website"},"primaryImageOfPage":{"@id":"https:\/\/dicodusport.fr\/blog\/le-calendrier-2025-des-principaux-evenements-sportifs-organises-en-france\/#primaryimage"},"image":{"@id":"https:\/\/dicodusport.fr\/blog\/le-calendrier-2025-des-principaux-evenements-sportifs-organises-en-france\/#primaryimage"},"thumbnailUrl":"https:\/\/dicodusport.fr\/blog\/wp-content\/uploads\/2025\/01\/Le-calendrier-2025-des-principaux-evenements-sportifs-organises-en-France.png","datePublished":"2025-01-02T09:00:32+00:00","dateModified":"2025-11-20T17:15:20+00:00","description":"MULTISPORTS - Retrouvez le calendrier des principaux \u00e9v\u00e8nements sportifs organis\u00e9s en France en 2025.","breadcrumb":{"@id":"https:\/\/dicodusport.fr\/blog\/le-calendrier-2025-des-principaux-evenements-sportifs-organises-en-france\/#breadcrumb"},"inLanguage":"fr-FR","potentialAction":[{"@type":"ReadAction","target":["https:\/\/dicodusport.fr\/blog\/le-calendrier-2025-des-principaux-evenements-sportifs-organises-en-france\/"]}]},{"@type":"ImageObject","inLanguage":"fr-FR","@id":"https:\/\/dicodusport.fr\/blog\/le-calendrier-2025-des-principaux-evenements-sportifs-organises-en-france\/#primaryimage","url":"https:\/\/dicodusport.fr\/blog\/wp-content\/uploads\/2025\/01\/Le-calendrier-2025-des-principaux-evenements-sportifs-organises-en-France.png","contentUrl":"https:\/\/dicodusport.fr\/blog\/wp-content\/uploads\/2025\/01\/Le-calendrier-2025-des-principaux-evenements-sportifs-organises-en-France.png","width":1200,"height":674,"caption":"Le calendrier 2025 des principaux \u00e9v\u00e8nements sportifs organis\u00e9s en France"},{"@type":"BreadcrumbList","@id":"https:\/\/dicodusport.fr\/blog\/le-calendrier-2025-des-principaux-evenements-sportifs-organises-en-france\/#breadcrumb","itemListElement":[{"@type":"ListItem","position":1,"name":"Accueil","item":"https:\/\/dicodusport.fr\/blog\/"},{"@type":"ListItem","position":2,"name":"Le calendrier 2025 des principaux \u00e9v\u00e8nements sportifs organis\u00e9s en France"}]},{"@type":"WebSite","@id":"https:\/\/dicodusport.fr\/blog\/#website","url":"https:\/\/dicodusport.fr\/blog\/","name":"Dicodusport","description":"L&#039;encyclop\u00e9die de l&#039;actualit\u00e9 sportive","publisher":{"@id":"https:\/\/dicodusport.fr\/blog\/#organization"},"potentialAction":[{"@type":"SearchAction","target":{"@type":"EntryPoint","urlTemplate":"https:\/\/dicodusport.fr\/blog\/?s={search_term_string}"},"query-input":{"@type":"PropertyValueSpecification","valueRequired":true,"valueName":"search_term_string"}}],"inLanguage":"fr-FR"},{"@type":"NewsMediaOrganization","@id":"https:\/\/dicodusport.fr\/blog\/#organization","name":"Dicodusport","url":"https:\/\/dicodusport.fr\/blog\/","logo":{"@type":"ImageObject","inLanguage":"fr-FR","@id":"https:\/\/dicodusport.fr\/blog\/#\/schema\/logo\/image\/","url":"https:\/\/dicodusport.fr\/blog\/wp-content\/uploads\/2020\/06\/cropped-LOGO-DICODUSPORT-2020-SANS-FOND-SANS-TEXTE.png","contentUrl":"https:\/\/dicodusport.fr\/blog\/wp-content\/uploads\/2020\/06\/cropped-LOGO-DICODUSPORT-2020-SANS-FOND-SANS-TEXTE.png","width":512,"height":512,"caption":"Dicodusport"},"image":{"@id":"https:\/\/dicodusport.fr\/blog\/#\/schema\/logo\/image\/"},"sameAs":["https:\/\/www.facebook.com\/dicodusport","https:\/\/x.com\/dicodusport","https:\/\/www.instagram.com\/dicodusport\/","https:\/\/www.youtube.com\/channel\/UC7V2KZ5sd3htJivAbA4ZG3w"],"description":"Dicodusport est l'encyclop\u00e9die de l'actualit\u00e9 sportive.","email":"bonjour@dicodusport.fr","legalName":"DICODUSPORT","foundingDate":"2018-01-14","vatID":"FR71834470973","taxID":"83447097300043","numberOfEmployees":{"@type":"QuantitativeValue","minValue":"1","maxValue":"10"}},{"@type":"Person","@id":"https:\/\/dicodusport.fr\/blog\/#\/schema\/person\/627966a6cde45dbd8c5e36ac85d783da","name":"S\u00e9bastien Gente","image":{"@type":"ImageObject","inLanguage":"fr-FR","@id":"https:\/\/dicodusport.fr\/blog\/#\/schema\/person\/image\/","url":"https:\/\/dicodusport.fr\/blog\/wp-content\/uploads\/2021\/09\/1510990_10205810251400683_4124423575079401707_n-150x150.jpg","contentUrl":"https:\/\/dicodusport.fr\/blog\/wp-content\/uploads\/2021\/09\/1510990_10205810251400683_4124423575079401707_n-150x150.jpg","caption":"S\u00e9bastien Gente"},"description":"John Stockton, Gianni Bugno, Zinedine Zidane, Steffi Graf, Frode Andresen, St\u00e9phane Stoecklin, Davis Kamoga, Primoz Peterka, Werner Schlager et Aur\u00e9lien Rougerie. Point commun entre ces sportifs? Ils m'ont fait r\u00eaver et ont berc\u00e9 mon adolescence. Je suis un fondu de sports et j'essaie de retranscrire ma passion \u00e0 travers mes articles. Originaire du P\u00e9rigord, ma passion pour les Girondins, les Jaunards et les Jazzmen transpire dans mes \u00e9crits. \u00c0 Dicodusport depuis 2021, je d\u00e9niche les sports m\u00e9connus dans lesquels la France brille, et il y en a !","sameAs":["https:\/\/www.facebook.com\/sebastien.gente\/","https:\/\/www.instagram.com\/sebgente\/","https:\/\/www.linkedin.com\/in\/sbastien-gente-a29583169\/","https:\/\/x.com\/https:\/\/twitter.com\/globulo24","SebastienGente"],"worksFor":"S\u00e9bastien GENTE","url":"https:\/\/dicodusport.fr\/blog\/author\/sebastiengente\/"}]}},"_links":{"self":[{"href":"https:\/\/dicodusport.fr\/blog\/wp-json\/wp\/v2\/posts\/543180","targetHints":{"allow":["GET"]}}],"collection":[{"href":"https:\/\/dicodusport.fr\/blog\/wp-json\/wp\/v2\/posts"}],"about":[{"href":"https:\/\/dicodusport.fr\/blog\/wp-json\/wp\/v2\/types\/post"}],"author":[{"embeddable":true,"href":"https:\/\/dicodusport.fr\/blog\/wp-json\/wp\/v2\/users\/59"}],"replies":[{"embeddable":true,"href":"https:\/\/dicodusport.fr\/blog\/wp-json\/wp\/v2\/comments?post=543180"}],"version-history":[{"count":6,"href":"https:\/\/dicodusport.fr\/blog\/wp-json\/wp\/v2\/posts\/543180\/revisions"}],"predecessor-version":[{"id":543459,"href":"https:\/\/dicodusport.fr\/blog\/wp-json\/wp\/v2\/posts\/543180\/revisions\/543459"}],"wp:featuredmedia":[{"embeddable":true,"href":"https:\/\/dicodusport.fr\/blog\/wp-json\/wp\/v2\/media\/543229"}],"wp:attachment":[{"href":"https:\/\/dicodusport.fr\/blog\/wp-json\/wp\/v2\/media?parent=543180"}],"wp:term":[{"taxonomy":"category","embeddable":true,"href":"https:\/\/dicodusport.fr\/blog\/wp-json\/wp\/v2\/categories?post=543180"},{"taxonomy":"post_tag","embeddable":true,"href":"https:\/\/dicodusport.fr\/blog\/wp-json\/wp\/v2\/tags?post=543180"}],"curies":[{"name":"wp","href":"https:\/\/api.w.org\/{rel}","templated":true}]}}