{"id":543185,"date":"2025-01-06T10:00:07","date_gmt":"2025-01-06T09:00:07","guid":{"rendered":"https:\/\/dicodusport.fr\/blog\/?p=543185&#038;preview=true&#038;preview_id=543185"},"modified":"2025-01-06T22:25:35","modified_gmt":"2025-01-06T21:25:35","slug":"uae-team-emirates-xrg-bilan-2024-objectifs-pour-2025-et-effectif","status":"publish","type":"post","link":"https:\/\/dicodusport.fr\/blog\/uae-team-emirates-xrg-bilan-2024-objectifs-pour-2025-et-effectif\/","title":{"rendered":"UAE Team Emirates XRG : Bilan 2024, objectifs pour 2025 et effectif"},"content":{"rendered":"<h4 style=\"text-align: justify;\"><em>CYCLISME SUR ROUTE 2025 &#8211; Bilan de la saison 2024, objectifs pour 2025, effectif : tout ce qu&rsquo;il faut savoir sur la formation UAE Team Emirates XRG.<\/em><\/h4>\n<ul>\n<li style=\"text-align: justify;\"><strong>\u00c0 ce sujet &#8211; <a href=\"https:\/\/dicodusport.fr\/blog\/actualites\/cyclisme\/cyclisme-sur-route-2025\/\">L&rsquo;actualit\u00e9 du cyclisme sur route<\/a><\/strong><\/li>\n<\/ul>\n<h2 style=\"text-align: justify;\">UAE Team Emirates en 2024<\/h2>\n<p style=\"text-align: justify;\"><strong>37 979 pts au classement UCI<\/strong><\/p>\n<p><strong>Meilleur coureur : Tadej Pogacar (11 655 pts)<\/strong><\/p>\n<p style=\"text-align: justify;\"><strong>Note : 17\/20<\/strong><\/p>\n<p style=\"text-align: justify;\">L&rsquo;\u00e9quipe num\u00e9ro une mondiale a r\u00e9alis\u00e9 une ann\u00e9e presque parfaite avec 81 victoires, dont 25 pour son leader <strong>Tadej Pogacar<\/strong>. Le Slov\u00e8ne a r\u00e9ussi une saison <em>Merckxsienne<\/em> avec ses succ\u00e8s sur le Tour de France et ses six succ\u00e8s d&rsquo;\u00e9tape, le Tour d&rsquo;Italie avec \u00e0 nouveau six victoires d&rsquo;\u00e9tape, les Strade Bianche, le Tour de Catalogne, Li\u00e8ge-Bastogne-Li\u00e8ge, le Tour d&rsquo;\u00c9milie et le Tour de Lombardie. Bien s\u00fbr, <em>Pogi<\/em> est la grande satisfaction de la saison pour la plus puissante \u00e9quipe financi\u00e8re du peloton, qui a bien entendu <a href=\"https:\/\/dicodusport.fr\/blog\/transferts-cyclisme-uae-team-emirates-blinde-tadej-pogacar\/\">cadenass\u00e9 le contrat de son chef de file<\/a>. Il ne lui reste plus qu&rsquo;\u00e0 remporter Milan-San Remo et Paris-Roubaix pour faire le plein dans les Monuments, et \u00e0 gagner la Vuelta (en 2025 ?) pour compl\u00e9ter sa collection en Grands Tours.<\/p>\n<div class=\"vlp-link-container vlp-layout-article\"><a href=\"https:\/\/dicodusport.fr\/blog\/le-salaire-de-tadej-pogacar-apres-sa-prolongation-chez-uae-team-emirates\/\" class=\"vlp-link\" title=\"Le salaire de Tadej Pogacar apr\u00e8s sa prolongation chez UAE Team Emirates\"><\/a><div class=\"vlp-layout-zone-side\"><div class=\"vlp-block-4 vlp-link-image\"><img loading=\"lazy\" decoding=\"async\" style=\"max-width: 792px;\" width=\"792\" height=\"445\" src=\"https:\/\/dicodusport.fr\/blog\/wp-content\/uploads\/2024\/10\/Le-salaire-de-Tadej-Pogacar-apres-sa-prolongation-chez-UAE-Team-Emirates.png\" class=\"attachment-800x445 size-800x445\" alt=\"Le salaire de Tadej Pogacar apr\u00e8s sa prolongation chez UAE Team Emirates\" srcset=\"https:\/\/dicodusport.fr\/blog\/wp-content\/uploads\/2024\/10\/Le-salaire-de-Tadej-Pogacar-apres-sa-prolongation-chez-UAE-Team-Emirates.png 1200w, https:\/\/dicodusport.fr\/blog\/wp-content\/uploads\/2024\/10\/Le-salaire-de-Tadej-Pogacar-apres-sa-prolongation-chez-UAE-Team-Emirates-300x169.png 300w, https:\/\/dicodusport.fr\/blog\/wp-content\/uploads\/2024\/10\/Le-salaire-de-Tadej-Pogacar-apres-sa-prolongation-chez-UAE-Team-Emirates-1024x575.png 1024w, https:\/\/dicodusport.fr\/blog\/wp-content\/uploads\/2024\/10\/Le-salaire-de-Tadej-Pogacar-apres-sa-prolongation-chez-UAE-Team-Emirates-768x431.png 768w\" sizes=\"auto, (max-width: 792px) 100vw, 792px\" \/><\/div><\/div><div class=\"vlp-layout-zone-main\"><div class=\"vlp-block-0 vlp-link-title\">Le salaire de Tadej Pogacar apr\u00e8s sa prolongation chez UAE Team Emirates<\/div><div class=\"vlp-block-1 vlp-link-summary\">Le salaire de Tadej Pogacar apr\u00e8s sa prolongation chez UAE Team Emirates<\/div><div class=\"vlp-block-2 vlp-link-button\">Lire l'article<\/div><div class=\"vlp-block-3 vlp-link-url\">dicodusport.fr<\/div><\/div><\/div>\n<h3 style=\"text-align: justify;\">Des satisfactions<\/h3>\n<p style=\"text-align: justify;\">Du c\u00f4t\u00e9 des autres satisfactions, le n\u00e9o-pro <strong>Isaac Del Toro<\/strong> s&rsquo;est r\u00e9v\u00e9l\u00e9 en d\u00e9but de saison et d\u00e8s sa premi\u00e8re course World Tour avec un succ\u00e8s d&rsquo;\u00e9tape sur le Tour Down Under. Cependant, le Mexicain est encore trop tendre face aux cadors du peloton, comme l&rsquo;a attest\u00e9 sa fin de saison plus discr\u00e8te. D&rsquo;autres p\u00e9pites ont montr\u00e9 de belles choses comme le puncheur suisse <strong>Jan Christen<\/strong> et le Flandrien portugais <strong>Antonio Morgado<\/strong>. Ils seront donc attendus dans les saisons \u00e0 venir. Ensuite, <strong>Marc Hirschi<\/strong> a \u00e9t\u00e9 l&rsquo;autre homme de la fin de saison, puisqu&rsquo;il s&rsquo;est adjug\u00e9 de nombreuses courses d&rsquo;un jour prestigieuses, telles que le Clasica San Sebastian et la Bretagne Classic. De plus, le Suisse s&rsquo;est montr\u00e9 presque intraitable sur les courses italiennes d&rsquo;un jour, avant l&rsquo;arriv\u00e9e de Pogacar.<\/p>\n<p style=\"text-align: justify;\">Puis, <strong>Pavel Sivakov<\/strong> a retrouv\u00e9 de sa superbe avec un top 10 au classement g\u00e9n\u00e9ral sur La Vuelta. Le Franco-Russe a montr\u00e9 qu&rsquo;il \u00e9tait un solide \u00e9quipier pour Pogacar sur les courses par \u00e9tapes et sur les courses montagneuses. Il est le symbole pour une tr\u00e8s bonne int\u00e9gration de coureurs plus vieux comme <strong>Nils Politt<\/strong> (2e du Oomloop Het Nieuwblad) et <strong>Tim Wellens<\/strong> (3e de Kuurne-Bruxelles-Kuurne et vainqueur du chrono du Tour de Pologne avec le maillot de champion de Belgique du contre-la-montre sur les \u00e9paules).<\/p>\n<h3>Des d\u00e9ceptions<\/h3>\n<p style=\"text-align: justify;\">Du c\u00f4t\u00e9 des points n\u00e9gatifs ou plut\u00f4t moins positifs, <strong>Juan Ayuso<\/strong> n&rsquo;a pas \u00e9t\u00e9 \u00e0 la hauteur de certaines attentes. N\u00e9anmoins, il a d\u00e9croch\u00e9 le classement g\u00e9n\u00e9ral du <a href=\"https:\/\/dicodusport.fr\/blog\/tour-du-pays-basque-2024-classement-general\/\">Tour du Pays Basque<\/a> en profitant de l&rsquo;h\u00e9catombe des favoris. Mais, l&rsquo;Espagnol a montr\u00e9 ses limites face \u00e0 Vingegaard sur <a href=\"https:\/\/dicodusport.fr\/blog\/tirreno-adriatico-2024-classement-general\/\">Tirreno-Adriatico<\/a> et a \u00e9t\u00e9 contraint \u00e0 l&rsquo;abandon sur le Tour. L&rsquo;autre point noir, c&rsquo;est La Vuelta. <strong>Joao Almeida<\/strong> avait r\u00e9alis\u00e9 un solide d\u00e9but d&rsquo;\u00e9t\u00e9 en terminant 2e du Tour de Suisse et 4e du Tour de France. Mais le Portugais \u00e9tait le leader d\u00e9sign\u00e9 sur le Tour d&rsquo;Espagne. Il a finalement \u00e9t\u00e9 oblig\u00e9 d&rsquo;abandonner, malade et positif au Covid. L&rsquo;\u00e9quipe \u00e9miratie s&rsquo;est retrouv\u00e9e un peu d\u00e9munie pour le g\u00e9n\u00e9ral, puisque <strong>Adam Yates<\/strong> n&rsquo;\u00e9tait pas le Yates du TDF 2024. Le Britannique, vainqueur du Tour de Suisse, a sauv\u00e9 sa Vuelta en remportant une \u00e9tape de montagne.<\/p>\n<p style=\"text-align: justify;\">Fid\u00e8le \u00e0 lui-m\u00eame, <strong>Jay Vine<\/strong> a \u00e9t\u00e9 encore tr\u00e8s maladroit et a vu sa Vuelta et sa saison entrecoup\u00e9es par des blessures. Heureusement que Soler nous a fait du Soler. Enfin, le sprinteur colombien <b>Juan Sebasti\u00e1n Molano <\/b>n&rsquo;a pas sorti une saison 2024 aussi r\u00e9ussie que la pr\u00e9c\u00e9dente, avec un seul bouquet, sur la 2e \u00e9tape du Tour de Croatie.<\/p>\n<div id=\"attachment_466398\" style=\"width: 1210px\" class=\"wp-caption aligncenter\"><a href=\"https:\/\/dicodusport.fr\/blog\/wp-content\/uploads\/2024\/02\/Faun-Ardeche-Classic-2024-Juan-Ayuso-simpose-devant-Romain-Gregoire.png\"><img loading=\"lazy\" decoding=\"async\" aria-describedby=\"caption-attachment-466398\" class=\"size-full wp-image-466398\" src=\"https:\/\/dicodusport.fr\/blog\/wp-content\/uploads\/2024\/02\/Faun-Ardeche-Classic-2024-Juan-Ayuso-simpose-devant-Romain-Gregoire.png\" alt=\"Classement Faun-Dr\u00f4me Classic 2024\" width=\"1200\" height=\"674\" srcset=\"https:\/\/dicodusport.fr\/blog\/wp-content\/uploads\/2024\/02\/Faun-Ardeche-Classic-2024-Juan-Ayuso-simpose-devant-Romain-Gregoire.png 1200w, https:\/\/dicodusport.fr\/blog\/wp-content\/uploads\/2024\/02\/Faun-Ardeche-Classic-2024-Juan-Ayuso-simpose-devant-Romain-Gregoire-300x169.png 300w, https:\/\/dicodusport.fr\/blog\/wp-content\/uploads\/2024\/02\/Faun-Ardeche-Classic-2024-Juan-Ayuso-simpose-devant-Romain-Gregoire-1024x575.png 1024w, https:\/\/dicodusport.fr\/blog\/wp-content\/uploads\/2024\/02\/Faun-Ardeche-Classic-2024-Juan-Ayuso-simpose-devant-Romain-Gregoire-768x431.png 768w\" sizes=\"auto, (max-width: 1200px) 100vw, 1200px\" \/><\/a><p id=\"caption-attachment-466398\" class=\"wp-caption-text\">Quelques \u00e9claircies dans la saison de Juan Ayuso, mais un sentiment d&rsquo;inachev\u00e9 &#8211; Photo Icon Sport<\/p><\/div>\n<h2 style=\"text-align: justify;\">Quelle saison 2025 pour la formation UAE Team Emirates ?<\/h2>\n<p style=\"text-align: justify;\">En 2025, il sera compliqu\u00e9 de r\u00e9aliser une saison aussi incroyable, mais pas impossible au regard de la domination de <strong>Pogacar<\/strong> en fin de saison. Seul, un grand Vingegaard pourrait contrarier les plans de l&rsquo;\u00e9quipe UAE sur le prochain Tour de France. <strong>Juan Ayuso<\/strong> va devoir aussi une revanche \u00e0 ses dirigeants. Par la suite, on regardera avec attention l&rsquo;arriv\u00e9e d&rsquo;une autre jeune p\u00e9pite, en la personne de l&rsquo;Espagnol <strong>Pablo Torres<\/strong>, 19 ans et deuxi\u00e8me des derniers Tour de l&rsquo;Avenir et Baby Giro.<\/p>\n<p style=\"text-align: justify;\">Seul le d\u00e9part de <strong>Marc Hirschi<\/strong> chez Tudor pourrait aussi ralentir la domination UAE sur les courses d&rsquo;un jour \u00ab\u00a0punchy\u00a0\u00bb \u00e0 moins qu&rsquo;<strong>Isaac Del Toro<\/strong> ou <strong>Jan Christen<\/strong> n&rsquo;explose. Quant \u00e0 <strong>Morgado<\/strong>, le Lusitanien semble destin\u00e9 pour les Flandriennes. Enfin, UAE a continu\u00e9 \u00e0 recruter des <em>gregario<\/em> aguerris comme le Flandrien <strong>Florian Vermeersch<\/strong>, Rune <strong>Herregodts<\/strong> et surtout <strong>Jhonatan Narvaez<\/strong>.<\/p>\n<h3 style=\"text-align: justify;\">L&rsquo;effectif pour la saison 2025<\/h3>\n<ul class=\"wp-block-list\">\n<li style=\"text-align: justify;\"><strong>Jo\u00e3o Almeida<\/strong>\u00a0(Portugal)<\/li>\n<li style=\"text-align: justify;\"><strong>Igor Arrieta<\/strong>\u00a0(Espagne)<\/li>\n<li style=\"text-align: justify;\"><strong>Juan Ayuso<\/strong>\u00a0(Espagne)<\/li>\n<li style=\"text-align: justify;\"><strong>Filippo Baroncini<\/strong>\u00a0(Italie)<\/li>\n<li style=\"text-align: justify;\"><strong>Mikkel Bjerg<\/strong>\u00a0(Danemark)<\/li>\n<li style=\"text-align: justify;\"><strong>Jan Christen<\/strong>\u00a0(Suisse)<\/li>\n<li style=\"text-align: justify;\"><strong>Alessandro Covi<\/strong>\u00a0(Italie)<\/li>\n<li style=\"text-align: justify;\"><strong>Isaac Del Toro<\/strong>\u00a0(Mexique)<\/li>\n<li style=\"text-align: justify;\"><strong>Felix Gro\u00dfschartner<\/strong>\u00a0(Allemagne)<\/li>\n<li style=\"text-align: justify;\"><strong>Rune Herregodts<\/strong>\u00a0(Belgique)<\/li>\n<li style=\"text-align: justify;\"><strong>Julius Johansen<\/strong>\u00a0(Danemark)<\/li>\n<li style=\"text-align: justify;\"><strong>Vegard Stake Laengen<\/strong>\u00a0(Norv\u00e8ge)<\/li>\n<li style=\"text-align: justify;\"><strong>Rafa\u0142 Majka<\/strong>\u00a0(Pologne)<\/li>\n<li style=\"text-align: justify;\"><strong>Brandon McNulty<\/strong>\u00a0(\u00c9tats-Unis)<\/li>\n<li style=\"text-align: justify;\"><strong>Juan Sebasti\u00e1n Molano<\/strong>\u00a0(Colombie)<\/li>\n<li style=\"text-align: justify;\"><strong>Ant\u00f3nio Morgado<\/strong>\u00a0(Portugal)<\/li>\n<li style=\"text-align: justify;\"><strong>Jhonatan Narvaez<\/strong>\u00a0(\u00c9quateur)<\/li>\n<li style=\"text-align: justify;\"><strong>Domen Novak<\/strong>\u00a0(Slov\u00e9nie)<\/li>\n<li style=\"text-align: justify;\"><strong>Ivo Oliveira<\/strong>\u00a0(Portugal)<\/li>\n<li style=\"text-align: justify;\"><strong>Rui Oliveira<\/strong>\u00a0(Portugal)<\/li>\n<li style=\"text-align: justify;\"><strong>Tadej Poga\u010dar<\/strong>\u00a0(Slov\u00e9nie)<\/li>\n<li style=\"text-align: justify;\"><strong>Nils Politt<\/strong>\u00a0(Allemagne)<\/li>\n<li style=\"text-align: justify;\"><strong>Pavel Sivakov<\/strong>\u00a0(France)<\/li>\n<li style=\"text-align: justify;\"><strong>Marc Soler<\/strong>\u00a0(Espagne)<\/li>\n<li style=\"text-align: justify;\"><strong>Pablo Torres<\/strong>\u00a0(Espagne)<\/li>\n<li style=\"text-align: justify;\"><strong>Florian Vermeersch<\/strong>\u00a0(Belgique)<\/li>\n<li style=\"text-align: justify;\"><strong>Jay Vine<\/strong>\u00a0(Australie)<\/li>\n<li style=\"text-align: justify;\"><strong>Tim Wellens<\/strong>\u00a0(Belgique)<\/li>\n<li style=\"text-align: justify;\"><strong>Adam Yates<\/strong>\u00a0(Grande-Bretagne)<\/li>\n<\/ul>\n<div id=\"attachment_543971\" style=\"width: 1351px\" class=\"wp-caption aligncenter\"><a href=\"https:\/\/dicodusport.fr\/blog\/wp-content\/uploads\/2025\/01\/Mouvements-UAE-Team-Emirates-XRG-2024-2025.png\"><img loading=\"lazy\" decoding=\"async\" aria-describedby=\"caption-attachment-543971\" class=\"wp-image-543971 size-full\" src=\"https:\/\/dicodusport.fr\/blog\/wp-content\/uploads\/2025\/01\/Mouvements-UAE-Team-Emirates-XRG-2024-2025.png\" alt=\"Mouvements UAE Team Emirates XRG 2024-2025\" width=\"1341\" height=\"219\" srcset=\"https:\/\/dicodusport.fr\/blog\/wp-content\/uploads\/2025\/01\/Mouvements-UAE-Team-Emirates-XRG-2024-2025.png 1341w, https:\/\/dicodusport.fr\/blog\/wp-content\/uploads\/2025\/01\/Mouvements-UAE-Team-Emirates-XRG-2024-2025-300x49.png 300w, https:\/\/dicodusport.fr\/blog\/wp-content\/uploads\/2025\/01\/Mouvements-UAE-Team-Emirates-XRG-2024-2025-1024x167.png 1024w, https:\/\/dicodusport.fr\/blog\/wp-content\/uploads\/2025\/01\/Mouvements-UAE-Team-Emirates-XRG-2024-2025-768x125.png 768w\" sizes=\"auto, (max-width: 1341px) 100vw, 1341px\" \/><\/a><p id=\"caption-attachment-543971\" class=\"wp-caption-text\">Mouvements UAE Team Emirates XRG 2024-2025<\/p><\/div>\n<p>&nbsp;<\/p>\n","protected":false},"excerpt":{"rendered":"<p>Bilan 2024, objectifs pour 2025 et effectif<\/p>\n","protected":false},"author":48,"featured_media":544021,"comment_status":"open","ping_status":"closed","sticky":false,"template":"","format":"standard","meta":{"_acf_changed":false,"_daextam_enable_autolinks":"1","footnotes":""},"categories":[46994],"tags":[32415,16878,574,14884],"class_list":["post-543185","post","type-post","status-publish","format-standard","has-post-thumbnail","hentry","category-cyclisme-sur-route","tag-actu","tag-breve","tag-cyclisme","tag-uae-team-emirates"],"acf":[],"yoast_head":"<!-- This site is optimized with the Yoast SEO Premium plugin v26.7 (Yoast SEO v26.7) - https:\/\/yoast.com\/wordpress\/plugins\/seo\/ -->\n<title>UAE Team Emirates XRG : Bilan 2024, objectifs pour 2025 et effectif<\/title>\n<meta name=\"description\" content=\"CYCLISME SUR ROUTE 2025 - Bilan de la saison 2024, objectifs pour 2025, effectif : tout ce qu&#039;il faut savoir sur la formation UAE Team Emirates XRG.\" \/>\n<meta name=\"robots\" content=\"index, follow, max-snippet:-1, max-image-preview:large, max-video-preview:-1\" \/>\n<link rel=\"canonical\" href=\"https:\/\/dicodusport.fr\/blog\/uae-team-emirates-xrg-bilan-2024-objectifs-pour-2025-et-effectif\/\" \/>\n<meta property=\"og:locale\" content=\"fr_FR\" \/>\n<meta property=\"og:type\" content=\"article\" \/>\n<meta property=\"og:title\" content=\"UAE Team Emirates XRG : Bilan 2024, objectifs pour 2025 et effectif\" \/>\n<meta property=\"og:description\" content=\"CYCLISME SUR ROUTE 2025 - Bilan de la saison 2024, objectifs pour 2025, effectif : tout ce qu&#039;il faut savoir sur la formation UAE Team Emirates XRG.\" \/>\n<meta property=\"og:url\" content=\"https:\/\/dicodusport.fr\/blog\/uae-team-emirates-xrg-bilan-2024-objectifs-pour-2025-et-effectif\/\" \/>\n<meta property=\"og:site_name\" content=\"Dicodusport\" \/>\n<meta property=\"article:publisher\" content=\"https:\/\/www.facebook.com\/dicodusport\" \/>\n<meta property=\"article:author\" content=\"https:\/\/www.facebook.com\/groups\/LesRoisDuPeloton\" \/>\n<meta property=\"article:published_time\" content=\"2025-01-06T09:00:07+00:00\" \/>\n<meta property=\"article:modified_time\" content=\"2025-01-06T21:25:35+00:00\" \/>\n<meta property=\"og:image\" content=\"https:\/\/dicodusport.fr\/blog\/wp-content\/uploads\/2025\/01\/UAE-Team-Emirates-XRG-Bilan-2024-objectifs-pour-2025-et-effectif-2.png\" \/>\n\t<meta property=\"og:image:width\" content=\"1200\" \/>\n\t<meta property=\"og:image:height\" content=\"674\" \/>\n\t<meta property=\"og:image:type\" content=\"image\/png\" \/>\n<meta name=\"author\" content=\"Emilien Descampiaux\" \/>\n<meta name=\"twitter:card\" content=\"summary_large_image\" \/>\n<meta name=\"twitter:title\" content=\"UAE Team Emirates XRG : Bilan 2024, objectifs pour 2025 et effectif\" \/>\n<meta name=\"twitter:creator\" content=\"@https:\/\/twitter.com\/LRoisDuPeloton\" \/>\n<meta name=\"twitter:site\" content=\"@dicodusport\" \/>\n<script type=\"application\/ld+json\" class=\"yoast-schema-graph\">{\"@context\":\"https:\/\/schema.org\",\"@graph\":[{\"@type\":\"NewsArticle\",\"@id\":\"https:\/\/dicodusport.fr\/blog\/uae-team-emirates-xrg-bilan-2024-objectifs-pour-2025-et-effectif\/#article\",\"isPartOf\":{\"@id\":\"https:\/\/dicodusport.fr\/blog\/uae-team-emirates-xrg-bilan-2024-objectifs-pour-2025-et-effectif\/\"},\"author\":{\"name\":\"Emilien Descampiaux\",\"@id\":\"https:\/\/dicodusport.fr\/blog\/#\/schema\/person\/6db4bae06b171592211be385b32876a7\"},\"headline\":\"UAE Team Emirates XRG : Bilan 2024, objectifs pour 2025 et effectif\",\"datePublished\":\"2025-01-06T09:00:07+00:00\",\"dateModified\":\"2025-01-06T21:25:35+00:00\",\"mainEntityOfPage\":{\"@id\":\"https:\/\/dicodusport.fr\/blog\/uae-team-emirates-xrg-bilan-2024-objectifs-pour-2025-et-effectif\/\"},\"wordCount\":1038,\"commentCount\":0,\"publisher\":{\"@id\":\"https:\/\/dicodusport.fr\/blog\/#organization\"},\"image\":{\"@id\":\"https:\/\/dicodusport.fr\/blog\/uae-team-emirates-xrg-bilan-2024-objectifs-pour-2025-et-effectif\/#primaryimage\"},\"thumbnailUrl\":\"https:\/\/dicodusport.fr\/blog\/wp-content\/uploads\/2025\/01\/UAE-Team-Emirates-XRG-Bilan-2024-objectifs-pour-2025-et-effectif-2.png\",\"keywords\":[\"actu\",\"br\u00e8ve\",\"Cyclisme\",\"UAE Team Emirates\"],\"articleSection\":[\"Cyclisme sur route\"],\"inLanguage\":\"fr-FR\",\"potentialAction\":[{\"@type\":\"CommentAction\",\"name\":\"Comment\",\"target\":[\"https:\/\/dicodusport.fr\/blog\/uae-team-emirates-xrg-bilan-2024-objectifs-pour-2025-et-effectif\/#respond\"]}],\"copyrightYear\":\"2025\",\"copyrightHolder\":{\"@id\":\"https:\/\/dicodusport.fr\/blog\/#organization\"}},{\"@type\":\"WebPage\",\"@id\":\"https:\/\/dicodusport.fr\/blog\/uae-team-emirates-xrg-bilan-2024-objectifs-pour-2025-et-effectif\/\",\"url\":\"https:\/\/dicodusport.fr\/blog\/uae-team-emirates-xrg-bilan-2024-objectifs-pour-2025-et-effectif\/\",\"name\":\"UAE Team Emirates XRG : Bilan 2024, objectifs pour 2025 et effectif\",\"isPartOf\":{\"@id\":\"https:\/\/dicodusport.fr\/blog\/#website\"},\"primaryImageOfPage\":{\"@id\":\"https:\/\/dicodusport.fr\/blog\/uae-team-emirates-xrg-bilan-2024-objectifs-pour-2025-et-effectif\/#primaryimage\"},\"image\":{\"@id\":\"https:\/\/dicodusport.fr\/blog\/uae-team-emirates-xrg-bilan-2024-objectifs-pour-2025-et-effectif\/#primaryimage\"},\"thumbnailUrl\":\"https:\/\/dicodusport.fr\/blog\/wp-content\/uploads\/2025\/01\/UAE-Team-Emirates-XRG-Bilan-2024-objectifs-pour-2025-et-effectif-2.png\",\"datePublished\":\"2025-01-06T09:00:07+00:00\",\"dateModified\":\"2025-01-06T21:25:35+00:00\",\"description\":\"CYCLISME SUR ROUTE 2025 - Bilan de la saison 2024, objectifs pour 2025, effectif : tout ce qu'il faut savoir sur la formation UAE Team Emirates XRG.\",\"breadcrumb\":{\"@id\":\"https:\/\/dicodusport.fr\/blog\/uae-team-emirates-xrg-bilan-2024-objectifs-pour-2025-et-effectif\/#breadcrumb\"},\"inLanguage\":\"fr-FR\",\"potentialAction\":[{\"@type\":\"ReadAction\",\"target\":[\"https:\/\/dicodusport.fr\/blog\/uae-team-emirates-xrg-bilan-2024-objectifs-pour-2025-et-effectif\/\"]}]},{\"@type\":\"ImageObject\",\"inLanguage\":\"fr-FR\",\"@id\":\"https:\/\/dicodusport.fr\/blog\/uae-team-emirates-xrg-bilan-2024-objectifs-pour-2025-et-effectif\/#primaryimage\",\"url\":\"https:\/\/dicodusport.fr\/blog\/wp-content\/uploads\/2025\/01\/UAE-Team-Emirates-XRG-Bilan-2024-objectifs-pour-2025-et-effectif-2.png\",\"contentUrl\":\"https:\/\/dicodusport.fr\/blog\/wp-content\/uploads\/2025\/01\/UAE-Team-Emirates-XRG-Bilan-2024-objectifs-pour-2025-et-effectif-2.png\",\"width\":1200,\"height\":674,\"caption\":\"UAE Team Emirates XRG Bilan 2024, objectifs pour 2025 et effectif\"},{\"@type\":\"BreadcrumbList\",\"@id\":\"https:\/\/dicodusport.fr\/blog\/uae-team-emirates-xrg-bilan-2024-objectifs-pour-2025-et-effectif\/#breadcrumb\",\"itemListElement\":[{\"@type\":\"ListItem\",\"position\":1,\"name\":\"Accueil\",\"item\":\"https:\/\/dicodusport.fr\/blog\/\"},{\"@type\":\"ListItem\",\"position\":2,\"name\":\"UAE Team Emirates XRG : Bilan 2024, objectifs pour 2025 et effectif\"}]},{\"@type\":\"WebSite\",\"@id\":\"https:\/\/dicodusport.fr\/blog\/#website\",\"url\":\"https:\/\/dicodusport.fr\/blog\/\",\"name\":\"Dicodusport\",\"description\":\"L&#039;encyclop\u00e9die de l&#039;actualit\u00e9 sportive\",\"publisher\":{\"@id\":\"https:\/\/dicodusport.fr\/blog\/#organization\"},\"potentialAction\":[{\"@type\":\"SearchAction\",\"target\":{\"@type\":\"EntryPoint\",\"urlTemplate\":\"https:\/\/dicodusport.fr\/blog\/?s={search_term_string}\"},\"query-input\":{\"@type\":\"PropertyValueSpecification\",\"valueRequired\":true,\"valueName\":\"search_term_string\"}}],\"inLanguage\":\"fr-FR\"},{\"@type\":\"NewsMediaOrganization\",\"@id\":\"https:\/\/dicodusport.fr\/blog\/#organization\",\"name\":\"Dicodusport\",\"url\":\"https:\/\/dicodusport.fr\/blog\/\",\"logo\":{\"@type\":\"ImageObject\",\"inLanguage\":\"fr-FR\",\"@id\":\"https:\/\/dicodusport.fr\/blog\/#\/schema\/logo\/image\/\",\"url\":\"https:\/\/dicodusport.fr\/blog\/wp-content\/uploads\/2020\/06\/cropped-LOGO-DICODUSPORT-2020-SANS-FOND-SANS-TEXTE.png\",\"contentUrl\":\"https:\/\/dicodusport.fr\/blog\/wp-content\/uploads\/2020\/06\/cropped-LOGO-DICODUSPORT-2020-SANS-FOND-SANS-TEXTE.png\",\"width\":512,\"height\":512,\"caption\":\"Dicodusport\"},\"image\":{\"@id\":\"https:\/\/dicodusport.fr\/blog\/#\/schema\/logo\/image\/\"},\"sameAs\":[\"https:\/\/www.facebook.com\/dicodusport\",\"https:\/\/x.com\/dicodusport\",\"https:\/\/www.instagram.com\/dicodusport\/\",\"https:\/\/www.youtube.com\/channel\/UC7V2KZ5sd3htJivAbA4ZG3w\"],\"description\":\"Dicodusport est l'encyclop\u00e9die de l'actualit\u00e9 sportive.\",\"email\":\"bonjour@dicodusport.fr\",\"legalName\":\"DICODUSPORT\",\"foundingDate\":\"2018-01-14\",\"vatID\":\"FR71834470973\",\"taxID\":\"83447097300043\",\"numberOfEmployees\":{\"@type\":\"QuantitativeValue\",\"minValue\":\"1\",\"maxValue\":\"10\"}},{\"@type\":\"Person\",\"@id\":\"https:\/\/dicodusport.fr\/blog\/#\/schema\/person\/6db4bae06b171592211be385b32876a7\",\"name\":\"Emilien Descampiaux\",\"image\":{\"@type\":\"ImageObject\",\"inLanguage\":\"fr-FR\",\"@id\":\"https:\/\/dicodusport.fr\/blog\/#\/schema\/person\/image\/\",\"url\":\"https:\/\/dicodusport.fr\/blog\/wp-content\/uploads\/2021\/05\/Emilien-Descampiaux-150x150.jpg\",\"contentUrl\":\"https:\/\/dicodusport.fr\/blog\/wp-content\/uploads\/2021\/05\/Emilien-Descampiaux-150x150.jpg\",\"caption\":\"Emilien Descampiaux\"},\"description\":\"Journaliste\/r\u00e9dacteur depuis 2014 - Fan de la classe de Frank Vandenbroucke, je vis cyclisme (et de ses paysages) depuis plus de 20 ans. Je suis tr\u00e8s impliqu\u00e9 sur mes diff\u00e9rents r\u00e9seaux sociaux pour partager ma passion sur le monde et l'Histoire de la bicyclette avec ma voix sur les images en noir et blanc du succ\u00e8s de Rik Van Steenbergen lors du Ronde sur le V\u00e9lodrome de Gand.\",\"sameAs\":[\"https:\/\/www.facebook.com\/groups\/LesRoisDuPeloton\",\"https:\/\/x.com\/https:\/\/twitter.com\/LRoisDuPeloton\"],\"url\":\"https:\/\/dicodusport.fr\/blog\/author\/emiliend\/\"}]}<\/script>\n<!-- \/ Yoast SEO Premium plugin. -->","yoast_head_json":{"title":"UAE Team Emirates XRG : Bilan 2024, objectifs pour 2025 et effectif","description":"CYCLISME SUR ROUTE 2025 - Bilan de la saison 2024, objectifs pour 2025, effectif : tout ce qu'il faut savoir sur la formation UAE Team Emirates XRG.","robots":{"index":"index","follow":"follow","max-snippet":"max-snippet:-1","max-image-preview":"max-image-preview:large","max-video-preview":"max-video-preview:-1"},"canonical":"https:\/\/dicodusport.fr\/blog\/uae-team-emirates-xrg-bilan-2024-objectifs-pour-2025-et-effectif\/","og_locale":"fr_FR","og_type":"article","og_title":"UAE Team Emirates XRG : Bilan 2024, objectifs pour 2025 et effectif","og_description":"CYCLISME SUR ROUTE 2025 - Bilan de la saison 2024, objectifs pour 2025, effectif : tout ce qu'il faut savoir sur la formation UAE Team Emirates XRG.","og_url":"https:\/\/dicodusport.fr\/blog\/uae-team-emirates-xrg-bilan-2024-objectifs-pour-2025-et-effectif\/","og_site_name":"Dicodusport","article_publisher":"https:\/\/www.facebook.com\/dicodusport","article_author":"https:\/\/www.facebook.com\/groups\/LesRoisDuPeloton","article_published_time":"2025-01-06T09:00:07+00:00","article_modified_time":"2025-01-06T21:25:35+00:00","og_image":[{"width":1200,"height":674,"url":"https:\/\/dicodusport.fr\/blog\/wp-content\/uploads\/2025\/01\/UAE-Team-Emirates-XRG-Bilan-2024-objectifs-pour-2025-et-effectif-2.png","type":"image\/png"}],"author":"Emilien Descampiaux","twitter_card":"summary_large_image","twitter_title":"UAE Team Emirates XRG : Bilan 2024, objectifs pour 2025 et effectif","twitter_creator":"@https:\/\/twitter.com\/LRoisDuPeloton","twitter_site":"@dicodusport","schema":{"@context":"https:\/\/schema.org","@graph":[{"@type":"NewsArticle","@id":"https:\/\/dicodusport.fr\/blog\/uae-team-emirates-xrg-bilan-2024-objectifs-pour-2025-et-effectif\/#article","isPartOf":{"@id":"https:\/\/dicodusport.fr\/blog\/uae-team-emirates-xrg-bilan-2024-objectifs-pour-2025-et-effectif\/"},"author":{"name":"Emilien Descampiaux","@id":"https:\/\/dicodusport.fr\/blog\/#\/schema\/person\/6db4bae06b171592211be385b32876a7"},"headline":"UAE Team Emirates XRG : Bilan 2024, objectifs pour 2025 et effectif","datePublished":"2025-01-06T09:00:07+00:00","dateModified":"2025-01-06T21:25:35+00:00","mainEntityOfPage":{"@id":"https:\/\/dicodusport.fr\/blog\/uae-team-emirates-xrg-bilan-2024-objectifs-pour-2025-et-effectif\/"},"wordCount":1038,"commentCount":0,"publisher":{"@id":"https:\/\/dicodusport.fr\/blog\/#organization"},"image":{"@id":"https:\/\/dicodusport.fr\/blog\/uae-team-emirates-xrg-bilan-2024-objectifs-pour-2025-et-effectif\/#primaryimage"},"thumbnailUrl":"https:\/\/dicodusport.fr\/blog\/wp-content\/uploads\/2025\/01\/UAE-Team-Emirates-XRG-Bilan-2024-objectifs-pour-2025-et-effectif-2.png","keywords":["actu","br\u00e8ve","Cyclisme","UAE Team Emirates"],"articleSection":["Cyclisme sur route"],"inLanguage":"fr-FR","potentialAction":[{"@type":"CommentAction","name":"Comment","target":["https:\/\/dicodusport.fr\/blog\/uae-team-emirates-xrg-bilan-2024-objectifs-pour-2025-et-effectif\/#respond"]}],"copyrightYear":"2025","copyrightHolder":{"@id":"https:\/\/dicodusport.fr\/blog\/#organization"}},{"@type":"WebPage","@id":"https:\/\/dicodusport.fr\/blog\/uae-team-emirates-xrg-bilan-2024-objectifs-pour-2025-et-effectif\/","url":"https:\/\/dicodusport.fr\/blog\/uae-team-emirates-xrg-bilan-2024-objectifs-pour-2025-et-effectif\/","name":"UAE Team Emirates XRG : Bilan 2024, objectifs pour 2025 et effectif","isPartOf":{"@id":"https:\/\/dicodusport.fr\/blog\/#website"},"primaryImageOfPage":{"@id":"https:\/\/dicodusport.fr\/blog\/uae-team-emirates-xrg-bilan-2024-objectifs-pour-2025-et-effectif\/#primaryimage"},"image":{"@id":"https:\/\/dicodusport.fr\/blog\/uae-team-emirates-xrg-bilan-2024-objectifs-pour-2025-et-effectif\/#primaryimage"},"thumbnailUrl":"https:\/\/dicodusport.fr\/blog\/wp-content\/uploads\/2025\/01\/UAE-Team-Emirates-XRG-Bilan-2024-objectifs-pour-2025-et-effectif-2.png","datePublished":"2025-01-06T09:00:07+00:00","dateModified":"2025-01-06T21:25:35+00:00","description":"CYCLISME SUR ROUTE 2025 - Bilan de la saison 2024, objectifs pour 2025, effectif : tout ce qu'il faut savoir sur la formation UAE Team Emirates XRG.","breadcrumb":{"@id":"https:\/\/dicodusport.fr\/blog\/uae-team-emirates-xrg-bilan-2024-objectifs-pour-2025-et-effectif\/#breadcrumb"},"inLanguage":"fr-FR","potentialAction":[{"@type":"ReadAction","target":["https:\/\/dicodusport.fr\/blog\/uae-team-emirates-xrg-bilan-2024-objectifs-pour-2025-et-effectif\/"]}]},{"@type":"ImageObject","inLanguage":"fr-FR","@id":"https:\/\/dicodusport.fr\/blog\/uae-team-emirates-xrg-bilan-2024-objectifs-pour-2025-et-effectif\/#primaryimage","url":"https:\/\/dicodusport.fr\/blog\/wp-content\/uploads\/2025\/01\/UAE-Team-Emirates-XRG-Bilan-2024-objectifs-pour-2025-et-effectif-2.png","contentUrl":"https:\/\/dicodusport.fr\/blog\/wp-content\/uploads\/2025\/01\/UAE-Team-Emirates-XRG-Bilan-2024-objectifs-pour-2025-et-effectif-2.png","width":1200,"height":674,"caption":"UAE Team Emirates XRG Bilan 2024, objectifs pour 2025 et effectif"},{"@type":"BreadcrumbList","@id":"https:\/\/dicodusport.fr\/blog\/uae-team-emirates-xrg-bilan-2024-objectifs-pour-2025-et-effectif\/#breadcrumb","itemListElement":[{"@type":"ListItem","position":1,"name":"Accueil","item":"https:\/\/dicodusport.fr\/blog\/"},{"@type":"ListItem","position":2,"name":"UAE Team Emirates XRG : Bilan 2024, objectifs pour 2025 et effectif"}]},{"@type":"WebSite","@id":"https:\/\/dicodusport.fr\/blog\/#website","url":"https:\/\/dicodusport.fr\/blog\/","name":"Dicodusport","description":"L&#039;encyclop\u00e9die de l&#039;actualit\u00e9 sportive","publisher":{"@id":"https:\/\/dicodusport.fr\/blog\/#organization"},"potentialAction":[{"@type":"SearchAction","target":{"@type":"EntryPoint","urlTemplate":"https:\/\/dicodusport.fr\/blog\/?s={search_term_string}"},"query-input":{"@type":"PropertyValueSpecification","valueRequired":true,"valueName":"search_term_string"}}],"inLanguage":"fr-FR"},{"@type":"NewsMediaOrganization","@id":"https:\/\/dicodusport.fr\/blog\/#organization","name":"Dicodusport","url":"https:\/\/dicodusport.fr\/blog\/","logo":{"@type":"ImageObject","inLanguage":"fr-FR","@id":"https:\/\/dicodusport.fr\/blog\/#\/schema\/logo\/image\/","url":"https:\/\/dicodusport.fr\/blog\/wp-content\/uploads\/2020\/06\/cropped-LOGO-DICODUSPORT-2020-SANS-FOND-SANS-TEXTE.png","contentUrl":"https:\/\/dicodusport.fr\/blog\/wp-content\/uploads\/2020\/06\/cropped-LOGO-DICODUSPORT-2020-SANS-FOND-SANS-TEXTE.png","width":512,"height":512,"caption":"Dicodusport"},"image":{"@id":"https:\/\/dicodusport.fr\/blog\/#\/schema\/logo\/image\/"},"sameAs":["https:\/\/www.facebook.com\/dicodusport","https:\/\/x.com\/dicodusport","https:\/\/www.instagram.com\/dicodusport\/","https:\/\/www.youtube.com\/channel\/UC7V2KZ5sd3htJivAbA4ZG3w"],"description":"Dicodusport est l'encyclop\u00e9die de l'actualit\u00e9 sportive.","email":"bonjour@dicodusport.fr","legalName":"DICODUSPORT","foundingDate":"2018-01-14","vatID":"FR71834470973","taxID":"83447097300043","numberOfEmployees":{"@type":"QuantitativeValue","minValue":"1","maxValue":"10"}},{"@type":"Person","@id":"https:\/\/dicodusport.fr\/blog\/#\/schema\/person\/6db4bae06b171592211be385b32876a7","name":"Emilien Descampiaux","image":{"@type":"ImageObject","inLanguage":"fr-FR","@id":"https:\/\/dicodusport.fr\/blog\/#\/schema\/person\/image\/","url":"https:\/\/dicodusport.fr\/blog\/wp-content\/uploads\/2021\/05\/Emilien-Descampiaux-150x150.jpg","contentUrl":"https:\/\/dicodusport.fr\/blog\/wp-content\/uploads\/2021\/05\/Emilien-Descampiaux-150x150.jpg","caption":"Emilien Descampiaux"},"description":"Journaliste\/r\u00e9dacteur depuis 2014 - Fan de la classe de Frank Vandenbroucke, je vis cyclisme (et de ses paysages) depuis plus de 20 ans. Je suis tr\u00e8s impliqu\u00e9 sur mes diff\u00e9rents r\u00e9seaux sociaux pour partager ma passion sur le monde et l'Histoire de la bicyclette avec ma voix sur les images en noir et blanc du succ\u00e8s de Rik Van Steenbergen lors du Ronde sur le V\u00e9lodrome de Gand.","sameAs":["https:\/\/www.facebook.com\/groups\/LesRoisDuPeloton","https:\/\/x.com\/https:\/\/twitter.com\/LRoisDuPeloton"],"url":"https:\/\/dicodusport.fr\/blog\/author\/emiliend\/"}]}},"_links":{"self":[{"href":"https:\/\/dicodusport.fr\/blog\/wp-json\/wp\/v2\/posts\/543185","targetHints":{"allow":["GET"]}}],"collection":[{"href":"https:\/\/dicodusport.fr\/blog\/wp-json\/wp\/v2\/posts"}],"about":[{"href":"https:\/\/dicodusport.fr\/blog\/wp-json\/wp\/v2\/types\/post"}],"author":[{"embeddable":true,"href":"https:\/\/dicodusport.fr\/blog\/wp-json\/wp\/v2\/users\/48"}],"replies":[{"embeddable":true,"href":"https:\/\/dicodusport.fr\/blog\/wp-json\/wp\/v2\/comments?post=543185"}],"version-history":[{"count":6,"href":"https:\/\/dicodusport.fr\/blog\/wp-json\/wp\/v2\/posts\/543185\/revisions"}],"predecessor-version":[{"id":544335,"href":"https:\/\/dicodusport.fr\/blog\/wp-json\/wp\/v2\/posts\/543185\/revisions\/544335"}],"wp:featuredmedia":[{"embeddable":true,"href":"https:\/\/dicodusport.fr\/blog\/wp-json\/wp\/v2\/media\/544021"}],"wp:attachment":[{"href":"https:\/\/dicodusport.fr\/blog\/wp-json\/wp\/v2\/media?parent=543185"}],"wp:term":[{"taxonomy":"category","embeddable":true,"href":"https:\/\/dicodusport.fr\/blog\/wp-json\/wp\/v2\/categories?post=543185"},{"taxonomy":"post_tag","embeddable":true,"href":"https:\/\/dicodusport.fr\/blog\/wp-json\/wp\/v2\/tags?post=543185"}],"curies":[{"name":"wp","href":"https:\/\/api.w.org\/{rel}","templated":true}]}}