{"id":543264,"date":"2025-01-01T17:34:04","date_gmt":"2025-01-01T16:34:04","guid":{"rendered":"https:\/\/dicodusport.fr\/blog\/?p=543264&#038;preview=true&#038;preview_id=543264"},"modified":"2025-01-02T00:29:14","modified_gmt":"2025-01-01T23:29:14","slug":"transferts-lyon-gift-orban-va-signer-en-bundesliga","status":"publish","type":"post","link":"https:\/\/dicodusport.fr\/blog\/transferts-lyon-gift-orban-va-signer-en-bundesliga\/","title":{"rendered":"Transferts Lyon : Gift Orban va signer en Bundesliga"},"content":{"rendered":"<h4 style=\"text-align: justify;\"><em>LIGUE 1 2024\/2025 &#8211; Selon <a href=\"https:\/\/x.com\/MatteMoretto\/status\/1874489702713381065\">Matteo Moretto<\/a>, Gift Orban n&rsquo;ira pas \u00e0 Lens mais en Allemagne, puisque Lyon et Hoffenheim sont tomb\u00e9s d&rsquo;accord pour son transfert.<\/em><\/h4>\n<p style=\"text-align: justify;\">L&rsquo;Olympique Lyonnais doit vendre pour \u00e9quilibrer ses comptes, et dispose de quelques joueurs avec une r\u00e9elle valeur marchande. Parmi eux,<strong> Gift Orban<\/strong>, arriv\u00e9 lors du pr\u00e9c\u00e9dent mercato hivernal en provenance de La Gantoise. Apr\u00e8s des d\u00e9buts encourageants, le Nig\u00e9rian a progressivement r\u00e9trograd\u00e9 dans la hi\u00e9rarchie et n&rsquo;a finalement marqu\u00e9 que 5 buts en 21 matchs sous la tunique lyonnaise. Un d\u00e9part semblait donc in\u00e9luctable.<\/p>\n<ul style=\"text-align: justify;\">\n<li><strong>\u00c0 ce sujet &#8211; <a href=\"https:\/\/dicodusport.fr\/blog\/transferts-psg-un-international-colombien-en-approche-randal-kolo-muani-sur-le-depart\/\">Transferts PSG : Un international colombien en approche, Randal Kolo Muani sur le d\u00e9part<\/a><\/strong><\/li>\n<\/ul>\n<h2 style=\"text-align: justify;\">Gift Orban va d\u00e9couvrir la Bundesliga<\/h2>\n<p style=\"text-align: justify;\">Il y a quelques jours, le RC Lens \u00e9tait venu aux renseignements et <a href=\"https:\/\/dicodusport.fr\/blog\/transferts-lyon-lens-veut-signer-gift-orban\/\">avait produit une offre<\/a>. Sur courant alternatif cette saison, les Sang et Or voulaient densifier leur attaque. N\u00e9anmoins, elle \u00e9tait loin des exigences du management lyonnais, puisque le buteur avait \u00e9t\u00e9 achet\u00e9 12 millions voil\u00e0 un an, et que l&rsquo;OL voulait donc a minima r\u00e9cup\u00e9rer cette somme.<\/p>\n<p style=\"text-align: justify;\">Il semblerait que ce soit le cas, puisque le journaliste italien <strong>Matteo Moretto<\/strong> annonce que Hoffenheim, int\u00e9ress\u00e9 depuis plusieurs semaines par <strong>Gift Orban<\/strong>, a trouv\u00e9 un accord avec l&rsquo;Olympique Lyonnais. Le montant n&rsquo;a pas \u00e9t\u00e9 communiqu\u00e9, mais devrait tourner autour de la somme susnomm\u00e9e. De quoi enclencher le mercato lyonnais, m\u00eame si l&rsquo;avenir de certains joueurs, et notamment de <strong>Rayan Cherki<\/strong>, reste encore source de discussion.<\/p>\n","protected":false},"excerpt":{"rendered":"<p>LIGUE 1 2024\/2025 &#8211; Selon Matteo Moretto, Gift Orban n&rsquo;ira pas \u00e0 Lens mais en Allemagne, puisque Lyon et Hoffenheim sont tomb\u00e9s d&rsquo;accord pour son transfert.<\/p>\n","protected":false},"author":59,"featured_media":543265,"comment_status":"open","ping_status":"closed","sticky":false,"template":"","format":"standard","meta":{"_acf_changed":false,"_daextam_enable_autolinks":"1","footnotes":""},"categories":[2301,47045],"tags":[32415,16878,75,14093,1146,43686],"class_list":["post-543264","post","type-post","status-publish","format-standard","has-post-thumbnail","hentry","category-football","category-ligue-1","tag-actu","tag-breve","tag-football","tag-mercato-football","tag-olympique-lyonnais","tag-transferts-ol"],"acf":[],"yoast_head":"<!-- This site is optimized with the Yoast SEO Premium plugin v26.7 (Yoast SEO v26.7) - https:\/\/yoast.com\/wordpress\/plugins\/seo\/ -->\n<title>Transferts Lyon : Gift Orban va signer en Bundesliga<\/title>\n<meta name=\"description\" content=\"LIGUE 1 2024\/2025 - Selon Matteo Moretto, Gift Orban n&#039;ira pas \u00e0 Lens mais en Allemagne, puisque Lyon et Hoffenheim sont tomb\u00e9s d&#039;accord pour son transfert.\" \/>\n<meta name=\"robots\" content=\"index, follow, max-snippet:-1, max-image-preview:large, max-video-preview:-1\" \/>\n<link rel=\"canonical\" href=\"https:\/\/dicodusport.fr\/blog\/transferts-lyon-gift-orban-va-signer-en-bundesliga\/\" \/>\n<meta property=\"og:locale\" content=\"fr_FR\" \/>\n<meta property=\"og:type\" content=\"article\" \/>\n<meta property=\"og:title\" content=\"Transferts Lyon : Gift Orban va signer en Bundesliga\" \/>\n<meta property=\"og:description\" content=\"LIGUE 1 2024\/2025 - Selon Matteo Moretto, Gift Orban n&#039;ira pas \u00e0 Lens mais en Allemagne, puisque Lyon et Hoffenheim sont tomb\u00e9s d&#039;accord pour son transfert.\" \/>\n<meta property=\"og:url\" content=\"https:\/\/dicodusport.fr\/blog\/transferts-lyon-gift-orban-va-signer-en-bundesliga\/\" \/>\n<meta property=\"og:site_name\" content=\"Dicodusport\" \/>\n<meta property=\"article:publisher\" content=\"https:\/\/www.facebook.com\/dicodusport\" \/>\n<meta property=\"article:author\" content=\"https:\/\/www.facebook.com\/sebastien.gente\/\" \/>\n<meta property=\"article:published_time\" content=\"2025-01-01T16:34:04+00:00\" \/>\n<meta property=\"article:modified_time\" content=\"2025-01-01T23:29:14+00:00\" \/>\n<meta property=\"og:image\" content=\"https:\/\/dicodusport.fr\/blog\/wp-content\/uploads\/2025\/01\/Transferts-Lyon-Gift-Orban-va-signer-en-Bundesliga.png\" \/>\n\t<meta property=\"og:image:width\" content=\"1200\" \/>\n\t<meta property=\"og:image:height\" content=\"674\" \/>\n\t<meta property=\"og:image:type\" content=\"image\/png\" \/>\n<meta name=\"author\" content=\"S\u00e9bastien Gente\" \/>\n<meta name=\"twitter:card\" content=\"summary_large_image\" \/>\n<meta name=\"twitter:title\" content=\"Transferts Lyon : Gift Orban va signer en Bundesliga\" \/>\n<meta name=\"twitter:creator\" content=\"@https:\/\/twitter.com\/globulo24\" \/>\n<meta name=\"twitter:site\" content=\"@dicodusport\" \/>\n<script type=\"application\/ld+json\" class=\"yoast-schema-graph\">{\"@context\":\"https:\/\/schema.org\",\"@graph\":[{\"@type\":\"NewsArticle\",\"@id\":\"https:\/\/dicodusport.fr\/blog\/transferts-lyon-gift-orban-va-signer-en-bundesliga\/#article\",\"isPartOf\":{\"@id\":\"https:\/\/dicodusport.fr\/blog\/transferts-lyon-gift-orban-va-signer-en-bundesliga\/\"},\"author\":{\"name\":\"S\u00e9bastien Gente\",\"@id\":\"https:\/\/dicodusport.fr\/blog\/#\/schema\/person\/627966a6cde45dbd8c5e36ac85d783da\"},\"headline\":\"Transferts Lyon : Gift Orban va signer en Bundesliga\",\"datePublished\":\"2025-01-01T16:34:04+00:00\",\"dateModified\":\"2025-01-01T23:29:14+00:00\",\"mainEntityOfPage\":{\"@id\":\"https:\/\/dicodusport.fr\/blog\/transferts-lyon-gift-orban-va-signer-en-bundesliga\/\"},\"wordCount\":267,\"commentCount\":0,\"publisher\":{\"@id\":\"https:\/\/dicodusport.fr\/blog\/#organization\"},\"image\":{\"@id\":\"https:\/\/dicodusport.fr\/blog\/transferts-lyon-gift-orban-va-signer-en-bundesliga\/#primaryimage\"},\"thumbnailUrl\":\"https:\/\/dicodusport.fr\/blog\/wp-content\/uploads\/2025\/01\/Transferts-Lyon-Gift-Orban-va-signer-en-Bundesliga.png\",\"keywords\":[\"actu\",\"br\u00e8ve\",\"Football\",\"Mercato football\",\"Olympique lyonnais\",\"Transferts OL\"],\"articleSection\":[\"Football\",\"Ligue 1\"],\"inLanguage\":\"fr-FR\",\"potentialAction\":[{\"@type\":\"CommentAction\",\"name\":\"Comment\",\"target\":[\"https:\/\/dicodusport.fr\/blog\/transferts-lyon-gift-orban-va-signer-en-bundesliga\/#respond\"]}],\"copyrightYear\":\"2025\",\"copyrightHolder\":{\"@id\":\"https:\/\/dicodusport.fr\/blog\/#organization\"}},{\"@type\":\"WebPage\",\"@id\":\"https:\/\/dicodusport.fr\/blog\/transferts-lyon-gift-orban-va-signer-en-bundesliga\/\",\"url\":\"https:\/\/dicodusport.fr\/blog\/transferts-lyon-gift-orban-va-signer-en-bundesliga\/\",\"name\":\"Transferts Lyon : Gift Orban va signer en Bundesliga\",\"isPartOf\":{\"@id\":\"https:\/\/dicodusport.fr\/blog\/#website\"},\"primaryImageOfPage\":{\"@id\":\"https:\/\/dicodusport.fr\/blog\/transferts-lyon-gift-orban-va-signer-en-bundesliga\/#primaryimage\"},\"image\":{\"@id\":\"https:\/\/dicodusport.fr\/blog\/transferts-lyon-gift-orban-va-signer-en-bundesliga\/#primaryimage\"},\"thumbnailUrl\":\"https:\/\/dicodusport.fr\/blog\/wp-content\/uploads\/2025\/01\/Transferts-Lyon-Gift-Orban-va-signer-en-Bundesliga.png\",\"datePublished\":\"2025-01-01T16:34:04+00:00\",\"dateModified\":\"2025-01-01T23:29:14+00:00\",\"description\":\"LIGUE 1 2024\/2025 - Selon Matteo Moretto, Gift Orban n'ira pas \u00e0 Lens mais en Allemagne, puisque Lyon et Hoffenheim sont tomb\u00e9s d'accord pour son transfert.\",\"breadcrumb\":{\"@id\":\"https:\/\/dicodusport.fr\/blog\/transferts-lyon-gift-orban-va-signer-en-bundesliga\/#breadcrumb\"},\"inLanguage\":\"fr-FR\",\"potentialAction\":[{\"@type\":\"ReadAction\",\"target\":[\"https:\/\/dicodusport.fr\/blog\/transferts-lyon-gift-orban-va-signer-en-bundesliga\/\"]}]},{\"@type\":\"ImageObject\",\"inLanguage\":\"fr-FR\",\"@id\":\"https:\/\/dicodusport.fr\/blog\/transferts-lyon-gift-orban-va-signer-en-bundesliga\/#primaryimage\",\"url\":\"https:\/\/dicodusport.fr\/blog\/wp-content\/uploads\/2025\/01\/Transferts-Lyon-Gift-Orban-va-signer-en-Bundesliga.png\",\"contentUrl\":\"https:\/\/dicodusport.fr\/blog\/wp-content\/uploads\/2025\/01\/Transferts-Lyon-Gift-Orban-va-signer-en-Bundesliga.png\",\"width\":1200,\"height\":674,\"caption\":\"Transferts Lyon Gift Orban va signer en Bundesliga\"},{\"@type\":\"BreadcrumbList\",\"@id\":\"https:\/\/dicodusport.fr\/blog\/transferts-lyon-gift-orban-va-signer-en-bundesliga\/#breadcrumb\",\"itemListElement\":[{\"@type\":\"ListItem\",\"position\":1,\"name\":\"Accueil\",\"item\":\"https:\/\/dicodusport.fr\/blog\/\"},{\"@type\":\"ListItem\",\"position\":2,\"name\":\"Transferts Lyon : Gift Orban va signer en Bundesliga\"}]},{\"@type\":\"WebSite\",\"@id\":\"https:\/\/dicodusport.fr\/blog\/#website\",\"url\":\"https:\/\/dicodusport.fr\/blog\/\",\"name\":\"Dicodusport\",\"description\":\"L&#039;encyclop\u00e9die de l&#039;actualit\u00e9 sportive\",\"publisher\":{\"@id\":\"https:\/\/dicodusport.fr\/blog\/#organization\"},\"potentialAction\":[{\"@type\":\"SearchAction\",\"target\":{\"@type\":\"EntryPoint\",\"urlTemplate\":\"https:\/\/dicodusport.fr\/blog\/?s={search_term_string}\"},\"query-input\":{\"@type\":\"PropertyValueSpecification\",\"valueRequired\":true,\"valueName\":\"search_term_string\"}}],\"inLanguage\":\"fr-FR\"},{\"@type\":\"NewsMediaOrganization\",\"@id\":\"https:\/\/dicodusport.fr\/blog\/#organization\",\"name\":\"Dicodusport\",\"url\":\"https:\/\/dicodusport.fr\/blog\/\",\"logo\":{\"@type\":\"ImageObject\",\"inLanguage\":\"fr-FR\",\"@id\":\"https:\/\/dicodusport.fr\/blog\/#\/schema\/logo\/image\/\",\"url\":\"https:\/\/dicodusport.fr\/blog\/wp-content\/uploads\/2020\/06\/cropped-LOGO-DICODUSPORT-2020-SANS-FOND-SANS-TEXTE.png\",\"contentUrl\":\"https:\/\/dicodusport.fr\/blog\/wp-content\/uploads\/2020\/06\/cropped-LOGO-DICODUSPORT-2020-SANS-FOND-SANS-TEXTE.png\",\"width\":512,\"height\":512,\"caption\":\"Dicodusport\"},\"image\":{\"@id\":\"https:\/\/dicodusport.fr\/blog\/#\/schema\/logo\/image\/\"},\"sameAs\":[\"https:\/\/www.facebook.com\/dicodusport\",\"https:\/\/x.com\/dicodusport\",\"https:\/\/www.instagram.com\/dicodusport\/\",\"https:\/\/www.youtube.com\/channel\/UC7V2KZ5sd3htJivAbA4ZG3w\"],\"description\":\"Dicodusport est l'encyclop\u00e9die de l'actualit\u00e9 sportive.\",\"email\":\"bonjour@dicodusport.fr\",\"legalName\":\"DICODUSPORT\",\"foundingDate\":\"2018-01-14\",\"vatID\":\"FR71834470973\",\"taxID\":\"83447097300043\",\"numberOfEmployees\":{\"@type\":\"QuantitativeValue\",\"minValue\":\"1\",\"maxValue\":\"10\"}},{\"@type\":\"Person\",\"@id\":\"https:\/\/dicodusport.fr\/blog\/#\/schema\/person\/627966a6cde45dbd8c5e36ac85d783da\",\"name\":\"S\u00e9bastien Gente\",\"image\":{\"@type\":\"ImageObject\",\"inLanguage\":\"fr-FR\",\"@id\":\"https:\/\/dicodusport.fr\/blog\/#\/schema\/person\/image\/\",\"url\":\"https:\/\/dicodusport.fr\/blog\/wp-content\/uploads\/2021\/09\/1510990_10205810251400683_4124423575079401707_n-150x150.jpg\",\"contentUrl\":\"https:\/\/dicodusport.fr\/blog\/wp-content\/uploads\/2021\/09\/1510990_10205810251400683_4124423575079401707_n-150x150.jpg\",\"caption\":\"S\u00e9bastien Gente\"},\"description\":\"John Stockton, Gianni Bugno, Zinedine Zidane, Steffi Graf, Frode Andresen, St\u00e9phane Stoecklin, Davis Kamoga, Primoz Peterka, Werner Schlager et Aur\u00e9lien Rougerie. Point commun entre ces sportifs? Ils m'ont fait r\u00eaver et ont berc\u00e9 mon adolescence. Je suis un fondu de sports et j'essaie de retranscrire ma passion \u00e0 travers mes articles. Originaire du P\u00e9rigord, ma passion pour les Girondins, les Jaunards et les Jazzmen transpire dans mes \u00e9crits. \u00c0 Dicodusport depuis 2021, je d\u00e9niche les sports m\u00e9connus dans lesquels la France brille, et il y en a !\",\"sameAs\":[\"https:\/\/www.facebook.com\/sebastien.gente\/\",\"https:\/\/www.instagram.com\/sebgente\/\",\"https:\/\/www.linkedin.com\/in\/sbastien-gente-a29583169\/\",\"https:\/\/x.com\/https:\/\/twitter.com\/globulo24\",\"SebastienGente\"],\"worksFor\":\"S\u00e9bastien GENTE\",\"url\":\"https:\/\/dicodusport.fr\/blog\/author\/sebastiengente\/\"}]}<\/script>\n<!-- \/ Yoast SEO Premium plugin. -->","yoast_head_json":{"title":"Transferts Lyon : Gift Orban va signer en Bundesliga","description":"LIGUE 1 2024\/2025 - Selon Matteo Moretto, Gift Orban n'ira pas \u00e0 Lens mais en Allemagne, puisque Lyon et Hoffenheim sont tomb\u00e9s d'accord pour son transfert.","robots":{"index":"index","follow":"follow","max-snippet":"max-snippet:-1","max-image-preview":"max-image-preview:large","max-video-preview":"max-video-preview:-1"},"canonical":"https:\/\/dicodusport.fr\/blog\/transferts-lyon-gift-orban-va-signer-en-bundesliga\/","og_locale":"fr_FR","og_type":"article","og_title":"Transferts Lyon : Gift Orban va signer en Bundesliga","og_description":"LIGUE 1 2024\/2025 - Selon Matteo Moretto, Gift Orban n'ira pas \u00e0 Lens mais en Allemagne, puisque Lyon et Hoffenheim sont tomb\u00e9s d'accord pour son transfert.","og_url":"https:\/\/dicodusport.fr\/blog\/transferts-lyon-gift-orban-va-signer-en-bundesliga\/","og_site_name":"Dicodusport","article_publisher":"https:\/\/www.facebook.com\/dicodusport","article_author":"https:\/\/www.facebook.com\/sebastien.gente\/","article_published_time":"2025-01-01T16:34:04+00:00","article_modified_time":"2025-01-01T23:29:14+00:00","og_image":[{"width":1200,"height":674,"url":"https:\/\/dicodusport.fr\/blog\/wp-content\/uploads\/2025\/01\/Transferts-Lyon-Gift-Orban-va-signer-en-Bundesliga.png","type":"image\/png"}],"author":"S\u00e9bastien Gente","twitter_card":"summary_large_image","twitter_title":"Transferts Lyon : Gift Orban va signer en Bundesliga","twitter_creator":"@https:\/\/twitter.com\/globulo24","twitter_site":"@dicodusport","schema":{"@context":"https:\/\/schema.org","@graph":[{"@type":"NewsArticle","@id":"https:\/\/dicodusport.fr\/blog\/transferts-lyon-gift-orban-va-signer-en-bundesliga\/#article","isPartOf":{"@id":"https:\/\/dicodusport.fr\/blog\/transferts-lyon-gift-orban-va-signer-en-bundesliga\/"},"author":{"name":"S\u00e9bastien Gente","@id":"https:\/\/dicodusport.fr\/blog\/#\/schema\/person\/627966a6cde45dbd8c5e36ac85d783da"},"headline":"Transferts Lyon : Gift Orban va signer en Bundesliga","datePublished":"2025-01-01T16:34:04+00:00","dateModified":"2025-01-01T23:29:14+00:00","mainEntityOfPage":{"@id":"https:\/\/dicodusport.fr\/blog\/transferts-lyon-gift-orban-va-signer-en-bundesliga\/"},"wordCount":267,"commentCount":0,"publisher":{"@id":"https:\/\/dicodusport.fr\/blog\/#organization"},"image":{"@id":"https:\/\/dicodusport.fr\/blog\/transferts-lyon-gift-orban-va-signer-en-bundesliga\/#primaryimage"},"thumbnailUrl":"https:\/\/dicodusport.fr\/blog\/wp-content\/uploads\/2025\/01\/Transferts-Lyon-Gift-Orban-va-signer-en-Bundesliga.png","keywords":["actu","br\u00e8ve","Football","Mercato football","Olympique lyonnais","Transferts OL"],"articleSection":["Football","Ligue 1"],"inLanguage":"fr-FR","potentialAction":[{"@type":"CommentAction","name":"Comment","target":["https:\/\/dicodusport.fr\/blog\/transferts-lyon-gift-orban-va-signer-en-bundesliga\/#respond"]}],"copyrightYear":"2025","copyrightHolder":{"@id":"https:\/\/dicodusport.fr\/blog\/#organization"}},{"@type":"WebPage","@id":"https:\/\/dicodusport.fr\/blog\/transferts-lyon-gift-orban-va-signer-en-bundesliga\/","url":"https:\/\/dicodusport.fr\/blog\/transferts-lyon-gift-orban-va-signer-en-bundesliga\/","name":"Transferts Lyon : Gift Orban va signer en Bundesliga","isPartOf":{"@id":"https:\/\/dicodusport.fr\/blog\/#website"},"primaryImageOfPage":{"@id":"https:\/\/dicodusport.fr\/blog\/transferts-lyon-gift-orban-va-signer-en-bundesliga\/#primaryimage"},"image":{"@id":"https:\/\/dicodusport.fr\/blog\/transferts-lyon-gift-orban-va-signer-en-bundesliga\/#primaryimage"},"thumbnailUrl":"https:\/\/dicodusport.fr\/blog\/wp-content\/uploads\/2025\/01\/Transferts-Lyon-Gift-Orban-va-signer-en-Bundesliga.png","datePublished":"2025-01-01T16:34:04+00:00","dateModified":"2025-01-01T23:29:14+00:00","description":"LIGUE 1 2024\/2025 - Selon Matteo Moretto, Gift Orban n'ira pas \u00e0 Lens mais en Allemagne, puisque Lyon et Hoffenheim sont tomb\u00e9s d'accord pour son transfert.","breadcrumb":{"@id":"https:\/\/dicodusport.fr\/blog\/transferts-lyon-gift-orban-va-signer-en-bundesliga\/#breadcrumb"},"inLanguage":"fr-FR","potentialAction":[{"@type":"ReadAction","target":["https:\/\/dicodusport.fr\/blog\/transferts-lyon-gift-orban-va-signer-en-bundesliga\/"]}]},{"@type":"ImageObject","inLanguage":"fr-FR","@id":"https:\/\/dicodusport.fr\/blog\/transferts-lyon-gift-orban-va-signer-en-bundesliga\/#primaryimage","url":"https:\/\/dicodusport.fr\/blog\/wp-content\/uploads\/2025\/01\/Transferts-Lyon-Gift-Orban-va-signer-en-Bundesliga.png","contentUrl":"https:\/\/dicodusport.fr\/blog\/wp-content\/uploads\/2025\/01\/Transferts-Lyon-Gift-Orban-va-signer-en-Bundesliga.png","width":1200,"height":674,"caption":"Transferts Lyon Gift Orban va signer en Bundesliga"},{"@type":"BreadcrumbList","@id":"https:\/\/dicodusport.fr\/blog\/transferts-lyon-gift-orban-va-signer-en-bundesliga\/#breadcrumb","itemListElement":[{"@type":"ListItem","position":1,"name":"Accueil","item":"https:\/\/dicodusport.fr\/blog\/"},{"@type":"ListItem","position":2,"name":"Transferts Lyon : Gift Orban va signer en Bundesliga"}]},{"@type":"WebSite","@id":"https:\/\/dicodusport.fr\/blog\/#website","url":"https:\/\/dicodusport.fr\/blog\/","name":"Dicodusport","description":"L&#039;encyclop\u00e9die de l&#039;actualit\u00e9 sportive","publisher":{"@id":"https:\/\/dicodusport.fr\/blog\/#organization"},"potentialAction":[{"@type":"SearchAction","target":{"@type":"EntryPoint","urlTemplate":"https:\/\/dicodusport.fr\/blog\/?s={search_term_string}"},"query-input":{"@type":"PropertyValueSpecification","valueRequired":true,"valueName":"search_term_string"}}],"inLanguage":"fr-FR"},{"@type":"NewsMediaOrganization","@id":"https:\/\/dicodusport.fr\/blog\/#organization","name":"Dicodusport","url":"https:\/\/dicodusport.fr\/blog\/","logo":{"@type":"ImageObject","inLanguage":"fr-FR","@id":"https:\/\/dicodusport.fr\/blog\/#\/schema\/logo\/image\/","url":"https:\/\/dicodusport.fr\/blog\/wp-content\/uploads\/2020\/06\/cropped-LOGO-DICODUSPORT-2020-SANS-FOND-SANS-TEXTE.png","contentUrl":"https:\/\/dicodusport.fr\/blog\/wp-content\/uploads\/2020\/06\/cropped-LOGO-DICODUSPORT-2020-SANS-FOND-SANS-TEXTE.png","width":512,"height":512,"caption":"Dicodusport"},"image":{"@id":"https:\/\/dicodusport.fr\/blog\/#\/schema\/logo\/image\/"},"sameAs":["https:\/\/www.facebook.com\/dicodusport","https:\/\/x.com\/dicodusport","https:\/\/www.instagram.com\/dicodusport\/","https:\/\/www.youtube.com\/channel\/UC7V2KZ5sd3htJivAbA4ZG3w"],"description":"Dicodusport est l'encyclop\u00e9die de l'actualit\u00e9 sportive.","email":"bonjour@dicodusport.fr","legalName":"DICODUSPORT","foundingDate":"2018-01-14","vatID":"FR71834470973","taxID":"83447097300043","numberOfEmployees":{"@type":"QuantitativeValue","minValue":"1","maxValue":"10"}},{"@type":"Person","@id":"https:\/\/dicodusport.fr\/blog\/#\/schema\/person\/627966a6cde45dbd8c5e36ac85d783da","name":"S\u00e9bastien Gente","image":{"@type":"ImageObject","inLanguage":"fr-FR","@id":"https:\/\/dicodusport.fr\/blog\/#\/schema\/person\/image\/","url":"https:\/\/dicodusport.fr\/blog\/wp-content\/uploads\/2021\/09\/1510990_10205810251400683_4124423575079401707_n-150x150.jpg","contentUrl":"https:\/\/dicodusport.fr\/blog\/wp-content\/uploads\/2021\/09\/1510990_10205810251400683_4124423575079401707_n-150x150.jpg","caption":"S\u00e9bastien Gente"},"description":"John Stockton, Gianni Bugno, Zinedine Zidane, Steffi Graf, Frode Andresen, St\u00e9phane Stoecklin, Davis Kamoga, Primoz Peterka, Werner Schlager et Aur\u00e9lien Rougerie. Point commun entre ces sportifs? Ils m'ont fait r\u00eaver et ont berc\u00e9 mon adolescence. Je suis un fondu de sports et j'essaie de retranscrire ma passion \u00e0 travers mes articles. Originaire du P\u00e9rigord, ma passion pour les Girondins, les Jaunards et les Jazzmen transpire dans mes \u00e9crits. \u00c0 Dicodusport depuis 2021, je d\u00e9niche les sports m\u00e9connus dans lesquels la France brille, et il y en a !","sameAs":["https:\/\/www.facebook.com\/sebastien.gente\/","https:\/\/www.instagram.com\/sebgente\/","https:\/\/www.linkedin.com\/in\/sbastien-gente-a29583169\/","https:\/\/x.com\/https:\/\/twitter.com\/globulo24","SebastienGente"],"worksFor":"S\u00e9bastien GENTE","url":"https:\/\/dicodusport.fr\/blog\/author\/sebastiengente\/"}]}},"_links":{"self":[{"href":"https:\/\/dicodusport.fr\/blog\/wp-json\/wp\/v2\/posts\/543264","targetHints":{"allow":["GET"]}}],"collection":[{"href":"https:\/\/dicodusport.fr\/blog\/wp-json\/wp\/v2\/posts"}],"about":[{"href":"https:\/\/dicodusport.fr\/blog\/wp-json\/wp\/v2\/types\/post"}],"author":[{"embeddable":true,"href":"https:\/\/dicodusport.fr\/blog\/wp-json\/wp\/v2\/users\/59"}],"replies":[{"embeddable":true,"href":"https:\/\/dicodusport.fr\/blog\/wp-json\/wp\/v2\/comments?post=543264"}],"version-history":[{"count":2,"href":"https:\/\/dicodusport.fr\/blog\/wp-json\/wp\/v2\/posts\/543264\/revisions"}],"predecessor-version":[{"id":543283,"href":"https:\/\/dicodusport.fr\/blog\/wp-json\/wp\/v2\/posts\/543264\/revisions\/543283"}],"wp:featuredmedia":[{"embeddable":true,"href":"https:\/\/dicodusport.fr\/blog\/wp-json\/wp\/v2\/media\/543265"}],"wp:attachment":[{"href":"https:\/\/dicodusport.fr\/blog\/wp-json\/wp\/v2\/media?parent=543264"}],"wp:term":[{"taxonomy":"category","embeddable":true,"href":"https:\/\/dicodusport.fr\/blog\/wp-json\/wp\/v2\/categories?post=543264"},{"taxonomy":"post_tag","embeddable":true,"href":"https:\/\/dicodusport.fr\/blog\/wp-json\/wp\/v2\/tags?post=543264"}],"curies":[{"name":"wp","href":"https:\/\/api.w.org\/{rel}","templated":true}]}}