{"id":543338,"date":"2025-01-02T13:39:06","date_gmt":"2025-01-02T12:39:06","guid":{"rendered":"https:\/\/dicodusport.fr\/blog\/?p=543338&#038;preview=true&#038;preview_id=543338"},"modified":"2025-01-02T13:39:06","modified_gmt":"2025-01-02T12:39:06","slug":"transferts-cameron-wright-et-afusipa-taumoepeau-signent-en-pro-d2","status":"publish","type":"post","link":"https:\/\/dicodusport.fr\/blog\/transferts-cameron-wright-et-afusipa-taumoepeau-signent-en-pro-d2\/","title":{"rendered":"Transferts : Cameron Wright et Afusipa Taumoepeau signent en Pro D2"},"content":{"rendered":"<h4 style=\"text-align: justify;\"><em>TRANSFERTS RUGBY &#8211; Oyonnax enregistre les arriv\u00e9es jusqu&rsquo;\u00e0 la fin de saison de Cameron Wright et <strong>Afusipa Taumoepeau.<\/strong><\/em><\/h4>\n<p style=\"text-align: justify;\">Apr\u00e8s un d\u00e9but de saison compliqu\u00e9, Oyonnax va un peu mieux en Pro D2, restant sur deux victoires cons\u00e9cutives. Ce d\u00e9but de saison peu conforme \u00e0 leurs ambitions n&#8217;emp\u00eache pas les Aindinois de s&rsquo;activer en coulisses. En ce 2 janvier, ce sont deux recrues jusqu&rsquo;\u00e0 la fin de saison qui viennent d&rsquo;\u00eatre officialis\u00e9s sur les r\u00e9seaux sociaux. La premi\u00e8re est le demi de m\u00eal\u00e9e sud-africain de 30 ans,<strong> Cameron Wright<\/strong>. D\u00e9j\u00e0 pass\u00e9 par la France et le Montpellier H\u00e9rault Rugby, o\u00f9 il n&rsquo;a pas eu beaucoup de temps de jeu entre 2015 et 2017, il est ensuite all\u00e9 avec les Sharks o\u00f9 il \u00e9voluait depuis 2017. C&rsquo;est une nouvelle grosse recrue pour la Pro D2.<\/p>\n<ul>\n<li><strong>\u00c0 ce sujet \u2013\u00a0<a href=\"https:\/\/dicodusport.fr\/blog\/classement-pro-d2-2024-2025\/\">Classement Pro D2 2024-2025<\/a><\/strong><\/li>\n<\/ul>\n<p style=\"text-align: justify;\"><strong>Afusipa Taumoepeau<\/strong> rejoint \u00e9galement les Oyomens. Le joueur australien et tongien d&rsquo;exp\u00e9rience, qui va f\u00eater ses 35 ans le 26 janvier prochain, connait bien le rugby fran\u00e7ais, pour \u00eatre pass\u00e9 par la Section Paloise (2011-2014), Albi (2014-2016), Castres (2016-2018), o\u00f9 il a \u00e9t\u00e9 sacr\u00e9 champion de France et enfin Perpignan, o\u00f9 il a encore jou\u00e9 8 matchs de Top 14 la saison pass\u00e9e, apr\u00e8s avoir \u00e9t\u00e9 un titulaire important jusqu&rsquo;en 2023 en Catalogne fran\u00e7aise.<\/p>\n<blockquote class=\"twitter-tweet\">\n<p dir=\"ltr\" lang=\"fr\">\u270d\ufe0f \ud835\udde5\ud835\uddd8\ud835\uddd6\ud835\udde5\ud835\udde8\ud835\udde7\ud835\uddd8\ud835\udde0\ud835\uddd8\ud835\udde1\ud835\udde7\ud835\udde6 I Avec BDO Avocats, nous avons le plaisir de vous annoncer les recrutement jusqu&rsquo;\u00e0 la fin de la saison du demi de m\u00eal\u00e9e \ud835\uddd6\ud835\uddee\ud835\uddfa\ud835\uddf2\ud835\uddff\ud835\uddfc\ud835\uddfb \ud835\uddea\ud835\udde5\ud835\udddc\ud835\uddda\ud835\udddb\ud835\udde7 et du trois-quarts centre \ud835\uddd4\ud835\uddf3\ud835\ude02\ud835\ude00\ud835\uddf6\ud835\uddfd\ud835\uddee \ud835\udde7\ud835\uddd4\ud835\udde8\ud835\udde0\ud835\udde2\ud835\uddd8\ud835\udde3\ud835\uddd8\ud835\uddd4\ud835\udde8. <a href=\"https:\/\/t.co\/0dJ4J9Esra\">https:\/\/t.co\/0dJ4J9Esra<\/a><\/p>\n<p>\u2014 Oyonnax Rugby (@OyonnaxRugby) <a href=\"https:\/\/twitter.com\/OyonnaxRugby\/status\/1874783778541040108?ref_src=twsrc%5Etfw\">January 2, 2025<\/a><\/p><\/blockquote>\n<p><script async src=\"https:\/\/platform.twitter.com\/widgets.js\" charset=\"utf-8\"><\/script><\/p>\n","protected":false},"excerpt":{"rendered":"<p>TRANSFERTS RUGBY &#8211; Oyonnax enregistre les arriv\u00e9es jusqu&rsquo;\u00e0 la fin de saison de Cameron Wright et Afusipa Taumoepeau.<\/p>\n","protected":false},"author":83,"featured_media":543344,"comment_status":"open","ping_status":"closed","sticky":false,"template":"","format":"standard","meta":{"_acf_changed":false,"_daextam_enable_autolinks":"1","footnotes":""},"categories":[9129],"tags":[16878,2386,1839,110,29105],"class_list":["post-543338","post","type-post","status-publish","format-standard","has-post-thumbnail","hentry","category-rugby-a-xv","tag-breve","tag-oyonnax","tag-pro-d2","tag-rugby-a-xv","tag-transferts-rugby"],"acf":[],"yoast_head":"<!-- This site is optimized with the Yoast SEO Premium plugin v26.7 (Yoast SEO v26.7) - https:\/\/yoast.com\/wordpress\/plugins\/seo\/ -->\n<title>Transferts : Cameron Wright et Afusipa Taumoepeau signent en Pro D2<\/title>\n<meta name=\"description\" content=\"TRANSFERTS RUGBY - Oyonnax enregistre les arriv\u00e9es jusqu&#039;\u00e0 la fin de saison de Cameron Wright et Afusipa Taumoepeau.\" \/>\n<meta name=\"robots\" content=\"index, follow, max-snippet:-1, max-image-preview:large, max-video-preview:-1\" \/>\n<link rel=\"canonical\" href=\"https:\/\/dicodusport.fr\/blog\/transferts-cameron-wright-et-afusipa-taumoepeau-signent-en-pro-d2\/\" \/>\n<meta property=\"og:locale\" content=\"fr_FR\" \/>\n<meta property=\"og:type\" content=\"article\" \/>\n<meta property=\"og:title\" content=\"Transferts : Cameron Wright et Afusipa Taumoepeau signent en Pro D2\" \/>\n<meta property=\"og:description\" content=\"TRANSFERTS RUGBY - Oyonnax enregistre les arriv\u00e9es jusqu&#039;\u00e0 la fin de saison de Cameron Wright et Afusipa Taumoepeau.\" \/>\n<meta property=\"og:url\" content=\"https:\/\/dicodusport.fr\/blog\/transferts-cameron-wright-et-afusipa-taumoepeau-signent-en-pro-d2\/\" \/>\n<meta property=\"og:site_name\" content=\"Dicodusport\" \/>\n<meta property=\"article:publisher\" content=\"https:\/\/www.facebook.com\/dicodusport\" \/>\n<meta property=\"article:published_time\" content=\"2025-01-02T12:39:06+00:00\" \/>\n<meta property=\"og:image\" content=\"https:\/\/dicodusport.fr\/blog\/wp-content\/uploads\/2025\/01\/Transferts-Cameron-Wright-et-Afusipa-Taumoepeau-signent-en-Pro-D2.png\" \/>\n\t<meta property=\"og:image:width\" content=\"1200\" \/>\n\t<meta property=\"og:image:height\" content=\"674\" \/>\n\t<meta property=\"og:image:type\" content=\"image\/png\" \/>\n<meta name=\"author\" content=\"Etienne Goursaud\" \/>\n<meta name=\"twitter:card\" content=\"summary_large_image\" \/>\n<meta name=\"twitter:title\" content=\"Transferts : Cameron Wright et Afusipa Taumoepeau signent en Pro D2\" \/>\n<meta name=\"twitter:creator\" content=\"@dicodusport\" \/>\n<meta name=\"twitter:site\" content=\"@dicodusport\" \/>\n<script type=\"application\/ld+json\" class=\"yoast-schema-graph\">{\"@context\":\"https:\/\/schema.org\",\"@graph\":[{\"@type\":\"NewsArticle\",\"@id\":\"https:\/\/dicodusport.fr\/blog\/transferts-cameron-wright-et-afusipa-taumoepeau-signent-en-pro-d2\/#article\",\"isPartOf\":{\"@id\":\"https:\/\/dicodusport.fr\/blog\/transferts-cameron-wright-et-afusipa-taumoepeau-signent-en-pro-d2\/\"},\"author\":{\"name\":\"Etienne Goursaud\",\"@id\":\"https:\/\/dicodusport.fr\/blog\/#\/schema\/person\/d603dd7da31fb2b46c82b9835a77ec13\"},\"headline\":\"Transferts : Cameron Wright et Afusipa Taumoepeau signent en Pro D2\",\"datePublished\":\"2025-01-02T12:39:06+00:00\",\"mainEntityOfPage\":{\"@id\":\"https:\/\/dicodusport.fr\/blog\/transferts-cameron-wright-et-afusipa-taumoepeau-signent-en-pro-d2\/\"},\"wordCount\":277,\"commentCount\":0,\"publisher\":{\"@id\":\"https:\/\/dicodusport.fr\/blog\/#organization\"},\"image\":{\"@id\":\"https:\/\/dicodusport.fr\/blog\/transferts-cameron-wright-et-afusipa-taumoepeau-signent-en-pro-d2\/#primaryimage\"},\"thumbnailUrl\":\"https:\/\/dicodusport.fr\/blog\/wp-content\/uploads\/2025\/01\/Transferts-Cameron-Wright-et-Afusipa-Taumoepeau-signent-en-Pro-D2.png\",\"keywords\":[\"br\u00e8ve\",\"Oyonnax\",\"Pro D2\",\"Rugby \u00e0 XV\",\"Transferts rugby\"],\"articleSection\":[\"Rugby \u00e0 XV\"],\"inLanguage\":\"fr-FR\",\"potentialAction\":[{\"@type\":\"CommentAction\",\"name\":\"Comment\",\"target\":[\"https:\/\/dicodusport.fr\/blog\/transferts-cameron-wright-et-afusipa-taumoepeau-signent-en-pro-d2\/#respond\"]}],\"copyrightYear\":\"2025\",\"copyrightHolder\":{\"@id\":\"https:\/\/dicodusport.fr\/blog\/#organization\"}},{\"@type\":\"WebPage\",\"@id\":\"https:\/\/dicodusport.fr\/blog\/transferts-cameron-wright-et-afusipa-taumoepeau-signent-en-pro-d2\/\",\"url\":\"https:\/\/dicodusport.fr\/blog\/transferts-cameron-wright-et-afusipa-taumoepeau-signent-en-pro-d2\/\",\"name\":\"Transferts : Cameron Wright et Afusipa Taumoepeau signent en Pro D2\",\"isPartOf\":{\"@id\":\"https:\/\/dicodusport.fr\/blog\/#website\"},\"primaryImageOfPage\":{\"@id\":\"https:\/\/dicodusport.fr\/blog\/transferts-cameron-wright-et-afusipa-taumoepeau-signent-en-pro-d2\/#primaryimage\"},\"image\":{\"@id\":\"https:\/\/dicodusport.fr\/blog\/transferts-cameron-wright-et-afusipa-taumoepeau-signent-en-pro-d2\/#primaryimage\"},\"thumbnailUrl\":\"https:\/\/dicodusport.fr\/blog\/wp-content\/uploads\/2025\/01\/Transferts-Cameron-Wright-et-Afusipa-Taumoepeau-signent-en-Pro-D2.png\",\"datePublished\":\"2025-01-02T12:39:06+00:00\",\"description\":\"TRANSFERTS RUGBY - Oyonnax enregistre les arriv\u00e9es jusqu'\u00e0 la fin de saison de Cameron Wright et Afusipa Taumoepeau.\",\"breadcrumb\":{\"@id\":\"https:\/\/dicodusport.fr\/blog\/transferts-cameron-wright-et-afusipa-taumoepeau-signent-en-pro-d2\/#breadcrumb\"},\"inLanguage\":\"fr-FR\",\"potentialAction\":[{\"@type\":\"ReadAction\",\"target\":[\"https:\/\/dicodusport.fr\/blog\/transferts-cameron-wright-et-afusipa-taumoepeau-signent-en-pro-d2\/\"]}]},{\"@type\":\"ImageObject\",\"inLanguage\":\"fr-FR\",\"@id\":\"https:\/\/dicodusport.fr\/blog\/transferts-cameron-wright-et-afusipa-taumoepeau-signent-en-pro-d2\/#primaryimage\",\"url\":\"https:\/\/dicodusport.fr\/blog\/wp-content\/uploads\/2025\/01\/Transferts-Cameron-Wright-et-Afusipa-Taumoepeau-signent-en-Pro-D2.png\",\"contentUrl\":\"https:\/\/dicodusport.fr\/blog\/wp-content\/uploads\/2025\/01\/Transferts-Cameron-Wright-et-Afusipa-Taumoepeau-signent-en-Pro-D2.png\",\"width\":1200,\"height\":674,\"caption\":\"Transferts : Cameron Wright et Afusipa Taumoepeau signent en Pro D2\"},{\"@type\":\"BreadcrumbList\",\"@id\":\"https:\/\/dicodusport.fr\/blog\/transferts-cameron-wright-et-afusipa-taumoepeau-signent-en-pro-d2\/#breadcrumb\",\"itemListElement\":[{\"@type\":\"ListItem\",\"position\":1,\"name\":\"Accueil\",\"item\":\"https:\/\/dicodusport.fr\/blog\/\"},{\"@type\":\"ListItem\",\"position\":2,\"name\":\"Transferts : Cameron Wright et Afusipa Taumoepeau signent en Pro D2\"}]},{\"@type\":\"WebSite\",\"@id\":\"https:\/\/dicodusport.fr\/blog\/#website\",\"url\":\"https:\/\/dicodusport.fr\/blog\/\",\"name\":\"Dicodusport\",\"description\":\"L&#039;encyclop\u00e9die de l&#039;actualit\u00e9 sportive\",\"publisher\":{\"@id\":\"https:\/\/dicodusport.fr\/blog\/#organization\"},\"potentialAction\":[{\"@type\":\"SearchAction\",\"target\":{\"@type\":\"EntryPoint\",\"urlTemplate\":\"https:\/\/dicodusport.fr\/blog\/?s={search_term_string}\"},\"query-input\":{\"@type\":\"PropertyValueSpecification\",\"valueRequired\":true,\"valueName\":\"search_term_string\"}}],\"inLanguage\":\"fr-FR\"},{\"@type\":\"NewsMediaOrganization\",\"@id\":\"https:\/\/dicodusport.fr\/blog\/#organization\",\"name\":\"Dicodusport\",\"url\":\"https:\/\/dicodusport.fr\/blog\/\",\"logo\":{\"@type\":\"ImageObject\",\"inLanguage\":\"fr-FR\",\"@id\":\"https:\/\/dicodusport.fr\/blog\/#\/schema\/logo\/image\/\",\"url\":\"https:\/\/dicodusport.fr\/blog\/wp-content\/uploads\/2020\/06\/cropped-LOGO-DICODUSPORT-2020-SANS-FOND-SANS-TEXTE.png\",\"contentUrl\":\"https:\/\/dicodusport.fr\/blog\/wp-content\/uploads\/2020\/06\/cropped-LOGO-DICODUSPORT-2020-SANS-FOND-SANS-TEXTE.png\",\"width\":512,\"height\":512,\"caption\":\"Dicodusport\"},\"image\":{\"@id\":\"https:\/\/dicodusport.fr\/blog\/#\/schema\/logo\/image\/\"},\"sameAs\":[\"https:\/\/www.facebook.com\/dicodusport\",\"https:\/\/x.com\/dicodusport\",\"https:\/\/www.instagram.com\/dicodusport\/\",\"https:\/\/www.youtube.com\/channel\/UC7V2KZ5sd3htJivAbA4ZG3w\"],\"description\":\"Dicodusport est l'encyclop\u00e9die de l'actualit\u00e9 sportive.\",\"email\":\"bonjour@dicodusport.fr\",\"legalName\":\"DICODUSPORT\",\"foundingDate\":\"2018-01-14\",\"vatID\":\"FR71834470973\",\"taxID\":\"83447097300043\",\"numberOfEmployees\":{\"@type\":\"QuantitativeValue\",\"minValue\":\"1\",\"maxValue\":\"10\"}},{\"@type\":\"Person\",\"@id\":\"https:\/\/dicodusport.fr\/blog\/#\/schema\/person\/d603dd7da31fb2b46c82b9835a77ec13\",\"name\":\"Etienne Goursaud\",\"image\":{\"@type\":\"ImageObject\",\"inLanguage\":\"fr-FR\",\"@id\":\"https:\/\/dicodusport.fr\/blog\/#\/schema\/person\/image\/\",\"url\":\"https:\/\/dicodusport.fr\/blog\/wp-content\/uploads\/2023\/12\/410122264_10231602061736049_5565839791558026645_n-150x150.jpg\",\"contentUrl\":\"https:\/\/dicodusport.fr\/blog\/wp-content\/uploads\/2023\/12\/410122264_10231602061736049_5565839791558026645_n-150x150.jpg\",\"caption\":\"Etienne Goursaud\"},\"description\":\"Journaliste et amoureux de sport. Ancien footballeur reconverti athl\u00e8te quand ses muscles le laissent tranquille. \u00c9lev\u00e9 \u00e0 la sauce des exploits de Thomas Voeckler en 2004, du dernier essai de l\u00e9gende de Eunice Barber \u00e0 la longueur lors des championnats du monde d'athl\u00e9tisme de 2003 mais aussi Zidane, Omeyer et Titou Lamaison.\",\"url\":\"https:\/\/dicodusport.fr\/blog\/author\/etienne-goursaud\/\"}]}<\/script>\n<!-- \/ Yoast SEO Premium plugin. -->","yoast_head_json":{"title":"Transferts : Cameron Wright et Afusipa Taumoepeau signent en Pro D2","description":"TRANSFERTS RUGBY - Oyonnax enregistre les arriv\u00e9es jusqu'\u00e0 la fin de saison de Cameron Wright et Afusipa Taumoepeau.","robots":{"index":"index","follow":"follow","max-snippet":"max-snippet:-1","max-image-preview":"max-image-preview:large","max-video-preview":"max-video-preview:-1"},"canonical":"https:\/\/dicodusport.fr\/blog\/transferts-cameron-wright-et-afusipa-taumoepeau-signent-en-pro-d2\/","og_locale":"fr_FR","og_type":"article","og_title":"Transferts : Cameron Wright et Afusipa Taumoepeau signent en Pro D2","og_description":"TRANSFERTS RUGBY - Oyonnax enregistre les arriv\u00e9es jusqu'\u00e0 la fin de saison de Cameron Wright et Afusipa Taumoepeau.","og_url":"https:\/\/dicodusport.fr\/blog\/transferts-cameron-wright-et-afusipa-taumoepeau-signent-en-pro-d2\/","og_site_name":"Dicodusport","article_publisher":"https:\/\/www.facebook.com\/dicodusport","article_published_time":"2025-01-02T12:39:06+00:00","og_image":[{"width":1200,"height":674,"url":"https:\/\/dicodusport.fr\/blog\/wp-content\/uploads\/2025\/01\/Transferts-Cameron-Wright-et-Afusipa-Taumoepeau-signent-en-Pro-D2.png","type":"image\/png"}],"author":"Etienne Goursaud","twitter_card":"summary_large_image","twitter_title":"Transferts : Cameron Wright et Afusipa Taumoepeau signent en Pro D2","twitter_creator":"@dicodusport","twitter_site":"@dicodusport","schema":{"@context":"https:\/\/schema.org","@graph":[{"@type":"NewsArticle","@id":"https:\/\/dicodusport.fr\/blog\/transferts-cameron-wright-et-afusipa-taumoepeau-signent-en-pro-d2\/#article","isPartOf":{"@id":"https:\/\/dicodusport.fr\/blog\/transferts-cameron-wright-et-afusipa-taumoepeau-signent-en-pro-d2\/"},"author":{"name":"Etienne Goursaud","@id":"https:\/\/dicodusport.fr\/blog\/#\/schema\/person\/d603dd7da31fb2b46c82b9835a77ec13"},"headline":"Transferts : Cameron Wright et Afusipa Taumoepeau signent en Pro D2","datePublished":"2025-01-02T12:39:06+00:00","mainEntityOfPage":{"@id":"https:\/\/dicodusport.fr\/blog\/transferts-cameron-wright-et-afusipa-taumoepeau-signent-en-pro-d2\/"},"wordCount":277,"commentCount":0,"publisher":{"@id":"https:\/\/dicodusport.fr\/blog\/#organization"},"image":{"@id":"https:\/\/dicodusport.fr\/blog\/transferts-cameron-wright-et-afusipa-taumoepeau-signent-en-pro-d2\/#primaryimage"},"thumbnailUrl":"https:\/\/dicodusport.fr\/blog\/wp-content\/uploads\/2025\/01\/Transferts-Cameron-Wright-et-Afusipa-Taumoepeau-signent-en-Pro-D2.png","keywords":["br\u00e8ve","Oyonnax","Pro D2","Rugby \u00e0 XV","Transferts rugby"],"articleSection":["Rugby \u00e0 XV"],"inLanguage":"fr-FR","potentialAction":[{"@type":"CommentAction","name":"Comment","target":["https:\/\/dicodusport.fr\/blog\/transferts-cameron-wright-et-afusipa-taumoepeau-signent-en-pro-d2\/#respond"]}],"copyrightYear":"2025","copyrightHolder":{"@id":"https:\/\/dicodusport.fr\/blog\/#organization"}},{"@type":"WebPage","@id":"https:\/\/dicodusport.fr\/blog\/transferts-cameron-wright-et-afusipa-taumoepeau-signent-en-pro-d2\/","url":"https:\/\/dicodusport.fr\/blog\/transferts-cameron-wright-et-afusipa-taumoepeau-signent-en-pro-d2\/","name":"Transferts : Cameron Wright et Afusipa Taumoepeau signent en Pro D2","isPartOf":{"@id":"https:\/\/dicodusport.fr\/blog\/#website"},"primaryImageOfPage":{"@id":"https:\/\/dicodusport.fr\/blog\/transferts-cameron-wright-et-afusipa-taumoepeau-signent-en-pro-d2\/#primaryimage"},"image":{"@id":"https:\/\/dicodusport.fr\/blog\/transferts-cameron-wright-et-afusipa-taumoepeau-signent-en-pro-d2\/#primaryimage"},"thumbnailUrl":"https:\/\/dicodusport.fr\/blog\/wp-content\/uploads\/2025\/01\/Transferts-Cameron-Wright-et-Afusipa-Taumoepeau-signent-en-Pro-D2.png","datePublished":"2025-01-02T12:39:06+00:00","description":"TRANSFERTS RUGBY - Oyonnax enregistre les arriv\u00e9es jusqu'\u00e0 la fin de saison de Cameron Wright et Afusipa Taumoepeau.","breadcrumb":{"@id":"https:\/\/dicodusport.fr\/blog\/transferts-cameron-wright-et-afusipa-taumoepeau-signent-en-pro-d2\/#breadcrumb"},"inLanguage":"fr-FR","potentialAction":[{"@type":"ReadAction","target":["https:\/\/dicodusport.fr\/blog\/transferts-cameron-wright-et-afusipa-taumoepeau-signent-en-pro-d2\/"]}]},{"@type":"ImageObject","inLanguage":"fr-FR","@id":"https:\/\/dicodusport.fr\/blog\/transferts-cameron-wright-et-afusipa-taumoepeau-signent-en-pro-d2\/#primaryimage","url":"https:\/\/dicodusport.fr\/blog\/wp-content\/uploads\/2025\/01\/Transferts-Cameron-Wright-et-Afusipa-Taumoepeau-signent-en-Pro-D2.png","contentUrl":"https:\/\/dicodusport.fr\/blog\/wp-content\/uploads\/2025\/01\/Transferts-Cameron-Wright-et-Afusipa-Taumoepeau-signent-en-Pro-D2.png","width":1200,"height":674,"caption":"Transferts : Cameron Wright et Afusipa Taumoepeau signent en Pro D2"},{"@type":"BreadcrumbList","@id":"https:\/\/dicodusport.fr\/blog\/transferts-cameron-wright-et-afusipa-taumoepeau-signent-en-pro-d2\/#breadcrumb","itemListElement":[{"@type":"ListItem","position":1,"name":"Accueil","item":"https:\/\/dicodusport.fr\/blog\/"},{"@type":"ListItem","position":2,"name":"Transferts : Cameron Wright et Afusipa Taumoepeau signent en Pro D2"}]},{"@type":"WebSite","@id":"https:\/\/dicodusport.fr\/blog\/#website","url":"https:\/\/dicodusport.fr\/blog\/","name":"Dicodusport","description":"L&#039;encyclop\u00e9die de l&#039;actualit\u00e9 sportive","publisher":{"@id":"https:\/\/dicodusport.fr\/blog\/#organization"},"potentialAction":[{"@type":"SearchAction","target":{"@type":"EntryPoint","urlTemplate":"https:\/\/dicodusport.fr\/blog\/?s={search_term_string}"},"query-input":{"@type":"PropertyValueSpecification","valueRequired":true,"valueName":"search_term_string"}}],"inLanguage":"fr-FR"},{"@type":"NewsMediaOrganization","@id":"https:\/\/dicodusport.fr\/blog\/#organization","name":"Dicodusport","url":"https:\/\/dicodusport.fr\/blog\/","logo":{"@type":"ImageObject","inLanguage":"fr-FR","@id":"https:\/\/dicodusport.fr\/blog\/#\/schema\/logo\/image\/","url":"https:\/\/dicodusport.fr\/blog\/wp-content\/uploads\/2020\/06\/cropped-LOGO-DICODUSPORT-2020-SANS-FOND-SANS-TEXTE.png","contentUrl":"https:\/\/dicodusport.fr\/blog\/wp-content\/uploads\/2020\/06\/cropped-LOGO-DICODUSPORT-2020-SANS-FOND-SANS-TEXTE.png","width":512,"height":512,"caption":"Dicodusport"},"image":{"@id":"https:\/\/dicodusport.fr\/blog\/#\/schema\/logo\/image\/"},"sameAs":["https:\/\/www.facebook.com\/dicodusport","https:\/\/x.com\/dicodusport","https:\/\/www.instagram.com\/dicodusport\/","https:\/\/www.youtube.com\/channel\/UC7V2KZ5sd3htJivAbA4ZG3w"],"description":"Dicodusport est l'encyclop\u00e9die de l'actualit\u00e9 sportive.","email":"bonjour@dicodusport.fr","legalName":"DICODUSPORT","foundingDate":"2018-01-14","vatID":"FR71834470973","taxID":"83447097300043","numberOfEmployees":{"@type":"QuantitativeValue","minValue":"1","maxValue":"10"}},{"@type":"Person","@id":"https:\/\/dicodusport.fr\/blog\/#\/schema\/person\/d603dd7da31fb2b46c82b9835a77ec13","name":"Etienne Goursaud","image":{"@type":"ImageObject","inLanguage":"fr-FR","@id":"https:\/\/dicodusport.fr\/blog\/#\/schema\/person\/image\/","url":"https:\/\/dicodusport.fr\/blog\/wp-content\/uploads\/2023\/12\/410122264_10231602061736049_5565839791558026645_n-150x150.jpg","contentUrl":"https:\/\/dicodusport.fr\/blog\/wp-content\/uploads\/2023\/12\/410122264_10231602061736049_5565839791558026645_n-150x150.jpg","caption":"Etienne Goursaud"},"description":"Journaliste et amoureux de sport. Ancien footballeur reconverti athl\u00e8te quand ses muscles le laissent tranquille. \u00c9lev\u00e9 \u00e0 la sauce des exploits de Thomas Voeckler en 2004, du dernier essai de l\u00e9gende de Eunice Barber \u00e0 la longueur lors des championnats du monde d'athl\u00e9tisme de 2003 mais aussi Zidane, Omeyer et Titou Lamaison.","url":"https:\/\/dicodusport.fr\/blog\/author\/etienne-goursaud\/"}]}},"_links":{"self":[{"href":"https:\/\/dicodusport.fr\/blog\/wp-json\/wp\/v2\/posts\/543338","targetHints":{"allow":["GET"]}}],"collection":[{"href":"https:\/\/dicodusport.fr\/blog\/wp-json\/wp\/v2\/posts"}],"about":[{"href":"https:\/\/dicodusport.fr\/blog\/wp-json\/wp\/v2\/types\/post"}],"author":[{"embeddable":true,"href":"https:\/\/dicodusport.fr\/blog\/wp-json\/wp\/v2\/users\/83"}],"replies":[{"embeddable":true,"href":"https:\/\/dicodusport.fr\/blog\/wp-json\/wp\/v2\/comments?post=543338"}],"version-history":[{"count":2,"href":"https:\/\/dicodusport.fr\/blog\/wp-json\/wp\/v2\/posts\/543338\/revisions"}],"predecessor-version":[{"id":543345,"href":"https:\/\/dicodusport.fr\/blog\/wp-json\/wp\/v2\/posts\/543338\/revisions\/543345"}],"wp:featuredmedia":[{"embeddable":true,"href":"https:\/\/dicodusport.fr\/blog\/wp-json\/wp\/v2\/media\/543344"}],"wp:attachment":[{"href":"https:\/\/dicodusport.fr\/blog\/wp-json\/wp\/v2\/media?parent=543338"}],"wp:term":[{"taxonomy":"category","embeddable":true,"href":"https:\/\/dicodusport.fr\/blog\/wp-json\/wp\/v2\/categories?post=543338"},{"taxonomy":"post_tag","embeddable":true,"href":"https:\/\/dicodusport.fr\/blog\/wp-json\/wp\/v2\/tags?post=543338"}],"curies":[{"name":"wp","href":"https:\/\/api.w.org\/{rel}","templated":true}]}}