{"id":543342,"date":"2025-01-06T11:00:50","date_gmt":"2025-01-06T10:00:50","guid":{"rendered":"https:\/\/dicodusport.fr\/blog\/?p=543342&#038;preview=true&#038;preview_id=543342"},"modified":"2025-01-06T04:32:13","modified_gmt":"2025-01-06T03:32:13","slug":"athletisme-ces-athletes-francais-qui-doivent-confirmer-en-2025","status":"publish","type":"post","link":"https:\/\/dicodusport.fr\/blog\/athletisme-ces-athletes-francais-qui-doivent-confirmer-en-2025\/","title":{"rendered":"Athl\u00e9tisme : Ces athl\u00e8tes fran\u00e7ais qui doivent confirmer en 2025"},"content":{"rendered":"<h4 style=\"text-align: justify;\"><em>ATHL\u00c9TISME &#8211; Focus sur ces athl\u00e8tes fran\u00e7ais qui devront confirmer en 2025, apr\u00e8s une saison 2024 tr\u00e8s prometteuse.<\/em><\/h4>\n<p style=\"text-align: justify;\">La saison 2025 aura une double particularit\u00e9. D&rsquo;une part, il s&rsquo;agira d&rsquo;une ann\u00e9e post olympique et l&rsquo;histoire a montr\u00e9 qu&rsquo;il arrivait que ces saisons permettaient \u00e0 de nouveaux noms de se faire une place dans le panorama de l&rsquo;athl\u00e9tisme mondial et que certaines stars pouvaient quelque peu lever le pied \u00e0 ce moment-l\u00e0. D&rsquo;autre part, la saison sera longue puisque les Mondiaux serviront d&rsquo;\u00e9pilogue (\u00e0 Tokyo, du 13 au 21 septembre). \u00c0 l&rsquo;instar de la saison 2019 lors de laquelle Doha avait \u00e9t\u00e9 la ville h\u00f4te de l&rsquo;\u00e9ch\u00e9ance plan\u00e9taire, la Ligue de Diamant aura rendu son verdict avant les Championnats du monde.<\/p>\n<ul>\n<li style=\"text-align: justify;\"><strong>\u00c0 voir \u00e9galement :\u00a0<a href=\"https:\/\/dicodusport.fr\/blog\/athletisme-5-athletes-francais-qui-pourraient-se-reveler-en-2025\/\">Athl\u00e9tisme : 5 athl\u00e8tes fran\u00e7ais qui pourraient se r\u00e9v\u00e9ler en 2025<\/a><\/strong><\/li>\n<\/ul>\n<p style=\"text-align: justify;\">En laissant la saison en salle de c\u00f4t\u00e9, plusieurs athl\u00e8tes d\u00e9buteront en plein air d\u00e8s le mois d&rsquo;avril. Il faudra ainsi trouver les cl\u00e9s pour rester performant pendant cinq mois. Des raisons qui attisent donc la curiosit\u00e9 \u00e0 l&rsquo;aube d&rsquo;une saison in\u00e9dite en combinant ces deux facteurs. Ainsi, nous avons dress\u00e9 une liste de dix noms attendus au tournant pour confirmer apr\u00e8s une saison 2024 plac\u00e9e sous le prisme de la r\u00e9v\u00e9lation.<\/p>\n<h2 style=\"text-align: justify;\">Les haies \u00e0 l&rsquo;honneur<\/h2>\n<h3 style=\"text-align: justify;\">Cl\u00e9ment Ducos<\/h3>\n<p style=\"text-align: justify;\">V\u00e9ritable tradition fran\u00e7aise, il semblait inconcevable de ne pas \u00e9voquer les haies tant les Fran\u00e7ais se sont r\u00e9v\u00e9l\u00e9s en 2024. Outre <strong>Cyr\u00e9na Samba-Mayela<\/strong> (vice-championne olympique) qui n&rsquo;a pas attendu 2024 pour se r\u00e9v\u00e9ler, mais plut\u00f4t pour entrer dans une autre dimension, et <strong>Sasha Zhoya<\/strong>, attendu depuis deux ans maintenant et qui semble avoir trouv\u00e9 un d\u00e9clic en fin de saison derni\u00e8re, c&rsquo;est plut\u00f4t sur le tour de piste qu&rsquo;il fallait avoir l&rsquo;\u0153il pour trouver les deux athl\u00e8tes les plus surprenants la saison derni\u00e8re.<\/p>\n<p style=\"text-align: justify;\">Presque inconnu du grand public avant les Jeux Olympiques, <strong>Cl\u00e9ment Ducos<\/strong> a r\u00e9alis\u00e9 une saison d&rsquo;une densit\u00e9 ahurissante sur le 400 m\u00e8tres haies en r\u00e9alisant pas moins de cinq courses sous les 48 secondes. Une prouesse immense lorsqu&rsquo;on sait qu&rsquo;avant lui seuls trois Fran\u00e7ais y \u00e9taient parvenus. On se souviendra peut-\u00eatre davantage de sa demi-finale olympique que de sa finale. Il avait alors termin\u00e9 dans le sillage du recordman du monde <strong>Karsten Warholm<\/strong> et devant <strong>Alison dos Santos<\/strong>, champion du monde 2022. En finale, il lui en avait manqu\u00e9 un petit peu mais <a href=\"https:\/\/dicodusport.fr\/blog\/athletisme-jo-2024-rai-benjamin-enfin-sacre-sur-le-400-m-haies-clement-ducos-4eme\/\">il terminait n\u00e9anmoins \u00e0 une remarquable quatri\u00e8me place<\/a>. Jamais le record de France de <strong>St\u00e9phane Diagana<\/strong> (47.37) n&rsquo;a sembl\u00e9 aussi menac\u00e9, et tout semble align\u00e9 pour le voir tomber d\u00e8s 2025.<\/p>\n<blockquote class=\"twitter-tweet\">\n<p dir=\"ltr\" lang=\"fr\">\ud83c\uddeb\ud83c\uddf7 MAIS TU ES \ud835\udc08\ud835\udc0c\ud835\udc0c\ud835\udc04\ud835\udc0d\ud835\udc12\ud835\udc04 Cl\u00e9ment Ducos ! \ud83e\udd29\ud83d\udc4f<\/p>\n<p>Le Fran\u00e7ais signe le deuxi\u00e8me temps de sa demi-finale du 400 m haies et disputera sa premi\u00e8re \ud835\udd57\ud835\udd5a\ud835\udd5f\ud835\udd52\ud835\udd5d\ud835\udd56 \ud835\udd60\ud835\udd5d\ud835\udd6a\ud835\udd5e\ud835\udd61\ud835\udd5a\ud835\udd62\ud835\udd66\ud835\udd56<\/p>\n<p>Suivez les Jeux de <a href=\"https:\/\/twitter.com\/hashtag\/Paris2024?src=hash&amp;ref_src=twsrc%5Etfw\">#Paris2024<\/a> sur Eurosport avec Max, Canal+ et nos partenaires de distribution <a href=\"https:\/\/t.co\/2DaHINJD9N\">pic.twitter.com\/2DaHINJD9N<\/a><\/p>\n<p>\u2014 Eurosport France (@Eurosport_FR) <a href=\"https:\/\/twitter.com\/Eurosport_FR\/status\/1821240985092841795?ref_src=twsrc%5Etfw\">August 7, 2024<\/a><\/p><\/blockquote>\n<p><script async src=\"https:\/\/platform.twitter.com\/widgets.js\" charset=\"utf-8\"><\/script><\/p>\n<h3 style=\"text-align: justify;\">Louise Maraval<\/h3>\n<p style=\"text-align: justify;\">Chez les femmes, on se souvient encore de la ligne droite de folie aux Championnats de France. <strong>Louise Maraval<\/strong> s&rsquo;\u00e9tait impos\u00e9e de peu devant <strong>Shana Grebo<\/strong>, les deux femmes r\u00e9alisant ni plus ni moins que le 2e et le 3e meilleur temps fran\u00e7ais de l&rsquo;histoire sur la distance (53.71 et 53.78). Auparavant, la premi\u00e8re avait montr\u00e9 ses belles dispositions d\u00e8s l&rsquo;hiver en salle puis au printemps en r\u00e9alisant les <em>minima<\/em> olympiques \u00e0 Marseille en 54.44. En un an, Maraval a ainsi rabot\u00e9 de pr\u00e8s de deux secondes son record personnel qui \u00e9tait encore \u00e0 55.83 \u00e0 la fin de la saison 2023. Avec en prime, <a href=\"https:\/\/dicodusport.fr\/blog\/athletisme-championnats-deurope-2024-louise-maraval-en-argent-sur-400-m-haies\/\">une deuxi\u00e8me place aux Championnats d&rsquo;Europe de Rome<\/a>.<\/p>\n<ul>\n<li style=\"text-align: justify;\"><strong>\u00c0 voir \u00e9galement :\u00a0<a href=\"https:\/\/dicodusport.fr\/blog\/athletisme-les-francais-qui-ont-minima-championnats-du-monde-2025\/\">Athl\u00e9tisme : Les Fran\u00e7ais qui ont fait les minima pour les Mondiaux 2025<\/a><\/strong><\/li>\n<\/ul>\n<p style=\"text-align: justify;\">La suite aurait pu \u00eatre du bonus, tant elle a \u00e9t\u00e9 active entre janvier et les championnats de France. Pour autant, loin de faire de la figuration, la Vend\u00e9enne a r\u00e9alis\u00e9 des Jeux Olympiques plus que satisfaisants en se qualifiant en finale (8e). Si <strong>Shana Grebo<\/strong> et elle parviennent \u00e0 nouveau \u00e0 se tirer vers le haut en 2025, on peut esp\u00e9rer les voir menacer le record de France de <strong>Marie-Jos\u00e9 P\u00e9rec<\/strong> (53.21). Un temps encore lointain, mais qui les rapprocheraient encore un petit peu des toutes meilleures mondiales.<\/p>\n<blockquote class=\"twitter-tweet\">\n<p dir=\"ltr\" lang=\"fr\">\ud83c\udde8\ud83c\uddf5 Louise Maraval se classe 8e de la finale du 400 m haies en 54\u00a0\u00bb53, dans une course marqu\u00e9e par le record du monde de \ud83c\uddfa\ud83c\uddf8 Sydney McLaughlin-Levrone en 50\u00a0\u00bb37.<\/p>\n<p>\ud83d\udc4f \u00c0 seulement 23 ans, elle devient la premi\u00e8re finaliste olympique fran\u00e7aise de l&rsquo;histoire sur la distance.\u2026 <a href=\"https:\/\/t.co\/sY0luWxTqZ\">pic.twitter.com\/sY0luWxTqZ<\/a><\/p>\n<p>\u2014 FFAthl\u00e9tisme (@FFAthletisme) <a href=\"https:\/\/twitter.com\/FFAthletisme\/status\/1821641003348193784?ref_src=twsrc%5Etfw\">August 8, 2024<\/a><\/p><\/blockquote>\n<p><script async src=\"https:\/\/platform.twitter.com\/widgets.js\" charset=\"utf-8\"><\/script><\/p>\n<h3 style=\"text-align: justify;\">Rapha\u00ebl Mohamed<\/h3>\n<p style=\"text-align: justify;\">En revenant \u00e0 la distance inf\u00e9rieure, il faudra suivre tout particuli\u00e8rement <strong>Rapha\u00ebl Mohamed<\/strong> sur le 110 m\u00e8tres haies. Trenti\u00e8me performeur mondial en 2024, <strong>Mohamed<\/strong> a abaiss\u00e9 son record personnel de deux dixi\u00e8mes la saison derni\u00e8re (13.27 contre 13.49 jusqu&rsquo;en 2023). Un chrono r\u00e9alis\u00e9 d\u00e8s sa deuxi\u00e8me course de la saison mais qu&rsquo;il n&rsquo;a su r\u00e9it\u00e9r\u00e9 ensuite. Tout l&rsquo;enjeu de la saison 2025 sera ainsi de trouver de la consistance sous les 13.30 et on le souhaite aller chercher un temps sous les 13.20. Sa demi-finale olympique et sa 4e place aux Championnats d&rsquo;Europe doivent \u00e9galement lui servir d&rsquo;exp\u00e9rience en pr\u00e9vision des Mondiaux (encore faut-il se qualifier, \u00e9tant donn\u00e9 la densit\u00e9 en France). Lors des Mondiaux 2023 et des Jeux 2024, la qualification en finale s&rsquo;\u00e9tait jou\u00e9e respectivement \u00e0 13.25 et 13.26.<\/p>\n<h2 style=\"text-align: justify;\">Le demi-fond fran\u00e7ais : une \u00e9mulation favorable<\/h2>\n<h3 style=\"text-align: justify;\">Corentin Le Clezio<\/h3>\n<p style=\"text-align: justify;\">Le demi-fond fran\u00e7ais a connu une saison historique en termes de densit\u00e9. On d\u00e9nombre ainsi 12 hommes sous les 1:46 sur le 800 m\u00e8tres et 13 sous les 3:36 sur 1500 m\u00e8tres. Si sur cette distance, les Fran\u00e7ais n&rsquo;ont pas convaincu \u00e0 l&rsquo;\u00e9chelle mondiale (aucun sous les 3:30), la donne a \u00e9t\u00e9 diff\u00e9rente sur le 800 m\u00e8tres. Un Fran\u00e7ais, certes encore tr\u00e8s loin de <strong>Gabriel Tual<\/strong>, sixi\u00e8me homme le plus rapide de l&rsquo;histoire, a notamment pris rendez-vous avec l&rsquo;avenir. Invit\u00e9 surprise aux Jeux Olympiques, <strong>Corentin Le Clezio<\/strong> a d&rsquo;abord r\u00e9alis\u00e9 un temps tr\u00e8s prometteur \u00e0 Vienne au mois de juin. En 1:44.25, <a href=\"https:\/\/dicodusport.fr\/blog\/athletisme-minima-olympiques-pour-corentin-le-clezio-sur-800-m\/\"><em>minima<\/em> olympiques \u00e0 la cl\u00e9<\/a>, il validait alors les espoirs plac\u00e9s en lui depuis sa rentr\u00e9e d\u00e9but mai au meeting national de l&rsquo;Est Lyonnais. Sa troisi\u00e8me place aux championnats nationaux lui ouvrait ensuite les portes du Stade de France, o\u00f9 il \u00e9chouait en rep\u00eachages.<\/p>\n<p style=\"text-align: justify;\">Pour lui, il faudra avant tout profiter de 2025 pour maintenir sa place dans la hi\u00e9rarchie fran\u00e7aise du 800 m\u00e8tres. La densit\u00e9 est telle que sa qualification pour les Mondiaux est encore loin d&rsquo;\u00eatre une \u00e9vidence. Derri\u00e8re <strong>Tual<\/strong> et <strong>Benjamin Robert<\/strong>, les places sont ch\u00e8res. <strong>Yanis Meziane<\/strong> aura \u00e0 c\u0153ur de balayer sa non qualification aux Jeux, tandis que d&rsquo;autres jeunes \u00e0 l&rsquo;image de <strong>Paul Anselmini<\/strong> ou <strong>Anicet Kozar<\/strong> sont en embuscade. Son premier objectif sera donc les championnats de France avant d&rsquo;esp\u00e9rer poser ses yeux sur le pays du soleil couchant. Dans cette ann\u00e9e atypique, il cherchera aussi un gros chrono sous les 1:44 dans des meetings propices \u00e0 la performance : \u00e7a tombe bien, un 800 m\u00e8tres est au programme sur les Diamond League de Paris et Monaco.<\/p>\n<h3 style=\"text-align: justify;\">Ana\u00efs Bourgoin<\/h3>\n<p style=\"text-align: justify;\">Chez les femmes, <strong>Ana\u00efs Bourgoin<\/strong> a \u00e9t\u00e9 la v\u00e9ritable surprise sur le 800 m\u00e8tres. La Fran\u00e7aise est pass\u00e9e pour la premi\u00e8re fois sous la barri\u00e8re des 2 minutes, mais ne s&rsquo;est pas content\u00e9e d&rsquo;une seule occurence. Elle l&rsquo;a fait \u00e0 cinq reprises, portant son record personnel \u00e0 1:58.47 en s\u00e9rie des Jeux Olympiques. Son parcours s&rsquo;est arr\u00eat\u00e9 en demi-finale, sans doute p\u00e9nalis\u00e9e par un passage \u00e9nergivore par le tour de rep\u00eachages. Pour autant, c&rsquo;est quelques semaines plus t\u00f4t que la polici\u00e8re de la BAC a connu son principal fait d&rsquo;armes.<\/p>\n<p style=\"text-align: justify;\">Onzi\u00e8me temps des engag\u00e9es aux Championnats d&rsquo;Europe de Rome, <strong>Bourgoin<\/strong> a cr\u00e9\u00e9 la surprise en montant sur la 3e marche du podium &#8211; en devan\u00e7ant d&rsquo;ailleurs une autre Fran\u00e7aise, <strong>L\u00e9na Kandissounon<\/strong>. Une performance de choix qui lui ouvre de nouvelles perspectives pour 2025 : elle cherchera \u00e0 entrer dans des meetings plus prestigieux, elle qui n&rsquo;a disput\u00e9 pour l&rsquo;heure aucune Diamond League, et \u00e0 descendre \u00e0 nouveau sous les 1:49.00, seuil impos\u00e9 pour r\u00e9aliser les <em>minima<\/em> pour les Mondiaux. En r\u00e9sum\u00e9, le demi-fond fran\u00e7ais a de beaux jours devant lui derri\u00e8re ses li\u00e8vres que sont <strong>Gabriel Tual<\/strong>, <strong>Benjamin Robert<\/strong> et <strong>Azeddine Habz<\/strong> chez les hommes, <strong>R\u00e9nelle Lamote<\/strong>, <strong>Agathe Guillemot<\/strong> et <strong>Alice Finot<\/strong> chez les femmes.<\/p>\n<h2 style=\"text-align: justify;\">Places \u00e0 prendre au triple saut<\/h2>\n<h3 style=\"text-align: justify;\">Ilionis Guillaume<\/h3>\n<p style=\"text-align: justify;\">Le triple saut fran\u00e7ais se cherche pour sa part ses <em>leaders<\/em> chez les hommes et chez les femmes. <strong>Ilionis Guillaume<\/strong> semble n\u00e9anmoins \u00eatre devenue la fer de lance de la discipline. Avec 9 performances achev\u00e9es au-del\u00e0 des 14 m\u00e8tres la saison derni\u00e8re, elle est la premi\u00e8re Fran\u00e7aise a avoir cass\u00e9 cette barri\u00e8re depuis <strong>Rouguy Diallo<\/strong> en 2022. Mieux, elle ne pointe plus qu&rsquo;\u00e0 10 centim\u00e8tres du record de France de <strong>Teresa Nzola Meso Ba<\/strong> (14.69 m\u00e8tres en 2007). Un objectif clair pour celle qui a test\u00e9 de nombreuses disciplines avant d&rsquo;arr\u00eater d\u00e9finitivement son choix sur le triple en 2022. Un choix payant puisque son record personnel est ainsi pass\u00e9 de 13.63 m\u00e8tres en 2022 \u00e0 13.90 m\u00e8tres en 2023 avant d&rsquo;exploser la saison derni\u00e8re (14.59 m\u00e8tres).<\/p>\n<ul>\n<li style=\"text-align: justify;\"><strong>\u00c0 voir \u00e9galement :\u00a0<a class=\"row-title\" href=\"https:\/\/dicodusport.fr\/blog\/ilionis-guillaume-il-y-a-plein-de-fois-ou-jai-voulu-tout-arreter\/\" aria-label=\"\u00ab\u00a0Ilionis Guillaume : \u201cIl y a plein de fois o\u00f9 j\u2019ai voulu tout arr\u00eater\u201d\u00a0\u00bb (Modifier)\">Ilionis Guillaume : \u201cIl y a plein de fois o\u00f9 j\u2019ai voulu tout arr\u00eater\u201d<\/a><\/strong><\/li>\n<\/ul>\n<p style=\"text-align: justify;\">Sur le plan international, \u00e0 l&rsquo;instar d&rsquo;<strong>Ana\u00efs Bourgoin<\/strong> sur 800 m\u00e8tres, <a href=\"https:\/\/dicodusport.fr\/blog\/championnats-deurope-dathletisme-2024-anais-bourgoin-medaillee-de-bronze-sur-le-800-metres\/\">sa troisi\u00e8me place aux Championnats d&rsquo;Europe<\/a> lui a ouvert de nouvelles perspectives. N\u00e9anmoins, apr\u00e8s des Jeux Olympiques contrast\u00e9s (7e des qualifications mais 12e et derni\u00e8re de la finale) il lui manque encore un r\u00e9sultat r\u00e9f\u00e9rence sur le plan mondial. 8e des derniers Mondiaux indoor, 7e et 9e des Diamond League de Chorzow et de Monaco, elle tentera de s&rsquo;installer durablement dans les meetings labellis\u00e9s Ligue de Diamant. Cela passera notamment par un Top 5 et un saut \u00e0 hauteur de son record personnel, puisque les <em>minima<\/em> pour Tokyo sont plac\u00e9s \u00e0 14.55 m\u00e8tres.<\/p>\n<h3 style=\"text-align: justify;\">Thomas Gogois<\/h3>\n<p style=\"text-align: justify;\">Chez les messieurs, le <em>leadership<\/em> est plus contest\u00e9. La densit\u00e9 est \u00e9lev\u00e9e puisqu&rsquo;ils sont six \u00e0 avoir bondi au-del\u00e0 des 16.60 m\u00e8tres l&rsquo;an dernier, mais seul <strong>Thomas Gogois<\/strong> et <strong>Jean-Marc Pontvianne<\/strong> ont franchi le cap des 17 m\u00e8tres. Le premier n&rsquo;a pas fait dans la demi-mesure en s&rsquo;envolant \u00e0 17.38 m\u00e8tres, explosant alors son record personnel (16.87 m en mai \u00e0 Forbach). Une performance de choix puisqu&rsquo;elle a \u00e9t\u00e9 r\u00e9alis\u00e9e \u00e0 Rome, th\u00e9\u00e2tre des Championnats d&rsquo;Europe, faisant de lui <a href=\"https:\/\/dicodusport.fr\/blog\/athletisme-championnats-deurope-2024-bronze-et-minima-olympiques-pour-thomas-gogois-au-triple-saut\/\">le meilleur des autres derri\u00e8re <strong>Jordan Diaz Fortun<\/strong> et <strong>Pedro Pichardo<\/strong><\/a> tous deux au-del\u00e0 des 18 m\u00e8tres.<\/p>\n<p style=\"text-align: justify;\">Il lui faudra confirmer cette prouesse r\u00e9alis\u00e9e sur une piste d&rsquo;\u00e9lan propice \u00e0 la performance, et qui pour l&rsquo;heure est rest\u00e9e sans suite, puisqu&rsquo;il n&rsquo;est pas retomb\u00e9 au-del\u00e0 des 17 m\u00e8tres depuis. On attendra ainsi de la r\u00e9gularit\u00e9 autour des 17 &#8211; 17.20 m\u00e8tres pour s&rsquo;installer comme la t\u00eate d&rsquo;affiche du triple tricolore. Cela sera n\u00e9cessaire pour entrevoir des Mondiaux, o\u00f9 les <em>minima<\/em> se situent \u00e0 17.22 m\u00e8tres.<\/p>\n<h2 style=\"text-align: justify;\">Les concours : une place \u00e0 se faire<\/h2>\n<h3 style=\"text-align: justify;\">Teuraiterai Tupaia<\/h3>\n<p style=\"text-align: justify;\">Il a r\u00e9alis\u00e9 l&rsquo;une des sensations de l&rsquo;ann\u00e9e 2024 chez les Bleus en envoyant son javelot \u00e0 86.11 m\u00e8tres en mai dernier \u00e0 Fontainebleau. <a href=\"https:\/\/dicodusport.fr\/blog\/athletisme-teuraiterai-tupaia-pulverise-le-record-de-france-du-javelot-et-realise-les-minima-olympiques\/\">Record de France explos\u00e9<\/a> \u00e0 la cl\u00e9 puisqu&rsquo;il s&rsquo;agissait jusque-l\u00e0 du jet de <strong>Pascal Lefevre<\/strong> : 84.90 m\u00e8tres en 1990. Avant cela, sa meilleure performance en 2024 n&rsquo;\u00e9tait qu&rsquo;un petit 68.74 m\u00e8tres r\u00e9alis\u00e9 \u00e0 Salon-de-Provence en f\u00e9vrier. Il n&rsquo;avait pas d\u00e9pass\u00e9 les 80 m\u00e8tres depuis 2021. Restait alors \u00e0 savoir si cette performance \u00e9tait alors un coup d&rsquo;\u00e9clat ou les pr\u00e9mices une belle s\u00e9rie \u00e0 venir.<\/p>\n<p style=\"text-align: justify;\">Malheureusement la suite a \u00e9t\u00e9 plus compliqu\u00e9e. Bless\u00e9 au coude, le Polyn\u00e9sien ne s&rsquo;est content\u00e9 que d&rsquo;un lancer en finale des Championnats d&rsquo;Europe. Une tentative mesur\u00e9e \u00e0 82.98 m\u00e8tres qui confirmait la nouvelle dimension prise par le lanceur et que la performance de Fontainebleau n&rsquo;\u00e9tait pas un ph\u00e9nom\u00e8ne \u00e9ph\u00e9m\u00e8re. Une cinqui\u00e8me place finale et presque deux mois de repos et pr\u00e9paration pour arriver en forme aux Jeux. Il n&rsquo;en a rien \u00e9t\u00e9. Toujours g\u00ean\u00e9, le Fran\u00e7ais n&rsquo;a valid\u00e9 aucun lancer en qualification. Une fin de saison pr\u00e9matur\u00e9e donc de sorte de gu\u00e9rir, et aborder 2025 dans les meilleures conditions. On l&rsquo;esp\u00e8re en mesure de r\u00e9it\u00e9rer des lancers au-del\u00e0 des 85 m\u00e8tres pour se faire une place de choix dans la hi\u00e9rarchie europ\u00e9enne, avant peut-\u00eatre une qualification aux Mondiaux. Jamais depuis 1987, un Fran\u00e7ais n&rsquo;a disput\u00e9 de finale mondiale au lancer du javelot.<\/p>\n<h3 style=\"text-align: justify;\">Rose Loga<\/h3>\n<p style=\"text-align: justify;\"><strong>Rose Loga<\/strong> entend bien quant \u00e0 elle prendre la rel\u00e8ve d&rsquo;<strong>Alexandra Tavernier<\/strong> au lancer du marteau. Apr\u00e8s avoir franchi la barre des 70 m\u00e8tres pour la premi\u00e8re fois en 2021, l&rsquo;Eur\u00e9lienne a enfin trouv\u00e9 de la r\u00e9gularit\u00e9 \u00e0 ce niveau en r\u00e9alisant 10 concours entre 70 m\u00e8tres et 72.68 m\u00e8tres, son record personnel. Une performance r\u00e9alis\u00e9e une fois de plus \u00e0 Rome, comme <strong>Gogois<\/strong> ou <strong>Bourgoin<\/strong>, et qui lui a l\u00e0 encore permis de grimper sur la <a href=\"https:\/\/dicodusport.fr\/blog\/athletisme-championnats-deurope-2024-rose-loga-en-bronze-au-marteau\/\">troisi\u00e8me marche du podium<\/a>.<\/p>\n<ul>\n<li style=\"text-align: justify;\"><strong>\u00c0 voir \u00e9galement :\u00a0<a href=\"https:\/\/dicodusport.fr\/blog\/athletisme-rose-loga-prodige-qui-fonce-vers-les-sommets\/\">Athl\u00e9tisme : Rose Loga, prodige qui fonce vers les sommets<\/a><\/strong><\/li>\n<\/ul>\n<p style=\"text-align: justify;\">22e performeuse mondiale en 2024, <strong>Loga<\/strong> a encore du chemin \u00e0 parcourir avant de pr\u00e9tendre peser au niveau mondial. Sur la pente ascendante, il ne faudra pas l&rsquo;attendre trop haut en 2025. On lui souhaite de s&rsquo;approcher (voire plus) du record de France d&rsquo;<strong>Alexandra Tavernier<\/strong> (75.38 m\u00e8tres), une performance qui lui ouvrirait les portes d&rsquo;une finale mondiale. En laissant le ranking de c\u00f4t\u00e9, il faudra r\u00e9aliser 74 m\u00e8tres pour y d\u00e9crocher sa place.<\/p>\n<h3 style=\"text-align: justify;\">Robin Emig<\/h3>\n<p style=\"text-align: justify;\">Il est devenu le 15 ao\u00fbt dernier le 18e Fran\u00e7ais \u00e0 franchir 5.80 m\u00e8tres \u00e0 la perche. Une densit\u00e9 qui place la France dans les meilleures nations de l&rsquo;histoire de la discipline. N\u00e9anmoins, si une telle barre permettait encore de monter sur le podium mondial en 2009, elle ne permettait m\u00eame pas de figurer dans le Top 6 olympique cet \u00e9t\u00e9. C&rsquo;est dire l&rsquo;\u00e9l\u00e9vation du niveau ces derni\u00e8res ann\u00e9es \u00e0 la faveur des performances de <strong>Renaud Lavillenie<\/strong> puis d&rsquo;<strong>Armand Duplantis<\/strong>. 28e meilleur performeur mondial en 2024, <strong>Robin Emig<\/strong> devra d&rsquo;abord confirmer \u00e0 ces hauteurs avant de viser plus haut.<\/p>\n<p style=\"text-align: justify;\">Actuellement sur la pente ascendante comme l&rsquo;atteste l&rsquo;\u00e9volution de son record personnel (5.50 m\u00e8tres en 2022, 5.71 en 2023 et 5.80 d\u00e9sormais), il faudra gagner en r\u00e9gularit\u00e9 pour se faire une place sur l&rsquo;\u00e9chiquier mondial. L&rsquo;an pass\u00e9, il n&rsquo;a conclu que 5 de ses 20 concours \u00e0 5.70 m\u00e8tres et plus. Les minima pour les Mondiaux s&rsquo;\u00e9l\u00e8vent \u00e0 5.82 m\u00e8tres : une barre loin d&rsquo;\u00eatre infranchissable pour lui. Une finale mondiale serait un bel accomplissement lui qui a \u00e9chou\u00e9 au stade des qualifications cet \u00e9t\u00e9 \u00e0 Paris.<\/p>\n<h2 style=\"text-align: justify;\">Mais aussi&#8230;<\/h2>\n<h3 style=\"text-align: justify;\">Sprint<\/h3>\n<p style=\"text-align: justify;\">D&rsquo;autres noms auraient pu pr\u00e9tendre \u00e0 quelques mots, \u00e0 commencer par <strong>H\u00e9l\u00e8ne Parisot<\/strong>, qui a attendu ses 31 ans pour \u00e9merger au plus haut niveau sur 200 m\u00e8tres. En 2024, elle a termin\u00e9 34e meilleure performeuse mondiale sur 200 m\u00e8tres, mais devanc\u00e9e par 20 Am\u00e9ricaines. \u00c0 raison de trois athl\u00e8tes par pays, cela la place dans le Top 20 mondial, synonyme de demi-finale aux Jeux Olympiques (3e de sa demie, 22.55 secondes, record personnel) et potentiellement aux Mondiaux l&rsquo;an prochain (<em>minima<\/em> d\u00e9j\u00e0 en poche). \u00c0 condition de confirmer donc.<\/p>\n<p style=\"text-align: justify;\">Chez les hommes, on attendra la confirmation de <strong>Pablo Mat\u00e9o<\/strong>, qui a r\u00e9alis\u00e9 une saison pleine de promesses sur 100 et 200 m\u00e8tres. On suivra \u00e9galement <strong>Jeff Erius<\/strong> (9.98 sur 100m). Chez les femmes, <strong>Amandine Brossier<\/strong>, pr\u00e9sente sur le circuit depuis si longtemps, a enfin r\u00e9alis\u00e9 un gros chrono sur 400m en 2024 (50.43) en devenant la 2e meilleure performeuse fran\u00e7aise de l&rsquo;histoire derri\u00e8re <strong>Marie-Jos\u00e9 P\u00e9rec<\/strong> (48.25).<\/p>\n<h3 style=\"text-align: justify;\">Demi-fond<\/h3>\n<p style=\"text-align: justify;\">On ne peut pas citer <strong>Alexis Miellet<\/strong> comme \u00e9tant une r\u00e9v\u00e9lation, mais sa reconversion du 1500 au <a href=\"https:\/\/dicodusport.fr\/blog\/athletisme-championnats-deurope-2024-double-miellet-djilali-loga-les-resultats-de-la-belle-soiree-du-lundi\/\">3000 m\u00e8tres steeple a \u00e9t\u00e9 si \u00e9blouissante<\/a> qu&rsquo;on attendra \u00e9galement confirmation, avec les Mondiaux en ligne de mire. Un objectif aussi pour <strong>Nicolas-Marie Daru<\/strong>, champion de France surprise de la discipline. Sur 800 m\u00e8tres, <strong>Charlotte Pizzo<\/strong> a cass\u00e9 la barri\u00e8re des deux minutes pour la premi\u00e8re fois en 2024. Elle tentera de reproduire cette performance en 2025. Sur 1500 m\u00e8tres, <strong>Ma\u00ebl Gouyette tentera<\/strong> de se qualifier pour les Mondiaux apr\u00e8s une premi\u00e8re saison au plus haut niveau et une qualification aux Europe et aux Jeux.<\/p>\n<h3 style=\"text-align: justify;\">Concours<\/h3>\n<p style=\"text-align: justify;\"><strong>Tom Reux<\/strong> tentera de reproduire un lancer \u00e0 la hauteur de ses <a href=\"https:\/\/dicodusport.fr\/blog\/athletisme-jo-2024-minima-olympiques-pour-tom-reux-au-disque\/\">67.91 m\u00e8tres<\/a> au disque et s&rsquo;approcher du record de France de <strong>Jean-Claude Retel<\/strong> (68.90 m\u00e8tres). Un objectif difficile, puisqu&rsquo;il n&rsquo;a r\u00e9alis\u00e9 qu&rsquo;un seul autre concours au-del\u00e0 des 60 m\u00e8tres en 2024. <strong>Marie-Julie Bonin<\/strong> n&rsquo;est plus qu&rsquo;\u00e0 5 centim\u00e8tres du record de France (4.75 m\u00e8tres) du saut \u00e0 la perche d\u00e9tenu par <strong>Ninon Guillon-Romarin<\/strong>. Son saut \u00e0 4.70 m\u00e8tres en 2024 doit en appeler d&rsquo;autres. <strong>Amanda Ngandu-Ntumba<\/strong> a lanc\u00e9 son disque au-del\u00e0 des 60 m\u00e8tres pour la premi\u00e8re fois de sa carri\u00e8re en 2024. Elle cherchera \u00e0 \u00eatre r\u00e9guli\u00e8re \u00e0 ce niveau.<\/p>\n<h3 style=\"text-align: justify;\">Marche<\/h3>\n<p style=\"text-align: justify;\"><strong>Cl\u00e9mence Beretta<\/strong> avait ouvert la voie en 2022 puis 2023, elle a \u00e9t\u00e9 imit\u00e9e par <strong>Pauline Stey<\/strong> et <strong>Camille Moutard<\/strong>. Elles sont d\u00e9sormais trois \u00e0 \u00eatre descendues sous les 1h30 au 20 km marche. Aucune Fran\u00e7aise ne l&rsquo;avait fait dans l&rsquo;histoire, <strong>Nora Genebrier<\/strong> \u00e9tant depuis 2000 l&rsquo;ancienne recordwoman de France en 1h31:15.<\/p>\n<h3 style=\"text-align: justify;\">\u00c9preuves combin\u00e9es<\/h3>\n<p style=\"text-align: justify;\">Avec 8606 points \u00e0 Rome, <strong>Makenson Gletty<\/strong> a obtenu le <a href=\"https:\/\/dicodusport.fr\/blog\/athletisme-championnats-deurope-2024-minimas-olympiques-et-medaille-de-bronze-au-decathlon-pour-makenson-gletty-minimas-egalement-pour-kevin-mayer\/\">bronze aux Championnats d&rsquo;Europe<\/a>. Une performance non r\u00e9\u00e9dit\u00e9e aux Jeux, sans doute fatigu\u00e9 de sa saison (12e, 8309 points). On l&rsquo;attendra \u00e0 nouveau en 2025 avec son record personnel en ligne de mire. Il a les <em>minima<\/em> en poche tout comme <strong>Auriana Lazraq-Khlass<\/strong>, qui s&rsquo;\u00e9tait r\u00e9v\u00e9l\u00e9e en 2023, mais qui est entr\u00e9e dans une nouvelle dimension en 2024 (6e performeuse mondiale de l&rsquo;ann\u00e9e, vice-championne d&rsquo;Europe).<\/p>\n","protected":false},"excerpt":{"rendered":"<p>ATHL\u00c9TISME &#8211; Focus sur ces athl\u00e8tes fran\u00e7ais qui devront confirmer en 2025, apr\u00e8s une saison 2024 tr\u00e8s prometteuse.<\/p>\n","protected":false},"author":91,"featured_media":543373,"comment_status":"open","ping_status":"closed","sticky":false,"template":"","format":"standard","meta":{"_acf_changed":false,"_daextam_enable_autolinks":"1","footnotes":""},"categories":[2308],"tags":[32415,143,10976,16878,24],"class_list":["post-543342","post","type-post","status-publish","format-standard","has-post-thumbnail","hentry","category-athletisme","tag-actu","tag-athletisme","tag-athletisme-francais","tag-breve","tag-sport"],"acf":[],"yoast_head":"<!-- This site is optimized with the Yoast SEO Premium plugin v26.7 (Yoast SEO v26.7) - https:\/\/yoast.com\/wordpress\/plugins\/seo\/ -->\n<title>Athl\u00e9tisme : Ces athl\u00e8tes fran\u00e7ais qui doivent confirmer en 2025<\/title>\n<meta name=\"description\" content=\"ATHL\u00c9TISME - Focus sur ces athl\u00e8tes fran\u00e7ais qui devront confirmer en 2025, apr\u00e8s une saison 2024 tr\u00e8s prometteuse.\" \/>\n<meta name=\"robots\" content=\"index, follow, max-snippet:-1, max-image-preview:large, max-video-preview:-1\" \/>\n<link rel=\"canonical\" href=\"https:\/\/dicodusport.fr\/blog\/athletisme-ces-athletes-francais-qui-doivent-confirmer-en-2025\/\" \/>\n<meta property=\"og:locale\" content=\"fr_FR\" \/>\n<meta property=\"og:type\" content=\"article\" \/>\n<meta property=\"og:title\" content=\"Athl\u00e9tisme : Ces athl\u00e8tes fran\u00e7ais qui doivent confirmer en 2025\" \/>\n<meta property=\"og:description\" content=\"ATHL\u00c9TISME - Focus sur ces athl\u00e8tes fran\u00e7ais qui devront confirmer en 2025, apr\u00e8s une saison 2024 tr\u00e8s prometteuse.\" \/>\n<meta property=\"og:url\" content=\"https:\/\/dicodusport.fr\/blog\/athletisme-ces-athletes-francais-qui-doivent-confirmer-en-2025\/\" \/>\n<meta property=\"og:site_name\" content=\"Dicodusport\" \/>\n<meta property=\"article:publisher\" content=\"https:\/\/www.facebook.com\/dicodusport\" \/>\n<meta property=\"article:published_time\" content=\"2025-01-06T10:00:50+00:00\" \/>\n<meta property=\"og:image\" content=\"https:\/\/dicodusport.fr\/blog\/wp-content\/uploads\/2025\/01\/Athletisme-Ces-athletes-francais-qui-doivent-confirmer-en-2025.png\" \/>\n\t<meta property=\"og:image:width\" content=\"1200\" \/>\n\t<meta property=\"og:image:height\" content=\"674\" \/>\n\t<meta property=\"og:image:type\" content=\"image\/png\" \/>\n<meta name=\"author\" content=\"Victor Clot-Amiot\" \/>\n<meta name=\"twitter:card\" content=\"summary_large_image\" \/>\n<meta name=\"twitter:title\" content=\"Athl\u00e9tisme : Ces athl\u00e8tes fran\u00e7ais qui doivent confirmer en 2025\" \/>\n<meta name=\"twitter:creator\" content=\"@https:\/\/x.com\/VictorClotAmiot\" \/>\n<meta name=\"twitter:site\" content=\"@dicodusport\" \/>\n<script type=\"application\/ld+json\" class=\"yoast-schema-graph\">{\"@context\":\"https:\/\/schema.org\",\"@graph\":[{\"@type\":\"NewsArticle\",\"@id\":\"https:\/\/dicodusport.fr\/blog\/athletisme-ces-athletes-francais-qui-doivent-confirmer-en-2025\/#article\",\"isPartOf\":{\"@id\":\"https:\/\/dicodusport.fr\/blog\/athletisme-ces-athletes-francais-qui-doivent-confirmer-en-2025\/\"},\"author\":{\"name\":\"Victor Clot-Amiot\",\"@id\":\"https:\/\/dicodusport.fr\/blog\/#\/schema\/person\/b623199cba9ba90fe84a3d16e9282360\"},\"headline\":\"Athl\u00e9tisme : Ces athl\u00e8tes fran\u00e7ais qui doivent confirmer en 2025\",\"datePublished\":\"2025-01-06T10:00:50+00:00\",\"mainEntityOfPage\":{\"@id\":\"https:\/\/dicodusport.fr\/blog\/athletisme-ces-athletes-francais-qui-doivent-confirmer-en-2025\/\"},\"wordCount\":3088,\"commentCount\":2,\"publisher\":{\"@id\":\"https:\/\/dicodusport.fr\/blog\/#organization\"},\"image\":{\"@id\":\"https:\/\/dicodusport.fr\/blog\/athletisme-ces-athletes-francais-qui-doivent-confirmer-en-2025\/#primaryimage\"},\"thumbnailUrl\":\"https:\/\/dicodusport.fr\/blog\/wp-content\/uploads\/2025\/01\/Athletisme-Ces-athletes-francais-qui-doivent-confirmer-en-2025.png\",\"keywords\":[\"actu\",\"Athl\u00e9tisme\",\"Athl\u00e9tisme fran\u00e7ais\",\"br\u00e8ve\",\"sport\"],\"articleSection\":[\"Athl\u00e9tisme\"],\"inLanguage\":\"fr-FR\",\"potentialAction\":[{\"@type\":\"CommentAction\",\"name\":\"Comment\",\"target\":[\"https:\/\/dicodusport.fr\/blog\/athletisme-ces-athletes-francais-qui-doivent-confirmer-en-2025\/#respond\"]}],\"copyrightYear\":\"2025\",\"copyrightHolder\":{\"@id\":\"https:\/\/dicodusport.fr\/blog\/#organization\"}},{\"@type\":\"WebPage\",\"@id\":\"https:\/\/dicodusport.fr\/blog\/athletisme-ces-athletes-francais-qui-doivent-confirmer-en-2025\/\",\"url\":\"https:\/\/dicodusport.fr\/blog\/athletisme-ces-athletes-francais-qui-doivent-confirmer-en-2025\/\",\"name\":\"Athl\u00e9tisme : Ces athl\u00e8tes fran\u00e7ais qui doivent confirmer en 2025\",\"isPartOf\":{\"@id\":\"https:\/\/dicodusport.fr\/blog\/#website\"},\"primaryImageOfPage\":{\"@id\":\"https:\/\/dicodusport.fr\/blog\/athletisme-ces-athletes-francais-qui-doivent-confirmer-en-2025\/#primaryimage\"},\"image\":{\"@id\":\"https:\/\/dicodusport.fr\/blog\/athletisme-ces-athletes-francais-qui-doivent-confirmer-en-2025\/#primaryimage\"},\"thumbnailUrl\":\"https:\/\/dicodusport.fr\/blog\/wp-content\/uploads\/2025\/01\/Athletisme-Ces-athletes-francais-qui-doivent-confirmer-en-2025.png\",\"datePublished\":\"2025-01-06T10:00:50+00:00\",\"description\":\"ATHL\u00c9TISME - Focus sur ces athl\u00e8tes fran\u00e7ais qui devront confirmer en 2025, apr\u00e8s une saison 2024 tr\u00e8s prometteuse.\",\"breadcrumb\":{\"@id\":\"https:\/\/dicodusport.fr\/blog\/athletisme-ces-athletes-francais-qui-doivent-confirmer-en-2025\/#breadcrumb\"},\"inLanguage\":\"fr-FR\",\"potentialAction\":[{\"@type\":\"ReadAction\",\"target\":[\"https:\/\/dicodusport.fr\/blog\/athletisme-ces-athletes-francais-qui-doivent-confirmer-en-2025\/\"]}]},{\"@type\":\"ImageObject\",\"inLanguage\":\"fr-FR\",\"@id\":\"https:\/\/dicodusport.fr\/blog\/athletisme-ces-athletes-francais-qui-doivent-confirmer-en-2025\/#primaryimage\",\"url\":\"https:\/\/dicodusport.fr\/blog\/wp-content\/uploads\/2025\/01\/Athletisme-Ces-athletes-francais-qui-doivent-confirmer-en-2025.png\",\"contentUrl\":\"https:\/\/dicodusport.fr\/blog\/wp-content\/uploads\/2025\/01\/Athletisme-Ces-athletes-francais-qui-doivent-confirmer-en-2025.png\",\"width\":1200,\"height\":674,\"caption\":\"Athl\u00e9tisme Ces athl\u00e8tes fran\u00e7ais qui doivent confirmer en 2025\"},{\"@type\":\"BreadcrumbList\",\"@id\":\"https:\/\/dicodusport.fr\/blog\/athletisme-ces-athletes-francais-qui-doivent-confirmer-en-2025\/#breadcrumb\",\"itemListElement\":[{\"@type\":\"ListItem\",\"position\":1,\"name\":\"Accueil\",\"item\":\"https:\/\/dicodusport.fr\/blog\/\"},{\"@type\":\"ListItem\",\"position\":2,\"name\":\"Athl\u00e9tisme : Ces athl\u00e8tes fran\u00e7ais qui doivent confirmer en 2025\"}]},{\"@type\":\"WebSite\",\"@id\":\"https:\/\/dicodusport.fr\/blog\/#website\",\"url\":\"https:\/\/dicodusport.fr\/blog\/\",\"name\":\"Dicodusport\",\"description\":\"L&#039;encyclop\u00e9die de l&#039;actualit\u00e9 sportive\",\"publisher\":{\"@id\":\"https:\/\/dicodusport.fr\/blog\/#organization\"},\"potentialAction\":[{\"@type\":\"SearchAction\",\"target\":{\"@type\":\"EntryPoint\",\"urlTemplate\":\"https:\/\/dicodusport.fr\/blog\/?s={search_term_string}\"},\"query-input\":{\"@type\":\"PropertyValueSpecification\",\"valueRequired\":true,\"valueName\":\"search_term_string\"}}],\"inLanguage\":\"fr-FR\"},{\"@type\":\"NewsMediaOrganization\",\"@id\":\"https:\/\/dicodusport.fr\/blog\/#organization\",\"name\":\"Dicodusport\",\"url\":\"https:\/\/dicodusport.fr\/blog\/\",\"logo\":{\"@type\":\"ImageObject\",\"inLanguage\":\"fr-FR\",\"@id\":\"https:\/\/dicodusport.fr\/blog\/#\/schema\/logo\/image\/\",\"url\":\"https:\/\/dicodusport.fr\/blog\/wp-content\/uploads\/2020\/06\/cropped-LOGO-DICODUSPORT-2020-SANS-FOND-SANS-TEXTE.png\",\"contentUrl\":\"https:\/\/dicodusport.fr\/blog\/wp-content\/uploads\/2020\/06\/cropped-LOGO-DICODUSPORT-2020-SANS-FOND-SANS-TEXTE.png\",\"width\":512,\"height\":512,\"caption\":\"Dicodusport\"},\"image\":{\"@id\":\"https:\/\/dicodusport.fr\/blog\/#\/schema\/logo\/image\/\"},\"sameAs\":[\"https:\/\/www.facebook.com\/dicodusport\",\"https:\/\/x.com\/dicodusport\",\"https:\/\/www.instagram.com\/dicodusport\/\",\"https:\/\/www.youtube.com\/channel\/UC7V2KZ5sd3htJivAbA4ZG3w\"],\"description\":\"Dicodusport est l'encyclop\u00e9die de l'actualit\u00e9 sportive.\",\"email\":\"bonjour@dicodusport.fr\",\"legalName\":\"DICODUSPORT\",\"foundingDate\":\"2018-01-14\",\"vatID\":\"FR71834470973\",\"taxID\":\"83447097300043\",\"numberOfEmployees\":{\"@type\":\"QuantitativeValue\",\"minValue\":\"1\",\"maxValue\":\"10\"}},{\"@type\":\"Person\",\"@id\":\"https:\/\/dicodusport.fr\/blog\/#\/schema\/person\/b623199cba9ba90fe84a3d16e9282360\",\"name\":\"Victor Clot-Amiot\",\"image\":{\"@type\":\"ImageObject\",\"inLanguage\":\"fr-FR\",\"@id\":\"https:\/\/dicodusport.fr\/blog\/#\/schema\/person\/image\/\",\"url\":\"https:\/\/dicodusport.fr\/blog\/wp-content\/uploads\/2023\/09\/IMG_20190826_114722-150x150.jpg\",\"contentUrl\":\"https:\/\/dicodusport.fr\/blog\/wp-content\/uploads\/2023\/09\/IMG_20190826_114722-150x150.jpg\",\"caption\":\"Victor Clot-Amiot\"},\"description\":\"Passionn\u00e9 de sport depuis toujours, un jour \u00e0 l'adolescence mes parents m'ont dit : \\\"quitte \u00e0 passer ton temps \u00e0 regarder du sport, au moins va le voir en vrai\\\" ! Depuis, cette remarque ne m'a plus quitt\u00e9 et je passe une grande partie de mon temps libre \u00e0 assister \u00e0 des comp\u00e9titions de tous sports. Je m\u00eale d'ailleurs mes deux passions, le sport et les voyages afin de faire une pierre deux coups ! Outre l'US Open ou l'Euro 2021 par exemple, j'ai assist\u00e9 cet \u00e9t\u00e9 aux Mondiaux d'athl\u00e9tisme \u00e0 Budapest. Mon plus gros coup dur est et restera les JO 2020-2021 pour lesquels j'avais r\u00e9serv\u00e9 17 \u00e9preuves. La suite, vous la connaissez...\",\"sameAs\":[\"https:\/\/x.com\/https:\/\/x.com\/VictorClotAmiot\"],\"url\":\"https:\/\/dicodusport.fr\/blog\/author\/victor-clot-amiot\/\"}]}<\/script>\n<!-- \/ Yoast SEO Premium plugin. -->","yoast_head_json":{"title":"Athl\u00e9tisme : Ces athl\u00e8tes fran\u00e7ais qui doivent confirmer en 2025","description":"ATHL\u00c9TISME - Focus sur ces athl\u00e8tes fran\u00e7ais qui devront confirmer en 2025, apr\u00e8s une saison 2024 tr\u00e8s prometteuse.","robots":{"index":"index","follow":"follow","max-snippet":"max-snippet:-1","max-image-preview":"max-image-preview:large","max-video-preview":"max-video-preview:-1"},"canonical":"https:\/\/dicodusport.fr\/blog\/athletisme-ces-athletes-francais-qui-doivent-confirmer-en-2025\/","og_locale":"fr_FR","og_type":"article","og_title":"Athl\u00e9tisme : Ces athl\u00e8tes fran\u00e7ais qui doivent confirmer en 2025","og_description":"ATHL\u00c9TISME - Focus sur ces athl\u00e8tes fran\u00e7ais qui devront confirmer en 2025, apr\u00e8s une saison 2024 tr\u00e8s prometteuse.","og_url":"https:\/\/dicodusport.fr\/blog\/athletisme-ces-athletes-francais-qui-doivent-confirmer-en-2025\/","og_site_name":"Dicodusport","article_publisher":"https:\/\/www.facebook.com\/dicodusport","article_published_time":"2025-01-06T10:00:50+00:00","og_image":[{"width":1200,"height":674,"url":"https:\/\/dicodusport.fr\/blog\/wp-content\/uploads\/2025\/01\/Athletisme-Ces-athletes-francais-qui-doivent-confirmer-en-2025.png","type":"image\/png"}],"author":"Victor Clot-Amiot","twitter_card":"summary_large_image","twitter_title":"Athl\u00e9tisme : Ces athl\u00e8tes fran\u00e7ais qui doivent confirmer en 2025","twitter_creator":"@https:\/\/x.com\/VictorClotAmiot","twitter_site":"@dicodusport","schema":{"@context":"https:\/\/schema.org","@graph":[{"@type":"NewsArticle","@id":"https:\/\/dicodusport.fr\/blog\/athletisme-ces-athletes-francais-qui-doivent-confirmer-en-2025\/#article","isPartOf":{"@id":"https:\/\/dicodusport.fr\/blog\/athletisme-ces-athletes-francais-qui-doivent-confirmer-en-2025\/"},"author":{"name":"Victor Clot-Amiot","@id":"https:\/\/dicodusport.fr\/blog\/#\/schema\/person\/b623199cba9ba90fe84a3d16e9282360"},"headline":"Athl\u00e9tisme : Ces athl\u00e8tes fran\u00e7ais qui doivent confirmer en 2025","datePublished":"2025-01-06T10:00:50+00:00","mainEntityOfPage":{"@id":"https:\/\/dicodusport.fr\/blog\/athletisme-ces-athletes-francais-qui-doivent-confirmer-en-2025\/"},"wordCount":3088,"commentCount":2,"publisher":{"@id":"https:\/\/dicodusport.fr\/blog\/#organization"},"image":{"@id":"https:\/\/dicodusport.fr\/blog\/athletisme-ces-athletes-francais-qui-doivent-confirmer-en-2025\/#primaryimage"},"thumbnailUrl":"https:\/\/dicodusport.fr\/blog\/wp-content\/uploads\/2025\/01\/Athletisme-Ces-athletes-francais-qui-doivent-confirmer-en-2025.png","keywords":["actu","Athl\u00e9tisme","Athl\u00e9tisme fran\u00e7ais","br\u00e8ve","sport"],"articleSection":["Athl\u00e9tisme"],"inLanguage":"fr-FR","potentialAction":[{"@type":"CommentAction","name":"Comment","target":["https:\/\/dicodusport.fr\/blog\/athletisme-ces-athletes-francais-qui-doivent-confirmer-en-2025\/#respond"]}],"copyrightYear":"2025","copyrightHolder":{"@id":"https:\/\/dicodusport.fr\/blog\/#organization"}},{"@type":"WebPage","@id":"https:\/\/dicodusport.fr\/blog\/athletisme-ces-athletes-francais-qui-doivent-confirmer-en-2025\/","url":"https:\/\/dicodusport.fr\/blog\/athletisme-ces-athletes-francais-qui-doivent-confirmer-en-2025\/","name":"Athl\u00e9tisme : Ces athl\u00e8tes fran\u00e7ais qui doivent confirmer en 2025","isPartOf":{"@id":"https:\/\/dicodusport.fr\/blog\/#website"},"primaryImageOfPage":{"@id":"https:\/\/dicodusport.fr\/blog\/athletisme-ces-athletes-francais-qui-doivent-confirmer-en-2025\/#primaryimage"},"image":{"@id":"https:\/\/dicodusport.fr\/blog\/athletisme-ces-athletes-francais-qui-doivent-confirmer-en-2025\/#primaryimage"},"thumbnailUrl":"https:\/\/dicodusport.fr\/blog\/wp-content\/uploads\/2025\/01\/Athletisme-Ces-athletes-francais-qui-doivent-confirmer-en-2025.png","datePublished":"2025-01-06T10:00:50+00:00","description":"ATHL\u00c9TISME - Focus sur ces athl\u00e8tes fran\u00e7ais qui devront confirmer en 2025, apr\u00e8s une saison 2024 tr\u00e8s prometteuse.","breadcrumb":{"@id":"https:\/\/dicodusport.fr\/blog\/athletisme-ces-athletes-francais-qui-doivent-confirmer-en-2025\/#breadcrumb"},"inLanguage":"fr-FR","potentialAction":[{"@type":"ReadAction","target":["https:\/\/dicodusport.fr\/blog\/athletisme-ces-athletes-francais-qui-doivent-confirmer-en-2025\/"]}]},{"@type":"ImageObject","inLanguage":"fr-FR","@id":"https:\/\/dicodusport.fr\/blog\/athletisme-ces-athletes-francais-qui-doivent-confirmer-en-2025\/#primaryimage","url":"https:\/\/dicodusport.fr\/blog\/wp-content\/uploads\/2025\/01\/Athletisme-Ces-athletes-francais-qui-doivent-confirmer-en-2025.png","contentUrl":"https:\/\/dicodusport.fr\/blog\/wp-content\/uploads\/2025\/01\/Athletisme-Ces-athletes-francais-qui-doivent-confirmer-en-2025.png","width":1200,"height":674,"caption":"Athl\u00e9tisme Ces athl\u00e8tes fran\u00e7ais qui doivent confirmer en 2025"},{"@type":"BreadcrumbList","@id":"https:\/\/dicodusport.fr\/blog\/athletisme-ces-athletes-francais-qui-doivent-confirmer-en-2025\/#breadcrumb","itemListElement":[{"@type":"ListItem","position":1,"name":"Accueil","item":"https:\/\/dicodusport.fr\/blog\/"},{"@type":"ListItem","position":2,"name":"Athl\u00e9tisme : Ces athl\u00e8tes fran\u00e7ais qui doivent confirmer en 2025"}]},{"@type":"WebSite","@id":"https:\/\/dicodusport.fr\/blog\/#website","url":"https:\/\/dicodusport.fr\/blog\/","name":"Dicodusport","description":"L&#039;encyclop\u00e9die de l&#039;actualit\u00e9 sportive","publisher":{"@id":"https:\/\/dicodusport.fr\/blog\/#organization"},"potentialAction":[{"@type":"SearchAction","target":{"@type":"EntryPoint","urlTemplate":"https:\/\/dicodusport.fr\/blog\/?s={search_term_string}"},"query-input":{"@type":"PropertyValueSpecification","valueRequired":true,"valueName":"search_term_string"}}],"inLanguage":"fr-FR"},{"@type":"NewsMediaOrganization","@id":"https:\/\/dicodusport.fr\/blog\/#organization","name":"Dicodusport","url":"https:\/\/dicodusport.fr\/blog\/","logo":{"@type":"ImageObject","inLanguage":"fr-FR","@id":"https:\/\/dicodusport.fr\/blog\/#\/schema\/logo\/image\/","url":"https:\/\/dicodusport.fr\/blog\/wp-content\/uploads\/2020\/06\/cropped-LOGO-DICODUSPORT-2020-SANS-FOND-SANS-TEXTE.png","contentUrl":"https:\/\/dicodusport.fr\/blog\/wp-content\/uploads\/2020\/06\/cropped-LOGO-DICODUSPORT-2020-SANS-FOND-SANS-TEXTE.png","width":512,"height":512,"caption":"Dicodusport"},"image":{"@id":"https:\/\/dicodusport.fr\/blog\/#\/schema\/logo\/image\/"},"sameAs":["https:\/\/www.facebook.com\/dicodusport","https:\/\/x.com\/dicodusport","https:\/\/www.instagram.com\/dicodusport\/","https:\/\/www.youtube.com\/channel\/UC7V2KZ5sd3htJivAbA4ZG3w"],"description":"Dicodusport est l'encyclop\u00e9die de l'actualit\u00e9 sportive.","email":"bonjour@dicodusport.fr","legalName":"DICODUSPORT","foundingDate":"2018-01-14","vatID":"FR71834470973","taxID":"83447097300043","numberOfEmployees":{"@type":"QuantitativeValue","minValue":"1","maxValue":"10"}},{"@type":"Person","@id":"https:\/\/dicodusport.fr\/blog\/#\/schema\/person\/b623199cba9ba90fe84a3d16e9282360","name":"Victor Clot-Amiot","image":{"@type":"ImageObject","inLanguage":"fr-FR","@id":"https:\/\/dicodusport.fr\/blog\/#\/schema\/person\/image\/","url":"https:\/\/dicodusport.fr\/blog\/wp-content\/uploads\/2023\/09\/IMG_20190826_114722-150x150.jpg","contentUrl":"https:\/\/dicodusport.fr\/blog\/wp-content\/uploads\/2023\/09\/IMG_20190826_114722-150x150.jpg","caption":"Victor Clot-Amiot"},"description":"Passionn\u00e9 de sport depuis toujours, un jour \u00e0 l'adolescence mes parents m'ont dit : \"quitte \u00e0 passer ton temps \u00e0 regarder du sport, au moins va le voir en vrai\" ! Depuis, cette remarque ne m'a plus quitt\u00e9 et je passe une grande partie de mon temps libre \u00e0 assister \u00e0 des comp\u00e9titions de tous sports. Je m\u00eale d'ailleurs mes deux passions, le sport et les voyages afin de faire une pierre deux coups ! Outre l'US Open ou l'Euro 2021 par exemple, j'ai assist\u00e9 cet \u00e9t\u00e9 aux Mondiaux d'athl\u00e9tisme \u00e0 Budapest. Mon plus gros coup dur est et restera les JO 2020-2021 pour lesquels j'avais r\u00e9serv\u00e9 17 \u00e9preuves. La suite, vous la connaissez...","sameAs":["https:\/\/x.com\/https:\/\/x.com\/VictorClotAmiot"],"url":"https:\/\/dicodusport.fr\/blog\/author\/victor-clot-amiot\/"}]}},"_links":{"self":[{"href":"https:\/\/dicodusport.fr\/blog\/wp-json\/wp\/v2\/posts\/543342","targetHints":{"allow":["GET"]}}],"collection":[{"href":"https:\/\/dicodusport.fr\/blog\/wp-json\/wp\/v2\/posts"}],"about":[{"href":"https:\/\/dicodusport.fr\/blog\/wp-json\/wp\/v2\/types\/post"}],"author":[{"embeddable":true,"href":"https:\/\/dicodusport.fr\/blog\/wp-json\/wp\/v2\/users\/91"}],"replies":[{"embeddable":true,"href":"https:\/\/dicodusport.fr\/blog\/wp-json\/wp\/v2\/comments?post=543342"}],"version-history":[{"count":6,"href":"https:\/\/dicodusport.fr\/blog\/wp-json\/wp\/v2\/posts\/543342\/revisions"}],"predecessor-version":[{"id":544207,"href":"https:\/\/dicodusport.fr\/blog\/wp-json\/wp\/v2\/posts\/543342\/revisions\/544207"}],"wp:featuredmedia":[{"embeddable":true,"href":"https:\/\/dicodusport.fr\/blog\/wp-json\/wp\/v2\/media\/543373"}],"wp:attachment":[{"href":"https:\/\/dicodusport.fr\/blog\/wp-json\/wp\/v2\/media?parent=543342"}],"wp:term":[{"taxonomy":"category","embeddable":true,"href":"https:\/\/dicodusport.fr\/blog\/wp-json\/wp\/v2\/categories?post=543342"},{"taxonomy":"post_tag","embeddable":true,"href":"https:\/\/dicodusport.fr\/blog\/wp-json\/wp\/v2\/tags?post=543342"}],"curies":[{"name":"wp","href":"https:\/\/api.w.org\/{rel}","templated":true}]}}