{"id":543379,"date":"2025-01-02T19:12:36","date_gmt":"2025-01-02T18:12:36","guid":{"rendered":"https:\/\/dicodusport.fr\/blog\/?p=543379&#038;preview=true&#038;preview_id=543379"},"modified":"2025-01-02T20:34:56","modified_gmt":"2025-01-02T19:34:56","slug":"dakar-2025-nasser-al-attiyah-sebastien-loeb-ricky-brabec-les-favoris-de-cette-edition","status":"publish","type":"post","link":"https:\/\/dicodusport.fr\/blog\/dakar-2025-nasser-al-attiyah-sebastien-loeb-ricky-brabec-les-favoris-de-cette-edition\/","title":{"rendered":"Dakar 2025 : Nasser Al-Attiyah, S\u00e9bastien Loeb, Ricky Brabec, les favoris de cette \u00e9dition"},"content":{"rendered":"<h4 style=\"text-align: justify;\"><em><strong>RALLYE DAKAR 2025 \u2013 La 47<sup>\u00e8me<\/sup> \u00e9dition du Dakar s\u2019\u00e9lancera demain avec le prologue. L\u2019occasion d\u2019\u00e9voquer les favoris au titre. Qui succ\u00e9dera \u00e0 Carlos Sainz en cat\u00e9gorie auto et \u00e0 Ricky Brabec en cat\u00e9gorie moto ?<\/strong><\/em><\/h4>\n<ul>\n<li style=\"text-align: justify;\"><strong>\u00c0 ce sujet &#8211; <a href=\"https:\/\/dicodusport.fr\/blog\/parcours-dakar-2025-le-programme-des-etapes\/\">Parcours Dakar 2025 : Le programme des \u00e9tapes<\/a><\/strong><\/li>\n<\/ul>\n<p style=\"text-align: justify;\">439 v\u00e9hicules s\u2019\u00e9lanceront de <strong>Bisha<\/strong> en <strong>Arabie Saoudite<\/strong> pour la 47<sup>\u00e8me<\/sup> \u00e9dition du <strong>Dakar<\/strong>, la 6<sup>\u00e8me<\/sup> organis\u00e9e en <strong>Arabie Saoudite.<\/strong> Ils vont parcourir pr\u00e8s de <strong>8000km<\/strong> dans le d\u00e9sert saoudien. La deuxi\u00e8me \u00e9tape \u00e0 Bisha sera la plus longue, avec 965 kilom\u00e8tres \u00e0 parcourir. Le parcours est diff\u00e9rent de celui de l\u2019ann\u00e9e derni\u00e8re, avec une remont\u00e9e de Bisha vers le nord. Apr\u00e8s 5 jours, les pilotes se dirigeront vers l\u2019est et le nord-est du pays. Ils passeront notamment au niveau de <strong>Riyadh<\/strong>, la capitale, avant de finir \u00e0 <strong>Shubaytah<\/strong> le 17 janvier. Au cours de ces deux semaines de comp\u00e9tition, il y aura une bataille acharn\u00e9e pour le classement g\u00e9n\u00e9ral.<\/p>\n<blockquote class=\"twitter-tweet\">\n<p dir=\"ltr\" lang=\"in\">\ud83d\udc47 The official route of Dakar 2025!<br \/>\n\ud83d\udea9 Bisha &#8211; Shubaytah \ud83c\udfc1<br \/>\n\ud83c\udfcd 7,706 km (5,146 km of SS)<br \/>\n\ud83d\ude97 7,759 km (5,115 km of SS)<\/p>\n<p>\ud83d\udd1c <a href=\"https:\/\/twitter.com\/hashtag\/Dakar2025?src=hash&amp;ref_src=twsrc%5Etfw\">#Dakar2025<\/a> <a href=\"https:\/\/twitter.com\/hashtag\/DakarInSaudi?src=hash&amp;ref_src=twsrc%5Etfw\">#DakarInSaudi<\/a> <a href=\"https:\/\/t.co\/ImCJH4OClv\">pic.twitter.com\/ImCJH4OClv<\/a><\/p>\n<p>\u2014 DAKAR RALLY (@dakar) <a href=\"https:\/\/twitter.com\/dakar\/status\/1862150809158660595?ref_src=twsrc%5Etfw\">November 28, 2024<\/a><\/p><\/blockquote>\n<p style=\"text-align: justify;\"><script async src=\"https:\/\/platform.twitter.com\/widgets.js\" charset=\"utf-8\"><\/script><\/p>\n<h2 style=\"text-align: justify;\">Nasser Al-Attiyah, S\u00e9bastien Loeb et Carlos Sainz en position de favoris<\/h2>\n<p style=\"text-align: justify;\">Le <strong>grand favori<\/strong> de cette \u00e9dition, comme chaque ann\u00e9e, est <strong>Nasser Al-Attiyah<\/strong>. Le pilote qatarien, accompagn\u00e9 cette ann\u00e9e par <strong>Edouard Boulanger<\/strong>, veut renouer avec la victoire. Le <strong>quintuple vainqueur<\/strong> <strong>du Dakar<\/strong> (2011, 2015, 2019, 2022, 2023) vise la premi\u00e8re marche du podium malgr\u00e9 un changement de voiture et de co-pilote. Le duo <strong>Dacia<\/strong> a d\u00e9j\u00e0 montr\u00e9 de tr\u00e8s bonnes choses pour sa premi\u00e8re apparition, avec une victoire au Rallye du Maroc.<\/p>\n<p style=\"text-align: justify;\">Mais il devra faire face \u00e0 une autre \u00e9quipe Dacia, celle de<strong> S\u00e9bastien Loeb<\/strong>. Le <strong>Fran\u00e7ais<\/strong>, 9 fois champion du monde de Rallye WRC, n\u2019a toujours pas remport\u00e9 le <strong>Rallye Dakar<\/strong>. En 9 participations, il est mont\u00e9 5 fois sur le podium dont trois fois \u00e0 la deuxi\u00e8me place. Il esp\u00e8re, avec son changement d\u2019\u00e9quipe et de voiture, pouvoir enfin d\u00e9crocher le titre.<\/p>\n<p style=\"text-align: justify;\">Le tenant du titre, <strong>Carlos Sainz<\/strong>, quadruple vainqueur, sera \u00e9galement \u00e0 surveiller. Le v\u00e9t\u00e9ran espagnol de 62 ans, participera avec <strong>Ford<\/strong>, nouvelle \u00e9quipe dans la comp\u00e9tition. Ce qui \u00e9met des doutes sur la capacit\u00e9 de <strong>Sainz<\/strong> de conserver son titre. Aucune \u00e9quipe n\u2019a d\u00e9j\u00e0 remport\u00e9 le <strong>Dakar<\/strong> d\u00e8s sa premi\u00e8re participation. La seule exception est Citro\u00ebn qui avait b\u00e9n\u00e9fici\u00e9 de l\u2019\u00e9quipe et des voitures de Peugeot.<\/p>\n<div class=\"vlp-link-container vlp-layout-article\"><a href=\"https:\/\/dicodusport.fr\/blog\/carlos-sainz-remporte-son-4eme-dakar-sebastien-loeb-sadjuge-la-12eme-etape\/\" class=\"vlp-link\" title=\"Carlos Sainz remporte son 4\u00e8me Dakar, S\u00e9bastien Loeb s&#039;adjuge la 12\u00e8me \u00e9tape\"><\/a><div class=\"vlp-layout-zone-side\"><div class=\"vlp-block-4 vlp-link-image\"><img loading=\"lazy\" decoding=\"async\" style=\"max-width: 792px;\" width=\"792\" height=\"445\" src=\"https:\/\/dicodusport.fr\/blog\/wp-content\/uploads\/2024\/01\/Carlos-Sainz-remporte-son-4eme-Dakar-Sebastien-Loeb-sadjuge-la-12eme-etape.png\" class=\"attachment-800x445 size-800x445\" alt=\"\" srcset=\"https:\/\/dicodusport.fr\/blog\/wp-content\/uploads\/2024\/01\/Carlos-Sainz-remporte-son-4eme-Dakar-Sebastien-Loeb-sadjuge-la-12eme-etape.png 1200w, https:\/\/dicodusport.fr\/blog\/wp-content\/uploads\/2024\/01\/Carlos-Sainz-remporte-son-4eme-Dakar-Sebastien-Loeb-sadjuge-la-12eme-etape-300x169.png 300w, https:\/\/dicodusport.fr\/blog\/wp-content\/uploads\/2024\/01\/Carlos-Sainz-remporte-son-4eme-Dakar-Sebastien-Loeb-sadjuge-la-12eme-etape-1024x575.png 1024w, https:\/\/dicodusport.fr\/blog\/wp-content\/uploads\/2024\/01\/Carlos-Sainz-remporte-son-4eme-Dakar-Sebastien-Loeb-sadjuge-la-12eme-etape-768x431.png 768w\" sizes=\"auto, (max-width: 792px) 100vw, 792px\" \/><\/div><\/div><div class=\"vlp-layout-zone-main\"><div class=\"vlp-block-0 vlp-link-title\">Carlos Sainz remporte son 4\u00e8me Dakar, S\u00e9bastien Loeb s'adjuge la 12\u00e8me \u00e9tape<\/div><div class=\"vlp-block-1 vlp-link-summary\">DAKAR 2024 - Carlos Sainz a termin\u00e9 le travail pour remporter son quatri\u00e8me Dakar alors que S\u00e9bastien Loeb s'offre une nouvelle victoire d'\u00e9tape.\u00a0<\/div><div class=\"vlp-block-2 vlp-link-button\">Lire l'article<\/div><div class=\"vlp-block-3 vlp-link-url\">dicodusport.fr<\/div><\/div><\/div>\n<h2 style=\"text-align: justify;\">De Mevius et Moraes en embuscade<\/h2>\n<p style=\"text-align: justify;\">Derri\u00e8re eux, deux jeunes pilotes souhaitent <strong>bousculer la hi\u00e9rarchie<\/strong>. En commen\u00e7ant par le Belge de 30 ans, <strong>Guillaume de Mevius<\/strong>. Pour sa premi\u00e8re participation en cat\u00e9gorie reine l\u2019ann\u00e9e derni\u00e8re, au volant de sa Toyota, il avait termin\u00e9 deuxi\u00e8me du classement g\u00e9n\u00e9ral. Cette ann\u00e9e, il fera \u00e9quipe avec <strong>Mathieu Baumel<\/strong>, ancien copilote de <strong>Nasser Al-Attiyah<\/strong> et quadruple vainqueur du Dakar aux c\u00f4t\u00e9s du Qatari. Il pourra donc compter sur son exp\u00e9rience pour performer. Cette ann\u00e9e, il concourt avec <strong>Mini<\/strong>, une voiture en difficult\u00e9, tout comme Toyota. Il s\u2019agit donc d\u2019un pari pour le Belge, qui a d\u00e9j\u00e0 prouv\u00e9 dans le d\u00e9sert cette ann\u00e9e, en montant sur le podium du Rallye du Maroc.<\/p>\n<ul>\n<li><strong>\u00c0 ce sujet &#8211; <a href=\"https:\/\/dicodusport.fr\/blog\/dakar-2025-les-engages\/\">Dakar 2025 : Les engag\u00e9s<\/a><\/strong><\/li>\n<\/ul>\n<p style=\"text-align: justify;\">Puis, il y a <strong>Lucas Moraes<\/strong>, pilote br\u00e9silien de 34 ans, qui \u00e9tait mont\u00e9 sur le <strong>podium<\/strong> lors de son premier Dakar en <strong>2023<\/strong>. Apr\u00e8s une m\u00e9saventure m\u00e9canique l\u2019ann\u00e9e derni\u00e8re, il avait d\u00fb abandonner alors qu\u2019il \u00e9tait en lice pour un second podium. Pour la troisi\u00e8me ann\u00e9e cons\u00e9cutive, il pilotera pour <strong>Toyota,<\/strong> qui a envoy\u00e9 plus de 18 v\u00e9hicules. Il fait clairement partie des favoris de cette \u00e9dition, au moins pour le podium.<\/p>\n<blockquote class=\"twitter-tweet\">\n<p dir=\"ltr\" lang=\"en\"><a href=\"https:\/\/twitter.com\/hashtag\/Dakar2025?src=hash&amp;ref_src=twsrc%5Etfw\">#Dakar2025<\/a> Top competitors press conference \ud83c\udf99\ufe0f<a href=\"https:\/\/twitter.com\/LucasDakar1?ref_src=twsrc%5Etfw\">@LucasDakar1<\/a> <a href=\"https:\/\/twitter.com\/hashtag\/DakarInSaudi?src=hash&amp;ref_src=twsrc%5Etfw\">#DakarInSaudi<\/a>\ud83d\udcf7 <a href=\"https:\/\/t.co\/8wESdJgNgP\">pic.twitter.com\/8wESdJgNgP<\/a><\/p>\n<p>\u2014 DAKAR RALLY (@dakar) <a href=\"https:\/\/twitter.com\/dakar\/status\/1874836554264498299?ref_src=twsrc%5Etfw\">January 2, 2025<\/a><\/p><\/blockquote>\n<p style=\"text-align: justify;\"><script async src=\"https:\/\/platform.twitter.com\/widgets.js\" charset=\"utf-8\"><\/script><\/p>\n<h2 style=\"text-align: justify;\"><strong>Une \u00e9preuve moto relev\u00e9e, Ricky Brabec favori<\/strong><\/h2>\n<p style=\"text-align: justify;\">L\u2019\u00e9dition 2025 de l\u2019\u00e9preuve moto du Dakar sera tr\u00e8s relev\u00e9e, avec beaucoup de pr\u00e9tendants au titre. <strong>Six pilotes<\/strong> font figure de favoris, notamment les pilotes <strong>Honda<\/strong>.<\/p>\n<p style=\"text-align: justify;\">Dans un premier temps, Il y a le tenant du titre <strong>Ricky Brabec<\/strong>. Le pilote am\u00e9ricain est le grand favori de cette \u00e9dition et visera son troisi\u00e8me titre au Dakar. Il y a \u00e9galement un autre laur\u00e9at, <strong>l\u2019Argentin<\/strong> <strong>Kevin Benavides<\/strong>. Titr\u00e9 en 2021 et 2023 avec <strong>Honda<\/strong> et <strong>KTM<\/strong>, il souhaitera prendre sa revanche apr\u00e8s avoir termin\u00e9 au pied du podium l\u2019an pass\u00e9.<\/p>\n<p style=\"text-align: justify;\">Ensuite, le Fran\u00e7ais <strong>Adrien Van Beveren<\/strong>, 3<sup>\u00e8me<\/sup> l\u2019an pass\u00e9, fait clairement partie des favoris lors de cette \u00e9dition. Il a suivi une tr\u00e8s grosse <strong>pr\u00e9paration<\/strong> au <strong>Maroc<\/strong> ces derni\u00e8res semaines afin de pouvoir d\u00e9tr\u00f4ner <strong>Brabec.<\/strong> Pour son dixi\u00e8me Dakar, il sera au guidon d\u2019une Honda. La m\u00eame \u00e9quipe que <strong>Brabec<\/strong> ainsi que <strong>Tosha Schareina<\/strong>. Le pilote <strong>Espagnol<\/strong> aura une revanche \u00e0 prendre apr\u00e8s son abandon d\u00e8s la premi\u00e8re \u00e9tape l\u2019ann\u00e9e derni\u00e8re \u00e0 cause d\u2019une fracture au poignet. Depuis cette d\u00e9ception, il affiche une forme incroyable avec des victoires en W2RC au <strong>Portugal<\/strong>, au <strong>Maroc<\/strong> et un podium en <strong>Argentine<\/strong>.<\/p>\n<p style=\"text-align: justify;\">Puis Il y a \u00e9videmment le <strong>champion du monde en titre W2RC<\/strong>, <strong>Ross Branch<\/strong>. Le pilote botswanais a termin\u00e9 deuxi\u00e8me de la derni\u00e8re \u00e9dition, et a toutes les armes pour monter sur la premi\u00e8re marche. Le pilote de l\u2019\u00e9quipe <strong>Hero<\/strong> vise un <strong>premier titre<\/strong>. <strong>Daniel Sanders<\/strong>, \u00e9quipier de <strong>Benavides<\/strong> chez KTM, fait \u00e9galement partie des favoris apr\u00e8s sa victoire au <strong>Rallye du Maroc<\/strong>.<\/p>\n<h2 style=\"text-align: justify;\"><strong>Martin Macik en camion, Polaris RZR en SSV<\/strong><\/h2>\n<p style=\"text-align: justify;\">Dans la cat\u00e9gorie <strong>Camion<\/strong>, <strong>Martin Macik<\/strong> va d\u00e9fendre son titre. Il fera face \u00e0 la concurrence d&rsquo;<strong>Ales Loprais<\/strong>, deuxi\u00e8me l\u2019an pass\u00e9, et <strong>Mitch Van Brink<\/strong> troisi\u00e8me en 2024. <strong>Kees Koolen<\/strong> et <strong>Claudio Bellina<\/strong> seront en embuscade notamment, car ils piloteront des camions construits par le tenant du titre tch\u00e8que. En <strong>SSV<\/strong>,<strong> Polaris RZR<\/strong>, \u00e9quipe partenaire de <strong>S\u00e9bastien Loeb Racing Team<\/strong>, auront la t\u00e2che de conserver leur titre.<\/p>\n","protected":false},"excerpt":{"rendered":"<p>RALLYE DAKAR 2025 \u2013 La 47\u00e8me \u00e9dition du Dakar s\u2019\u00e9lancera demain avec le prologue. L\u2019occasion d\u2019\u00e9voquer les favoris au titre. Qui succ\u00e9dera \u00e0 Carlos Sainz en cat\u00e9gorie auto et \u00e0 Ricky Brabec en cat\u00e9gorie moto ?<\/p>\n","protected":false},"author":110,"featured_media":543401,"comment_status":"open","ping_status":"closed","sticky":false,"template":"","format":"standard","meta":{"_acf_changed":false,"_daextam_enable_autolinks":"1","footnotes":""},"categories":[9493],"tags":[16878,9604,3282],"class_list":["post-543379","post","type-post","status-publish","format-standard","has-post-thumbnail","hentry","category-dakar","tag-breve","tag-carlos-sainz","tag-sebastien-loeb"],"acf":[],"yoast_head":"<!-- This site is optimized with the Yoast SEO Premium plugin v26.7 (Yoast SEO v26.7) - https:\/\/yoast.com\/wordpress\/plugins\/seo\/ -->\n<title>Dakar 2025 : Nasser Al-Attiyah, S\u00e9bastien Loeb, Ricky Brabec, les favoris de cette \u00e9dition<\/title>\n<meta name=\"description\" content=\"DAKAR 2025 - Avec le prologue demain, la 47\u00e8me \u00e9dition du Dakar aura son lot de surprises. Qui pour succ\u00e9der \u00e0 Carlos Sainz et Ricky Brabec ?\" \/>\n<meta name=\"robots\" content=\"index, follow, max-snippet:-1, max-image-preview:large, max-video-preview:-1\" \/>\n<link rel=\"canonical\" href=\"https:\/\/dicodusport.fr\/blog\/dakar-2025-nasser-al-attiyah-sebastien-loeb-ricky-brabec-les-favoris-de-cette-edition\/\" \/>\n<meta property=\"og:locale\" content=\"fr_FR\" \/>\n<meta property=\"og:type\" content=\"article\" \/>\n<meta property=\"og:title\" content=\"Dakar 2025 : Nasser Al-Attiyah, S\u00e9bastien Loeb, Ricky Brabec, les favoris de cette \u00e9dition\" \/>\n<meta property=\"og:description\" content=\"DAKAR 2025 - Avec le prologue demain, la 47\u00e8me \u00e9dition du Dakar aura son lot de surprises. Qui pour succ\u00e9der \u00e0 Carlos Sainz et Ricky Brabec ?\" \/>\n<meta property=\"og:url\" content=\"https:\/\/dicodusport.fr\/blog\/dakar-2025-nasser-al-attiyah-sebastien-loeb-ricky-brabec-les-favoris-de-cette-edition\/\" \/>\n<meta property=\"og:site_name\" content=\"Dicodusport\" \/>\n<meta property=\"article:publisher\" content=\"https:\/\/www.facebook.com\/dicodusport\" \/>\n<meta property=\"article:published_time\" content=\"2025-01-02T18:12:36+00:00\" \/>\n<meta property=\"article:modified_time\" content=\"2025-01-02T19:34:56+00:00\" \/>\n<meta property=\"og:image\" content=\"https:\/\/dicodusport.fr\/blog\/wp-content\/uploads\/2025\/01\/Dakar-2025-Nasser-Al-Attiyah-Sebastien-Loeb-Ricky-Brabec-les-favoris-de-cette-edition.png\" \/>\n\t<meta property=\"og:image:width\" content=\"1200\" \/>\n\t<meta property=\"og:image:height\" content=\"674\" \/>\n\t<meta property=\"og:image:type\" content=\"image\/png\" \/>\n<meta name=\"author\" content=\"Malo Clement\" \/>\n<meta name=\"twitter:card\" content=\"summary_large_image\" \/>\n<meta name=\"twitter:title\" content=\"Dakar 2025 : Nasser Al-Attiyah, S\u00e9bastien Loeb, Ricky Brabec, les favoris de cette \u00e9dition\" \/>\n<meta name=\"twitter:creator\" content=\"@dicodusport\" \/>\n<meta name=\"twitter:site\" content=\"@dicodusport\" \/>\n<script type=\"application\/ld+json\" class=\"yoast-schema-graph\">{\"@context\":\"https:\/\/schema.org\",\"@graph\":[{\"@type\":\"NewsArticle\",\"@id\":\"https:\/\/dicodusport.fr\/blog\/dakar-2025-nasser-al-attiyah-sebastien-loeb-ricky-brabec-les-favoris-de-cette-edition\/#article\",\"isPartOf\":{\"@id\":\"https:\/\/dicodusport.fr\/blog\/dakar-2025-nasser-al-attiyah-sebastien-loeb-ricky-brabec-les-favoris-de-cette-edition\/\"},\"author\":{\"name\":\"Malo Clement\",\"@id\":\"https:\/\/dicodusport.fr\/blog\/#\/schema\/person\/c28883329a45cc92814310316945b3ce\"},\"headline\":\"Dakar 2025 : Nasser Al-Attiyah, S\u00e9bastien Loeb, Ricky Brabec, les favoris de cette \u00e9dition\",\"datePublished\":\"2025-01-02T18:12:36+00:00\",\"dateModified\":\"2025-01-02T19:34:56+00:00\",\"mainEntityOfPage\":{\"@id\":\"https:\/\/dicodusport.fr\/blog\/dakar-2025-nasser-al-attiyah-sebastien-loeb-ricky-brabec-les-favoris-de-cette-edition\/\"},\"wordCount\":1133,\"commentCount\":0,\"publisher\":{\"@id\":\"https:\/\/dicodusport.fr\/blog\/#organization\"},\"image\":{\"@id\":\"https:\/\/dicodusport.fr\/blog\/dakar-2025-nasser-al-attiyah-sebastien-loeb-ricky-brabec-les-favoris-de-cette-edition\/#primaryimage\"},\"thumbnailUrl\":\"https:\/\/dicodusport.fr\/blog\/wp-content\/uploads\/2025\/01\/Dakar-2025-Nasser-Al-Attiyah-Sebastien-Loeb-Ricky-Brabec-les-favoris-de-cette-edition.png\",\"keywords\":[\"br\u00e8ve\",\"Carlos Sainz\",\"s\u00e9bastien loeb\"],\"articleSection\":[\"Dakar\"],\"inLanguage\":\"fr-FR\",\"potentialAction\":[{\"@type\":\"CommentAction\",\"name\":\"Comment\",\"target\":[\"https:\/\/dicodusport.fr\/blog\/dakar-2025-nasser-al-attiyah-sebastien-loeb-ricky-brabec-les-favoris-de-cette-edition\/#respond\"]}],\"copyrightYear\":\"2025\",\"copyrightHolder\":{\"@id\":\"https:\/\/dicodusport.fr\/blog\/#organization\"}},{\"@type\":\"WebPage\",\"@id\":\"https:\/\/dicodusport.fr\/blog\/dakar-2025-nasser-al-attiyah-sebastien-loeb-ricky-brabec-les-favoris-de-cette-edition\/\",\"url\":\"https:\/\/dicodusport.fr\/blog\/dakar-2025-nasser-al-attiyah-sebastien-loeb-ricky-brabec-les-favoris-de-cette-edition\/\",\"name\":\"Dakar 2025 : Nasser Al-Attiyah, S\u00e9bastien Loeb, Ricky Brabec, les favoris de cette \u00e9dition\",\"isPartOf\":{\"@id\":\"https:\/\/dicodusport.fr\/blog\/#website\"},\"primaryImageOfPage\":{\"@id\":\"https:\/\/dicodusport.fr\/blog\/dakar-2025-nasser-al-attiyah-sebastien-loeb-ricky-brabec-les-favoris-de-cette-edition\/#primaryimage\"},\"image\":{\"@id\":\"https:\/\/dicodusport.fr\/blog\/dakar-2025-nasser-al-attiyah-sebastien-loeb-ricky-brabec-les-favoris-de-cette-edition\/#primaryimage\"},\"thumbnailUrl\":\"https:\/\/dicodusport.fr\/blog\/wp-content\/uploads\/2025\/01\/Dakar-2025-Nasser-Al-Attiyah-Sebastien-Loeb-Ricky-Brabec-les-favoris-de-cette-edition.png\",\"datePublished\":\"2025-01-02T18:12:36+00:00\",\"dateModified\":\"2025-01-02T19:34:56+00:00\",\"description\":\"DAKAR 2025 - Avec le prologue demain, la 47\u00e8me \u00e9dition du Dakar aura son lot de surprises. Qui pour succ\u00e9der \u00e0 Carlos Sainz et Ricky Brabec ?\",\"breadcrumb\":{\"@id\":\"https:\/\/dicodusport.fr\/blog\/dakar-2025-nasser-al-attiyah-sebastien-loeb-ricky-brabec-les-favoris-de-cette-edition\/#breadcrumb\"},\"inLanguage\":\"fr-FR\",\"potentialAction\":[{\"@type\":\"ReadAction\",\"target\":[\"https:\/\/dicodusport.fr\/blog\/dakar-2025-nasser-al-attiyah-sebastien-loeb-ricky-brabec-les-favoris-de-cette-edition\/\"]}]},{\"@type\":\"ImageObject\",\"inLanguage\":\"fr-FR\",\"@id\":\"https:\/\/dicodusport.fr\/blog\/dakar-2025-nasser-al-attiyah-sebastien-loeb-ricky-brabec-les-favoris-de-cette-edition\/#primaryimage\",\"url\":\"https:\/\/dicodusport.fr\/blog\/wp-content\/uploads\/2025\/01\/Dakar-2025-Nasser-Al-Attiyah-Sebastien-Loeb-Ricky-Brabec-les-favoris-de-cette-edition.png\",\"contentUrl\":\"https:\/\/dicodusport.fr\/blog\/wp-content\/uploads\/2025\/01\/Dakar-2025-Nasser-Al-Attiyah-Sebastien-Loeb-Ricky-Brabec-les-favoris-de-cette-edition.png\",\"width\":1200,\"height\":674,\"caption\":\"Dakar 2025 Nasser Al-Attiyah, S\u00e9bastien Loeb, Ricky Brabec, les favoris de cette \u00e9dition\"},{\"@type\":\"BreadcrumbList\",\"@id\":\"https:\/\/dicodusport.fr\/blog\/dakar-2025-nasser-al-attiyah-sebastien-loeb-ricky-brabec-les-favoris-de-cette-edition\/#breadcrumb\",\"itemListElement\":[{\"@type\":\"ListItem\",\"position\":1,\"name\":\"Accueil\",\"item\":\"https:\/\/dicodusport.fr\/blog\/\"},{\"@type\":\"ListItem\",\"position\":2,\"name\":\"Dakar 2025 : Nasser Al-Attiyah, S\u00e9bastien Loeb, Ricky Brabec, les favoris de cette \u00e9dition\"}]},{\"@type\":\"WebSite\",\"@id\":\"https:\/\/dicodusport.fr\/blog\/#website\",\"url\":\"https:\/\/dicodusport.fr\/blog\/\",\"name\":\"Dicodusport\",\"description\":\"L&#039;encyclop\u00e9die de l&#039;actualit\u00e9 sportive\",\"publisher\":{\"@id\":\"https:\/\/dicodusport.fr\/blog\/#organization\"},\"potentialAction\":[{\"@type\":\"SearchAction\",\"target\":{\"@type\":\"EntryPoint\",\"urlTemplate\":\"https:\/\/dicodusport.fr\/blog\/?s={search_term_string}\"},\"query-input\":{\"@type\":\"PropertyValueSpecification\",\"valueRequired\":true,\"valueName\":\"search_term_string\"}}],\"inLanguage\":\"fr-FR\"},{\"@type\":\"NewsMediaOrganization\",\"@id\":\"https:\/\/dicodusport.fr\/blog\/#organization\",\"name\":\"Dicodusport\",\"url\":\"https:\/\/dicodusport.fr\/blog\/\",\"logo\":{\"@type\":\"ImageObject\",\"inLanguage\":\"fr-FR\",\"@id\":\"https:\/\/dicodusport.fr\/blog\/#\/schema\/logo\/image\/\",\"url\":\"https:\/\/dicodusport.fr\/blog\/wp-content\/uploads\/2020\/06\/cropped-LOGO-DICODUSPORT-2020-SANS-FOND-SANS-TEXTE.png\",\"contentUrl\":\"https:\/\/dicodusport.fr\/blog\/wp-content\/uploads\/2020\/06\/cropped-LOGO-DICODUSPORT-2020-SANS-FOND-SANS-TEXTE.png\",\"width\":512,\"height\":512,\"caption\":\"Dicodusport\"},\"image\":{\"@id\":\"https:\/\/dicodusport.fr\/blog\/#\/schema\/logo\/image\/\"},\"sameAs\":[\"https:\/\/www.facebook.com\/dicodusport\",\"https:\/\/x.com\/dicodusport\",\"https:\/\/www.instagram.com\/dicodusport\/\",\"https:\/\/www.youtube.com\/channel\/UC7V2KZ5sd3htJivAbA4ZG3w\"],\"description\":\"Dicodusport est l'encyclop\u00e9die de l'actualit\u00e9 sportive.\",\"email\":\"bonjour@dicodusport.fr\",\"legalName\":\"DICODUSPORT\",\"foundingDate\":\"2018-01-14\",\"vatID\":\"FR71834470973\",\"taxID\":\"83447097300043\",\"numberOfEmployees\":{\"@type\":\"QuantitativeValue\",\"minValue\":\"1\",\"maxValue\":\"10\"}},{\"@type\":\"Person\",\"@id\":\"https:\/\/dicodusport.fr\/blog\/#\/schema\/person\/c28883329a45cc92814310316945b3ce\",\"name\":\"Malo Clement\",\"image\":{\"@type\":\"ImageObject\",\"inLanguage\":\"fr-FR\",\"@id\":\"https:\/\/dicodusport.fr\/blog\/#\/schema\/person\/image\/\",\"url\":\"https:\/\/dicodusport.fr\/blog\/wp-content\/uploads\/2025\/02\/Maillot-Dicodusport-Malo-150x150.png\",\"contentUrl\":\"https:\/\/dicodusport.fr\/blog\/wp-content\/uploads\/2025\/02\/Maillot-Dicodusport-Malo-150x150.png\",\"caption\":\"Malo Clement\"},\"description\":\"Fan de sport depuis mes 10 ans, mes premiers souvenirs de stade sont le Racing M\u00e9tro 92 \u00e0 Yves du Manoir, le XV de France et le PSG de Nen\u00ea. Celui d\u2019Ibra, Lucas, Cavani et Verratti m\u2019ont d\u00e9finitivement emport\u00e9 dans le football, au d\u00e9sarroi de ma famille. Entre les finales perdues de Champions Cup et les m\u00e9saventures en Ligue des Champions, j\u2019ai eu le nez fin. Au-del\u00e0 de mes clubs franciliens, je m\u2019int\u00e9resse au sport en g\u00e9n\u00e9ral et principalement \u00e0 la d\u00e9couverte de jeunes sportifs. Cela a commenc\u00e9 par Football Manager et j'ai repris \u00e7a avec les sports automobiles. Depuis 2020, mes dimanches apr\u00e8s-midi sont occup\u00e9s par Julien F\u00e9breau et la Formule 1. L\u2019endurance, la F2, la F3 et les autres championnats compl\u00e8tent mes week-ends. J\u2019ai rejoint Dicodusport en novembre 2024 et je suis ravi d\u2019\u00eatre le cadet de la r\u00e9daction.\",\"url\":\"https:\/\/dicodusport.fr\/blog\/author\/clement-malo\/\"}]}<\/script>\n<!-- \/ Yoast SEO Premium plugin. -->","yoast_head_json":{"title":"Dakar 2025 : Nasser Al-Attiyah, S\u00e9bastien Loeb, Ricky Brabec, les favoris de cette \u00e9dition","description":"DAKAR 2025 - Avec le prologue demain, la 47\u00e8me \u00e9dition du Dakar aura son lot de surprises. Qui pour succ\u00e9der \u00e0 Carlos Sainz et Ricky Brabec ?","robots":{"index":"index","follow":"follow","max-snippet":"max-snippet:-1","max-image-preview":"max-image-preview:large","max-video-preview":"max-video-preview:-1"},"canonical":"https:\/\/dicodusport.fr\/blog\/dakar-2025-nasser-al-attiyah-sebastien-loeb-ricky-brabec-les-favoris-de-cette-edition\/","og_locale":"fr_FR","og_type":"article","og_title":"Dakar 2025 : Nasser Al-Attiyah, S\u00e9bastien Loeb, Ricky Brabec, les favoris de cette \u00e9dition","og_description":"DAKAR 2025 - Avec le prologue demain, la 47\u00e8me \u00e9dition du Dakar aura son lot de surprises. Qui pour succ\u00e9der \u00e0 Carlos Sainz et Ricky Brabec ?","og_url":"https:\/\/dicodusport.fr\/blog\/dakar-2025-nasser-al-attiyah-sebastien-loeb-ricky-brabec-les-favoris-de-cette-edition\/","og_site_name":"Dicodusport","article_publisher":"https:\/\/www.facebook.com\/dicodusport","article_published_time":"2025-01-02T18:12:36+00:00","article_modified_time":"2025-01-02T19:34:56+00:00","og_image":[{"width":1200,"height":674,"url":"https:\/\/dicodusport.fr\/blog\/wp-content\/uploads\/2025\/01\/Dakar-2025-Nasser-Al-Attiyah-Sebastien-Loeb-Ricky-Brabec-les-favoris-de-cette-edition.png","type":"image\/png"}],"author":"Malo Clement","twitter_card":"summary_large_image","twitter_title":"Dakar 2025 : Nasser Al-Attiyah, S\u00e9bastien Loeb, Ricky Brabec, les favoris de cette \u00e9dition","twitter_creator":"@dicodusport","twitter_site":"@dicodusport","schema":{"@context":"https:\/\/schema.org","@graph":[{"@type":"NewsArticle","@id":"https:\/\/dicodusport.fr\/blog\/dakar-2025-nasser-al-attiyah-sebastien-loeb-ricky-brabec-les-favoris-de-cette-edition\/#article","isPartOf":{"@id":"https:\/\/dicodusport.fr\/blog\/dakar-2025-nasser-al-attiyah-sebastien-loeb-ricky-brabec-les-favoris-de-cette-edition\/"},"author":{"name":"Malo Clement","@id":"https:\/\/dicodusport.fr\/blog\/#\/schema\/person\/c28883329a45cc92814310316945b3ce"},"headline":"Dakar 2025 : Nasser Al-Attiyah, S\u00e9bastien Loeb, Ricky Brabec, les favoris de cette \u00e9dition","datePublished":"2025-01-02T18:12:36+00:00","dateModified":"2025-01-02T19:34:56+00:00","mainEntityOfPage":{"@id":"https:\/\/dicodusport.fr\/blog\/dakar-2025-nasser-al-attiyah-sebastien-loeb-ricky-brabec-les-favoris-de-cette-edition\/"},"wordCount":1133,"commentCount":0,"publisher":{"@id":"https:\/\/dicodusport.fr\/blog\/#organization"},"image":{"@id":"https:\/\/dicodusport.fr\/blog\/dakar-2025-nasser-al-attiyah-sebastien-loeb-ricky-brabec-les-favoris-de-cette-edition\/#primaryimage"},"thumbnailUrl":"https:\/\/dicodusport.fr\/blog\/wp-content\/uploads\/2025\/01\/Dakar-2025-Nasser-Al-Attiyah-Sebastien-Loeb-Ricky-Brabec-les-favoris-de-cette-edition.png","keywords":["br\u00e8ve","Carlos Sainz","s\u00e9bastien loeb"],"articleSection":["Dakar"],"inLanguage":"fr-FR","potentialAction":[{"@type":"CommentAction","name":"Comment","target":["https:\/\/dicodusport.fr\/blog\/dakar-2025-nasser-al-attiyah-sebastien-loeb-ricky-brabec-les-favoris-de-cette-edition\/#respond"]}],"copyrightYear":"2025","copyrightHolder":{"@id":"https:\/\/dicodusport.fr\/blog\/#organization"}},{"@type":"WebPage","@id":"https:\/\/dicodusport.fr\/blog\/dakar-2025-nasser-al-attiyah-sebastien-loeb-ricky-brabec-les-favoris-de-cette-edition\/","url":"https:\/\/dicodusport.fr\/blog\/dakar-2025-nasser-al-attiyah-sebastien-loeb-ricky-brabec-les-favoris-de-cette-edition\/","name":"Dakar 2025 : Nasser Al-Attiyah, S\u00e9bastien Loeb, Ricky Brabec, les favoris de cette \u00e9dition","isPartOf":{"@id":"https:\/\/dicodusport.fr\/blog\/#website"},"primaryImageOfPage":{"@id":"https:\/\/dicodusport.fr\/blog\/dakar-2025-nasser-al-attiyah-sebastien-loeb-ricky-brabec-les-favoris-de-cette-edition\/#primaryimage"},"image":{"@id":"https:\/\/dicodusport.fr\/blog\/dakar-2025-nasser-al-attiyah-sebastien-loeb-ricky-brabec-les-favoris-de-cette-edition\/#primaryimage"},"thumbnailUrl":"https:\/\/dicodusport.fr\/blog\/wp-content\/uploads\/2025\/01\/Dakar-2025-Nasser-Al-Attiyah-Sebastien-Loeb-Ricky-Brabec-les-favoris-de-cette-edition.png","datePublished":"2025-01-02T18:12:36+00:00","dateModified":"2025-01-02T19:34:56+00:00","description":"DAKAR 2025 - Avec le prologue demain, la 47\u00e8me \u00e9dition du Dakar aura son lot de surprises. Qui pour succ\u00e9der \u00e0 Carlos Sainz et Ricky Brabec ?","breadcrumb":{"@id":"https:\/\/dicodusport.fr\/blog\/dakar-2025-nasser-al-attiyah-sebastien-loeb-ricky-brabec-les-favoris-de-cette-edition\/#breadcrumb"},"inLanguage":"fr-FR","potentialAction":[{"@type":"ReadAction","target":["https:\/\/dicodusport.fr\/blog\/dakar-2025-nasser-al-attiyah-sebastien-loeb-ricky-brabec-les-favoris-de-cette-edition\/"]}]},{"@type":"ImageObject","inLanguage":"fr-FR","@id":"https:\/\/dicodusport.fr\/blog\/dakar-2025-nasser-al-attiyah-sebastien-loeb-ricky-brabec-les-favoris-de-cette-edition\/#primaryimage","url":"https:\/\/dicodusport.fr\/blog\/wp-content\/uploads\/2025\/01\/Dakar-2025-Nasser-Al-Attiyah-Sebastien-Loeb-Ricky-Brabec-les-favoris-de-cette-edition.png","contentUrl":"https:\/\/dicodusport.fr\/blog\/wp-content\/uploads\/2025\/01\/Dakar-2025-Nasser-Al-Attiyah-Sebastien-Loeb-Ricky-Brabec-les-favoris-de-cette-edition.png","width":1200,"height":674,"caption":"Dakar 2025 Nasser Al-Attiyah, S\u00e9bastien Loeb, Ricky Brabec, les favoris de cette \u00e9dition"},{"@type":"BreadcrumbList","@id":"https:\/\/dicodusport.fr\/blog\/dakar-2025-nasser-al-attiyah-sebastien-loeb-ricky-brabec-les-favoris-de-cette-edition\/#breadcrumb","itemListElement":[{"@type":"ListItem","position":1,"name":"Accueil","item":"https:\/\/dicodusport.fr\/blog\/"},{"@type":"ListItem","position":2,"name":"Dakar 2025 : Nasser Al-Attiyah, S\u00e9bastien Loeb, Ricky Brabec, les favoris de cette \u00e9dition"}]},{"@type":"WebSite","@id":"https:\/\/dicodusport.fr\/blog\/#website","url":"https:\/\/dicodusport.fr\/blog\/","name":"Dicodusport","description":"L&#039;encyclop\u00e9die de l&#039;actualit\u00e9 sportive","publisher":{"@id":"https:\/\/dicodusport.fr\/blog\/#organization"},"potentialAction":[{"@type":"SearchAction","target":{"@type":"EntryPoint","urlTemplate":"https:\/\/dicodusport.fr\/blog\/?s={search_term_string}"},"query-input":{"@type":"PropertyValueSpecification","valueRequired":true,"valueName":"search_term_string"}}],"inLanguage":"fr-FR"},{"@type":"NewsMediaOrganization","@id":"https:\/\/dicodusport.fr\/blog\/#organization","name":"Dicodusport","url":"https:\/\/dicodusport.fr\/blog\/","logo":{"@type":"ImageObject","inLanguage":"fr-FR","@id":"https:\/\/dicodusport.fr\/blog\/#\/schema\/logo\/image\/","url":"https:\/\/dicodusport.fr\/blog\/wp-content\/uploads\/2020\/06\/cropped-LOGO-DICODUSPORT-2020-SANS-FOND-SANS-TEXTE.png","contentUrl":"https:\/\/dicodusport.fr\/blog\/wp-content\/uploads\/2020\/06\/cropped-LOGO-DICODUSPORT-2020-SANS-FOND-SANS-TEXTE.png","width":512,"height":512,"caption":"Dicodusport"},"image":{"@id":"https:\/\/dicodusport.fr\/blog\/#\/schema\/logo\/image\/"},"sameAs":["https:\/\/www.facebook.com\/dicodusport","https:\/\/x.com\/dicodusport","https:\/\/www.instagram.com\/dicodusport\/","https:\/\/www.youtube.com\/channel\/UC7V2KZ5sd3htJivAbA4ZG3w"],"description":"Dicodusport est l'encyclop\u00e9die de l'actualit\u00e9 sportive.","email":"bonjour@dicodusport.fr","legalName":"DICODUSPORT","foundingDate":"2018-01-14","vatID":"FR71834470973","taxID":"83447097300043","numberOfEmployees":{"@type":"QuantitativeValue","minValue":"1","maxValue":"10"}},{"@type":"Person","@id":"https:\/\/dicodusport.fr\/blog\/#\/schema\/person\/c28883329a45cc92814310316945b3ce","name":"Malo Clement","image":{"@type":"ImageObject","inLanguage":"fr-FR","@id":"https:\/\/dicodusport.fr\/blog\/#\/schema\/person\/image\/","url":"https:\/\/dicodusport.fr\/blog\/wp-content\/uploads\/2025\/02\/Maillot-Dicodusport-Malo-150x150.png","contentUrl":"https:\/\/dicodusport.fr\/blog\/wp-content\/uploads\/2025\/02\/Maillot-Dicodusport-Malo-150x150.png","caption":"Malo Clement"},"description":"Fan de sport depuis mes 10 ans, mes premiers souvenirs de stade sont le Racing M\u00e9tro 92 \u00e0 Yves du Manoir, le XV de France et le PSG de Nen\u00ea. Celui d\u2019Ibra, Lucas, Cavani et Verratti m\u2019ont d\u00e9finitivement emport\u00e9 dans le football, au d\u00e9sarroi de ma famille. Entre les finales perdues de Champions Cup et les m\u00e9saventures en Ligue des Champions, j\u2019ai eu le nez fin. Au-del\u00e0 de mes clubs franciliens, je m\u2019int\u00e9resse au sport en g\u00e9n\u00e9ral et principalement \u00e0 la d\u00e9couverte de jeunes sportifs. Cela a commenc\u00e9 par Football Manager et j'ai repris \u00e7a avec les sports automobiles. Depuis 2020, mes dimanches apr\u00e8s-midi sont occup\u00e9s par Julien F\u00e9breau et la Formule 1. L\u2019endurance, la F2, la F3 et les autres championnats compl\u00e8tent mes week-ends. J\u2019ai rejoint Dicodusport en novembre 2024 et je suis ravi d\u2019\u00eatre le cadet de la r\u00e9daction.","url":"https:\/\/dicodusport.fr\/blog\/author\/clement-malo\/"}]}},"_links":{"self":[{"href":"https:\/\/dicodusport.fr\/blog\/wp-json\/wp\/v2\/posts\/543379","targetHints":{"allow":["GET"]}}],"collection":[{"href":"https:\/\/dicodusport.fr\/blog\/wp-json\/wp\/v2\/posts"}],"about":[{"href":"https:\/\/dicodusport.fr\/blog\/wp-json\/wp\/v2\/types\/post"}],"author":[{"embeddable":true,"href":"https:\/\/dicodusport.fr\/blog\/wp-json\/wp\/v2\/users\/110"}],"replies":[{"embeddable":true,"href":"https:\/\/dicodusport.fr\/blog\/wp-json\/wp\/v2\/comments?post=543379"}],"version-history":[{"count":5,"href":"https:\/\/dicodusport.fr\/blog\/wp-json\/wp\/v2\/posts\/543379\/revisions"}],"predecessor-version":[{"id":543415,"href":"https:\/\/dicodusport.fr\/blog\/wp-json\/wp\/v2\/posts\/543379\/revisions\/543415"}],"wp:featuredmedia":[{"embeddable":true,"href":"https:\/\/dicodusport.fr\/blog\/wp-json\/wp\/v2\/media\/543401"}],"wp:attachment":[{"href":"https:\/\/dicodusport.fr\/blog\/wp-json\/wp\/v2\/media?parent=543379"}],"wp:term":[{"taxonomy":"category","embeddable":true,"href":"https:\/\/dicodusport.fr\/blog\/wp-json\/wp\/v2\/categories?post=543379"},{"taxonomy":"post_tag","embeddable":true,"href":"https:\/\/dicodusport.fr\/blog\/wp-json\/wp\/v2\/tags?post=543379"}],"curies":[{"name":"wp","href":"https:\/\/api.w.org\/{rel}","templated":true}]}}