{"id":543558,"date":"2025-01-03T20:23:23","date_gmt":"2025-01-03T19:23:23","guid":{"rendered":"https:\/\/dicodusport.fr\/blog\/?p=543558&#038;preview=true&#038;preview_id=543558"},"modified":"2025-01-03T20:23:23","modified_gmt":"2025-01-03T19:23:23","slug":"cyclisme-sur-piste-marion-borras-et-benjamin-thomas-deroulent-le-resume-de-la-1re-journee-des-championnats-de-france","status":"publish","type":"post","link":"https:\/\/dicodusport.fr\/blog\/cyclisme-sur-piste-marion-borras-et-benjamin-thomas-deroulent-le-resume-de-la-1re-journee-des-championnats-de-france\/","title":{"rendered":"Cyclisme sur piste : Marion Borras et Benjamin Thomas d\u00e9roulent, le r\u00e9sum\u00e9 de la 1re journ\u00e9e des Championnats de France"},"content":{"rendered":"<h4 style=\"text-align: justify;\"><em>CHAMPIONNATS DE FRANCE DE CYCLISME SUR PISTE 2025 &#8211; Premi\u00e8re journ\u00e9e pour les habitu\u00e9s, avec Marion Borras et Benjamin Thomas en figure de proue, la surprise ayant eu lieu sur le kilom\u00e8tre.\u00a0<\/em><\/h4>\n<p style=\"text-align: justify;\">L&rsquo;ann\u00e9e \u00e0 peine entam\u00e9e, comme il est d\u00e9sormais de coutume, place aux Championnats de France de cyclisme sur piste. D\u00e9but de comp\u00e9tition avec le kilom\u00e8tre, une raret\u00e9 chez les femmes qui sont normalement align\u00e9es sur 500 m\u00e8tres. Une comp\u00e9tition pour les sprinteuses ou alors les sp\u00e9cialistes de l&rsquo;endurance ? Force est rest\u00e9e a la tenante sur 500 m\u00e8tres, <strong>Marie-Divine Kouam\u00e9<\/strong>, qui a explos\u00e9 le record de France en\u00a0<strong>1:08.399<\/strong> pour devancer largement <strong>Marion Borras<\/strong>.<\/p>\n<p style=\"text-align: justify;\">Chez les messieurs, <strong>\u00c9tienne Oliviero<\/strong>, <a href=\"https:\/\/dicodusport.fr\/blog\/piste-euro-juniors-u23-etienne-oliviero-champion-deurope-juniors-du-kilometre\/\">champion d&rsquo;Europe juniors en titre<\/a>, a largement dam\u00e9 le pion aux sp\u00e9cialistes <strong>Rayan Helal<\/strong> et <strong>Tom Derache<\/strong>, se rapprochant de la minute. Un futur grand talent de la discipline qui va sans doute encore s&rsquo;illustrer ce weekend.<\/p>\n<h2 style=\"text-align: justify;\">La Cofidis voit double<\/h2>\n<p style=\"text-align: justify;\">\u00c0 peine le kilom\u00e8tre dig\u00e9r\u00e9,<strong> Marion Borras<\/strong> est remont\u00e9e sur le v\u00e9lo pour la course aux points. Et elle y a livr\u00e9 un r\u00e9cital, dominant de bout en bout pour devancer<strong> Marie Le Net<\/strong> et d\u00e9montrer son incroyable polyvalence, elle qui a \u00e9t\u00e9 sacr\u00e9e en poursuite l&rsquo;an dernier et sur l&rsquo;Omnium en 2023. Le tout en \u00e9tant l\u00e9g\u00e8rement malade, comme le d\u00e9montrait son interview d&rsquo;apr\u00e8s-course.<\/p>\n<p style=\"text-align: justify;\">Juste apr\u00e8s, la version hommes a offert le m\u00eame sc\u00e9nario avec un h\u00e9ros attendu : <strong>Benjamin Thomas<\/strong>. Le <a href=\"https:\/\/dicodusport.fr\/blog\/cyclisme-sur-piste-jo-2024-benjamin-thomas-champion-olympique-sur-lomnium\/\">champion olympique<\/a> s&rsquo;est litt\u00e9ralement promen\u00e9, contr\u00f4lant le tempo \u00e0 sa guise et s&rsquo;imposant avec pas moins de 46 points d&rsquo;avance ! Une domination sans partage pour la Cofidis, qui a donc rafl\u00e9 les deux titres sur la course aux points, avec en prime la deuxi\u00e8me place de Bryan Coquard, toujours \u00e0 son aise sur les v\u00e9lodromes. Et il reste encore deux jours pour compl\u00e9ter le palmar\u00e8s.<\/p>\n<h2 style=\"text-align: justify;\">Les podiums de la journ\u00e9e<\/h2>\n<p style=\"text-align: justify;\">Kilom\u00e8tre femmes : 1 &#8211; Marie-Divine Kouam\u00e9, 2 &#8211; Marion Borras, 3 &#8211; Marie Louisa Drouode<\/p>\n<p style=\"text-align: justify;\">Kilom\u00e8tre hommes : 1 &#8211; \u00c9tienne Oliviero, 2 &#8211; Rayan Helal, 3 &#8211; Tom Derache<\/p>\n<p style=\"text-align: justify;\">Course aux points femmes : 1 &#8211; Marion Borras, 2 &#8211; Marie Le Net, 3 &#8211; Aurore Pernollet<\/p>\n<p style=\"text-align: justify;\">Course aux points hommes : 1 &#8211; Benjamin Thomas, 2 &#8211; Bryan Coquard, 3 &#8211; Erwan Besnier<\/p>\n","protected":false},"excerpt":{"rendered":"<p>CHAMPIONNATS DE FRANCE DE CYCLISME SUR PISTE 2025 &#8211; Premi\u00e8re journ\u00e9e pour les habitu\u00e9s, avec Marion Borras et Benjamin Thomas en figure de proue, la surprise ayant eu lieu sur le kilom\u00e8tre.\u00a0<\/p>\n","protected":false},"author":59,"featured_media":543615,"comment_status":"open","ping_status":"closed","sticky":false,"template":"","format":"standard","meta":{"_acf_changed":false,"_daextam_enable_autolinks":"1","footnotes":""},"categories":[14089],"tags":[32415,16878,41363,8535,25857],"class_list":["post-543558","post","type-post","status-publish","format-standard","has-post-thumbnail","hentry","category-cyclisme-sur-piste","tag-actu","tag-breve","tag-cyclisme-sur-piste-francais","tag-marie-divine-kouame","tag-marion-borras"],"acf":[],"yoast_head":"<!-- This site is optimized with the Yoast SEO Premium plugin v26.7 (Yoast SEO v26.7) - https:\/\/yoast.com\/wordpress\/plugins\/seo\/ -->\n<title>Cyclisme sur piste : Marion Borras et Benjamin Thomas d\u00e9roulent, le r\u00e9sum\u00e9 de la 1re journ\u00e9e des Championnats de France<\/title>\n<meta name=\"description\" content=\"CHAMPIONNATS DE FRANCE DE CYCLISME SUR PISTE 2025 - Premi\u00e8re journ\u00e9e pour les habitu\u00e9s, avec Marion Borras et Benjamin Thomas en figure de proue, la surprise ayant eu lieu sur le kilom\u00e8tre.\u00a0\" \/>\n<meta name=\"robots\" content=\"index, follow, max-snippet:-1, max-image-preview:large, max-video-preview:-1\" \/>\n<link rel=\"canonical\" href=\"https:\/\/dicodusport.fr\/blog\/cyclisme-sur-piste-marion-borras-et-benjamin-thomas-deroulent-le-resume-de-la-1re-journee-des-championnats-de-france\/\" \/>\n<meta property=\"og:locale\" content=\"fr_FR\" \/>\n<meta property=\"og:type\" content=\"article\" \/>\n<meta property=\"og:title\" content=\"Cyclisme sur piste : Marion Borras et Benjamin Thomas d\u00e9roulent, le r\u00e9sum\u00e9 de la 1re journ\u00e9e des Championnats de France\" \/>\n<meta property=\"og:description\" content=\"CHAMPIONNATS DE FRANCE DE CYCLISME SUR PISTE 2025 - Premi\u00e8re journ\u00e9e pour les habitu\u00e9s, avec Marion Borras et Benjamin Thomas en figure de proue, la surprise ayant eu lieu sur le kilom\u00e8tre.\u00a0\" \/>\n<meta property=\"og:url\" content=\"https:\/\/dicodusport.fr\/blog\/cyclisme-sur-piste-marion-borras-et-benjamin-thomas-deroulent-le-resume-de-la-1re-journee-des-championnats-de-france\/\" \/>\n<meta property=\"og:site_name\" content=\"Dicodusport\" \/>\n<meta property=\"article:publisher\" content=\"https:\/\/www.facebook.com\/dicodusport\" \/>\n<meta property=\"article:author\" content=\"https:\/\/www.facebook.com\/sebastien.gente\/\" \/>\n<meta property=\"article:published_time\" content=\"2025-01-03T19:23:23+00:00\" \/>\n<meta property=\"og:image\" content=\"https:\/\/dicodusport.fr\/blog\/wp-content\/uploads\/2025\/01\/Cyclisme-sur-piste-Marion-Borras-et-Benjamin-Thomas-deroulent-le-resume-de-la-1re-journee-des-Championnats-de-France.png\" \/>\n\t<meta property=\"og:image:width\" content=\"1200\" \/>\n\t<meta property=\"og:image:height\" content=\"674\" \/>\n\t<meta property=\"og:image:type\" content=\"image\/png\" \/>\n<meta name=\"author\" content=\"S\u00e9bastien Gente\" \/>\n<meta name=\"twitter:card\" content=\"summary_large_image\" \/>\n<meta name=\"twitter:title\" content=\"Cyclisme sur piste : Marion Borras et Benjamin Thomas d\u00e9roulent, le r\u00e9sum\u00e9 de la 1re journ\u00e9e des Championnats de France\" \/>\n<meta name=\"twitter:creator\" content=\"@https:\/\/twitter.com\/globulo24\" \/>\n<meta name=\"twitter:site\" content=\"@dicodusport\" \/>\n<script type=\"application\/ld+json\" class=\"yoast-schema-graph\">{\"@context\":\"https:\/\/schema.org\",\"@graph\":[{\"@type\":\"NewsArticle\",\"@id\":\"https:\/\/dicodusport.fr\/blog\/cyclisme-sur-piste-marion-borras-et-benjamin-thomas-deroulent-le-resume-de-la-1re-journee-des-championnats-de-france\/#article\",\"isPartOf\":{\"@id\":\"https:\/\/dicodusport.fr\/blog\/cyclisme-sur-piste-marion-borras-et-benjamin-thomas-deroulent-le-resume-de-la-1re-journee-des-championnats-de-france\/\"},\"author\":{\"name\":\"S\u00e9bastien Gente\",\"@id\":\"https:\/\/dicodusport.fr\/blog\/#\/schema\/person\/627966a6cde45dbd8c5e36ac85d783da\"},\"headline\":\"Cyclisme sur piste : Marion Borras et Benjamin Thomas d\u00e9roulent, le r\u00e9sum\u00e9 de la 1re journ\u00e9e des Championnats de France\",\"datePublished\":\"2025-01-03T19:23:23+00:00\",\"mainEntityOfPage\":{\"@id\":\"https:\/\/dicodusport.fr\/blog\/cyclisme-sur-piste-marion-borras-et-benjamin-thomas-deroulent-le-resume-de-la-1re-journee-des-championnats-de-france\/\"},\"wordCount\":416,\"commentCount\":0,\"publisher\":{\"@id\":\"https:\/\/dicodusport.fr\/blog\/#organization\"},\"image\":{\"@id\":\"https:\/\/dicodusport.fr\/blog\/cyclisme-sur-piste-marion-borras-et-benjamin-thomas-deroulent-le-resume-de-la-1re-journee-des-championnats-de-france\/#primaryimage\"},\"thumbnailUrl\":\"https:\/\/dicodusport.fr\/blog\/wp-content\/uploads\/2025\/01\/Cyclisme-sur-piste-Marion-Borras-et-Benjamin-Thomas-deroulent-le-resume-de-la-1re-journee-des-Championnats-de-France.png\",\"keywords\":[\"actu\",\"br\u00e8ve\",\"Cyclisme sur piste fran\u00e7ais\",\"Marie-Divine Kouam\u00e9\",\"Marion Borras\"],\"articleSection\":[\"Cyclisme sur piste\"],\"inLanguage\":\"fr-FR\",\"potentialAction\":[{\"@type\":\"CommentAction\",\"name\":\"Comment\",\"target\":[\"https:\/\/dicodusport.fr\/blog\/cyclisme-sur-piste-marion-borras-et-benjamin-thomas-deroulent-le-resume-de-la-1re-journee-des-championnats-de-france\/#respond\"]}],\"copyrightYear\":\"2025\",\"copyrightHolder\":{\"@id\":\"https:\/\/dicodusport.fr\/blog\/#organization\"}},{\"@type\":\"WebPage\",\"@id\":\"https:\/\/dicodusport.fr\/blog\/cyclisme-sur-piste-marion-borras-et-benjamin-thomas-deroulent-le-resume-de-la-1re-journee-des-championnats-de-france\/\",\"url\":\"https:\/\/dicodusport.fr\/blog\/cyclisme-sur-piste-marion-borras-et-benjamin-thomas-deroulent-le-resume-de-la-1re-journee-des-championnats-de-france\/\",\"name\":\"Cyclisme sur piste : Marion Borras et Benjamin Thomas d\u00e9roulent, le r\u00e9sum\u00e9 de la 1re journ\u00e9e des Championnats de France\",\"isPartOf\":{\"@id\":\"https:\/\/dicodusport.fr\/blog\/#website\"},\"primaryImageOfPage\":{\"@id\":\"https:\/\/dicodusport.fr\/blog\/cyclisme-sur-piste-marion-borras-et-benjamin-thomas-deroulent-le-resume-de-la-1re-journee-des-championnats-de-france\/#primaryimage\"},\"image\":{\"@id\":\"https:\/\/dicodusport.fr\/blog\/cyclisme-sur-piste-marion-borras-et-benjamin-thomas-deroulent-le-resume-de-la-1re-journee-des-championnats-de-france\/#primaryimage\"},\"thumbnailUrl\":\"https:\/\/dicodusport.fr\/blog\/wp-content\/uploads\/2025\/01\/Cyclisme-sur-piste-Marion-Borras-et-Benjamin-Thomas-deroulent-le-resume-de-la-1re-journee-des-Championnats-de-France.png\",\"datePublished\":\"2025-01-03T19:23:23+00:00\",\"description\":\"CHAMPIONNATS DE FRANCE DE CYCLISME SUR PISTE 2025 - Premi\u00e8re journ\u00e9e pour les habitu\u00e9s, avec Marion Borras et Benjamin Thomas en figure de proue, la surprise ayant eu lieu sur le kilom\u00e8tre.\u00a0\",\"breadcrumb\":{\"@id\":\"https:\/\/dicodusport.fr\/blog\/cyclisme-sur-piste-marion-borras-et-benjamin-thomas-deroulent-le-resume-de-la-1re-journee-des-championnats-de-france\/#breadcrumb\"},\"inLanguage\":\"fr-FR\",\"potentialAction\":[{\"@type\":\"ReadAction\",\"target\":[\"https:\/\/dicodusport.fr\/blog\/cyclisme-sur-piste-marion-borras-et-benjamin-thomas-deroulent-le-resume-de-la-1re-journee-des-championnats-de-france\/\"]}]},{\"@type\":\"ImageObject\",\"inLanguage\":\"fr-FR\",\"@id\":\"https:\/\/dicodusport.fr\/blog\/cyclisme-sur-piste-marion-borras-et-benjamin-thomas-deroulent-le-resume-de-la-1re-journee-des-championnats-de-france\/#primaryimage\",\"url\":\"https:\/\/dicodusport.fr\/blog\/wp-content\/uploads\/2025\/01\/Cyclisme-sur-piste-Marion-Borras-et-Benjamin-Thomas-deroulent-le-resume-de-la-1re-journee-des-Championnats-de-France.png\",\"contentUrl\":\"https:\/\/dicodusport.fr\/blog\/wp-content\/uploads\/2025\/01\/Cyclisme-sur-piste-Marion-Borras-et-Benjamin-Thomas-deroulent-le-resume-de-la-1re-journee-des-Championnats-de-France.png\",\"width\":1200,\"height\":674,\"caption\":\"Cyclisme sur piste Marion Borras et Benjamin Thomas d\u00e9roulent, le r\u00e9sum\u00e9 de la 1re journ\u00e9e des Championnats de France\"},{\"@type\":\"BreadcrumbList\",\"@id\":\"https:\/\/dicodusport.fr\/blog\/cyclisme-sur-piste-marion-borras-et-benjamin-thomas-deroulent-le-resume-de-la-1re-journee-des-championnats-de-france\/#breadcrumb\",\"itemListElement\":[{\"@type\":\"ListItem\",\"position\":1,\"name\":\"Accueil\",\"item\":\"https:\/\/dicodusport.fr\/blog\/\"},{\"@type\":\"ListItem\",\"position\":2,\"name\":\"Cyclisme sur piste : Marion Borras et Benjamin Thomas d\u00e9roulent, le r\u00e9sum\u00e9 de la 1re journ\u00e9e des Championnats de France\"}]},{\"@type\":\"WebSite\",\"@id\":\"https:\/\/dicodusport.fr\/blog\/#website\",\"url\":\"https:\/\/dicodusport.fr\/blog\/\",\"name\":\"Dicodusport\",\"description\":\"L&#039;encyclop\u00e9die de l&#039;actualit\u00e9 sportive\",\"publisher\":{\"@id\":\"https:\/\/dicodusport.fr\/blog\/#organization\"},\"potentialAction\":[{\"@type\":\"SearchAction\",\"target\":{\"@type\":\"EntryPoint\",\"urlTemplate\":\"https:\/\/dicodusport.fr\/blog\/?s={search_term_string}\"},\"query-input\":{\"@type\":\"PropertyValueSpecification\",\"valueRequired\":true,\"valueName\":\"search_term_string\"}}],\"inLanguage\":\"fr-FR\"},{\"@type\":\"NewsMediaOrganization\",\"@id\":\"https:\/\/dicodusport.fr\/blog\/#organization\",\"name\":\"Dicodusport\",\"url\":\"https:\/\/dicodusport.fr\/blog\/\",\"logo\":{\"@type\":\"ImageObject\",\"inLanguage\":\"fr-FR\",\"@id\":\"https:\/\/dicodusport.fr\/blog\/#\/schema\/logo\/image\/\",\"url\":\"https:\/\/dicodusport.fr\/blog\/wp-content\/uploads\/2020\/06\/cropped-LOGO-DICODUSPORT-2020-SANS-FOND-SANS-TEXTE.png\",\"contentUrl\":\"https:\/\/dicodusport.fr\/blog\/wp-content\/uploads\/2020\/06\/cropped-LOGO-DICODUSPORT-2020-SANS-FOND-SANS-TEXTE.png\",\"width\":512,\"height\":512,\"caption\":\"Dicodusport\"},\"image\":{\"@id\":\"https:\/\/dicodusport.fr\/blog\/#\/schema\/logo\/image\/\"},\"sameAs\":[\"https:\/\/www.facebook.com\/dicodusport\",\"https:\/\/x.com\/dicodusport\",\"https:\/\/www.instagram.com\/dicodusport\/\",\"https:\/\/www.youtube.com\/channel\/UC7V2KZ5sd3htJivAbA4ZG3w\"],\"description\":\"Dicodusport est l'encyclop\u00e9die de l'actualit\u00e9 sportive.\",\"email\":\"bonjour@dicodusport.fr\",\"legalName\":\"DICODUSPORT\",\"foundingDate\":\"2018-01-14\",\"vatID\":\"FR71834470973\",\"taxID\":\"83447097300043\",\"numberOfEmployees\":{\"@type\":\"QuantitativeValue\",\"minValue\":\"1\",\"maxValue\":\"10\"}},{\"@type\":\"Person\",\"@id\":\"https:\/\/dicodusport.fr\/blog\/#\/schema\/person\/627966a6cde45dbd8c5e36ac85d783da\",\"name\":\"S\u00e9bastien Gente\",\"image\":{\"@type\":\"ImageObject\",\"inLanguage\":\"fr-FR\",\"@id\":\"https:\/\/dicodusport.fr\/blog\/#\/schema\/person\/image\/\",\"url\":\"https:\/\/dicodusport.fr\/blog\/wp-content\/uploads\/2021\/09\/1510990_10205810251400683_4124423575079401707_n-150x150.jpg\",\"contentUrl\":\"https:\/\/dicodusport.fr\/blog\/wp-content\/uploads\/2021\/09\/1510990_10205810251400683_4124423575079401707_n-150x150.jpg\",\"caption\":\"S\u00e9bastien Gente\"},\"description\":\"John Stockton, Gianni Bugno, Zinedine Zidane, Steffi Graf, Frode Andresen, St\u00e9phane Stoecklin, Davis Kamoga, Primoz Peterka, Werner Schlager et Aur\u00e9lien Rougerie. Point commun entre ces sportifs? Ils m'ont fait r\u00eaver et ont berc\u00e9 mon adolescence. Je suis un fondu de sports et j'essaie de retranscrire ma passion \u00e0 travers mes articles. Originaire du P\u00e9rigord, ma passion pour les Girondins, les Jaunards et les Jazzmen transpire dans mes \u00e9crits. \u00c0 Dicodusport depuis 2021, je d\u00e9niche les sports m\u00e9connus dans lesquels la France brille, et il y en a !\",\"sameAs\":[\"https:\/\/www.facebook.com\/sebastien.gente\/\",\"https:\/\/www.instagram.com\/sebgente\/\",\"https:\/\/www.linkedin.com\/in\/sbastien-gente-a29583169\/\",\"https:\/\/x.com\/https:\/\/twitter.com\/globulo24\",\"SebastienGente\"],\"worksFor\":\"S\u00e9bastien GENTE\",\"url\":\"https:\/\/dicodusport.fr\/blog\/author\/sebastiengente\/\"}]}<\/script>\n<!-- \/ Yoast SEO Premium plugin. -->","yoast_head_json":{"title":"Cyclisme sur piste : Marion Borras et Benjamin Thomas d\u00e9roulent, le r\u00e9sum\u00e9 de la 1re journ\u00e9e des Championnats de France","description":"CHAMPIONNATS DE FRANCE DE CYCLISME SUR PISTE 2025 - Premi\u00e8re journ\u00e9e pour les habitu\u00e9s, avec Marion Borras et Benjamin Thomas en figure de proue, la surprise ayant eu lieu sur le kilom\u00e8tre.\u00a0","robots":{"index":"index","follow":"follow","max-snippet":"max-snippet:-1","max-image-preview":"max-image-preview:large","max-video-preview":"max-video-preview:-1"},"canonical":"https:\/\/dicodusport.fr\/blog\/cyclisme-sur-piste-marion-borras-et-benjamin-thomas-deroulent-le-resume-de-la-1re-journee-des-championnats-de-france\/","og_locale":"fr_FR","og_type":"article","og_title":"Cyclisme sur piste : Marion Borras et Benjamin Thomas d\u00e9roulent, le r\u00e9sum\u00e9 de la 1re journ\u00e9e des Championnats de France","og_description":"CHAMPIONNATS DE FRANCE DE CYCLISME SUR PISTE 2025 - Premi\u00e8re journ\u00e9e pour les habitu\u00e9s, avec Marion Borras et Benjamin Thomas en figure de proue, la surprise ayant eu lieu sur le kilom\u00e8tre.\u00a0","og_url":"https:\/\/dicodusport.fr\/blog\/cyclisme-sur-piste-marion-borras-et-benjamin-thomas-deroulent-le-resume-de-la-1re-journee-des-championnats-de-france\/","og_site_name":"Dicodusport","article_publisher":"https:\/\/www.facebook.com\/dicodusport","article_author":"https:\/\/www.facebook.com\/sebastien.gente\/","article_published_time":"2025-01-03T19:23:23+00:00","og_image":[{"width":1200,"height":674,"url":"https:\/\/dicodusport.fr\/blog\/wp-content\/uploads\/2025\/01\/Cyclisme-sur-piste-Marion-Borras-et-Benjamin-Thomas-deroulent-le-resume-de-la-1re-journee-des-Championnats-de-France.png","type":"image\/png"}],"author":"S\u00e9bastien Gente","twitter_card":"summary_large_image","twitter_title":"Cyclisme sur piste : Marion Borras et Benjamin Thomas d\u00e9roulent, le r\u00e9sum\u00e9 de la 1re journ\u00e9e des Championnats de France","twitter_creator":"@https:\/\/twitter.com\/globulo24","twitter_site":"@dicodusport","schema":{"@context":"https:\/\/schema.org","@graph":[{"@type":"NewsArticle","@id":"https:\/\/dicodusport.fr\/blog\/cyclisme-sur-piste-marion-borras-et-benjamin-thomas-deroulent-le-resume-de-la-1re-journee-des-championnats-de-france\/#article","isPartOf":{"@id":"https:\/\/dicodusport.fr\/blog\/cyclisme-sur-piste-marion-borras-et-benjamin-thomas-deroulent-le-resume-de-la-1re-journee-des-championnats-de-france\/"},"author":{"name":"S\u00e9bastien Gente","@id":"https:\/\/dicodusport.fr\/blog\/#\/schema\/person\/627966a6cde45dbd8c5e36ac85d783da"},"headline":"Cyclisme sur piste : Marion Borras et Benjamin Thomas d\u00e9roulent, le r\u00e9sum\u00e9 de la 1re journ\u00e9e des Championnats de France","datePublished":"2025-01-03T19:23:23+00:00","mainEntityOfPage":{"@id":"https:\/\/dicodusport.fr\/blog\/cyclisme-sur-piste-marion-borras-et-benjamin-thomas-deroulent-le-resume-de-la-1re-journee-des-championnats-de-france\/"},"wordCount":416,"commentCount":0,"publisher":{"@id":"https:\/\/dicodusport.fr\/blog\/#organization"},"image":{"@id":"https:\/\/dicodusport.fr\/blog\/cyclisme-sur-piste-marion-borras-et-benjamin-thomas-deroulent-le-resume-de-la-1re-journee-des-championnats-de-france\/#primaryimage"},"thumbnailUrl":"https:\/\/dicodusport.fr\/blog\/wp-content\/uploads\/2025\/01\/Cyclisme-sur-piste-Marion-Borras-et-Benjamin-Thomas-deroulent-le-resume-de-la-1re-journee-des-Championnats-de-France.png","keywords":["actu","br\u00e8ve","Cyclisme sur piste fran\u00e7ais","Marie-Divine Kouam\u00e9","Marion Borras"],"articleSection":["Cyclisme sur piste"],"inLanguage":"fr-FR","potentialAction":[{"@type":"CommentAction","name":"Comment","target":["https:\/\/dicodusport.fr\/blog\/cyclisme-sur-piste-marion-borras-et-benjamin-thomas-deroulent-le-resume-de-la-1re-journee-des-championnats-de-france\/#respond"]}],"copyrightYear":"2025","copyrightHolder":{"@id":"https:\/\/dicodusport.fr\/blog\/#organization"}},{"@type":"WebPage","@id":"https:\/\/dicodusport.fr\/blog\/cyclisme-sur-piste-marion-borras-et-benjamin-thomas-deroulent-le-resume-de-la-1re-journee-des-championnats-de-france\/","url":"https:\/\/dicodusport.fr\/blog\/cyclisme-sur-piste-marion-borras-et-benjamin-thomas-deroulent-le-resume-de-la-1re-journee-des-championnats-de-france\/","name":"Cyclisme sur piste : Marion Borras et Benjamin Thomas d\u00e9roulent, le r\u00e9sum\u00e9 de la 1re journ\u00e9e des Championnats de France","isPartOf":{"@id":"https:\/\/dicodusport.fr\/blog\/#website"},"primaryImageOfPage":{"@id":"https:\/\/dicodusport.fr\/blog\/cyclisme-sur-piste-marion-borras-et-benjamin-thomas-deroulent-le-resume-de-la-1re-journee-des-championnats-de-france\/#primaryimage"},"image":{"@id":"https:\/\/dicodusport.fr\/blog\/cyclisme-sur-piste-marion-borras-et-benjamin-thomas-deroulent-le-resume-de-la-1re-journee-des-championnats-de-france\/#primaryimage"},"thumbnailUrl":"https:\/\/dicodusport.fr\/blog\/wp-content\/uploads\/2025\/01\/Cyclisme-sur-piste-Marion-Borras-et-Benjamin-Thomas-deroulent-le-resume-de-la-1re-journee-des-Championnats-de-France.png","datePublished":"2025-01-03T19:23:23+00:00","description":"CHAMPIONNATS DE FRANCE DE CYCLISME SUR PISTE 2025 - Premi\u00e8re journ\u00e9e pour les habitu\u00e9s, avec Marion Borras et Benjamin Thomas en figure de proue, la surprise ayant eu lieu sur le kilom\u00e8tre.\u00a0","breadcrumb":{"@id":"https:\/\/dicodusport.fr\/blog\/cyclisme-sur-piste-marion-borras-et-benjamin-thomas-deroulent-le-resume-de-la-1re-journee-des-championnats-de-france\/#breadcrumb"},"inLanguage":"fr-FR","potentialAction":[{"@type":"ReadAction","target":["https:\/\/dicodusport.fr\/blog\/cyclisme-sur-piste-marion-borras-et-benjamin-thomas-deroulent-le-resume-de-la-1re-journee-des-championnats-de-france\/"]}]},{"@type":"ImageObject","inLanguage":"fr-FR","@id":"https:\/\/dicodusport.fr\/blog\/cyclisme-sur-piste-marion-borras-et-benjamin-thomas-deroulent-le-resume-de-la-1re-journee-des-championnats-de-france\/#primaryimage","url":"https:\/\/dicodusport.fr\/blog\/wp-content\/uploads\/2025\/01\/Cyclisme-sur-piste-Marion-Borras-et-Benjamin-Thomas-deroulent-le-resume-de-la-1re-journee-des-Championnats-de-France.png","contentUrl":"https:\/\/dicodusport.fr\/blog\/wp-content\/uploads\/2025\/01\/Cyclisme-sur-piste-Marion-Borras-et-Benjamin-Thomas-deroulent-le-resume-de-la-1re-journee-des-Championnats-de-France.png","width":1200,"height":674,"caption":"Cyclisme sur piste Marion Borras et Benjamin Thomas d\u00e9roulent, le r\u00e9sum\u00e9 de la 1re journ\u00e9e des Championnats de France"},{"@type":"BreadcrumbList","@id":"https:\/\/dicodusport.fr\/blog\/cyclisme-sur-piste-marion-borras-et-benjamin-thomas-deroulent-le-resume-de-la-1re-journee-des-championnats-de-france\/#breadcrumb","itemListElement":[{"@type":"ListItem","position":1,"name":"Accueil","item":"https:\/\/dicodusport.fr\/blog\/"},{"@type":"ListItem","position":2,"name":"Cyclisme sur piste : Marion Borras et Benjamin Thomas d\u00e9roulent, le r\u00e9sum\u00e9 de la 1re journ\u00e9e des Championnats de France"}]},{"@type":"WebSite","@id":"https:\/\/dicodusport.fr\/blog\/#website","url":"https:\/\/dicodusport.fr\/blog\/","name":"Dicodusport","description":"L&#039;encyclop\u00e9die de l&#039;actualit\u00e9 sportive","publisher":{"@id":"https:\/\/dicodusport.fr\/blog\/#organization"},"potentialAction":[{"@type":"SearchAction","target":{"@type":"EntryPoint","urlTemplate":"https:\/\/dicodusport.fr\/blog\/?s={search_term_string}"},"query-input":{"@type":"PropertyValueSpecification","valueRequired":true,"valueName":"search_term_string"}}],"inLanguage":"fr-FR"},{"@type":"NewsMediaOrganization","@id":"https:\/\/dicodusport.fr\/blog\/#organization","name":"Dicodusport","url":"https:\/\/dicodusport.fr\/blog\/","logo":{"@type":"ImageObject","inLanguage":"fr-FR","@id":"https:\/\/dicodusport.fr\/blog\/#\/schema\/logo\/image\/","url":"https:\/\/dicodusport.fr\/blog\/wp-content\/uploads\/2020\/06\/cropped-LOGO-DICODUSPORT-2020-SANS-FOND-SANS-TEXTE.png","contentUrl":"https:\/\/dicodusport.fr\/blog\/wp-content\/uploads\/2020\/06\/cropped-LOGO-DICODUSPORT-2020-SANS-FOND-SANS-TEXTE.png","width":512,"height":512,"caption":"Dicodusport"},"image":{"@id":"https:\/\/dicodusport.fr\/blog\/#\/schema\/logo\/image\/"},"sameAs":["https:\/\/www.facebook.com\/dicodusport","https:\/\/x.com\/dicodusport","https:\/\/www.instagram.com\/dicodusport\/","https:\/\/www.youtube.com\/channel\/UC7V2KZ5sd3htJivAbA4ZG3w"],"description":"Dicodusport est l'encyclop\u00e9die de l'actualit\u00e9 sportive.","email":"bonjour@dicodusport.fr","legalName":"DICODUSPORT","foundingDate":"2018-01-14","vatID":"FR71834470973","taxID":"83447097300043","numberOfEmployees":{"@type":"QuantitativeValue","minValue":"1","maxValue":"10"}},{"@type":"Person","@id":"https:\/\/dicodusport.fr\/blog\/#\/schema\/person\/627966a6cde45dbd8c5e36ac85d783da","name":"S\u00e9bastien Gente","image":{"@type":"ImageObject","inLanguage":"fr-FR","@id":"https:\/\/dicodusport.fr\/blog\/#\/schema\/person\/image\/","url":"https:\/\/dicodusport.fr\/blog\/wp-content\/uploads\/2021\/09\/1510990_10205810251400683_4124423575079401707_n-150x150.jpg","contentUrl":"https:\/\/dicodusport.fr\/blog\/wp-content\/uploads\/2021\/09\/1510990_10205810251400683_4124423575079401707_n-150x150.jpg","caption":"S\u00e9bastien Gente"},"description":"John Stockton, Gianni Bugno, Zinedine Zidane, Steffi Graf, Frode Andresen, St\u00e9phane Stoecklin, Davis Kamoga, Primoz Peterka, Werner Schlager et Aur\u00e9lien Rougerie. Point commun entre ces sportifs? Ils m'ont fait r\u00eaver et ont berc\u00e9 mon adolescence. Je suis un fondu de sports et j'essaie de retranscrire ma passion \u00e0 travers mes articles. Originaire du P\u00e9rigord, ma passion pour les Girondins, les Jaunards et les Jazzmen transpire dans mes \u00e9crits. \u00c0 Dicodusport depuis 2021, je d\u00e9niche les sports m\u00e9connus dans lesquels la France brille, et il y en a !","sameAs":["https:\/\/www.facebook.com\/sebastien.gente\/","https:\/\/www.instagram.com\/sebgente\/","https:\/\/www.linkedin.com\/in\/sbastien-gente-a29583169\/","https:\/\/x.com\/https:\/\/twitter.com\/globulo24","SebastienGente"],"worksFor":"S\u00e9bastien GENTE","url":"https:\/\/dicodusport.fr\/blog\/author\/sebastiengente\/"}]}},"_links":{"self":[{"href":"https:\/\/dicodusport.fr\/blog\/wp-json\/wp\/v2\/posts\/543558","targetHints":{"allow":["GET"]}}],"collection":[{"href":"https:\/\/dicodusport.fr\/blog\/wp-json\/wp\/v2\/posts"}],"about":[{"href":"https:\/\/dicodusport.fr\/blog\/wp-json\/wp\/v2\/types\/post"}],"author":[{"embeddable":true,"href":"https:\/\/dicodusport.fr\/blog\/wp-json\/wp\/v2\/users\/59"}],"replies":[{"embeddable":true,"href":"https:\/\/dicodusport.fr\/blog\/wp-json\/wp\/v2\/comments?post=543558"}],"version-history":[{"count":1,"href":"https:\/\/dicodusport.fr\/blog\/wp-json\/wp\/v2\/posts\/543558\/revisions"}],"predecessor-version":[{"id":543616,"href":"https:\/\/dicodusport.fr\/blog\/wp-json\/wp\/v2\/posts\/543558\/revisions\/543616"}],"wp:featuredmedia":[{"embeddable":true,"href":"https:\/\/dicodusport.fr\/blog\/wp-json\/wp\/v2\/media\/543615"}],"wp:attachment":[{"href":"https:\/\/dicodusport.fr\/blog\/wp-json\/wp\/v2\/media?parent=543558"}],"wp:term":[{"taxonomy":"category","embeddable":true,"href":"https:\/\/dicodusport.fr\/blog\/wp-json\/wp\/v2\/categories?post=543558"},{"taxonomy":"post_tag","embeddable":true,"href":"https:\/\/dicodusport.fr\/blog\/wp-json\/wp\/v2\/tags?post=543558"}],"curies":[{"name":"wp","href":"https:\/\/api.w.org\/{rel}","templated":true}]}}