{"id":543655,"date":"2025-01-04T08:30:04","date_gmt":"2025-01-04T07:30:04","guid":{"rendered":"https:\/\/dicodusport.fr\/blog\/?p=543655&#038;preview=true&#038;preview_id=543655"},"modified":"2025-01-04T08:34:13","modified_gmt":"2025-01-04T07:34:13","slug":"vendee-globe-2024-le-classement-samedi-4-janvier-a-8h","status":"publish","type":"post","link":"https:\/\/dicodusport.fr\/blog\/vendee-globe-2024-le-classement-samedi-4-janvier-a-8h\/","title":{"rendered":"Vend\u00e9e Globe 2024 : Le classement samedi 4 janvier \u00e0 8h"},"content":{"rendered":"<h4 style=\"text-align: justify;\"><em><strong>VEND\u00c9E GLOBE 2024 &#8211; <span style=\"text-align: justify;\">Charlie Dalin (MACIF Sant\u00e9 Pr\u00e9voyance) a fait le break en t\u00eate du Vend\u00e9e Globe au cours des 24 derni\u00e8res heures.<\/span><\/strong><\/em><\/h4>\n<ul style=\"text-align: justify;\">\n<li><strong>\u00c0 ce sujet &#8211; <a href=\"https:\/\/dicodusport.fr\/blog\/classement-du-vendee-globe-2024-en-direct\/\" target=\"_blank\" rel=\"noopener\">Classement Vend\u00e9e Globe 2024 en direct<\/a><\/strong><\/li>\n<\/ul>\n<p style=\"text-align: justify;\">Alors que les deux leaders se rendaient coup pour coup depuis plusieurs jours, <strong>Charlie<\/strong> <strong>Dalin<\/strong> (MACIF Sant\u00e9 Pr\u00e9voyance) semble avoir fait un break sur sur son adversaire principal au cours des 24 derni\u00e8res heures. Le skipper <strong>MACIF Sant\u00e9 Pr\u00e9voyance<\/strong> compte maintenant pas moins de 121 miles nautiques d&rsquo;avance.<\/p>\n<p style=\"text-align: justify;\"><strong>Yoann<\/strong> <strong>Richomme<\/strong> (Paprec Ark\u00e9a) a donc perdu beaucoup de terrain au cours des 24 derni\u00e8res heures avec une vitesse moyenne bien moins \u00e9lev\u00e9e que son rival. Le Vend\u00e9e Globe n&rsquo;est pas jou\u00e9 pour autant, puisqu&rsquo;il reste pr\u00e8s de 4000 miles nautiques \u00e0 parcourir. <strong>S\u00e9bastien<\/strong> <strong>Simon<\/strong> (Groupe Dubreuil) conserve lui la troisi\u00e8me place.<\/p>\n<p style=\"text-align: justify;\"><strong>Thomas<\/strong> <strong>Ruyant<\/strong> (Vulnerable) est toujours quatri\u00e8me, mais le menace est de plus en plus proche pour le skipper fran\u00e7ais. <strong>Paul Meilhat<\/strong> (Biotherm) a l\u00e2ch\u00e9 ses\u00a0 concurrents pour la cinqui\u00e8me place pour revenir tout proche de la quatri\u00e8me. Pas d&rsquo;autres changements dans le reste du Top 10.<\/p>\n<ul style=\"text-align: justify;\">\n<li style=\"text-align: justify;\"><strong>\u00c0 ce sujet &#8211; <a title=\"Vend\u00e9e Globe 2024 : Les principaux favoris et outsiders\" href=\"https:\/\/dicodusport.fr\/blog\/vendee-globe-2024-les-principaux-favoris-et-outsiders\/\" target=\"_blank\" rel=\"noopener\">Vend\u00e9e Globe 2024 : Les principaux favoris et outsiders<\/a><\/strong><\/li>\n<\/ul>\n<h2 style=\"text-align: justify;\">Vend\u00e9e Globe 2024 &#8211; Le classement le 4 janvier \u00e0 7 heures<\/h2>\n<p style=\"text-align: justify;\"><strong><span class=\"su-label su-label-type-important\">MISE \u00c0 JOUR LE 04\/01\/2025 \u00c0 7H00<\/span><\/strong><\/p>\n<p style=\"text-align: justify;\"><div class=\"su-table su-table-alternate\">\n<table style=\"width: 1000px;border-collapse: collapse\" border=\"1\">\n<tbody>\n<tr style=\"height: 24px\">\n<td style=\"border-color: #ebebeb;height: 24px;width: 80px;text-align: center;vertical-align: middle\"><span style=\"font-size: 14px\">\ud83e\udd47<\/span><\/td>\n<td style=\"border-color: #ebebeb;height: 24px;text-align: center;vertical-align: middle;width: 600px\"><span style=\"font-size: 0.9em\"><strong>SKIPPERS \/ BATEAUX<\/strong><\/span><\/td>\n<td style=\"border-color: #ebebeb;height: 24px;text-align: center;vertical-align: middle;width: 320px\"><span style=\"font-size: 0.9em\"><strong>DIS. \u00c0 L&rsquo;ARRIV\u00c9E \/ \u00c9CART<\/strong><\/span><\/td>\n<\/tr>\n<tr>\n<td style=\"border-color: #ebebeb;text-align: center;width: 80px;vertical-align: middle\"><strong><span class=\"su-label su-label-type-warning\">1.<\/span><\/strong><\/td>\n<td style=\"border-color: #ebebeb;text-align: center;vertical-align: middle;width: 600px\"><span style=\"font-size: 0.9em\"><strong>\ud83c\uddeb\ud83c\uddf7 CHARLIE DALIN<br \/>\n<\/strong><span style=\"font-size: 0.8em\">MACIF SANT\u00c9 PR\u00c9VOYANCE<\/span><\/span><\/td>\n<td style=\"border-color: #ebebeb;text-align: center;vertical-align: middle;width: 320px\"><span style=\"font-size: 0.9em\"><strong>3834.02 nm<\/strong><\/span><\/td>\n<\/tr>\n<tr>\n<td style=\"border-color: #ebebeb;text-align: center;width: 80px;vertical-align: middle\"><span style=\"font-size: 0.9em\">2.<\/span><\/td>\n<td style=\"border-color: #ebebeb;text-align: center;vertical-align: middle;width: 600px\"><span style=\"font-size: 0.9em\"><strong>\ud83c\uddeb\ud83c\uddf7 YOANN RICHOMME<br \/>\n<\/strong><span style=\"font-size: 0.8em\">PAPREC ARK\u00c9A<\/span><\/span><\/td>\n<td style=\"border-color: #ebebeb;text-align: center;vertical-align: middle;width: 320px\"><span style=\"font-size: 0.9em\"><strong>\u00e0 121.88 <\/strong><\/span><span style=\"font-size: 0.9em\"><strong>nm<\/strong><\/span><\/td>\n<\/tr>\n<tr>\n<td style=\"border-color: #ebebeb;text-align: center;width: 80px;vertical-align: middle\"><span style=\"font-size: 0.9em\">3.<\/span><\/td>\n<td style=\"border-color: #ebebeb;text-align: center;vertical-align: middle;width: 600px\"><span style=\"font-size: 0.9em\"><strong>\ud83c\uddeb\ud83c\uddf7 S\u00c9BASTIEN SIMON<br \/>\n<\/strong><span style=\"font-size: 0.8em\">GROUPE DUBREUIL<\/span><\/span><\/td>\n<td style=\"border-color: #ebebeb;text-align: center;vertical-align: middle;width: 320px\"><span style=\"font-size: 0.9em\"><strong>\u00e0 518.93 <\/strong><\/span><span style=\"font-size: 0.9em\"><strong>nm<\/strong><\/span><\/td>\n<\/tr>\n<tr>\n<td style=\"border-color: #ebebeb;text-align: center;width: 80px;vertical-align: middle\"><span style=\"font-size: 0.9em\">4.<\/span><\/td>\n<td style=\"border-color: #ebebeb;text-align: center;vertical-align: middle;width: 600px\"><span style=\"font-size: 0.9em\"><strong>\ud83c\uddeb\ud83c\uddf7 THOMAS RUYANT<br \/>\n<\/strong><span style=\"font-size: 0.8em\">VULNERABLE<\/span><\/span><\/td>\n<td style=\"border-color: #ebebeb;text-align: center;vertical-align: middle;width: 320px\"><span style=\"font-size: 0.9em\"><strong>\u00e0 1505.63 <\/strong><\/span><span style=\"font-size: 0.9em\"><strong>nm<\/strong><\/span><\/td>\n<\/tr>\n<tr>\n<td style=\"border-color: #ebebeb;text-align: center;width: 80px;vertical-align: middle\"><span style=\"font-size: 0.9em\">5.<\/span><\/td>\n<td style=\"border-color: #ebebeb;text-align: center;vertical-align: middle;width: 600px\"><span style=\"font-size: 0.9em\"><strong>\ud83c\uddeb\ud83c\uddf7 PAUL MEILHAT<br \/>\n<\/strong><span style=\"font-size: 0.8em\">BIOTHERM<\/span><\/span><\/td>\n<td style=\"border-color: #ebebeb;text-align: center;vertical-align: middle;width: 320px\"><span style=\"font-size: 0.9em\"><strong>\u00e0 1557.63 nm<\/strong><\/span><\/td>\n<\/tr>\n<tr>\n<td style=\"border-color: #ebebeb;text-align: center;width: 80px;vertical-align: middle\"><span style=\"font-size: 0.9em\">6.<\/span><\/td>\n<td style=\"border-color: #ebebeb;text-align: center;vertical-align: middle;width: 600px\"><span style=\"font-size: 0.9em\"><strong>\ud83c\uddeb\ud83c\uddf7 NICOLAS LUNVEN<br \/>\n<\/strong><span style=\"font-size: 0.8em\">HOLCIM &#8211; PRB<\/span><\/span><\/td>\n<td style=\"border-color: #ebebeb;text-align: center;vertical-align: middle;width: 320px\"><span style=\"font-size: 0.9em\"><strong>\u00e0 1723.29 <\/strong><\/span><span style=\"font-size: 0.9em\"><strong>nm<\/strong><\/span><\/td>\n<\/tr>\n<tr>\n<td style=\"border-color: #ebebeb;text-align: center;width: 80px;vertical-align: middle\"><span style=\"font-size: 0.9em\">7.<\/span><\/td>\n<td style=\"border-color: #ebebeb;text-align: center;vertical-align: middle;width: 600px\"><span style=\"font-size: 0.9em\"><strong>\ud83c\uddeb\ud83c\uddf7 J\u00c9R\u00c9MIE BEYOU<br \/>\n<\/strong><span style=\"font-size: 0.8em\">CHARAL<\/span><\/span><\/td>\n<td style=\"border-color: #ebebeb;text-align: center;vertical-align: middle;width: 320px\"><span style=\"font-size: 0.9em\"><strong>\u00e0 1772.79 nm<\/strong><\/span><\/td>\n<\/tr>\n<tr>\n<td style=\"border-color: #ebebeb;text-align: center;width: 80px;vertical-align: middle\"><span style=\"font-size: 0.9em\">8.<\/span><\/td>\n<td style=\"border-color: #ebebeb;text-align: center;vertical-align: middle;width: 600px\"><span style=\"font-size: 0.9em\"><strong>\ud83c\udde9\ud83c\uddea BORIS HERRMANN<br \/>\n<\/strong><span style=\"font-size: 0.8em\">MALIZIA &#8211; SEAEXPLORER<\/span><\/span><\/td>\n<td style=\"border-color: #ebebeb;text-align: center;vertical-align: middle;width: 320px\"><span style=\"font-size: 0.9em\"><strong>\u00e0 1859.67 nm<\/strong><\/span><\/td>\n<\/tr>\n<tr>\n<td style=\"border-color: #ebebeb;text-align: center;width: 80px;vertical-align: middle\"><span style=\"font-size: 0.9em\">9.<\/span><\/td>\n<td style=\"border-color: #ebebeb;text-align: center;vertical-align: middle;width: 600px\"><span style=\"font-size: 0.9em\"><strong>\ud83c\uddec\ud83c\udde7 SAM GOODCHILD<br \/>\n<\/strong><span style=\"font-size: 0.8em\">VULNERABLE<\/span><\/span><\/td>\n<td style=\"border-color: #ebebeb;text-align: center;vertical-align: middle;width: 320px\"><span style=\"font-size: 0.9em\"><strong>\u00e0 1862.26 <\/strong><\/span><span style=\"font-size: 0.9em\"><strong>nm<\/strong><\/span><\/td>\n<\/tr>\n<tr>\n<td style=\"border-color: #ebebeb;text-align: center;width: 80px;vertical-align: middle\"><span style=\"font-size: 0.9em\">10.<\/span><\/td>\n<td style=\"border-color: #ebebeb;text-align: center;vertical-align: middle;width: 600px\"><span style=\"font-size: 0.9em\"><strong>\ud83c\udde8\ud83c\udded JUSTINE METTRAUX<br \/>\n<\/strong><span style=\"font-size: 0.8em\">TEAMWORK-TEAM SNEF<\/span><\/span><\/td>\n<td style=\"border-color: #ebebeb;text-align: center;vertical-align: middle;width: 320px\"><span style=\"font-size: 0.9em\"><strong>\u00e0 1925.73 <\/strong><\/span><span style=\"font-size: 0.9em\"><strong>nm<\/strong><\/span><\/td>\n<\/tr>\n<\/tbody>\n<\/table>\n<p style=\"text-align: justify\"><\/div>\n","protected":false},"excerpt":{"rendered":"<p>VEND\u00c9E GLOBE 2024 &#8211; Charlie Dalin (MACIF Sant\u00e9 Pr\u00e9voyance) a fait le break en t\u00eate du Vend\u00e9e Globe au cours des 24 derni\u00e8res heures.<\/p>\n","protected":false},"author":1,"featured_media":534273,"comment_status":"open","ping_status":"closed","sticky":false,"template":"","format":"standard","meta":{"_acf_changed":false,"_daextam_enable_autolinks":"1","footnotes":""},"categories":[9184],"tags":[32415,16878,3094,526],"class_list":["post-543655","post","type-post","status-publish","format-standard","has-post-thumbnail","hentry","category-voile","tag-actu","tag-breve","tag-vendee-globe","tag-voile"],"acf":[],"yoast_head":"<!-- This site is optimized with the Yoast SEO Premium plugin v26.7 (Yoast SEO v26.7) - https:\/\/yoast.com\/wordpress\/plugins\/seo\/ -->\n<title>Vend\u00e9e Globe 2024 : Le classement samedi 4 janvier \u00e0 8h<\/title>\n<meta name=\"description\" content=\"VEND\u00c9E GLOBE 2024 - Charlie Dalin (MACIF Sant\u00e9 Pr\u00e9voyance) a fait le break en t\u00eate du Vend\u00e9e Globe au cours des 24 derni\u00e8res heures.\" \/>\n<meta name=\"robots\" content=\"index, follow, max-snippet:-1, max-image-preview:large, max-video-preview:-1\" \/>\n<link rel=\"canonical\" href=\"https:\/\/dicodusport.fr\/blog\/vendee-globe-2024-le-classement-samedi-4-janvier-a-8h\/\" \/>\n<meta property=\"og:locale\" content=\"fr_FR\" \/>\n<meta property=\"og:type\" content=\"article\" \/>\n<meta property=\"og:title\" content=\"Vend\u00e9e Globe 2024 : Le classement samedi 4 janvier \u00e0 8h\" \/>\n<meta property=\"og:description\" content=\"VEND\u00c9E GLOBE 2024 - Charlie Dalin (MACIF Sant\u00e9 Pr\u00e9voyance) a fait le break en t\u00eate du Vend\u00e9e Globe au cours des 24 derni\u00e8res heures.\" \/>\n<meta property=\"og:url\" content=\"https:\/\/dicodusport.fr\/blog\/vendee-globe-2024-le-classement-samedi-4-janvier-a-8h\/\" \/>\n<meta property=\"og:site_name\" content=\"Dicodusport\" \/>\n<meta property=\"article:publisher\" content=\"https:\/\/www.facebook.com\/dicodusport\" \/>\n<meta property=\"article:author\" content=\"https:\/\/www.facebook.com\/dicodusport\" \/>\n<meta property=\"article:published_time\" content=\"2025-01-04T07:30:04+00:00\" \/>\n<meta property=\"article:modified_time\" content=\"2025-01-04T07:34:13+00:00\" \/>\n<meta property=\"og:image\" content=\"https:\/\/dicodusport.fr\/blog\/wp-content\/uploads\/2024\/11\/Vendee-Globe-2024-Le-classement-ce-jeudi-21-novembre-a-16h.png\" \/>\n\t<meta property=\"og:image:width\" content=\"1200\" \/>\n\t<meta property=\"og:image:height\" content=\"674\" \/>\n\t<meta property=\"og:image:type\" content=\"image\/png\" \/>\n<meta name=\"author\" content=\"Nicolas Jacquemard\" \/>\n<meta name=\"twitter:card\" content=\"summary_large_image\" \/>\n<meta name=\"twitter:title\" content=\"Vend\u00e9e Globe 2024 : Le classement samedi 4 janvier \u00e0 8h\" \/>\n<meta name=\"twitter:creator\" content=\"@https:\/\/twitter.com\/Nico_Jacquemard\" \/>\n<meta name=\"twitter:site\" content=\"@dicodusport\" \/>\n<script type=\"application\/ld+json\" class=\"yoast-schema-graph\">{\"@context\":\"https:\/\/schema.org\",\"@graph\":[{\"@type\":\"NewsArticle\",\"@id\":\"https:\/\/dicodusport.fr\/blog\/vendee-globe-2024-le-classement-samedi-4-janvier-a-8h\/#article\",\"isPartOf\":{\"@id\":\"https:\/\/dicodusport.fr\/blog\/vendee-globe-2024-le-classement-samedi-4-janvier-a-8h\/\"},\"author\":{\"name\":\"Nicolas Jacquemard\",\"@id\":\"https:\/\/dicodusport.fr\/blog\/#\/schema\/person\/55dcb50ad410894e431ed812bbb70191\"},\"headline\":\"Vend\u00e9e Globe 2024 : Le classement samedi 4 janvier \u00e0 8h\",\"datePublished\":\"2025-01-04T07:30:04+00:00\",\"dateModified\":\"2025-01-04T07:34:13+00:00\",\"mainEntityOfPage\":{\"@id\":\"https:\/\/dicodusport.fr\/blog\/vendee-globe-2024-le-classement-samedi-4-janvier-a-8h\/\"},\"wordCount\":304,\"commentCount\":0,\"publisher\":{\"@id\":\"https:\/\/dicodusport.fr\/blog\/#organization\"},\"image\":{\"@id\":\"https:\/\/dicodusport.fr\/blog\/vendee-globe-2024-le-classement-samedi-4-janvier-a-8h\/#primaryimage\"},\"thumbnailUrl\":\"https:\/\/dicodusport.fr\/blog\/wp-content\/uploads\/2024\/11\/Vendee-Globe-2024-Le-classement-ce-jeudi-21-novembre-a-16h.png\",\"keywords\":[\"actu\",\"br\u00e8ve\",\"Vend\u00e9e Globe\",\"Voile\"],\"articleSection\":[\"Voile\"],\"inLanguage\":\"fr-FR\",\"potentialAction\":[{\"@type\":\"CommentAction\",\"name\":\"Comment\",\"target\":[\"https:\/\/dicodusport.fr\/blog\/vendee-globe-2024-le-classement-samedi-4-janvier-a-8h\/#respond\"]}],\"copyrightYear\":\"2025\",\"copyrightHolder\":{\"@id\":\"https:\/\/dicodusport.fr\/blog\/#organization\"}},{\"@type\":\"WebPage\",\"@id\":\"https:\/\/dicodusport.fr\/blog\/vendee-globe-2024-le-classement-samedi-4-janvier-a-8h\/\",\"url\":\"https:\/\/dicodusport.fr\/blog\/vendee-globe-2024-le-classement-samedi-4-janvier-a-8h\/\",\"name\":\"Vend\u00e9e Globe 2024 : Le classement samedi 4 janvier \u00e0 8h\",\"isPartOf\":{\"@id\":\"https:\/\/dicodusport.fr\/blog\/#website\"},\"primaryImageOfPage\":{\"@id\":\"https:\/\/dicodusport.fr\/blog\/vendee-globe-2024-le-classement-samedi-4-janvier-a-8h\/#primaryimage\"},\"image\":{\"@id\":\"https:\/\/dicodusport.fr\/blog\/vendee-globe-2024-le-classement-samedi-4-janvier-a-8h\/#primaryimage\"},\"thumbnailUrl\":\"https:\/\/dicodusport.fr\/blog\/wp-content\/uploads\/2024\/11\/Vendee-Globe-2024-Le-classement-ce-jeudi-21-novembre-a-16h.png\",\"datePublished\":\"2025-01-04T07:30:04+00:00\",\"dateModified\":\"2025-01-04T07:34:13+00:00\",\"description\":\"VEND\u00c9E GLOBE 2024 - Charlie Dalin (MACIF Sant\u00e9 Pr\u00e9voyance) a fait le break en t\u00eate du Vend\u00e9e Globe au cours des 24 derni\u00e8res heures.\",\"breadcrumb\":{\"@id\":\"https:\/\/dicodusport.fr\/blog\/vendee-globe-2024-le-classement-samedi-4-janvier-a-8h\/#breadcrumb\"},\"inLanguage\":\"fr-FR\",\"potentialAction\":[{\"@type\":\"ReadAction\",\"target\":[\"https:\/\/dicodusport.fr\/blog\/vendee-globe-2024-le-classement-samedi-4-janvier-a-8h\/\"]}]},{\"@type\":\"ImageObject\",\"inLanguage\":\"fr-FR\",\"@id\":\"https:\/\/dicodusport.fr\/blog\/vendee-globe-2024-le-classement-samedi-4-janvier-a-8h\/#primaryimage\",\"url\":\"https:\/\/dicodusport.fr\/blog\/wp-content\/uploads\/2024\/11\/Vendee-Globe-2024-Le-classement-ce-jeudi-21-novembre-a-16h.png\",\"contentUrl\":\"https:\/\/dicodusport.fr\/blog\/wp-content\/uploads\/2024\/11\/Vendee-Globe-2024-Le-classement-ce-jeudi-21-novembre-a-16h.png\",\"width\":1200,\"height\":674},{\"@type\":\"BreadcrumbList\",\"@id\":\"https:\/\/dicodusport.fr\/blog\/vendee-globe-2024-le-classement-samedi-4-janvier-a-8h\/#breadcrumb\",\"itemListElement\":[{\"@type\":\"ListItem\",\"position\":1,\"name\":\"Accueil\",\"item\":\"https:\/\/dicodusport.fr\/blog\/\"},{\"@type\":\"ListItem\",\"position\":2,\"name\":\"Vend\u00e9e Globe 2024 : Le classement samedi 4 janvier \u00e0 8h\"}]},{\"@type\":\"WebSite\",\"@id\":\"https:\/\/dicodusport.fr\/blog\/#website\",\"url\":\"https:\/\/dicodusport.fr\/blog\/\",\"name\":\"Dicodusport\",\"description\":\"L&#039;encyclop\u00e9die de l&#039;actualit\u00e9 sportive\",\"publisher\":{\"@id\":\"https:\/\/dicodusport.fr\/blog\/#organization\"},\"potentialAction\":[{\"@type\":\"SearchAction\",\"target\":{\"@type\":\"EntryPoint\",\"urlTemplate\":\"https:\/\/dicodusport.fr\/blog\/?s={search_term_string}\"},\"query-input\":{\"@type\":\"PropertyValueSpecification\",\"valueRequired\":true,\"valueName\":\"search_term_string\"}}],\"inLanguage\":\"fr-FR\"},{\"@type\":\"NewsMediaOrganization\",\"@id\":\"https:\/\/dicodusport.fr\/blog\/#organization\",\"name\":\"Dicodusport\",\"url\":\"https:\/\/dicodusport.fr\/blog\/\",\"logo\":{\"@type\":\"ImageObject\",\"inLanguage\":\"fr-FR\",\"@id\":\"https:\/\/dicodusport.fr\/blog\/#\/schema\/logo\/image\/\",\"url\":\"https:\/\/dicodusport.fr\/blog\/wp-content\/uploads\/2020\/06\/cropped-LOGO-DICODUSPORT-2020-SANS-FOND-SANS-TEXTE.png\",\"contentUrl\":\"https:\/\/dicodusport.fr\/blog\/wp-content\/uploads\/2020\/06\/cropped-LOGO-DICODUSPORT-2020-SANS-FOND-SANS-TEXTE.png\",\"width\":512,\"height\":512,\"caption\":\"Dicodusport\"},\"image\":{\"@id\":\"https:\/\/dicodusport.fr\/blog\/#\/schema\/logo\/image\/\"},\"sameAs\":[\"https:\/\/www.facebook.com\/dicodusport\",\"https:\/\/x.com\/dicodusport\",\"https:\/\/www.instagram.com\/dicodusport\/\",\"https:\/\/www.youtube.com\/channel\/UC7V2KZ5sd3htJivAbA4ZG3w\"],\"description\":\"Dicodusport est l'encyclop\u00e9die de l'actualit\u00e9 sportive.\",\"email\":\"bonjour@dicodusport.fr\",\"legalName\":\"DICODUSPORT\",\"foundingDate\":\"2018-01-14\",\"vatID\":\"FR71834470973\",\"taxID\":\"83447097300043\",\"numberOfEmployees\":{\"@type\":\"QuantitativeValue\",\"minValue\":\"1\",\"maxValue\":\"10\"}},{\"@type\":\"Person\",\"@id\":\"https:\/\/dicodusport.fr\/blog\/#\/schema\/person\/55dcb50ad410894e431ed812bbb70191\",\"name\":\"Nicolas Jacquemard\",\"image\":{\"@type\":\"ImageObject\",\"inLanguage\":\"fr-FR\",\"@id\":\"https:\/\/dicodusport.fr\/blog\/#\/schema\/person\/image\/\",\"url\":\"https:\/\/dicodusport.fr\/blog\/wp-content\/uploads\/2021\/05\/Nicolas-Jacquemard-150x150.jpeg\",\"contentUrl\":\"https:\/\/dicodusport.fr\/blog\/wp-content\/uploads\/2021\/05\/Nicolas-Jacquemard-150x150.jpeg\",\"caption\":\"Nicolas Jacquemard\"},\"description\":\"Passionn\u00e9 de sport et entrepreneur depuis mes 18 ans, la cr\u00e9ation de Dicodusport m'a sembl\u00e9 \u00e9vidente pour participer \u00e0 la m\u00e9diatisation d'un plus grand nombre de sports. Le chemin est long mais avec une \u00e9quipe des plus motiv\u00e9es et les Jeux Olympiques de Paris 2024 en point de mire, nous y arriverons ! Journaliste dans le monde du sport depuis plus de 5 ans, je traite aussi bien de football, de rugby, de biathlon que de cyclisme.\",\"sameAs\":[\"https:\/\/www.facebook.com\/dicodusport\",\"https:\/\/x.com\/https:\/\/twitter.com\/Nico_Jacquemard\"],\"url\":\"https:\/\/dicodusport.fr\/blog\/author\/dicodusport\/\"}]}<\/script>\n<!-- \/ Yoast SEO Premium plugin. -->","yoast_head_json":{"title":"Vend\u00e9e Globe 2024 : Le classement samedi 4 janvier \u00e0 8h","description":"VEND\u00c9E GLOBE 2024 - Charlie Dalin (MACIF Sant\u00e9 Pr\u00e9voyance) a fait le break en t\u00eate du Vend\u00e9e Globe au cours des 24 derni\u00e8res heures.","robots":{"index":"index","follow":"follow","max-snippet":"max-snippet:-1","max-image-preview":"max-image-preview:large","max-video-preview":"max-video-preview:-1"},"canonical":"https:\/\/dicodusport.fr\/blog\/vendee-globe-2024-le-classement-samedi-4-janvier-a-8h\/","og_locale":"fr_FR","og_type":"article","og_title":"Vend\u00e9e Globe 2024 : Le classement samedi 4 janvier \u00e0 8h","og_description":"VEND\u00c9E GLOBE 2024 - Charlie Dalin (MACIF Sant\u00e9 Pr\u00e9voyance) a fait le break en t\u00eate du Vend\u00e9e Globe au cours des 24 derni\u00e8res heures.","og_url":"https:\/\/dicodusport.fr\/blog\/vendee-globe-2024-le-classement-samedi-4-janvier-a-8h\/","og_site_name":"Dicodusport","article_publisher":"https:\/\/www.facebook.com\/dicodusport","article_author":"https:\/\/www.facebook.com\/dicodusport","article_published_time":"2025-01-04T07:30:04+00:00","article_modified_time":"2025-01-04T07:34:13+00:00","og_image":[{"width":1200,"height":674,"url":"https:\/\/dicodusport.fr\/blog\/wp-content\/uploads\/2024\/11\/Vendee-Globe-2024-Le-classement-ce-jeudi-21-novembre-a-16h.png","type":"image\/png"}],"author":"Nicolas Jacquemard","twitter_card":"summary_large_image","twitter_title":"Vend\u00e9e Globe 2024 : Le classement samedi 4 janvier \u00e0 8h","twitter_creator":"@https:\/\/twitter.com\/Nico_Jacquemard","twitter_site":"@dicodusport","schema":{"@context":"https:\/\/schema.org","@graph":[{"@type":"NewsArticle","@id":"https:\/\/dicodusport.fr\/blog\/vendee-globe-2024-le-classement-samedi-4-janvier-a-8h\/#article","isPartOf":{"@id":"https:\/\/dicodusport.fr\/blog\/vendee-globe-2024-le-classement-samedi-4-janvier-a-8h\/"},"author":{"name":"Nicolas Jacquemard","@id":"https:\/\/dicodusport.fr\/blog\/#\/schema\/person\/55dcb50ad410894e431ed812bbb70191"},"headline":"Vend\u00e9e Globe 2024 : Le classement samedi 4 janvier \u00e0 8h","datePublished":"2025-01-04T07:30:04+00:00","dateModified":"2025-01-04T07:34:13+00:00","mainEntityOfPage":{"@id":"https:\/\/dicodusport.fr\/blog\/vendee-globe-2024-le-classement-samedi-4-janvier-a-8h\/"},"wordCount":304,"commentCount":0,"publisher":{"@id":"https:\/\/dicodusport.fr\/blog\/#organization"},"image":{"@id":"https:\/\/dicodusport.fr\/blog\/vendee-globe-2024-le-classement-samedi-4-janvier-a-8h\/#primaryimage"},"thumbnailUrl":"https:\/\/dicodusport.fr\/blog\/wp-content\/uploads\/2024\/11\/Vendee-Globe-2024-Le-classement-ce-jeudi-21-novembre-a-16h.png","keywords":["actu","br\u00e8ve","Vend\u00e9e Globe","Voile"],"articleSection":["Voile"],"inLanguage":"fr-FR","potentialAction":[{"@type":"CommentAction","name":"Comment","target":["https:\/\/dicodusport.fr\/blog\/vendee-globe-2024-le-classement-samedi-4-janvier-a-8h\/#respond"]}],"copyrightYear":"2025","copyrightHolder":{"@id":"https:\/\/dicodusport.fr\/blog\/#organization"}},{"@type":"WebPage","@id":"https:\/\/dicodusport.fr\/blog\/vendee-globe-2024-le-classement-samedi-4-janvier-a-8h\/","url":"https:\/\/dicodusport.fr\/blog\/vendee-globe-2024-le-classement-samedi-4-janvier-a-8h\/","name":"Vend\u00e9e Globe 2024 : Le classement samedi 4 janvier \u00e0 8h","isPartOf":{"@id":"https:\/\/dicodusport.fr\/blog\/#website"},"primaryImageOfPage":{"@id":"https:\/\/dicodusport.fr\/blog\/vendee-globe-2024-le-classement-samedi-4-janvier-a-8h\/#primaryimage"},"image":{"@id":"https:\/\/dicodusport.fr\/blog\/vendee-globe-2024-le-classement-samedi-4-janvier-a-8h\/#primaryimage"},"thumbnailUrl":"https:\/\/dicodusport.fr\/blog\/wp-content\/uploads\/2024\/11\/Vendee-Globe-2024-Le-classement-ce-jeudi-21-novembre-a-16h.png","datePublished":"2025-01-04T07:30:04+00:00","dateModified":"2025-01-04T07:34:13+00:00","description":"VEND\u00c9E GLOBE 2024 - Charlie Dalin (MACIF Sant\u00e9 Pr\u00e9voyance) a fait le break en t\u00eate du Vend\u00e9e Globe au cours des 24 derni\u00e8res heures.","breadcrumb":{"@id":"https:\/\/dicodusport.fr\/blog\/vendee-globe-2024-le-classement-samedi-4-janvier-a-8h\/#breadcrumb"},"inLanguage":"fr-FR","potentialAction":[{"@type":"ReadAction","target":["https:\/\/dicodusport.fr\/blog\/vendee-globe-2024-le-classement-samedi-4-janvier-a-8h\/"]}]},{"@type":"ImageObject","inLanguage":"fr-FR","@id":"https:\/\/dicodusport.fr\/blog\/vendee-globe-2024-le-classement-samedi-4-janvier-a-8h\/#primaryimage","url":"https:\/\/dicodusport.fr\/blog\/wp-content\/uploads\/2024\/11\/Vendee-Globe-2024-Le-classement-ce-jeudi-21-novembre-a-16h.png","contentUrl":"https:\/\/dicodusport.fr\/blog\/wp-content\/uploads\/2024\/11\/Vendee-Globe-2024-Le-classement-ce-jeudi-21-novembre-a-16h.png","width":1200,"height":674},{"@type":"BreadcrumbList","@id":"https:\/\/dicodusport.fr\/blog\/vendee-globe-2024-le-classement-samedi-4-janvier-a-8h\/#breadcrumb","itemListElement":[{"@type":"ListItem","position":1,"name":"Accueil","item":"https:\/\/dicodusport.fr\/blog\/"},{"@type":"ListItem","position":2,"name":"Vend\u00e9e Globe 2024 : Le classement samedi 4 janvier \u00e0 8h"}]},{"@type":"WebSite","@id":"https:\/\/dicodusport.fr\/blog\/#website","url":"https:\/\/dicodusport.fr\/blog\/","name":"Dicodusport","description":"L&#039;encyclop\u00e9die de l&#039;actualit\u00e9 sportive","publisher":{"@id":"https:\/\/dicodusport.fr\/blog\/#organization"},"potentialAction":[{"@type":"SearchAction","target":{"@type":"EntryPoint","urlTemplate":"https:\/\/dicodusport.fr\/blog\/?s={search_term_string}"},"query-input":{"@type":"PropertyValueSpecification","valueRequired":true,"valueName":"search_term_string"}}],"inLanguage":"fr-FR"},{"@type":"NewsMediaOrganization","@id":"https:\/\/dicodusport.fr\/blog\/#organization","name":"Dicodusport","url":"https:\/\/dicodusport.fr\/blog\/","logo":{"@type":"ImageObject","inLanguage":"fr-FR","@id":"https:\/\/dicodusport.fr\/blog\/#\/schema\/logo\/image\/","url":"https:\/\/dicodusport.fr\/blog\/wp-content\/uploads\/2020\/06\/cropped-LOGO-DICODUSPORT-2020-SANS-FOND-SANS-TEXTE.png","contentUrl":"https:\/\/dicodusport.fr\/blog\/wp-content\/uploads\/2020\/06\/cropped-LOGO-DICODUSPORT-2020-SANS-FOND-SANS-TEXTE.png","width":512,"height":512,"caption":"Dicodusport"},"image":{"@id":"https:\/\/dicodusport.fr\/blog\/#\/schema\/logo\/image\/"},"sameAs":["https:\/\/www.facebook.com\/dicodusport","https:\/\/x.com\/dicodusport","https:\/\/www.instagram.com\/dicodusport\/","https:\/\/www.youtube.com\/channel\/UC7V2KZ5sd3htJivAbA4ZG3w"],"description":"Dicodusport est l'encyclop\u00e9die de l'actualit\u00e9 sportive.","email":"bonjour@dicodusport.fr","legalName":"DICODUSPORT","foundingDate":"2018-01-14","vatID":"FR71834470973","taxID":"83447097300043","numberOfEmployees":{"@type":"QuantitativeValue","minValue":"1","maxValue":"10"}},{"@type":"Person","@id":"https:\/\/dicodusport.fr\/blog\/#\/schema\/person\/55dcb50ad410894e431ed812bbb70191","name":"Nicolas Jacquemard","image":{"@type":"ImageObject","inLanguage":"fr-FR","@id":"https:\/\/dicodusport.fr\/blog\/#\/schema\/person\/image\/","url":"https:\/\/dicodusport.fr\/blog\/wp-content\/uploads\/2021\/05\/Nicolas-Jacquemard-150x150.jpeg","contentUrl":"https:\/\/dicodusport.fr\/blog\/wp-content\/uploads\/2021\/05\/Nicolas-Jacquemard-150x150.jpeg","caption":"Nicolas Jacquemard"},"description":"Passionn\u00e9 de sport et entrepreneur depuis mes 18 ans, la cr\u00e9ation de Dicodusport m'a sembl\u00e9 \u00e9vidente pour participer \u00e0 la m\u00e9diatisation d'un plus grand nombre de sports. Le chemin est long mais avec une \u00e9quipe des plus motiv\u00e9es et les Jeux Olympiques de Paris 2024 en point de mire, nous y arriverons ! Journaliste dans le monde du sport depuis plus de 5 ans, je traite aussi bien de football, de rugby, de biathlon que de cyclisme.","sameAs":["https:\/\/www.facebook.com\/dicodusport","https:\/\/x.com\/https:\/\/twitter.com\/Nico_Jacquemard"],"url":"https:\/\/dicodusport.fr\/blog\/author\/dicodusport\/"}]}},"_links":{"self":[{"href":"https:\/\/dicodusport.fr\/blog\/wp-json\/wp\/v2\/posts\/543655","targetHints":{"allow":["GET"]}}],"collection":[{"href":"https:\/\/dicodusport.fr\/blog\/wp-json\/wp\/v2\/posts"}],"about":[{"href":"https:\/\/dicodusport.fr\/blog\/wp-json\/wp\/v2\/types\/post"}],"author":[{"embeddable":true,"href":"https:\/\/dicodusport.fr\/blog\/wp-json\/wp\/v2\/users\/1"}],"replies":[{"embeddable":true,"href":"https:\/\/dicodusport.fr\/blog\/wp-json\/wp\/v2\/comments?post=543655"}],"version-history":[{"count":3,"href":"https:\/\/dicodusport.fr\/blog\/wp-json\/wp\/v2\/posts\/543655\/revisions"}],"predecessor-version":[{"id":543662,"href":"https:\/\/dicodusport.fr\/blog\/wp-json\/wp\/v2\/posts\/543655\/revisions\/543662"}],"wp:featuredmedia":[{"embeddable":true,"href":"https:\/\/dicodusport.fr\/blog\/wp-json\/wp\/v2\/media\/534273"}],"wp:attachment":[{"href":"https:\/\/dicodusport.fr\/blog\/wp-json\/wp\/v2\/media?parent=543655"}],"wp:term":[{"taxonomy":"category","embeddable":true,"href":"https:\/\/dicodusport.fr\/blog\/wp-json\/wp\/v2\/categories?post=543655"},{"taxonomy":"post_tag","embeddable":true,"href":"https:\/\/dicodusport.fr\/blog\/wp-json\/wp\/v2\/tags?post=543655"}],"curies":[{"name":"wp","href":"https:\/\/api.w.org\/{rel}","templated":true}]}}