{"id":543771,"date":"2025-01-04T16:39:01","date_gmt":"2025-01-04T15:39:01","guid":{"rendered":"https:\/\/dicodusport.fr\/blog\/?p=543771&#038;preview=true&#038;preview_id=543771"},"modified":"2025-01-04T18:59:28","modified_gmt":"2025-01-04T17:59:28","slug":"dakar-2025-guerlain-chicherit-remporte-la-1ere-etape-sebastien-loeb-en-retrait","status":"publish","type":"post","link":"https:\/\/dicodusport.fr\/blog\/dakar-2025-guerlain-chicherit-remporte-la-1ere-etape-sebastien-loeb-en-retrait\/","title":{"rendered":"Dakar 2025 : Seth Quintero remporte finalement la 1\u00e8re \u00e9tape, S\u00e9bastien Loeb en retrait"},"content":{"rendered":"<h4 style=\"text-align: justify;\"><em>DAKAR 2025 &#8211; Si Guerlain Chicherit (Mini) a, dans un premier temps, \u00e9t\u00e9 d\u00e9clar\u00e9 vainqueur de la premi\u00e8re \u00e9tape du Dakar ce samedi autour de Bisha, c&rsquo;est finalement Seth Quintero (Toyota) qui s&rsquo;impose, alors que S\u00e9bastien Loeb (Dacia) a perdu du temps.\u00a0<\/em><\/h4>\n<ul>\n<li style=\"text-align: justify;\"><strong>\u00c0 ce sujet &#8211; <a href=\"https:\/\/dicodusport.fr\/blog\/dakar-2025-autos-classement-1ere-etape\/\" target=\"_blank\" rel=\"noopener\">Dakar 2025 Autos \u2013 Classement 1\u00e8re \u00e9tape<\/a><\/strong><\/li>\n<\/ul>\n<p style=\"text-align: justify;\">Pr\u00e8s de deux heures apr\u00e8s la victoire, au chrono, du Fran\u00e7ais <strong>Guerlain Chicherit<\/strong> (Mini) sur la premi\u00e8re \u00e9tape de 413 km, l&rsquo;organisation du <strong>Dakar<\/strong> a annonc\u00e9, ce samedi, en fin de journ\u00e9e, attribuer la premi\u00e8re place \u00e0 <strong>Seth Quintero<\/strong> (Toyota Gazoo). <em>\u00ab L&rsquo;Am\u00e9ricain s&rsquo;\u00e9tait arr\u00eat\u00e9 au kilom\u00e8tre 330 pour un accident. Il a r\u00e9cup\u00e9r\u00e9 95 secondes, ce qui le fait passer devant Guerlain Chicherit et il remporte l&rsquo;\u00e9tape \u00bb<\/em>, ont d\u00e9clar\u00e9 les organisateurs en conf\u00e9rence de presse.<\/p>\n<h2 style=\"text-align: justify;\">Sainz et Loeb, fortunes diverses<\/h2>\n<p style=\"text-align: justify;\">L&rsquo;Espagnole <strong>Cristina<\/strong> <strong>Gutierrez<\/strong> (Dacia) est la premi\u00e8re femme de l&rsquo;\u00e9tape en cinqui\u00e8me position. Parmi les favoris, <strong>Carlos<\/strong> <strong>Sainz<\/strong> (Ford), tenant du titre, est celui qui s&rsquo;en tire le mieux avec une septi\u00e8me place \u00e0 seulement 2:30 de la gagne. Les motards <strong>Toby<\/strong> <strong>Price<\/strong> et <strong>Sam<\/strong> <strong>Sunderland <\/strong>(Overdrive Racing), associ\u00e9s en autos cette ann\u00e9e, ont pris la neuvi\u00e8me place de cette premi\u00e8re \u00e9tape.<\/p>\n<div class=\"vlp-link-container vlp-layout-article\"><a href=\"https:\/\/dicodusport.fr\/blog\/sebastien-loeb-on-a-pas-de-sentinel-cest-le-bordel\/\" class=\"vlp-link\" title=\"S\u00e9bastien Loeb : &quot;On a pas de Sentinel, c&#039;est le bordel&quot;\"><\/a><div class=\"vlp-layout-zone-side\"><div class=\"vlp-block-4 vlp-link-image\"><img loading=\"lazy\" decoding=\"async\" style=\"max-width: 792px;\" width=\"792\" height=\"445\" src=\"https:\/\/dicodusport.fr\/blog\/wp-content\/uploads\/2025\/01\/Sebastien-Loeb-On-a-pas-de-Sentinel-cest-le-bordel.png\" class=\"attachment-800x445 size-800x445\" alt=\"\" srcset=\"https:\/\/dicodusport.fr\/blog\/wp-content\/uploads\/2025\/01\/Sebastien-Loeb-On-a-pas-de-Sentinel-cest-le-bordel.png 1200w, https:\/\/dicodusport.fr\/blog\/wp-content\/uploads\/2025\/01\/Sebastien-Loeb-On-a-pas-de-Sentinel-cest-le-bordel-300x169.png 300w, https:\/\/dicodusport.fr\/blog\/wp-content\/uploads\/2025\/01\/Sebastien-Loeb-On-a-pas-de-Sentinel-cest-le-bordel-1024x575.png 1024w, https:\/\/dicodusport.fr\/blog\/wp-content\/uploads\/2025\/01\/Sebastien-Loeb-On-a-pas-de-Sentinel-cest-le-bordel-768x431.png 768w\" sizes=\"auto, (max-width: 792px) 100vw, 792px\" \/><\/div><\/div><div class=\"vlp-layout-zone-main\"><div class=\"vlp-block-0 vlp-link-title\">S\u00e9bastien Loeb : \"On a pas de Sentinel, c'est le bordel\"<\/div><div class=\"vlp-block-1 vlp-link-summary\">DAKAR 2025 - Tr\u00e8s loin au classement lors de la premi\u00e8re \u00e9tape, S\u00e9bastien Loeb (Dacia) a expliqu\u00e9 que cela faisait partie du plan de perdre du temps.\u00a0<\/div><div class=\"vlp-block-2 vlp-link-button\">Lire l'article<\/div><div class=\"vlp-block-3 vlp-link-url\">dicodusport.fr<\/div><\/div><\/div>\n<p style=\"text-align: justify;\"><strong>S\u00e9bastien<\/strong> <strong>Loeb<\/strong> (Dacia) a termin\u00e9 \u00e0 la 24\u00e8me place de cette premi\u00e8re \u00e9tape, mais le Fran\u00e7ais ne semblait pas inquiet \u00e0 l&rsquo;arriv\u00e9e. Il a m\u00eame confess\u00e9 que c&rsquo;\u00e9tait le plan de ne pas \u00eatre trop bien class\u00e9 pour l&rsquo;\u00e9tape de demain. <strong>Nasser Al-Attiyah<\/strong> (Dacia) doit lui se contenter de la 20\u00e8me place pour cette premi\u00e8re \u00e9tape.<\/p>\n<blockquote class=\"twitter-tweet\">\n<p dir=\"ltr\" lang=\"en\">\ud83c\udfc1 Stage 1\ufe0f\u20e3 &#8211; Ultimate \ud83d\ude97<\/p>\n<p>Provisional top 3:<br \/>\n\ud83e\udd47 Guerlain Chicherit<br \/>\n\ud83e\udd48 Seth Quintero<br \/>\n\ud83e\udd49 Saood Variawa<a href=\"https:\/\/twitter.com\/GChicherit?ref_src=twsrc%5Etfw\">@GChicherit<\/a> wins stage 1 with a 50&Prime; lead over Quintero. The Frenchman therefore gives Mini its first victory since the 2021 edition of the Dakar.<\/p>\n<p>Full results and standings \ud83d\udc49\u2026 <a href=\"https:\/\/t.co\/hXT4D1xGCu\">pic.twitter.com\/hXT4D1xGCu<\/a><\/p>\n<p>\u2014 DAKAR RALLY (@dakar) <a href=\"https:\/\/twitter.com\/dakar\/status\/1875526418047672429?ref_src=twsrc%5Etfw\">January 4, 2025<\/a><\/p><\/blockquote>\n<p><script async src=\"https:\/\/platform.twitter.com\/widgets.js\" charset=\"utf-8\"><\/script><\/p>\n<ul>\n<li style=\"text-align: justify;\"><strong>\u00c0 ce sujet &#8211; <a href=\"https:\/\/dicodusport.fr\/blog\/dakar-2025-autos-classement-general\/\">Dakar 2025 Autos \u2013 Classement g\u00e9n\u00e9ral<\/a><\/strong><\/li>\n<\/ul>\n","protected":false},"excerpt":{"rendered":"<p>DAKAR 2025 &#8211; Guerlain Chicherit a remport\u00e9 la premi\u00e8re \u00e9tape du Dakar ce samedi alors que S\u00e9bastien Loeb a perdu du temps.\u00a0<\/p>\n","protected":false},"author":1,"featured_media":543777,"comment_status":"open","ping_status":"closed","sticky":false,"template":"","format":"standard","meta":{"_acf_changed":false,"_daextam_enable_autolinks":"1","footnotes":""},"categories":[9493],"tags":[16878,2736,7001],"class_list":["post-543771","post","type-post","status-publish","format-standard","has-post-thumbnail","hentry","category-dakar","tag-breve","tag-dakar","tag-loeb"],"acf":[],"yoast_head":"<!-- This site is optimized with the Yoast SEO Premium plugin v26.7 (Yoast SEO v26.7) - https:\/\/yoast.com\/wordpress\/plugins\/seo\/ -->\n<title>Dakar 2025 : Seth Quintero remporte finalement la 1\u00e8re \u00e9tape, S\u00e9bastien Loeb en retrait<\/title>\n<meta name=\"description\" content=\"DAKAR 2025 - Guerlain Chicherit a remport\u00e9 la premi\u00e8re \u00e9tape du Dakar ce samedi alors que S\u00e9bastien Loeb a perdu du temps.\u00a0\" \/>\n<meta name=\"robots\" content=\"index, follow, max-snippet:-1, max-image-preview:large, max-video-preview:-1\" \/>\n<link rel=\"canonical\" href=\"https:\/\/dicodusport.fr\/blog\/dakar-2025-guerlain-chicherit-remporte-la-1ere-etape-sebastien-loeb-en-retrait\/\" \/>\n<meta property=\"og:locale\" content=\"fr_FR\" \/>\n<meta property=\"og:type\" content=\"article\" \/>\n<meta property=\"og:title\" content=\"Dakar 2025 : Seth Quintero remporte finalement la 1\u00e8re \u00e9tape, S\u00e9bastien Loeb en retrait\" \/>\n<meta property=\"og:description\" content=\"DAKAR 2025 - Guerlain Chicherit a remport\u00e9 la premi\u00e8re \u00e9tape du Dakar ce samedi alors que S\u00e9bastien Loeb a perdu du temps.\u00a0\" \/>\n<meta property=\"og:url\" content=\"https:\/\/dicodusport.fr\/blog\/dakar-2025-guerlain-chicherit-remporte-la-1ere-etape-sebastien-loeb-en-retrait\/\" \/>\n<meta property=\"og:site_name\" content=\"Dicodusport\" \/>\n<meta property=\"article:publisher\" content=\"https:\/\/www.facebook.com\/dicodusport\" \/>\n<meta property=\"article:author\" content=\"https:\/\/www.facebook.com\/dicodusport\" \/>\n<meta property=\"article:published_time\" content=\"2025-01-04T15:39:01+00:00\" \/>\n<meta property=\"article:modified_time\" content=\"2025-01-04T17:59:28+00:00\" \/>\n<meta property=\"og:image\" content=\"https:\/\/dicodusport.fr\/blog\/wp-content\/uploads\/2025\/01\/Dakar-2025-Guerlain-Chicherit-remporte-la-1ere-etape-Sebastien-Loeb-en-retrait.png\" \/>\n\t<meta property=\"og:image:width\" content=\"1200\" \/>\n\t<meta property=\"og:image:height\" content=\"674\" \/>\n\t<meta property=\"og:image:type\" content=\"image\/png\" \/>\n<meta name=\"author\" content=\"Nicolas Jacquemard\" \/>\n<meta name=\"twitter:card\" content=\"summary_large_image\" \/>\n<meta name=\"twitter:title\" content=\"Dakar 2025 : Seth Quintero remporte finalement la 1\u00e8re \u00e9tape, S\u00e9bastien Loeb en retrait\" \/>\n<meta name=\"twitter:creator\" content=\"@https:\/\/twitter.com\/Nico_Jacquemard\" \/>\n<meta name=\"twitter:site\" content=\"@dicodusport\" \/>\n<script type=\"application\/ld+json\" class=\"yoast-schema-graph\">{\"@context\":\"https:\/\/schema.org\",\"@graph\":[{\"@type\":\"NewsArticle\",\"@id\":\"https:\/\/dicodusport.fr\/blog\/dakar-2025-guerlain-chicherit-remporte-la-1ere-etape-sebastien-loeb-en-retrait\/#article\",\"isPartOf\":{\"@id\":\"https:\/\/dicodusport.fr\/blog\/dakar-2025-guerlain-chicherit-remporte-la-1ere-etape-sebastien-loeb-en-retrait\/\"},\"author\":{\"name\":\"Nicolas Jacquemard\",\"@id\":\"https:\/\/dicodusport.fr\/blog\/#\/schema\/person\/55dcb50ad410894e431ed812bbb70191\"},\"headline\":\"Dakar 2025 : Seth Quintero remporte finalement la 1\u00e8re \u00e9tape, S\u00e9bastien Loeb en retrait\",\"datePublished\":\"2025-01-04T15:39:01+00:00\",\"dateModified\":\"2025-01-04T17:59:28+00:00\",\"mainEntityOfPage\":{\"@id\":\"https:\/\/dicodusport.fr\/blog\/dakar-2025-guerlain-chicherit-remporte-la-1ere-etape-sebastien-loeb-en-retrait\/\"},\"wordCount\":420,\"commentCount\":0,\"publisher\":{\"@id\":\"https:\/\/dicodusport.fr\/blog\/#organization\"},\"image\":{\"@id\":\"https:\/\/dicodusport.fr\/blog\/dakar-2025-guerlain-chicherit-remporte-la-1ere-etape-sebastien-loeb-en-retrait\/#primaryimage\"},\"thumbnailUrl\":\"https:\/\/dicodusport.fr\/blog\/wp-content\/uploads\/2025\/01\/Dakar-2025-Guerlain-Chicherit-remporte-la-1ere-etape-Sebastien-Loeb-en-retrait.png\",\"keywords\":[\"br\u00e8ve\",\"dakar\",\"Loeb\"],\"articleSection\":[\"Dakar\"],\"inLanguage\":\"fr-FR\",\"potentialAction\":[{\"@type\":\"CommentAction\",\"name\":\"Comment\",\"target\":[\"https:\/\/dicodusport.fr\/blog\/dakar-2025-guerlain-chicherit-remporte-la-1ere-etape-sebastien-loeb-en-retrait\/#respond\"]}],\"copyrightYear\":\"2025\",\"copyrightHolder\":{\"@id\":\"https:\/\/dicodusport.fr\/blog\/#organization\"}},{\"@type\":\"WebPage\",\"@id\":\"https:\/\/dicodusport.fr\/blog\/dakar-2025-guerlain-chicherit-remporte-la-1ere-etape-sebastien-loeb-en-retrait\/\",\"url\":\"https:\/\/dicodusport.fr\/blog\/dakar-2025-guerlain-chicherit-remporte-la-1ere-etape-sebastien-loeb-en-retrait\/\",\"name\":\"Dakar 2025 : Seth Quintero remporte finalement la 1\u00e8re \u00e9tape, S\u00e9bastien Loeb en retrait\",\"isPartOf\":{\"@id\":\"https:\/\/dicodusport.fr\/blog\/#website\"},\"primaryImageOfPage\":{\"@id\":\"https:\/\/dicodusport.fr\/blog\/dakar-2025-guerlain-chicherit-remporte-la-1ere-etape-sebastien-loeb-en-retrait\/#primaryimage\"},\"image\":{\"@id\":\"https:\/\/dicodusport.fr\/blog\/dakar-2025-guerlain-chicherit-remporte-la-1ere-etape-sebastien-loeb-en-retrait\/#primaryimage\"},\"thumbnailUrl\":\"https:\/\/dicodusport.fr\/blog\/wp-content\/uploads\/2025\/01\/Dakar-2025-Guerlain-Chicherit-remporte-la-1ere-etape-Sebastien-Loeb-en-retrait.png\",\"datePublished\":\"2025-01-04T15:39:01+00:00\",\"dateModified\":\"2025-01-04T17:59:28+00:00\",\"description\":\"DAKAR 2025 - Guerlain Chicherit a remport\u00e9 la premi\u00e8re \u00e9tape du Dakar ce samedi alors que S\u00e9bastien Loeb a perdu du temps.\u00a0\",\"breadcrumb\":{\"@id\":\"https:\/\/dicodusport.fr\/blog\/dakar-2025-guerlain-chicherit-remporte-la-1ere-etape-sebastien-loeb-en-retrait\/#breadcrumb\"},\"inLanguage\":\"fr-FR\",\"potentialAction\":[{\"@type\":\"ReadAction\",\"target\":[\"https:\/\/dicodusport.fr\/blog\/dakar-2025-guerlain-chicherit-remporte-la-1ere-etape-sebastien-loeb-en-retrait\/\"]}]},{\"@type\":\"ImageObject\",\"inLanguage\":\"fr-FR\",\"@id\":\"https:\/\/dicodusport.fr\/blog\/dakar-2025-guerlain-chicherit-remporte-la-1ere-etape-sebastien-loeb-en-retrait\/#primaryimage\",\"url\":\"https:\/\/dicodusport.fr\/blog\/wp-content\/uploads\/2025\/01\/Dakar-2025-Guerlain-Chicherit-remporte-la-1ere-etape-Sebastien-Loeb-en-retrait.png\",\"contentUrl\":\"https:\/\/dicodusport.fr\/blog\/wp-content\/uploads\/2025\/01\/Dakar-2025-Guerlain-Chicherit-remporte-la-1ere-etape-Sebastien-Loeb-en-retrait.png\",\"width\":1200,\"height\":674,\"caption\":\"Dakar 2025 Autos - Classement 3\u00e8me \u00e9tape\"},{\"@type\":\"BreadcrumbList\",\"@id\":\"https:\/\/dicodusport.fr\/blog\/dakar-2025-guerlain-chicherit-remporte-la-1ere-etape-sebastien-loeb-en-retrait\/#breadcrumb\",\"itemListElement\":[{\"@type\":\"ListItem\",\"position\":1,\"name\":\"Accueil\",\"item\":\"https:\/\/dicodusport.fr\/blog\/\"},{\"@type\":\"ListItem\",\"position\":2,\"name\":\"Dakar 2025 : Seth Quintero remporte finalement la 1\u00e8re \u00e9tape, S\u00e9bastien Loeb en retrait\"}]},{\"@type\":\"WebSite\",\"@id\":\"https:\/\/dicodusport.fr\/blog\/#website\",\"url\":\"https:\/\/dicodusport.fr\/blog\/\",\"name\":\"Dicodusport\",\"description\":\"L&#039;encyclop\u00e9die de l&#039;actualit\u00e9 sportive\",\"publisher\":{\"@id\":\"https:\/\/dicodusport.fr\/blog\/#organization\"},\"potentialAction\":[{\"@type\":\"SearchAction\",\"target\":{\"@type\":\"EntryPoint\",\"urlTemplate\":\"https:\/\/dicodusport.fr\/blog\/?s={search_term_string}\"},\"query-input\":{\"@type\":\"PropertyValueSpecification\",\"valueRequired\":true,\"valueName\":\"search_term_string\"}}],\"inLanguage\":\"fr-FR\"},{\"@type\":\"NewsMediaOrganization\",\"@id\":\"https:\/\/dicodusport.fr\/blog\/#organization\",\"name\":\"Dicodusport\",\"url\":\"https:\/\/dicodusport.fr\/blog\/\",\"logo\":{\"@type\":\"ImageObject\",\"inLanguage\":\"fr-FR\",\"@id\":\"https:\/\/dicodusport.fr\/blog\/#\/schema\/logo\/image\/\",\"url\":\"https:\/\/dicodusport.fr\/blog\/wp-content\/uploads\/2020\/06\/cropped-LOGO-DICODUSPORT-2020-SANS-FOND-SANS-TEXTE.png\",\"contentUrl\":\"https:\/\/dicodusport.fr\/blog\/wp-content\/uploads\/2020\/06\/cropped-LOGO-DICODUSPORT-2020-SANS-FOND-SANS-TEXTE.png\",\"width\":512,\"height\":512,\"caption\":\"Dicodusport\"},\"image\":{\"@id\":\"https:\/\/dicodusport.fr\/blog\/#\/schema\/logo\/image\/\"},\"sameAs\":[\"https:\/\/www.facebook.com\/dicodusport\",\"https:\/\/x.com\/dicodusport\",\"https:\/\/www.instagram.com\/dicodusport\/\",\"https:\/\/www.youtube.com\/channel\/UC7V2KZ5sd3htJivAbA4ZG3w\"],\"description\":\"Dicodusport est l'encyclop\u00e9die de l'actualit\u00e9 sportive.\",\"email\":\"bonjour@dicodusport.fr\",\"legalName\":\"DICODUSPORT\",\"foundingDate\":\"2018-01-14\",\"vatID\":\"FR71834470973\",\"taxID\":\"83447097300043\",\"numberOfEmployees\":{\"@type\":\"QuantitativeValue\",\"minValue\":\"1\",\"maxValue\":\"10\"}},{\"@type\":\"Person\",\"@id\":\"https:\/\/dicodusport.fr\/blog\/#\/schema\/person\/55dcb50ad410894e431ed812bbb70191\",\"name\":\"Nicolas Jacquemard\",\"image\":{\"@type\":\"ImageObject\",\"inLanguage\":\"fr-FR\",\"@id\":\"https:\/\/dicodusport.fr\/blog\/#\/schema\/person\/image\/\",\"url\":\"https:\/\/dicodusport.fr\/blog\/wp-content\/uploads\/2021\/05\/Nicolas-Jacquemard-150x150.jpeg\",\"contentUrl\":\"https:\/\/dicodusport.fr\/blog\/wp-content\/uploads\/2021\/05\/Nicolas-Jacquemard-150x150.jpeg\",\"caption\":\"Nicolas Jacquemard\"},\"description\":\"Passionn\u00e9 de sport et entrepreneur depuis mes 18 ans, la cr\u00e9ation de Dicodusport m'a sembl\u00e9 \u00e9vidente pour participer \u00e0 la m\u00e9diatisation d'un plus grand nombre de sports. Le chemin est long mais avec une \u00e9quipe des plus motiv\u00e9es et les Jeux Olympiques de Paris 2024 en point de mire, nous y arriverons ! Journaliste dans le monde du sport depuis plus de 5 ans, je traite aussi bien de football, de rugby, de biathlon que de cyclisme.\",\"sameAs\":[\"https:\/\/www.facebook.com\/dicodusport\",\"https:\/\/x.com\/https:\/\/twitter.com\/Nico_Jacquemard\"],\"url\":\"https:\/\/dicodusport.fr\/blog\/author\/dicodusport\/\"}]}<\/script>\n<!-- \/ Yoast SEO Premium plugin. -->","yoast_head_json":{"title":"Dakar 2025 : Seth Quintero remporte finalement la 1\u00e8re \u00e9tape, S\u00e9bastien Loeb en retrait","description":"DAKAR 2025 - Guerlain Chicherit a remport\u00e9 la premi\u00e8re \u00e9tape du Dakar ce samedi alors que S\u00e9bastien Loeb a perdu du temps.\u00a0","robots":{"index":"index","follow":"follow","max-snippet":"max-snippet:-1","max-image-preview":"max-image-preview:large","max-video-preview":"max-video-preview:-1"},"canonical":"https:\/\/dicodusport.fr\/blog\/dakar-2025-guerlain-chicherit-remporte-la-1ere-etape-sebastien-loeb-en-retrait\/","og_locale":"fr_FR","og_type":"article","og_title":"Dakar 2025 : Seth Quintero remporte finalement la 1\u00e8re \u00e9tape, S\u00e9bastien Loeb en retrait","og_description":"DAKAR 2025 - Guerlain Chicherit a remport\u00e9 la premi\u00e8re \u00e9tape du Dakar ce samedi alors que S\u00e9bastien Loeb a perdu du temps.\u00a0","og_url":"https:\/\/dicodusport.fr\/blog\/dakar-2025-guerlain-chicherit-remporte-la-1ere-etape-sebastien-loeb-en-retrait\/","og_site_name":"Dicodusport","article_publisher":"https:\/\/www.facebook.com\/dicodusport","article_author":"https:\/\/www.facebook.com\/dicodusport","article_published_time":"2025-01-04T15:39:01+00:00","article_modified_time":"2025-01-04T17:59:28+00:00","og_image":[{"width":1200,"height":674,"url":"https:\/\/dicodusport.fr\/blog\/wp-content\/uploads\/2025\/01\/Dakar-2025-Guerlain-Chicherit-remporte-la-1ere-etape-Sebastien-Loeb-en-retrait.png","type":"image\/png"}],"author":"Nicolas Jacquemard","twitter_card":"summary_large_image","twitter_title":"Dakar 2025 : Seth Quintero remporte finalement la 1\u00e8re \u00e9tape, S\u00e9bastien Loeb en retrait","twitter_creator":"@https:\/\/twitter.com\/Nico_Jacquemard","twitter_site":"@dicodusport","schema":{"@context":"https:\/\/schema.org","@graph":[{"@type":"NewsArticle","@id":"https:\/\/dicodusport.fr\/blog\/dakar-2025-guerlain-chicherit-remporte-la-1ere-etape-sebastien-loeb-en-retrait\/#article","isPartOf":{"@id":"https:\/\/dicodusport.fr\/blog\/dakar-2025-guerlain-chicherit-remporte-la-1ere-etape-sebastien-loeb-en-retrait\/"},"author":{"name":"Nicolas Jacquemard","@id":"https:\/\/dicodusport.fr\/blog\/#\/schema\/person\/55dcb50ad410894e431ed812bbb70191"},"headline":"Dakar 2025 : Seth Quintero remporte finalement la 1\u00e8re \u00e9tape, S\u00e9bastien Loeb en retrait","datePublished":"2025-01-04T15:39:01+00:00","dateModified":"2025-01-04T17:59:28+00:00","mainEntityOfPage":{"@id":"https:\/\/dicodusport.fr\/blog\/dakar-2025-guerlain-chicherit-remporte-la-1ere-etape-sebastien-loeb-en-retrait\/"},"wordCount":420,"commentCount":0,"publisher":{"@id":"https:\/\/dicodusport.fr\/blog\/#organization"},"image":{"@id":"https:\/\/dicodusport.fr\/blog\/dakar-2025-guerlain-chicherit-remporte-la-1ere-etape-sebastien-loeb-en-retrait\/#primaryimage"},"thumbnailUrl":"https:\/\/dicodusport.fr\/blog\/wp-content\/uploads\/2025\/01\/Dakar-2025-Guerlain-Chicherit-remporte-la-1ere-etape-Sebastien-Loeb-en-retrait.png","keywords":["br\u00e8ve","dakar","Loeb"],"articleSection":["Dakar"],"inLanguage":"fr-FR","potentialAction":[{"@type":"CommentAction","name":"Comment","target":["https:\/\/dicodusport.fr\/blog\/dakar-2025-guerlain-chicherit-remporte-la-1ere-etape-sebastien-loeb-en-retrait\/#respond"]}],"copyrightYear":"2025","copyrightHolder":{"@id":"https:\/\/dicodusport.fr\/blog\/#organization"}},{"@type":"WebPage","@id":"https:\/\/dicodusport.fr\/blog\/dakar-2025-guerlain-chicherit-remporte-la-1ere-etape-sebastien-loeb-en-retrait\/","url":"https:\/\/dicodusport.fr\/blog\/dakar-2025-guerlain-chicherit-remporte-la-1ere-etape-sebastien-loeb-en-retrait\/","name":"Dakar 2025 : Seth Quintero remporte finalement la 1\u00e8re \u00e9tape, S\u00e9bastien Loeb en retrait","isPartOf":{"@id":"https:\/\/dicodusport.fr\/blog\/#website"},"primaryImageOfPage":{"@id":"https:\/\/dicodusport.fr\/blog\/dakar-2025-guerlain-chicherit-remporte-la-1ere-etape-sebastien-loeb-en-retrait\/#primaryimage"},"image":{"@id":"https:\/\/dicodusport.fr\/blog\/dakar-2025-guerlain-chicherit-remporte-la-1ere-etape-sebastien-loeb-en-retrait\/#primaryimage"},"thumbnailUrl":"https:\/\/dicodusport.fr\/blog\/wp-content\/uploads\/2025\/01\/Dakar-2025-Guerlain-Chicherit-remporte-la-1ere-etape-Sebastien-Loeb-en-retrait.png","datePublished":"2025-01-04T15:39:01+00:00","dateModified":"2025-01-04T17:59:28+00:00","description":"DAKAR 2025 - Guerlain Chicherit a remport\u00e9 la premi\u00e8re \u00e9tape du Dakar ce samedi alors que S\u00e9bastien Loeb a perdu du temps.\u00a0","breadcrumb":{"@id":"https:\/\/dicodusport.fr\/blog\/dakar-2025-guerlain-chicherit-remporte-la-1ere-etape-sebastien-loeb-en-retrait\/#breadcrumb"},"inLanguage":"fr-FR","potentialAction":[{"@type":"ReadAction","target":["https:\/\/dicodusport.fr\/blog\/dakar-2025-guerlain-chicherit-remporte-la-1ere-etape-sebastien-loeb-en-retrait\/"]}]},{"@type":"ImageObject","inLanguage":"fr-FR","@id":"https:\/\/dicodusport.fr\/blog\/dakar-2025-guerlain-chicherit-remporte-la-1ere-etape-sebastien-loeb-en-retrait\/#primaryimage","url":"https:\/\/dicodusport.fr\/blog\/wp-content\/uploads\/2025\/01\/Dakar-2025-Guerlain-Chicherit-remporte-la-1ere-etape-Sebastien-Loeb-en-retrait.png","contentUrl":"https:\/\/dicodusport.fr\/blog\/wp-content\/uploads\/2025\/01\/Dakar-2025-Guerlain-Chicherit-remporte-la-1ere-etape-Sebastien-Loeb-en-retrait.png","width":1200,"height":674,"caption":"Dakar 2025 Autos - Classement 3\u00e8me \u00e9tape"},{"@type":"BreadcrumbList","@id":"https:\/\/dicodusport.fr\/blog\/dakar-2025-guerlain-chicherit-remporte-la-1ere-etape-sebastien-loeb-en-retrait\/#breadcrumb","itemListElement":[{"@type":"ListItem","position":1,"name":"Accueil","item":"https:\/\/dicodusport.fr\/blog\/"},{"@type":"ListItem","position":2,"name":"Dakar 2025 : Seth Quintero remporte finalement la 1\u00e8re \u00e9tape, S\u00e9bastien Loeb en retrait"}]},{"@type":"WebSite","@id":"https:\/\/dicodusport.fr\/blog\/#website","url":"https:\/\/dicodusport.fr\/blog\/","name":"Dicodusport","description":"L&#039;encyclop\u00e9die de l&#039;actualit\u00e9 sportive","publisher":{"@id":"https:\/\/dicodusport.fr\/blog\/#organization"},"potentialAction":[{"@type":"SearchAction","target":{"@type":"EntryPoint","urlTemplate":"https:\/\/dicodusport.fr\/blog\/?s={search_term_string}"},"query-input":{"@type":"PropertyValueSpecification","valueRequired":true,"valueName":"search_term_string"}}],"inLanguage":"fr-FR"},{"@type":"NewsMediaOrganization","@id":"https:\/\/dicodusport.fr\/blog\/#organization","name":"Dicodusport","url":"https:\/\/dicodusport.fr\/blog\/","logo":{"@type":"ImageObject","inLanguage":"fr-FR","@id":"https:\/\/dicodusport.fr\/blog\/#\/schema\/logo\/image\/","url":"https:\/\/dicodusport.fr\/blog\/wp-content\/uploads\/2020\/06\/cropped-LOGO-DICODUSPORT-2020-SANS-FOND-SANS-TEXTE.png","contentUrl":"https:\/\/dicodusport.fr\/blog\/wp-content\/uploads\/2020\/06\/cropped-LOGO-DICODUSPORT-2020-SANS-FOND-SANS-TEXTE.png","width":512,"height":512,"caption":"Dicodusport"},"image":{"@id":"https:\/\/dicodusport.fr\/blog\/#\/schema\/logo\/image\/"},"sameAs":["https:\/\/www.facebook.com\/dicodusport","https:\/\/x.com\/dicodusport","https:\/\/www.instagram.com\/dicodusport\/","https:\/\/www.youtube.com\/channel\/UC7V2KZ5sd3htJivAbA4ZG3w"],"description":"Dicodusport est l'encyclop\u00e9die de l'actualit\u00e9 sportive.","email":"bonjour@dicodusport.fr","legalName":"DICODUSPORT","foundingDate":"2018-01-14","vatID":"FR71834470973","taxID":"83447097300043","numberOfEmployees":{"@type":"QuantitativeValue","minValue":"1","maxValue":"10"}},{"@type":"Person","@id":"https:\/\/dicodusport.fr\/blog\/#\/schema\/person\/55dcb50ad410894e431ed812bbb70191","name":"Nicolas Jacquemard","image":{"@type":"ImageObject","inLanguage":"fr-FR","@id":"https:\/\/dicodusport.fr\/blog\/#\/schema\/person\/image\/","url":"https:\/\/dicodusport.fr\/blog\/wp-content\/uploads\/2021\/05\/Nicolas-Jacquemard-150x150.jpeg","contentUrl":"https:\/\/dicodusport.fr\/blog\/wp-content\/uploads\/2021\/05\/Nicolas-Jacquemard-150x150.jpeg","caption":"Nicolas Jacquemard"},"description":"Passionn\u00e9 de sport et entrepreneur depuis mes 18 ans, la cr\u00e9ation de Dicodusport m'a sembl\u00e9 \u00e9vidente pour participer \u00e0 la m\u00e9diatisation d'un plus grand nombre de sports. Le chemin est long mais avec une \u00e9quipe des plus motiv\u00e9es et les Jeux Olympiques de Paris 2024 en point de mire, nous y arriverons ! Journaliste dans le monde du sport depuis plus de 5 ans, je traite aussi bien de football, de rugby, de biathlon que de cyclisme.","sameAs":["https:\/\/www.facebook.com\/dicodusport","https:\/\/x.com\/https:\/\/twitter.com\/Nico_Jacquemard"],"url":"https:\/\/dicodusport.fr\/blog\/author\/dicodusport\/"}]}},"_links":{"self":[{"href":"https:\/\/dicodusport.fr\/blog\/wp-json\/wp\/v2\/posts\/543771","targetHints":{"allow":["GET"]}}],"collection":[{"href":"https:\/\/dicodusport.fr\/blog\/wp-json\/wp\/v2\/posts"}],"about":[{"href":"https:\/\/dicodusport.fr\/blog\/wp-json\/wp\/v2\/types\/post"}],"author":[{"embeddable":true,"href":"https:\/\/dicodusport.fr\/blog\/wp-json\/wp\/v2\/users\/1"}],"replies":[{"embeddable":true,"href":"https:\/\/dicodusport.fr\/blog\/wp-json\/wp\/v2\/comments?post=543771"}],"version-history":[{"count":5,"href":"https:\/\/dicodusport.fr\/blog\/wp-json\/wp\/v2\/posts\/543771\/revisions"}],"predecessor-version":[{"id":543878,"href":"https:\/\/dicodusport.fr\/blog\/wp-json\/wp\/v2\/posts\/543771\/revisions\/543878"}],"wp:featuredmedia":[{"embeddable":true,"href":"https:\/\/dicodusport.fr\/blog\/wp-json\/wp\/v2\/media\/543777"}],"wp:attachment":[{"href":"https:\/\/dicodusport.fr\/blog\/wp-json\/wp\/v2\/media?parent=543771"}],"wp:term":[{"taxonomy":"category","embeddable":true,"href":"https:\/\/dicodusport.fr\/blog\/wp-json\/wp\/v2\/categories?post=543771"},{"taxonomy":"post_tag","embeddable":true,"href":"https:\/\/dicodusport.fr\/blog\/wp-json\/wp\/v2\/tags?post=543771"}],"curies":[{"name":"wp","href":"https:\/\/api.w.org\/{rel}","templated":true}]}}