{"id":543780,"date":"2025-01-04T14:30:49","date_gmt":"2025-01-04T13:30:49","guid":{"rendered":"https:\/\/dicodusport.fr\/blog\/?p=543780&#038;preview=true&#038;preview_id=543780"},"modified":"2025-01-04T14:49:10","modified_gmt":"2025-01-04T13:49:10","slug":"sebastien-loeb-on-a-pas-de-sentinel-cest-le-bordel","status":"publish","type":"post","link":"https:\/\/dicodusport.fr\/blog\/sebastien-loeb-on-a-pas-de-sentinel-cest-le-bordel\/","title":{"rendered":"S\u00e9bastien Loeb : \u00ab\u00a0On a pas de Sentinel, c&rsquo;est le bordel\u00a0\u00bb"},"content":{"rendered":"<h4 style=\"text-align: justify;\"><em>DAKAR 2025 &#8211; Tr\u00e8s loin au classement lors de la premi\u00e8re \u00e9tape ce samedi, S\u00e9bastien Loeb (Dacia) a expliqu\u00e9 que cela faisait partie du plan de perdre du temps.\u00a0<\/em><\/h4>\n<ul>\n<li style=\"text-align: justify;\"><strong>\u00c0 ce sujet &#8211; <a href=\"https:\/\/dicodusport.fr\/blog\/dakar-2025-autos-classement-1ere-etape\/\" target=\"_blank\" rel=\"noopener\">Dakar 2025 Autos \u2013 Classement 1\u00e8re \u00e9tape<\/a><\/strong><\/li>\n<\/ul>\n<p style=\"text-align: justify;\">Seulement <a href=\"https:\/\/dicodusport.fr\/blog\/dakar-2025-guerlain-chicherit-remporte-la-1ere-etape-sebastien-loeb-en-retrait\/\" target=\"_blank\" rel=\"noopener\">24\u00e8me de la premi\u00e8re \u00e9tape du <strong>Dakar<\/strong> <strong>2024<\/strong><\/a>, <strong>S\u00e9bastien<\/strong> <strong>Loeb<\/strong> (Dacia) n&rsquo;\u00e9tait pas inquiet \u00e0 l&rsquo;arriv\u00e9e. Sur <em>La cha\u00eene L&rsquo;\u00c9quipe<\/em>, le <strong>Fran\u00e7ais<\/strong> a expliqu\u00e9 que l&rsquo;objectif n&rsquo;\u00e9tait pas de faire un temps sur cette premi\u00e8re sp\u00e9ciale et qu&rsquo;il a aussi eu des probl\u00e8mes avec le syst\u00e8me <strong>Sentinel<\/strong> :<\/p>\n<blockquote>\n<p style=\"text-align: justify;\">L&rsquo;id\u00e9e de d\u00e9part, c&rsquo;est de ne pas \u00eatre mieux que 10\u00e8me \u00e0 l&rsquo;arriv\u00e9e pour l&rsquo;\u00e9tape de demain. On a roul\u00e9 doucement et on esp\u00e8re que les autres sont meilleurs que nous. Carlos Sainz, je ne l&rsquo;ai pas vu de la journ\u00e9e. J&rsquo;\u00e9tais bloqu\u00e9 par Nani Roma toute la sp\u00e9ciale car on n&rsquo;a pas de GPS, pas de Sentinel. Il y a rien qui marche.\u00a0 Je ne pouvais pas le biper donc d\u00e8s que j&rsquo;arrivais dans sa poussi\u00e8re, je m&rsquo;arr\u00eatais, puis je repartais. C&rsquo;est le truc \u00e0 faire une connerie, \u00e0 prendre une pierre alors que tu veux m\u00eame pas faire un temps.<\/p>\n<p style=\"text-align: justify;\">M\u00eame pour les motos, c&rsquo;\u00e9tait chaud. On a doubl\u00e9 des motards qui nous faisaient des f**k, c&rsquo;est normal, on lui met pas de Sentinel, mais on n&rsquo;en a pas. J&rsquo;ai fait vraiment doucement pour doubler les motards, mais bon. On a pas de Sentinel, c&rsquo;est le bordel. On s&rsquo;est cach\u00e9 et on a essay\u00e9 de jauger par rapport aux autres. Quand on a vu Lategan nous doubler, on s&rsquo;est dit qu&rsquo;il fallait y aller.<\/p>\n<\/blockquote>\n<p style=\"text-align: justify;\"><strong>S\u00e9bastien<\/strong> <strong>Loeb<\/strong> partira donc avec de nombreuses traces devant lui lors de la deuxi\u00e8me \u00e9tape dimanche. Une \u00e9tape marathon de 48 heures, longue de 965 km. Il devra d\u00e9j\u00e0 reprendre du temps apr\u00e8s avoir perdu plus de 11 minutes sur les leaders du Dakar samedi.<\/p>\n<blockquote class=\"twitter-tweet\">\n<p dir=\"ltr\" lang=\"fr\">\u00ab L&rsquo;id\u00e9e de d\u00e9part c&rsquo;est de ne pas \u00eatre mieux que 10 \u00bb, S\u00e9bastien Loeb revient sur la premi\u00e8re \u00e9tape du Dakar<\/p>\n<p>Suivez le Dakar sur la chaine L&rsquo;\u00c9quipe &gt; <a href=\"https:\/\/t.co\/pXI4SIbEoH\">https:\/\/t.co\/pXI4SIbEoH<\/a><a href=\"https:\/\/twitter.com\/hashtag\/Dakar2025?src=hash&amp;ref_src=twsrc%5Etfw\">#Dakar2025<\/a> <a href=\"https:\/\/t.co\/ADrT5qU9TA\">pic.twitter.com\/ADrT5qU9TA<\/a><\/p>\n<p>\u2014 la chaine L&rsquo;\u00c9quipe (@lachainelequipe) <a href=\"https:\/\/twitter.com\/lachainelequipe\/status\/1875514224996135375?ref_src=twsrc%5Etfw\">January 4, 2025<\/a><\/p><\/blockquote>\n<p style=\"text-align: justify;\"><script async src=\"https:\/\/platform.twitter.com\/widgets.js\" charset=\"utf-8\"><\/script><\/p>\n<ul>\n<li style=\"text-align: justify;\"><strong>\u00c0 ce sujet &#8211; <a href=\"https:\/\/dicodusport.fr\/blog\/dakar-2025-autos-classement-general\/\">Dakar 2025 Autos \u2013 Classement g\u00e9n\u00e9ral<\/a><\/strong><\/li>\n<\/ul>\n","protected":false},"excerpt":{"rendered":"<p>DAKAR 2025 &#8211; Tr\u00e8s loin au classement lors de la premi\u00e8re \u00e9tape, S\u00e9bastien Loeb (Dacia) a expliqu\u00e9 que cela faisait partie du plan de perdre du temps.\u00a0<\/p>\n","protected":false},"author":1,"featured_media":543785,"comment_status":"open","ping_status":"closed","sticky":false,"template":"","format":"standard","meta":{"_acf_changed":false,"_daextam_enable_autolinks":"1","footnotes":""},"categories":[9493],"tags":[16878,2736,7001],"class_list":["post-543780","post","type-post","status-publish","format-standard","has-post-thumbnail","hentry","category-dakar","tag-breve","tag-dakar","tag-loeb"],"acf":[],"yoast_head":"<!-- This site is optimized with the Yoast SEO Premium plugin v26.7 (Yoast SEO v26.7) - https:\/\/yoast.com\/wordpress\/plugins\/seo\/ -->\n<title>S\u00e9bastien Loeb : &quot;On a pas de Sentinel, c&#039;est le bordel&quot;<\/title>\n<meta name=\"description\" content=\"DAKAR 2025 - Tr\u00e8s loin au classement lors de la premi\u00e8re \u00e9tape, S\u00e9bastien Loeb (Dacia) a expliqu\u00e9 que cela faisait partie du plan de perdre du temps.\u00a0\" \/>\n<meta name=\"robots\" content=\"index, follow, max-snippet:-1, max-image-preview:large, max-video-preview:-1\" \/>\n<link rel=\"canonical\" href=\"https:\/\/dicodusport.fr\/blog\/sebastien-loeb-on-a-pas-de-sentinel-cest-le-bordel\/\" \/>\n<meta property=\"og:locale\" content=\"fr_FR\" \/>\n<meta property=\"og:type\" content=\"article\" \/>\n<meta property=\"og:title\" content=\"S\u00e9bastien Loeb : &quot;On a pas de Sentinel, c&#039;est le bordel&quot;\" \/>\n<meta property=\"og:description\" content=\"DAKAR 2025 - Tr\u00e8s loin au classement lors de la premi\u00e8re \u00e9tape, S\u00e9bastien Loeb (Dacia) a expliqu\u00e9 que cela faisait partie du plan de perdre du temps.\u00a0\" \/>\n<meta property=\"og:url\" content=\"https:\/\/dicodusport.fr\/blog\/sebastien-loeb-on-a-pas-de-sentinel-cest-le-bordel\/\" \/>\n<meta property=\"og:site_name\" content=\"Dicodusport\" \/>\n<meta property=\"article:publisher\" content=\"https:\/\/www.facebook.com\/dicodusport\" \/>\n<meta property=\"article:author\" content=\"https:\/\/www.facebook.com\/dicodusport\" \/>\n<meta property=\"article:published_time\" content=\"2025-01-04T13:30:49+00:00\" \/>\n<meta property=\"article:modified_time\" content=\"2025-01-04T13:49:10+00:00\" \/>\n<meta property=\"og:image\" content=\"https:\/\/dicodusport.fr\/blog\/wp-content\/uploads\/2025\/01\/Sebastien-Loeb-On-a-pas-de-Sentinel-cest-le-bordel.png\" \/>\n\t<meta property=\"og:image:width\" content=\"1200\" \/>\n\t<meta property=\"og:image:height\" content=\"674\" \/>\n\t<meta property=\"og:image:type\" content=\"image\/png\" \/>\n<meta name=\"author\" content=\"Nicolas Jacquemard\" \/>\n<meta name=\"twitter:card\" content=\"summary_large_image\" \/>\n<meta name=\"twitter:title\" content=\"S\u00e9bastien Loeb : &quot;On a pas de Sentinel, c&#039;est le bordel&quot;\" \/>\n<meta name=\"twitter:creator\" content=\"@https:\/\/twitter.com\/Nico_Jacquemard\" \/>\n<meta name=\"twitter:site\" content=\"@dicodusport\" \/>\n<script type=\"application\/ld+json\" class=\"yoast-schema-graph\">{\"@context\":\"https:\/\/schema.org\",\"@graph\":[{\"@type\":\"NewsArticle\",\"@id\":\"https:\/\/dicodusport.fr\/blog\/sebastien-loeb-on-a-pas-de-sentinel-cest-le-bordel\/#article\",\"isPartOf\":{\"@id\":\"https:\/\/dicodusport.fr\/blog\/sebastien-loeb-on-a-pas-de-sentinel-cest-le-bordel\/\"},\"author\":{\"name\":\"Nicolas Jacquemard\",\"@id\":\"https:\/\/dicodusport.fr\/blog\/#\/schema\/person\/55dcb50ad410894e431ed812bbb70191\"},\"headline\":\"S\u00e9bastien Loeb : \u00ab\u00a0On a pas de Sentinel, c&rsquo;est le bordel\u00a0\u00bb\",\"datePublished\":\"2025-01-04T13:30:49+00:00\",\"dateModified\":\"2025-01-04T13:49:10+00:00\",\"mainEntityOfPage\":{\"@id\":\"https:\/\/dicodusport.fr\/blog\/sebastien-loeb-on-a-pas-de-sentinel-cest-le-bordel\/\"},\"wordCount\":422,\"commentCount\":0,\"publisher\":{\"@id\":\"https:\/\/dicodusport.fr\/blog\/#organization\"},\"image\":{\"@id\":\"https:\/\/dicodusport.fr\/blog\/sebastien-loeb-on-a-pas-de-sentinel-cest-le-bordel\/#primaryimage\"},\"thumbnailUrl\":\"https:\/\/dicodusport.fr\/blog\/wp-content\/uploads\/2025\/01\/Sebastien-Loeb-On-a-pas-de-Sentinel-cest-le-bordel.png\",\"keywords\":[\"br\u00e8ve\",\"dakar\",\"Loeb\"],\"articleSection\":[\"Dakar\"],\"inLanguage\":\"fr-FR\",\"potentialAction\":[{\"@type\":\"CommentAction\",\"name\":\"Comment\",\"target\":[\"https:\/\/dicodusport.fr\/blog\/sebastien-loeb-on-a-pas-de-sentinel-cest-le-bordel\/#respond\"]}],\"copyrightYear\":\"2025\",\"copyrightHolder\":{\"@id\":\"https:\/\/dicodusport.fr\/blog\/#organization\"}},{\"@type\":\"WebPage\",\"@id\":\"https:\/\/dicodusport.fr\/blog\/sebastien-loeb-on-a-pas-de-sentinel-cest-le-bordel\/\",\"url\":\"https:\/\/dicodusport.fr\/blog\/sebastien-loeb-on-a-pas-de-sentinel-cest-le-bordel\/\",\"name\":\"S\u00e9bastien Loeb : \\\"On a pas de Sentinel, c'est le bordel\\\"\",\"isPartOf\":{\"@id\":\"https:\/\/dicodusport.fr\/blog\/#website\"},\"primaryImageOfPage\":{\"@id\":\"https:\/\/dicodusport.fr\/blog\/sebastien-loeb-on-a-pas-de-sentinel-cest-le-bordel\/#primaryimage\"},\"image\":{\"@id\":\"https:\/\/dicodusport.fr\/blog\/sebastien-loeb-on-a-pas-de-sentinel-cest-le-bordel\/#primaryimage\"},\"thumbnailUrl\":\"https:\/\/dicodusport.fr\/blog\/wp-content\/uploads\/2025\/01\/Sebastien-Loeb-On-a-pas-de-Sentinel-cest-le-bordel.png\",\"datePublished\":\"2025-01-04T13:30:49+00:00\",\"dateModified\":\"2025-01-04T13:49:10+00:00\",\"description\":\"DAKAR 2025 - Tr\u00e8s loin au classement lors de la premi\u00e8re \u00e9tape, S\u00e9bastien Loeb (Dacia) a expliqu\u00e9 que cela faisait partie du plan de perdre du temps.\u00a0\",\"breadcrumb\":{\"@id\":\"https:\/\/dicodusport.fr\/blog\/sebastien-loeb-on-a-pas-de-sentinel-cest-le-bordel\/#breadcrumb\"},\"inLanguage\":\"fr-FR\",\"potentialAction\":[{\"@type\":\"ReadAction\",\"target\":[\"https:\/\/dicodusport.fr\/blog\/sebastien-loeb-on-a-pas-de-sentinel-cest-le-bordel\/\"]}]},{\"@type\":\"ImageObject\",\"inLanguage\":\"fr-FR\",\"@id\":\"https:\/\/dicodusport.fr\/blog\/sebastien-loeb-on-a-pas-de-sentinel-cest-le-bordel\/#primaryimage\",\"url\":\"https:\/\/dicodusport.fr\/blog\/wp-content\/uploads\/2025\/01\/Sebastien-Loeb-On-a-pas-de-Sentinel-cest-le-bordel.png\",\"contentUrl\":\"https:\/\/dicodusport.fr\/blog\/wp-content\/uploads\/2025\/01\/Sebastien-Loeb-On-a-pas-de-Sentinel-cest-le-bordel.png\",\"width\":1200,\"height\":674},{\"@type\":\"BreadcrumbList\",\"@id\":\"https:\/\/dicodusport.fr\/blog\/sebastien-loeb-on-a-pas-de-sentinel-cest-le-bordel\/#breadcrumb\",\"itemListElement\":[{\"@type\":\"ListItem\",\"position\":1,\"name\":\"Accueil\",\"item\":\"https:\/\/dicodusport.fr\/blog\/\"},{\"@type\":\"ListItem\",\"position\":2,\"name\":\"S\u00e9bastien Loeb : &#8220;On a pas de Sentinel, c&#8217;est le bordel&#8221;\"}]},{\"@type\":\"WebSite\",\"@id\":\"https:\/\/dicodusport.fr\/blog\/#website\",\"url\":\"https:\/\/dicodusport.fr\/blog\/\",\"name\":\"Dicodusport\",\"description\":\"L&#039;encyclop\u00e9die de l&#039;actualit\u00e9 sportive\",\"publisher\":{\"@id\":\"https:\/\/dicodusport.fr\/blog\/#organization\"},\"potentialAction\":[{\"@type\":\"SearchAction\",\"target\":{\"@type\":\"EntryPoint\",\"urlTemplate\":\"https:\/\/dicodusport.fr\/blog\/?s={search_term_string}\"},\"query-input\":{\"@type\":\"PropertyValueSpecification\",\"valueRequired\":true,\"valueName\":\"search_term_string\"}}],\"inLanguage\":\"fr-FR\"},{\"@type\":\"NewsMediaOrganization\",\"@id\":\"https:\/\/dicodusport.fr\/blog\/#organization\",\"name\":\"Dicodusport\",\"url\":\"https:\/\/dicodusport.fr\/blog\/\",\"logo\":{\"@type\":\"ImageObject\",\"inLanguage\":\"fr-FR\",\"@id\":\"https:\/\/dicodusport.fr\/blog\/#\/schema\/logo\/image\/\",\"url\":\"https:\/\/dicodusport.fr\/blog\/wp-content\/uploads\/2020\/06\/cropped-LOGO-DICODUSPORT-2020-SANS-FOND-SANS-TEXTE.png\",\"contentUrl\":\"https:\/\/dicodusport.fr\/blog\/wp-content\/uploads\/2020\/06\/cropped-LOGO-DICODUSPORT-2020-SANS-FOND-SANS-TEXTE.png\",\"width\":512,\"height\":512,\"caption\":\"Dicodusport\"},\"image\":{\"@id\":\"https:\/\/dicodusport.fr\/blog\/#\/schema\/logo\/image\/\"},\"sameAs\":[\"https:\/\/www.facebook.com\/dicodusport\",\"https:\/\/x.com\/dicodusport\",\"https:\/\/www.instagram.com\/dicodusport\/\",\"https:\/\/www.youtube.com\/channel\/UC7V2KZ5sd3htJivAbA4ZG3w\"],\"description\":\"Dicodusport est l'encyclop\u00e9die de l'actualit\u00e9 sportive.\",\"email\":\"bonjour@dicodusport.fr\",\"legalName\":\"DICODUSPORT\",\"foundingDate\":\"2018-01-14\",\"vatID\":\"FR71834470973\",\"taxID\":\"83447097300043\",\"numberOfEmployees\":{\"@type\":\"QuantitativeValue\",\"minValue\":\"1\",\"maxValue\":\"10\"}},{\"@type\":\"Person\",\"@id\":\"https:\/\/dicodusport.fr\/blog\/#\/schema\/person\/55dcb50ad410894e431ed812bbb70191\",\"name\":\"Nicolas Jacquemard\",\"image\":{\"@type\":\"ImageObject\",\"inLanguage\":\"fr-FR\",\"@id\":\"https:\/\/dicodusport.fr\/blog\/#\/schema\/person\/image\/\",\"url\":\"https:\/\/dicodusport.fr\/blog\/wp-content\/uploads\/2021\/05\/Nicolas-Jacquemard-150x150.jpeg\",\"contentUrl\":\"https:\/\/dicodusport.fr\/blog\/wp-content\/uploads\/2021\/05\/Nicolas-Jacquemard-150x150.jpeg\",\"caption\":\"Nicolas Jacquemard\"},\"description\":\"Passionn\u00e9 de sport et entrepreneur depuis mes 18 ans, la cr\u00e9ation de Dicodusport m'a sembl\u00e9 \u00e9vidente pour participer \u00e0 la m\u00e9diatisation d'un plus grand nombre de sports. Le chemin est long mais avec une \u00e9quipe des plus motiv\u00e9es et les Jeux Olympiques de Paris 2024 en point de mire, nous y arriverons ! Journaliste dans le monde du sport depuis plus de 5 ans, je traite aussi bien de football, de rugby, de biathlon que de cyclisme.\",\"sameAs\":[\"https:\/\/www.facebook.com\/dicodusport\",\"https:\/\/x.com\/https:\/\/twitter.com\/Nico_Jacquemard\"],\"url\":\"https:\/\/dicodusport.fr\/blog\/author\/dicodusport\/\"}]}<\/script>\n<!-- \/ Yoast SEO Premium plugin. -->","yoast_head_json":{"title":"S\u00e9bastien Loeb : \"On a pas de Sentinel, c'est le bordel\"","description":"DAKAR 2025 - Tr\u00e8s loin au classement lors de la premi\u00e8re \u00e9tape, S\u00e9bastien Loeb (Dacia) a expliqu\u00e9 que cela faisait partie du plan de perdre du temps.\u00a0","robots":{"index":"index","follow":"follow","max-snippet":"max-snippet:-1","max-image-preview":"max-image-preview:large","max-video-preview":"max-video-preview:-1"},"canonical":"https:\/\/dicodusport.fr\/blog\/sebastien-loeb-on-a-pas-de-sentinel-cest-le-bordel\/","og_locale":"fr_FR","og_type":"article","og_title":"S\u00e9bastien Loeb : \"On a pas de Sentinel, c'est le bordel\"","og_description":"DAKAR 2025 - Tr\u00e8s loin au classement lors de la premi\u00e8re \u00e9tape, S\u00e9bastien Loeb (Dacia) a expliqu\u00e9 que cela faisait partie du plan de perdre du temps.\u00a0","og_url":"https:\/\/dicodusport.fr\/blog\/sebastien-loeb-on-a-pas-de-sentinel-cest-le-bordel\/","og_site_name":"Dicodusport","article_publisher":"https:\/\/www.facebook.com\/dicodusport","article_author":"https:\/\/www.facebook.com\/dicodusport","article_published_time":"2025-01-04T13:30:49+00:00","article_modified_time":"2025-01-04T13:49:10+00:00","og_image":[{"width":1200,"height":674,"url":"https:\/\/dicodusport.fr\/blog\/wp-content\/uploads\/2025\/01\/Sebastien-Loeb-On-a-pas-de-Sentinel-cest-le-bordel.png","type":"image\/png"}],"author":"Nicolas Jacquemard","twitter_card":"summary_large_image","twitter_title":"S\u00e9bastien Loeb : \"On a pas de Sentinel, c'est le bordel\"","twitter_creator":"@https:\/\/twitter.com\/Nico_Jacquemard","twitter_site":"@dicodusport","schema":{"@context":"https:\/\/schema.org","@graph":[{"@type":"NewsArticle","@id":"https:\/\/dicodusport.fr\/blog\/sebastien-loeb-on-a-pas-de-sentinel-cest-le-bordel\/#article","isPartOf":{"@id":"https:\/\/dicodusport.fr\/blog\/sebastien-loeb-on-a-pas-de-sentinel-cest-le-bordel\/"},"author":{"name":"Nicolas Jacquemard","@id":"https:\/\/dicodusport.fr\/blog\/#\/schema\/person\/55dcb50ad410894e431ed812bbb70191"},"headline":"S\u00e9bastien Loeb : \u00ab\u00a0On a pas de Sentinel, c&rsquo;est le bordel\u00a0\u00bb","datePublished":"2025-01-04T13:30:49+00:00","dateModified":"2025-01-04T13:49:10+00:00","mainEntityOfPage":{"@id":"https:\/\/dicodusport.fr\/blog\/sebastien-loeb-on-a-pas-de-sentinel-cest-le-bordel\/"},"wordCount":422,"commentCount":0,"publisher":{"@id":"https:\/\/dicodusport.fr\/blog\/#organization"},"image":{"@id":"https:\/\/dicodusport.fr\/blog\/sebastien-loeb-on-a-pas-de-sentinel-cest-le-bordel\/#primaryimage"},"thumbnailUrl":"https:\/\/dicodusport.fr\/blog\/wp-content\/uploads\/2025\/01\/Sebastien-Loeb-On-a-pas-de-Sentinel-cest-le-bordel.png","keywords":["br\u00e8ve","dakar","Loeb"],"articleSection":["Dakar"],"inLanguage":"fr-FR","potentialAction":[{"@type":"CommentAction","name":"Comment","target":["https:\/\/dicodusport.fr\/blog\/sebastien-loeb-on-a-pas-de-sentinel-cest-le-bordel\/#respond"]}],"copyrightYear":"2025","copyrightHolder":{"@id":"https:\/\/dicodusport.fr\/blog\/#organization"}},{"@type":"WebPage","@id":"https:\/\/dicodusport.fr\/blog\/sebastien-loeb-on-a-pas-de-sentinel-cest-le-bordel\/","url":"https:\/\/dicodusport.fr\/blog\/sebastien-loeb-on-a-pas-de-sentinel-cest-le-bordel\/","name":"S\u00e9bastien Loeb : \"On a pas de Sentinel, c'est le bordel\"","isPartOf":{"@id":"https:\/\/dicodusport.fr\/blog\/#website"},"primaryImageOfPage":{"@id":"https:\/\/dicodusport.fr\/blog\/sebastien-loeb-on-a-pas-de-sentinel-cest-le-bordel\/#primaryimage"},"image":{"@id":"https:\/\/dicodusport.fr\/blog\/sebastien-loeb-on-a-pas-de-sentinel-cest-le-bordel\/#primaryimage"},"thumbnailUrl":"https:\/\/dicodusport.fr\/blog\/wp-content\/uploads\/2025\/01\/Sebastien-Loeb-On-a-pas-de-Sentinel-cest-le-bordel.png","datePublished":"2025-01-04T13:30:49+00:00","dateModified":"2025-01-04T13:49:10+00:00","description":"DAKAR 2025 - Tr\u00e8s loin au classement lors de la premi\u00e8re \u00e9tape, S\u00e9bastien Loeb (Dacia) a expliqu\u00e9 que cela faisait partie du plan de perdre du temps.\u00a0","breadcrumb":{"@id":"https:\/\/dicodusport.fr\/blog\/sebastien-loeb-on-a-pas-de-sentinel-cest-le-bordel\/#breadcrumb"},"inLanguage":"fr-FR","potentialAction":[{"@type":"ReadAction","target":["https:\/\/dicodusport.fr\/blog\/sebastien-loeb-on-a-pas-de-sentinel-cest-le-bordel\/"]}]},{"@type":"ImageObject","inLanguage":"fr-FR","@id":"https:\/\/dicodusport.fr\/blog\/sebastien-loeb-on-a-pas-de-sentinel-cest-le-bordel\/#primaryimage","url":"https:\/\/dicodusport.fr\/blog\/wp-content\/uploads\/2025\/01\/Sebastien-Loeb-On-a-pas-de-Sentinel-cest-le-bordel.png","contentUrl":"https:\/\/dicodusport.fr\/blog\/wp-content\/uploads\/2025\/01\/Sebastien-Loeb-On-a-pas-de-Sentinel-cest-le-bordel.png","width":1200,"height":674},{"@type":"BreadcrumbList","@id":"https:\/\/dicodusport.fr\/blog\/sebastien-loeb-on-a-pas-de-sentinel-cest-le-bordel\/#breadcrumb","itemListElement":[{"@type":"ListItem","position":1,"name":"Accueil","item":"https:\/\/dicodusport.fr\/blog\/"},{"@type":"ListItem","position":2,"name":"S\u00e9bastien Loeb : &#8220;On a pas de Sentinel, c&#8217;est le bordel&#8221;"}]},{"@type":"WebSite","@id":"https:\/\/dicodusport.fr\/blog\/#website","url":"https:\/\/dicodusport.fr\/blog\/","name":"Dicodusport","description":"L&#039;encyclop\u00e9die de l&#039;actualit\u00e9 sportive","publisher":{"@id":"https:\/\/dicodusport.fr\/blog\/#organization"},"potentialAction":[{"@type":"SearchAction","target":{"@type":"EntryPoint","urlTemplate":"https:\/\/dicodusport.fr\/blog\/?s={search_term_string}"},"query-input":{"@type":"PropertyValueSpecification","valueRequired":true,"valueName":"search_term_string"}}],"inLanguage":"fr-FR"},{"@type":"NewsMediaOrganization","@id":"https:\/\/dicodusport.fr\/blog\/#organization","name":"Dicodusport","url":"https:\/\/dicodusport.fr\/blog\/","logo":{"@type":"ImageObject","inLanguage":"fr-FR","@id":"https:\/\/dicodusport.fr\/blog\/#\/schema\/logo\/image\/","url":"https:\/\/dicodusport.fr\/blog\/wp-content\/uploads\/2020\/06\/cropped-LOGO-DICODUSPORT-2020-SANS-FOND-SANS-TEXTE.png","contentUrl":"https:\/\/dicodusport.fr\/blog\/wp-content\/uploads\/2020\/06\/cropped-LOGO-DICODUSPORT-2020-SANS-FOND-SANS-TEXTE.png","width":512,"height":512,"caption":"Dicodusport"},"image":{"@id":"https:\/\/dicodusport.fr\/blog\/#\/schema\/logo\/image\/"},"sameAs":["https:\/\/www.facebook.com\/dicodusport","https:\/\/x.com\/dicodusport","https:\/\/www.instagram.com\/dicodusport\/","https:\/\/www.youtube.com\/channel\/UC7V2KZ5sd3htJivAbA4ZG3w"],"description":"Dicodusport est l'encyclop\u00e9die de l'actualit\u00e9 sportive.","email":"bonjour@dicodusport.fr","legalName":"DICODUSPORT","foundingDate":"2018-01-14","vatID":"FR71834470973","taxID":"83447097300043","numberOfEmployees":{"@type":"QuantitativeValue","minValue":"1","maxValue":"10"}},{"@type":"Person","@id":"https:\/\/dicodusport.fr\/blog\/#\/schema\/person\/55dcb50ad410894e431ed812bbb70191","name":"Nicolas Jacquemard","image":{"@type":"ImageObject","inLanguage":"fr-FR","@id":"https:\/\/dicodusport.fr\/blog\/#\/schema\/person\/image\/","url":"https:\/\/dicodusport.fr\/blog\/wp-content\/uploads\/2021\/05\/Nicolas-Jacquemard-150x150.jpeg","contentUrl":"https:\/\/dicodusport.fr\/blog\/wp-content\/uploads\/2021\/05\/Nicolas-Jacquemard-150x150.jpeg","caption":"Nicolas Jacquemard"},"description":"Passionn\u00e9 de sport et entrepreneur depuis mes 18 ans, la cr\u00e9ation de Dicodusport m'a sembl\u00e9 \u00e9vidente pour participer \u00e0 la m\u00e9diatisation d'un plus grand nombre de sports. Le chemin est long mais avec une \u00e9quipe des plus motiv\u00e9es et les Jeux Olympiques de Paris 2024 en point de mire, nous y arriverons ! Journaliste dans le monde du sport depuis plus de 5 ans, je traite aussi bien de football, de rugby, de biathlon que de cyclisme.","sameAs":["https:\/\/www.facebook.com\/dicodusport","https:\/\/x.com\/https:\/\/twitter.com\/Nico_Jacquemard"],"url":"https:\/\/dicodusport.fr\/blog\/author\/dicodusport\/"}]}},"_links":{"self":[{"href":"https:\/\/dicodusport.fr\/blog\/wp-json\/wp\/v2\/posts\/543780","targetHints":{"allow":["GET"]}}],"collection":[{"href":"https:\/\/dicodusport.fr\/blog\/wp-json\/wp\/v2\/posts"}],"about":[{"href":"https:\/\/dicodusport.fr\/blog\/wp-json\/wp\/v2\/types\/post"}],"author":[{"embeddable":true,"href":"https:\/\/dicodusport.fr\/blog\/wp-json\/wp\/v2\/users\/1"}],"replies":[{"embeddable":true,"href":"https:\/\/dicodusport.fr\/blog\/wp-json\/wp\/v2\/comments?post=543780"}],"version-history":[{"count":3,"href":"https:\/\/dicodusport.fr\/blog\/wp-json\/wp\/v2\/posts\/543780\/revisions"}],"predecessor-version":[{"id":543798,"href":"https:\/\/dicodusport.fr\/blog\/wp-json\/wp\/v2\/posts\/543780\/revisions\/543798"}],"wp:featuredmedia":[{"embeddable":true,"href":"https:\/\/dicodusport.fr\/blog\/wp-json\/wp\/v2\/media\/543785"}],"wp:attachment":[{"href":"https:\/\/dicodusport.fr\/blog\/wp-json\/wp\/v2\/media?parent=543780"}],"wp:term":[{"taxonomy":"category","embeddable":true,"href":"https:\/\/dicodusport.fr\/blog\/wp-json\/wp\/v2\/categories?post=543780"},{"taxonomy":"post_tag","embeddable":true,"href":"https:\/\/dicodusport.fr\/blog\/wp-json\/wp\/v2\/tags?post=543780"}],"curies":[{"name":"wp","href":"https:\/\/api.w.org\/{rel}","templated":true}]}}