{"id":543982,"date":"2025-01-05T09:58:49","date_gmt":"2025-01-05T08:58:49","guid":{"rendered":"https:\/\/dicodusport.fr\/blog\/?p=543982&#038;preview=true&#038;preview_id=543982"},"modified":"2025-01-05T10:47:54","modified_gmt":"2025-01-05T09:47:54","slug":"promclassic-de-nice-record-de-france-du-10-km-pour-sarah-madeleine","status":"publish","type":"post","link":"https:\/\/dicodusport.fr\/blog\/promclassic-de-nice-record-de-france-du-10-km-pour-sarah-madeleine\/","title":{"rendered":"Prom&rsquo;Classic de Nice : Record de France du 10 km pour Sarah Madeleine"},"content":{"rendered":"<h4 style=\"text-align: justify;\"><em>ATHL\u00c9TISME &#8211; Sarah Madeleine a \u00e9gal\u00e9 le record de France du 10 km \u00e0 Nice, \u00e0 l&rsquo;occasion de la Prom&rsquo;Classic, avec une course boucl\u00e9e en 31:15.<\/em><\/h4>\n<ul>\n<li style=\"text-align: justify;\"><strong>\u00c0 ce sujet &#8211; <a href=\"https:\/\/dicodusport.fr\/blog\/classement-10-km-promclassic-de-nice-2025\/\">Classement 10 km Prom\u2019Classic de Nice 2025<\/a><\/strong><\/li>\n<\/ul>\n<p style=\"text-align: justify;\">Elle poursuit sa progression \u00e0 vitesse grand V. Du c\u00f4t\u00e9 de Nice et de la Prom&rsquo;Classic, <a href=\"https:\/\/dicodusport.fr\/blog\/athletisme-qui-est-sarah-madeleine-la-vainqueur-du-10-km-de-nice\/\"><strong>Sarah Madeleine<\/strong><\/a> vient de s&rsquo;offrir le record de France du 10 km. En bouclant sa course en 31:15, elle \u00e9gale l&rsquo;ancien record. Une marque d\u00e9tenue jusqu&rsquo;alors par<strong> Liv Westphal<\/strong> et qui date depuis 2019 et qui a d\u00e9sormais une deuxi\u00e8me propri\u00e9taire. C&rsquo;est le tout premier record de France pour celle qui a particip\u00e9 aux Jeux Olympiques l&rsquo;\u00e9t\u00e9 dernier. Et qui s&rsquo;\u00e9tait d\u00e9j\u00e0 r\u00e9v\u00e9l\u00e9e du c\u00f4t\u00e9 de Nice, il y a un an. Avant de conna\u00eetre une ann\u00e9e 2024 absolument pleine. Il est possible que l&rsquo;on voit, d&rsquo;ici peu, une Tricolore passer sous les 31 minutes sur la distance. Un petit \u00e9v\u00e8nement qui confirme la progression de l&rsquo;athl\u00e9tisme fran\u00e7ais f\u00e9minin sur le \u00ab\u00a0long\u00a0\u00bb.<\/p>\n<blockquote class=\"twitter-tweet\">\n<p dir=\"ltr\" lang=\"fr\">Prom\u2019 Classic 2025 \u2600\ufe0f<\/p>\n<p>Victoire en 27\u201944 pour Habz en solitaire de bout en bout, qui devient le 7\u00e8me fran\u00e7ais de tous les temps sur la distance.<\/p>\n<p>Madeleine signerait 31\u201914 (temps officieux), ce qui voudrait dire record de France d\u2019une petite seconde, temps \u00e0 confirmer. <a href=\"https:\/\/t.co\/4QX0mpkcig\">pic.twitter.com\/4QX0mpkcig<\/a><\/p>\n<p>\u2014 Vincent Guyot (@Vinc_Guyot) <a href=\"https:\/\/twitter.com\/Vinc_Guyot\/status\/1875823707350040810?ref_src=twsrc%5Etfw\">January 5, 2025<\/a><\/p><\/blockquote>\n<p style=\"text-align: justify;\"><script async src=\"https:\/\/platform.twitter.com\/widgets.js\" charset=\"utf-8\"><\/script><\/p>\n<p style=\"text-align: justify;\">Cette performance va lui donner encore plus de confiance et constitue le tout premier record de France s\u00e9nior de cette ann\u00e9e 2025. \u00c0 noter aussi, l&rsquo;excellente performance du sp\u00e9cialiste du 1 500 m, <strong>Azeddine Habz<\/strong>, qui a remport\u00e9 la course avec un chrono de 27:44. Ce qui constitue la 6e performance fran\u00e7aise de tous les temps, sur une distance o\u00f9 c&rsquo;est le Fran\u00e7ais, <strong>\u00c9tienne Daguinos<\/strong>, qui d\u00e9tient le record d&rsquo;Europe. Un autre record de France a \u00e9t\u00e9 battu dans la course. <strong>Martin Hubner<\/strong> pulv\u00e9rise \u00e9galement l&rsquo;ancienne marque Junior de 21 secondes. Il boucle sa course en 29:02.<\/p>\n<h2 style=\"text-align: justify;\">\u00c0 ce sujet<\/h2>\n<div class=\"vlp-link-container vlp-layout-article\"><a href=\"https:\/\/dicodusport.fr\/blog\/sarah-madeleine-le-maillot-de-lequipe-de-france-est-un-reve\/\" class=\"vlp-link\" title=\"Sarah Madeleine : &quot;Le maillot de l&#039;\u00e9quipe de France est un r\u00eave&quot;\"><\/a><div class=\"vlp-layout-zone-side\"><div class=\"vlp-block-4 vlp-link-image\"><img loading=\"lazy\" decoding=\"async\" style=\"max-width: 792px;\" width=\"792\" height=\"445\" src=\"https:\/\/dicodusport.fr\/blog\/wp-content\/uploads\/2024\/05\/Sarah-Madeleine-Le-maillot-de-lequipe-de-France-est-un-reve.png\" class=\"attachment-800x445 size-800x445\" alt=\"Sarah Madeleine : &quot;Le maillot de l&#039;\u00e9quipe de France est un r\u00eave&quot;\" srcset=\"https:\/\/dicodusport.fr\/blog\/wp-content\/uploads\/2024\/05\/Sarah-Madeleine-Le-maillot-de-lequipe-de-France-est-un-reve.png 1200w, https:\/\/dicodusport.fr\/blog\/wp-content\/uploads\/2024\/05\/Sarah-Madeleine-Le-maillot-de-lequipe-de-France-est-un-reve-300x169.png 300w, https:\/\/dicodusport.fr\/blog\/wp-content\/uploads\/2024\/05\/Sarah-Madeleine-Le-maillot-de-lequipe-de-France-est-un-reve-1024x575.png 1024w, https:\/\/dicodusport.fr\/blog\/wp-content\/uploads\/2024\/05\/Sarah-Madeleine-Le-maillot-de-lequipe-de-France-est-un-reve-768x431.png 768w\" sizes=\"auto, (max-width: 792px) 100vw, 792px\" \/><\/div><\/div><div class=\"vlp-layout-zone-main\"><div class=\"vlp-block-0 vlp-link-title\">Sarah Madeleine : \"Le maillot de l'\u00e9quipe de France est un r\u00eave\"<\/div><div class=\"vlp-block-1 vlp-link-summary\">ATHL\u00c9TISME - Entreitien avec Sarah Madeleine, une des Fran\u00e7aises qui a connu une tr\u00e8s belle progression cet hiver.<\/div><div class=\"vlp-block-2 vlp-link-button\">Lire l'article<\/div><div class=\"vlp-block-3 vlp-link-url\">dicodusport.fr<\/div><\/div><\/div>\n<p>&nbsp;<\/p>\n","protected":false},"excerpt":{"rendered":"<p>ATHL\u00c9TISME &#8211; Sarah Madeleine a battu le record de France du 10 km \u00e0 Nice, \u00e0 l&rsquo;occasion de la Prom&rsquo;Classic, avec une course boucl\u00e9e en 31:14.<\/p>\n","protected":false},"author":83,"featured_media":543993,"comment_status":"open","ping_status":"closed","sticky":false,"template":"","format":"standard","meta":{"_acf_changed":false,"_daextam_enable_autolinks":"1","footnotes":""},"categories":[2308],"tags":[32415,143,16878,36428],"class_list":["post-543982","post","type-post","status-publish","format-standard","has-post-thumbnail","hentry","category-athletisme","tag-actu","tag-athletisme","tag-breve","tag-sarah-madeleine"],"acf":[],"yoast_head":"<!-- This site is optimized with the Yoast SEO Premium plugin v26.7 (Yoast SEO v26.7) - https:\/\/yoast.com\/wordpress\/plugins\/seo\/ -->\n<title>Prom&#039;Classic de Nice : Record de France du 10 km pour Sarah Madeleine<\/title>\n<meta name=\"description\" content=\"ATHL\u00c9TISME - Sarah Madeleine a battu le record de France du 10 km \u00e0 Nice, \u00e0 l&#039;occasion de la Prom&#039;Classic, avec une course boucl\u00e9e en 31:14.\" \/>\n<meta name=\"robots\" content=\"index, follow, max-snippet:-1, max-image-preview:large, max-video-preview:-1\" \/>\n<link rel=\"canonical\" href=\"https:\/\/dicodusport.fr\/blog\/promclassic-de-nice-record-de-france-du-10-km-pour-sarah-madeleine\/\" \/>\n<meta property=\"og:locale\" content=\"fr_FR\" \/>\n<meta property=\"og:type\" content=\"article\" \/>\n<meta property=\"og:title\" content=\"Prom&#039;Classic de Nice : Record de France du 10 km pour Sarah Madeleine\" \/>\n<meta property=\"og:description\" content=\"ATHL\u00c9TISME - Sarah Madeleine a battu le record de France du 10 km \u00e0 Nice, \u00e0 l&#039;occasion de la Prom&#039;Classic, avec une course boucl\u00e9e en 31:14.\" \/>\n<meta property=\"og:url\" content=\"https:\/\/dicodusport.fr\/blog\/promclassic-de-nice-record-de-france-du-10-km-pour-sarah-madeleine\/\" \/>\n<meta property=\"og:site_name\" content=\"Dicodusport\" \/>\n<meta property=\"article:publisher\" content=\"https:\/\/www.facebook.com\/dicodusport\" \/>\n<meta property=\"article:published_time\" content=\"2025-01-05T08:58:49+00:00\" \/>\n<meta property=\"article:modified_time\" content=\"2025-01-05T09:47:54+00:00\" \/>\n<meta property=\"og:image\" content=\"https:\/\/dicodusport.fr\/blog\/wp-content\/uploads\/2025\/01\/PromClassic-de-Nice-Record-de-France-du-10-km-pour-Sarah-Madelein.png\" \/>\n\t<meta property=\"og:image:width\" content=\"1200\" \/>\n\t<meta property=\"og:image:height\" content=\"674\" \/>\n\t<meta property=\"og:image:type\" content=\"image\/png\" \/>\n<meta name=\"author\" content=\"Etienne Goursaud\" \/>\n<meta name=\"twitter:card\" content=\"summary_large_image\" \/>\n<meta name=\"twitter:title\" content=\"Prom&#039;Classic de Nice : Record de France du 10 km pour Sarah Madeleine\" \/>\n<meta name=\"twitter:creator\" content=\"@dicodusport\" \/>\n<meta name=\"twitter:site\" content=\"@dicodusport\" \/>\n<script type=\"application\/ld+json\" class=\"yoast-schema-graph\">{\"@context\":\"https:\/\/schema.org\",\"@graph\":[{\"@type\":\"NewsArticle\",\"@id\":\"https:\/\/dicodusport.fr\/blog\/promclassic-de-nice-record-de-france-du-10-km-pour-sarah-madeleine\/#article\",\"isPartOf\":{\"@id\":\"https:\/\/dicodusport.fr\/blog\/promclassic-de-nice-record-de-france-du-10-km-pour-sarah-madeleine\/\"},\"author\":{\"name\":\"Etienne Goursaud\",\"@id\":\"https:\/\/dicodusport.fr\/blog\/#\/schema\/person\/d603dd7da31fb2b46c82b9835a77ec13\"},\"headline\":\"Prom&rsquo;Classic de Nice : Record de France du 10 km pour Sarah Madeleine\",\"datePublished\":\"2025-01-05T08:58:49+00:00\",\"dateModified\":\"2025-01-05T09:47:54+00:00\",\"mainEntityOfPage\":{\"@id\":\"https:\/\/dicodusport.fr\/blog\/promclassic-de-nice-record-de-france-du-10-km-pour-sarah-madeleine\/\"},\"wordCount\":421,\"commentCount\":0,\"publisher\":{\"@id\":\"https:\/\/dicodusport.fr\/blog\/#organization\"},\"image\":{\"@id\":\"https:\/\/dicodusport.fr\/blog\/promclassic-de-nice-record-de-france-du-10-km-pour-sarah-madeleine\/#primaryimage\"},\"thumbnailUrl\":\"https:\/\/dicodusport.fr\/blog\/wp-content\/uploads\/2025\/01\/PromClassic-de-Nice-Record-de-France-du-10-km-pour-Sarah-Madelein.png\",\"keywords\":[\"actu\",\"Athl\u00e9tisme\",\"br\u00e8ve\",\"sarah madeleine\"],\"articleSection\":[\"Athl\u00e9tisme\"],\"inLanguage\":\"fr-FR\",\"potentialAction\":[{\"@type\":\"CommentAction\",\"name\":\"Comment\",\"target\":[\"https:\/\/dicodusport.fr\/blog\/promclassic-de-nice-record-de-france-du-10-km-pour-sarah-madeleine\/#respond\"]}],\"copyrightYear\":\"2025\",\"copyrightHolder\":{\"@id\":\"https:\/\/dicodusport.fr\/blog\/#organization\"}},{\"@type\":\"WebPage\",\"@id\":\"https:\/\/dicodusport.fr\/blog\/promclassic-de-nice-record-de-france-du-10-km-pour-sarah-madeleine\/\",\"url\":\"https:\/\/dicodusport.fr\/blog\/promclassic-de-nice-record-de-france-du-10-km-pour-sarah-madeleine\/\",\"name\":\"Prom'Classic de Nice : Record de France du 10 km pour Sarah Madeleine\",\"isPartOf\":{\"@id\":\"https:\/\/dicodusport.fr\/blog\/#website\"},\"primaryImageOfPage\":{\"@id\":\"https:\/\/dicodusport.fr\/blog\/promclassic-de-nice-record-de-france-du-10-km-pour-sarah-madeleine\/#primaryimage\"},\"image\":{\"@id\":\"https:\/\/dicodusport.fr\/blog\/promclassic-de-nice-record-de-france-du-10-km-pour-sarah-madeleine\/#primaryimage\"},\"thumbnailUrl\":\"https:\/\/dicodusport.fr\/blog\/wp-content\/uploads\/2025\/01\/PromClassic-de-Nice-Record-de-France-du-10-km-pour-Sarah-Madelein.png\",\"datePublished\":\"2025-01-05T08:58:49+00:00\",\"dateModified\":\"2025-01-05T09:47:54+00:00\",\"description\":\"ATHL\u00c9TISME - Sarah Madeleine a battu le record de France du 10 km \u00e0 Nice, \u00e0 l'occasion de la Prom'Classic, avec une course boucl\u00e9e en 31:14.\",\"breadcrumb\":{\"@id\":\"https:\/\/dicodusport.fr\/blog\/promclassic-de-nice-record-de-france-du-10-km-pour-sarah-madeleine\/#breadcrumb\"},\"inLanguage\":\"fr-FR\",\"potentialAction\":[{\"@type\":\"ReadAction\",\"target\":[\"https:\/\/dicodusport.fr\/blog\/promclassic-de-nice-record-de-france-du-10-km-pour-sarah-madeleine\/\"]}]},{\"@type\":\"ImageObject\",\"inLanguage\":\"fr-FR\",\"@id\":\"https:\/\/dicodusport.fr\/blog\/promclassic-de-nice-record-de-france-du-10-km-pour-sarah-madeleine\/#primaryimage\",\"url\":\"https:\/\/dicodusport.fr\/blog\/wp-content\/uploads\/2025\/01\/PromClassic-de-Nice-Record-de-France-du-10-km-pour-Sarah-Madelein.png\",\"contentUrl\":\"https:\/\/dicodusport.fr\/blog\/wp-content\/uploads\/2025\/01\/PromClassic-de-Nice-Record-de-France-du-10-km-pour-Sarah-Madelein.png\",\"width\":1200,\"height\":674,\"caption\":\"Prom'Classic de Nice Record de France du 10 km pour Sarah Madelein\"},{\"@type\":\"BreadcrumbList\",\"@id\":\"https:\/\/dicodusport.fr\/blog\/promclassic-de-nice-record-de-france-du-10-km-pour-sarah-madeleine\/#breadcrumb\",\"itemListElement\":[{\"@type\":\"ListItem\",\"position\":1,\"name\":\"Accueil\",\"item\":\"https:\/\/dicodusport.fr\/blog\/\"},{\"@type\":\"ListItem\",\"position\":2,\"name\":\"Prom&#8217;Classic de Nice : Record de France du 10 km pour Sarah Madeleine\"}]},{\"@type\":\"WebSite\",\"@id\":\"https:\/\/dicodusport.fr\/blog\/#website\",\"url\":\"https:\/\/dicodusport.fr\/blog\/\",\"name\":\"Dicodusport\",\"description\":\"L&#039;encyclop\u00e9die de l&#039;actualit\u00e9 sportive\",\"publisher\":{\"@id\":\"https:\/\/dicodusport.fr\/blog\/#organization\"},\"potentialAction\":[{\"@type\":\"SearchAction\",\"target\":{\"@type\":\"EntryPoint\",\"urlTemplate\":\"https:\/\/dicodusport.fr\/blog\/?s={search_term_string}\"},\"query-input\":{\"@type\":\"PropertyValueSpecification\",\"valueRequired\":true,\"valueName\":\"search_term_string\"}}],\"inLanguage\":\"fr-FR\"},{\"@type\":\"NewsMediaOrganization\",\"@id\":\"https:\/\/dicodusport.fr\/blog\/#organization\",\"name\":\"Dicodusport\",\"url\":\"https:\/\/dicodusport.fr\/blog\/\",\"logo\":{\"@type\":\"ImageObject\",\"inLanguage\":\"fr-FR\",\"@id\":\"https:\/\/dicodusport.fr\/blog\/#\/schema\/logo\/image\/\",\"url\":\"https:\/\/dicodusport.fr\/blog\/wp-content\/uploads\/2020\/06\/cropped-LOGO-DICODUSPORT-2020-SANS-FOND-SANS-TEXTE.png\",\"contentUrl\":\"https:\/\/dicodusport.fr\/blog\/wp-content\/uploads\/2020\/06\/cropped-LOGO-DICODUSPORT-2020-SANS-FOND-SANS-TEXTE.png\",\"width\":512,\"height\":512,\"caption\":\"Dicodusport\"},\"image\":{\"@id\":\"https:\/\/dicodusport.fr\/blog\/#\/schema\/logo\/image\/\"},\"sameAs\":[\"https:\/\/www.facebook.com\/dicodusport\",\"https:\/\/x.com\/dicodusport\",\"https:\/\/www.instagram.com\/dicodusport\/\",\"https:\/\/www.youtube.com\/channel\/UC7V2KZ5sd3htJivAbA4ZG3w\"],\"description\":\"Dicodusport est l'encyclop\u00e9die de l'actualit\u00e9 sportive.\",\"email\":\"bonjour@dicodusport.fr\",\"legalName\":\"DICODUSPORT\",\"foundingDate\":\"2018-01-14\",\"vatID\":\"FR71834470973\",\"taxID\":\"83447097300043\",\"numberOfEmployees\":{\"@type\":\"QuantitativeValue\",\"minValue\":\"1\",\"maxValue\":\"10\"}},{\"@type\":\"Person\",\"@id\":\"https:\/\/dicodusport.fr\/blog\/#\/schema\/person\/d603dd7da31fb2b46c82b9835a77ec13\",\"name\":\"Etienne Goursaud\",\"image\":{\"@type\":\"ImageObject\",\"inLanguage\":\"fr-FR\",\"@id\":\"https:\/\/dicodusport.fr\/blog\/#\/schema\/person\/image\/\",\"url\":\"https:\/\/dicodusport.fr\/blog\/wp-content\/uploads\/2023\/12\/410122264_10231602061736049_5565839791558026645_n-150x150.jpg\",\"contentUrl\":\"https:\/\/dicodusport.fr\/blog\/wp-content\/uploads\/2023\/12\/410122264_10231602061736049_5565839791558026645_n-150x150.jpg\",\"caption\":\"Etienne Goursaud\"},\"description\":\"Journaliste et amoureux de sport. Ancien footballeur reconverti athl\u00e8te quand ses muscles le laissent tranquille. \u00c9lev\u00e9 \u00e0 la sauce des exploits de Thomas Voeckler en 2004, du dernier essai de l\u00e9gende de Eunice Barber \u00e0 la longueur lors des championnats du monde d'athl\u00e9tisme de 2003 mais aussi Zidane, Omeyer et Titou Lamaison.\",\"url\":\"https:\/\/dicodusport.fr\/blog\/author\/etienne-goursaud\/\"}]}<\/script>\n<!-- \/ Yoast SEO Premium plugin. -->","yoast_head_json":{"title":"Prom'Classic de Nice : Record de France du 10 km pour Sarah Madeleine","description":"ATHL\u00c9TISME - Sarah Madeleine a battu le record de France du 10 km \u00e0 Nice, \u00e0 l'occasion de la Prom'Classic, avec une course boucl\u00e9e en 31:14.","robots":{"index":"index","follow":"follow","max-snippet":"max-snippet:-1","max-image-preview":"max-image-preview:large","max-video-preview":"max-video-preview:-1"},"canonical":"https:\/\/dicodusport.fr\/blog\/promclassic-de-nice-record-de-france-du-10-km-pour-sarah-madeleine\/","og_locale":"fr_FR","og_type":"article","og_title":"Prom'Classic de Nice : Record de France du 10 km pour Sarah Madeleine","og_description":"ATHL\u00c9TISME - Sarah Madeleine a battu le record de France du 10 km \u00e0 Nice, \u00e0 l'occasion de la Prom'Classic, avec une course boucl\u00e9e en 31:14.","og_url":"https:\/\/dicodusport.fr\/blog\/promclassic-de-nice-record-de-france-du-10-km-pour-sarah-madeleine\/","og_site_name":"Dicodusport","article_publisher":"https:\/\/www.facebook.com\/dicodusport","article_published_time":"2025-01-05T08:58:49+00:00","article_modified_time":"2025-01-05T09:47:54+00:00","og_image":[{"width":1200,"height":674,"url":"https:\/\/dicodusport.fr\/blog\/wp-content\/uploads\/2025\/01\/PromClassic-de-Nice-Record-de-France-du-10-km-pour-Sarah-Madelein.png","type":"image\/png"}],"author":"Etienne Goursaud","twitter_card":"summary_large_image","twitter_title":"Prom'Classic de Nice : Record de France du 10 km pour Sarah Madeleine","twitter_creator":"@dicodusport","twitter_site":"@dicodusport","schema":{"@context":"https:\/\/schema.org","@graph":[{"@type":"NewsArticle","@id":"https:\/\/dicodusport.fr\/blog\/promclassic-de-nice-record-de-france-du-10-km-pour-sarah-madeleine\/#article","isPartOf":{"@id":"https:\/\/dicodusport.fr\/blog\/promclassic-de-nice-record-de-france-du-10-km-pour-sarah-madeleine\/"},"author":{"name":"Etienne Goursaud","@id":"https:\/\/dicodusport.fr\/blog\/#\/schema\/person\/d603dd7da31fb2b46c82b9835a77ec13"},"headline":"Prom&rsquo;Classic de Nice : Record de France du 10 km pour Sarah Madeleine","datePublished":"2025-01-05T08:58:49+00:00","dateModified":"2025-01-05T09:47:54+00:00","mainEntityOfPage":{"@id":"https:\/\/dicodusport.fr\/blog\/promclassic-de-nice-record-de-france-du-10-km-pour-sarah-madeleine\/"},"wordCount":421,"commentCount":0,"publisher":{"@id":"https:\/\/dicodusport.fr\/blog\/#organization"},"image":{"@id":"https:\/\/dicodusport.fr\/blog\/promclassic-de-nice-record-de-france-du-10-km-pour-sarah-madeleine\/#primaryimage"},"thumbnailUrl":"https:\/\/dicodusport.fr\/blog\/wp-content\/uploads\/2025\/01\/PromClassic-de-Nice-Record-de-France-du-10-km-pour-Sarah-Madelein.png","keywords":["actu","Athl\u00e9tisme","br\u00e8ve","sarah madeleine"],"articleSection":["Athl\u00e9tisme"],"inLanguage":"fr-FR","potentialAction":[{"@type":"CommentAction","name":"Comment","target":["https:\/\/dicodusport.fr\/blog\/promclassic-de-nice-record-de-france-du-10-km-pour-sarah-madeleine\/#respond"]}],"copyrightYear":"2025","copyrightHolder":{"@id":"https:\/\/dicodusport.fr\/blog\/#organization"}},{"@type":"WebPage","@id":"https:\/\/dicodusport.fr\/blog\/promclassic-de-nice-record-de-france-du-10-km-pour-sarah-madeleine\/","url":"https:\/\/dicodusport.fr\/blog\/promclassic-de-nice-record-de-france-du-10-km-pour-sarah-madeleine\/","name":"Prom'Classic de Nice : Record de France du 10 km pour Sarah Madeleine","isPartOf":{"@id":"https:\/\/dicodusport.fr\/blog\/#website"},"primaryImageOfPage":{"@id":"https:\/\/dicodusport.fr\/blog\/promclassic-de-nice-record-de-france-du-10-km-pour-sarah-madeleine\/#primaryimage"},"image":{"@id":"https:\/\/dicodusport.fr\/blog\/promclassic-de-nice-record-de-france-du-10-km-pour-sarah-madeleine\/#primaryimage"},"thumbnailUrl":"https:\/\/dicodusport.fr\/blog\/wp-content\/uploads\/2025\/01\/PromClassic-de-Nice-Record-de-France-du-10-km-pour-Sarah-Madelein.png","datePublished":"2025-01-05T08:58:49+00:00","dateModified":"2025-01-05T09:47:54+00:00","description":"ATHL\u00c9TISME - Sarah Madeleine a battu le record de France du 10 km \u00e0 Nice, \u00e0 l'occasion de la Prom'Classic, avec une course boucl\u00e9e en 31:14.","breadcrumb":{"@id":"https:\/\/dicodusport.fr\/blog\/promclassic-de-nice-record-de-france-du-10-km-pour-sarah-madeleine\/#breadcrumb"},"inLanguage":"fr-FR","potentialAction":[{"@type":"ReadAction","target":["https:\/\/dicodusport.fr\/blog\/promclassic-de-nice-record-de-france-du-10-km-pour-sarah-madeleine\/"]}]},{"@type":"ImageObject","inLanguage":"fr-FR","@id":"https:\/\/dicodusport.fr\/blog\/promclassic-de-nice-record-de-france-du-10-km-pour-sarah-madeleine\/#primaryimage","url":"https:\/\/dicodusport.fr\/blog\/wp-content\/uploads\/2025\/01\/PromClassic-de-Nice-Record-de-France-du-10-km-pour-Sarah-Madelein.png","contentUrl":"https:\/\/dicodusport.fr\/blog\/wp-content\/uploads\/2025\/01\/PromClassic-de-Nice-Record-de-France-du-10-km-pour-Sarah-Madelein.png","width":1200,"height":674,"caption":"Prom'Classic de Nice Record de France du 10 km pour Sarah Madelein"},{"@type":"BreadcrumbList","@id":"https:\/\/dicodusport.fr\/blog\/promclassic-de-nice-record-de-france-du-10-km-pour-sarah-madeleine\/#breadcrumb","itemListElement":[{"@type":"ListItem","position":1,"name":"Accueil","item":"https:\/\/dicodusport.fr\/blog\/"},{"@type":"ListItem","position":2,"name":"Prom&#8217;Classic de Nice : Record de France du 10 km pour Sarah Madeleine"}]},{"@type":"WebSite","@id":"https:\/\/dicodusport.fr\/blog\/#website","url":"https:\/\/dicodusport.fr\/blog\/","name":"Dicodusport","description":"L&#039;encyclop\u00e9die de l&#039;actualit\u00e9 sportive","publisher":{"@id":"https:\/\/dicodusport.fr\/blog\/#organization"},"potentialAction":[{"@type":"SearchAction","target":{"@type":"EntryPoint","urlTemplate":"https:\/\/dicodusport.fr\/blog\/?s={search_term_string}"},"query-input":{"@type":"PropertyValueSpecification","valueRequired":true,"valueName":"search_term_string"}}],"inLanguage":"fr-FR"},{"@type":"NewsMediaOrganization","@id":"https:\/\/dicodusport.fr\/blog\/#organization","name":"Dicodusport","url":"https:\/\/dicodusport.fr\/blog\/","logo":{"@type":"ImageObject","inLanguage":"fr-FR","@id":"https:\/\/dicodusport.fr\/blog\/#\/schema\/logo\/image\/","url":"https:\/\/dicodusport.fr\/blog\/wp-content\/uploads\/2020\/06\/cropped-LOGO-DICODUSPORT-2020-SANS-FOND-SANS-TEXTE.png","contentUrl":"https:\/\/dicodusport.fr\/blog\/wp-content\/uploads\/2020\/06\/cropped-LOGO-DICODUSPORT-2020-SANS-FOND-SANS-TEXTE.png","width":512,"height":512,"caption":"Dicodusport"},"image":{"@id":"https:\/\/dicodusport.fr\/blog\/#\/schema\/logo\/image\/"},"sameAs":["https:\/\/www.facebook.com\/dicodusport","https:\/\/x.com\/dicodusport","https:\/\/www.instagram.com\/dicodusport\/","https:\/\/www.youtube.com\/channel\/UC7V2KZ5sd3htJivAbA4ZG3w"],"description":"Dicodusport est l'encyclop\u00e9die de l'actualit\u00e9 sportive.","email":"bonjour@dicodusport.fr","legalName":"DICODUSPORT","foundingDate":"2018-01-14","vatID":"FR71834470973","taxID":"83447097300043","numberOfEmployees":{"@type":"QuantitativeValue","minValue":"1","maxValue":"10"}},{"@type":"Person","@id":"https:\/\/dicodusport.fr\/blog\/#\/schema\/person\/d603dd7da31fb2b46c82b9835a77ec13","name":"Etienne Goursaud","image":{"@type":"ImageObject","inLanguage":"fr-FR","@id":"https:\/\/dicodusport.fr\/blog\/#\/schema\/person\/image\/","url":"https:\/\/dicodusport.fr\/blog\/wp-content\/uploads\/2023\/12\/410122264_10231602061736049_5565839791558026645_n-150x150.jpg","contentUrl":"https:\/\/dicodusport.fr\/blog\/wp-content\/uploads\/2023\/12\/410122264_10231602061736049_5565839791558026645_n-150x150.jpg","caption":"Etienne Goursaud"},"description":"Journaliste et amoureux de sport. Ancien footballeur reconverti athl\u00e8te quand ses muscles le laissent tranquille. \u00c9lev\u00e9 \u00e0 la sauce des exploits de Thomas Voeckler en 2004, du dernier essai de l\u00e9gende de Eunice Barber \u00e0 la longueur lors des championnats du monde d'athl\u00e9tisme de 2003 mais aussi Zidane, Omeyer et Titou Lamaison.","url":"https:\/\/dicodusport.fr\/blog\/author\/etienne-goursaud\/"}]}},"_links":{"self":[{"href":"https:\/\/dicodusport.fr\/blog\/wp-json\/wp\/v2\/posts\/543982","targetHints":{"allow":["GET"]}}],"collection":[{"href":"https:\/\/dicodusport.fr\/blog\/wp-json\/wp\/v2\/posts"}],"about":[{"href":"https:\/\/dicodusport.fr\/blog\/wp-json\/wp\/v2\/types\/post"}],"author":[{"embeddable":true,"href":"https:\/\/dicodusport.fr\/blog\/wp-json\/wp\/v2\/users\/83"}],"replies":[{"embeddable":true,"href":"https:\/\/dicodusport.fr\/blog\/wp-json\/wp\/v2\/comments?post=543982"}],"version-history":[{"count":5,"href":"https:\/\/dicodusport.fr\/blog\/wp-json\/wp\/v2\/posts\/543982\/revisions"}],"predecessor-version":[{"id":544004,"href":"https:\/\/dicodusport.fr\/blog\/wp-json\/wp\/v2\/posts\/543982\/revisions\/544004"}],"wp:featuredmedia":[{"embeddable":true,"href":"https:\/\/dicodusport.fr\/blog\/wp-json\/wp\/v2\/media\/543993"}],"wp:attachment":[{"href":"https:\/\/dicodusport.fr\/blog\/wp-json\/wp\/v2\/media?parent=543982"}],"wp:term":[{"taxonomy":"category","embeddable":true,"href":"https:\/\/dicodusport.fr\/blog\/wp-json\/wp\/v2\/categories?post=543982"},{"taxonomy":"post_tag","embeddable":true,"href":"https:\/\/dicodusport.fr\/blog\/wp-json\/wp\/v2\/tags?post=543982"}],"curies":[{"name":"wp","href":"https:\/\/api.w.org\/{rel}","templated":true}]}}