{"id":544061,"date":"2025-01-05T16:21:05","date_gmt":"2025-01-05T15:21:05","guid":{"rendered":"https:\/\/dicodusport.fr\/blog\/?p=544061&#038;preview=true&#038;preview_id=544061"},"modified":"2025-01-05T20:31:33","modified_gmt":"2025-01-05T19:31:33","slug":"cyclo-cross-dendermonde-2025-wout-van-aert-en-demonstration","status":"publish","type":"post","link":"https:\/\/dicodusport.fr\/blog\/cyclo-cross-dendermonde-2025-wout-van-aert-en-demonstration\/","title":{"rendered":"Cyclo-cross Dendermonde 2025 : Wout Van Aert en d\u00e9monstration"},"content":{"rendered":"<h4 style=\"text-align: justify;\"><i>COUPE DU MONDE DE CYCLO-CROSS 2024-2025 \u2013 Wout Van Aert (Visma Lease a Bike) a domin\u00e9 la course de Dendermonde, lors de la huiti\u00e8me manche de la Coupe du monde.\u00a0<\/i><\/h4>\n<ul style=\"text-align: justify;\">\n<li style=\"text-align: justify;\"><strong>\u00c0 ce sujet \u2013\u00a0<a href=\"https:\/\/dicodusport.fr\/blog\/calendrier-et-resultats-coupe-du-monde-cyclo-cross-2024-2025\/\">Calendrier et r\u00e9sultats Coupe du monde Cyclo-cross 2024-2025<\/a><\/strong><\/li>\n<\/ul>\n<p style=\"text-align: justify;\">Au lendemain de son premier triomphe en cyclocross \u00e0 <strong>Gullegem<\/strong> lors du Superprestige, <strong>Wout Van Aert<\/strong> a disput\u00e9 sa seconde course du weekend \u00e0 Termonde. Le coureur de la <strong>Visma Lease a Bike<\/strong> \u00e9tait le grand favori puisqu&rsquo;il a d\u00e9j\u00e0 remport\u00e9 deux fois cette course en 2021 et 2021. De plus, <strong>Mathieu van der Poel<\/strong> a d\u00e9clar\u00e9 forfait \u00e0 cause de douleurs aux c\u00f4tes. Le champion d&rsquo;Europe <strong>Thibau Nys<\/strong>, <strong>Toon Aerts<\/strong>, <strong>Eli Iserbyt<\/strong> et le vainqueur de l&rsquo;an pass\u00e9 <strong>Pim Ronhaar<\/strong> \u00e9taient donc ses principaux rivaux sur un parcours tr\u00e8s boueux \u00e0 cause de fortes averses.<\/p>\n<p style=\"text-align: justify;\">Le circuit proposait une belle colline \u00e0 gravir \u00e0 plusieurs endroits ainsi qu&rsquo;une bande pav\u00e9e \u00e0 traverser. D&rsquo;autres difficult\u00e9s ont figur\u00e9 \u00e0 ce circuit avec une sabli\u00e8re de sable marin, en l\u00e9g\u00e8re descente, un long pont de soixante m\u00e8tres, des whoops et d&rsquo;un escalier de trente marches. Au classement g\u00e9n\u00e9ral de la Coupe du monde, Michael Vanthourenhout comptait une belle avance de 35 points sur Toon Aerts, au d\u00e9part de la course de cette huiti\u00e8me manche.<\/p>\n<ul style=\"text-align: justify;\">\n<li><strong>\u00c0 ce sujet &#8211; <a href=\"https:\/\/dicodusport.fr\/blog\/cyclo-cross-dendermonde-2025-classement-course-hommes\/\">Cyclo-cross Dendermonde 2024 \u2013 Classement course hommes<\/a><\/strong><\/li>\n<\/ul>\n<h2>Van Aert avec patience<\/h2>\n<p style=\"text-align: justify;\">D&rsquo;abord, <strong>Aerts<\/strong>, <strong>Verstrynge<\/strong> et <strong>Wyseure<\/strong> ont r\u00e9ussi le meilleur d\u00e9part. Le champion de Belgique <strong>Eli Iserbyt<\/strong> a connu des difficult\u00e9s avec son poids l\u00e9ger sur ce terrain tr\u00e8s gras, d\u00e8s les premiers tours. Parti prudemment en quatri\u00e8me ligne, <strong>Van Aert<\/strong> a progressivement doubl\u00e9 de nombreux coureurs alors que <strong>Pim Ronhaar<\/strong> a rapidement pris les commandes devant <strong>Toon Aerts<\/strong> et <strong>Emiel Verstrynge<\/strong>.<\/p>\n<p style=\"text-align: justify;\">Ensuite, <strong>Thibau Nys<\/strong> a connu une crevaison au d\u00e9but du deuxi\u00e8me tour, alors que <strong>Van Aert<\/strong> a fait la jonction avec le trio de t\u00eate. Verstrynge et Van Aert ont acc\u00e9l\u00e9r\u00e9 l&rsquo;allure dans la seconde moiti\u00e9 du circuit, creusant un petit trou avec <strong>Ronhaar<\/strong> et <strong>Aerts<\/strong>. Autour de la dixi\u00e8me position, <strong>Iserbyt<\/strong> a amen\u00e9 un groupe avec son \u00e9quipier <strong>Vanthourenhout<\/strong>.<\/p>\n<p style=\"text-align: justify;\">Dans le troisi\u00e8me tour, <strong>Wout Van Aert<\/strong> a pass\u00e9 les whoops \u00e0 v\u00e9lo, creusant \u00e0 la m\u00eame occasion un trou d&rsquo;une trentaine de secondes sur <strong>Verstrynge<\/strong>. Van Aert \u00e9tait impressionnant dans les longues portions de course \u00e0 pied. Pour la lutte au podium, <strong>Aerts<\/strong> a fait une petite diff\u00e9rence sur <strong>Ronhaar<\/strong> alors que <strong>Vanthourenhout<\/strong> est remont\u00e9 \u00e0 la septi\u00e8me place.<\/p>\n<p style=\"text-align: justify;\">Par la suite, l&rsquo;\u00e9cart entre <strong>Van Aert<\/strong> et <strong>Verstrynge<\/strong> s&rsquo;est accru \u00e0 48 secondes. <strong>Wyseure<\/strong>, quant \u00e0 lui, a vu se rapprocher le duo Kuhn-Vanthourenhout, au terme des premiers cinq tours. Le malheureux britannique <strong>Cameron Mason<\/strong> a d\u00e9j\u00e0 crev\u00e9 \u00e0 trois reprises sur la premi\u00e8re moiti\u00e9 de course.<\/p>\n<ul style=\"text-align: justify;\">\n<li style=\"text-align: justify;\"><strong>\u00c0 ce sujet &#8211;\u00a0<a href=\"https:\/\/dicodusport.fr\/blog\/classement-general-hommes-coupe-du-monde-de-cyclo-cross-2024-2025\/\">Classement g\u00e9n\u00e9ral hommes Coupe du monde de cyclo-cross 2024-2025<\/a><\/strong><\/li>\n<\/ul>\n<h2 style=\"text-align: justify;\">Wout Van Aert sans rival<\/h2>\n<p style=\"text-align: justify;\">Dans le sixi\u00e8me tour,<strong> Wout Van Aert<\/strong> est tomb\u00e9 dans une orni\u00e8re, juste apr\u00e8s \u00eatre descendu du pont. Mais, le Belge est rapidement reparti. Le vainqueur de la Coupe du monde de Hulst, <strong>Niels Vandeputte<\/strong>, \u00e9tait tr\u00e8s loin \u00e0 la vingti\u00e8me position, la faute \u00e0 des douleurs au dos.<\/p>\n<p style=\"text-align: justify;\">Puis, <strong>Wyseure<\/strong> a r\u00e9ussi \u00e0 revenir et \u00e0 distancer <strong>Aerts<\/strong> alors que <strong>Vanthourenhout<\/strong> a l\u00e2ch\u00e9 <strong>Kuhn<\/strong>. Ce dernier a souffert dans le sixi\u00e8me tour. Apr\u00e8s \u00eatre parti tr\u00e8s fort, <strong>Ronhaar<\/strong> a accus\u00e9 le coup et a \u00e9t\u00e9 rejoint par <strong>Nys<\/strong> qui a chut\u00e9 peu apr\u00e8s. <strong>Michael Vanthourenhout<\/strong> a recoll\u00e9 \u00e0 son dauphin de la Coupe du monde <strong>Aerts<\/strong>, lors du septi\u00e8me et avant-dernier tour.<\/p>\n<p style=\"text-align: justify;\">Par la suite, <strong>Wout Van Aert<\/strong> a attaqu\u00e9 le huiti\u00e8me et dernier tour avec 1 minute 20 sur <strong>Verstrynge<\/strong>, et 1 minute 47 sur <strong>Wyseure<\/strong>. Finalement, <strong>Van Aert<\/strong> a sign\u00e9 son second succ\u00e8s du week-end et le premier en Coupe du monde, cette saison, avec 1:20 sur<strong> Emiel Verstrynge<\/strong> et 1:47 sur<strong> Joran Wyseure<\/strong>. Dans la lutte pour la Coupe du monde, <strong>Toon Aerts<\/strong> a pris la quatri\u00e8me place \u00e0 1:52 devant <strong>Michael Vanthourenhout<\/strong>, 5e \u00e0 2:24. Aerts a repris un point \u00e0 <strong>Vanthourenhout<\/strong> dans l&rsquo;op\u00e9ration.<\/p>\n<blockquote class=\"twitter-tweet\">\n<p dir=\"ltr\" lang=\"fr\">\ud83c\udde7\ud83c\uddea Wout Van Aert a domin\u00e9 la <a href=\"https:\/\/twitter.com\/hashtag\/CXWorldCup?src=hash&amp;ref_src=twsrc%5Etfw\">#CXWorldCup<\/a> de Dendermonde en devan\u00e7ant de 1&rsquo;20\u00a0\u00bb \ud83c\udde7\ud83c\uddea Emiel Verstrynge et de 1&rsquo;41\u00a0\u00bb \ud83c\udde7\ud83c\uddea Joran Wyseure. Dans lutte pour la CDM de <a href=\"https:\/\/twitter.com\/hashtag\/cyclocross?src=hash&amp;ref_src=twsrc%5Etfw\">#cyclocross<\/a> , , Toon Aerts a pris la 4e place \u00e0 1:52 devant Michael Vanthourenhout, 5e \u00e0 2:24<a href=\"https:\/\/twitter.com\/hashtag\/cx?src=hash&amp;ref_src=twsrc%5Etfw\">#cx<\/a> <a href=\"https:\/\/twitter.com\/hashtag\/cyclocross?src=hash&amp;ref_src=twsrc%5Etfw\">#cyclocross<\/a> <a href=\"https:\/\/twitter.com\/hashtag\/veldrijden?src=hash&amp;ref_src=twsrc%5Etfw\">#veldrijden<\/a> <a href=\"https:\/\/t.co\/XtPJfZXxlF\">pic.twitter.com\/XtPJfZXxlF<\/a><\/p>\n<p>\u2014 \ud83d\udeb4 Les Rois du Peloton \ud83d\udeb2 (@LRoisDuPeloton) <a href=\"https:\/\/twitter.com\/LRoisDuPeloton\/status\/1875926703132024945?ref_src=twsrc%5Etfw\">January 5, 2025<\/a><\/p><\/blockquote>\n<p><script async src=\"https:\/\/platform.twitter.com\/widgets.js\" charset=\"utf-8\"><\/script><\/p>\n","protected":false},"excerpt":{"rendered":"<p>COUPE DU MONDE DE CYCLO-CROSS 2024-2025 \u2013 Wout Van Aert (Visma Lease a Bike) a domin\u00e9 la course de Dendermonde, lors de la huiti\u00e8me manche de la Coupe du monde.\u00a0<\/p>\n","protected":false},"author":48,"featured_media":544155,"comment_status":"open","ping_status":"closed","sticky":false,"template":"","format":"standard","meta":{"_acf_changed":false,"_daextam_enable_autolinks":"1","footnotes":""},"categories":[9611],"tags":[16878,6666,13173],"class_list":["post-544061","post","type-post","status-publish","format-standard","has-post-thumbnail","hentry","category-cyclo-cross","tag-breve","tag-cyclo-cross","tag-cyclo-cross-dendermonde"],"acf":[],"yoast_head":"<!-- This site is optimized with the Yoast SEO Premium plugin v26.7 (Yoast SEO v26.7) - https:\/\/yoast.com\/wordpress\/plugins\/seo\/ -->\n<title>Cyclo-cross Dendermonde 2025 : Wout Van Aert en d\u00e9monstration<\/title>\n<meta name=\"description\" content=\"COUPE DU MONDE DE CYCLO-CROSS 2024-2025 \u2013 Wout Van Aert (Visma Lease a Bike) a domin\u00e9 la course de Dendermonde.\u00a0\u00a0\" \/>\n<meta name=\"robots\" content=\"index, follow, max-snippet:-1, max-image-preview:large, max-video-preview:-1\" \/>\n<link rel=\"canonical\" href=\"https:\/\/dicodusport.fr\/blog\/cyclo-cross-dendermonde-2025-wout-van-aert-en-demonstration\/\" \/>\n<meta property=\"og:locale\" content=\"fr_FR\" \/>\n<meta property=\"og:type\" content=\"article\" \/>\n<meta property=\"og:title\" content=\"Cyclo-cross Dendermonde 2025 : Wout Van Aert en d\u00e9monstration\" \/>\n<meta property=\"og:description\" content=\"COUPE DU MONDE DE CYCLO-CROSS 2024-2025 \u2013 Wout Van Aert (Visma Lease a Bike) a domin\u00e9 la course de Dendermonde.\u00a0\u00a0\" \/>\n<meta property=\"og:url\" content=\"https:\/\/dicodusport.fr\/blog\/cyclo-cross-dendermonde-2025-wout-van-aert-en-demonstration\/\" \/>\n<meta property=\"og:site_name\" content=\"Dicodusport\" \/>\n<meta property=\"article:publisher\" content=\"https:\/\/www.facebook.com\/dicodusport\" \/>\n<meta property=\"article:author\" content=\"https:\/\/www.facebook.com\/groups\/LesRoisDuPeloton\" \/>\n<meta property=\"article:published_time\" content=\"2025-01-05T15:21:05+00:00\" \/>\n<meta property=\"article:modified_time\" content=\"2025-01-05T19:31:33+00:00\" \/>\n<meta property=\"og:image\" content=\"https:\/\/dicodusport.fr\/blog\/wp-content\/uploads\/2025\/01\/Cyclo-cross-Dendermonde-2025-Wout-Van-Aert-en-demonstration-1.png\" \/>\n\t<meta property=\"og:image:width\" content=\"1200\" \/>\n\t<meta property=\"og:image:height\" content=\"674\" \/>\n\t<meta property=\"og:image:type\" content=\"image\/png\" \/>\n<meta name=\"author\" content=\"Emilien Descampiaux\" \/>\n<meta name=\"twitter:card\" content=\"summary_large_image\" \/>\n<meta name=\"twitter:title\" content=\"Cyclo-cross Dendermonde 2025 : Wout Van Aert en d\u00e9monstration\" \/>\n<meta name=\"twitter:creator\" content=\"@https:\/\/twitter.com\/LRoisDuPeloton\" \/>\n<meta name=\"twitter:site\" content=\"@dicodusport\" \/>\n<script type=\"application\/ld+json\" class=\"yoast-schema-graph\">{\"@context\":\"https:\/\/schema.org\",\"@graph\":[{\"@type\":\"NewsArticle\",\"@id\":\"https:\/\/dicodusport.fr\/blog\/cyclo-cross-dendermonde-2025-wout-van-aert-en-demonstration\/#article\",\"isPartOf\":{\"@id\":\"https:\/\/dicodusport.fr\/blog\/cyclo-cross-dendermonde-2025-wout-van-aert-en-demonstration\/\"},\"author\":{\"name\":\"Emilien Descampiaux\",\"@id\":\"https:\/\/dicodusport.fr\/blog\/#\/schema\/person\/6db4bae06b171592211be385b32876a7\"},\"headline\":\"Cyclo-cross Dendermonde 2025 : Wout Van Aert en d\u00e9monstration\",\"datePublished\":\"2025-01-05T15:21:05+00:00\",\"dateModified\":\"2025-01-05T19:31:33+00:00\",\"mainEntityOfPage\":{\"@id\":\"https:\/\/dicodusport.fr\/blog\/cyclo-cross-dendermonde-2025-wout-van-aert-en-demonstration\/\"},\"wordCount\":757,\"commentCount\":0,\"publisher\":{\"@id\":\"https:\/\/dicodusport.fr\/blog\/#organization\"},\"image\":{\"@id\":\"https:\/\/dicodusport.fr\/blog\/cyclo-cross-dendermonde-2025-wout-van-aert-en-demonstration\/#primaryimage\"},\"thumbnailUrl\":\"https:\/\/dicodusport.fr\/blog\/wp-content\/uploads\/2025\/01\/Cyclo-cross-Dendermonde-2025-Wout-Van-Aert-en-demonstration-1.png\",\"keywords\":[\"br\u00e8ve\",\"Cyclo-cross\",\"Cyclo-cross Dendermonde\"],\"articleSection\":[\"Cyclo-cross\"],\"inLanguage\":\"fr-FR\",\"potentialAction\":[{\"@type\":\"CommentAction\",\"name\":\"Comment\",\"target\":[\"https:\/\/dicodusport.fr\/blog\/cyclo-cross-dendermonde-2025-wout-van-aert-en-demonstration\/#respond\"]}],\"copyrightYear\":\"2025\",\"copyrightHolder\":{\"@id\":\"https:\/\/dicodusport.fr\/blog\/#organization\"}},{\"@type\":\"WebPage\",\"@id\":\"https:\/\/dicodusport.fr\/blog\/cyclo-cross-dendermonde-2025-wout-van-aert-en-demonstration\/\",\"url\":\"https:\/\/dicodusport.fr\/blog\/cyclo-cross-dendermonde-2025-wout-van-aert-en-demonstration\/\",\"name\":\"Cyclo-cross Dendermonde 2025 : Wout Van Aert en d\u00e9monstration\",\"isPartOf\":{\"@id\":\"https:\/\/dicodusport.fr\/blog\/#website\"},\"primaryImageOfPage\":{\"@id\":\"https:\/\/dicodusport.fr\/blog\/cyclo-cross-dendermonde-2025-wout-van-aert-en-demonstration\/#primaryimage\"},\"image\":{\"@id\":\"https:\/\/dicodusport.fr\/blog\/cyclo-cross-dendermonde-2025-wout-van-aert-en-demonstration\/#primaryimage\"},\"thumbnailUrl\":\"https:\/\/dicodusport.fr\/blog\/wp-content\/uploads\/2025\/01\/Cyclo-cross-Dendermonde-2025-Wout-Van-Aert-en-demonstration-1.png\",\"datePublished\":\"2025-01-05T15:21:05+00:00\",\"dateModified\":\"2025-01-05T19:31:33+00:00\",\"description\":\"COUPE DU MONDE DE CYCLO-CROSS 2024-2025 \u2013 Wout Van Aert (Visma Lease a Bike) a domin\u00e9 la course de Dendermonde.\u00a0\u00a0\",\"breadcrumb\":{\"@id\":\"https:\/\/dicodusport.fr\/blog\/cyclo-cross-dendermonde-2025-wout-van-aert-en-demonstration\/#breadcrumb\"},\"inLanguage\":\"fr-FR\",\"potentialAction\":[{\"@type\":\"ReadAction\",\"target\":[\"https:\/\/dicodusport.fr\/blog\/cyclo-cross-dendermonde-2025-wout-van-aert-en-demonstration\/\"]}]},{\"@type\":\"ImageObject\",\"inLanguage\":\"fr-FR\",\"@id\":\"https:\/\/dicodusport.fr\/blog\/cyclo-cross-dendermonde-2025-wout-van-aert-en-demonstration\/#primaryimage\",\"url\":\"https:\/\/dicodusport.fr\/blog\/wp-content\/uploads\/2025\/01\/Cyclo-cross-Dendermonde-2025-Wout-Van-Aert-en-demonstration-1.png\",\"contentUrl\":\"https:\/\/dicodusport.fr\/blog\/wp-content\/uploads\/2025\/01\/Cyclo-cross-Dendermonde-2025-Wout-Van-Aert-en-demonstration-1.png\",\"width\":1200,\"height\":674,\"caption\":\"Cyclo-cross Dendermonde 2025 Wout Van Aert en d\u00e9monstration (1)\"},{\"@type\":\"BreadcrumbList\",\"@id\":\"https:\/\/dicodusport.fr\/blog\/cyclo-cross-dendermonde-2025-wout-van-aert-en-demonstration\/#breadcrumb\",\"itemListElement\":[{\"@type\":\"ListItem\",\"position\":1,\"name\":\"Accueil\",\"item\":\"https:\/\/dicodusport.fr\/blog\/\"},{\"@type\":\"ListItem\",\"position\":2,\"name\":\"Cyclo-cross Dendermonde 2025 : Wout Van Aert en d\u00e9monstration\"}]},{\"@type\":\"WebSite\",\"@id\":\"https:\/\/dicodusport.fr\/blog\/#website\",\"url\":\"https:\/\/dicodusport.fr\/blog\/\",\"name\":\"Dicodusport\",\"description\":\"L&#039;encyclop\u00e9die de l&#039;actualit\u00e9 sportive\",\"publisher\":{\"@id\":\"https:\/\/dicodusport.fr\/blog\/#organization\"},\"potentialAction\":[{\"@type\":\"SearchAction\",\"target\":{\"@type\":\"EntryPoint\",\"urlTemplate\":\"https:\/\/dicodusport.fr\/blog\/?s={search_term_string}\"},\"query-input\":{\"@type\":\"PropertyValueSpecification\",\"valueRequired\":true,\"valueName\":\"search_term_string\"}}],\"inLanguage\":\"fr-FR\"},{\"@type\":\"NewsMediaOrganization\",\"@id\":\"https:\/\/dicodusport.fr\/blog\/#organization\",\"name\":\"Dicodusport\",\"url\":\"https:\/\/dicodusport.fr\/blog\/\",\"logo\":{\"@type\":\"ImageObject\",\"inLanguage\":\"fr-FR\",\"@id\":\"https:\/\/dicodusport.fr\/blog\/#\/schema\/logo\/image\/\",\"url\":\"https:\/\/dicodusport.fr\/blog\/wp-content\/uploads\/2020\/06\/cropped-LOGO-DICODUSPORT-2020-SANS-FOND-SANS-TEXTE.png\",\"contentUrl\":\"https:\/\/dicodusport.fr\/blog\/wp-content\/uploads\/2020\/06\/cropped-LOGO-DICODUSPORT-2020-SANS-FOND-SANS-TEXTE.png\",\"width\":512,\"height\":512,\"caption\":\"Dicodusport\"},\"image\":{\"@id\":\"https:\/\/dicodusport.fr\/blog\/#\/schema\/logo\/image\/\"},\"sameAs\":[\"https:\/\/www.facebook.com\/dicodusport\",\"https:\/\/x.com\/dicodusport\",\"https:\/\/www.instagram.com\/dicodusport\/\",\"https:\/\/www.youtube.com\/channel\/UC7V2KZ5sd3htJivAbA4ZG3w\"],\"description\":\"Dicodusport est l'encyclop\u00e9die de l'actualit\u00e9 sportive.\",\"email\":\"bonjour@dicodusport.fr\",\"legalName\":\"DICODUSPORT\",\"foundingDate\":\"2018-01-14\",\"vatID\":\"FR71834470973\",\"taxID\":\"83447097300043\",\"numberOfEmployees\":{\"@type\":\"QuantitativeValue\",\"minValue\":\"1\",\"maxValue\":\"10\"}},{\"@type\":\"Person\",\"@id\":\"https:\/\/dicodusport.fr\/blog\/#\/schema\/person\/6db4bae06b171592211be385b32876a7\",\"name\":\"Emilien Descampiaux\",\"image\":{\"@type\":\"ImageObject\",\"inLanguage\":\"fr-FR\",\"@id\":\"https:\/\/dicodusport.fr\/blog\/#\/schema\/person\/image\/\",\"url\":\"https:\/\/dicodusport.fr\/blog\/wp-content\/uploads\/2021\/05\/Emilien-Descampiaux-150x150.jpg\",\"contentUrl\":\"https:\/\/dicodusport.fr\/blog\/wp-content\/uploads\/2021\/05\/Emilien-Descampiaux-150x150.jpg\",\"caption\":\"Emilien Descampiaux\"},\"description\":\"Journaliste\/r\u00e9dacteur depuis 2014 - Fan de la classe de Frank Vandenbroucke, je vis cyclisme (et de ses paysages) depuis plus de 20 ans. Je suis tr\u00e8s impliqu\u00e9 sur mes diff\u00e9rents r\u00e9seaux sociaux pour partager ma passion sur le monde et l'Histoire de la bicyclette avec ma voix sur les images en noir et blanc du succ\u00e8s de Rik Van Steenbergen lors du Ronde sur le V\u00e9lodrome de Gand.\",\"sameAs\":[\"https:\/\/www.facebook.com\/groups\/LesRoisDuPeloton\",\"https:\/\/x.com\/https:\/\/twitter.com\/LRoisDuPeloton\"],\"url\":\"https:\/\/dicodusport.fr\/blog\/author\/emiliend\/\"}]}<\/script>\n<!-- \/ Yoast SEO Premium plugin. -->","yoast_head_json":{"title":"Cyclo-cross Dendermonde 2025 : Wout Van Aert en d\u00e9monstration","description":"COUPE DU MONDE DE CYCLO-CROSS 2024-2025 \u2013 Wout Van Aert (Visma Lease a Bike) a domin\u00e9 la course de Dendermonde.\u00a0\u00a0","robots":{"index":"index","follow":"follow","max-snippet":"max-snippet:-1","max-image-preview":"max-image-preview:large","max-video-preview":"max-video-preview:-1"},"canonical":"https:\/\/dicodusport.fr\/blog\/cyclo-cross-dendermonde-2025-wout-van-aert-en-demonstration\/","og_locale":"fr_FR","og_type":"article","og_title":"Cyclo-cross Dendermonde 2025 : Wout Van Aert en d\u00e9monstration","og_description":"COUPE DU MONDE DE CYCLO-CROSS 2024-2025 \u2013 Wout Van Aert (Visma Lease a Bike) a domin\u00e9 la course de Dendermonde.\u00a0\u00a0","og_url":"https:\/\/dicodusport.fr\/blog\/cyclo-cross-dendermonde-2025-wout-van-aert-en-demonstration\/","og_site_name":"Dicodusport","article_publisher":"https:\/\/www.facebook.com\/dicodusport","article_author":"https:\/\/www.facebook.com\/groups\/LesRoisDuPeloton","article_published_time":"2025-01-05T15:21:05+00:00","article_modified_time":"2025-01-05T19:31:33+00:00","og_image":[{"width":1200,"height":674,"url":"https:\/\/dicodusport.fr\/blog\/wp-content\/uploads\/2025\/01\/Cyclo-cross-Dendermonde-2025-Wout-Van-Aert-en-demonstration-1.png","type":"image\/png"}],"author":"Emilien Descampiaux","twitter_card":"summary_large_image","twitter_title":"Cyclo-cross Dendermonde 2025 : Wout Van Aert en d\u00e9monstration","twitter_creator":"@https:\/\/twitter.com\/LRoisDuPeloton","twitter_site":"@dicodusport","schema":{"@context":"https:\/\/schema.org","@graph":[{"@type":"NewsArticle","@id":"https:\/\/dicodusport.fr\/blog\/cyclo-cross-dendermonde-2025-wout-van-aert-en-demonstration\/#article","isPartOf":{"@id":"https:\/\/dicodusport.fr\/blog\/cyclo-cross-dendermonde-2025-wout-van-aert-en-demonstration\/"},"author":{"name":"Emilien Descampiaux","@id":"https:\/\/dicodusport.fr\/blog\/#\/schema\/person\/6db4bae06b171592211be385b32876a7"},"headline":"Cyclo-cross Dendermonde 2025 : Wout Van Aert en d\u00e9monstration","datePublished":"2025-01-05T15:21:05+00:00","dateModified":"2025-01-05T19:31:33+00:00","mainEntityOfPage":{"@id":"https:\/\/dicodusport.fr\/blog\/cyclo-cross-dendermonde-2025-wout-van-aert-en-demonstration\/"},"wordCount":757,"commentCount":0,"publisher":{"@id":"https:\/\/dicodusport.fr\/blog\/#organization"},"image":{"@id":"https:\/\/dicodusport.fr\/blog\/cyclo-cross-dendermonde-2025-wout-van-aert-en-demonstration\/#primaryimage"},"thumbnailUrl":"https:\/\/dicodusport.fr\/blog\/wp-content\/uploads\/2025\/01\/Cyclo-cross-Dendermonde-2025-Wout-Van-Aert-en-demonstration-1.png","keywords":["br\u00e8ve","Cyclo-cross","Cyclo-cross Dendermonde"],"articleSection":["Cyclo-cross"],"inLanguage":"fr-FR","potentialAction":[{"@type":"CommentAction","name":"Comment","target":["https:\/\/dicodusport.fr\/blog\/cyclo-cross-dendermonde-2025-wout-van-aert-en-demonstration\/#respond"]}],"copyrightYear":"2025","copyrightHolder":{"@id":"https:\/\/dicodusport.fr\/blog\/#organization"}},{"@type":"WebPage","@id":"https:\/\/dicodusport.fr\/blog\/cyclo-cross-dendermonde-2025-wout-van-aert-en-demonstration\/","url":"https:\/\/dicodusport.fr\/blog\/cyclo-cross-dendermonde-2025-wout-van-aert-en-demonstration\/","name":"Cyclo-cross Dendermonde 2025 : Wout Van Aert en d\u00e9monstration","isPartOf":{"@id":"https:\/\/dicodusport.fr\/blog\/#website"},"primaryImageOfPage":{"@id":"https:\/\/dicodusport.fr\/blog\/cyclo-cross-dendermonde-2025-wout-van-aert-en-demonstration\/#primaryimage"},"image":{"@id":"https:\/\/dicodusport.fr\/blog\/cyclo-cross-dendermonde-2025-wout-van-aert-en-demonstration\/#primaryimage"},"thumbnailUrl":"https:\/\/dicodusport.fr\/blog\/wp-content\/uploads\/2025\/01\/Cyclo-cross-Dendermonde-2025-Wout-Van-Aert-en-demonstration-1.png","datePublished":"2025-01-05T15:21:05+00:00","dateModified":"2025-01-05T19:31:33+00:00","description":"COUPE DU MONDE DE CYCLO-CROSS 2024-2025 \u2013 Wout Van Aert (Visma Lease a Bike) a domin\u00e9 la course de Dendermonde.\u00a0\u00a0","breadcrumb":{"@id":"https:\/\/dicodusport.fr\/blog\/cyclo-cross-dendermonde-2025-wout-van-aert-en-demonstration\/#breadcrumb"},"inLanguage":"fr-FR","potentialAction":[{"@type":"ReadAction","target":["https:\/\/dicodusport.fr\/blog\/cyclo-cross-dendermonde-2025-wout-van-aert-en-demonstration\/"]}]},{"@type":"ImageObject","inLanguage":"fr-FR","@id":"https:\/\/dicodusport.fr\/blog\/cyclo-cross-dendermonde-2025-wout-van-aert-en-demonstration\/#primaryimage","url":"https:\/\/dicodusport.fr\/blog\/wp-content\/uploads\/2025\/01\/Cyclo-cross-Dendermonde-2025-Wout-Van-Aert-en-demonstration-1.png","contentUrl":"https:\/\/dicodusport.fr\/blog\/wp-content\/uploads\/2025\/01\/Cyclo-cross-Dendermonde-2025-Wout-Van-Aert-en-demonstration-1.png","width":1200,"height":674,"caption":"Cyclo-cross Dendermonde 2025 Wout Van Aert en d\u00e9monstration (1)"},{"@type":"BreadcrumbList","@id":"https:\/\/dicodusport.fr\/blog\/cyclo-cross-dendermonde-2025-wout-van-aert-en-demonstration\/#breadcrumb","itemListElement":[{"@type":"ListItem","position":1,"name":"Accueil","item":"https:\/\/dicodusport.fr\/blog\/"},{"@type":"ListItem","position":2,"name":"Cyclo-cross Dendermonde 2025 : Wout Van Aert en d\u00e9monstration"}]},{"@type":"WebSite","@id":"https:\/\/dicodusport.fr\/blog\/#website","url":"https:\/\/dicodusport.fr\/blog\/","name":"Dicodusport","description":"L&#039;encyclop\u00e9die de l&#039;actualit\u00e9 sportive","publisher":{"@id":"https:\/\/dicodusport.fr\/blog\/#organization"},"potentialAction":[{"@type":"SearchAction","target":{"@type":"EntryPoint","urlTemplate":"https:\/\/dicodusport.fr\/blog\/?s={search_term_string}"},"query-input":{"@type":"PropertyValueSpecification","valueRequired":true,"valueName":"search_term_string"}}],"inLanguage":"fr-FR"},{"@type":"NewsMediaOrganization","@id":"https:\/\/dicodusport.fr\/blog\/#organization","name":"Dicodusport","url":"https:\/\/dicodusport.fr\/blog\/","logo":{"@type":"ImageObject","inLanguage":"fr-FR","@id":"https:\/\/dicodusport.fr\/blog\/#\/schema\/logo\/image\/","url":"https:\/\/dicodusport.fr\/blog\/wp-content\/uploads\/2020\/06\/cropped-LOGO-DICODUSPORT-2020-SANS-FOND-SANS-TEXTE.png","contentUrl":"https:\/\/dicodusport.fr\/blog\/wp-content\/uploads\/2020\/06\/cropped-LOGO-DICODUSPORT-2020-SANS-FOND-SANS-TEXTE.png","width":512,"height":512,"caption":"Dicodusport"},"image":{"@id":"https:\/\/dicodusport.fr\/blog\/#\/schema\/logo\/image\/"},"sameAs":["https:\/\/www.facebook.com\/dicodusport","https:\/\/x.com\/dicodusport","https:\/\/www.instagram.com\/dicodusport\/","https:\/\/www.youtube.com\/channel\/UC7V2KZ5sd3htJivAbA4ZG3w"],"description":"Dicodusport est l'encyclop\u00e9die de l'actualit\u00e9 sportive.","email":"bonjour@dicodusport.fr","legalName":"DICODUSPORT","foundingDate":"2018-01-14","vatID":"FR71834470973","taxID":"83447097300043","numberOfEmployees":{"@type":"QuantitativeValue","minValue":"1","maxValue":"10"}},{"@type":"Person","@id":"https:\/\/dicodusport.fr\/blog\/#\/schema\/person\/6db4bae06b171592211be385b32876a7","name":"Emilien Descampiaux","image":{"@type":"ImageObject","inLanguage":"fr-FR","@id":"https:\/\/dicodusport.fr\/blog\/#\/schema\/person\/image\/","url":"https:\/\/dicodusport.fr\/blog\/wp-content\/uploads\/2021\/05\/Emilien-Descampiaux-150x150.jpg","contentUrl":"https:\/\/dicodusport.fr\/blog\/wp-content\/uploads\/2021\/05\/Emilien-Descampiaux-150x150.jpg","caption":"Emilien Descampiaux"},"description":"Journaliste\/r\u00e9dacteur depuis 2014 - Fan de la classe de Frank Vandenbroucke, je vis cyclisme (et de ses paysages) depuis plus de 20 ans. Je suis tr\u00e8s impliqu\u00e9 sur mes diff\u00e9rents r\u00e9seaux sociaux pour partager ma passion sur le monde et l'Histoire de la bicyclette avec ma voix sur les images en noir et blanc du succ\u00e8s de Rik Van Steenbergen lors du Ronde sur le V\u00e9lodrome de Gand.","sameAs":["https:\/\/www.facebook.com\/groups\/LesRoisDuPeloton","https:\/\/x.com\/https:\/\/twitter.com\/LRoisDuPeloton"],"url":"https:\/\/dicodusport.fr\/blog\/author\/emiliend\/"}]}},"_links":{"self":[{"href":"https:\/\/dicodusport.fr\/blog\/wp-json\/wp\/v2\/posts\/544061","targetHints":{"allow":["GET"]}}],"collection":[{"href":"https:\/\/dicodusport.fr\/blog\/wp-json\/wp\/v2\/posts"}],"about":[{"href":"https:\/\/dicodusport.fr\/blog\/wp-json\/wp\/v2\/types\/post"}],"author":[{"embeddable":true,"href":"https:\/\/dicodusport.fr\/blog\/wp-json\/wp\/v2\/users\/48"}],"replies":[{"embeddable":true,"href":"https:\/\/dicodusport.fr\/blog\/wp-json\/wp\/v2\/comments?post=544061"}],"version-history":[{"count":5,"href":"https:\/\/dicodusport.fr\/blog\/wp-json\/wp\/v2\/posts\/544061\/revisions"}],"predecessor-version":[{"id":544126,"href":"https:\/\/dicodusport.fr\/blog\/wp-json\/wp\/v2\/posts\/544061\/revisions\/544126"}],"wp:featuredmedia":[{"embeddable":true,"href":"https:\/\/dicodusport.fr\/blog\/wp-json\/wp\/v2\/media\/544155"}],"wp:attachment":[{"href":"https:\/\/dicodusport.fr\/blog\/wp-json\/wp\/v2\/media?parent=544061"}],"wp:term":[{"taxonomy":"category","embeddable":true,"href":"https:\/\/dicodusport.fr\/blog\/wp-json\/wp\/v2\/categories?post=544061"},{"taxonomy":"post_tag","embeddable":true,"href":"https:\/\/dicodusport.fr\/blog\/wp-json\/wp\/v2\/tags?post=544061"}],"curies":[{"name":"wp","href":"https:\/\/api.w.org\/{rel}","templated":true}]}}