{"id":544252,"date":"2025-01-06T11:56:40","date_gmt":"2025-01-06T10:56:40","guid":{"rendered":"https:\/\/dicodusport.fr\/blog\/?p=544252&#038;preview=true&#038;preview_id=544252"},"modified":"2025-01-06T13:40:45","modified_gmt":"2025-01-06T12:40:45","slug":"dakar-2025-yazeed-al-rajhi-remporte-la-2eme-etape-retour-canon-de-sebastien-loeb","status":"publish","type":"post","link":"https:\/\/dicodusport.fr\/blog\/dakar-2025-yazeed-al-rajhi-remporte-la-2eme-etape-retour-canon-de-sebastien-loeb\/","title":{"rendered":"Dakar 2025 : Yazeed Al-Rajhi remporte la 2\u00e8me \u00e9tape, retour canon de S\u00e9bastien Loeb"},"content":{"rendered":"<h4 style=\"text-align: justify;\"><em>DAKAR 2025 &#8211; Yazeed Al-Rajhi (Overdrive) a remport\u00e9 la deuxi\u00e8me \u00e9tape du Dakar, longue de plus de 900 km et disput\u00e9e sur deux jours. De son c\u00f4t\u00e9, S\u00e9bastien Loeb (Dacia) a bien limit\u00e9 la casse.\u00a0<\/em><\/h4>\n<ul style=\"text-align: justify;\">\n<li style=\"text-align: justify;\"><strong>\u00c0 ce sujet &#8211; <a title=\"Dakar 2025 Autos \u2013 Classement 2\u00e8me \u00e9tape\" href=\"https:\/\/dicodusport.fr\/blog\/dakar-2025-autos-classement-2eme-etape\/\" target=\"_blank\" rel=\"noopener\">Dakar 2025 Autos \u2013 Classement 2\u00e8me \u00e9tape<\/a><\/strong><\/li>\n<\/ul>\n<p style=\"text-align: justify;\">L&rsquo;\u00e9tape de 48 heures arrivait tr\u00e8s t\u00f4t dans le Dakar et elle \u00e9tait redout\u00e9e de tous les concurrents. En t\u00eate \u00e0 la mi-parcours, <strong>Yazeed Al-Rajhi<\/strong> (Overdrive) a tenu son rang pour s&rsquo;imposer ce lundi. Le pilote saoudien termine avec quatre minutes d&rsquo;avance sur <strong>Henk<\/strong> <strong>Lategan<\/strong> (Toyota). <strong>Nasser Al-Attiyah<\/strong> (Dacia), deuxi\u00e8me dimanche, a finalement pris la troisi\u00e8me place.<\/p>\n<ul style=\"text-align: justify;\">\n<li style=\"text-align: justify;\"><strong>\u00c0 ce sujet &#8211; <a href=\"https:\/\/dicodusport.fr\/blog\/dakar-2025-autos-classement-general\/\">Dakar 2025 Autos \u2013 Classement g\u00e9n\u00e9ral<\/a><\/strong><\/li>\n<\/ul>\n<p style=\"text-align: justify;\"><strong>S\u00e9bastien<\/strong> <strong>Loeb<\/strong> a lui limit\u00e9 la casse alors qu&rsquo;il avait perdu plus de 30 minutes sur la premi\u00e8re partie de l&rsquo;\u00e9tape de 48 heures. Le Fran\u00e7ais a refait plus de la moiti\u00e9 de son retard gr\u00e2ce \u00e0 une tr\u00e8s grosse performance sur la deuxi\u00e8me partie de l&rsquo;\u00e9tape. Il prend finalement la septi\u00e8me place \u00e0 un peu plus de 13 minutes du vainqueur saoudien.<\/p>\n<p style=\"text-align: justify;\"><strong>Carlos<\/strong> <strong>Sainz<\/strong> (Ford) a lui probablement perdu le <strong>Dakar<\/strong> \u00e0 cause de ses tonneaux dimanche. L&rsquo;Espagnol, tenant du titre, a perdu plus d&rsquo;une heure et trente minutes sur <strong>Yazeed Al-Rajhi<\/strong> (Overdrive). \u00c0 noter la belle performance des motards, <strong>Toby<\/strong> <strong>Price<\/strong> et <strong>Sam<\/strong> <strong>Sunderland<\/strong> (Overdrive), associ\u00e9s en autos cette ann\u00e9e, avec la neuvi\u00e8me place de cette \u00e9tape marathon.<\/p>\n<h2 style=\"text-align: justify;\">\u00c0 ce sujet<\/h2>\n<div class=\"vlp-link-container vlp-layout-article\"><a href=\"https:\/\/dicodusport.fr\/blog\/dakar-2025-nasser-al-attiyah-sebastien-loeb-ricky-brabec-les-favoris-de-cette-edition\/\" class=\"vlp-link\" title=\"Dakar 2025 : Nasser Al-Attiyah, S\u00e9bastien Loeb, Ricky Brabec, les favoris de cette \u00e9dition\"><\/a><div class=\"vlp-layout-zone-side\"><div class=\"vlp-block-4 vlp-link-image\"><img loading=\"lazy\" decoding=\"async\" style=\"max-width: 792px;\" width=\"792\" height=\"445\" src=\"https:\/\/dicodusport.fr\/blog\/wp-content\/uploads\/2025\/01\/Dakar-2025-Nasser-Al-Attiyah-Sebastien-Loeb-Ricky-Brabec-les-favoris-de-cette-edition.png\" class=\"attachment-800x445 size-800x445\" alt=\"Dakar 2025 Nasser Al-Attiyah, S\u00e9bastien Loeb, Ricky Brabec, les favoris de cette \u00e9dition\" srcset=\"https:\/\/dicodusport.fr\/blog\/wp-content\/uploads\/2025\/01\/Dakar-2025-Nasser-Al-Attiyah-Sebastien-Loeb-Ricky-Brabec-les-favoris-de-cette-edition.png 1200w, https:\/\/dicodusport.fr\/blog\/wp-content\/uploads\/2025\/01\/Dakar-2025-Nasser-Al-Attiyah-Sebastien-Loeb-Ricky-Brabec-les-favoris-de-cette-edition-300x169.png 300w, https:\/\/dicodusport.fr\/blog\/wp-content\/uploads\/2025\/01\/Dakar-2025-Nasser-Al-Attiyah-Sebastien-Loeb-Ricky-Brabec-les-favoris-de-cette-edition-1024x575.png 1024w, https:\/\/dicodusport.fr\/blog\/wp-content\/uploads\/2025\/01\/Dakar-2025-Nasser-Al-Attiyah-Sebastien-Loeb-Ricky-Brabec-les-favoris-de-cette-edition-768x431.png 768w\" sizes=\"auto, (max-width: 792px) 100vw, 792px\" \/><\/div><\/div><div class=\"vlp-layout-zone-main\"><div class=\"vlp-block-0 vlp-link-title\">Dakar 2025 : Nasser Al-Attiyah, S\u00e9bastien Loeb, Ricky Brabec, les favoris de cette \u00e9dition<\/div><div class=\"vlp-block-1 vlp-link-summary\">RALLYE DAKAR 2025 \u2013 La 47\u00e8me \u00e9dition du Dakar s\u2019\u00e9lancera demain avec le prologue. L\u2019occasion d\u2019\u00e9voquer les favoris au titre. Qui succ\u00e9dera \u00e0 Carlos Sainz en cat\u00e9gorie auto et \u00e0 Ricky Brabec en cat\u00e9gorie moto ?<\/div><div class=\"vlp-block-2 vlp-link-button\">Lire l'article<\/div><div class=\"vlp-block-3 vlp-link-url\">dicodusport.fr<\/div><\/div><\/div>\n","protected":false},"excerpt":{"rendered":"<p>DAKAR 2025 &#8211; Yazeed Al-Rajhi (Overdrive) a remport\u00e9 la deuxi\u00e8me \u00e9tape du Dakar, longue de plus de 900 km et disput\u00e9e sur deux jours.<\/p>\n","protected":false},"author":1,"featured_media":544253,"comment_status":"open","ping_status":"closed","sticky":false,"template":"","format":"standard","meta":{"_acf_changed":false,"_daextam_enable_autolinks":"1","footnotes":""},"categories":[9493],"tags":[16878,2736,7001,3282],"class_list":["post-544252","post","type-post","status-publish","format-standard","has-post-thumbnail","hentry","category-dakar","tag-breve","tag-dakar","tag-loeb","tag-sebastien-loeb"],"acf":[],"yoast_head":"<!-- This site is optimized with the Yoast SEO Premium plugin v26.7 (Yoast SEO v26.7) - https:\/\/yoast.com\/wordpress\/plugins\/seo\/ -->\n<title>Dakar 2025 : Yazeed Al-Rajhi remporte la 2\u00e8me \u00e9tape, retour canon de S\u00e9bastien Loeb<\/title>\n<meta name=\"description\" content=\"DAKAR 2025 - Yazeed Al-Rajhi (Overdrive) a remport\u00e9 la deuxi\u00e8me \u00e9tape du Dakar, longue de plus de 900 km et disput\u00e9e sur deux jours.\" \/>\n<meta name=\"robots\" content=\"index, follow, max-snippet:-1, max-image-preview:large, max-video-preview:-1\" \/>\n<link rel=\"canonical\" href=\"https:\/\/dicodusport.fr\/blog\/dakar-2025-yazeed-al-rajhi-remporte-la-2eme-etape-retour-canon-de-sebastien-loeb\/\" \/>\n<meta property=\"og:locale\" content=\"fr_FR\" \/>\n<meta property=\"og:type\" content=\"article\" \/>\n<meta property=\"og:title\" content=\"Dakar 2025 : Yazeed Al-Rajhi remporte la 2\u00e8me \u00e9tape, retour canon de S\u00e9bastien Loeb\" \/>\n<meta property=\"og:description\" content=\"DAKAR 2025 - Yazeed Al-Rajhi (Overdrive) a remport\u00e9 la deuxi\u00e8me \u00e9tape du Dakar, longue de plus de 900 km et disput\u00e9e sur deux jours.\" \/>\n<meta property=\"og:url\" content=\"https:\/\/dicodusport.fr\/blog\/dakar-2025-yazeed-al-rajhi-remporte-la-2eme-etape-retour-canon-de-sebastien-loeb\/\" \/>\n<meta property=\"og:site_name\" content=\"Dicodusport\" \/>\n<meta property=\"article:publisher\" content=\"https:\/\/www.facebook.com\/dicodusport\" \/>\n<meta property=\"article:author\" content=\"https:\/\/www.facebook.com\/dicodusport\" \/>\n<meta property=\"article:published_time\" content=\"2025-01-06T10:56:40+00:00\" \/>\n<meta property=\"article:modified_time\" content=\"2025-01-06T12:40:45+00:00\" \/>\n<meta property=\"og:image\" content=\"https:\/\/dicodusport.fr\/blog\/wp-content\/uploads\/2025\/01\/Dakar-2025-Yazeed-Al-Rajhi-remporte-la-2eme-etape-retour-canon-de-Sebastien-Loeb.png\" \/>\n\t<meta property=\"og:image:width\" content=\"1200\" \/>\n\t<meta property=\"og:image:height\" content=\"674\" \/>\n\t<meta property=\"og:image:type\" content=\"image\/png\" \/>\n<meta name=\"author\" content=\"Nicolas Jacquemard\" \/>\n<meta name=\"twitter:card\" content=\"summary_large_image\" \/>\n<meta name=\"twitter:title\" content=\"Dakar 2025 : Yazeed Al-Rajhi remporte la 2\u00e8me \u00e9tape, retour canon de S\u00e9bastien Loeb\" \/>\n<meta name=\"twitter:creator\" content=\"@https:\/\/twitter.com\/Nico_Jacquemard\" \/>\n<meta name=\"twitter:site\" content=\"@dicodusport\" \/>\n<script type=\"application\/ld+json\" class=\"yoast-schema-graph\">{\"@context\":\"https:\/\/schema.org\",\"@graph\":[{\"@type\":\"NewsArticle\",\"@id\":\"https:\/\/dicodusport.fr\/blog\/dakar-2025-yazeed-al-rajhi-remporte-la-2eme-etape-retour-canon-de-sebastien-loeb\/#article\",\"isPartOf\":{\"@id\":\"https:\/\/dicodusport.fr\/blog\/dakar-2025-yazeed-al-rajhi-remporte-la-2eme-etape-retour-canon-de-sebastien-loeb\/\"},\"author\":{\"name\":\"Nicolas Jacquemard\",\"@id\":\"https:\/\/dicodusport.fr\/blog\/#\/schema\/person\/55dcb50ad410894e431ed812bbb70191\"},\"headline\":\"Dakar 2025 : Yazeed Al-Rajhi remporte la 2\u00e8me \u00e9tape, retour canon de S\u00e9bastien Loeb\",\"datePublished\":\"2025-01-06T10:56:40+00:00\",\"dateModified\":\"2025-01-06T12:40:45+00:00\",\"mainEntityOfPage\":{\"@id\":\"https:\/\/dicodusport.fr\/blog\/dakar-2025-yazeed-al-rajhi-remporte-la-2eme-etape-retour-canon-de-sebastien-loeb\/\"},\"wordCount\":351,\"commentCount\":0,\"publisher\":{\"@id\":\"https:\/\/dicodusport.fr\/blog\/#organization\"},\"image\":{\"@id\":\"https:\/\/dicodusport.fr\/blog\/dakar-2025-yazeed-al-rajhi-remporte-la-2eme-etape-retour-canon-de-sebastien-loeb\/#primaryimage\"},\"thumbnailUrl\":\"https:\/\/dicodusport.fr\/blog\/wp-content\/uploads\/2025\/01\/Dakar-2025-Yazeed-Al-Rajhi-remporte-la-2eme-etape-retour-canon-de-Sebastien-Loeb.png\",\"keywords\":[\"br\u00e8ve\",\"dakar\",\"Loeb\",\"s\u00e9bastien loeb\"],\"articleSection\":[\"Dakar\"],\"inLanguage\":\"fr-FR\",\"potentialAction\":[{\"@type\":\"CommentAction\",\"name\":\"Comment\",\"target\":[\"https:\/\/dicodusport.fr\/blog\/dakar-2025-yazeed-al-rajhi-remporte-la-2eme-etape-retour-canon-de-sebastien-loeb\/#respond\"]}],\"copyrightYear\":\"2025\",\"copyrightHolder\":{\"@id\":\"https:\/\/dicodusport.fr\/blog\/#organization\"}},{\"@type\":\"WebPage\",\"@id\":\"https:\/\/dicodusport.fr\/blog\/dakar-2025-yazeed-al-rajhi-remporte-la-2eme-etape-retour-canon-de-sebastien-loeb\/\",\"url\":\"https:\/\/dicodusport.fr\/blog\/dakar-2025-yazeed-al-rajhi-remporte-la-2eme-etape-retour-canon-de-sebastien-loeb\/\",\"name\":\"Dakar 2025 : Yazeed Al-Rajhi remporte la 2\u00e8me \u00e9tape, retour canon de S\u00e9bastien Loeb\",\"isPartOf\":{\"@id\":\"https:\/\/dicodusport.fr\/blog\/#website\"},\"primaryImageOfPage\":{\"@id\":\"https:\/\/dicodusport.fr\/blog\/dakar-2025-yazeed-al-rajhi-remporte-la-2eme-etape-retour-canon-de-sebastien-loeb\/#primaryimage\"},\"image\":{\"@id\":\"https:\/\/dicodusport.fr\/blog\/dakar-2025-yazeed-al-rajhi-remporte-la-2eme-etape-retour-canon-de-sebastien-loeb\/#primaryimage\"},\"thumbnailUrl\":\"https:\/\/dicodusport.fr\/blog\/wp-content\/uploads\/2025\/01\/Dakar-2025-Yazeed-Al-Rajhi-remporte-la-2eme-etape-retour-canon-de-Sebastien-Loeb.png\",\"datePublished\":\"2025-01-06T10:56:40+00:00\",\"dateModified\":\"2025-01-06T12:40:45+00:00\",\"description\":\"DAKAR 2025 - Yazeed Al-Rajhi (Overdrive) a remport\u00e9 la deuxi\u00e8me \u00e9tape du Dakar, longue de plus de 900 km et disput\u00e9e sur deux jours.\",\"breadcrumb\":{\"@id\":\"https:\/\/dicodusport.fr\/blog\/dakar-2025-yazeed-al-rajhi-remporte-la-2eme-etape-retour-canon-de-sebastien-loeb\/#breadcrumb\"},\"inLanguage\":\"fr-FR\",\"potentialAction\":[{\"@type\":\"ReadAction\",\"target\":[\"https:\/\/dicodusport.fr\/blog\/dakar-2025-yazeed-al-rajhi-remporte-la-2eme-etape-retour-canon-de-sebastien-loeb\/\"]}]},{\"@type\":\"ImageObject\",\"inLanguage\":\"fr-FR\",\"@id\":\"https:\/\/dicodusport.fr\/blog\/dakar-2025-yazeed-al-rajhi-remporte-la-2eme-etape-retour-canon-de-sebastien-loeb\/#primaryimage\",\"url\":\"https:\/\/dicodusport.fr\/blog\/wp-content\/uploads\/2025\/01\/Dakar-2025-Yazeed-Al-Rajhi-remporte-la-2eme-etape-retour-canon-de-Sebastien-Loeb.png\",\"contentUrl\":\"https:\/\/dicodusport.fr\/blog\/wp-content\/uploads\/2025\/01\/Dakar-2025-Yazeed-Al-Rajhi-remporte-la-2eme-etape-retour-canon-de-Sebastien-Loeb.png\",\"width\":1200,\"height\":674},{\"@type\":\"BreadcrumbList\",\"@id\":\"https:\/\/dicodusport.fr\/blog\/dakar-2025-yazeed-al-rajhi-remporte-la-2eme-etape-retour-canon-de-sebastien-loeb\/#breadcrumb\",\"itemListElement\":[{\"@type\":\"ListItem\",\"position\":1,\"name\":\"Accueil\",\"item\":\"https:\/\/dicodusport.fr\/blog\/\"},{\"@type\":\"ListItem\",\"position\":2,\"name\":\"Dakar 2025 : Yazeed Al-Rajhi remporte la 2\u00e8me \u00e9tape, retour canon de S\u00e9bastien Loeb\"}]},{\"@type\":\"WebSite\",\"@id\":\"https:\/\/dicodusport.fr\/blog\/#website\",\"url\":\"https:\/\/dicodusport.fr\/blog\/\",\"name\":\"Dicodusport\",\"description\":\"L&#039;encyclop\u00e9die de l&#039;actualit\u00e9 sportive\",\"publisher\":{\"@id\":\"https:\/\/dicodusport.fr\/blog\/#organization\"},\"potentialAction\":[{\"@type\":\"SearchAction\",\"target\":{\"@type\":\"EntryPoint\",\"urlTemplate\":\"https:\/\/dicodusport.fr\/blog\/?s={search_term_string}\"},\"query-input\":{\"@type\":\"PropertyValueSpecification\",\"valueRequired\":true,\"valueName\":\"search_term_string\"}}],\"inLanguage\":\"fr-FR\"},{\"@type\":\"NewsMediaOrganization\",\"@id\":\"https:\/\/dicodusport.fr\/blog\/#organization\",\"name\":\"Dicodusport\",\"url\":\"https:\/\/dicodusport.fr\/blog\/\",\"logo\":{\"@type\":\"ImageObject\",\"inLanguage\":\"fr-FR\",\"@id\":\"https:\/\/dicodusport.fr\/blog\/#\/schema\/logo\/image\/\",\"url\":\"https:\/\/dicodusport.fr\/blog\/wp-content\/uploads\/2020\/06\/cropped-LOGO-DICODUSPORT-2020-SANS-FOND-SANS-TEXTE.png\",\"contentUrl\":\"https:\/\/dicodusport.fr\/blog\/wp-content\/uploads\/2020\/06\/cropped-LOGO-DICODUSPORT-2020-SANS-FOND-SANS-TEXTE.png\",\"width\":512,\"height\":512,\"caption\":\"Dicodusport\"},\"image\":{\"@id\":\"https:\/\/dicodusport.fr\/blog\/#\/schema\/logo\/image\/\"},\"sameAs\":[\"https:\/\/www.facebook.com\/dicodusport\",\"https:\/\/x.com\/dicodusport\",\"https:\/\/www.instagram.com\/dicodusport\/\",\"https:\/\/www.youtube.com\/channel\/UC7V2KZ5sd3htJivAbA4ZG3w\"],\"description\":\"Dicodusport est l'encyclop\u00e9die de l'actualit\u00e9 sportive.\",\"email\":\"bonjour@dicodusport.fr\",\"legalName\":\"DICODUSPORT\",\"foundingDate\":\"2018-01-14\",\"vatID\":\"FR71834470973\",\"taxID\":\"83447097300043\",\"numberOfEmployees\":{\"@type\":\"QuantitativeValue\",\"minValue\":\"1\",\"maxValue\":\"10\"}},{\"@type\":\"Person\",\"@id\":\"https:\/\/dicodusport.fr\/blog\/#\/schema\/person\/55dcb50ad410894e431ed812bbb70191\",\"name\":\"Nicolas Jacquemard\",\"image\":{\"@type\":\"ImageObject\",\"inLanguage\":\"fr-FR\",\"@id\":\"https:\/\/dicodusport.fr\/blog\/#\/schema\/person\/image\/\",\"url\":\"https:\/\/dicodusport.fr\/blog\/wp-content\/uploads\/2021\/05\/Nicolas-Jacquemard-150x150.jpeg\",\"contentUrl\":\"https:\/\/dicodusport.fr\/blog\/wp-content\/uploads\/2021\/05\/Nicolas-Jacquemard-150x150.jpeg\",\"caption\":\"Nicolas Jacquemard\"},\"description\":\"Passionn\u00e9 de sport et entrepreneur depuis mes 18 ans, la cr\u00e9ation de Dicodusport m'a sembl\u00e9 \u00e9vidente pour participer \u00e0 la m\u00e9diatisation d'un plus grand nombre de sports. Le chemin est long mais avec une \u00e9quipe des plus motiv\u00e9es et les Jeux Olympiques de Paris 2024 en point de mire, nous y arriverons ! Journaliste dans le monde du sport depuis plus de 5 ans, je traite aussi bien de football, de rugby, de biathlon que de cyclisme.\",\"sameAs\":[\"https:\/\/www.facebook.com\/dicodusport\",\"https:\/\/x.com\/https:\/\/twitter.com\/Nico_Jacquemard\"],\"url\":\"https:\/\/dicodusport.fr\/blog\/author\/dicodusport\/\"}]}<\/script>\n<!-- \/ Yoast SEO Premium plugin. -->","yoast_head_json":{"title":"Dakar 2025 : Yazeed Al-Rajhi remporte la 2\u00e8me \u00e9tape, retour canon de S\u00e9bastien Loeb","description":"DAKAR 2025 - Yazeed Al-Rajhi (Overdrive) a remport\u00e9 la deuxi\u00e8me \u00e9tape du Dakar, longue de plus de 900 km et disput\u00e9e sur deux jours.","robots":{"index":"index","follow":"follow","max-snippet":"max-snippet:-1","max-image-preview":"max-image-preview:large","max-video-preview":"max-video-preview:-1"},"canonical":"https:\/\/dicodusport.fr\/blog\/dakar-2025-yazeed-al-rajhi-remporte-la-2eme-etape-retour-canon-de-sebastien-loeb\/","og_locale":"fr_FR","og_type":"article","og_title":"Dakar 2025 : Yazeed Al-Rajhi remporte la 2\u00e8me \u00e9tape, retour canon de S\u00e9bastien Loeb","og_description":"DAKAR 2025 - Yazeed Al-Rajhi (Overdrive) a remport\u00e9 la deuxi\u00e8me \u00e9tape du Dakar, longue de plus de 900 km et disput\u00e9e sur deux jours.","og_url":"https:\/\/dicodusport.fr\/blog\/dakar-2025-yazeed-al-rajhi-remporte-la-2eme-etape-retour-canon-de-sebastien-loeb\/","og_site_name":"Dicodusport","article_publisher":"https:\/\/www.facebook.com\/dicodusport","article_author":"https:\/\/www.facebook.com\/dicodusport","article_published_time":"2025-01-06T10:56:40+00:00","article_modified_time":"2025-01-06T12:40:45+00:00","og_image":[{"width":1200,"height":674,"url":"https:\/\/dicodusport.fr\/blog\/wp-content\/uploads\/2025\/01\/Dakar-2025-Yazeed-Al-Rajhi-remporte-la-2eme-etape-retour-canon-de-Sebastien-Loeb.png","type":"image\/png"}],"author":"Nicolas Jacquemard","twitter_card":"summary_large_image","twitter_title":"Dakar 2025 : Yazeed Al-Rajhi remporte la 2\u00e8me \u00e9tape, retour canon de S\u00e9bastien Loeb","twitter_creator":"@https:\/\/twitter.com\/Nico_Jacquemard","twitter_site":"@dicodusport","schema":{"@context":"https:\/\/schema.org","@graph":[{"@type":"NewsArticle","@id":"https:\/\/dicodusport.fr\/blog\/dakar-2025-yazeed-al-rajhi-remporte-la-2eme-etape-retour-canon-de-sebastien-loeb\/#article","isPartOf":{"@id":"https:\/\/dicodusport.fr\/blog\/dakar-2025-yazeed-al-rajhi-remporte-la-2eme-etape-retour-canon-de-sebastien-loeb\/"},"author":{"name":"Nicolas Jacquemard","@id":"https:\/\/dicodusport.fr\/blog\/#\/schema\/person\/55dcb50ad410894e431ed812bbb70191"},"headline":"Dakar 2025 : Yazeed Al-Rajhi remporte la 2\u00e8me \u00e9tape, retour canon de S\u00e9bastien Loeb","datePublished":"2025-01-06T10:56:40+00:00","dateModified":"2025-01-06T12:40:45+00:00","mainEntityOfPage":{"@id":"https:\/\/dicodusport.fr\/blog\/dakar-2025-yazeed-al-rajhi-remporte-la-2eme-etape-retour-canon-de-sebastien-loeb\/"},"wordCount":351,"commentCount":0,"publisher":{"@id":"https:\/\/dicodusport.fr\/blog\/#organization"},"image":{"@id":"https:\/\/dicodusport.fr\/blog\/dakar-2025-yazeed-al-rajhi-remporte-la-2eme-etape-retour-canon-de-sebastien-loeb\/#primaryimage"},"thumbnailUrl":"https:\/\/dicodusport.fr\/blog\/wp-content\/uploads\/2025\/01\/Dakar-2025-Yazeed-Al-Rajhi-remporte-la-2eme-etape-retour-canon-de-Sebastien-Loeb.png","keywords":["br\u00e8ve","dakar","Loeb","s\u00e9bastien loeb"],"articleSection":["Dakar"],"inLanguage":"fr-FR","potentialAction":[{"@type":"CommentAction","name":"Comment","target":["https:\/\/dicodusport.fr\/blog\/dakar-2025-yazeed-al-rajhi-remporte-la-2eme-etape-retour-canon-de-sebastien-loeb\/#respond"]}],"copyrightYear":"2025","copyrightHolder":{"@id":"https:\/\/dicodusport.fr\/blog\/#organization"}},{"@type":"WebPage","@id":"https:\/\/dicodusport.fr\/blog\/dakar-2025-yazeed-al-rajhi-remporte-la-2eme-etape-retour-canon-de-sebastien-loeb\/","url":"https:\/\/dicodusport.fr\/blog\/dakar-2025-yazeed-al-rajhi-remporte-la-2eme-etape-retour-canon-de-sebastien-loeb\/","name":"Dakar 2025 : Yazeed Al-Rajhi remporte la 2\u00e8me \u00e9tape, retour canon de S\u00e9bastien Loeb","isPartOf":{"@id":"https:\/\/dicodusport.fr\/blog\/#website"},"primaryImageOfPage":{"@id":"https:\/\/dicodusport.fr\/blog\/dakar-2025-yazeed-al-rajhi-remporte-la-2eme-etape-retour-canon-de-sebastien-loeb\/#primaryimage"},"image":{"@id":"https:\/\/dicodusport.fr\/blog\/dakar-2025-yazeed-al-rajhi-remporte-la-2eme-etape-retour-canon-de-sebastien-loeb\/#primaryimage"},"thumbnailUrl":"https:\/\/dicodusport.fr\/blog\/wp-content\/uploads\/2025\/01\/Dakar-2025-Yazeed-Al-Rajhi-remporte-la-2eme-etape-retour-canon-de-Sebastien-Loeb.png","datePublished":"2025-01-06T10:56:40+00:00","dateModified":"2025-01-06T12:40:45+00:00","description":"DAKAR 2025 - Yazeed Al-Rajhi (Overdrive) a remport\u00e9 la deuxi\u00e8me \u00e9tape du Dakar, longue de plus de 900 km et disput\u00e9e sur deux jours.","breadcrumb":{"@id":"https:\/\/dicodusport.fr\/blog\/dakar-2025-yazeed-al-rajhi-remporte-la-2eme-etape-retour-canon-de-sebastien-loeb\/#breadcrumb"},"inLanguage":"fr-FR","potentialAction":[{"@type":"ReadAction","target":["https:\/\/dicodusport.fr\/blog\/dakar-2025-yazeed-al-rajhi-remporte-la-2eme-etape-retour-canon-de-sebastien-loeb\/"]}]},{"@type":"ImageObject","inLanguage":"fr-FR","@id":"https:\/\/dicodusport.fr\/blog\/dakar-2025-yazeed-al-rajhi-remporte-la-2eme-etape-retour-canon-de-sebastien-loeb\/#primaryimage","url":"https:\/\/dicodusport.fr\/blog\/wp-content\/uploads\/2025\/01\/Dakar-2025-Yazeed-Al-Rajhi-remporte-la-2eme-etape-retour-canon-de-Sebastien-Loeb.png","contentUrl":"https:\/\/dicodusport.fr\/blog\/wp-content\/uploads\/2025\/01\/Dakar-2025-Yazeed-Al-Rajhi-remporte-la-2eme-etape-retour-canon-de-Sebastien-Loeb.png","width":1200,"height":674},{"@type":"BreadcrumbList","@id":"https:\/\/dicodusport.fr\/blog\/dakar-2025-yazeed-al-rajhi-remporte-la-2eme-etape-retour-canon-de-sebastien-loeb\/#breadcrumb","itemListElement":[{"@type":"ListItem","position":1,"name":"Accueil","item":"https:\/\/dicodusport.fr\/blog\/"},{"@type":"ListItem","position":2,"name":"Dakar 2025 : Yazeed Al-Rajhi remporte la 2\u00e8me \u00e9tape, retour canon de S\u00e9bastien Loeb"}]},{"@type":"WebSite","@id":"https:\/\/dicodusport.fr\/blog\/#website","url":"https:\/\/dicodusport.fr\/blog\/","name":"Dicodusport","description":"L&#039;encyclop\u00e9die de l&#039;actualit\u00e9 sportive","publisher":{"@id":"https:\/\/dicodusport.fr\/blog\/#organization"},"potentialAction":[{"@type":"SearchAction","target":{"@type":"EntryPoint","urlTemplate":"https:\/\/dicodusport.fr\/blog\/?s={search_term_string}"},"query-input":{"@type":"PropertyValueSpecification","valueRequired":true,"valueName":"search_term_string"}}],"inLanguage":"fr-FR"},{"@type":"NewsMediaOrganization","@id":"https:\/\/dicodusport.fr\/blog\/#organization","name":"Dicodusport","url":"https:\/\/dicodusport.fr\/blog\/","logo":{"@type":"ImageObject","inLanguage":"fr-FR","@id":"https:\/\/dicodusport.fr\/blog\/#\/schema\/logo\/image\/","url":"https:\/\/dicodusport.fr\/blog\/wp-content\/uploads\/2020\/06\/cropped-LOGO-DICODUSPORT-2020-SANS-FOND-SANS-TEXTE.png","contentUrl":"https:\/\/dicodusport.fr\/blog\/wp-content\/uploads\/2020\/06\/cropped-LOGO-DICODUSPORT-2020-SANS-FOND-SANS-TEXTE.png","width":512,"height":512,"caption":"Dicodusport"},"image":{"@id":"https:\/\/dicodusport.fr\/blog\/#\/schema\/logo\/image\/"},"sameAs":["https:\/\/www.facebook.com\/dicodusport","https:\/\/x.com\/dicodusport","https:\/\/www.instagram.com\/dicodusport\/","https:\/\/www.youtube.com\/channel\/UC7V2KZ5sd3htJivAbA4ZG3w"],"description":"Dicodusport est l'encyclop\u00e9die de l'actualit\u00e9 sportive.","email":"bonjour@dicodusport.fr","legalName":"DICODUSPORT","foundingDate":"2018-01-14","vatID":"FR71834470973","taxID":"83447097300043","numberOfEmployees":{"@type":"QuantitativeValue","minValue":"1","maxValue":"10"}},{"@type":"Person","@id":"https:\/\/dicodusport.fr\/blog\/#\/schema\/person\/55dcb50ad410894e431ed812bbb70191","name":"Nicolas Jacquemard","image":{"@type":"ImageObject","inLanguage":"fr-FR","@id":"https:\/\/dicodusport.fr\/blog\/#\/schema\/person\/image\/","url":"https:\/\/dicodusport.fr\/blog\/wp-content\/uploads\/2021\/05\/Nicolas-Jacquemard-150x150.jpeg","contentUrl":"https:\/\/dicodusport.fr\/blog\/wp-content\/uploads\/2021\/05\/Nicolas-Jacquemard-150x150.jpeg","caption":"Nicolas Jacquemard"},"description":"Passionn\u00e9 de sport et entrepreneur depuis mes 18 ans, la cr\u00e9ation de Dicodusport m'a sembl\u00e9 \u00e9vidente pour participer \u00e0 la m\u00e9diatisation d'un plus grand nombre de sports. Le chemin est long mais avec une \u00e9quipe des plus motiv\u00e9es et les Jeux Olympiques de Paris 2024 en point de mire, nous y arriverons ! Journaliste dans le monde du sport depuis plus de 5 ans, je traite aussi bien de football, de rugby, de biathlon que de cyclisme.","sameAs":["https:\/\/www.facebook.com\/dicodusport","https:\/\/x.com\/https:\/\/twitter.com\/Nico_Jacquemard"],"url":"https:\/\/dicodusport.fr\/blog\/author\/dicodusport\/"}]}},"_links":{"self":[{"href":"https:\/\/dicodusport.fr\/blog\/wp-json\/wp\/v2\/posts\/544252","targetHints":{"allow":["GET"]}}],"collection":[{"href":"https:\/\/dicodusport.fr\/blog\/wp-json\/wp\/v2\/posts"}],"about":[{"href":"https:\/\/dicodusport.fr\/blog\/wp-json\/wp\/v2\/types\/post"}],"author":[{"embeddable":true,"href":"https:\/\/dicodusport.fr\/blog\/wp-json\/wp\/v2\/users\/1"}],"replies":[{"embeddable":true,"href":"https:\/\/dicodusport.fr\/blog\/wp-json\/wp\/v2\/comments?post=544252"}],"version-history":[{"count":3,"href":"https:\/\/dicodusport.fr\/blog\/wp-json\/wp\/v2\/posts\/544252\/revisions"}],"predecessor-version":[{"id":544267,"href":"https:\/\/dicodusport.fr\/blog\/wp-json\/wp\/v2\/posts\/544252\/revisions\/544267"}],"wp:featuredmedia":[{"embeddable":true,"href":"https:\/\/dicodusport.fr\/blog\/wp-json\/wp\/v2\/media\/544253"}],"wp:attachment":[{"href":"https:\/\/dicodusport.fr\/blog\/wp-json\/wp\/v2\/media?parent=544252"}],"wp:term":[{"taxonomy":"category","embeddable":true,"href":"https:\/\/dicodusport.fr\/blog\/wp-json\/wp\/v2\/categories?post=544252"},{"taxonomy":"post_tag","embeddable":true,"href":"https:\/\/dicodusport.fr\/blog\/wp-json\/wp\/v2\/tags?post=544252"}],"curies":[{"name":"wp","href":"https:\/\/api.w.org\/{rel}","templated":true}]}}