{"id":544273,"date":"2025-01-06T15:31:47","date_gmt":"2025-01-06T14:31:47","guid":{"rendered":"https:\/\/dicodusport.fr\/blog\/?p=544273&#038;preview=true&#038;preview_id=544273"},"modified":"2025-01-06T21:17:32","modified_gmt":"2025-01-06T20:17:32","slug":"transferts-colomiers-ugo-pacome-proche-dun-cador-de-top-14","status":"publish","type":"post","link":"https:\/\/dicodusport.fr\/blog\/transferts-colomiers-ugo-pacome-proche-dun-cador-de-top-14\/","title":{"rendered":"Transferts Colomiers : Ugo Pacome proche d&rsquo;un cador de Top 14"},"content":{"rendered":"<h4 style=\"text-align: justify;\"><em>TRANSFERTS RUGBY &#8211; Selon le <a href=\"https:\/\/www.rugbyrama.fr\/2025\/01\/06\/transferts-top-14-ugo-pacome-colomiers-vers-un-cador-du-top-14-vinaya-habosi-racing-92-pour-renforcer-le-lou-12429005.php\">Midi Olympique<\/a>, l&rsquo;arri\u00e8re de Colomiers, Ugo Pacome (19 ans), serait sur les tablettes du Stade Rochelais, en vue d&rsquo;une arriv\u00e9e \u00e0 l&rsquo;\u00e9t\u00e9 prochain.<\/em><\/h4>\n<p style=\"text-align: justify;\">Le <a href=\"https:\/\/dicodusport.fr\/blog\/transferts-stade-rochelais-2025-arrivees-departs-et-prolongations\/\"><strong>Stade Rochelais<\/strong><\/a> cherche \u00e0 remodeler sa ligne de trois-quarts. Sur courant alternatif depuis le d\u00e9but de saison, avec une animation offensive parfois peu inspir\u00e9e, <strong>La Rochelle<\/strong> est donc \u00e0 la recherche de joueurs d&rsquo;avenir pour les prochaines saisons. Un temps int\u00e9ress\u00e9s par le Bayonnais <strong>Xan Mousques<\/strong> (19 ans), les <em>Jaune et Noir<\/em> ont jet\u00e9 leur d\u00e9volu sur l&rsquo;une des r\u00e9v\u00e9lations de cette saison en Pro D2.<\/p>\n<ul>\n<li style=\"text-align: justify;\"><strong>\u00c0 ce sujet &#8211; <a href=\"https:\/\/dicodusport.fr\/blog\/transferts-rugby-anthony-belleau-alexandre-fischer-clermont-connor-sa-les-infos-du-samedi-4-janvier\/\">Transferts Rugby : Anthony Belleau, Alexandre Fischer, Clermont, Connor Sa, les infos du samedi 4 janvier<\/a><\/strong><\/li>\n<\/ul>\n<h2>La Rochelle souhaite recruter Ugo Pacome (Colomiers)<\/h2>\n<p style=\"text-align: justify;\">En effet, selon le <em>Midi Olympique<\/em>, les Maritimes seraient en discussions avanc\u00e9es avec <strong>Ugo Pacome<\/strong> (19 ans). Pass\u00e9 par les \u00e9quipes de France jeunes (-17 et -18 ans), le joueur form\u00e9 \u00e0 Colomiers a effectu\u00e9 ses d\u00e9buts professionnels la saison derni\u00e8re, avec le club colum\u00e9rin. Cette saison, <strong>Pacome<\/strong> a crev\u00e9 l&rsquo;\u00e9cran. Il a disput\u00e9 13 rencontres pour 10 titularisations, et quatre essais inscrits. Ses facult\u00e9s \u00e0 faire des diff\u00e9rences ballon en mains ont ainsi tap\u00e9 dans l&rsquo;\u0153il des d\u00e9cideurs rochelais.<\/p>\n<p style=\"text-align: justify;\">\u00c9galement pist\u00e9 par <strong>Pau<\/strong>, celui qui a l&rsquo;avantage de pouvoir \u00e9voluer \u00e0 l&rsquo;arri\u00e8re et \u00e0 l&rsquo;aile, est sous contrat jusqu&rsquo;en 2027 avec le club haut-garonnais, mais dispose d&rsquo;une clause qui lui permet de partir dans un autre club. Le <strong>Stade Rochelais<\/strong> tient donc la corde et pourrait faire d&rsquo;<strong>Ugo Pacome<\/strong>, le rempla\u00e7ant d&rsquo;un certain <strong>Teddy Thomas<\/strong> (31 ans), en partance pour le <strong>Stade Toulousain<\/strong>, l&rsquo;ancien Francilien, s&rsquo;il \u00e9volue majoritairement au centre depuis cet automne, \u00e9tant un ailier\/arri\u00e8re de formation.<\/p>\n<h2 style=\"text-align: justify;\">\u00c0 ce sujet<\/h2>\n<div class=\"vlp-link-container vlp-layout-article\"><a href=\"https:\/\/dicodusport.fr\/blog\/transferts-racing-92-camille-chat-licencie\/\" class=\"vlp-link\" title=\"Transferts Racing 92 : Camille Chat licenci\u00e9\"><\/a><div class=\"vlp-layout-zone-side\"><div class=\"vlp-block-4 vlp-link-image\"><img loading=\"lazy\" decoding=\"async\" style=\"max-width: 792px;\" width=\"792\" height=\"445\" src=\"https:\/\/dicodusport.fr\/blog\/wp-content\/uploads\/2025\/01\/Transferts-Racing-92-Camille-Chat-licencie.png\" class=\"attachment-800x445 size-800x445\" alt=\"Transferts Racing 92 Camille Chat licenci\u00e9\" srcset=\"https:\/\/dicodusport.fr\/blog\/wp-content\/uploads\/2025\/01\/Transferts-Racing-92-Camille-Chat-licencie.png 1200w, https:\/\/dicodusport.fr\/blog\/wp-content\/uploads\/2025\/01\/Transferts-Racing-92-Camille-Chat-licencie-300x169.png 300w, https:\/\/dicodusport.fr\/blog\/wp-content\/uploads\/2025\/01\/Transferts-Racing-92-Camille-Chat-licencie-1024x575.png 1024w, https:\/\/dicodusport.fr\/blog\/wp-content\/uploads\/2025\/01\/Transferts-Racing-92-Camille-Chat-licencie-768x431.png 768w\" sizes=\"auto, (max-width: 792px) 100vw, 792px\" \/><\/div><\/div><div class=\"vlp-layout-zone-main\"><div class=\"vlp-block-0 vlp-link-title\">Transferts Racing 92 : Camille Chat licenci\u00e9<\/div><div class=\"vlp-block-1 vlp-link-summary\">TRANSFERTS RUGBY - Camille Chat n'est plus un joueur du Racing 92. Apr\u00e8s 12 ann\u00e9es au sein du club francilien, le talonneur a \u00e9t\u00e9 licenci\u00e9.<\/div><div class=\"vlp-block-2 vlp-link-button\">Lire l'article<\/div><div class=\"vlp-block-3 vlp-link-url\">dicodusport.fr<\/div><\/div><\/div>\n","protected":false},"excerpt":{"rendered":"<p>TRANSFERTS RUGBY &#8211; Selon le Midi Olympique, l&rsquo;arri\u00e8re de Colomiers, Ugo Pacome (19 ans), serait sur les tablettes du Stade Rochelais, en vue d&rsquo;une arriv\u00e9e \u00e0 l&rsquo;\u00e9t\u00e9 prochain.<\/p>\n","protected":false},"author":4,"featured_media":544284,"comment_status":"open","ping_status":"closed","sticky":false,"template":"","format":"standard","meta":{"_acf_changed":false,"_daextam_enable_autolinks":"1","footnotes":""},"categories":[9129,47050],"tags":[16878,10280,2702,29105],"class_list":["post-544273","post","type-post","status-publish","format-standard","has-post-thumbnail","hentry","category-rugby-a-xv","category-top-14","tag-breve","tag-colomiers-rugby","tag-stade-rochelais","tag-transferts-rugby"],"acf":[],"yoast_head":"<!-- This site is optimized with the Yoast SEO Premium plugin v26.7 (Yoast SEO v26.7) - https:\/\/yoast.com\/wordpress\/plugins\/seo\/ -->\n<title>Transferts Colomiers : Ugo Pacome proche d&#039;un cador de Top 14<\/title>\n<meta name=\"description\" content=\"TRANSFERTS RUGBY - Selon le Midi Olympique, l&#039;arri\u00e8re de Colomiers, Ugo Pacome (19 ans), serait sur les tablettes du Stade Rochelais.\" \/>\n<meta name=\"robots\" content=\"index, follow, max-snippet:-1, max-image-preview:large, max-video-preview:-1\" \/>\n<link rel=\"canonical\" href=\"https:\/\/dicodusport.fr\/blog\/transferts-colomiers-ugo-pacome-proche-dun-cador-de-top-14\/\" \/>\n<meta property=\"og:locale\" content=\"fr_FR\" \/>\n<meta property=\"og:type\" content=\"article\" \/>\n<meta property=\"og:title\" content=\"Transferts Colomiers : Ugo Pacome proche d&#039;un cador de Top 14\" \/>\n<meta property=\"og:description\" content=\"TRANSFERTS RUGBY - Selon le Midi Olympique, l&#039;arri\u00e8re de Colomiers, Ugo Pacome (19 ans), serait sur les tablettes du Stade Rochelais.\" \/>\n<meta property=\"og:url\" content=\"https:\/\/dicodusport.fr\/blog\/transferts-colomiers-ugo-pacome-proche-dun-cador-de-top-14\/\" \/>\n<meta property=\"og:site_name\" content=\"Dicodusport\" \/>\n<meta property=\"article:publisher\" content=\"https:\/\/www.facebook.com\/dicodusport\" \/>\n<meta property=\"article:author\" content=\"https:\/\/www.facebook.com\/florent.ostermann\" \/>\n<meta property=\"article:published_time\" content=\"2025-01-06T14:31:47+00:00\" \/>\n<meta property=\"article:modified_time\" content=\"2025-01-06T20:17:32+00:00\" \/>\n<meta property=\"og:image\" content=\"https:\/\/dicodusport.fr\/blog\/wp-content\/uploads\/2025\/01\/Transferts-Colomiers-Ugo-Pacome-proche-dun-cador-de-Top-14.png\" \/>\n\t<meta property=\"og:image:width\" content=\"1200\" \/>\n\t<meta property=\"og:image:height\" content=\"674\" \/>\n\t<meta property=\"og:image:type\" content=\"image\/png\" \/>\n<meta name=\"author\" content=\"Flo Ostermann\" \/>\n<meta name=\"twitter:card\" content=\"summary_large_image\" \/>\n<meta name=\"twitter:title\" content=\"Transferts Colomiers : Ugo Pacome proche d&#039;un cador de Top 14\" \/>\n<meta name=\"twitter:creator\" content=\"@https:\/\/twitter.com\/FlOstermann\" \/>\n<meta name=\"twitter:site\" content=\"@dicodusport\" \/>\n<script type=\"application\/ld+json\" class=\"yoast-schema-graph\">{\"@context\":\"https:\/\/schema.org\",\"@graph\":[{\"@type\":\"NewsArticle\",\"@id\":\"https:\/\/dicodusport.fr\/blog\/transferts-colomiers-ugo-pacome-proche-dun-cador-de-top-14\/#article\",\"isPartOf\":{\"@id\":\"https:\/\/dicodusport.fr\/blog\/transferts-colomiers-ugo-pacome-proche-dun-cador-de-top-14\/\"},\"author\":{\"name\":\"Flo Ostermann\",\"@id\":\"https:\/\/dicodusport.fr\/blog\/#\/schema\/person\/cb02af4c173ce4a653b55e9baf388d4a\"},\"headline\":\"Transferts Colomiers : Ugo Pacome proche d&rsquo;un cador de Top 14\",\"datePublished\":\"2025-01-06T14:31:47+00:00\",\"dateModified\":\"2025-01-06T20:17:32+00:00\",\"mainEntityOfPage\":{\"@id\":\"https:\/\/dicodusport.fr\/blog\/transferts-colomiers-ugo-pacome-proche-dun-cador-de-top-14\/\"},\"wordCount\":381,\"commentCount\":0,\"publisher\":{\"@id\":\"https:\/\/dicodusport.fr\/blog\/#organization\"},\"image\":{\"@id\":\"https:\/\/dicodusport.fr\/blog\/transferts-colomiers-ugo-pacome-proche-dun-cador-de-top-14\/#primaryimage\"},\"thumbnailUrl\":\"https:\/\/dicodusport.fr\/blog\/wp-content\/uploads\/2025\/01\/Transferts-Colomiers-Ugo-Pacome-proche-dun-cador-de-Top-14.png\",\"keywords\":[\"br\u00e8ve\",\"Colomiers Rugby\",\"Stade Rochelais\",\"Transferts rugby\"],\"articleSection\":[\"Rugby \u00e0 XV\",\"Top 14\"],\"inLanguage\":\"fr-FR\",\"potentialAction\":[{\"@type\":\"CommentAction\",\"name\":\"Comment\",\"target\":[\"https:\/\/dicodusport.fr\/blog\/transferts-colomiers-ugo-pacome-proche-dun-cador-de-top-14\/#respond\"]}],\"copyrightYear\":\"2025\",\"copyrightHolder\":{\"@id\":\"https:\/\/dicodusport.fr\/blog\/#organization\"}},{\"@type\":\"WebPage\",\"@id\":\"https:\/\/dicodusport.fr\/blog\/transferts-colomiers-ugo-pacome-proche-dun-cador-de-top-14\/\",\"url\":\"https:\/\/dicodusport.fr\/blog\/transferts-colomiers-ugo-pacome-proche-dun-cador-de-top-14\/\",\"name\":\"Transferts Colomiers : Ugo Pacome proche d'un cador de Top 14\",\"isPartOf\":{\"@id\":\"https:\/\/dicodusport.fr\/blog\/#website\"},\"primaryImageOfPage\":{\"@id\":\"https:\/\/dicodusport.fr\/blog\/transferts-colomiers-ugo-pacome-proche-dun-cador-de-top-14\/#primaryimage\"},\"image\":{\"@id\":\"https:\/\/dicodusport.fr\/blog\/transferts-colomiers-ugo-pacome-proche-dun-cador-de-top-14\/#primaryimage\"},\"thumbnailUrl\":\"https:\/\/dicodusport.fr\/blog\/wp-content\/uploads\/2025\/01\/Transferts-Colomiers-Ugo-Pacome-proche-dun-cador-de-Top-14.png\",\"datePublished\":\"2025-01-06T14:31:47+00:00\",\"dateModified\":\"2025-01-06T20:17:32+00:00\",\"description\":\"TRANSFERTS RUGBY - Selon le Midi Olympique, l'arri\u00e8re de Colomiers, Ugo Pacome (19 ans), serait sur les tablettes du Stade Rochelais.\",\"breadcrumb\":{\"@id\":\"https:\/\/dicodusport.fr\/blog\/transferts-colomiers-ugo-pacome-proche-dun-cador-de-top-14\/#breadcrumb\"},\"inLanguage\":\"fr-FR\",\"potentialAction\":[{\"@type\":\"ReadAction\",\"target\":[\"https:\/\/dicodusport.fr\/blog\/transferts-colomiers-ugo-pacome-proche-dun-cador-de-top-14\/\"]}]},{\"@type\":\"ImageObject\",\"inLanguage\":\"fr-FR\",\"@id\":\"https:\/\/dicodusport.fr\/blog\/transferts-colomiers-ugo-pacome-proche-dun-cador-de-top-14\/#primaryimage\",\"url\":\"https:\/\/dicodusport.fr\/blog\/wp-content\/uploads\/2025\/01\/Transferts-Colomiers-Ugo-Pacome-proche-dun-cador-de-Top-14.png\",\"contentUrl\":\"https:\/\/dicodusport.fr\/blog\/wp-content\/uploads\/2025\/01\/Transferts-Colomiers-Ugo-Pacome-proche-dun-cador-de-Top-14.png\",\"width\":1200,\"height\":674,\"caption\":\"Transferts Colomiers Ugo Pacome proche d'un cador de Top 14\"},{\"@type\":\"BreadcrumbList\",\"@id\":\"https:\/\/dicodusport.fr\/blog\/transferts-colomiers-ugo-pacome-proche-dun-cador-de-top-14\/#breadcrumb\",\"itemListElement\":[{\"@type\":\"ListItem\",\"position\":1,\"name\":\"Accueil\",\"item\":\"https:\/\/dicodusport.fr\/blog\/\"},{\"@type\":\"ListItem\",\"position\":2,\"name\":\"Transferts Colomiers : Ugo Pacome proche d&#8217;un cador de Top 14\"}]},{\"@type\":\"WebSite\",\"@id\":\"https:\/\/dicodusport.fr\/blog\/#website\",\"url\":\"https:\/\/dicodusport.fr\/blog\/\",\"name\":\"Dicodusport\",\"description\":\"L&#039;encyclop\u00e9die de l&#039;actualit\u00e9 sportive\",\"publisher\":{\"@id\":\"https:\/\/dicodusport.fr\/blog\/#organization\"},\"potentialAction\":[{\"@type\":\"SearchAction\",\"target\":{\"@type\":\"EntryPoint\",\"urlTemplate\":\"https:\/\/dicodusport.fr\/blog\/?s={search_term_string}\"},\"query-input\":{\"@type\":\"PropertyValueSpecification\",\"valueRequired\":true,\"valueName\":\"search_term_string\"}}],\"inLanguage\":\"fr-FR\"},{\"@type\":\"NewsMediaOrganization\",\"@id\":\"https:\/\/dicodusport.fr\/blog\/#organization\",\"name\":\"Dicodusport\",\"url\":\"https:\/\/dicodusport.fr\/blog\/\",\"logo\":{\"@type\":\"ImageObject\",\"inLanguage\":\"fr-FR\",\"@id\":\"https:\/\/dicodusport.fr\/blog\/#\/schema\/logo\/image\/\",\"url\":\"https:\/\/dicodusport.fr\/blog\/wp-content\/uploads\/2020\/06\/cropped-LOGO-DICODUSPORT-2020-SANS-FOND-SANS-TEXTE.png\",\"contentUrl\":\"https:\/\/dicodusport.fr\/blog\/wp-content\/uploads\/2020\/06\/cropped-LOGO-DICODUSPORT-2020-SANS-FOND-SANS-TEXTE.png\",\"width\":512,\"height\":512,\"caption\":\"Dicodusport\"},\"image\":{\"@id\":\"https:\/\/dicodusport.fr\/blog\/#\/schema\/logo\/image\/\"},\"sameAs\":[\"https:\/\/www.facebook.com\/dicodusport\",\"https:\/\/x.com\/dicodusport\",\"https:\/\/www.instagram.com\/dicodusport\/\",\"https:\/\/www.youtube.com\/channel\/UC7V2KZ5sd3htJivAbA4ZG3w\"],\"description\":\"Dicodusport est l'encyclop\u00e9die de l'actualit\u00e9 sportive.\",\"email\":\"bonjour@dicodusport.fr\",\"legalName\":\"DICODUSPORT\",\"foundingDate\":\"2018-01-14\",\"vatID\":\"FR71834470973\",\"taxID\":\"83447097300043\",\"numberOfEmployees\":{\"@type\":\"QuantitativeValue\",\"minValue\":\"1\",\"maxValue\":\"10\"}},{\"@type\":\"Person\",\"@id\":\"https:\/\/dicodusport.fr\/blog\/#\/schema\/person\/cb02af4c173ce4a653b55e9baf388d4a\",\"name\":\"Flo Ostermann\",\"image\":{\"@type\":\"ImageObject\",\"inLanguage\":\"fr-FR\",\"@id\":\"https:\/\/dicodusport.fr\/blog\/#\/schema\/person\/image\/\",\"url\":\"https:\/\/dicodusport.fr\/blog\/wp-content\/uploads\/2021\/05\/Flo-Ostermann-150x150.jpg\",\"contentUrl\":\"https:\/\/dicodusport.fr\/blog\/wp-content\/uploads\/2021\/05\/Flo-Ostermann-150x150.jpg\",\"caption\":\"Flo Ostermann\"},\"description\":\"Journaliste\/R\u00e9dacteur depuis septembre 2015 - Mes premiers souvenirs dans le sport ? Les envol\u00e9es du Stade Toulousain et les duels Villeneuve-Schumacher et H\u00e4kkinen-Schumacher \u00e0 la fin des ann\u00e9es 90, la Coupe du monde de football en 1998, l\u2019exploit du XV de France face aux All Blacks en 1999, mais aussi Richard C\u0153ur de Lion qui vole sur les montagnes du Tour de France. Bien parti pour devenir professeur d\u2019EPS, les \u00e9v\u00e9nements de la vie (et la flemme d\u2019animer des s\u00e9ances de 3x500 m\u00e8tres toute ma vie) m\u2019ont conduit \u00e0 revoir mes plans. Me voil\u00e0 depuis fin 2017 sur Dicodusport, m\u00e9dia gr\u00e2ce (et pour) lequel je partage ma passion : le sport dans tous ses \u00e9tats. Le tout accompagn\u00e9 par les fous furieux et folles furieuses cit\u00e9s sur cette page !\",\"sameAs\":[\"https:\/\/www.facebook.com\/florent.ostermann\",\"https:\/\/x.com\/https:\/\/twitter.com\/FlOstermann\",\"admin\"],\"url\":\"https:\/\/dicodusport.fr\/blog\/author\/flo\/\"}]}<\/script>\n<!-- \/ Yoast SEO Premium plugin. -->","yoast_head_json":{"title":"Transferts Colomiers : Ugo Pacome proche d'un cador de Top 14","description":"TRANSFERTS RUGBY - Selon le Midi Olympique, l'arri\u00e8re de Colomiers, Ugo Pacome (19 ans), serait sur les tablettes du Stade Rochelais.","robots":{"index":"index","follow":"follow","max-snippet":"max-snippet:-1","max-image-preview":"max-image-preview:large","max-video-preview":"max-video-preview:-1"},"canonical":"https:\/\/dicodusport.fr\/blog\/transferts-colomiers-ugo-pacome-proche-dun-cador-de-top-14\/","og_locale":"fr_FR","og_type":"article","og_title":"Transferts Colomiers : Ugo Pacome proche d'un cador de Top 14","og_description":"TRANSFERTS RUGBY - Selon le Midi Olympique, l'arri\u00e8re de Colomiers, Ugo Pacome (19 ans), serait sur les tablettes du Stade Rochelais.","og_url":"https:\/\/dicodusport.fr\/blog\/transferts-colomiers-ugo-pacome-proche-dun-cador-de-top-14\/","og_site_name":"Dicodusport","article_publisher":"https:\/\/www.facebook.com\/dicodusport","article_author":"https:\/\/www.facebook.com\/florent.ostermann","article_published_time":"2025-01-06T14:31:47+00:00","article_modified_time":"2025-01-06T20:17:32+00:00","og_image":[{"width":1200,"height":674,"url":"https:\/\/dicodusport.fr\/blog\/wp-content\/uploads\/2025\/01\/Transferts-Colomiers-Ugo-Pacome-proche-dun-cador-de-Top-14.png","type":"image\/png"}],"author":"Flo Ostermann","twitter_card":"summary_large_image","twitter_title":"Transferts Colomiers : Ugo Pacome proche d'un cador de Top 14","twitter_creator":"@https:\/\/twitter.com\/FlOstermann","twitter_site":"@dicodusport","schema":{"@context":"https:\/\/schema.org","@graph":[{"@type":"NewsArticle","@id":"https:\/\/dicodusport.fr\/blog\/transferts-colomiers-ugo-pacome-proche-dun-cador-de-top-14\/#article","isPartOf":{"@id":"https:\/\/dicodusport.fr\/blog\/transferts-colomiers-ugo-pacome-proche-dun-cador-de-top-14\/"},"author":{"name":"Flo Ostermann","@id":"https:\/\/dicodusport.fr\/blog\/#\/schema\/person\/cb02af4c173ce4a653b55e9baf388d4a"},"headline":"Transferts Colomiers : Ugo Pacome proche d&rsquo;un cador de Top 14","datePublished":"2025-01-06T14:31:47+00:00","dateModified":"2025-01-06T20:17:32+00:00","mainEntityOfPage":{"@id":"https:\/\/dicodusport.fr\/blog\/transferts-colomiers-ugo-pacome-proche-dun-cador-de-top-14\/"},"wordCount":381,"commentCount":0,"publisher":{"@id":"https:\/\/dicodusport.fr\/blog\/#organization"},"image":{"@id":"https:\/\/dicodusport.fr\/blog\/transferts-colomiers-ugo-pacome-proche-dun-cador-de-top-14\/#primaryimage"},"thumbnailUrl":"https:\/\/dicodusport.fr\/blog\/wp-content\/uploads\/2025\/01\/Transferts-Colomiers-Ugo-Pacome-proche-dun-cador-de-Top-14.png","keywords":["br\u00e8ve","Colomiers Rugby","Stade Rochelais","Transferts rugby"],"articleSection":["Rugby \u00e0 XV","Top 14"],"inLanguage":"fr-FR","potentialAction":[{"@type":"CommentAction","name":"Comment","target":["https:\/\/dicodusport.fr\/blog\/transferts-colomiers-ugo-pacome-proche-dun-cador-de-top-14\/#respond"]}],"copyrightYear":"2025","copyrightHolder":{"@id":"https:\/\/dicodusport.fr\/blog\/#organization"}},{"@type":"WebPage","@id":"https:\/\/dicodusport.fr\/blog\/transferts-colomiers-ugo-pacome-proche-dun-cador-de-top-14\/","url":"https:\/\/dicodusport.fr\/blog\/transferts-colomiers-ugo-pacome-proche-dun-cador-de-top-14\/","name":"Transferts Colomiers : Ugo Pacome proche d'un cador de Top 14","isPartOf":{"@id":"https:\/\/dicodusport.fr\/blog\/#website"},"primaryImageOfPage":{"@id":"https:\/\/dicodusport.fr\/blog\/transferts-colomiers-ugo-pacome-proche-dun-cador-de-top-14\/#primaryimage"},"image":{"@id":"https:\/\/dicodusport.fr\/blog\/transferts-colomiers-ugo-pacome-proche-dun-cador-de-top-14\/#primaryimage"},"thumbnailUrl":"https:\/\/dicodusport.fr\/blog\/wp-content\/uploads\/2025\/01\/Transferts-Colomiers-Ugo-Pacome-proche-dun-cador-de-Top-14.png","datePublished":"2025-01-06T14:31:47+00:00","dateModified":"2025-01-06T20:17:32+00:00","description":"TRANSFERTS RUGBY - Selon le Midi Olympique, l'arri\u00e8re de Colomiers, Ugo Pacome (19 ans), serait sur les tablettes du Stade Rochelais.","breadcrumb":{"@id":"https:\/\/dicodusport.fr\/blog\/transferts-colomiers-ugo-pacome-proche-dun-cador-de-top-14\/#breadcrumb"},"inLanguage":"fr-FR","potentialAction":[{"@type":"ReadAction","target":["https:\/\/dicodusport.fr\/blog\/transferts-colomiers-ugo-pacome-proche-dun-cador-de-top-14\/"]}]},{"@type":"ImageObject","inLanguage":"fr-FR","@id":"https:\/\/dicodusport.fr\/blog\/transferts-colomiers-ugo-pacome-proche-dun-cador-de-top-14\/#primaryimage","url":"https:\/\/dicodusport.fr\/blog\/wp-content\/uploads\/2025\/01\/Transferts-Colomiers-Ugo-Pacome-proche-dun-cador-de-Top-14.png","contentUrl":"https:\/\/dicodusport.fr\/blog\/wp-content\/uploads\/2025\/01\/Transferts-Colomiers-Ugo-Pacome-proche-dun-cador-de-Top-14.png","width":1200,"height":674,"caption":"Transferts Colomiers Ugo Pacome proche d'un cador de Top 14"},{"@type":"BreadcrumbList","@id":"https:\/\/dicodusport.fr\/blog\/transferts-colomiers-ugo-pacome-proche-dun-cador-de-top-14\/#breadcrumb","itemListElement":[{"@type":"ListItem","position":1,"name":"Accueil","item":"https:\/\/dicodusport.fr\/blog\/"},{"@type":"ListItem","position":2,"name":"Transferts Colomiers : Ugo Pacome proche d&#8217;un cador de Top 14"}]},{"@type":"WebSite","@id":"https:\/\/dicodusport.fr\/blog\/#website","url":"https:\/\/dicodusport.fr\/blog\/","name":"Dicodusport","description":"L&#039;encyclop\u00e9die de l&#039;actualit\u00e9 sportive","publisher":{"@id":"https:\/\/dicodusport.fr\/blog\/#organization"},"potentialAction":[{"@type":"SearchAction","target":{"@type":"EntryPoint","urlTemplate":"https:\/\/dicodusport.fr\/blog\/?s={search_term_string}"},"query-input":{"@type":"PropertyValueSpecification","valueRequired":true,"valueName":"search_term_string"}}],"inLanguage":"fr-FR"},{"@type":"NewsMediaOrganization","@id":"https:\/\/dicodusport.fr\/blog\/#organization","name":"Dicodusport","url":"https:\/\/dicodusport.fr\/blog\/","logo":{"@type":"ImageObject","inLanguage":"fr-FR","@id":"https:\/\/dicodusport.fr\/blog\/#\/schema\/logo\/image\/","url":"https:\/\/dicodusport.fr\/blog\/wp-content\/uploads\/2020\/06\/cropped-LOGO-DICODUSPORT-2020-SANS-FOND-SANS-TEXTE.png","contentUrl":"https:\/\/dicodusport.fr\/blog\/wp-content\/uploads\/2020\/06\/cropped-LOGO-DICODUSPORT-2020-SANS-FOND-SANS-TEXTE.png","width":512,"height":512,"caption":"Dicodusport"},"image":{"@id":"https:\/\/dicodusport.fr\/blog\/#\/schema\/logo\/image\/"},"sameAs":["https:\/\/www.facebook.com\/dicodusport","https:\/\/x.com\/dicodusport","https:\/\/www.instagram.com\/dicodusport\/","https:\/\/www.youtube.com\/channel\/UC7V2KZ5sd3htJivAbA4ZG3w"],"description":"Dicodusport est l'encyclop\u00e9die de l'actualit\u00e9 sportive.","email":"bonjour@dicodusport.fr","legalName":"DICODUSPORT","foundingDate":"2018-01-14","vatID":"FR71834470973","taxID":"83447097300043","numberOfEmployees":{"@type":"QuantitativeValue","minValue":"1","maxValue":"10"}},{"@type":"Person","@id":"https:\/\/dicodusport.fr\/blog\/#\/schema\/person\/cb02af4c173ce4a653b55e9baf388d4a","name":"Flo Ostermann","image":{"@type":"ImageObject","inLanguage":"fr-FR","@id":"https:\/\/dicodusport.fr\/blog\/#\/schema\/person\/image\/","url":"https:\/\/dicodusport.fr\/blog\/wp-content\/uploads\/2021\/05\/Flo-Ostermann-150x150.jpg","contentUrl":"https:\/\/dicodusport.fr\/blog\/wp-content\/uploads\/2021\/05\/Flo-Ostermann-150x150.jpg","caption":"Flo Ostermann"},"description":"Journaliste\/R\u00e9dacteur depuis septembre 2015 - Mes premiers souvenirs dans le sport ? Les envol\u00e9es du Stade Toulousain et les duels Villeneuve-Schumacher et H\u00e4kkinen-Schumacher \u00e0 la fin des ann\u00e9es 90, la Coupe du monde de football en 1998, l\u2019exploit du XV de France face aux All Blacks en 1999, mais aussi Richard C\u0153ur de Lion qui vole sur les montagnes du Tour de France. Bien parti pour devenir professeur d\u2019EPS, les \u00e9v\u00e9nements de la vie (et la flemme d\u2019animer des s\u00e9ances de 3x500 m\u00e8tres toute ma vie) m\u2019ont conduit \u00e0 revoir mes plans. Me voil\u00e0 depuis fin 2017 sur Dicodusport, m\u00e9dia gr\u00e2ce (et pour) lequel je partage ma passion : le sport dans tous ses \u00e9tats. Le tout accompagn\u00e9 par les fous furieux et folles furieuses cit\u00e9s sur cette page !","sameAs":["https:\/\/www.facebook.com\/florent.ostermann","https:\/\/x.com\/https:\/\/twitter.com\/FlOstermann","admin"],"url":"https:\/\/dicodusport.fr\/blog\/author\/flo\/"}]}},"_links":{"self":[{"href":"https:\/\/dicodusport.fr\/blog\/wp-json\/wp\/v2\/posts\/544273","targetHints":{"allow":["GET"]}}],"collection":[{"href":"https:\/\/dicodusport.fr\/blog\/wp-json\/wp\/v2\/posts"}],"about":[{"href":"https:\/\/dicodusport.fr\/blog\/wp-json\/wp\/v2\/types\/post"}],"author":[{"embeddable":true,"href":"https:\/\/dicodusport.fr\/blog\/wp-json\/wp\/v2\/users\/4"}],"replies":[{"embeddable":true,"href":"https:\/\/dicodusport.fr\/blog\/wp-json\/wp\/v2\/comments?post=544273"}],"version-history":[{"count":4,"href":"https:\/\/dicodusport.fr\/blog\/wp-json\/wp\/v2\/posts\/544273\/revisions"}],"predecessor-version":[{"id":544319,"href":"https:\/\/dicodusport.fr\/blog\/wp-json\/wp\/v2\/posts\/544273\/revisions\/544319"}],"wp:featuredmedia":[{"embeddable":true,"href":"https:\/\/dicodusport.fr\/blog\/wp-json\/wp\/v2\/media\/544284"}],"wp:attachment":[{"href":"https:\/\/dicodusport.fr\/blog\/wp-json\/wp\/v2\/media?parent=544273"}],"wp:term":[{"taxonomy":"category","embeddable":true,"href":"https:\/\/dicodusport.fr\/blog\/wp-json\/wp\/v2\/categories?post=544273"},{"taxonomy":"post_tag","embeddable":true,"href":"https:\/\/dicodusport.fr\/blog\/wp-json\/wp\/v2\/tags?post=544273"}],"curies":[{"name":"wp","href":"https:\/\/api.w.org\/{rel}","templated":true}]}}