{"id":544369,"date":"2025-01-07T09:48:11","date_gmt":"2025-01-07T08:48:11","guid":{"rendered":"https:\/\/dicodusport.fr\/blog\/?p=544369&#038;preview=true&#038;preview_id=544369"},"modified":"2025-01-07T10:04:05","modified_gmt":"2025-01-07T09:04:05","slug":"dakar-2025-sebastien-loeb-fait-des-tonneaux-sa-voiture-tres-endommage","status":"publish","type":"post","link":"https:\/\/dicodusport.fr\/blog\/dakar-2025-sebastien-loeb-fait-des-tonneaux-sa-voiture-tres-endommage\/","title":{"rendered":"Dakar 2025 : S\u00e9bastien Loeb fait des tonneaux, sa voiture tr\u00e8s endommag\u00e9e"},"content":{"rendered":"<h4 style=\"text-align: justify;\"><em>DAKAR 2025 &#8211; S\u00e9bastien Loeb (Dacia) a fait des tonneaux d\u00e8s le kilom\u00e8tre 12 de la troisi\u00e8me \u00e9tape du Dakar 2025, ce mardi.\u00a0<\/em><\/h4>\n<ul style=\"text-align: justify;\">\n<li><strong>\u00c0 ce sujet &#8211; <a title=\"Dakar 2025 Autos \u2013 Classement 2\u00e8me \u00e9tape\" href=\"https:\/\/dicodusport.fr\/blog\/dakar-2025-autos-classement-3eme-etape\/\" target=\"_blank\" rel=\"noopener\">Dakar 2025 Autos \u2013 Classement 3\u00e8me \u00e9tape<\/a><\/strong><\/li>\n<li><strong>\u00c0 ce sujet &#8211; <a href=\"https:\/\/dicodusport.fr\/blog\/dakar-2025-autos-classement-general\/\">Dakar 2025 Autos \u2013 Classement g\u00e9n\u00e9ral<\/a><\/strong><\/li>\n<\/ul>\n<p style=\"text-align: justify;\">Apr\u00e8s \u00eatre revenu du diable Vauvert sur la deuxi\u00e8me partie de la deuxi\u00e8me \u00e9tape ce lundi, <strong>S\u00e9bastien<\/strong> <strong>Loeb<\/strong> (Dacia) pourrait bien avoir perdu le Dakar d\u00e8s les premiers kilom\u00e8tres de la troisi\u00e8me \u00e9tape. Au kilom\u00e8tre 12, le <strong>Fran\u00e7ais<\/strong> et son co-pilote <strong>Fabian<\/strong> <strong>Lurquin<\/strong> sont partis \u00e0 la faute. L&rsquo;\u00e9quipage a m\u00eame fait plusieurs tonneaux.<\/p>\n<p style=\"text-align: justify;\"><strong>S\u00e9bastien<\/strong> <strong>Loeb<\/strong> a pu reprendre la route en ne conc\u00e9dant que huit minutes aux meilleurs, mais il s&rsquo;est de nouveau arr\u00eat\u00e9 avant le deuxi\u00e8me passage interm\u00e9diaire du kilom\u00e8tre 69. Il faut dire que la Dacia du nonuple champion du monde WRC \u00e9tait tr\u00e8s endommag\u00e9e, comme en t\u00e9moignent les photos des reporters sur place.<\/p>\n<p style=\"text-align: justify;\">Alors qu&rsquo;il \u00e9tait sixi\u00e8me au classement g\u00e9n\u00e9ral avant cette \u00e9tape, le Fran\u00e7ais a dit adieu \u00e0 ses r\u00eaves de <strong>Dakar<\/strong>. Il pourra viser les \u00e9tapes, \u00e0 moins que les dommages de sa voiture l&rsquo;obligent \u00e0 quitter la course pr\u00e9matur\u00e9ment, \u00e0 l&rsquo;instar du tenant du titre, <strong>Carlos Sainz<\/strong> (Ford), la veille.<\/p>\n<blockquote class=\"twitter-tweet\">\n<p dir=\"ltr\" lang=\"in\">Etapa 3 &#8211; <a href=\"https:\/\/twitter.com\/hashtag\/dakar2025?src=hash&amp;ref_src=twsrc%5Etfw\">#dakar2025<\/a>: Loeb capotou. <a href=\"https:\/\/t.co\/uyzSKpdySc\">pic.twitter.com\/uyzSKpdySc<\/a><\/p>\n<p>\u2014 joao carlos costa (@jcccomentador) <a href=\"https:\/\/twitter.com\/jcccomentador\/status\/1876551794408792556?ref_src=twsrc%5Etfw\">January 7, 2025<\/a><\/p><\/blockquote>\n<p><script async src=\"https:\/\/platform.twitter.com\/widgets.js\" charset=\"utf-8\"><\/script><\/p>\n<h2 style=\"text-align: justify;\">\u00c0 ce sujet<\/h2>\n<div class=\"vlp-link-container vlp-layout-article\"><a href=\"https:\/\/dicodusport.fr\/blog\/dakar-2025-nasser-al-attiyah-sebastien-loeb-ricky-brabec-les-favoris-de-cette-edition\/\" class=\"vlp-link\" title=\"Dakar 2025 : Nasser Al-Attiyah, S\u00e9bastien Loeb, Ricky Brabec, les favoris de cette \u00e9dition\"><\/a><div class=\"vlp-layout-zone-side\"><div class=\"vlp-block-4 vlp-link-image\"><img loading=\"lazy\" decoding=\"async\" style=\"max-width: 792px;\" width=\"792\" height=\"445\" src=\"https:\/\/dicodusport.fr\/blog\/wp-content\/uploads\/2025\/01\/Dakar-2025-Nasser-Al-Attiyah-Sebastien-Loeb-Ricky-Brabec-les-favoris-de-cette-edition.png\" class=\"attachment-800x445 size-800x445\" alt=\"Dakar 2025 Nasser Al-Attiyah, S\u00e9bastien Loeb, Ricky Brabec, les favoris de cette \u00e9dition\" srcset=\"https:\/\/dicodusport.fr\/blog\/wp-content\/uploads\/2025\/01\/Dakar-2025-Nasser-Al-Attiyah-Sebastien-Loeb-Ricky-Brabec-les-favoris-de-cette-edition.png 1200w, https:\/\/dicodusport.fr\/blog\/wp-content\/uploads\/2025\/01\/Dakar-2025-Nasser-Al-Attiyah-Sebastien-Loeb-Ricky-Brabec-les-favoris-de-cette-edition-300x169.png 300w, https:\/\/dicodusport.fr\/blog\/wp-content\/uploads\/2025\/01\/Dakar-2025-Nasser-Al-Attiyah-Sebastien-Loeb-Ricky-Brabec-les-favoris-de-cette-edition-1024x575.png 1024w, https:\/\/dicodusport.fr\/blog\/wp-content\/uploads\/2025\/01\/Dakar-2025-Nasser-Al-Attiyah-Sebastien-Loeb-Ricky-Brabec-les-favoris-de-cette-edition-768x431.png 768w\" sizes=\"auto, (max-width: 792px) 100vw, 792px\" \/><\/div><\/div><div class=\"vlp-layout-zone-main\"><div class=\"vlp-block-0 vlp-link-title\">Dakar 2025 : Nasser Al-Attiyah, S\u00e9bastien Loeb, Ricky Brabec, les favoris de cette \u00e9dition<\/div><div class=\"vlp-block-1 vlp-link-summary\">RALLYE DAKAR 2025 \u2013 La 47\u00e8me \u00e9dition du Dakar s\u2019\u00e9lancera demain avec le prologue. L\u2019occasion d\u2019\u00e9voquer les favoris au titre. Qui succ\u00e9dera \u00e0 Carlos Sainz en cat\u00e9gorie auto et \u00e0 Ricky Brabec en cat\u00e9gorie moto ?<\/div><div class=\"vlp-block-2 vlp-link-button\">Lire l'article<\/div><div class=\"vlp-block-3 vlp-link-url\">dicodusport.fr<\/div><\/div><\/div>\n","protected":false},"excerpt":{"rendered":"<p>DAKAR 2025 &#8211; S\u00e9bastien Loeb (Dacia) a fait des tonneaux d\u00e8s le kilom\u00e8tre 12 de la troisi\u00e8me \u00e9tape du Dakar 2025, ce mardi.\u00a0<\/p>\n","protected":false},"author":1,"featured_media":544370,"comment_status":"open","ping_status":"closed","sticky":false,"template":"","format":"standard","meta":{"_acf_changed":false,"_daextam_enable_autolinks":"1","footnotes":""},"categories":[9493],"tags":[16878,2736,7001,3282],"class_list":["post-544369","post","type-post","status-publish","format-standard","has-post-thumbnail","hentry","category-dakar","tag-breve","tag-dakar","tag-loeb","tag-sebastien-loeb"],"acf":[],"yoast_head":"<!-- This site is optimized with the Yoast SEO Premium plugin v26.7 (Yoast SEO v26.7) - https:\/\/yoast.com\/wordpress\/plugins\/seo\/ -->\n<title>Dakar 2025 : S\u00e9bastien Loeb fait des tonneaux, sa voiture tr\u00e8s endommag\u00e9e<\/title>\n<meta name=\"description\" content=\"DAKAR 2025 - S\u00e9bastien Loeb (Dacia) a fait des tonneaux d\u00e8s le kilom\u00e8tre 12 de la troisi\u00e8me \u00e9tape du Dakar 2025, ce mardi.\u00a0\" \/>\n<meta name=\"robots\" content=\"index, follow, max-snippet:-1, max-image-preview:large, max-video-preview:-1\" \/>\n<link rel=\"canonical\" href=\"https:\/\/dicodusport.fr\/blog\/dakar-2025-sebastien-loeb-fait-des-tonneaux-sa-voiture-tres-endommage\/\" \/>\n<meta property=\"og:locale\" content=\"fr_FR\" \/>\n<meta property=\"og:type\" content=\"article\" \/>\n<meta property=\"og:title\" content=\"Dakar 2025 : S\u00e9bastien Loeb fait des tonneaux, sa voiture tr\u00e8s endommag\u00e9e\" \/>\n<meta property=\"og:description\" content=\"DAKAR 2025 - S\u00e9bastien Loeb (Dacia) a fait des tonneaux d\u00e8s le kilom\u00e8tre 12 de la troisi\u00e8me \u00e9tape du Dakar 2025, ce mardi.\u00a0\" \/>\n<meta property=\"og:url\" content=\"https:\/\/dicodusport.fr\/blog\/dakar-2025-sebastien-loeb-fait-des-tonneaux-sa-voiture-tres-endommage\/\" \/>\n<meta property=\"og:site_name\" content=\"Dicodusport\" \/>\n<meta property=\"article:publisher\" content=\"https:\/\/www.facebook.com\/dicodusport\" \/>\n<meta property=\"article:author\" content=\"https:\/\/www.facebook.com\/dicodusport\" \/>\n<meta property=\"article:published_time\" content=\"2025-01-07T08:48:11+00:00\" \/>\n<meta property=\"article:modified_time\" content=\"2025-01-07T09:04:05+00:00\" \/>\n<meta property=\"og:image\" content=\"https:\/\/dicodusport.fr\/blog\/wp-content\/uploads\/2025\/01\/Dakar-2025-Sebastien-Loeb-fait-des-tonneaux-sa-voiture-tres-endommage.png\" \/>\n\t<meta property=\"og:image:width\" content=\"1200\" \/>\n\t<meta property=\"og:image:height\" content=\"674\" \/>\n\t<meta property=\"og:image:type\" content=\"image\/png\" \/>\n<meta name=\"author\" content=\"Nicolas Jacquemard\" \/>\n<meta name=\"twitter:card\" content=\"summary_large_image\" \/>\n<meta name=\"twitter:title\" content=\"Dakar 2025 : S\u00e9bastien Loeb fait des tonneaux, sa voiture tr\u00e8s endommag\u00e9e\" \/>\n<meta name=\"twitter:creator\" content=\"@https:\/\/twitter.com\/Nico_Jacquemard\" \/>\n<meta name=\"twitter:site\" content=\"@dicodusport\" \/>\n<script type=\"application\/ld+json\" class=\"yoast-schema-graph\">{\"@context\":\"https:\/\/schema.org\",\"@graph\":[{\"@type\":\"NewsArticle\",\"@id\":\"https:\/\/dicodusport.fr\/blog\/dakar-2025-sebastien-loeb-fait-des-tonneaux-sa-voiture-tres-endommage\/#article\",\"isPartOf\":{\"@id\":\"https:\/\/dicodusport.fr\/blog\/dakar-2025-sebastien-loeb-fait-des-tonneaux-sa-voiture-tres-endommage\/\"},\"author\":{\"name\":\"Nicolas Jacquemard\",\"@id\":\"https:\/\/dicodusport.fr\/blog\/#\/schema\/person\/55dcb50ad410894e431ed812bbb70191\"},\"headline\":\"Dakar 2025 : S\u00e9bastien Loeb fait des tonneaux, sa voiture tr\u00e8s endommag\u00e9e\",\"datePublished\":\"2025-01-07T08:48:11+00:00\",\"dateModified\":\"2025-01-07T09:04:05+00:00\",\"mainEntityOfPage\":{\"@id\":\"https:\/\/dicodusport.fr\/blog\/dakar-2025-sebastien-loeb-fait-des-tonneaux-sa-voiture-tres-endommage\/\"},\"wordCount\":341,\"commentCount\":0,\"publisher\":{\"@id\":\"https:\/\/dicodusport.fr\/blog\/#organization\"},\"image\":{\"@id\":\"https:\/\/dicodusport.fr\/blog\/dakar-2025-sebastien-loeb-fait-des-tonneaux-sa-voiture-tres-endommage\/#primaryimage\"},\"thumbnailUrl\":\"https:\/\/dicodusport.fr\/blog\/wp-content\/uploads\/2025\/01\/Dakar-2025-Sebastien-Loeb-fait-des-tonneaux-sa-voiture-tres-endommage.png\",\"keywords\":[\"br\u00e8ve\",\"dakar\",\"Loeb\",\"s\u00e9bastien loeb\"],\"articleSection\":[\"Dakar\"],\"inLanguage\":\"fr-FR\",\"potentialAction\":[{\"@type\":\"CommentAction\",\"name\":\"Comment\",\"target\":[\"https:\/\/dicodusport.fr\/blog\/dakar-2025-sebastien-loeb-fait-des-tonneaux-sa-voiture-tres-endommage\/#respond\"]}],\"copyrightYear\":\"2025\",\"copyrightHolder\":{\"@id\":\"https:\/\/dicodusport.fr\/blog\/#organization\"}},{\"@type\":\"WebPage\",\"@id\":\"https:\/\/dicodusport.fr\/blog\/dakar-2025-sebastien-loeb-fait-des-tonneaux-sa-voiture-tres-endommage\/\",\"url\":\"https:\/\/dicodusport.fr\/blog\/dakar-2025-sebastien-loeb-fait-des-tonneaux-sa-voiture-tres-endommage\/\",\"name\":\"Dakar 2025 : S\u00e9bastien Loeb fait des tonneaux, sa voiture tr\u00e8s endommag\u00e9e\",\"isPartOf\":{\"@id\":\"https:\/\/dicodusport.fr\/blog\/#website\"},\"primaryImageOfPage\":{\"@id\":\"https:\/\/dicodusport.fr\/blog\/dakar-2025-sebastien-loeb-fait-des-tonneaux-sa-voiture-tres-endommage\/#primaryimage\"},\"image\":{\"@id\":\"https:\/\/dicodusport.fr\/blog\/dakar-2025-sebastien-loeb-fait-des-tonneaux-sa-voiture-tres-endommage\/#primaryimage\"},\"thumbnailUrl\":\"https:\/\/dicodusport.fr\/blog\/wp-content\/uploads\/2025\/01\/Dakar-2025-Sebastien-Loeb-fait-des-tonneaux-sa-voiture-tres-endommage.png\",\"datePublished\":\"2025-01-07T08:48:11+00:00\",\"dateModified\":\"2025-01-07T09:04:05+00:00\",\"description\":\"DAKAR 2025 - S\u00e9bastien Loeb (Dacia) a fait des tonneaux d\u00e8s le kilom\u00e8tre 12 de la troisi\u00e8me \u00e9tape du Dakar 2025, ce mardi.\u00a0\",\"breadcrumb\":{\"@id\":\"https:\/\/dicodusport.fr\/blog\/dakar-2025-sebastien-loeb-fait-des-tonneaux-sa-voiture-tres-endommage\/#breadcrumb\"},\"inLanguage\":\"fr-FR\",\"potentialAction\":[{\"@type\":\"ReadAction\",\"target\":[\"https:\/\/dicodusport.fr\/blog\/dakar-2025-sebastien-loeb-fait-des-tonneaux-sa-voiture-tres-endommage\/\"]}]},{\"@type\":\"ImageObject\",\"inLanguage\":\"fr-FR\",\"@id\":\"https:\/\/dicodusport.fr\/blog\/dakar-2025-sebastien-loeb-fait-des-tonneaux-sa-voiture-tres-endommage\/#primaryimage\",\"url\":\"https:\/\/dicodusport.fr\/blog\/wp-content\/uploads\/2025\/01\/Dakar-2025-Sebastien-Loeb-fait-des-tonneaux-sa-voiture-tres-endommage.png\",\"contentUrl\":\"https:\/\/dicodusport.fr\/blog\/wp-content\/uploads\/2025\/01\/Dakar-2025-Sebastien-Loeb-fait-des-tonneaux-sa-voiture-tres-endommage.png\",\"width\":1200,\"height\":674},{\"@type\":\"BreadcrumbList\",\"@id\":\"https:\/\/dicodusport.fr\/blog\/dakar-2025-sebastien-loeb-fait-des-tonneaux-sa-voiture-tres-endommage\/#breadcrumb\",\"itemListElement\":[{\"@type\":\"ListItem\",\"position\":1,\"name\":\"Accueil\",\"item\":\"https:\/\/dicodusport.fr\/blog\/\"},{\"@type\":\"ListItem\",\"position\":2,\"name\":\"Dakar 2025 : S\u00e9bastien Loeb fait des tonneaux, sa voiture tr\u00e8s endommag\u00e9e\"}]},{\"@type\":\"WebSite\",\"@id\":\"https:\/\/dicodusport.fr\/blog\/#website\",\"url\":\"https:\/\/dicodusport.fr\/blog\/\",\"name\":\"Dicodusport\",\"description\":\"L&#039;encyclop\u00e9die de l&#039;actualit\u00e9 sportive\",\"publisher\":{\"@id\":\"https:\/\/dicodusport.fr\/blog\/#organization\"},\"potentialAction\":[{\"@type\":\"SearchAction\",\"target\":{\"@type\":\"EntryPoint\",\"urlTemplate\":\"https:\/\/dicodusport.fr\/blog\/?s={search_term_string}\"},\"query-input\":{\"@type\":\"PropertyValueSpecification\",\"valueRequired\":true,\"valueName\":\"search_term_string\"}}],\"inLanguage\":\"fr-FR\"},{\"@type\":\"NewsMediaOrganization\",\"@id\":\"https:\/\/dicodusport.fr\/blog\/#organization\",\"name\":\"Dicodusport\",\"url\":\"https:\/\/dicodusport.fr\/blog\/\",\"logo\":{\"@type\":\"ImageObject\",\"inLanguage\":\"fr-FR\",\"@id\":\"https:\/\/dicodusport.fr\/blog\/#\/schema\/logo\/image\/\",\"url\":\"https:\/\/dicodusport.fr\/blog\/wp-content\/uploads\/2020\/06\/cropped-LOGO-DICODUSPORT-2020-SANS-FOND-SANS-TEXTE.png\",\"contentUrl\":\"https:\/\/dicodusport.fr\/blog\/wp-content\/uploads\/2020\/06\/cropped-LOGO-DICODUSPORT-2020-SANS-FOND-SANS-TEXTE.png\",\"width\":512,\"height\":512,\"caption\":\"Dicodusport\"},\"image\":{\"@id\":\"https:\/\/dicodusport.fr\/blog\/#\/schema\/logo\/image\/\"},\"sameAs\":[\"https:\/\/www.facebook.com\/dicodusport\",\"https:\/\/x.com\/dicodusport\",\"https:\/\/www.instagram.com\/dicodusport\/\",\"https:\/\/www.youtube.com\/channel\/UC7V2KZ5sd3htJivAbA4ZG3w\"],\"description\":\"Dicodusport est l'encyclop\u00e9die de l'actualit\u00e9 sportive.\",\"email\":\"bonjour@dicodusport.fr\",\"legalName\":\"DICODUSPORT\",\"foundingDate\":\"2018-01-14\",\"vatID\":\"FR71834470973\",\"taxID\":\"83447097300043\",\"numberOfEmployees\":{\"@type\":\"QuantitativeValue\",\"minValue\":\"1\",\"maxValue\":\"10\"}},{\"@type\":\"Person\",\"@id\":\"https:\/\/dicodusport.fr\/blog\/#\/schema\/person\/55dcb50ad410894e431ed812bbb70191\",\"name\":\"Nicolas Jacquemard\",\"image\":{\"@type\":\"ImageObject\",\"inLanguage\":\"fr-FR\",\"@id\":\"https:\/\/dicodusport.fr\/blog\/#\/schema\/person\/image\/\",\"url\":\"https:\/\/dicodusport.fr\/blog\/wp-content\/uploads\/2021\/05\/Nicolas-Jacquemard-150x150.jpeg\",\"contentUrl\":\"https:\/\/dicodusport.fr\/blog\/wp-content\/uploads\/2021\/05\/Nicolas-Jacquemard-150x150.jpeg\",\"caption\":\"Nicolas Jacquemard\"},\"description\":\"Passionn\u00e9 de sport et entrepreneur depuis mes 18 ans, la cr\u00e9ation de Dicodusport m'a sembl\u00e9 \u00e9vidente pour participer \u00e0 la m\u00e9diatisation d'un plus grand nombre de sports. Le chemin est long mais avec une \u00e9quipe des plus motiv\u00e9es et les Jeux Olympiques de Paris 2024 en point de mire, nous y arriverons ! Journaliste dans le monde du sport depuis plus de 5 ans, je traite aussi bien de football, de rugby, de biathlon que de cyclisme.\",\"sameAs\":[\"https:\/\/www.facebook.com\/dicodusport\",\"https:\/\/x.com\/https:\/\/twitter.com\/Nico_Jacquemard\"],\"url\":\"https:\/\/dicodusport.fr\/blog\/author\/dicodusport\/\"}]}<\/script>\n<!-- \/ Yoast SEO Premium plugin. -->","yoast_head_json":{"title":"Dakar 2025 : S\u00e9bastien Loeb fait des tonneaux, sa voiture tr\u00e8s endommag\u00e9e","description":"DAKAR 2025 - S\u00e9bastien Loeb (Dacia) a fait des tonneaux d\u00e8s le kilom\u00e8tre 12 de la troisi\u00e8me \u00e9tape du Dakar 2025, ce mardi.\u00a0","robots":{"index":"index","follow":"follow","max-snippet":"max-snippet:-1","max-image-preview":"max-image-preview:large","max-video-preview":"max-video-preview:-1"},"canonical":"https:\/\/dicodusport.fr\/blog\/dakar-2025-sebastien-loeb-fait-des-tonneaux-sa-voiture-tres-endommage\/","og_locale":"fr_FR","og_type":"article","og_title":"Dakar 2025 : S\u00e9bastien Loeb fait des tonneaux, sa voiture tr\u00e8s endommag\u00e9e","og_description":"DAKAR 2025 - S\u00e9bastien Loeb (Dacia) a fait des tonneaux d\u00e8s le kilom\u00e8tre 12 de la troisi\u00e8me \u00e9tape du Dakar 2025, ce mardi.\u00a0","og_url":"https:\/\/dicodusport.fr\/blog\/dakar-2025-sebastien-loeb-fait-des-tonneaux-sa-voiture-tres-endommage\/","og_site_name":"Dicodusport","article_publisher":"https:\/\/www.facebook.com\/dicodusport","article_author":"https:\/\/www.facebook.com\/dicodusport","article_published_time":"2025-01-07T08:48:11+00:00","article_modified_time":"2025-01-07T09:04:05+00:00","og_image":[{"width":1200,"height":674,"url":"https:\/\/dicodusport.fr\/blog\/wp-content\/uploads\/2025\/01\/Dakar-2025-Sebastien-Loeb-fait-des-tonneaux-sa-voiture-tres-endommage.png","type":"image\/png"}],"author":"Nicolas Jacquemard","twitter_card":"summary_large_image","twitter_title":"Dakar 2025 : S\u00e9bastien Loeb fait des tonneaux, sa voiture tr\u00e8s endommag\u00e9e","twitter_creator":"@https:\/\/twitter.com\/Nico_Jacquemard","twitter_site":"@dicodusport","schema":{"@context":"https:\/\/schema.org","@graph":[{"@type":"NewsArticle","@id":"https:\/\/dicodusport.fr\/blog\/dakar-2025-sebastien-loeb-fait-des-tonneaux-sa-voiture-tres-endommage\/#article","isPartOf":{"@id":"https:\/\/dicodusport.fr\/blog\/dakar-2025-sebastien-loeb-fait-des-tonneaux-sa-voiture-tres-endommage\/"},"author":{"name":"Nicolas Jacquemard","@id":"https:\/\/dicodusport.fr\/blog\/#\/schema\/person\/55dcb50ad410894e431ed812bbb70191"},"headline":"Dakar 2025 : S\u00e9bastien Loeb fait des tonneaux, sa voiture tr\u00e8s endommag\u00e9e","datePublished":"2025-01-07T08:48:11+00:00","dateModified":"2025-01-07T09:04:05+00:00","mainEntityOfPage":{"@id":"https:\/\/dicodusport.fr\/blog\/dakar-2025-sebastien-loeb-fait-des-tonneaux-sa-voiture-tres-endommage\/"},"wordCount":341,"commentCount":0,"publisher":{"@id":"https:\/\/dicodusport.fr\/blog\/#organization"},"image":{"@id":"https:\/\/dicodusport.fr\/blog\/dakar-2025-sebastien-loeb-fait-des-tonneaux-sa-voiture-tres-endommage\/#primaryimage"},"thumbnailUrl":"https:\/\/dicodusport.fr\/blog\/wp-content\/uploads\/2025\/01\/Dakar-2025-Sebastien-Loeb-fait-des-tonneaux-sa-voiture-tres-endommage.png","keywords":["br\u00e8ve","dakar","Loeb","s\u00e9bastien loeb"],"articleSection":["Dakar"],"inLanguage":"fr-FR","potentialAction":[{"@type":"CommentAction","name":"Comment","target":["https:\/\/dicodusport.fr\/blog\/dakar-2025-sebastien-loeb-fait-des-tonneaux-sa-voiture-tres-endommage\/#respond"]}],"copyrightYear":"2025","copyrightHolder":{"@id":"https:\/\/dicodusport.fr\/blog\/#organization"}},{"@type":"WebPage","@id":"https:\/\/dicodusport.fr\/blog\/dakar-2025-sebastien-loeb-fait-des-tonneaux-sa-voiture-tres-endommage\/","url":"https:\/\/dicodusport.fr\/blog\/dakar-2025-sebastien-loeb-fait-des-tonneaux-sa-voiture-tres-endommage\/","name":"Dakar 2025 : S\u00e9bastien Loeb fait des tonneaux, sa voiture tr\u00e8s endommag\u00e9e","isPartOf":{"@id":"https:\/\/dicodusport.fr\/blog\/#website"},"primaryImageOfPage":{"@id":"https:\/\/dicodusport.fr\/blog\/dakar-2025-sebastien-loeb-fait-des-tonneaux-sa-voiture-tres-endommage\/#primaryimage"},"image":{"@id":"https:\/\/dicodusport.fr\/blog\/dakar-2025-sebastien-loeb-fait-des-tonneaux-sa-voiture-tres-endommage\/#primaryimage"},"thumbnailUrl":"https:\/\/dicodusport.fr\/blog\/wp-content\/uploads\/2025\/01\/Dakar-2025-Sebastien-Loeb-fait-des-tonneaux-sa-voiture-tres-endommage.png","datePublished":"2025-01-07T08:48:11+00:00","dateModified":"2025-01-07T09:04:05+00:00","description":"DAKAR 2025 - S\u00e9bastien Loeb (Dacia) a fait des tonneaux d\u00e8s le kilom\u00e8tre 12 de la troisi\u00e8me \u00e9tape du Dakar 2025, ce mardi.\u00a0","breadcrumb":{"@id":"https:\/\/dicodusport.fr\/blog\/dakar-2025-sebastien-loeb-fait-des-tonneaux-sa-voiture-tres-endommage\/#breadcrumb"},"inLanguage":"fr-FR","potentialAction":[{"@type":"ReadAction","target":["https:\/\/dicodusport.fr\/blog\/dakar-2025-sebastien-loeb-fait-des-tonneaux-sa-voiture-tres-endommage\/"]}]},{"@type":"ImageObject","inLanguage":"fr-FR","@id":"https:\/\/dicodusport.fr\/blog\/dakar-2025-sebastien-loeb-fait-des-tonneaux-sa-voiture-tres-endommage\/#primaryimage","url":"https:\/\/dicodusport.fr\/blog\/wp-content\/uploads\/2025\/01\/Dakar-2025-Sebastien-Loeb-fait-des-tonneaux-sa-voiture-tres-endommage.png","contentUrl":"https:\/\/dicodusport.fr\/blog\/wp-content\/uploads\/2025\/01\/Dakar-2025-Sebastien-Loeb-fait-des-tonneaux-sa-voiture-tres-endommage.png","width":1200,"height":674},{"@type":"BreadcrumbList","@id":"https:\/\/dicodusport.fr\/blog\/dakar-2025-sebastien-loeb-fait-des-tonneaux-sa-voiture-tres-endommage\/#breadcrumb","itemListElement":[{"@type":"ListItem","position":1,"name":"Accueil","item":"https:\/\/dicodusport.fr\/blog\/"},{"@type":"ListItem","position":2,"name":"Dakar 2025 : S\u00e9bastien Loeb fait des tonneaux, sa voiture tr\u00e8s endommag\u00e9e"}]},{"@type":"WebSite","@id":"https:\/\/dicodusport.fr\/blog\/#website","url":"https:\/\/dicodusport.fr\/blog\/","name":"Dicodusport","description":"L&#039;encyclop\u00e9die de l&#039;actualit\u00e9 sportive","publisher":{"@id":"https:\/\/dicodusport.fr\/blog\/#organization"},"potentialAction":[{"@type":"SearchAction","target":{"@type":"EntryPoint","urlTemplate":"https:\/\/dicodusport.fr\/blog\/?s={search_term_string}"},"query-input":{"@type":"PropertyValueSpecification","valueRequired":true,"valueName":"search_term_string"}}],"inLanguage":"fr-FR"},{"@type":"NewsMediaOrganization","@id":"https:\/\/dicodusport.fr\/blog\/#organization","name":"Dicodusport","url":"https:\/\/dicodusport.fr\/blog\/","logo":{"@type":"ImageObject","inLanguage":"fr-FR","@id":"https:\/\/dicodusport.fr\/blog\/#\/schema\/logo\/image\/","url":"https:\/\/dicodusport.fr\/blog\/wp-content\/uploads\/2020\/06\/cropped-LOGO-DICODUSPORT-2020-SANS-FOND-SANS-TEXTE.png","contentUrl":"https:\/\/dicodusport.fr\/blog\/wp-content\/uploads\/2020\/06\/cropped-LOGO-DICODUSPORT-2020-SANS-FOND-SANS-TEXTE.png","width":512,"height":512,"caption":"Dicodusport"},"image":{"@id":"https:\/\/dicodusport.fr\/blog\/#\/schema\/logo\/image\/"},"sameAs":["https:\/\/www.facebook.com\/dicodusport","https:\/\/x.com\/dicodusport","https:\/\/www.instagram.com\/dicodusport\/","https:\/\/www.youtube.com\/channel\/UC7V2KZ5sd3htJivAbA4ZG3w"],"description":"Dicodusport est l'encyclop\u00e9die de l'actualit\u00e9 sportive.","email":"bonjour@dicodusport.fr","legalName":"DICODUSPORT","foundingDate":"2018-01-14","vatID":"FR71834470973","taxID":"83447097300043","numberOfEmployees":{"@type":"QuantitativeValue","minValue":"1","maxValue":"10"}},{"@type":"Person","@id":"https:\/\/dicodusport.fr\/blog\/#\/schema\/person\/55dcb50ad410894e431ed812bbb70191","name":"Nicolas Jacquemard","image":{"@type":"ImageObject","inLanguage":"fr-FR","@id":"https:\/\/dicodusport.fr\/blog\/#\/schema\/person\/image\/","url":"https:\/\/dicodusport.fr\/blog\/wp-content\/uploads\/2021\/05\/Nicolas-Jacquemard-150x150.jpeg","contentUrl":"https:\/\/dicodusport.fr\/blog\/wp-content\/uploads\/2021\/05\/Nicolas-Jacquemard-150x150.jpeg","caption":"Nicolas Jacquemard"},"description":"Passionn\u00e9 de sport et entrepreneur depuis mes 18 ans, la cr\u00e9ation de Dicodusport m'a sembl\u00e9 \u00e9vidente pour participer \u00e0 la m\u00e9diatisation d'un plus grand nombre de sports. Le chemin est long mais avec une \u00e9quipe des plus motiv\u00e9es et les Jeux Olympiques de Paris 2024 en point de mire, nous y arriverons ! Journaliste dans le monde du sport depuis plus de 5 ans, je traite aussi bien de football, de rugby, de biathlon que de cyclisme.","sameAs":["https:\/\/www.facebook.com\/dicodusport","https:\/\/x.com\/https:\/\/twitter.com\/Nico_Jacquemard"],"url":"https:\/\/dicodusport.fr\/blog\/author\/dicodusport\/"}]}},"_links":{"self":[{"href":"https:\/\/dicodusport.fr\/blog\/wp-json\/wp\/v2\/posts\/544369","targetHints":{"allow":["GET"]}}],"collection":[{"href":"https:\/\/dicodusport.fr\/blog\/wp-json\/wp\/v2\/posts"}],"about":[{"href":"https:\/\/dicodusport.fr\/blog\/wp-json\/wp\/v2\/types\/post"}],"author":[{"embeddable":true,"href":"https:\/\/dicodusport.fr\/blog\/wp-json\/wp\/v2\/users\/1"}],"replies":[{"embeddable":true,"href":"https:\/\/dicodusport.fr\/blog\/wp-json\/wp\/v2\/comments?post=544369"}],"version-history":[{"count":5,"href":"https:\/\/dicodusport.fr\/blog\/wp-json\/wp\/v2\/posts\/544369\/revisions"}],"predecessor-version":[{"id":544379,"href":"https:\/\/dicodusport.fr\/blog\/wp-json\/wp\/v2\/posts\/544369\/revisions\/544379"}],"wp:featuredmedia":[{"embeddable":true,"href":"https:\/\/dicodusport.fr\/blog\/wp-json\/wp\/v2\/media\/544370"}],"wp:attachment":[{"href":"https:\/\/dicodusport.fr\/blog\/wp-json\/wp\/v2\/media?parent=544369"}],"wp:term":[{"taxonomy":"category","embeddable":true,"href":"https:\/\/dicodusport.fr\/blog\/wp-json\/wp\/v2\/categories?post=544369"},{"taxonomy":"post_tag","embeddable":true,"href":"https:\/\/dicodusport.fr\/blog\/wp-json\/wp\/v2\/tags?post=544369"}],"curies":[{"name":"wp","href":"https:\/\/api.w.org\/{rel}","templated":true}]}}