{"id":544393,"date":"2025-01-07T12:16:51","date_gmt":"2025-01-07T11:16:51","guid":{"rendered":"https:\/\/dicodusport.fr\/blog\/?p=544393&#038;preview=true&#038;preview_id=544393"},"modified":"2025-01-07T12:18:13","modified_gmt":"2025-01-07T11:18:13","slug":"rc-toulon-saison-terminee-pour-charles-ollivon-gravement-blesse-au-genou","status":"publish","type":"post","link":"https:\/\/dicodusport.fr\/blog\/rc-toulon-saison-terminee-pour-charles-ollivon-gravement-blesse-au-genou\/","title":{"rendered":"RC Toulon : Saison termin\u00e9e pour Charles Ollivon, gravement bless\u00e9 au genou"},"content":{"rendered":"<h4 style=\"text-align: justify;\"><em>XV DE FRANCE &#8211; RC TOULON &#8211; On s\u2019attendait au pire apr\u00e8s sa sortie sur blessure samedi dernier face au Racing 92. Charles Ollivon souffre d\u2019une rupture d\u2019un ligament crois\u00e9. Il ne rejouera pas cette saison.<\/em><\/h4>\n<p style=\"text-align: justify;\">Les images ne laissaient que peu de place au doute. Sur une reprise d\u2019appui, <strong>Charles Ollivon<\/strong> s\u2019\u00e9croulait ce week-end lors du match face au <a href=\"https:\/\/dicodusport.fr\/blog\/top-14-j14-toulon-tout-bonus-face-au-racing-92\/\">Racing 92<\/a>. Le capitaine du RC Toulon a donc pass\u00e9 une IRM du genou droit ce 7 janvier. Et l\u2019imagerie a confirm\u00e9 ce \u00e0 quoi tout le monde s\u2019attendait\u00a0: rupture du ligament crois\u00e9 du genou droit.<\/p>\n<p style=\"text-align: justify;\">Le troisi\u00e8me ligne international (46 s\u00e9lections) voit donc sa saison s\u2019arr\u00eater brutalement, \u00e0 quelques semaines du d\u00e9but du <a href=\"https:\/\/dicodusport.fr\/blog\/actualites\/rugby\/rugby-a-xv\/tournoi-des-6-nations-2025\/\">Tournoi des 6 Nations 2025<\/a>. Il \u00e9tait pourtant en pleine bourre depuis le d\u00e9but de la saison, \u00e9tant notamment titulaire lors du 3<sup>e<\/sup> match de la tourn\u00e9e d\u2019automne face \u00e0 l\u2019Argentine. Il avait d\u00e9j\u00e0 subi une blessure similaire, \u00e0 l\u2019autre genou, en juin 2021. \u00c0 l\u2019\u00e9poque, il avait mis 9 mois \u00e0 revenir sur les terrains. <i>\u00ab\u00a0Je vais me faire op\u00e9rer prochainement<\/i>, a-t-il annonc\u00e9 sur son compte Instagram. <em>\u00ab<\/em> <i>D\u00e9sormais, je suis \u00e0 200 % derri\u00e8re l&rsquo;\u00e9quipe avant de pouvoir la rejoindre la saison prochaine <\/i><i>\u00bb. <\/i>\u00c0 31 ans, <strong>Charles Ollivon<\/strong> n\u2019aura pas \u00e9t\u00e9 \u00e9pargn\u00e9 par les blessures tout au long de sa carri\u00e8re.<\/p>\n<blockquote class=\"twitter-tweet\">\n<p dir=\"ltr\" lang=\"fr\">\ud835\ude44\ud835\ude63\ud835\ude5b\ud835\ude64 \ud835\ude48\ud835\ude5e\ud835\ude59\ud835\ude5e \ud835\ude4a\ud835\ude61\ud835\ude6e\ud835\ude62\ud835\ude65\ud835\ude5e\ud835\ude66\ud835\ude6a\ud835\ude5a<\/p>\n<p>Bless\u00e9 au genou droit samedi dernier, le capitaine du RCT souffre d&rsquo;une rupture d&rsquo;un ligament crois\u00e9. Sa fin de saison est d&rsquo;ores et d\u00e9j\u00e0 termin\u00e9e.<\/p>\n<p>Plus d&rsquo;infos &gt; <a href=\"https:\/\/t.co\/KS8Re4Ymk3\">https:\/\/t.co\/KS8Re4Ymk3<\/a> <a href=\"https:\/\/t.co\/QfMxs1xXru\">pic.twitter.com\/QfMxs1xXru<\/a><\/p>\n<p>\u2014 RUGBYRAMA (@RugbyramaFR) <a href=\"https:\/\/twitter.com\/RugbyramaFR\/status\/1876571770628837394?ref_src=twsrc%5Etfw\">January 7, 2025<\/a><\/p><\/blockquote>\n<p><script async src=\"https:\/\/platform.twitter.com\/widgets.js\" charset=\"utf-8\"><\/script><\/p>\n","protected":false},"excerpt":{"rendered":"<p>Saison termin\u00e9e pour Charles Ollivon, gravement bless\u00e9 au genou<\/p>\n","protected":false},"author":88,"featured_media":544400,"comment_status":"open","ping_status":"closed","sticky":false,"template":"","format":"standard","meta":{"_acf_changed":false,"_daextam_enable_autolinks":"1","footnotes":""},"categories":[9129,47050],"tags":[32415,16878,10815,3078,9734],"class_list":["post-544393","post","type-post","status-publish","format-standard","has-post-thumbnail","hentry","category-rugby-a-xv","category-top-14","tag-actu","tag-breve","tag-charles-ollivon","tag-rc-toulon","tag-tournoi-des-6-nations"],"acf":[],"yoast_head":"<!-- This site is optimized with the Yoast SEO Premium plugin v26.7 (Yoast SEO v26.7) - https:\/\/yoast.com\/wordpress\/plugins\/seo\/ -->\n<title>RC Toulon : Saison termin\u00e9e pour Charles Ollivon, gravement bless\u00e9 au genou<\/title>\n<meta name=\"description\" content=\"RUGBY - On s\u2019attendait au pire apr\u00e8s sa sortie sur blessure samedi dernier face au Racing 92. Charles Ollivon souffre d\u2019une rupture d\u2019un ligament crois\u00e9. Il ne rejouera pas cette saison.\" \/>\n<meta name=\"robots\" content=\"index, follow, max-snippet:-1, max-image-preview:large, max-video-preview:-1\" \/>\n<link rel=\"canonical\" href=\"https:\/\/dicodusport.fr\/blog\/rc-toulon-saison-terminee-pour-charles-ollivon-gravement-blesse-au-genou\/\" \/>\n<meta property=\"og:locale\" content=\"fr_FR\" \/>\n<meta property=\"og:type\" content=\"article\" \/>\n<meta property=\"og:title\" content=\"RC Toulon : Saison termin\u00e9e pour Charles Ollivon, gravement bless\u00e9 au genou\" \/>\n<meta property=\"og:description\" content=\"RUGBY - On s\u2019attendait au pire apr\u00e8s sa sortie sur blessure samedi dernier face au Racing 92. Charles Ollivon souffre d\u2019une rupture d\u2019un ligament crois\u00e9. Il ne rejouera pas cette saison.\" \/>\n<meta property=\"og:url\" content=\"https:\/\/dicodusport.fr\/blog\/rc-toulon-saison-terminee-pour-charles-ollivon-gravement-blesse-au-genou\/\" \/>\n<meta property=\"og:site_name\" content=\"Dicodusport\" \/>\n<meta property=\"article:publisher\" content=\"https:\/\/www.facebook.com\/dicodusport\" \/>\n<meta property=\"article:published_time\" content=\"2025-01-07T11:16:51+00:00\" \/>\n<meta property=\"article:modified_time\" content=\"2025-01-07T11:18:13+00:00\" \/>\n<meta property=\"og:image\" content=\"https:\/\/dicodusport.fr\/blog\/wp-content\/uploads\/2025\/01\/Toulon-Saison-terminee-pour-Charles-Ollivon-gravement-blesse-au-genou.png\" \/>\n\t<meta property=\"og:image:width\" content=\"1200\" \/>\n\t<meta property=\"og:image:height\" content=\"674\" \/>\n\t<meta property=\"og:image:type\" content=\"image\/png\" \/>\n<meta name=\"author\" content=\"Paul Lalevee\" \/>\n<meta name=\"twitter:card\" content=\"summary_large_image\" \/>\n<meta name=\"twitter:title\" content=\"RC Toulon : Saison termin\u00e9e pour Charles Ollivon, gravement bless\u00e9 au genou\" \/>\n<meta name=\"twitter:creator\" content=\"@dicodusport\" \/>\n<meta name=\"twitter:site\" content=\"@dicodusport\" \/>\n<script type=\"application\/ld+json\" class=\"yoast-schema-graph\">{\"@context\":\"https:\/\/schema.org\",\"@graph\":[{\"@type\":\"NewsArticle\",\"@id\":\"https:\/\/dicodusport.fr\/blog\/rc-toulon-saison-terminee-pour-charles-ollivon-gravement-blesse-au-genou\/#article\",\"isPartOf\":{\"@id\":\"https:\/\/dicodusport.fr\/blog\/rc-toulon-saison-terminee-pour-charles-ollivon-gravement-blesse-au-genou\/\"},\"author\":{\"name\":\"Paul Lalevee\",\"@id\":\"https:\/\/dicodusport.fr\/blog\/#\/schema\/person\/1eaa63dfac40b5e5c47f03a71920c1cd\"},\"headline\":\"RC Toulon : Saison termin\u00e9e pour Charles Ollivon, gravement bless\u00e9 au genou\",\"datePublished\":\"2025-01-07T11:16:51+00:00\",\"dateModified\":\"2025-01-07T11:18:13+00:00\",\"mainEntityOfPage\":{\"@id\":\"https:\/\/dicodusport.fr\/blog\/rc-toulon-saison-terminee-pour-charles-ollivon-gravement-blesse-au-genou\/\"},\"wordCount\":283,\"commentCount\":0,\"publisher\":{\"@id\":\"https:\/\/dicodusport.fr\/blog\/#organization\"},\"image\":{\"@id\":\"https:\/\/dicodusport.fr\/blog\/rc-toulon-saison-terminee-pour-charles-ollivon-gravement-blesse-au-genou\/#primaryimage\"},\"thumbnailUrl\":\"https:\/\/dicodusport.fr\/blog\/wp-content\/uploads\/2025\/01\/Toulon-Saison-terminee-pour-Charles-Ollivon-gravement-blesse-au-genou.png\",\"keywords\":[\"actu\",\"br\u00e8ve\",\"Charles Ollivon\",\"RC Toulon\",\"Tournoi des 6 Nations\"],\"articleSection\":[\"Rugby \u00e0 XV\",\"Top 14\"],\"inLanguage\":\"fr-FR\",\"potentialAction\":[{\"@type\":\"CommentAction\",\"name\":\"Comment\",\"target\":[\"https:\/\/dicodusport.fr\/blog\/rc-toulon-saison-terminee-pour-charles-ollivon-gravement-blesse-au-genou\/#respond\"]}],\"copyrightYear\":\"2025\",\"copyrightHolder\":{\"@id\":\"https:\/\/dicodusport.fr\/blog\/#organization\"}},{\"@type\":\"WebPage\",\"@id\":\"https:\/\/dicodusport.fr\/blog\/rc-toulon-saison-terminee-pour-charles-ollivon-gravement-blesse-au-genou\/\",\"url\":\"https:\/\/dicodusport.fr\/blog\/rc-toulon-saison-terminee-pour-charles-ollivon-gravement-blesse-au-genou\/\",\"name\":\"RC Toulon : Saison termin\u00e9e pour Charles Ollivon, gravement bless\u00e9 au genou\",\"isPartOf\":{\"@id\":\"https:\/\/dicodusport.fr\/blog\/#website\"},\"primaryImageOfPage\":{\"@id\":\"https:\/\/dicodusport.fr\/blog\/rc-toulon-saison-terminee-pour-charles-ollivon-gravement-blesse-au-genou\/#primaryimage\"},\"image\":{\"@id\":\"https:\/\/dicodusport.fr\/blog\/rc-toulon-saison-terminee-pour-charles-ollivon-gravement-blesse-au-genou\/#primaryimage\"},\"thumbnailUrl\":\"https:\/\/dicodusport.fr\/blog\/wp-content\/uploads\/2025\/01\/Toulon-Saison-terminee-pour-Charles-Ollivon-gravement-blesse-au-genou.png\",\"datePublished\":\"2025-01-07T11:16:51+00:00\",\"dateModified\":\"2025-01-07T11:18:13+00:00\",\"description\":\"RUGBY - On s\u2019attendait au pire apr\u00e8s sa sortie sur blessure samedi dernier face au Racing 92. Charles Ollivon souffre d\u2019une rupture d\u2019un ligament crois\u00e9. Il ne rejouera pas cette saison.\",\"breadcrumb\":{\"@id\":\"https:\/\/dicodusport.fr\/blog\/rc-toulon-saison-terminee-pour-charles-ollivon-gravement-blesse-au-genou\/#breadcrumb\"},\"inLanguage\":\"fr-FR\",\"potentialAction\":[{\"@type\":\"ReadAction\",\"target\":[\"https:\/\/dicodusport.fr\/blog\/rc-toulon-saison-terminee-pour-charles-ollivon-gravement-blesse-au-genou\/\"]}]},{\"@type\":\"ImageObject\",\"inLanguage\":\"fr-FR\",\"@id\":\"https:\/\/dicodusport.fr\/blog\/rc-toulon-saison-terminee-pour-charles-ollivon-gravement-blesse-au-genou\/#primaryimage\",\"url\":\"https:\/\/dicodusport.fr\/blog\/wp-content\/uploads\/2025\/01\/Toulon-Saison-terminee-pour-Charles-Ollivon-gravement-blesse-au-genou.png\",\"contentUrl\":\"https:\/\/dicodusport.fr\/blog\/wp-content\/uploads\/2025\/01\/Toulon-Saison-terminee-pour-Charles-Ollivon-gravement-blesse-au-genou.png\",\"width\":1200,\"height\":674,\"caption\":\"Toulon Saison termin\u00e9e pour Charles Ollivon, gravement bless\u00e9 au genou\"},{\"@type\":\"BreadcrumbList\",\"@id\":\"https:\/\/dicodusport.fr\/blog\/rc-toulon-saison-terminee-pour-charles-ollivon-gravement-blesse-au-genou\/#breadcrumb\",\"itemListElement\":[{\"@type\":\"ListItem\",\"position\":1,\"name\":\"Accueil\",\"item\":\"https:\/\/dicodusport.fr\/blog\/\"},{\"@type\":\"ListItem\",\"position\":2,\"name\":\"RC Toulon : Saison termin\u00e9e pour Charles Ollivon, gravement bless\u00e9 au genou\"}]},{\"@type\":\"WebSite\",\"@id\":\"https:\/\/dicodusport.fr\/blog\/#website\",\"url\":\"https:\/\/dicodusport.fr\/blog\/\",\"name\":\"Dicodusport\",\"description\":\"L&#039;encyclop\u00e9die de l&#039;actualit\u00e9 sportive\",\"publisher\":{\"@id\":\"https:\/\/dicodusport.fr\/blog\/#organization\"},\"potentialAction\":[{\"@type\":\"SearchAction\",\"target\":{\"@type\":\"EntryPoint\",\"urlTemplate\":\"https:\/\/dicodusport.fr\/blog\/?s={search_term_string}\"},\"query-input\":{\"@type\":\"PropertyValueSpecification\",\"valueRequired\":true,\"valueName\":\"search_term_string\"}}],\"inLanguage\":\"fr-FR\"},{\"@type\":\"NewsMediaOrganization\",\"@id\":\"https:\/\/dicodusport.fr\/blog\/#organization\",\"name\":\"Dicodusport\",\"url\":\"https:\/\/dicodusport.fr\/blog\/\",\"logo\":{\"@type\":\"ImageObject\",\"inLanguage\":\"fr-FR\",\"@id\":\"https:\/\/dicodusport.fr\/blog\/#\/schema\/logo\/image\/\",\"url\":\"https:\/\/dicodusport.fr\/blog\/wp-content\/uploads\/2020\/06\/cropped-LOGO-DICODUSPORT-2020-SANS-FOND-SANS-TEXTE.png\",\"contentUrl\":\"https:\/\/dicodusport.fr\/blog\/wp-content\/uploads\/2020\/06\/cropped-LOGO-DICODUSPORT-2020-SANS-FOND-SANS-TEXTE.png\",\"width\":512,\"height\":512,\"caption\":\"Dicodusport\"},\"image\":{\"@id\":\"https:\/\/dicodusport.fr\/blog\/#\/schema\/logo\/image\/\"},\"sameAs\":[\"https:\/\/www.facebook.com\/dicodusport\",\"https:\/\/x.com\/dicodusport\",\"https:\/\/www.instagram.com\/dicodusport\/\",\"https:\/\/www.youtube.com\/channel\/UC7V2KZ5sd3htJivAbA4ZG3w\"],\"description\":\"Dicodusport est l'encyclop\u00e9die de l'actualit\u00e9 sportive.\",\"email\":\"bonjour@dicodusport.fr\",\"legalName\":\"DICODUSPORT\",\"foundingDate\":\"2018-01-14\",\"vatID\":\"FR71834470973\",\"taxID\":\"83447097300043\",\"numberOfEmployees\":{\"@type\":\"QuantitativeValue\",\"minValue\":\"1\",\"maxValue\":\"10\"}},{\"@type\":\"Person\",\"@id\":\"https:\/\/dicodusport.fr\/blog\/#\/schema\/person\/1eaa63dfac40b5e5c47f03a71920c1cd\",\"name\":\"Paul Lalevee\",\"image\":{\"@type\":\"ImageObject\",\"inLanguage\":\"fr-FR\",\"@id\":\"https:\/\/dicodusport.fr\/blog\/#\/schema\/person\/image\/\",\"url\":\"https:\/\/dicodusport.fr\/blog\/wp-content\/uploads\/2023\/10\/291154246_1690604071293245_3118259335115946499_n-150x150.jpg\",\"contentUrl\":\"https:\/\/dicodusport.fr\/blog\/wp-content\/uploads\/2023\/10\/291154246_1690604071293245_3118259335115946499_n-150x150.jpg\",\"caption\":\"Paul Lalevee\"},\"description\":\"La bulle Disney pendant le Covid, le Tour 2019, la Coupe du monde 2018. Ces trois \u00e9v\u00e9nements majeurs sont ancr\u00e9s dans ma t\u00eate de fan de sport, n\u00e9gativement ou positivement. Passionn\u00e9 de sport depuis l'enfance, j'ai d\u00e9cid\u00e9 de mettre ma passion de l'\u00e9criture au service de cette premi\u00e8re passion.\",\"url\":\"https:\/\/dicodusport.fr\/blog\/author\/paul-lalevee\/\"}]}<\/script>\n<!-- \/ Yoast SEO Premium plugin. -->","yoast_head_json":{"title":"RC Toulon : Saison termin\u00e9e pour Charles Ollivon, gravement bless\u00e9 au genou","description":"RUGBY - On s\u2019attendait au pire apr\u00e8s sa sortie sur blessure samedi dernier face au Racing 92. Charles Ollivon souffre d\u2019une rupture d\u2019un ligament crois\u00e9. Il ne rejouera pas cette saison.","robots":{"index":"index","follow":"follow","max-snippet":"max-snippet:-1","max-image-preview":"max-image-preview:large","max-video-preview":"max-video-preview:-1"},"canonical":"https:\/\/dicodusport.fr\/blog\/rc-toulon-saison-terminee-pour-charles-ollivon-gravement-blesse-au-genou\/","og_locale":"fr_FR","og_type":"article","og_title":"RC Toulon : Saison termin\u00e9e pour Charles Ollivon, gravement bless\u00e9 au genou","og_description":"RUGBY - On s\u2019attendait au pire apr\u00e8s sa sortie sur blessure samedi dernier face au Racing 92. Charles Ollivon souffre d\u2019une rupture d\u2019un ligament crois\u00e9. Il ne rejouera pas cette saison.","og_url":"https:\/\/dicodusport.fr\/blog\/rc-toulon-saison-terminee-pour-charles-ollivon-gravement-blesse-au-genou\/","og_site_name":"Dicodusport","article_publisher":"https:\/\/www.facebook.com\/dicodusport","article_published_time":"2025-01-07T11:16:51+00:00","article_modified_time":"2025-01-07T11:18:13+00:00","og_image":[{"width":1200,"height":674,"url":"https:\/\/dicodusport.fr\/blog\/wp-content\/uploads\/2025\/01\/Toulon-Saison-terminee-pour-Charles-Ollivon-gravement-blesse-au-genou.png","type":"image\/png"}],"author":"Paul Lalevee","twitter_card":"summary_large_image","twitter_title":"RC Toulon : Saison termin\u00e9e pour Charles Ollivon, gravement bless\u00e9 au genou","twitter_creator":"@dicodusport","twitter_site":"@dicodusport","schema":{"@context":"https:\/\/schema.org","@graph":[{"@type":"NewsArticle","@id":"https:\/\/dicodusport.fr\/blog\/rc-toulon-saison-terminee-pour-charles-ollivon-gravement-blesse-au-genou\/#article","isPartOf":{"@id":"https:\/\/dicodusport.fr\/blog\/rc-toulon-saison-terminee-pour-charles-ollivon-gravement-blesse-au-genou\/"},"author":{"name":"Paul Lalevee","@id":"https:\/\/dicodusport.fr\/blog\/#\/schema\/person\/1eaa63dfac40b5e5c47f03a71920c1cd"},"headline":"RC Toulon : Saison termin\u00e9e pour Charles Ollivon, gravement bless\u00e9 au genou","datePublished":"2025-01-07T11:16:51+00:00","dateModified":"2025-01-07T11:18:13+00:00","mainEntityOfPage":{"@id":"https:\/\/dicodusport.fr\/blog\/rc-toulon-saison-terminee-pour-charles-ollivon-gravement-blesse-au-genou\/"},"wordCount":283,"commentCount":0,"publisher":{"@id":"https:\/\/dicodusport.fr\/blog\/#organization"},"image":{"@id":"https:\/\/dicodusport.fr\/blog\/rc-toulon-saison-terminee-pour-charles-ollivon-gravement-blesse-au-genou\/#primaryimage"},"thumbnailUrl":"https:\/\/dicodusport.fr\/blog\/wp-content\/uploads\/2025\/01\/Toulon-Saison-terminee-pour-Charles-Ollivon-gravement-blesse-au-genou.png","keywords":["actu","br\u00e8ve","Charles Ollivon","RC Toulon","Tournoi des 6 Nations"],"articleSection":["Rugby \u00e0 XV","Top 14"],"inLanguage":"fr-FR","potentialAction":[{"@type":"CommentAction","name":"Comment","target":["https:\/\/dicodusport.fr\/blog\/rc-toulon-saison-terminee-pour-charles-ollivon-gravement-blesse-au-genou\/#respond"]}],"copyrightYear":"2025","copyrightHolder":{"@id":"https:\/\/dicodusport.fr\/blog\/#organization"}},{"@type":"WebPage","@id":"https:\/\/dicodusport.fr\/blog\/rc-toulon-saison-terminee-pour-charles-ollivon-gravement-blesse-au-genou\/","url":"https:\/\/dicodusport.fr\/blog\/rc-toulon-saison-terminee-pour-charles-ollivon-gravement-blesse-au-genou\/","name":"RC Toulon : Saison termin\u00e9e pour Charles Ollivon, gravement bless\u00e9 au genou","isPartOf":{"@id":"https:\/\/dicodusport.fr\/blog\/#website"},"primaryImageOfPage":{"@id":"https:\/\/dicodusport.fr\/blog\/rc-toulon-saison-terminee-pour-charles-ollivon-gravement-blesse-au-genou\/#primaryimage"},"image":{"@id":"https:\/\/dicodusport.fr\/blog\/rc-toulon-saison-terminee-pour-charles-ollivon-gravement-blesse-au-genou\/#primaryimage"},"thumbnailUrl":"https:\/\/dicodusport.fr\/blog\/wp-content\/uploads\/2025\/01\/Toulon-Saison-terminee-pour-Charles-Ollivon-gravement-blesse-au-genou.png","datePublished":"2025-01-07T11:16:51+00:00","dateModified":"2025-01-07T11:18:13+00:00","description":"RUGBY - On s\u2019attendait au pire apr\u00e8s sa sortie sur blessure samedi dernier face au Racing 92. Charles Ollivon souffre d\u2019une rupture d\u2019un ligament crois\u00e9. Il ne rejouera pas cette saison.","breadcrumb":{"@id":"https:\/\/dicodusport.fr\/blog\/rc-toulon-saison-terminee-pour-charles-ollivon-gravement-blesse-au-genou\/#breadcrumb"},"inLanguage":"fr-FR","potentialAction":[{"@type":"ReadAction","target":["https:\/\/dicodusport.fr\/blog\/rc-toulon-saison-terminee-pour-charles-ollivon-gravement-blesse-au-genou\/"]}]},{"@type":"ImageObject","inLanguage":"fr-FR","@id":"https:\/\/dicodusport.fr\/blog\/rc-toulon-saison-terminee-pour-charles-ollivon-gravement-blesse-au-genou\/#primaryimage","url":"https:\/\/dicodusport.fr\/blog\/wp-content\/uploads\/2025\/01\/Toulon-Saison-terminee-pour-Charles-Ollivon-gravement-blesse-au-genou.png","contentUrl":"https:\/\/dicodusport.fr\/blog\/wp-content\/uploads\/2025\/01\/Toulon-Saison-terminee-pour-Charles-Ollivon-gravement-blesse-au-genou.png","width":1200,"height":674,"caption":"Toulon Saison termin\u00e9e pour Charles Ollivon, gravement bless\u00e9 au genou"},{"@type":"BreadcrumbList","@id":"https:\/\/dicodusport.fr\/blog\/rc-toulon-saison-terminee-pour-charles-ollivon-gravement-blesse-au-genou\/#breadcrumb","itemListElement":[{"@type":"ListItem","position":1,"name":"Accueil","item":"https:\/\/dicodusport.fr\/blog\/"},{"@type":"ListItem","position":2,"name":"RC Toulon : Saison termin\u00e9e pour Charles Ollivon, gravement bless\u00e9 au genou"}]},{"@type":"WebSite","@id":"https:\/\/dicodusport.fr\/blog\/#website","url":"https:\/\/dicodusport.fr\/blog\/","name":"Dicodusport","description":"L&#039;encyclop\u00e9die de l&#039;actualit\u00e9 sportive","publisher":{"@id":"https:\/\/dicodusport.fr\/blog\/#organization"},"potentialAction":[{"@type":"SearchAction","target":{"@type":"EntryPoint","urlTemplate":"https:\/\/dicodusport.fr\/blog\/?s={search_term_string}"},"query-input":{"@type":"PropertyValueSpecification","valueRequired":true,"valueName":"search_term_string"}}],"inLanguage":"fr-FR"},{"@type":"NewsMediaOrganization","@id":"https:\/\/dicodusport.fr\/blog\/#organization","name":"Dicodusport","url":"https:\/\/dicodusport.fr\/blog\/","logo":{"@type":"ImageObject","inLanguage":"fr-FR","@id":"https:\/\/dicodusport.fr\/blog\/#\/schema\/logo\/image\/","url":"https:\/\/dicodusport.fr\/blog\/wp-content\/uploads\/2020\/06\/cropped-LOGO-DICODUSPORT-2020-SANS-FOND-SANS-TEXTE.png","contentUrl":"https:\/\/dicodusport.fr\/blog\/wp-content\/uploads\/2020\/06\/cropped-LOGO-DICODUSPORT-2020-SANS-FOND-SANS-TEXTE.png","width":512,"height":512,"caption":"Dicodusport"},"image":{"@id":"https:\/\/dicodusport.fr\/blog\/#\/schema\/logo\/image\/"},"sameAs":["https:\/\/www.facebook.com\/dicodusport","https:\/\/x.com\/dicodusport","https:\/\/www.instagram.com\/dicodusport\/","https:\/\/www.youtube.com\/channel\/UC7V2KZ5sd3htJivAbA4ZG3w"],"description":"Dicodusport est l'encyclop\u00e9die de l'actualit\u00e9 sportive.","email":"bonjour@dicodusport.fr","legalName":"DICODUSPORT","foundingDate":"2018-01-14","vatID":"FR71834470973","taxID":"83447097300043","numberOfEmployees":{"@type":"QuantitativeValue","minValue":"1","maxValue":"10"}},{"@type":"Person","@id":"https:\/\/dicodusport.fr\/blog\/#\/schema\/person\/1eaa63dfac40b5e5c47f03a71920c1cd","name":"Paul Lalevee","image":{"@type":"ImageObject","inLanguage":"fr-FR","@id":"https:\/\/dicodusport.fr\/blog\/#\/schema\/person\/image\/","url":"https:\/\/dicodusport.fr\/blog\/wp-content\/uploads\/2023\/10\/291154246_1690604071293245_3118259335115946499_n-150x150.jpg","contentUrl":"https:\/\/dicodusport.fr\/blog\/wp-content\/uploads\/2023\/10\/291154246_1690604071293245_3118259335115946499_n-150x150.jpg","caption":"Paul Lalevee"},"description":"La bulle Disney pendant le Covid, le Tour 2019, la Coupe du monde 2018. Ces trois \u00e9v\u00e9nements majeurs sont ancr\u00e9s dans ma t\u00eate de fan de sport, n\u00e9gativement ou positivement. Passionn\u00e9 de sport depuis l'enfance, j'ai d\u00e9cid\u00e9 de mettre ma passion de l'\u00e9criture au service de cette premi\u00e8re passion.","url":"https:\/\/dicodusport.fr\/blog\/author\/paul-lalevee\/"}]}},"_links":{"self":[{"href":"https:\/\/dicodusport.fr\/blog\/wp-json\/wp\/v2\/posts\/544393","targetHints":{"allow":["GET"]}}],"collection":[{"href":"https:\/\/dicodusport.fr\/blog\/wp-json\/wp\/v2\/posts"}],"about":[{"href":"https:\/\/dicodusport.fr\/blog\/wp-json\/wp\/v2\/types\/post"}],"author":[{"embeddable":true,"href":"https:\/\/dicodusport.fr\/blog\/wp-json\/wp\/v2\/users\/88"}],"replies":[{"embeddable":true,"href":"https:\/\/dicodusport.fr\/blog\/wp-json\/wp\/v2\/comments?post=544393"}],"version-history":[{"count":5,"href":"https:\/\/dicodusport.fr\/blog\/wp-json\/wp\/v2\/posts\/544393\/revisions"}],"predecessor-version":[{"id":544402,"href":"https:\/\/dicodusport.fr\/blog\/wp-json\/wp\/v2\/posts\/544393\/revisions\/544402"}],"wp:featuredmedia":[{"embeddable":true,"href":"https:\/\/dicodusport.fr\/blog\/wp-json\/wp\/v2\/media\/544400"}],"wp:attachment":[{"href":"https:\/\/dicodusport.fr\/blog\/wp-json\/wp\/v2\/media?parent=544393"}],"wp:term":[{"taxonomy":"category","embeddable":true,"href":"https:\/\/dicodusport.fr\/blog\/wp-json\/wp\/v2\/categories?post=544393"},{"taxonomy":"post_tag","embeddable":true,"href":"https:\/\/dicodusport.fr\/blog\/wp-json\/wp\/v2\/tags?post=544393"}],"curies":[{"name":"wp","href":"https:\/\/api.w.org\/{rel}","templated":true}]}}