{"id":54450,"date":"2019-12-04T17:39:23","date_gmt":"2019-12-04T16:39:23","guid":{"rendered":"http:\/\/dicodusport.fr\/blog\/?p=54450&#038;preview=true&#038;preview_id=54450"},"modified":"2019-12-04T17:57:27","modified_gmt":"2019-12-04T16:57:27","slug":"martin-fourcade-remporte-lindividuel-dostersund-quadruple-historique-de-lequipe-de-france","status":"publish","type":"post","link":"https:\/\/dicodusport.fr\/blog\/martin-fourcade-remporte-lindividuel-dostersund-quadruple-historique-de-lequipe-de-france\/","title":{"rendered":"Martin Fourcade remporte l&rsquo;Individuel d&rsquo;\u00d6stersund, quadrupl\u00e9 historique de l&rsquo;\u00e9quipe de France"},"content":{"rendered":"<p style=\"text-align: justify;\"><em><strong>Biathlon &#8211; Apr\u00e8s quelques jours de repos, les hommes avaient rendez-vous pour le premier individuel de la saison \u00e0 \u00d6stersund.<\/strong><\/em><\/p>\n<p style=\"text-align: justify;\">Tr\u00e8s rapide sur les skis, Martin Fourcade \u00e9tait proche d&rsquo;\u00eatre parfait sur le pas de tir, avec une seule faute sur sa 19\u00e8me balle. Mais cela ne l&#8217;emp\u00eachera pas de s&rsquo;imposer devant un excellent Simon Desthieux qui a lui aussi fait une seule faute sur son premier debout. Le podium sera 100% fran\u00e7ais avec Quentin Fillon Maillet sur la troisi\u00e8me marche, en \u00e9tant vraiment supersonique sur les skis : deux fautes lors du premier couch\u00e9 et une sur le dernier debout le prive d&rsquo;un meilleur r\u00e9sultat.<\/p>\n<p style=\"text-align: justify;\">Comme si cela n&rsquo;\u00e9tait pas suffisant, Emilien Jacquelin, deux fautes seulement aujourd&rsquo;hui, vient prendre la quatri\u00e8me place. Fabien Claude imite son jeune co\u00e9quipier avec un beau 18\/20 pour une 7\u00e8me place finale. Johannes Boe a lui plut\u00f4t bien tir\u00e9 mais le Norv\u00e9gien \u00e9tait dans un jour sans sur les spatules. Apr\u00e8s un premier tour tr\u00e8s rapide, il a petit \u00e0 petit conc\u00e9d\u00e9 beaucoup de temps sur les skis sur les Fran\u00e7ais. Il termine \u00e0 la 10\u00e8me place, juste derri\u00e8re Aleksandr Loginov, Tarjei Boe est 6\u00e8me.<\/p>\n<blockquote class=\"twitter-tweet\">\n<p lang=\"fr\" dir=\"ltr\">MESDAMES, MESSIEURS&#8230;<\/p>\n<p>C&#39;EST UN QUADRUPL\u00c9 FRAN\u00c7AIS HISTORIQUE ! &#x1f4aa;&#x1f1eb;&#x1f1f7; &#x1f60d;<\/p>\n<p>1&#xfe0f;&#x20e3; Martin Fourcade &#x1f1eb;&#x1f1f7; <br \/>2&#xfe0f;&#x20e3; Simon Desthieux &#x1f1eb;&#x1f1f7; <br \/>3&#xfe0f;&#x20e3; Quentin Fillon Maillet&#x1f1eb;&#x1f1f7; <br \/>4&#xfe0f;&#x20e3; \u00c9milien Jacquelin &#x1f1eb;&#x1f1f7; <a href=\"https:\/\/twitter.com\/hashtag\/lequipeBIATHLON?src=hash&amp;ref_src=twsrc%5Etfw\">#lequipeBIATHLON<\/a> <a href=\"https:\/\/t.co\/OUX5JmRHgs\">pic.twitter.com\/OUX5JmRHgs<\/a><\/p>\n<p>&mdash; la chaine L&#39;\u00c9quipe (@lachainelequipe) <a href=\"https:\/\/twitter.com\/lachainelequipe\/status\/1202266689292918784?ref_src=twsrc%5Etfw\">December 4, 2019<\/a><\/p><\/blockquote>\n<p> <script async src=\"https:\/\/platform.twitter.com\/widgets.js\" charset=\"utf-8\"><\/script><\/p>\n<p style=\"text-align: justify;\"><strong><em>Dicodusport<br \/>\n<a href=\"https:\/\/www.facebook.com\/dicodusport\/\" target=\"_blank\" rel=\"noopener\"><img loading=\"lazy\" decoding=\"async\" class=\"alignnone wp-image-2909\" src=\"http:\/\/dicodusport.fr\/blog\/wp-content\/uploads\/2017\/07\/logo-facebook-150x150.png\" alt=\"\" width=\"40\" height=\"40\" \/><\/a><a href=\"https:\/\/twitter.com\/dicodusport\" target=\"_blank\" rel=\"noopener\"><img loading=\"lazy\" decoding=\"async\" class=\"alignnone wp-image-2908\" src=\"http:\/\/dicodusport.fr\/blog\/wp-content\/uploads\/2017\/07\/logo-twitter-150x150.png\" alt=\"\" width=\"39\" height=\"39\" \/><\/a><\/em><\/strong><\/p>\n","protected":false},"excerpt":{"rendered":"<p>Biathlon &#8211; Apr\u00e8s quelques jours de repos, les hommes avaient rendez-vous pour le premier individuel de la saison \u00e0 \u00d6stersund.<\/p>\n","protected":false},"author":1,"featured_media":54451,"comment_status":"open","ping_status":"closed","sticky":false,"template":"","format":"standard","meta":{"_acf_changed":false,"_daextam_enable_autolinks":"","footnotes":""},"categories":[2426],"tags":[3796,2198,2693,2429,9258],"class_list":["post-54450","post","type-post","status-publish","format-standard","has-post-thumbnail","hentry","category-biathlon","tag-desthieux","tag-fourcade","tag-jacquelin","tag-martin-fourcade","tag-ostersund"],"acf":[],"yoast_head":"<!-- This site is optimized with the Yoast SEO Premium plugin v26.7 (Yoast SEO v26.7) - https:\/\/yoast.com\/wordpress\/plugins\/seo\/ -->\n<title>Martin Fourcade remporte l&#039;Individuel d&#039;\u00d6stersund, quadrupl\u00e9 historique de l&#039;\u00e9quipe de France<\/title>\n<meta name=\"description\" content=\"Biathlon - Apr\u00e8s quelques jours de repos, les hommes avaient rendez-vous pour le premier individuel de la saison \u00e0 \u00d6stersund.\" \/>\n<meta name=\"robots\" content=\"index, follow, max-snippet:-1, max-image-preview:large, max-video-preview:-1\" \/>\n<link rel=\"canonical\" href=\"https:\/\/dicodusport.fr\/blog\/martin-fourcade-remporte-lindividuel-dostersund-quadruple-historique-de-lequipe-de-france\/\" \/>\n<meta property=\"og:locale\" content=\"fr_FR\" \/>\n<meta property=\"og:type\" content=\"article\" \/>\n<meta property=\"og:title\" content=\"Martin Fourcade remporte l&#039;Individuel d&#039;\u00d6stersund, quadrupl\u00e9 historique de l&#039;\u00e9quipe de France\" \/>\n<meta property=\"og:description\" content=\"Biathlon - Apr\u00e8s quelques jours de repos, les hommes avaient rendez-vous pour le premier individuel de la saison \u00e0 \u00d6stersund.\" \/>\n<meta property=\"og:url\" content=\"https:\/\/dicodusport.fr\/blog\/martin-fourcade-remporte-lindividuel-dostersund-quadruple-historique-de-lequipe-de-france\/\" \/>\n<meta property=\"og:site_name\" content=\"Dicodusport\" \/>\n<meta property=\"article:publisher\" content=\"https:\/\/www.facebook.com\/dicodusport\" \/>\n<meta property=\"article:author\" content=\"https:\/\/www.facebook.com\/dicodusport\" \/>\n<meta property=\"article:published_time\" content=\"2019-12-04T16:39:23+00:00\" \/>\n<meta property=\"article:modified_time\" content=\"2019-12-04T16:57:27+00:00\" \/>\n<meta property=\"og:image\" content=\"https:\/\/dicodusport.fr\/blog\/wp-content\/uploads\/2019\/12\/Martin-Fourcade-remporte-lIndividuel-\u00e0-Ostersund-quadrupl\u00e9-historique-pour-les-Bleus.png\" \/>\n\t<meta property=\"og:image:width\" content=\"800\" \/>\n\t<meta property=\"og:image:height\" content=\"445\" \/>\n\t<meta property=\"og:image:type\" content=\"image\/png\" \/>\n<meta name=\"author\" content=\"Nicolas Jacquemard\" \/>\n<meta name=\"twitter:card\" content=\"summary_large_image\" \/>\n<meta name=\"twitter:title\" content=\"Martin Fourcade remporte l&#039;Individuel d&#039;\u00d6stersund, quadrupl\u00e9 historique de l&#039;\u00e9quipe de France\" \/>\n<meta name=\"twitter:creator\" content=\"@https:\/\/twitter.com\/Nico_Jacquemard\" \/>\n<meta name=\"twitter:site\" content=\"@dicodusport\" \/>\n<script type=\"application\/ld+json\" class=\"yoast-schema-graph\">{\"@context\":\"https:\/\/schema.org\",\"@graph\":[{\"@type\":\"NewsArticle\",\"@id\":\"https:\/\/dicodusport.fr\/blog\/martin-fourcade-remporte-lindividuel-dostersund-quadruple-historique-de-lequipe-de-france\/#article\",\"isPartOf\":{\"@id\":\"https:\/\/dicodusport.fr\/blog\/martin-fourcade-remporte-lindividuel-dostersund-quadruple-historique-de-lequipe-de-france\/\"},\"author\":{\"name\":\"Nicolas Jacquemard\",\"@id\":\"https:\/\/dicodusport.fr\/blog\/#\/schema\/person\/55dcb50ad410894e431ed812bbb70191\"},\"headline\":\"Martin Fourcade remporte l&rsquo;Individuel d&rsquo;\u00d6stersund, quadrupl\u00e9 historique de l&rsquo;\u00e9quipe de France\",\"datePublished\":\"2019-12-04T16:39:23+00:00\",\"dateModified\":\"2019-12-04T16:57:27+00:00\",\"mainEntityOfPage\":{\"@id\":\"https:\/\/dicodusport.fr\/blog\/martin-fourcade-remporte-lindividuel-dostersund-quadruple-historique-de-lequipe-de-france\/\"},\"wordCount\":304,\"commentCount\":0,\"publisher\":{\"@id\":\"https:\/\/dicodusport.fr\/blog\/#organization\"},\"image\":{\"@id\":\"https:\/\/dicodusport.fr\/blog\/martin-fourcade-remporte-lindividuel-dostersund-quadruple-historique-de-lequipe-de-france\/#primaryimage\"},\"thumbnailUrl\":\"https:\/\/dicodusport.fr\/blog\/wp-content\/uploads\/2019\/12\/Martin-Fourcade-remporte-lIndividuel-\u00e0-Ostersund-quadrupl\u00e9-historique-pour-les-Bleus.png\",\"keywords\":[\"Desthieux\",\"Fourcade\",\"Jacquelin\",\"Martin Fourcade\",\"Ostersund\"],\"articleSection\":[\"Biathlon\"],\"inLanguage\":\"fr-FR\",\"potentialAction\":[{\"@type\":\"CommentAction\",\"name\":\"Comment\",\"target\":[\"https:\/\/dicodusport.fr\/blog\/martin-fourcade-remporte-lindividuel-dostersund-quadruple-historique-de-lequipe-de-france\/#respond\"]}],\"copyrightYear\":\"2019\",\"copyrightHolder\":{\"@id\":\"https:\/\/dicodusport.fr\/blog\/#organization\"}},{\"@type\":\"WebPage\",\"@id\":\"https:\/\/dicodusport.fr\/blog\/martin-fourcade-remporte-lindividuel-dostersund-quadruple-historique-de-lequipe-de-france\/\",\"url\":\"https:\/\/dicodusport.fr\/blog\/martin-fourcade-remporte-lindividuel-dostersund-quadruple-historique-de-lequipe-de-france\/\",\"name\":\"Martin Fourcade remporte l'Individuel d'\u00d6stersund, quadrupl\u00e9 historique de l'\u00e9quipe de France\",\"isPartOf\":{\"@id\":\"https:\/\/dicodusport.fr\/blog\/#website\"},\"primaryImageOfPage\":{\"@id\":\"https:\/\/dicodusport.fr\/blog\/martin-fourcade-remporte-lindividuel-dostersund-quadruple-historique-de-lequipe-de-france\/#primaryimage\"},\"image\":{\"@id\":\"https:\/\/dicodusport.fr\/blog\/martin-fourcade-remporte-lindividuel-dostersund-quadruple-historique-de-lequipe-de-france\/#primaryimage\"},\"thumbnailUrl\":\"https:\/\/dicodusport.fr\/blog\/wp-content\/uploads\/2019\/12\/Martin-Fourcade-remporte-lIndividuel-\u00e0-Ostersund-quadrupl\u00e9-historique-pour-les-Bleus.png\",\"datePublished\":\"2019-12-04T16:39:23+00:00\",\"dateModified\":\"2019-12-04T16:57:27+00:00\",\"description\":\"Biathlon - Apr\u00e8s quelques jours de repos, les hommes avaient rendez-vous pour le premier individuel de la saison \u00e0 \u00d6stersund.\",\"breadcrumb\":{\"@id\":\"https:\/\/dicodusport.fr\/blog\/martin-fourcade-remporte-lindividuel-dostersund-quadruple-historique-de-lequipe-de-france\/#breadcrumb\"},\"inLanguage\":\"fr-FR\",\"potentialAction\":[{\"@type\":\"ReadAction\",\"target\":[\"https:\/\/dicodusport.fr\/blog\/martin-fourcade-remporte-lindividuel-dostersund-quadruple-historique-de-lequipe-de-france\/\"]}]},{\"@type\":\"ImageObject\",\"inLanguage\":\"fr-FR\",\"@id\":\"https:\/\/dicodusport.fr\/blog\/martin-fourcade-remporte-lindividuel-dostersund-quadruple-historique-de-lequipe-de-france\/#primaryimage\",\"url\":\"https:\/\/dicodusport.fr\/blog\/wp-content\/uploads\/2019\/12\/Martin-Fourcade-remporte-lIndividuel-\u00e0-Ostersund-quadrupl\u00e9-historique-pour-les-Bleus.png\",\"contentUrl\":\"https:\/\/dicodusport.fr\/blog\/wp-content\/uploads\/2019\/12\/Martin-Fourcade-remporte-lIndividuel-\u00e0-Ostersund-quadrupl\u00e9-historique-pour-les-Bleus.png\",\"width\":800,\"height\":445},{\"@type\":\"BreadcrumbList\",\"@id\":\"https:\/\/dicodusport.fr\/blog\/martin-fourcade-remporte-lindividuel-dostersund-quadruple-historique-de-lequipe-de-france\/#breadcrumb\",\"itemListElement\":[{\"@type\":\"ListItem\",\"position\":1,\"name\":\"Accueil\",\"item\":\"https:\/\/dicodusport.fr\/blog\/\"},{\"@type\":\"ListItem\",\"position\":2,\"name\":\"Martin Fourcade remporte l&rsquo;Individuel d&rsquo;\u00d6stersund, quadrupl\u00e9 historique de l&rsquo;\u00e9quipe de France\"}]},{\"@type\":\"WebSite\",\"@id\":\"https:\/\/dicodusport.fr\/blog\/#website\",\"url\":\"https:\/\/dicodusport.fr\/blog\/\",\"name\":\"Dicodusport\",\"description\":\"L&#039;encyclop\u00e9die de l&#039;actualit\u00e9 sportive\",\"publisher\":{\"@id\":\"https:\/\/dicodusport.fr\/blog\/#organization\"},\"potentialAction\":[{\"@type\":\"SearchAction\",\"target\":{\"@type\":\"EntryPoint\",\"urlTemplate\":\"https:\/\/dicodusport.fr\/blog\/?s={search_term_string}\"},\"query-input\":{\"@type\":\"PropertyValueSpecification\",\"valueRequired\":true,\"valueName\":\"search_term_string\"}}],\"inLanguage\":\"fr-FR\"},{\"@type\":\"NewsMediaOrganization\",\"@id\":\"https:\/\/dicodusport.fr\/blog\/#organization\",\"name\":\"Dicodusport\",\"url\":\"https:\/\/dicodusport.fr\/blog\/\",\"logo\":{\"@type\":\"ImageObject\",\"inLanguage\":\"fr-FR\",\"@id\":\"https:\/\/dicodusport.fr\/blog\/#\/schema\/logo\/image\/\",\"url\":\"https:\/\/dicodusport.fr\/blog\/wp-content\/uploads\/2020\/06\/cropped-LOGO-DICODUSPORT-2020-SANS-FOND-SANS-TEXTE.png\",\"contentUrl\":\"https:\/\/dicodusport.fr\/blog\/wp-content\/uploads\/2020\/06\/cropped-LOGO-DICODUSPORT-2020-SANS-FOND-SANS-TEXTE.png\",\"width\":512,\"height\":512,\"caption\":\"Dicodusport\"},\"image\":{\"@id\":\"https:\/\/dicodusport.fr\/blog\/#\/schema\/logo\/image\/\"},\"sameAs\":[\"https:\/\/www.facebook.com\/dicodusport\",\"https:\/\/x.com\/dicodusport\",\"https:\/\/www.instagram.com\/dicodusport\/\",\"https:\/\/www.youtube.com\/channel\/UC7V2KZ5sd3htJivAbA4ZG3w\"],\"description\":\"Dicodusport est l'encyclop\u00e9die de l'actualit\u00e9 sportive.\",\"email\":\"bonjour@dicodusport.fr\",\"legalName\":\"DICODUSPORT\",\"foundingDate\":\"2018-01-14\",\"vatID\":\"FR71834470973\",\"taxID\":\"83447097300043\",\"numberOfEmployees\":{\"@type\":\"QuantitativeValue\",\"minValue\":\"1\",\"maxValue\":\"10\"}},{\"@type\":\"Person\",\"@id\":\"https:\/\/dicodusport.fr\/blog\/#\/schema\/person\/55dcb50ad410894e431ed812bbb70191\",\"name\":\"Nicolas Jacquemard\",\"image\":{\"@type\":\"ImageObject\",\"inLanguage\":\"fr-FR\",\"@id\":\"https:\/\/dicodusport.fr\/blog\/#\/schema\/person\/image\/\",\"url\":\"https:\/\/dicodusport.fr\/blog\/wp-content\/uploads\/2021\/05\/Nicolas-Jacquemard-150x150.jpeg\",\"contentUrl\":\"https:\/\/dicodusport.fr\/blog\/wp-content\/uploads\/2021\/05\/Nicolas-Jacquemard-150x150.jpeg\",\"caption\":\"Nicolas Jacquemard\"},\"description\":\"Passionn\u00e9 de sport et entrepreneur depuis mes 18 ans, la cr\u00e9ation de Dicodusport m'a sembl\u00e9 \u00e9vidente pour participer \u00e0 la m\u00e9diatisation d'un plus grand nombre de sports. Le chemin est long mais avec une \u00e9quipe des plus motiv\u00e9es et les Jeux Olympiques de Paris 2024 en point de mire, nous y arriverons ! Journaliste dans le monde du sport depuis plus de 5 ans, je traite aussi bien de football, de rugby, de biathlon que de cyclisme.\",\"sameAs\":[\"https:\/\/www.facebook.com\/dicodusport\",\"https:\/\/x.com\/https:\/\/twitter.com\/Nico_Jacquemard\"],\"url\":\"https:\/\/dicodusport.fr\/blog\/author\/dicodusport\/\"}]}<\/script>\n<!-- \/ Yoast SEO Premium plugin. -->","yoast_head_json":{"title":"Martin Fourcade remporte l'Individuel d'\u00d6stersund, quadrupl\u00e9 historique de l'\u00e9quipe de France","description":"Biathlon - Apr\u00e8s quelques jours de repos, les hommes avaient rendez-vous pour le premier individuel de la saison \u00e0 \u00d6stersund.","robots":{"index":"index","follow":"follow","max-snippet":"max-snippet:-1","max-image-preview":"max-image-preview:large","max-video-preview":"max-video-preview:-1"},"canonical":"https:\/\/dicodusport.fr\/blog\/martin-fourcade-remporte-lindividuel-dostersund-quadruple-historique-de-lequipe-de-france\/","og_locale":"fr_FR","og_type":"article","og_title":"Martin Fourcade remporte l'Individuel d'\u00d6stersund, quadrupl\u00e9 historique de l'\u00e9quipe de France","og_description":"Biathlon - Apr\u00e8s quelques jours de repos, les hommes avaient rendez-vous pour le premier individuel de la saison \u00e0 \u00d6stersund.","og_url":"https:\/\/dicodusport.fr\/blog\/martin-fourcade-remporte-lindividuel-dostersund-quadruple-historique-de-lequipe-de-france\/","og_site_name":"Dicodusport","article_publisher":"https:\/\/www.facebook.com\/dicodusport","article_author":"https:\/\/www.facebook.com\/dicodusport","article_published_time":"2019-12-04T16:39:23+00:00","article_modified_time":"2019-12-04T16:57:27+00:00","og_image":[{"width":800,"height":445,"url":"https:\/\/dicodusport.fr\/blog\/wp-content\/uploads\/2019\/12\/Martin-Fourcade-remporte-lIndividuel-\u00e0-Ostersund-quadrupl\u00e9-historique-pour-les-Bleus.png","type":"image\/png"}],"author":"Nicolas Jacquemard","twitter_card":"summary_large_image","twitter_title":"Martin Fourcade remporte l'Individuel d'\u00d6stersund, quadrupl\u00e9 historique de l'\u00e9quipe de France","twitter_creator":"@https:\/\/twitter.com\/Nico_Jacquemard","twitter_site":"@dicodusport","schema":{"@context":"https:\/\/schema.org","@graph":[{"@type":"NewsArticle","@id":"https:\/\/dicodusport.fr\/blog\/martin-fourcade-remporte-lindividuel-dostersund-quadruple-historique-de-lequipe-de-france\/#article","isPartOf":{"@id":"https:\/\/dicodusport.fr\/blog\/martin-fourcade-remporte-lindividuel-dostersund-quadruple-historique-de-lequipe-de-france\/"},"author":{"name":"Nicolas Jacquemard","@id":"https:\/\/dicodusport.fr\/blog\/#\/schema\/person\/55dcb50ad410894e431ed812bbb70191"},"headline":"Martin Fourcade remporte l&rsquo;Individuel d&rsquo;\u00d6stersund, quadrupl\u00e9 historique de l&rsquo;\u00e9quipe de France","datePublished":"2019-12-04T16:39:23+00:00","dateModified":"2019-12-04T16:57:27+00:00","mainEntityOfPage":{"@id":"https:\/\/dicodusport.fr\/blog\/martin-fourcade-remporte-lindividuel-dostersund-quadruple-historique-de-lequipe-de-france\/"},"wordCount":304,"commentCount":0,"publisher":{"@id":"https:\/\/dicodusport.fr\/blog\/#organization"},"image":{"@id":"https:\/\/dicodusport.fr\/blog\/martin-fourcade-remporte-lindividuel-dostersund-quadruple-historique-de-lequipe-de-france\/#primaryimage"},"thumbnailUrl":"https:\/\/dicodusport.fr\/blog\/wp-content\/uploads\/2019\/12\/Martin-Fourcade-remporte-lIndividuel-\u00e0-Ostersund-quadrupl\u00e9-historique-pour-les-Bleus.png","keywords":["Desthieux","Fourcade","Jacquelin","Martin Fourcade","Ostersund"],"articleSection":["Biathlon"],"inLanguage":"fr-FR","potentialAction":[{"@type":"CommentAction","name":"Comment","target":["https:\/\/dicodusport.fr\/blog\/martin-fourcade-remporte-lindividuel-dostersund-quadruple-historique-de-lequipe-de-france\/#respond"]}],"copyrightYear":"2019","copyrightHolder":{"@id":"https:\/\/dicodusport.fr\/blog\/#organization"}},{"@type":"WebPage","@id":"https:\/\/dicodusport.fr\/blog\/martin-fourcade-remporte-lindividuel-dostersund-quadruple-historique-de-lequipe-de-france\/","url":"https:\/\/dicodusport.fr\/blog\/martin-fourcade-remporte-lindividuel-dostersund-quadruple-historique-de-lequipe-de-france\/","name":"Martin Fourcade remporte l'Individuel d'\u00d6stersund, quadrupl\u00e9 historique de l'\u00e9quipe de France","isPartOf":{"@id":"https:\/\/dicodusport.fr\/blog\/#website"},"primaryImageOfPage":{"@id":"https:\/\/dicodusport.fr\/blog\/martin-fourcade-remporte-lindividuel-dostersund-quadruple-historique-de-lequipe-de-france\/#primaryimage"},"image":{"@id":"https:\/\/dicodusport.fr\/blog\/martin-fourcade-remporte-lindividuel-dostersund-quadruple-historique-de-lequipe-de-france\/#primaryimage"},"thumbnailUrl":"https:\/\/dicodusport.fr\/blog\/wp-content\/uploads\/2019\/12\/Martin-Fourcade-remporte-lIndividuel-\u00e0-Ostersund-quadrupl\u00e9-historique-pour-les-Bleus.png","datePublished":"2019-12-04T16:39:23+00:00","dateModified":"2019-12-04T16:57:27+00:00","description":"Biathlon - Apr\u00e8s quelques jours de repos, les hommes avaient rendez-vous pour le premier individuel de la saison \u00e0 \u00d6stersund.","breadcrumb":{"@id":"https:\/\/dicodusport.fr\/blog\/martin-fourcade-remporte-lindividuel-dostersund-quadruple-historique-de-lequipe-de-france\/#breadcrumb"},"inLanguage":"fr-FR","potentialAction":[{"@type":"ReadAction","target":["https:\/\/dicodusport.fr\/blog\/martin-fourcade-remporte-lindividuel-dostersund-quadruple-historique-de-lequipe-de-france\/"]}]},{"@type":"ImageObject","inLanguage":"fr-FR","@id":"https:\/\/dicodusport.fr\/blog\/martin-fourcade-remporte-lindividuel-dostersund-quadruple-historique-de-lequipe-de-france\/#primaryimage","url":"https:\/\/dicodusport.fr\/blog\/wp-content\/uploads\/2019\/12\/Martin-Fourcade-remporte-lIndividuel-\u00e0-Ostersund-quadrupl\u00e9-historique-pour-les-Bleus.png","contentUrl":"https:\/\/dicodusport.fr\/blog\/wp-content\/uploads\/2019\/12\/Martin-Fourcade-remporte-lIndividuel-\u00e0-Ostersund-quadrupl\u00e9-historique-pour-les-Bleus.png","width":800,"height":445},{"@type":"BreadcrumbList","@id":"https:\/\/dicodusport.fr\/blog\/martin-fourcade-remporte-lindividuel-dostersund-quadruple-historique-de-lequipe-de-france\/#breadcrumb","itemListElement":[{"@type":"ListItem","position":1,"name":"Accueil","item":"https:\/\/dicodusport.fr\/blog\/"},{"@type":"ListItem","position":2,"name":"Martin Fourcade remporte l&rsquo;Individuel d&rsquo;\u00d6stersund, quadrupl\u00e9 historique de l&rsquo;\u00e9quipe de France"}]},{"@type":"WebSite","@id":"https:\/\/dicodusport.fr\/blog\/#website","url":"https:\/\/dicodusport.fr\/blog\/","name":"Dicodusport","description":"L&#039;encyclop\u00e9die de l&#039;actualit\u00e9 sportive","publisher":{"@id":"https:\/\/dicodusport.fr\/blog\/#organization"},"potentialAction":[{"@type":"SearchAction","target":{"@type":"EntryPoint","urlTemplate":"https:\/\/dicodusport.fr\/blog\/?s={search_term_string}"},"query-input":{"@type":"PropertyValueSpecification","valueRequired":true,"valueName":"search_term_string"}}],"inLanguage":"fr-FR"},{"@type":"NewsMediaOrganization","@id":"https:\/\/dicodusport.fr\/blog\/#organization","name":"Dicodusport","url":"https:\/\/dicodusport.fr\/blog\/","logo":{"@type":"ImageObject","inLanguage":"fr-FR","@id":"https:\/\/dicodusport.fr\/blog\/#\/schema\/logo\/image\/","url":"https:\/\/dicodusport.fr\/blog\/wp-content\/uploads\/2020\/06\/cropped-LOGO-DICODUSPORT-2020-SANS-FOND-SANS-TEXTE.png","contentUrl":"https:\/\/dicodusport.fr\/blog\/wp-content\/uploads\/2020\/06\/cropped-LOGO-DICODUSPORT-2020-SANS-FOND-SANS-TEXTE.png","width":512,"height":512,"caption":"Dicodusport"},"image":{"@id":"https:\/\/dicodusport.fr\/blog\/#\/schema\/logo\/image\/"},"sameAs":["https:\/\/www.facebook.com\/dicodusport","https:\/\/x.com\/dicodusport","https:\/\/www.instagram.com\/dicodusport\/","https:\/\/www.youtube.com\/channel\/UC7V2KZ5sd3htJivAbA4ZG3w"],"description":"Dicodusport est l'encyclop\u00e9die de l'actualit\u00e9 sportive.","email":"bonjour@dicodusport.fr","legalName":"DICODUSPORT","foundingDate":"2018-01-14","vatID":"FR71834470973","taxID":"83447097300043","numberOfEmployees":{"@type":"QuantitativeValue","minValue":"1","maxValue":"10"}},{"@type":"Person","@id":"https:\/\/dicodusport.fr\/blog\/#\/schema\/person\/55dcb50ad410894e431ed812bbb70191","name":"Nicolas Jacquemard","image":{"@type":"ImageObject","inLanguage":"fr-FR","@id":"https:\/\/dicodusport.fr\/blog\/#\/schema\/person\/image\/","url":"https:\/\/dicodusport.fr\/blog\/wp-content\/uploads\/2021\/05\/Nicolas-Jacquemard-150x150.jpeg","contentUrl":"https:\/\/dicodusport.fr\/blog\/wp-content\/uploads\/2021\/05\/Nicolas-Jacquemard-150x150.jpeg","caption":"Nicolas Jacquemard"},"description":"Passionn\u00e9 de sport et entrepreneur depuis mes 18 ans, la cr\u00e9ation de Dicodusport m'a sembl\u00e9 \u00e9vidente pour participer \u00e0 la m\u00e9diatisation d'un plus grand nombre de sports. Le chemin est long mais avec une \u00e9quipe des plus motiv\u00e9es et les Jeux Olympiques de Paris 2024 en point de mire, nous y arriverons ! Journaliste dans le monde du sport depuis plus de 5 ans, je traite aussi bien de football, de rugby, de biathlon que de cyclisme.","sameAs":["https:\/\/www.facebook.com\/dicodusport","https:\/\/x.com\/https:\/\/twitter.com\/Nico_Jacquemard"],"url":"https:\/\/dicodusport.fr\/blog\/author\/dicodusport\/"}]}},"_links":{"self":[{"href":"https:\/\/dicodusport.fr\/blog\/wp-json\/wp\/v2\/posts\/54450","targetHints":{"allow":["GET"]}}],"collection":[{"href":"https:\/\/dicodusport.fr\/blog\/wp-json\/wp\/v2\/posts"}],"about":[{"href":"https:\/\/dicodusport.fr\/blog\/wp-json\/wp\/v2\/types\/post"}],"author":[{"embeddable":true,"href":"https:\/\/dicodusport.fr\/blog\/wp-json\/wp\/v2\/users\/1"}],"replies":[{"embeddable":true,"href":"https:\/\/dicodusport.fr\/blog\/wp-json\/wp\/v2\/comments?post=54450"}],"version-history":[{"count":0,"href":"https:\/\/dicodusport.fr\/blog\/wp-json\/wp\/v2\/posts\/54450\/revisions"}],"wp:featuredmedia":[{"embeddable":true,"href":"https:\/\/dicodusport.fr\/blog\/wp-json\/wp\/v2\/media\/54451"}],"wp:attachment":[{"href":"https:\/\/dicodusport.fr\/blog\/wp-json\/wp\/v2\/media?parent=54450"}],"wp:term":[{"taxonomy":"category","embeddable":true,"href":"https:\/\/dicodusport.fr\/blog\/wp-json\/wp\/v2\/categories?post=54450"},{"taxonomy":"post_tag","embeddable":true,"href":"https:\/\/dicodusport.fr\/blog\/wp-json\/wp\/v2\/tags?post=54450"}],"curies":[{"name":"wp","href":"https:\/\/api.w.org\/{rel}","templated":true}]}}