{"id":544648,"date":"2025-01-08T15:46:23","date_gmt":"2025-01-08T14:46:23","guid":{"rendered":"https:\/\/dicodusport.fr\/blog\/?p=544648&#038;preview=true&#038;preview_id=544648"},"modified":"2025-01-08T16:16:25","modified_gmt":"2025-01-08T15:16:25","slug":"transferts-ol-thiago-almada-va-etre-prete-gratuitement-par-botafogo","status":"publish","type":"post","link":"https:\/\/dicodusport.fr\/blog\/transferts-ol-thiago-almada-va-etre-prete-gratuitement-par-botafogo\/","title":{"rendered":"Transferts OL : Thiago Almada va \u00eatre pr\u00eat\u00e9 gratuitement par Botafogo"},"content":{"rendered":"<h4 style=\"text-align: justify;\"><em>LIGUE 1 &#8211; Interdit de recrutement, l&rsquo;Olympique Lyonnais va tout de m\u00eame pouvoir b\u00e9n\u00e9ficier d&rsquo;un renfort de poids. Le milieu offensif Thiago Almada va en effet \u00eatre pr\u00eat\u00e9 gratuitement par Botafogo jusqu&rsquo;\u00e0 la fin de la saison.<\/em><\/h4>\n<p style=\"text-align: justify;\">Toujours min\u00e9 par de s\u00e9rieux probl\u00e8mes financiers, l&rsquo;<strong>Olympique Lyonnais<\/strong> semblait ne pas pouvoir se renforcer cet hiver suite \u00e0 l&rsquo;interdiction de recrutement prononc\u00e9e \u00e0 son encontre. Mais la multipropri\u00e9t\u00e9 va finalement permettre de contourner le probl\u00e8me. En effet, selon les informations de <a href=\"https:\/\/www.lequipe.fr\/Football\/Actualites\/Mercato-thiago-almada-arrive-vendredi-a-lyon\/1530817\"><em>L&rsquo;\u00c9quipe<\/em><\/a>, les Gones vont pouvoir compter sur l&rsquo;arriv\u00e9e de l&rsquo;international argentin <strong>Thiago Almada<\/strong>.<\/p>\n<h2>Thiago Almada, un renfort de poids gratuit<\/h2>\n<p style=\"text-align: justify;\">Ce dernier \u00e9volue depuis plusieurs mois au sein d&rsquo;un autre club propri\u00e9t\u00e9 de la galaxie <em>Eagle<\/em> de John Textor, <strong>Botafogo<\/strong>. D\u00e9barqu\u00e9 au Br\u00e9sil l&rsquo;\u00e9t\u00e9 dernier pour pr\u00e8s de 20M\u20ac, il sortait de plusieurs ann\u00e9es convaincantes \u00e0 <strong>Atlanta<\/strong>, o\u00f9 il s&rsquo;\u00e9tait impos\u00e9 comme l&rsquo;un des meilleurs joueurs de <strong>MLS<\/strong>. Avec le club br\u00e9silien, il a particip\u00e9 aux conqu\u00eates du championnat local, et de la Copa Libertadores. Du haut de ses 23 ans, il compte 6 s\u00e9lections avec l&rsquo;Albiceleste, et avait notamment affront\u00e9 l&rsquo;\u00c9quipe de France en ao\u00fbt dernier, lors des Jeux Olympiques. Sa volont\u00e9 de rejoindre l&rsquo;Europe \u00e9tait connu depuis plusieurs mois, et l&rsquo;OL a profit\u00e9 de cette situation pour ramener la p\u00e9pite dans le Rh\u00f4ne.<\/p>\n<p style=\"text-align: justify;\">Convoit\u00e9 par de grosses \u00e9curies europ\u00e9ennes, il avait notamment fait l&rsquo;objet d&rsquo;une offre ferme de l&rsquo;<strong>Atl\u00e9tico Madrid<\/strong> ces derniers jours, mais <strong>c&rsquo;est bien \u00e0 Lyon qu&rsquo;il s&rsquo;appr\u00eate \u00e0 d\u00e9couvrir le football europ\u00e9en<\/strong>. Du haut de son m\u00e8tre 71, cet ailier vif et technique, capable de jouer sur les deux c\u00f4t\u00e9s, mais \u00e9galement dans un r\u00f4le de num\u00e9ro 10, va apporter un poids suppl\u00e9mentaire non n\u00e9gligeable \u00e0 l&rsquo;offensive des Gones. Attendu \u00e0 Lyon ce vendredi pour effectuer les ultimes formalit\u00e9s, dont la visite m\u00e9dicale, il devrait \u00eatre pr\u00e9sent\u00e9 officiellement en fin de semaine.<\/p>\n<blockquote class=\"twitter-tweet\">\n<p dir=\"ltr\" lang=\"fr\">Thiago Almada arrive \u00e0 l\u2019OL<\/p>\n<p>Le milieu argentin arrive ce week-end pour passer sa visite m\u00e9dicale.<\/p>\n<p>Il rejoindra l\u2019OL sous la forme d\u2019un pr\u00eat gratuit jusqu\u2019en fin de saison.<\/p>\n<p>(L\u2019Equipe) <a href=\"https:\/\/t.co\/4MaLqlNlU1\">pic.twitter.com\/4MaLqlNlU1<\/a><\/p>\n<p>\u2014 Only Gones (@OnlyGones) <a href=\"https:\/\/twitter.com\/OnlyGones\/status\/1876996072867831909?ref_src=twsrc%5Etfw\">January 8, 2025<\/a><\/p><\/blockquote>\n<p><script async src=\"https:\/\/platform.twitter.com\/widgets.js\" charset=\"utf-8\"><\/script><\/p>\n","protected":false},"excerpt":{"rendered":"<p>LIGUE 1 &#8211; Interdit de recrutement, l&rsquo;Olympique Lyonnais va tout de m\u00eame pouvoir b\u00e9n\u00e9ficier d&rsquo;un renfort de poids. Le milieu offensif Thiago Almada va en effet \u00eatre pr\u00eat\u00e9 gratuitement par Botafogo jusqu&rsquo;\u00e0 la fin de la saison.<\/p>\n","protected":false},"author":55,"featured_media":544651,"comment_status":"open","ping_status":"closed","sticky":false,"template":"","format":"standard","meta":{"_acf_changed":false,"_daextam_enable_autolinks":"1","footnotes":""},"categories":[2301],"tags":[16878,75,1554,1145,1146],"class_list":["post-544648","post","type-post","status-publish","format-standard","has-post-thumbnail","hentry","category-football","tag-breve","tag-football","tag-ligue-1","tag-ol","tag-olympique-lyonnais"],"acf":[],"yoast_head":"<!-- This site is optimized with the Yoast SEO Premium plugin v26.7 (Yoast SEO v26.7) - https:\/\/yoast.com\/wordpress\/plugins\/seo\/ -->\n<title>Transferts OL : Thiago Almada va \u00eatre pr\u00eat\u00e9 gratuitement par Botafogo<\/title>\n<meta name=\"description\" content=\"LIGUE 1 - Interdit de recrutement, l&#039;Olympique Lyonnais va tout de m\u00eame pouvoir compter sur un renfort de poids en Thiago Almada.\" \/>\n<meta name=\"robots\" content=\"index, follow, max-snippet:-1, max-image-preview:large, max-video-preview:-1\" \/>\n<link rel=\"canonical\" href=\"https:\/\/dicodusport.fr\/blog\/transferts-ol-thiago-almada-va-etre-prete-gratuitement-par-botafogo\/\" \/>\n<meta property=\"og:locale\" content=\"fr_FR\" \/>\n<meta property=\"og:type\" content=\"article\" \/>\n<meta property=\"og:title\" content=\"Transferts OL : Thiago Almada va \u00eatre pr\u00eat\u00e9 gratuitement par Botafogo\" \/>\n<meta property=\"og:description\" content=\"LIGUE 1 - Interdit de recrutement, l&#039;Olympique Lyonnais va tout de m\u00eame pouvoir compter sur un renfort de poids en Thiago Almada.\" \/>\n<meta property=\"og:url\" content=\"https:\/\/dicodusport.fr\/blog\/transferts-ol-thiago-almada-va-etre-prete-gratuitement-par-botafogo\/\" \/>\n<meta property=\"og:site_name\" content=\"Dicodusport\" \/>\n<meta property=\"article:publisher\" content=\"https:\/\/www.facebook.com\/dicodusport\" \/>\n<meta property=\"article:published_time\" content=\"2025-01-08T14:46:23+00:00\" \/>\n<meta property=\"article:modified_time\" content=\"2025-01-08T15:16:25+00:00\" \/>\n<meta property=\"og:image\" content=\"https:\/\/dicodusport.fr\/blog\/wp-content\/uploads\/2025\/01\/Thiago.png\" \/>\n\t<meta property=\"og:image:width\" content=\"1200\" \/>\n\t<meta property=\"og:image:height\" content=\"674\" \/>\n\t<meta property=\"og:image:type\" content=\"image\/png\" \/>\n<meta name=\"author\" content=\"Maxime Cazenave\" \/>\n<meta name=\"twitter:card\" content=\"summary_large_image\" \/>\n<meta name=\"twitter:title\" content=\"Transferts OL : Thiago Almada va \u00eatre pr\u00eat\u00e9 gratuitement par Botafogo\" \/>\n<meta name=\"twitter:creator\" content=\"@https:\/\/twitter.com\/Maxime_Caze\" \/>\n<meta name=\"twitter:site\" content=\"@dicodusport\" \/>\n<script type=\"application\/ld+json\" class=\"yoast-schema-graph\">{\"@context\":\"https:\/\/schema.org\",\"@graph\":[{\"@type\":\"NewsArticle\",\"@id\":\"https:\/\/dicodusport.fr\/blog\/transferts-ol-thiago-almada-va-etre-prete-gratuitement-par-botafogo\/#article\",\"isPartOf\":{\"@id\":\"https:\/\/dicodusport.fr\/blog\/transferts-ol-thiago-almada-va-etre-prete-gratuitement-par-botafogo\/\"},\"author\":{\"name\":\"Maxime Cazenave\",\"@id\":\"https:\/\/dicodusport.fr\/blog\/#\/schema\/person\/37def232098a7a5cbab3974a3690abb0\"},\"headline\":\"Transferts OL : Thiago Almada va \u00eatre pr\u00eat\u00e9 gratuitement par Botafogo\",\"datePublished\":\"2025-01-08T14:46:23+00:00\",\"dateModified\":\"2025-01-08T15:16:25+00:00\",\"mainEntityOfPage\":{\"@id\":\"https:\/\/dicodusport.fr\/blog\/transferts-ol-thiago-almada-va-etre-prete-gratuitement-par-botafogo\/\"},\"wordCount\":407,\"commentCount\":0,\"publisher\":{\"@id\":\"https:\/\/dicodusport.fr\/blog\/#organization\"},\"image\":{\"@id\":\"https:\/\/dicodusport.fr\/blog\/transferts-ol-thiago-almada-va-etre-prete-gratuitement-par-botafogo\/#primaryimage\"},\"thumbnailUrl\":\"https:\/\/dicodusport.fr\/blog\/wp-content\/uploads\/2025\/01\/Thiago.png\",\"keywords\":[\"br\u00e8ve\",\"Football\",\"Ligue 1\",\"OL\",\"Olympique lyonnais\"],\"articleSection\":[\"Football\"],\"inLanguage\":\"fr-FR\",\"potentialAction\":[{\"@type\":\"CommentAction\",\"name\":\"Comment\",\"target\":[\"https:\/\/dicodusport.fr\/blog\/transferts-ol-thiago-almada-va-etre-prete-gratuitement-par-botafogo\/#respond\"]}],\"copyrightYear\":\"2025\",\"copyrightHolder\":{\"@id\":\"https:\/\/dicodusport.fr\/blog\/#organization\"}},{\"@type\":\"WebPage\",\"@id\":\"https:\/\/dicodusport.fr\/blog\/transferts-ol-thiago-almada-va-etre-prete-gratuitement-par-botafogo\/\",\"url\":\"https:\/\/dicodusport.fr\/blog\/transferts-ol-thiago-almada-va-etre-prete-gratuitement-par-botafogo\/\",\"name\":\"Transferts OL : Thiago Almada va \u00eatre pr\u00eat\u00e9 gratuitement par Botafogo\",\"isPartOf\":{\"@id\":\"https:\/\/dicodusport.fr\/blog\/#website\"},\"primaryImageOfPage\":{\"@id\":\"https:\/\/dicodusport.fr\/blog\/transferts-ol-thiago-almada-va-etre-prete-gratuitement-par-botafogo\/#primaryimage\"},\"image\":{\"@id\":\"https:\/\/dicodusport.fr\/blog\/transferts-ol-thiago-almada-va-etre-prete-gratuitement-par-botafogo\/#primaryimage\"},\"thumbnailUrl\":\"https:\/\/dicodusport.fr\/blog\/wp-content\/uploads\/2025\/01\/Thiago.png\",\"datePublished\":\"2025-01-08T14:46:23+00:00\",\"dateModified\":\"2025-01-08T15:16:25+00:00\",\"description\":\"LIGUE 1 - Interdit de recrutement, l'Olympique Lyonnais va tout de m\u00eame pouvoir compter sur un renfort de poids en Thiago Almada.\",\"breadcrumb\":{\"@id\":\"https:\/\/dicodusport.fr\/blog\/transferts-ol-thiago-almada-va-etre-prete-gratuitement-par-botafogo\/#breadcrumb\"},\"inLanguage\":\"fr-FR\",\"potentialAction\":[{\"@type\":\"ReadAction\",\"target\":[\"https:\/\/dicodusport.fr\/blog\/transferts-ol-thiago-almada-va-etre-prete-gratuitement-par-botafogo\/\"]}]},{\"@type\":\"ImageObject\",\"inLanguage\":\"fr-FR\",\"@id\":\"https:\/\/dicodusport.fr\/blog\/transferts-ol-thiago-almada-va-etre-prete-gratuitement-par-botafogo\/#primaryimage\",\"url\":\"https:\/\/dicodusport.fr\/blog\/wp-content\/uploads\/2025\/01\/Thiago.png\",\"contentUrl\":\"https:\/\/dicodusport.fr\/blog\/wp-content\/uploads\/2025\/01\/Thiago.png\",\"width\":1200,\"height\":674,\"caption\":\"Transferts OL : Thiago Almada va \u00eatre pr\u00eat\u00e9 gratuitement par Botafogo\"},{\"@type\":\"BreadcrumbList\",\"@id\":\"https:\/\/dicodusport.fr\/blog\/transferts-ol-thiago-almada-va-etre-prete-gratuitement-par-botafogo\/#breadcrumb\",\"itemListElement\":[{\"@type\":\"ListItem\",\"position\":1,\"name\":\"Accueil\",\"item\":\"https:\/\/dicodusport.fr\/blog\/\"},{\"@type\":\"ListItem\",\"position\":2,\"name\":\"Transferts OL : Thiago Almada va \u00eatre pr\u00eat\u00e9 gratuitement par Botafogo\"}]},{\"@type\":\"WebSite\",\"@id\":\"https:\/\/dicodusport.fr\/blog\/#website\",\"url\":\"https:\/\/dicodusport.fr\/blog\/\",\"name\":\"Dicodusport\",\"description\":\"L&#039;encyclop\u00e9die de l&#039;actualit\u00e9 sportive\",\"publisher\":{\"@id\":\"https:\/\/dicodusport.fr\/blog\/#organization\"},\"potentialAction\":[{\"@type\":\"SearchAction\",\"target\":{\"@type\":\"EntryPoint\",\"urlTemplate\":\"https:\/\/dicodusport.fr\/blog\/?s={search_term_string}\"},\"query-input\":{\"@type\":\"PropertyValueSpecification\",\"valueRequired\":true,\"valueName\":\"search_term_string\"}}],\"inLanguage\":\"fr-FR\"},{\"@type\":\"NewsMediaOrganization\",\"@id\":\"https:\/\/dicodusport.fr\/blog\/#organization\",\"name\":\"Dicodusport\",\"url\":\"https:\/\/dicodusport.fr\/blog\/\",\"logo\":{\"@type\":\"ImageObject\",\"inLanguage\":\"fr-FR\",\"@id\":\"https:\/\/dicodusport.fr\/blog\/#\/schema\/logo\/image\/\",\"url\":\"https:\/\/dicodusport.fr\/blog\/wp-content\/uploads\/2020\/06\/cropped-LOGO-DICODUSPORT-2020-SANS-FOND-SANS-TEXTE.png\",\"contentUrl\":\"https:\/\/dicodusport.fr\/blog\/wp-content\/uploads\/2020\/06\/cropped-LOGO-DICODUSPORT-2020-SANS-FOND-SANS-TEXTE.png\",\"width\":512,\"height\":512,\"caption\":\"Dicodusport\"},\"image\":{\"@id\":\"https:\/\/dicodusport.fr\/blog\/#\/schema\/logo\/image\/\"},\"sameAs\":[\"https:\/\/www.facebook.com\/dicodusport\",\"https:\/\/x.com\/dicodusport\",\"https:\/\/www.instagram.com\/dicodusport\/\",\"https:\/\/www.youtube.com\/channel\/UC7V2KZ5sd3htJivAbA4ZG3w\"],\"description\":\"Dicodusport est l'encyclop\u00e9die de l'actualit\u00e9 sportive.\",\"email\":\"bonjour@dicodusport.fr\",\"legalName\":\"DICODUSPORT\",\"foundingDate\":\"2018-01-14\",\"vatID\":\"FR71834470973\",\"taxID\":\"83447097300043\",\"numberOfEmployees\":{\"@type\":\"QuantitativeValue\",\"minValue\":\"1\",\"maxValue\":\"10\"}},{\"@type\":\"Person\",\"@id\":\"https:\/\/dicodusport.fr\/blog\/#\/schema\/person\/37def232098a7a5cbab3974a3690abb0\",\"name\":\"Maxime Cazenave\",\"image\":{\"@type\":\"ImageObject\",\"inLanguage\":\"fr-FR\",\"@id\":\"https:\/\/dicodusport.fr\/blog\/#\/schema\/person\/image\/\",\"url\":\"https:\/\/dicodusport.fr\/blog\/wp-content\/uploads\/2021\/05\/Maxime-Cazenave-150x150.jpg\",\"contentUrl\":\"https:\/\/dicodusport.fr\/blog\/wp-content\/uploads\/2021\/05\/Maxime-Cazenave-150x150.jpg\",\"caption\":\"Maxime Cazenave\"},\"description\":\"Journaliste\/R\u00e9dacteur depuis 2012 - Berc\u00e9 par l\u2019amour des Girondins de Bordeaux, les \u00e9checs de Christophe Moreau sur le Tour de France sous l'\u00e8re Lance Armstrong et le fade-away l\u00e9tal de Dirk Nowitzki, ma passion d\u00e9vorante pour le sport a toujours \u00e9t\u00e9 un pan incontournable de ma vie. Transmettre ma passion \u00e0 l\u2019\u00e9crit a \u00e9t\u00e9 une transition naturelle. Suiveur assidu de basket et de hockey sur glace, je garde toujours un peu de place pour suivre le cyclisme, le football et le maximum de performances fran\u00e7aises.\",\"sameAs\":[\"https:\/\/x.com\/https:\/\/twitter.com\/Maxime_Caze\"],\"url\":\"https:\/\/dicodusport.fr\/blog\/author\/maximec\/\"}]}<\/script>\n<!-- \/ Yoast SEO Premium plugin. -->","yoast_head_json":{"title":"Transferts OL : Thiago Almada va \u00eatre pr\u00eat\u00e9 gratuitement par Botafogo","description":"LIGUE 1 - Interdit de recrutement, l'Olympique Lyonnais va tout de m\u00eame pouvoir compter sur un renfort de poids en Thiago Almada.","robots":{"index":"index","follow":"follow","max-snippet":"max-snippet:-1","max-image-preview":"max-image-preview:large","max-video-preview":"max-video-preview:-1"},"canonical":"https:\/\/dicodusport.fr\/blog\/transferts-ol-thiago-almada-va-etre-prete-gratuitement-par-botafogo\/","og_locale":"fr_FR","og_type":"article","og_title":"Transferts OL : Thiago Almada va \u00eatre pr\u00eat\u00e9 gratuitement par Botafogo","og_description":"LIGUE 1 - Interdit de recrutement, l'Olympique Lyonnais va tout de m\u00eame pouvoir compter sur un renfort de poids en Thiago Almada.","og_url":"https:\/\/dicodusport.fr\/blog\/transferts-ol-thiago-almada-va-etre-prete-gratuitement-par-botafogo\/","og_site_name":"Dicodusport","article_publisher":"https:\/\/www.facebook.com\/dicodusport","article_published_time":"2025-01-08T14:46:23+00:00","article_modified_time":"2025-01-08T15:16:25+00:00","og_image":[{"width":1200,"height":674,"url":"https:\/\/dicodusport.fr\/blog\/wp-content\/uploads\/2025\/01\/Thiago.png","type":"image\/png"}],"author":"Maxime Cazenave","twitter_card":"summary_large_image","twitter_title":"Transferts OL : Thiago Almada va \u00eatre pr\u00eat\u00e9 gratuitement par Botafogo","twitter_creator":"@https:\/\/twitter.com\/Maxime_Caze","twitter_site":"@dicodusport","schema":{"@context":"https:\/\/schema.org","@graph":[{"@type":"NewsArticle","@id":"https:\/\/dicodusport.fr\/blog\/transferts-ol-thiago-almada-va-etre-prete-gratuitement-par-botafogo\/#article","isPartOf":{"@id":"https:\/\/dicodusport.fr\/blog\/transferts-ol-thiago-almada-va-etre-prete-gratuitement-par-botafogo\/"},"author":{"name":"Maxime Cazenave","@id":"https:\/\/dicodusport.fr\/blog\/#\/schema\/person\/37def232098a7a5cbab3974a3690abb0"},"headline":"Transferts OL : Thiago Almada va \u00eatre pr\u00eat\u00e9 gratuitement par Botafogo","datePublished":"2025-01-08T14:46:23+00:00","dateModified":"2025-01-08T15:16:25+00:00","mainEntityOfPage":{"@id":"https:\/\/dicodusport.fr\/blog\/transferts-ol-thiago-almada-va-etre-prete-gratuitement-par-botafogo\/"},"wordCount":407,"commentCount":0,"publisher":{"@id":"https:\/\/dicodusport.fr\/blog\/#organization"},"image":{"@id":"https:\/\/dicodusport.fr\/blog\/transferts-ol-thiago-almada-va-etre-prete-gratuitement-par-botafogo\/#primaryimage"},"thumbnailUrl":"https:\/\/dicodusport.fr\/blog\/wp-content\/uploads\/2025\/01\/Thiago.png","keywords":["br\u00e8ve","Football","Ligue 1","OL","Olympique lyonnais"],"articleSection":["Football"],"inLanguage":"fr-FR","potentialAction":[{"@type":"CommentAction","name":"Comment","target":["https:\/\/dicodusport.fr\/blog\/transferts-ol-thiago-almada-va-etre-prete-gratuitement-par-botafogo\/#respond"]}],"copyrightYear":"2025","copyrightHolder":{"@id":"https:\/\/dicodusport.fr\/blog\/#organization"}},{"@type":"WebPage","@id":"https:\/\/dicodusport.fr\/blog\/transferts-ol-thiago-almada-va-etre-prete-gratuitement-par-botafogo\/","url":"https:\/\/dicodusport.fr\/blog\/transferts-ol-thiago-almada-va-etre-prete-gratuitement-par-botafogo\/","name":"Transferts OL : Thiago Almada va \u00eatre pr\u00eat\u00e9 gratuitement par Botafogo","isPartOf":{"@id":"https:\/\/dicodusport.fr\/blog\/#website"},"primaryImageOfPage":{"@id":"https:\/\/dicodusport.fr\/blog\/transferts-ol-thiago-almada-va-etre-prete-gratuitement-par-botafogo\/#primaryimage"},"image":{"@id":"https:\/\/dicodusport.fr\/blog\/transferts-ol-thiago-almada-va-etre-prete-gratuitement-par-botafogo\/#primaryimage"},"thumbnailUrl":"https:\/\/dicodusport.fr\/blog\/wp-content\/uploads\/2025\/01\/Thiago.png","datePublished":"2025-01-08T14:46:23+00:00","dateModified":"2025-01-08T15:16:25+00:00","description":"LIGUE 1 - Interdit de recrutement, l'Olympique Lyonnais va tout de m\u00eame pouvoir compter sur un renfort de poids en Thiago Almada.","breadcrumb":{"@id":"https:\/\/dicodusport.fr\/blog\/transferts-ol-thiago-almada-va-etre-prete-gratuitement-par-botafogo\/#breadcrumb"},"inLanguage":"fr-FR","potentialAction":[{"@type":"ReadAction","target":["https:\/\/dicodusport.fr\/blog\/transferts-ol-thiago-almada-va-etre-prete-gratuitement-par-botafogo\/"]}]},{"@type":"ImageObject","inLanguage":"fr-FR","@id":"https:\/\/dicodusport.fr\/blog\/transferts-ol-thiago-almada-va-etre-prete-gratuitement-par-botafogo\/#primaryimage","url":"https:\/\/dicodusport.fr\/blog\/wp-content\/uploads\/2025\/01\/Thiago.png","contentUrl":"https:\/\/dicodusport.fr\/blog\/wp-content\/uploads\/2025\/01\/Thiago.png","width":1200,"height":674,"caption":"Transferts OL : Thiago Almada va \u00eatre pr\u00eat\u00e9 gratuitement par Botafogo"},{"@type":"BreadcrumbList","@id":"https:\/\/dicodusport.fr\/blog\/transferts-ol-thiago-almada-va-etre-prete-gratuitement-par-botafogo\/#breadcrumb","itemListElement":[{"@type":"ListItem","position":1,"name":"Accueil","item":"https:\/\/dicodusport.fr\/blog\/"},{"@type":"ListItem","position":2,"name":"Transferts OL : Thiago Almada va \u00eatre pr\u00eat\u00e9 gratuitement par Botafogo"}]},{"@type":"WebSite","@id":"https:\/\/dicodusport.fr\/blog\/#website","url":"https:\/\/dicodusport.fr\/blog\/","name":"Dicodusport","description":"L&#039;encyclop\u00e9die de l&#039;actualit\u00e9 sportive","publisher":{"@id":"https:\/\/dicodusport.fr\/blog\/#organization"},"potentialAction":[{"@type":"SearchAction","target":{"@type":"EntryPoint","urlTemplate":"https:\/\/dicodusport.fr\/blog\/?s={search_term_string}"},"query-input":{"@type":"PropertyValueSpecification","valueRequired":true,"valueName":"search_term_string"}}],"inLanguage":"fr-FR"},{"@type":"NewsMediaOrganization","@id":"https:\/\/dicodusport.fr\/blog\/#organization","name":"Dicodusport","url":"https:\/\/dicodusport.fr\/blog\/","logo":{"@type":"ImageObject","inLanguage":"fr-FR","@id":"https:\/\/dicodusport.fr\/blog\/#\/schema\/logo\/image\/","url":"https:\/\/dicodusport.fr\/blog\/wp-content\/uploads\/2020\/06\/cropped-LOGO-DICODUSPORT-2020-SANS-FOND-SANS-TEXTE.png","contentUrl":"https:\/\/dicodusport.fr\/blog\/wp-content\/uploads\/2020\/06\/cropped-LOGO-DICODUSPORT-2020-SANS-FOND-SANS-TEXTE.png","width":512,"height":512,"caption":"Dicodusport"},"image":{"@id":"https:\/\/dicodusport.fr\/blog\/#\/schema\/logo\/image\/"},"sameAs":["https:\/\/www.facebook.com\/dicodusport","https:\/\/x.com\/dicodusport","https:\/\/www.instagram.com\/dicodusport\/","https:\/\/www.youtube.com\/channel\/UC7V2KZ5sd3htJivAbA4ZG3w"],"description":"Dicodusport est l'encyclop\u00e9die de l'actualit\u00e9 sportive.","email":"bonjour@dicodusport.fr","legalName":"DICODUSPORT","foundingDate":"2018-01-14","vatID":"FR71834470973","taxID":"83447097300043","numberOfEmployees":{"@type":"QuantitativeValue","minValue":"1","maxValue":"10"}},{"@type":"Person","@id":"https:\/\/dicodusport.fr\/blog\/#\/schema\/person\/37def232098a7a5cbab3974a3690abb0","name":"Maxime Cazenave","image":{"@type":"ImageObject","inLanguage":"fr-FR","@id":"https:\/\/dicodusport.fr\/blog\/#\/schema\/person\/image\/","url":"https:\/\/dicodusport.fr\/blog\/wp-content\/uploads\/2021\/05\/Maxime-Cazenave-150x150.jpg","contentUrl":"https:\/\/dicodusport.fr\/blog\/wp-content\/uploads\/2021\/05\/Maxime-Cazenave-150x150.jpg","caption":"Maxime Cazenave"},"description":"Journaliste\/R\u00e9dacteur depuis 2012 - Berc\u00e9 par l\u2019amour des Girondins de Bordeaux, les \u00e9checs de Christophe Moreau sur le Tour de France sous l'\u00e8re Lance Armstrong et le fade-away l\u00e9tal de Dirk Nowitzki, ma passion d\u00e9vorante pour le sport a toujours \u00e9t\u00e9 un pan incontournable de ma vie. Transmettre ma passion \u00e0 l\u2019\u00e9crit a \u00e9t\u00e9 une transition naturelle. Suiveur assidu de basket et de hockey sur glace, je garde toujours un peu de place pour suivre le cyclisme, le football et le maximum de performances fran\u00e7aises.","sameAs":["https:\/\/x.com\/https:\/\/twitter.com\/Maxime_Caze"],"url":"https:\/\/dicodusport.fr\/blog\/author\/maximec\/"}]}},"_links":{"self":[{"href":"https:\/\/dicodusport.fr\/blog\/wp-json\/wp\/v2\/posts\/544648","targetHints":{"allow":["GET"]}}],"collection":[{"href":"https:\/\/dicodusport.fr\/blog\/wp-json\/wp\/v2\/posts"}],"about":[{"href":"https:\/\/dicodusport.fr\/blog\/wp-json\/wp\/v2\/types\/post"}],"author":[{"embeddable":true,"href":"https:\/\/dicodusport.fr\/blog\/wp-json\/wp\/v2\/users\/55"}],"replies":[{"embeddable":true,"href":"https:\/\/dicodusport.fr\/blog\/wp-json\/wp\/v2\/comments?post=544648"}],"version-history":[{"count":5,"href":"https:\/\/dicodusport.fr\/blog\/wp-json\/wp\/v2\/posts\/544648\/revisions"}],"predecessor-version":[{"id":544665,"href":"https:\/\/dicodusport.fr\/blog\/wp-json\/wp\/v2\/posts\/544648\/revisions\/544665"}],"wp:featuredmedia":[{"embeddable":true,"href":"https:\/\/dicodusport.fr\/blog\/wp-json\/wp\/v2\/media\/544651"}],"wp:attachment":[{"href":"https:\/\/dicodusport.fr\/blog\/wp-json\/wp\/v2\/media?parent=544648"}],"wp:term":[{"taxonomy":"category","embeddable":true,"href":"https:\/\/dicodusport.fr\/blog\/wp-json\/wp\/v2\/categories?post=544648"},{"taxonomy":"post_tag","embeddable":true,"href":"https:\/\/dicodusport.fr\/blog\/wp-json\/wp\/v2\/tags?post=544648"}],"curies":[{"name":"wp","href":"https:\/\/api.w.org\/{rel}","templated":true}]}}