{"id":544650,"date":"2025-01-08T15:53:12","date_gmt":"2025-01-08T14:53:12","guid":{"rendered":"https:\/\/dicodusport.fr\/blog\/?p=544650&#038;preview=true&#038;preview_id=544650"},"modified":"2025-01-08T15:58:16","modified_gmt":"2025-01-08T14:58:16","slug":"romain-bardet-liege-giro-dauphine-son-programme-pour-sa-demi-saison-2025","status":"publish","type":"post","link":"https:\/\/dicodusport.fr\/blog\/romain-bardet-liege-giro-dauphine-son-programme-pour-sa-demi-saison-2025\/","title":{"rendered":"Romain Bardet : Li\u00e8ge, Giro, Dauphin\u00e9, son programme pour sa demi-saison 2025"},"content":{"rendered":"<h4 style=\"text-align: justify;\"><em>CYCLISME &#8211;<\/em> <em>Pour sa demi-saison en guise de conclusion d&rsquo;une carri\u00e8re bien charg\u00e9e, Romain Bardet (Picnic PostNL) roulera sur les routes de l\u2019Hexagone \u00e0 de multiples reprises, apr\u00e8s un d\u00e9part en Algarve.<\/em><\/h4>\n<p style=\"text-align: justify;\">Quelques mois \u00e0 l\u2019accent bien fran\u00e7ais. Pour sa derni\u00e8re saison professionnelle, <a href=\"https:\/\/dicodusport.fr\/blog\/romain-bardet-une-saison-2024-aboutie-avant-ses-derniers-coups-de-pedale\/\"><strong>Romain Bardet<\/strong><\/a> a d\u00e9cid\u00e9 de se faire plaisir. Il d\u00e9butera sur le Tour d\u2019Algarve (19 au 23 f\u00e9vrier), avant de retrouver la France. Les Boucles Dr\u00f4me Ard\u00e8che, Paris-Nice. Le coureur de la Picnic PostNL participera ensuite \u00e0 Li\u00e8ge-Bastogne-Li\u00e8ge, conclu \u00e0 la 2<sup>e<\/sup> place l\u2019an pass\u00e9, et au Tour d\u2019Italie, son dernier Grand Tour. Il retrouvera son compatriote <a href=\"https:\/\/dicodusport.fr\/blog\/david-gaudu-giro-tour-de-france-son-programme-pour-2025\/\"><strong>David Gaudu<\/strong>, qui a \u00e9galement annonc\u00e9 sa participation au Giro<\/a>, une premi\u00e8re pour le grimpeur de la Groupama-FDJ. Romain Bardet, malgr\u00e9 3 pr\u00e9sences au d\u00e9part du 1<sup>er<\/sup> Grand Tour, n\u2019a jamais remport\u00e9 d\u2019\u00e9tape. \u00ab\u00a0<em>J\u2019ai fini deuxi\u00e8me d\u2019\u00e9tape \u00e0 chaque fois. J\u2019aimerais que \u00e7a tombe du bon c\u00f4t\u00e9 cette fois\u00a0<\/em>\u00bb, a-t-il confi\u00e9 ces derniers jours.<\/p>\n<p style=\"text-align: justify;\">Enfin, et comme c\u2019\u00e9tait annonc\u00e9, <a href=\"https:\/\/dicodusport.fr\/blog\/romain-bardet-prendra-sa-retraite-a-lissue-du-criterium-du-dauphine-2025\/\">Romain Bardet conclura sa carri\u00e8re sur les routes du Crit\u00e9rium du Dauphin\u00e9<\/a>, \u00e0 34 ans. Il devrait ensuite se concentrer sur le gravel, une discipline envisag\u00e9e comme un nouveau d\u00e9fi par l\u2019Auvergnat. Avec les Championnats du monde de gravel 2025 en ligne de mire.<\/p>\n<blockquote class=\"twitter-tweet\">\n<p dir=\"ltr\" lang=\"fr\">Romain Bardet lancera sa derni\u00e8re saison pro sur le Tour d&rsquo;Algarve (19 au 23 f\u00e9vrier). L&rsquo;Auvergnat (34 ans) ira ensuite sur les Boucles Dr\u00f4me Ard\u00e8che et Paris-Nice. Il participera \u00e0 Li\u00e8ge-Bastogne-Li\u00e8ge avant le Giro et raccrochera (sur la route) au Dauphin\u00e9 pour rappel. <a href=\"https:\/\/t.co\/hTEKnASJgk\">pic.twitter.com\/hTEKnASJgk<\/a><\/p>\n<p>\u2014 Le Gruppetto (@LeGruppetto) <a href=\"https:\/\/twitter.com\/LeGruppetto\/status\/1876994921036484924?ref_src=twsrc%5Etfw\">January 8, 2025<\/a><\/p><\/blockquote>\n<p><script async src=\"https:\/\/platform.twitter.com\/widgets.js\" charset=\"utf-8\"><\/script><\/p>\n","protected":false},"excerpt":{"rendered":"<p>Li\u00e8ge, Giro, Dauphin\u00e9, son programme pour sa demi-saison 2025<\/p>\n","protected":false},"author":88,"featured_media":544656,"comment_status":"open","ping_status":"closed","sticky":false,"template":"","format":"standard","meta":{"_acf_changed":false,"_daextam_enable_autolinks":"1","footnotes":""},"categories":[46994],"tags":[32415,16878,3113,3646],"class_list":["post-544650","post","type-post","status-publish","format-standard","has-post-thumbnail","hentry","category-cyclisme-sur-route","tag-actu","tag-breve","tag-david-gaudu","tag-romain-bardet"],"acf":[],"yoast_head":"<!-- This site is optimized with the Yoast SEO Premium plugin v26.7 (Yoast SEO v26.7) - https:\/\/yoast.com\/wordpress\/plugins\/seo\/ -->\n<title>Romain Bardet : Li\u00e8ge, Giro, Dauphin\u00e9, son programme pour sa demi-saison 2025<\/title>\n<meta name=\"description\" content=\"CYCLISME - Pour sa demi-saison en guise de conclusion d&#039;une carri\u00e8re bien charg\u00e9e, Romain Bardet roulera sur les routes de l\u2019Hexagone \u00e0 de multiples reprises, apr\u00e8s un d\u00e9part en Algarve.\" \/>\n<meta name=\"robots\" content=\"index, follow, max-snippet:-1, max-image-preview:large, max-video-preview:-1\" \/>\n<link rel=\"canonical\" href=\"https:\/\/dicodusport.fr\/blog\/romain-bardet-liege-giro-dauphine-son-programme-pour-sa-demi-saison-2025\/\" \/>\n<meta property=\"og:locale\" content=\"fr_FR\" \/>\n<meta property=\"og:type\" content=\"article\" \/>\n<meta property=\"og:title\" content=\"Romain Bardet : Li\u00e8ge, Giro, Dauphin\u00e9, son programme pour sa demi-saison 2025\" \/>\n<meta property=\"og:description\" content=\"CYCLISME - Pour sa demi-saison en guise de conclusion d&#039;une carri\u00e8re bien charg\u00e9e, Romain Bardet roulera sur les routes de l\u2019Hexagone \u00e0 de multiples reprises, apr\u00e8s un d\u00e9part en Algarve.\" \/>\n<meta property=\"og:url\" content=\"https:\/\/dicodusport.fr\/blog\/romain-bardet-liege-giro-dauphine-son-programme-pour-sa-demi-saison-2025\/\" \/>\n<meta property=\"og:site_name\" content=\"Dicodusport\" \/>\n<meta property=\"article:publisher\" content=\"https:\/\/www.facebook.com\/dicodusport\" \/>\n<meta property=\"article:published_time\" content=\"2025-01-08T14:53:12+00:00\" \/>\n<meta property=\"article:modified_time\" content=\"2025-01-08T14:58:16+00:00\" \/>\n<meta property=\"og:image\" content=\"https:\/\/dicodusport.fr\/blog\/wp-content\/uploads\/2025\/01\/Romain-Bardet-Liege-Giro-Dauphine-son-programme-pour-sa-demi-saison-2025.png\" \/>\n\t<meta property=\"og:image:width\" content=\"1200\" \/>\n\t<meta property=\"og:image:height\" content=\"674\" \/>\n\t<meta property=\"og:image:type\" content=\"image\/png\" \/>\n<meta name=\"author\" content=\"Paul Lalevee\" \/>\n<meta name=\"twitter:card\" content=\"summary_large_image\" \/>\n<meta name=\"twitter:title\" content=\"Romain Bardet : Li\u00e8ge, Giro, Dauphin\u00e9, son programme pour sa demi-saison 2025\" \/>\n<meta name=\"twitter:creator\" content=\"@dicodusport\" \/>\n<meta name=\"twitter:site\" content=\"@dicodusport\" \/>\n<script type=\"application\/ld+json\" class=\"yoast-schema-graph\">{\"@context\":\"https:\/\/schema.org\",\"@graph\":[{\"@type\":\"NewsArticle\",\"@id\":\"https:\/\/dicodusport.fr\/blog\/romain-bardet-liege-giro-dauphine-son-programme-pour-sa-demi-saison-2025\/#article\",\"isPartOf\":{\"@id\":\"https:\/\/dicodusport.fr\/blog\/romain-bardet-liege-giro-dauphine-son-programme-pour-sa-demi-saison-2025\/\"},\"author\":{\"name\":\"Paul Lalevee\",\"@id\":\"https:\/\/dicodusport.fr\/blog\/#\/schema\/person\/1eaa63dfac40b5e5c47f03a71920c1cd\"},\"headline\":\"Romain Bardet : Li\u00e8ge, Giro, Dauphin\u00e9, son programme pour sa demi-saison 2025\",\"datePublished\":\"2025-01-08T14:53:12+00:00\",\"dateModified\":\"2025-01-08T14:58:16+00:00\",\"mainEntityOfPage\":{\"@id\":\"https:\/\/dicodusport.fr\/blog\/romain-bardet-liege-giro-dauphine-son-programme-pour-sa-demi-saison-2025\/\"},\"wordCount\":293,\"commentCount\":0,\"publisher\":{\"@id\":\"https:\/\/dicodusport.fr\/blog\/#organization\"},\"image\":{\"@id\":\"https:\/\/dicodusport.fr\/blog\/romain-bardet-liege-giro-dauphine-son-programme-pour-sa-demi-saison-2025\/#primaryimage\"},\"thumbnailUrl\":\"https:\/\/dicodusport.fr\/blog\/wp-content\/uploads\/2025\/01\/Romain-Bardet-Liege-Giro-Dauphine-son-programme-pour-sa-demi-saison-2025.png\",\"keywords\":[\"actu\",\"br\u00e8ve\",\"David Gaudu\",\"Romain Bardet\"],\"articleSection\":[\"Cyclisme sur route\"],\"inLanguage\":\"fr-FR\",\"potentialAction\":[{\"@type\":\"CommentAction\",\"name\":\"Comment\",\"target\":[\"https:\/\/dicodusport.fr\/blog\/romain-bardet-liege-giro-dauphine-son-programme-pour-sa-demi-saison-2025\/#respond\"]}],\"copyrightYear\":\"2025\",\"copyrightHolder\":{\"@id\":\"https:\/\/dicodusport.fr\/blog\/#organization\"}},{\"@type\":\"WebPage\",\"@id\":\"https:\/\/dicodusport.fr\/blog\/romain-bardet-liege-giro-dauphine-son-programme-pour-sa-demi-saison-2025\/\",\"url\":\"https:\/\/dicodusport.fr\/blog\/romain-bardet-liege-giro-dauphine-son-programme-pour-sa-demi-saison-2025\/\",\"name\":\"Romain Bardet : Li\u00e8ge, Giro, Dauphin\u00e9, son programme pour sa demi-saison 2025\",\"isPartOf\":{\"@id\":\"https:\/\/dicodusport.fr\/blog\/#website\"},\"primaryImageOfPage\":{\"@id\":\"https:\/\/dicodusport.fr\/blog\/romain-bardet-liege-giro-dauphine-son-programme-pour-sa-demi-saison-2025\/#primaryimage\"},\"image\":{\"@id\":\"https:\/\/dicodusport.fr\/blog\/romain-bardet-liege-giro-dauphine-son-programme-pour-sa-demi-saison-2025\/#primaryimage\"},\"thumbnailUrl\":\"https:\/\/dicodusport.fr\/blog\/wp-content\/uploads\/2025\/01\/Romain-Bardet-Liege-Giro-Dauphine-son-programme-pour-sa-demi-saison-2025.png\",\"datePublished\":\"2025-01-08T14:53:12+00:00\",\"dateModified\":\"2025-01-08T14:58:16+00:00\",\"description\":\"CYCLISME - Pour sa demi-saison en guise de conclusion d'une carri\u00e8re bien charg\u00e9e, Romain Bardet roulera sur les routes de l\u2019Hexagone \u00e0 de multiples reprises, apr\u00e8s un d\u00e9part en Algarve.\",\"breadcrumb\":{\"@id\":\"https:\/\/dicodusport.fr\/blog\/romain-bardet-liege-giro-dauphine-son-programme-pour-sa-demi-saison-2025\/#breadcrumb\"},\"inLanguage\":\"fr-FR\",\"potentialAction\":[{\"@type\":\"ReadAction\",\"target\":[\"https:\/\/dicodusport.fr\/blog\/romain-bardet-liege-giro-dauphine-son-programme-pour-sa-demi-saison-2025\/\"]}]},{\"@type\":\"ImageObject\",\"inLanguage\":\"fr-FR\",\"@id\":\"https:\/\/dicodusport.fr\/blog\/romain-bardet-liege-giro-dauphine-son-programme-pour-sa-demi-saison-2025\/#primaryimage\",\"url\":\"https:\/\/dicodusport.fr\/blog\/wp-content\/uploads\/2025\/01\/Romain-Bardet-Liege-Giro-Dauphine-son-programme-pour-sa-demi-saison-2025.png\",\"contentUrl\":\"https:\/\/dicodusport.fr\/blog\/wp-content\/uploads\/2025\/01\/Romain-Bardet-Liege-Giro-Dauphine-son-programme-pour-sa-demi-saison-2025.png\",\"width\":1200,\"height\":674,\"caption\":\"Romain Bardet Li\u00e8ge, Giro, Dauphin\u00e9, son programme pour sa demi-saison 2025\"},{\"@type\":\"BreadcrumbList\",\"@id\":\"https:\/\/dicodusport.fr\/blog\/romain-bardet-liege-giro-dauphine-son-programme-pour-sa-demi-saison-2025\/#breadcrumb\",\"itemListElement\":[{\"@type\":\"ListItem\",\"position\":1,\"name\":\"Accueil\",\"item\":\"https:\/\/dicodusport.fr\/blog\/\"},{\"@type\":\"ListItem\",\"position\":2,\"name\":\"Romain Bardet : Li\u00e8ge, Giro, Dauphin\u00e9, son programme pour sa demi-saison 2025\"}]},{\"@type\":\"WebSite\",\"@id\":\"https:\/\/dicodusport.fr\/blog\/#website\",\"url\":\"https:\/\/dicodusport.fr\/blog\/\",\"name\":\"Dicodusport\",\"description\":\"L&#039;encyclop\u00e9die de l&#039;actualit\u00e9 sportive\",\"publisher\":{\"@id\":\"https:\/\/dicodusport.fr\/blog\/#organization\"},\"potentialAction\":[{\"@type\":\"SearchAction\",\"target\":{\"@type\":\"EntryPoint\",\"urlTemplate\":\"https:\/\/dicodusport.fr\/blog\/?s={search_term_string}\"},\"query-input\":{\"@type\":\"PropertyValueSpecification\",\"valueRequired\":true,\"valueName\":\"search_term_string\"}}],\"inLanguage\":\"fr-FR\"},{\"@type\":\"NewsMediaOrganization\",\"@id\":\"https:\/\/dicodusport.fr\/blog\/#organization\",\"name\":\"Dicodusport\",\"url\":\"https:\/\/dicodusport.fr\/blog\/\",\"logo\":{\"@type\":\"ImageObject\",\"inLanguage\":\"fr-FR\",\"@id\":\"https:\/\/dicodusport.fr\/blog\/#\/schema\/logo\/image\/\",\"url\":\"https:\/\/dicodusport.fr\/blog\/wp-content\/uploads\/2020\/06\/cropped-LOGO-DICODUSPORT-2020-SANS-FOND-SANS-TEXTE.png\",\"contentUrl\":\"https:\/\/dicodusport.fr\/blog\/wp-content\/uploads\/2020\/06\/cropped-LOGO-DICODUSPORT-2020-SANS-FOND-SANS-TEXTE.png\",\"width\":512,\"height\":512,\"caption\":\"Dicodusport\"},\"image\":{\"@id\":\"https:\/\/dicodusport.fr\/blog\/#\/schema\/logo\/image\/\"},\"sameAs\":[\"https:\/\/www.facebook.com\/dicodusport\",\"https:\/\/x.com\/dicodusport\",\"https:\/\/www.instagram.com\/dicodusport\/\",\"https:\/\/www.youtube.com\/channel\/UC7V2KZ5sd3htJivAbA4ZG3w\"],\"description\":\"Dicodusport est l'encyclop\u00e9die de l'actualit\u00e9 sportive.\",\"email\":\"bonjour@dicodusport.fr\",\"legalName\":\"DICODUSPORT\",\"foundingDate\":\"2018-01-14\",\"vatID\":\"FR71834470973\",\"taxID\":\"83447097300043\",\"numberOfEmployees\":{\"@type\":\"QuantitativeValue\",\"minValue\":\"1\",\"maxValue\":\"10\"}},{\"@type\":\"Person\",\"@id\":\"https:\/\/dicodusport.fr\/blog\/#\/schema\/person\/1eaa63dfac40b5e5c47f03a71920c1cd\",\"name\":\"Paul Lalevee\",\"image\":{\"@type\":\"ImageObject\",\"inLanguage\":\"fr-FR\",\"@id\":\"https:\/\/dicodusport.fr\/blog\/#\/schema\/person\/image\/\",\"url\":\"https:\/\/dicodusport.fr\/blog\/wp-content\/uploads\/2023\/10\/291154246_1690604071293245_3118259335115946499_n-150x150.jpg\",\"contentUrl\":\"https:\/\/dicodusport.fr\/blog\/wp-content\/uploads\/2023\/10\/291154246_1690604071293245_3118259335115946499_n-150x150.jpg\",\"caption\":\"Paul Lalevee\"},\"description\":\"La bulle Disney pendant le Covid, le Tour 2019, la Coupe du monde 2018. Ces trois \u00e9v\u00e9nements majeurs sont ancr\u00e9s dans ma t\u00eate de fan de sport, n\u00e9gativement ou positivement. Passionn\u00e9 de sport depuis l'enfance, j'ai d\u00e9cid\u00e9 de mettre ma passion de l'\u00e9criture au service de cette premi\u00e8re passion.\",\"url\":\"https:\/\/dicodusport.fr\/blog\/author\/paul-lalevee\/\"}]}<\/script>\n<!-- \/ Yoast SEO Premium plugin. -->","yoast_head_json":{"title":"Romain Bardet : Li\u00e8ge, Giro, Dauphin\u00e9, son programme pour sa demi-saison 2025","description":"CYCLISME - Pour sa demi-saison en guise de conclusion d'une carri\u00e8re bien charg\u00e9e, Romain Bardet roulera sur les routes de l\u2019Hexagone \u00e0 de multiples reprises, apr\u00e8s un d\u00e9part en Algarve.","robots":{"index":"index","follow":"follow","max-snippet":"max-snippet:-1","max-image-preview":"max-image-preview:large","max-video-preview":"max-video-preview:-1"},"canonical":"https:\/\/dicodusport.fr\/blog\/romain-bardet-liege-giro-dauphine-son-programme-pour-sa-demi-saison-2025\/","og_locale":"fr_FR","og_type":"article","og_title":"Romain Bardet : Li\u00e8ge, Giro, Dauphin\u00e9, son programme pour sa demi-saison 2025","og_description":"CYCLISME - Pour sa demi-saison en guise de conclusion d'une carri\u00e8re bien charg\u00e9e, Romain Bardet roulera sur les routes de l\u2019Hexagone \u00e0 de multiples reprises, apr\u00e8s un d\u00e9part en Algarve.","og_url":"https:\/\/dicodusport.fr\/blog\/romain-bardet-liege-giro-dauphine-son-programme-pour-sa-demi-saison-2025\/","og_site_name":"Dicodusport","article_publisher":"https:\/\/www.facebook.com\/dicodusport","article_published_time":"2025-01-08T14:53:12+00:00","article_modified_time":"2025-01-08T14:58:16+00:00","og_image":[{"width":1200,"height":674,"url":"https:\/\/dicodusport.fr\/blog\/wp-content\/uploads\/2025\/01\/Romain-Bardet-Liege-Giro-Dauphine-son-programme-pour-sa-demi-saison-2025.png","type":"image\/png"}],"author":"Paul Lalevee","twitter_card":"summary_large_image","twitter_title":"Romain Bardet : Li\u00e8ge, Giro, Dauphin\u00e9, son programme pour sa demi-saison 2025","twitter_creator":"@dicodusport","twitter_site":"@dicodusport","schema":{"@context":"https:\/\/schema.org","@graph":[{"@type":"NewsArticle","@id":"https:\/\/dicodusport.fr\/blog\/romain-bardet-liege-giro-dauphine-son-programme-pour-sa-demi-saison-2025\/#article","isPartOf":{"@id":"https:\/\/dicodusport.fr\/blog\/romain-bardet-liege-giro-dauphine-son-programme-pour-sa-demi-saison-2025\/"},"author":{"name":"Paul Lalevee","@id":"https:\/\/dicodusport.fr\/blog\/#\/schema\/person\/1eaa63dfac40b5e5c47f03a71920c1cd"},"headline":"Romain Bardet : Li\u00e8ge, Giro, Dauphin\u00e9, son programme pour sa demi-saison 2025","datePublished":"2025-01-08T14:53:12+00:00","dateModified":"2025-01-08T14:58:16+00:00","mainEntityOfPage":{"@id":"https:\/\/dicodusport.fr\/blog\/romain-bardet-liege-giro-dauphine-son-programme-pour-sa-demi-saison-2025\/"},"wordCount":293,"commentCount":0,"publisher":{"@id":"https:\/\/dicodusport.fr\/blog\/#organization"},"image":{"@id":"https:\/\/dicodusport.fr\/blog\/romain-bardet-liege-giro-dauphine-son-programme-pour-sa-demi-saison-2025\/#primaryimage"},"thumbnailUrl":"https:\/\/dicodusport.fr\/blog\/wp-content\/uploads\/2025\/01\/Romain-Bardet-Liege-Giro-Dauphine-son-programme-pour-sa-demi-saison-2025.png","keywords":["actu","br\u00e8ve","David Gaudu","Romain Bardet"],"articleSection":["Cyclisme sur route"],"inLanguage":"fr-FR","potentialAction":[{"@type":"CommentAction","name":"Comment","target":["https:\/\/dicodusport.fr\/blog\/romain-bardet-liege-giro-dauphine-son-programme-pour-sa-demi-saison-2025\/#respond"]}],"copyrightYear":"2025","copyrightHolder":{"@id":"https:\/\/dicodusport.fr\/blog\/#organization"}},{"@type":"WebPage","@id":"https:\/\/dicodusport.fr\/blog\/romain-bardet-liege-giro-dauphine-son-programme-pour-sa-demi-saison-2025\/","url":"https:\/\/dicodusport.fr\/blog\/romain-bardet-liege-giro-dauphine-son-programme-pour-sa-demi-saison-2025\/","name":"Romain Bardet : Li\u00e8ge, Giro, Dauphin\u00e9, son programme pour sa demi-saison 2025","isPartOf":{"@id":"https:\/\/dicodusport.fr\/blog\/#website"},"primaryImageOfPage":{"@id":"https:\/\/dicodusport.fr\/blog\/romain-bardet-liege-giro-dauphine-son-programme-pour-sa-demi-saison-2025\/#primaryimage"},"image":{"@id":"https:\/\/dicodusport.fr\/blog\/romain-bardet-liege-giro-dauphine-son-programme-pour-sa-demi-saison-2025\/#primaryimage"},"thumbnailUrl":"https:\/\/dicodusport.fr\/blog\/wp-content\/uploads\/2025\/01\/Romain-Bardet-Liege-Giro-Dauphine-son-programme-pour-sa-demi-saison-2025.png","datePublished":"2025-01-08T14:53:12+00:00","dateModified":"2025-01-08T14:58:16+00:00","description":"CYCLISME - Pour sa demi-saison en guise de conclusion d'une carri\u00e8re bien charg\u00e9e, Romain Bardet roulera sur les routes de l\u2019Hexagone \u00e0 de multiples reprises, apr\u00e8s un d\u00e9part en Algarve.","breadcrumb":{"@id":"https:\/\/dicodusport.fr\/blog\/romain-bardet-liege-giro-dauphine-son-programme-pour-sa-demi-saison-2025\/#breadcrumb"},"inLanguage":"fr-FR","potentialAction":[{"@type":"ReadAction","target":["https:\/\/dicodusport.fr\/blog\/romain-bardet-liege-giro-dauphine-son-programme-pour-sa-demi-saison-2025\/"]}]},{"@type":"ImageObject","inLanguage":"fr-FR","@id":"https:\/\/dicodusport.fr\/blog\/romain-bardet-liege-giro-dauphine-son-programme-pour-sa-demi-saison-2025\/#primaryimage","url":"https:\/\/dicodusport.fr\/blog\/wp-content\/uploads\/2025\/01\/Romain-Bardet-Liege-Giro-Dauphine-son-programme-pour-sa-demi-saison-2025.png","contentUrl":"https:\/\/dicodusport.fr\/blog\/wp-content\/uploads\/2025\/01\/Romain-Bardet-Liege-Giro-Dauphine-son-programme-pour-sa-demi-saison-2025.png","width":1200,"height":674,"caption":"Romain Bardet Li\u00e8ge, Giro, Dauphin\u00e9, son programme pour sa demi-saison 2025"},{"@type":"BreadcrumbList","@id":"https:\/\/dicodusport.fr\/blog\/romain-bardet-liege-giro-dauphine-son-programme-pour-sa-demi-saison-2025\/#breadcrumb","itemListElement":[{"@type":"ListItem","position":1,"name":"Accueil","item":"https:\/\/dicodusport.fr\/blog\/"},{"@type":"ListItem","position":2,"name":"Romain Bardet : Li\u00e8ge, Giro, Dauphin\u00e9, son programme pour sa demi-saison 2025"}]},{"@type":"WebSite","@id":"https:\/\/dicodusport.fr\/blog\/#website","url":"https:\/\/dicodusport.fr\/blog\/","name":"Dicodusport","description":"L&#039;encyclop\u00e9die de l&#039;actualit\u00e9 sportive","publisher":{"@id":"https:\/\/dicodusport.fr\/blog\/#organization"},"potentialAction":[{"@type":"SearchAction","target":{"@type":"EntryPoint","urlTemplate":"https:\/\/dicodusport.fr\/blog\/?s={search_term_string}"},"query-input":{"@type":"PropertyValueSpecification","valueRequired":true,"valueName":"search_term_string"}}],"inLanguage":"fr-FR"},{"@type":"NewsMediaOrganization","@id":"https:\/\/dicodusport.fr\/blog\/#organization","name":"Dicodusport","url":"https:\/\/dicodusport.fr\/blog\/","logo":{"@type":"ImageObject","inLanguage":"fr-FR","@id":"https:\/\/dicodusport.fr\/blog\/#\/schema\/logo\/image\/","url":"https:\/\/dicodusport.fr\/blog\/wp-content\/uploads\/2020\/06\/cropped-LOGO-DICODUSPORT-2020-SANS-FOND-SANS-TEXTE.png","contentUrl":"https:\/\/dicodusport.fr\/blog\/wp-content\/uploads\/2020\/06\/cropped-LOGO-DICODUSPORT-2020-SANS-FOND-SANS-TEXTE.png","width":512,"height":512,"caption":"Dicodusport"},"image":{"@id":"https:\/\/dicodusport.fr\/blog\/#\/schema\/logo\/image\/"},"sameAs":["https:\/\/www.facebook.com\/dicodusport","https:\/\/x.com\/dicodusport","https:\/\/www.instagram.com\/dicodusport\/","https:\/\/www.youtube.com\/channel\/UC7V2KZ5sd3htJivAbA4ZG3w"],"description":"Dicodusport est l'encyclop\u00e9die de l'actualit\u00e9 sportive.","email":"bonjour@dicodusport.fr","legalName":"DICODUSPORT","foundingDate":"2018-01-14","vatID":"FR71834470973","taxID":"83447097300043","numberOfEmployees":{"@type":"QuantitativeValue","minValue":"1","maxValue":"10"}},{"@type":"Person","@id":"https:\/\/dicodusport.fr\/blog\/#\/schema\/person\/1eaa63dfac40b5e5c47f03a71920c1cd","name":"Paul Lalevee","image":{"@type":"ImageObject","inLanguage":"fr-FR","@id":"https:\/\/dicodusport.fr\/blog\/#\/schema\/person\/image\/","url":"https:\/\/dicodusport.fr\/blog\/wp-content\/uploads\/2023\/10\/291154246_1690604071293245_3118259335115946499_n-150x150.jpg","contentUrl":"https:\/\/dicodusport.fr\/blog\/wp-content\/uploads\/2023\/10\/291154246_1690604071293245_3118259335115946499_n-150x150.jpg","caption":"Paul Lalevee"},"description":"La bulle Disney pendant le Covid, le Tour 2019, la Coupe du monde 2018. Ces trois \u00e9v\u00e9nements majeurs sont ancr\u00e9s dans ma t\u00eate de fan de sport, n\u00e9gativement ou positivement. Passionn\u00e9 de sport depuis l'enfance, j'ai d\u00e9cid\u00e9 de mettre ma passion de l'\u00e9criture au service de cette premi\u00e8re passion.","url":"https:\/\/dicodusport.fr\/blog\/author\/paul-lalevee\/"}]}},"_links":{"self":[{"href":"https:\/\/dicodusport.fr\/blog\/wp-json\/wp\/v2\/posts\/544650","targetHints":{"allow":["GET"]}}],"collection":[{"href":"https:\/\/dicodusport.fr\/blog\/wp-json\/wp\/v2\/posts"}],"about":[{"href":"https:\/\/dicodusport.fr\/blog\/wp-json\/wp\/v2\/types\/post"}],"author":[{"embeddable":true,"href":"https:\/\/dicodusport.fr\/blog\/wp-json\/wp\/v2\/users\/88"}],"replies":[{"embeddable":true,"href":"https:\/\/dicodusport.fr\/blog\/wp-json\/wp\/v2\/comments?post=544650"}],"version-history":[{"count":3,"href":"https:\/\/dicodusport.fr\/blog\/wp-json\/wp\/v2\/posts\/544650\/revisions"}],"predecessor-version":[{"id":544658,"href":"https:\/\/dicodusport.fr\/blog\/wp-json\/wp\/v2\/posts\/544650\/revisions\/544658"}],"wp:featuredmedia":[{"embeddable":true,"href":"https:\/\/dicodusport.fr\/blog\/wp-json\/wp\/v2\/media\/544656"}],"wp:attachment":[{"href":"https:\/\/dicodusport.fr\/blog\/wp-json\/wp\/v2\/media?parent=544650"}],"wp:term":[{"taxonomy":"category","embeddable":true,"href":"https:\/\/dicodusport.fr\/blog\/wp-json\/wp\/v2\/categories?post=544650"},{"taxonomy":"post_tag","embeddable":true,"href":"https:\/\/dicodusport.fr\/blog\/wp-json\/wp\/v2\/tags?post=544650"}],"curies":[{"name":"wp","href":"https:\/\/api.w.org\/{rel}","templated":true}]}}