{"id":544760,"date":"2025-01-09T15:24:47","date_gmt":"2025-01-09T14:24:47","guid":{"rendered":"https:\/\/dicodusport.fr\/blog\/?p=544760&#038;preview=true&#038;preview_id=544760"},"modified":"2025-07-09T18:37:34","modified_gmt":"2025-07-09T16:37:34","slug":"sprint-femmes-oberhof-paula-botet-simpose-pour-son-retour-en-coupe-du-monde","status":"publish","type":"post","link":"https:\/\/dicodusport.fr\/blog\/sprint-femmes-oberhof-paula-botet-simpose-pour-son-retour-en-coupe-du-monde\/","title":{"rendered":"Sprint femmes Oberhof : Paula Botet s&rsquo;impose pour son retour en Coupe du monde !"},"content":{"rendered":"<h4 style=\"text-align: justify;\"><em>COUPE DU MONDE DE BIATHLON 2024-2025 &#8211; La Fran\u00e7aise Paula Botet, promue dans le groupe Coupe du monde, a r\u00e9alis\u00e9 une course \u00e9blouissante en s&rsquo;imposant sur le sprint d&rsquo;Oberhof presque deux ans apr\u00e8s sa derni\u00e8re apparition \u00e0 ce niveau ! Elle devance Maren Kirkeeide et Milena Todorova.<\/em><\/h4>\n<ul>\n<li style=\"text-align: justify;\"><strong>\u00c0 ce sujet \u2013\u00a0<a href=\"https:\/\/dicodusport.fr\/blog\/biathlon-oberhof-2025-programme-complet-et-resultats\/\">Biathlon Oberhof 2025\u2013 Programme, horaires et r\u00e9sultats<\/a><\/strong><\/li>\n<\/ul>\n<p style=\"text-align: justify;\">Deux semaines et demie de pause (quoique pas pour toutes) et il fallait s&rsquo;y remettre ! La Coupe du monde a repris ses droits ce jeudi pour une quatri\u00e8me lev\u00e9e dans la station thuringeoise d&rsquo;Oberhof. Une reprise courte, mais intense puisqu&rsquo;un sprint \u00e9tait au programme pour les biathl\u00e8tes. L&rsquo;occasion r\u00eav\u00e9e pour <strong>Franziska Preuss<\/strong>, sur son nuage depuis le d\u00e9but de saison, de conforter sa premi\u00e8re place aux classements du petit et du gros globe de cristal. Seulement, elles \u00e9taient nombreuses au d\u00e9part \u00e0 esp\u00e9rer contredire les plans de la voisine bavaroise. Parmi elles, une Fran\u00e7aise devait marquer les esprits.<\/p>\n<ul>\n<li style=\"text-align: justify;\"><strong>\u00c0 ce sujet \u2013 <a href=\"https:\/\/dicodusport.fr\/blog\/biathlon-oberhof-2025-classement-sprint-femmes\/\">Biathlon &#8211;\u00a0Classement du sprint femmes d&rsquo;Oberhof<\/a><\/strong><\/li>\n<\/ul>\n<h2 style=\"text-align: justify;\">Botet \u00e9patante !<\/h2>\n<p style=\"text-align: justify;\">Leader de l&rsquo;IBU Cup, <strong>Paula Botet<\/strong> figurait cette semaine dans le groupe retenu pour disputer cette Coupe du monde d&rsquo;Oberhof. De l&rsquo;enjeu, il y en avait donc beaucoup pour la la Bressaude. Absente de l&rsquo;\u00e9lite depuis bient\u00f4t deux ans, elle n&rsquo;a pas pour autant cogit\u00e9 au moment de blanchir ses cinq cibles au couch\u00e9. R\u00e9alisant le sans-faute, elle sortait provisoirement en t\u00eate apr\u00e8s les 37 premiers passages. Dans le m\u00eame temps, ni <strong>Ingrid Tandrevold<\/strong>, ni <strong>Anamarija Lampic<\/strong> ni <strong>Elvira \u00d6berg<\/strong> ne parvenaient \u00e0 rivaliser sur le pas de tir (15e, 22e et 37e au final).<\/p>\n<p style=\"text-align: justify;\">Loin de s&rsquo;arr\u00eater en si bon chemin, elle entrait \u00e9galement en t\u00eate du second tir avec la ferme intention d&rsquo;imiter<strong> Yuliia Dzhima<\/strong>, auteure du premier 10 de la journ\u00e9e. En plus de tirer \u00e0 10, sa vitesse sur les skis lui permettait \u00e0 ce moment de ressortir avec plus de 36 secondes d&rsquo;avance sur sa dauphine bulgare, <strong>Milena Todorova<\/strong>. La victoire semblait alors devenir une possibilit\u00e9 m\u00eame si les meilleures sur le papier devaient encore passer.<\/p>\n<blockquote class=\"twitter-tweet\">\n<p dir=\"ltr\" lang=\"fr\">\ud83d\udd1f\/\ud83d\udd1f<\/p>\n<p>Paula Botet est en train de cr\u00e9er la sensation avec un tir parfait !<a href=\"https:\/\/twitter.com\/hashtag\/lequipeBIATHLON?src=hash&amp;ref_src=twsrc%5Etfw\">#lequipeBIATHLON<\/a> <a href=\"https:\/\/t.co\/Md4x5wl373\">pic.twitter.com\/Md4x5wl373<\/a><\/p>\n<p>\u2014 la chaine L&rsquo;\u00c9quipe (@lachainelequipe) <a href=\"https:\/\/twitter.com\/lachainelequipe\/status\/1877354008328761778?ref_src=twsrc%5Etfw\">January 9, 2025<\/a><\/p><\/blockquote>\n<p><script src=\"https:\/\/platform.twitter.com\/widgets.js\" async=\"\" charset=\"utf-8\"><\/script><\/p>\n<h2>Un podium in\u00e9dit !<\/h2>\n<p style=\"text-align: justify;\">Finalement, personne n&rsquo;a \u00e9t\u00e9 en mesure de venir jouer avec la tricolore. <strong>Botet<\/strong> s&rsquo;impose pour son 14e d\u00e9part en Coupe du monde et signe par la m\u00eame occasion son premier podium individuel. Elle avait d\u00e9j\u00e0 termin\u00e9 3e d&rsquo;un relais f\u00e9minin \u00e0 Antholz-Anterselva en 2022, mais n&rsquo;avait jamais fait mieux que 21e en individuel. Une victoire pleine de panache, elle qui devait frapper fort pour s\u00e9curiser sa place dans le groupe. Elle devance la Norv\u00e9gienne <strong>Maren Kirkeeide<\/strong> et <strong>Milena Todorova<\/strong> (toutes deux \u00e0 9\/10) qui offre un pr\u00e9cieux podium au biathlon bulgare.<\/p>\n<p style=\"text-align: justify;\">Rafales intermittentes, taux d&rsquo;humidit\u00e9 \u00e0 100%, temp\u00e9ratures positives et forte pluie, il fallait donc dompter les \u00e9l\u00e9ments pour esp\u00e9rer s&rsquo;imposer aujourd&rsquo;hui. Ce que <strong>Franziska Preuss<\/strong> n&rsquo;est pas parvenue \u00e0 r\u00e9aliser. Auteure d&rsquo;un 7\/10 derri\u00e8re la carabine, la leadeuse au classement de la Coupe du monde a sembl\u00e9 plus en difficult\u00e9 et termine beaucoup plus loin (28e \u00e0 2 minutes). Si elle conserve une marge cons\u00e9quente au classement g\u00e9n\u00e9ral, elle voit revenir sur ses talons <strong>Justine Braisaz-Bouchet <\/strong>(16 points de retard contre 58 avant la course)<strong>.<\/strong><\/p>\n<h2 style=\"text-align: justify;\">Les autres Fran\u00e7aises en embuscade pour la poursuite<\/h2>\n<p style=\"text-align: justify;\">La Fran\u00e7aise avait pourtant bien d\u00e9but\u00e9 sa course avant de commettre trois fautes sur son debout. Sa vitesse de ski lui permet finalement de terminer \u00e0 la 4e place (+40.3 secondes), de quoi ne pas compromettre sa poursuite puisqu&rsquo;elle a tout simplement r\u00e9alis\u00e9 le meilleur temps, 2.5 secondes devant <strong>Lampic<\/strong>. Idem pour <strong>Julia Simon<\/strong> qui se classe 12e apr\u00e8s deux fautes sur le pas de tir (+1:05).\u00a0 Du c\u00f4t\u00e9 des autres tricolores,\u00a0<strong>Oc\u00e9ane Michelon<\/strong> et <strong>Lou Jeanmonnot <\/strong>ne sont pas en reste (9\/10 pour les deux) puisqu&rsquo;elles font m\u00eame mieux, terminant respectivement 6e et 7e (+49.9 et +52.5) confirmant le tr\u00e8s beau tir group\u00e9 des Fran\u00e7aises. <strong>Jeanne Richard<\/strong> sera, elle aussi, dans le coup pour la poursuite puisqu&rsquo;elle termine 11e, trois secondes devant <strong>Simon<\/strong>.<\/p>\n<ul>\n<li style=\"text-align: justify;\"><strong>\u00c0 ce sujet &#8211; <\/strong><a href=\"https:\/\/dicodusport.fr\/blog\/biathlon-classement-general-femmes-coupe-du-monde-2024-2025\/\"><strong>Biathlon \u2013 Classement g\u00e9n\u00e9ral femmes Coupe du monde 2024-2025<\/strong><\/a><\/li>\n<\/ul>\n","protected":false},"excerpt":{"rendered":"<p>Paula Botet s&rsquo;impose pour son retour en Coupe du monde !<\/p>\n","protected":false},"author":91,"featured_media":544936,"comment_status":"open","ping_status":"closed","sticky":false,"template":"","format":"standard","meta":{"_acf_changed":false,"_daextam_enable_autolinks":"1","footnotes":""},"categories":[47040],"tags":[2427,13159,16878,20988,24],"class_list":["post-544760","post","type-post","status-publish","format-standard","has-post-thumbnail","hentry","category-coupe-du-monde-de-biathlon","tag-biathlon","tag-biathlon-oberhof","tag-breve","tag-paula-botet","tag-sport"],"acf":[],"yoast_head":"<!-- This site is optimized with the Yoast SEO Premium plugin v26.7 (Yoast SEO v26.7) - https:\/\/yoast.com\/wordpress\/plugins\/seo\/ -->\n<title>Sprint femmes Oberhof : Paula Botet s&#039;impose pour son retour en Coupe du monde !<\/title>\n<meta name=\"description\" content=\"COUPE DU MONDE DE BIATHLON 2024-2025 - La Fran\u00e7aise Paula Botet a remport\u00e9 le sprint d&#039;Oberhof pour son retour en Coupe du monde.\" \/>\n<meta name=\"robots\" content=\"index, follow, max-snippet:-1, max-image-preview:large, max-video-preview:-1\" \/>\n<link rel=\"canonical\" href=\"https:\/\/dicodusport.fr\/blog\/sprint-femmes-oberhof-paula-botet-simpose-pour-son-retour-en-coupe-du-monde\/\" \/>\n<meta property=\"og:locale\" content=\"fr_FR\" \/>\n<meta property=\"og:type\" content=\"article\" \/>\n<meta property=\"og:title\" content=\"Sprint femmes Oberhof : Paula Botet s&#039;impose pour son retour en Coupe du monde !\" \/>\n<meta property=\"og:description\" content=\"COUPE DU MONDE DE BIATHLON 2024-2025 - La Fran\u00e7aise Paula Botet a remport\u00e9 le sprint d&#039;Oberhof pour son retour en Coupe du monde.\" \/>\n<meta property=\"og:url\" content=\"https:\/\/dicodusport.fr\/blog\/sprint-femmes-oberhof-paula-botet-simpose-pour-son-retour-en-coupe-du-monde\/\" \/>\n<meta property=\"og:site_name\" content=\"Dicodusport\" \/>\n<meta property=\"article:publisher\" content=\"https:\/\/www.facebook.com\/dicodusport\" \/>\n<meta property=\"article:published_time\" content=\"2025-01-09T14:24:47+00:00\" \/>\n<meta property=\"article:modified_time\" content=\"2025-07-09T16:37:34+00:00\" \/>\n<meta property=\"og:image\" content=\"https:\/\/dicodusport.fr\/blog\/wp-content\/uploads\/2025\/01\/Sprint-femmes-Oberhof-Paula-Botet-simpose-pour-son-retour-en-Coupe-du-monde-.png\" \/>\n\t<meta property=\"og:image:width\" content=\"1200\" \/>\n\t<meta property=\"og:image:height\" content=\"674\" \/>\n\t<meta property=\"og:image:type\" content=\"image\/png\" \/>\n<meta name=\"author\" content=\"Victor Clot-Amiot\" \/>\n<meta name=\"twitter:card\" content=\"summary_large_image\" \/>\n<meta name=\"twitter:title\" content=\"Sprint femmes Oberhof : Paula Botet s&#039;impose pour son retour en Coupe du monde !\" \/>\n<meta name=\"twitter:creator\" content=\"@https:\/\/x.com\/VictorClotAmiot\" \/>\n<meta name=\"twitter:site\" content=\"@dicodusport\" \/>\n<script type=\"application\/ld+json\" class=\"yoast-schema-graph\">{\"@context\":\"https:\/\/schema.org\",\"@graph\":[{\"@type\":\"NewsArticle\",\"@id\":\"https:\/\/dicodusport.fr\/blog\/sprint-femmes-oberhof-paula-botet-simpose-pour-son-retour-en-coupe-du-monde\/#article\",\"isPartOf\":{\"@id\":\"https:\/\/dicodusport.fr\/blog\/sprint-femmes-oberhof-paula-botet-simpose-pour-son-retour-en-coupe-du-monde\/\"},\"author\":{\"name\":\"Victor Clot-Amiot\",\"@id\":\"https:\/\/dicodusport.fr\/blog\/#\/schema\/person\/b623199cba9ba90fe84a3d16e9282360\"},\"headline\":\"Sprint femmes Oberhof : Paula Botet s&rsquo;impose pour son retour en Coupe du monde !\",\"datePublished\":\"2025-01-09T14:24:47+00:00\",\"dateModified\":\"2025-07-09T16:37:34+00:00\",\"mainEntityOfPage\":{\"@id\":\"https:\/\/dicodusport.fr\/blog\/sprint-femmes-oberhof-paula-botet-simpose-pour-son-retour-en-coupe-du-monde\/\"},\"wordCount\":748,\"commentCount\":0,\"publisher\":{\"@id\":\"https:\/\/dicodusport.fr\/blog\/#organization\"},\"image\":{\"@id\":\"https:\/\/dicodusport.fr\/blog\/sprint-femmes-oberhof-paula-botet-simpose-pour-son-retour-en-coupe-du-monde\/#primaryimage\"},\"thumbnailUrl\":\"https:\/\/dicodusport.fr\/blog\/wp-content\/uploads\/2025\/01\/Sprint-femmes-Oberhof-Paula-Botet-simpose-pour-son-retour-en-Coupe-du-monde-.png\",\"keywords\":[\"Biathlon\",\"Biathlon Oberhof\",\"br\u00e8ve\",\"Paula Botet\",\"sport\"],\"articleSection\":[\"Coupe du monde de biathlon\"],\"inLanguage\":\"fr-FR\",\"potentialAction\":[{\"@type\":\"CommentAction\",\"name\":\"Comment\",\"target\":[\"https:\/\/dicodusport.fr\/blog\/sprint-femmes-oberhof-paula-botet-simpose-pour-son-retour-en-coupe-du-monde\/#respond\"]}],\"copyrightYear\":\"2025\",\"copyrightHolder\":{\"@id\":\"https:\/\/dicodusport.fr\/blog\/#organization\"}},{\"@type\":\"WebPage\",\"@id\":\"https:\/\/dicodusport.fr\/blog\/sprint-femmes-oberhof-paula-botet-simpose-pour-son-retour-en-coupe-du-monde\/\",\"url\":\"https:\/\/dicodusport.fr\/blog\/sprint-femmes-oberhof-paula-botet-simpose-pour-son-retour-en-coupe-du-monde\/\",\"name\":\"Sprint femmes Oberhof : Paula Botet s'impose pour son retour en Coupe du monde !\",\"isPartOf\":{\"@id\":\"https:\/\/dicodusport.fr\/blog\/#website\"},\"primaryImageOfPage\":{\"@id\":\"https:\/\/dicodusport.fr\/blog\/sprint-femmes-oberhof-paula-botet-simpose-pour-son-retour-en-coupe-du-monde\/#primaryimage\"},\"image\":{\"@id\":\"https:\/\/dicodusport.fr\/blog\/sprint-femmes-oberhof-paula-botet-simpose-pour-son-retour-en-coupe-du-monde\/#primaryimage\"},\"thumbnailUrl\":\"https:\/\/dicodusport.fr\/blog\/wp-content\/uploads\/2025\/01\/Sprint-femmes-Oberhof-Paula-Botet-simpose-pour-son-retour-en-Coupe-du-monde-.png\",\"datePublished\":\"2025-01-09T14:24:47+00:00\",\"dateModified\":\"2025-07-09T16:37:34+00:00\",\"description\":\"COUPE DU MONDE DE BIATHLON 2024-2025 - La Fran\u00e7aise Paula Botet a remport\u00e9 le sprint d'Oberhof pour son retour en Coupe du monde.\",\"breadcrumb\":{\"@id\":\"https:\/\/dicodusport.fr\/blog\/sprint-femmes-oberhof-paula-botet-simpose-pour-son-retour-en-coupe-du-monde\/#breadcrumb\"},\"inLanguage\":\"fr-FR\",\"potentialAction\":[{\"@type\":\"ReadAction\",\"target\":[\"https:\/\/dicodusport.fr\/blog\/sprint-femmes-oberhof-paula-botet-simpose-pour-son-retour-en-coupe-du-monde\/\"]}]},{\"@type\":\"ImageObject\",\"inLanguage\":\"fr-FR\",\"@id\":\"https:\/\/dicodusport.fr\/blog\/sprint-femmes-oberhof-paula-botet-simpose-pour-son-retour-en-coupe-du-monde\/#primaryimage\",\"url\":\"https:\/\/dicodusport.fr\/blog\/wp-content\/uploads\/2025\/01\/Sprint-femmes-Oberhof-Paula-Botet-simpose-pour-son-retour-en-Coupe-du-monde-.png\",\"contentUrl\":\"https:\/\/dicodusport.fr\/blog\/wp-content\/uploads\/2025\/01\/Sprint-femmes-Oberhof-Paula-Botet-simpose-pour-son-retour-en-Coupe-du-monde-.png\",\"width\":1200,\"height\":674,\"caption\":\"Sprint femmes Oberhof Paula Botet s'impose pour son retour en Coupe du monde !\"},{\"@type\":\"BreadcrumbList\",\"@id\":\"https:\/\/dicodusport.fr\/blog\/sprint-femmes-oberhof-paula-botet-simpose-pour-son-retour-en-coupe-du-monde\/#breadcrumb\",\"itemListElement\":[{\"@type\":\"ListItem\",\"position\":1,\"name\":\"Accueil\",\"item\":\"https:\/\/dicodusport.fr\/blog\/\"},{\"@type\":\"ListItem\",\"position\":2,\"name\":\"Sprint femmes Oberhof : Paula Botet s&rsquo;impose pour son retour en Coupe du monde !\"}]},{\"@type\":\"WebSite\",\"@id\":\"https:\/\/dicodusport.fr\/blog\/#website\",\"url\":\"https:\/\/dicodusport.fr\/blog\/\",\"name\":\"Dicodusport\",\"description\":\"L&#039;encyclop\u00e9die de l&#039;actualit\u00e9 sportive\",\"publisher\":{\"@id\":\"https:\/\/dicodusport.fr\/blog\/#organization\"},\"potentialAction\":[{\"@type\":\"SearchAction\",\"target\":{\"@type\":\"EntryPoint\",\"urlTemplate\":\"https:\/\/dicodusport.fr\/blog\/?s={search_term_string}\"},\"query-input\":{\"@type\":\"PropertyValueSpecification\",\"valueRequired\":true,\"valueName\":\"search_term_string\"}}],\"inLanguage\":\"fr-FR\"},{\"@type\":\"NewsMediaOrganization\",\"@id\":\"https:\/\/dicodusport.fr\/blog\/#organization\",\"name\":\"Dicodusport\",\"url\":\"https:\/\/dicodusport.fr\/blog\/\",\"logo\":{\"@type\":\"ImageObject\",\"inLanguage\":\"fr-FR\",\"@id\":\"https:\/\/dicodusport.fr\/blog\/#\/schema\/logo\/image\/\",\"url\":\"https:\/\/dicodusport.fr\/blog\/wp-content\/uploads\/2020\/06\/cropped-LOGO-DICODUSPORT-2020-SANS-FOND-SANS-TEXTE.png\",\"contentUrl\":\"https:\/\/dicodusport.fr\/blog\/wp-content\/uploads\/2020\/06\/cropped-LOGO-DICODUSPORT-2020-SANS-FOND-SANS-TEXTE.png\",\"width\":512,\"height\":512,\"caption\":\"Dicodusport\"},\"image\":{\"@id\":\"https:\/\/dicodusport.fr\/blog\/#\/schema\/logo\/image\/\"},\"sameAs\":[\"https:\/\/www.facebook.com\/dicodusport\",\"https:\/\/x.com\/dicodusport\",\"https:\/\/www.instagram.com\/dicodusport\/\",\"https:\/\/www.youtube.com\/channel\/UC7V2KZ5sd3htJivAbA4ZG3w\"],\"description\":\"Dicodusport est l'encyclop\u00e9die de l'actualit\u00e9 sportive.\",\"email\":\"bonjour@dicodusport.fr\",\"legalName\":\"DICODUSPORT\",\"foundingDate\":\"2018-01-14\",\"vatID\":\"FR71834470973\",\"taxID\":\"83447097300043\",\"numberOfEmployees\":{\"@type\":\"QuantitativeValue\",\"minValue\":\"1\",\"maxValue\":\"10\"}},{\"@type\":\"Person\",\"@id\":\"https:\/\/dicodusport.fr\/blog\/#\/schema\/person\/b623199cba9ba90fe84a3d16e9282360\",\"name\":\"Victor Clot-Amiot\",\"image\":{\"@type\":\"ImageObject\",\"inLanguage\":\"fr-FR\",\"@id\":\"https:\/\/dicodusport.fr\/blog\/#\/schema\/person\/image\/\",\"url\":\"https:\/\/dicodusport.fr\/blog\/wp-content\/uploads\/2023\/09\/IMG_20190826_114722-150x150.jpg\",\"contentUrl\":\"https:\/\/dicodusport.fr\/blog\/wp-content\/uploads\/2023\/09\/IMG_20190826_114722-150x150.jpg\",\"caption\":\"Victor Clot-Amiot\"},\"description\":\"Passionn\u00e9 de sport depuis toujours, un jour \u00e0 l'adolescence mes parents m'ont dit : \\\"quitte \u00e0 passer ton temps \u00e0 regarder du sport, au moins va le voir en vrai\\\" ! Depuis, cette remarque ne m'a plus quitt\u00e9 et je passe une grande partie de mon temps libre \u00e0 assister \u00e0 des comp\u00e9titions de tous sports. Je m\u00eale d'ailleurs mes deux passions, le sport et les voyages afin de faire une pierre deux coups ! Outre l'US Open ou l'Euro 2021 par exemple, j'ai assist\u00e9 cet \u00e9t\u00e9 aux Mondiaux d'athl\u00e9tisme \u00e0 Budapest. Mon plus gros coup dur est et restera les JO 2020-2021 pour lesquels j'avais r\u00e9serv\u00e9 17 \u00e9preuves. La suite, vous la connaissez...\",\"sameAs\":[\"https:\/\/x.com\/https:\/\/x.com\/VictorClotAmiot\"],\"url\":\"https:\/\/dicodusport.fr\/blog\/author\/victor-clot-amiot\/\"}]}<\/script>\n<!-- \/ Yoast SEO Premium plugin. -->","yoast_head_json":{"title":"Sprint femmes Oberhof : Paula Botet s'impose pour son retour en Coupe du monde !","description":"COUPE DU MONDE DE BIATHLON 2024-2025 - La Fran\u00e7aise Paula Botet a remport\u00e9 le sprint d'Oberhof pour son retour en Coupe du monde.","robots":{"index":"index","follow":"follow","max-snippet":"max-snippet:-1","max-image-preview":"max-image-preview:large","max-video-preview":"max-video-preview:-1"},"canonical":"https:\/\/dicodusport.fr\/blog\/sprint-femmes-oberhof-paula-botet-simpose-pour-son-retour-en-coupe-du-monde\/","og_locale":"fr_FR","og_type":"article","og_title":"Sprint femmes Oberhof : Paula Botet s'impose pour son retour en Coupe du monde !","og_description":"COUPE DU MONDE DE BIATHLON 2024-2025 - La Fran\u00e7aise Paula Botet a remport\u00e9 le sprint d'Oberhof pour son retour en Coupe du monde.","og_url":"https:\/\/dicodusport.fr\/blog\/sprint-femmes-oberhof-paula-botet-simpose-pour-son-retour-en-coupe-du-monde\/","og_site_name":"Dicodusport","article_publisher":"https:\/\/www.facebook.com\/dicodusport","article_published_time":"2025-01-09T14:24:47+00:00","article_modified_time":"2025-07-09T16:37:34+00:00","og_image":[{"width":1200,"height":674,"url":"https:\/\/dicodusport.fr\/blog\/wp-content\/uploads\/2025\/01\/Sprint-femmes-Oberhof-Paula-Botet-simpose-pour-son-retour-en-Coupe-du-monde-.png","type":"image\/png"}],"author":"Victor Clot-Amiot","twitter_card":"summary_large_image","twitter_title":"Sprint femmes Oberhof : Paula Botet s'impose pour son retour en Coupe du monde !","twitter_creator":"@https:\/\/x.com\/VictorClotAmiot","twitter_site":"@dicodusport","schema":{"@context":"https:\/\/schema.org","@graph":[{"@type":"NewsArticle","@id":"https:\/\/dicodusport.fr\/blog\/sprint-femmes-oberhof-paula-botet-simpose-pour-son-retour-en-coupe-du-monde\/#article","isPartOf":{"@id":"https:\/\/dicodusport.fr\/blog\/sprint-femmes-oberhof-paula-botet-simpose-pour-son-retour-en-coupe-du-monde\/"},"author":{"name":"Victor Clot-Amiot","@id":"https:\/\/dicodusport.fr\/blog\/#\/schema\/person\/b623199cba9ba90fe84a3d16e9282360"},"headline":"Sprint femmes Oberhof : Paula Botet s&rsquo;impose pour son retour en Coupe du monde !","datePublished":"2025-01-09T14:24:47+00:00","dateModified":"2025-07-09T16:37:34+00:00","mainEntityOfPage":{"@id":"https:\/\/dicodusport.fr\/blog\/sprint-femmes-oberhof-paula-botet-simpose-pour-son-retour-en-coupe-du-monde\/"},"wordCount":748,"commentCount":0,"publisher":{"@id":"https:\/\/dicodusport.fr\/blog\/#organization"},"image":{"@id":"https:\/\/dicodusport.fr\/blog\/sprint-femmes-oberhof-paula-botet-simpose-pour-son-retour-en-coupe-du-monde\/#primaryimage"},"thumbnailUrl":"https:\/\/dicodusport.fr\/blog\/wp-content\/uploads\/2025\/01\/Sprint-femmes-Oberhof-Paula-Botet-simpose-pour-son-retour-en-Coupe-du-monde-.png","keywords":["Biathlon","Biathlon Oberhof","br\u00e8ve","Paula Botet","sport"],"articleSection":["Coupe du monde de biathlon"],"inLanguage":"fr-FR","potentialAction":[{"@type":"CommentAction","name":"Comment","target":["https:\/\/dicodusport.fr\/blog\/sprint-femmes-oberhof-paula-botet-simpose-pour-son-retour-en-coupe-du-monde\/#respond"]}],"copyrightYear":"2025","copyrightHolder":{"@id":"https:\/\/dicodusport.fr\/blog\/#organization"}},{"@type":"WebPage","@id":"https:\/\/dicodusport.fr\/blog\/sprint-femmes-oberhof-paula-botet-simpose-pour-son-retour-en-coupe-du-monde\/","url":"https:\/\/dicodusport.fr\/blog\/sprint-femmes-oberhof-paula-botet-simpose-pour-son-retour-en-coupe-du-monde\/","name":"Sprint femmes Oberhof : Paula Botet s'impose pour son retour en Coupe du monde !","isPartOf":{"@id":"https:\/\/dicodusport.fr\/blog\/#website"},"primaryImageOfPage":{"@id":"https:\/\/dicodusport.fr\/blog\/sprint-femmes-oberhof-paula-botet-simpose-pour-son-retour-en-coupe-du-monde\/#primaryimage"},"image":{"@id":"https:\/\/dicodusport.fr\/blog\/sprint-femmes-oberhof-paula-botet-simpose-pour-son-retour-en-coupe-du-monde\/#primaryimage"},"thumbnailUrl":"https:\/\/dicodusport.fr\/blog\/wp-content\/uploads\/2025\/01\/Sprint-femmes-Oberhof-Paula-Botet-simpose-pour-son-retour-en-Coupe-du-monde-.png","datePublished":"2025-01-09T14:24:47+00:00","dateModified":"2025-07-09T16:37:34+00:00","description":"COUPE DU MONDE DE BIATHLON 2024-2025 - La Fran\u00e7aise Paula Botet a remport\u00e9 le sprint d'Oberhof pour son retour en Coupe du monde.","breadcrumb":{"@id":"https:\/\/dicodusport.fr\/blog\/sprint-femmes-oberhof-paula-botet-simpose-pour-son-retour-en-coupe-du-monde\/#breadcrumb"},"inLanguage":"fr-FR","potentialAction":[{"@type":"ReadAction","target":["https:\/\/dicodusport.fr\/blog\/sprint-femmes-oberhof-paula-botet-simpose-pour-son-retour-en-coupe-du-monde\/"]}]},{"@type":"ImageObject","inLanguage":"fr-FR","@id":"https:\/\/dicodusport.fr\/blog\/sprint-femmes-oberhof-paula-botet-simpose-pour-son-retour-en-coupe-du-monde\/#primaryimage","url":"https:\/\/dicodusport.fr\/blog\/wp-content\/uploads\/2025\/01\/Sprint-femmes-Oberhof-Paula-Botet-simpose-pour-son-retour-en-Coupe-du-monde-.png","contentUrl":"https:\/\/dicodusport.fr\/blog\/wp-content\/uploads\/2025\/01\/Sprint-femmes-Oberhof-Paula-Botet-simpose-pour-son-retour-en-Coupe-du-monde-.png","width":1200,"height":674,"caption":"Sprint femmes Oberhof Paula Botet s'impose pour son retour en Coupe du monde !"},{"@type":"BreadcrumbList","@id":"https:\/\/dicodusport.fr\/blog\/sprint-femmes-oberhof-paula-botet-simpose-pour-son-retour-en-coupe-du-monde\/#breadcrumb","itemListElement":[{"@type":"ListItem","position":1,"name":"Accueil","item":"https:\/\/dicodusport.fr\/blog\/"},{"@type":"ListItem","position":2,"name":"Sprint femmes Oberhof : Paula Botet s&rsquo;impose pour son retour en Coupe du monde !"}]},{"@type":"WebSite","@id":"https:\/\/dicodusport.fr\/blog\/#website","url":"https:\/\/dicodusport.fr\/blog\/","name":"Dicodusport","description":"L&#039;encyclop\u00e9die de l&#039;actualit\u00e9 sportive","publisher":{"@id":"https:\/\/dicodusport.fr\/blog\/#organization"},"potentialAction":[{"@type":"SearchAction","target":{"@type":"EntryPoint","urlTemplate":"https:\/\/dicodusport.fr\/blog\/?s={search_term_string}"},"query-input":{"@type":"PropertyValueSpecification","valueRequired":true,"valueName":"search_term_string"}}],"inLanguage":"fr-FR"},{"@type":"NewsMediaOrganization","@id":"https:\/\/dicodusport.fr\/blog\/#organization","name":"Dicodusport","url":"https:\/\/dicodusport.fr\/blog\/","logo":{"@type":"ImageObject","inLanguage":"fr-FR","@id":"https:\/\/dicodusport.fr\/blog\/#\/schema\/logo\/image\/","url":"https:\/\/dicodusport.fr\/blog\/wp-content\/uploads\/2020\/06\/cropped-LOGO-DICODUSPORT-2020-SANS-FOND-SANS-TEXTE.png","contentUrl":"https:\/\/dicodusport.fr\/blog\/wp-content\/uploads\/2020\/06\/cropped-LOGO-DICODUSPORT-2020-SANS-FOND-SANS-TEXTE.png","width":512,"height":512,"caption":"Dicodusport"},"image":{"@id":"https:\/\/dicodusport.fr\/blog\/#\/schema\/logo\/image\/"},"sameAs":["https:\/\/www.facebook.com\/dicodusport","https:\/\/x.com\/dicodusport","https:\/\/www.instagram.com\/dicodusport\/","https:\/\/www.youtube.com\/channel\/UC7V2KZ5sd3htJivAbA4ZG3w"],"description":"Dicodusport est l'encyclop\u00e9die de l'actualit\u00e9 sportive.","email":"bonjour@dicodusport.fr","legalName":"DICODUSPORT","foundingDate":"2018-01-14","vatID":"FR71834470973","taxID":"83447097300043","numberOfEmployees":{"@type":"QuantitativeValue","minValue":"1","maxValue":"10"}},{"@type":"Person","@id":"https:\/\/dicodusport.fr\/blog\/#\/schema\/person\/b623199cba9ba90fe84a3d16e9282360","name":"Victor Clot-Amiot","image":{"@type":"ImageObject","inLanguage":"fr-FR","@id":"https:\/\/dicodusport.fr\/blog\/#\/schema\/person\/image\/","url":"https:\/\/dicodusport.fr\/blog\/wp-content\/uploads\/2023\/09\/IMG_20190826_114722-150x150.jpg","contentUrl":"https:\/\/dicodusport.fr\/blog\/wp-content\/uploads\/2023\/09\/IMG_20190826_114722-150x150.jpg","caption":"Victor Clot-Amiot"},"description":"Passionn\u00e9 de sport depuis toujours, un jour \u00e0 l'adolescence mes parents m'ont dit : \"quitte \u00e0 passer ton temps \u00e0 regarder du sport, au moins va le voir en vrai\" ! Depuis, cette remarque ne m'a plus quitt\u00e9 et je passe une grande partie de mon temps libre \u00e0 assister \u00e0 des comp\u00e9titions de tous sports. Je m\u00eale d'ailleurs mes deux passions, le sport et les voyages afin de faire une pierre deux coups ! Outre l'US Open ou l'Euro 2021 par exemple, j'ai assist\u00e9 cet \u00e9t\u00e9 aux Mondiaux d'athl\u00e9tisme \u00e0 Budapest. Mon plus gros coup dur est et restera les JO 2020-2021 pour lesquels j'avais r\u00e9serv\u00e9 17 \u00e9preuves. La suite, vous la connaissez...","sameAs":["https:\/\/x.com\/https:\/\/x.com\/VictorClotAmiot"],"url":"https:\/\/dicodusport.fr\/blog\/author\/victor-clot-amiot\/"}]}},"_links":{"self":[{"href":"https:\/\/dicodusport.fr\/blog\/wp-json\/wp\/v2\/posts\/544760","targetHints":{"allow":["GET"]}}],"collection":[{"href":"https:\/\/dicodusport.fr\/blog\/wp-json\/wp\/v2\/posts"}],"about":[{"href":"https:\/\/dicodusport.fr\/blog\/wp-json\/wp\/v2\/types\/post"}],"author":[{"embeddable":true,"href":"https:\/\/dicodusport.fr\/blog\/wp-json\/wp\/v2\/users\/91"}],"replies":[{"embeddable":true,"href":"https:\/\/dicodusport.fr\/blog\/wp-json\/wp\/v2\/comments?post=544760"}],"version-history":[{"count":5,"href":"https:\/\/dicodusport.fr\/blog\/wp-json\/wp\/v2\/posts\/544760\/revisions"}],"predecessor-version":[{"id":544924,"href":"https:\/\/dicodusport.fr\/blog\/wp-json\/wp\/v2\/posts\/544760\/revisions\/544924"}],"wp:featuredmedia":[{"embeddable":true,"href":"https:\/\/dicodusport.fr\/blog\/wp-json\/wp\/v2\/media\/544936"}],"wp:attachment":[{"href":"https:\/\/dicodusport.fr\/blog\/wp-json\/wp\/v2\/media?parent=544760"}],"wp:term":[{"taxonomy":"category","embeddable":true,"href":"https:\/\/dicodusport.fr\/blog\/wp-json\/wp\/v2\/categories?post=544760"},{"taxonomy":"post_tag","embeddable":true,"href":"https:\/\/dicodusport.fr\/blog\/wp-json\/wp\/v2\/tags?post=544760"}],"curies":[{"name":"wp","href":"https:\/\/api.w.org\/{rel}","templated":true}]}}