{"id":545085,"date":"2025-01-10T10:48:06","date_gmt":"2025-01-10T09:48:06","guid":{"rendered":"https:\/\/dicodusport.fr\/blog\/?p=545085&#038;preview=true&#038;preview_id=545085"},"modified":"2025-01-11T02:50:36","modified_gmt":"2025-01-11T01:50:36","slug":"transferts-lens-va-vendre-abdukodir-khusanov-a-un-cador-europeen","status":"publish","type":"post","link":"https:\/\/dicodusport.fr\/blog\/transferts-lens-va-vendre-abdukodir-khusanov-a-un-cador-europeen\/","title":{"rendered":"Transferts : Lens va vendre Abdukodir Khusanov \u00e0 un cador europ\u00e9en"},"content":{"rendered":"<h4 style=\"text-align: justify;\"><em>TRANSFERTS LENS &#8211; Annonc\u00e9 depuis plusieurs jours, le d\u00e9part d&rsquo;Abdukodir Khusanov vers Manchester City se pr\u00e9cise. En qu\u00eate de liquidit\u00e9s, les dirigeants du Racing Club de Lens s&rsquo;appr\u00eatent \u00e0 r\u00e9aliser une incroyable plus-value.<\/em><\/h4>\n<ul style=\"text-align: justify;\">\n<li><strong>\u00c0 ce sujet &#8211; <a href=\"https:\/\/dicodusport.fr\/blog\/actualites\/football\/\">Toute l&rsquo;actualit\u00e9 du football<\/a><\/strong><\/li>\n<\/ul>\n<p style=\"text-align: justify;\">On se dirige tout droit vers l&rsquo;une des plus grandes op\u00e9rations financi\u00e8res de ces derni\u00e8res ann\u00e9es. D\u00e9barqu\u00e9 dans l&rsquo;anonymat le plus total \u00e0 <strong>Lens<\/strong> durant l&rsquo;\u00e9t\u00e9 2023, <strong>Abdukodir Khusanov<\/strong> avait \u00e9t\u00e9 recrut\u00e9 pour seulement 100 000\u20ac en provenance d&rsquo;un club ouzbek, l&rsquo;<strong>Energetik-BGU<\/strong>. Un an et demi plus tard, son d\u00e9part pourrait rapporter jusqu&rsquo;\u00e0&#8230;<strong>50 millions d&rsquo;euros<\/strong> !<\/p>\n<h2 style=\"text-align: justify;\">Abdukodir Khusanov \u00e0 Manchester City, une aubaine pour les finances lensoises<\/h2>\n<p style=\"text-align: justify;\">En effet, depuis plusieurs jours, le d\u00e9fenseur ouzbek \u00e9tait cibl\u00e9 par plusieurs grosses \u00e9curies europ\u00e9ennes, dont <strong>Manchester City<\/strong>. En difficult\u00e9 depuis plusieurs semaines, le club anglais souhaite se montrer actif cet hiver, et avait fait du jeune d\u00e9fenseur lensois l&rsquo;une de ses priorit\u00e9s pour renforcer une charni\u00e8re centrale fragile. Pour arriver \u00e0 leurs fins, les Mancuniens n&rsquo;ont pas h\u00e9sit\u00e9 \u00e0 sortir les grands moyens pour convaincre le RCL de l\u00e2cher son d\u00e9fenseur de 20 ans. Ainsi, un accord a a \u00e9t\u00e9 trouv\u00e9 entre les deux clubs pour une somme estim\u00e9e \u00e0 50M\u20ac, bonus inclus. Le joueur aurait un <strong>contrat de cinq ans et demi<\/strong> qui l&rsquo;attendrait chez les Citizens.<\/p>\n<p style=\"text-align: justify;\">C\u00f4t\u00e9 Sang et Or, cette vente va enfin permettre de soulager des finances dans le rouge. Apr\u00e8s avoir vu plus de 40M\u20ac s&rsquo;envoler l&rsquo;\u00e9t\u00e9 dernier, en raison des ventes avort\u00e9es de<strong> Nell Al-Aynaoui<\/strong> \u00e0 Monaco, et <strong>Kevin Danso<\/strong> \u00e0 la Roma, le club du pr\u00e9sident <strong>Joseph Oughourlian<\/strong> va r\u00e9cup\u00e9rer une somme similaire en vendant un seul joueur. Tout en r\u00e9alisant une plus-value titanesque gr\u00e2ce \u00e0 ce roc d\u00e9fensif venu de nulle part, mais qui vient de sortir une premi\u00e8re moiti\u00e9 de saison tonitruante en <strong>Ligue 1<\/strong>. Au passage, l&rsquo;Ouzbek va devenir la plus grosse vente de l&rsquo;histoire du RCL, effa\u00e7ant les 44M touch\u00e9s pour la vente de <strong>Lo\u00efs Openda<\/strong> \u00e0 Leipzig lors de l&rsquo;\u00e9t\u00e9 2023.<\/p>\n<blockquote class=\"twitter-tweet\">\n<p dir=\"ltr\" lang=\"fr\">\ud83d\udea8\ud83d\udc99\ud83c\uddfa\ud83c\uddff <a href=\"https:\/\/twitter.com\/hashtag\/PL?src=hash&amp;ref_src=twsrc%5Etfw\">#PL<\/a> |<\/p>\n<p>\ud83d\udd10 Accord trouv\u00e9 entre Lens et Manchester City pour le transfert d&rsquo;Abdukodir Khusanov<\/p>\n<p>\ud83d\udcb0 50M\u20ac bonus inclus<\/p>\n<p>\u2757\ufe0fContract valid June 2\ufe0f\u20e30\ufe0f\u20e33\ufe0f\u20e30\ufe0f\u20e3<\/p>\n<p>Avec <a href=\"https:\/\/twitter.com\/sebnonda?ref_src=twsrc%5Etfw\">@sebnonda<\/a><\/p>\n<p>First : <a href=\"https:\/\/twitter.com\/berger_pj?ref_src=twsrc%5Etfw\">@berger_pj<\/a> <a href=\"https:\/\/t.co\/DE0f5al7dT\">https:\/\/t.co\/DE0f5al7dT<\/a> <a href=\"https:\/\/t.co\/81VUJ0IcSl\">https:\/\/t.co\/81VUJ0IcSl<\/a> <a href=\"https:\/\/t.co\/cYwaPVoX8K\">pic.twitter.com\/cYwaPVoX8K<\/a><\/p>\n<p>\u2014 Santi Aouna (@Santi_J_FM) <a href=\"https:\/\/twitter.com\/Santi_J_FM\/status\/1877646237626773536?ref_src=twsrc%5Etfw\">January 10, 2025<\/a><\/p><\/blockquote>\n<p style=\"text-align: justify;\"><script async src=\"https:\/\/platform.twitter.com\/widgets.js\" charset=\"utf-8\"><\/script><\/p>\n","protected":false},"excerpt":{"rendered":"<p>TRANSFERTS LENS &#8211; Annonc\u00e9 depuis plusieurs jours, le d\u00e9part d&rsquo;Abdukodir Khusanov vers Manchester City se pr\u00e9cise. En qu\u00eate de liquidit\u00e9s, les dirigeants du Racing Club de Lens s&rsquo;appr\u00eatent \u00e0 r\u00e9aliser une incroyable plus-value.<\/p>\n","protected":false},"author":55,"featured_media":545087,"comment_status":"open","ping_status":"closed","sticky":false,"template":"","format":"standard","meta":{"_acf_changed":false,"_daextam_enable_autolinks":"1","footnotes":""},"categories":[2301],"tags":[32415,16878,74,75,465,3169],"class_list":["post-545085","post","type-post","status-publish","format-standard","has-post-thumbnail","hentry","category-football","tag-actu","tag-breve","tag-foot","tag-football","tag-lens","tag-manchester-city"],"acf":[],"yoast_head":"<!-- This site is optimized with the Yoast SEO Premium plugin v26.7 (Yoast SEO v26.7) - https:\/\/yoast.com\/wordpress\/plugins\/seo\/ -->\n<title>Transferts : Lens va vendre Abdukodir Khusanov \u00e0 un cador europ\u00e9en<\/title>\n<meta name=\"description\" content=\"TRANSFERTS LENS - Annonc\u00e9 depuis plusieurs jours, le d\u00e9part d&#039;Abdukodir Khusanov vers Manchester City se pr\u00e9cise.\" \/>\n<meta name=\"robots\" content=\"index, follow, max-snippet:-1, max-image-preview:large, max-video-preview:-1\" \/>\n<link rel=\"canonical\" href=\"https:\/\/dicodusport.fr\/blog\/transferts-lens-va-vendre-abdukodir-khusanov-a-un-cador-europeen\/\" \/>\n<meta property=\"og:locale\" content=\"fr_FR\" \/>\n<meta property=\"og:type\" content=\"article\" \/>\n<meta property=\"og:title\" content=\"Transferts : Lens va vendre Abdukodir Khusanov \u00e0 un cador europ\u00e9en\" \/>\n<meta property=\"og:description\" content=\"TRANSFERTS LENS - Annonc\u00e9 depuis plusieurs jours, le d\u00e9part d&#039;Abdukodir Khusanov vers Manchester City se pr\u00e9cise.\" \/>\n<meta property=\"og:url\" content=\"https:\/\/dicodusport.fr\/blog\/transferts-lens-va-vendre-abdukodir-khusanov-a-un-cador-europeen\/\" \/>\n<meta property=\"og:site_name\" content=\"Dicodusport\" \/>\n<meta property=\"article:publisher\" content=\"https:\/\/www.facebook.com\/dicodusport\" \/>\n<meta property=\"article:published_time\" content=\"2025-01-10T09:48:06+00:00\" \/>\n<meta property=\"article:modified_time\" content=\"2025-01-11T01:50:36+00:00\" \/>\n<meta property=\"og:image\" content=\"https:\/\/dicodusport.fr\/blog\/wp-content\/uploads\/2025\/01\/Khusanov.png\" \/>\n\t<meta property=\"og:image:width\" content=\"1200\" \/>\n\t<meta property=\"og:image:height\" content=\"674\" \/>\n\t<meta property=\"og:image:type\" content=\"image\/png\" \/>\n<meta name=\"author\" content=\"Maxime Cazenave\" \/>\n<meta name=\"twitter:card\" content=\"summary_large_image\" \/>\n<meta name=\"twitter:title\" content=\"Transferts : Lens va vendre Abdukodir Khusanov \u00e0 un cador europ\u00e9en\" \/>\n<meta name=\"twitter:creator\" content=\"@https:\/\/twitter.com\/Maxime_Caze\" \/>\n<meta name=\"twitter:site\" content=\"@dicodusport\" \/>\n<script type=\"application\/ld+json\" class=\"yoast-schema-graph\">{\"@context\":\"https:\/\/schema.org\",\"@graph\":[{\"@type\":\"NewsArticle\",\"@id\":\"https:\/\/dicodusport.fr\/blog\/transferts-lens-va-vendre-abdukodir-khusanov-a-un-cador-europeen\/#article\",\"isPartOf\":{\"@id\":\"https:\/\/dicodusport.fr\/blog\/transferts-lens-va-vendre-abdukodir-khusanov-a-un-cador-europeen\/\"},\"author\":{\"name\":\"Maxime Cazenave\",\"@id\":\"https:\/\/dicodusport.fr\/blog\/#\/schema\/person\/37def232098a7a5cbab3974a3690abb0\"},\"headline\":\"Transferts : Lens va vendre Abdukodir Khusanov \u00e0 un cador europ\u00e9en\",\"datePublished\":\"2025-01-10T09:48:06+00:00\",\"dateModified\":\"2025-01-11T01:50:36+00:00\",\"mainEntityOfPage\":{\"@id\":\"https:\/\/dicodusport.fr\/blog\/transferts-lens-va-vendre-abdukodir-khusanov-a-un-cador-europeen\/\"},\"wordCount\":423,\"commentCount\":0,\"publisher\":{\"@id\":\"https:\/\/dicodusport.fr\/blog\/#organization\"},\"image\":{\"@id\":\"https:\/\/dicodusport.fr\/blog\/transferts-lens-va-vendre-abdukodir-khusanov-a-un-cador-europeen\/#primaryimage\"},\"thumbnailUrl\":\"https:\/\/dicodusport.fr\/blog\/wp-content\/uploads\/2025\/01\/Khusanov.png\",\"keywords\":[\"actu\",\"br\u00e8ve\",\"foot\",\"Football\",\"Lens\",\"Manchester City\"],\"articleSection\":[\"Football\"],\"inLanguage\":\"fr-FR\",\"potentialAction\":[{\"@type\":\"CommentAction\",\"name\":\"Comment\",\"target\":[\"https:\/\/dicodusport.fr\/blog\/transferts-lens-va-vendre-abdukodir-khusanov-a-un-cador-europeen\/#respond\"]}],\"copyrightYear\":\"2025\",\"copyrightHolder\":{\"@id\":\"https:\/\/dicodusport.fr\/blog\/#organization\"}},{\"@type\":\"WebPage\",\"@id\":\"https:\/\/dicodusport.fr\/blog\/transferts-lens-va-vendre-abdukodir-khusanov-a-un-cador-europeen\/\",\"url\":\"https:\/\/dicodusport.fr\/blog\/transferts-lens-va-vendre-abdukodir-khusanov-a-un-cador-europeen\/\",\"name\":\"Transferts : Lens va vendre Abdukodir Khusanov \u00e0 un cador europ\u00e9en\",\"isPartOf\":{\"@id\":\"https:\/\/dicodusport.fr\/blog\/#website\"},\"primaryImageOfPage\":{\"@id\":\"https:\/\/dicodusport.fr\/blog\/transferts-lens-va-vendre-abdukodir-khusanov-a-un-cador-europeen\/#primaryimage\"},\"image\":{\"@id\":\"https:\/\/dicodusport.fr\/blog\/transferts-lens-va-vendre-abdukodir-khusanov-a-un-cador-europeen\/#primaryimage\"},\"thumbnailUrl\":\"https:\/\/dicodusport.fr\/blog\/wp-content\/uploads\/2025\/01\/Khusanov.png\",\"datePublished\":\"2025-01-10T09:48:06+00:00\",\"dateModified\":\"2025-01-11T01:50:36+00:00\",\"description\":\"TRANSFERTS LENS - Annonc\u00e9 depuis plusieurs jours, le d\u00e9part d'Abdukodir Khusanov vers Manchester City se pr\u00e9cise.\",\"breadcrumb\":{\"@id\":\"https:\/\/dicodusport.fr\/blog\/transferts-lens-va-vendre-abdukodir-khusanov-a-un-cador-europeen\/#breadcrumb\"},\"inLanguage\":\"fr-FR\",\"potentialAction\":[{\"@type\":\"ReadAction\",\"target\":[\"https:\/\/dicodusport.fr\/blog\/transferts-lens-va-vendre-abdukodir-khusanov-a-un-cador-europeen\/\"]}]},{\"@type\":\"ImageObject\",\"inLanguage\":\"fr-FR\",\"@id\":\"https:\/\/dicodusport.fr\/blog\/transferts-lens-va-vendre-abdukodir-khusanov-a-un-cador-europeen\/#primaryimage\",\"url\":\"https:\/\/dicodusport.fr\/blog\/wp-content\/uploads\/2025\/01\/Khusanov.png\",\"contentUrl\":\"https:\/\/dicodusport.fr\/blog\/wp-content\/uploads\/2025\/01\/Khusanov.png\",\"width\":1200,\"height\":674,\"caption\":\"Transferts : Lens va vendre Abdukodir Khusanov \u00e0 un cador europ\u00e9en\"},{\"@type\":\"BreadcrumbList\",\"@id\":\"https:\/\/dicodusport.fr\/blog\/transferts-lens-va-vendre-abdukodir-khusanov-a-un-cador-europeen\/#breadcrumb\",\"itemListElement\":[{\"@type\":\"ListItem\",\"position\":1,\"name\":\"Accueil\",\"item\":\"https:\/\/dicodusport.fr\/blog\/\"},{\"@type\":\"ListItem\",\"position\":2,\"name\":\"Transferts : Lens va vendre Abdukodir Khusanov \u00e0 un cador europ\u00e9en\"}]},{\"@type\":\"WebSite\",\"@id\":\"https:\/\/dicodusport.fr\/blog\/#website\",\"url\":\"https:\/\/dicodusport.fr\/blog\/\",\"name\":\"Dicodusport\",\"description\":\"L&#039;encyclop\u00e9die de l&#039;actualit\u00e9 sportive\",\"publisher\":{\"@id\":\"https:\/\/dicodusport.fr\/blog\/#organization\"},\"potentialAction\":[{\"@type\":\"SearchAction\",\"target\":{\"@type\":\"EntryPoint\",\"urlTemplate\":\"https:\/\/dicodusport.fr\/blog\/?s={search_term_string}\"},\"query-input\":{\"@type\":\"PropertyValueSpecification\",\"valueRequired\":true,\"valueName\":\"search_term_string\"}}],\"inLanguage\":\"fr-FR\"},{\"@type\":\"NewsMediaOrganization\",\"@id\":\"https:\/\/dicodusport.fr\/blog\/#organization\",\"name\":\"Dicodusport\",\"url\":\"https:\/\/dicodusport.fr\/blog\/\",\"logo\":{\"@type\":\"ImageObject\",\"inLanguage\":\"fr-FR\",\"@id\":\"https:\/\/dicodusport.fr\/blog\/#\/schema\/logo\/image\/\",\"url\":\"https:\/\/dicodusport.fr\/blog\/wp-content\/uploads\/2020\/06\/cropped-LOGO-DICODUSPORT-2020-SANS-FOND-SANS-TEXTE.png\",\"contentUrl\":\"https:\/\/dicodusport.fr\/blog\/wp-content\/uploads\/2020\/06\/cropped-LOGO-DICODUSPORT-2020-SANS-FOND-SANS-TEXTE.png\",\"width\":512,\"height\":512,\"caption\":\"Dicodusport\"},\"image\":{\"@id\":\"https:\/\/dicodusport.fr\/blog\/#\/schema\/logo\/image\/\"},\"sameAs\":[\"https:\/\/www.facebook.com\/dicodusport\",\"https:\/\/x.com\/dicodusport\",\"https:\/\/www.instagram.com\/dicodusport\/\",\"https:\/\/www.youtube.com\/channel\/UC7V2KZ5sd3htJivAbA4ZG3w\"],\"description\":\"Dicodusport est l'encyclop\u00e9die de l'actualit\u00e9 sportive.\",\"email\":\"bonjour@dicodusport.fr\",\"legalName\":\"DICODUSPORT\",\"foundingDate\":\"2018-01-14\",\"vatID\":\"FR71834470973\",\"taxID\":\"83447097300043\",\"numberOfEmployees\":{\"@type\":\"QuantitativeValue\",\"minValue\":\"1\",\"maxValue\":\"10\"}},{\"@type\":\"Person\",\"@id\":\"https:\/\/dicodusport.fr\/blog\/#\/schema\/person\/37def232098a7a5cbab3974a3690abb0\",\"name\":\"Maxime Cazenave\",\"image\":{\"@type\":\"ImageObject\",\"inLanguage\":\"fr-FR\",\"@id\":\"https:\/\/dicodusport.fr\/blog\/#\/schema\/person\/image\/\",\"url\":\"https:\/\/dicodusport.fr\/blog\/wp-content\/uploads\/2021\/05\/Maxime-Cazenave-150x150.jpg\",\"contentUrl\":\"https:\/\/dicodusport.fr\/blog\/wp-content\/uploads\/2021\/05\/Maxime-Cazenave-150x150.jpg\",\"caption\":\"Maxime Cazenave\"},\"description\":\"Journaliste\/R\u00e9dacteur depuis 2012 - Berc\u00e9 par l\u2019amour des Girondins de Bordeaux, les \u00e9checs de Christophe Moreau sur le Tour de France sous l'\u00e8re Lance Armstrong et le fade-away l\u00e9tal de Dirk Nowitzki, ma passion d\u00e9vorante pour le sport a toujours \u00e9t\u00e9 un pan incontournable de ma vie. Transmettre ma passion \u00e0 l\u2019\u00e9crit a \u00e9t\u00e9 une transition naturelle. Suiveur assidu de basket et de hockey sur glace, je garde toujours un peu de place pour suivre le cyclisme, le football et le maximum de performances fran\u00e7aises.\",\"sameAs\":[\"https:\/\/x.com\/https:\/\/twitter.com\/Maxime_Caze\"],\"url\":\"https:\/\/dicodusport.fr\/blog\/author\/maximec\/\"}]}<\/script>\n<!-- \/ Yoast SEO Premium plugin. -->","yoast_head_json":{"title":"Transferts : Lens va vendre Abdukodir Khusanov \u00e0 un cador europ\u00e9en","description":"TRANSFERTS LENS - Annonc\u00e9 depuis plusieurs jours, le d\u00e9part d'Abdukodir Khusanov vers Manchester City se pr\u00e9cise.","robots":{"index":"index","follow":"follow","max-snippet":"max-snippet:-1","max-image-preview":"max-image-preview:large","max-video-preview":"max-video-preview:-1"},"canonical":"https:\/\/dicodusport.fr\/blog\/transferts-lens-va-vendre-abdukodir-khusanov-a-un-cador-europeen\/","og_locale":"fr_FR","og_type":"article","og_title":"Transferts : Lens va vendre Abdukodir Khusanov \u00e0 un cador europ\u00e9en","og_description":"TRANSFERTS LENS - Annonc\u00e9 depuis plusieurs jours, le d\u00e9part d'Abdukodir Khusanov vers Manchester City se pr\u00e9cise.","og_url":"https:\/\/dicodusport.fr\/blog\/transferts-lens-va-vendre-abdukodir-khusanov-a-un-cador-europeen\/","og_site_name":"Dicodusport","article_publisher":"https:\/\/www.facebook.com\/dicodusport","article_published_time":"2025-01-10T09:48:06+00:00","article_modified_time":"2025-01-11T01:50:36+00:00","og_image":[{"width":1200,"height":674,"url":"https:\/\/dicodusport.fr\/blog\/wp-content\/uploads\/2025\/01\/Khusanov.png","type":"image\/png"}],"author":"Maxime Cazenave","twitter_card":"summary_large_image","twitter_title":"Transferts : Lens va vendre Abdukodir Khusanov \u00e0 un cador europ\u00e9en","twitter_creator":"@https:\/\/twitter.com\/Maxime_Caze","twitter_site":"@dicodusport","schema":{"@context":"https:\/\/schema.org","@graph":[{"@type":"NewsArticle","@id":"https:\/\/dicodusport.fr\/blog\/transferts-lens-va-vendre-abdukodir-khusanov-a-un-cador-europeen\/#article","isPartOf":{"@id":"https:\/\/dicodusport.fr\/blog\/transferts-lens-va-vendre-abdukodir-khusanov-a-un-cador-europeen\/"},"author":{"name":"Maxime Cazenave","@id":"https:\/\/dicodusport.fr\/blog\/#\/schema\/person\/37def232098a7a5cbab3974a3690abb0"},"headline":"Transferts : Lens va vendre Abdukodir Khusanov \u00e0 un cador europ\u00e9en","datePublished":"2025-01-10T09:48:06+00:00","dateModified":"2025-01-11T01:50:36+00:00","mainEntityOfPage":{"@id":"https:\/\/dicodusport.fr\/blog\/transferts-lens-va-vendre-abdukodir-khusanov-a-un-cador-europeen\/"},"wordCount":423,"commentCount":0,"publisher":{"@id":"https:\/\/dicodusport.fr\/blog\/#organization"},"image":{"@id":"https:\/\/dicodusport.fr\/blog\/transferts-lens-va-vendre-abdukodir-khusanov-a-un-cador-europeen\/#primaryimage"},"thumbnailUrl":"https:\/\/dicodusport.fr\/blog\/wp-content\/uploads\/2025\/01\/Khusanov.png","keywords":["actu","br\u00e8ve","foot","Football","Lens","Manchester City"],"articleSection":["Football"],"inLanguage":"fr-FR","potentialAction":[{"@type":"CommentAction","name":"Comment","target":["https:\/\/dicodusport.fr\/blog\/transferts-lens-va-vendre-abdukodir-khusanov-a-un-cador-europeen\/#respond"]}],"copyrightYear":"2025","copyrightHolder":{"@id":"https:\/\/dicodusport.fr\/blog\/#organization"}},{"@type":"WebPage","@id":"https:\/\/dicodusport.fr\/blog\/transferts-lens-va-vendre-abdukodir-khusanov-a-un-cador-europeen\/","url":"https:\/\/dicodusport.fr\/blog\/transferts-lens-va-vendre-abdukodir-khusanov-a-un-cador-europeen\/","name":"Transferts : Lens va vendre Abdukodir Khusanov \u00e0 un cador europ\u00e9en","isPartOf":{"@id":"https:\/\/dicodusport.fr\/blog\/#website"},"primaryImageOfPage":{"@id":"https:\/\/dicodusport.fr\/blog\/transferts-lens-va-vendre-abdukodir-khusanov-a-un-cador-europeen\/#primaryimage"},"image":{"@id":"https:\/\/dicodusport.fr\/blog\/transferts-lens-va-vendre-abdukodir-khusanov-a-un-cador-europeen\/#primaryimage"},"thumbnailUrl":"https:\/\/dicodusport.fr\/blog\/wp-content\/uploads\/2025\/01\/Khusanov.png","datePublished":"2025-01-10T09:48:06+00:00","dateModified":"2025-01-11T01:50:36+00:00","description":"TRANSFERTS LENS - Annonc\u00e9 depuis plusieurs jours, le d\u00e9part d'Abdukodir Khusanov vers Manchester City se pr\u00e9cise.","breadcrumb":{"@id":"https:\/\/dicodusport.fr\/blog\/transferts-lens-va-vendre-abdukodir-khusanov-a-un-cador-europeen\/#breadcrumb"},"inLanguage":"fr-FR","potentialAction":[{"@type":"ReadAction","target":["https:\/\/dicodusport.fr\/blog\/transferts-lens-va-vendre-abdukodir-khusanov-a-un-cador-europeen\/"]}]},{"@type":"ImageObject","inLanguage":"fr-FR","@id":"https:\/\/dicodusport.fr\/blog\/transferts-lens-va-vendre-abdukodir-khusanov-a-un-cador-europeen\/#primaryimage","url":"https:\/\/dicodusport.fr\/blog\/wp-content\/uploads\/2025\/01\/Khusanov.png","contentUrl":"https:\/\/dicodusport.fr\/blog\/wp-content\/uploads\/2025\/01\/Khusanov.png","width":1200,"height":674,"caption":"Transferts : Lens va vendre Abdukodir Khusanov \u00e0 un cador europ\u00e9en"},{"@type":"BreadcrumbList","@id":"https:\/\/dicodusport.fr\/blog\/transferts-lens-va-vendre-abdukodir-khusanov-a-un-cador-europeen\/#breadcrumb","itemListElement":[{"@type":"ListItem","position":1,"name":"Accueil","item":"https:\/\/dicodusport.fr\/blog\/"},{"@type":"ListItem","position":2,"name":"Transferts : Lens va vendre Abdukodir Khusanov \u00e0 un cador europ\u00e9en"}]},{"@type":"WebSite","@id":"https:\/\/dicodusport.fr\/blog\/#website","url":"https:\/\/dicodusport.fr\/blog\/","name":"Dicodusport","description":"L&#039;encyclop\u00e9die de l&#039;actualit\u00e9 sportive","publisher":{"@id":"https:\/\/dicodusport.fr\/blog\/#organization"},"potentialAction":[{"@type":"SearchAction","target":{"@type":"EntryPoint","urlTemplate":"https:\/\/dicodusport.fr\/blog\/?s={search_term_string}"},"query-input":{"@type":"PropertyValueSpecification","valueRequired":true,"valueName":"search_term_string"}}],"inLanguage":"fr-FR"},{"@type":"NewsMediaOrganization","@id":"https:\/\/dicodusport.fr\/blog\/#organization","name":"Dicodusport","url":"https:\/\/dicodusport.fr\/blog\/","logo":{"@type":"ImageObject","inLanguage":"fr-FR","@id":"https:\/\/dicodusport.fr\/blog\/#\/schema\/logo\/image\/","url":"https:\/\/dicodusport.fr\/blog\/wp-content\/uploads\/2020\/06\/cropped-LOGO-DICODUSPORT-2020-SANS-FOND-SANS-TEXTE.png","contentUrl":"https:\/\/dicodusport.fr\/blog\/wp-content\/uploads\/2020\/06\/cropped-LOGO-DICODUSPORT-2020-SANS-FOND-SANS-TEXTE.png","width":512,"height":512,"caption":"Dicodusport"},"image":{"@id":"https:\/\/dicodusport.fr\/blog\/#\/schema\/logo\/image\/"},"sameAs":["https:\/\/www.facebook.com\/dicodusport","https:\/\/x.com\/dicodusport","https:\/\/www.instagram.com\/dicodusport\/","https:\/\/www.youtube.com\/channel\/UC7V2KZ5sd3htJivAbA4ZG3w"],"description":"Dicodusport est l'encyclop\u00e9die de l'actualit\u00e9 sportive.","email":"bonjour@dicodusport.fr","legalName":"DICODUSPORT","foundingDate":"2018-01-14","vatID":"FR71834470973","taxID":"83447097300043","numberOfEmployees":{"@type":"QuantitativeValue","minValue":"1","maxValue":"10"}},{"@type":"Person","@id":"https:\/\/dicodusport.fr\/blog\/#\/schema\/person\/37def232098a7a5cbab3974a3690abb0","name":"Maxime Cazenave","image":{"@type":"ImageObject","inLanguage":"fr-FR","@id":"https:\/\/dicodusport.fr\/blog\/#\/schema\/person\/image\/","url":"https:\/\/dicodusport.fr\/blog\/wp-content\/uploads\/2021\/05\/Maxime-Cazenave-150x150.jpg","contentUrl":"https:\/\/dicodusport.fr\/blog\/wp-content\/uploads\/2021\/05\/Maxime-Cazenave-150x150.jpg","caption":"Maxime Cazenave"},"description":"Journaliste\/R\u00e9dacteur depuis 2012 - Berc\u00e9 par l\u2019amour des Girondins de Bordeaux, les \u00e9checs de Christophe Moreau sur le Tour de France sous l'\u00e8re Lance Armstrong et le fade-away l\u00e9tal de Dirk Nowitzki, ma passion d\u00e9vorante pour le sport a toujours \u00e9t\u00e9 un pan incontournable de ma vie. Transmettre ma passion \u00e0 l\u2019\u00e9crit a \u00e9t\u00e9 une transition naturelle. Suiveur assidu de basket et de hockey sur glace, je garde toujours un peu de place pour suivre le cyclisme, le football et le maximum de performances fran\u00e7aises.","sameAs":["https:\/\/x.com\/https:\/\/twitter.com\/Maxime_Caze"],"url":"https:\/\/dicodusport.fr\/blog\/author\/maximec\/"}]}},"_links":{"self":[{"href":"https:\/\/dicodusport.fr\/blog\/wp-json\/wp\/v2\/posts\/545085","targetHints":{"allow":["GET"]}}],"collection":[{"href":"https:\/\/dicodusport.fr\/blog\/wp-json\/wp\/v2\/posts"}],"about":[{"href":"https:\/\/dicodusport.fr\/blog\/wp-json\/wp\/v2\/types\/post"}],"author":[{"embeddable":true,"href":"https:\/\/dicodusport.fr\/blog\/wp-json\/wp\/v2\/users\/55"}],"replies":[{"embeddable":true,"href":"https:\/\/dicodusport.fr\/blog\/wp-json\/wp\/v2\/comments?post=545085"}],"version-history":[{"count":4,"href":"https:\/\/dicodusport.fr\/blog\/wp-json\/wp\/v2\/posts\/545085\/revisions"}],"predecessor-version":[{"id":545353,"href":"https:\/\/dicodusport.fr\/blog\/wp-json\/wp\/v2\/posts\/545085\/revisions\/545353"}],"wp:featuredmedia":[{"embeddable":true,"href":"https:\/\/dicodusport.fr\/blog\/wp-json\/wp\/v2\/media\/545087"}],"wp:attachment":[{"href":"https:\/\/dicodusport.fr\/blog\/wp-json\/wp\/v2\/media?parent=545085"}],"wp:term":[{"taxonomy":"category","embeddable":true,"href":"https:\/\/dicodusport.fr\/blog\/wp-json\/wp\/v2\/categories?post=545085"},{"taxonomy":"post_tag","embeddable":true,"href":"https:\/\/dicodusport.fr\/blog\/wp-json\/wp\/v2\/tags?post=545085"}],"curies":[{"name":"wp","href":"https:\/\/api.w.org\/{rel}","templated":true}]}}