{"id":545097,"date":"2025-01-10T12:08:10","date_gmt":"2025-01-10T11:08:10","guid":{"rendered":"https:\/\/dicodusport.fr\/blog\/?p=545097&#038;preview=true&#038;preview_id=545097"},"modified":"2025-01-10T20:06:18","modified_gmt":"2025-01-10T19:06:18","slug":"quel-salaire-pour-julian-alaphilippe-chez-tudor-pro-cycling","status":"publish","type":"post","link":"https:\/\/dicodusport.fr\/blog\/quel-salaire-pour-julian-alaphilippe-chez-tudor-pro-cycling\/","title":{"rendered":"Quel salaire pour Julian Alaphilippe chez Tudor Pro Cycling ?"},"content":{"rendered":"<h4 style=\"text-align: justify;\"><em>CYCLISME SUR ROUTE &#8211; Apr\u00e8s onze saisons pass\u00e9es au sein de la structure Quick-Step, Julian Alaphilippe (32 ans) a chang\u00e9 de cr\u00e9merie, signant pour trois saisons chez Tudor, \u00e9quipe suisse de deuxi\u00e8me division. D\u00e9couvrez le salaire du double champion du monde.<\/em><\/h4>\n<p style=\"text-align: justify;\">Apr\u00e8s moult rebondissements, <a href=\"https:\/\/dicodusport.fr\/blog\/cyclisme-sur-route-2025-julian-alaphilippe-son-programme-du-debut-de-saison\/\"><strong>Julian Alaphilippe<\/strong><\/a> a donc bel et bien chang\u00e9 d&rsquo;\u00e9quipe. Apr\u00e8s onze saisons au sein de la maison <strong>Quick-Step<\/strong>, le Fran\u00e7ais de 32 ans a d\u00e9cid\u00e9 de donner un nouvel \u00e9lan \u00e0 sa carri\u00e8re. Courtis\u00e9 par de nombreuses \u00e9quipes, le natif de Saint-Amand-Montrond a finalement sign\u00e9 <a href=\"https:\/\/dicodusport.fr\/blog\/transferts-julian-alaphilippe-a-choisi-sa-nouvelle-equipe\/\">chez <strong>Tudor Pro Cycling<\/strong><\/a>, \u00e9quipe helv\u00e8te de deuxi\u00e8me division, dirig\u00e9e par un certain <strong>Fabian Cancellara<\/strong>. De la Belgique \u00e0 la Suisse donc, le double champion du monde (2020 et 2021) ouvre un nouveau chapitre de sa carri\u00e8re professionnelle.<\/p>\n<h2 style=\"text-align: justify;\">Un contrat de trois saisons, un salaire quasi identique<\/h2>\n<p style=\"text-align: justify;\">Ainsi, <strong>Julian Alaphilippe<\/strong> s&rsquo;est engag\u00e9 pour trois saisons au sein de la formation <strong>Tudor Pro Cycling<\/strong>. Selon nos confr\u00e8res suisses du <a href=\"https:\/\/www.letemps.ch\/sport\/cyclisme\/tudor-vise-le-tour-de-france-avec-julian-alaphilippe?\"><em>Temps<\/em><\/a>, le Tricolore touchera un salaire annuel d&rsquo;un peu plus de 2 millions d&rsquo;euros. Des \u00e9moluments proches de ce que touchait <em>Loulou<\/em> au sein de la formation <strong>Soudal Quick-Step<\/strong> sur son dernier contrat avec l&rsquo;\u00e9quipe belge (<a href=\"https:\/\/dicodusport.fr\/blog\/cyclisme-les-10-coureurs-les-mieux-payes-du-peloton-en-2024\/\">environ 2,3 millions d&rsquo;euros<\/a>). Un salaire important pour cette jeune structure helv\u00e8te, qui a vu le jour en 2018, mais qui dispose de la licence ProTeam seulement depuis 2023.<\/p>\n<p style=\"text-align: justify;\">Cette saison, <strong>Alaphilippe<\/strong> sera forc\u00e9ment ambitieux dans sa nouvelle \u00e9quipe, avec l&rsquo;objectif de briller sur ses terrains favoris. Il entamera sa saison sur la <strong>Figueira Champions Classic<\/strong> au Portugal (16 f\u00e9vrier), avant de disputer le <strong>Tour d\u2019Algarve<\/strong> (19-23 f\u00e9vrier). Le Fran\u00e7ais disputera \u00e9galement <a href=\"https:\/\/dicodusport.fr\/blog\/paris-nice-2025-le-parcours-devoile\/\"><strong>Paris-Nice<\/strong><\/a> (9-16 mars), \u00e9preuve qu&rsquo;il n&rsquo;a plus disput\u00e9e depuis 2020.<\/p>\n<h2 style=\"text-align: justify;\">\u00c0 ce sujet<\/h2>\n<div class=\"vlp-link-container vlp-layout-article\"><a href=\"https:\/\/dicodusport.fr\/blog\/cyclisme-les-10-coureurs-les-mieux-payes-du-peloton-en-2024\/\" class=\"vlp-link\" title=\"Cyclisme : Les 10 coureurs les mieux pay\u00e9s du peloton en 2024\"><\/a><div class=\"vlp-layout-zone-side\"><div class=\"vlp-block-4 vlp-link-image\"><img loading=\"lazy\" decoding=\"async\" style=\"max-width: 792px;\" width=\"792\" height=\"445\" src=\"https:\/\/dicodusport.fr\/blog\/wp-content\/uploads\/2024\/01\/Cyclisme-Les-10-coureurs-les-mieux-payes-du-peloton-en-2024.png\" class=\"attachment-800x445 size-800x445\" alt=\"Cyclisme Les 10 coureurs les mieux pay\u00e9s du peloton en 2024\" srcset=\"https:\/\/dicodusport.fr\/blog\/wp-content\/uploads\/2024\/01\/Cyclisme-Les-10-coureurs-les-mieux-payes-du-peloton-en-2024.png 1200w, https:\/\/dicodusport.fr\/blog\/wp-content\/uploads\/2024\/01\/Cyclisme-Les-10-coureurs-les-mieux-payes-du-peloton-en-2024-300x169.png 300w, https:\/\/dicodusport.fr\/blog\/wp-content\/uploads\/2024\/01\/Cyclisme-Les-10-coureurs-les-mieux-payes-du-peloton-en-2024-1024x575.png 1024w, https:\/\/dicodusport.fr\/blog\/wp-content\/uploads\/2024\/01\/Cyclisme-Les-10-coureurs-les-mieux-payes-du-peloton-en-2024-768x431.png 768w\" sizes=\"auto, (max-width: 792px) 100vw, 792px\" \/><\/div><\/div><div class=\"vlp-layout-zone-main\"><div class=\"vlp-block-0 vlp-link-title\">Cyclisme : Les 10 coureurs les mieux pay\u00e9s du peloton en 2024<\/div><div class=\"vlp-block-1 vlp-link-summary\">CYCLISME SUR ROUTE 2024 - R\u00e9cemment, la Gazzetta dello Sport a d\u00e9voil\u00e9 les salaires annuels des 10 cyclistes les mieux pay\u00e9s en 2024.<\/div><div class=\"vlp-block-2 vlp-link-button\">Lire l'article<\/div><div class=\"vlp-block-3 vlp-link-url\">dicodusport.fr<\/div><\/div><\/div>\n","protected":false},"excerpt":{"rendered":"<p>Quel salaire pour Julian Alaphilippe chez Tudor Pro Cycling ?<\/p>\n","protected":false},"author":4,"featured_media":545108,"comment_status":"open","ping_status":"closed","sticky":false,"template":"","format":"standard","meta":{"_acf_changed":false,"_daextam_enable_autolinks":"1","footnotes":""},"categories":[46994],"tags":[32415,16878,11197,1719],"class_list":["post-545097","post","type-post","status-publish","format-standard","has-post-thumbnail","hentry","category-cyclisme-sur-route","tag-actu","tag-breve","tag-cyclisme-sur-route","tag-julian-alaphilippe"],"acf":[],"yoast_head":"<!-- This site is optimized with the Yoast SEO Premium plugin v26.7 (Yoast SEO v26.7) - https:\/\/yoast.com\/wordpress\/plugins\/seo\/ -->\n<title>Quel salaire pour Julian Alaphilippe chez Tudor Pro Cycling ?<\/title>\n<meta name=\"description\" content=\"CYCLISME SUR ROUTE - D\u00e9couvrez le salaire de Julian Alaphilippe au sein de l&#039;\u00e9quipe suisse Tudor Pro Cycling.\" \/>\n<meta name=\"robots\" content=\"index, follow, max-snippet:-1, max-image-preview:large, max-video-preview:-1\" \/>\n<link rel=\"canonical\" href=\"https:\/\/dicodusport.fr\/blog\/quel-salaire-pour-julian-alaphilippe-chez-tudor-pro-cycling\/\" \/>\n<meta property=\"og:locale\" content=\"fr_FR\" \/>\n<meta property=\"og:type\" content=\"article\" \/>\n<meta property=\"og:title\" content=\"Quel salaire pour Julian Alaphilippe chez Tudor Pro Cycling ?\" \/>\n<meta property=\"og:description\" content=\"CYCLISME SUR ROUTE - D\u00e9couvrez le salaire de Julian Alaphilippe au sein de l&#039;\u00e9quipe suisse Tudor Pro Cycling.\" \/>\n<meta property=\"og:url\" content=\"https:\/\/dicodusport.fr\/blog\/quel-salaire-pour-julian-alaphilippe-chez-tudor-pro-cycling\/\" \/>\n<meta property=\"og:site_name\" content=\"Dicodusport\" \/>\n<meta property=\"article:publisher\" content=\"https:\/\/www.facebook.com\/dicodusport\" \/>\n<meta property=\"article:author\" content=\"https:\/\/www.facebook.com\/florent.ostermann\" \/>\n<meta property=\"article:published_time\" content=\"2025-01-10T11:08:10+00:00\" \/>\n<meta property=\"article:modified_time\" content=\"2025-01-10T19:06:18+00:00\" \/>\n<meta property=\"og:image\" content=\"https:\/\/dicodusport.fr\/blog\/wp-content\/uploads\/2025\/01\/Quel-salaire-pour-Julian-Alaphilippe-chez-Tudor-Pro-Cycling-.png\" \/>\n\t<meta property=\"og:image:width\" content=\"1200\" \/>\n\t<meta property=\"og:image:height\" content=\"674\" \/>\n\t<meta property=\"og:image:type\" content=\"image\/png\" \/>\n<meta name=\"author\" content=\"Flo Ostermann\" \/>\n<meta name=\"twitter:card\" content=\"summary_large_image\" \/>\n<meta name=\"twitter:title\" content=\"Quel salaire pour Julian Alaphilippe chez Tudor Pro Cycling ?\" \/>\n<meta name=\"twitter:creator\" content=\"@https:\/\/twitter.com\/FlOstermann\" \/>\n<meta name=\"twitter:site\" content=\"@dicodusport\" \/>\n<script type=\"application\/ld+json\" class=\"yoast-schema-graph\">{\"@context\":\"https:\/\/schema.org\",\"@graph\":[{\"@type\":\"NewsArticle\",\"@id\":\"https:\/\/dicodusport.fr\/blog\/quel-salaire-pour-julian-alaphilippe-chez-tudor-pro-cycling\/#article\",\"isPartOf\":{\"@id\":\"https:\/\/dicodusport.fr\/blog\/quel-salaire-pour-julian-alaphilippe-chez-tudor-pro-cycling\/\"},\"author\":{\"name\":\"Flo Ostermann\",\"@id\":\"https:\/\/dicodusport.fr\/blog\/#\/schema\/person\/cb02af4c173ce4a653b55e9baf388d4a\"},\"headline\":\"Quel salaire pour Julian Alaphilippe chez Tudor Pro Cycling ?\",\"datePublished\":\"2025-01-10T11:08:10+00:00\",\"dateModified\":\"2025-01-10T19:06:18+00:00\",\"mainEntityOfPage\":{\"@id\":\"https:\/\/dicodusport.fr\/blog\/quel-salaire-pour-julian-alaphilippe-chez-tudor-pro-cycling\/\"},\"wordCount\":387,\"commentCount\":0,\"publisher\":{\"@id\":\"https:\/\/dicodusport.fr\/blog\/#organization\"},\"image\":{\"@id\":\"https:\/\/dicodusport.fr\/blog\/quel-salaire-pour-julian-alaphilippe-chez-tudor-pro-cycling\/#primaryimage\"},\"thumbnailUrl\":\"https:\/\/dicodusport.fr\/blog\/wp-content\/uploads\/2025\/01\/Quel-salaire-pour-Julian-Alaphilippe-chez-Tudor-Pro-Cycling-.png\",\"keywords\":[\"actu\",\"br\u00e8ve\",\"Cyclisme sur route\",\"Julian Alaphilippe\"],\"articleSection\":[\"Cyclisme sur route\"],\"inLanguage\":\"fr-FR\",\"potentialAction\":[{\"@type\":\"CommentAction\",\"name\":\"Comment\",\"target\":[\"https:\/\/dicodusport.fr\/blog\/quel-salaire-pour-julian-alaphilippe-chez-tudor-pro-cycling\/#respond\"]}],\"copyrightYear\":\"2025\",\"copyrightHolder\":{\"@id\":\"https:\/\/dicodusport.fr\/blog\/#organization\"}},{\"@type\":\"WebPage\",\"@id\":\"https:\/\/dicodusport.fr\/blog\/quel-salaire-pour-julian-alaphilippe-chez-tudor-pro-cycling\/\",\"url\":\"https:\/\/dicodusport.fr\/blog\/quel-salaire-pour-julian-alaphilippe-chez-tudor-pro-cycling\/\",\"name\":\"Quel salaire pour Julian Alaphilippe chez Tudor Pro Cycling ?\",\"isPartOf\":{\"@id\":\"https:\/\/dicodusport.fr\/blog\/#website\"},\"primaryImageOfPage\":{\"@id\":\"https:\/\/dicodusport.fr\/blog\/quel-salaire-pour-julian-alaphilippe-chez-tudor-pro-cycling\/#primaryimage\"},\"image\":{\"@id\":\"https:\/\/dicodusport.fr\/blog\/quel-salaire-pour-julian-alaphilippe-chez-tudor-pro-cycling\/#primaryimage\"},\"thumbnailUrl\":\"https:\/\/dicodusport.fr\/blog\/wp-content\/uploads\/2025\/01\/Quel-salaire-pour-Julian-Alaphilippe-chez-Tudor-Pro-Cycling-.png\",\"datePublished\":\"2025-01-10T11:08:10+00:00\",\"dateModified\":\"2025-01-10T19:06:18+00:00\",\"description\":\"CYCLISME SUR ROUTE - D\u00e9couvrez le salaire de Julian Alaphilippe au sein de l'\u00e9quipe suisse Tudor Pro Cycling.\",\"breadcrumb\":{\"@id\":\"https:\/\/dicodusport.fr\/blog\/quel-salaire-pour-julian-alaphilippe-chez-tudor-pro-cycling\/#breadcrumb\"},\"inLanguage\":\"fr-FR\",\"potentialAction\":[{\"@type\":\"ReadAction\",\"target\":[\"https:\/\/dicodusport.fr\/blog\/quel-salaire-pour-julian-alaphilippe-chez-tudor-pro-cycling\/\"]}]},{\"@type\":\"ImageObject\",\"inLanguage\":\"fr-FR\",\"@id\":\"https:\/\/dicodusport.fr\/blog\/quel-salaire-pour-julian-alaphilippe-chez-tudor-pro-cycling\/#primaryimage\",\"url\":\"https:\/\/dicodusport.fr\/blog\/wp-content\/uploads\/2025\/01\/Quel-salaire-pour-Julian-Alaphilippe-chez-Tudor-Pro-Cycling-.png\",\"contentUrl\":\"https:\/\/dicodusport.fr\/blog\/wp-content\/uploads\/2025\/01\/Quel-salaire-pour-Julian-Alaphilippe-chez-Tudor-Pro-Cycling-.png\",\"width\":1200,\"height\":674,\"caption\":\"Quel salaire pour Julian Alaphilippe chez Tudor Pro Cycling\"},{\"@type\":\"BreadcrumbList\",\"@id\":\"https:\/\/dicodusport.fr\/blog\/quel-salaire-pour-julian-alaphilippe-chez-tudor-pro-cycling\/#breadcrumb\",\"itemListElement\":[{\"@type\":\"ListItem\",\"position\":1,\"name\":\"Accueil\",\"item\":\"https:\/\/dicodusport.fr\/blog\/\"},{\"@type\":\"ListItem\",\"position\":2,\"name\":\"Quel salaire pour Julian Alaphilippe chez Tudor Pro Cycling ?\"}]},{\"@type\":\"WebSite\",\"@id\":\"https:\/\/dicodusport.fr\/blog\/#website\",\"url\":\"https:\/\/dicodusport.fr\/blog\/\",\"name\":\"Dicodusport\",\"description\":\"L&#039;encyclop\u00e9die de l&#039;actualit\u00e9 sportive\",\"publisher\":{\"@id\":\"https:\/\/dicodusport.fr\/blog\/#organization\"},\"potentialAction\":[{\"@type\":\"SearchAction\",\"target\":{\"@type\":\"EntryPoint\",\"urlTemplate\":\"https:\/\/dicodusport.fr\/blog\/?s={search_term_string}\"},\"query-input\":{\"@type\":\"PropertyValueSpecification\",\"valueRequired\":true,\"valueName\":\"search_term_string\"}}],\"inLanguage\":\"fr-FR\"},{\"@type\":\"NewsMediaOrganization\",\"@id\":\"https:\/\/dicodusport.fr\/blog\/#organization\",\"name\":\"Dicodusport\",\"url\":\"https:\/\/dicodusport.fr\/blog\/\",\"logo\":{\"@type\":\"ImageObject\",\"inLanguage\":\"fr-FR\",\"@id\":\"https:\/\/dicodusport.fr\/blog\/#\/schema\/logo\/image\/\",\"url\":\"https:\/\/dicodusport.fr\/blog\/wp-content\/uploads\/2020\/06\/cropped-LOGO-DICODUSPORT-2020-SANS-FOND-SANS-TEXTE.png\",\"contentUrl\":\"https:\/\/dicodusport.fr\/blog\/wp-content\/uploads\/2020\/06\/cropped-LOGO-DICODUSPORT-2020-SANS-FOND-SANS-TEXTE.png\",\"width\":512,\"height\":512,\"caption\":\"Dicodusport\"},\"image\":{\"@id\":\"https:\/\/dicodusport.fr\/blog\/#\/schema\/logo\/image\/\"},\"sameAs\":[\"https:\/\/www.facebook.com\/dicodusport\",\"https:\/\/x.com\/dicodusport\",\"https:\/\/www.instagram.com\/dicodusport\/\",\"https:\/\/www.youtube.com\/channel\/UC7V2KZ5sd3htJivAbA4ZG3w\"],\"description\":\"Dicodusport est l'encyclop\u00e9die de l'actualit\u00e9 sportive.\",\"email\":\"bonjour@dicodusport.fr\",\"legalName\":\"DICODUSPORT\",\"foundingDate\":\"2018-01-14\",\"vatID\":\"FR71834470973\",\"taxID\":\"83447097300043\",\"numberOfEmployees\":{\"@type\":\"QuantitativeValue\",\"minValue\":\"1\",\"maxValue\":\"10\"}},{\"@type\":\"Person\",\"@id\":\"https:\/\/dicodusport.fr\/blog\/#\/schema\/person\/cb02af4c173ce4a653b55e9baf388d4a\",\"name\":\"Flo Ostermann\",\"image\":{\"@type\":\"ImageObject\",\"inLanguage\":\"fr-FR\",\"@id\":\"https:\/\/dicodusport.fr\/blog\/#\/schema\/person\/image\/\",\"url\":\"https:\/\/dicodusport.fr\/blog\/wp-content\/uploads\/2021\/05\/Flo-Ostermann-150x150.jpg\",\"contentUrl\":\"https:\/\/dicodusport.fr\/blog\/wp-content\/uploads\/2021\/05\/Flo-Ostermann-150x150.jpg\",\"caption\":\"Flo Ostermann\"},\"description\":\"Journaliste\/R\u00e9dacteur depuis septembre 2015 - Mes premiers souvenirs dans le sport ? Les envol\u00e9es du Stade Toulousain et les duels Villeneuve-Schumacher et H\u00e4kkinen-Schumacher \u00e0 la fin des ann\u00e9es 90, la Coupe du monde de football en 1998, l\u2019exploit du XV de France face aux All Blacks en 1999, mais aussi Richard C\u0153ur de Lion qui vole sur les montagnes du Tour de France. Bien parti pour devenir professeur d\u2019EPS, les \u00e9v\u00e9nements de la vie (et la flemme d\u2019animer des s\u00e9ances de 3x500 m\u00e8tres toute ma vie) m\u2019ont conduit \u00e0 revoir mes plans. Me voil\u00e0 depuis fin 2017 sur Dicodusport, m\u00e9dia gr\u00e2ce (et pour) lequel je partage ma passion : le sport dans tous ses \u00e9tats. Le tout accompagn\u00e9 par les fous furieux et folles furieuses cit\u00e9s sur cette page !\",\"sameAs\":[\"https:\/\/www.facebook.com\/florent.ostermann\",\"https:\/\/x.com\/https:\/\/twitter.com\/FlOstermann\",\"admin\"],\"url\":\"https:\/\/dicodusport.fr\/blog\/author\/flo\/\"}]}<\/script>\n<!-- \/ Yoast SEO Premium plugin. -->","yoast_head_json":{"title":"Quel salaire pour Julian Alaphilippe chez Tudor Pro Cycling ?","description":"CYCLISME SUR ROUTE - D\u00e9couvrez le salaire de Julian Alaphilippe au sein de l'\u00e9quipe suisse Tudor Pro Cycling.","robots":{"index":"index","follow":"follow","max-snippet":"max-snippet:-1","max-image-preview":"max-image-preview:large","max-video-preview":"max-video-preview:-1"},"canonical":"https:\/\/dicodusport.fr\/blog\/quel-salaire-pour-julian-alaphilippe-chez-tudor-pro-cycling\/","og_locale":"fr_FR","og_type":"article","og_title":"Quel salaire pour Julian Alaphilippe chez Tudor Pro Cycling ?","og_description":"CYCLISME SUR ROUTE - D\u00e9couvrez le salaire de Julian Alaphilippe au sein de l'\u00e9quipe suisse Tudor Pro Cycling.","og_url":"https:\/\/dicodusport.fr\/blog\/quel-salaire-pour-julian-alaphilippe-chez-tudor-pro-cycling\/","og_site_name":"Dicodusport","article_publisher":"https:\/\/www.facebook.com\/dicodusport","article_author":"https:\/\/www.facebook.com\/florent.ostermann","article_published_time":"2025-01-10T11:08:10+00:00","article_modified_time":"2025-01-10T19:06:18+00:00","og_image":[{"width":1200,"height":674,"url":"https:\/\/dicodusport.fr\/blog\/wp-content\/uploads\/2025\/01\/Quel-salaire-pour-Julian-Alaphilippe-chez-Tudor-Pro-Cycling-.png","type":"image\/png"}],"author":"Flo Ostermann","twitter_card":"summary_large_image","twitter_title":"Quel salaire pour Julian Alaphilippe chez Tudor Pro Cycling ?","twitter_creator":"@https:\/\/twitter.com\/FlOstermann","twitter_site":"@dicodusport","schema":{"@context":"https:\/\/schema.org","@graph":[{"@type":"NewsArticle","@id":"https:\/\/dicodusport.fr\/blog\/quel-salaire-pour-julian-alaphilippe-chez-tudor-pro-cycling\/#article","isPartOf":{"@id":"https:\/\/dicodusport.fr\/blog\/quel-salaire-pour-julian-alaphilippe-chez-tudor-pro-cycling\/"},"author":{"name":"Flo Ostermann","@id":"https:\/\/dicodusport.fr\/blog\/#\/schema\/person\/cb02af4c173ce4a653b55e9baf388d4a"},"headline":"Quel salaire pour Julian Alaphilippe chez Tudor Pro Cycling ?","datePublished":"2025-01-10T11:08:10+00:00","dateModified":"2025-01-10T19:06:18+00:00","mainEntityOfPage":{"@id":"https:\/\/dicodusport.fr\/blog\/quel-salaire-pour-julian-alaphilippe-chez-tudor-pro-cycling\/"},"wordCount":387,"commentCount":0,"publisher":{"@id":"https:\/\/dicodusport.fr\/blog\/#organization"},"image":{"@id":"https:\/\/dicodusport.fr\/blog\/quel-salaire-pour-julian-alaphilippe-chez-tudor-pro-cycling\/#primaryimage"},"thumbnailUrl":"https:\/\/dicodusport.fr\/blog\/wp-content\/uploads\/2025\/01\/Quel-salaire-pour-Julian-Alaphilippe-chez-Tudor-Pro-Cycling-.png","keywords":["actu","br\u00e8ve","Cyclisme sur route","Julian Alaphilippe"],"articleSection":["Cyclisme sur route"],"inLanguage":"fr-FR","potentialAction":[{"@type":"CommentAction","name":"Comment","target":["https:\/\/dicodusport.fr\/blog\/quel-salaire-pour-julian-alaphilippe-chez-tudor-pro-cycling\/#respond"]}],"copyrightYear":"2025","copyrightHolder":{"@id":"https:\/\/dicodusport.fr\/blog\/#organization"}},{"@type":"WebPage","@id":"https:\/\/dicodusport.fr\/blog\/quel-salaire-pour-julian-alaphilippe-chez-tudor-pro-cycling\/","url":"https:\/\/dicodusport.fr\/blog\/quel-salaire-pour-julian-alaphilippe-chez-tudor-pro-cycling\/","name":"Quel salaire pour Julian Alaphilippe chez Tudor Pro Cycling ?","isPartOf":{"@id":"https:\/\/dicodusport.fr\/blog\/#website"},"primaryImageOfPage":{"@id":"https:\/\/dicodusport.fr\/blog\/quel-salaire-pour-julian-alaphilippe-chez-tudor-pro-cycling\/#primaryimage"},"image":{"@id":"https:\/\/dicodusport.fr\/blog\/quel-salaire-pour-julian-alaphilippe-chez-tudor-pro-cycling\/#primaryimage"},"thumbnailUrl":"https:\/\/dicodusport.fr\/blog\/wp-content\/uploads\/2025\/01\/Quel-salaire-pour-Julian-Alaphilippe-chez-Tudor-Pro-Cycling-.png","datePublished":"2025-01-10T11:08:10+00:00","dateModified":"2025-01-10T19:06:18+00:00","description":"CYCLISME SUR ROUTE - D\u00e9couvrez le salaire de Julian Alaphilippe au sein de l'\u00e9quipe suisse Tudor Pro Cycling.","breadcrumb":{"@id":"https:\/\/dicodusport.fr\/blog\/quel-salaire-pour-julian-alaphilippe-chez-tudor-pro-cycling\/#breadcrumb"},"inLanguage":"fr-FR","potentialAction":[{"@type":"ReadAction","target":["https:\/\/dicodusport.fr\/blog\/quel-salaire-pour-julian-alaphilippe-chez-tudor-pro-cycling\/"]}]},{"@type":"ImageObject","inLanguage":"fr-FR","@id":"https:\/\/dicodusport.fr\/blog\/quel-salaire-pour-julian-alaphilippe-chez-tudor-pro-cycling\/#primaryimage","url":"https:\/\/dicodusport.fr\/blog\/wp-content\/uploads\/2025\/01\/Quel-salaire-pour-Julian-Alaphilippe-chez-Tudor-Pro-Cycling-.png","contentUrl":"https:\/\/dicodusport.fr\/blog\/wp-content\/uploads\/2025\/01\/Quel-salaire-pour-Julian-Alaphilippe-chez-Tudor-Pro-Cycling-.png","width":1200,"height":674,"caption":"Quel salaire pour Julian Alaphilippe chez Tudor Pro Cycling"},{"@type":"BreadcrumbList","@id":"https:\/\/dicodusport.fr\/blog\/quel-salaire-pour-julian-alaphilippe-chez-tudor-pro-cycling\/#breadcrumb","itemListElement":[{"@type":"ListItem","position":1,"name":"Accueil","item":"https:\/\/dicodusport.fr\/blog\/"},{"@type":"ListItem","position":2,"name":"Quel salaire pour Julian Alaphilippe chez Tudor Pro Cycling ?"}]},{"@type":"WebSite","@id":"https:\/\/dicodusport.fr\/blog\/#website","url":"https:\/\/dicodusport.fr\/blog\/","name":"Dicodusport","description":"L&#039;encyclop\u00e9die de l&#039;actualit\u00e9 sportive","publisher":{"@id":"https:\/\/dicodusport.fr\/blog\/#organization"},"potentialAction":[{"@type":"SearchAction","target":{"@type":"EntryPoint","urlTemplate":"https:\/\/dicodusport.fr\/blog\/?s={search_term_string}"},"query-input":{"@type":"PropertyValueSpecification","valueRequired":true,"valueName":"search_term_string"}}],"inLanguage":"fr-FR"},{"@type":"NewsMediaOrganization","@id":"https:\/\/dicodusport.fr\/blog\/#organization","name":"Dicodusport","url":"https:\/\/dicodusport.fr\/blog\/","logo":{"@type":"ImageObject","inLanguage":"fr-FR","@id":"https:\/\/dicodusport.fr\/blog\/#\/schema\/logo\/image\/","url":"https:\/\/dicodusport.fr\/blog\/wp-content\/uploads\/2020\/06\/cropped-LOGO-DICODUSPORT-2020-SANS-FOND-SANS-TEXTE.png","contentUrl":"https:\/\/dicodusport.fr\/blog\/wp-content\/uploads\/2020\/06\/cropped-LOGO-DICODUSPORT-2020-SANS-FOND-SANS-TEXTE.png","width":512,"height":512,"caption":"Dicodusport"},"image":{"@id":"https:\/\/dicodusport.fr\/blog\/#\/schema\/logo\/image\/"},"sameAs":["https:\/\/www.facebook.com\/dicodusport","https:\/\/x.com\/dicodusport","https:\/\/www.instagram.com\/dicodusport\/","https:\/\/www.youtube.com\/channel\/UC7V2KZ5sd3htJivAbA4ZG3w"],"description":"Dicodusport est l'encyclop\u00e9die de l'actualit\u00e9 sportive.","email":"bonjour@dicodusport.fr","legalName":"DICODUSPORT","foundingDate":"2018-01-14","vatID":"FR71834470973","taxID":"83447097300043","numberOfEmployees":{"@type":"QuantitativeValue","minValue":"1","maxValue":"10"}},{"@type":"Person","@id":"https:\/\/dicodusport.fr\/blog\/#\/schema\/person\/cb02af4c173ce4a653b55e9baf388d4a","name":"Flo Ostermann","image":{"@type":"ImageObject","inLanguage":"fr-FR","@id":"https:\/\/dicodusport.fr\/blog\/#\/schema\/person\/image\/","url":"https:\/\/dicodusport.fr\/blog\/wp-content\/uploads\/2021\/05\/Flo-Ostermann-150x150.jpg","contentUrl":"https:\/\/dicodusport.fr\/blog\/wp-content\/uploads\/2021\/05\/Flo-Ostermann-150x150.jpg","caption":"Flo Ostermann"},"description":"Journaliste\/R\u00e9dacteur depuis septembre 2015 - Mes premiers souvenirs dans le sport ? Les envol\u00e9es du Stade Toulousain et les duels Villeneuve-Schumacher et H\u00e4kkinen-Schumacher \u00e0 la fin des ann\u00e9es 90, la Coupe du monde de football en 1998, l\u2019exploit du XV de France face aux All Blacks en 1999, mais aussi Richard C\u0153ur de Lion qui vole sur les montagnes du Tour de France. Bien parti pour devenir professeur d\u2019EPS, les \u00e9v\u00e9nements de la vie (et la flemme d\u2019animer des s\u00e9ances de 3x500 m\u00e8tres toute ma vie) m\u2019ont conduit \u00e0 revoir mes plans. Me voil\u00e0 depuis fin 2017 sur Dicodusport, m\u00e9dia gr\u00e2ce (et pour) lequel je partage ma passion : le sport dans tous ses \u00e9tats. Le tout accompagn\u00e9 par les fous furieux et folles furieuses cit\u00e9s sur cette page !","sameAs":["https:\/\/www.facebook.com\/florent.ostermann","https:\/\/x.com\/https:\/\/twitter.com\/FlOstermann","admin"],"url":"https:\/\/dicodusport.fr\/blog\/author\/flo\/"}]}},"_links":{"self":[{"href":"https:\/\/dicodusport.fr\/blog\/wp-json\/wp\/v2\/posts\/545097","targetHints":{"allow":["GET"]}}],"collection":[{"href":"https:\/\/dicodusport.fr\/blog\/wp-json\/wp\/v2\/posts"}],"about":[{"href":"https:\/\/dicodusport.fr\/blog\/wp-json\/wp\/v2\/types\/post"}],"author":[{"embeddable":true,"href":"https:\/\/dicodusport.fr\/blog\/wp-json\/wp\/v2\/users\/4"}],"replies":[{"embeddable":true,"href":"https:\/\/dicodusport.fr\/blog\/wp-json\/wp\/v2\/comments?post=545097"}],"version-history":[{"count":5,"href":"https:\/\/dicodusport.fr\/blog\/wp-json\/wp\/v2\/posts\/545097\/revisions"}],"predecessor-version":[{"id":545281,"href":"https:\/\/dicodusport.fr\/blog\/wp-json\/wp\/v2\/posts\/545097\/revisions\/545281"}],"wp:featuredmedia":[{"embeddable":true,"href":"https:\/\/dicodusport.fr\/blog\/wp-json\/wp\/v2\/media\/545108"}],"wp:attachment":[{"href":"https:\/\/dicodusport.fr\/blog\/wp-json\/wp\/v2\/media?parent=545097"}],"wp:term":[{"taxonomy":"category","embeddable":true,"href":"https:\/\/dicodusport.fr\/blog\/wp-json\/wp\/v2\/categories?post=545097"},{"taxonomy":"post_tag","embeddable":true,"href":"https:\/\/dicodusport.fr\/blog\/wp-json\/wp\/v2\/tags?post=545097"}],"curies":[{"name":"wp","href":"https:\/\/api.w.org\/{rel}","templated":true}]}}