{"id":545360,"date":"2025-01-11T07:29:21","date_gmt":"2025-01-11T06:29:21","guid":{"rendered":"https:\/\/dicodusport.fr\/blog\/?p=545360&#038;preview=true&#038;preview_id=545360"},"modified":"2025-01-11T08:26:10","modified_gmt":"2025-01-11T07:26:10","slug":"vendee-globe-2024-le-classement-samedi-11-janvier-a-7h","status":"publish","type":"post","link":"https:\/\/dicodusport.fr\/blog\/vendee-globe-2024-le-classement-samedi-11-janvier-a-7h\/","title":{"rendered":"Vend\u00e9e Globe 2024 : Le classement samedi 11 janvier \u00e0 7h"},"content":{"rendered":"<h4 style=\"text-align: justify;\"><em>VEND\u00c9E GLOBE 2024 &#8211; Charlie Dalin (MACIF Sant\u00e9 Pr\u00e9voyance) fonce vers la victoire sur le Vend\u00e9e Globe alors qu&rsquo;il d\u00e9passe les A\u00e7ores.\u00a0<\/em><\/h4>\n<ul style=\"text-align: justify;\">\n<li><strong>\u00c0 ce sujet &#8211; <a href=\"https:\/\/dicodusport.fr\/blog\/classement-du-vendee-globe-2024-en-direct\/\" target=\"_blank\" rel=\"noopener\">Classement Vend\u00e9e Globe 2024 en direct<\/a><\/strong><\/li>\n<\/ul>\n<p style=\"text-align: justify;\"><strong>Charlie<\/strong> <strong>Dalin<\/strong> (MACIF Sant\u00e9 Pr\u00e9voyance) n&rsquo;est plus qu&rsquo;\u00e0 un peu plus de 1000 miles nautiques de la d\u00e9livrance. Deuxi\u00e8me de la derni\u00e8re \u00e9dition, le marin fran\u00e7ais semble tenir le bon bout pour arriver vainqueur dans quelques jours. Il lui reste \u00e0 remonter l&rsquo;Espagne alors que son arriv\u00e9e est pr\u00e9vue le 14 janvier .<\/p>\n<p style=\"text-align: justify;\"><strong>Yoann<\/strong> <strong>Richomme<\/strong> (Paprec Ark\u00e9a) a eu une avarie de voile, comme il l&rsquo;a expliqu\u00e9 dans un communiqu\u00e9 \u00e0 l&rsquo;organisation vendredi, mais il ne l\u00e2che rien pour autant. Il a m\u00eame repris un peu de terrain \u00e0 <strong>Charlie<\/strong> <strong>Dalin<\/strong> la nuit derni\u00e8re, m\u00eame si cela ne devrait pas suffire pour inverser la tendance. <strong>S\u00e9bastien<\/strong> <strong>Simon<\/strong> (Groupe Dubreuil) est lui toujours solidement install\u00e9 \u00e0 la troisi\u00e8me place.<\/p>\n<p style=\"text-align: justify;\">Pour la quatri\u00e8me place, <strong>Sam<\/strong> <strong>Goodchild<\/strong> (Vulnerable) et <strong>J\u00e9r\u00e9mie<\/strong> <strong>Beyou<\/strong> (Charal) sont dans un mouchoir de poche. <strong>Paul<\/strong> <strong>Meilhat<\/strong> (Biotherm) a lui repris la sixi\u00e8me position de la course devant <strong>Thomas<\/strong> <strong>Ruyant<\/strong> (Vulnerable).<\/p>\n<ul style=\"text-align: justify;\">\n<li style=\"text-align: justify;\"><strong>\u00c0 ce sujet &#8211; <a title=\"Vend\u00e9e Globe 2024 : Les principaux favoris et outsiders\" href=\"https:\/\/dicodusport.fr\/blog\/vendee-globe-2024-les-principaux-favoris-et-outsiders\/\" target=\"_blank\" rel=\"noopener\">Vend\u00e9e Globe 2024 : Les principaux favoris et outsiders<\/a><\/strong><\/li>\n<\/ul>\n<h2 style=\"text-align: justify;\">Vend\u00e9e Globe 2024 &#8211; Le classement le 11 janvier \u00e0 7 heures<\/h2>\n<p style=\"text-align: justify;\"><strong><span class=\"su-label su-label-type-important\">MISE \u00c0 JOUR LE 11\/01\/2025 \u00c0 7H00<\/span><\/strong><\/p>\n<p style=\"text-align: justify;\"><div class=\"su-table su-table-alternate\">\n<table style=\"width: 1000px;border-collapse: collapse\" border=\"1\">\n<tbody>\n<tr style=\"height: 24px\">\n<td style=\"border-color: #ebebeb;height: 24px;width: 80px;text-align: center;vertical-align: middle\"><span style=\"font-size: 14px\">\ud83e\udd47<\/span><\/td>\n<td style=\"border-color: #ebebeb;height: 24px;text-align: center;vertical-align: middle;width: 600px\"><span style=\"font-size: 0.9em\"><strong>SKIPPERS \/ BATEAUX<\/strong><\/span><\/td>\n<td style=\"border-color: #ebebeb;height: 24px;text-align: center;vertical-align: middle;width: 320px\"><span style=\"font-size: 0.9em\"><strong>DIS. \u00c0 L&rsquo;ARRIV\u00c9E \/ \u00c9CART<\/strong><\/span><\/td>\n<\/tr>\n<tr>\n<td style=\"border-color: #ebebeb;text-align: center;width: 80px;vertical-align: middle\"><strong><span class=\"su-label su-label-type-warning\">1.<\/span><\/strong><\/td>\n<td style=\"border-color: #ebebeb;text-align: center;vertical-align: middle;width: 600px\"><span style=\"font-size: 0.9em\"><strong>\ud83c\uddeb\ud83c\uddf7 CHARLIE DALIN<br \/>\n<\/strong><span style=\"font-size: 0.8em\">MACIF SANT\u00c9 PR\u00c9VOYANCE<\/span><\/span><\/td>\n<td style=\"border-color: #ebebeb;text-align: center;vertical-align: middle;width: 320px\"><span style=\"font-size: 0.9em\"><strong>1148.49 nm<\/strong><\/span><\/td>\n<\/tr>\n<tr>\n<td style=\"border-color: #ebebeb;text-align: center;width: 80px;vertical-align: middle\"><span style=\"font-size: 0.9em\">2.<\/span><\/td>\n<td style=\"border-color: #ebebeb;text-align: center;vertical-align: middle;width: 600px\"><span style=\"font-size: 0.9em\"><strong>\ud83c\uddeb\ud83c\uddf7 YOANN RICHOMME<br \/>\n<\/strong><span style=\"font-size: 0.8em\">PAPREC ARK\u00c9A<\/span><\/span><\/td>\n<td style=\"border-color: #ebebeb;text-align: center;vertical-align: middle;width: 320px\"><span style=\"font-size: 0.9em\"><strong>\u00e0 155.87 <\/strong><\/span><span style=\"font-size: 0.9em\"><strong>nm<\/strong><\/span><\/td>\n<\/tr>\n<tr>\n<td style=\"border-color: #ebebeb;text-align: center;width: 80px;vertical-align: middle\"><span style=\"font-size: 0.9em\">3.<\/span><\/td>\n<td style=\"border-color: #ebebeb;text-align: center;vertical-align: middle;width: 600px\"><span style=\"font-size: 0.9em\"><strong>\ud83c\uddeb\ud83c\uddf7 S\u00c9BASTIEN SIMON<br \/>\n<\/strong><span style=\"font-size: 0.8em\">GROUPE DUBREUIL<\/span><\/span><\/td>\n<td style=\"border-color: #ebebeb;text-align: center;vertical-align: middle;width: 320px\"><span style=\"font-size: 0.9em\"><strong>\u00e0 825.99 <\/strong><\/span><span style=\"font-size: 0.9em\"><strong>nm<\/strong><\/span><\/td>\n<\/tr>\n<tr>\n<td style=\"border-color: #ebebeb;text-align: center;width: 80px;vertical-align: middle\"><span style=\"font-size: 0.9em\">4.<\/span><\/td>\n<td style=\"border-color: #ebebeb;text-align: center;vertical-align: middle;width: 600px\"><span style=\"font-size: 0.9em\"><strong>\ud83c\uddec\ud83c\udde7 SAM GOODCHILD<br \/>\n<\/strong><span style=\"font-size: 0.8em\">VULNERABLE<\/span><\/span><\/td>\n<td style=\"border-color: #ebebeb;text-align: center;vertical-align: middle;width: 320px\"><span style=\"font-size: 0.9em\"><strong>\u00e0 2723.44 <\/strong><\/span><span style=\"font-size: 0.9em\"><strong>nm<\/strong><\/span><\/td>\n<\/tr>\n<tr>\n<td style=\"border-color: #ebebeb;text-align: center;width: 80px;vertical-align: middle\"><span style=\"font-size: 0.9em\">5.<\/span><\/td>\n<td style=\"border-color: #ebebeb;text-align: center;vertical-align: middle;width: 600px\"><span style=\"font-size: 0.9em\"><strong>\ud83c\uddeb\ud83c\uddf7 J\u00c9R\u00c9MIE BEYOU<br \/>\n<\/strong><span style=\"font-size: 0.8em\">CHARAL<\/span><\/span><\/td>\n<td style=\"border-color: #ebebeb;text-align: center;vertical-align: middle;width: 320px\"><span style=\"font-size: 0.9em\"><strong>\u00e0 2724.88 nm<\/strong><\/span><\/td>\n<\/tr>\n<tr>\n<td style=\"border-color: #ebebeb;text-align: center;width: 80px;vertical-align: middle\"><span style=\"font-size: 0.9em\">6.<\/span><\/td>\n<td style=\"border-color: #ebebeb;text-align: center;vertical-align: middle;width: 600px\"><span style=\"font-size: 0.9em\"><strong>\ud83c\uddeb\ud83c\uddf7 PAUL MEILHAT<br \/>\n<\/strong><span style=\"font-size: 0.8em\">BIOTHERM<\/span><\/span><\/td>\n<td style=\"border-color: #ebebeb;text-align: center;vertical-align: middle;width: 320px\"><span style=\"font-size: 0.9em\"><strong>\u00e0 2785.41 <\/strong><\/span><span style=\"font-size: 0.9em\"><strong>nm<\/strong><\/span><\/td>\n<\/tr>\n<tr>\n<td style=\"border-color: #ebebeb;text-align: center;width: 80px;vertical-align: middle\"><span style=\"font-size: 0.9em\">7.<\/span><\/td>\n<td style=\"border-color: #ebebeb;text-align: center;vertical-align: middle;width: 600px\"><span style=\"font-size: 0.9em\"><strong>\ud83c\uddeb\ud83c\uddf7 THOMAS RUYANT<br \/>\n<\/strong><span style=\"font-size: 0.8em\">VULNERABLE<\/span><\/span><\/td>\n<td style=\"border-color: #ebebeb;text-align: center;vertical-align: middle;width: 320px\"><span style=\"font-size: 0.9em\"><strong>\u00e0 2879.56 <\/strong><\/span><span style=\"font-size: 0.9em\"><strong>nm<\/strong><\/span><\/td>\n<\/tr>\n<tr>\n<td style=\"border-color: #ebebeb;text-align: center;width: 80px;vertical-align: middle\"><span style=\"font-size: 0.9em\">8.<\/span><\/td>\n<td style=\"border-color: #ebebeb;text-align: center;vertical-align: middle;width: 600px\"><span style=\"font-size: 0.9em\"><strong>\ud83c\uddeb\ud83c\uddf7 NICOLAS LUNVEN<br \/>\n<\/strong><span style=\"font-size: 0.8em\">HOLCIM &#8211; PRB<\/span><\/span><\/td>\n<td style=\"border-color: #ebebeb;text-align: center;vertical-align: middle;width: 320px\"><span style=\"font-size: 0.9em\"><strong>\u00e0 2897.71 <\/strong><\/span><span style=\"font-size: 0.9em\"><strong>nm<\/strong><\/span><\/td>\n<\/tr>\n<tr>\n<td style=\"border-color: #ebebeb;text-align: center;width: 80px;vertical-align: middle\"><span style=\"font-size: 0.9em\">9.<\/span><\/td>\n<td style=\"border-color: #ebebeb;text-align: center;vertical-align: middle;width: 600px\"><span style=\"font-size: 0.9em\"><strong>\ud83c\udde9\ud83c\uddea BORIS HERRMANN<br \/>\n<\/strong><span style=\"font-size: 0.8em\">MALIZIA &#8211; SEAEXPLORER<\/span><\/span><\/td>\n<td style=\"border-color: #ebebeb;text-align: center;vertical-align: middle;width: 320px\"><span style=\"font-size: 0.9em\"><strong>\u00e0 2943.11 <\/strong><\/span><span style=\"font-size: 0.9em\"><strong>nm<\/strong><\/span><\/td>\n<\/tr>\n<tr>\n<td style=\"border-color: #ebebeb;text-align: center;width: 80px;vertical-align: middle\"><span style=\"font-size: 0.9em\">10.<\/span><\/td>\n<td style=\"border-color: #ebebeb;text-align: center;vertical-align: middle;width: 600px\"><span style=\"font-size: 0.9em\"><strong>\ud83c\udde8\ud83c\udded JUSTINE METTRAUX<br \/>\n<\/strong><span style=\"font-size: 0.8em\">TEAMWORK-TEAM SNEF<\/span><\/span><\/td>\n<td style=\"border-color: #ebebeb;text-align: center;vertical-align: middle;width: 320px\"><span style=\"font-size: 0.9em\"><strong>\u00e0 3049.24 <\/strong><\/span><span style=\"font-size: 0.9em\"><strong>nm<\/strong><\/span><\/td>\n<\/tr>\n<\/tbody>\n<\/table>\n<p style=\"text-align: justify\"><\/div>\n","protected":false},"excerpt":{"rendered":"<p>VEND\u00c9E GLOBE 2024 &#8211; Charlie Dalin (MACIF Sant\u00e9 Pr\u00e9voyance) fonce vers la victoire sur le Vend\u00e9e Globe alors qu&rsquo;il d\u00e9passe les A\u00e7ores.\u00a0<\/p>\n","protected":false},"author":1,"featured_media":537502,"comment_status":"open","ping_status":"closed","sticky":false,"template":"","format":"standard","meta":{"_acf_changed":false,"_daextam_enable_autolinks":"1","footnotes":""},"categories":[9184],"tags":[32415,16878,3094,526],"class_list":["post-545360","post","type-post","status-publish","format-standard","has-post-thumbnail","hentry","category-voile","tag-actu","tag-breve","tag-vendee-globe","tag-voile"],"acf":[],"yoast_head":"<!-- This site is optimized with the Yoast SEO Premium plugin v26.7 (Yoast SEO v26.7) - https:\/\/yoast.com\/wordpress\/plugins\/seo\/ -->\n<title>Vend\u00e9e Globe 2024 : Le classement samedi 11 janvier \u00e0 7h<\/title>\n<meta name=\"description\" content=\"VEND\u00c9E GLOBE 2024 - Charlie Dalin (MACIF Sant\u00e9 Pr\u00e9voyance) fonce vers la victoire sur le Vend\u00e9e Globe alors qu&#039;il d\u00e9passe les A\u00e7ores.\u00a0\" \/>\n<meta name=\"robots\" content=\"index, follow, max-snippet:-1, max-image-preview:large, max-video-preview:-1\" \/>\n<link rel=\"canonical\" href=\"https:\/\/dicodusport.fr\/blog\/vendee-globe-2024-le-classement-samedi-11-janvier-a-7h\/\" \/>\n<meta property=\"og:locale\" content=\"fr_FR\" \/>\n<meta property=\"og:type\" content=\"article\" \/>\n<meta property=\"og:title\" content=\"Vend\u00e9e Globe 2024 : Le classement samedi 11 janvier \u00e0 7h\" \/>\n<meta property=\"og:description\" content=\"VEND\u00c9E GLOBE 2024 - Charlie Dalin (MACIF Sant\u00e9 Pr\u00e9voyance) fonce vers la victoire sur le Vend\u00e9e Globe alors qu&#039;il d\u00e9passe les A\u00e7ores.\u00a0\" \/>\n<meta property=\"og:url\" content=\"https:\/\/dicodusport.fr\/blog\/vendee-globe-2024-le-classement-samedi-11-janvier-a-7h\/\" \/>\n<meta property=\"og:site_name\" content=\"Dicodusport\" \/>\n<meta property=\"article:publisher\" content=\"https:\/\/www.facebook.com\/dicodusport\" \/>\n<meta property=\"article:author\" content=\"https:\/\/www.facebook.com\/dicodusport\" \/>\n<meta property=\"article:published_time\" content=\"2025-01-11T06:29:21+00:00\" \/>\n<meta property=\"article:modified_time\" content=\"2025-01-11T07:26:10+00:00\" \/>\n<meta property=\"og:image\" content=\"https:\/\/dicodusport.fr\/blog\/wp-content\/uploads\/2024\/12\/Vendee-Globe-2024-Le-classement-jeudi-5-decembre-a-16h.png\" \/>\n\t<meta property=\"og:image:width\" content=\"1200\" \/>\n\t<meta property=\"og:image:height\" content=\"674\" \/>\n\t<meta property=\"og:image:type\" content=\"image\/png\" \/>\n<meta name=\"author\" content=\"Nicolas Jacquemard\" \/>\n<meta name=\"twitter:card\" content=\"summary_large_image\" \/>\n<meta name=\"twitter:title\" content=\"Vend\u00e9e Globe 2024 : Le classement samedi 11 janvier \u00e0 7h\" \/>\n<meta name=\"twitter:creator\" content=\"@https:\/\/twitter.com\/Nico_Jacquemard\" \/>\n<meta name=\"twitter:site\" content=\"@dicodusport\" \/>\n<script type=\"application\/ld+json\" class=\"yoast-schema-graph\">{\"@context\":\"https:\/\/schema.org\",\"@graph\":[{\"@type\":\"NewsArticle\",\"@id\":\"https:\/\/dicodusport.fr\/blog\/vendee-globe-2024-le-classement-samedi-11-janvier-a-7h\/#article\",\"isPartOf\":{\"@id\":\"https:\/\/dicodusport.fr\/blog\/vendee-globe-2024-le-classement-samedi-11-janvier-a-7h\/\"},\"author\":{\"name\":\"Nicolas Jacquemard\",\"@id\":\"https:\/\/dicodusport.fr\/blog\/#\/schema\/person\/55dcb50ad410894e431ed812bbb70191\"},\"headline\":\"Vend\u00e9e Globe 2024 : Le classement samedi 11 janvier \u00e0 7h\",\"datePublished\":\"2025-01-11T06:29:21+00:00\",\"dateModified\":\"2025-01-11T07:26:10+00:00\",\"mainEntityOfPage\":{\"@id\":\"https:\/\/dicodusport.fr\/blog\/vendee-globe-2024-le-classement-samedi-11-janvier-a-7h\/\"},\"wordCount\":311,\"commentCount\":0,\"publisher\":{\"@id\":\"https:\/\/dicodusport.fr\/blog\/#organization\"},\"image\":{\"@id\":\"https:\/\/dicodusport.fr\/blog\/vendee-globe-2024-le-classement-samedi-11-janvier-a-7h\/#primaryimage\"},\"thumbnailUrl\":\"https:\/\/dicodusport.fr\/blog\/wp-content\/uploads\/2024\/12\/Vendee-Globe-2024-Le-classement-jeudi-5-decembre-a-16h.png\",\"keywords\":[\"actu\",\"br\u00e8ve\",\"Vend\u00e9e Globe\",\"Voile\"],\"articleSection\":[\"Voile\"],\"inLanguage\":\"fr-FR\",\"potentialAction\":[{\"@type\":\"CommentAction\",\"name\":\"Comment\",\"target\":[\"https:\/\/dicodusport.fr\/blog\/vendee-globe-2024-le-classement-samedi-11-janvier-a-7h\/#respond\"]}],\"copyrightYear\":\"2025\",\"copyrightHolder\":{\"@id\":\"https:\/\/dicodusport.fr\/blog\/#organization\"}},{\"@type\":\"WebPage\",\"@id\":\"https:\/\/dicodusport.fr\/blog\/vendee-globe-2024-le-classement-samedi-11-janvier-a-7h\/\",\"url\":\"https:\/\/dicodusport.fr\/blog\/vendee-globe-2024-le-classement-samedi-11-janvier-a-7h\/\",\"name\":\"Vend\u00e9e Globe 2024 : Le classement samedi 11 janvier \u00e0 7h\",\"isPartOf\":{\"@id\":\"https:\/\/dicodusport.fr\/blog\/#website\"},\"primaryImageOfPage\":{\"@id\":\"https:\/\/dicodusport.fr\/blog\/vendee-globe-2024-le-classement-samedi-11-janvier-a-7h\/#primaryimage\"},\"image\":{\"@id\":\"https:\/\/dicodusport.fr\/blog\/vendee-globe-2024-le-classement-samedi-11-janvier-a-7h\/#primaryimage\"},\"thumbnailUrl\":\"https:\/\/dicodusport.fr\/blog\/wp-content\/uploads\/2024\/12\/Vendee-Globe-2024-Le-classement-jeudi-5-decembre-a-16h.png\",\"datePublished\":\"2025-01-11T06:29:21+00:00\",\"dateModified\":\"2025-01-11T07:26:10+00:00\",\"description\":\"VEND\u00c9E GLOBE 2024 - Charlie Dalin (MACIF Sant\u00e9 Pr\u00e9voyance) fonce vers la victoire sur le Vend\u00e9e Globe alors qu'il d\u00e9passe les A\u00e7ores.\u00a0\",\"breadcrumb\":{\"@id\":\"https:\/\/dicodusport.fr\/blog\/vendee-globe-2024-le-classement-samedi-11-janvier-a-7h\/#breadcrumb\"},\"inLanguage\":\"fr-FR\",\"potentialAction\":[{\"@type\":\"ReadAction\",\"target\":[\"https:\/\/dicodusport.fr\/blog\/vendee-globe-2024-le-classement-samedi-11-janvier-a-7h\/\"]}]},{\"@type\":\"ImageObject\",\"inLanguage\":\"fr-FR\",\"@id\":\"https:\/\/dicodusport.fr\/blog\/vendee-globe-2024-le-classement-samedi-11-janvier-a-7h\/#primaryimage\",\"url\":\"https:\/\/dicodusport.fr\/blog\/wp-content\/uploads\/2024\/12\/Vendee-Globe-2024-Le-classement-jeudi-5-decembre-a-16h.png\",\"contentUrl\":\"https:\/\/dicodusport.fr\/blog\/wp-content\/uploads\/2024\/12\/Vendee-Globe-2024-Le-classement-jeudi-5-decembre-a-16h.png\",\"width\":1200,\"height\":674,\"caption\":\"Vend\u00e9e Globe 2024 : Le classement ce dimanche 15 d\u00e9cembre \u00e0 9h\"},{\"@type\":\"BreadcrumbList\",\"@id\":\"https:\/\/dicodusport.fr\/blog\/vendee-globe-2024-le-classement-samedi-11-janvier-a-7h\/#breadcrumb\",\"itemListElement\":[{\"@type\":\"ListItem\",\"position\":1,\"name\":\"Accueil\",\"item\":\"https:\/\/dicodusport.fr\/blog\/\"},{\"@type\":\"ListItem\",\"position\":2,\"name\":\"Vend\u00e9e Globe 2024 : Le classement samedi 11 janvier \u00e0 7h\"}]},{\"@type\":\"WebSite\",\"@id\":\"https:\/\/dicodusport.fr\/blog\/#website\",\"url\":\"https:\/\/dicodusport.fr\/blog\/\",\"name\":\"Dicodusport\",\"description\":\"L&#039;encyclop\u00e9die de l&#039;actualit\u00e9 sportive\",\"publisher\":{\"@id\":\"https:\/\/dicodusport.fr\/blog\/#organization\"},\"potentialAction\":[{\"@type\":\"SearchAction\",\"target\":{\"@type\":\"EntryPoint\",\"urlTemplate\":\"https:\/\/dicodusport.fr\/blog\/?s={search_term_string}\"},\"query-input\":{\"@type\":\"PropertyValueSpecification\",\"valueRequired\":true,\"valueName\":\"search_term_string\"}}],\"inLanguage\":\"fr-FR\"},{\"@type\":\"NewsMediaOrganization\",\"@id\":\"https:\/\/dicodusport.fr\/blog\/#organization\",\"name\":\"Dicodusport\",\"url\":\"https:\/\/dicodusport.fr\/blog\/\",\"logo\":{\"@type\":\"ImageObject\",\"inLanguage\":\"fr-FR\",\"@id\":\"https:\/\/dicodusport.fr\/blog\/#\/schema\/logo\/image\/\",\"url\":\"https:\/\/dicodusport.fr\/blog\/wp-content\/uploads\/2020\/06\/cropped-LOGO-DICODUSPORT-2020-SANS-FOND-SANS-TEXTE.png\",\"contentUrl\":\"https:\/\/dicodusport.fr\/blog\/wp-content\/uploads\/2020\/06\/cropped-LOGO-DICODUSPORT-2020-SANS-FOND-SANS-TEXTE.png\",\"width\":512,\"height\":512,\"caption\":\"Dicodusport\"},\"image\":{\"@id\":\"https:\/\/dicodusport.fr\/blog\/#\/schema\/logo\/image\/\"},\"sameAs\":[\"https:\/\/www.facebook.com\/dicodusport\",\"https:\/\/x.com\/dicodusport\",\"https:\/\/www.instagram.com\/dicodusport\/\",\"https:\/\/www.youtube.com\/channel\/UC7V2KZ5sd3htJivAbA4ZG3w\"],\"description\":\"Dicodusport est l'encyclop\u00e9die de l'actualit\u00e9 sportive.\",\"email\":\"bonjour@dicodusport.fr\",\"legalName\":\"DICODUSPORT\",\"foundingDate\":\"2018-01-14\",\"vatID\":\"FR71834470973\",\"taxID\":\"83447097300043\",\"numberOfEmployees\":{\"@type\":\"QuantitativeValue\",\"minValue\":\"1\",\"maxValue\":\"10\"}},{\"@type\":\"Person\",\"@id\":\"https:\/\/dicodusport.fr\/blog\/#\/schema\/person\/55dcb50ad410894e431ed812bbb70191\",\"name\":\"Nicolas Jacquemard\",\"image\":{\"@type\":\"ImageObject\",\"inLanguage\":\"fr-FR\",\"@id\":\"https:\/\/dicodusport.fr\/blog\/#\/schema\/person\/image\/\",\"url\":\"https:\/\/dicodusport.fr\/blog\/wp-content\/uploads\/2021\/05\/Nicolas-Jacquemard-150x150.jpeg\",\"contentUrl\":\"https:\/\/dicodusport.fr\/blog\/wp-content\/uploads\/2021\/05\/Nicolas-Jacquemard-150x150.jpeg\",\"caption\":\"Nicolas Jacquemard\"},\"description\":\"Passionn\u00e9 de sport et entrepreneur depuis mes 18 ans, la cr\u00e9ation de Dicodusport m'a sembl\u00e9 \u00e9vidente pour participer \u00e0 la m\u00e9diatisation d'un plus grand nombre de sports. Le chemin est long mais avec une \u00e9quipe des plus motiv\u00e9es et les Jeux Olympiques de Paris 2024 en point de mire, nous y arriverons ! Journaliste dans le monde du sport depuis plus de 5 ans, je traite aussi bien de football, de rugby, de biathlon que de cyclisme.\",\"sameAs\":[\"https:\/\/www.facebook.com\/dicodusport\",\"https:\/\/x.com\/https:\/\/twitter.com\/Nico_Jacquemard\"],\"url\":\"https:\/\/dicodusport.fr\/blog\/author\/dicodusport\/\"}]}<\/script>\n<!-- \/ Yoast SEO Premium plugin. -->","yoast_head_json":{"title":"Vend\u00e9e Globe 2024 : Le classement samedi 11 janvier \u00e0 7h","description":"VEND\u00c9E GLOBE 2024 - Charlie Dalin (MACIF Sant\u00e9 Pr\u00e9voyance) fonce vers la victoire sur le Vend\u00e9e Globe alors qu'il d\u00e9passe les A\u00e7ores.\u00a0","robots":{"index":"index","follow":"follow","max-snippet":"max-snippet:-1","max-image-preview":"max-image-preview:large","max-video-preview":"max-video-preview:-1"},"canonical":"https:\/\/dicodusport.fr\/blog\/vendee-globe-2024-le-classement-samedi-11-janvier-a-7h\/","og_locale":"fr_FR","og_type":"article","og_title":"Vend\u00e9e Globe 2024 : Le classement samedi 11 janvier \u00e0 7h","og_description":"VEND\u00c9E GLOBE 2024 - Charlie Dalin (MACIF Sant\u00e9 Pr\u00e9voyance) fonce vers la victoire sur le Vend\u00e9e Globe alors qu'il d\u00e9passe les A\u00e7ores.\u00a0","og_url":"https:\/\/dicodusport.fr\/blog\/vendee-globe-2024-le-classement-samedi-11-janvier-a-7h\/","og_site_name":"Dicodusport","article_publisher":"https:\/\/www.facebook.com\/dicodusport","article_author":"https:\/\/www.facebook.com\/dicodusport","article_published_time":"2025-01-11T06:29:21+00:00","article_modified_time":"2025-01-11T07:26:10+00:00","og_image":[{"width":1200,"height":674,"url":"https:\/\/dicodusport.fr\/blog\/wp-content\/uploads\/2024\/12\/Vendee-Globe-2024-Le-classement-jeudi-5-decembre-a-16h.png","type":"image\/png"}],"author":"Nicolas Jacquemard","twitter_card":"summary_large_image","twitter_title":"Vend\u00e9e Globe 2024 : Le classement samedi 11 janvier \u00e0 7h","twitter_creator":"@https:\/\/twitter.com\/Nico_Jacquemard","twitter_site":"@dicodusport","schema":{"@context":"https:\/\/schema.org","@graph":[{"@type":"NewsArticle","@id":"https:\/\/dicodusport.fr\/blog\/vendee-globe-2024-le-classement-samedi-11-janvier-a-7h\/#article","isPartOf":{"@id":"https:\/\/dicodusport.fr\/blog\/vendee-globe-2024-le-classement-samedi-11-janvier-a-7h\/"},"author":{"name":"Nicolas Jacquemard","@id":"https:\/\/dicodusport.fr\/blog\/#\/schema\/person\/55dcb50ad410894e431ed812bbb70191"},"headline":"Vend\u00e9e Globe 2024 : Le classement samedi 11 janvier \u00e0 7h","datePublished":"2025-01-11T06:29:21+00:00","dateModified":"2025-01-11T07:26:10+00:00","mainEntityOfPage":{"@id":"https:\/\/dicodusport.fr\/blog\/vendee-globe-2024-le-classement-samedi-11-janvier-a-7h\/"},"wordCount":311,"commentCount":0,"publisher":{"@id":"https:\/\/dicodusport.fr\/blog\/#organization"},"image":{"@id":"https:\/\/dicodusport.fr\/blog\/vendee-globe-2024-le-classement-samedi-11-janvier-a-7h\/#primaryimage"},"thumbnailUrl":"https:\/\/dicodusport.fr\/blog\/wp-content\/uploads\/2024\/12\/Vendee-Globe-2024-Le-classement-jeudi-5-decembre-a-16h.png","keywords":["actu","br\u00e8ve","Vend\u00e9e Globe","Voile"],"articleSection":["Voile"],"inLanguage":"fr-FR","potentialAction":[{"@type":"CommentAction","name":"Comment","target":["https:\/\/dicodusport.fr\/blog\/vendee-globe-2024-le-classement-samedi-11-janvier-a-7h\/#respond"]}],"copyrightYear":"2025","copyrightHolder":{"@id":"https:\/\/dicodusport.fr\/blog\/#organization"}},{"@type":"WebPage","@id":"https:\/\/dicodusport.fr\/blog\/vendee-globe-2024-le-classement-samedi-11-janvier-a-7h\/","url":"https:\/\/dicodusport.fr\/blog\/vendee-globe-2024-le-classement-samedi-11-janvier-a-7h\/","name":"Vend\u00e9e Globe 2024 : Le classement samedi 11 janvier \u00e0 7h","isPartOf":{"@id":"https:\/\/dicodusport.fr\/blog\/#website"},"primaryImageOfPage":{"@id":"https:\/\/dicodusport.fr\/blog\/vendee-globe-2024-le-classement-samedi-11-janvier-a-7h\/#primaryimage"},"image":{"@id":"https:\/\/dicodusport.fr\/blog\/vendee-globe-2024-le-classement-samedi-11-janvier-a-7h\/#primaryimage"},"thumbnailUrl":"https:\/\/dicodusport.fr\/blog\/wp-content\/uploads\/2024\/12\/Vendee-Globe-2024-Le-classement-jeudi-5-decembre-a-16h.png","datePublished":"2025-01-11T06:29:21+00:00","dateModified":"2025-01-11T07:26:10+00:00","description":"VEND\u00c9E GLOBE 2024 - Charlie Dalin (MACIF Sant\u00e9 Pr\u00e9voyance) fonce vers la victoire sur le Vend\u00e9e Globe alors qu'il d\u00e9passe les A\u00e7ores.\u00a0","breadcrumb":{"@id":"https:\/\/dicodusport.fr\/blog\/vendee-globe-2024-le-classement-samedi-11-janvier-a-7h\/#breadcrumb"},"inLanguage":"fr-FR","potentialAction":[{"@type":"ReadAction","target":["https:\/\/dicodusport.fr\/blog\/vendee-globe-2024-le-classement-samedi-11-janvier-a-7h\/"]}]},{"@type":"ImageObject","inLanguage":"fr-FR","@id":"https:\/\/dicodusport.fr\/blog\/vendee-globe-2024-le-classement-samedi-11-janvier-a-7h\/#primaryimage","url":"https:\/\/dicodusport.fr\/blog\/wp-content\/uploads\/2024\/12\/Vendee-Globe-2024-Le-classement-jeudi-5-decembre-a-16h.png","contentUrl":"https:\/\/dicodusport.fr\/blog\/wp-content\/uploads\/2024\/12\/Vendee-Globe-2024-Le-classement-jeudi-5-decembre-a-16h.png","width":1200,"height":674,"caption":"Vend\u00e9e Globe 2024 : Le classement ce dimanche 15 d\u00e9cembre \u00e0 9h"},{"@type":"BreadcrumbList","@id":"https:\/\/dicodusport.fr\/blog\/vendee-globe-2024-le-classement-samedi-11-janvier-a-7h\/#breadcrumb","itemListElement":[{"@type":"ListItem","position":1,"name":"Accueil","item":"https:\/\/dicodusport.fr\/blog\/"},{"@type":"ListItem","position":2,"name":"Vend\u00e9e Globe 2024 : Le classement samedi 11 janvier \u00e0 7h"}]},{"@type":"WebSite","@id":"https:\/\/dicodusport.fr\/blog\/#website","url":"https:\/\/dicodusport.fr\/blog\/","name":"Dicodusport","description":"L&#039;encyclop\u00e9die de l&#039;actualit\u00e9 sportive","publisher":{"@id":"https:\/\/dicodusport.fr\/blog\/#organization"},"potentialAction":[{"@type":"SearchAction","target":{"@type":"EntryPoint","urlTemplate":"https:\/\/dicodusport.fr\/blog\/?s={search_term_string}"},"query-input":{"@type":"PropertyValueSpecification","valueRequired":true,"valueName":"search_term_string"}}],"inLanguage":"fr-FR"},{"@type":"NewsMediaOrganization","@id":"https:\/\/dicodusport.fr\/blog\/#organization","name":"Dicodusport","url":"https:\/\/dicodusport.fr\/blog\/","logo":{"@type":"ImageObject","inLanguage":"fr-FR","@id":"https:\/\/dicodusport.fr\/blog\/#\/schema\/logo\/image\/","url":"https:\/\/dicodusport.fr\/blog\/wp-content\/uploads\/2020\/06\/cropped-LOGO-DICODUSPORT-2020-SANS-FOND-SANS-TEXTE.png","contentUrl":"https:\/\/dicodusport.fr\/blog\/wp-content\/uploads\/2020\/06\/cropped-LOGO-DICODUSPORT-2020-SANS-FOND-SANS-TEXTE.png","width":512,"height":512,"caption":"Dicodusport"},"image":{"@id":"https:\/\/dicodusport.fr\/blog\/#\/schema\/logo\/image\/"},"sameAs":["https:\/\/www.facebook.com\/dicodusport","https:\/\/x.com\/dicodusport","https:\/\/www.instagram.com\/dicodusport\/","https:\/\/www.youtube.com\/channel\/UC7V2KZ5sd3htJivAbA4ZG3w"],"description":"Dicodusport est l'encyclop\u00e9die de l'actualit\u00e9 sportive.","email":"bonjour@dicodusport.fr","legalName":"DICODUSPORT","foundingDate":"2018-01-14","vatID":"FR71834470973","taxID":"83447097300043","numberOfEmployees":{"@type":"QuantitativeValue","minValue":"1","maxValue":"10"}},{"@type":"Person","@id":"https:\/\/dicodusport.fr\/blog\/#\/schema\/person\/55dcb50ad410894e431ed812bbb70191","name":"Nicolas Jacquemard","image":{"@type":"ImageObject","inLanguage":"fr-FR","@id":"https:\/\/dicodusport.fr\/blog\/#\/schema\/person\/image\/","url":"https:\/\/dicodusport.fr\/blog\/wp-content\/uploads\/2021\/05\/Nicolas-Jacquemard-150x150.jpeg","contentUrl":"https:\/\/dicodusport.fr\/blog\/wp-content\/uploads\/2021\/05\/Nicolas-Jacquemard-150x150.jpeg","caption":"Nicolas Jacquemard"},"description":"Passionn\u00e9 de sport et entrepreneur depuis mes 18 ans, la cr\u00e9ation de Dicodusport m'a sembl\u00e9 \u00e9vidente pour participer \u00e0 la m\u00e9diatisation d'un plus grand nombre de sports. Le chemin est long mais avec une \u00e9quipe des plus motiv\u00e9es et les Jeux Olympiques de Paris 2024 en point de mire, nous y arriverons ! Journaliste dans le monde du sport depuis plus de 5 ans, je traite aussi bien de football, de rugby, de biathlon que de cyclisme.","sameAs":["https:\/\/www.facebook.com\/dicodusport","https:\/\/x.com\/https:\/\/twitter.com\/Nico_Jacquemard"],"url":"https:\/\/dicodusport.fr\/blog\/author\/dicodusport\/"}]}},"_links":{"self":[{"href":"https:\/\/dicodusport.fr\/blog\/wp-json\/wp\/v2\/posts\/545360","targetHints":{"allow":["GET"]}}],"collection":[{"href":"https:\/\/dicodusport.fr\/blog\/wp-json\/wp\/v2\/posts"}],"about":[{"href":"https:\/\/dicodusport.fr\/blog\/wp-json\/wp\/v2\/types\/post"}],"author":[{"embeddable":true,"href":"https:\/\/dicodusport.fr\/blog\/wp-json\/wp\/v2\/users\/1"}],"replies":[{"embeddable":true,"href":"https:\/\/dicodusport.fr\/blog\/wp-json\/wp\/v2\/comments?post=545360"}],"version-history":[{"count":5,"href":"https:\/\/dicodusport.fr\/blog\/wp-json\/wp\/v2\/posts\/545360\/revisions"}],"predecessor-version":[{"id":545384,"href":"https:\/\/dicodusport.fr\/blog\/wp-json\/wp\/v2\/posts\/545360\/revisions\/545384"}],"wp:featuredmedia":[{"embeddable":true,"href":"https:\/\/dicodusport.fr\/blog\/wp-json\/wp\/v2\/media\/537502"}],"wp:attachment":[{"href":"https:\/\/dicodusport.fr\/blog\/wp-json\/wp\/v2\/media?parent=545360"}],"wp:term":[{"taxonomy":"category","embeddable":true,"href":"https:\/\/dicodusport.fr\/blog\/wp-json\/wp\/v2\/categories?post=545360"},{"taxonomy":"post_tag","embeddable":true,"href":"https:\/\/dicodusport.fr\/blog\/wp-json\/wp\/v2\/tags?post=545360"}],"curies":[{"name":"wp","href":"https:\/\/api.w.org\/{rel}","templated":true}]}}