{"id":545394,"date":"2025-01-11T10:12:32","date_gmt":"2025-01-11T09:12:32","guid":{"rendered":"https:\/\/dicodusport.fr\/blog\/?p=545394&#038;preview=true&#038;preview_id=545394"},"modified":"2025-04-03T14:25:18","modified_gmt":"2025-04-03T12:25:18","slug":"ski-alpinisme-shahdag-la-vertical-race-pour-axelle-gachet-mollaret-emily-harrop-encore-sur-le-podium","status":"publish","type":"post","link":"https:\/\/dicodusport.fr\/blog\/ski-alpinisme-shahdag-la-vertical-race-pour-axelle-gachet-mollaret-emily-harrop-encore-sur-le-podium\/","title":{"rendered":"Ski Alpinisme Shahdag : La vertical race pour Axelle Gachet-Mollaret, Emily Harrop encore sur le podium"},"content":{"rendered":"<h4 style=\"text-align: justify;\" align=\"justify\"><em><a style=\"font-weight: bold;\" href=\"https:\/\/dicodusport.fr\/blog\/?s=ski+alpinisme\">SKI ALPINISME<\/a><b> &#8211; <\/b>T\u00f4t dans la matin\u00e9e, Axelle Gachet-Mollaret a remport\u00e9 haut la main la vertical race disput\u00e9e \u00e0 Shahdag. Emily Harrop a de son c\u00f4t\u00e9 pris une belle 3e place, pour conforter son avance au classement g\u00e9n\u00e9ral de la coupe du monde. Pas de podium en revanche pour un Thibault Anselmet abonn\u00e9 \u00e0 la m\u00e9daille en chocolat ce weekend.<\/em><\/h4>\n<p style=\"text-align: justify;\">Il y a comme un parfum de d\u00e9j\u00e0-vu du c\u00f4t\u00e9 de <strong>Shahdag<\/strong> en cette fin de semaine. Deuxi\u00e8me des neuf stops pr\u00e9vus au calendrier de la <strong>coupe du monde<\/strong> 2024\/2025, l&rsquo;\u00e9tape az\u00e9rie ressemble fortement \u00e0 ce que l&rsquo;on avait d\u00e9j\u00e0 pu voir \u00e0 Courchevel mi-d\u00e9cembre. Vendredi, <strong>Emily Harrop<\/strong> avait domin\u00e9 le sprint, comme sur les pistes fran\u00e7aises. Ce samedi, c&rsquo;est au tour d&rsquo;<strong>Axelle Gachet-Mollaret<\/strong> d&rsquo;en faire de m\u00eame, mais sur la <em>vertical race<\/em>.<\/p>\n<h2 style=\"text-align: justify;\">Axelle Gachet-Mollaret intouchable, Emily Harrop prend de gros points<\/h2>\n<p style=\"text-align: justify;\">La multiple championne du monde avait d\u00e9j\u00e0 prouv\u00e9 lors des premi\u00e8res sorties de la saison qu&rsquo;elle \u00e9tait bien pr\u00eate \u00e0 jouer les premiers r\u00f4les. <a href=\"https:\/\/dicodusport.fr\/blog\/coupe-du-monde-ski-alpinisme-axelle-gachet-mollaret-domine-la-vertical-race-emily-harrop-2e\/\">Vainqueure \u00e0 Courchevel<\/a>, puis aux <a href=\"https:\/\/dicodusport.fr\/blog\/championnats-de-france-ski-alpinisme-le-couple-gachet-au-sommet-perillat-pessey-et-anselmet-raflent-le-relais-mixte\/\">championnats de France<\/a> de la sp\u00e9cialit\u00e9, elle a fait la passe de trois. Grande favorite ce samedi matin, l&rsquo;Ann\u00e9cienne a fait honneur \u00e0 son statut en faisant comme souvent cavalier seul sur les 2,6km d&rsquo;ascension s\u00e8che au programme (490m de d\u00e9nivel\u00e9).<\/p>\n<p style=\"text-align: justify;\">Distance qu&rsquo;elle a aval\u00e9e avec un chrono canon (22:08), lui permettant de disposer d&rsquo;une avance cons\u00e9quente sur sa dauphine, <strong>Johanna Hiemer<\/strong> (+0:52). Vainqueure des deux sprints, et d\u00e9j\u00e0 mont\u00e9e sur la bo\u00eete de la <em>vertical race<\/em> de Courchevel, <strong>Emily Harrop<\/strong> en a fait de m\u00eame en s&#8217;emparant de la 3e place. La tenante en titre du gros globe est d\u00e9j\u00e0 solidement en t\u00eate du g\u00e9n\u00e9ral avec quatre podiums en quatre courses ! Elle profite en effet de la 12e place de <strong>Marianne Fatton<\/strong> pour prendre d\u00e9j\u00e0 95 points d&rsquo;avance (366 contre 261) sur sa rivale ! Plus en retrait, <strong>C\u00e9lia Perillat-Pessey<\/strong> signe elle un joli Top 5 (5e).<\/p>\n<blockquote class=\"twitter-tweet\">\n<p dir=\"ltr\" lang=\"en\">ISMF World Cup Shahdag, Vertical Race podium<\/p>\n<p>\ud83c\uddeb\ud83c\uddf7\ud83e\udd47 Axelle Gachet-Mollaret [22:08.0]\n\ud83c\udde6\ud83c\uddf9\ud83e\udd48 Johanna Hiemer [23:00.6]\n\ud83c\uddeb\ud83c\uddf7\ud83e\udd49 Emily Harrop [23:10.5]\n<p>\ud83d\udc49 <a href=\"https:\/\/t.co\/qD7I3ya5mS\">https:\/\/t.co\/qD7I3ya5mS<\/a><a href=\"https:\/\/twitter.com\/hashtag\/SkiMoWorldCup?src=hash&amp;ref_src=twsrc%5Etfw\">#SkiMoWorldCup<\/a> <a href=\"https:\/\/twitter.com\/hashtag\/Courchevel?src=hash&amp;ref_src=twsrc%5Etfw\">#Courchevel<\/a> <a href=\"https:\/\/twitter.com\/hashtag\/ISMF?src=hash&amp;ref_src=twsrc%5Etfw\">#ISMF<\/a> <a href=\"https:\/\/twitter.com\/hashtag\/SkiMountaineering?src=hash&amp;ref_src=twsrc%5Etfw\">#SkiMountaineering<\/a> <a href=\"https:\/\/t.co\/a3weLDItef\">pic.twitter.com\/a3weLDItef<\/a><\/p>\n<p>\u2014 ISMF Skimo (@ISMFSkimo) <a href=\"https:\/\/twitter.com\/ISMFSkimo\/status\/1878000073960833057?ref_src=twsrc%5Etfw\">January 11, 2025<\/a><\/p><\/blockquote>\n<p><script async src=\"https:\/\/platform.twitter.com\/widgets.js\" charset=\"utf-8\"><\/script><\/p>\n<p style=\"text-align: justify;\">C\u00f4t\u00e9 masculin, <strong>Thibault Anselmet<\/strong> n&rsquo;y arrive toujours pas. 4e vendredi pour une demi-seconde, le Tricolore \u00e9choue de nouveau \u00e0 cette m\u00eame place, pour 7 secondes, devan\u00e7ant un autre compatriote, Samuel Equy (5e). Dans une course comme toujours \u00e9cras\u00e9e par l&rsquo;intouchable <strong>R\u00e9mi<\/strong> <strong>Bonnet<\/strong>, l&rsquo;Autrichien <strong>Christof Hochenwarter<\/strong> a surpris son monde en d\u00e9crochant son meilleur r\u00e9sultat en carri\u00e8re \u00e0 27 ans (2e). Le Belge <strong>Maximilien Drion du Chapois<\/strong> s&rsquo;est lui empar\u00e9 du bronze.<\/p>\n<p style=\"text-align: justify;\">Suite \u00e0 un jour de break dimanche, cette deuxi\u00e8me manche de coupe du monde \u00e0 <strong>Shahdag<\/strong> va se terminer lundi, avec les individuels f\u00e9minin et masculin.<\/p>\n","protected":false},"excerpt":{"rendered":"<p>SKI ALPINISME &#8211; T\u00f4t dans la matin\u00e9e, Axelle Gachet-Mollaret a remport\u00e9 haut la main la vertical race disput\u00e9e \u00e0 Shahdag. Emily Harrop a de son c\u00f4t\u00e9 pris une belle 3e place, pour conforter son avance au classement g\u00e9n\u00e9ral de la coupe du monde. Pas de podium en revanche pour un Thibault Anselmet abonn\u00e9 \u00e0 la m\u00e9daille en chocolat ce weekend.<\/p>\n","protected":false},"author":55,"featured_media":545398,"comment_status":"open","ping_status":"closed","sticky":false,"template":"","format":"standard","meta":{"_acf_changed":false,"_daextam_enable_autolinks":"1","footnotes":""},"categories":[45757],"tags":[22883,16878,37201,13007,22884,4230,30136],"class_list":["post-545394","post","type-post","status-publish","format-standard","has-post-thumbnail","hentry","category-ski-alpinisme","tag-axelle-gachet-mollaret","tag-breve","tag-coupe-du-monde-ski-alpinisme","tag-courchevel","tag-emily-harrop","tag-ski-alpinisme","tag-thibault-anselmet"],"acf":[],"yoast_head":"<!-- This site is optimized with the Yoast SEO Premium plugin v26.7 (Yoast SEO v26.7) - https:\/\/yoast.com\/wordpress\/plugins\/seo\/ -->\n<title>Ski Alpinisme Shahdag : La vertical race pour Axelle Gachet-Mollaret, Emily Harrop encore sur le podium<\/title>\n<meta name=\"description\" content=\"COUPE DU MONDE SKI ALPINISME -SKI ALPINISME - Deuxi\u00e8me vertical race de l&#039;ann\u00e9e, et deuxi\u00e8me victoire pour Axelle Gachet-Mollaret, \u00e0 Shahdag.\" \/>\n<meta name=\"robots\" content=\"index, follow, max-snippet:-1, max-image-preview:large, max-video-preview:-1\" \/>\n<link rel=\"canonical\" href=\"https:\/\/dicodusport.fr\/blog\/ski-alpinisme-shahdag-la-vertical-race-pour-axelle-gachet-mollaret-emily-harrop-encore-sur-le-podium\/\" \/>\n<meta property=\"og:locale\" content=\"fr_FR\" \/>\n<meta property=\"og:type\" content=\"article\" \/>\n<meta property=\"og:title\" content=\"Ski Alpinisme Shahdag : La vertical race pour Axelle Gachet-Mollaret, Emily Harrop encore sur le podium\" \/>\n<meta property=\"og:description\" content=\"COUPE DU MONDE SKI ALPINISME -SKI ALPINISME - Deuxi\u00e8me vertical race de l&#039;ann\u00e9e, et deuxi\u00e8me victoire pour Axelle Gachet-Mollaret, \u00e0 Shahdag.\" \/>\n<meta property=\"og:url\" content=\"https:\/\/dicodusport.fr\/blog\/ski-alpinisme-shahdag-la-vertical-race-pour-axelle-gachet-mollaret-emily-harrop-encore-sur-le-podium\/\" \/>\n<meta property=\"og:site_name\" content=\"Dicodusport\" \/>\n<meta property=\"article:publisher\" content=\"https:\/\/www.facebook.com\/dicodusport\" \/>\n<meta property=\"article:published_time\" content=\"2025-01-11T09:12:32+00:00\" \/>\n<meta property=\"article:modified_time\" content=\"2025-04-03T12:25:18+00:00\" \/>\n<meta property=\"og:image\" content=\"https:\/\/dicodusport.fr\/blog\/wp-content\/uploads\/2025\/01\/ski-1.png\" \/>\n\t<meta property=\"og:image:width\" content=\"1200\" \/>\n\t<meta property=\"og:image:height\" content=\"674\" \/>\n\t<meta property=\"og:image:type\" content=\"image\/png\" \/>\n<meta name=\"author\" content=\"Maxime Cazenave\" \/>\n<meta name=\"twitter:card\" content=\"summary_large_image\" \/>\n<meta name=\"twitter:title\" content=\"Ski Alpinisme Shahdag : La vertical race pour Axelle Gachet-Mollaret, Emily Harrop encore sur le podium\" \/>\n<meta name=\"twitter:creator\" content=\"@https:\/\/twitter.com\/Maxime_Caze\" \/>\n<meta name=\"twitter:site\" content=\"@dicodusport\" \/>\n<script type=\"application\/ld+json\" class=\"yoast-schema-graph\">{\"@context\":\"https:\/\/schema.org\",\"@graph\":[{\"@type\":\"NewsArticle\",\"@id\":\"https:\/\/dicodusport.fr\/blog\/ski-alpinisme-shahdag-la-vertical-race-pour-axelle-gachet-mollaret-emily-harrop-encore-sur-le-podium\/#article\",\"isPartOf\":{\"@id\":\"https:\/\/dicodusport.fr\/blog\/ski-alpinisme-shahdag-la-vertical-race-pour-axelle-gachet-mollaret-emily-harrop-encore-sur-le-podium\/\"},\"author\":{\"name\":\"Maxime Cazenave\",\"@id\":\"https:\/\/dicodusport.fr\/blog\/#\/schema\/person\/37def232098a7a5cbab3974a3690abb0\"},\"headline\":\"Ski Alpinisme Shahdag : La vertical race pour Axelle Gachet-Mollaret, Emily Harrop encore sur le podium\",\"datePublished\":\"2025-01-11T09:12:32+00:00\",\"dateModified\":\"2025-04-03T12:25:18+00:00\",\"mainEntityOfPage\":{\"@id\":\"https:\/\/dicodusport.fr\/blog\/ski-alpinisme-shahdag-la-vertical-race-pour-axelle-gachet-mollaret-emily-harrop-encore-sur-le-podium\/\"},\"wordCount\":506,\"commentCount\":0,\"publisher\":{\"@id\":\"https:\/\/dicodusport.fr\/blog\/#organization\"},\"image\":{\"@id\":\"https:\/\/dicodusport.fr\/blog\/ski-alpinisme-shahdag-la-vertical-race-pour-axelle-gachet-mollaret-emily-harrop-encore-sur-le-podium\/#primaryimage\"},\"thumbnailUrl\":\"https:\/\/dicodusport.fr\/blog\/wp-content\/uploads\/2025\/01\/ski-1.png\",\"keywords\":[\"Axelle Gachet-Mollaret\",\"br\u00e8ve\",\"Coupe du monde ski alpinisme\",\"Courchevel\",\"Emily Harrop\",\"Ski alpinisme\",\"Thibault Anselmet\"],\"articleSection\":[\"Ski alpinisme\"],\"inLanguage\":\"fr-FR\",\"potentialAction\":[{\"@type\":\"CommentAction\",\"name\":\"Comment\",\"target\":[\"https:\/\/dicodusport.fr\/blog\/ski-alpinisme-shahdag-la-vertical-race-pour-axelle-gachet-mollaret-emily-harrop-encore-sur-le-podium\/#respond\"]}],\"copyrightYear\":\"2025\",\"copyrightHolder\":{\"@id\":\"https:\/\/dicodusport.fr\/blog\/#organization\"}},{\"@type\":\"WebPage\",\"@id\":\"https:\/\/dicodusport.fr\/blog\/ski-alpinisme-shahdag-la-vertical-race-pour-axelle-gachet-mollaret-emily-harrop-encore-sur-le-podium\/\",\"url\":\"https:\/\/dicodusport.fr\/blog\/ski-alpinisme-shahdag-la-vertical-race-pour-axelle-gachet-mollaret-emily-harrop-encore-sur-le-podium\/\",\"name\":\"Ski Alpinisme Shahdag : La vertical race pour Axelle Gachet-Mollaret, Emily Harrop encore sur le podium\",\"isPartOf\":{\"@id\":\"https:\/\/dicodusport.fr\/blog\/#website\"},\"primaryImageOfPage\":{\"@id\":\"https:\/\/dicodusport.fr\/blog\/ski-alpinisme-shahdag-la-vertical-race-pour-axelle-gachet-mollaret-emily-harrop-encore-sur-le-podium\/#primaryimage\"},\"image\":{\"@id\":\"https:\/\/dicodusport.fr\/blog\/ski-alpinisme-shahdag-la-vertical-race-pour-axelle-gachet-mollaret-emily-harrop-encore-sur-le-podium\/#primaryimage\"},\"thumbnailUrl\":\"https:\/\/dicodusport.fr\/blog\/wp-content\/uploads\/2025\/01\/ski-1.png\",\"datePublished\":\"2025-01-11T09:12:32+00:00\",\"dateModified\":\"2025-04-03T12:25:18+00:00\",\"description\":\"COUPE DU MONDE SKI ALPINISME -SKI ALPINISME - Deuxi\u00e8me vertical race de l'ann\u00e9e, et deuxi\u00e8me victoire pour Axelle Gachet-Mollaret, \u00e0 Shahdag.\",\"breadcrumb\":{\"@id\":\"https:\/\/dicodusport.fr\/blog\/ski-alpinisme-shahdag-la-vertical-race-pour-axelle-gachet-mollaret-emily-harrop-encore-sur-le-podium\/#breadcrumb\"},\"inLanguage\":\"fr-FR\",\"potentialAction\":[{\"@type\":\"ReadAction\",\"target\":[\"https:\/\/dicodusport.fr\/blog\/ski-alpinisme-shahdag-la-vertical-race-pour-axelle-gachet-mollaret-emily-harrop-encore-sur-le-podium\/\"]}]},{\"@type\":\"ImageObject\",\"inLanguage\":\"fr-FR\",\"@id\":\"https:\/\/dicodusport.fr\/blog\/ski-alpinisme-shahdag-la-vertical-race-pour-axelle-gachet-mollaret-emily-harrop-encore-sur-le-podium\/#primaryimage\",\"url\":\"https:\/\/dicodusport.fr\/blog\/wp-content\/uploads\/2025\/01\/ski-1.png\",\"contentUrl\":\"https:\/\/dicodusport.fr\/blog\/wp-content\/uploads\/2025\/01\/ski-1.png\",\"width\":1200,\"height\":674,\"caption\":\"Ski Alpinisme Shahdag : La vertical race pour Axelle Gachet-Mollaret, Emily Harrop encore sur le podium\"},{\"@type\":\"BreadcrumbList\",\"@id\":\"https:\/\/dicodusport.fr\/blog\/ski-alpinisme-shahdag-la-vertical-race-pour-axelle-gachet-mollaret-emily-harrop-encore-sur-le-podium\/#breadcrumb\",\"itemListElement\":[{\"@type\":\"ListItem\",\"position\":1,\"name\":\"Accueil\",\"item\":\"https:\/\/dicodusport.fr\/blog\/\"},{\"@type\":\"ListItem\",\"position\":2,\"name\":\"Ski Alpinisme Shahdag : La vertical race pour Axelle Gachet-Mollaret, Emily Harrop encore sur le podium\"}]},{\"@type\":\"WebSite\",\"@id\":\"https:\/\/dicodusport.fr\/blog\/#website\",\"url\":\"https:\/\/dicodusport.fr\/blog\/\",\"name\":\"Dicodusport\",\"description\":\"L&#039;encyclop\u00e9die de l&#039;actualit\u00e9 sportive\",\"publisher\":{\"@id\":\"https:\/\/dicodusport.fr\/blog\/#organization\"},\"potentialAction\":[{\"@type\":\"SearchAction\",\"target\":{\"@type\":\"EntryPoint\",\"urlTemplate\":\"https:\/\/dicodusport.fr\/blog\/?s={search_term_string}\"},\"query-input\":{\"@type\":\"PropertyValueSpecification\",\"valueRequired\":true,\"valueName\":\"search_term_string\"}}],\"inLanguage\":\"fr-FR\"},{\"@type\":\"NewsMediaOrganization\",\"@id\":\"https:\/\/dicodusport.fr\/blog\/#organization\",\"name\":\"Dicodusport\",\"url\":\"https:\/\/dicodusport.fr\/blog\/\",\"logo\":{\"@type\":\"ImageObject\",\"inLanguage\":\"fr-FR\",\"@id\":\"https:\/\/dicodusport.fr\/blog\/#\/schema\/logo\/image\/\",\"url\":\"https:\/\/dicodusport.fr\/blog\/wp-content\/uploads\/2020\/06\/cropped-LOGO-DICODUSPORT-2020-SANS-FOND-SANS-TEXTE.png\",\"contentUrl\":\"https:\/\/dicodusport.fr\/blog\/wp-content\/uploads\/2020\/06\/cropped-LOGO-DICODUSPORT-2020-SANS-FOND-SANS-TEXTE.png\",\"width\":512,\"height\":512,\"caption\":\"Dicodusport\"},\"image\":{\"@id\":\"https:\/\/dicodusport.fr\/blog\/#\/schema\/logo\/image\/\"},\"sameAs\":[\"https:\/\/www.facebook.com\/dicodusport\",\"https:\/\/x.com\/dicodusport\",\"https:\/\/www.instagram.com\/dicodusport\/\",\"https:\/\/www.youtube.com\/channel\/UC7V2KZ5sd3htJivAbA4ZG3w\"],\"description\":\"Dicodusport est l'encyclop\u00e9die de l'actualit\u00e9 sportive.\",\"email\":\"bonjour@dicodusport.fr\",\"legalName\":\"DICODUSPORT\",\"foundingDate\":\"2018-01-14\",\"vatID\":\"FR71834470973\",\"taxID\":\"83447097300043\",\"numberOfEmployees\":{\"@type\":\"QuantitativeValue\",\"minValue\":\"1\",\"maxValue\":\"10\"}},{\"@type\":\"Person\",\"@id\":\"https:\/\/dicodusport.fr\/blog\/#\/schema\/person\/37def232098a7a5cbab3974a3690abb0\",\"name\":\"Maxime Cazenave\",\"image\":{\"@type\":\"ImageObject\",\"inLanguage\":\"fr-FR\",\"@id\":\"https:\/\/dicodusport.fr\/blog\/#\/schema\/person\/image\/\",\"url\":\"https:\/\/dicodusport.fr\/blog\/wp-content\/uploads\/2021\/05\/Maxime-Cazenave-150x150.jpg\",\"contentUrl\":\"https:\/\/dicodusport.fr\/blog\/wp-content\/uploads\/2021\/05\/Maxime-Cazenave-150x150.jpg\",\"caption\":\"Maxime Cazenave\"},\"description\":\"Journaliste\/R\u00e9dacteur depuis 2012 - Berc\u00e9 par l\u2019amour des Girondins de Bordeaux, les \u00e9checs de Christophe Moreau sur le Tour de France sous l'\u00e8re Lance Armstrong et le fade-away l\u00e9tal de Dirk Nowitzki, ma passion d\u00e9vorante pour le sport a toujours \u00e9t\u00e9 un pan incontournable de ma vie. Transmettre ma passion \u00e0 l\u2019\u00e9crit a \u00e9t\u00e9 une transition naturelle. Suiveur assidu de basket et de hockey sur glace, je garde toujours un peu de place pour suivre le cyclisme, le football et le maximum de performances fran\u00e7aises.\",\"sameAs\":[\"https:\/\/x.com\/https:\/\/twitter.com\/Maxime_Caze\"],\"url\":\"https:\/\/dicodusport.fr\/blog\/author\/maximec\/\"}]}<\/script>\n<!-- \/ Yoast SEO Premium plugin. -->","yoast_head_json":{"title":"Ski Alpinisme Shahdag : La vertical race pour Axelle Gachet-Mollaret, Emily Harrop encore sur le podium","description":"COUPE DU MONDE SKI ALPINISME -SKI ALPINISME - Deuxi\u00e8me vertical race de l'ann\u00e9e, et deuxi\u00e8me victoire pour Axelle Gachet-Mollaret, \u00e0 Shahdag.","robots":{"index":"index","follow":"follow","max-snippet":"max-snippet:-1","max-image-preview":"max-image-preview:large","max-video-preview":"max-video-preview:-1"},"canonical":"https:\/\/dicodusport.fr\/blog\/ski-alpinisme-shahdag-la-vertical-race-pour-axelle-gachet-mollaret-emily-harrop-encore-sur-le-podium\/","og_locale":"fr_FR","og_type":"article","og_title":"Ski Alpinisme Shahdag : La vertical race pour Axelle Gachet-Mollaret, Emily Harrop encore sur le podium","og_description":"COUPE DU MONDE SKI ALPINISME -SKI ALPINISME - Deuxi\u00e8me vertical race de l'ann\u00e9e, et deuxi\u00e8me victoire pour Axelle Gachet-Mollaret, \u00e0 Shahdag.","og_url":"https:\/\/dicodusport.fr\/blog\/ski-alpinisme-shahdag-la-vertical-race-pour-axelle-gachet-mollaret-emily-harrop-encore-sur-le-podium\/","og_site_name":"Dicodusport","article_publisher":"https:\/\/www.facebook.com\/dicodusport","article_published_time":"2025-01-11T09:12:32+00:00","article_modified_time":"2025-04-03T12:25:18+00:00","og_image":[{"width":1200,"height":674,"url":"https:\/\/dicodusport.fr\/blog\/wp-content\/uploads\/2025\/01\/ski-1.png","type":"image\/png"}],"author":"Maxime Cazenave","twitter_card":"summary_large_image","twitter_title":"Ski Alpinisme Shahdag : La vertical race pour Axelle Gachet-Mollaret, Emily Harrop encore sur le podium","twitter_creator":"@https:\/\/twitter.com\/Maxime_Caze","twitter_site":"@dicodusport","schema":{"@context":"https:\/\/schema.org","@graph":[{"@type":"NewsArticle","@id":"https:\/\/dicodusport.fr\/blog\/ski-alpinisme-shahdag-la-vertical-race-pour-axelle-gachet-mollaret-emily-harrop-encore-sur-le-podium\/#article","isPartOf":{"@id":"https:\/\/dicodusport.fr\/blog\/ski-alpinisme-shahdag-la-vertical-race-pour-axelle-gachet-mollaret-emily-harrop-encore-sur-le-podium\/"},"author":{"name":"Maxime Cazenave","@id":"https:\/\/dicodusport.fr\/blog\/#\/schema\/person\/37def232098a7a5cbab3974a3690abb0"},"headline":"Ski Alpinisme Shahdag : La vertical race pour Axelle Gachet-Mollaret, Emily Harrop encore sur le podium","datePublished":"2025-01-11T09:12:32+00:00","dateModified":"2025-04-03T12:25:18+00:00","mainEntityOfPage":{"@id":"https:\/\/dicodusport.fr\/blog\/ski-alpinisme-shahdag-la-vertical-race-pour-axelle-gachet-mollaret-emily-harrop-encore-sur-le-podium\/"},"wordCount":506,"commentCount":0,"publisher":{"@id":"https:\/\/dicodusport.fr\/blog\/#organization"},"image":{"@id":"https:\/\/dicodusport.fr\/blog\/ski-alpinisme-shahdag-la-vertical-race-pour-axelle-gachet-mollaret-emily-harrop-encore-sur-le-podium\/#primaryimage"},"thumbnailUrl":"https:\/\/dicodusport.fr\/blog\/wp-content\/uploads\/2025\/01\/ski-1.png","keywords":["Axelle Gachet-Mollaret","br\u00e8ve","Coupe du monde ski alpinisme","Courchevel","Emily Harrop","Ski alpinisme","Thibault Anselmet"],"articleSection":["Ski alpinisme"],"inLanguage":"fr-FR","potentialAction":[{"@type":"CommentAction","name":"Comment","target":["https:\/\/dicodusport.fr\/blog\/ski-alpinisme-shahdag-la-vertical-race-pour-axelle-gachet-mollaret-emily-harrop-encore-sur-le-podium\/#respond"]}],"copyrightYear":"2025","copyrightHolder":{"@id":"https:\/\/dicodusport.fr\/blog\/#organization"}},{"@type":"WebPage","@id":"https:\/\/dicodusport.fr\/blog\/ski-alpinisme-shahdag-la-vertical-race-pour-axelle-gachet-mollaret-emily-harrop-encore-sur-le-podium\/","url":"https:\/\/dicodusport.fr\/blog\/ski-alpinisme-shahdag-la-vertical-race-pour-axelle-gachet-mollaret-emily-harrop-encore-sur-le-podium\/","name":"Ski Alpinisme Shahdag : La vertical race pour Axelle Gachet-Mollaret, Emily Harrop encore sur le podium","isPartOf":{"@id":"https:\/\/dicodusport.fr\/blog\/#website"},"primaryImageOfPage":{"@id":"https:\/\/dicodusport.fr\/blog\/ski-alpinisme-shahdag-la-vertical-race-pour-axelle-gachet-mollaret-emily-harrop-encore-sur-le-podium\/#primaryimage"},"image":{"@id":"https:\/\/dicodusport.fr\/blog\/ski-alpinisme-shahdag-la-vertical-race-pour-axelle-gachet-mollaret-emily-harrop-encore-sur-le-podium\/#primaryimage"},"thumbnailUrl":"https:\/\/dicodusport.fr\/blog\/wp-content\/uploads\/2025\/01\/ski-1.png","datePublished":"2025-01-11T09:12:32+00:00","dateModified":"2025-04-03T12:25:18+00:00","description":"COUPE DU MONDE SKI ALPINISME -SKI ALPINISME - Deuxi\u00e8me vertical race de l'ann\u00e9e, et deuxi\u00e8me victoire pour Axelle Gachet-Mollaret, \u00e0 Shahdag.","breadcrumb":{"@id":"https:\/\/dicodusport.fr\/blog\/ski-alpinisme-shahdag-la-vertical-race-pour-axelle-gachet-mollaret-emily-harrop-encore-sur-le-podium\/#breadcrumb"},"inLanguage":"fr-FR","potentialAction":[{"@type":"ReadAction","target":["https:\/\/dicodusport.fr\/blog\/ski-alpinisme-shahdag-la-vertical-race-pour-axelle-gachet-mollaret-emily-harrop-encore-sur-le-podium\/"]}]},{"@type":"ImageObject","inLanguage":"fr-FR","@id":"https:\/\/dicodusport.fr\/blog\/ski-alpinisme-shahdag-la-vertical-race-pour-axelle-gachet-mollaret-emily-harrop-encore-sur-le-podium\/#primaryimage","url":"https:\/\/dicodusport.fr\/blog\/wp-content\/uploads\/2025\/01\/ski-1.png","contentUrl":"https:\/\/dicodusport.fr\/blog\/wp-content\/uploads\/2025\/01\/ski-1.png","width":1200,"height":674,"caption":"Ski Alpinisme Shahdag : La vertical race pour Axelle Gachet-Mollaret, Emily Harrop encore sur le podium"},{"@type":"BreadcrumbList","@id":"https:\/\/dicodusport.fr\/blog\/ski-alpinisme-shahdag-la-vertical-race-pour-axelle-gachet-mollaret-emily-harrop-encore-sur-le-podium\/#breadcrumb","itemListElement":[{"@type":"ListItem","position":1,"name":"Accueil","item":"https:\/\/dicodusport.fr\/blog\/"},{"@type":"ListItem","position":2,"name":"Ski Alpinisme Shahdag : La vertical race pour Axelle Gachet-Mollaret, Emily Harrop encore sur le podium"}]},{"@type":"WebSite","@id":"https:\/\/dicodusport.fr\/blog\/#website","url":"https:\/\/dicodusport.fr\/blog\/","name":"Dicodusport","description":"L&#039;encyclop\u00e9die de l&#039;actualit\u00e9 sportive","publisher":{"@id":"https:\/\/dicodusport.fr\/blog\/#organization"},"potentialAction":[{"@type":"SearchAction","target":{"@type":"EntryPoint","urlTemplate":"https:\/\/dicodusport.fr\/blog\/?s={search_term_string}"},"query-input":{"@type":"PropertyValueSpecification","valueRequired":true,"valueName":"search_term_string"}}],"inLanguage":"fr-FR"},{"@type":"NewsMediaOrganization","@id":"https:\/\/dicodusport.fr\/blog\/#organization","name":"Dicodusport","url":"https:\/\/dicodusport.fr\/blog\/","logo":{"@type":"ImageObject","inLanguage":"fr-FR","@id":"https:\/\/dicodusport.fr\/blog\/#\/schema\/logo\/image\/","url":"https:\/\/dicodusport.fr\/blog\/wp-content\/uploads\/2020\/06\/cropped-LOGO-DICODUSPORT-2020-SANS-FOND-SANS-TEXTE.png","contentUrl":"https:\/\/dicodusport.fr\/blog\/wp-content\/uploads\/2020\/06\/cropped-LOGO-DICODUSPORT-2020-SANS-FOND-SANS-TEXTE.png","width":512,"height":512,"caption":"Dicodusport"},"image":{"@id":"https:\/\/dicodusport.fr\/blog\/#\/schema\/logo\/image\/"},"sameAs":["https:\/\/www.facebook.com\/dicodusport","https:\/\/x.com\/dicodusport","https:\/\/www.instagram.com\/dicodusport\/","https:\/\/www.youtube.com\/channel\/UC7V2KZ5sd3htJivAbA4ZG3w"],"description":"Dicodusport est l'encyclop\u00e9die de l'actualit\u00e9 sportive.","email":"bonjour@dicodusport.fr","legalName":"DICODUSPORT","foundingDate":"2018-01-14","vatID":"FR71834470973","taxID":"83447097300043","numberOfEmployees":{"@type":"QuantitativeValue","minValue":"1","maxValue":"10"}},{"@type":"Person","@id":"https:\/\/dicodusport.fr\/blog\/#\/schema\/person\/37def232098a7a5cbab3974a3690abb0","name":"Maxime Cazenave","image":{"@type":"ImageObject","inLanguage":"fr-FR","@id":"https:\/\/dicodusport.fr\/blog\/#\/schema\/person\/image\/","url":"https:\/\/dicodusport.fr\/blog\/wp-content\/uploads\/2021\/05\/Maxime-Cazenave-150x150.jpg","contentUrl":"https:\/\/dicodusport.fr\/blog\/wp-content\/uploads\/2021\/05\/Maxime-Cazenave-150x150.jpg","caption":"Maxime Cazenave"},"description":"Journaliste\/R\u00e9dacteur depuis 2012 - Berc\u00e9 par l\u2019amour des Girondins de Bordeaux, les \u00e9checs de Christophe Moreau sur le Tour de France sous l'\u00e8re Lance Armstrong et le fade-away l\u00e9tal de Dirk Nowitzki, ma passion d\u00e9vorante pour le sport a toujours \u00e9t\u00e9 un pan incontournable de ma vie. Transmettre ma passion \u00e0 l\u2019\u00e9crit a \u00e9t\u00e9 une transition naturelle. Suiveur assidu de basket et de hockey sur glace, je garde toujours un peu de place pour suivre le cyclisme, le football et le maximum de performances fran\u00e7aises.","sameAs":["https:\/\/x.com\/https:\/\/twitter.com\/Maxime_Caze"],"url":"https:\/\/dicodusport.fr\/blog\/author\/maximec\/"}]}},"_links":{"self":[{"href":"https:\/\/dicodusport.fr\/blog\/wp-json\/wp\/v2\/posts\/545394","targetHints":{"allow":["GET"]}}],"collection":[{"href":"https:\/\/dicodusport.fr\/blog\/wp-json\/wp\/v2\/posts"}],"about":[{"href":"https:\/\/dicodusport.fr\/blog\/wp-json\/wp\/v2\/types\/post"}],"author":[{"embeddable":true,"href":"https:\/\/dicodusport.fr\/blog\/wp-json\/wp\/v2\/users\/55"}],"replies":[{"embeddable":true,"href":"https:\/\/dicodusport.fr\/blog\/wp-json\/wp\/v2\/comments?post=545394"}],"version-history":[{"count":5,"href":"https:\/\/dicodusport.fr\/blog\/wp-json\/wp\/v2\/posts\/545394\/revisions"}],"predecessor-version":[{"id":546285,"href":"https:\/\/dicodusport.fr\/blog\/wp-json\/wp\/v2\/posts\/545394\/revisions\/546285"}],"wp:featuredmedia":[{"embeddable":true,"href":"https:\/\/dicodusport.fr\/blog\/wp-json\/wp\/v2\/media\/545398"}],"wp:attachment":[{"href":"https:\/\/dicodusport.fr\/blog\/wp-json\/wp\/v2\/media?parent=545394"}],"wp:term":[{"taxonomy":"category","embeddable":true,"href":"https:\/\/dicodusport.fr\/blog\/wp-json\/wp\/v2\/categories?post=545394"},{"taxonomy":"post_tag","embeddable":true,"href":"https:\/\/dicodusport.fr\/blog\/wp-json\/wp\/v2\/tags?post=545394"}],"curies":[{"name":"wp","href":"https:\/\/api.w.org\/{rel}","templated":true}]}}