{"id":545419,"date":"2025-01-11T14:12:51","date_gmt":"2025-01-11T13:12:51","guid":{"rendered":"https:\/\/dicodusport.fr\/blog\/?p=545419&#038;preview=true&#038;preview_id=545419"},"modified":"2025-01-11T18:44:51","modified_gmt":"2025-01-11T17:44:51","slug":"para-ski-alpin-saint-moritz-aurelie-richard-et-arthur-bauchet-soffrent-le-premier-geant-suisse","status":"publish","type":"post","link":"https:\/\/dicodusport.fr\/blog\/para-ski-alpin-saint-moritz-aurelie-richard-et-arthur-bauchet-soffrent-le-premier-geant-suisse\/","title":{"rendered":"Para ski alpin Saint-Moritz : Aur\u00e9lie Richard et Arthur Bauchet s&rsquo;offrent le premier G\u00e9ant suisse"},"content":{"rendered":"<h4 style=\"text-align: justify;\"><em>COUPE DU MONDE DE PARA SKI ALPIN 2024\/2025 &#8211; Journ\u00e9e en or pour le para ski alpin tricolore ! Sur le premier G\u00e9ant de Saint-Moritz, Arthur Bauchet et Aur\u00e9lie Richard ont tous deux d\u00e9croch\u00e9 la victoire. En bonus, Meije Bidault a \u00e9galement accroch\u00e9 un troisi\u00e8me podium pour le clan tricolore.<\/em><\/h4>\n<p style=\"text-align: justify;\">Pas le temps de souffler en ce d\u00e9but d&rsquo;ann\u00e9e pour les athl\u00e8tes engag\u00e9s en <strong>para ski alpin<\/strong>. Seulement trois jours apr\u00e8s avoir encha\u00een\u00e9 <a href=\"https:\/\/dicodusport.fr\/blog\/para-ski-alpin-santa-caterina-arthur-bauchet-soffre-son-premier-podium-de-lannee\/\">deux descentes sur la m\u00eame journ\u00e9e \u00e0 Santa Caterina<\/a>, place aux G\u00e9ants de <strong>Saint-Moritz<\/strong> ! Le premier se d\u00e9roulait ce samedi matin en terres suisses, avec les regards tourn\u00e9s vers <strong>Arthur Bauchet<\/strong>.<\/p>\n<h2>Arthur Bauchet et Aur\u00e9lie Richard triomphent<\/h2>\n<p style=\"text-align: justify;\">Auteur d&rsquo;une journ\u00e9e mi-figue mi-raisin en milieu de semaine (2e puis 5e), le Tricolore souhaitait naturellement reprendre sa razzia de victoires entam\u00e9es en d\u00e9cembre. Ce qu&rsquo;il est parvenu \u00e0 faire, tout en ma\u00eetrise. D\u00e8s le premier run, le Fran\u00e7ais a pris le commandement des op\u00e9rations en rel\u00e9guant le Canadien <strong>Alexis Guimond<\/strong> \u00e0 six dixi\u00e8mes. Avant d&rsquo;encha\u00eener sur une deuxi\u00e8me descente de folie pour assurer la victoire haut la main puisqu&rsquo;il va mettre plus de deux secondes \u00e0 tous ses rivaux ! En patron, il s&rsquo;adjuge donc une nouvelle victoire. et contrairement aux pr\u00e9c\u00e9dentes, il n&rsquo;est cette fois pas l&rsquo;unique tricolore \u00e0 d\u00e9crocher l&rsquo;or.<\/p>\n<p style=\"text-align: justify;\">Un mois apr\u00e8s son <a href=\"https:\/\/dicodusport.fr\/blog\/para-ski-alpin-tignes-arthur-bauchet-fait-coup-double-sur-le-slalom\/\">premier podium de l&rsquo;hiver \u00e0 Courchevel<\/a>, <strong>Aur\u00e9lie Richard<\/strong> a r\u00e9cidiv\u00e9 dans la cat\u00e9gorie debout f\u00e9minine. La Tricolore a profit\u00e9 de la d\u00e9faillance inhabituelle de l&rsquo;ogre de la cat\u00e9gorie, <strong>Ebba Aarsjoe<\/strong>. Cette derni\u00e8re, qui poss\u00e9dait plus de quatre secondes d&rsquo;avance au bout de la premi\u00e8re manche, est partie \u00e0 la faute dans la seconde. Une fen\u00eatre de tir sur laquelle a imm\u00e9diatement capitalis\u00e9 la Fran\u00e7aise en raflant la timbale. De quoi booster sa confiance en ce d\u00e9but d&rsquo;hiver, tout en effa\u00e7ant progressivement les mauvais souvenirs d&rsquo;une ann\u00e9e 2024 hach\u00e9e par une grave blessure.<\/p>\n<p style=\"text-align: justify;\">Par ailleurs, une troisi\u00e8me m\u00e9daille est \u00e0 signaler dans cette belle journ\u00e9e \u00e0 Saint-Moritz. En cat\u00e9gorie assis, <strong>Meije Bidault<\/strong> a aussi profit\u00e9 des fautes de ses adversaires, et d\u00e9croche une belle 3e place. Une belle r\u00e9compense pour le r\u00e9cent <a href=\"https:\/\/dicodusport.fr\/blog\/ski-nautique-la-france-triomphe-a-domicile-lors-des-mondiaux-de-wakeboard\/\">champion du monde de para wakeboard<\/a>. En revanche, sc\u00e9nario cruel pour <strong>Oscar Burnham<\/strong> (debout), qui a vu le podium lui \u00e9chapper pour seulement huit centi\u00e8mes. Ce dimanche, le deuxi\u00e8me G\u00e9ant se d\u00e9roulera aux m\u00eames horaires (premi\u00e8re manche \u00e0 10h, deuxi\u00e8me manche \u00e0 13h).<\/p>\n<blockquote class=\"twitter-tweet\">\n<p dir=\"ltr\" lang=\"fr\">Le para ski alpin tricolore a brill\u00e9 sur le 1er G\u00e9ant de Saint Moritz. Arthur Bauchet et Aur\u00e9lie Richard se parent d&rsquo;or, Meije Bidault de bronze.<br \/>\nIl s&rsquo;agit tout simplement de la journ\u00e9e la plus prolifique en coupe du monde depuis le d\u00e9but de l&rsquo;hiver pour les Bleus ! <a href=\"https:\/\/twitter.com\/hashtag\/FIS?src=hash&amp;ref_src=twsrc%5Etfw\">#FIS<\/a><\/p>\n<p>\u2014 Maxime Cazenave (@Maxime_Caze) <a href=\"https:\/\/twitter.com\/Maxime_Caze\/status\/1878067153200435452?ref_src=twsrc%5Etfw\">January 11, 2025<\/a><\/p><\/blockquote>\n<p><script async src=\"https:\/\/platform.twitter.com\/widgets.js\" charset=\"utf-8\"><\/script><\/p>\n<p>&nbsp;<\/p>\n","protected":false},"excerpt":{"rendered":"<p>COUPE DU MONDE DE PARA SKI ALPIN 2024\/2025 &#8211; Journ\u00e9e en or pour le para ski alpin tricolore ! Sur le premier G\u00e9ant de Saint-Moritz, Arthur Bauchet et Aur\u00e9lie Richard ont tous deux d\u00e9croch\u00e9 la victoire. En bonus, Meije Bidault a \u00e9galement accroch\u00e9 un podium pour couronner le tout.<\/p>\n","protected":false},"author":55,"featured_media":545497,"comment_status":"open","ping_status":"closed","sticky":false,"template":"","format":"standard","meta":{"_acf_changed":false,"_daextam_enable_autolinks":"1","footnotes":""},"categories":[5753,9217],"tags":[4004,29139,16878,22149],"class_list":["post-545419","post","type-post","status-publish","format-standard","has-post-thumbnail","hentry","category-handisport","category-ski","tag-arthur-bauchet","tag-aurelie-richard","tag-breve","tag-para-ski-alpin"],"acf":[],"yoast_head":"<!-- This site is optimized with the Yoast SEO Premium plugin v26.7 (Yoast SEO v26.7) - https:\/\/yoast.com\/wordpress\/plugins\/seo\/ -->\n<title>Para ski alpin Saint-Moritz : Aur\u00e9lie Richard et Arthur Bauchet s&#039;offrent le premier G\u00e9ant suisse<\/title>\n<meta name=\"description\" content=\"COUPE DU MONDE DE PARA SKI ALPIN 2024\/2025 - Aur\u00e9lie Richard et Arthur Bauchet se sont impos\u00e9s sur le 1er G\u00e9ant de Saint-Moritz.\" \/>\n<meta name=\"robots\" content=\"index, follow, max-snippet:-1, max-image-preview:large, max-video-preview:-1\" \/>\n<link rel=\"canonical\" href=\"https:\/\/dicodusport.fr\/blog\/para-ski-alpin-saint-moritz-aurelie-richard-et-arthur-bauchet-soffrent-le-premier-geant-suisse\/\" \/>\n<meta property=\"og:locale\" content=\"fr_FR\" \/>\n<meta property=\"og:type\" content=\"article\" \/>\n<meta property=\"og:title\" content=\"Para ski alpin Saint-Moritz : Aur\u00e9lie Richard et Arthur Bauchet s&#039;offrent le premier G\u00e9ant suisse\" \/>\n<meta property=\"og:description\" content=\"COUPE DU MONDE DE PARA SKI ALPIN 2024\/2025 - Aur\u00e9lie Richard et Arthur Bauchet se sont impos\u00e9s sur le 1er G\u00e9ant de Saint-Moritz.\" \/>\n<meta property=\"og:url\" content=\"https:\/\/dicodusport.fr\/blog\/para-ski-alpin-saint-moritz-aurelie-richard-et-arthur-bauchet-soffrent-le-premier-geant-suisse\/\" \/>\n<meta property=\"og:site_name\" content=\"Dicodusport\" \/>\n<meta property=\"article:publisher\" content=\"https:\/\/www.facebook.com\/dicodusport\" \/>\n<meta property=\"article:published_time\" content=\"2025-01-11T13:12:51+00:00\" \/>\n<meta property=\"article:modified_time\" content=\"2025-01-11T17:44:51+00:00\" \/>\n<meta property=\"og:image\" content=\"https:\/\/dicodusport.fr\/blog\/wp-content\/uploads\/2025\/01\/Para-ski-alpin-Saint-Moritz-Aurelie-Richard-et-Arthur-Bauchet-soffrent-le-premier-Geant-suisse.png\" \/>\n\t<meta property=\"og:image:width\" content=\"1200\" \/>\n\t<meta property=\"og:image:height\" content=\"674\" \/>\n\t<meta property=\"og:image:type\" content=\"image\/png\" \/>\n<meta name=\"author\" content=\"Maxime Cazenave\" \/>\n<meta name=\"twitter:card\" content=\"summary_large_image\" \/>\n<meta name=\"twitter:title\" content=\"Para ski alpin Saint-Moritz : Aur\u00e9lie Richard et Arthur Bauchet s&#039;offrent le premier G\u00e9ant suisse\" \/>\n<meta name=\"twitter:creator\" content=\"@https:\/\/twitter.com\/Maxime_Caze\" \/>\n<meta name=\"twitter:site\" content=\"@dicodusport\" \/>\n<script type=\"application\/ld+json\" class=\"yoast-schema-graph\">{\"@context\":\"https:\/\/schema.org\",\"@graph\":[{\"@type\":\"NewsArticle\",\"@id\":\"https:\/\/dicodusport.fr\/blog\/para-ski-alpin-saint-moritz-aurelie-richard-et-arthur-bauchet-soffrent-le-premier-geant-suisse\/#article\",\"isPartOf\":{\"@id\":\"https:\/\/dicodusport.fr\/blog\/para-ski-alpin-saint-moritz-aurelie-richard-et-arthur-bauchet-soffrent-le-premier-geant-suisse\/\"},\"author\":{\"name\":\"Maxime Cazenave\",\"@id\":\"https:\/\/dicodusport.fr\/blog\/#\/schema\/person\/37def232098a7a5cbab3974a3690abb0\"},\"headline\":\"Para ski alpin Saint-Moritz : Aur\u00e9lie Richard et Arthur Bauchet s&rsquo;offrent le premier G\u00e9ant suisse\",\"datePublished\":\"2025-01-11T13:12:51+00:00\",\"dateModified\":\"2025-01-11T17:44:51+00:00\",\"mainEntityOfPage\":{\"@id\":\"https:\/\/dicodusport.fr\/blog\/para-ski-alpin-saint-moritz-aurelie-richard-et-arthur-bauchet-soffrent-le-premier-geant-suisse\/\"},\"wordCount\":532,\"commentCount\":0,\"publisher\":{\"@id\":\"https:\/\/dicodusport.fr\/blog\/#organization\"},\"image\":{\"@id\":\"https:\/\/dicodusport.fr\/blog\/para-ski-alpin-saint-moritz-aurelie-richard-et-arthur-bauchet-soffrent-le-premier-geant-suisse\/#primaryimage\"},\"thumbnailUrl\":\"https:\/\/dicodusport.fr\/blog\/wp-content\/uploads\/2025\/01\/Para-ski-alpin-Saint-Moritz-Aurelie-Richard-et-Arthur-Bauchet-soffrent-le-premier-Geant-suisse.png\",\"keywords\":[\"Arthur Bauchet\",\"Aur\u00e9lie Richard\",\"br\u00e8ve\",\"Para ski alpin\"],\"articleSection\":[\"Handisport\",\"Ski\"],\"inLanguage\":\"fr-FR\",\"potentialAction\":[{\"@type\":\"CommentAction\",\"name\":\"Comment\",\"target\":[\"https:\/\/dicodusport.fr\/blog\/para-ski-alpin-saint-moritz-aurelie-richard-et-arthur-bauchet-soffrent-le-premier-geant-suisse\/#respond\"]}],\"copyrightYear\":\"2025\",\"copyrightHolder\":{\"@id\":\"https:\/\/dicodusport.fr\/blog\/#organization\"}},{\"@type\":\"WebPage\",\"@id\":\"https:\/\/dicodusport.fr\/blog\/para-ski-alpin-saint-moritz-aurelie-richard-et-arthur-bauchet-soffrent-le-premier-geant-suisse\/\",\"url\":\"https:\/\/dicodusport.fr\/blog\/para-ski-alpin-saint-moritz-aurelie-richard-et-arthur-bauchet-soffrent-le-premier-geant-suisse\/\",\"name\":\"Para ski alpin Saint-Moritz : Aur\u00e9lie Richard et Arthur Bauchet s'offrent le premier G\u00e9ant suisse\",\"isPartOf\":{\"@id\":\"https:\/\/dicodusport.fr\/blog\/#website\"},\"primaryImageOfPage\":{\"@id\":\"https:\/\/dicodusport.fr\/blog\/para-ski-alpin-saint-moritz-aurelie-richard-et-arthur-bauchet-soffrent-le-premier-geant-suisse\/#primaryimage\"},\"image\":{\"@id\":\"https:\/\/dicodusport.fr\/blog\/para-ski-alpin-saint-moritz-aurelie-richard-et-arthur-bauchet-soffrent-le-premier-geant-suisse\/#primaryimage\"},\"thumbnailUrl\":\"https:\/\/dicodusport.fr\/blog\/wp-content\/uploads\/2025\/01\/Para-ski-alpin-Saint-Moritz-Aurelie-Richard-et-Arthur-Bauchet-soffrent-le-premier-Geant-suisse.png\",\"datePublished\":\"2025-01-11T13:12:51+00:00\",\"dateModified\":\"2025-01-11T17:44:51+00:00\",\"description\":\"COUPE DU MONDE DE PARA SKI ALPIN 2024\/2025 - Aur\u00e9lie Richard et Arthur Bauchet se sont impos\u00e9s sur le 1er G\u00e9ant de Saint-Moritz.\",\"breadcrumb\":{\"@id\":\"https:\/\/dicodusport.fr\/blog\/para-ski-alpin-saint-moritz-aurelie-richard-et-arthur-bauchet-soffrent-le-premier-geant-suisse\/#breadcrumb\"},\"inLanguage\":\"fr-FR\",\"potentialAction\":[{\"@type\":\"ReadAction\",\"target\":[\"https:\/\/dicodusport.fr\/blog\/para-ski-alpin-saint-moritz-aurelie-richard-et-arthur-bauchet-soffrent-le-premier-geant-suisse\/\"]}]},{\"@type\":\"ImageObject\",\"inLanguage\":\"fr-FR\",\"@id\":\"https:\/\/dicodusport.fr\/blog\/para-ski-alpin-saint-moritz-aurelie-richard-et-arthur-bauchet-soffrent-le-premier-geant-suisse\/#primaryimage\",\"url\":\"https:\/\/dicodusport.fr\/blog\/wp-content\/uploads\/2025\/01\/Para-ski-alpin-Saint-Moritz-Aurelie-Richard-et-Arthur-Bauchet-soffrent-le-premier-Geant-suisse.png\",\"contentUrl\":\"https:\/\/dicodusport.fr\/blog\/wp-content\/uploads\/2025\/01\/Para-ski-alpin-Saint-Moritz-Aurelie-Richard-et-Arthur-Bauchet-soffrent-le-premier-Geant-suisse.png\",\"width\":1200,\"height\":674,\"caption\":\"Para ski alpin Saint-Moritz : Aur\u00e9lie Richard et Arthur Bauchet s'offrent le premier G\u00e9ant suisse\"},{\"@type\":\"BreadcrumbList\",\"@id\":\"https:\/\/dicodusport.fr\/blog\/para-ski-alpin-saint-moritz-aurelie-richard-et-arthur-bauchet-soffrent-le-premier-geant-suisse\/#breadcrumb\",\"itemListElement\":[{\"@type\":\"ListItem\",\"position\":1,\"name\":\"Accueil\",\"item\":\"https:\/\/dicodusport.fr\/blog\/\"},{\"@type\":\"ListItem\",\"position\":2,\"name\":\"Para ski alpin Saint-Moritz : Aur\u00e9lie Richard et Arthur Bauchet s&#8217;offrent le premier G\u00e9ant suisse\"}]},{\"@type\":\"WebSite\",\"@id\":\"https:\/\/dicodusport.fr\/blog\/#website\",\"url\":\"https:\/\/dicodusport.fr\/blog\/\",\"name\":\"Dicodusport\",\"description\":\"L&#039;encyclop\u00e9die de l&#039;actualit\u00e9 sportive\",\"publisher\":{\"@id\":\"https:\/\/dicodusport.fr\/blog\/#organization\"},\"potentialAction\":[{\"@type\":\"SearchAction\",\"target\":{\"@type\":\"EntryPoint\",\"urlTemplate\":\"https:\/\/dicodusport.fr\/blog\/?s={search_term_string}\"},\"query-input\":{\"@type\":\"PropertyValueSpecification\",\"valueRequired\":true,\"valueName\":\"search_term_string\"}}],\"inLanguage\":\"fr-FR\"},{\"@type\":\"NewsMediaOrganization\",\"@id\":\"https:\/\/dicodusport.fr\/blog\/#organization\",\"name\":\"Dicodusport\",\"url\":\"https:\/\/dicodusport.fr\/blog\/\",\"logo\":{\"@type\":\"ImageObject\",\"inLanguage\":\"fr-FR\",\"@id\":\"https:\/\/dicodusport.fr\/blog\/#\/schema\/logo\/image\/\",\"url\":\"https:\/\/dicodusport.fr\/blog\/wp-content\/uploads\/2020\/06\/cropped-LOGO-DICODUSPORT-2020-SANS-FOND-SANS-TEXTE.png\",\"contentUrl\":\"https:\/\/dicodusport.fr\/blog\/wp-content\/uploads\/2020\/06\/cropped-LOGO-DICODUSPORT-2020-SANS-FOND-SANS-TEXTE.png\",\"width\":512,\"height\":512,\"caption\":\"Dicodusport\"},\"image\":{\"@id\":\"https:\/\/dicodusport.fr\/blog\/#\/schema\/logo\/image\/\"},\"sameAs\":[\"https:\/\/www.facebook.com\/dicodusport\",\"https:\/\/x.com\/dicodusport\",\"https:\/\/www.instagram.com\/dicodusport\/\",\"https:\/\/www.youtube.com\/channel\/UC7V2KZ5sd3htJivAbA4ZG3w\"],\"description\":\"Dicodusport est l'encyclop\u00e9die de l'actualit\u00e9 sportive.\",\"email\":\"bonjour@dicodusport.fr\",\"legalName\":\"DICODUSPORT\",\"foundingDate\":\"2018-01-14\",\"vatID\":\"FR71834470973\",\"taxID\":\"83447097300043\",\"numberOfEmployees\":{\"@type\":\"QuantitativeValue\",\"minValue\":\"1\",\"maxValue\":\"10\"}},{\"@type\":\"Person\",\"@id\":\"https:\/\/dicodusport.fr\/blog\/#\/schema\/person\/37def232098a7a5cbab3974a3690abb0\",\"name\":\"Maxime Cazenave\",\"image\":{\"@type\":\"ImageObject\",\"inLanguage\":\"fr-FR\",\"@id\":\"https:\/\/dicodusport.fr\/blog\/#\/schema\/person\/image\/\",\"url\":\"https:\/\/dicodusport.fr\/blog\/wp-content\/uploads\/2021\/05\/Maxime-Cazenave-150x150.jpg\",\"contentUrl\":\"https:\/\/dicodusport.fr\/blog\/wp-content\/uploads\/2021\/05\/Maxime-Cazenave-150x150.jpg\",\"caption\":\"Maxime Cazenave\"},\"description\":\"Journaliste\/R\u00e9dacteur depuis 2012 - Berc\u00e9 par l\u2019amour des Girondins de Bordeaux, les \u00e9checs de Christophe Moreau sur le Tour de France sous l'\u00e8re Lance Armstrong et le fade-away l\u00e9tal de Dirk Nowitzki, ma passion d\u00e9vorante pour le sport a toujours \u00e9t\u00e9 un pan incontournable de ma vie. Transmettre ma passion \u00e0 l\u2019\u00e9crit a \u00e9t\u00e9 une transition naturelle. Suiveur assidu de basket et de hockey sur glace, je garde toujours un peu de place pour suivre le cyclisme, le football et le maximum de performances fran\u00e7aises.\",\"sameAs\":[\"https:\/\/x.com\/https:\/\/twitter.com\/Maxime_Caze\"],\"url\":\"https:\/\/dicodusport.fr\/blog\/author\/maximec\/\"}]}<\/script>\n<!-- \/ Yoast SEO Premium plugin. -->","yoast_head_json":{"title":"Para ski alpin Saint-Moritz : Aur\u00e9lie Richard et Arthur Bauchet s'offrent le premier G\u00e9ant suisse","description":"COUPE DU MONDE DE PARA SKI ALPIN 2024\/2025 - Aur\u00e9lie Richard et Arthur Bauchet se sont impos\u00e9s sur le 1er G\u00e9ant de Saint-Moritz.","robots":{"index":"index","follow":"follow","max-snippet":"max-snippet:-1","max-image-preview":"max-image-preview:large","max-video-preview":"max-video-preview:-1"},"canonical":"https:\/\/dicodusport.fr\/blog\/para-ski-alpin-saint-moritz-aurelie-richard-et-arthur-bauchet-soffrent-le-premier-geant-suisse\/","og_locale":"fr_FR","og_type":"article","og_title":"Para ski alpin Saint-Moritz : Aur\u00e9lie Richard et Arthur Bauchet s'offrent le premier G\u00e9ant suisse","og_description":"COUPE DU MONDE DE PARA SKI ALPIN 2024\/2025 - Aur\u00e9lie Richard et Arthur Bauchet se sont impos\u00e9s sur le 1er G\u00e9ant de Saint-Moritz.","og_url":"https:\/\/dicodusport.fr\/blog\/para-ski-alpin-saint-moritz-aurelie-richard-et-arthur-bauchet-soffrent-le-premier-geant-suisse\/","og_site_name":"Dicodusport","article_publisher":"https:\/\/www.facebook.com\/dicodusport","article_published_time":"2025-01-11T13:12:51+00:00","article_modified_time":"2025-01-11T17:44:51+00:00","og_image":[{"width":1200,"height":674,"url":"https:\/\/dicodusport.fr\/blog\/wp-content\/uploads\/2025\/01\/Para-ski-alpin-Saint-Moritz-Aurelie-Richard-et-Arthur-Bauchet-soffrent-le-premier-Geant-suisse.png","type":"image\/png"}],"author":"Maxime Cazenave","twitter_card":"summary_large_image","twitter_title":"Para ski alpin Saint-Moritz : Aur\u00e9lie Richard et Arthur Bauchet s'offrent le premier G\u00e9ant suisse","twitter_creator":"@https:\/\/twitter.com\/Maxime_Caze","twitter_site":"@dicodusport","schema":{"@context":"https:\/\/schema.org","@graph":[{"@type":"NewsArticle","@id":"https:\/\/dicodusport.fr\/blog\/para-ski-alpin-saint-moritz-aurelie-richard-et-arthur-bauchet-soffrent-le-premier-geant-suisse\/#article","isPartOf":{"@id":"https:\/\/dicodusport.fr\/blog\/para-ski-alpin-saint-moritz-aurelie-richard-et-arthur-bauchet-soffrent-le-premier-geant-suisse\/"},"author":{"name":"Maxime Cazenave","@id":"https:\/\/dicodusport.fr\/blog\/#\/schema\/person\/37def232098a7a5cbab3974a3690abb0"},"headline":"Para ski alpin Saint-Moritz : Aur\u00e9lie Richard et Arthur Bauchet s&rsquo;offrent le premier G\u00e9ant suisse","datePublished":"2025-01-11T13:12:51+00:00","dateModified":"2025-01-11T17:44:51+00:00","mainEntityOfPage":{"@id":"https:\/\/dicodusport.fr\/blog\/para-ski-alpin-saint-moritz-aurelie-richard-et-arthur-bauchet-soffrent-le-premier-geant-suisse\/"},"wordCount":532,"commentCount":0,"publisher":{"@id":"https:\/\/dicodusport.fr\/blog\/#organization"},"image":{"@id":"https:\/\/dicodusport.fr\/blog\/para-ski-alpin-saint-moritz-aurelie-richard-et-arthur-bauchet-soffrent-le-premier-geant-suisse\/#primaryimage"},"thumbnailUrl":"https:\/\/dicodusport.fr\/blog\/wp-content\/uploads\/2025\/01\/Para-ski-alpin-Saint-Moritz-Aurelie-Richard-et-Arthur-Bauchet-soffrent-le-premier-Geant-suisse.png","keywords":["Arthur Bauchet","Aur\u00e9lie Richard","br\u00e8ve","Para ski alpin"],"articleSection":["Handisport","Ski"],"inLanguage":"fr-FR","potentialAction":[{"@type":"CommentAction","name":"Comment","target":["https:\/\/dicodusport.fr\/blog\/para-ski-alpin-saint-moritz-aurelie-richard-et-arthur-bauchet-soffrent-le-premier-geant-suisse\/#respond"]}],"copyrightYear":"2025","copyrightHolder":{"@id":"https:\/\/dicodusport.fr\/blog\/#organization"}},{"@type":"WebPage","@id":"https:\/\/dicodusport.fr\/blog\/para-ski-alpin-saint-moritz-aurelie-richard-et-arthur-bauchet-soffrent-le-premier-geant-suisse\/","url":"https:\/\/dicodusport.fr\/blog\/para-ski-alpin-saint-moritz-aurelie-richard-et-arthur-bauchet-soffrent-le-premier-geant-suisse\/","name":"Para ski alpin Saint-Moritz : Aur\u00e9lie Richard et Arthur Bauchet s'offrent le premier G\u00e9ant suisse","isPartOf":{"@id":"https:\/\/dicodusport.fr\/blog\/#website"},"primaryImageOfPage":{"@id":"https:\/\/dicodusport.fr\/blog\/para-ski-alpin-saint-moritz-aurelie-richard-et-arthur-bauchet-soffrent-le-premier-geant-suisse\/#primaryimage"},"image":{"@id":"https:\/\/dicodusport.fr\/blog\/para-ski-alpin-saint-moritz-aurelie-richard-et-arthur-bauchet-soffrent-le-premier-geant-suisse\/#primaryimage"},"thumbnailUrl":"https:\/\/dicodusport.fr\/blog\/wp-content\/uploads\/2025\/01\/Para-ski-alpin-Saint-Moritz-Aurelie-Richard-et-Arthur-Bauchet-soffrent-le-premier-Geant-suisse.png","datePublished":"2025-01-11T13:12:51+00:00","dateModified":"2025-01-11T17:44:51+00:00","description":"COUPE DU MONDE DE PARA SKI ALPIN 2024\/2025 - Aur\u00e9lie Richard et Arthur Bauchet se sont impos\u00e9s sur le 1er G\u00e9ant de Saint-Moritz.","breadcrumb":{"@id":"https:\/\/dicodusport.fr\/blog\/para-ski-alpin-saint-moritz-aurelie-richard-et-arthur-bauchet-soffrent-le-premier-geant-suisse\/#breadcrumb"},"inLanguage":"fr-FR","potentialAction":[{"@type":"ReadAction","target":["https:\/\/dicodusport.fr\/blog\/para-ski-alpin-saint-moritz-aurelie-richard-et-arthur-bauchet-soffrent-le-premier-geant-suisse\/"]}]},{"@type":"ImageObject","inLanguage":"fr-FR","@id":"https:\/\/dicodusport.fr\/blog\/para-ski-alpin-saint-moritz-aurelie-richard-et-arthur-bauchet-soffrent-le-premier-geant-suisse\/#primaryimage","url":"https:\/\/dicodusport.fr\/blog\/wp-content\/uploads\/2025\/01\/Para-ski-alpin-Saint-Moritz-Aurelie-Richard-et-Arthur-Bauchet-soffrent-le-premier-Geant-suisse.png","contentUrl":"https:\/\/dicodusport.fr\/blog\/wp-content\/uploads\/2025\/01\/Para-ski-alpin-Saint-Moritz-Aurelie-Richard-et-Arthur-Bauchet-soffrent-le-premier-Geant-suisse.png","width":1200,"height":674,"caption":"Para ski alpin Saint-Moritz : Aur\u00e9lie Richard et Arthur Bauchet s'offrent le premier G\u00e9ant suisse"},{"@type":"BreadcrumbList","@id":"https:\/\/dicodusport.fr\/blog\/para-ski-alpin-saint-moritz-aurelie-richard-et-arthur-bauchet-soffrent-le-premier-geant-suisse\/#breadcrumb","itemListElement":[{"@type":"ListItem","position":1,"name":"Accueil","item":"https:\/\/dicodusport.fr\/blog\/"},{"@type":"ListItem","position":2,"name":"Para ski alpin Saint-Moritz : Aur\u00e9lie Richard et Arthur Bauchet s&#8217;offrent le premier G\u00e9ant suisse"}]},{"@type":"WebSite","@id":"https:\/\/dicodusport.fr\/blog\/#website","url":"https:\/\/dicodusport.fr\/blog\/","name":"Dicodusport","description":"L&#039;encyclop\u00e9die de l&#039;actualit\u00e9 sportive","publisher":{"@id":"https:\/\/dicodusport.fr\/blog\/#organization"},"potentialAction":[{"@type":"SearchAction","target":{"@type":"EntryPoint","urlTemplate":"https:\/\/dicodusport.fr\/blog\/?s={search_term_string}"},"query-input":{"@type":"PropertyValueSpecification","valueRequired":true,"valueName":"search_term_string"}}],"inLanguage":"fr-FR"},{"@type":"NewsMediaOrganization","@id":"https:\/\/dicodusport.fr\/blog\/#organization","name":"Dicodusport","url":"https:\/\/dicodusport.fr\/blog\/","logo":{"@type":"ImageObject","inLanguage":"fr-FR","@id":"https:\/\/dicodusport.fr\/blog\/#\/schema\/logo\/image\/","url":"https:\/\/dicodusport.fr\/blog\/wp-content\/uploads\/2020\/06\/cropped-LOGO-DICODUSPORT-2020-SANS-FOND-SANS-TEXTE.png","contentUrl":"https:\/\/dicodusport.fr\/blog\/wp-content\/uploads\/2020\/06\/cropped-LOGO-DICODUSPORT-2020-SANS-FOND-SANS-TEXTE.png","width":512,"height":512,"caption":"Dicodusport"},"image":{"@id":"https:\/\/dicodusport.fr\/blog\/#\/schema\/logo\/image\/"},"sameAs":["https:\/\/www.facebook.com\/dicodusport","https:\/\/x.com\/dicodusport","https:\/\/www.instagram.com\/dicodusport\/","https:\/\/www.youtube.com\/channel\/UC7V2KZ5sd3htJivAbA4ZG3w"],"description":"Dicodusport est l'encyclop\u00e9die de l'actualit\u00e9 sportive.","email":"bonjour@dicodusport.fr","legalName":"DICODUSPORT","foundingDate":"2018-01-14","vatID":"FR71834470973","taxID":"83447097300043","numberOfEmployees":{"@type":"QuantitativeValue","minValue":"1","maxValue":"10"}},{"@type":"Person","@id":"https:\/\/dicodusport.fr\/blog\/#\/schema\/person\/37def232098a7a5cbab3974a3690abb0","name":"Maxime Cazenave","image":{"@type":"ImageObject","inLanguage":"fr-FR","@id":"https:\/\/dicodusport.fr\/blog\/#\/schema\/person\/image\/","url":"https:\/\/dicodusport.fr\/blog\/wp-content\/uploads\/2021\/05\/Maxime-Cazenave-150x150.jpg","contentUrl":"https:\/\/dicodusport.fr\/blog\/wp-content\/uploads\/2021\/05\/Maxime-Cazenave-150x150.jpg","caption":"Maxime Cazenave"},"description":"Journaliste\/R\u00e9dacteur depuis 2012 - Berc\u00e9 par l\u2019amour des Girondins de Bordeaux, les \u00e9checs de Christophe Moreau sur le Tour de France sous l'\u00e8re Lance Armstrong et le fade-away l\u00e9tal de Dirk Nowitzki, ma passion d\u00e9vorante pour le sport a toujours \u00e9t\u00e9 un pan incontournable de ma vie. Transmettre ma passion \u00e0 l\u2019\u00e9crit a \u00e9t\u00e9 une transition naturelle. Suiveur assidu de basket et de hockey sur glace, je garde toujours un peu de place pour suivre le cyclisme, le football et le maximum de performances fran\u00e7aises.","sameAs":["https:\/\/x.com\/https:\/\/twitter.com\/Maxime_Caze"],"url":"https:\/\/dicodusport.fr\/blog\/author\/maximec\/"}]}},"_links":{"self":[{"href":"https:\/\/dicodusport.fr\/blog\/wp-json\/wp\/v2\/posts\/545419","targetHints":{"allow":["GET"]}}],"collection":[{"href":"https:\/\/dicodusport.fr\/blog\/wp-json\/wp\/v2\/posts"}],"about":[{"href":"https:\/\/dicodusport.fr\/blog\/wp-json\/wp\/v2\/types\/post"}],"author":[{"embeddable":true,"href":"https:\/\/dicodusport.fr\/blog\/wp-json\/wp\/v2\/users\/55"}],"replies":[{"embeddable":true,"href":"https:\/\/dicodusport.fr\/blog\/wp-json\/wp\/v2\/comments?post=545419"}],"version-history":[{"count":5,"href":"https:\/\/dicodusport.fr\/blog\/wp-json\/wp\/v2\/posts\/545419\/revisions"}],"predecessor-version":[{"id":545629,"href":"https:\/\/dicodusport.fr\/blog\/wp-json\/wp\/v2\/posts\/545419\/revisions\/545629"}],"wp:featuredmedia":[{"embeddable":true,"href":"https:\/\/dicodusport.fr\/blog\/wp-json\/wp\/v2\/media\/545497"}],"wp:attachment":[{"href":"https:\/\/dicodusport.fr\/blog\/wp-json\/wp\/v2\/media?parent=545419"}],"wp:term":[{"taxonomy":"category","embeddable":true,"href":"https:\/\/dicodusport.fr\/blog\/wp-json\/wp\/v2\/categories?post=545419"},{"taxonomy":"post_tag","embeddable":true,"href":"https:\/\/dicodusport.fr\/blog\/wp-json\/wp\/v2\/tags?post=545419"}],"curies":[{"name":"wp","href":"https:\/\/api.w.org\/{rel}","templated":true}]}}